{"id":119686,"date":"2019-01-10T13:34:17","date_gmt":"2019-01-10T15:34:17","guid":{"rendered":"https:\/\/gay.blog.br\/?p=119686"},"modified":"2021-04-14T23:25:12","modified_gmt":"2021-04-15T02:25:12","slug":"quien-se-emociona-por-el-carnaval-de-olinda-2019-partiu-liars-sense-scruff","status":"publish","type":"post","link":"https:\/\/gay.blog.br\/es\/recreacion\/noche\/quien-se-emociona-por-el-carnaval-de-olinda-2019-partiu-liars-sense-scruff\/","title":{"rendered":"\u00bfQui\u00e9n se emociona por el Carnaval de Olinda 2019? Partiu, Liars Sense! | SCRUFF"},"content":{"rendered":"<p style=\"text-align: justify;\"><a href=\"https:\/\/scruff.app.link\/Gayblog_br_Press\"><strong>SCRUFF<\/strong><\/a>, una aplicaci\u00f3n de relaciones dirigida al p\u00fablico gay, debutar\u00e1 en el <strong>carnaval de Olinda<\/strong>, uno de los m\u00e1s grandes de Brasil. La empresa firma el domingo 3 de marzo, la fiesta <a href=\"https:\/\/www.eventbrite.com.br\/e\/liars-olinda-2019-sense-tickets-48620723894\"><strong>Liars Sense<\/strong><\/a>, que ocurre en el horario de <strong>Liars Olinda 2019<\/strong>, albergando espacio y <em>uso diurno todo incluido<\/em> que funcionar\u00e1 durante el <strong>Momo Folia.<\/strong><\/p>\n<figure id=\"attachment_20260\" aria-describedby=\"caption-attachment-20260\" style=\"width: 960px\" class=\"wp-caption aligncenter\"><a href=\"https:\/\/www.eventbrite.com.br\/e\/liars-olinda-2019-sense-tickets-48620723894\"><img data-recalc-dims=\"1\" loading=\"lazy\" decoding=\"async\" class=\"size-full wp-image-20260\" src=\"https:\/\/i0.wp.com\/gay.blog.br\/wp-content\/uploads\/2019\/01\/SENSE-1.jpg?resize=696%2C261&#038;ssl=1\" alt=\"carnaval scruff\" width=\"696\" height=\"261\" srcset=\"https:\/\/i0.wp.com\/gay.blog.br\/wp-content\/uploads\/2019\/01\/SENSE-1.jpg?w=960&amp;ssl=1 960w, https:\/\/i0.wp.com\/gay.blog.br\/wp-content\/uploads\/2019\/01\/SENSE-1.jpg?resize=150%2C56&amp;ssl=1 150w, https:\/\/i0.wp.com\/gay.blog.br\/wp-content\/uploads\/2019\/01\/SENSE-1.jpg?resize=300%2C113&amp;ssl=1 300w, https:\/\/i0.wp.com\/gay.blog.br\/wp-content\/uploads\/2019\/01\/SENSE-1.jpg?resize=768%2C288&amp;ssl=1 768w, https:\/\/i0.wp.com\/gay.blog.br\/wp-content\/uploads\/2019\/01\/SENSE-1.jpg?resize=696%2C261&amp;ssl=1 696w\" sizes=\"auto, (max-width: 696px) 100vw, 696px\" \/><\/a><figcaption id=\"caption-attachment-20260\" class=\"wp-caption-text\">\u00a1Solo ven! :)<\/figcaption><\/figure>\n<p style=\"text-align: justify;\">\u201cDecidimos invertir en <a href=\"https:\/\/www.eventbrite.com.br\/e\/liars-olinda-2019-sense-tickets-48620723894\">Liars<\/a> por creer que, como nosotros, rezuma diversidad y representatividad y, por supuesto, no podr\u00eda haber lugar m\u00e1s ideal para dar forma a esta alianza que Olinda, oh Olinda, tan hermosa y llena de identidad y lo mejor, a\u00fan tra\u00eddo a la gente rompiendo puerta de entrada al noreste, algo que hab\u00edamos apuntado durante un tiempo para hacer posible nuestra estrategia de expansi\u00f3n en Brasil, era como <em>crush<\/em>, amor a primera vista \u201d, dice Renan Sant\u2019Ana, director de marketing de <a href=\"https:\/\/scruff.app.link\/Gayblog_br_Press\">SCRUFF<\/a>.<\/p>\n<p style=\"text-align: justify;\">Para la producci\u00f3n de <a href=\"https:\/\/www.eventbrite.com.br\/e\/liars-olinda-2019-sense-tickets-48620723894\"><strong>Liars<\/strong><\/a>, este es el comienzo de un gran proyecto que se est\u00e1 construyendo en el eje Sudeste-Noreste y que a\u00fan traer\u00e1 muchas novedades. \u201cEl inter\u00e9s en el p\u00fablico naci\u00f3 cuando nos dimos cuenta de que en un carnaval tan democr\u00e1tico como el de Olinda nunca hubo una casa con nuestra estructura dirigida al p\u00fablico LGBTQ+. Los <a href=\"https:\/\/www.eventbrite.com.br\/e\/liars-olinda-2019-sense-tickets-48620723894\">Liars<\/a> levantaron la bandera de la diversidad y mejorar\u00e1n a\u00fan m\u00e1s el carnaval en las colinas de Olinda con <a href=\"https:\/\/www.eventbrite.com.br\/e\/liars-olinda-2019-sense-tickets-48620723894\">Sense<\/a> Day \u201d, comenta Cyntia Dias, Socia Ejecutiva de Seu Carioca Produ\u00e7\u00f5es. La fiesta <a href=\"https:\/\/www.eventbrite.com.br\/e\/liars-olinda-2019-sense-tickets-48620723894\">Sense<\/a> tiene lugar de 10 a 20 horas, sin etiquetas y con mucha buena m\u00fasica y animaci\u00f3n.<\/p>\n<p style=\"text-align: justify;\"><strong>ALOJAMIENTO Y ENTRADAS<\/strong><\/p>\n<p style=\"text-align: justify;\">Se ofrecen <strong>dos opciones<\/strong> para uso dom\u00e9stico. El <a href=\"https:\/\/www.eventbrite.com.br\/e\/liars-olinda-2019-sense-tickets-48620723894\">alojamiento de viernes a martes (1 al 6 de marzo) por el valor de R$ 2.200,00<\/a> en habitaciones compartidas y climatizadas, para un total de hasta 80 hu\u00e9spedes. La tarifa de alojamiento <em>all inclusive<\/em> Ya garantiza la participaci\u00f3n en las cinco fiestas que se ofrecer\u00e1n en el espacio, adem\u00e1s de todos los servicios, comida y bebida. <a href=\"https:\/\/www.eventbrite.com.br\/e\/liars-olinda-2019-sense-tickets-48620723894\">Para quienes quieran optar por disfrutar de uno o m\u00e1s d\u00edas sin hospedaje, el pase va desde R$110,00 (viernes) a R$220,00 (s\u00e1bado a martes).<\/a><\/p>\n<p style=\"text-align: justify;\">Para cada d\u00eda los organizadores de la casa planifican una fiesta tem\u00e1tica donde se adaptar\u00e1 el men\u00fa, las bebidas, la m\u00fasica de fondo y la decoraci\u00f3n. contar\u00e1 con habitaciones climatizadas, salones, adem\u00e1s de servicios como traslados Recife\/Olinda para hu\u00e9spedes, maquillaje art\u00edstico, pintura corporal,<em>hair stylist<\/em>, masajes, barra libre completa con mix\u00f3logo y comida abierta con men\u00fa firmado por el el galardonado chef internacional Fr\u00e9d\u00e9ric Monnier. <a href=\"https:\/\/www.eventbrite.com.br\/e\/liars-olinda-2019-sense-tickets-48620723894\">Liars<\/a> tambi\u00e9n tiene una vista privilegiada del Centro Hist\u00f3rico de Olinda, en el foco del mejor Carnaval de Brasil.<\/p>\n<p><strong>SERVICIO<br \/>\n]<\/strong> Viernes 01MAR 18:00 horas \u00abLIARS OPEN HOUSE\u00bb<br \/>\nla mejor fiesta de bienvenida en Olinda<\/p>\n<p>S\u00e1bado 02MAR 10:00 horas \u00abS\u00c1BADO DE Z\u00c9 ESTEIRA\u00bb<br \/>\nuna jornada pensada para el p\u00fablico del fitness con bebidas bajas en calor\u00edas y un men\u00fa saludable<\/p>\n<p>Domingo 03MAR 10:00 \u00abLIARS SENSE\u00bb<br \/>\nfiesta h\u00edbrida sin etiquetas para quien disfruta de la buena m\u00fasica<\/p>\n<p>Lunes 04MAR 10:00 horas \u00abBAILE DO Seu CARIOCA\u00bb<br \/>\nuna mezcla multicultural sin precedentes de los tambores de samba de los cerros de Olinda con lo mejor de los bailes funk de R\u00edo<\/p>\n<p>Martes 05MAR 10:00 horas \u00abLIARS EXPERIENCE\u00bb<br \/>\nline up fusion, una experiencia que <a href=\"https:\/\/www.facebook.com\/hashtag\/vcn%C3%A3ovaiacreditar\" target=\"_blank\" rel=\"noopener noreferrer\">#vcn\u00e3ovaiacreditar<\/a>, lo mejor del carnaval en un solo d\u00eda<\/p>\n<p><strong>Mas informaciones:<\/strong><a href=\"https:\/\/www.eventbrite.com.br\/e\/liars-olinda-2019-sense-tickets-48620723894\">https:\/\/www.eventbrite.com.br\/e\/liars-olinda-2019-sense-tickets-48620723894<\/a><\/p>\n<p>&nbsp;<\/p>\n","protected":false},"excerpt":{"rendered":"<p>La Aplicaci\u00f3n SCRUFF firma asociaci\u00f3n y firma Liars Olinda 2019. Para los gays, ha sido la mejor fiesta del Carnaval de Pernambuco<\/p>\n","protected":false},"author":2,"featured_media":67854,"comment_status":"open","ping_status":"open","sticky":false,"template":"","format":"standard","meta":{"googlesitekit_rrm_CAoiEBg-BXrJeACjO8p49SE4kTY:productID":"","tdm_status":"","tdm_grid_status":"","_jetpack_newsletter_access":"","_jetpack_dont_email_post_to_subs":false,"_jetpack_newsletter_tier_id":0,"_jetpack_memberships_contains_paywalled_content":false,"_jetpack_memberships_contains_paid_content":false,"footnotes":"","jetpack_publicize_message":"\u00bfQui\u00e9n se emociona por el Carnaval de Olinda 2019? Partiu, Liars Sense! | SCRUFF","jetpack_publicize_feature_enabled":true,"jetpack_social_post_already_shared":true,"jetpack_social_options":{"image_generator_settings":{"template":"highway","default_image_id":0,"font":"","enabled":false},"version":2},"_wpas_customize_per_network":false,"jetpack_post_was_ever_published":false},"categories":[589932402,589932381],"tags":[589933091,589933937,589939086,589939085,589939084,589939083,589939082,589933080],"class_list":{"0":"post-119686","1":"post","2":"type-post","3":"status-publish","4":"format-standard","5":"has-post-thumbnail","7":"category-noche","8":"category-publi-es","9":"tag-2019-es-4","10":"tag-carnaval-es","11":"tag-folia-de-momo-es","12":"tag-liars-es","13":"tag-liars-sense-es","14":"tag-olinda-es","15":"tag-pernambuco-es","16":"tag-scruff-es"},"yoast_head":"<!-- This site is optimized with the Yoast SEO plugin v27.4 - https:\/\/yoast.com\/product\/yoast-seo-wordpress\/ -->\n<title>\u00bfQui\u00e9n se emociona por el Carnaval de Olinda 2019? Partiu, Liars Sense! | SCRUFF<\/title>\n<meta name=\"description\" content=\"La Aplicaci\u00f3n SCRUFF firma asociaci\u00f3n y firma Liars Olinda 2019. Para los gays, ha sido la mejor fiesta del Carnaval de Pernambuco\" \/>\n<meta name=\"robots\" content=\"index, follow, max-snippet:-1, max-image-preview:large, max-video-preview:-1\" \/>\n<link rel=\"canonical\" href=\"https:\/\/gay.blog.br\/es\/recreacion\/noche\/quien-se-emociona-por-el-carnaval-de-olinda-2019-partiu-liars-sense-scruff\/\" \/>\n<meta property=\"og:locale\" content=\"es_ES\" \/>\n<meta property=\"og:type\" content=\"article\" \/>\n<meta property=\"og:title\" content=\"\u00bfQui\u00e9n se emociona por el Carnaval de Olinda 2019? Partiu, Liars Sense! | SCRUFF\" \/>\n<meta property=\"og:description\" content=\"La Aplicaci\u00f3n SCRUFF firma asociaci\u00f3n y firma Liars Olinda 2019. Para los gays, ha sido la mejor fiesta del Carnaval de Pernambuco\" \/>\n<meta property=\"og:url\" content=\"https:\/\/gay.blog.br\/es\/recreacion\/noche\/quien-se-emociona-por-el-carnaval-de-olinda-2019-partiu-liars-sense-scruff\/\" \/>\n<meta property=\"og:site_name\" content=\"GAY BLOG BR @gayblogbr\" \/>\n<meta property=\"article:publisher\" content=\"https:\/\/facebook.com\/gayblogbr\" \/>\n<meta property=\"article:author\" content=\"https:\/\/facebook.com\/gayblogbr\" \/>\n<meta property=\"article:published_time\" content=\"2019-01-10T15:34:17+00:00\" \/>\n<meta property=\"article:modified_time\" content=\"2021-04-15T02:25:12+00:00\" \/>\n<meta property=\"og:image\" content=\"https:\/\/i1.wp.com\/gay.blog.br\/wp-content\/uploads\/2019\/01\/SENSE-1.jpg?fit=960%2C360&ssl=1\" \/>\n\t<meta property=\"og:image:width\" content=\"960\" \/>\n\t<meta property=\"og:image:height\" content=\"360\" \/>\n\t<meta property=\"og:image:type\" content=\"image\/jpeg\" \/>\n<meta name=\"author\" content=\"www.gay.blog.br\" \/>\n<meta name=\"twitter:card\" content=\"summary_large_image\" \/>\n<meta name=\"twitter:creator\" content=\"@https:\/\/bsky.app\/profile\/gayblogbr.bsky.social\" \/>\n<meta name=\"twitter:site\" content=\"@gayblogbr\" \/>\n<meta name=\"twitter:label1\" content=\"Escrito por\" \/>\n\t<meta name=\"twitter:data1\" content=\"www.gay.blog.br\" \/>\n\t<meta name=\"twitter:label2\" content=\"Tiempo de lectura\" \/>\n\t<meta name=\"twitter:data2\" content=\"3 minutos\" \/>\n<script type=\"application\/ld+json\" class=\"yoast-schema-graph\">{\"@context\":\"https:\\\/\\\/schema.org\",\"@graph\":[{\"@type\":\"Article\",\"@id\":\"https:\\\/\\\/gay.blog.br\\\/es\\\/recreacion\\\/noche\\\/quien-se-emociona-por-el-carnaval-de-olinda-2019-partiu-liars-sense-scruff\\\/#article\",\"isPartOf\":{\"@id\":\"https:\\\/\\\/gay.blog.br\\\/es\\\/recreacion\\\/noche\\\/quien-se-emociona-por-el-carnaval-de-olinda-2019-partiu-liars-sense-scruff\\\/\"},\"author\":{\"name\":\"www.gay.blog.br\",\"@id\":\"https:\\\/\\\/gay.blog.br\\\/es\\\/#\\\/schema\\\/person\\\/ab4bce68ee54b8f4af5c174efe7472e5\"},\"headline\":\"\u00bfQui\u00e9n se emociona por el Carnaval de Olinda 2019? Partiu, Liars Sense! | SCRUFF\",\"datePublished\":\"2019-01-10T15:34:17+00:00\",\"dateModified\":\"2021-04-15T02:25:12+00:00\",\"mainEntityOfPage\":{\"@id\":\"https:\\\/\\\/gay.blog.br\\\/es\\\/recreacion\\\/noche\\\/quien-se-emociona-por-el-carnaval-de-olinda-2019-partiu-liars-sense-scruff\\\/\"},\"wordCount\":604,\"commentCount\":0,\"publisher\":{\"@id\":\"https:\\\/\\\/gay.blog.br\\\/es\\\/#organization\"},\"image\":{\"@id\":\"https:\\\/\\\/gay.blog.br\\\/es\\\/recreacion\\\/noche\\\/quien-se-emociona-por-el-carnaval-de-olinda-2019-partiu-liars-sense-scruff\\\/#primaryimage\"},\"thumbnailUrl\":\"https:\\\/\\\/i0.wp.com\\\/gay.blog.br\\\/wp-content\\\/uploads\\\/2019\\\/01\\\/SENSE-1.jpg?fit=960%2C360&ssl=1\",\"keywords\":[\"2019\",\"carnaval\",\"folia de momo\",\"Liars\",\"Liars Sense\",\"olinda\",\"pernambuco\",\"Scruff\"],\"articleSection\":[\"NOCHE\",\"PUBLI\"],\"inLanguage\":\"es\",\"potentialAction\":[{\"@type\":\"CommentAction\",\"name\":\"Comment\",\"target\":[\"https:\\\/\\\/gay.blog.br\\\/es\\\/recreacion\\\/noche\\\/quien-se-emociona-por-el-carnaval-de-olinda-2019-partiu-liars-sense-scruff\\\/#respond\"]}]},{\"@type\":\"WebPage\",\"@id\":\"https:\\\/\\\/gay.blog.br\\\/es\\\/recreacion\\\/noche\\\/quien-se-emociona-por-el-carnaval-de-olinda-2019-partiu-liars-sense-scruff\\\/\",\"url\":\"https:\\\/\\\/gay.blog.br\\\/es\\\/recreacion\\\/noche\\\/quien-se-emociona-por-el-carnaval-de-olinda-2019-partiu-liars-sense-scruff\\\/\",\"name\":\"\u00bfQui\u00e9n se emociona por el Carnaval de Olinda 2019? Partiu, Liars Sense! | SCRUFF\",\"isPartOf\":{\"@id\":\"https:\\\/\\\/gay.blog.br\\\/es\\\/#website\"},\"primaryImageOfPage\":{\"@id\":\"https:\\\/\\\/gay.blog.br\\\/es\\\/recreacion\\\/noche\\\/quien-se-emociona-por-el-carnaval-de-olinda-2019-partiu-liars-sense-scruff\\\/#primaryimage\"},\"image\":{\"@id\":\"https:\\\/\\\/gay.blog.br\\\/es\\\/recreacion\\\/noche\\\/quien-se-emociona-por-el-carnaval-de-olinda-2019-partiu-liars-sense-scruff\\\/#primaryimage\"},\"thumbnailUrl\":\"https:\\\/\\\/i0.wp.com\\\/gay.blog.br\\\/wp-content\\\/uploads\\\/2019\\\/01\\\/SENSE-1.jpg?fit=960%2C360&ssl=1\",\"datePublished\":\"2019-01-10T15:34:17+00:00\",\"dateModified\":\"2021-04-15T02:25:12+00:00\",\"description\":\"La Aplicaci\u00f3n SCRUFF firma asociaci\u00f3n y firma Liars Olinda 2019. Para los gays, ha sido la mejor fiesta del Carnaval de Pernambuco\",\"breadcrumb\":{\"@id\":\"https:\\\/\\\/gay.blog.br\\\/es\\\/recreacion\\\/noche\\\/quien-se-emociona-por-el-carnaval-de-olinda-2019-partiu-liars-sense-scruff\\\/#breadcrumb\"},\"inLanguage\":\"es\",\"potentialAction\":[{\"@type\":\"ReadAction\",\"target\":[\"https:\\\/\\\/gay.blog.br\\\/es\\\/recreacion\\\/noche\\\/quien-se-emociona-por-el-carnaval-de-olinda-2019-partiu-liars-sense-scruff\\\/\"]}]},{\"@type\":\"ImageObject\",\"inLanguage\":\"es\",\"@id\":\"https:\\\/\\\/gay.blog.br\\\/es\\\/recreacion\\\/noche\\\/quien-se-emociona-por-el-carnaval-de-olinda-2019-partiu-liars-sense-scruff\\\/#primaryimage\",\"url\":\"https:\\\/\\\/i0.wp.com\\\/gay.blog.br\\\/wp-content\\\/uploads\\\/2019\\\/01\\\/SENSE-1.jpg?fit=960%2C360&ssl=1\",\"contentUrl\":\"https:\\\/\\\/i0.wp.com\\\/gay.blog.br\\\/wp-content\\\/uploads\\\/2019\\\/01\\\/SENSE-1.jpg?fit=960%2C360&ssl=1\",\"width\":960,\"height\":360,\"caption\":\"S\u00f3 vem! :)\"},{\"@type\":\"BreadcrumbList\",\"@id\":\"https:\\\/\\\/gay.blog.br\\\/es\\\/recreacion\\\/noche\\\/quien-se-emociona-por-el-carnaval-de-olinda-2019-partiu-liars-sense-scruff\\\/#breadcrumb\",\"itemListElement\":[{\"@type\":\"ListItem\",\"position\":1,\"name\":\"In\u00edcio\",\"item\":\"https:\\\/\\\/gay.blog.br\\\/es\\\/\"},{\"@type\":\"ListItem\",\"position\":2,\"name\":\"\u00bfQui\u00e9n se emociona por el Carnaval de Olinda 2019? Partiu, Liars Sense! | SCRUFF\"}]},{\"@type\":\"WebSite\",\"@id\":\"https:\\\/\\\/gay.blog.br\\\/es\\\/#website\",\"url\":\"https:\\\/\\\/gay.blog.br\\\/es\\\/\",\"name\":\"GAY BLOG BR @gayblogbr\",\"description\":\"Not\u00edcias que empoderam e\\\/ou entret\u00eam s\u00e3o especialidades da casa\",\"publisher\":{\"@id\":\"https:\\\/\\\/gay.blog.br\\\/es\\\/#organization\"},\"potentialAction\":[{\"@type\":\"SearchAction\",\"target\":{\"@type\":\"EntryPoint\",\"urlTemplate\":\"https:\\\/\\\/gay.blog.br\\\/es\\\/?s={search_term_string}\"},\"query-input\":{\"@type\":\"PropertyValueSpecification\",\"valueRequired\":true,\"valueName\":\"search_term_string\"}}],\"inLanguage\":\"es\"},{\"@type\":\"Organization\",\"@id\":\"https:\\\/\\\/gay.blog.br\\\/es\\\/#organization\",\"name\":\"GAY BLOG BR\",\"url\":\"https:\\\/\\\/gay.blog.br\\\/es\\\/\",\"logo\":{\"@type\":\"ImageObject\",\"inLanguage\":\"es\",\"@id\":\"https:\\\/\\\/gay.blog.br\\\/es\\\/#\\\/schema\\\/logo\\\/image\\\/\",\"url\":\"https:\\\/\\\/i0.wp.com\\\/gay.blog.br\\\/wp-content\\\/uploads\\\/2023\\\/08\\\/gay180px.png?fit=272%2C90&ssl=1\",\"contentUrl\":\"https:\\\/\\\/i0.wp.com\\\/gay.blog.br\\\/wp-content\\\/uploads\\\/2023\\\/08\\\/gay180px.png?fit=272%2C90&ssl=1\",\"width\":272,\"height\":90,\"caption\":\"GAY BLOG BR\"},\"image\":{\"@id\":\"https:\\\/\\\/gay.blog.br\\\/es\\\/#\\\/schema\\\/logo\\\/image\\\/\"},\"sameAs\":[\"https:\\\/\\\/facebook.com\\\/gayblogbr\",\"https:\\\/\\\/x.com\\\/gayblogbr\",\"https:\\\/\\\/instagram.com\\\/gayblogbr\",\"https:\\\/\\\/www.linkedin.com\\\/company\\\/gayblogbr\\\/\",\"https:\\\/\\\/br.pinterest.com\\\/gayblogbr\\\/\",\"https:\\\/\\\/www.youtube.com\\\/channel\\\/UCdEu3JXLOB-wvWAVUF4AIiA\",\"https:\\\/\\\/pt.wikipedia.org\\\/wiki\\\/Gay_Blog_Br\",\"https:\\\/\\\/www.threads.net\\\/@gayblogbr\"]},{\"@type\":\"Person\",\"@id\":\"https:\\\/\\\/gay.blog.br\\\/es\\\/#\\\/schema\\\/person\\\/ab4bce68ee54b8f4af5c174efe7472e5\",\"name\":\"www.gay.blog.br\",\"image\":{\"@type\":\"ImageObject\",\"inLanguage\":\"es\",\"@id\":\"https:\\\/\\\/secure.gravatar.com\\\/avatar\\\/a6fb6bf5c84cdaa375389c43448e2bb88db4600d8fc5be6c42a410789075740f?s=96&d=mm&r=g\",\"url\":\"https:\\\/\\\/secure.gravatar.com\\\/avatar\\\/a6fb6bf5c84cdaa375389c43448e2bb88db4600d8fc5be6c42a410789075740f?s=96&d=mm&r=g\",\"contentUrl\":\"https:\\\/\\\/secure.gravatar.com\\\/avatar\\\/a6fb6bf5c84cdaa375389c43448e2bb88db4600d8fc5be6c42a410789075740f?s=96&d=mm&r=g\",\"caption\":\"www.gay.blog.br\"},\"description\":\"Receba as not\u00edcias pelo Telegram!\",\"sameAs\":[\"https:\\\/\\\/facebook.com\\\/gayblogbr\",\"https:\\\/\\\/instagram.com\\\/gayblogbr\",\"https:\\\/\\\/www.linkedin.com\\\/company\\\/gayblogbr\\\/\",\"https:\\\/\\\/pinterest.com\\\/gayblogbr\\\/\",\"https:\\\/\\\/x.com\\\/https:\\\/\\\/bsky.app\\\/profile\\\/gayblogbr.bsky.social\",\"https:\\\/\\\/www.youtube.com\\\/@GAYBLOGBR\",\"https:\\\/\\\/pt.wikipedia.org\\\/wiki\\\/Gay_Blog_Br\"],\"url\":\"https:\\\/\\\/gay.blog.br\\\/es\\\/author\\\/oaudaznavegante\\\/\"}]}<\/script>\n<!-- \/ Yoast SEO plugin. -->","yoast_head_json":{"title":"\u00bfQui\u00e9n se emociona por el Carnaval de Olinda 2019? Partiu, Liars Sense! | SCRUFF","description":"La Aplicaci\u00f3n SCRUFF firma asociaci\u00f3n y firma Liars Olinda 2019. Para los gays, ha sido la mejor fiesta del Carnaval de Pernambuco","robots":{"index":"index","follow":"follow","max-snippet":"max-snippet:-1","max-image-preview":"max-image-preview:large","max-video-preview":"max-video-preview:-1"},"canonical":"https:\/\/gay.blog.br\/es\/recreacion\/noche\/quien-se-emociona-por-el-carnaval-de-olinda-2019-partiu-liars-sense-scruff\/","og_locale":"es_ES","og_type":"article","og_title":"\u00bfQui\u00e9n se emociona por el Carnaval de Olinda 2019? Partiu, Liars Sense! | SCRUFF","og_description":"La Aplicaci\u00f3n SCRUFF firma asociaci\u00f3n y firma Liars Olinda 2019. Para los gays, ha sido la mejor fiesta del Carnaval de Pernambuco","og_url":"https:\/\/gay.blog.br\/es\/recreacion\/noche\/quien-se-emociona-por-el-carnaval-de-olinda-2019-partiu-liars-sense-scruff\/","og_site_name":"GAY BLOG BR @gayblogbr","article_publisher":"https:\/\/facebook.com\/gayblogbr","article_author":"https:\/\/facebook.com\/gayblogbr","article_published_time":"2019-01-10T15:34:17+00:00","article_modified_time":"2021-04-15T02:25:12+00:00","og_image":[{"width":960,"height":360,"url":"https:\/\/i1.wp.com\/gay.blog.br\/wp-content\/uploads\/2019\/01\/SENSE-1.jpg?fit=960%2C360&ssl=1","type":"image\/jpeg"}],"author":"www.gay.blog.br","twitter_card":"summary_large_image","twitter_creator":"@https:\/\/bsky.app\/profile\/gayblogbr.bsky.social","twitter_site":"@gayblogbr","twitter_misc":{"Escrito por":"www.gay.blog.br","Tiempo de lectura":"3 minutos"},"schema":{"@context":"https:\/\/schema.org","@graph":[{"@type":"Article","@id":"https:\/\/gay.blog.br\/es\/recreacion\/noche\/quien-se-emociona-por-el-carnaval-de-olinda-2019-partiu-liars-sense-scruff\/#article","isPartOf":{"@id":"https:\/\/gay.blog.br\/es\/recreacion\/noche\/quien-se-emociona-por-el-carnaval-de-olinda-2019-partiu-liars-sense-scruff\/"},"author":{"name":"www.gay.blog.br","@id":"https:\/\/gay.blog.br\/es\/#\/schema\/person\/ab4bce68ee54b8f4af5c174efe7472e5"},"headline":"\u00bfQui\u00e9n se emociona por el Carnaval de Olinda 2019? Partiu, Liars Sense! | SCRUFF","datePublished":"2019-01-10T15:34:17+00:00","dateModified":"2021-04-15T02:25:12+00:00","mainEntityOfPage":{"@id":"https:\/\/gay.blog.br\/es\/recreacion\/noche\/quien-se-emociona-por-el-carnaval-de-olinda-2019-partiu-liars-sense-scruff\/"},"wordCount":604,"commentCount":0,"publisher":{"@id":"https:\/\/gay.blog.br\/es\/#organization"},"image":{"@id":"https:\/\/gay.blog.br\/es\/recreacion\/noche\/quien-se-emociona-por-el-carnaval-de-olinda-2019-partiu-liars-sense-scruff\/#primaryimage"},"thumbnailUrl":"https:\/\/i0.wp.com\/gay.blog.br\/wp-content\/uploads\/2019\/01\/SENSE-1.jpg?fit=960%2C360&ssl=1","keywords":["2019","carnaval","folia de momo","Liars","Liars Sense","olinda","pernambuco","Scruff"],"articleSection":["NOCHE","PUBLI"],"inLanguage":"es","potentialAction":[{"@type":"CommentAction","name":"Comment","target":["https:\/\/gay.blog.br\/es\/recreacion\/noche\/quien-se-emociona-por-el-carnaval-de-olinda-2019-partiu-liars-sense-scruff\/#respond"]}]},{"@type":"WebPage","@id":"https:\/\/gay.blog.br\/es\/recreacion\/noche\/quien-se-emociona-por-el-carnaval-de-olinda-2019-partiu-liars-sense-scruff\/","url":"https:\/\/gay.blog.br\/es\/recreacion\/noche\/quien-se-emociona-por-el-carnaval-de-olinda-2019-partiu-liars-sense-scruff\/","name":"\u00bfQui\u00e9n se emociona por el Carnaval de Olinda 2019? Partiu, Liars Sense! | SCRUFF","isPartOf":{"@id":"https:\/\/gay.blog.br\/es\/#website"},"primaryImageOfPage":{"@id":"https:\/\/gay.blog.br\/es\/recreacion\/noche\/quien-se-emociona-por-el-carnaval-de-olinda-2019-partiu-liars-sense-scruff\/#primaryimage"},"image":{"@id":"https:\/\/gay.blog.br\/es\/recreacion\/noche\/quien-se-emociona-por-el-carnaval-de-olinda-2019-partiu-liars-sense-scruff\/#primaryimage"},"thumbnailUrl":"https:\/\/i0.wp.com\/gay.blog.br\/wp-content\/uploads\/2019\/01\/SENSE-1.jpg?fit=960%2C360&ssl=1","datePublished":"2019-01-10T15:34:17+00:00","dateModified":"2021-04-15T02:25:12+00:00","description":"La Aplicaci\u00f3n SCRUFF firma asociaci\u00f3n y firma Liars Olinda 2019. Para los gays, ha sido la mejor fiesta del Carnaval de Pernambuco","breadcrumb":{"@id":"https:\/\/gay.blog.br\/es\/recreacion\/noche\/quien-se-emociona-por-el-carnaval-de-olinda-2019-partiu-liars-sense-scruff\/#breadcrumb"},"inLanguage":"es","potentialAction":[{"@type":"ReadAction","target":["https:\/\/gay.blog.br\/es\/recreacion\/noche\/quien-se-emociona-por-el-carnaval-de-olinda-2019-partiu-liars-sense-scruff\/"]}]},{"@type":"ImageObject","inLanguage":"es","@id":"https:\/\/gay.blog.br\/es\/recreacion\/noche\/quien-se-emociona-por-el-carnaval-de-olinda-2019-partiu-liars-sense-scruff\/#primaryimage","url":"https:\/\/i0.wp.com\/gay.blog.br\/wp-content\/uploads\/2019\/01\/SENSE-1.jpg?fit=960%2C360&ssl=1","contentUrl":"https:\/\/i0.wp.com\/gay.blog.br\/wp-content\/uploads\/2019\/01\/SENSE-1.jpg?fit=960%2C360&ssl=1","width":960,"height":360,"caption":"S\u00f3 vem! :)"},{"@type":"BreadcrumbList","@id":"https:\/\/gay.blog.br\/es\/recreacion\/noche\/quien-se-emociona-por-el-carnaval-de-olinda-2019-partiu-liars-sense-scruff\/#breadcrumb","itemListElement":[{"@type":"ListItem","position":1,"name":"In\u00edcio","item":"https:\/\/gay.blog.br\/es\/"},{"@type":"ListItem","position":2,"name":"\u00bfQui\u00e9n se emociona por el Carnaval de Olinda 2019? Partiu, Liars Sense! | SCRUFF"}]},{"@type":"WebSite","@id":"https:\/\/gay.blog.br\/es\/#website","url":"https:\/\/gay.blog.br\/es\/","name":"GAY BLOG BR @gayblogbr","description":"Not\u00edcias que empoderam e\/ou entret\u00eam s\u00e3o especialidades da casa","publisher":{"@id":"https:\/\/gay.blog.br\/es\/#organization"},"potentialAction":[{"@type":"SearchAction","target":{"@type":"EntryPoint","urlTemplate":"https:\/\/gay.blog.br\/es\/?s={search_term_string}"},"query-input":{"@type":"PropertyValueSpecification","valueRequired":true,"valueName":"search_term_string"}}],"inLanguage":"es"},{"@type":"Organization","@id":"https:\/\/gay.blog.br\/es\/#organization","name":"GAY BLOG BR","url":"https:\/\/gay.blog.br\/es\/","logo":{"@type":"ImageObject","inLanguage":"es","@id":"https:\/\/gay.blog.br\/es\/#\/schema\/logo\/image\/","url":"https:\/\/i0.wp.com\/gay.blog.br\/wp-content\/uploads\/2023\/08\/gay180px.png?fit=272%2C90&ssl=1","contentUrl":"https:\/\/i0.wp.com\/gay.blog.br\/wp-content\/uploads\/2023\/08\/gay180px.png?fit=272%2C90&ssl=1","width":272,"height":90,"caption":"GAY BLOG BR"},"image":{"@id":"https:\/\/gay.blog.br\/es\/#\/schema\/logo\/image\/"},"sameAs":["https:\/\/facebook.com\/gayblogbr","https:\/\/x.com\/gayblogbr","https:\/\/instagram.com\/gayblogbr","https:\/\/www.linkedin.com\/company\/gayblogbr\/","https:\/\/br.pinterest.com\/gayblogbr\/","https:\/\/www.youtube.com\/channel\/UCdEu3JXLOB-wvWAVUF4AIiA","https:\/\/pt.wikipedia.org\/wiki\/Gay_Blog_Br","https:\/\/www.threads.net\/@gayblogbr"]},{"@type":"Person","@id":"https:\/\/gay.blog.br\/es\/#\/schema\/person\/ab4bce68ee54b8f4af5c174efe7472e5","name":"www.gay.blog.br","image":{"@type":"ImageObject","inLanguage":"es","@id":"https:\/\/secure.gravatar.com\/avatar\/a6fb6bf5c84cdaa375389c43448e2bb88db4600d8fc5be6c42a410789075740f?s=96&d=mm&r=g","url":"https:\/\/secure.gravatar.com\/avatar\/a6fb6bf5c84cdaa375389c43448e2bb88db4600d8fc5be6c42a410789075740f?s=96&d=mm&r=g","contentUrl":"https:\/\/secure.gravatar.com\/avatar\/a6fb6bf5c84cdaa375389c43448e2bb88db4600d8fc5be6c42a410789075740f?s=96&d=mm&r=g","caption":"www.gay.blog.br"},"description":"Receba as not\u00edcias pelo Telegram!","sameAs":["https:\/\/facebook.com\/gayblogbr","https:\/\/instagram.com\/gayblogbr","https:\/\/www.linkedin.com\/company\/gayblogbr\/","https:\/\/pinterest.com\/gayblogbr\/","https:\/\/x.com\/https:\/\/bsky.app\/profile\/gayblogbr.bsky.social","https:\/\/www.youtube.com\/@GAYBLOGBR","https:\/\/pt.wikipedia.org\/wiki\/Gay_Blog_Br"],"url":"https:\/\/gay.blog.br\/es\/author\/oaudaznavegante\/"}]}},"jetpack_publicize_connections":[],"jetpack_featured_media_url":"https:\/\/i0.wp.com\/gay.blog.br\/wp-content\/uploads\/2019\/01\/SENSE-1.jpg?fit=960%2C360&ssl=1","jetpack_sharing_enabled":true,"jetpack_shortlink":"https:\/\/wp.me\/p6klkK-v8q","jetpack_likes_enabled":false,"amp_enabled":true,"_links":{"self":[{"href":"https:\/\/gay.blog.br\/es\/wp-json\/wp\/v2\/posts\/119686","targetHints":{"allow":["GET"]}}],"collection":[{"href":"https:\/\/gay.blog.br\/es\/wp-json\/wp\/v2\/posts"}],"about":[{"href":"https:\/\/gay.blog.br\/es\/wp-json\/wp\/v2\/types\/post"}],"author":[{"embeddable":true,"href":"https:\/\/gay.blog.br\/es\/wp-json\/wp\/v2\/users\/2"}],"replies":[{"embeddable":true,"href":"https:\/\/gay.blog.br\/es\/wp-json\/wp\/v2\/comments?post=119686"}],"version-history":[{"count":0,"href":"https:\/\/gay.blog.br\/es\/wp-json\/wp\/v2\/posts\/119686\/revisions"}],"wp:featuredmedia":[{"embeddable":true,"href":"https:\/\/gay.blog.br\/es\/wp-json\/wp\/v2\/media\/67854"}],"wp:attachment":[{"href":"https:\/\/gay.blog.br\/es\/wp-json\/wp\/v2\/media?parent=119686"}],"wp:term":[{"taxonomy":"category","embeddable":true,"href":"https:\/\/gay.blog.br\/es\/wp-json\/wp\/v2\/categories?post=119686"},{"taxonomy":"post_tag","embeddable":true,"href":"https:\/\/gay.blog.br\/es\/wp-json\/wp\/v2\/tags?post=119686"}],"curies":[{"name":"wp","href":"https:\/\/api.w.org\/{rel}","templated":true}]}}