{"id":119783,"date":"2018-12-29T19:14:19","date_gmt":"2018-12-29T21:14:19","guid":{"rendered":"https:\/\/gay.blog.br\/?p=119783"},"modified":"2021-04-14T23:38:33","modified_gmt":"2021-04-15T02:38:33","slug":"el-calendario-2019-con-sacerdotes-del-vaticano-ya-esta-a-la-venta-oremos","status":"publish","type":"post","link":"https:\/\/gay.blog.br\/es\/chicos\/el-calendario-2019-con-sacerdotes-del-vaticano-ya-esta-a-la-venta-oremos\/","title":{"rendered":"El calendario 2019 con sacerdotes del Vaticano ya est\u00e1 a la venta, \u00a1oremos!"},"content":{"rendered":"<figure id=\"attachment_19767\" aria-describedby=\"caption-attachment-19767\" style=\"width: 778px\" class=\"wp-caption aligncenter\"><a href=\"http:\/\/instagram.com\/gayblogbr\"><img data-recalc-dims=\"1\" loading=\"lazy\" decoding=\"async\" class=\"size-full wp-image-19767\" src=\"https:\/\/i0.wp.com\/gay.blog.br\/wp-content\/uploads\/2018\/12\/foto-home.gif?resize=696%2C925&#038;ssl=1\" alt=\"CALENDARIO ROMANO 2019 by Piero Pazzi padre vaticano\" width=\"696\" height=\"925\" \/><\/a><figcaption id=\"caption-attachment-19767\" class=\"wp-caption-text\">CALENDARIO ROMANO 2019 de Piero Pazzi<\/figcaption><\/figure>\n<p style=\"text-align: justify;\">Desde 2004, el fot\u00f3grafo <strong>Piero Pazzi<\/strong> ha estado haciendo un calendario que re\u00fane a 12 sacerdotes del <a href=\"https:\/\/gay.blog.br\/noticias\/policia-do-vaticano-interrompe-orgia-na-casa-de-secretario-de-assessor-do-papa\/\">Vaticano<\/a>, uno por cada mes. La edici\u00f3n del \u201c<strong>Calendario Romano<\/strong>\u201d 2019 ya est\u00e1 a la venta, por 10 euros, y se puede pedir en <a href=\"http:\/\/www.calendarioromano.org\/\"><strong>este enlace.<\/strong><\/a><\/p>\n<p style=\"text-align: justify;\">\u00bfRecordaremos fotos de ediciones anteriores?<\/p>\n<p style=\"text-align: justify;\"><a href=\"http:\/\/instagram.com\/gayblogbr\"><img data-recalc-dims=\"1\" loading=\"lazy\" decoding=\"async\" class=\"aligncenter wp-image-2780 size-full\" title=\"\" src=\"https:\/\/i0.wp.com\/gay.blog.br\/wp-content\/uploads\/2013\/02\/276.jpg?resize=602%2C452&#038;ssl=1\" alt=\"Desde 2004, el fot\u00f3grafo Piero Pazzi ha elaborado un calendario de 12 sacerdotes del Vaticano, uno para cada mes.\" width=\"602\" height=\"452\" data-attachment-id=\"2780\" data-permalink=\"https:\/\/gay.blog.br\/50-tons-de-boy-magia\/calendario-2018-com-padres-do-vaticano-ja-esta-a-venda-aleluia\/attachment\/276\/\" data-orig-file=\"https:\/\/gay.blog.br\/wp-content\/uploads\/2013\/02\/276.jpg\" data-orig-size=\"602,452\" data-comments-opened=\"1\" data-image-meta=\"{\" data-image-title=\"276\" data-image-description=\"\" data-medium-file=\"https:\/\/gay.blog.br\/wp-content\/uploads\/2013\/02\/276.jpg\" data-large-file=\"https:\/\/gay.blog.br\/wp-content\/uploads\/2013\/02\/276.jpg\" \/><\/a><\/p>\n<p style=\"text-align: justify;\"><a href=\"http:\/\/instagram.com\/gayblogbr\"><img data-recalc-dims=\"1\" loading=\"lazy\" decoding=\"async\" class=\"alignnone size-full wp-image-2781 aligncenter\" title=\"\" src=\"https:\/\/i0.wp.com\/gay.blog.br\/wp-content\/uploads\/2013\/02\/padre-2.jpg?resize=540%2C740&#038;ssl=1\" alt=\"sacerdote 2\" width=\"540\" height=\"740\" data-attachment-id=\"2781\" data-permalink=\"https:\/\/gay.blog.br\/50-tons-de-boy-magia\/calendario-2018-com-padres-do-vaticano-ja-esta-a-venda-aleluia\/attachment\/padre-2\/\" data-orig-file=\"https:\/\/gay.blog.br\/wp-content\/uploads\/2013\/02\/padre-2.jpg\" data-orig-size=\"540,740\" data-comments-opened=\"1\" data-image-meta=\"{\" data-image-title=\"padre 2\" data-image-description=\"\" data-medium-file=\"https:\/\/gay.blog.br\/wp-content\/uploads\/2013\/02\/padre-2.jpg\" data-large-file=\"https:\/\/gay.blog.br\/wp-content\/uploads\/2013\/02\/padre-2.jpg\" \/><\/a><\/p>\n<p style=\"text-align: justify;\"><a href=\"http:\/\/instagram.com\/gayblogbr\"><img data-recalc-dims=\"1\" loading=\"lazy\" decoding=\"async\" class=\"alignnone size-full wp-image-2782 aligncenter\" title=\"\" src=\"https:\/\/i0.wp.com\/gay.blog.br\/wp-content\/uploads\/2013\/02\/padre-3.jpg?resize=540%2C740&#038;ssl=1\" alt=\"sacerdote 3\" width=\"540\" height=\"740\" data-attachment-id=\"2782\" data-permalink=\"https:\/\/gay.blog.br\/50-tons-de-boy-magia\/calendario-2018-com-padres-do-vaticano-ja-esta-a-venda-aleluia\/attachment\/padre-3\/\" data-orig-file=\"https:\/\/gay.blog.br\/wp-content\/uploads\/2013\/02\/padre-3.jpg\" data-orig-size=\"540,740\" data-comments-opened=\"1\" data-image-meta=\"{\" data-image-title=\"padre 3\" data-image-description=\"\" data-medium-file=\"https:\/\/gay.blog.br\/wp-content\/uploads\/2013\/02\/padre-3.jpg\" data-large-file=\"https:\/\/gay.blog.br\/wp-content\/uploads\/2013\/02\/padre-3.jpg\" \/><\/a><\/p>\n<p style=\"text-align: justify;\"><a href=\"http:\/\/instagram.com\/gayblogbr\"><img data-recalc-dims=\"1\" loading=\"lazy\" decoding=\"async\" class=\"alignnone size-full wp-image-2783 aligncenter\" title=\"\" src=\"https:\/\/i0.wp.com\/gay.blog.br\/wp-content\/uploads\/2013\/02\/padre-4.jpg?resize=540%2C740&#038;ssl=1\" alt=\"sacerdote 4\" width=\"540\" height=\"740\" data-attachment-id=\"2783\" data-permalink=\"https:\/\/gay.blog.br\/50-tons-de-boy-magia\/calendario-2018-com-padres-do-vaticano-ja-esta-a-venda-aleluia\/attachment\/padre-4\/\" data-orig-file=\"https:\/\/gay.blog.br\/wp-content\/uploads\/2013\/02\/padre-4.jpg\" data-orig-size=\"540,740\" data-comments-opened=\"1\" data-image-meta=\"{\" data-image-title=\"padre 4\" data-image-description=\"\" data-medium-file=\"https:\/\/gay.blog.br\/wp-content\/uploads\/2013\/02\/padre-4.jpg\" data-large-file=\"https:\/\/gay.blog.br\/wp-content\/uploads\/2013\/02\/padre-4.jpg\" \/><\/a><\/p>\n<p style=\"text-align: justify;\"><a href=\"http:\/\/instagram.com\/gayblogbr\"><img data-recalc-dims=\"1\" loading=\"lazy\" decoding=\"async\" class=\"alignnone size-full wp-image-2784 aligncenter\" title=\"\" src=\"https:\/\/i0.wp.com\/gay.blog.br\/wp-content\/uploads\/2013\/02\/padre-5.jpg?resize=540%2C740&#038;ssl=1\" alt=\"sacerdote 5\" width=\"540\" height=\"740\" data-attachment-id=\"2784\" data-permalink=\"https:\/\/gay.blog.br\/50-tons-de-boy-magia\/calendario-2018-com-padres-do-vaticano-ja-esta-a-venda-aleluia\/attachment\/padre-5\/\" data-orig-file=\"https:\/\/gay.blog.br\/wp-content\/uploads\/2013\/02\/padre-5.jpg\" data-orig-size=\"540,740\" data-comments-opened=\"1\" data-image-meta=\"{\" data-image-title=\"padre 5\" data-image-description=\"\" data-medium-file=\"https:\/\/gay.blog.br\/wp-content\/uploads\/2013\/02\/padre-5.jpg\" data-large-file=\"https:\/\/gay.blog.br\/wp-content\/uploads\/2013\/02\/padre-5.jpg\" \/><\/a><\/p>\n<p style=\"text-align: justify;\"><a href=\"http:\/\/instagram.com\/gayblogbr\"><img data-recalc-dims=\"1\" loading=\"lazy\" decoding=\"async\" class=\"alignnone size-full wp-image-2785 aligncenter\" title=\"\" src=\"https:\/\/i0.wp.com\/gay.blog.br\/wp-content\/uploads\/2013\/02\/padre-6.jpg?resize=540%2C740&#038;ssl=1\" alt=\"sacerdote 6\" width=\"540\" height=\"740\" data-attachment-id=\"2785\" data-permalink=\"https:\/\/gay.blog.br\/50-tons-de-boy-magia\/calendario-2018-com-padres-do-vaticano-ja-esta-a-venda-aleluia\/attachment\/padre-6\/\" data-orig-file=\"https:\/\/gay.blog.br\/wp-content\/uploads\/2013\/02\/padre-6.jpg\" data-orig-size=\"540,740\" data-comments-opened=\"1\" data-image-meta=\"{\" data-image-title=\"padre 6\" data-image-description=\"\" data-medium-file=\"https:\/\/gay.blog.br\/wp-content\/uploads\/2013\/02\/padre-6.jpg\" data-large-file=\"https:\/\/gay.blog.br\/wp-content\/uploads\/2013\/02\/padre-6.jpg\" \/><\/a><\/p>\n<p style=\"text-align: justify;\"><a href=\"http:\/\/instagram.com\/gayblogbr\"><img data-recalc-dims=\"1\" loading=\"lazy\" decoding=\"async\" class=\"alignnone size-full wp-image-2786 aligncenter\" title=\"\" src=\"https:\/\/i0.wp.com\/gay.blog.br\/wp-content\/uploads\/2013\/02\/padre1.jpg?resize=540%2C740&#038;ssl=1\" alt=\"sacerdote 1\" width=\"540\" height=\"740\" data-attachment-id=\"2786\" data-permalink=\"https:\/\/gay.blog.br\/50-tons-de-boy-magia\/calendario-2018-com-padres-do-vaticano-ja-esta-a-venda-aleluia\/attachment\/padre1\/\" data-orig-file=\"https:\/\/gay.blog.br\/wp-content\/uploads\/2013\/02\/padre1.jpg\" data-orig-size=\"540,740\" data-comments-opened=\"1\" data-image-meta=\"{\" data-image-title=\"padre1\" data-image-description=\"\" data-medium-file=\"https:\/\/gay.blog.br\/wp-content\/uploads\/2013\/02\/padre1.jpg\" data-large-file=\"https:\/\/gay.blog.br\/wp-content\/uploads\/2013\/02\/padre1.jpg\" \/><\/a><\/p>\n<blockquote class=\"wp-embedded-content\" data-secret=\"BgS3sQenyy\"><p><a href=\"https:\/\/gay.blog.br\/noticias\/policia-do-vaticano-interrompe-orgia-na-casa-de-secretario-de-assessor-do-papa\/\">Pol\u00edcia do Vaticano interrompe orgia na casa de secret\u00e1rio de assessor do Papa<\/a><\/p><\/blockquote>\n<p><iframe loading=\"lazy\" class=\"wp-embedded-content\" sandbox=\"allow-scripts\" security=\"restricted\" style=\"position: absolute; clip: rect(1px, 1px, 1px, 1px);\" title=\"\u00abPol\u00edcia do Vaticano interrompe orgia na casa de secret\u00e1rio de assessor do Papa\u00bb \u2014 GAY BLOG BR @gayblogbr\" src=\"https:\/\/gay.blog.br\/noticias\/policia-do-vaticano-interrompe-orgia-na-casa-de-secretario-de-assessor-do-papa\/embed\/#?secret=BgS3sQenyy\" data-secret=\"BgS3sQenyy\" width=\"600\" height=\"338\" frameborder=\"0\" marginwidth=\"0\" marginheight=\"0\" scrolling=\"no\"><\/iframe><\/p>\n<p style=\"text-align: justify;\"><strong>ALELUYA<\/strong><\/p>\n<p style=\"text-align: justify;\">Vaticano o Ciudad del <a href=\"https:\/\/gay.blog.br\/noticias\/policia-do-vaticano-interrompe-orgia-na-casa-de-secretario-de-assessor-do-papa\/\">Vaticano<\/a>, oficialmente Estado de la Ciudad del Vaticano (en italiano: Stato della Citt\u00e0 del Vaticano [t\u0283it\u02c8ta del vati\u02c8ka\u02d0no]; en lat\u00edn: Civitas Vaticana), es la sede de la Iglesia Cat\u00f3lica y una ciudad-estado soberana sin costa mar\u00edtima, cuyo territorio consiste en un enclave amurallado dentro de la ciudad de Roma, capital de Italia. Con aproximadamente 44 hect\u00e1reas (0,44 km\u00b2) y una poblaci\u00f3n de poco m\u00e1s de 800 habitantes, es la entidad territorial m\u00e1s peque\u00f1a del mundo administrada por un estado.<\/p>\n<p style=\"text-align: justify;\">La Ciudad del Vaticano es una ciudad-estado que existe desde 1929. Es distinta de la Santa Sede, que se remonta al cristianismo primitivo y es la principal sede episcopal de 1.500 millones de cat\u00f3licos romanos (latinos y orientales) de todo el mundo. Las ordenanzas de la Ciudad del Vaticano se publican en italiano; Los documentos oficiales de la Santa Sede se publican principalmente en lat\u00edn. Las dos entidades todav\u00eda tienen pasaportes separados: la Santa Sede, como no es un pa\u00eds, solo se ocupa de cuestiones de pasaportes diplom\u00e1ticos y de servicio; el Estado de la Ciudad del Vaticano se encarga de los pasaportes comunes. En ambos casos, los pasaportes emitidos son muy pocos.<\/p>\n","protected":false},"excerpt":{"rendered":"<p>Un souvenir directamente desde Roma que se puede entregar a cualquier parte del mundo. \u00a1\u00bfAleluya ?!<\/p>\n","protected":false},"author":2,"featured_media":67416,"comment_status":"open","ping_status":"open","sticky":false,"template":"","format":"standard","meta":{"googlesitekit_rrm_CAoiEBg-BXrJeACjO8p49SE4kTY:productID":"","tdm_status":"","tdm_grid_status":"","_jetpack_newsletter_access":"","_jetpack_dont_email_post_to_subs":false,"_jetpack_newsletter_tier_id":0,"_jetpack_memberships_contains_paywalled_content":false,"_jetpack_memberships_contains_paid_content":false,"footnotes":"","jetpack_publicize_message":"El calendario 2019 con sacerdotes del Vaticano ya est\u00e1 a la venta, \u00a1oremos!","jetpack_publicize_feature_enabled":true,"jetpack_social_post_already_shared":true,"jetpack_social_options":{"image_generator_settings":{"template":"highway","default_image_id":0,"font":"","enabled":false},"version":2},"_wpas_customize_per_network":false,"jetpack_post_was_ever_published":false},"categories":[589932233],"tags":[589933091,589939128,589934006,589939129,589939131,589935360,589939130,589933849],"class_list":{"0":"post-119783","1":"post","2":"type-post","3":"status-publish","4":"format-standard","5":"has-post-thumbnail","7":"category-chicos","8":"tag-2019-es-4","9":"tag-aleluya","10":"tag-calendario-es","11":"tag-calendario-romano-es","12":"tag-oremos-es","13":"tag-padres-es","14":"tag-souvenir-es","15":"tag-vaticano-es"},"yoast_head":"<!-- This site is optimized with the Yoast SEO plugin v27.4 - https:\/\/yoast.com\/product\/yoast-seo-wordpress\/ -->\n<title>El calendario 2019 con sacerdotes del Vaticano ya est\u00e1 a la venta, \u00a1oremos!<\/title>\n<meta name=\"description\" content=\"Un souvenir directamente desde Roma que se puede entregar a cualquier parte del mundo. \u00a1\u00bfAleluya ?!\" \/>\n<meta name=\"robots\" content=\"index, follow, max-snippet:-1, max-image-preview:large, max-video-preview:-1\" \/>\n<link rel=\"canonical\" href=\"https:\/\/gay.blog.br\/es\/chicos\/el-calendario-2019-con-sacerdotes-del-vaticano-ya-esta-a-la-venta-oremos\/\" \/>\n<meta property=\"og:locale\" content=\"es_ES\" \/>\n<meta property=\"og:type\" content=\"article\" \/>\n<meta property=\"og:title\" content=\"El calendario 2019 con sacerdotes del Vaticano ya est\u00e1 a la venta, \u00a1oremos!\" \/>\n<meta property=\"og:description\" content=\"Un souvenir directamente desde Roma que se puede entregar a cualquier parte del mundo. \u00a1\u00bfAleluya ?!\" \/>\n<meta property=\"og:url\" content=\"https:\/\/gay.blog.br\/es\/chicos\/el-calendario-2019-con-sacerdotes-del-vaticano-ya-esta-a-la-venta-oremos\/\" \/>\n<meta property=\"og:site_name\" content=\"GAY BLOG BR @gayblogbr\" \/>\n<meta property=\"article:publisher\" content=\"https:\/\/facebook.com\/gayblogbr\" \/>\n<meta property=\"article:author\" content=\"https:\/\/facebook.com\/gayblogbr\" \/>\n<meta property=\"article:published_time\" content=\"2018-12-29T21:14:19+00:00\" \/>\n<meta property=\"article:modified_time\" content=\"2021-04-15T02:38:33+00:00\" \/>\n<meta property=\"og:image\" content=\"https:\/\/i0.wp.com\/gay.blog.br\/wp-content\/uploads\/2018\/12\/padres-2019.jpg?fit=540%2C386&ssl=1\" \/>\n\t<meta property=\"og:image:width\" content=\"540\" \/>\n\t<meta property=\"og:image:height\" content=\"386\" \/>\n\t<meta property=\"og:image:type\" content=\"image\/jpeg\" \/>\n<meta name=\"author\" content=\"www.gay.blog.br\" \/>\n<meta name=\"twitter:card\" content=\"summary_large_image\" \/>\n<meta name=\"twitter:creator\" content=\"@https:\/\/bsky.app\/profile\/gayblogbr.bsky.social\" \/>\n<meta name=\"twitter:site\" content=\"@gayblogbr\" \/>\n<meta name=\"twitter:label1\" content=\"Escrito por\" \/>\n\t<meta name=\"twitter:data1\" content=\"www.gay.blog.br\" \/>\n\t<meta name=\"twitter:label2\" content=\"Tiempo de lectura\" \/>\n\t<meta name=\"twitter:data2\" content=\"1 minuto\" \/>\n<script type=\"application\/ld+json\" class=\"yoast-schema-graph\">{\"@context\":\"https:\\\/\\\/schema.org\",\"@graph\":[{\"@type\":\"Article\",\"@id\":\"https:\\\/\\\/gay.blog.br\\\/es\\\/chicos\\\/el-calendario-2019-con-sacerdotes-del-vaticano-ya-esta-a-la-venta-oremos\\\/#article\",\"isPartOf\":{\"@id\":\"https:\\\/\\\/gay.blog.br\\\/es\\\/chicos\\\/el-calendario-2019-con-sacerdotes-del-vaticano-ya-esta-a-la-venta-oremos\\\/\"},\"author\":{\"name\":\"www.gay.blog.br\",\"@id\":\"https:\\\/\\\/gay.blog.br\\\/es\\\/#\\\/schema\\\/person\\\/ab4bce68ee54b8f4af5c174efe7472e5\"},\"headline\":\"El calendario 2019 con sacerdotes del Vaticano ya est\u00e1 a la venta, \u00a1oremos!\",\"datePublished\":\"2018-12-29T21:14:19+00:00\",\"dateModified\":\"2021-04-15T02:38:33+00:00\",\"mainEntityOfPage\":{\"@id\":\"https:\\\/\\\/gay.blog.br\\\/es\\\/chicos\\\/el-calendario-2019-con-sacerdotes-del-vaticano-ya-esta-a-la-venta-oremos\\\/\"},\"wordCount\":286,\"commentCount\":0,\"publisher\":{\"@id\":\"https:\\\/\\\/gay.blog.br\\\/es\\\/#organization\"},\"image\":{\"@id\":\"https:\\\/\\\/gay.blog.br\\\/es\\\/chicos\\\/el-calendario-2019-con-sacerdotes-del-vaticano-ya-esta-a-la-venta-oremos\\\/#primaryimage\"},\"thumbnailUrl\":\"https:\\\/\\\/i0.wp.com\\\/gay.blog.br\\\/wp-content\\\/uploads\\\/2018\\\/12\\\/padres-2019.jpg?fit=540%2C386&ssl=1\",\"keywords\":[\"2019\",\"aleluya\",\"calendario\",\"Calendario Romano\",\"oremos\",\"padres\",\"souvenir\",\"vaticano\"],\"articleSection\":[\"CHICOS\"],\"inLanguage\":\"es\",\"potentialAction\":[{\"@type\":\"CommentAction\",\"name\":\"Comment\",\"target\":[\"https:\\\/\\\/gay.blog.br\\\/es\\\/chicos\\\/el-calendario-2019-con-sacerdotes-del-vaticano-ya-esta-a-la-venta-oremos\\\/#respond\"]}]},{\"@type\":\"WebPage\",\"@id\":\"https:\\\/\\\/gay.blog.br\\\/es\\\/chicos\\\/el-calendario-2019-con-sacerdotes-del-vaticano-ya-esta-a-la-venta-oremos\\\/\",\"url\":\"https:\\\/\\\/gay.blog.br\\\/es\\\/chicos\\\/el-calendario-2019-con-sacerdotes-del-vaticano-ya-esta-a-la-venta-oremos\\\/\",\"name\":\"El calendario 2019 con sacerdotes del Vaticano ya est\u00e1 a la venta, \u00a1oremos!\",\"isPartOf\":{\"@id\":\"https:\\\/\\\/gay.blog.br\\\/es\\\/#website\"},\"primaryImageOfPage\":{\"@id\":\"https:\\\/\\\/gay.blog.br\\\/es\\\/chicos\\\/el-calendario-2019-con-sacerdotes-del-vaticano-ya-esta-a-la-venta-oremos\\\/#primaryimage\"},\"image\":{\"@id\":\"https:\\\/\\\/gay.blog.br\\\/es\\\/chicos\\\/el-calendario-2019-con-sacerdotes-del-vaticano-ya-esta-a-la-venta-oremos\\\/#primaryimage\"},\"thumbnailUrl\":\"https:\\\/\\\/i0.wp.com\\\/gay.blog.br\\\/wp-content\\\/uploads\\\/2018\\\/12\\\/padres-2019.jpg?fit=540%2C386&ssl=1\",\"datePublished\":\"2018-12-29T21:14:19+00:00\",\"dateModified\":\"2021-04-15T02:38:33+00:00\",\"description\":\"Un souvenir directamente desde Roma que se puede entregar a cualquier parte del mundo. \u00a1\u00bfAleluya ?!\",\"breadcrumb\":{\"@id\":\"https:\\\/\\\/gay.blog.br\\\/es\\\/chicos\\\/el-calendario-2019-con-sacerdotes-del-vaticano-ya-esta-a-la-venta-oremos\\\/#breadcrumb\"},\"inLanguage\":\"es\",\"potentialAction\":[{\"@type\":\"ReadAction\",\"target\":[\"https:\\\/\\\/gay.blog.br\\\/es\\\/chicos\\\/el-calendario-2019-con-sacerdotes-del-vaticano-ya-esta-a-la-venta-oremos\\\/\"]}]},{\"@type\":\"ImageObject\",\"inLanguage\":\"es\",\"@id\":\"https:\\\/\\\/gay.blog.br\\\/es\\\/chicos\\\/el-calendario-2019-con-sacerdotes-del-vaticano-ya-esta-a-la-venta-oremos\\\/#primaryimage\",\"url\":\"https:\\\/\\\/i0.wp.com\\\/gay.blog.br\\\/wp-content\\\/uploads\\\/2018\\\/12\\\/padres-2019.jpg?fit=540%2C386&ssl=1\",\"contentUrl\":\"https:\\\/\\\/i0.wp.com\\\/gay.blog.br\\\/wp-content\\\/uploads\\\/2018\\\/12\\\/padres-2019.jpg?fit=540%2C386&ssl=1\",\"width\":540,\"height\":386},{\"@type\":\"BreadcrumbList\",\"@id\":\"https:\\\/\\\/gay.blog.br\\\/es\\\/chicos\\\/el-calendario-2019-con-sacerdotes-del-vaticano-ya-esta-a-la-venta-oremos\\\/#breadcrumb\",\"itemListElement\":[{\"@type\":\"ListItem\",\"position\":1,\"name\":\"In\u00edcio\",\"item\":\"https:\\\/\\\/gay.blog.br\\\/es\\\/\"},{\"@type\":\"ListItem\",\"position\":2,\"name\":\"El calendario 2019 con sacerdotes del Vaticano ya est\u00e1 a la venta, \u00a1oremos!\"}]},{\"@type\":\"WebSite\",\"@id\":\"https:\\\/\\\/gay.blog.br\\\/es\\\/#website\",\"url\":\"https:\\\/\\\/gay.blog.br\\\/es\\\/\",\"name\":\"GAY BLOG BR @gayblogbr\",\"description\":\"Not\u00edcias que empoderam e\\\/ou entret\u00eam s\u00e3o especialidades da casa\",\"publisher\":{\"@id\":\"https:\\\/\\\/gay.blog.br\\\/es\\\/#organization\"},\"potentialAction\":[{\"@type\":\"SearchAction\",\"target\":{\"@type\":\"EntryPoint\",\"urlTemplate\":\"https:\\\/\\\/gay.blog.br\\\/es\\\/?s={search_term_string}\"},\"query-input\":{\"@type\":\"PropertyValueSpecification\",\"valueRequired\":true,\"valueName\":\"search_term_string\"}}],\"inLanguage\":\"es\"},{\"@type\":\"Organization\",\"@id\":\"https:\\\/\\\/gay.blog.br\\\/es\\\/#organization\",\"name\":\"GAY BLOG BR\",\"url\":\"https:\\\/\\\/gay.blog.br\\\/es\\\/\",\"logo\":{\"@type\":\"ImageObject\",\"inLanguage\":\"es\",\"@id\":\"https:\\\/\\\/gay.blog.br\\\/es\\\/#\\\/schema\\\/logo\\\/image\\\/\",\"url\":\"https:\\\/\\\/i0.wp.com\\\/gay.blog.br\\\/wp-content\\\/uploads\\\/2023\\\/08\\\/gay180px.png?fit=272%2C90&ssl=1\",\"contentUrl\":\"https:\\\/\\\/i0.wp.com\\\/gay.blog.br\\\/wp-content\\\/uploads\\\/2023\\\/08\\\/gay180px.png?fit=272%2C90&ssl=1\",\"width\":272,\"height\":90,\"caption\":\"GAY BLOG BR\"},\"image\":{\"@id\":\"https:\\\/\\\/gay.blog.br\\\/es\\\/#\\\/schema\\\/logo\\\/image\\\/\"},\"sameAs\":[\"https:\\\/\\\/facebook.com\\\/gayblogbr\",\"https:\\\/\\\/x.com\\\/gayblogbr\",\"https:\\\/\\\/instagram.com\\\/gayblogbr\",\"https:\\\/\\\/www.linkedin.com\\\/company\\\/gayblogbr\\\/\",\"https:\\\/\\\/br.pinterest.com\\\/gayblogbr\\\/\",\"https:\\\/\\\/www.youtube.com\\\/channel\\\/UCdEu3JXLOB-wvWAVUF4AIiA\",\"https:\\\/\\\/pt.wikipedia.org\\\/wiki\\\/Gay_Blog_Br\",\"https:\\\/\\\/www.threads.net\\\/@gayblogbr\"]},{\"@type\":\"Person\",\"@id\":\"https:\\\/\\\/gay.blog.br\\\/es\\\/#\\\/schema\\\/person\\\/ab4bce68ee54b8f4af5c174efe7472e5\",\"name\":\"www.gay.blog.br\",\"image\":{\"@type\":\"ImageObject\",\"inLanguage\":\"es\",\"@id\":\"https:\\\/\\\/secure.gravatar.com\\\/avatar\\\/a6fb6bf5c84cdaa375389c43448e2bb88db4600d8fc5be6c42a410789075740f?s=96&d=mm&r=g\",\"url\":\"https:\\\/\\\/secure.gravatar.com\\\/avatar\\\/a6fb6bf5c84cdaa375389c43448e2bb88db4600d8fc5be6c42a410789075740f?s=96&d=mm&r=g\",\"contentUrl\":\"https:\\\/\\\/secure.gravatar.com\\\/avatar\\\/a6fb6bf5c84cdaa375389c43448e2bb88db4600d8fc5be6c42a410789075740f?s=96&d=mm&r=g\",\"caption\":\"www.gay.blog.br\"},\"description\":\"Receba as not\u00edcias pelo Telegram!\",\"sameAs\":[\"https:\\\/\\\/facebook.com\\\/gayblogbr\",\"https:\\\/\\\/instagram.com\\\/gayblogbr\",\"https:\\\/\\\/www.linkedin.com\\\/company\\\/gayblogbr\\\/\",\"https:\\\/\\\/pinterest.com\\\/gayblogbr\\\/\",\"https:\\\/\\\/x.com\\\/https:\\\/\\\/bsky.app\\\/profile\\\/gayblogbr.bsky.social\",\"https:\\\/\\\/www.youtube.com\\\/@GAYBLOGBR\",\"https:\\\/\\\/pt.wikipedia.org\\\/wiki\\\/Gay_Blog_Br\"],\"url\":\"https:\\\/\\\/gay.blog.br\\\/es\\\/author\\\/oaudaznavegante\\\/\"}]}<\/script>\n<!-- \/ Yoast SEO plugin. -->","yoast_head_json":{"title":"El calendario 2019 con sacerdotes del Vaticano ya est\u00e1 a la venta, \u00a1oremos!","description":"Un souvenir directamente desde Roma que se puede entregar a cualquier parte del mundo. \u00a1\u00bfAleluya ?!","robots":{"index":"index","follow":"follow","max-snippet":"max-snippet:-1","max-image-preview":"max-image-preview:large","max-video-preview":"max-video-preview:-1"},"canonical":"https:\/\/gay.blog.br\/es\/chicos\/el-calendario-2019-con-sacerdotes-del-vaticano-ya-esta-a-la-venta-oremos\/","og_locale":"es_ES","og_type":"article","og_title":"El calendario 2019 con sacerdotes del Vaticano ya est\u00e1 a la venta, \u00a1oremos!","og_description":"Un souvenir directamente desde Roma que se puede entregar a cualquier parte del mundo. \u00a1\u00bfAleluya ?!","og_url":"https:\/\/gay.blog.br\/es\/chicos\/el-calendario-2019-con-sacerdotes-del-vaticano-ya-esta-a-la-venta-oremos\/","og_site_name":"GAY BLOG BR @gayblogbr","article_publisher":"https:\/\/facebook.com\/gayblogbr","article_author":"https:\/\/facebook.com\/gayblogbr","article_published_time":"2018-12-29T21:14:19+00:00","article_modified_time":"2021-04-15T02:38:33+00:00","og_image":[{"width":540,"height":386,"url":"https:\/\/i0.wp.com\/gay.blog.br\/wp-content\/uploads\/2018\/12\/padres-2019.jpg?fit=540%2C386&ssl=1","type":"image\/jpeg"}],"author":"www.gay.blog.br","twitter_card":"summary_large_image","twitter_creator":"@https:\/\/bsky.app\/profile\/gayblogbr.bsky.social","twitter_site":"@gayblogbr","twitter_misc":{"Escrito por":"www.gay.blog.br","Tiempo de lectura":"1 minuto"},"schema":{"@context":"https:\/\/schema.org","@graph":[{"@type":"Article","@id":"https:\/\/gay.blog.br\/es\/chicos\/el-calendario-2019-con-sacerdotes-del-vaticano-ya-esta-a-la-venta-oremos\/#article","isPartOf":{"@id":"https:\/\/gay.blog.br\/es\/chicos\/el-calendario-2019-con-sacerdotes-del-vaticano-ya-esta-a-la-venta-oremos\/"},"author":{"name":"www.gay.blog.br","@id":"https:\/\/gay.blog.br\/es\/#\/schema\/person\/ab4bce68ee54b8f4af5c174efe7472e5"},"headline":"El calendario 2019 con sacerdotes del Vaticano ya est\u00e1 a la venta, \u00a1oremos!","datePublished":"2018-12-29T21:14:19+00:00","dateModified":"2021-04-15T02:38:33+00:00","mainEntityOfPage":{"@id":"https:\/\/gay.blog.br\/es\/chicos\/el-calendario-2019-con-sacerdotes-del-vaticano-ya-esta-a-la-venta-oremos\/"},"wordCount":286,"commentCount":0,"publisher":{"@id":"https:\/\/gay.blog.br\/es\/#organization"},"image":{"@id":"https:\/\/gay.blog.br\/es\/chicos\/el-calendario-2019-con-sacerdotes-del-vaticano-ya-esta-a-la-venta-oremos\/#primaryimage"},"thumbnailUrl":"https:\/\/i0.wp.com\/gay.blog.br\/wp-content\/uploads\/2018\/12\/padres-2019.jpg?fit=540%2C386&ssl=1","keywords":["2019","aleluya","calendario","Calendario Romano","oremos","padres","souvenir","vaticano"],"articleSection":["CHICOS"],"inLanguage":"es","potentialAction":[{"@type":"CommentAction","name":"Comment","target":["https:\/\/gay.blog.br\/es\/chicos\/el-calendario-2019-con-sacerdotes-del-vaticano-ya-esta-a-la-venta-oremos\/#respond"]}]},{"@type":"WebPage","@id":"https:\/\/gay.blog.br\/es\/chicos\/el-calendario-2019-con-sacerdotes-del-vaticano-ya-esta-a-la-venta-oremos\/","url":"https:\/\/gay.blog.br\/es\/chicos\/el-calendario-2019-con-sacerdotes-del-vaticano-ya-esta-a-la-venta-oremos\/","name":"El calendario 2019 con sacerdotes del Vaticano ya est\u00e1 a la venta, \u00a1oremos!","isPartOf":{"@id":"https:\/\/gay.blog.br\/es\/#website"},"primaryImageOfPage":{"@id":"https:\/\/gay.blog.br\/es\/chicos\/el-calendario-2019-con-sacerdotes-del-vaticano-ya-esta-a-la-venta-oremos\/#primaryimage"},"image":{"@id":"https:\/\/gay.blog.br\/es\/chicos\/el-calendario-2019-con-sacerdotes-del-vaticano-ya-esta-a-la-venta-oremos\/#primaryimage"},"thumbnailUrl":"https:\/\/i0.wp.com\/gay.blog.br\/wp-content\/uploads\/2018\/12\/padres-2019.jpg?fit=540%2C386&ssl=1","datePublished":"2018-12-29T21:14:19+00:00","dateModified":"2021-04-15T02:38:33+00:00","description":"Un souvenir directamente desde Roma que se puede entregar a cualquier parte del mundo. \u00a1\u00bfAleluya ?!","breadcrumb":{"@id":"https:\/\/gay.blog.br\/es\/chicos\/el-calendario-2019-con-sacerdotes-del-vaticano-ya-esta-a-la-venta-oremos\/#breadcrumb"},"inLanguage":"es","potentialAction":[{"@type":"ReadAction","target":["https:\/\/gay.blog.br\/es\/chicos\/el-calendario-2019-con-sacerdotes-del-vaticano-ya-esta-a-la-venta-oremos\/"]}]},{"@type":"ImageObject","inLanguage":"es","@id":"https:\/\/gay.blog.br\/es\/chicos\/el-calendario-2019-con-sacerdotes-del-vaticano-ya-esta-a-la-venta-oremos\/#primaryimage","url":"https:\/\/i0.wp.com\/gay.blog.br\/wp-content\/uploads\/2018\/12\/padres-2019.jpg?fit=540%2C386&ssl=1","contentUrl":"https:\/\/i0.wp.com\/gay.blog.br\/wp-content\/uploads\/2018\/12\/padres-2019.jpg?fit=540%2C386&ssl=1","width":540,"height":386},{"@type":"BreadcrumbList","@id":"https:\/\/gay.blog.br\/es\/chicos\/el-calendario-2019-con-sacerdotes-del-vaticano-ya-esta-a-la-venta-oremos\/#breadcrumb","itemListElement":[{"@type":"ListItem","position":1,"name":"In\u00edcio","item":"https:\/\/gay.blog.br\/es\/"},{"@type":"ListItem","position":2,"name":"El calendario 2019 con sacerdotes del Vaticano ya est\u00e1 a la venta, \u00a1oremos!"}]},{"@type":"WebSite","@id":"https:\/\/gay.blog.br\/es\/#website","url":"https:\/\/gay.blog.br\/es\/","name":"GAY BLOG BR @gayblogbr","description":"Not\u00edcias que empoderam e\/ou entret\u00eam s\u00e3o especialidades da casa","publisher":{"@id":"https:\/\/gay.blog.br\/es\/#organization"},"potentialAction":[{"@type":"SearchAction","target":{"@type":"EntryPoint","urlTemplate":"https:\/\/gay.blog.br\/es\/?s={search_term_string}"},"query-input":{"@type":"PropertyValueSpecification","valueRequired":true,"valueName":"search_term_string"}}],"inLanguage":"es"},{"@type":"Organization","@id":"https:\/\/gay.blog.br\/es\/#organization","name":"GAY BLOG BR","url":"https:\/\/gay.blog.br\/es\/","logo":{"@type":"ImageObject","inLanguage":"es","@id":"https:\/\/gay.blog.br\/es\/#\/schema\/logo\/image\/","url":"https:\/\/i0.wp.com\/gay.blog.br\/wp-content\/uploads\/2023\/08\/gay180px.png?fit=272%2C90&ssl=1","contentUrl":"https:\/\/i0.wp.com\/gay.blog.br\/wp-content\/uploads\/2023\/08\/gay180px.png?fit=272%2C90&ssl=1","width":272,"height":90,"caption":"GAY BLOG BR"},"image":{"@id":"https:\/\/gay.blog.br\/es\/#\/schema\/logo\/image\/"},"sameAs":["https:\/\/facebook.com\/gayblogbr","https:\/\/x.com\/gayblogbr","https:\/\/instagram.com\/gayblogbr","https:\/\/www.linkedin.com\/company\/gayblogbr\/","https:\/\/br.pinterest.com\/gayblogbr\/","https:\/\/www.youtube.com\/channel\/UCdEu3JXLOB-wvWAVUF4AIiA","https:\/\/pt.wikipedia.org\/wiki\/Gay_Blog_Br","https:\/\/www.threads.net\/@gayblogbr"]},{"@type":"Person","@id":"https:\/\/gay.blog.br\/es\/#\/schema\/person\/ab4bce68ee54b8f4af5c174efe7472e5","name":"www.gay.blog.br","image":{"@type":"ImageObject","inLanguage":"es","@id":"https:\/\/secure.gravatar.com\/avatar\/a6fb6bf5c84cdaa375389c43448e2bb88db4600d8fc5be6c42a410789075740f?s=96&d=mm&r=g","url":"https:\/\/secure.gravatar.com\/avatar\/a6fb6bf5c84cdaa375389c43448e2bb88db4600d8fc5be6c42a410789075740f?s=96&d=mm&r=g","contentUrl":"https:\/\/secure.gravatar.com\/avatar\/a6fb6bf5c84cdaa375389c43448e2bb88db4600d8fc5be6c42a410789075740f?s=96&d=mm&r=g","caption":"www.gay.blog.br"},"description":"Receba as not\u00edcias pelo Telegram!","sameAs":["https:\/\/facebook.com\/gayblogbr","https:\/\/instagram.com\/gayblogbr","https:\/\/www.linkedin.com\/company\/gayblogbr\/","https:\/\/pinterest.com\/gayblogbr\/","https:\/\/x.com\/https:\/\/bsky.app\/profile\/gayblogbr.bsky.social","https:\/\/www.youtube.com\/@GAYBLOGBR","https:\/\/pt.wikipedia.org\/wiki\/Gay_Blog_Br"],"url":"https:\/\/gay.blog.br\/es\/author\/oaudaznavegante\/"}]}},"jetpack_publicize_connections":[],"jetpack_featured_media_url":"https:\/\/i0.wp.com\/gay.blog.br\/wp-content\/uploads\/2018\/12\/padres-2019.jpg?fit=540%2C386&ssl=1","jetpack_sharing_enabled":true,"jetpack_shortlink":"https:\/\/wp.me\/p6klkK-v9Z","jetpack_likes_enabled":false,"amp_enabled":true,"_links":{"self":[{"href":"https:\/\/gay.blog.br\/es\/wp-json\/wp\/v2\/posts\/119783","targetHints":{"allow":["GET"]}}],"collection":[{"href":"https:\/\/gay.blog.br\/es\/wp-json\/wp\/v2\/posts"}],"about":[{"href":"https:\/\/gay.blog.br\/es\/wp-json\/wp\/v2\/types\/post"}],"author":[{"embeddable":true,"href":"https:\/\/gay.blog.br\/es\/wp-json\/wp\/v2\/users\/2"}],"replies":[{"embeddable":true,"href":"https:\/\/gay.blog.br\/es\/wp-json\/wp\/v2\/comments?post=119783"}],"version-history":[{"count":0,"href":"https:\/\/gay.blog.br\/es\/wp-json\/wp\/v2\/posts\/119783\/revisions"}],"wp:featuredmedia":[{"embeddable":true,"href":"https:\/\/gay.blog.br\/es\/wp-json\/wp\/v2\/media\/67416"}],"wp:attachment":[{"href":"https:\/\/gay.blog.br\/es\/wp-json\/wp\/v2\/media?parent=119783"}],"wp:term":[{"taxonomy":"category","embeddable":true,"href":"https:\/\/gay.blog.br\/es\/wp-json\/wp\/v2\/categories?post=119783"},{"taxonomy":"post_tag","embeddable":true,"href":"https:\/\/gay.blog.br\/es\/wp-json\/wp\/v2\/tags?post=119783"}],"curies":[{"name":"wp","href":"https:\/\/api.w.org\/{rel}","templated":true}]}}