{"id":119788,"date":"2021-04-12T15:13:26","date_gmt":"2021-04-12T18:13:26","guid":{"rendered":"https:\/\/gay.blog.br\/?p=119788"},"modified":"2021-04-13T22:10:14","modified_gmt":"2021-04-14T01:10:14","slug":"heredero-del-titulo-de-principe-felipe-ya-se-ha-visto-obligado-a-declarar-que-no-era-gay","status":"publish","type":"post","link":"https:\/\/gay.blog.br\/es\/noticias-es\/heredero-del-titulo-de-principe-felipe-ya-se-ha-visto-obligado-a-declarar-que-no-era-gay\/","title":{"rendered":"Heredero del t\u00edtulo de pr\u00edncipe Felipe ya se ha visto obligado a declarar que no era gay"},"content":{"rendered":"<p style=\"text-align: justify;\">La muerte de su padre, el pr\u00edncipe <strong>Philip<\/strong>, la semana pasada, a los 99 a\u00f1os, arroj\u00f3 luz sobre su hijo menor, <strong>Edward<\/strong>, de 57 a\u00f1os, quien heredar\u00e1 su t\u00edtulo de duque de Edimburgo. Edward, por cierto, ya se ha visto obligado a declarar que no era gay, como recuerda el periodista <strong>Jeff Ben\u00edcio<\/strong>, del <a href=\"https:\/\/www.terra.com.br\/diversao\/tv\/blog-sala-de-tv\/filho-da-rainha-foi-obrigado-a-declarar-eu-nao-sou-gay,74f972af80901214cddefe167997587f9y31xdrt.html\">blog Sala de TV<\/a> de Terra.<\/p>\n<p style=\"text-align: justify;\">\u00ab<em>En las d\u00e9cadas de 1980 y 1990, Edward atrajo la atenci\u00f3n de periodistas especializados en monarqu\u00eda al huir de las tradiciones de su dinast\u00eda. No complet\u00f3 la formaci\u00f3n militar, como sus hermanos y antepasados. Abandon\u00f3 el curso de la Marina para dedicarse al teatro<\/em>. \u00ab, escribe el periodista.<\/p>\n<figure id=\"attachment_119706\" aria-describedby=\"caption-attachment-119706\" style=\"width: 1200px\" class=\"wp-caption alignnone\"><img data-recalc-dims=\"1\" loading=\"lazy\" decoding=\"async\" class=\"size-full wp-image-119706\" src=\"https:\/\/i0.wp.com\/gay.blog.br\/wp-content\/uploads\/2021\/04\/edward-pets-t.jpg?resize=696%2C418&#038;ssl=1\" alt=\"\" width=\"696\" height=\"418\" srcset=\"https:\/\/i0.wp.com\/gay.blog.br\/wp-content\/uploads\/2021\/04\/edward-pets-t.jpg?w=1200&amp;ssl=1 1200w, https:\/\/i0.wp.com\/gay.blog.br\/wp-content\/uploads\/2021\/04\/edward-pets-t.jpg?resize=300%2C180&amp;ssl=1 300w, https:\/\/i0.wp.com\/gay.blog.br\/wp-content\/uploads\/2021\/04\/edward-pets-t.jpg?resize=1024%2C614&amp;ssl=1 1024w, https:\/\/i0.wp.com\/gay.blog.br\/wp-content\/uploads\/2021\/04\/edward-pets-t.jpg?resize=150%2C90&amp;ssl=1 150w, https:\/\/i0.wp.com\/gay.blog.br\/wp-content\/uploads\/2021\/04\/edward-pets-t.jpg?resize=768%2C461&amp;ssl=1 768w, https:\/\/i0.wp.com\/gay.blog.br\/wp-content\/uploads\/2021\/04\/edward-pets-t.jpg?resize=696%2C418&amp;ssl=1 696w, https:\/\/i0.wp.com\/gay.blog.br\/wp-content\/uploads\/2021\/04\/edward-pets-t.jpg?resize=1068%2C641&amp;ssl=1 1068w, https:\/\/i0.wp.com\/gay.blog.br\/wp-content\/uploads\/2021\/04\/edward-pets-t.jpg?resize=700%2C420&amp;ssl=1 700w\" sizes=\"auto, (max-width: 696px) 100vw, 696px\" \/><figcaption id=\"caption-attachment-119706\" class=\"wp-caption-text\">Reproducci\u00f3n<\/figcaption><\/figure>\n<p style=\"text-align: justify;\"><em>\u00abSu padre, el pr\u00edncipe Philip, que era el capit\u00e1n general de la Infanter\u00eda de Marina, se habr\u00eda decepcionado, pero acept\u00f3 la decisi\u00f3n. Dedicado a los musicales, Edward fue subdirector de edici\u00f3n de &#8216;Cats&#8217; y &#8216;El fantasma de la \u00f3pera&#8217; . Posteriormente, produjo programas y documentales para TV \u00ab.<\/em><\/p>\n<p style=\"text-align: justify;\"><em>\u00abEn ese momento, el joven conde de Wessex era objeto de chismes sobre la sexualidad. La prensa sensacionalista insinu\u00f3 que era gay y no se pronunci\u00f3 en p\u00fablico por temor a la reacci\u00f3n de la reina madre, el padre autoritario y los s\u00fabditos\u00bb.<\/em><\/p>\n<p style=\"text-align: justify;\"><em>Seg\u00fan el blog, \u00abcorri\u00f3 el rumor de que Edward estaba saliendo con el cantante Michael Ball. Una vez, abordado por un reportero del peri\u00f3dico The Sun, el pr\u00edncipe reaccion\u00f3 con furia.\u00bb No soy gay \u00ab, dijo exaltado. Injusto para m\u00ed y mi familia. Repercusiones grandilocuentes en el reino\u00bb.<\/em><\/p>\n<p style=\"text-align: justify;\">En 1999, Edward se cas\u00f3 con Sophie, de una familia aristocr\u00e1tica. Los rumores no se han detenido por completo. Se habl\u00f3 de una boda de fachada para encubrir la supuesta homosexualidad del hijo menor de Elizabeth.<\/p>\n<figure id=\"attachment_119709\" aria-describedby=\"caption-attachment-119709\" style=\"width: 1000px\" class=\"wp-caption alignnone\"><img data-recalc-dims=\"1\" loading=\"lazy\" decoding=\"async\" class=\"size-full wp-image-119709\" src=\"https:\/\/i0.wp.com\/gay.blog.br\/wp-content\/uploads\/2021\/04\/ed.jpg?resize=696%2C392&#038;ssl=1\" alt=\"\" width=\"696\" height=\"392\" srcset=\"https:\/\/i0.wp.com\/gay.blog.br\/wp-content\/uploads\/2021\/04\/ed.jpg?w=1000&amp;ssl=1 1000w, https:\/\/i0.wp.com\/gay.blog.br\/wp-content\/uploads\/2021\/04\/ed.jpg?resize=300%2C169&amp;ssl=1 300w, https:\/\/i0.wp.com\/gay.blog.br\/wp-content\/uploads\/2021\/04\/ed.jpg?resize=150%2C84&amp;ssl=1 150w, https:\/\/i0.wp.com\/gay.blog.br\/wp-content\/uploads\/2021\/04\/ed.jpg?resize=768%2C432&amp;ssl=1 768w, https:\/\/i0.wp.com\/gay.blog.br\/wp-content\/uploads\/2021\/04\/ed.jpg?resize=696%2C392&amp;ssl=1 696w, https:\/\/i0.wp.com\/gay.blog.br\/wp-content\/uploads\/2021\/04\/ed.jpg?resize=746%2C420&amp;ssl=1 746w\" sizes=\"auto, (max-width: 696px) 100vw, 696px\" \/><figcaption id=\"caption-attachment-119709\" class=\"wp-caption-text\">Reproducci\u00f3n<\/figcaption><\/figure>\n","protected":false},"excerpt":{"rendered":"<p>El pr\u00edncipe Eduardo, que renunci\u00f3 a su carrera militar para ser actor, fue blanco de rumores sobre la homosexualidad en los a\u00f1os 80 y 90. <\/p>\n","protected":false},"author":3039,"featured_media":119711,"comment_status":"open","ping_status":"open","sticky":false,"template":"","format":"standard","meta":{"googlesitekit_rrm_CAoiEBg-BXrJeACjO8p49SE4kTY:productID":"","tdm_status":"","tdm_grid_status":"","_jetpack_newsletter_access":"","_jetpack_dont_email_post_to_subs":false,"_jetpack_newsletter_tier_id":0,"_jetpack_memberships_contains_paywalled_content":false,"_jetpack_memberships_contains_paid_content":false,"footnotes":"","jetpack_publicize_message":"Heredero del t\u00edtulo de pr\u00edncipe Felipe ya se ha visto obligado a declarar que no era gay","jetpack_publicize_feature_enabled":true,"jetpack_social_post_already_shared":true,"jetpack_social_options":{"image_generator_settings":{"template":"highway","default_image_id":0,"font":"","enabled":false},"version":2},"_wpas_customize_per_network":false,"jetpack_post_was_ever_published":false},"categories":[589932231],"tags":[589939138,589933060,589939137],"class_list":{"0":"post-119788","1":"post","2":"type-post","3":"status-publish","4":"format-standard","5":"has-post-thumbnail","7":"category-noticias-es","8":"tag-edward-es","9":"tag-inglaterra-es","10":"tag-principe-philip-es"},"yoast_head":"<!-- This site is optimized with the Yoast SEO plugin v27.5 - https:\/\/yoast.com\/product\/yoast-seo-wordpress\/ -->\n<title>Heredero del t\u00edtulo de pr\u00edncipe Felipe ya se ha visto obligado a declarar que no era gay<\/title>\n<meta name=\"description\" content=\"El pr\u00edncipe Eduardo, que renunci\u00f3 a su carrera militar para ser actor, fue blanco de rumores sobre la homosexualidad en los a\u00f1os 80 y 90.\" \/>\n<meta name=\"robots\" content=\"index, follow, max-snippet:-1, max-image-preview:large, max-video-preview:-1\" \/>\n<link rel=\"canonical\" href=\"https:\/\/gay.blog.br\/es\/noticias-es\/heredero-del-titulo-de-principe-felipe-ya-se-ha-visto-obligado-a-declarar-que-no-era-gay\/\" \/>\n<meta property=\"og:locale\" content=\"es_ES\" \/>\n<meta property=\"og:type\" content=\"article\" \/>\n<meta property=\"og:title\" content=\"Heredero del t\u00edtulo de pr\u00edncipe Felipe ya se ha visto obligado a declarar que no era gay\" \/>\n<meta property=\"og:description\" content=\"El pr\u00edncipe Eduardo, que renunci\u00f3 a su carrera militar para ser actor, fue blanco de rumores sobre la homosexualidad en los a\u00f1os 80 y 90.\" \/>\n<meta property=\"og:url\" content=\"https:\/\/gay.blog.br\/es\/noticias-es\/heredero-del-titulo-de-principe-felipe-ya-se-ha-visto-obligado-a-declarar-que-no-era-gay\/\" \/>\n<meta property=\"og:site_name\" content=\"GAY BLOG BR @gayblogbr\" \/>\n<meta property=\"article:publisher\" content=\"https:\/\/facebook.com\/gayblogbr\" \/>\n<meta property=\"article:published_time\" content=\"2021-04-12T18:13:26+00:00\" \/>\n<meta property=\"article:modified_time\" content=\"2021-04-14T01:10:14+00:00\" \/>\n<meta property=\"og:image\" content=\"https:\/\/i1.wp.com\/gay.blog.br\/wp-content\/uploads\/2021\/04\/ed.jpg?fit=1000%2C563&ssl=1\" \/>\n\t<meta property=\"og:image:width\" content=\"1000\" \/>\n\t<meta property=\"og:image:height\" content=\"563\" \/>\n\t<meta property=\"og:image:type\" content=\"image\/jpeg\" \/>\n<meta name=\"author\" content=\"Carlos Henrique Braga\" \/>\n<meta name=\"twitter:card\" content=\"summary_large_image\" \/>\n<meta name=\"twitter:creator\" content=\"@cahebraga\" \/>\n<meta name=\"twitter:site\" content=\"@gayblogbr\" \/>\n<meta name=\"twitter:label1\" content=\"Escrito por\" \/>\n\t<meta name=\"twitter:data1\" content=\"Carlos Henrique Braga\" \/>\n\t<meta name=\"twitter:label2\" content=\"Tiempo de lectura\" \/>\n\t<meta name=\"twitter:data2\" content=\"2 minutos\" \/>\n<script type=\"application\/ld+json\" class=\"yoast-schema-graph\">{\"@context\":\"https:\\\/\\\/schema.org\",\"@graph\":[{\"@type\":\"Article\",\"@id\":\"https:\\\/\\\/gay.blog.br\\\/es\\\/noticias-es\\\/heredero-del-titulo-de-principe-felipe-ya-se-ha-visto-obligado-a-declarar-que-no-era-gay\\\/#article\",\"isPartOf\":{\"@id\":\"https:\\\/\\\/gay.blog.br\\\/es\\\/noticias-es\\\/heredero-del-titulo-de-principe-felipe-ya-se-ha-visto-obligado-a-declarar-que-no-era-gay\\\/\"},\"author\":{\"name\":\"Carlos Henrique Braga\",\"@id\":\"https:\\\/\\\/gay.blog.br\\\/es\\\/#\\\/schema\\\/person\\\/cd267ffff2d56e12768a81623718b979\"},\"headline\":\"Heredero del t\u00edtulo de pr\u00edncipe Felipe ya se ha visto obligado a declarar que no era gay\",\"datePublished\":\"2021-04-12T18:13:26+00:00\",\"dateModified\":\"2021-04-14T01:10:14+00:00\",\"mainEntityOfPage\":{\"@id\":\"https:\\\/\\\/gay.blog.br\\\/es\\\/noticias-es\\\/heredero-del-titulo-de-principe-felipe-ya-se-ha-visto-obligado-a-declarar-que-no-era-gay\\\/\"},\"wordCount\":334,\"commentCount\":0,\"publisher\":{\"@id\":\"https:\\\/\\\/gay.blog.br\\\/es\\\/#organization\"},\"image\":{\"@id\":\"https:\\\/\\\/gay.blog.br\\\/es\\\/noticias-es\\\/heredero-del-titulo-de-principe-felipe-ya-se-ha-visto-obligado-a-declarar-que-no-era-gay\\\/#primaryimage\"},\"thumbnailUrl\":\"https:\\\/\\\/i0.wp.com\\\/gay.blog.br\\\/wp-content\\\/uploads\\\/2021\\\/04\\\/ed.jpg?fit=1000%2C563&ssl=1\",\"keywords\":[\"Edward\",\"inglaterra\",\"principe philip\"],\"articleSection\":[\"NOT\u00cdCIAS\"],\"inLanguage\":\"es\",\"potentialAction\":[{\"@type\":\"CommentAction\",\"name\":\"Comment\",\"target\":[\"https:\\\/\\\/gay.blog.br\\\/es\\\/noticias-es\\\/heredero-del-titulo-de-principe-felipe-ya-se-ha-visto-obligado-a-declarar-que-no-era-gay\\\/#respond\"]}]},{\"@type\":\"WebPage\",\"@id\":\"https:\\\/\\\/gay.blog.br\\\/es\\\/noticias-es\\\/heredero-del-titulo-de-principe-felipe-ya-se-ha-visto-obligado-a-declarar-que-no-era-gay\\\/\",\"url\":\"https:\\\/\\\/gay.blog.br\\\/es\\\/noticias-es\\\/heredero-del-titulo-de-principe-felipe-ya-se-ha-visto-obligado-a-declarar-que-no-era-gay\\\/\",\"name\":\"Heredero del t\u00edtulo de pr\u00edncipe Felipe ya se ha visto obligado a declarar que no era gay\",\"isPartOf\":{\"@id\":\"https:\\\/\\\/gay.blog.br\\\/es\\\/#website\"},\"primaryImageOfPage\":{\"@id\":\"https:\\\/\\\/gay.blog.br\\\/es\\\/noticias-es\\\/heredero-del-titulo-de-principe-felipe-ya-se-ha-visto-obligado-a-declarar-que-no-era-gay\\\/#primaryimage\"},\"image\":{\"@id\":\"https:\\\/\\\/gay.blog.br\\\/es\\\/noticias-es\\\/heredero-del-titulo-de-principe-felipe-ya-se-ha-visto-obligado-a-declarar-que-no-era-gay\\\/#primaryimage\"},\"thumbnailUrl\":\"https:\\\/\\\/i0.wp.com\\\/gay.blog.br\\\/wp-content\\\/uploads\\\/2021\\\/04\\\/ed.jpg?fit=1000%2C563&ssl=1\",\"datePublished\":\"2021-04-12T18:13:26+00:00\",\"dateModified\":\"2021-04-14T01:10:14+00:00\",\"description\":\"El pr\u00edncipe Eduardo, que renunci\u00f3 a su carrera militar para ser actor, fue blanco de rumores sobre la homosexualidad en los a\u00f1os 80 y 90.\",\"breadcrumb\":{\"@id\":\"https:\\\/\\\/gay.blog.br\\\/es\\\/noticias-es\\\/heredero-del-titulo-de-principe-felipe-ya-se-ha-visto-obligado-a-declarar-que-no-era-gay\\\/#breadcrumb\"},\"inLanguage\":\"es\",\"potentialAction\":[{\"@type\":\"ReadAction\",\"target\":[\"https:\\\/\\\/gay.blog.br\\\/es\\\/noticias-es\\\/heredero-del-titulo-de-principe-felipe-ya-se-ha-visto-obligado-a-declarar-que-no-era-gay\\\/\"]}]},{\"@type\":\"ImageObject\",\"inLanguage\":\"es\",\"@id\":\"https:\\\/\\\/gay.blog.br\\\/es\\\/noticias-es\\\/heredero-del-titulo-de-principe-felipe-ya-se-ha-visto-obligado-a-declarar-que-no-era-gay\\\/#primaryimage\",\"url\":\"https:\\\/\\\/i0.wp.com\\\/gay.blog.br\\\/wp-content\\\/uploads\\\/2021\\\/04\\\/ed.jpg?fit=1000%2C563&ssl=1\",\"contentUrl\":\"https:\\\/\\\/i0.wp.com\\\/gay.blog.br\\\/wp-content\\\/uploads\\\/2021\\\/04\\\/ed.jpg?fit=1000%2C563&ssl=1\",\"width\":1000,\"height\":563,\"caption\":\"EDINBURGH, UNITED KINGDOM - SEPTEMBER 19: (EMBARGOED FOR PUBLICATION IN UK NEWSPAPERS UNTIL 48 HOURS AFTER CREATE DATE AND TIME) Sophie, Countess of Wessex, Prince Philip, Duke of Edinburgh and Prince Edward, Earl of Wessex pose for a photograph before The Countess leaves the Palace of Holyroodhouse on day one of her Diamond Challenge cycle ride on September 19, 2016 in Edinburgh, Scotland. The Countess of Wessex is cycling 445 miles from the Palace of Holyroodhouse, Edinburgh to Buckingham Palace, London over seven days as her 'Diamond Challenge' \u00d0 a special initiative marking the 60th anniversary of the Duke of Edinburgh's Award. (Photo by Max Mumby\\\/Indigo\\\/Getty Images)\"},{\"@type\":\"BreadcrumbList\",\"@id\":\"https:\\\/\\\/gay.blog.br\\\/es\\\/noticias-es\\\/heredero-del-titulo-de-principe-felipe-ya-se-ha-visto-obligado-a-declarar-que-no-era-gay\\\/#breadcrumb\",\"itemListElement\":[{\"@type\":\"ListItem\",\"position\":1,\"name\":\"In\u00edcio\",\"item\":\"https:\\\/\\\/gay.blog.br\\\/es\\\/\"},{\"@type\":\"ListItem\",\"position\":2,\"name\":\"Heredero del t\u00edtulo de pr\u00edncipe Felipe ya se ha visto obligado a declarar que no era gay\"}]},{\"@type\":\"WebSite\",\"@id\":\"https:\\\/\\\/gay.blog.br\\\/es\\\/#website\",\"url\":\"https:\\\/\\\/gay.blog.br\\\/es\\\/\",\"name\":\"GAY BLOG BR @gayblogbr\",\"description\":\"Not\u00edcias que empoderam e\\\/ou entret\u00eam s\u00e3o especialidades da casa\",\"publisher\":{\"@id\":\"https:\\\/\\\/gay.blog.br\\\/es\\\/#organization\"},\"potentialAction\":[{\"@type\":\"SearchAction\",\"target\":{\"@type\":\"EntryPoint\",\"urlTemplate\":\"https:\\\/\\\/gay.blog.br\\\/es\\\/?s={search_term_string}\"},\"query-input\":{\"@type\":\"PropertyValueSpecification\",\"valueRequired\":true,\"valueName\":\"search_term_string\"}}],\"inLanguage\":\"es\"},{\"@type\":\"Organization\",\"@id\":\"https:\\\/\\\/gay.blog.br\\\/es\\\/#organization\",\"name\":\"GAY BLOG BR\",\"url\":\"https:\\\/\\\/gay.blog.br\\\/es\\\/\",\"logo\":{\"@type\":\"ImageObject\",\"inLanguage\":\"es\",\"@id\":\"https:\\\/\\\/gay.blog.br\\\/es\\\/#\\\/schema\\\/logo\\\/image\\\/\",\"url\":\"https:\\\/\\\/i0.wp.com\\\/gay.blog.br\\\/wp-content\\\/uploads\\\/2023\\\/08\\\/gay180px.png?fit=272%2C90&ssl=1\",\"contentUrl\":\"https:\\\/\\\/i0.wp.com\\\/gay.blog.br\\\/wp-content\\\/uploads\\\/2023\\\/08\\\/gay180px.png?fit=272%2C90&ssl=1\",\"width\":272,\"height\":90,\"caption\":\"GAY BLOG BR\"},\"image\":{\"@id\":\"https:\\\/\\\/gay.blog.br\\\/es\\\/#\\\/schema\\\/logo\\\/image\\\/\"},\"sameAs\":[\"https:\\\/\\\/facebook.com\\\/gayblogbr\",\"https:\\\/\\\/x.com\\\/gayblogbr\",\"https:\\\/\\\/instagram.com\\\/gayblogbr\",\"https:\\\/\\\/www.linkedin.com\\\/company\\\/gayblogbr\\\/\",\"https:\\\/\\\/br.pinterest.com\\\/gayblogbr\\\/\",\"https:\\\/\\\/www.youtube.com\\\/channel\\\/UCdEu3JXLOB-wvWAVUF4AIiA\",\"https:\\\/\\\/pt.wikipedia.org\\\/wiki\\\/Gay_Blog_Br\",\"https:\\\/\\\/www.threads.net\\\/@gayblogbr\"]},{\"@type\":\"Person\",\"@id\":\"https:\\\/\\\/gay.blog.br\\\/es\\\/#\\\/schema\\\/person\\\/cd267ffff2d56e12768a81623718b979\",\"name\":\"Carlos Henrique Braga\",\"image\":{\"@type\":\"ImageObject\",\"inLanguage\":\"es\",\"@id\":\"https:\\\/\\\/secure.gravatar.com\\\/avatar\\\/5b3e587a2c2062bba657f0e46352c11e0f9fd644f822214af015b5e192d0f016?s=96&d=mm&r=g\",\"url\":\"https:\\\/\\\/secure.gravatar.com\\\/avatar\\\/5b3e587a2c2062bba657f0e46352c11e0f9fd644f822214af015b5e192d0f016?s=96&d=mm&r=g\",\"contentUrl\":\"https:\\\/\\\/secure.gravatar.com\\\/avatar\\\/5b3e587a2c2062bba657f0e46352c11e0f9fd644f822214af015b5e192d0f016?s=96&d=mm&r=g\",\"caption\":\"Carlos Henrique Braga\"},\"description\":\"Jornalista pela Universidade Federal de MS, foi rep\u00f3rter de economia e hoje, al\u00e9m de colaborar para o Gay Blog Br, \u00e9 servidor p\u00fablico em Joinville (SC). Escreveu ''A Supremacia do Abandono'', livro dispon\u00edvel em amazon.com.br.\",\"sameAs\":[\"https:\\\/\\\/x.com\\\/@cahebraga\"],\"url\":\"https:\\\/\\\/gay.blog.br\\\/es\\\/author\\\/carloshenriquebraga\\\/\"}]}<\/script>\n<!-- \/ Yoast SEO plugin. -->","yoast_head_json":{"title":"Heredero del t\u00edtulo de pr\u00edncipe Felipe ya se ha visto obligado a declarar que no era gay","description":"El pr\u00edncipe Eduardo, que renunci\u00f3 a su carrera militar para ser actor, fue blanco de rumores sobre la homosexualidad en los a\u00f1os 80 y 90.","robots":{"index":"index","follow":"follow","max-snippet":"max-snippet:-1","max-image-preview":"max-image-preview:large","max-video-preview":"max-video-preview:-1"},"canonical":"https:\/\/gay.blog.br\/es\/noticias-es\/heredero-del-titulo-de-principe-felipe-ya-se-ha-visto-obligado-a-declarar-que-no-era-gay\/","og_locale":"es_ES","og_type":"article","og_title":"Heredero del t\u00edtulo de pr\u00edncipe Felipe ya se ha visto obligado a declarar que no era gay","og_description":"El pr\u00edncipe Eduardo, que renunci\u00f3 a su carrera militar para ser actor, fue blanco de rumores sobre la homosexualidad en los a\u00f1os 80 y 90.","og_url":"https:\/\/gay.blog.br\/es\/noticias-es\/heredero-del-titulo-de-principe-felipe-ya-se-ha-visto-obligado-a-declarar-que-no-era-gay\/","og_site_name":"GAY BLOG BR @gayblogbr","article_publisher":"https:\/\/facebook.com\/gayblogbr","article_published_time":"2021-04-12T18:13:26+00:00","article_modified_time":"2021-04-14T01:10:14+00:00","og_image":[{"width":1000,"height":563,"url":"https:\/\/i1.wp.com\/gay.blog.br\/wp-content\/uploads\/2021\/04\/ed.jpg?fit=1000%2C563&ssl=1","type":"image\/jpeg"}],"author":"Carlos Henrique Braga","twitter_card":"summary_large_image","twitter_creator":"@cahebraga","twitter_site":"@gayblogbr","twitter_misc":{"Escrito por":"Carlos Henrique Braga","Tiempo de lectura":"2 minutos"},"schema":{"@context":"https:\/\/schema.org","@graph":[{"@type":"Article","@id":"https:\/\/gay.blog.br\/es\/noticias-es\/heredero-del-titulo-de-principe-felipe-ya-se-ha-visto-obligado-a-declarar-que-no-era-gay\/#article","isPartOf":{"@id":"https:\/\/gay.blog.br\/es\/noticias-es\/heredero-del-titulo-de-principe-felipe-ya-se-ha-visto-obligado-a-declarar-que-no-era-gay\/"},"author":{"name":"Carlos Henrique Braga","@id":"https:\/\/gay.blog.br\/es\/#\/schema\/person\/cd267ffff2d56e12768a81623718b979"},"headline":"Heredero del t\u00edtulo de pr\u00edncipe Felipe ya se ha visto obligado a declarar que no era gay","datePublished":"2021-04-12T18:13:26+00:00","dateModified":"2021-04-14T01:10:14+00:00","mainEntityOfPage":{"@id":"https:\/\/gay.blog.br\/es\/noticias-es\/heredero-del-titulo-de-principe-felipe-ya-se-ha-visto-obligado-a-declarar-que-no-era-gay\/"},"wordCount":334,"commentCount":0,"publisher":{"@id":"https:\/\/gay.blog.br\/es\/#organization"},"image":{"@id":"https:\/\/gay.blog.br\/es\/noticias-es\/heredero-del-titulo-de-principe-felipe-ya-se-ha-visto-obligado-a-declarar-que-no-era-gay\/#primaryimage"},"thumbnailUrl":"https:\/\/i0.wp.com\/gay.blog.br\/wp-content\/uploads\/2021\/04\/ed.jpg?fit=1000%2C563&ssl=1","keywords":["Edward","inglaterra","principe philip"],"articleSection":["NOT\u00cdCIAS"],"inLanguage":"es","potentialAction":[{"@type":"CommentAction","name":"Comment","target":["https:\/\/gay.blog.br\/es\/noticias-es\/heredero-del-titulo-de-principe-felipe-ya-se-ha-visto-obligado-a-declarar-que-no-era-gay\/#respond"]}]},{"@type":"WebPage","@id":"https:\/\/gay.blog.br\/es\/noticias-es\/heredero-del-titulo-de-principe-felipe-ya-se-ha-visto-obligado-a-declarar-que-no-era-gay\/","url":"https:\/\/gay.blog.br\/es\/noticias-es\/heredero-del-titulo-de-principe-felipe-ya-se-ha-visto-obligado-a-declarar-que-no-era-gay\/","name":"Heredero del t\u00edtulo de pr\u00edncipe Felipe ya se ha visto obligado a declarar que no era gay","isPartOf":{"@id":"https:\/\/gay.blog.br\/es\/#website"},"primaryImageOfPage":{"@id":"https:\/\/gay.blog.br\/es\/noticias-es\/heredero-del-titulo-de-principe-felipe-ya-se-ha-visto-obligado-a-declarar-que-no-era-gay\/#primaryimage"},"image":{"@id":"https:\/\/gay.blog.br\/es\/noticias-es\/heredero-del-titulo-de-principe-felipe-ya-se-ha-visto-obligado-a-declarar-que-no-era-gay\/#primaryimage"},"thumbnailUrl":"https:\/\/i0.wp.com\/gay.blog.br\/wp-content\/uploads\/2021\/04\/ed.jpg?fit=1000%2C563&ssl=1","datePublished":"2021-04-12T18:13:26+00:00","dateModified":"2021-04-14T01:10:14+00:00","description":"El pr\u00edncipe Eduardo, que renunci\u00f3 a su carrera militar para ser actor, fue blanco de rumores sobre la homosexualidad en los a\u00f1os 80 y 90.","breadcrumb":{"@id":"https:\/\/gay.blog.br\/es\/noticias-es\/heredero-del-titulo-de-principe-felipe-ya-se-ha-visto-obligado-a-declarar-que-no-era-gay\/#breadcrumb"},"inLanguage":"es","potentialAction":[{"@type":"ReadAction","target":["https:\/\/gay.blog.br\/es\/noticias-es\/heredero-del-titulo-de-principe-felipe-ya-se-ha-visto-obligado-a-declarar-que-no-era-gay\/"]}]},{"@type":"ImageObject","inLanguage":"es","@id":"https:\/\/gay.blog.br\/es\/noticias-es\/heredero-del-titulo-de-principe-felipe-ya-se-ha-visto-obligado-a-declarar-que-no-era-gay\/#primaryimage","url":"https:\/\/i0.wp.com\/gay.blog.br\/wp-content\/uploads\/2021\/04\/ed.jpg?fit=1000%2C563&ssl=1","contentUrl":"https:\/\/i0.wp.com\/gay.blog.br\/wp-content\/uploads\/2021\/04\/ed.jpg?fit=1000%2C563&ssl=1","width":1000,"height":563,"caption":"EDINBURGH, UNITED KINGDOM - SEPTEMBER 19: (EMBARGOED FOR PUBLICATION IN UK NEWSPAPERS UNTIL 48 HOURS AFTER CREATE DATE AND TIME) Sophie, Countess of Wessex, Prince Philip, Duke of Edinburgh and Prince Edward, Earl of Wessex pose for a photograph before The Countess leaves the Palace of Holyroodhouse on day one of her Diamond Challenge cycle ride on September 19, 2016 in Edinburgh, Scotland. The Countess of Wessex is cycling 445 miles from the Palace of Holyroodhouse, Edinburgh to Buckingham Palace, London over seven days as her 'Diamond Challenge' \u00d0 a special initiative marking the 60th anniversary of the Duke of Edinburgh's Award. (Photo by Max Mumby\/Indigo\/Getty Images)"},{"@type":"BreadcrumbList","@id":"https:\/\/gay.blog.br\/es\/noticias-es\/heredero-del-titulo-de-principe-felipe-ya-se-ha-visto-obligado-a-declarar-que-no-era-gay\/#breadcrumb","itemListElement":[{"@type":"ListItem","position":1,"name":"In\u00edcio","item":"https:\/\/gay.blog.br\/es\/"},{"@type":"ListItem","position":2,"name":"Heredero del t\u00edtulo de pr\u00edncipe Felipe ya se ha visto obligado a declarar que no era gay"}]},{"@type":"WebSite","@id":"https:\/\/gay.blog.br\/es\/#website","url":"https:\/\/gay.blog.br\/es\/","name":"GAY BLOG BR @gayblogbr","description":"Not\u00edcias que empoderam e\/ou entret\u00eam s\u00e3o especialidades da casa","publisher":{"@id":"https:\/\/gay.blog.br\/es\/#organization"},"potentialAction":[{"@type":"SearchAction","target":{"@type":"EntryPoint","urlTemplate":"https:\/\/gay.blog.br\/es\/?s={search_term_string}"},"query-input":{"@type":"PropertyValueSpecification","valueRequired":true,"valueName":"search_term_string"}}],"inLanguage":"es"},{"@type":"Organization","@id":"https:\/\/gay.blog.br\/es\/#organization","name":"GAY BLOG BR","url":"https:\/\/gay.blog.br\/es\/","logo":{"@type":"ImageObject","inLanguage":"es","@id":"https:\/\/gay.blog.br\/es\/#\/schema\/logo\/image\/","url":"https:\/\/i0.wp.com\/gay.blog.br\/wp-content\/uploads\/2023\/08\/gay180px.png?fit=272%2C90&ssl=1","contentUrl":"https:\/\/i0.wp.com\/gay.blog.br\/wp-content\/uploads\/2023\/08\/gay180px.png?fit=272%2C90&ssl=1","width":272,"height":90,"caption":"GAY BLOG BR"},"image":{"@id":"https:\/\/gay.blog.br\/es\/#\/schema\/logo\/image\/"},"sameAs":["https:\/\/facebook.com\/gayblogbr","https:\/\/x.com\/gayblogbr","https:\/\/instagram.com\/gayblogbr","https:\/\/www.linkedin.com\/company\/gayblogbr\/","https:\/\/br.pinterest.com\/gayblogbr\/","https:\/\/www.youtube.com\/channel\/UCdEu3JXLOB-wvWAVUF4AIiA","https:\/\/pt.wikipedia.org\/wiki\/Gay_Blog_Br","https:\/\/www.threads.net\/@gayblogbr"]},{"@type":"Person","@id":"https:\/\/gay.blog.br\/es\/#\/schema\/person\/cd267ffff2d56e12768a81623718b979","name":"Carlos Henrique Braga","image":{"@type":"ImageObject","inLanguage":"es","@id":"https:\/\/secure.gravatar.com\/avatar\/5b3e587a2c2062bba657f0e46352c11e0f9fd644f822214af015b5e192d0f016?s=96&d=mm&r=g","url":"https:\/\/secure.gravatar.com\/avatar\/5b3e587a2c2062bba657f0e46352c11e0f9fd644f822214af015b5e192d0f016?s=96&d=mm&r=g","contentUrl":"https:\/\/secure.gravatar.com\/avatar\/5b3e587a2c2062bba657f0e46352c11e0f9fd644f822214af015b5e192d0f016?s=96&d=mm&r=g","caption":"Carlos Henrique Braga"},"description":"Jornalista pela Universidade Federal de MS, foi rep\u00f3rter de economia e hoje, al\u00e9m de colaborar para o Gay Blog Br, \u00e9 servidor p\u00fablico em Joinville (SC). Escreveu ''A Supremacia do Abandono'', livro dispon\u00edvel em amazon.com.br.","sameAs":["https:\/\/x.com\/@cahebraga"],"url":"https:\/\/gay.blog.br\/es\/author\/carloshenriquebraga\/"}]}},"jetpack_publicize_connections":[],"jetpack_featured_media_url":"https:\/\/i0.wp.com\/gay.blog.br\/wp-content\/uploads\/2021\/04\/ed.jpg?fit=1000%2C563&ssl=1","jetpack_sharing_enabled":true,"jetpack_shortlink":"https:\/\/wp.me\/p6klkK-va4","jetpack_likes_enabled":false,"amp_enabled":true,"_links":{"self":[{"href":"https:\/\/gay.blog.br\/es\/wp-json\/wp\/v2\/posts\/119788","targetHints":{"allow":["GET"]}}],"collection":[{"href":"https:\/\/gay.blog.br\/es\/wp-json\/wp\/v2\/posts"}],"about":[{"href":"https:\/\/gay.blog.br\/es\/wp-json\/wp\/v2\/types\/post"}],"author":[{"embeddable":true,"href":"https:\/\/gay.blog.br\/es\/wp-json\/wp\/v2\/users\/3039"}],"replies":[{"embeddable":true,"href":"https:\/\/gay.blog.br\/es\/wp-json\/wp\/v2\/comments?post=119788"}],"version-history":[{"count":0,"href":"https:\/\/gay.blog.br\/es\/wp-json\/wp\/v2\/posts\/119788\/revisions"}],"wp:featuredmedia":[{"embeddable":true,"href":"https:\/\/gay.blog.br\/es\/wp-json\/wp\/v2\/media\/119711"}],"wp:attachment":[{"href":"https:\/\/gay.blog.br\/es\/wp-json\/wp\/v2\/media?parent=119788"}],"wp:term":[{"taxonomy":"category","embeddable":true,"href":"https:\/\/gay.blog.br\/es\/wp-json\/wp\/v2\/categories?post=119788"},{"taxonomy":"post_tag","embeddable":true,"href":"https:\/\/gay.blog.br\/es\/wp-json\/wp\/v2\/tags?post=119788"}],"curies":[{"name":"wp","href":"https:\/\/api.w.org\/{rel}","templated":true}]}}