{"id":119808,"date":"2021-04-09T17:08:39","date_gmt":"2021-04-09T20:08:39","guid":{"rendered":"https:\/\/gay.blog.br\/?p=119808"},"modified":"2021-04-13T22:11:31","modified_gmt":"2021-04-14T01:11:31","slug":"abogado-del-interior-de-mt-pinta-un-arcoiris-en-la-pared-para-combatir-los-prejuicios","status":"publish","type":"post","link":"https:\/\/gay.blog.br\/es\/gay\/abogado-del-interior-de-mt-pinta-un-arcoiris-en-la-pared-para-combatir-los-prejuicios\/","title":{"rendered":"Abogado del interior de MT pinta un arco\u00edris en la pared para combatir los prejuicios"},"content":{"rendered":"<p style=\"text-align: justify;\">Un muro con los colores del arco\u00edris ha llamado la atenci\u00f3n de los pobladores de Campin\u00e1polis, a 656 km de Cuiab\u00e1, en Mato Grosso, informa el sitio web <a href=\"https:\/\/www.olharconceito.com.br\/noticias\/exibir.asp?id=20195&amp;noticia=procurador-de-justica-pinta-muro-de-residencia-com-cores-do-arco-iris-e-local-vira-ponto-turistico\">Olhar Direto<\/a>. La obra imprime la casa del abogado y procurador legal del municipio, <a href=\"https:\/\/gay.blog.br\/wp-admin\/post-new.php?lang=pt-br\"><strong>Yann Dieggo<\/strong><\/a>, quien caracteriza la acci\u00f3n como una forma de enfrentarse a la violencia f\u00edsica y verbal que sufre la poblaci\u00f3n LGBT+ en la ciudad.<\/p>\n<figure id=\"attachment_119345\" aria-describedby=\"caption-attachment-119345\" style=\"width: 620px\" class=\"wp-caption alignnone\"><img data-recalc-dims=\"1\" loading=\"lazy\" decoding=\"async\" class=\"size-full wp-image-119345\" src=\"https:\/\/i0.wp.com\/gay.blog.br\/wp-content\/uploads\/2021\/04\/arco-iris.jpeg?resize=620%2C464&#038;ssl=1\" alt=\"\" width=\"620\" height=\"464\" srcset=\"https:\/\/i0.wp.com\/gay.blog.br\/wp-content\/uploads\/2021\/04\/arco-iris.jpeg?w=620&amp;ssl=1 620w, https:\/\/i0.wp.com\/gay.blog.br\/wp-content\/uploads\/2021\/04\/arco-iris.jpeg?resize=300%2C225&amp;ssl=1 300w, https:\/\/i0.wp.com\/gay.blog.br\/wp-content\/uploads\/2021\/04\/arco-iris.jpeg?resize=150%2C112&amp;ssl=1 150w, https:\/\/i0.wp.com\/gay.blog.br\/wp-content\/uploads\/2021\/04\/arco-iris.jpeg?resize=561%2C420&amp;ssl=1 561w, https:\/\/i0.wp.com\/gay.blog.br\/wp-content\/uploads\/2021\/04\/arco-iris.jpeg?resize=80%2C60&amp;ssl=1 80w, https:\/\/i0.wp.com\/gay.blog.br\/wp-content\/uploads\/2021\/04\/arco-iris.jpeg?resize=160%2C120&amp;ssl=1 160w, https:\/\/i0.wp.com\/gay.blog.br\/wp-content\/uploads\/2021\/04\/arco-iris.jpeg?resize=265%2C198&amp;ssl=1 265w, https:\/\/i0.wp.com\/gay.blog.br\/wp-content\/uploads\/2021\/04\/arco-iris.jpeg?resize=530%2C396&amp;ssl=1 530w\" sizes=\"auto, (max-width: 620px) 100vw, 620px\" \/><figcaption id=\"caption-attachment-119345\" class=\"wp-caption-text\">Reproducci\u00f3n<\/figcaption><\/figure>\n<p style=\"text-align: justify;\">\u00ab<em>En una ocasi\u00f3n, a un amigo m\u00edo, tambi\u00e9n abogado, le dijeron: &#8216;\u00bfC\u00f3mo dejaste que un gay pasara el concurso p\u00fablico para defender al municipio?<\/em>&#8216;\u00bb, Cont\u00f3 Yann al sitio web, recordando uno de los episodios de <a href=\"https:\/\/gay.blog.br\/noticias\/o-delegado-se-recusou-a-registrar-como-homofobia-conta-vitima-de-agressao-por-homofobia\/\">homofobia<\/a> en su 13 a\u00f1os trabajando en el poder judicial.<\/p>\n<p style=\"text-align: justify;\">En las \u00faltimas elecciones municipales, el a\u00f1o pasado, el abogado asegura que uno de los candidatos a vicealcalde, <strong>Rafael Pereira Lopes<\/strong> (PSC), lleg\u00f3 a sufrir comentarios homof\u00f3bicos en grupos de WhatsApp enfocados al debate pol\u00edtico en la regi\u00f3n.<\/p>\n<p style=\"text-align: justify;\">En uno de los audios a los que tuvo acceso el equipo del sitio web, un hombre dice que si ganaba la boleta de Rafael, el candidato transformar\u00eda el evento m\u00e1s grande del municipio, una exhibici\u00f3n agr\u00edcola, en \u00abuna fiesta gay\u00bb.<\/p>\n<p>\u00ab<em>Hicieron innumerables bromas ofensivas con un candidato, solo porque se hab\u00eda tomado una foto en una cuadra de carnaval, con ropa colorida. En las ofensas dijeron que si ganaba, llevar\u00eda la Parada Gay al municipio, y que ExpoCampi lo har\u00eda\u00bb. convi\u00e9rtete en Campigay<\/em> \u00ab, dijo Yann.<\/p>\n","protected":false},"excerpt":{"rendered":"<p>Yann Dieggo caracteriza la acci\u00f3n como una forma de enfrentarse a la violencia f\u00edsica y verbal que sufre la poblaci\u00f3n LGBT+ de Campin\u00f3polis<\/p>\n","protected":false},"author":3039,"featured_media":119347,"comment_status":"open","ping_status":"open","sticky":false,"template":"","format":"standard","meta":{"googlesitekit_rrm_CAoiEBg-BXrJeACjO8p49SE4kTY:productID":"","tdm_status":"","tdm_grid_status":"","_jetpack_newsletter_access":"","_jetpack_dont_email_post_to_subs":false,"_jetpack_newsletter_tier_id":0,"_jetpack_memberships_contains_paywalled_content":false,"_jetpack_memberships_contains_paid_content":false,"footnotes":"","jetpack_publicize_message":"Abogado del interior de MT pinta un arco\u00edris en la pared para combatir los prejuicios","jetpack_publicize_feature_enabled":true,"jetpack_social_post_already_shared":true,"jetpack_social_options":{"image_generator_settings":{"template":"highway","default_image_id":0,"font":"","enabled":false},"version":2},"_wpas_customize_per_network":false,"jetpack_post_was_ever_published":false},"categories":[3131],"tags":[873132,260391,589938942],"class_list":{"0":"post-119808","1":"post","2":"type-post","3":"status-publish","4":"format-standard","5":"has-post-thumbnail","7":"category-gay","8":"tag-arco-iris","9":"tag-homofobia","10":"tag-mt"},"yoast_head":"<!-- This site is optimized with the Yoast SEO plugin v27.5 - https:\/\/yoast.com\/product\/yoast-seo-wordpress\/ -->\n<title>Abogado del interior de MT pinta un arco\u00edris en la pared para combatir los prejuicios<\/title>\n<meta name=\"description\" content=\"Yann Dieggo caracteriza la acci\u00f3n como una forma de enfrentarse a la violencia f\u00edsica y verbal que sufre la poblaci\u00f3n LGBT+ de Campin\u00f3polis\" \/>\n<meta name=\"robots\" content=\"index, follow, max-snippet:-1, max-image-preview:large, max-video-preview:-1\" \/>\n<link rel=\"canonical\" href=\"https:\/\/gay.blog.br\/es\/gay\/abogado-del-interior-de-mt-pinta-un-arcoiris-en-la-pared-para-combatir-los-prejuicios\/\" \/>\n<meta property=\"og:locale\" content=\"es_ES\" \/>\n<meta property=\"og:type\" content=\"article\" \/>\n<meta property=\"og:title\" content=\"Abogado del interior de MT pinta un arco\u00edris en la pared para combatir los prejuicios\" \/>\n<meta property=\"og:description\" content=\"Yann Dieggo caracteriza la acci\u00f3n como una forma de enfrentarse a la violencia f\u00edsica y verbal que sufre la poblaci\u00f3n LGBT+ de Campin\u00f3polis\" \/>\n<meta property=\"og:url\" content=\"https:\/\/gay.blog.br\/es\/gay\/abogado-del-interior-de-mt-pinta-un-arcoiris-en-la-pared-para-combatir-los-prejuicios\/\" \/>\n<meta property=\"og:site_name\" content=\"GAY BLOG BR @gayblogbr\" \/>\n<meta property=\"article:publisher\" content=\"https:\/\/facebook.com\/gayblogbr\" \/>\n<meta property=\"article:published_time\" content=\"2021-04-09T20:08:39+00:00\" \/>\n<meta property=\"article:modified_time\" content=\"2021-04-14T01:11:31+00:00\" \/>\n<meta property=\"og:image\" content=\"https:\/\/i0.wp.com\/gay.blog.br\/wp-content\/uploads\/2021\/04\/arco-iris.jpeg?fit=620%2C464&ssl=1\" \/>\n\t<meta property=\"og:image:width\" content=\"620\" \/>\n\t<meta property=\"og:image:height\" content=\"464\" \/>\n\t<meta property=\"og:image:type\" content=\"image\/jpeg\" \/>\n<meta name=\"author\" content=\"Carlos Henrique Braga\" \/>\n<meta name=\"twitter:card\" content=\"summary_large_image\" \/>\n<meta name=\"twitter:creator\" content=\"@cahebraga\" \/>\n<meta name=\"twitter:site\" content=\"@gayblogbr\" \/>\n<meta name=\"twitter:label1\" content=\"Escrito por\" \/>\n\t<meta name=\"twitter:data1\" content=\"Carlos Henrique Braga\" \/>\n\t<meta name=\"twitter:label2\" content=\"Tiempo de lectura\" \/>\n\t<meta name=\"twitter:data2\" content=\"1 minuto\" \/>\n<script type=\"application\/ld+json\" class=\"yoast-schema-graph\">{\"@context\":\"https:\\\/\\\/schema.org\",\"@graph\":[{\"@type\":\"Article\",\"@id\":\"https:\\\/\\\/gay.blog.br\\\/es\\\/gay\\\/abogado-del-interior-de-mt-pinta-un-arcoiris-en-la-pared-para-combatir-los-prejuicios\\\/#article\",\"isPartOf\":{\"@id\":\"https:\\\/\\\/gay.blog.br\\\/es\\\/gay\\\/abogado-del-interior-de-mt-pinta-un-arcoiris-en-la-pared-para-combatir-los-prejuicios\\\/\"},\"author\":{\"name\":\"Carlos Henrique Braga\",\"@id\":\"https:\\\/\\\/gay.blog.br\\\/es\\\/#\\\/schema\\\/person\\\/cd267ffff2d56e12768a81623718b979\"},\"headline\":\"Abogado del interior de MT pinta un arco\u00edris en la pared para combatir los prejuicios\",\"datePublished\":\"2021-04-09T20:08:39+00:00\",\"dateModified\":\"2021-04-14T01:11:31+00:00\",\"mainEntityOfPage\":{\"@id\":\"https:\\\/\\\/gay.blog.br\\\/es\\\/gay\\\/abogado-del-interior-de-mt-pinta-un-arcoiris-en-la-pared-para-combatir-los-prejuicios\\\/\"},\"wordCount\":283,\"commentCount\":0,\"publisher\":{\"@id\":\"https:\\\/\\\/gay.blog.br\\\/es\\\/#organization\"},\"image\":{\"@id\":\"https:\\\/\\\/gay.blog.br\\\/es\\\/gay\\\/abogado-del-interior-de-mt-pinta-un-arcoiris-en-la-pared-para-combatir-los-prejuicios\\\/#primaryimage\"},\"thumbnailUrl\":\"https:\\\/\\\/i0.wp.com\\\/gay.blog.br\\\/wp-content\\\/uploads\\\/2021\\\/04\\\/arco-iris.jpeg?fit=620%2C464&ssl=1\",\"keywords\":[\"arco iris\",\"homofobia\",\"MT\"],\"articleSection\":[\"GAY\"],\"inLanguage\":\"es\",\"potentialAction\":[{\"@type\":\"CommentAction\",\"name\":\"Comment\",\"target\":[\"https:\\\/\\\/gay.blog.br\\\/es\\\/gay\\\/abogado-del-interior-de-mt-pinta-un-arcoiris-en-la-pared-para-combatir-los-prejuicios\\\/#respond\"]}]},{\"@type\":\"WebPage\",\"@id\":\"https:\\\/\\\/gay.blog.br\\\/es\\\/gay\\\/abogado-del-interior-de-mt-pinta-un-arcoiris-en-la-pared-para-combatir-los-prejuicios\\\/\",\"url\":\"https:\\\/\\\/gay.blog.br\\\/es\\\/gay\\\/abogado-del-interior-de-mt-pinta-un-arcoiris-en-la-pared-para-combatir-los-prejuicios\\\/\",\"name\":\"Abogado del interior de MT pinta un arco\u00edris en la pared para combatir los prejuicios\",\"isPartOf\":{\"@id\":\"https:\\\/\\\/gay.blog.br\\\/es\\\/#website\"},\"primaryImageOfPage\":{\"@id\":\"https:\\\/\\\/gay.blog.br\\\/es\\\/gay\\\/abogado-del-interior-de-mt-pinta-un-arcoiris-en-la-pared-para-combatir-los-prejuicios\\\/#primaryimage\"},\"image\":{\"@id\":\"https:\\\/\\\/gay.blog.br\\\/es\\\/gay\\\/abogado-del-interior-de-mt-pinta-un-arcoiris-en-la-pared-para-combatir-los-prejuicios\\\/#primaryimage\"},\"thumbnailUrl\":\"https:\\\/\\\/i0.wp.com\\\/gay.blog.br\\\/wp-content\\\/uploads\\\/2021\\\/04\\\/arco-iris.jpeg?fit=620%2C464&ssl=1\",\"datePublished\":\"2021-04-09T20:08:39+00:00\",\"dateModified\":\"2021-04-14T01:11:31+00:00\",\"description\":\"Yann Dieggo caracteriza la acci\u00f3n como una forma de enfrentarse a la violencia f\u00edsica y verbal que sufre la poblaci\u00f3n LGBT+ de Campin\u00f3polis\",\"breadcrumb\":{\"@id\":\"https:\\\/\\\/gay.blog.br\\\/es\\\/gay\\\/abogado-del-interior-de-mt-pinta-un-arcoiris-en-la-pared-para-combatir-los-prejuicios\\\/#breadcrumb\"},\"inLanguage\":\"es\",\"potentialAction\":[{\"@type\":\"ReadAction\",\"target\":[\"https:\\\/\\\/gay.blog.br\\\/es\\\/gay\\\/abogado-del-interior-de-mt-pinta-un-arcoiris-en-la-pared-para-combatir-los-prejuicios\\\/\"]}]},{\"@type\":\"ImageObject\",\"inLanguage\":\"es\",\"@id\":\"https:\\\/\\\/gay.blog.br\\\/es\\\/gay\\\/abogado-del-interior-de-mt-pinta-un-arcoiris-en-la-pared-para-combatir-los-prejuicios\\\/#primaryimage\",\"url\":\"https:\\\/\\\/i0.wp.com\\\/gay.blog.br\\\/wp-content\\\/uploads\\\/2021\\\/04\\\/arco-iris.jpeg?fit=620%2C464&ssl=1\",\"contentUrl\":\"https:\\\/\\\/i0.wp.com\\\/gay.blog.br\\\/wp-content\\\/uploads\\\/2021\\\/04\\\/arco-iris.jpeg?fit=620%2C464&ssl=1\",\"width\":620,\"height\":464,\"caption\":\"Reprodu\u00e7\u00e3o\"},{\"@type\":\"BreadcrumbList\",\"@id\":\"https:\\\/\\\/gay.blog.br\\\/es\\\/gay\\\/abogado-del-interior-de-mt-pinta-un-arcoiris-en-la-pared-para-combatir-los-prejuicios\\\/#breadcrumb\",\"itemListElement\":[{\"@type\":\"ListItem\",\"position\":1,\"name\":\"In\u00edcio\",\"item\":\"https:\\\/\\\/gay.blog.br\\\/es\\\/\"},{\"@type\":\"ListItem\",\"position\":2,\"name\":\"Abogado del interior de MT pinta un arco\u00edris en la pared para combatir los prejuicios\"}]},{\"@type\":\"WebSite\",\"@id\":\"https:\\\/\\\/gay.blog.br\\\/es\\\/#website\",\"url\":\"https:\\\/\\\/gay.blog.br\\\/es\\\/\",\"name\":\"GAY BLOG BR @gayblogbr\",\"description\":\"Not\u00edcias que empoderam e\\\/ou entret\u00eam s\u00e3o especialidades da casa\",\"publisher\":{\"@id\":\"https:\\\/\\\/gay.blog.br\\\/es\\\/#organization\"},\"potentialAction\":[{\"@type\":\"SearchAction\",\"target\":{\"@type\":\"EntryPoint\",\"urlTemplate\":\"https:\\\/\\\/gay.blog.br\\\/es\\\/?s={search_term_string}\"},\"query-input\":{\"@type\":\"PropertyValueSpecification\",\"valueRequired\":true,\"valueName\":\"search_term_string\"}}],\"inLanguage\":\"es\"},{\"@type\":\"Organization\",\"@id\":\"https:\\\/\\\/gay.blog.br\\\/es\\\/#organization\",\"name\":\"GAY BLOG BR\",\"url\":\"https:\\\/\\\/gay.blog.br\\\/es\\\/\",\"logo\":{\"@type\":\"ImageObject\",\"inLanguage\":\"es\",\"@id\":\"https:\\\/\\\/gay.blog.br\\\/es\\\/#\\\/schema\\\/logo\\\/image\\\/\",\"url\":\"https:\\\/\\\/i0.wp.com\\\/gay.blog.br\\\/wp-content\\\/uploads\\\/2023\\\/08\\\/gay180px.png?fit=272%2C90&ssl=1\",\"contentUrl\":\"https:\\\/\\\/i0.wp.com\\\/gay.blog.br\\\/wp-content\\\/uploads\\\/2023\\\/08\\\/gay180px.png?fit=272%2C90&ssl=1\",\"width\":272,\"height\":90,\"caption\":\"GAY BLOG BR\"},\"image\":{\"@id\":\"https:\\\/\\\/gay.blog.br\\\/es\\\/#\\\/schema\\\/logo\\\/image\\\/\"},\"sameAs\":[\"https:\\\/\\\/facebook.com\\\/gayblogbr\",\"https:\\\/\\\/x.com\\\/gayblogbr\",\"https:\\\/\\\/instagram.com\\\/gayblogbr\",\"https:\\\/\\\/www.linkedin.com\\\/company\\\/gayblogbr\\\/\",\"https:\\\/\\\/br.pinterest.com\\\/gayblogbr\\\/\",\"https:\\\/\\\/www.youtube.com\\\/channel\\\/UCdEu3JXLOB-wvWAVUF4AIiA\",\"https:\\\/\\\/pt.wikipedia.org\\\/wiki\\\/Gay_Blog_Br\",\"https:\\\/\\\/www.threads.net\\\/@gayblogbr\"]},{\"@type\":\"Person\",\"@id\":\"https:\\\/\\\/gay.blog.br\\\/es\\\/#\\\/schema\\\/person\\\/cd267ffff2d56e12768a81623718b979\",\"name\":\"Carlos Henrique Braga\",\"image\":{\"@type\":\"ImageObject\",\"inLanguage\":\"es\",\"@id\":\"https:\\\/\\\/secure.gravatar.com\\\/avatar\\\/5b3e587a2c2062bba657f0e46352c11e0f9fd644f822214af015b5e192d0f016?s=96&d=mm&r=g\",\"url\":\"https:\\\/\\\/secure.gravatar.com\\\/avatar\\\/5b3e587a2c2062bba657f0e46352c11e0f9fd644f822214af015b5e192d0f016?s=96&d=mm&r=g\",\"contentUrl\":\"https:\\\/\\\/secure.gravatar.com\\\/avatar\\\/5b3e587a2c2062bba657f0e46352c11e0f9fd644f822214af015b5e192d0f016?s=96&d=mm&r=g\",\"caption\":\"Carlos Henrique Braga\"},\"description\":\"Jornalista pela Universidade Federal de MS, foi rep\u00f3rter de economia e hoje, al\u00e9m de colaborar para o Gay Blog Br, \u00e9 servidor p\u00fablico em Joinville (SC). Escreveu ''A Supremacia do Abandono'', livro dispon\u00edvel em amazon.com.br.\",\"sameAs\":[\"https:\\\/\\\/x.com\\\/@cahebraga\"],\"url\":\"https:\\\/\\\/gay.blog.br\\\/es\\\/author\\\/carloshenriquebraga\\\/\"}]}<\/script>\n<!-- \/ Yoast SEO plugin. -->","yoast_head_json":{"title":"Abogado del interior de MT pinta un arco\u00edris en la pared para combatir los prejuicios","description":"Yann Dieggo caracteriza la acci\u00f3n como una forma de enfrentarse a la violencia f\u00edsica y verbal que sufre la poblaci\u00f3n LGBT+ de Campin\u00f3polis","robots":{"index":"index","follow":"follow","max-snippet":"max-snippet:-1","max-image-preview":"max-image-preview:large","max-video-preview":"max-video-preview:-1"},"canonical":"https:\/\/gay.blog.br\/es\/gay\/abogado-del-interior-de-mt-pinta-un-arcoiris-en-la-pared-para-combatir-los-prejuicios\/","og_locale":"es_ES","og_type":"article","og_title":"Abogado del interior de MT pinta un arco\u00edris en la pared para combatir los prejuicios","og_description":"Yann Dieggo caracteriza la acci\u00f3n como una forma de enfrentarse a la violencia f\u00edsica y verbal que sufre la poblaci\u00f3n LGBT+ de Campin\u00f3polis","og_url":"https:\/\/gay.blog.br\/es\/gay\/abogado-del-interior-de-mt-pinta-un-arcoiris-en-la-pared-para-combatir-los-prejuicios\/","og_site_name":"GAY BLOG BR @gayblogbr","article_publisher":"https:\/\/facebook.com\/gayblogbr","article_published_time":"2021-04-09T20:08:39+00:00","article_modified_time":"2021-04-14T01:11:31+00:00","og_image":[{"width":620,"height":464,"url":"https:\/\/i0.wp.com\/gay.blog.br\/wp-content\/uploads\/2021\/04\/arco-iris.jpeg?fit=620%2C464&ssl=1","type":"image\/jpeg"}],"author":"Carlos Henrique Braga","twitter_card":"summary_large_image","twitter_creator":"@cahebraga","twitter_site":"@gayblogbr","twitter_misc":{"Escrito por":"Carlos Henrique Braga","Tiempo de lectura":"1 minuto"},"schema":{"@context":"https:\/\/schema.org","@graph":[{"@type":"Article","@id":"https:\/\/gay.blog.br\/es\/gay\/abogado-del-interior-de-mt-pinta-un-arcoiris-en-la-pared-para-combatir-los-prejuicios\/#article","isPartOf":{"@id":"https:\/\/gay.blog.br\/es\/gay\/abogado-del-interior-de-mt-pinta-un-arcoiris-en-la-pared-para-combatir-los-prejuicios\/"},"author":{"name":"Carlos Henrique Braga","@id":"https:\/\/gay.blog.br\/es\/#\/schema\/person\/cd267ffff2d56e12768a81623718b979"},"headline":"Abogado del interior de MT pinta un arco\u00edris en la pared para combatir los prejuicios","datePublished":"2021-04-09T20:08:39+00:00","dateModified":"2021-04-14T01:11:31+00:00","mainEntityOfPage":{"@id":"https:\/\/gay.blog.br\/es\/gay\/abogado-del-interior-de-mt-pinta-un-arcoiris-en-la-pared-para-combatir-los-prejuicios\/"},"wordCount":283,"commentCount":0,"publisher":{"@id":"https:\/\/gay.blog.br\/es\/#organization"},"image":{"@id":"https:\/\/gay.blog.br\/es\/gay\/abogado-del-interior-de-mt-pinta-un-arcoiris-en-la-pared-para-combatir-los-prejuicios\/#primaryimage"},"thumbnailUrl":"https:\/\/i0.wp.com\/gay.blog.br\/wp-content\/uploads\/2021\/04\/arco-iris.jpeg?fit=620%2C464&ssl=1","keywords":["arco iris","homofobia","MT"],"articleSection":["GAY"],"inLanguage":"es","potentialAction":[{"@type":"CommentAction","name":"Comment","target":["https:\/\/gay.blog.br\/es\/gay\/abogado-del-interior-de-mt-pinta-un-arcoiris-en-la-pared-para-combatir-los-prejuicios\/#respond"]}]},{"@type":"WebPage","@id":"https:\/\/gay.blog.br\/es\/gay\/abogado-del-interior-de-mt-pinta-un-arcoiris-en-la-pared-para-combatir-los-prejuicios\/","url":"https:\/\/gay.blog.br\/es\/gay\/abogado-del-interior-de-mt-pinta-un-arcoiris-en-la-pared-para-combatir-los-prejuicios\/","name":"Abogado del interior de MT pinta un arco\u00edris en la pared para combatir los prejuicios","isPartOf":{"@id":"https:\/\/gay.blog.br\/es\/#website"},"primaryImageOfPage":{"@id":"https:\/\/gay.blog.br\/es\/gay\/abogado-del-interior-de-mt-pinta-un-arcoiris-en-la-pared-para-combatir-los-prejuicios\/#primaryimage"},"image":{"@id":"https:\/\/gay.blog.br\/es\/gay\/abogado-del-interior-de-mt-pinta-un-arcoiris-en-la-pared-para-combatir-los-prejuicios\/#primaryimage"},"thumbnailUrl":"https:\/\/i0.wp.com\/gay.blog.br\/wp-content\/uploads\/2021\/04\/arco-iris.jpeg?fit=620%2C464&ssl=1","datePublished":"2021-04-09T20:08:39+00:00","dateModified":"2021-04-14T01:11:31+00:00","description":"Yann Dieggo caracteriza la acci\u00f3n como una forma de enfrentarse a la violencia f\u00edsica y verbal que sufre la poblaci\u00f3n LGBT+ de Campin\u00f3polis","breadcrumb":{"@id":"https:\/\/gay.blog.br\/es\/gay\/abogado-del-interior-de-mt-pinta-un-arcoiris-en-la-pared-para-combatir-los-prejuicios\/#breadcrumb"},"inLanguage":"es","potentialAction":[{"@type":"ReadAction","target":["https:\/\/gay.blog.br\/es\/gay\/abogado-del-interior-de-mt-pinta-un-arcoiris-en-la-pared-para-combatir-los-prejuicios\/"]}]},{"@type":"ImageObject","inLanguage":"es","@id":"https:\/\/gay.blog.br\/es\/gay\/abogado-del-interior-de-mt-pinta-un-arcoiris-en-la-pared-para-combatir-los-prejuicios\/#primaryimage","url":"https:\/\/i0.wp.com\/gay.blog.br\/wp-content\/uploads\/2021\/04\/arco-iris.jpeg?fit=620%2C464&ssl=1","contentUrl":"https:\/\/i0.wp.com\/gay.blog.br\/wp-content\/uploads\/2021\/04\/arco-iris.jpeg?fit=620%2C464&ssl=1","width":620,"height":464,"caption":"Reprodu\u00e7\u00e3o"},{"@type":"BreadcrumbList","@id":"https:\/\/gay.blog.br\/es\/gay\/abogado-del-interior-de-mt-pinta-un-arcoiris-en-la-pared-para-combatir-los-prejuicios\/#breadcrumb","itemListElement":[{"@type":"ListItem","position":1,"name":"In\u00edcio","item":"https:\/\/gay.blog.br\/es\/"},{"@type":"ListItem","position":2,"name":"Abogado del interior de MT pinta un arco\u00edris en la pared para combatir los prejuicios"}]},{"@type":"WebSite","@id":"https:\/\/gay.blog.br\/es\/#website","url":"https:\/\/gay.blog.br\/es\/","name":"GAY BLOG BR @gayblogbr","description":"Not\u00edcias que empoderam e\/ou entret\u00eam s\u00e3o especialidades da casa","publisher":{"@id":"https:\/\/gay.blog.br\/es\/#organization"},"potentialAction":[{"@type":"SearchAction","target":{"@type":"EntryPoint","urlTemplate":"https:\/\/gay.blog.br\/es\/?s={search_term_string}"},"query-input":{"@type":"PropertyValueSpecification","valueRequired":true,"valueName":"search_term_string"}}],"inLanguage":"es"},{"@type":"Organization","@id":"https:\/\/gay.blog.br\/es\/#organization","name":"GAY BLOG BR","url":"https:\/\/gay.blog.br\/es\/","logo":{"@type":"ImageObject","inLanguage":"es","@id":"https:\/\/gay.blog.br\/es\/#\/schema\/logo\/image\/","url":"https:\/\/i0.wp.com\/gay.blog.br\/wp-content\/uploads\/2023\/08\/gay180px.png?fit=272%2C90&ssl=1","contentUrl":"https:\/\/i0.wp.com\/gay.blog.br\/wp-content\/uploads\/2023\/08\/gay180px.png?fit=272%2C90&ssl=1","width":272,"height":90,"caption":"GAY BLOG BR"},"image":{"@id":"https:\/\/gay.blog.br\/es\/#\/schema\/logo\/image\/"},"sameAs":["https:\/\/facebook.com\/gayblogbr","https:\/\/x.com\/gayblogbr","https:\/\/instagram.com\/gayblogbr","https:\/\/www.linkedin.com\/company\/gayblogbr\/","https:\/\/br.pinterest.com\/gayblogbr\/","https:\/\/www.youtube.com\/channel\/UCdEu3JXLOB-wvWAVUF4AIiA","https:\/\/pt.wikipedia.org\/wiki\/Gay_Blog_Br","https:\/\/www.threads.net\/@gayblogbr"]},{"@type":"Person","@id":"https:\/\/gay.blog.br\/es\/#\/schema\/person\/cd267ffff2d56e12768a81623718b979","name":"Carlos Henrique Braga","image":{"@type":"ImageObject","inLanguage":"es","@id":"https:\/\/secure.gravatar.com\/avatar\/5b3e587a2c2062bba657f0e46352c11e0f9fd644f822214af015b5e192d0f016?s=96&d=mm&r=g","url":"https:\/\/secure.gravatar.com\/avatar\/5b3e587a2c2062bba657f0e46352c11e0f9fd644f822214af015b5e192d0f016?s=96&d=mm&r=g","contentUrl":"https:\/\/secure.gravatar.com\/avatar\/5b3e587a2c2062bba657f0e46352c11e0f9fd644f822214af015b5e192d0f016?s=96&d=mm&r=g","caption":"Carlos Henrique Braga"},"description":"Jornalista pela Universidade Federal de MS, foi rep\u00f3rter de economia e hoje, al\u00e9m de colaborar para o Gay Blog Br, \u00e9 servidor p\u00fablico em Joinville (SC). Escreveu ''A Supremacia do Abandono'', livro dispon\u00edvel em amazon.com.br.","sameAs":["https:\/\/x.com\/@cahebraga"],"url":"https:\/\/gay.blog.br\/es\/author\/carloshenriquebraga\/"}]}},"jetpack_publicize_connections":[],"jetpack_featured_media_url":"https:\/\/i0.wp.com\/gay.blog.br\/wp-content\/uploads\/2021\/04\/arco-iris.jpeg?fit=620%2C464&ssl=1","jetpack_sharing_enabled":true,"jetpack_shortlink":"https:\/\/wp.me\/p6klkK-vao","jetpack_likes_enabled":false,"amp_enabled":true,"_links":{"self":[{"href":"https:\/\/gay.blog.br\/es\/wp-json\/wp\/v2\/posts\/119808","targetHints":{"allow":["GET"]}}],"collection":[{"href":"https:\/\/gay.blog.br\/es\/wp-json\/wp\/v2\/posts"}],"about":[{"href":"https:\/\/gay.blog.br\/es\/wp-json\/wp\/v2\/types\/post"}],"author":[{"embeddable":true,"href":"https:\/\/gay.blog.br\/es\/wp-json\/wp\/v2\/users\/3039"}],"replies":[{"embeddable":true,"href":"https:\/\/gay.blog.br\/es\/wp-json\/wp\/v2\/comments?post=119808"}],"version-history":[{"count":0,"href":"https:\/\/gay.blog.br\/es\/wp-json\/wp\/v2\/posts\/119808\/revisions"}],"wp:featuredmedia":[{"embeddable":true,"href":"https:\/\/gay.blog.br\/es\/wp-json\/wp\/v2\/media\/119347"}],"wp:attachment":[{"href":"https:\/\/gay.blog.br\/es\/wp-json\/wp\/v2\/media?parent=119808"}],"wp:term":[{"taxonomy":"category","embeddable":true,"href":"https:\/\/gay.blog.br\/es\/wp-json\/wp\/v2\/categories?post=119808"},{"taxonomy":"post_tag","embeddable":true,"href":"https:\/\/gay.blog.br\/es\/wp-json\/wp\/v2\/tags?post=119808"}],"curies":[{"name":"wp","href":"https:\/\/api.w.org\/{rel}","templated":true}]}}