{"id":119935,"date":"2018-08-01T18:15:06","date_gmt":"2018-08-01T21:15:06","guid":{"rendered":"https:\/\/gay.blog.br\/?p=119935"},"modified":"2021-04-14T23:56:25","modified_gmt":"2021-04-15T02:56:25","slug":"vocalista-de-banda-eva-cuenta-sus-vivencias-con-cable-a-tierra-beso-negro-y-anal","status":"publish","type":"post","link":"https:\/\/gay.blog.br\/es\/chicos\/vocalista-de-banda-eva-cuenta-sus-vivencias-con-cable-a-tierra-beso-negro-y-anal\/","title":{"rendered":"Vocalista de Banda Eva cuenta sus vivencias con &#8216;cable a tierra&#8217;, &#8216;beso negro&#8217; y &#8216;anal&#8217;"},"content":{"rendered":"<p style=\"text-align: justify;\"><strong>Banda Eva<\/strong> siempre ha tra\u00eddo revelaciones muy interesantes al p\u00fablico, como Ivete Sangalo, <a href=\"https:\/\/gay.blog.br\/50-tons-de-boy-magia\/joao-lucas-filho-de-saulo-fernandes\/\">Saulo Fernandes<\/a> y el cantante <strong>Felipe Pezzoni<\/strong>. Felipe, nacido en Salvador el 9 de septiembre de 1984, sucedi\u00f3 al cantante Saulo Fernandes del Carnaval de Salvador en 2013. Antes de unirse a <strong>Eva<\/strong>, Felipe Pezzoni fue vocalista de <strong>Banda Colher de Pau<\/strong>, <strong>Banda Capit\u00e3o Ax\u00e9<\/strong> y <strong>Banda Mil Ver\u00f5es.<\/strong><\/p>\n<figure id=\"attachment_19608\" aria-describedby=\"caption-attachment-19608\" style=\"width: 380px\" class=\"wp-caption aligncenter\"><a href=\"http:\/\/instagram.com\/gayblogbr\"><img data-recalc-dims=\"1\" loading=\"lazy\" decoding=\"async\" class=\"size-full wp-image-19608\" src=\"https:\/\/i0.wp.com\/gay.blog.br\/wp-content\/uploads\/2018\/08\/felipepezzoni.jpg?resize=380%2C280&#038;ssl=1\" alt=\"Felipe, a la derecha. Foto Foto: Uran Rodrigues eva band\" width=\"380\" height=\"280\" srcset=\"https:\/\/i0.wp.com\/gay.blog.br\/wp-content\/uploads\/2018\/08\/felipepezzoni.jpg?w=380&amp;ssl=1 380w, https:\/\/i0.wp.com\/gay.blog.br\/wp-content\/uploads\/2018\/08\/felipepezzoni.jpg?resize=150%2C111&amp;ssl=1 150w, https:\/\/i0.wp.com\/gay.blog.br\/wp-content\/uploads\/2018\/08\/felipepezzoni.jpg?resize=300%2C221&amp;ssl=1 300w, https:\/\/i0.wp.com\/gay.blog.br\/wp-content\/uploads\/2018\/08\/felipepezzoni.jpg?resize=80%2C60&amp;ssl=1 80w\" sizes=\"auto, (max-width: 380px) 100vw, 380px\" \/><\/a><figcaption id=\"caption-attachment-19608\" class=\"wp-caption-text\">Felipe, a la derecha. Foto Foto: Uran Rodrigues<\/figcaption><\/figure>\n<p style=\"text-align: justify;\">En una entrevista con Antonia Fontenelle, el cantante dej\u00f3 a un lado la verg\u00fcenza y habl\u00f3 sobre su vida sexual, estrenada el mi\u00e9rcoles (1).<\/p>\n<p style=\"text-align: justify;\">Cuando se le pregunt\u00f3 si le gusta el \u00ab<strong>cable a tierra<\/strong>\u00ab, admiti\u00f3 que muchas mujeres han intentado meter los dedos all\u00ed, pero que no son tan agradables. \u00abNo me gusta mucho. Ya lo intentaron. Est\u00e1 aqu\u00ed rodando y &#8216;mierda&#8217;, de aqu\u00ed a poco ela intenta, te da aquella trabada y dices: &#8216;\u00a1Aqu\u00ed no! Espera&#8217;. Lo han intentado varias veces \u201d, dijo.<\/p>\n<p class=\"bodytext\" style=\"text-align: justify;\">El \u00ab<strong>beso negro<\/strong>\u00bb es algo que Pezzoni no margina. \u201cHay una cuesti\u00f3n que ya han hecho y el trato es bueno. Una pincelada &#8230; la lengua. Vas al cielo&#8230; Pero no puede tardar mucho\u201d, confes\u00f3 en la misma entrevista.<\/p>\n<p class=\"bodytext\" style=\"text-align: justify;\">Sobre el <strong>sexo anal<\/strong>, Felipe no lo considera muy importante. \u00abCreo que es m\u00e1s una cuesti\u00f3n de conquista, de todas las posibilidades, de ser un bono, que de placer (&#8230;) No pregunto muy a menudo\u00bb.<\/p>\n<p class=\"bodytext\" style=\"text-align: justify;\">En las regiones m\u00e1s sensibles de su cuerpo que se deben trabajar bien en la cama son la ingle y la oreja. Y de las posiciones favoritas, tambi\u00e9n nos dijo que floreciera nuestra imaginaci\u00f3n: \u00aba cuatro patas&#8230; y pap\u00e1 y mam\u00e1, pero curiosamente, no aguanto mucho\u00bb.<\/p>\n<figure id=\"attachment_19610\" aria-describedby=\"caption-attachment-19610\" style=\"width: 1024px\" class=\"wp-caption aligncenter\"><a href=\"http:\/\/instagram.com\/gayblogbr\"><img data-recalc-dims=\"1\" loading=\"lazy\" decoding=\"async\" class=\"size-full wp-image-19610\" src=\"https:\/\/i0.wp.com\/gay.blog.br\/wp-content\/uploads\/2018\/08\/Felipe-Pezzoni-Banda-Eva_Foto_Divulga%C3%A7%C3%A3o-1024x683.jpg?resize=696%2C464&#038;ssl=1\" alt=\"Felipe Pezzoni, vocalista de EVA (Foto: Divulgaci\u00f3n)\" width=\"696\" height=\"464\" \/><\/a><figcaption id=\"caption-attachment-19610\" class=\"wp-caption-text\">Felipe Pezzoni, vocalista de EVA (Foto: Divulgaci\u00f3n)<\/figcaption><\/figure>\n<p class=\"bodytext\" style=\"text-align: justify;\">Pezzoni ha estado casado durante unos 5 a\u00f1os con Rossana Agnoletto. Ambos son padres del peque\u00f1o Vicente. La entrevista completa se puede ver en el video a continuaci\u00f3n:<\/p>\n<p><span class=\"embed-youtube\" style=\"text-align:center; display: block;\"><iframe loading=\"lazy\" class=\"youtube-player\" width=\"696\" height=\"392\" src=\"https:\/\/www.youtube.com\/embed\/FEHK9un4tx8?version=3&#038;rel=1&#038;showsearch=0&#038;showinfo=1&#038;iv_load_policy=1&#038;fs=1&#038;hl=es-ES&#038;autohide=2&#038;wmode=transparent\" allowfullscreen=\"true\" style=\"border:0;\" sandbox=\"allow-scripts allow-same-origin allow-popups allow-presentation allow-popups-to-escape-sandbox\"><\/iframe><\/span><\/p>\n<p style=\"text-align: justify;\"><strong>Felipe, un flechazo muy fuerte de ax\u00e9<\/strong><\/p>\n<p style=\"text-align: justify;\">El bahiano empez\u00f3 a tener contacto con la m\u00fasica muy temprano, porque su padre siempre ten\u00eda muchos instrumentos de percusi\u00f3n en casa y los tocaba como hobby. Estaba experimentando y disfrutando este universo. A los 13 comenz\u00f3 a tocar percusi\u00f3n en la banda de un amigo, luego reemplaz\u00f3 al cantante en otra banda a los 15 y desde entonces nunca ha dejado de cantar. Cuando termin\u00f3 el bachillerato, tres a\u00f1os despu\u00e9s, Felipe recibi\u00f3 una invitaci\u00f3n para cantar en la banda de forr\u00f3 Mela\u00e7o de Cana y la modific\u00f3 en Colher de Pau, tambi\u00e9n forr\u00f3. Posteriormente, fue invitado a cantar en la Orquestra Brasileira de Ax\u00e9 &#8211; OBA, lo que para \u00e9l fue una experiencia muy enriquecedora. Felipe cant\u00f3 durante cuatro a\u00f1os en la banda bahiana Capit\u00e3o Ax\u00e9, cuando tuvo la oportunidad de abrir grandes eventos en todo el pa\u00eds. Al final de esta etapa, comenz\u00f3 a aparecer el deseo de hacer una obra de autor y fue all\u00ed donde naci\u00f3 Mil Ver\u00f5es, ya en sociedad con el teclista Marcelinho Oliveira.<\/p>\n<blockquote class=\"wp-embedded-content\" data-secret=\"ycbafUJxTz\"><p><a href=\"https:\/\/gay.blog.br\/50-tons-de-boy-magia\/joao-lucas-filho-de-saulo-fernandes\/\">Jo\u00e3o Lucas, filho de Saulo Fernandes, jogando bola aos 20 anos (e 1 dia!)<\/a><\/p><\/blockquote>\n<p><iframe loading=\"lazy\" class=\"wp-embedded-content\" sandbox=\"allow-scripts\" security=\"restricted\" style=\"position: absolute; clip: rect(1px, 1px, 1px, 1px);\" title=\"\u00abJo\u00e3o Lucas, filho de Saulo Fernandes, jogando bola aos 20 anos (e 1 dia!)\u00bb \u2014 GAY BLOG BR @gayblogbr\" src=\"https:\/\/gay.blog.br\/50-tons-de-boy-magia\/joao-lucas-filho-de-saulo-fernandes\/embed\/#?secret=ycbafUJxTz\" data-secret=\"ycbafUJxTz\" width=\"600\" height=\"338\" frameborder=\"0\" marginwidth=\"0\" marginheight=\"0\" scrolling=\"no\"><\/iframe><\/p>\n","protected":false},"excerpt":{"rendered":"<p>\u201cHay una cuesti\u00f3n que ya han hecho y el trato es bueno. Una pincelada&#8230; la lengua. Vas al cielo \u00ab, revela la cantante en una relajada entrevista.<\/p>\n","protected":false},"author":2,"featured_media":67236,"comment_status":"open","ping_status":"open","sticky":false,"template":"","format":"standard","meta":{"googlesitekit_rrm_CAoiEBg-BXrJeACjO8p49SE4kTY:productID":"","tdm_status":"","tdm_grid_status":"","_jetpack_newsletter_access":"","_jetpack_dont_email_post_to_subs":false,"_jetpack_newsletter_tier_id":0,"_jetpack_memberships_contains_paywalled_content":false,"_jetpack_memberships_contains_paid_content":false,"footnotes":"","jetpack_publicize_message":"Vocalista de Banda Eva cuenta sus vivencias con 'cable a tierra', 'beso negro' y 'anal'","jetpack_publicize_feature_enabled":true,"jetpack_social_post_already_shared":true,"jetpack_social_options":{"image_generator_settings":{"template":"highway","default_image_id":0,"font":"","enabled":false},"version":2},"_wpas_customize_per_network":false,"jetpack_post_was_ever_published":false},"categories":[589932233],"tags":[589939163,589933630,589939162,589933937,589939164,589933627],"class_list":{"0":"post-119935","1":"post","2":"type-post","3":"status-publish","4":"format-standard","5":"has-post-thumbnail","7":"category-chicos","8":"tag-banda-eva-es","9":"tag-beso-negro","10":"tag-cable-a-tierra","11":"tag-carnaval-es","12":"tag-felipe-pezzoni-es","13":"tag-sexo-anal-es"},"yoast_head":"<!-- This site is optimized with the Yoast SEO plugin v27.4 - https:\/\/yoast.com\/product\/yoast-seo-wordpress\/ -->\n<title>Vocalista de Banda Eva cuenta sus vivencias con &#039;cable a tierra&#039;, &#039;beso negro&#039; y &#039;anal&#039;<\/title>\n<meta name=\"description\" content=\"\u201cHay una cuesti\u00f3n que ya han hecho y el trato es bueno. Una pincelada... la lengua. Vas al cielo &quot;, revela el cantante en una relajada entrevista.\" \/>\n<meta name=\"robots\" content=\"index, follow, max-snippet:-1, max-image-preview:large, max-video-preview:-1\" \/>\n<link rel=\"canonical\" href=\"https:\/\/gay.blog.br\/es\/chicos\/vocalista-de-banda-eva-cuenta-sus-vivencias-con-cable-a-tierra-beso-negro-y-anal\/\" \/>\n<meta property=\"og:locale\" content=\"es_ES\" \/>\n<meta property=\"og:type\" content=\"article\" \/>\n<meta property=\"og:title\" content=\"Vocalista de Banda Eva cuenta sus vivencias con &#039;cable a tierra&#039;, &#039;beso negro&#039; y &#039;anal&#039;\" \/>\n<meta property=\"og:description\" content=\"\u201cHay una cuesti\u00f3n que ya han hecho y el trato es bueno. Una pincelada... la lengua. Vas al cielo &quot;, revela el cantante en una relajada entrevista.\" \/>\n<meta property=\"og:url\" content=\"https:\/\/gay.blog.br\/es\/chicos\/vocalista-de-banda-eva-cuenta-sus-vivencias-con-cable-a-tierra-beso-negro-y-anal\/\" \/>\n<meta property=\"og:site_name\" content=\"GAY BLOG BR @gayblogbr\" \/>\n<meta property=\"article:publisher\" content=\"https:\/\/facebook.com\/gayblogbr\" \/>\n<meta property=\"article:author\" content=\"https:\/\/facebook.com\/gayblogbr\" \/>\n<meta property=\"article:published_time\" content=\"2018-08-01T21:15:06+00:00\" \/>\n<meta property=\"article:modified_time\" content=\"2021-04-15T02:56:25+00:00\" \/>\n<meta property=\"og:image\" content=\"https:\/\/i0.wp.com\/gay.blog.br\/wp-content\/uploads\/2018\/08\/Felipe-Pezzoni-Banda-Eva_Foto_Divulga\u00e7\u00e3o-1024x683.jpg?fit=1024%2C683&ssl=1\" \/>\n\t<meta property=\"og:image:width\" content=\"1024\" \/>\n\t<meta property=\"og:image:height\" content=\"683\" \/>\n\t<meta property=\"og:image:type\" content=\"image\/jpeg\" \/>\n<meta name=\"author\" content=\"www.gay.blog.br\" \/>\n<meta name=\"twitter:card\" content=\"summary_large_image\" \/>\n<meta name=\"twitter:creator\" content=\"@https:\/\/bsky.app\/profile\/gayblogbr.bsky.social\" \/>\n<meta name=\"twitter:site\" content=\"@gayblogbr\" \/>\n<meta name=\"twitter:label1\" content=\"Escrito por\" \/>\n\t<meta name=\"twitter:data1\" content=\"www.gay.blog.br\" \/>\n\t<meta name=\"twitter:label2\" content=\"Tiempo de lectura\" \/>\n\t<meta name=\"twitter:data2\" content=\"3 minutos\" \/>\n<script type=\"application\/ld+json\" class=\"yoast-schema-graph\">{\"@context\":\"https:\\\/\\\/schema.org\",\"@graph\":[{\"@type\":\"Article\",\"@id\":\"https:\\\/\\\/gay.blog.br\\\/es\\\/chicos\\\/vocalista-de-banda-eva-cuenta-sus-vivencias-con-cable-a-tierra-beso-negro-y-anal\\\/#article\",\"isPartOf\":{\"@id\":\"https:\\\/\\\/gay.blog.br\\\/es\\\/chicos\\\/vocalista-de-banda-eva-cuenta-sus-vivencias-con-cable-a-tierra-beso-negro-y-anal\\\/\"},\"author\":{\"name\":\"www.gay.blog.br\",\"@id\":\"https:\\\/\\\/gay.blog.br\\\/es\\\/#\\\/schema\\\/person\\\/ab4bce68ee54b8f4af5c174efe7472e5\"},\"headline\":\"Vocalista de Banda Eva cuenta sus vivencias con &#8216;cable a tierra&#8217;, &#8216;beso negro&#8217; y &#8216;anal&#8217;\",\"datePublished\":\"2018-08-01T21:15:06+00:00\",\"dateModified\":\"2021-04-15T02:56:25+00:00\",\"mainEntityOfPage\":{\"@id\":\"https:\\\/\\\/gay.blog.br\\\/es\\\/chicos\\\/vocalista-de-banda-eva-cuenta-sus-vivencias-con-cable-a-tierra-beso-negro-y-anal\\\/\"},\"wordCount\":550,\"commentCount\":0,\"publisher\":{\"@id\":\"https:\\\/\\\/gay.blog.br\\\/es\\\/#organization\"},\"image\":{\"@id\":\"https:\\\/\\\/gay.blog.br\\\/es\\\/chicos\\\/vocalista-de-banda-eva-cuenta-sus-vivencias-con-cable-a-tierra-beso-negro-y-anal\\\/#primaryimage\"},\"thumbnailUrl\":\"https:\\\/\\\/i0.wp.com\\\/gay.blog.br\\\/wp-content\\\/uploads\\\/2018\\\/08\\\/Felipe-Pezzoni-Banda-Eva_Foto_Divulga%C3%A7%C3%A3o-1024x683.jpg?fit=1024%2C683&ssl=1\",\"keywords\":[\"Banda Eva\",\"beso negro\",\"cable a tierra\",\"carnaval\",\"Felipe Pezzoni\",\"sexo anal\"],\"articleSection\":[\"CHICOS\"],\"inLanguage\":\"es\",\"potentialAction\":[{\"@type\":\"CommentAction\",\"name\":\"Comment\",\"target\":[\"https:\\\/\\\/gay.blog.br\\\/es\\\/chicos\\\/vocalista-de-banda-eva-cuenta-sus-vivencias-con-cable-a-tierra-beso-negro-y-anal\\\/#respond\"]}]},{\"@type\":\"WebPage\",\"@id\":\"https:\\\/\\\/gay.blog.br\\\/es\\\/chicos\\\/vocalista-de-banda-eva-cuenta-sus-vivencias-con-cable-a-tierra-beso-negro-y-anal\\\/\",\"url\":\"https:\\\/\\\/gay.blog.br\\\/es\\\/chicos\\\/vocalista-de-banda-eva-cuenta-sus-vivencias-con-cable-a-tierra-beso-negro-y-anal\\\/\",\"name\":\"Vocalista de Banda Eva cuenta sus vivencias con 'cable a tierra', 'beso negro' y 'anal'\",\"isPartOf\":{\"@id\":\"https:\\\/\\\/gay.blog.br\\\/es\\\/#website\"},\"primaryImageOfPage\":{\"@id\":\"https:\\\/\\\/gay.blog.br\\\/es\\\/chicos\\\/vocalista-de-banda-eva-cuenta-sus-vivencias-con-cable-a-tierra-beso-negro-y-anal\\\/#primaryimage\"},\"image\":{\"@id\":\"https:\\\/\\\/gay.blog.br\\\/es\\\/chicos\\\/vocalista-de-banda-eva-cuenta-sus-vivencias-con-cable-a-tierra-beso-negro-y-anal\\\/#primaryimage\"},\"thumbnailUrl\":\"https:\\\/\\\/i0.wp.com\\\/gay.blog.br\\\/wp-content\\\/uploads\\\/2018\\\/08\\\/Felipe-Pezzoni-Banda-Eva_Foto_Divulga%C3%A7%C3%A3o-1024x683.jpg?fit=1024%2C683&ssl=1\",\"datePublished\":\"2018-08-01T21:15:06+00:00\",\"dateModified\":\"2021-04-15T02:56:25+00:00\",\"description\":\"\u201cHay una cuesti\u00f3n que ya han hecho y el trato es bueno. Una pincelada... la lengua. Vas al cielo \\\", revela el cantante en una relajada entrevista.\",\"breadcrumb\":{\"@id\":\"https:\\\/\\\/gay.blog.br\\\/es\\\/chicos\\\/vocalista-de-banda-eva-cuenta-sus-vivencias-con-cable-a-tierra-beso-negro-y-anal\\\/#breadcrumb\"},\"inLanguage\":\"es\",\"potentialAction\":[{\"@type\":\"ReadAction\",\"target\":[\"https:\\\/\\\/gay.blog.br\\\/es\\\/chicos\\\/vocalista-de-banda-eva-cuenta-sus-vivencias-con-cable-a-tierra-beso-negro-y-anal\\\/\"]}]},{\"@type\":\"ImageObject\",\"inLanguage\":\"es\",\"@id\":\"https:\\\/\\\/gay.blog.br\\\/es\\\/chicos\\\/vocalista-de-banda-eva-cuenta-sus-vivencias-con-cable-a-tierra-beso-negro-y-anal\\\/#primaryimage\",\"url\":\"https:\\\/\\\/i0.wp.com\\\/gay.blog.br\\\/wp-content\\\/uploads\\\/2018\\\/08\\\/Felipe-Pezzoni-Banda-Eva_Foto_Divulga%C3%A7%C3%A3o-1024x683.jpg?fit=1024%2C683&ssl=1\",\"contentUrl\":\"https:\\\/\\\/i0.wp.com\\\/gay.blog.br\\\/wp-content\\\/uploads\\\/2018\\\/08\\\/Felipe-Pezzoni-Banda-Eva_Foto_Divulga%C3%A7%C3%A3o-1024x683.jpg?fit=1024%2C683&ssl=1\",\"width\":1024,\"height\":683,\"caption\":\"Felipe Pezzoni, vocalista da EVA (Foto: Divulga\u00e7\u00e3o)\"},{\"@type\":\"BreadcrumbList\",\"@id\":\"https:\\\/\\\/gay.blog.br\\\/es\\\/chicos\\\/vocalista-de-banda-eva-cuenta-sus-vivencias-con-cable-a-tierra-beso-negro-y-anal\\\/#breadcrumb\",\"itemListElement\":[{\"@type\":\"ListItem\",\"position\":1,\"name\":\"In\u00edcio\",\"item\":\"https:\\\/\\\/gay.blog.br\\\/es\\\/\"},{\"@type\":\"ListItem\",\"position\":2,\"name\":\"Vocalista de Banda Eva cuenta sus vivencias con &#8216;cable a tierra&#8217;, &#8216;beso negro&#8217; y &#8216;anal&#8217;\"}]},{\"@type\":\"WebSite\",\"@id\":\"https:\\\/\\\/gay.blog.br\\\/es\\\/#website\",\"url\":\"https:\\\/\\\/gay.blog.br\\\/es\\\/\",\"name\":\"GAY BLOG BR @gayblogbr\",\"description\":\"Not\u00edcias que empoderam e\\\/ou entret\u00eam s\u00e3o especialidades da casa\",\"publisher\":{\"@id\":\"https:\\\/\\\/gay.blog.br\\\/es\\\/#organization\"},\"potentialAction\":[{\"@type\":\"SearchAction\",\"target\":{\"@type\":\"EntryPoint\",\"urlTemplate\":\"https:\\\/\\\/gay.blog.br\\\/es\\\/?s={search_term_string}\"},\"query-input\":{\"@type\":\"PropertyValueSpecification\",\"valueRequired\":true,\"valueName\":\"search_term_string\"}}],\"inLanguage\":\"es\"},{\"@type\":\"Organization\",\"@id\":\"https:\\\/\\\/gay.blog.br\\\/es\\\/#organization\",\"name\":\"GAY BLOG BR\",\"url\":\"https:\\\/\\\/gay.blog.br\\\/es\\\/\",\"logo\":{\"@type\":\"ImageObject\",\"inLanguage\":\"es\",\"@id\":\"https:\\\/\\\/gay.blog.br\\\/es\\\/#\\\/schema\\\/logo\\\/image\\\/\",\"url\":\"https:\\\/\\\/i0.wp.com\\\/gay.blog.br\\\/wp-content\\\/uploads\\\/2023\\\/08\\\/gay180px.png?fit=272%2C90&ssl=1\",\"contentUrl\":\"https:\\\/\\\/i0.wp.com\\\/gay.blog.br\\\/wp-content\\\/uploads\\\/2023\\\/08\\\/gay180px.png?fit=272%2C90&ssl=1\",\"width\":272,\"height\":90,\"caption\":\"GAY BLOG BR\"},\"image\":{\"@id\":\"https:\\\/\\\/gay.blog.br\\\/es\\\/#\\\/schema\\\/logo\\\/image\\\/\"},\"sameAs\":[\"https:\\\/\\\/facebook.com\\\/gayblogbr\",\"https:\\\/\\\/x.com\\\/gayblogbr\",\"https:\\\/\\\/instagram.com\\\/gayblogbr\",\"https:\\\/\\\/www.linkedin.com\\\/company\\\/gayblogbr\\\/\",\"https:\\\/\\\/br.pinterest.com\\\/gayblogbr\\\/\",\"https:\\\/\\\/www.youtube.com\\\/channel\\\/UCdEu3JXLOB-wvWAVUF4AIiA\",\"https:\\\/\\\/pt.wikipedia.org\\\/wiki\\\/Gay_Blog_Br\",\"https:\\\/\\\/www.threads.net\\\/@gayblogbr\"]},{\"@type\":\"Person\",\"@id\":\"https:\\\/\\\/gay.blog.br\\\/es\\\/#\\\/schema\\\/person\\\/ab4bce68ee54b8f4af5c174efe7472e5\",\"name\":\"www.gay.blog.br\",\"image\":{\"@type\":\"ImageObject\",\"inLanguage\":\"es\",\"@id\":\"https:\\\/\\\/secure.gravatar.com\\\/avatar\\\/a6fb6bf5c84cdaa375389c43448e2bb88db4600d8fc5be6c42a410789075740f?s=96&d=mm&r=g\",\"url\":\"https:\\\/\\\/secure.gravatar.com\\\/avatar\\\/a6fb6bf5c84cdaa375389c43448e2bb88db4600d8fc5be6c42a410789075740f?s=96&d=mm&r=g\",\"contentUrl\":\"https:\\\/\\\/secure.gravatar.com\\\/avatar\\\/a6fb6bf5c84cdaa375389c43448e2bb88db4600d8fc5be6c42a410789075740f?s=96&d=mm&r=g\",\"caption\":\"www.gay.blog.br\"},\"description\":\"Receba as not\u00edcias pelo Telegram!\",\"sameAs\":[\"https:\\\/\\\/facebook.com\\\/gayblogbr\",\"https:\\\/\\\/instagram.com\\\/gayblogbr\",\"https:\\\/\\\/www.linkedin.com\\\/company\\\/gayblogbr\\\/\",\"https:\\\/\\\/pinterest.com\\\/gayblogbr\\\/\",\"https:\\\/\\\/x.com\\\/https:\\\/\\\/bsky.app\\\/profile\\\/gayblogbr.bsky.social\",\"https:\\\/\\\/www.youtube.com\\\/@GAYBLOGBR\",\"https:\\\/\\\/pt.wikipedia.org\\\/wiki\\\/Gay_Blog_Br\"],\"url\":\"https:\\\/\\\/gay.blog.br\\\/es\\\/author\\\/oaudaznavegante\\\/\"}]}<\/script>\n<!-- \/ Yoast SEO plugin. -->","yoast_head_json":{"title":"Vocalista de Banda Eva cuenta sus vivencias con 'cable a tierra', 'beso negro' y 'anal'","description":"\u201cHay una cuesti\u00f3n que ya han hecho y el trato es bueno. Una pincelada... la lengua. Vas al cielo \", revela el cantante en una relajada entrevista.","robots":{"index":"index","follow":"follow","max-snippet":"max-snippet:-1","max-image-preview":"max-image-preview:large","max-video-preview":"max-video-preview:-1"},"canonical":"https:\/\/gay.blog.br\/es\/chicos\/vocalista-de-banda-eva-cuenta-sus-vivencias-con-cable-a-tierra-beso-negro-y-anal\/","og_locale":"es_ES","og_type":"article","og_title":"Vocalista de Banda Eva cuenta sus vivencias con 'cable a tierra', 'beso negro' y 'anal'","og_description":"\u201cHay una cuesti\u00f3n que ya han hecho y el trato es bueno. Una pincelada... la lengua. Vas al cielo \", revela el cantante en una relajada entrevista.","og_url":"https:\/\/gay.blog.br\/es\/chicos\/vocalista-de-banda-eva-cuenta-sus-vivencias-con-cable-a-tierra-beso-negro-y-anal\/","og_site_name":"GAY BLOG BR @gayblogbr","article_publisher":"https:\/\/facebook.com\/gayblogbr","article_author":"https:\/\/facebook.com\/gayblogbr","article_published_time":"2018-08-01T21:15:06+00:00","article_modified_time":"2021-04-15T02:56:25+00:00","og_image":[{"width":1024,"height":683,"url":"https:\/\/i0.wp.com\/gay.blog.br\/wp-content\/uploads\/2018\/08\/Felipe-Pezzoni-Banda-Eva_Foto_Divulga\u00e7\u00e3o-1024x683.jpg?fit=1024%2C683&ssl=1","type":"image\/jpeg"}],"author":"www.gay.blog.br","twitter_card":"summary_large_image","twitter_creator":"@https:\/\/bsky.app\/profile\/gayblogbr.bsky.social","twitter_site":"@gayblogbr","twitter_misc":{"Escrito por":"www.gay.blog.br","Tiempo de lectura":"3 minutos"},"schema":{"@context":"https:\/\/schema.org","@graph":[{"@type":"Article","@id":"https:\/\/gay.blog.br\/es\/chicos\/vocalista-de-banda-eva-cuenta-sus-vivencias-con-cable-a-tierra-beso-negro-y-anal\/#article","isPartOf":{"@id":"https:\/\/gay.blog.br\/es\/chicos\/vocalista-de-banda-eva-cuenta-sus-vivencias-con-cable-a-tierra-beso-negro-y-anal\/"},"author":{"name":"www.gay.blog.br","@id":"https:\/\/gay.blog.br\/es\/#\/schema\/person\/ab4bce68ee54b8f4af5c174efe7472e5"},"headline":"Vocalista de Banda Eva cuenta sus vivencias con &#8216;cable a tierra&#8217;, &#8216;beso negro&#8217; y &#8216;anal&#8217;","datePublished":"2018-08-01T21:15:06+00:00","dateModified":"2021-04-15T02:56:25+00:00","mainEntityOfPage":{"@id":"https:\/\/gay.blog.br\/es\/chicos\/vocalista-de-banda-eva-cuenta-sus-vivencias-con-cable-a-tierra-beso-negro-y-anal\/"},"wordCount":550,"commentCount":0,"publisher":{"@id":"https:\/\/gay.blog.br\/es\/#organization"},"image":{"@id":"https:\/\/gay.blog.br\/es\/chicos\/vocalista-de-banda-eva-cuenta-sus-vivencias-con-cable-a-tierra-beso-negro-y-anal\/#primaryimage"},"thumbnailUrl":"https:\/\/i0.wp.com\/gay.blog.br\/wp-content\/uploads\/2018\/08\/Felipe-Pezzoni-Banda-Eva_Foto_Divulga%C3%A7%C3%A3o-1024x683.jpg?fit=1024%2C683&ssl=1","keywords":["Banda Eva","beso negro","cable a tierra","carnaval","Felipe Pezzoni","sexo anal"],"articleSection":["CHICOS"],"inLanguage":"es","potentialAction":[{"@type":"CommentAction","name":"Comment","target":["https:\/\/gay.blog.br\/es\/chicos\/vocalista-de-banda-eva-cuenta-sus-vivencias-con-cable-a-tierra-beso-negro-y-anal\/#respond"]}]},{"@type":"WebPage","@id":"https:\/\/gay.blog.br\/es\/chicos\/vocalista-de-banda-eva-cuenta-sus-vivencias-con-cable-a-tierra-beso-negro-y-anal\/","url":"https:\/\/gay.blog.br\/es\/chicos\/vocalista-de-banda-eva-cuenta-sus-vivencias-con-cable-a-tierra-beso-negro-y-anal\/","name":"Vocalista de Banda Eva cuenta sus vivencias con 'cable a tierra', 'beso negro' y 'anal'","isPartOf":{"@id":"https:\/\/gay.blog.br\/es\/#website"},"primaryImageOfPage":{"@id":"https:\/\/gay.blog.br\/es\/chicos\/vocalista-de-banda-eva-cuenta-sus-vivencias-con-cable-a-tierra-beso-negro-y-anal\/#primaryimage"},"image":{"@id":"https:\/\/gay.blog.br\/es\/chicos\/vocalista-de-banda-eva-cuenta-sus-vivencias-con-cable-a-tierra-beso-negro-y-anal\/#primaryimage"},"thumbnailUrl":"https:\/\/i0.wp.com\/gay.blog.br\/wp-content\/uploads\/2018\/08\/Felipe-Pezzoni-Banda-Eva_Foto_Divulga%C3%A7%C3%A3o-1024x683.jpg?fit=1024%2C683&ssl=1","datePublished":"2018-08-01T21:15:06+00:00","dateModified":"2021-04-15T02:56:25+00:00","description":"\u201cHay una cuesti\u00f3n que ya han hecho y el trato es bueno. Una pincelada... la lengua. Vas al cielo \", revela el cantante en una relajada entrevista.","breadcrumb":{"@id":"https:\/\/gay.blog.br\/es\/chicos\/vocalista-de-banda-eva-cuenta-sus-vivencias-con-cable-a-tierra-beso-negro-y-anal\/#breadcrumb"},"inLanguage":"es","potentialAction":[{"@type":"ReadAction","target":["https:\/\/gay.blog.br\/es\/chicos\/vocalista-de-banda-eva-cuenta-sus-vivencias-con-cable-a-tierra-beso-negro-y-anal\/"]}]},{"@type":"ImageObject","inLanguage":"es","@id":"https:\/\/gay.blog.br\/es\/chicos\/vocalista-de-banda-eva-cuenta-sus-vivencias-con-cable-a-tierra-beso-negro-y-anal\/#primaryimage","url":"https:\/\/i0.wp.com\/gay.blog.br\/wp-content\/uploads\/2018\/08\/Felipe-Pezzoni-Banda-Eva_Foto_Divulga%C3%A7%C3%A3o-1024x683.jpg?fit=1024%2C683&ssl=1","contentUrl":"https:\/\/i0.wp.com\/gay.blog.br\/wp-content\/uploads\/2018\/08\/Felipe-Pezzoni-Banda-Eva_Foto_Divulga%C3%A7%C3%A3o-1024x683.jpg?fit=1024%2C683&ssl=1","width":1024,"height":683,"caption":"Felipe Pezzoni, vocalista da EVA (Foto: Divulga\u00e7\u00e3o)"},{"@type":"BreadcrumbList","@id":"https:\/\/gay.blog.br\/es\/chicos\/vocalista-de-banda-eva-cuenta-sus-vivencias-con-cable-a-tierra-beso-negro-y-anal\/#breadcrumb","itemListElement":[{"@type":"ListItem","position":1,"name":"In\u00edcio","item":"https:\/\/gay.blog.br\/es\/"},{"@type":"ListItem","position":2,"name":"Vocalista de Banda Eva cuenta sus vivencias con &#8216;cable a tierra&#8217;, &#8216;beso negro&#8217; y &#8216;anal&#8217;"}]},{"@type":"WebSite","@id":"https:\/\/gay.blog.br\/es\/#website","url":"https:\/\/gay.blog.br\/es\/","name":"GAY BLOG BR @gayblogbr","description":"Not\u00edcias que empoderam e\/ou entret\u00eam s\u00e3o especialidades da casa","publisher":{"@id":"https:\/\/gay.blog.br\/es\/#organization"},"potentialAction":[{"@type":"SearchAction","target":{"@type":"EntryPoint","urlTemplate":"https:\/\/gay.blog.br\/es\/?s={search_term_string}"},"query-input":{"@type":"PropertyValueSpecification","valueRequired":true,"valueName":"search_term_string"}}],"inLanguage":"es"},{"@type":"Organization","@id":"https:\/\/gay.blog.br\/es\/#organization","name":"GAY BLOG BR","url":"https:\/\/gay.blog.br\/es\/","logo":{"@type":"ImageObject","inLanguage":"es","@id":"https:\/\/gay.blog.br\/es\/#\/schema\/logo\/image\/","url":"https:\/\/i0.wp.com\/gay.blog.br\/wp-content\/uploads\/2023\/08\/gay180px.png?fit=272%2C90&ssl=1","contentUrl":"https:\/\/i0.wp.com\/gay.blog.br\/wp-content\/uploads\/2023\/08\/gay180px.png?fit=272%2C90&ssl=1","width":272,"height":90,"caption":"GAY BLOG BR"},"image":{"@id":"https:\/\/gay.blog.br\/es\/#\/schema\/logo\/image\/"},"sameAs":["https:\/\/facebook.com\/gayblogbr","https:\/\/x.com\/gayblogbr","https:\/\/instagram.com\/gayblogbr","https:\/\/www.linkedin.com\/company\/gayblogbr\/","https:\/\/br.pinterest.com\/gayblogbr\/","https:\/\/www.youtube.com\/channel\/UCdEu3JXLOB-wvWAVUF4AIiA","https:\/\/pt.wikipedia.org\/wiki\/Gay_Blog_Br","https:\/\/www.threads.net\/@gayblogbr"]},{"@type":"Person","@id":"https:\/\/gay.blog.br\/es\/#\/schema\/person\/ab4bce68ee54b8f4af5c174efe7472e5","name":"www.gay.blog.br","image":{"@type":"ImageObject","inLanguage":"es","@id":"https:\/\/secure.gravatar.com\/avatar\/a6fb6bf5c84cdaa375389c43448e2bb88db4600d8fc5be6c42a410789075740f?s=96&d=mm&r=g","url":"https:\/\/secure.gravatar.com\/avatar\/a6fb6bf5c84cdaa375389c43448e2bb88db4600d8fc5be6c42a410789075740f?s=96&d=mm&r=g","contentUrl":"https:\/\/secure.gravatar.com\/avatar\/a6fb6bf5c84cdaa375389c43448e2bb88db4600d8fc5be6c42a410789075740f?s=96&d=mm&r=g","caption":"www.gay.blog.br"},"description":"Receba as not\u00edcias pelo Telegram!","sameAs":["https:\/\/facebook.com\/gayblogbr","https:\/\/instagram.com\/gayblogbr","https:\/\/www.linkedin.com\/company\/gayblogbr\/","https:\/\/pinterest.com\/gayblogbr\/","https:\/\/x.com\/https:\/\/bsky.app\/profile\/gayblogbr.bsky.social","https:\/\/www.youtube.com\/@GAYBLOGBR","https:\/\/pt.wikipedia.org\/wiki\/Gay_Blog_Br"],"url":"https:\/\/gay.blog.br\/es\/author\/oaudaznavegante\/"}]}},"jetpack_publicize_connections":[],"jetpack_featured_media_url":"https:\/\/i0.wp.com\/gay.blog.br\/wp-content\/uploads\/2018\/08\/Felipe-Pezzoni-Banda-Eva_Foto_Divulga%C3%A7%C3%A3o-1024x683.jpg?fit=1024%2C683&ssl=1","jetpack_sharing_enabled":true,"jetpack_shortlink":"https:\/\/wp.me\/p6klkK-vcr","jetpack_likes_enabled":false,"amp_enabled":true,"_links":{"self":[{"href":"https:\/\/gay.blog.br\/es\/wp-json\/wp\/v2\/posts\/119935","targetHints":{"allow":["GET"]}}],"collection":[{"href":"https:\/\/gay.blog.br\/es\/wp-json\/wp\/v2\/posts"}],"about":[{"href":"https:\/\/gay.blog.br\/es\/wp-json\/wp\/v2\/types\/post"}],"author":[{"embeddable":true,"href":"https:\/\/gay.blog.br\/es\/wp-json\/wp\/v2\/users\/2"}],"replies":[{"embeddable":true,"href":"https:\/\/gay.blog.br\/es\/wp-json\/wp\/v2\/comments?post=119935"}],"version-history":[{"count":0,"href":"https:\/\/gay.blog.br\/es\/wp-json\/wp\/v2\/posts\/119935\/revisions"}],"wp:featuredmedia":[{"embeddable":true,"href":"https:\/\/gay.blog.br\/es\/wp-json\/wp\/v2\/media\/67236"}],"wp:attachment":[{"href":"https:\/\/gay.blog.br\/es\/wp-json\/wp\/v2\/media?parent=119935"}],"wp:term":[{"taxonomy":"category","embeddable":true,"href":"https:\/\/gay.blog.br\/es\/wp-json\/wp\/v2\/categories?post=119935"},{"taxonomy":"post_tag","embeddable":true,"href":"https:\/\/gay.blog.br\/es\/wp-json\/wp\/v2\/tags?post=119935"}],"curies":[{"name":"wp","href":"https:\/\/api.w.org\/{rel}","templated":true}]}}