{"id":158784,"date":"2018-10-06T14:55:54","date_gmt":"2018-10-06T17:55:54","guid":{"rendered":"https:\/\/gay.blog.br\/?p=158784"},"modified":"2022-03-04T22:56:05","modified_gmt":"2022-03-05T01:56:05","slug":"cuales-son-las-propuestas-y-proyectos-lgbt-de-los-candidatos-presidenciales-2018","status":"publish","type":"post","link":"https:\/\/gay.blog.br\/es\/direitos\/cuales-son-las-propuestas-y-proyectos-lgbt-de-los-candidatos-presidenciales-2018\/","title":{"rendered":"Cu\u00e1les son las propuestas y proyectos LGBT+ de los candidatos presidenciales | 2018"},"content":{"rendered":"<p>Solo 7 de los 13 candidatos presidenciales citan propuestas para la poblaci\u00f3n <a href=\"https:\/\/gay.blog.br\/gay\/candidatos-lgbt-nas-eleicoes-2018\/\">LGBT<\/a>. Ellos son:<\/p>\n<p><span style=\"background-color: #ffff00;\"><strong>GUILHERME BOULOS (Psol)<\/strong><\/span><\/p>\n<p><img data-recalc-dims=\"1\" loading=\"lazy\" decoding=\"async\" class=\"aligncenter size-full wp-image-17113\" src=\"https:\/\/i0.wp.com\/gay.blog.br\/wp-content\/uploads\/2018\/10\/gif-boulos.gif?resize=444%2C250&#038;ssl=1\" alt=\"guilherme boulos candidatos\" width=\"444\" height=\"250\" \/><\/p>\n<p>El <a href=\"http:\/\/divulgacandcontas.tse.jus.br\/candidaturas\/oficial\/2018\/BR\/BR\/2022802018\/280000601016\/\/proposta_1533565462424.pdf\">programa del candidato del PSOL<\/a> utiliza el t\u00e9rmino LGBTI, que incluye a las personas <strong>intersexuales<\/strong>, proponiendo articular una red de atenci\u00f3n a la poblaci\u00f3n intersexual, garantizando autonom\u00eda para la toma de decisiones sobre su cuerpo, orientaci\u00f3n de las familias y protecci\u00f3n de sus derechos.<\/p>\n<ul>\n<li>Propone promover la aprobaci\u00f3n de la <strong>Ley de Identidad de G\u00e9nero<\/strong>, que refuerza el acceso al cambio de notario, garantizado por el STF en 2018;<\/li>\n<li>Proteger el derecho al <strong>matrimonio homosexual a trav\u00e9s de una ley<\/strong>;<\/li>\n<li>Propone pol\u00edticas que incluyen la posible <strong>adopci\u00f3n<\/strong> por parejas del mismo sexo. Tambi\u00e9n el acceso a la <strong>reproducci\u00f3n asistida<\/strong> sin discriminaci\u00f3n;<\/li>\n<li>Vetar cualquier ley aprobada por el Congreso que reduzca los derechos LGBTI;<\/li>\n<li>La participaci\u00f3n de la poblaci\u00f3n LGBTI en la <strong>elaboraci\u00f3n de pol\u00edticas p\u00fablicas<\/strong> para s\u00ed misma y la promoci\u00f3n de los derechos LGBTI en el escenario internacional, incluso con el otorgamiento de asilo;<\/li>\n<li>Pol\u00edticas <strong>contra la discriminaci\u00f3n<\/strong> y los prejuicios en la ni\u00f1ez y la adolescencia, adem\u00e1s de programas de acogida e inclusi\u00f3n de personas trans expulsadas. Tambi\u00e9n propone la <strong>responsabilidad para las familias que abandonan o demuestran ser incapaces de criar LGBTI<\/strong>;<\/li>\n<li>Prevenir y afrontar el <strong>bullying<\/strong> contra ni\u00f1os LGBTI, garantizando la identidad de g\u00e9nero, creando materiales educativos que aborden la diversidad de g\u00e9nero y la sexualidad para formar educadores y estudiantes. Tambi\u00e9n aboga por programas de formaci\u00f3n t\u00e9cnica y profesional para favorecer la inserci\u00f3n de LGBTI, especialmente trans, en el mercado laboral.<\/li>\n<li>La inclusi\u00f3n en la <strong>legislaci\u00f3n laboral<\/strong> de normas contra la discriminaci\u00f3n y el acoso moral LGBTIf\u00f3bico. Tambi\u00e9n aboga por la valorizaci\u00f3n del trabajo trans, la lucha contra los prejuicios, adem\u00e1s de las cuotas para travestis y transexuales, propone pol\u00edticas que garanticen la igualdad de remuneraci\u00f3n para LGBTI;<\/li>\n<li>Inclusi\u00f3n en la <strong>Providencia<\/strong> de personas transg\u00e9nero que no han trabajado con contrato formal a lo largo de su vida.<\/li>\n<li>Encuesta a personas LGBTI sin hogar y su cobertura con planes de <strong>vivienda<\/strong>.<\/li>\n<li>Propone incluir a las mujeres trans en la ley que crea la tipificaci\u00f3n de feminicidio y la creaci\u00f3n de una pol\u00edtica nacional para prevenir la violencia y los delitos de odio contra la poblaci\u00f3n LGBTI, especialmente la trans. Tambi\u00e9n aboga por capacitar a las fuerzas de seguridad para que sepan c\u00f3mo lidiar con la diversidad sexual y de g\u00e9nero, con la inclusi\u00f3n de la discriminaci\u00f3n por identidad de g\u00e9nero y orientaci\u00f3n sexual en los informes policiales. Propone un plan nacional contra los <strong>cr\u00edmenes de odio<\/strong>. Promoci\u00f3n de proyectos en el Congreso para la <strong>criminalizaci\u00f3n de la fobia LGBTI<\/strong>;<\/li>\n<li>Espacios de vida espec\u00edficos para personas trans en las <strong>c\u00e1rceles<\/strong>;<\/li>\n<li>Reestructurar el proceso de reasignaci\u00f3n transexual, que ofrece el <strong>SUS<\/strong>, para que los pacientes no sean vistos como enfermos. Tambi\u00e9n propone incrementar el n\u00famero de consultas externas dirigidas a trans, asegurando su presencia en ciudades de m\u00e1s de 300 mil habitantes. Y una l\u00ednea de atenci\u00f3n integral de salud para mujeres bisexuales y lesbianas, adem\u00e1s de formaci\u00f3n especializada en universidades y cursos de formaci\u00f3n, para evitar posturas poco \u00e9ticas;<\/li>\n<li>Reconocer a las organizaciones de prostitutas &#8216;como actores leg\u00edtimos en la b\u00fasqueda de sus derechos&#8217;. Tambi\u00e9n defiende una pol\u00edtica de salud que se especialice en las trabajadoras sexuales. Como gran parte de la <strong>poblaci\u00f3n trans y travesti<\/strong> recurre a esta profesi\u00f3n, el tema se aborda en una parte del programa que trata sobre LGBTI.<\/li>\n<li>Defiende la completa &#8216;despatologizaci\u00f3n&#8217; de las identidades LGBTI, con el fin de las hospitalizaciones forzadas y los tratamientos por homosexualidad.<\/li>\n<li>Fortalecimiento de campa\u00f1as y pol\u00edticas para la poblaci\u00f3n LGBTI, entre otras, para la <strong>prevenci\u00f3n del VIH<\/strong>.<\/li>\n<li>Propone defender la donaci\u00f3n de sangre de los homosexuales.<\/li>\n<\/ul>\n<p><span style=\"background-color: #ffff00;\"><strong>CIRO GOMES (PDT)<\/strong><\/span><\/p>\n<p><a href=\"https:\/\/gay.blog.br\/humor\/ciro-gomes-manda-recado-para-as-pocs\/\"><img data-recalc-dims=\"1\" loading=\"lazy\" decoding=\"async\" class=\"aligncenter size-full wp-image-17115\" src=\"https:\/\/i0.wp.com\/gay.blog.br\/wp-content\/uploads\/2018\/10\/ciro-gomes-gif.gif?resize=425%2C360&#038;ssl=1\" alt=\"ciro gomes gif presidente voto \u00fatil\" width=\"425\" height=\"360\" \/><\/a><\/p>\n<p>El <a href=\"https:\/\/gay.blog.br\/humor\/eleitor-beija-ciro-gomes-e-e-surpreendido-com-reacao-do-candidato\/\">candidato<\/a> firm\u00f3 un plazo de compromiso con la <em>Alianza Nacional LGBTI<\/em>, en el que se comprometi\u00f3 a llevar las demandas de la poblaci\u00f3n lesbiana, gay, bisexual, travesti, transexual e intersexual a su plan de gobierno. El programa trae una serie de propuestas, entre las que destaca la creaci\u00f3n del <strong>Comit\u00e9 Nacional de Pol\u00edticas P\u00fablicas LGBT<\/strong>, con representantes de todos los estados, y de la <strong>Secretar\u00eda Nacional de Pol\u00edticas P\u00fablicas<\/strong> para la Ciudadan\u00eda de la Poblaci\u00f3n LGBT, que actuar\u00e1, por ejemplo, para combatir la discriminaci\u00f3n institucional en las empresas y en el ambiente laboral.<\/p>\n<p>Tambi\u00e9n <a href=\"http:\/\/divulgacandcontas.tse.jus.br\/candidaturas\/oficial\/2018\/BR\/BR\/2022802018\/280000605589\/\/proposta_1533938913830.pdf\">documenta<\/a> la <strong>criminalizaci\u00f3n de la homofobia<\/strong>: \u201cCreaci\u00f3n de medios para frenar o prevenir los delitos LGBTIf\u00f3bicos, definiendo sus caracter\u00edsticas, equiparando los delitos por racismo, lesiones y feminicidio, cada uno con su especificidad\u201d.<\/p>\n<p><a href=\"https:\/\/gay.blog.br\/humor\/ciro-gomes-manda-recado-para-as-pocs\/\">Ciro<\/a> tambi\u00e9n <a href=\"http:\/\/divulgacandcontas.tse.jus.br\/candidaturas\/oficial\/2018\/BR\/BR\/2022802018\/280000605589\/\/proposta_1533938913830.pdf\">propone para la comunidad LGBT<\/a>:<\/p>\n<ul>\n<li>Reestructuraci\u00f3n, ampliaci\u00f3n, fortalecimiento del Dial de Derechos Humanos (Marque 100);<\/li>\n<li>Inversiones en universidades p\u00fablicas federales para expandir programas de acci\u00f3n afirmativa, asistencia estudiantil y permanencia;<\/li>\n<li>Inclusi\u00f3n en el Plan Nacional de Educaci\u00f3n de la lucha contra toda forma de prejuicio, ya sea por raza, etnia, sexo, orientaci\u00f3n sexual y\/o identidad de g\u00e9nero;<\/li>\n<li>Plan de acci\u00f3n y metas para reducir la discriminaci\u00f3n en las escuelas y la deserci\u00f3n escolar;<\/li>\n<li>Garant\u00eda y ampliaci\u00f3n de la oferta, en el SUS, de tratamientos y servicios de salud para atender las necesidades especiales de la poblaci\u00f3n LGBT, as\u00ed como la acogida de personas mayores;<\/li>\n<li>Apoyo a la aprobaci\u00f3n de proyectos de ley que busquen equiparar el matrimonio civil igualitario, as\u00ed como la Ley de Identidad de G\u00e9nero, conocida como Ley Jo\u00e3o W. Nery.<\/li>\n<\/ul>\n<p><span style=\"background-color: #ffff00;\"><strong>Fernando Haddad (PT)<\/strong><\/span><\/p>\n<p><img data-recalc-dims=\"1\" loading=\"lazy\" decoding=\"async\" class=\"aligncenter size-full wp-image-17116\" src=\"https:\/\/i0.wp.com\/gay.blog.br\/wp-content\/uploads\/2018\/10\/haddad.gif?resize=320%2C180&#038;ssl=1\" alt=\"\" width=\"320\" height=\"180\" \/><\/p>\n<ul>\n<li>Promete promover el \u00ab<strong>derecho a la vida, el empleo y la ciudadan\u00eda<\/strong>\u00ab, con prioridad para las personas en situaci\u00f3n de pobreza.<\/li>\n<li>Promete hacer <strong>esfuerzos a favor de una ley contra los delitos de odio<\/strong>, incluidos los contra las personas LGBTI+. Tambi\u00e9n propone la creaci\u00f3n de una nueva instituci\u00f3n, la Red de Enfrentamiento a la Violencia contra LGBTI+, que articular\u00eda los \u00f3rganos federales, estatales y municipales para implementar pol\u00edticas de &#8216;promoci\u00f3n de la orientaci\u00f3n sexual e identidad de g\u00e9nero&#8217;, sin mencionar, sin embargo, ejemplos de acciones. Promete pol\u00edticas para enfrentar la mortalidad de travestis y personas trans.<\/li>\n<li>Planea &#8216;<strong>invertir en salud integral LGBTI+<\/strong>&#8216;, sin entrar en detalles.<\/li>\n<li>Propone acciones de &#8216;<strong>educaci\u00f3n<\/strong> para la diversidad&#8217; y para combatir el bullying, adem\u00e1s de revertir la deserci\u00f3n escolar. Promete crear el <strong>Programa Transcidadania<\/strong>, que garantiza becas a travestis y transexuales en situaci\u00f3n de vulnerabilidad, para que completen la educaci\u00f3n primaria y secundaria, &#8216;articulada con la formaci\u00f3n profesional&#8217; (Ps: este programa ya existe en San Pablo).<\/li>\n<\/ul>\n<p><span style=\"background-color: #ffff00;\"><strong>MARINA SILVA (Rede)<\/strong><\/span><\/p>\n<p><img data-recalc-dims=\"1\" loading=\"lazy\" decoding=\"async\" class=\"aligncenter size-full wp-image-17117\" src=\"https:\/\/i0.wp.com\/gay.blog.br\/wp-content\/uploads\/2018\/10\/marina-silva.gif?resize=220%2C220&#038;ssl=1\" alt=\"marina silva candidato\" width=\"220\" height=\"220\" \/><\/p>\n<ul>\n<li>El programa incluye derechos LGBTI, pero sin citar la criminalizaci\u00f3n de la fobia LGBT;<\/li>\n<li>Promete incluir pol\u00edticas para combatir el <strong>bullying<\/strong> en el Plan Nacional de Educaci\u00f3n.<\/li>\n<li>Promete crear condiciones para garantizar y ampliar la oferta de tratamientos y servicios adecuados para la poblaci\u00f3n LGBTI;<\/li>\n<li>Promete proteger el <strong>matrimonio entre personas del mismo sexo<\/strong> a trav\u00e9s de una ley. Defiende la igualdad de trato para cualquier tipo de pareja interesada en adoptar ni\u00f1os.<\/li>\n<\/ul>\n<p><span style=\"background-color: #ffff00;\"><strong>GERALDO ALCKMIN (PSDB)<\/strong><\/span><\/p>\n<p><img data-recalc-dims=\"1\" loading=\"lazy\" decoding=\"async\" class=\"aligncenter size-full wp-image-17118\" src=\"https:\/\/i0.wp.com\/gay.blog.br\/wp-content\/uploads\/2018\/10\/alckimin.gif?resize=320%2C240&#038;ssl=1\" alt=\"geraldo alckmin\" width=\"320\" height=\"240\" \/><\/p>\n<ul>\n<li>El programa del tuc\u00e1n usa el t\u00e9rmino LGBTI, que incluye a los intersexuales, pero no menciona expl\u00edcitamente pol\u00edticas espec\u00edficas para ellos;<\/li>\n<li>Promete que se dar\u00e1 alta prioridad a las pol\u00edticas afirmativas en relaci\u00f3n con los sectores &#8216;m\u00e1s vulnerables&#8217;, incluido el colectivo LGBTI. Propone revisar el <strong>Plan Nacional de Promoci\u00f3n de la Ciudadan\u00eda de Lesbianas, Gays, Bisexuales, Travestis, Mujeres Transexuales y Hombres Trans<\/strong> a fin de fomentar el debate para garantizar los derechos &#8211; y dar a conocer sus derechos;<\/li>\n<li>Propone la protecci\u00f3n de la <strong>representaci\u00f3n pol\u00edtica<\/strong> en el marco de los servidores p\u00fablicos de las minor\u00edas, incluidas las LGBTI;<\/li>\n<li>Propone establecer un pacto nacional para reducir la violencia contra las personas LGBTI, en particular trans y travestis;<\/li>\n<li>Implementar la <strong>Pol\u00edtica Nacional de Salud Integral<\/strong> para la poblaci\u00f3n LGBTI, &#8216;promoviendo el mantenimiento de profesionales de la salud sensibilizados y capacitados para atender a este p\u00fablico&#8217;.<\/li>\n<\/ul>\n<p><span style=\"background-color: #ffff00;\"><strong>VERA L\u00daCIA (PSTU)<\/strong><\/span><\/p>\n<ul>\n<li><strong>Despatologizaci\u00f3n de la transexualidad<\/strong>, seg\u00fan se define en las enmiendas de la OMS (Organizaci\u00f3n Mundial de la Salud) a la Clasificaci\u00f3n Internacional de Enfermedades de junio de 2018;<\/li>\n<li>Aboga por el <strong>reconocimiento de las identidades trans<\/strong>, como ocurri\u00f3 en 2018 por decisi\u00f3n del STF;<\/li>\n<li>Eval\u00faa que a\u00fan es necesario garantizar &#8216;a la poblaci\u00f3n LGBT <strong>atenci\u00f3n m\u00e9dica a sus demandas del SUS<\/strong>&#8216;;<\/li>\n<li>Aboga por la <strong>criminalizaci\u00f3n de la fobia LGBT<\/strong>;<\/li>\n<li>Propone en la <strong>educaci\u00f3n<\/strong> que se ense\u00f1e el respeto y la diversidad.<\/li>\n<\/ul>\n<p><span style=\"background-color: #ffff00;\"><strong>JO\u00c3O GOULART FILHO (PPL)<\/strong><\/span><\/p>\n<p>El programa aboga por garantizar el acceso LGBT a todos los entornos, incluidos los servicios p\u00fablicos y privados, con atenci\u00f3n m\u00e9dica garantizada, pero no detalla propuestas. Tambi\u00e9n defiende la lucha contra la discriminaci\u00f3n en el servicio p\u00fablico y la intolerancia religiosa.<\/p>\n<blockquote class=\"wp-embedded-content\" data-secret=\"Cno9nMYBI2\"><p><a href=\"https:\/\/gay.blog.br\/gay\/candidatos-lgbt-nas-eleicoes-2018\/\">Candidatos LGBT+ nas elei\u00e7\u00f5es 2018<\/a><\/p><\/blockquote>\n<p><iframe loading=\"lazy\" class=\"wp-embedded-content\" sandbox=\"allow-scripts\" security=\"restricted\" style=\"position: absolute; clip: rect(1px, 1px, 1px, 1px);\" title=\"\u00abCandidatos LGBT+ nas elei\u00e7\u00f5es 2018\u00bb \u2014 GAY BLOG BR @gayblogbr\" src=\"https:\/\/gay.blog.br\/gay\/candidatos-lgbt-nas-eleicoes-2018\/embed\/#?secret=3RVf7YRGjq#?secret=Cno9nMYBI2\" data-secret=\"Cno9nMYBI2\" width=\"600\" height=\"338\" frameborder=\"0\" marginwidth=\"0\" marginheight=\"0\" scrolling=\"no\"><\/iframe><\/p>\n<blockquote class=\"wp-embedded-content\" data-secret=\"qX0hA6ipQy\"><p><a href=\"https:\/\/gay.blog.br\/humor\/eleitor-beija-ciro-gomes-e-e-surpreendido-com-reacao-do-candidato\/\">Eleitor beija Ciro Gomes e \u00e9 surpreendido com rea\u00e7\u00e3o do candidato<\/a><\/p><\/blockquote>\n<p><iframe loading=\"lazy\" class=\"wp-embedded-content\" sandbox=\"allow-scripts\" security=\"restricted\" style=\"position: absolute; clip: rect(1px, 1px, 1px, 1px);\" title=\"\u00abEleitor beija Ciro Gomes e \u00e9 surpreendido com rea\u00e7\u00e3o do candidato\u00bb \u2014 GAY BLOG BR @gayblogbr\" src=\"https:\/\/gay.blog.br\/humor\/eleitor-beija-ciro-gomes-e-e-surpreendido-com-reacao-do-candidato\/embed\/#?secret=5RXUkVaobL#?secret=qX0hA6ipQy\" data-secret=\"qX0hA6ipQy\" width=\"600\" height=\"338\" frameborder=\"0\" marginwidth=\"0\" marginheight=\"0\" scrolling=\"no\"><\/iframe><\/p>\n","protected":false},"excerpt":{"rendered":"<p>De los 13 candidatos al Palacio Planalto, solo siete hablan de pol\u00edticas para la poblaci\u00f3n LGBT+<\/p>\n","protected":false},"author":2,"featured_media":64202,"comment_status":"open","ping_status":"open","sticky":false,"template":"","format":"standard","meta":{"googlesitekit_rrm_CAoiEBg-BXrJeACjO8p49SE4kTY:productID":"","tdm_status":"","tdm_grid_status":"","_jetpack_newsletter_access":"","_jetpack_dont_email_post_to_subs":false,"_jetpack_newsletter_tier_id":0,"_jetpack_memberships_contains_paywalled_content":false,"_jetpack_memberships_contains_paid_content":false,"footnotes":"","jetpack_publicize_message":"Cu\u00e1les son las propuestas y proyectos LGBT+ de los candidatos presidenciales | 2018","jetpack_publicize_feature_enabled":true,"jetpack_social_post_already_shared":true,"jetpack_social_options":{"image_generator_settings":{"template":"highway","default_image_id":0,"font":"","enabled":false},"version":2},"_wpas_customize_per_network":false,"jetpack_post_was_ever_published":false},"categories":[135756,589932001],"tags":[2063728,589919639,589919641,589919624,589919546,589919642,81389,589919197,589917019,295292,10257,589919640,589919638,589919637,589919636,589919635,589919643],"class_list":{"0":"post-158784","1":"post","2":"type-post","3":"status-publish","4":"format-standard","5":"has-post-thumbnail","7":"category-direitos","8":"category-politica","9":"tag-2063728","10":"tag-boulos","11":"tag-cabo-daciolo","12":"tag-candidato","13":"tag-ciro-gomes","14":"tag-daciolo","15":"tag-direito","16":"tag-eleicoes-2018","17":"tag-intersexuais","18":"tag-leis","19":"tag-lgbt","20":"tag-marina-silva","21":"tag-presidente","22":"tag-programas","23":"tag-propostas","24":"tag-projetos","25":"tag-voto-util"},"yoast_head":"<!-- This site is optimized with the Yoast SEO plugin v27.5 - https:\/\/yoast.com\/product\/yoast-seo-wordpress\/ -->\n<title>Cu\u00e1les son las propuestas y proyectos LGBT+ de los candidatos presidenciales | 2018<\/title>\n<meta name=\"description\" content=\"De los 13 candidatos al Palacio Planalto, solo siete hablan de pol\u00edticas para la poblaci\u00f3n LGBT+\" \/>\n<meta name=\"robots\" content=\"index, follow, max-snippet:-1, max-image-preview:large, max-video-preview:-1\" \/>\n<link rel=\"canonical\" href=\"https:\/\/gay.blog.br\/es\/direitos\/cuales-son-las-propuestas-y-proyectos-lgbt-de-los-candidatos-presidenciales-2018\/\" \/>\n<meta property=\"og:locale\" content=\"es_ES\" \/>\n<meta property=\"og:type\" content=\"article\" \/>\n<meta property=\"og:title\" content=\"Cu\u00e1les son las propuestas y proyectos LGBT+ de los candidatos presidenciales | 2018\" \/>\n<meta property=\"og:description\" content=\"De los 13 candidatos al Palacio Planalto, solo siete hablan de pol\u00edticas para la poblaci\u00f3n LGBT+\" \/>\n<meta property=\"og:url\" content=\"https:\/\/gay.blog.br\/es\/direitos\/cuales-son-las-propuestas-y-proyectos-lgbt-de-los-candidatos-presidenciales-2018\/\" \/>\n<meta property=\"og:site_name\" content=\"GAY BLOG BR @gayblogbr\" \/>\n<meta property=\"article:publisher\" content=\"https:\/\/facebook.com\/gayblogbr\" \/>\n<meta property=\"article:author\" content=\"https:\/\/facebook.com\/gayblogbr\" \/>\n<meta property=\"article:published_time\" content=\"2018-10-06T17:55:54+00:00\" \/>\n<meta property=\"article:modified_time\" content=\"2022-03-05T01:56:05+00:00\" \/>\n<meta property=\"og:image\" content=\"https:\/\/gay.blog.br\/wp-content\/uploads\/2018\/10\/presidenci\u00e1veis.jpg\" \/>\n\t<meta property=\"og:image:width\" content=\"1200\" \/>\n\t<meta property=\"og:image:height\" content=\"708\" \/>\n\t<meta property=\"og:image:type\" content=\"image\/jpeg\" \/>\n<meta name=\"author\" content=\"www.gay.blog.br\" \/>\n<meta name=\"twitter:card\" content=\"summary_large_image\" \/>\n<meta name=\"twitter:creator\" content=\"@https:\/\/bsky.app\/profile\/gayblogbr.bsky.social\" \/>\n<meta name=\"twitter:site\" content=\"@gayblogbr\" \/>\n<meta name=\"twitter:label1\" content=\"Escrito por\" \/>\n\t<meta name=\"twitter:data1\" content=\"www.gay.blog.br\" \/>\n\t<meta name=\"twitter:label2\" content=\"Tiempo de lectura\" \/>\n\t<meta name=\"twitter:data2\" content=\"8 minutos\" \/>\n<script type=\"application\/ld+json\" class=\"yoast-schema-graph\">{\"@context\":\"https:\\\/\\\/schema.org\",\"@graph\":[{\"@type\":\"Article\",\"@id\":\"https:\\\/\\\/gay.blog.br\\\/es\\\/direitos\\\/cuales-son-las-propuestas-y-proyectos-lgbt-de-los-candidatos-presidenciales-2018\\\/#article\",\"isPartOf\":{\"@id\":\"https:\\\/\\\/gay.blog.br\\\/es\\\/direitos\\\/cuales-son-las-propuestas-y-proyectos-lgbt-de-los-candidatos-presidenciales-2018\\\/\"},\"author\":{\"name\":\"www.gay.blog.br\",\"@id\":\"https:\\\/\\\/gay.blog.br\\\/es\\\/#\\\/schema\\\/person\\\/ab4bce68ee54b8f4af5c174efe7472e5\"},\"headline\":\"Cu\u00e1les son las propuestas y proyectos LGBT+ de los candidatos presidenciales | 2018\",\"datePublished\":\"2018-10-06T17:55:54+00:00\",\"dateModified\":\"2022-03-05T01:56:05+00:00\",\"mainEntityOfPage\":{\"@id\":\"https:\\\/\\\/gay.blog.br\\\/es\\\/direitos\\\/cuales-son-las-propuestas-y-proyectos-lgbt-de-los-candidatos-presidenciales-2018\\\/\"},\"wordCount\":1587,\"commentCount\":0,\"publisher\":{\"@id\":\"https:\\\/\\\/gay.blog.br\\\/es\\\/#organization\"},\"image\":{\"@id\":\"https:\\\/\\\/gay.blog.br\\\/es\\\/direitos\\\/cuales-son-las-propuestas-y-proyectos-lgbt-de-los-candidatos-presidenciales-2018\\\/#primaryimage\"},\"thumbnailUrl\":\"https:\\\/\\\/i0.wp.com\\\/gay.blog.br\\\/wp-content\\\/uploads\\\/2018\\\/10\\\/presidenci%C3%A1veis.jpg?fit=1200%2C708&ssl=1\",\"keywords\":[\"2018\",\"boulos\",\"cabo daciolo\",\"candidato\",\"ciro gomes\",\"daciolo\",\"direito\",\"elei\u00e7\u00f5es 2018\",\"intersexuais\",\"leis\",\"lgbt\",\"marina silva\",\"presidente\",\"programas\",\"propostas\",\"projetos\",\"voto \u00fatil\"],\"articleSection\":[\"DIREITOS\",\"POL\u00cdTICA\"],\"inLanguage\":\"es\",\"potentialAction\":[{\"@type\":\"CommentAction\",\"name\":\"Comment\",\"target\":[\"https:\\\/\\\/gay.blog.br\\\/es\\\/direitos\\\/cuales-son-las-propuestas-y-proyectos-lgbt-de-los-candidatos-presidenciales-2018\\\/#respond\"]}]},{\"@type\":\"WebPage\",\"@id\":\"https:\\\/\\\/gay.blog.br\\\/es\\\/direitos\\\/cuales-son-las-propuestas-y-proyectos-lgbt-de-los-candidatos-presidenciales-2018\\\/\",\"url\":\"https:\\\/\\\/gay.blog.br\\\/es\\\/direitos\\\/cuales-son-las-propuestas-y-proyectos-lgbt-de-los-candidatos-presidenciales-2018\\\/\",\"name\":\"Cu\u00e1les son las propuestas y proyectos LGBT+ de los candidatos presidenciales | 2018\",\"isPartOf\":{\"@id\":\"https:\\\/\\\/gay.blog.br\\\/es\\\/#website\"},\"primaryImageOfPage\":{\"@id\":\"https:\\\/\\\/gay.blog.br\\\/es\\\/direitos\\\/cuales-son-las-propuestas-y-proyectos-lgbt-de-los-candidatos-presidenciales-2018\\\/#primaryimage\"},\"image\":{\"@id\":\"https:\\\/\\\/gay.blog.br\\\/es\\\/direitos\\\/cuales-son-las-propuestas-y-proyectos-lgbt-de-los-candidatos-presidenciales-2018\\\/#primaryimage\"},\"thumbnailUrl\":\"https:\\\/\\\/i0.wp.com\\\/gay.blog.br\\\/wp-content\\\/uploads\\\/2018\\\/10\\\/presidenci%C3%A1veis.jpg?fit=1200%2C708&ssl=1\",\"datePublished\":\"2018-10-06T17:55:54+00:00\",\"dateModified\":\"2022-03-05T01:56:05+00:00\",\"description\":\"De los 13 candidatos al Palacio Planalto, solo siete hablan de pol\u00edticas para la poblaci\u00f3n LGBT+\",\"breadcrumb\":{\"@id\":\"https:\\\/\\\/gay.blog.br\\\/es\\\/direitos\\\/cuales-son-las-propuestas-y-proyectos-lgbt-de-los-candidatos-presidenciales-2018\\\/#breadcrumb\"},\"inLanguage\":\"es\",\"potentialAction\":[{\"@type\":\"ReadAction\",\"target\":[\"https:\\\/\\\/gay.blog.br\\\/es\\\/direitos\\\/cuales-son-las-propuestas-y-proyectos-lgbt-de-los-candidatos-presidenciales-2018\\\/\"]}]},{\"@type\":\"ImageObject\",\"inLanguage\":\"es\",\"@id\":\"https:\\\/\\\/gay.blog.br\\\/es\\\/direitos\\\/cuales-son-las-propuestas-y-proyectos-lgbt-de-los-candidatos-presidenciales-2018\\\/#primaryimage\",\"url\":\"https:\\\/\\\/i0.wp.com\\\/gay.blog.br\\\/wp-content\\\/uploads\\\/2018\\\/10\\\/presidenci%C3%A1veis.jpg?fit=1200%2C708&ssl=1\",\"contentUrl\":\"https:\\\/\\\/i0.wp.com\\\/gay.blog.br\\\/wp-content\\\/uploads\\\/2018\\\/10\\\/presidenci%C3%A1veis.jpg?fit=1200%2C708&ssl=1\",\"width\":1200,\"height\":708},{\"@type\":\"BreadcrumbList\",\"@id\":\"https:\\\/\\\/gay.blog.br\\\/es\\\/direitos\\\/cuales-son-las-propuestas-y-proyectos-lgbt-de-los-candidatos-presidenciales-2018\\\/#breadcrumb\",\"itemListElement\":[{\"@type\":\"ListItem\",\"position\":1,\"name\":\"In\u00edcio\",\"item\":\"https:\\\/\\\/gay.blog.br\\\/es\\\/\"},{\"@type\":\"ListItem\",\"position\":2,\"name\":\"Cu\u00e1les son las propuestas y proyectos LGBT+ de los candidatos presidenciales | 2018\"}]},{\"@type\":\"WebSite\",\"@id\":\"https:\\\/\\\/gay.blog.br\\\/es\\\/#website\",\"url\":\"https:\\\/\\\/gay.blog.br\\\/es\\\/\",\"name\":\"GAY BLOG BR @gayblogbr\",\"description\":\"Not\u00edcias que empoderam e\\\/ou entret\u00eam s\u00e3o especialidades da casa\",\"publisher\":{\"@id\":\"https:\\\/\\\/gay.blog.br\\\/es\\\/#organization\"},\"potentialAction\":[{\"@type\":\"SearchAction\",\"target\":{\"@type\":\"EntryPoint\",\"urlTemplate\":\"https:\\\/\\\/gay.blog.br\\\/es\\\/?s={search_term_string}\"},\"query-input\":{\"@type\":\"PropertyValueSpecification\",\"valueRequired\":true,\"valueName\":\"search_term_string\"}}],\"inLanguage\":\"es\"},{\"@type\":\"Organization\",\"@id\":\"https:\\\/\\\/gay.blog.br\\\/es\\\/#organization\",\"name\":\"GAY BLOG BR\",\"url\":\"https:\\\/\\\/gay.blog.br\\\/es\\\/\",\"logo\":{\"@type\":\"ImageObject\",\"inLanguage\":\"es\",\"@id\":\"https:\\\/\\\/gay.blog.br\\\/es\\\/#\\\/schema\\\/logo\\\/image\\\/\",\"url\":\"https:\\\/\\\/i0.wp.com\\\/gay.blog.br\\\/wp-content\\\/uploads\\\/2023\\\/08\\\/gay180px.png?fit=272%2C90&ssl=1\",\"contentUrl\":\"https:\\\/\\\/i0.wp.com\\\/gay.blog.br\\\/wp-content\\\/uploads\\\/2023\\\/08\\\/gay180px.png?fit=272%2C90&ssl=1\",\"width\":272,\"height\":90,\"caption\":\"GAY BLOG BR\"},\"image\":{\"@id\":\"https:\\\/\\\/gay.blog.br\\\/es\\\/#\\\/schema\\\/logo\\\/image\\\/\"},\"sameAs\":[\"https:\\\/\\\/facebook.com\\\/gayblogbr\",\"https:\\\/\\\/x.com\\\/gayblogbr\",\"https:\\\/\\\/instagram.com\\\/gayblogbr\",\"https:\\\/\\\/www.linkedin.com\\\/company\\\/gayblogbr\\\/\",\"https:\\\/\\\/br.pinterest.com\\\/gayblogbr\\\/\",\"https:\\\/\\\/www.youtube.com\\\/channel\\\/UCdEu3JXLOB-wvWAVUF4AIiA\",\"https:\\\/\\\/pt.wikipedia.org\\\/wiki\\\/Gay_Blog_Br\",\"https:\\\/\\\/www.threads.net\\\/@gayblogbr\"]},{\"@type\":\"Person\",\"@id\":\"https:\\\/\\\/gay.blog.br\\\/es\\\/#\\\/schema\\\/person\\\/ab4bce68ee54b8f4af5c174efe7472e5\",\"name\":\"www.gay.blog.br\",\"image\":{\"@type\":\"ImageObject\",\"inLanguage\":\"es\",\"@id\":\"https:\\\/\\\/secure.gravatar.com\\\/avatar\\\/a6fb6bf5c84cdaa375389c43448e2bb88db4600d8fc5be6c42a410789075740f?s=96&d=mm&r=g\",\"url\":\"https:\\\/\\\/secure.gravatar.com\\\/avatar\\\/a6fb6bf5c84cdaa375389c43448e2bb88db4600d8fc5be6c42a410789075740f?s=96&d=mm&r=g\",\"contentUrl\":\"https:\\\/\\\/secure.gravatar.com\\\/avatar\\\/a6fb6bf5c84cdaa375389c43448e2bb88db4600d8fc5be6c42a410789075740f?s=96&d=mm&r=g\",\"caption\":\"www.gay.blog.br\"},\"description\":\"Receba as not\u00edcias pelo Telegram!\",\"sameAs\":[\"https:\\\/\\\/facebook.com\\\/gayblogbr\",\"https:\\\/\\\/instagram.com\\\/gayblogbr\",\"https:\\\/\\\/www.linkedin.com\\\/company\\\/gayblogbr\\\/\",\"https:\\\/\\\/pinterest.com\\\/gayblogbr\\\/\",\"https:\\\/\\\/x.com\\\/https:\\\/\\\/bsky.app\\\/profile\\\/gayblogbr.bsky.social\",\"https:\\\/\\\/www.youtube.com\\\/@GAYBLOGBR\",\"https:\\\/\\\/pt.wikipedia.org\\\/wiki\\\/Gay_Blog_Br\"],\"url\":\"https:\\\/\\\/gay.blog.br\\\/es\\\/author\\\/oaudaznavegante\\\/\"}]}<\/script>\n<!-- \/ Yoast SEO plugin. -->","yoast_head_json":{"title":"Cu\u00e1les son las propuestas y proyectos LGBT+ de los candidatos presidenciales | 2018","description":"De los 13 candidatos al Palacio Planalto, solo siete hablan de pol\u00edticas para la poblaci\u00f3n LGBT+","robots":{"index":"index","follow":"follow","max-snippet":"max-snippet:-1","max-image-preview":"max-image-preview:large","max-video-preview":"max-video-preview:-1"},"canonical":"https:\/\/gay.blog.br\/es\/direitos\/cuales-son-las-propuestas-y-proyectos-lgbt-de-los-candidatos-presidenciales-2018\/","og_locale":"es_ES","og_type":"article","og_title":"Cu\u00e1les son las propuestas y proyectos LGBT+ de los candidatos presidenciales | 2018","og_description":"De los 13 candidatos al Palacio Planalto, solo siete hablan de pol\u00edticas para la poblaci\u00f3n LGBT+","og_url":"https:\/\/gay.blog.br\/es\/direitos\/cuales-son-las-propuestas-y-proyectos-lgbt-de-los-candidatos-presidenciales-2018\/","og_site_name":"GAY BLOG BR @gayblogbr","article_publisher":"https:\/\/facebook.com\/gayblogbr","article_author":"https:\/\/facebook.com\/gayblogbr","article_published_time":"2018-10-06T17:55:54+00:00","article_modified_time":"2022-03-05T01:56:05+00:00","og_image":[{"width":1200,"height":708,"url":"https:\/\/gay.blog.br\/wp-content\/uploads\/2018\/10\/presidenci\u00e1veis.jpg","type":"image\/jpeg"}],"author":"www.gay.blog.br","twitter_card":"summary_large_image","twitter_creator":"@https:\/\/bsky.app\/profile\/gayblogbr.bsky.social","twitter_site":"@gayblogbr","twitter_misc":{"Escrito por":"www.gay.blog.br","Tiempo de lectura":"8 minutos"},"schema":{"@context":"https:\/\/schema.org","@graph":[{"@type":"Article","@id":"https:\/\/gay.blog.br\/es\/direitos\/cuales-son-las-propuestas-y-proyectos-lgbt-de-los-candidatos-presidenciales-2018\/#article","isPartOf":{"@id":"https:\/\/gay.blog.br\/es\/direitos\/cuales-son-las-propuestas-y-proyectos-lgbt-de-los-candidatos-presidenciales-2018\/"},"author":{"name":"www.gay.blog.br","@id":"https:\/\/gay.blog.br\/es\/#\/schema\/person\/ab4bce68ee54b8f4af5c174efe7472e5"},"headline":"Cu\u00e1les son las propuestas y proyectos LGBT+ de los candidatos presidenciales | 2018","datePublished":"2018-10-06T17:55:54+00:00","dateModified":"2022-03-05T01:56:05+00:00","mainEntityOfPage":{"@id":"https:\/\/gay.blog.br\/es\/direitos\/cuales-son-las-propuestas-y-proyectos-lgbt-de-los-candidatos-presidenciales-2018\/"},"wordCount":1587,"commentCount":0,"publisher":{"@id":"https:\/\/gay.blog.br\/es\/#organization"},"image":{"@id":"https:\/\/gay.blog.br\/es\/direitos\/cuales-son-las-propuestas-y-proyectos-lgbt-de-los-candidatos-presidenciales-2018\/#primaryimage"},"thumbnailUrl":"https:\/\/i0.wp.com\/gay.blog.br\/wp-content\/uploads\/2018\/10\/presidenci%C3%A1veis.jpg?fit=1200%2C708&ssl=1","keywords":["2018","boulos","cabo daciolo","candidato","ciro gomes","daciolo","direito","elei\u00e7\u00f5es 2018","intersexuais","leis","lgbt","marina silva","presidente","programas","propostas","projetos","voto \u00fatil"],"articleSection":["DIREITOS","POL\u00cdTICA"],"inLanguage":"es","potentialAction":[{"@type":"CommentAction","name":"Comment","target":["https:\/\/gay.blog.br\/es\/direitos\/cuales-son-las-propuestas-y-proyectos-lgbt-de-los-candidatos-presidenciales-2018\/#respond"]}]},{"@type":"WebPage","@id":"https:\/\/gay.blog.br\/es\/direitos\/cuales-son-las-propuestas-y-proyectos-lgbt-de-los-candidatos-presidenciales-2018\/","url":"https:\/\/gay.blog.br\/es\/direitos\/cuales-son-las-propuestas-y-proyectos-lgbt-de-los-candidatos-presidenciales-2018\/","name":"Cu\u00e1les son las propuestas y proyectos LGBT+ de los candidatos presidenciales | 2018","isPartOf":{"@id":"https:\/\/gay.blog.br\/es\/#website"},"primaryImageOfPage":{"@id":"https:\/\/gay.blog.br\/es\/direitos\/cuales-son-las-propuestas-y-proyectos-lgbt-de-los-candidatos-presidenciales-2018\/#primaryimage"},"image":{"@id":"https:\/\/gay.blog.br\/es\/direitos\/cuales-son-las-propuestas-y-proyectos-lgbt-de-los-candidatos-presidenciales-2018\/#primaryimage"},"thumbnailUrl":"https:\/\/i0.wp.com\/gay.blog.br\/wp-content\/uploads\/2018\/10\/presidenci%C3%A1veis.jpg?fit=1200%2C708&ssl=1","datePublished":"2018-10-06T17:55:54+00:00","dateModified":"2022-03-05T01:56:05+00:00","description":"De los 13 candidatos al Palacio Planalto, solo siete hablan de pol\u00edticas para la poblaci\u00f3n LGBT+","breadcrumb":{"@id":"https:\/\/gay.blog.br\/es\/direitos\/cuales-son-las-propuestas-y-proyectos-lgbt-de-los-candidatos-presidenciales-2018\/#breadcrumb"},"inLanguage":"es","potentialAction":[{"@type":"ReadAction","target":["https:\/\/gay.blog.br\/es\/direitos\/cuales-son-las-propuestas-y-proyectos-lgbt-de-los-candidatos-presidenciales-2018\/"]}]},{"@type":"ImageObject","inLanguage":"es","@id":"https:\/\/gay.blog.br\/es\/direitos\/cuales-son-las-propuestas-y-proyectos-lgbt-de-los-candidatos-presidenciales-2018\/#primaryimage","url":"https:\/\/i0.wp.com\/gay.blog.br\/wp-content\/uploads\/2018\/10\/presidenci%C3%A1veis.jpg?fit=1200%2C708&ssl=1","contentUrl":"https:\/\/i0.wp.com\/gay.blog.br\/wp-content\/uploads\/2018\/10\/presidenci%C3%A1veis.jpg?fit=1200%2C708&ssl=1","width":1200,"height":708},{"@type":"BreadcrumbList","@id":"https:\/\/gay.blog.br\/es\/direitos\/cuales-son-las-propuestas-y-proyectos-lgbt-de-los-candidatos-presidenciales-2018\/#breadcrumb","itemListElement":[{"@type":"ListItem","position":1,"name":"In\u00edcio","item":"https:\/\/gay.blog.br\/es\/"},{"@type":"ListItem","position":2,"name":"Cu\u00e1les son las propuestas y proyectos LGBT+ de los candidatos presidenciales | 2018"}]},{"@type":"WebSite","@id":"https:\/\/gay.blog.br\/es\/#website","url":"https:\/\/gay.blog.br\/es\/","name":"GAY BLOG BR @gayblogbr","description":"Not\u00edcias que empoderam e\/ou entret\u00eam s\u00e3o especialidades da casa","publisher":{"@id":"https:\/\/gay.blog.br\/es\/#organization"},"potentialAction":[{"@type":"SearchAction","target":{"@type":"EntryPoint","urlTemplate":"https:\/\/gay.blog.br\/es\/?s={search_term_string}"},"query-input":{"@type":"PropertyValueSpecification","valueRequired":true,"valueName":"search_term_string"}}],"inLanguage":"es"},{"@type":"Organization","@id":"https:\/\/gay.blog.br\/es\/#organization","name":"GAY BLOG BR","url":"https:\/\/gay.blog.br\/es\/","logo":{"@type":"ImageObject","inLanguage":"es","@id":"https:\/\/gay.blog.br\/es\/#\/schema\/logo\/image\/","url":"https:\/\/i0.wp.com\/gay.blog.br\/wp-content\/uploads\/2023\/08\/gay180px.png?fit=272%2C90&ssl=1","contentUrl":"https:\/\/i0.wp.com\/gay.blog.br\/wp-content\/uploads\/2023\/08\/gay180px.png?fit=272%2C90&ssl=1","width":272,"height":90,"caption":"GAY BLOG BR"},"image":{"@id":"https:\/\/gay.blog.br\/es\/#\/schema\/logo\/image\/"},"sameAs":["https:\/\/facebook.com\/gayblogbr","https:\/\/x.com\/gayblogbr","https:\/\/instagram.com\/gayblogbr","https:\/\/www.linkedin.com\/company\/gayblogbr\/","https:\/\/br.pinterest.com\/gayblogbr\/","https:\/\/www.youtube.com\/channel\/UCdEu3JXLOB-wvWAVUF4AIiA","https:\/\/pt.wikipedia.org\/wiki\/Gay_Blog_Br","https:\/\/www.threads.net\/@gayblogbr"]},{"@type":"Person","@id":"https:\/\/gay.blog.br\/es\/#\/schema\/person\/ab4bce68ee54b8f4af5c174efe7472e5","name":"www.gay.blog.br","image":{"@type":"ImageObject","inLanguage":"es","@id":"https:\/\/secure.gravatar.com\/avatar\/a6fb6bf5c84cdaa375389c43448e2bb88db4600d8fc5be6c42a410789075740f?s=96&d=mm&r=g","url":"https:\/\/secure.gravatar.com\/avatar\/a6fb6bf5c84cdaa375389c43448e2bb88db4600d8fc5be6c42a410789075740f?s=96&d=mm&r=g","contentUrl":"https:\/\/secure.gravatar.com\/avatar\/a6fb6bf5c84cdaa375389c43448e2bb88db4600d8fc5be6c42a410789075740f?s=96&d=mm&r=g","caption":"www.gay.blog.br"},"description":"Receba as not\u00edcias pelo Telegram!","sameAs":["https:\/\/facebook.com\/gayblogbr","https:\/\/instagram.com\/gayblogbr","https:\/\/www.linkedin.com\/company\/gayblogbr\/","https:\/\/pinterest.com\/gayblogbr\/","https:\/\/x.com\/https:\/\/bsky.app\/profile\/gayblogbr.bsky.social","https:\/\/www.youtube.com\/@GAYBLOGBR","https:\/\/pt.wikipedia.org\/wiki\/Gay_Blog_Br"],"url":"https:\/\/gay.blog.br\/es\/author\/oaudaznavegante\/"}]}},"jetpack_publicize_connections":[],"jetpack_featured_media_url":"https:\/\/i0.wp.com\/gay.blog.br\/wp-content\/uploads\/2018\/10\/presidenci%C3%A1veis.jpg?fit=1200%2C708&ssl=1","jetpack_sharing_enabled":true,"jetpack_shortlink":"https:\/\/wp.me\/p6klkK-Fj2","jetpack_likes_enabled":false,"amp_enabled":true,"_links":{"self":[{"href":"https:\/\/gay.blog.br\/es\/wp-json\/wp\/v2\/posts\/158784","targetHints":{"allow":["GET"]}}],"collection":[{"href":"https:\/\/gay.blog.br\/es\/wp-json\/wp\/v2\/posts"}],"about":[{"href":"https:\/\/gay.blog.br\/es\/wp-json\/wp\/v2\/types\/post"}],"author":[{"embeddable":true,"href":"https:\/\/gay.blog.br\/es\/wp-json\/wp\/v2\/users\/2"}],"replies":[{"embeddable":true,"href":"https:\/\/gay.blog.br\/es\/wp-json\/wp\/v2\/comments?post=158784"}],"version-history":[{"count":1,"href":"https:\/\/gay.blog.br\/es\/wp-json\/wp\/v2\/posts\/158784\/revisions"}],"predecessor-version":[{"id":158788,"href":"https:\/\/gay.blog.br\/es\/wp-json\/wp\/v2\/posts\/158784\/revisions\/158788"}],"wp:featuredmedia":[{"embeddable":true,"href":"https:\/\/gay.blog.br\/es\/wp-json\/wp\/v2\/media\/64202"}],"wp:attachment":[{"href":"https:\/\/gay.blog.br\/es\/wp-json\/wp\/v2\/media?parent=158784"}],"wp:term":[{"taxonomy":"category","embeddable":true,"href":"https:\/\/gay.blog.br\/es\/wp-json\/wp\/v2\/categories?post=158784"},{"taxonomy":"post_tag","embeddable":true,"href":"https:\/\/gay.blog.br\/es\/wp-json\/wp\/v2\/tags?post=158784"}],"curies":[{"name":"wp","href":"https:\/\/api.w.org\/{rel}","templated":true}]}}