{"id":159075,"date":"2018-02-06T10:33:10","date_gmt":"2018-02-06T12:33:10","guid":{"rendered":"https:\/\/gay.blog.br\/?p=159075"},"modified":"2022-03-08T18:25:28","modified_gmt":"2022-03-08T21:25:28","slug":"bailarines-de-anitta-ludmilla-valesca-y-pabllo-vittar-crean-una-banda-gay","status":"publish","type":"post","link":"https:\/\/gay.blog.br\/es\/cultura-es\/musica-es\/bailarines-de-anitta-ludmilla-valesca-y-pabllo-vittar-crean-una-banda-gay\/","title":{"rendered":"Bailarines de Anitta, Ludmilla, Valesca y Pabllo Vittar crean una &#8216;banda gay&#8217;"},"content":{"rendered":"<p style=\"text-align: justify;\">Del sue\u00f1o de bailar junto a artistas como <a href=\"https:\/\/gay.blog.br\/2018\/01\/19\/j-balvin-libera-clipe-com-anitta-assista\/\">Anitta<\/a>, Ludmilla, Valesca Popozuda y <a href=\"https:\/\/gay.blog.br\/2018\/02\/04\/sunga-e-body-pabllo-vittar-cea\/\">Pabllo Vittar<\/a>, surgi\u00f3 el deseo de crear la primera banda gay brasile\u00f1a. Edson Bibiu (30 a\u00f1os y residente en Realengo), Jhury Nascimento (22, de Taquara), Lucas Oliveira (24, de Ilha do Governador) y Thiago Basseto (21, de Duque de Caxias) bailarines y core\u00f3grafos oficiales de las estrellas mencionadas anteriormente formaron la banda Funtastic. Y ya llegan con todo. Para que os hag\u00e1is una idea, tienen un single (\u00abBalan\u00e7a a Raba\u00bb, mira abajo) creado por Yuri Drummond (autor de \u00e9xitos de Vittar como \u00abCorpo sensual\u00bb) y Ludmilla como madrina.<\/p>\n<p><span class=\"embed-youtube\" style=\"text-align:center; display: block;\"><iframe loading=\"lazy\" class=\"youtube-player\" width=\"696\" height=\"392\" src=\"https:\/\/www.youtube.com\/embed\/fm3M5sO1Au0?version=3&#038;rel=1&#038;showsearch=0&#038;showinfo=1&#038;iv_load_policy=1&#038;fs=1&#038;hl=es-ES&#038;autohide=2&#038;wmode=transparent\" allowfullscreen=\"true\" style=\"border:0;\" sandbox=\"allow-scripts allow-same-origin allow-popups allow-presentation allow-popups-to-escape-sandbox\"><\/iframe><\/span><\/p>\n<p style=\"text-align: justify;\">\u201cHicimos nuestra primera actuaci\u00f3n en un show de Ludmilla, durante el fin de semana. Incluso hizo una canci\u00f3n para nosotros, que todav\u00eda vamos a grabar\u201d, dice Edson, quien lleva tres a\u00f1os bailando con la cantante. A pesar del ingenio y las definiciones de la banda, los componentes no pretenden, en un principio, hacer ninguna defensa de g\u00e9nero. \u00abLa defensa de g\u00e9nero ya somos nosotros. Queremos intentar llegar a un p\u00fablico general, ni\u00f1os, ancianos y heterosexuales&#8230; Aprovecharemos la puerta que abri\u00f3 Pabllo, la barrera que ella rompi\u00f3\u00bb, agrega.<\/p>\n<figure id=\"attachment_12853\" aria-describedby=\"caption-attachment-12853\" style=\"width: 640px\" class=\"wp-caption aligncenter\"><a href=\"http:\/\/instagram.com\/gayblogbr\"><img data-recalc-dims=\"1\" loading=\"lazy\" decoding=\"async\" class=\"size-full wp-image-12853\" src=\"https:\/\/i0.wp.com\/gay.blog.br\/wp-content\/uploads\/2018\/02\/funtastic.jpg?resize=640%2C360&#038;ssl=1\" alt=\"Jhury, Thiago, Bibiu y Lucas forman la banda gay 'Funtastic' Foto: Divulgaci\u00f3n\" width=\"640\" height=\"360\" srcset=\"https:\/\/i0.wp.com\/gay.blog.br\/wp-content\/uploads\/2018\/02\/funtastic.jpg?w=640&amp;ssl=1 640w, https:\/\/i0.wp.com\/gay.blog.br\/wp-content\/uploads\/2018\/02\/funtastic.jpg?resize=150%2C84&amp;ssl=1 150w, https:\/\/i0.wp.com\/gay.blog.br\/wp-content\/uploads\/2018\/02\/funtastic.jpg?resize=300%2C169&amp;ssl=1 300w\" sizes=\"auto, (max-width: 640px) 100vw, 640px\" \/><\/a><figcaption id=\"caption-attachment-12853\" class=\"wp-caption-text\">Jhury, Thiago, Bibiu y Lucas forman la banda gay &#8216;Funtastic&#8217; Foto: Divulgaci\u00f3n<\/figcaption><\/figure>\n<p style=\"text-align: justify;\">Una figura bien estampada del cuarteto es el rubio Lucas, que forma parte del ballet de Anitta desde hace seis a\u00f1os. \u201cAbri\u00f3 puertas a muchas cosas, fue el primero en poner a dos bailarinas bailando en el escenario\u201d, dice \u00e9l, quien ve el mercado actual como una gran oportunidad para seguir \u201crompiendo barreras\u201d. \u201cYa hab\u00eda un show donde recib\u00ed una piedra de hielo, y Anitta interrumpi\u00f3 el show y habl\u00f3 de prejuicios. Al principio fue muy dif\u00edcil\u201d, recuerda.<\/p>\n<p style=\"text-align: justify;\">Jhury tambi\u00e9n ha sufrido ataques homof\u00f3bicos mientras actuaba con Valesca, con quien trabaj\u00f3 durante cuatro a\u00f1os. \u00abMe gritaron maric\u00f3n y me golpearon el ojo con una lata de cerveza, termin\u00e9 en el hospital y estaba en riesgo de quedarme ciego\u00bb, dice \u00e9l, quien mantuvo su caracter\u00edstico cabello rojo para el nuevo proyecto. \u00abDe los cuatro, soy el m\u00e1s afeminado del grupo (risas). Me gusta este tipo de confusi\u00f3n, de que la gente me mire y me pregunte: &#8216;\u00bfEs ni\u00f1o o ni\u00f1a?\u00bb.<\/p>\n<p style=\"text-align: justify;\">El grupo actuar\u00e1 el pr\u00f3ximo domingo en el Baile da Bloco da Preta Gil, en Monte L\u00edbano, con Pabllo Vittar y Jojo Todynho. \u00abNo hay producto como nosotros. La llegada de Pabllo al escenario fue muy buena, pero no todos se sintieron representados. Nosotros, porque somos cuatro estilos diferentes, podremos representar a mucha gente. Queremos mostrar esto que eso gay perif\u00e9rico que su voz es buena, puede hacer un trabajo bueno y de calidad. No quiere ser mujer. Somos afeminados, pero no somos mujeres\u00bb, advierte Thiago.<\/p>\n<figure id=\"attachment_12854\" aria-describedby=\"caption-attachment-12854\" style=\"width: 448px\" class=\"wp-caption aligncenter\"><a href=\"http:\/\/instagram.com\/gayblogbr\"><img data-recalc-dims=\"1\" loading=\"lazy\" decoding=\"async\" class=\"size-full wp-image-12854\" src=\"https:\/\/i0.wp.com\/gay.blog.br\/wp-content\/uploads\/2018\/02\/gay-band.jpg?resize=448%2C448&#038;ssl=1\" alt=\"Jhury, Thiago, Bibiu y Lucas forman la banda gay 'Funtastic' Foto: Divulgaci\u00f3n\" width=\"448\" height=\"448\" srcset=\"https:\/\/i0.wp.com\/gay.blog.br\/wp-content\/uploads\/2018\/02\/gay-band.jpg?w=448&amp;ssl=1 448w, https:\/\/i0.wp.com\/gay.blog.br\/wp-content\/uploads\/2018\/02\/gay-band.jpg?resize=150%2C150&amp;ssl=1 150w, https:\/\/i0.wp.com\/gay.blog.br\/wp-content\/uploads\/2018\/02\/gay-band.jpg?resize=300%2C300&amp;ssl=1 300w, https:\/\/i0.wp.com\/gay.blog.br\/wp-content\/uploads\/2018\/02\/gay-band.jpg?resize=420%2C420&amp;ssl=1 420w\" sizes=\"auto, (max-width: 448px) 100vw, 448px\" \/><\/a><figcaption id=\"caption-attachment-12854\" class=\"wp-caption-text\">Jhury, Thiago, Bibiu y Lucas forman la banda gay &#8216;Funtastic&#8217; Foto: Divulgaci\u00f3n<\/figcaption><\/figure>\n<p style=\"text-align: justify;\"><em>Publicando originalmente en Extra<\/em><\/p>\n","protected":false},"excerpt":{"rendered":"<p>El grupo actuar\u00e1 el pr\u00f3ximo domingo en el Baile da Bloco da Preta Gil, en Monte L\u00edbano, con Pabllo Vittar y Jojo Todynho.<\/p>\n","protected":false},"author":2,"featured_media":60288,"comment_status":"open","ping_status":"open","sticky":false,"template":"","format":"standard","meta":{"googlesitekit_rrm_CAoiEBg-BXrJeACjO8p49SE4kTY:productID":"","tdm_status":"","tdm_grid_status":"","_jetpack_newsletter_access":"","_jetpack_dont_email_post_to_subs":false,"_jetpack_newsletter_tier_id":0,"_jetpack_memberships_contains_paywalled_content":false,"_jetpack_memberships_contains_paid_content":false,"footnotes":"","jetpack_publicize_message":"Bailarines de Anitta, Ludmilla, Valesca y Pabllo Vittar crean una 'banda gay'","jetpack_publicize_feature_enabled":true,"jetpack_social_post_already_shared":true,"jetpack_social_options":{"image_generator_settings":{"template":"highway","default_image_id":0,"font":"","enabled":false},"version":2},"_wpas_customize_per_network":false,"jetpack_post_was_ever_published":false},"categories":[589932394],"tags":[589933018,589942461,589942460,589942462,589937615,589932815,589939060],"class_list":{"0":"post-159075","1":"post","2":"type-post","3":"status-publish","4":"format-standard","5":"has-post-thumbnail","7":"category-musica-es","8":"tag-anitta-es","9":"tag-balanca-a-raba-es","10":"tag-funtastic-es","11":"tag-gay-band-es","12":"tag-ludmilla-es","13":"tag-pabllo-vittar-es","14":"tag-valesca-popozuda-es"},"yoast_head":"<!-- This site is optimized with the Yoast SEO plugin v27.5 - https:\/\/yoast.com\/product\/yoast-seo-wordpress\/ -->\n<title>Bailarines de Anitta, Ludmilla, Valesca y Pabllo Vittar crean una &#039;banda gay&#039;<\/title>\n<meta name=\"description\" content=\"El grupo actuar\u00e1 el pr\u00f3ximo domingo en el Baile da Bloco da Preta Gil, en Monte L\u00edbano, con Pabllo Vittar y Jojo Todynho.\" \/>\n<meta name=\"robots\" content=\"index, follow, max-snippet:-1, max-image-preview:large, max-video-preview:-1\" \/>\n<link rel=\"canonical\" href=\"https:\/\/gay.blog.br\/es\/cultura-es\/musica-es\/bailarines-de-anitta-ludmilla-valesca-y-pabllo-vittar-crean-una-banda-gay\/\" \/>\n<meta property=\"og:locale\" content=\"es_ES\" \/>\n<meta property=\"og:type\" content=\"article\" \/>\n<meta property=\"og:title\" content=\"Bailarines de Anitta, Ludmilla, Valesca y Pabllo Vittar crean una &#039;banda gay&#039;\" \/>\n<meta property=\"og:description\" content=\"El grupo actuar\u00e1 el pr\u00f3ximo domingo en el Baile da Bloco da Preta Gil, en Monte L\u00edbano, con Pabllo Vittar y Jojo Todynho.\" \/>\n<meta property=\"og:url\" content=\"https:\/\/gay.blog.br\/es\/cultura-es\/musica-es\/bailarines-de-anitta-ludmilla-valesca-y-pabllo-vittar-crean-una-banda-gay\/\" \/>\n<meta property=\"og:site_name\" content=\"GAY BLOG BR @gayblogbr\" \/>\n<meta property=\"article:publisher\" content=\"https:\/\/facebook.com\/gayblogbr\" \/>\n<meta property=\"article:author\" content=\"https:\/\/facebook.com\/gayblogbr\" \/>\n<meta property=\"article:published_time\" content=\"2018-02-06T12:33:10+00:00\" \/>\n<meta property=\"article:modified_time\" content=\"2022-03-08T21:25:28+00:00\" \/>\n<meta property=\"og:image\" content=\"https:\/\/gay.blog.br\/wp-content\/uploads\/2018\/02\/funtastic.jpg\" \/>\n\t<meta property=\"og:image:width\" content=\"640\" \/>\n\t<meta property=\"og:image:height\" content=\"360\" \/>\n\t<meta property=\"og:image:type\" content=\"image\/jpeg\" \/>\n<meta name=\"author\" content=\"www.gay.blog.br\" \/>\n<meta name=\"twitter:card\" content=\"summary_large_image\" \/>\n<meta name=\"twitter:creator\" content=\"@https:\/\/bsky.app\/profile\/gayblogbr.bsky.social\" \/>\n<meta name=\"twitter:site\" content=\"@gayblogbr\" \/>\n<meta name=\"twitter:label1\" content=\"Escrito por\" \/>\n\t<meta name=\"twitter:data1\" content=\"www.gay.blog.br\" \/>\n\t<meta name=\"twitter:label2\" content=\"Tiempo de lectura\" \/>\n\t<meta name=\"twitter:data2\" content=\"3 minutos\" \/>\n<script type=\"application\/ld+json\" class=\"yoast-schema-graph\">{\"@context\":\"https:\\\/\\\/schema.org\",\"@graph\":[{\"@type\":\"Article\",\"@id\":\"https:\\\/\\\/gay.blog.br\\\/es\\\/cultura-es\\\/musica-es\\\/bailarines-de-anitta-ludmilla-valesca-y-pabllo-vittar-crean-una-banda-gay\\\/#article\",\"isPartOf\":{\"@id\":\"https:\\\/\\\/gay.blog.br\\\/es\\\/cultura-es\\\/musica-es\\\/bailarines-de-anitta-ludmilla-valesca-y-pabllo-vittar-crean-una-banda-gay\\\/\"},\"author\":{\"name\":\"www.gay.blog.br\",\"@id\":\"https:\\\/\\\/gay.blog.br\\\/es\\\/#\\\/schema\\\/person\\\/ab4bce68ee54b8f4af5c174efe7472e5\"},\"headline\":\"Bailarines de Anitta, Ludmilla, Valesca y Pabllo Vittar crean una &#8216;banda gay&#8217;\",\"datePublished\":\"2018-02-06T12:33:10+00:00\",\"dateModified\":\"2022-03-08T21:25:28+00:00\",\"mainEntityOfPage\":{\"@id\":\"https:\\\/\\\/gay.blog.br\\\/es\\\/cultura-es\\\/musica-es\\\/bailarines-de-anitta-ludmilla-valesca-y-pabllo-vittar-crean-una-banda-gay\\\/\"},\"wordCount\":524,\"commentCount\":0,\"publisher\":{\"@id\":\"https:\\\/\\\/gay.blog.br\\\/es\\\/#organization\"},\"image\":{\"@id\":\"https:\\\/\\\/gay.blog.br\\\/es\\\/cultura-es\\\/musica-es\\\/bailarines-de-anitta-ludmilla-valesca-y-pabllo-vittar-crean-una-banda-gay\\\/#primaryimage\"},\"thumbnailUrl\":\"https:\\\/\\\/i0.wp.com\\\/gay.blog.br\\\/wp-content\\\/uploads\\\/2018\\\/02\\\/funtastic.jpg?fit=640%2C360&ssl=1\",\"keywords\":[\"anitta\",\"balan\u00e7a a raba\",\"funtastic\",\"gay band\",\"ludmilla\",\"pabllo vittar\",\"valesca popozuda\"],\"articleSection\":[\"M\u00daSICA\"],\"inLanguage\":\"es\",\"potentialAction\":[{\"@type\":\"CommentAction\",\"name\":\"Comment\",\"target\":[\"https:\\\/\\\/gay.blog.br\\\/es\\\/cultura-es\\\/musica-es\\\/bailarines-de-anitta-ludmilla-valesca-y-pabllo-vittar-crean-una-banda-gay\\\/#respond\"]}]},{\"@type\":\"WebPage\",\"@id\":\"https:\\\/\\\/gay.blog.br\\\/es\\\/cultura-es\\\/musica-es\\\/bailarines-de-anitta-ludmilla-valesca-y-pabllo-vittar-crean-una-banda-gay\\\/\",\"url\":\"https:\\\/\\\/gay.blog.br\\\/es\\\/cultura-es\\\/musica-es\\\/bailarines-de-anitta-ludmilla-valesca-y-pabllo-vittar-crean-una-banda-gay\\\/\",\"name\":\"Bailarines de Anitta, Ludmilla, Valesca y Pabllo Vittar crean una 'banda gay'\",\"isPartOf\":{\"@id\":\"https:\\\/\\\/gay.blog.br\\\/es\\\/#website\"},\"primaryImageOfPage\":{\"@id\":\"https:\\\/\\\/gay.blog.br\\\/es\\\/cultura-es\\\/musica-es\\\/bailarines-de-anitta-ludmilla-valesca-y-pabllo-vittar-crean-una-banda-gay\\\/#primaryimage\"},\"image\":{\"@id\":\"https:\\\/\\\/gay.blog.br\\\/es\\\/cultura-es\\\/musica-es\\\/bailarines-de-anitta-ludmilla-valesca-y-pabllo-vittar-crean-una-banda-gay\\\/#primaryimage\"},\"thumbnailUrl\":\"https:\\\/\\\/i0.wp.com\\\/gay.blog.br\\\/wp-content\\\/uploads\\\/2018\\\/02\\\/funtastic.jpg?fit=640%2C360&ssl=1\",\"datePublished\":\"2018-02-06T12:33:10+00:00\",\"dateModified\":\"2022-03-08T21:25:28+00:00\",\"description\":\"El grupo actuar\u00e1 el pr\u00f3ximo domingo en el Baile da Bloco da Preta Gil, en Monte L\u00edbano, con Pabllo Vittar y Jojo Todynho.\",\"breadcrumb\":{\"@id\":\"https:\\\/\\\/gay.blog.br\\\/es\\\/cultura-es\\\/musica-es\\\/bailarines-de-anitta-ludmilla-valesca-y-pabllo-vittar-crean-una-banda-gay\\\/#breadcrumb\"},\"inLanguage\":\"es\",\"potentialAction\":[{\"@type\":\"ReadAction\",\"target\":[\"https:\\\/\\\/gay.blog.br\\\/es\\\/cultura-es\\\/musica-es\\\/bailarines-de-anitta-ludmilla-valesca-y-pabllo-vittar-crean-una-banda-gay\\\/\"]}]},{\"@type\":\"ImageObject\",\"inLanguage\":\"es\",\"@id\":\"https:\\\/\\\/gay.blog.br\\\/es\\\/cultura-es\\\/musica-es\\\/bailarines-de-anitta-ludmilla-valesca-y-pabllo-vittar-crean-una-banda-gay\\\/#primaryimage\",\"url\":\"https:\\\/\\\/i0.wp.com\\\/gay.blog.br\\\/wp-content\\\/uploads\\\/2018\\\/02\\\/funtastic.jpg?fit=640%2C360&ssl=1\",\"contentUrl\":\"https:\\\/\\\/i0.wp.com\\\/gay.blog.br\\\/wp-content\\\/uploads\\\/2018\\\/02\\\/funtastic.jpg?fit=640%2C360&ssl=1\",\"width\":640,\"height\":360,\"caption\":\"Jhury, Thiago, Bibiu e Lucas formam a gay band 'Funtastic' Foto: Divulga\u00e7\u00e3o\"},{\"@type\":\"BreadcrumbList\",\"@id\":\"https:\\\/\\\/gay.blog.br\\\/es\\\/cultura-es\\\/musica-es\\\/bailarines-de-anitta-ludmilla-valesca-y-pabllo-vittar-crean-una-banda-gay\\\/#breadcrumb\",\"itemListElement\":[{\"@type\":\"ListItem\",\"position\":1,\"name\":\"In\u00edcio\",\"item\":\"https:\\\/\\\/gay.blog.br\\\/es\\\/\"},{\"@type\":\"ListItem\",\"position\":2,\"name\":\"Bailarines de Anitta, Ludmilla, Valesca y Pabllo Vittar crean una &#8216;banda gay&#8217;\"}]},{\"@type\":\"WebSite\",\"@id\":\"https:\\\/\\\/gay.blog.br\\\/es\\\/#website\",\"url\":\"https:\\\/\\\/gay.blog.br\\\/es\\\/\",\"name\":\"GAY BLOG BR @gayblogbr\",\"description\":\"Not\u00edcias que empoderam e\\\/ou entret\u00eam s\u00e3o especialidades da casa\",\"publisher\":{\"@id\":\"https:\\\/\\\/gay.blog.br\\\/es\\\/#organization\"},\"potentialAction\":[{\"@type\":\"SearchAction\",\"target\":{\"@type\":\"EntryPoint\",\"urlTemplate\":\"https:\\\/\\\/gay.blog.br\\\/es\\\/?s={search_term_string}\"},\"query-input\":{\"@type\":\"PropertyValueSpecification\",\"valueRequired\":true,\"valueName\":\"search_term_string\"}}],\"inLanguage\":\"es\"},{\"@type\":\"Organization\",\"@id\":\"https:\\\/\\\/gay.blog.br\\\/es\\\/#organization\",\"name\":\"GAY BLOG BR\",\"url\":\"https:\\\/\\\/gay.blog.br\\\/es\\\/\",\"logo\":{\"@type\":\"ImageObject\",\"inLanguage\":\"es\",\"@id\":\"https:\\\/\\\/gay.blog.br\\\/es\\\/#\\\/schema\\\/logo\\\/image\\\/\",\"url\":\"https:\\\/\\\/i0.wp.com\\\/gay.blog.br\\\/wp-content\\\/uploads\\\/2023\\\/08\\\/gay180px.png?fit=272%2C90&ssl=1\",\"contentUrl\":\"https:\\\/\\\/i0.wp.com\\\/gay.blog.br\\\/wp-content\\\/uploads\\\/2023\\\/08\\\/gay180px.png?fit=272%2C90&ssl=1\",\"width\":272,\"height\":90,\"caption\":\"GAY BLOG BR\"},\"image\":{\"@id\":\"https:\\\/\\\/gay.blog.br\\\/es\\\/#\\\/schema\\\/logo\\\/image\\\/\"},\"sameAs\":[\"https:\\\/\\\/facebook.com\\\/gayblogbr\",\"https:\\\/\\\/x.com\\\/gayblogbr\",\"https:\\\/\\\/instagram.com\\\/gayblogbr\",\"https:\\\/\\\/www.linkedin.com\\\/company\\\/gayblogbr\\\/\",\"https:\\\/\\\/br.pinterest.com\\\/gayblogbr\\\/\",\"https:\\\/\\\/www.youtube.com\\\/channel\\\/UCdEu3JXLOB-wvWAVUF4AIiA\",\"https:\\\/\\\/pt.wikipedia.org\\\/wiki\\\/Gay_Blog_Br\",\"https:\\\/\\\/www.threads.net\\\/@gayblogbr\"]},{\"@type\":\"Person\",\"@id\":\"https:\\\/\\\/gay.blog.br\\\/es\\\/#\\\/schema\\\/person\\\/ab4bce68ee54b8f4af5c174efe7472e5\",\"name\":\"www.gay.blog.br\",\"image\":{\"@type\":\"ImageObject\",\"inLanguage\":\"es\",\"@id\":\"https:\\\/\\\/secure.gravatar.com\\\/avatar\\\/a6fb6bf5c84cdaa375389c43448e2bb88db4600d8fc5be6c42a410789075740f?s=96&d=mm&r=g\",\"url\":\"https:\\\/\\\/secure.gravatar.com\\\/avatar\\\/a6fb6bf5c84cdaa375389c43448e2bb88db4600d8fc5be6c42a410789075740f?s=96&d=mm&r=g\",\"contentUrl\":\"https:\\\/\\\/secure.gravatar.com\\\/avatar\\\/a6fb6bf5c84cdaa375389c43448e2bb88db4600d8fc5be6c42a410789075740f?s=96&d=mm&r=g\",\"caption\":\"www.gay.blog.br\"},\"description\":\"Receba as not\u00edcias pelo Telegram!\",\"sameAs\":[\"https:\\\/\\\/facebook.com\\\/gayblogbr\",\"https:\\\/\\\/instagram.com\\\/gayblogbr\",\"https:\\\/\\\/www.linkedin.com\\\/company\\\/gayblogbr\\\/\",\"https:\\\/\\\/pinterest.com\\\/gayblogbr\\\/\",\"https:\\\/\\\/x.com\\\/https:\\\/\\\/bsky.app\\\/profile\\\/gayblogbr.bsky.social\",\"https:\\\/\\\/www.youtube.com\\\/@GAYBLOGBR\",\"https:\\\/\\\/pt.wikipedia.org\\\/wiki\\\/Gay_Blog_Br\"],\"url\":\"https:\\\/\\\/gay.blog.br\\\/es\\\/author\\\/oaudaznavegante\\\/\"}]}<\/script>\n<!-- \/ Yoast SEO plugin. -->","yoast_head_json":{"title":"Bailarines de Anitta, Ludmilla, Valesca y Pabllo Vittar crean una 'banda gay'","description":"El grupo actuar\u00e1 el pr\u00f3ximo domingo en el Baile da Bloco da Preta Gil, en Monte L\u00edbano, con Pabllo Vittar y Jojo Todynho.","robots":{"index":"index","follow":"follow","max-snippet":"max-snippet:-1","max-image-preview":"max-image-preview:large","max-video-preview":"max-video-preview:-1"},"canonical":"https:\/\/gay.blog.br\/es\/cultura-es\/musica-es\/bailarines-de-anitta-ludmilla-valesca-y-pabllo-vittar-crean-una-banda-gay\/","og_locale":"es_ES","og_type":"article","og_title":"Bailarines de Anitta, Ludmilla, Valesca y Pabllo Vittar crean una 'banda gay'","og_description":"El grupo actuar\u00e1 el pr\u00f3ximo domingo en el Baile da Bloco da Preta Gil, en Monte L\u00edbano, con Pabllo Vittar y Jojo Todynho.","og_url":"https:\/\/gay.blog.br\/es\/cultura-es\/musica-es\/bailarines-de-anitta-ludmilla-valesca-y-pabllo-vittar-crean-una-banda-gay\/","og_site_name":"GAY BLOG BR @gayblogbr","article_publisher":"https:\/\/facebook.com\/gayblogbr","article_author":"https:\/\/facebook.com\/gayblogbr","article_published_time":"2018-02-06T12:33:10+00:00","article_modified_time":"2022-03-08T21:25:28+00:00","og_image":[{"width":640,"height":360,"url":"https:\/\/gay.blog.br\/wp-content\/uploads\/2018\/02\/funtastic.jpg","type":"image\/jpeg"}],"author":"www.gay.blog.br","twitter_card":"summary_large_image","twitter_creator":"@https:\/\/bsky.app\/profile\/gayblogbr.bsky.social","twitter_site":"@gayblogbr","twitter_misc":{"Escrito por":"www.gay.blog.br","Tiempo de lectura":"3 minutos"},"schema":{"@context":"https:\/\/schema.org","@graph":[{"@type":"Article","@id":"https:\/\/gay.blog.br\/es\/cultura-es\/musica-es\/bailarines-de-anitta-ludmilla-valesca-y-pabllo-vittar-crean-una-banda-gay\/#article","isPartOf":{"@id":"https:\/\/gay.blog.br\/es\/cultura-es\/musica-es\/bailarines-de-anitta-ludmilla-valesca-y-pabllo-vittar-crean-una-banda-gay\/"},"author":{"name":"www.gay.blog.br","@id":"https:\/\/gay.blog.br\/es\/#\/schema\/person\/ab4bce68ee54b8f4af5c174efe7472e5"},"headline":"Bailarines de Anitta, Ludmilla, Valesca y Pabllo Vittar crean una &#8216;banda gay&#8217;","datePublished":"2018-02-06T12:33:10+00:00","dateModified":"2022-03-08T21:25:28+00:00","mainEntityOfPage":{"@id":"https:\/\/gay.blog.br\/es\/cultura-es\/musica-es\/bailarines-de-anitta-ludmilla-valesca-y-pabllo-vittar-crean-una-banda-gay\/"},"wordCount":524,"commentCount":0,"publisher":{"@id":"https:\/\/gay.blog.br\/es\/#organization"},"image":{"@id":"https:\/\/gay.blog.br\/es\/cultura-es\/musica-es\/bailarines-de-anitta-ludmilla-valesca-y-pabllo-vittar-crean-una-banda-gay\/#primaryimage"},"thumbnailUrl":"https:\/\/i0.wp.com\/gay.blog.br\/wp-content\/uploads\/2018\/02\/funtastic.jpg?fit=640%2C360&ssl=1","keywords":["anitta","balan\u00e7a a raba","funtastic","gay band","ludmilla","pabllo vittar","valesca popozuda"],"articleSection":["M\u00daSICA"],"inLanguage":"es","potentialAction":[{"@type":"CommentAction","name":"Comment","target":["https:\/\/gay.blog.br\/es\/cultura-es\/musica-es\/bailarines-de-anitta-ludmilla-valesca-y-pabllo-vittar-crean-una-banda-gay\/#respond"]}]},{"@type":"WebPage","@id":"https:\/\/gay.blog.br\/es\/cultura-es\/musica-es\/bailarines-de-anitta-ludmilla-valesca-y-pabllo-vittar-crean-una-banda-gay\/","url":"https:\/\/gay.blog.br\/es\/cultura-es\/musica-es\/bailarines-de-anitta-ludmilla-valesca-y-pabllo-vittar-crean-una-banda-gay\/","name":"Bailarines de Anitta, Ludmilla, Valesca y Pabllo Vittar crean una 'banda gay'","isPartOf":{"@id":"https:\/\/gay.blog.br\/es\/#website"},"primaryImageOfPage":{"@id":"https:\/\/gay.blog.br\/es\/cultura-es\/musica-es\/bailarines-de-anitta-ludmilla-valesca-y-pabllo-vittar-crean-una-banda-gay\/#primaryimage"},"image":{"@id":"https:\/\/gay.blog.br\/es\/cultura-es\/musica-es\/bailarines-de-anitta-ludmilla-valesca-y-pabllo-vittar-crean-una-banda-gay\/#primaryimage"},"thumbnailUrl":"https:\/\/i0.wp.com\/gay.blog.br\/wp-content\/uploads\/2018\/02\/funtastic.jpg?fit=640%2C360&ssl=1","datePublished":"2018-02-06T12:33:10+00:00","dateModified":"2022-03-08T21:25:28+00:00","description":"El grupo actuar\u00e1 el pr\u00f3ximo domingo en el Baile da Bloco da Preta Gil, en Monte L\u00edbano, con Pabllo Vittar y Jojo Todynho.","breadcrumb":{"@id":"https:\/\/gay.blog.br\/es\/cultura-es\/musica-es\/bailarines-de-anitta-ludmilla-valesca-y-pabllo-vittar-crean-una-banda-gay\/#breadcrumb"},"inLanguage":"es","potentialAction":[{"@type":"ReadAction","target":["https:\/\/gay.blog.br\/es\/cultura-es\/musica-es\/bailarines-de-anitta-ludmilla-valesca-y-pabllo-vittar-crean-una-banda-gay\/"]}]},{"@type":"ImageObject","inLanguage":"es","@id":"https:\/\/gay.blog.br\/es\/cultura-es\/musica-es\/bailarines-de-anitta-ludmilla-valesca-y-pabllo-vittar-crean-una-banda-gay\/#primaryimage","url":"https:\/\/i0.wp.com\/gay.blog.br\/wp-content\/uploads\/2018\/02\/funtastic.jpg?fit=640%2C360&ssl=1","contentUrl":"https:\/\/i0.wp.com\/gay.blog.br\/wp-content\/uploads\/2018\/02\/funtastic.jpg?fit=640%2C360&ssl=1","width":640,"height":360,"caption":"Jhury, Thiago, Bibiu e Lucas formam a gay band 'Funtastic' Foto: Divulga\u00e7\u00e3o"},{"@type":"BreadcrumbList","@id":"https:\/\/gay.blog.br\/es\/cultura-es\/musica-es\/bailarines-de-anitta-ludmilla-valesca-y-pabllo-vittar-crean-una-banda-gay\/#breadcrumb","itemListElement":[{"@type":"ListItem","position":1,"name":"In\u00edcio","item":"https:\/\/gay.blog.br\/es\/"},{"@type":"ListItem","position":2,"name":"Bailarines de Anitta, Ludmilla, Valesca y Pabllo Vittar crean una &#8216;banda gay&#8217;"}]},{"@type":"WebSite","@id":"https:\/\/gay.blog.br\/es\/#website","url":"https:\/\/gay.blog.br\/es\/","name":"GAY BLOG BR @gayblogbr","description":"Not\u00edcias que empoderam e\/ou entret\u00eam s\u00e3o especialidades da casa","publisher":{"@id":"https:\/\/gay.blog.br\/es\/#organization"},"potentialAction":[{"@type":"SearchAction","target":{"@type":"EntryPoint","urlTemplate":"https:\/\/gay.blog.br\/es\/?s={search_term_string}"},"query-input":{"@type":"PropertyValueSpecification","valueRequired":true,"valueName":"search_term_string"}}],"inLanguage":"es"},{"@type":"Organization","@id":"https:\/\/gay.blog.br\/es\/#organization","name":"GAY BLOG BR","url":"https:\/\/gay.blog.br\/es\/","logo":{"@type":"ImageObject","inLanguage":"es","@id":"https:\/\/gay.blog.br\/es\/#\/schema\/logo\/image\/","url":"https:\/\/i0.wp.com\/gay.blog.br\/wp-content\/uploads\/2023\/08\/gay180px.png?fit=272%2C90&ssl=1","contentUrl":"https:\/\/i0.wp.com\/gay.blog.br\/wp-content\/uploads\/2023\/08\/gay180px.png?fit=272%2C90&ssl=1","width":272,"height":90,"caption":"GAY BLOG BR"},"image":{"@id":"https:\/\/gay.blog.br\/es\/#\/schema\/logo\/image\/"},"sameAs":["https:\/\/facebook.com\/gayblogbr","https:\/\/x.com\/gayblogbr","https:\/\/instagram.com\/gayblogbr","https:\/\/www.linkedin.com\/company\/gayblogbr\/","https:\/\/br.pinterest.com\/gayblogbr\/","https:\/\/www.youtube.com\/channel\/UCdEu3JXLOB-wvWAVUF4AIiA","https:\/\/pt.wikipedia.org\/wiki\/Gay_Blog_Br","https:\/\/www.threads.net\/@gayblogbr"]},{"@type":"Person","@id":"https:\/\/gay.blog.br\/es\/#\/schema\/person\/ab4bce68ee54b8f4af5c174efe7472e5","name":"www.gay.blog.br","image":{"@type":"ImageObject","inLanguage":"es","@id":"https:\/\/secure.gravatar.com\/avatar\/a6fb6bf5c84cdaa375389c43448e2bb88db4600d8fc5be6c42a410789075740f?s=96&d=mm&r=g","url":"https:\/\/secure.gravatar.com\/avatar\/a6fb6bf5c84cdaa375389c43448e2bb88db4600d8fc5be6c42a410789075740f?s=96&d=mm&r=g","contentUrl":"https:\/\/secure.gravatar.com\/avatar\/a6fb6bf5c84cdaa375389c43448e2bb88db4600d8fc5be6c42a410789075740f?s=96&d=mm&r=g","caption":"www.gay.blog.br"},"description":"Receba as not\u00edcias pelo Telegram!","sameAs":["https:\/\/facebook.com\/gayblogbr","https:\/\/instagram.com\/gayblogbr","https:\/\/www.linkedin.com\/company\/gayblogbr\/","https:\/\/pinterest.com\/gayblogbr\/","https:\/\/x.com\/https:\/\/bsky.app\/profile\/gayblogbr.bsky.social","https:\/\/www.youtube.com\/@GAYBLOGBR","https:\/\/pt.wikipedia.org\/wiki\/Gay_Blog_Br"],"url":"https:\/\/gay.blog.br\/es\/author\/oaudaznavegante\/"}]}},"jetpack_publicize_connections":[],"jetpack_featured_media_url":"https:\/\/i0.wp.com\/gay.blog.br\/wp-content\/uploads\/2018\/02\/funtastic.jpg?fit=640%2C360&ssl=1","jetpack_sharing_enabled":true,"jetpack_shortlink":"https:\/\/wp.me\/p6klkK-FnJ","jetpack_likes_enabled":false,"amp_enabled":true,"_links":{"self":[{"href":"https:\/\/gay.blog.br\/es\/wp-json\/wp\/v2\/posts\/159075","targetHints":{"allow":["GET"]}}],"collection":[{"href":"https:\/\/gay.blog.br\/es\/wp-json\/wp\/v2\/posts"}],"about":[{"href":"https:\/\/gay.blog.br\/es\/wp-json\/wp\/v2\/types\/post"}],"author":[{"embeddable":true,"href":"https:\/\/gay.blog.br\/es\/wp-json\/wp\/v2\/users\/2"}],"replies":[{"embeddable":true,"href":"https:\/\/gay.blog.br\/es\/wp-json\/wp\/v2\/comments?post=159075"}],"version-history":[{"count":1,"href":"https:\/\/gay.blog.br\/es\/wp-json\/wp\/v2\/posts\/159075\/revisions"}],"predecessor-version":[{"id":159144,"href":"https:\/\/gay.blog.br\/es\/wp-json\/wp\/v2\/posts\/159075\/revisions\/159144"}],"wp:featuredmedia":[{"embeddable":true,"href":"https:\/\/gay.blog.br\/es\/wp-json\/wp\/v2\/media\/60288"}],"wp:attachment":[{"href":"https:\/\/gay.blog.br\/es\/wp-json\/wp\/v2\/media?parent=159075"}],"wp:term":[{"taxonomy":"category","embeddable":true,"href":"https:\/\/gay.blog.br\/es\/wp-json\/wp\/v2\/categories?post=159075"},{"taxonomy":"post_tag","embeddable":true,"href":"https:\/\/gay.blog.br\/es\/wp-json\/wp\/v2\/tags?post=159075"}],"curies":[{"name":"wp","href":"https:\/\/api.w.org\/{rel}","templated":true}]}}