{"id":166716,"date":"2022-04-26T18:52:37","date_gmt":"2022-04-26T21:52:37","guid":{"rendered":"https:\/\/gay.blog.br\/?p=166716"},"modified":"2022-06-17T12:48:21","modified_gmt":"2022-06-17T15:48:21","slug":"fotografo-de-desnudos-masculinos-se-enfrenta-a-la-censura-en-instagram","status":"publish","type":"post","link":"https:\/\/gay.blog.br\/es\/cultura-es\/fotografo-de-desnudos-masculinos-se-enfrenta-a-la-censura-en-instagram\/","title":{"rendered":"Fot\u00f3grafo de desnudos masculinos se enfrenta a la censura en Instagram"},"content":{"rendered":"<p style=\"text-align: justify;\"><span style=\"font-weight: 400;\">La representaci\u00f3n de los cuerpos es una de las se\u00f1as de identidad del trabajo desarrollado por el fot\u00f3grafo y periodista <\/span><a href=\"https:\/\/www.instagram.com\/ebersontheodoro\/\"><b>Eberson Theodoro<\/b><\/a><span style=\"font-weight: 400;\">. El de Santa Catarina es creador del proyecto \u00ab<\/span><a href=\"https:\/\/fotodehomem.com\/\"><b>Foto de Homem<\/b><\/a>\u00ab<span style=\"font-weight: 400;\">, que pretende naturalizar la desnudez masculina, presentada de forma art\u00edstica. Sin embargo, el fot\u00f3grafo denuncia que ha tenido problemas con su perfil profesional en Instagram, su principal red de difusi\u00f3n de trabajos. Incluso siguiendo las buenas pr\u00e1cticas de la red social, Eberson comenta que la red social est\u00e1 prohibiendo sus im\u00e1genes por considerar que violan las directrices de la plataforma.<\/span><\/p>\n<figure id=\"attachment_163120\" aria-describedby=\"caption-attachment-163120\" style=\"width: 1555px\" class=\"wp-caption aligncenter\"><a href=\"https:\/\/www.instagram.com\/fotodehomem1\"><img data-recalc-dims=\"1\" loading=\"lazy\" decoding=\"async\" class=\"size-full wp-image-163120\" src=\"https:\/\/i0.wp.com\/gay.blog.br\/wp-content\/uploads\/2022\/04\/Marcelo-Aut-18.jpg?resize=696%2C464&#038;ssl=1\" alt=\"Fot\u00f3grafo de desnudos masculinos se enfrenta a la censura de Instagram\" width=\"696\" height=\"464\" srcset=\"https:\/\/i0.wp.com\/gay.blog.br\/wp-content\/uploads\/2022\/04\/Marcelo-Aut-18.jpg?w=1555&amp;ssl=1 1555w, https:\/\/i0.wp.com\/gay.blog.br\/wp-content\/uploads\/2022\/04\/Marcelo-Aut-18.jpg?resize=300%2C200&amp;ssl=1 300w, https:\/\/i0.wp.com\/gay.blog.br\/wp-content\/uploads\/2022\/04\/Marcelo-Aut-18.jpg?resize=1024%2C683&amp;ssl=1 1024w, https:\/\/i0.wp.com\/gay.blog.br\/wp-content\/uploads\/2022\/04\/Marcelo-Aut-18.jpg?resize=150%2C100&amp;ssl=1 150w, https:\/\/i0.wp.com\/gay.blog.br\/wp-content\/uploads\/2022\/04\/Marcelo-Aut-18.jpg?resize=768%2C512&amp;ssl=1 768w, https:\/\/i0.wp.com\/gay.blog.br\/wp-content\/uploads\/2022\/04\/Marcelo-Aut-18.jpg?resize=1536%2C1024&amp;ssl=1 1536w, https:\/\/i0.wp.com\/gay.blog.br\/wp-content\/uploads\/2022\/04\/Marcelo-Aut-18.jpg?resize=696%2C464&amp;ssl=1 696w, https:\/\/i0.wp.com\/gay.blog.br\/wp-content\/uploads\/2022\/04\/Marcelo-Aut-18.jpg?resize=1392%2C928&amp;ssl=1 1392w, https:\/\/i0.wp.com\/gay.blog.br\/wp-content\/uploads\/2022\/04\/Marcelo-Aut-18.jpg?resize=1068%2C712&amp;ssl=1 1068w, https:\/\/i0.wp.com\/gay.blog.br\/wp-content\/uploads\/2022\/04\/Marcelo-Aut-18.jpg?resize=630%2C420&amp;ssl=1 630w, https:\/\/i0.wp.com\/gay.blog.br\/wp-content\/uploads\/2022\/04\/Marcelo-Aut-18.jpg?resize=1260%2C840&amp;ssl=1 1260w\" sizes=\"auto, (max-width: 696px) 100vw, 696px\" \/><\/a><figcaption id=\"caption-attachment-163120\" class=\"wp-caption-text\">Eberson Theodoro &#8211; Foto: Marcelo Aut<\/figcaption><\/figure>\n<p style=\"text-align: justify;\"><span style=\"font-weight: 400;\">Este mes, a Eberson se le prohibi\u00f3 su perfil profesional en la red social. Seg\u00fan el fot\u00f3grafo, no es la primera vez que la plataforma toma esta actitud y, desde el inicio de su proyecto, hace unos dos a\u00f1os, esta es una de las mayores dificultades en relaci\u00f3n con su trabajo e Instagram.<\/span><\/p>\n<p style=\"text-align: justify;\"><span style=\"font-weight: 400;\">Despu\u00e9s de que la red social eliminara el perfil con m\u00e1s de 7 mil seguidores, Eberson cre\u00f3 la cuenta (<\/span> ahora bajo el nombre de usuario <a href=\"https:\/\/www.instagram.com\/fotodehomem1\"><b>@fotodehomem1<\/b><\/a><span style=\"font-weight: 400;\">) por cuarta vez. Otro perfil profesional del fot\u00f3grafo, prohibido el a\u00f1o pasado, ten\u00eda unos 10.000 seguidores. Seg\u00fan \u00e9l, todo el trabajo realizado para promocionar su obra en la red social, se desvanece en segundos cuando la cuenta es baneada de la plataforma.<\/span><\/p>\n<p style=\"text-align: justify;\"><span style=\"font-weight: 400;\">Como Eberson, otros<\/span><span style=\"font-weight: 400;\">fot\u00f3grafos que trabajan con desnudos art\u00edsticos tambi\u00e9n tienen problemas con Instagram. En 2019, la fot\u00f3grafa <\/span><b>Pamela Facco<\/b><span style=\"font-weight: 400;\">, <\/span><span style=\"font-weight: 400;\">que muestra grupos de hombres y mujeres desnudos en poses no er\u00f3ticas, <\/span><span style=\"font-weight: 400;\">demand\u00f3 a la red social<\/span><span style=\"font-weight: 400;\">al<\/span><b> Tribunal de Justicia de S\u00e3o Paulo <\/b><span style=\"font-weight: 400;\">y logr\u00f3 recuperar la cuenta despu\u00e9s de m\u00e1s de ocho meses sin conexi\u00f3n.<\/span><\/p>\n<p style=\"text-align: justify;\"><span style=\"font-weight: 400;\">Seg\u00fan el sitio web <\/span><a href=\"https:\/\/noticias.uol.com.br\/cotidiano\/ultimas-noticias\/2019\/11\/17\/fotografa-questiona-regra-de-nu-do-instagram-na-justica-e-recupera-perfil.htm\"><i><span style=\"font-weight: 400;\">Uol<\/span><\/i><\/a><span style=\"font-weight: 400;\">, la sentencia, del <\/span><b>Primer Tribunal Civil de Santo Amaro<\/b><span style=\"font-weight: 400;\">, oblig\u00f3 a la red social a recuperar la cuenta de Pamela, que ten\u00eda m\u00e1s de 6.000 seguidores cuando fue retirada. En la resoluci\u00f3n, la jueza Carolina Nabarro Munhoz Rossi, se\u00f1ala que en el caso de Pamela, \u00abse observa que hubo un an\u00e1lisis incorrecto del contenido publicado por la autora\u00bb por Instagram.<\/span><\/p>\n<p style=\"text-align: justify;\"><span style=\"font-weight: 400;\">En 2018 se produjo otro caso similar en Estados Unidos. <\/span><span style=\"font-weight: 400;\">Un equipo universitario de remo, que se hizo famoso por sus ensayos desnudos en calendarios ben\u00e9ficos, ha sido baneado de Instagram \u00absin ninguna raz\u00f3n\u00bb, seg\u00fan la web <\/span><a href=\"https:\/\/metro.co.uk\/2018\/06\/19\/warwick-rowers-pose-naked-banned-instagram-no-reason-7643139\/\"><i><span style=\"font-weight: 400;\">Metro<\/span><\/i><\/a><span style=\"font-weight: 400;\">. La cuenta de <\/span><b>Warwick Rowers<\/b><span style=\"font-weight: 400;\"> fha sido \u00bb desactivada permanentemente\u00bb de la plataforma, seg\u00fan anunci\u00f3 el equipo en su momento. Tras la reacci\u00f3n, un representante de la red social dijo: \u00ab<em>Esta cuenta ha sido eliminada por error. Ya hemos reactivado @Warwick_rowers y pedimos disculpas por las molestias causadas<\/em>\u201d.<\/span><\/p>\n<blockquote class=\"instagram-media\" data-instgrm-captioned data-instgrm-permalink=\"https:\/\/www.instagram.com\/p\/CcYCrpuMwZl\/?utm_source=ig_embed&amp;utm_campaign=loading\" data-instgrm-version=\"14\" style=\" background:#FFF; border:0; border-radius:3px; box-shadow:0 0 1px 0 rgba(0,0,0,0.5),0 1px 10px 0 rgba(0,0,0,0.15); margin: 1px; max-width:658px; min-width:326px; padding:0; width:99.375%; width:-webkit-calc(100% - 2px); width:calc(100% - 2px);\">\n<div style=\"padding:16px;\"> <a href=\"https:\/\/www.instagram.com\/p\/CcYCrpuMwZl\/?utm_source=ig_embed&amp;utm_campaign=loading\" style=\" background:#FFFFFF; line-height:0; padding:0 0; text-align:center; text-decoration:none; width:100%;\" target=\"_blank\"> <\/p>\n<div style=\" display: flex; flex-direction: row; align-items: center;\">\n<div style=\"background-color: #F4F4F4; border-radius: 50%; flex-grow: 0; height: 40px; margin-right: 14px; width: 40px;\"><\/div>\n<div style=\"display: flex; flex-direction: column; flex-grow: 1; justify-content: center;\">\n<div style=\" background-color: #F4F4F4; border-radius: 4px; flex-grow: 0; height: 14px; margin-bottom: 6px; width: 100px;\"><\/div>\n<div style=\" background-color: #F4F4F4; border-radius: 4px; flex-grow: 0; height: 14px; width: 60px;\"><\/div>\n<\/div>\n<\/div>\n<div style=\"padding: 19% 0;\"><\/div>\n<div style=\"display:block; height:50px; margin:0 auto 12px; width:50px;\"><svg width=\"50px\" height=\"50px\" viewBox=\"0 0 60 60\" version=\"1.1\" xmlns=\"https:\/\/www.w3.org\/2000\/svg\" xmlns:xlink=\"https:\/\/www.w3.org\/1999\/xlink\"><g stroke=\"none\" stroke-width=\"1\" fill=\"none\" fill-rule=\"evenodd\"><g transform=\"translate(-511.000000, -20.000000)\" fill=\"#000000\"><g><path d=\"M556.869,30.41 C554.814,30.41 553.148,32.076 553.148,34.131 C553.148,36.186 554.814,37.852 556.869,37.852 C558.924,37.852 560.59,36.186 560.59,34.131 C560.59,32.076 558.924,30.41 556.869,30.41 M541,60.657 C535.114,60.657 530.342,55.887 530.342,50 C530.342,44.114 535.114,39.342 541,39.342 C546.887,39.342 551.658,44.114 551.658,50 C551.658,55.887 546.887,60.657 541,60.657 M541,33.886 C532.1,33.886 524.886,41.1 524.886,50 C524.886,58.899 532.1,66.113 541,66.113 C549.9,66.113 557.115,58.899 557.115,50 C557.115,41.1 549.9,33.886 541,33.886 M565.378,62.101 C565.244,65.022 564.756,66.606 564.346,67.663 C563.803,69.06 563.154,70.057 562.106,71.106 C561.058,72.155 560.06,72.803 558.662,73.347 C557.607,73.757 556.021,74.244 553.102,74.378 C549.944,74.521 548.997,74.552 541,74.552 C533.003,74.552 532.056,74.521 528.898,74.378 C525.979,74.244 524.393,73.757 523.338,73.347 C521.94,72.803 520.942,72.155 519.894,71.106 C518.846,70.057 518.197,69.06 517.654,67.663 C517.244,66.606 516.755,65.022 516.623,62.101 C516.479,58.943 516.448,57.996 516.448,50 C516.448,42.003 516.479,41.056 516.623,37.899 C516.755,34.978 517.244,33.391 517.654,32.338 C518.197,30.938 518.846,29.942 519.894,28.894 C520.942,27.846 521.94,27.196 523.338,26.654 C524.393,26.244 525.979,25.756 528.898,25.623 C532.057,25.479 533.004,25.448 541,25.448 C548.997,25.448 549.943,25.479 553.102,25.623 C556.021,25.756 557.607,26.244 558.662,26.654 C560.06,27.196 561.058,27.846 562.106,28.894 C563.154,29.942 563.803,30.938 564.346,32.338 C564.756,33.391 565.244,34.978 565.378,37.899 C565.522,41.056 565.552,42.003 565.552,50 C565.552,57.996 565.522,58.943 565.378,62.101 M570.82,37.631 C570.674,34.438 570.167,32.258 569.425,30.349 C568.659,28.377 567.633,26.702 565.965,25.035 C564.297,23.368 562.623,22.342 560.652,21.575 C558.743,20.834 556.562,20.326 553.369,20.18 C550.169,20.033 549.148,20 541,20 C532.853,20 531.831,20.033 528.631,20.18 C525.438,20.326 523.257,20.834 521.349,21.575 C519.376,22.342 517.703,23.368 516.035,25.035 C514.368,26.702 513.342,28.377 512.574,30.349 C511.834,32.258 511.326,34.438 511.181,37.631 C511.035,40.831 511,41.851 511,50 C511,58.147 511.035,59.17 511.181,62.369 C511.326,65.562 511.834,67.743 512.574,69.651 C513.342,71.625 514.368,73.296 516.035,74.965 C517.703,76.634 519.376,77.658 521.349,78.425 C523.257,79.167 525.438,79.673 528.631,79.82 C531.831,79.965 532.853,80.001 541,80.001 C549.148,80.001 550.169,79.965 553.369,79.82 C556.562,79.673 558.743,79.167 560.652,78.425 C562.623,77.658 564.297,76.634 565.965,74.965 C567.633,73.296 568.659,71.625 569.425,69.651 C570.167,67.743 570.674,65.562 570.82,62.369 C570.966,59.17 571,58.147 571,50 C571,41.851 570.966,40.831 570.82,37.631\"><\/path><\/g><\/g><\/g><\/svg><\/div>\n<div style=\"padding-top: 8px;\">\n<div style=\" color:#3897f0; font-family:Arial,sans-serif; font-size:14px; font-style:normal; font-weight:550; line-height:18px;\">View this post on Instagram<\/div>\n<\/div>\n<div style=\"padding: 12.5% 0;\"><\/div>\n<div style=\"display: flex; flex-direction: row; margin-bottom: 14px; align-items: center;\">\n<div>\n<div style=\"background-color: #F4F4F4; border-radius: 50%; height: 12.5px; width: 12.5px; transform: translateX(0px) translateY(7px);\"><\/div>\n<div style=\"background-color: #F4F4F4; height: 12.5px; transform: rotate(-45deg) translateX(3px) translateY(1px); width: 12.5px; flex-grow: 0; margin-right: 14px; margin-left: 2px;\"><\/div>\n<div style=\"background-color: #F4F4F4; border-radius: 50%; height: 12.5px; width: 12.5px; transform: translateX(9px) translateY(-18px);\"><\/div>\n<\/div>\n<div style=\"margin-left: 8px;\">\n<div style=\" background-color: #F4F4F4; border-radius: 50%; flex-grow: 0; height: 20px; width: 20px;\"><\/div>\n<div style=\" width: 0; height: 0; border-top: 2px solid transparent; border-left: 6px solid #f4f4f4; border-bottom: 2px solid transparent; transform: translateX(16px) translateY(-4px) rotate(30deg)\"><\/div>\n<\/div>\n<div style=\"margin-left: auto;\">\n<div style=\" width: 0px; border-top: 8px solid #F4F4F4; border-right: 8px solid transparent; transform: translateY(16px);\"><\/div>\n<div style=\" background-color: #F4F4F4; flex-grow: 0; height: 12px; width: 16px; transform: translateY(-4px);\"><\/div>\n<div style=\" width: 0; height: 0; border-top: 8px solid #F4F4F4; border-left: 8px solid transparent; transform: translateY(-4px) translateX(8px);\"><\/div>\n<\/div>\n<\/div>\n<div style=\"display: flex; flex-direction: column; flex-grow: 1; justify-content: center; margin-bottom: 24px;\">\n<div style=\" background-color: #F4F4F4; border-radius: 4px; flex-grow: 0; height: 14px; margin-bottom: 6px; width: 224px;\"><\/div>\n<div style=\" background-color: #F4F4F4; border-radius: 4px; flex-grow: 0; height: 14px; width: 144px;\"><\/div>\n<\/div>\n<p><\/a><\/p>\n<p style=\" color:#c9c8cd; font-family:Arial,sans-serif; font-size:14px; line-height:17px; margin-bottom:0; margin-top:8px; overflow:hidden; padding:8px 0 7px; text-align:center; text-overflow:ellipsis; white-space:nowrap;\"><a href=\"https:\/\/www.instagram.com\/p\/CcYCrpuMwZl\/?utm_source=ig_embed&amp;utm_campaign=loading\" style=\" color:#c9c8cd; font-family:Arial,sans-serif; font-size:14px; font-style:normal; font-weight:normal; line-height:17px; text-decoration:none;\" target=\"_blank\">A post shared by Foto de Homem (@fotodehomem1)<\/a><\/p>\n<\/div>\n<\/blockquote>\n<p><script async src=\"\/\/platform.instagram.com\/en_US\/embeds.js\"><\/script><\/p>\n<h3 style=\"text-align: justify;\"><strong>Proyecto Foto de Homem<\/strong><\/h3>\n<p style=\"text-align: justify;\">La diversidad del proyecto \u00abFoto de Homem\u00bb se presenta a trav\u00e9s de im\u00e1genes de hombres desde cuerpos ordinarios hasta \u00abestandarizados\u00bb. No hay preferencia por la etnia o la orientaci\u00f3n sexual, todos tienen espacio en el sitio del profesional de Santa Catarina.<\/p>\n<p style=\"text-align: justify;\">Eberson sigue una periodicidad semanal en sus publicaciones en el sitio, que est\u00e1 disponible para los suscriptores desde 18 reales al mes. Para el creador, \u00abFoto de Homem\u00bb va mucho m\u00e1s all\u00e1 de una plataforma de desnudez com\u00fan: <em>\u201cEn la era de los Only Fans y de la pornograf\u00eda gratuita difundida por internet, mi trabajo propone un barniz art\u00edstico para explorar la belleza masculina\u201d<\/em>, se\u00f1ala el fot\u00f3grafo.<\/p>\n<p style=\"text-align: justify;\"><em>\u00abNecesito tener mucha planificaci\u00f3n: estar en contacto con el p\u00fablico a trav\u00e9s de Instagram, buscar nuevos modelos, investigar los lugares, programar los viajes, ver los pasajes, presupuestar el alojamiento. Lo hago todo yo, pero el amor al trabajo reduce la fatiga f\u00edsica y mental que a veces me provoca\u00bb.<\/em>, dice el fot\u00f3grafo, que ya ha realizado sesiones en <strong>R\u00edo de Janeiro<\/strong>, <strong>S\u00e3o Paulo<\/strong> y en otras partes del pa\u00eds.<\/p>\n<blockquote class=\"instagram-media\" data-instgrm-captioned data-instgrm-permalink=\"https:\/\/www.instagram.com\/p\/CcX7RLVMpI6\/?utm_source=ig_embed&amp;utm_campaign=loading\" data-instgrm-version=\"14\" style=\" background:#FFF; border:0; border-radius:3px; box-shadow:0 0 1px 0 rgba(0,0,0,0.5),0 1px 10px 0 rgba(0,0,0,0.15); margin: 1px; max-width:658px; min-width:326px; padding:0; width:99.375%; width:-webkit-calc(100% - 2px); width:calc(100% - 2px);\">\n<div style=\"padding:16px;\"> <a href=\"https:\/\/www.instagram.com\/p\/CcX7RLVMpI6\/?utm_source=ig_embed&amp;utm_campaign=loading\" style=\" background:#FFFFFF; line-height:0; padding:0 0; text-align:center; text-decoration:none; width:100%;\" target=\"_blank\"> <\/p>\n<div style=\" display: flex; flex-direction: row; align-items: center;\">\n<div style=\"background-color: #F4F4F4; border-radius: 50%; flex-grow: 0; height: 40px; margin-right: 14px; width: 40px;\"><\/div>\n<div style=\"display: flex; flex-direction: column; flex-grow: 1; justify-content: center;\">\n<div style=\" background-color: #F4F4F4; border-radius: 4px; flex-grow: 0; height: 14px; margin-bottom: 6px; width: 100px;\"><\/div>\n<div style=\" background-color: #F4F4F4; border-radius: 4px; flex-grow: 0; height: 14px; width: 60px;\"><\/div>\n<\/div>\n<\/div>\n<div style=\"padding: 19% 0;\"><\/div>\n<div style=\"display:block; height:50px; margin:0 auto 12px; width:50px;\"><svg width=\"50px\" height=\"50px\" viewBox=\"0 0 60 60\" version=\"1.1\" xmlns=\"https:\/\/www.w3.org\/2000\/svg\" xmlns:xlink=\"https:\/\/www.w3.org\/1999\/xlink\"><g stroke=\"none\" stroke-width=\"1\" fill=\"none\" fill-rule=\"evenodd\"><g transform=\"translate(-511.000000, -20.000000)\" fill=\"#000000\"><g><path d=\"M556.869,30.41 C554.814,30.41 553.148,32.076 553.148,34.131 C553.148,36.186 554.814,37.852 556.869,37.852 C558.924,37.852 560.59,36.186 560.59,34.131 C560.59,32.076 558.924,30.41 556.869,30.41 M541,60.657 C535.114,60.657 530.342,55.887 530.342,50 C530.342,44.114 535.114,39.342 541,39.342 C546.887,39.342 551.658,44.114 551.658,50 C551.658,55.887 546.887,60.657 541,60.657 M541,33.886 C532.1,33.886 524.886,41.1 524.886,50 C524.886,58.899 532.1,66.113 541,66.113 C549.9,66.113 557.115,58.899 557.115,50 C557.115,41.1 549.9,33.886 541,33.886 M565.378,62.101 C565.244,65.022 564.756,66.606 564.346,67.663 C563.803,69.06 563.154,70.057 562.106,71.106 C561.058,72.155 560.06,72.803 558.662,73.347 C557.607,73.757 556.021,74.244 553.102,74.378 C549.944,74.521 548.997,74.552 541,74.552 C533.003,74.552 532.056,74.521 528.898,74.378 C525.979,74.244 524.393,73.757 523.338,73.347 C521.94,72.803 520.942,72.155 519.894,71.106 C518.846,70.057 518.197,69.06 517.654,67.663 C517.244,66.606 516.755,65.022 516.623,62.101 C516.479,58.943 516.448,57.996 516.448,50 C516.448,42.003 516.479,41.056 516.623,37.899 C516.755,34.978 517.244,33.391 517.654,32.338 C518.197,30.938 518.846,29.942 519.894,28.894 C520.942,27.846 521.94,27.196 523.338,26.654 C524.393,26.244 525.979,25.756 528.898,25.623 C532.057,25.479 533.004,25.448 541,25.448 C548.997,25.448 549.943,25.479 553.102,25.623 C556.021,25.756 557.607,26.244 558.662,26.654 C560.06,27.196 561.058,27.846 562.106,28.894 C563.154,29.942 563.803,30.938 564.346,32.338 C564.756,33.391 565.244,34.978 565.378,37.899 C565.522,41.056 565.552,42.003 565.552,50 C565.552,57.996 565.522,58.943 565.378,62.101 M570.82,37.631 C570.674,34.438 570.167,32.258 569.425,30.349 C568.659,28.377 567.633,26.702 565.965,25.035 C564.297,23.368 562.623,22.342 560.652,21.575 C558.743,20.834 556.562,20.326 553.369,20.18 C550.169,20.033 549.148,20 541,20 C532.853,20 531.831,20.033 528.631,20.18 C525.438,20.326 523.257,20.834 521.349,21.575 C519.376,22.342 517.703,23.368 516.035,25.035 C514.368,26.702 513.342,28.377 512.574,30.349 C511.834,32.258 511.326,34.438 511.181,37.631 C511.035,40.831 511,41.851 511,50 C511,58.147 511.035,59.17 511.181,62.369 C511.326,65.562 511.834,67.743 512.574,69.651 C513.342,71.625 514.368,73.296 516.035,74.965 C517.703,76.634 519.376,77.658 521.349,78.425 C523.257,79.167 525.438,79.673 528.631,79.82 C531.831,79.965 532.853,80.001 541,80.001 C549.148,80.001 550.169,79.965 553.369,79.82 C556.562,79.673 558.743,79.167 560.652,78.425 C562.623,77.658 564.297,76.634 565.965,74.965 C567.633,73.296 568.659,71.625 569.425,69.651 C570.167,67.743 570.674,65.562 570.82,62.369 C570.966,59.17 571,58.147 571,50 C571,41.851 570.966,40.831 570.82,37.631\"><\/path><\/g><\/g><\/g><\/svg><\/div>\n<div style=\"padding-top: 8px;\">\n<div style=\" color:#3897f0; font-family:Arial,sans-serif; font-size:14px; font-style:normal; font-weight:550; line-height:18px;\">View this post on Instagram<\/div>\n<\/div>\n<div style=\"padding: 12.5% 0;\"><\/div>\n<div style=\"display: flex; flex-direction: row; margin-bottom: 14px; align-items: center;\">\n<div>\n<div style=\"background-color: #F4F4F4; border-radius: 50%; height: 12.5px; width: 12.5px; transform: translateX(0px) translateY(7px);\"><\/div>\n<div style=\"background-color: #F4F4F4; height: 12.5px; transform: rotate(-45deg) translateX(3px) translateY(1px); width: 12.5px; flex-grow: 0; margin-right: 14px; margin-left: 2px;\"><\/div>\n<div style=\"background-color: #F4F4F4; border-radius: 50%; height: 12.5px; width: 12.5px; transform: translateX(9px) translateY(-18px);\"><\/div>\n<\/div>\n<div style=\"margin-left: 8px;\">\n<div style=\" background-color: #F4F4F4; border-radius: 50%; flex-grow: 0; height: 20px; width: 20px;\"><\/div>\n<div style=\" width: 0; height: 0; border-top: 2px solid transparent; border-left: 6px solid #f4f4f4; border-bottom: 2px solid transparent; transform: translateX(16px) translateY(-4px) rotate(30deg)\"><\/div>\n<\/div>\n<div style=\"margin-left: auto;\">\n<div style=\" width: 0px; border-top: 8px solid #F4F4F4; border-right: 8px solid transparent; transform: translateY(16px);\"><\/div>\n<div style=\" background-color: #F4F4F4; flex-grow: 0; height: 12px; width: 16px; transform: translateY(-4px);\"><\/div>\n<div style=\" width: 0; height: 0; border-top: 8px solid #F4F4F4; border-left: 8px solid transparent; transform: translateY(-4px) translateX(8px);\"><\/div>\n<\/div>\n<\/div>\n<div style=\"display: flex; flex-direction: column; flex-grow: 1; justify-content: center; margin-bottom: 24px;\">\n<div style=\" background-color: #F4F4F4; border-radius: 4px; flex-grow: 0; height: 14px; margin-bottom: 6px; width: 224px;\"><\/div>\n<div style=\" background-color: #F4F4F4; border-radius: 4px; flex-grow: 0; height: 14px; width: 144px;\"><\/div>\n<\/div>\n<p><\/a><\/p>\n<p style=\" color:#c9c8cd; font-family:Arial,sans-serif; font-size:14px; line-height:17px; margin-bottom:0; margin-top:8px; overflow:hidden; padding:8px 0 7px; text-align:center; text-overflow:ellipsis; white-space:nowrap;\"><a href=\"https:\/\/www.instagram.com\/p\/CcX7RLVMpI6\/?utm_source=ig_embed&amp;utm_campaign=loading\" style=\" color:#c9c8cd; font-family:Arial,sans-serif; font-size:14px; font-style:normal; font-weight:normal; line-height:17px; text-decoration:none;\" target=\"_blank\">A post shared by Foto de Homem (@fotodehomem1)<\/a><\/p>\n<\/div>\n<\/blockquote>\n<p><script async src=\"\/\/platform.instagram.com\/en_US\/embeds.js\"><\/script><\/p>\n","protected":false},"excerpt":{"rendered":"<p>Desde el inicio del proyecto \u00abFoto de Homem\u00bb, el fot\u00f3grafo y periodista Eberson Theodoro ya tuvo su cuenta profesional baneada de la red social tres veces<\/p>\n","protected":false},"author":3549,"featured_media":163122,"comment_status":"open","ping_status":"open","sticky":false,"template":"","format":"standard","meta":{"googlesitekit_rrm_CAoiEBg-BXrJeACjO8p49SE4kTY:productID":"","jetpack_post_was_ever_published":false,"tdm_status":"","tdm_grid_status":"","_jetpack_newsletter_access":"","_jetpack_dont_email_post_to_subs":false,"_jetpack_newsletter_tier_id":0,"_jetpack_memberships_contains_paywalled_content":false,"_jetpack_memberships_contains_paid_content":false,"footnotes":"","jetpack_publicize_message":"Fot\u00f3grafo de desnudos masculinos se enfrenta a la censura en Instagram @fotodehomem","jetpack_publicize_feature_enabled":true,"jetpack_social_post_already_shared":true,"jetpack_social_options":{"image_generator_settings":{"template":"highway","default_image_id":0,"font":"","enabled":false},"version":2},"_wpas_customize_per_network":false},"categories":[589932371,589932231],"tags":[589932935,589943113,589943109],"class_list":{"0":"post-166716","1":"post","2":"type-post","3":"status-publish","4":"format-standard","5":"has-post-thumbnail","7":"category-cultura-es","8":"category-noticias-es","9":"tag-desnudez","10":"tag-eberson-theodoro-es","11":"tag-foto-de-homem-es"},"yoast_head":"<!-- This site is optimized with the Yoast SEO plugin v27.3 - https:\/\/yoast.com\/product\/yoast-seo-wordpress\/ -->\n<title>Fot\u00f3grafo de desnudos masculinos se enfrenta a la censura en Instagram<\/title>\n<meta name=\"description\" content=\"Desde el inicio del proyecto &quot;Foto de Homem&quot;, el fot\u00f3grafo y periodista Eberson Theodoro ya tuvo su cuenta profesional baneada de la red social tres veces\" \/>\n<meta name=\"robots\" content=\"index, follow, max-snippet:-1, max-image-preview:large, max-video-preview:-1\" \/>\n<link rel=\"canonical\" href=\"https:\/\/gay.blog.br\/es\/cultura-es\/fotografo-de-desnudos-masculinos-se-enfrenta-a-la-censura-en-instagram\/\" \/>\n<meta property=\"og:locale\" content=\"es_ES\" \/>\n<meta property=\"og:type\" content=\"article\" \/>\n<meta property=\"og:title\" content=\"Fot\u00f3grafo de desnudos masculinos se enfrenta a la censura en Instagram\" \/>\n<meta property=\"og:description\" content=\"Desde el inicio del proyecto &quot;Foto de Homem&quot;, el fot\u00f3grafo y periodista Eberson Theodoro ya tuvo su cuenta profesional baneada de la red social tres veces\" \/>\n<meta property=\"og:url\" content=\"https:\/\/gay.blog.br\/es\/cultura-es\/fotografo-de-desnudos-masculinos-se-enfrenta-a-la-censura-en-instagram\/\" \/>\n<meta property=\"og:site_name\" content=\"GAY BLOG BR @gayblogbr\" \/>\n<meta property=\"article:publisher\" content=\"https:\/\/facebook.com\/gayblogbr\" \/>\n<meta property=\"article:published_time\" content=\"2022-04-26T21:52:37+00:00\" \/>\n<meta property=\"article:modified_time\" content=\"2022-06-17T15:48:21+00:00\" \/>\n<meta property=\"og:image\" content=\"https:\/\/gay.blog.br\/wp-content\/uploads\/2022\/04\/Marcelo-Aut-18.jpg\" \/>\n\t<meta property=\"og:image:width\" content=\"1555\" \/>\n\t<meta property=\"og:image:height\" content=\"1037\" \/>\n\t<meta property=\"og:image:type\" content=\"image\/jpeg\" \/>\n<meta name=\"author\" content=\"Deivid Pazatto\" \/>\n<meta name=\"twitter:card\" content=\"summary_large_image\" \/>\n<meta name=\"twitter:creator\" content=\"@gayblogbr\" \/>\n<meta name=\"twitter:site\" content=\"@gayblogbr\" \/>\n<meta name=\"twitter:label1\" content=\"Escrito por\" \/>\n\t<meta name=\"twitter:data1\" content=\"Deivid Pazatto\" \/>\n\t<meta name=\"twitter:label2\" content=\"Tiempo de lectura\" \/>\n\t<meta name=\"twitter:data2\" content=\"3 minutos\" \/>\n<script type=\"application\/ld+json\" class=\"yoast-schema-graph\">{\"@context\":\"https:\\\/\\\/schema.org\",\"@graph\":[{\"@type\":\"Article\",\"@id\":\"https:\\\/\\\/gay.blog.br\\\/es\\\/cultura-es\\\/fotografo-de-desnudos-masculinos-se-enfrenta-a-la-censura-en-instagram\\\/#article\",\"isPartOf\":{\"@id\":\"https:\\\/\\\/gay.blog.br\\\/es\\\/cultura-es\\\/fotografo-de-desnudos-masculinos-se-enfrenta-a-la-censura-en-instagram\\\/\"},\"author\":{\"name\":\"Deivid Pazatto\",\"@id\":\"https:\\\/\\\/gay.blog.br\\\/es\\\/#\\\/schema\\\/person\\\/03d1eb656e2ee43a49b0a80aff06cbbc\"},\"headline\":\"Fot\u00f3grafo de desnudos masculinos se enfrenta a la censura en Instagram\",\"datePublished\":\"2022-04-26T21:52:37+00:00\",\"dateModified\":\"2022-06-17T15:48:21+00:00\",\"mainEntityOfPage\":{\"@id\":\"https:\\\/\\\/gay.blog.br\\\/es\\\/cultura-es\\\/fotografo-de-desnudos-masculinos-se-enfrenta-a-la-censura-en-instagram\\\/\"},\"wordCount\":690,\"commentCount\":0,\"publisher\":{\"@id\":\"https:\\\/\\\/gay.blog.br\\\/es\\\/#organization\"},\"image\":{\"@id\":\"https:\\\/\\\/gay.blog.br\\\/es\\\/cultura-es\\\/fotografo-de-desnudos-masculinos-se-enfrenta-a-la-censura-en-instagram\\\/#primaryimage\"},\"thumbnailUrl\":\"https:\\\/\\\/i0.wp.com\\\/gay.blog.br\\\/wp-content\\\/uploads\\\/2022\\\/04\\\/Marcelo-Aut-18.jpg?fit=1555%2C1037&ssl=1\",\"keywords\":[\"desnudez\",\"eberson theodoro\",\"foto de homem\"],\"articleSection\":[\"CULTURA\",\"NOT\u00cdCIAS\"],\"inLanguage\":\"es\",\"potentialAction\":[{\"@type\":\"CommentAction\",\"name\":\"Comment\",\"target\":[\"https:\\\/\\\/gay.blog.br\\\/es\\\/cultura-es\\\/fotografo-de-desnudos-masculinos-se-enfrenta-a-la-censura-en-instagram\\\/#respond\"]}]},{\"@type\":\"WebPage\",\"@id\":\"https:\\\/\\\/gay.blog.br\\\/es\\\/cultura-es\\\/fotografo-de-desnudos-masculinos-se-enfrenta-a-la-censura-en-instagram\\\/\",\"url\":\"https:\\\/\\\/gay.blog.br\\\/es\\\/cultura-es\\\/fotografo-de-desnudos-masculinos-se-enfrenta-a-la-censura-en-instagram\\\/\",\"name\":\"Fot\u00f3grafo de desnudos masculinos se enfrenta a la censura en Instagram\",\"isPartOf\":{\"@id\":\"https:\\\/\\\/gay.blog.br\\\/es\\\/#website\"},\"primaryImageOfPage\":{\"@id\":\"https:\\\/\\\/gay.blog.br\\\/es\\\/cultura-es\\\/fotografo-de-desnudos-masculinos-se-enfrenta-a-la-censura-en-instagram\\\/#primaryimage\"},\"image\":{\"@id\":\"https:\\\/\\\/gay.blog.br\\\/es\\\/cultura-es\\\/fotografo-de-desnudos-masculinos-se-enfrenta-a-la-censura-en-instagram\\\/#primaryimage\"},\"thumbnailUrl\":\"https:\\\/\\\/i0.wp.com\\\/gay.blog.br\\\/wp-content\\\/uploads\\\/2022\\\/04\\\/Marcelo-Aut-18.jpg?fit=1555%2C1037&ssl=1\",\"datePublished\":\"2022-04-26T21:52:37+00:00\",\"dateModified\":\"2022-06-17T15:48:21+00:00\",\"description\":\"Desde el inicio del proyecto \\\"Foto de Homem\\\", el fot\u00f3grafo y periodista Eberson Theodoro ya tuvo su cuenta profesional baneada de la red social tres veces\",\"breadcrumb\":{\"@id\":\"https:\\\/\\\/gay.blog.br\\\/es\\\/cultura-es\\\/fotografo-de-desnudos-masculinos-se-enfrenta-a-la-censura-en-instagram\\\/#breadcrumb\"},\"inLanguage\":\"es\",\"potentialAction\":[{\"@type\":\"ReadAction\",\"target\":[\"https:\\\/\\\/gay.blog.br\\\/es\\\/cultura-es\\\/fotografo-de-desnudos-masculinos-se-enfrenta-a-la-censura-en-instagram\\\/\"]}]},{\"@type\":\"ImageObject\",\"inLanguage\":\"es\",\"@id\":\"https:\\\/\\\/gay.blog.br\\\/es\\\/cultura-es\\\/fotografo-de-desnudos-masculinos-se-enfrenta-a-la-censura-en-instagram\\\/#primaryimage\",\"url\":\"https:\\\/\\\/i0.wp.com\\\/gay.blog.br\\\/wp-content\\\/uploads\\\/2022\\\/04\\\/Marcelo-Aut-18.jpg?fit=1555%2C1037&ssl=1\",\"contentUrl\":\"https:\\\/\\\/i0.wp.com\\\/gay.blog.br\\\/wp-content\\\/uploads\\\/2022\\\/04\\\/Marcelo-Aut-18.jpg?fit=1555%2C1037&ssl=1\",\"width\":1555,\"height\":1037,\"caption\":\"Marcelo Aut\"},{\"@type\":\"BreadcrumbList\",\"@id\":\"https:\\\/\\\/gay.blog.br\\\/es\\\/cultura-es\\\/fotografo-de-desnudos-masculinos-se-enfrenta-a-la-censura-en-instagram\\\/#breadcrumb\",\"itemListElement\":[{\"@type\":\"ListItem\",\"position\":1,\"name\":\"In\u00edcio\",\"item\":\"https:\\\/\\\/gay.blog.br\\\/es\\\/\"},{\"@type\":\"ListItem\",\"position\":2,\"name\":\"Fot\u00f3grafo de desnudos masculinos se enfrenta a la censura en Instagram\"}]},{\"@type\":\"WebSite\",\"@id\":\"https:\\\/\\\/gay.blog.br\\\/es\\\/#website\",\"url\":\"https:\\\/\\\/gay.blog.br\\\/es\\\/\",\"name\":\"GAY BLOG BR @gayblogbr\",\"description\":\"Not\u00edcias que empoderam e\\\/ou entret\u00eam s\u00e3o especialidades da casa\",\"publisher\":{\"@id\":\"https:\\\/\\\/gay.blog.br\\\/es\\\/#organization\"},\"potentialAction\":[{\"@type\":\"SearchAction\",\"target\":{\"@type\":\"EntryPoint\",\"urlTemplate\":\"https:\\\/\\\/gay.blog.br\\\/es\\\/?s={search_term_string}\"},\"query-input\":{\"@type\":\"PropertyValueSpecification\",\"valueRequired\":true,\"valueName\":\"search_term_string\"}}],\"inLanguage\":\"es\"},{\"@type\":\"Organization\",\"@id\":\"https:\\\/\\\/gay.blog.br\\\/es\\\/#organization\",\"name\":\"GAY BLOG BR\",\"url\":\"https:\\\/\\\/gay.blog.br\\\/es\\\/\",\"logo\":{\"@type\":\"ImageObject\",\"inLanguage\":\"es\",\"@id\":\"https:\\\/\\\/gay.blog.br\\\/es\\\/#\\\/schema\\\/logo\\\/image\\\/\",\"url\":\"https:\\\/\\\/i0.wp.com\\\/gay.blog.br\\\/wp-content\\\/uploads\\\/2023\\\/08\\\/gay180px.png?fit=272%2C90&ssl=1\",\"contentUrl\":\"https:\\\/\\\/i0.wp.com\\\/gay.blog.br\\\/wp-content\\\/uploads\\\/2023\\\/08\\\/gay180px.png?fit=272%2C90&ssl=1\",\"width\":272,\"height\":90,\"caption\":\"GAY BLOG BR\"},\"image\":{\"@id\":\"https:\\\/\\\/gay.blog.br\\\/es\\\/#\\\/schema\\\/logo\\\/image\\\/\"},\"sameAs\":[\"https:\\\/\\\/facebook.com\\\/gayblogbr\",\"https:\\\/\\\/x.com\\\/gayblogbr\",\"https:\\\/\\\/instagram.com\\\/gayblogbr\",\"https:\\\/\\\/www.linkedin.com\\\/company\\\/gayblogbr\\\/\",\"https:\\\/\\\/br.pinterest.com\\\/gayblogbr\\\/\",\"https:\\\/\\\/www.youtube.com\\\/channel\\\/UCdEu3JXLOB-wvWAVUF4AIiA\",\"https:\\\/\\\/pt.wikipedia.org\\\/wiki\\\/Gay_Blog_Br\",\"https:\\\/\\\/www.threads.net\\\/@gayblogbr\"]},{\"@type\":\"Person\",\"@id\":\"https:\\\/\\\/gay.blog.br\\\/es\\\/#\\\/schema\\\/person\\\/03d1eb656e2ee43a49b0a80aff06cbbc\",\"name\":\"Deivid Pazatto\",\"image\":{\"@type\":\"ImageObject\",\"inLanguage\":\"es\",\"@id\":\"https:\\\/\\\/secure.gravatar.com\\\/avatar\\\/0609f635ccb120e06bb25c76a4a1c7bab8749cc81c3a425fd808f36a4d668fdd?s=96&d=mm&r=g\",\"url\":\"https:\\\/\\\/secure.gravatar.com\\\/avatar\\\/0609f635ccb120e06bb25c76a4a1c7bab8749cc81c3a425fd808f36a4d668fdd?s=96&d=mm&r=g\",\"contentUrl\":\"https:\\\/\\\/secure.gravatar.com\\\/avatar\\\/0609f635ccb120e06bb25c76a4a1c7bab8749cc81c3a425fd808f36a4d668fdd?s=96&d=mm&r=g\",\"caption\":\"Deivid Pazatto\"},\"description\":\"Jornalista ga\u00facho formado na Universidade Franciscana (UFN) e Especialista em Estudos de G\u00eanero pela Universidade Federal de Santa Maria (UFSM)\",\"url\":\"https:\\\/\\\/gay.blog.br\\\/es\\\/author\\\/deividpazatto\\\/\"}]}<\/script>\n<!-- \/ Yoast SEO plugin. -->","yoast_head_json":{"title":"Fot\u00f3grafo de desnudos masculinos se enfrenta a la censura en Instagram","description":"Desde el inicio del proyecto \"Foto de Homem\", el fot\u00f3grafo y periodista Eberson Theodoro ya tuvo su cuenta profesional baneada de la red social tres veces","robots":{"index":"index","follow":"follow","max-snippet":"max-snippet:-1","max-image-preview":"max-image-preview:large","max-video-preview":"max-video-preview:-1"},"canonical":"https:\/\/gay.blog.br\/es\/cultura-es\/fotografo-de-desnudos-masculinos-se-enfrenta-a-la-censura-en-instagram\/","og_locale":"es_ES","og_type":"article","og_title":"Fot\u00f3grafo de desnudos masculinos se enfrenta a la censura en Instagram","og_description":"Desde el inicio del proyecto \"Foto de Homem\", el fot\u00f3grafo y periodista Eberson Theodoro ya tuvo su cuenta profesional baneada de la red social tres veces","og_url":"https:\/\/gay.blog.br\/es\/cultura-es\/fotografo-de-desnudos-masculinos-se-enfrenta-a-la-censura-en-instagram\/","og_site_name":"GAY BLOG BR @gayblogbr","article_publisher":"https:\/\/facebook.com\/gayblogbr","article_published_time":"2022-04-26T21:52:37+00:00","article_modified_time":"2022-06-17T15:48:21+00:00","og_image":[{"width":1555,"height":1037,"url":"https:\/\/gay.blog.br\/wp-content\/uploads\/2022\/04\/Marcelo-Aut-18.jpg","type":"image\/jpeg"}],"author":"Deivid Pazatto","twitter_card":"summary_large_image","twitter_creator":"@gayblogbr","twitter_site":"@gayblogbr","twitter_misc":{"Escrito por":"Deivid Pazatto","Tiempo de lectura":"3 minutos"},"schema":{"@context":"https:\/\/schema.org","@graph":[{"@type":"Article","@id":"https:\/\/gay.blog.br\/es\/cultura-es\/fotografo-de-desnudos-masculinos-se-enfrenta-a-la-censura-en-instagram\/#article","isPartOf":{"@id":"https:\/\/gay.blog.br\/es\/cultura-es\/fotografo-de-desnudos-masculinos-se-enfrenta-a-la-censura-en-instagram\/"},"author":{"name":"Deivid Pazatto","@id":"https:\/\/gay.blog.br\/es\/#\/schema\/person\/03d1eb656e2ee43a49b0a80aff06cbbc"},"headline":"Fot\u00f3grafo de desnudos masculinos se enfrenta a la censura en Instagram","datePublished":"2022-04-26T21:52:37+00:00","dateModified":"2022-06-17T15:48:21+00:00","mainEntityOfPage":{"@id":"https:\/\/gay.blog.br\/es\/cultura-es\/fotografo-de-desnudos-masculinos-se-enfrenta-a-la-censura-en-instagram\/"},"wordCount":690,"commentCount":0,"publisher":{"@id":"https:\/\/gay.blog.br\/es\/#organization"},"image":{"@id":"https:\/\/gay.blog.br\/es\/cultura-es\/fotografo-de-desnudos-masculinos-se-enfrenta-a-la-censura-en-instagram\/#primaryimage"},"thumbnailUrl":"https:\/\/i0.wp.com\/gay.blog.br\/wp-content\/uploads\/2022\/04\/Marcelo-Aut-18.jpg?fit=1555%2C1037&ssl=1","keywords":["desnudez","eberson theodoro","foto de homem"],"articleSection":["CULTURA","NOT\u00cdCIAS"],"inLanguage":"es","potentialAction":[{"@type":"CommentAction","name":"Comment","target":["https:\/\/gay.blog.br\/es\/cultura-es\/fotografo-de-desnudos-masculinos-se-enfrenta-a-la-censura-en-instagram\/#respond"]}]},{"@type":"WebPage","@id":"https:\/\/gay.blog.br\/es\/cultura-es\/fotografo-de-desnudos-masculinos-se-enfrenta-a-la-censura-en-instagram\/","url":"https:\/\/gay.blog.br\/es\/cultura-es\/fotografo-de-desnudos-masculinos-se-enfrenta-a-la-censura-en-instagram\/","name":"Fot\u00f3grafo de desnudos masculinos se enfrenta a la censura en Instagram","isPartOf":{"@id":"https:\/\/gay.blog.br\/es\/#website"},"primaryImageOfPage":{"@id":"https:\/\/gay.blog.br\/es\/cultura-es\/fotografo-de-desnudos-masculinos-se-enfrenta-a-la-censura-en-instagram\/#primaryimage"},"image":{"@id":"https:\/\/gay.blog.br\/es\/cultura-es\/fotografo-de-desnudos-masculinos-se-enfrenta-a-la-censura-en-instagram\/#primaryimage"},"thumbnailUrl":"https:\/\/i0.wp.com\/gay.blog.br\/wp-content\/uploads\/2022\/04\/Marcelo-Aut-18.jpg?fit=1555%2C1037&ssl=1","datePublished":"2022-04-26T21:52:37+00:00","dateModified":"2022-06-17T15:48:21+00:00","description":"Desde el inicio del proyecto \"Foto de Homem\", el fot\u00f3grafo y periodista Eberson Theodoro ya tuvo su cuenta profesional baneada de la red social tres veces","breadcrumb":{"@id":"https:\/\/gay.blog.br\/es\/cultura-es\/fotografo-de-desnudos-masculinos-se-enfrenta-a-la-censura-en-instagram\/#breadcrumb"},"inLanguage":"es","potentialAction":[{"@type":"ReadAction","target":["https:\/\/gay.blog.br\/es\/cultura-es\/fotografo-de-desnudos-masculinos-se-enfrenta-a-la-censura-en-instagram\/"]}]},{"@type":"ImageObject","inLanguage":"es","@id":"https:\/\/gay.blog.br\/es\/cultura-es\/fotografo-de-desnudos-masculinos-se-enfrenta-a-la-censura-en-instagram\/#primaryimage","url":"https:\/\/i0.wp.com\/gay.blog.br\/wp-content\/uploads\/2022\/04\/Marcelo-Aut-18.jpg?fit=1555%2C1037&ssl=1","contentUrl":"https:\/\/i0.wp.com\/gay.blog.br\/wp-content\/uploads\/2022\/04\/Marcelo-Aut-18.jpg?fit=1555%2C1037&ssl=1","width":1555,"height":1037,"caption":"Marcelo Aut"},{"@type":"BreadcrumbList","@id":"https:\/\/gay.blog.br\/es\/cultura-es\/fotografo-de-desnudos-masculinos-se-enfrenta-a-la-censura-en-instagram\/#breadcrumb","itemListElement":[{"@type":"ListItem","position":1,"name":"In\u00edcio","item":"https:\/\/gay.blog.br\/es\/"},{"@type":"ListItem","position":2,"name":"Fot\u00f3grafo de desnudos masculinos se enfrenta a la censura en Instagram"}]},{"@type":"WebSite","@id":"https:\/\/gay.blog.br\/es\/#website","url":"https:\/\/gay.blog.br\/es\/","name":"GAY BLOG BR @gayblogbr","description":"Not\u00edcias que empoderam e\/ou entret\u00eam s\u00e3o especialidades da casa","publisher":{"@id":"https:\/\/gay.blog.br\/es\/#organization"},"potentialAction":[{"@type":"SearchAction","target":{"@type":"EntryPoint","urlTemplate":"https:\/\/gay.blog.br\/es\/?s={search_term_string}"},"query-input":{"@type":"PropertyValueSpecification","valueRequired":true,"valueName":"search_term_string"}}],"inLanguage":"es"},{"@type":"Organization","@id":"https:\/\/gay.blog.br\/es\/#organization","name":"GAY BLOG BR","url":"https:\/\/gay.blog.br\/es\/","logo":{"@type":"ImageObject","inLanguage":"es","@id":"https:\/\/gay.blog.br\/es\/#\/schema\/logo\/image\/","url":"https:\/\/i0.wp.com\/gay.blog.br\/wp-content\/uploads\/2023\/08\/gay180px.png?fit=272%2C90&ssl=1","contentUrl":"https:\/\/i0.wp.com\/gay.blog.br\/wp-content\/uploads\/2023\/08\/gay180px.png?fit=272%2C90&ssl=1","width":272,"height":90,"caption":"GAY BLOG BR"},"image":{"@id":"https:\/\/gay.blog.br\/es\/#\/schema\/logo\/image\/"},"sameAs":["https:\/\/facebook.com\/gayblogbr","https:\/\/x.com\/gayblogbr","https:\/\/instagram.com\/gayblogbr","https:\/\/www.linkedin.com\/company\/gayblogbr\/","https:\/\/br.pinterest.com\/gayblogbr\/","https:\/\/www.youtube.com\/channel\/UCdEu3JXLOB-wvWAVUF4AIiA","https:\/\/pt.wikipedia.org\/wiki\/Gay_Blog_Br","https:\/\/www.threads.net\/@gayblogbr"]},{"@type":"Person","@id":"https:\/\/gay.blog.br\/es\/#\/schema\/person\/03d1eb656e2ee43a49b0a80aff06cbbc","name":"Deivid Pazatto","image":{"@type":"ImageObject","inLanguage":"es","@id":"https:\/\/secure.gravatar.com\/avatar\/0609f635ccb120e06bb25c76a4a1c7bab8749cc81c3a425fd808f36a4d668fdd?s=96&d=mm&r=g","url":"https:\/\/secure.gravatar.com\/avatar\/0609f635ccb120e06bb25c76a4a1c7bab8749cc81c3a425fd808f36a4d668fdd?s=96&d=mm&r=g","contentUrl":"https:\/\/secure.gravatar.com\/avatar\/0609f635ccb120e06bb25c76a4a1c7bab8749cc81c3a425fd808f36a4d668fdd?s=96&d=mm&r=g","caption":"Deivid Pazatto"},"description":"Jornalista ga\u00facho formado na Universidade Franciscana (UFN) e Especialista em Estudos de G\u00eanero pela Universidade Federal de Santa Maria (UFSM)","url":"https:\/\/gay.blog.br\/es\/author\/deividpazatto\/"}]}},"jetpack_publicize_connections":[],"jetpack_featured_media_url":"https:\/\/i0.wp.com\/gay.blog.br\/wp-content\/uploads\/2022\/04\/Marcelo-Aut-18.jpg?fit=1555%2C1037&ssl=1","jetpack_sharing_enabled":true,"jetpack_shortlink":"https:\/\/wp.me\/p6klkK-HmY","jetpack_likes_enabled":false,"amp_enabled":true,"_links":{"self":[{"href":"https:\/\/gay.blog.br\/es\/wp-json\/wp\/v2\/posts\/166716","targetHints":{"allow":["GET"]}}],"collection":[{"href":"https:\/\/gay.blog.br\/es\/wp-json\/wp\/v2\/posts"}],"about":[{"href":"https:\/\/gay.blog.br\/es\/wp-json\/wp\/v2\/types\/post"}],"author":[{"embeddable":true,"href":"https:\/\/gay.blog.br\/es\/wp-json\/wp\/v2\/users\/3549"}],"replies":[{"embeddable":true,"href":"https:\/\/gay.blog.br\/es\/wp-json\/wp\/v2\/comments?post=166716"}],"version-history":[{"count":1,"href":"https:\/\/gay.blog.br\/es\/wp-json\/wp\/v2\/posts\/166716\/revisions"}],"predecessor-version":[{"id":167918,"href":"https:\/\/gay.blog.br\/es\/wp-json\/wp\/v2\/posts\/166716\/revisions\/167918"}],"wp:featuredmedia":[{"embeddable":true,"href":"https:\/\/gay.blog.br\/es\/wp-json\/wp\/v2\/media\/163122"}],"wp:attachment":[{"href":"https:\/\/gay.blog.br\/es\/wp-json\/wp\/v2\/media?parent=166716"}],"wp:term":[{"taxonomy":"category","embeddable":true,"href":"https:\/\/gay.blog.br\/es\/wp-json\/wp\/v2\/categories?post=166716"},{"taxonomy":"post_tag","embeddable":true,"href":"https:\/\/gay.blog.br\/es\/wp-json\/wp\/v2\/tags?post=166716"}],"curies":[{"name":"wp","href":"https:\/\/api.w.org\/{rel}","templated":true}]}}