{"id":169781,"date":"2022-06-21T11:38:33","date_gmt":"2022-06-21T14:38:33","guid":{"rendered":"https:\/\/gay.blog.br\/?p=169781"},"modified":"2022-06-29T22:38:34","modified_gmt":"2022-06-30T01:38:34","slug":"la-muestra-de-cine-israeli-se-estrena-en-el-sesc-digital-con-peliculas-lgbt","status":"publish","type":"post","link":"https:\/\/gay.blog.br\/es\/cultura-es\/peliculas-tv-y-series\/la-muestra-de-cine-israeli-se-estrena-en-el-sesc-digital-con-peliculas-lgbt\/","title":{"rendered":"La Muestra de Cine Israel\u00ed se estrena en el Sesc Digital con pel\u00edculas LGBT"},"content":{"rendered":"<p style=\"text-align: justify;\">Del <strong>24 de junio al 7 de julio<\/strong> de 2022, <strong>Sesc San Pablo<\/strong> y el <strong>Instituto Brasil-Israel (IBI)<\/strong>, con el apoyo de la <strong>Embajada de Israel<\/strong> y del <strong>Consulado Geral de Israel en San Pablo<\/strong>, realizan la <strong>Muestra de Cine Israelense<\/strong>, que ofrece gratuitamente al p\u00fablico de todo Brasil una selecci\u00f3n de pel\u00edculas israel\u00edes contempor\u00e1neas que han ganado proyecci\u00f3n mundial en los \u00faltimos a\u00f1os. Con proyecciones online en la plataforma <strong>Sesc Digital<\/strong>, la muestra trae <strong>seis t\u00edtulos<\/strong>, entre largometrajes y cortometrajes, que reflejan una sociedad multicultural y diversa. Para ver las pel\u00edculas, vaya a <a href=\"http:\/\/sescsp.org.br\/cinesesc\">sescsp.org.br\/cinesesc<\/a> y <a href=\"http:\/\/sescsp.org.br\/cinemaemcasa\">sescsp.org.br\/cinemaemcasa<\/a>.<\/p>\n<p style=\"text-align: justify;\">La primera <strong>Muestra de Cine Israel\u00ed<\/strong> se propone dar \u00ab<em>visibilidad a las contradicciones, capas y dilemas de un pa\u00eds permeado por el conflicto, y estimular al p\u00fablico a imaginar mundos alternativos<\/em>\u00ab, dice David Diesendruck, presidente del Instituto Brasil-Israel (IBI). La diversidad de voces de la sociedad israel\u00ed, expresada en su lenguaje cinematogr\u00e1fico, constituye el eje curatorial del programa.<\/p>\n<p style=\"text-align: justify;\">Uno de los grandes atractivos de la muestra es el \u00faltimo trabajo del reconocido director <strong>Amos Gitai<\/strong>, responsable de pel\u00edculas como \u00abKadosh &#8211; Lazos sagrados\u00bb (1999) y \u00abKedma\u00bb (2002). In\u00e9dito en Brasil, \u00ab<strong>Laila en Haifa<\/strong>\u00bb aborda las relaciones entre jud\u00edos y \u00e1rabes israel\u00edes en una ciudad conocida por albergar a ambas etnias con el tel\u00f3n de fondo de las tensiones que atraviesan la democracia israel\u00ed y las relaciones entre los pueblos.<\/p>\n<p><span class=\"embed-youtube\" style=\"text-align:center; display: block;\"><iframe loading=\"lazy\" class=\"youtube-player\" width=\"696\" height=\"392\" src=\"https:\/\/www.youtube.com\/embed\/3HdNiexd6SE?version=3&#038;rel=1&#038;showsearch=0&#038;showinfo=1&#038;iv_load_policy=1&#038;fs=1&#038;hl=es-ES&#038;autohide=2&#038;wmode=transparent\" allowfullscreen=\"true\" style=\"border:0;\" sandbox=\"allow-scripts allow-same-origin allow-popups allow-presentation allow-popups-to-escape-sandbox\"><\/iframe><\/span><\/p>\n<p style=\"text-align: justify;\">Conocido por abordar temas LGBTQIA+ con delicadeza y humanidad, el director <strong>Eytan Fox<\/strong>, de \u00abDelicada Relaci\u00f3n\u00bb (2002) y \u00abBurbuja\u00bb (2006), participa en el espect\u00e1culo con la madura <a href=\"https:\/\/www.youtube.com\/watch?v=gs7fyo5fbaQ\"><strong>\u00abSubalquiler\u00bb<\/strong><\/a>, la historia de un escritor de viajes estadounidense que llega al pa\u00eds para escribir sobre <a href=\"http:\/\/gay.blog.br\/?s=israel\">Israel<\/a> y subalquila el piso de un joven israel\u00ed. Es en este encuentro intergeneracional, de diferentes referencias culturales, donde el escritor renueva sus motivaciones para escribir y vivir.<\/p>\n<p><span class=\"embed-youtube\" style=\"text-align:center; display: block;\"><iframe loading=\"lazy\" class=\"youtube-player\" width=\"696\" height=\"392\" src=\"https:\/\/www.youtube.com\/embed\/gs7fyo5fbaQ?version=3&#038;rel=1&#038;showsearch=0&#038;showinfo=1&#038;iv_load_policy=1&#038;fs=1&#038;hl=es-ES&#038;autohide=2&#038;wmode=transparent\" allowfullscreen=\"true\" style=\"border:0;\" sandbox=\"allow-scripts allow-same-origin allow-popups allow-presentation allow-popups-to-escape-sandbox\"><\/iframe><\/span><\/p>\n<p style=\"text-align: justify;\">Temas universales, como las relaciones familiares, surgen en \u00ab<strong>El D\u00eda Siguiente en que me Fui<\/strong>\u00ab, de <strong>Nimrod Eldar<\/strong>, y \u00ab<strong>Baba Joon<\/strong>\u00ab, de <strong>Yuval Delshad<\/strong>; este \u00faltimo pone en escena a una familia de origen iran\u00ed, ya que refleja los m\u00faltiples or\u00edgenes que caracterizan a la sociedad israel\u00ed. <strong>Mami<\/strong>\u00ab, de la cineasta <strong>Keren Yedaya<\/strong>, es un musical adaptado de una \u00f3pera rock que se desarrolla en el sur de Israel, en pueblos alejados de los grandes centros pol\u00edticos del pa\u00eds y a veces olvidados, y que aporta el contraste entre diferentes grupos \u00e9tnicos expresando en su musicalidad una narrativa antimilitarista.<\/p>\n<p style=\"text-align: justify;\">Con varios premios en todo el mundo y una nominaci\u00f3n al Oscar, el cortometraje de Tomer Shoshan \u00ab<strong>White Eye<\/strong>\u00bb cuenta la historia de un hombre que encuentra su bicicleta robada, que ahora pertenece a un desconocido. Mientras intenta recuperar su activo, lucha por seguir siendo humano. La pel\u00edcula lleva a la pantalla el tema de los refugiados africanos, que viven en condiciones precarias y sufren discriminaci\u00f3n racial.<\/p>\n<p style=\"text-align: justify;\">In\u00e9ditas en Brasil (excepto \u00abSubalquiler\u00bb), las pel\u00edculas se proyectar\u00e1n en la serie <strong>Cine #EmCasaComSesc<\/strong>, del Sesc Digital, en diferentes fechas y algunas con l\u00edmite de visualizaci\u00f3n.<\/p>\n<p style=\"text-align: justify;\">La inauguraci\u00f3n del evento ser\u00e1 online, transmitida en directo por el canal del Instituto Brasil-Israel en <a href=\"https:\/\/www.youtube.com\/channel\/UCBRmJmB9dVPwPIpc6FeQeNg\">YouTube<\/a>, el 23 de junio a las 16:00 horas, y contar\u00e1 con la presencia del cineasta <strong>Amos Gitai<\/strong>, en una conversaci\u00f3n exclusiva con la periodista Anita Efraim, presentadora del podcast del Instituto Brasil-Israel \u00abE eu com isso?\u00bb.<\/p>\n<div class=\"mceTemp\"><\/div>\n<h1 style=\"text-align: justify;\"><strong>SERVICIO<\/strong><\/h1>\n<p style=\"text-align: justify;\"><strong>MUESTRA DE PEL\u00cdCULAS DE ISRAEL<\/strong><br \/>\nDel 24\/06 al 07\/07<br \/>\n<a href=\"http:\/\/sescsp.org.br\/cinesesc\">sescsp.org.br\/cinesesc<\/a> o <a href=\"http:\/\/sescsp.org.br\/cinemaemcasa\">sescsp.org.br\/cinemaemcasa<\/a><\/p>\n<p style=\"text-align: justify;\"><strong><span style=\"text-decoration: underline;\">ESTRENOS 24\/6<\/span><\/strong><\/p>\n<h3 style=\"text-align: justify;\"><strong>OJO BLANCO<br \/>\n<\/strong>White Eye | Dir.: Tomer Shoshan | Israel | 2019 | 20 min | Ficci\u00f3n | 14 a\u00f1os<\/h3>\n<p style=\"text-align: justify;\"><em>Un hombre descubre que le han robado la bicicleta, que ahora pertenece a un desconocido. Cree que la tarea de recuperarla ser\u00e1 f\u00e1cil, pero durante una sola noche se enfrenta a problemas de racismo, abusos policiales y xenofobia. Disponible del 24\/06 al 07\/07\/22.<\/em><\/p>\n<h3 style=\"text-align: justify;\"><strong>MAMI<br \/>\n<\/strong>Red Fields | Dir.: Keren Yedaya | Israel, Luxemburgo, Alemania | 2019 | 90 min | Ficci\u00f3n | 14 a\u00f1os<\/h3>\n<p style=\"text-align: justify;\"><em>Esta es la historia de Mami, una joven que naci\u00f3 y creci\u00f3 en un peque\u00f1o pueblo pobre del sur de Israel. Trabaja en el bar de la gasolinera local y est\u00e1 enamorada de Nissim, su vecino. Un d\u00eda, el destino llama a su puerta: unos d\u00edas despu\u00e9s de su boda, Nissim es herido en la guerra y sucumbe a un estado vegetativo. Disponible del 24\/06 al 07\/07\/22.<\/em><\/p>\n<h3 style=\"text-align: justify;\"><strong>SUBALQUILER<br \/>\n<\/strong>Sublet | Dir.: Eytan Fox | Israel, Estados Unidos | 2020 | 89 min | Ficci\u00f3n | 14 a\u00f1os<\/h3>\n<p style=\"text-align: justify;\"><em>Un escritor de viajes del New York Times llega a Tel Aviv tras sufrir una tragedia. La energ\u00eda de la ciudad y su relaci\u00f3n con un hombre m\u00e1s joven le devuelven la vida. Disponible del 24\/06 al 30\/07\/22, con un l\u00edmite de 1500 visualizaciones.<\/em><\/p>\n<h3 style=\"text-align: justify;\"><strong>LAILA EN HAIFA<br \/>\n<\/strong>Laila in Haifa | Dir.: Amos Gitai | Israel, Francia | 2020 | 99 min | Ficci\u00f3n | 14 a\u00f1os<\/h3>\n<p style=\"text-align: justify;\"><em>Laila in Haifa est\u00e1 ambientada en una fat\u00eddica noche en la ciudad portuaria de Haifa y explora las historias entrelazadas de cinco mujeres en un club nocturno donde israel\u00edes y palestinos se re\u00fanen para entablar relaciones personales. Disponible del 24\/06 al 30\/07\/22, con un l\u00edmite de 1000 visualizaciones.<\/em><\/p>\n<p style=\"text-align: justify;\"><span style=\"text-decoration: underline;\"><strong>ESTRENOS 01\/07<\/strong><\/span><\/p>\n<h3 style=\"text-align: justify;\"><strong>EL D\u00cdA SIGUIENTE AL QUE ME FUI<br \/>\n<\/strong>The Day After I&#8217;m Gone | Dir.: Nimrod Eldar | Israel, Francia | 2019 | 98 min | Ficci\u00f3n | 14 a\u00f1os<\/h3>\n<p style=\"text-align: justify;\"><em>Yoram, un veterinario de 50 a\u00f1os que vive en Tel Aviv, se ve obligado a ver su relaci\u00f3n con su hija adolescente, Roni, de forma diferente despu\u00e9s de que ella comience a desear el fin de su propia vida. Se embarca con la chica en un viaje para visitar a la familia de su madre, que resulta ser un proceso de autoconocimiento mutuo, en un paisaje des\u00e9rtico cerca del Mar Muerto. Disponible del 01\/07 al 07\/07\/22, con un l\u00edmite de 800 visualizaciones.<\/em><\/p>\n<h3 style=\"text-align: justify;\"><strong>BABA JOON<br \/>\n<\/strong>Baba Joon | Dir.: Yuval Delshad | Israel | 2015 | 91 min | Ficci\u00f3n | 14 a\u00f1os<\/h3>\n<p style=\"text-align: justify;\"><em>La pel\u00edcula retrata a tres generaciones de la familia Morgian, inmigrantes persas de Ir\u00e1n a Israel, mientras sobreviven en su peque\u00f1a granja de pavos a principios de la d\u00e9cada de 1980. A\u00f1os antes, el abuelo, conocido como Baba, cedi\u00f3 la granja a su hijo menor, Yitzak, despu\u00e9s de que su hijo mayor, Darius, huyera a Am\u00e9rica. Ya crecido, Yitzak amenaza con \u00abempujar\u00bb a su hijo Moti, de 13 a\u00f1os, a trabajar en la granja. Cuando el ni\u00f1o muestra una fuerte preferencia por la ingenier\u00eda (quiere construir su propio scooter motorizado utilizando piezas de repuesto en el granero), Yitzak interpreta su aversi\u00f3n al trabajo agr\u00edcola como un rechazo personal. Disponible del 01\/07 al 07\/07\/22, con un l\u00edmite de 1000 visualizaciones.<\/em><\/p>\n<figure id=\"attachment_168462\" aria-describedby=\"caption-attachment-168462\" style=\"width: 925px\" class=\"wp-caption aligncenter\"><img data-recalc-dims=\"1\" loading=\"lazy\" decoding=\"async\" class=\"size-full wp-image-168462\" src=\"https:\/\/i0.wp.com\/gay.blog.br\/wp-content\/uploads\/2022\/06\/Sublet-2-John-Benjamin-Hickey-Niv-Nissim.-.jpg?resize=696%2C462&#038;ssl=1\" alt=\"Escena de \" width=\"696\" height=\"462\" srcset=\"https:\/\/i0.wp.com\/gay.blog.br\/wp-content\/uploads\/2022\/06\/Sublet-2-John-Benjamin-Hickey-Niv-Nissim.-.jpg?w=925&amp;ssl=1 925w, https:\/\/i0.wp.com\/gay.blog.br\/wp-content\/uploads\/2022\/06\/Sublet-2-John-Benjamin-Hickey-Niv-Nissim.-.jpg?resize=300%2C199&amp;ssl=1 300w, https:\/\/i0.wp.com\/gay.blog.br\/wp-content\/uploads\/2022\/06\/Sublet-2-John-Benjamin-Hickey-Niv-Nissim.-.jpg?resize=150%2C100&amp;ssl=1 150w, https:\/\/i0.wp.com\/gay.blog.br\/wp-content\/uploads\/2022\/06\/Sublet-2-John-Benjamin-Hickey-Niv-Nissim.-.jpg?resize=768%2C510&amp;ssl=1 768w, https:\/\/i0.wp.com\/gay.blog.br\/wp-content\/uploads\/2022\/06\/Sublet-2-John-Benjamin-Hickey-Niv-Nissim.-.jpg?resize=696%2C462&amp;ssl=1 696w, https:\/\/i0.wp.com\/gay.blog.br\/wp-content\/uploads\/2022\/06\/Sublet-2-John-Benjamin-Hickey-Niv-Nissim.-.jpg?resize=633%2C420&amp;ssl=1 633w\" sizes=\"auto, (max-width: 696px) 100vw, 696px\" \/><figcaption id=\"caption-attachment-168462\" class=\"wp-caption-text\">Escena de \u00abSubalquiler\u00bb &#8211; Divulgaci\u00f3n<\/figcaption><\/figure>\n<p style=\"text-align: justify;\"><strong>Sobre el Instituto Brasil-Israel<\/strong><\/p>\n<p style=\"text-align: justify;\">El Instituto Brasil-Israel (IBI) produce y difunde conocimientos sobre Israel en di\u00e1logo con la sociedad brasile\u00f1a y combate el antisemitismo. El instituto incorpora una amplia red de colaboradores, sigue un lenguaje plural y tambi\u00e9n invita a las voces discrepantes al debate. Para saber m\u00e1s, visite <a href=\"http:\/\/institutobrasilisrael.org\/\">http:\/\/institutobrasilisrael.org\/<\/a><\/p>\n","protected":false},"excerpt":{"rendered":"<p>Entre las obras m\u00e1s destacadas est\u00e1n \u00abSubalquiler\u00bb, que cuenta la historia de un escritor americano que llega al pa\u00eds para escribir sobre Israel y subalquila el piso de un joven israel\u00ed, y \u00bb Laila en Haifa \u00ab, in\u00e9dita en Brasil<\/p>\n","protected":false},"author":3,"featured_media":168464,"comment_status":"open","ping_status":"open","sticky":false,"template":"","format":"standard","meta":{"googlesitekit_rrm_CAoiEBg-BXrJeACjO8p49SE4kTY:productID":"","tdm_status":"","tdm_grid_status":"","_jetpack_newsletter_access":"","_jetpack_dont_email_post_to_subs":false,"_jetpack_newsletter_tier_id":0,"_jetpack_memberships_contains_paywalled_content":false,"_jetpack_memberships_contains_paid_content":false,"footnotes":"","jetpack_publicize_message":"La Muestra de Cine Israel\u00ed se estrena en el Sesc Digital con pel\u00edculas LGBT","jetpack_publicize_feature_enabled":true,"jetpack_social_post_already_shared":true,"jetpack_social_options":{"image_generator_settings":{"template":"highway","default_image_id":0,"font":"","enabled":false},"version":2},"_wpas_customize_per_network":false,"jetpack_post_was_ever_published":false},"categories":[589932230],"tags":[589943284,589932204,589943285,589938206,589933968],"class_list":{"0":"post-169781","1":"post","2":"type-post","3":"status-publish","4":"format-standard","5":"has-post-thumbnail","7":"category-peliculas-tv-y-series","8":"tag-eytan-fox-es","9":"tag-gay-es-2","10":"tag-israeli","11":"tag-muestra","12":"tag-peliculas"},"yoast_head":"<!-- This site is optimized with the Yoast SEO plugin v27.5 - https:\/\/yoast.com\/product\/yoast-seo-wordpress\/ -->\n<title>La Muestra de Cine Israel\u00ed se estrena en el Sesc Digital con pel\u00edculas LGBT<\/title>\n<meta name=\"description\" content=\"Entre las obras m\u00e1s destacadas est\u00e1n &quot;Subalquiler&quot;, que cuenta la historia de un escritor americano que llega al pa\u00eds para escribir sobre Israel y subalquila el piso de un joven israel\u00ed, y &quot; Laila en Haifa &quot;, in\u00e9dita en Brasil\" \/>\n<meta name=\"robots\" content=\"index, follow, max-snippet:-1, max-image-preview:large, max-video-preview:-1\" \/>\n<link rel=\"canonical\" href=\"https:\/\/gay.blog.br\/es\/cultura-es\/peliculas-tv-y-series\/la-muestra-de-cine-israeli-se-estrena-en-el-sesc-digital-con-peliculas-lgbt\/\" \/>\n<meta property=\"og:locale\" content=\"es_ES\" \/>\n<meta property=\"og:type\" content=\"article\" \/>\n<meta property=\"og:title\" content=\"La Muestra de Cine Israel\u00ed se estrena en el Sesc Digital con pel\u00edculas LGBT\" \/>\n<meta property=\"og:description\" content=\"Entre las obras m\u00e1s destacadas est\u00e1n &quot;Subalquiler&quot;, que cuenta la historia de un escritor americano que llega al pa\u00eds para escribir sobre Israel y subalquila el piso de un joven israel\u00ed, y &quot; Laila en Haifa &quot;, in\u00e9dita en Brasil\" \/>\n<meta property=\"og:url\" content=\"https:\/\/gay.blog.br\/es\/cultura-es\/peliculas-tv-y-series\/la-muestra-de-cine-israeli-se-estrena-en-el-sesc-digital-con-peliculas-lgbt\/\" \/>\n<meta property=\"og:site_name\" content=\"GAY BLOG BR @gayblogbr\" \/>\n<meta property=\"article:publisher\" content=\"https:\/\/facebook.com\/gayblogbr\" \/>\n<meta property=\"article:author\" content=\"https:\/\/facebook.com\/viniciusyamada\" \/>\n<meta property=\"article:published_time\" content=\"2022-06-21T14:38:33+00:00\" \/>\n<meta property=\"article:modified_time\" content=\"2022-06-30T01:38:34+00:00\" \/>\n<meta property=\"og:image\" content=\"https:\/\/gay.blog.br\/wp-content\/uploads\/2022\/06\/Sublet-2-John-Benjamin-Hickey-Niv-Nissim.-.jpg\" \/>\n\t<meta property=\"og:image:width\" content=\"925\" \/>\n\t<meta property=\"og:image:height\" content=\"614\" \/>\n\t<meta property=\"og:image:type\" content=\"image\/jpeg\" \/>\n<meta name=\"author\" content=\"Vin\u00edcius Yamada\" \/>\n<meta name=\"twitter:card\" content=\"summary_large_image\" \/>\n<meta name=\"twitter:creator\" content=\"@https:\/\/twitter.com\/viniciusyamada\" \/>\n<meta name=\"twitter:site\" content=\"@gayblogbr\" \/>\n<meta name=\"twitter:label1\" content=\"Escrito por\" \/>\n\t<meta name=\"twitter:data1\" content=\"Vin\u00edcius Yamada\" \/>\n\t<meta name=\"twitter:label2\" content=\"Tiempo de lectura\" \/>\n\t<meta name=\"twitter:data2\" content=\"6 minutos\" \/>\n<script type=\"application\/ld+json\" class=\"yoast-schema-graph\">{\"@context\":\"https:\\\/\\\/schema.org\",\"@graph\":[{\"@type\":\"Article\",\"@id\":\"https:\\\/\\\/gay.blog.br\\\/es\\\/cultura-es\\\/peliculas-tv-y-series\\\/la-muestra-de-cine-israeli-se-estrena-en-el-sesc-digital-con-peliculas-lgbt\\\/#article\",\"isPartOf\":{\"@id\":\"https:\\\/\\\/gay.blog.br\\\/es\\\/cultura-es\\\/peliculas-tv-y-series\\\/la-muestra-de-cine-israeli-se-estrena-en-el-sesc-digital-con-peliculas-lgbt\\\/\"},\"author\":{\"name\":\"Vin\u00edcius Yamada\",\"@id\":\"https:\\\/\\\/gay.blog.br\\\/es\\\/#\\\/schema\\\/person\\\/b5e9a5ea034d71884e0fad6a1b88441f\"},\"headline\":\"La Muestra de Cine Israel\u00ed se estrena en el Sesc Digital con pel\u00edculas LGBT\",\"datePublished\":\"2022-06-21T14:38:33+00:00\",\"dateModified\":\"2022-06-30T01:38:34+00:00\",\"mainEntityOfPage\":{\"@id\":\"https:\\\/\\\/gay.blog.br\\\/es\\\/cultura-es\\\/peliculas-tv-y-series\\\/la-muestra-de-cine-israeli-se-estrena-en-el-sesc-digital-con-peliculas-lgbt\\\/\"},\"wordCount\":1203,\"commentCount\":0,\"publisher\":{\"@id\":\"https:\\\/\\\/gay.blog.br\\\/es\\\/#organization\"},\"image\":{\"@id\":\"https:\\\/\\\/gay.blog.br\\\/es\\\/cultura-es\\\/peliculas-tv-y-series\\\/la-muestra-de-cine-israeli-se-estrena-en-el-sesc-digital-con-peliculas-lgbt\\\/#primaryimage\"},\"thumbnailUrl\":\"https:\\\/\\\/i0.wp.com\\\/gay.blog.br\\\/wp-content\\\/uploads\\\/2022\\\/06\\\/Sublet-2-John-Benjamin-Hickey-Niv-Nissim.-.jpg?fit=925%2C614&ssl=1\",\"keywords\":[\"Eytan Fox\",\"GAY\",\"israel\u00ed\",\"muestra\",\"pel\u00edculas\"],\"articleSection\":[\"PEL\u00cdCULAS, TV y SERIES\"],\"inLanguage\":\"es\",\"potentialAction\":[{\"@type\":\"CommentAction\",\"name\":\"Comment\",\"target\":[\"https:\\\/\\\/gay.blog.br\\\/es\\\/cultura-es\\\/peliculas-tv-y-series\\\/la-muestra-de-cine-israeli-se-estrena-en-el-sesc-digital-con-peliculas-lgbt\\\/#respond\"]}]},{\"@type\":\"WebPage\",\"@id\":\"https:\\\/\\\/gay.blog.br\\\/es\\\/cultura-es\\\/peliculas-tv-y-series\\\/la-muestra-de-cine-israeli-se-estrena-en-el-sesc-digital-con-peliculas-lgbt\\\/\",\"url\":\"https:\\\/\\\/gay.blog.br\\\/es\\\/cultura-es\\\/peliculas-tv-y-series\\\/la-muestra-de-cine-israeli-se-estrena-en-el-sesc-digital-con-peliculas-lgbt\\\/\",\"name\":\"La Muestra de Cine Israel\u00ed se estrena en el Sesc Digital con pel\u00edculas LGBT\",\"isPartOf\":{\"@id\":\"https:\\\/\\\/gay.blog.br\\\/es\\\/#website\"},\"primaryImageOfPage\":{\"@id\":\"https:\\\/\\\/gay.blog.br\\\/es\\\/cultura-es\\\/peliculas-tv-y-series\\\/la-muestra-de-cine-israeli-se-estrena-en-el-sesc-digital-con-peliculas-lgbt\\\/#primaryimage\"},\"image\":{\"@id\":\"https:\\\/\\\/gay.blog.br\\\/es\\\/cultura-es\\\/peliculas-tv-y-series\\\/la-muestra-de-cine-israeli-se-estrena-en-el-sesc-digital-con-peliculas-lgbt\\\/#primaryimage\"},\"thumbnailUrl\":\"https:\\\/\\\/i0.wp.com\\\/gay.blog.br\\\/wp-content\\\/uploads\\\/2022\\\/06\\\/Sublet-2-John-Benjamin-Hickey-Niv-Nissim.-.jpg?fit=925%2C614&ssl=1\",\"datePublished\":\"2022-06-21T14:38:33+00:00\",\"dateModified\":\"2022-06-30T01:38:34+00:00\",\"description\":\"Entre las obras m\u00e1s destacadas est\u00e1n \\\"Subalquiler\\\", que cuenta la historia de un escritor americano que llega al pa\u00eds para escribir sobre Israel y subalquila el piso de un joven israel\u00ed, y \\\" Laila en Haifa \\\", in\u00e9dita en Brasil\",\"breadcrumb\":{\"@id\":\"https:\\\/\\\/gay.blog.br\\\/es\\\/cultura-es\\\/peliculas-tv-y-series\\\/la-muestra-de-cine-israeli-se-estrena-en-el-sesc-digital-con-peliculas-lgbt\\\/#breadcrumb\"},\"inLanguage\":\"es\",\"potentialAction\":[{\"@type\":\"ReadAction\",\"target\":[\"https:\\\/\\\/gay.blog.br\\\/es\\\/cultura-es\\\/peliculas-tv-y-series\\\/la-muestra-de-cine-israeli-se-estrena-en-el-sesc-digital-con-peliculas-lgbt\\\/\"]}]},{\"@type\":\"ImageObject\",\"inLanguage\":\"es\",\"@id\":\"https:\\\/\\\/gay.blog.br\\\/es\\\/cultura-es\\\/peliculas-tv-y-series\\\/la-muestra-de-cine-israeli-se-estrena-en-el-sesc-digital-con-peliculas-lgbt\\\/#primaryimage\",\"url\":\"https:\\\/\\\/i0.wp.com\\\/gay.blog.br\\\/wp-content\\\/uploads\\\/2022\\\/06\\\/Sublet-2-John-Benjamin-Hickey-Niv-Nissim.-.jpg?fit=925%2C614&ssl=1\",\"contentUrl\":\"https:\\\/\\\/i0.wp.com\\\/gay.blog.br\\\/wp-content\\\/uploads\\\/2022\\\/06\\\/Sublet-2-John-Benjamin-Hickey-Niv-Nissim.-.jpg?fit=925%2C614&ssl=1\",\"width\":925,\"height\":614,\"caption\":\"Cena de \\\"Subloca\u00e7\u00e3o\\\" - Divulga\u00e7\u00e3o\"},{\"@type\":\"BreadcrumbList\",\"@id\":\"https:\\\/\\\/gay.blog.br\\\/es\\\/cultura-es\\\/peliculas-tv-y-series\\\/la-muestra-de-cine-israeli-se-estrena-en-el-sesc-digital-con-peliculas-lgbt\\\/#breadcrumb\",\"itemListElement\":[{\"@type\":\"ListItem\",\"position\":1,\"name\":\"In\u00edcio\",\"item\":\"https:\\\/\\\/gay.blog.br\\\/es\\\/\"},{\"@type\":\"ListItem\",\"position\":2,\"name\":\"La Muestra de Cine Israel\u00ed se estrena en el Sesc Digital con pel\u00edculas LGBT\"}]},{\"@type\":\"WebSite\",\"@id\":\"https:\\\/\\\/gay.blog.br\\\/es\\\/#website\",\"url\":\"https:\\\/\\\/gay.blog.br\\\/es\\\/\",\"name\":\"GAY BLOG BR @gayblogbr\",\"description\":\"Not\u00edcias que empoderam e\\\/ou entret\u00eam s\u00e3o especialidades da casa\",\"publisher\":{\"@id\":\"https:\\\/\\\/gay.blog.br\\\/es\\\/#organization\"},\"potentialAction\":[{\"@type\":\"SearchAction\",\"target\":{\"@type\":\"EntryPoint\",\"urlTemplate\":\"https:\\\/\\\/gay.blog.br\\\/es\\\/?s={search_term_string}\"},\"query-input\":{\"@type\":\"PropertyValueSpecification\",\"valueRequired\":true,\"valueName\":\"search_term_string\"}}],\"inLanguage\":\"es\"},{\"@type\":\"Organization\",\"@id\":\"https:\\\/\\\/gay.blog.br\\\/es\\\/#organization\",\"name\":\"GAY BLOG BR\",\"url\":\"https:\\\/\\\/gay.blog.br\\\/es\\\/\",\"logo\":{\"@type\":\"ImageObject\",\"inLanguage\":\"es\",\"@id\":\"https:\\\/\\\/gay.blog.br\\\/es\\\/#\\\/schema\\\/logo\\\/image\\\/\",\"url\":\"https:\\\/\\\/i0.wp.com\\\/gay.blog.br\\\/wp-content\\\/uploads\\\/2023\\\/08\\\/gay180px.png?fit=272%2C90&ssl=1\",\"contentUrl\":\"https:\\\/\\\/i0.wp.com\\\/gay.blog.br\\\/wp-content\\\/uploads\\\/2023\\\/08\\\/gay180px.png?fit=272%2C90&ssl=1\",\"width\":272,\"height\":90,\"caption\":\"GAY BLOG BR\"},\"image\":{\"@id\":\"https:\\\/\\\/gay.blog.br\\\/es\\\/#\\\/schema\\\/logo\\\/image\\\/\"},\"sameAs\":[\"https:\\\/\\\/facebook.com\\\/gayblogbr\",\"https:\\\/\\\/x.com\\\/gayblogbr\",\"https:\\\/\\\/instagram.com\\\/gayblogbr\",\"https:\\\/\\\/www.linkedin.com\\\/company\\\/gayblogbr\\\/\",\"https:\\\/\\\/br.pinterest.com\\\/gayblogbr\\\/\",\"https:\\\/\\\/www.youtube.com\\\/channel\\\/UCdEu3JXLOB-wvWAVUF4AIiA\",\"https:\\\/\\\/pt.wikipedia.org\\\/wiki\\\/Gay_Blog_Br\",\"https:\\\/\\\/www.threads.net\\\/@gayblogbr\"]},{\"@type\":\"Person\",\"@id\":\"https:\\\/\\\/gay.blog.br\\\/es\\\/#\\\/schema\\\/person\\\/b5e9a5ea034d71884e0fad6a1b88441f\",\"name\":\"Vin\u00edcius Yamada\",\"image\":{\"@type\":\"ImageObject\",\"inLanguage\":\"es\",\"@id\":\"https:\\\/\\\/secure.gravatar.com\\\/avatar\\\/4e6e965377c26e00a730314d7a607d7a55699e5c31ecae3fd9c1033f105cf6df?s=96&d=mm&r=g\",\"url\":\"https:\\\/\\\/secure.gravatar.com\\\/avatar\\\/4e6e965377c26e00a730314d7a607d7a55699e5c31ecae3fd9c1033f105cf6df?s=96&d=mm&r=g\",\"contentUrl\":\"https:\\\/\\\/secure.gravatar.com\\\/avatar\\\/4e6e965377c26e00a730314d7a607d7a55699e5c31ecae3fd9c1033f105cf6df?s=96&d=mm&r=g\",\"caption\":\"Vin\u00edcius Yamada\"},\"description\":\"Publisher, publicit\u00e1rio, etc. || S\u00e3o Paulo, SP || vinicius@gay.blog.br\",\"sameAs\":[\"https:\\\/\\\/facebook.com\\\/viniciusyamada\",\"http:\\\/\\\/instagram.com\\\/viniciusyamada\",\"https:\\\/\\\/www.linkedin.com\\\/in\\\/viniciusyamada\\\/\",\"https:\\\/\\\/x.com\\\/https:\\\/\\\/twitter.com\\\/viniciusyamada\",\"http:\\\/\\\/bit.ly\\\/wikipediavinicius\"],\"url\":\"https:\\\/\\\/gay.blog.br\\\/es\\\/author\\\/viniciusyamada\\\/\"}]}<\/script>\n<!-- \/ Yoast SEO plugin. -->","yoast_head_json":{"title":"La Muestra de Cine Israel\u00ed se estrena en el Sesc Digital con pel\u00edculas LGBT","description":"Entre las obras m\u00e1s destacadas est\u00e1n \"Subalquiler\", que cuenta la historia de un escritor americano que llega al pa\u00eds para escribir sobre Israel y subalquila el piso de un joven israel\u00ed, y \" Laila en Haifa \", in\u00e9dita en Brasil","robots":{"index":"index","follow":"follow","max-snippet":"max-snippet:-1","max-image-preview":"max-image-preview:large","max-video-preview":"max-video-preview:-1"},"canonical":"https:\/\/gay.blog.br\/es\/cultura-es\/peliculas-tv-y-series\/la-muestra-de-cine-israeli-se-estrena-en-el-sesc-digital-con-peliculas-lgbt\/","og_locale":"es_ES","og_type":"article","og_title":"La Muestra de Cine Israel\u00ed se estrena en el Sesc Digital con pel\u00edculas LGBT","og_description":"Entre las obras m\u00e1s destacadas est\u00e1n \"Subalquiler\", que cuenta la historia de un escritor americano que llega al pa\u00eds para escribir sobre Israel y subalquila el piso de un joven israel\u00ed, y \" Laila en Haifa \", in\u00e9dita en Brasil","og_url":"https:\/\/gay.blog.br\/es\/cultura-es\/peliculas-tv-y-series\/la-muestra-de-cine-israeli-se-estrena-en-el-sesc-digital-con-peliculas-lgbt\/","og_site_name":"GAY BLOG BR @gayblogbr","article_publisher":"https:\/\/facebook.com\/gayblogbr","article_author":"https:\/\/facebook.com\/viniciusyamada","article_published_time":"2022-06-21T14:38:33+00:00","article_modified_time":"2022-06-30T01:38:34+00:00","og_image":[{"width":925,"height":614,"url":"https:\/\/gay.blog.br\/wp-content\/uploads\/2022\/06\/Sublet-2-John-Benjamin-Hickey-Niv-Nissim.-.jpg","type":"image\/jpeg"}],"author":"Vin\u00edcius Yamada","twitter_card":"summary_large_image","twitter_creator":"@https:\/\/twitter.com\/viniciusyamada","twitter_site":"@gayblogbr","twitter_misc":{"Escrito por":"Vin\u00edcius Yamada","Tiempo de lectura":"6 minutos"},"schema":{"@context":"https:\/\/schema.org","@graph":[{"@type":"Article","@id":"https:\/\/gay.blog.br\/es\/cultura-es\/peliculas-tv-y-series\/la-muestra-de-cine-israeli-se-estrena-en-el-sesc-digital-con-peliculas-lgbt\/#article","isPartOf":{"@id":"https:\/\/gay.blog.br\/es\/cultura-es\/peliculas-tv-y-series\/la-muestra-de-cine-israeli-se-estrena-en-el-sesc-digital-con-peliculas-lgbt\/"},"author":{"name":"Vin\u00edcius Yamada","@id":"https:\/\/gay.blog.br\/es\/#\/schema\/person\/b5e9a5ea034d71884e0fad6a1b88441f"},"headline":"La Muestra de Cine Israel\u00ed se estrena en el Sesc Digital con pel\u00edculas LGBT","datePublished":"2022-06-21T14:38:33+00:00","dateModified":"2022-06-30T01:38:34+00:00","mainEntityOfPage":{"@id":"https:\/\/gay.blog.br\/es\/cultura-es\/peliculas-tv-y-series\/la-muestra-de-cine-israeli-se-estrena-en-el-sesc-digital-con-peliculas-lgbt\/"},"wordCount":1203,"commentCount":0,"publisher":{"@id":"https:\/\/gay.blog.br\/es\/#organization"},"image":{"@id":"https:\/\/gay.blog.br\/es\/cultura-es\/peliculas-tv-y-series\/la-muestra-de-cine-israeli-se-estrena-en-el-sesc-digital-con-peliculas-lgbt\/#primaryimage"},"thumbnailUrl":"https:\/\/i0.wp.com\/gay.blog.br\/wp-content\/uploads\/2022\/06\/Sublet-2-John-Benjamin-Hickey-Niv-Nissim.-.jpg?fit=925%2C614&ssl=1","keywords":["Eytan Fox","GAY","israel\u00ed","muestra","pel\u00edculas"],"articleSection":["PEL\u00cdCULAS, TV y SERIES"],"inLanguage":"es","potentialAction":[{"@type":"CommentAction","name":"Comment","target":["https:\/\/gay.blog.br\/es\/cultura-es\/peliculas-tv-y-series\/la-muestra-de-cine-israeli-se-estrena-en-el-sesc-digital-con-peliculas-lgbt\/#respond"]}]},{"@type":"WebPage","@id":"https:\/\/gay.blog.br\/es\/cultura-es\/peliculas-tv-y-series\/la-muestra-de-cine-israeli-se-estrena-en-el-sesc-digital-con-peliculas-lgbt\/","url":"https:\/\/gay.blog.br\/es\/cultura-es\/peliculas-tv-y-series\/la-muestra-de-cine-israeli-se-estrena-en-el-sesc-digital-con-peliculas-lgbt\/","name":"La Muestra de Cine Israel\u00ed se estrena en el Sesc Digital con pel\u00edculas LGBT","isPartOf":{"@id":"https:\/\/gay.blog.br\/es\/#website"},"primaryImageOfPage":{"@id":"https:\/\/gay.blog.br\/es\/cultura-es\/peliculas-tv-y-series\/la-muestra-de-cine-israeli-se-estrena-en-el-sesc-digital-con-peliculas-lgbt\/#primaryimage"},"image":{"@id":"https:\/\/gay.blog.br\/es\/cultura-es\/peliculas-tv-y-series\/la-muestra-de-cine-israeli-se-estrena-en-el-sesc-digital-con-peliculas-lgbt\/#primaryimage"},"thumbnailUrl":"https:\/\/i0.wp.com\/gay.blog.br\/wp-content\/uploads\/2022\/06\/Sublet-2-John-Benjamin-Hickey-Niv-Nissim.-.jpg?fit=925%2C614&ssl=1","datePublished":"2022-06-21T14:38:33+00:00","dateModified":"2022-06-30T01:38:34+00:00","description":"Entre las obras m\u00e1s destacadas est\u00e1n \"Subalquiler\", que cuenta la historia de un escritor americano que llega al pa\u00eds para escribir sobre Israel y subalquila el piso de un joven israel\u00ed, y \" Laila en Haifa \", in\u00e9dita en Brasil","breadcrumb":{"@id":"https:\/\/gay.blog.br\/es\/cultura-es\/peliculas-tv-y-series\/la-muestra-de-cine-israeli-se-estrena-en-el-sesc-digital-con-peliculas-lgbt\/#breadcrumb"},"inLanguage":"es","potentialAction":[{"@type":"ReadAction","target":["https:\/\/gay.blog.br\/es\/cultura-es\/peliculas-tv-y-series\/la-muestra-de-cine-israeli-se-estrena-en-el-sesc-digital-con-peliculas-lgbt\/"]}]},{"@type":"ImageObject","inLanguage":"es","@id":"https:\/\/gay.blog.br\/es\/cultura-es\/peliculas-tv-y-series\/la-muestra-de-cine-israeli-se-estrena-en-el-sesc-digital-con-peliculas-lgbt\/#primaryimage","url":"https:\/\/i0.wp.com\/gay.blog.br\/wp-content\/uploads\/2022\/06\/Sublet-2-John-Benjamin-Hickey-Niv-Nissim.-.jpg?fit=925%2C614&ssl=1","contentUrl":"https:\/\/i0.wp.com\/gay.blog.br\/wp-content\/uploads\/2022\/06\/Sublet-2-John-Benjamin-Hickey-Niv-Nissim.-.jpg?fit=925%2C614&ssl=1","width":925,"height":614,"caption":"Cena de \"Subloca\u00e7\u00e3o\" - Divulga\u00e7\u00e3o"},{"@type":"BreadcrumbList","@id":"https:\/\/gay.blog.br\/es\/cultura-es\/peliculas-tv-y-series\/la-muestra-de-cine-israeli-se-estrena-en-el-sesc-digital-con-peliculas-lgbt\/#breadcrumb","itemListElement":[{"@type":"ListItem","position":1,"name":"In\u00edcio","item":"https:\/\/gay.blog.br\/es\/"},{"@type":"ListItem","position":2,"name":"La Muestra de Cine Israel\u00ed se estrena en el Sesc Digital con pel\u00edculas LGBT"}]},{"@type":"WebSite","@id":"https:\/\/gay.blog.br\/es\/#website","url":"https:\/\/gay.blog.br\/es\/","name":"GAY BLOG BR @gayblogbr","description":"Not\u00edcias que empoderam e\/ou entret\u00eam s\u00e3o especialidades da casa","publisher":{"@id":"https:\/\/gay.blog.br\/es\/#organization"},"potentialAction":[{"@type":"SearchAction","target":{"@type":"EntryPoint","urlTemplate":"https:\/\/gay.blog.br\/es\/?s={search_term_string}"},"query-input":{"@type":"PropertyValueSpecification","valueRequired":true,"valueName":"search_term_string"}}],"inLanguage":"es"},{"@type":"Organization","@id":"https:\/\/gay.blog.br\/es\/#organization","name":"GAY BLOG BR","url":"https:\/\/gay.blog.br\/es\/","logo":{"@type":"ImageObject","inLanguage":"es","@id":"https:\/\/gay.blog.br\/es\/#\/schema\/logo\/image\/","url":"https:\/\/i0.wp.com\/gay.blog.br\/wp-content\/uploads\/2023\/08\/gay180px.png?fit=272%2C90&ssl=1","contentUrl":"https:\/\/i0.wp.com\/gay.blog.br\/wp-content\/uploads\/2023\/08\/gay180px.png?fit=272%2C90&ssl=1","width":272,"height":90,"caption":"GAY BLOG BR"},"image":{"@id":"https:\/\/gay.blog.br\/es\/#\/schema\/logo\/image\/"},"sameAs":["https:\/\/facebook.com\/gayblogbr","https:\/\/x.com\/gayblogbr","https:\/\/instagram.com\/gayblogbr","https:\/\/www.linkedin.com\/company\/gayblogbr\/","https:\/\/br.pinterest.com\/gayblogbr\/","https:\/\/www.youtube.com\/channel\/UCdEu3JXLOB-wvWAVUF4AIiA","https:\/\/pt.wikipedia.org\/wiki\/Gay_Blog_Br","https:\/\/www.threads.net\/@gayblogbr"]},{"@type":"Person","@id":"https:\/\/gay.blog.br\/es\/#\/schema\/person\/b5e9a5ea034d71884e0fad6a1b88441f","name":"Vin\u00edcius Yamada","image":{"@type":"ImageObject","inLanguage":"es","@id":"https:\/\/secure.gravatar.com\/avatar\/4e6e965377c26e00a730314d7a607d7a55699e5c31ecae3fd9c1033f105cf6df?s=96&d=mm&r=g","url":"https:\/\/secure.gravatar.com\/avatar\/4e6e965377c26e00a730314d7a607d7a55699e5c31ecae3fd9c1033f105cf6df?s=96&d=mm&r=g","contentUrl":"https:\/\/secure.gravatar.com\/avatar\/4e6e965377c26e00a730314d7a607d7a55699e5c31ecae3fd9c1033f105cf6df?s=96&d=mm&r=g","caption":"Vin\u00edcius Yamada"},"description":"Publisher, publicit\u00e1rio, etc. || S\u00e3o Paulo, SP || vinicius@gay.blog.br","sameAs":["https:\/\/facebook.com\/viniciusyamada","http:\/\/instagram.com\/viniciusyamada","https:\/\/www.linkedin.com\/in\/viniciusyamada\/","https:\/\/x.com\/https:\/\/twitter.com\/viniciusyamada","http:\/\/bit.ly\/wikipediavinicius"],"url":"https:\/\/gay.blog.br\/es\/author\/viniciusyamada\/"}]}},"jetpack_publicize_connections":[],"jetpack_featured_media_url":"https:\/\/i0.wp.com\/gay.blog.br\/wp-content\/uploads\/2022\/06\/Sublet-2-John-Benjamin-Hickey-Niv-Nissim.-.jpg?fit=925%2C614&ssl=1","jetpack_sharing_enabled":true,"jetpack_shortlink":"https:\/\/wp.me\/p6klkK-Iap","jetpack_likes_enabled":false,"amp_enabled":true,"_links":{"self":[{"href":"https:\/\/gay.blog.br\/es\/wp-json\/wp\/v2\/posts\/169781","targetHints":{"allow":["GET"]}}],"collection":[{"href":"https:\/\/gay.blog.br\/es\/wp-json\/wp\/v2\/posts"}],"about":[{"href":"https:\/\/gay.blog.br\/es\/wp-json\/wp\/v2\/types\/post"}],"author":[{"embeddable":true,"href":"https:\/\/gay.blog.br\/es\/wp-json\/wp\/v2\/users\/3"}],"replies":[{"embeddable":true,"href":"https:\/\/gay.blog.br\/es\/wp-json\/wp\/v2\/comments?post=169781"}],"version-history":[{"count":2,"href":"https:\/\/gay.blog.br\/es\/wp-json\/wp\/v2\/posts\/169781\/revisions"}],"predecessor-version":[{"id":169788,"href":"https:\/\/gay.blog.br\/es\/wp-json\/wp\/v2\/posts\/169781\/revisions\/169788"}],"wp:featuredmedia":[{"embeddable":true,"href":"https:\/\/gay.blog.br\/es\/wp-json\/wp\/v2\/media\/168464"}],"wp:attachment":[{"href":"https:\/\/gay.blog.br\/es\/wp-json\/wp\/v2\/media?parent=169781"}],"wp:term":[{"taxonomy":"category","embeddable":true,"href":"https:\/\/gay.blog.br\/es\/wp-json\/wp\/v2\/categories?post=169781"},{"taxonomy":"post_tag","embeddable":true,"href":"https:\/\/gay.blog.br\/es\/wp-json\/wp\/v2\/tags?post=169781"}],"curies":[{"name":"wp","href":"https:\/\/api.w.org\/{rel}","templated":true}]}}