{"id":171174,"date":"2022-07-05T17:49:05","date_gmt":"2022-07-05T20:49:05","guid":{"rendered":"https:\/\/gay.blog.br\/?p=171174"},"modified":"2022-07-19T17:15:29","modified_gmt":"2022-07-19T20:15:29","slug":"brasil-es-el-primer-pais-de-america-latina-que-recibe-el-container-arco-iris-de-maersk","status":"publish","type":"post","link":"https:\/\/gay.blog.br\/es\/noticias-es\/brasil-es-el-primer-pais-de-america-latina-que-recibe-el-container-arco-iris-de-maersk\/","title":{"rendered":"Brasil es el primer pa\u00eds de Am\u00e9rica Latina que recibe el container arco iris de Maersk"},"content":{"rendered":"<p style=\"text-align: justify;\"><span style=\"font-weight: 400;\">El 1 de julio, el container arco iris de<\/span> <a href=\"https:\/\/gay.blog.br\/?s=maersk\"><b>Maersk<\/b><\/a>, <span style=\"font-weight: 400;\">s\u00edmbolo de inclusi\u00f3n y diversidad, aterriz\u00f3 en la terminal de<\/span> <b>Santos Brasil<\/b> <span style=\"font-weight: 400;\">y se expondr\u00e1 en<\/span> <b>San Pablo<\/b><span style=\"font-weight: 400;\"> hasta el pr\u00f3ximo domingo (10). Brasil es el primer pa\u00eds de Am\u00e9rica Latina en recibir la iniciativa que tiene el prop\u00f3sito de apoyar, respetar y valorar las diferencias, nutriendo un ambiente de trabajo cada vez m\u00e1s conectado con la diversidad y la inclusi\u00f3n.<\/span><\/p>\n<figure id=\"attachment_170481\" aria-describedby=\"caption-attachment-170481\" style=\"width: 1280px\" class=\"wp-caption aligncenter\"><a href=\"http:\/\/instagram.com\/gayblogbr\"><img data-recalc-dims=\"1\" loading=\"lazy\" decoding=\"async\" class=\"size-full wp-image-170481\" src=\"https:\/\/i0.wp.com\/gay.blog.br\/wp-content\/uploads\/2022\/07\/WhatsApp-Image-2022-07-05-at-15.57.12.jpeg?resize=696%2C642&#038;ssl=1\" alt=\"\" width=\"696\" height=\"642\" \/><\/a><figcaption id=\"caption-attachment-170481\" class=\"wp-caption-text\">(Foto: Reproducci\u00f3n)<\/figcaption><\/figure>\n<p style=\"text-align: justify;\"><span style=\"font-weight: 400;\">El container arco iris estaba estacionado en la<\/span> <b>Plaza Mau\u00e1<\/b><span style=\"font-weight: 400;\"> hasta este martes (5) y dej\u00f3 el lugar hist\u00f3rico y tur\u00edstico a\u00fan m\u00e1s vistoso. Ya desde este mi\u00e9rcoles (6), los empleados de Maersk tendr\u00e1n la oportunidad de ver y firmar con su propio nombre en la unidad que estar\u00e1 frente a la sede de Maersk en la Zona Sur, en San Pablo. El \u00faltimo d\u00eda de la exposici\u00f3n en Brasil ser\u00e1 en la <\/span><b>Avenida Paulista<\/b><span style=\"font-weight: 400;\">, con la participaci\u00f3n de DJ.<\/span><\/p>\n<p style=\"text-align: justify;\"><span style=\"font-weight: 400;\">\u00ab<\/span><i><span style=\"font-weight: 400;\">Me alegro de que Maersk apoye la causa en un pa\u00eds tan variado, diverso e inclusivo, pero que a\u00fan debe afrontar sus problemas con la comunidad LGBTQIA+. La representatividad de tener la bandera en nuestros containers y la grandeza de esta acci\u00f3n para empleados y clientes, es enorme y nos aporta la visibilidad que queremos: grande y resistente<\/span><\/i><span style=\"font-weight: 400;\">\u201d,dijo<\/span> <b>Felipe Abreu<\/b>, <span style=\"font-weight: 400;\">ejecutivo Comercial de Sealand y l\u00edder del Comit\u00e9 de Diversidad en la Costa Este de Am\u00e9rica Latina de A.P. Moller &#8211; Maersk.<\/span><\/p>\n<figure id=\"attachment_170478\" aria-describedby=\"caption-attachment-170478\" style=\"width: 1280px\" class=\"wp-caption aligncenter\"><a href=\"http:\/\/instagram.com\/gayblogbr\"><img data-recalc-dims=\"1\" loading=\"lazy\" decoding=\"async\" class=\"size-full wp-image-170478\" src=\"https:\/\/i0.wp.com\/gay.blog.br\/wp-content\/uploads\/2022\/07\/WhatsApp-Image-2022-07-05-at-15.57.12-1.jpeg?resize=696%2C391&#038;ssl=1\" alt=\"\" width=\"696\" height=\"391\" srcset=\"https:\/\/i0.wp.com\/gay.blog.br\/wp-content\/uploads\/2022\/07\/WhatsApp-Image-2022-07-05-at-15.57.12-1.jpeg?w=1280&amp;ssl=1 1280w, https:\/\/i0.wp.com\/gay.blog.br\/wp-content\/uploads\/2022\/07\/WhatsApp-Image-2022-07-05-at-15.57.12-1.jpeg?resize=300%2C169&amp;ssl=1 300w, https:\/\/i0.wp.com\/gay.blog.br\/wp-content\/uploads\/2022\/07\/WhatsApp-Image-2022-07-05-at-15.57.12-1.jpeg?resize=1024%2C575&amp;ssl=1 1024w, https:\/\/i0.wp.com\/gay.blog.br\/wp-content\/uploads\/2022\/07\/WhatsApp-Image-2022-07-05-at-15.57.12-1.jpeg?resize=150%2C84&amp;ssl=1 150w, https:\/\/i0.wp.com\/gay.blog.br\/wp-content\/uploads\/2022\/07\/WhatsApp-Image-2022-07-05-at-15.57.12-1.jpeg?resize=768%2C431&amp;ssl=1 768w, https:\/\/i0.wp.com\/gay.blog.br\/wp-content\/uploads\/2022\/07\/WhatsApp-Image-2022-07-05-at-15.57.12-1.jpeg?resize=696%2C391&amp;ssl=1 696w, https:\/\/i0.wp.com\/gay.blog.br\/wp-content\/uploads\/2022\/07\/WhatsApp-Image-2022-07-05-at-15.57.12-1.jpeg?resize=1068%2C600&amp;ssl=1 1068w, https:\/\/i0.wp.com\/gay.blog.br\/wp-content\/uploads\/2022\/07\/WhatsApp-Image-2022-07-05-at-15.57.12-1.jpeg?resize=748%2C420&amp;ssl=1 748w\" sizes=\"auto, (max-width: 696px) 100vw, 696px\" \/><\/a><figcaption id=\"caption-attachment-170478\" class=\"wp-caption-text\">(Foto: Reproducci\u00f3n)<\/figcaption><\/figure>\n<p style=\"text-align: justify;\"><span style=\"font-weight: 400;\">\u201c<\/span><i><span style=\"font-weight: 400;\">Estoy muy orgullosa de dar la bienvenida a nuestro emblem\u00e1tico container arco iris por primera vez en Brasil. La diversidad aporta puntos de vista y perspectivas diferenciadas que nos ayudan a crear soluciones innovadoras que apoyan nuestro prop\u00f3sito como empresa de mejorar la vida de todos integrando el mundo.\u00bb<\/span><\/i><span style=\"font-weight: 400;\">a\u00f1ade<\/span> <b>Karin Sch\u00f6ner<\/b>, <span style=\"font-weight: 400;\">Directora General de A.P. Moller-Maersk en la costa este de Am\u00e9rica Latina.<\/span><\/p>\n<p style=\"text-align: justify;\"><span style=\"font-weight: 400;\">Los<\/span><span style=\"font-weight: 400;\">s dos primeros containers con los colores del arco iris de Maersk fueron pintados en julio de 2020, para incorporarse a la flota de la empresa. En 2021, se embarcaron en su primera gira mundial, pasando por Asia, Europa, terminando la gira en Dinamarca para el <strong>Copenhagen Pride 2021<\/strong>. <\/span><span style=\"font-weight: 400;\">En 2022, otras 15 unidades habr\u00e1n ganado los colores de la campa\u00f1a de inclusi\u00f3n de la diversidad.<\/span><\/p>\n<figure id=\"attachment_170475\" aria-describedby=\"caption-attachment-170475\" style=\"width: 1280px\" class=\"wp-caption aligncenter\"><a href=\"http:\/\/instagram.com\/gayblogbr\"><img data-recalc-dims=\"1\" loading=\"lazy\" decoding=\"async\" class=\"size-full wp-image-170475\" src=\"https:\/\/i0.wp.com\/gay.blog.br\/wp-content\/uploads\/2022\/07\/WhatsApp-Image-2022-07-05-at-15.57.12-2.jpeg?resize=696%2C464&#038;ssl=1\" alt=\"\" width=\"696\" height=\"464\" \/><\/a><figcaption id=\"caption-attachment-170475\" class=\"wp-caption-text\">(Foto: Reproducci\u00f3n)<\/figcaption><\/figure>\n<h3 style=\"text-align: justify;\"><b>Servicio<\/b><\/h3>\n<p style=\"text-align: justify;\"><em><b>Exposici\u00f3n del Container Arco Iris de A.P. Moller &#8211; Maersk en SP<\/b><\/em><\/p>\n<p style=\"text-align: justify;\"><b>06 al 09 de julio: <\/b><span style=\"font-weight: 400;\">Sede de Maersk, SP &#8211; Calle Verbo Divino, 1547<br \/>\n<\/span><b>10 de julio:<\/b><span style=\"font-weight: 400;\"> A partir de las 10 horas en la Avenida Paulista, 1373<\/span><\/p>\n","protected":false},"excerpt":{"rendered":"<p>El container arco iris de Maersk estar\u00e1 expuesto en San Pablo hasta el pr\u00f3ximo domingo (10)<\/p>\n","protected":false},"author":3549,"featured_media":170488,"comment_status":"open","ping_status":"open","sticky":false,"template":"","format":"standard","meta":{"googlesitekit_rrm_CAoiEBg-BXrJeACjO8p49SE4kTY:productID":"","tdm_status":"","tdm_grid_status":"","_jetpack_newsletter_access":"","_jetpack_dont_email_post_to_subs":false,"_jetpack_newsletter_tier_id":0,"_jetpack_memberships_contains_paywalled_content":false,"_jetpack_memberships_contains_paid_content":false,"footnotes":"","jetpack_publicize_message":"Brasil es el primer pa\u00eds de Am\u00e9rica Latina que recibe el container arco iris de Maersk","jetpack_publicize_feature_enabled":true,"jetpack_social_post_already_shared":true,"jetpack_social_options":{"image_generator_settings":{"template":"highway","default_image_id":0,"font":"","enabled":false},"version":2},"_wpas_customize_per_network":false,"jetpack_post_was_ever_published":false},"categories":[589932231],"tags":[589943342],"class_list":{"0":"post-171174","1":"post","2":"type-post","3":"status-publish","4":"format-standard","5":"has-post-thumbnail","7":"category-noticias-es","8":"tag-maersk-es"},"yoast_head":"<!-- This site is optimized with the Yoast SEO plugin v27.5 - https:\/\/yoast.com\/product\/yoast-seo-wordpress\/ -->\n<title>Brasil es el primer pa\u00eds de Am\u00e9rica Latina que recibe el container arco iris de Maersk<\/title>\n<meta name=\"description\" content=\"El container arco iris de Maersk estar\u00e1 expuesto en San Pablo hasta el pr\u00f3ximo domingo (10)\" \/>\n<meta name=\"robots\" content=\"index, follow, max-snippet:-1, max-image-preview:large, max-video-preview:-1\" \/>\n<link rel=\"canonical\" href=\"https:\/\/gay.blog.br\/es\/noticias-es\/brasil-es-el-primer-pais-de-america-latina-que-recibe-el-container-arco-iris-de-maersk\/\" \/>\n<meta property=\"og:locale\" content=\"es_ES\" \/>\n<meta property=\"og:type\" content=\"article\" \/>\n<meta property=\"og:title\" content=\"Brasil es el primer pa\u00eds de Am\u00e9rica Latina que recibe el container arco iris de Maersk\" \/>\n<meta property=\"og:description\" content=\"El container arco iris de Maersk estar\u00e1 expuesto en San Pablo hasta el pr\u00f3ximo domingo (10)\" \/>\n<meta property=\"og:url\" content=\"https:\/\/gay.blog.br\/es\/noticias-es\/brasil-es-el-primer-pais-de-america-latina-que-recibe-el-container-arco-iris-de-maersk\/\" \/>\n<meta property=\"og:site_name\" content=\"GAY BLOG BR @gayblogbr\" \/>\n<meta property=\"article:publisher\" content=\"https:\/\/facebook.com\/gayblogbr\" \/>\n<meta property=\"article:published_time\" content=\"2022-07-05T20:49:05+00:00\" \/>\n<meta property=\"article:modified_time\" content=\"2022-07-19T20:15:29+00:00\" \/>\n<meta property=\"og:image\" content=\"https:\/\/gay.blog.br\/wp-content\/uploads\/2022\/07\/WhatsApp-Image-2022-07-05-at-17.44.59.jpeg\" \/>\n\t<meta property=\"og:image:width\" content=\"1280\" \/>\n\t<meta property=\"og:image:height\" content=\"740\" \/>\n\t<meta property=\"og:image:type\" content=\"image\/jpeg\" \/>\n<meta name=\"author\" content=\"Deivid Pazatto\" \/>\n<meta name=\"twitter:card\" content=\"summary_large_image\" \/>\n<meta name=\"twitter:creator\" content=\"@gayblogbr\" \/>\n<meta name=\"twitter:site\" content=\"@gayblogbr\" \/>\n<meta name=\"twitter:label1\" content=\"Escrito por\" \/>\n\t<meta name=\"twitter:data1\" content=\"Deivid Pazatto\" \/>\n\t<meta name=\"twitter:label2\" content=\"Tiempo de lectura\" \/>\n\t<meta name=\"twitter:data2\" content=\"3 minutos\" \/>\n<script type=\"application\/ld+json\" class=\"yoast-schema-graph\">{\"@context\":\"https:\\\/\\\/schema.org\",\"@graph\":[{\"@type\":\"Article\",\"@id\":\"https:\\\/\\\/gay.blog.br\\\/es\\\/noticias-es\\\/brasil-es-el-primer-pais-de-america-latina-que-recibe-el-container-arco-iris-de-maersk\\\/#article\",\"isPartOf\":{\"@id\":\"https:\\\/\\\/gay.blog.br\\\/es\\\/noticias-es\\\/brasil-es-el-primer-pais-de-america-latina-que-recibe-el-container-arco-iris-de-maersk\\\/\"},\"author\":{\"name\":\"Deivid Pazatto\",\"@id\":\"https:\\\/\\\/gay.blog.br\\\/es\\\/#\\\/schema\\\/person\\\/03d1eb656e2ee43a49b0a80aff06cbbc\"},\"headline\":\"Brasil es el primer pa\u00eds de Am\u00e9rica Latina que recibe el container arco iris de Maersk\",\"datePublished\":\"2022-07-05T20:49:05+00:00\",\"dateModified\":\"2022-07-19T20:15:29+00:00\",\"mainEntityOfPage\":{\"@id\":\"https:\\\/\\\/gay.blog.br\\\/es\\\/noticias-es\\\/brasil-es-el-primer-pais-de-america-latina-que-recibe-el-container-arco-iris-de-maersk\\\/\"},\"wordCount\":473,\"commentCount\":0,\"publisher\":{\"@id\":\"https:\\\/\\\/gay.blog.br\\\/es\\\/#organization\"},\"image\":{\"@id\":\"https:\\\/\\\/gay.blog.br\\\/es\\\/noticias-es\\\/brasil-es-el-primer-pais-de-america-latina-que-recibe-el-container-arco-iris-de-maersk\\\/#primaryimage\"},\"thumbnailUrl\":\"https:\\\/\\\/i0.wp.com\\\/gay.blog.br\\\/wp-content\\\/uploads\\\/2022\\\/07\\\/WhatsApp-Image-2022-07-05-at-17.44.59.jpeg?fit=1280%2C740&ssl=1\",\"keywords\":[\"maersk\"],\"articleSection\":[\"NOT\u00cdCIAS\"],\"inLanguage\":\"es\",\"potentialAction\":[{\"@type\":\"CommentAction\",\"name\":\"Comment\",\"target\":[\"https:\\\/\\\/gay.blog.br\\\/es\\\/noticias-es\\\/brasil-es-el-primer-pais-de-america-latina-que-recibe-el-container-arco-iris-de-maersk\\\/#respond\"]}]},{\"@type\":\"WebPage\",\"@id\":\"https:\\\/\\\/gay.blog.br\\\/es\\\/noticias-es\\\/brasil-es-el-primer-pais-de-america-latina-que-recibe-el-container-arco-iris-de-maersk\\\/\",\"url\":\"https:\\\/\\\/gay.blog.br\\\/es\\\/noticias-es\\\/brasil-es-el-primer-pais-de-america-latina-que-recibe-el-container-arco-iris-de-maersk\\\/\",\"name\":\"Brasil es el primer pa\u00eds de Am\u00e9rica Latina que recibe el container arco iris de Maersk\",\"isPartOf\":{\"@id\":\"https:\\\/\\\/gay.blog.br\\\/es\\\/#website\"},\"primaryImageOfPage\":{\"@id\":\"https:\\\/\\\/gay.blog.br\\\/es\\\/noticias-es\\\/brasil-es-el-primer-pais-de-america-latina-que-recibe-el-container-arco-iris-de-maersk\\\/#primaryimage\"},\"image\":{\"@id\":\"https:\\\/\\\/gay.blog.br\\\/es\\\/noticias-es\\\/brasil-es-el-primer-pais-de-america-latina-que-recibe-el-container-arco-iris-de-maersk\\\/#primaryimage\"},\"thumbnailUrl\":\"https:\\\/\\\/i0.wp.com\\\/gay.blog.br\\\/wp-content\\\/uploads\\\/2022\\\/07\\\/WhatsApp-Image-2022-07-05-at-17.44.59.jpeg?fit=1280%2C740&ssl=1\",\"datePublished\":\"2022-07-05T20:49:05+00:00\",\"dateModified\":\"2022-07-19T20:15:29+00:00\",\"description\":\"El container arco iris de Maersk estar\u00e1 expuesto en San Pablo hasta el pr\u00f3ximo domingo (10)\",\"breadcrumb\":{\"@id\":\"https:\\\/\\\/gay.blog.br\\\/es\\\/noticias-es\\\/brasil-es-el-primer-pais-de-america-latina-que-recibe-el-container-arco-iris-de-maersk\\\/#breadcrumb\"},\"inLanguage\":\"es\",\"potentialAction\":[{\"@type\":\"ReadAction\",\"target\":[\"https:\\\/\\\/gay.blog.br\\\/es\\\/noticias-es\\\/brasil-es-el-primer-pais-de-america-latina-que-recibe-el-container-arco-iris-de-maersk\\\/\"]}]},{\"@type\":\"ImageObject\",\"inLanguage\":\"es\",\"@id\":\"https:\\\/\\\/gay.blog.br\\\/es\\\/noticias-es\\\/brasil-es-el-primer-pais-de-america-latina-que-recibe-el-container-arco-iris-de-maersk\\\/#primaryimage\",\"url\":\"https:\\\/\\\/i0.wp.com\\\/gay.blog.br\\\/wp-content\\\/uploads\\\/2022\\\/07\\\/WhatsApp-Image-2022-07-05-at-17.44.59.jpeg?fit=1280%2C740&ssl=1\",\"contentUrl\":\"https:\\\/\\\/i0.wp.com\\\/gay.blog.br\\\/wp-content\\\/uploads\\\/2022\\\/07\\\/WhatsApp-Image-2022-07-05-at-17.44.59.jpeg?fit=1280%2C740&ssl=1\",\"width\":1280,\"height\":740},{\"@type\":\"BreadcrumbList\",\"@id\":\"https:\\\/\\\/gay.blog.br\\\/es\\\/noticias-es\\\/brasil-es-el-primer-pais-de-america-latina-que-recibe-el-container-arco-iris-de-maersk\\\/#breadcrumb\",\"itemListElement\":[{\"@type\":\"ListItem\",\"position\":1,\"name\":\"In\u00edcio\",\"item\":\"https:\\\/\\\/gay.blog.br\\\/es\\\/\"},{\"@type\":\"ListItem\",\"position\":2,\"name\":\"Brasil es el primer pa\u00eds de Am\u00e9rica Latina que recibe el container arco iris de Maersk\"}]},{\"@type\":\"WebSite\",\"@id\":\"https:\\\/\\\/gay.blog.br\\\/es\\\/#website\",\"url\":\"https:\\\/\\\/gay.blog.br\\\/es\\\/\",\"name\":\"GAY BLOG BR @gayblogbr\",\"description\":\"Not\u00edcias que empoderam e\\\/ou entret\u00eam s\u00e3o especialidades da casa\",\"publisher\":{\"@id\":\"https:\\\/\\\/gay.blog.br\\\/es\\\/#organization\"},\"potentialAction\":[{\"@type\":\"SearchAction\",\"target\":{\"@type\":\"EntryPoint\",\"urlTemplate\":\"https:\\\/\\\/gay.blog.br\\\/es\\\/?s={search_term_string}\"},\"query-input\":{\"@type\":\"PropertyValueSpecification\",\"valueRequired\":true,\"valueName\":\"search_term_string\"}}],\"inLanguage\":\"es\"},{\"@type\":\"Organization\",\"@id\":\"https:\\\/\\\/gay.blog.br\\\/es\\\/#organization\",\"name\":\"GAY BLOG BR\",\"url\":\"https:\\\/\\\/gay.blog.br\\\/es\\\/\",\"logo\":{\"@type\":\"ImageObject\",\"inLanguage\":\"es\",\"@id\":\"https:\\\/\\\/gay.blog.br\\\/es\\\/#\\\/schema\\\/logo\\\/image\\\/\",\"url\":\"https:\\\/\\\/i0.wp.com\\\/gay.blog.br\\\/wp-content\\\/uploads\\\/2023\\\/08\\\/gay180px.png?fit=272%2C90&ssl=1\",\"contentUrl\":\"https:\\\/\\\/i0.wp.com\\\/gay.blog.br\\\/wp-content\\\/uploads\\\/2023\\\/08\\\/gay180px.png?fit=272%2C90&ssl=1\",\"width\":272,\"height\":90,\"caption\":\"GAY BLOG BR\"},\"image\":{\"@id\":\"https:\\\/\\\/gay.blog.br\\\/es\\\/#\\\/schema\\\/logo\\\/image\\\/\"},\"sameAs\":[\"https:\\\/\\\/facebook.com\\\/gayblogbr\",\"https:\\\/\\\/x.com\\\/gayblogbr\",\"https:\\\/\\\/instagram.com\\\/gayblogbr\",\"https:\\\/\\\/www.linkedin.com\\\/company\\\/gayblogbr\\\/\",\"https:\\\/\\\/br.pinterest.com\\\/gayblogbr\\\/\",\"https:\\\/\\\/www.youtube.com\\\/channel\\\/UCdEu3JXLOB-wvWAVUF4AIiA\",\"https:\\\/\\\/pt.wikipedia.org\\\/wiki\\\/Gay_Blog_Br\",\"https:\\\/\\\/www.threads.net\\\/@gayblogbr\"]},{\"@type\":\"Person\",\"@id\":\"https:\\\/\\\/gay.blog.br\\\/es\\\/#\\\/schema\\\/person\\\/03d1eb656e2ee43a49b0a80aff06cbbc\",\"name\":\"Deivid Pazatto\",\"image\":{\"@type\":\"ImageObject\",\"inLanguage\":\"es\",\"@id\":\"https:\\\/\\\/secure.gravatar.com\\\/avatar\\\/0609f635ccb120e06bb25c76a4a1c7bab8749cc81c3a425fd808f36a4d668fdd?s=96&d=mm&r=g\",\"url\":\"https:\\\/\\\/secure.gravatar.com\\\/avatar\\\/0609f635ccb120e06bb25c76a4a1c7bab8749cc81c3a425fd808f36a4d668fdd?s=96&d=mm&r=g\",\"contentUrl\":\"https:\\\/\\\/secure.gravatar.com\\\/avatar\\\/0609f635ccb120e06bb25c76a4a1c7bab8749cc81c3a425fd808f36a4d668fdd?s=96&d=mm&r=g\",\"caption\":\"Deivid Pazatto\"},\"description\":\"Jornalista ga\u00facho formado na Universidade Franciscana (UFN) e Especialista em Estudos de G\u00eanero pela Universidade Federal de Santa Maria (UFSM)\",\"url\":\"https:\\\/\\\/gay.blog.br\\\/es\\\/author\\\/deividpazatto\\\/\"}]}<\/script>\n<!-- \/ Yoast SEO plugin. -->","yoast_head_json":{"title":"Brasil es el primer pa\u00eds de Am\u00e9rica Latina que recibe el container arco iris de Maersk","description":"El container arco iris de Maersk estar\u00e1 expuesto en San Pablo hasta el pr\u00f3ximo domingo (10)","robots":{"index":"index","follow":"follow","max-snippet":"max-snippet:-1","max-image-preview":"max-image-preview:large","max-video-preview":"max-video-preview:-1"},"canonical":"https:\/\/gay.blog.br\/es\/noticias-es\/brasil-es-el-primer-pais-de-america-latina-que-recibe-el-container-arco-iris-de-maersk\/","og_locale":"es_ES","og_type":"article","og_title":"Brasil es el primer pa\u00eds de Am\u00e9rica Latina que recibe el container arco iris de Maersk","og_description":"El container arco iris de Maersk estar\u00e1 expuesto en San Pablo hasta el pr\u00f3ximo domingo (10)","og_url":"https:\/\/gay.blog.br\/es\/noticias-es\/brasil-es-el-primer-pais-de-america-latina-que-recibe-el-container-arco-iris-de-maersk\/","og_site_name":"GAY BLOG BR @gayblogbr","article_publisher":"https:\/\/facebook.com\/gayblogbr","article_published_time":"2022-07-05T20:49:05+00:00","article_modified_time":"2022-07-19T20:15:29+00:00","og_image":[{"width":1280,"height":740,"url":"https:\/\/gay.blog.br\/wp-content\/uploads\/2022\/07\/WhatsApp-Image-2022-07-05-at-17.44.59.jpeg","type":"image\/jpeg"}],"author":"Deivid Pazatto","twitter_card":"summary_large_image","twitter_creator":"@gayblogbr","twitter_site":"@gayblogbr","twitter_misc":{"Escrito por":"Deivid Pazatto","Tiempo de lectura":"3 minutos"},"schema":{"@context":"https:\/\/schema.org","@graph":[{"@type":"Article","@id":"https:\/\/gay.blog.br\/es\/noticias-es\/brasil-es-el-primer-pais-de-america-latina-que-recibe-el-container-arco-iris-de-maersk\/#article","isPartOf":{"@id":"https:\/\/gay.blog.br\/es\/noticias-es\/brasil-es-el-primer-pais-de-america-latina-que-recibe-el-container-arco-iris-de-maersk\/"},"author":{"name":"Deivid Pazatto","@id":"https:\/\/gay.blog.br\/es\/#\/schema\/person\/03d1eb656e2ee43a49b0a80aff06cbbc"},"headline":"Brasil es el primer pa\u00eds de Am\u00e9rica Latina que recibe el container arco iris de Maersk","datePublished":"2022-07-05T20:49:05+00:00","dateModified":"2022-07-19T20:15:29+00:00","mainEntityOfPage":{"@id":"https:\/\/gay.blog.br\/es\/noticias-es\/brasil-es-el-primer-pais-de-america-latina-que-recibe-el-container-arco-iris-de-maersk\/"},"wordCount":473,"commentCount":0,"publisher":{"@id":"https:\/\/gay.blog.br\/es\/#organization"},"image":{"@id":"https:\/\/gay.blog.br\/es\/noticias-es\/brasil-es-el-primer-pais-de-america-latina-que-recibe-el-container-arco-iris-de-maersk\/#primaryimage"},"thumbnailUrl":"https:\/\/i0.wp.com\/gay.blog.br\/wp-content\/uploads\/2022\/07\/WhatsApp-Image-2022-07-05-at-17.44.59.jpeg?fit=1280%2C740&ssl=1","keywords":["maersk"],"articleSection":["NOT\u00cdCIAS"],"inLanguage":"es","potentialAction":[{"@type":"CommentAction","name":"Comment","target":["https:\/\/gay.blog.br\/es\/noticias-es\/brasil-es-el-primer-pais-de-america-latina-que-recibe-el-container-arco-iris-de-maersk\/#respond"]}]},{"@type":"WebPage","@id":"https:\/\/gay.blog.br\/es\/noticias-es\/brasil-es-el-primer-pais-de-america-latina-que-recibe-el-container-arco-iris-de-maersk\/","url":"https:\/\/gay.blog.br\/es\/noticias-es\/brasil-es-el-primer-pais-de-america-latina-que-recibe-el-container-arco-iris-de-maersk\/","name":"Brasil es el primer pa\u00eds de Am\u00e9rica Latina que recibe el container arco iris de Maersk","isPartOf":{"@id":"https:\/\/gay.blog.br\/es\/#website"},"primaryImageOfPage":{"@id":"https:\/\/gay.blog.br\/es\/noticias-es\/brasil-es-el-primer-pais-de-america-latina-que-recibe-el-container-arco-iris-de-maersk\/#primaryimage"},"image":{"@id":"https:\/\/gay.blog.br\/es\/noticias-es\/brasil-es-el-primer-pais-de-america-latina-que-recibe-el-container-arco-iris-de-maersk\/#primaryimage"},"thumbnailUrl":"https:\/\/i0.wp.com\/gay.blog.br\/wp-content\/uploads\/2022\/07\/WhatsApp-Image-2022-07-05-at-17.44.59.jpeg?fit=1280%2C740&ssl=1","datePublished":"2022-07-05T20:49:05+00:00","dateModified":"2022-07-19T20:15:29+00:00","description":"El container arco iris de Maersk estar\u00e1 expuesto en San Pablo hasta el pr\u00f3ximo domingo (10)","breadcrumb":{"@id":"https:\/\/gay.blog.br\/es\/noticias-es\/brasil-es-el-primer-pais-de-america-latina-que-recibe-el-container-arco-iris-de-maersk\/#breadcrumb"},"inLanguage":"es","potentialAction":[{"@type":"ReadAction","target":["https:\/\/gay.blog.br\/es\/noticias-es\/brasil-es-el-primer-pais-de-america-latina-que-recibe-el-container-arco-iris-de-maersk\/"]}]},{"@type":"ImageObject","inLanguage":"es","@id":"https:\/\/gay.blog.br\/es\/noticias-es\/brasil-es-el-primer-pais-de-america-latina-que-recibe-el-container-arco-iris-de-maersk\/#primaryimage","url":"https:\/\/i0.wp.com\/gay.blog.br\/wp-content\/uploads\/2022\/07\/WhatsApp-Image-2022-07-05-at-17.44.59.jpeg?fit=1280%2C740&ssl=1","contentUrl":"https:\/\/i0.wp.com\/gay.blog.br\/wp-content\/uploads\/2022\/07\/WhatsApp-Image-2022-07-05-at-17.44.59.jpeg?fit=1280%2C740&ssl=1","width":1280,"height":740},{"@type":"BreadcrumbList","@id":"https:\/\/gay.blog.br\/es\/noticias-es\/brasil-es-el-primer-pais-de-america-latina-que-recibe-el-container-arco-iris-de-maersk\/#breadcrumb","itemListElement":[{"@type":"ListItem","position":1,"name":"In\u00edcio","item":"https:\/\/gay.blog.br\/es\/"},{"@type":"ListItem","position":2,"name":"Brasil es el primer pa\u00eds de Am\u00e9rica Latina que recibe el container arco iris de Maersk"}]},{"@type":"WebSite","@id":"https:\/\/gay.blog.br\/es\/#website","url":"https:\/\/gay.blog.br\/es\/","name":"GAY BLOG BR @gayblogbr","description":"Not\u00edcias que empoderam e\/ou entret\u00eam s\u00e3o especialidades da casa","publisher":{"@id":"https:\/\/gay.blog.br\/es\/#organization"},"potentialAction":[{"@type":"SearchAction","target":{"@type":"EntryPoint","urlTemplate":"https:\/\/gay.blog.br\/es\/?s={search_term_string}"},"query-input":{"@type":"PropertyValueSpecification","valueRequired":true,"valueName":"search_term_string"}}],"inLanguage":"es"},{"@type":"Organization","@id":"https:\/\/gay.blog.br\/es\/#organization","name":"GAY BLOG BR","url":"https:\/\/gay.blog.br\/es\/","logo":{"@type":"ImageObject","inLanguage":"es","@id":"https:\/\/gay.blog.br\/es\/#\/schema\/logo\/image\/","url":"https:\/\/i0.wp.com\/gay.blog.br\/wp-content\/uploads\/2023\/08\/gay180px.png?fit=272%2C90&ssl=1","contentUrl":"https:\/\/i0.wp.com\/gay.blog.br\/wp-content\/uploads\/2023\/08\/gay180px.png?fit=272%2C90&ssl=1","width":272,"height":90,"caption":"GAY BLOG BR"},"image":{"@id":"https:\/\/gay.blog.br\/es\/#\/schema\/logo\/image\/"},"sameAs":["https:\/\/facebook.com\/gayblogbr","https:\/\/x.com\/gayblogbr","https:\/\/instagram.com\/gayblogbr","https:\/\/www.linkedin.com\/company\/gayblogbr\/","https:\/\/br.pinterest.com\/gayblogbr\/","https:\/\/www.youtube.com\/channel\/UCdEu3JXLOB-wvWAVUF4AIiA","https:\/\/pt.wikipedia.org\/wiki\/Gay_Blog_Br","https:\/\/www.threads.net\/@gayblogbr"]},{"@type":"Person","@id":"https:\/\/gay.blog.br\/es\/#\/schema\/person\/03d1eb656e2ee43a49b0a80aff06cbbc","name":"Deivid Pazatto","image":{"@type":"ImageObject","inLanguage":"es","@id":"https:\/\/secure.gravatar.com\/avatar\/0609f635ccb120e06bb25c76a4a1c7bab8749cc81c3a425fd808f36a4d668fdd?s=96&d=mm&r=g","url":"https:\/\/secure.gravatar.com\/avatar\/0609f635ccb120e06bb25c76a4a1c7bab8749cc81c3a425fd808f36a4d668fdd?s=96&d=mm&r=g","contentUrl":"https:\/\/secure.gravatar.com\/avatar\/0609f635ccb120e06bb25c76a4a1c7bab8749cc81c3a425fd808f36a4d668fdd?s=96&d=mm&r=g","caption":"Deivid Pazatto"},"description":"Jornalista ga\u00facho formado na Universidade Franciscana (UFN) e Especialista em Estudos de G\u00eanero pela Universidade Federal de Santa Maria (UFSM)","url":"https:\/\/gay.blog.br\/es\/author\/deividpazatto\/"}]}},"jetpack_publicize_connections":[],"jetpack_featured_media_url":"https:\/\/i0.wp.com\/gay.blog.br\/wp-content\/uploads\/2022\/07\/WhatsApp-Image-2022-07-05-at-17.44.59.jpeg?fit=1280%2C740&ssl=1","jetpack_sharing_enabled":true,"jetpack_shortlink":"https:\/\/wp.me\/p6klkK-IwS","jetpack_likes_enabled":false,"amp_enabled":true,"_links":{"self":[{"href":"https:\/\/gay.blog.br\/es\/wp-json\/wp\/v2\/posts\/171174","targetHints":{"allow":["GET"]}}],"collection":[{"href":"https:\/\/gay.blog.br\/es\/wp-json\/wp\/v2\/posts"}],"about":[{"href":"https:\/\/gay.blog.br\/es\/wp-json\/wp\/v2\/types\/post"}],"author":[{"embeddable":true,"href":"https:\/\/gay.blog.br\/es\/wp-json\/wp\/v2\/users\/3549"}],"replies":[{"embeddable":true,"href":"https:\/\/gay.blog.br\/es\/wp-json\/wp\/v2\/comments?post=171174"}],"version-history":[{"count":3,"href":"https:\/\/gay.blog.br\/es\/wp-json\/wp\/v2\/posts\/171174\/revisions"}],"predecessor-version":[{"id":171752,"href":"https:\/\/gay.blog.br\/es\/wp-json\/wp\/v2\/posts\/171174\/revisions\/171752"}],"wp:featuredmedia":[{"embeddable":true,"href":"https:\/\/gay.blog.br\/es\/wp-json\/wp\/v2\/media\/170488"}],"wp:attachment":[{"href":"https:\/\/gay.blog.br\/es\/wp-json\/wp\/v2\/media?parent=171174"}],"wp:term":[{"taxonomy":"category","embeddable":true,"href":"https:\/\/gay.blog.br\/es\/wp-json\/wp\/v2\/categories?post=171174"},{"taxonomy":"post_tag","embeddable":true,"href":"https:\/\/gay.blog.br\/es\/wp-json\/wp\/v2\/tags?post=171174"}],"curies":[{"name":"wp","href":"https:\/\/api.w.org\/{rel}","templated":true}]}}