{"id":171782,"date":"2022-07-11T11:06:08","date_gmt":"2022-07-11T14:06:08","guid":{"rendered":"https:\/\/gay.blog.br\/?p=171782"},"modified":"2022-07-21T12:39:13","modified_gmt":"2022-07-21T15:39:13","slug":"le-pedi-a-dios-que-me-corrigiera-dice-marco-pigossi-sobre-su-homosexualidad","status":"publish","type":"post","link":"https:\/\/gay.blog.br\/es\/gay-es\/le-pedi-a-dios-que-me-corrigiera-dice-marco-pigossi-sobre-su-homosexualidad\/","title":{"rendered":"\u00abLe ped\u00ed a Dios que me corrigiera\u00bb, dice Marco Pigossi sobre su homosexualidad"},"content":{"rendered":"<p style=\"text-align: justify;\"><span style=\"font-weight: 400;\">En noviembre del a\u00f1o pasado, el actor <\/span><a href=\"https:\/\/gay.blog.br\/?s=marco+pigossi\"><b>Marco Pigossi <\/b><\/a> <span style=\"font-weight: 400;\">declar\u00f3 p\u00fablicamente que era gay. Despu\u00e9s de un tiempo, el artista dijo que el proceso de descubrir que era gay estuvo rodeado de soledad y sufrimiento. Adem\u00e1s, declar\u00f3 que en el colegio se escond\u00eda y que con sus padres, por ejemplo, nunca tuvo oportunidad de hablar del tema. <\/span><span style=\"font-weight: 400;\"><br \/>\n<\/span><span style=\"font-weight: 400;\"><br \/>\n<\/span><span style=\"font-weight: 400;\">\u00ab<\/span><i><span style=\"font-weight: 400;\">Rec\u00e9, le ped\u00ed a Dios que me corrigiera. La <\/span><\/i><i><span style=\"font-weight: 400;\">homofobia<\/span><\/i><i><span style=\"font-weight: 400;\"> est\u00e1 tan arraigada que, por mucho que lo asumamos, seguiremos lidiando con los prejuicios internos. Me puse la m\u00e1scara heterosexual, siempre fui observado por la belleza. Hice este car\u00e1cter hetero para esconderme, lo que hizo mi vida m\u00e1s c\u00f3moda<\/span><\/i><span style=\"font-weight: 400;\">\u00ab, dijo en <a href=\"https:\/\/oglobo.globo.com\/cultura\/televisao\/noticia\/2022\/07\/marco-pigossi-a-pessoa-que-se-aceita-e-esta-feliz-com-o-que-e-conhece-uma-forca-enorme.ghtml\">e<\/a><a href=\"https:\/\/oglobo.globo.com\/cultura\/televisao\/noticia\/2022\/07\/marco-pigossi-a-pessoa-que-se-aceita-e-esta-feliz-com-o-que-e-conhece-uma-forca-enorme.ghtml\">ntrevista al peri\u00f3dico<\/a><\/span><i><span style=\"font-weight: 400;\">O Globo<\/span><\/i><span style=\"font-weight: 400;\">.<\/span><\/p>\n<figure id=\"attachment_171035\" aria-describedby=\"caption-attachment-171035\" style=\"width: 829px\" class=\"wp-caption aligncenter\"><a href=\"http:\/\/instagram.com\/gayblogbr\"><img data-recalc-dims=\"1\" loading=\"lazy\" decoding=\"async\" class=\"size-full wp-image-171035\" src=\"https:\/\/i0.wp.com\/gay.blog.br\/wp-content\/uploads\/2022\/07\/WhatsApp-Image-2022-07-11-at-10.58.37-e1657548010742.jpeg?resize=696%2C694&#038;ssl=1\" alt=\"\" width=\"696\" height=\"694\" \/><\/a><figcaption id=\"caption-attachment-171035\" class=\"wp-caption-text\">Marco Pigossi (Foto: G\u00e9rson Lopes)<\/figcaption><\/figure>\n<p style=\"text-align: justify;\"><span style=\"font-weight: 400;\">En la escuela, Pigossi recuerda que no bajaba para ir al patio e incluso se perdi\u00f3 un viaje de graduaci\u00f3n con sus compa\u00f1eros. A pesar de las barreras a las que se enfrent\u00f3 durante este periodo, dice que fue en el teatro donde encontr\u00f3 la \u00absalvaci\u00f3n\u00bb. \u00ab<\/span><i><span style=\"font-weight: 400;\">All\u00ed conoc\u00ed cuerpos gay. Fue un alivio dejar de ser yo. Lo que fue una huida, pero cargada de cultura, del despertar como persona<\/span><\/i><span style=\"font-weight: 400;\">\u00ab, dijo.<\/span><\/p>\n<p style=\"text-align: justify;\"><span style=\"font-weight: 400;\">\u00ab<\/span><i><span style=\"font-weight: 400;\">La persona que se acepta a s\u00ed misma y es feliz con lo que es conoce una fuerza enorme. Se siente capacitado para ocupar espacios. Y el encuentro con la comunidad es una hermosa corriente, nos sentimos fortalecidos, se crea un sentido de comunidad. Porque, en el fondo, lo que m\u00e1s deseamos es pertenecer. Como hombre gay, sent\u00eda que no pertenec\u00eda a ning\u00fan grupo. Todos estos cuerpos pasan por ello. Y cuando empiezan a pertenecer&#8230; \u00a1Es jodidamente impresionante!<\/span><\/i><span style=\"font-weight: 400;\">\u00ab, a\u00f1adi\u00f3.<\/span><\/p>\n<figure id=\"attachment_18290\" aria-describedby=\"caption-attachment-18290\" style=\"width: 673px\" class=\"wp-caption aligncenter\"><img data-recalc-dims=\"1\" loading=\"lazy\" decoding=\"async\" class=\" wp-image-18290\" src=\"https:\/\/i0.wp.com\/gay.blog.br\/wp-content\/uploads\/2018\/11\/Marco-Pigossi-na-GQ-de-outubro.jpg?resize=673%2C506&#038;ssl=1\" alt=\"\" width=\"673\" height=\"506\" srcset=\"https:\/\/i0.wp.com\/gay.blog.br\/wp-content\/uploads\/2018\/11\/Marco-Pigossi-na-GQ-de-outubro.jpg?w=567&amp;ssl=1 567w, https:\/\/i0.wp.com\/gay.blog.br\/wp-content\/uploads\/2018\/11\/Marco-Pigossi-na-GQ-de-outubro.jpg?resize=150%2C113&amp;ssl=1 150w, https:\/\/i0.wp.com\/gay.blog.br\/wp-content\/uploads\/2018\/11\/Marco-Pigossi-na-GQ-de-outubro.jpg?resize=300%2C225&amp;ssl=1 300w, https:\/\/i0.wp.com\/gay.blog.br\/wp-content\/uploads\/2018\/11\/Marco-Pigossi-na-GQ-de-outubro.jpg?resize=80%2C60&amp;ssl=1 80w, https:\/\/i0.wp.com\/gay.blog.br\/wp-content\/uploads\/2018\/11\/Marco-Pigossi-na-GQ-de-outubro.jpg?resize=160%2C120&amp;ssl=1 160w, https:\/\/i0.wp.com\/gay.blog.br\/wp-content\/uploads\/2018\/11\/Marco-Pigossi-na-GQ-de-outubro.jpg?resize=265%2C198&amp;ssl=1 265w, https:\/\/i0.wp.com\/gay.blog.br\/wp-content\/uploads\/2018\/11\/Marco-Pigossi-na-GQ-de-outubro.jpg?resize=559%2C420&amp;ssl=1 559w\" sizes=\"auto, (max-width: 673px) 100vw, 673px\" \/><figcaption id=\"caption-attachment-18290\" class=\"wp-caption-text\">(Foto: Reproducci\u00f3n)<\/figcaption><\/figure>\n<p style=\"text-align: justify;\"><span style=\"font-weight: 400;\">Para ocultar su homosexualidad, Pigossi recuerda que incluso exageraba su apret\u00f3n de manos. \u00ab<\/span><i><span style=\"font-weight: 400;\">Me desarroll\u00e9 tratando de mantener un cuerpo masculinizado. Y creo que eso vino del trauma de no poder enfrentarme a m\u00ed mismo, fue una forma de protegerme. Pero hoy, esa sombra de \u00abno se deslizar\u00e1\u00bb ha desaparecido<\/span><\/i><span style=\"font-weight: 400;\">\u00ab, aclar\u00f3 Pigossi.<\/span><\/p>\n<p style=\"text-align: justify;\"><span style=\"font-weight: 400;\">Sobre su relaci\u00f3n con el cineasta italiano<\/span> <b>Marco Calvani<\/b>, <span style=\"font-weight: 400;\">cont\u00f3 que le present\u00f3 a su familia: \u00ab<\/span><i><span style=\"font-weight: 400;\">Con mi padre siempre est\u00e1 tenso, no hay naturalidad. Est\u00e1 muy lejos de su universo, que es el votante de Bolsonaro. No es que piense que ser gay es una falta de golpes, pero si se vota a un candidato como ese&#8230;. Hay un ideal pol\u00edtico que nos aleja. Nunca me tomar\u00e1 del brazo y se unir\u00e1 a esta causa. A diferencia del amor incondicional de mi madre\u00bb<\/span><\/i><span style=\"font-weight: 400;\">.<\/span><\/p>\n<figure id=\"attachment_171040\" aria-describedby=\"caption-attachment-171040\" style=\"width: 829px\" class=\"wp-caption aligncenter\"><a href=\"http:\/\/instagram.com\/gayblogbr\"><img data-recalc-dims=\"1\" loading=\"lazy\" decoding=\"async\" class=\"size-full wp-image-171040\" src=\"https:\/\/i0.wp.com\/gay.blog.br\/wp-content\/uploads\/2022\/07\/WhatsApp-Image-2022-07-11-at-11.02.06-1.jpeg?resize=696%2C523&#038;ssl=1\" alt=\"\" width=\"696\" height=\"523\" srcset=\"https:\/\/i0.wp.com\/gay.blog.br\/wp-content\/uploads\/2022\/07\/WhatsApp-Image-2022-07-11-at-11.02.06-1.jpeg?w=829&amp;ssl=1 829w, https:\/\/i0.wp.com\/gay.blog.br\/wp-content\/uploads\/2022\/07\/WhatsApp-Image-2022-07-11-at-11.02.06-1.jpeg?resize=300%2C225&amp;ssl=1 300w, https:\/\/i0.wp.com\/gay.blog.br\/wp-content\/uploads\/2022\/07\/WhatsApp-Image-2022-07-11-at-11.02.06-1.jpeg?resize=150%2C113&amp;ssl=1 150w, https:\/\/i0.wp.com\/gay.blog.br\/wp-content\/uploads\/2022\/07\/WhatsApp-Image-2022-07-11-at-11.02.06-1.jpeg?resize=768%2C577&amp;ssl=1 768w, https:\/\/i0.wp.com\/gay.blog.br\/wp-content\/uploads\/2022\/07\/WhatsApp-Image-2022-07-11-at-11.02.06-1.jpeg?resize=696%2C523&amp;ssl=1 696w, https:\/\/i0.wp.com\/gay.blog.br\/wp-content\/uploads\/2022\/07\/WhatsApp-Image-2022-07-11-at-11.02.06-1.jpeg?resize=559%2C420&amp;ssl=1 559w, https:\/\/i0.wp.com\/gay.blog.br\/wp-content\/uploads\/2022\/07\/WhatsApp-Image-2022-07-11-at-11.02.06-1.jpeg?resize=80%2C60&amp;ssl=1 80w, https:\/\/i0.wp.com\/gay.blog.br\/wp-content\/uploads\/2022\/07\/WhatsApp-Image-2022-07-11-at-11.02.06-1.jpeg?resize=160%2C120&amp;ssl=1 160w, https:\/\/i0.wp.com\/gay.blog.br\/wp-content\/uploads\/2022\/07\/WhatsApp-Image-2022-07-11-at-11.02.06-1.jpeg?resize=265%2C198&amp;ssl=1 265w\" sizes=\"auto, (max-width: 696px) 100vw, 696px\" \/><\/a><figcaption id=\"caption-attachment-171040\" class=\"wp-caption-text\">Marco Pigossi y Marco Calvani (Foto: Reproducci\u00f3n\/ Instagram)<\/figcaption><\/figure>\n","protected":false},"excerpt":{"rendered":"<p>Marco Pigossi revela que el proceso de descubrir que era gay estuvo rodeado de soledad y sufrimiento<\/p>\n","protected":false},"author":3549,"featured_media":171037,"comment_status":"open","ping_status":"open","sticky":false,"template":"","format":"standard","meta":{"googlesitekit_rrm_CAoiEBg-BXrJeACjO8p49SE4kTY:productID":"","tdm_status":"","tdm_grid_status":"","_jetpack_newsletter_access":"","_jetpack_dont_email_post_to_subs":false,"_jetpack_newsletter_tier_id":0,"_jetpack_memberships_contains_paywalled_content":false,"_jetpack_memberships_contains_paid_content":false,"footnotes":"","jetpack_publicize_message":"\"Le ped\u00ed a Dios que me corrigiera\", dice Marco Pigossi sobre su homosexualidad","jetpack_publicize_feature_enabled":true,"jetpack_social_post_already_shared":true,"jetpack_social_options":{"image_generator_settings":{"template":"highway","default_image_id":0,"font":"","enabled":false},"version":2},"_wpas_customize_per_network":false,"jetpack_post_was_ever_published":false},"categories":[589932144],"tags":[589933050,589943369,589937755],"class_list":{"0":"post-171782","1":"post","2":"type-post","3":"status-publish","4":"format-standard","5":"has-post-thumbnail","7":"category-gay-es","8":"tag-homosexualidad-es","9":"tag-marco-calvani-es","10":"tag-marco-pigossi-es"},"yoast_head":"<!-- This site is optimized with the Yoast SEO plugin v27.4 - https:\/\/yoast.com\/product\/yoast-seo-wordpress\/ -->\n<title>&quot;Le ped\u00ed a Dios que me corrigiera&quot;, dice Marco Pigossi sobre su homosexualidad<\/title>\n<meta name=\"description\" content=\"Marco Pigossi revela que el proceso de descubrir que era gay estuvo rodeado de soledad y sufrimiento\" \/>\n<meta name=\"robots\" content=\"index, follow, max-snippet:-1, max-image-preview:large, max-video-preview:-1\" \/>\n<link rel=\"canonical\" href=\"https:\/\/gay.blog.br\/es\/gay-es\/le-pedi-a-dios-que-me-corrigiera-dice-marco-pigossi-sobre-su-homosexualidad\/\" \/>\n<meta property=\"og:locale\" content=\"es_ES\" \/>\n<meta property=\"og:type\" content=\"article\" \/>\n<meta property=\"og:title\" content=\"&quot;Le ped\u00ed a Dios que me corrigiera&quot;, dice Marco Pigossi sobre su homosexualidad\" \/>\n<meta property=\"og:description\" content=\"Marco Pigossi revela que el proceso de descubrir que era gay estuvo rodeado de soledad y sufrimiento\" \/>\n<meta property=\"og:url\" content=\"https:\/\/gay.blog.br\/es\/gay-es\/le-pedi-a-dios-que-me-corrigiera-dice-marco-pigossi-sobre-su-homosexualidad\/\" \/>\n<meta property=\"og:site_name\" content=\"GAY BLOG BR @gayblogbr\" \/>\n<meta property=\"article:publisher\" content=\"https:\/\/facebook.com\/gayblogbr\" \/>\n<meta property=\"article:published_time\" content=\"2022-07-11T14:06:08+00:00\" \/>\n<meta property=\"article:modified_time\" content=\"2022-07-21T15:39:13+00:00\" \/>\n<meta property=\"og:image\" content=\"https:\/\/gay.blog.br\/wp-content\/uploads\/2022\/07\/WhatsApp-Image-2022-07-11-at-10.58.37-e1657548281422.jpeg\" \/>\n\t<meta property=\"og:image:width\" content=\"829\" \/>\n\t<meta property=\"og:image:height\" content=\"1037\" \/>\n\t<meta property=\"og:image:type\" content=\"image\/jpeg\" \/>\n<meta name=\"author\" content=\"Deivid Pazatto\" \/>\n<meta name=\"twitter:card\" content=\"summary_large_image\" \/>\n<meta name=\"twitter:creator\" content=\"@gayblogbr\" \/>\n<meta name=\"twitter:site\" content=\"@gayblogbr\" \/>\n<meta name=\"twitter:label1\" content=\"Escrito por\" \/>\n\t<meta name=\"twitter:data1\" content=\"Deivid Pazatto\" \/>\n\t<meta name=\"twitter:label2\" content=\"Tiempo de lectura\" \/>\n\t<meta name=\"twitter:data2\" content=\"3 minutos\" \/>\n<script type=\"application\/ld+json\" class=\"yoast-schema-graph\">{\"@context\":\"https:\\\/\\\/schema.org\",\"@graph\":[{\"@type\":\"Article\",\"@id\":\"https:\\\/\\\/gay.blog.br\\\/es\\\/gay-es\\\/le-pedi-a-dios-que-me-corrigiera-dice-marco-pigossi-sobre-su-homosexualidad\\\/#article\",\"isPartOf\":{\"@id\":\"https:\\\/\\\/gay.blog.br\\\/es\\\/gay-es\\\/le-pedi-a-dios-que-me-corrigiera-dice-marco-pigossi-sobre-su-homosexualidad\\\/\"},\"author\":{\"name\":\"Deivid Pazatto\",\"@id\":\"https:\\\/\\\/gay.blog.br\\\/es\\\/#\\\/schema\\\/person\\\/03d1eb656e2ee43a49b0a80aff06cbbc\"},\"headline\":\"\u00abLe ped\u00ed a Dios que me corrigiera\u00bb, dice Marco Pigossi sobre su homosexualidad\",\"datePublished\":\"2022-07-11T14:06:08+00:00\",\"dateModified\":\"2022-07-21T15:39:13+00:00\",\"mainEntityOfPage\":{\"@id\":\"https:\\\/\\\/gay.blog.br\\\/es\\\/gay-es\\\/le-pedi-a-dios-que-me-corrigiera-dice-marco-pigossi-sobre-su-homosexualidad\\\/\"},\"wordCount\":473,\"commentCount\":0,\"publisher\":{\"@id\":\"https:\\\/\\\/gay.blog.br\\\/es\\\/#organization\"},\"image\":{\"@id\":\"https:\\\/\\\/gay.blog.br\\\/es\\\/gay-es\\\/le-pedi-a-dios-que-me-corrigiera-dice-marco-pigossi-sobre-su-homosexualidad\\\/#primaryimage\"},\"thumbnailUrl\":\"https:\\\/\\\/i0.wp.com\\\/gay.blog.br\\\/wp-content\\\/uploads\\\/2022\\\/07\\\/WhatsApp-Image-2022-07-11-at-10.58.37-e1657548281422.jpeg?fit=829%2C1037&ssl=1\",\"keywords\":[\"homosexualidad\",\"Marco Calvani\",\"marco pigossi\"],\"articleSection\":[\"GAY\"],\"inLanguage\":\"es\",\"potentialAction\":[{\"@type\":\"CommentAction\",\"name\":\"Comment\",\"target\":[\"https:\\\/\\\/gay.blog.br\\\/es\\\/gay-es\\\/le-pedi-a-dios-que-me-corrigiera-dice-marco-pigossi-sobre-su-homosexualidad\\\/#respond\"]}]},{\"@type\":\"WebPage\",\"@id\":\"https:\\\/\\\/gay.blog.br\\\/es\\\/gay-es\\\/le-pedi-a-dios-que-me-corrigiera-dice-marco-pigossi-sobre-su-homosexualidad\\\/\",\"url\":\"https:\\\/\\\/gay.blog.br\\\/es\\\/gay-es\\\/le-pedi-a-dios-que-me-corrigiera-dice-marco-pigossi-sobre-su-homosexualidad\\\/\",\"name\":\"\\\"Le ped\u00ed a Dios que me corrigiera\\\", dice Marco Pigossi sobre su homosexualidad\",\"isPartOf\":{\"@id\":\"https:\\\/\\\/gay.blog.br\\\/es\\\/#website\"},\"primaryImageOfPage\":{\"@id\":\"https:\\\/\\\/gay.blog.br\\\/es\\\/gay-es\\\/le-pedi-a-dios-que-me-corrigiera-dice-marco-pigossi-sobre-su-homosexualidad\\\/#primaryimage\"},\"image\":{\"@id\":\"https:\\\/\\\/gay.blog.br\\\/es\\\/gay-es\\\/le-pedi-a-dios-que-me-corrigiera-dice-marco-pigossi-sobre-su-homosexualidad\\\/#primaryimage\"},\"thumbnailUrl\":\"https:\\\/\\\/i0.wp.com\\\/gay.blog.br\\\/wp-content\\\/uploads\\\/2022\\\/07\\\/WhatsApp-Image-2022-07-11-at-10.58.37-e1657548281422.jpeg?fit=829%2C1037&ssl=1\",\"datePublished\":\"2022-07-11T14:06:08+00:00\",\"dateModified\":\"2022-07-21T15:39:13+00:00\",\"description\":\"Marco Pigossi revela que el proceso de descubrir que era gay estuvo rodeado de soledad y sufrimiento\",\"breadcrumb\":{\"@id\":\"https:\\\/\\\/gay.blog.br\\\/es\\\/gay-es\\\/le-pedi-a-dios-que-me-corrigiera-dice-marco-pigossi-sobre-su-homosexualidad\\\/#breadcrumb\"},\"inLanguage\":\"es\",\"potentialAction\":[{\"@type\":\"ReadAction\",\"target\":[\"https:\\\/\\\/gay.blog.br\\\/es\\\/gay-es\\\/le-pedi-a-dios-que-me-corrigiera-dice-marco-pigossi-sobre-su-homosexualidad\\\/\"]}]},{\"@type\":\"ImageObject\",\"inLanguage\":\"es\",\"@id\":\"https:\\\/\\\/gay.blog.br\\\/es\\\/gay-es\\\/le-pedi-a-dios-que-me-corrigiera-dice-marco-pigossi-sobre-su-homosexualidad\\\/#primaryimage\",\"url\":\"https:\\\/\\\/i0.wp.com\\\/gay.blog.br\\\/wp-content\\\/uploads\\\/2022\\\/07\\\/WhatsApp-Image-2022-07-11-at-10.58.37-e1657548281422.jpeg?fit=829%2C1037&ssl=1\",\"contentUrl\":\"https:\\\/\\\/i0.wp.com\\\/gay.blog.br\\\/wp-content\\\/uploads\\\/2022\\\/07\\\/WhatsApp-Image-2022-07-11-at-10.58.37-e1657548281422.jpeg?fit=829%2C1037&ssl=1\",\"width\":829,\"height\":1037,\"caption\":\"Marco Pigossi (Foto: G\u00e9rson Lopes)\"},{\"@type\":\"BreadcrumbList\",\"@id\":\"https:\\\/\\\/gay.blog.br\\\/es\\\/gay-es\\\/le-pedi-a-dios-que-me-corrigiera-dice-marco-pigossi-sobre-su-homosexualidad\\\/#breadcrumb\",\"itemListElement\":[{\"@type\":\"ListItem\",\"position\":1,\"name\":\"In\u00edcio\",\"item\":\"https:\\\/\\\/gay.blog.br\\\/es\\\/\"},{\"@type\":\"ListItem\",\"position\":2,\"name\":\"&#8220;Le ped\u00ed a Dios que me corrigiera&#8221;, dice Marco Pigossi sobre su homosexualidad\"}]},{\"@type\":\"WebSite\",\"@id\":\"https:\\\/\\\/gay.blog.br\\\/es\\\/#website\",\"url\":\"https:\\\/\\\/gay.blog.br\\\/es\\\/\",\"name\":\"GAY BLOG BR @gayblogbr\",\"description\":\"Not\u00edcias que empoderam e\\\/ou entret\u00eam s\u00e3o especialidades da casa\",\"publisher\":{\"@id\":\"https:\\\/\\\/gay.blog.br\\\/es\\\/#organization\"},\"potentialAction\":[{\"@type\":\"SearchAction\",\"target\":{\"@type\":\"EntryPoint\",\"urlTemplate\":\"https:\\\/\\\/gay.blog.br\\\/es\\\/?s={search_term_string}\"},\"query-input\":{\"@type\":\"PropertyValueSpecification\",\"valueRequired\":true,\"valueName\":\"search_term_string\"}}],\"inLanguage\":\"es\"},{\"@type\":\"Organization\",\"@id\":\"https:\\\/\\\/gay.blog.br\\\/es\\\/#organization\",\"name\":\"GAY BLOG BR\",\"url\":\"https:\\\/\\\/gay.blog.br\\\/es\\\/\",\"logo\":{\"@type\":\"ImageObject\",\"inLanguage\":\"es\",\"@id\":\"https:\\\/\\\/gay.blog.br\\\/es\\\/#\\\/schema\\\/logo\\\/image\\\/\",\"url\":\"https:\\\/\\\/i0.wp.com\\\/gay.blog.br\\\/wp-content\\\/uploads\\\/2023\\\/08\\\/gay180px.png?fit=272%2C90&ssl=1\",\"contentUrl\":\"https:\\\/\\\/i0.wp.com\\\/gay.blog.br\\\/wp-content\\\/uploads\\\/2023\\\/08\\\/gay180px.png?fit=272%2C90&ssl=1\",\"width\":272,\"height\":90,\"caption\":\"GAY BLOG BR\"},\"image\":{\"@id\":\"https:\\\/\\\/gay.blog.br\\\/es\\\/#\\\/schema\\\/logo\\\/image\\\/\"},\"sameAs\":[\"https:\\\/\\\/facebook.com\\\/gayblogbr\",\"https:\\\/\\\/x.com\\\/gayblogbr\",\"https:\\\/\\\/instagram.com\\\/gayblogbr\",\"https:\\\/\\\/www.linkedin.com\\\/company\\\/gayblogbr\\\/\",\"https:\\\/\\\/br.pinterest.com\\\/gayblogbr\\\/\",\"https:\\\/\\\/www.youtube.com\\\/channel\\\/UCdEu3JXLOB-wvWAVUF4AIiA\",\"https:\\\/\\\/pt.wikipedia.org\\\/wiki\\\/Gay_Blog_Br\",\"https:\\\/\\\/www.threads.net\\\/@gayblogbr\"]},{\"@type\":\"Person\",\"@id\":\"https:\\\/\\\/gay.blog.br\\\/es\\\/#\\\/schema\\\/person\\\/03d1eb656e2ee43a49b0a80aff06cbbc\",\"name\":\"Deivid Pazatto\",\"image\":{\"@type\":\"ImageObject\",\"inLanguage\":\"es\",\"@id\":\"https:\\\/\\\/secure.gravatar.com\\\/avatar\\\/0609f635ccb120e06bb25c76a4a1c7bab8749cc81c3a425fd808f36a4d668fdd?s=96&d=mm&r=g\",\"url\":\"https:\\\/\\\/secure.gravatar.com\\\/avatar\\\/0609f635ccb120e06bb25c76a4a1c7bab8749cc81c3a425fd808f36a4d668fdd?s=96&d=mm&r=g\",\"contentUrl\":\"https:\\\/\\\/secure.gravatar.com\\\/avatar\\\/0609f635ccb120e06bb25c76a4a1c7bab8749cc81c3a425fd808f36a4d668fdd?s=96&d=mm&r=g\",\"caption\":\"Deivid Pazatto\"},\"description\":\"Jornalista ga\u00facho formado na Universidade Franciscana (UFN) e Especialista em Estudos de G\u00eanero pela Universidade Federal de Santa Maria (UFSM)\",\"url\":\"https:\\\/\\\/gay.blog.br\\\/es\\\/author\\\/deividpazatto\\\/\"}]}<\/script>\n<!-- \/ Yoast SEO plugin. -->","yoast_head_json":{"title":"\"Le ped\u00ed a Dios que me corrigiera\", dice Marco Pigossi sobre su homosexualidad","description":"Marco Pigossi revela que el proceso de descubrir que era gay estuvo rodeado de soledad y sufrimiento","robots":{"index":"index","follow":"follow","max-snippet":"max-snippet:-1","max-image-preview":"max-image-preview:large","max-video-preview":"max-video-preview:-1"},"canonical":"https:\/\/gay.blog.br\/es\/gay-es\/le-pedi-a-dios-que-me-corrigiera-dice-marco-pigossi-sobre-su-homosexualidad\/","og_locale":"es_ES","og_type":"article","og_title":"\"Le ped\u00ed a Dios que me corrigiera\", dice Marco Pigossi sobre su homosexualidad","og_description":"Marco Pigossi revela que el proceso de descubrir que era gay estuvo rodeado de soledad y sufrimiento","og_url":"https:\/\/gay.blog.br\/es\/gay-es\/le-pedi-a-dios-que-me-corrigiera-dice-marco-pigossi-sobre-su-homosexualidad\/","og_site_name":"GAY BLOG BR @gayblogbr","article_publisher":"https:\/\/facebook.com\/gayblogbr","article_published_time":"2022-07-11T14:06:08+00:00","article_modified_time":"2022-07-21T15:39:13+00:00","og_image":[{"width":829,"height":1037,"url":"https:\/\/gay.blog.br\/wp-content\/uploads\/2022\/07\/WhatsApp-Image-2022-07-11-at-10.58.37-e1657548281422.jpeg","type":"image\/jpeg"}],"author":"Deivid Pazatto","twitter_card":"summary_large_image","twitter_creator":"@gayblogbr","twitter_site":"@gayblogbr","twitter_misc":{"Escrito por":"Deivid Pazatto","Tiempo de lectura":"3 minutos"},"schema":{"@context":"https:\/\/schema.org","@graph":[{"@type":"Article","@id":"https:\/\/gay.blog.br\/es\/gay-es\/le-pedi-a-dios-que-me-corrigiera-dice-marco-pigossi-sobre-su-homosexualidad\/#article","isPartOf":{"@id":"https:\/\/gay.blog.br\/es\/gay-es\/le-pedi-a-dios-que-me-corrigiera-dice-marco-pigossi-sobre-su-homosexualidad\/"},"author":{"name":"Deivid Pazatto","@id":"https:\/\/gay.blog.br\/es\/#\/schema\/person\/03d1eb656e2ee43a49b0a80aff06cbbc"},"headline":"\u00abLe ped\u00ed a Dios que me corrigiera\u00bb, dice Marco Pigossi sobre su homosexualidad","datePublished":"2022-07-11T14:06:08+00:00","dateModified":"2022-07-21T15:39:13+00:00","mainEntityOfPage":{"@id":"https:\/\/gay.blog.br\/es\/gay-es\/le-pedi-a-dios-que-me-corrigiera-dice-marco-pigossi-sobre-su-homosexualidad\/"},"wordCount":473,"commentCount":0,"publisher":{"@id":"https:\/\/gay.blog.br\/es\/#organization"},"image":{"@id":"https:\/\/gay.blog.br\/es\/gay-es\/le-pedi-a-dios-que-me-corrigiera-dice-marco-pigossi-sobre-su-homosexualidad\/#primaryimage"},"thumbnailUrl":"https:\/\/i0.wp.com\/gay.blog.br\/wp-content\/uploads\/2022\/07\/WhatsApp-Image-2022-07-11-at-10.58.37-e1657548281422.jpeg?fit=829%2C1037&ssl=1","keywords":["homosexualidad","Marco Calvani","marco pigossi"],"articleSection":["GAY"],"inLanguage":"es","potentialAction":[{"@type":"CommentAction","name":"Comment","target":["https:\/\/gay.blog.br\/es\/gay-es\/le-pedi-a-dios-que-me-corrigiera-dice-marco-pigossi-sobre-su-homosexualidad\/#respond"]}]},{"@type":"WebPage","@id":"https:\/\/gay.blog.br\/es\/gay-es\/le-pedi-a-dios-que-me-corrigiera-dice-marco-pigossi-sobre-su-homosexualidad\/","url":"https:\/\/gay.blog.br\/es\/gay-es\/le-pedi-a-dios-que-me-corrigiera-dice-marco-pigossi-sobre-su-homosexualidad\/","name":"\"Le ped\u00ed a Dios que me corrigiera\", dice Marco Pigossi sobre su homosexualidad","isPartOf":{"@id":"https:\/\/gay.blog.br\/es\/#website"},"primaryImageOfPage":{"@id":"https:\/\/gay.blog.br\/es\/gay-es\/le-pedi-a-dios-que-me-corrigiera-dice-marco-pigossi-sobre-su-homosexualidad\/#primaryimage"},"image":{"@id":"https:\/\/gay.blog.br\/es\/gay-es\/le-pedi-a-dios-que-me-corrigiera-dice-marco-pigossi-sobre-su-homosexualidad\/#primaryimage"},"thumbnailUrl":"https:\/\/i0.wp.com\/gay.blog.br\/wp-content\/uploads\/2022\/07\/WhatsApp-Image-2022-07-11-at-10.58.37-e1657548281422.jpeg?fit=829%2C1037&ssl=1","datePublished":"2022-07-11T14:06:08+00:00","dateModified":"2022-07-21T15:39:13+00:00","description":"Marco Pigossi revela que el proceso de descubrir que era gay estuvo rodeado de soledad y sufrimiento","breadcrumb":{"@id":"https:\/\/gay.blog.br\/es\/gay-es\/le-pedi-a-dios-que-me-corrigiera-dice-marco-pigossi-sobre-su-homosexualidad\/#breadcrumb"},"inLanguage":"es","potentialAction":[{"@type":"ReadAction","target":["https:\/\/gay.blog.br\/es\/gay-es\/le-pedi-a-dios-que-me-corrigiera-dice-marco-pigossi-sobre-su-homosexualidad\/"]}]},{"@type":"ImageObject","inLanguage":"es","@id":"https:\/\/gay.blog.br\/es\/gay-es\/le-pedi-a-dios-que-me-corrigiera-dice-marco-pigossi-sobre-su-homosexualidad\/#primaryimage","url":"https:\/\/i0.wp.com\/gay.blog.br\/wp-content\/uploads\/2022\/07\/WhatsApp-Image-2022-07-11-at-10.58.37-e1657548281422.jpeg?fit=829%2C1037&ssl=1","contentUrl":"https:\/\/i0.wp.com\/gay.blog.br\/wp-content\/uploads\/2022\/07\/WhatsApp-Image-2022-07-11-at-10.58.37-e1657548281422.jpeg?fit=829%2C1037&ssl=1","width":829,"height":1037,"caption":"Marco Pigossi (Foto: G\u00e9rson Lopes)"},{"@type":"BreadcrumbList","@id":"https:\/\/gay.blog.br\/es\/gay-es\/le-pedi-a-dios-que-me-corrigiera-dice-marco-pigossi-sobre-su-homosexualidad\/#breadcrumb","itemListElement":[{"@type":"ListItem","position":1,"name":"In\u00edcio","item":"https:\/\/gay.blog.br\/es\/"},{"@type":"ListItem","position":2,"name":"&#8220;Le ped\u00ed a Dios que me corrigiera&#8221;, dice Marco Pigossi sobre su homosexualidad"}]},{"@type":"WebSite","@id":"https:\/\/gay.blog.br\/es\/#website","url":"https:\/\/gay.blog.br\/es\/","name":"GAY BLOG BR @gayblogbr","description":"Not\u00edcias que empoderam e\/ou entret\u00eam s\u00e3o especialidades da casa","publisher":{"@id":"https:\/\/gay.blog.br\/es\/#organization"},"potentialAction":[{"@type":"SearchAction","target":{"@type":"EntryPoint","urlTemplate":"https:\/\/gay.blog.br\/es\/?s={search_term_string}"},"query-input":{"@type":"PropertyValueSpecification","valueRequired":true,"valueName":"search_term_string"}}],"inLanguage":"es"},{"@type":"Organization","@id":"https:\/\/gay.blog.br\/es\/#organization","name":"GAY BLOG BR","url":"https:\/\/gay.blog.br\/es\/","logo":{"@type":"ImageObject","inLanguage":"es","@id":"https:\/\/gay.blog.br\/es\/#\/schema\/logo\/image\/","url":"https:\/\/i0.wp.com\/gay.blog.br\/wp-content\/uploads\/2023\/08\/gay180px.png?fit=272%2C90&ssl=1","contentUrl":"https:\/\/i0.wp.com\/gay.blog.br\/wp-content\/uploads\/2023\/08\/gay180px.png?fit=272%2C90&ssl=1","width":272,"height":90,"caption":"GAY BLOG BR"},"image":{"@id":"https:\/\/gay.blog.br\/es\/#\/schema\/logo\/image\/"},"sameAs":["https:\/\/facebook.com\/gayblogbr","https:\/\/x.com\/gayblogbr","https:\/\/instagram.com\/gayblogbr","https:\/\/www.linkedin.com\/company\/gayblogbr\/","https:\/\/br.pinterest.com\/gayblogbr\/","https:\/\/www.youtube.com\/channel\/UCdEu3JXLOB-wvWAVUF4AIiA","https:\/\/pt.wikipedia.org\/wiki\/Gay_Blog_Br","https:\/\/www.threads.net\/@gayblogbr"]},{"@type":"Person","@id":"https:\/\/gay.blog.br\/es\/#\/schema\/person\/03d1eb656e2ee43a49b0a80aff06cbbc","name":"Deivid Pazatto","image":{"@type":"ImageObject","inLanguage":"es","@id":"https:\/\/secure.gravatar.com\/avatar\/0609f635ccb120e06bb25c76a4a1c7bab8749cc81c3a425fd808f36a4d668fdd?s=96&d=mm&r=g","url":"https:\/\/secure.gravatar.com\/avatar\/0609f635ccb120e06bb25c76a4a1c7bab8749cc81c3a425fd808f36a4d668fdd?s=96&d=mm&r=g","contentUrl":"https:\/\/secure.gravatar.com\/avatar\/0609f635ccb120e06bb25c76a4a1c7bab8749cc81c3a425fd808f36a4d668fdd?s=96&d=mm&r=g","caption":"Deivid Pazatto"},"description":"Jornalista ga\u00facho formado na Universidade Franciscana (UFN) e Especialista em Estudos de G\u00eanero pela Universidade Federal de Santa Maria (UFSM)","url":"https:\/\/gay.blog.br\/es\/author\/deividpazatto\/"}]}},"jetpack_publicize_connections":[],"jetpack_featured_media_url":"https:\/\/i0.wp.com\/gay.blog.br\/wp-content\/uploads\/2022\/07\/WhatsApp-Image-2022-07-11-at-10.58.37-e1657548281422.jpeg?fit=829%2C1037&ssl=1","jetpack_sharing_enabled":true,"jetpack_shortlink":"https:\/\/wp.me\/p6klkK-IGG","jetpack_likes_enabled":false,"amp_enabled":true,"_links":{"self":[{"href":"https:\/\/gay.blog.br\/es\/wp-json\/wp\/v2\/posts\/171782","targetHints":{"allow":["GET"]}}],"collection":[{"href":"https:\/\/gay.blog.br\/es\/wp-json\/wp\/v2\/posts"}],"about":[{"href":"https:\/\/gay.blog.br\/es\/wp-json\/wp\/v2\/types\/post"}],"author":[{"embeddable":true,"href":"https:\/\/gay.blog.br\/es\/wp-json\/wp\/v2\/users\/3549"}],"replies":[{"embeddable":true,"href":"https:\/\/gay.blog.br\/es\/wp-json\/wp\/v2\/comments?post=171782"}],"version-history":[{"count":3,"href":"https:\/\/gay.blog.br\/es\/wp-json\/wp\/v2\/posts\/171782\/revisions"}],"predecessor-version":[{"id":171859,"href":"https:\/\/gay.blog.br\/es\/wp-json\/wp\/v2\/posts\/171782\/revisions\/171859"}],"wp:featuredmedia":[{"embeddable":true,"href":"https:\/\/gay.blog.br\/es\/wp-json\/wp\/v2\/media\/171037"}],"wp:attachment":[{"href":"https:\/\/gay.blog.br\/es\/wp-json\/wp\/v2\/media?parent=171782"}],"wp:term":[{"taxonomy":"category","embeddable":true,"href":"https:\/\/gay.blog.br\/es\/wp-json\/wp\/v2\/categories?post=171782"},{"taxonomy":"post_tag","embeddable":true,"href":"https:\/\/gay.blog.br\/es\/wp-json\/wp\/v2\/tags?post=171782"}],"curies":[{"name":"wp","href":"https:\/\/api.w.org\/{rel}","templated":true}]}}