{"id":178101,"date":"2022-09-20T12:00:38","date_gmt":"2022-09-20T15:00:38","guid":{"rendered":"https:\/\/gay.blog.br\/?p=178101"},"modified":"2022-09-22T11:08:01","modified_gmt":"2022-09-22T14:08:01","slug":"gabeu-esta-nominado-al-grammy-latino-en-la-categoria-del-mejor-album-sertanejo","status":"publish","type":"post","link":"https:\/\/gay.blog.br\/es\/gay-es\/gabeu-esta-nominado-al-grammy-latino-en-la-categoria-del-mejor-album-sertanejo\/","title":{"rendered":"Gabeu est\u00e1 nominado al Grammy Latino en la categor\u00eda del \u00abMejor \u00c1lbum Sertanejo\u00bb"},"content":{"rendered":"<p style=\"text-align: justify;\">El <a href=\"https:\/\/gay.blog.br\/?s=grammy+latino\"><strong>Grammy Latino<\/strong><\/a> dio a conocer la lista oficial de nominados en una emisi\u00f3n en vivo el martes (20). Los ganadores de las 53 categor\u00edas de premios se anunciar\u00e1n el 17 de noviembre en una ceremonia en la <strong>MGM Grand Garden Arena<\/strong>, en <strong>Las Vegas<\/strong>, <strong>Estados Unidos<\/strong>.<\/p>\n<p style=\"text-align: justify;\">Entre los nominados est\u00e1 el cantante <a href=\"https:\/\/gay.blog.br\/?s=gabeu\"><strong>Gabeu<\/strong><\/a>, que disputa la categor\u00eda de \u00ab<strong>Mejor \u00c1lbum de M\u00fasica Sertaneja<\/strong>\u00bb con <a href=\"https:\/\/gay.blog.br\/?s=agropoc\"><strong>AGROPOC<\/strong><\/a>, su primer \u00e1lbum. Junto a \u00e9l compiten <strong>Chit\u00e3ozinho &amp; Xoror\u00f3<\/strong> (Chit\u00e3ozinho &amp; Xoror\u00f3 Legado), <strong>Matheus &amp; Kauan<\/strong> (Expectativa X Realidad), <strong>Mar\u00edlia Mendon\u00e7a<\/strong> y <strong>Maiara &amp; Mara\u00edsa<\/strong> (Patroas 35%), <strong>Lauana Prado<\/strong> (Natural).<\/p>\n<figure id=\"attachment_177881\" aria-describedby=\"caption-attachment-177881\" style=\"width: 809px\" class=\"wp-caption alignnone\"><img data-recalc-dims=\"1\" loading=\"lazy\" decoding=\"async\" class=\"size-full wp-image-177881\" src=\"https:\/\/i0.wp.com\/gay.blog.br\/wp-content\/uploads\/2022\/09\/WhatsApp-Image-2022-09-20-at-11.52.34-e1663685730783.jpeg?resize=696%2C824&#038;ssl=1\" alt=\"\" width=\"696\" height=\"824\" \/><figcaption id=\"caption-attachment-177881\" class=\"wp-caption-text\">Gabeu (Foto: Reproducci\u00f3n)<\/figcaption><\/figure>\n<p style=\"text-align: justify;\">En las redes sociais, el artista, percursor del <a href=\"https:\/\/gay.blog.br\/?s=queernejo\"><em>queernejo<\/em><\/a>, coment\u00f3 la nominaci\u00f3n. \u00ab<em>Me despert\u00e9 con un mill\u00f3n de notificaciones y pens\u00e9 que se hab\u00eda filtrado alguna foto comprometedora. \u00a1Pero ha sido el Grammy Latino el que ha nominado a AGROPOC en la categor\u00eda de Mejor \u00c1lbum Sertanejo, junto a gigantes! Mi primer \u00e1lbum, el \u00e1lbum que rescata mis ra\u00edces campestres a la vez que celebra mi identidad queer llegando a este lugar, es un hito y hoy s\u00e9 que no s\u00f3lo para m\u00ed<\/em>\u00ab, escribi\u00f3 en Instagram.<\/p>\n<p style=\"text-align: justify;\">\u00ab<em>Es un placer compartir mi arte con ustedes y me siento c\u00f3modo al decir que este \u00e1lbum nace de mi amor por la m\u00fasica sertaneja, pero tambi\u00e9n de la necesidad de cuestionar y resignificar varias cosas en este universo. La bota, la hebilla y el sombrero ya no son s\u00edmbolos de lo que no quer\u00eda ser, al contrario, es con estos s\u00edmbolos que tengo la posibilidad de mostrar mi fuerza<\/em>\u00ab, a\u00f1adi\u00f3 Gabeu.<\/p>\n<p style=\"text-align: justify;\">En el 2020, el artista fue electo \u00ab<strong>M\u00fasico POC Brasile\u00f1o<\/strong>\u00bb por la premiaci\u00f3n <a href=\"https:\/\/gay.blog.br\/?s=poc+awards\"><strong>Poc Awards<\/strong><\/a>. En <a href=\"https:\/\/gay.blog.br\/entrevistas\/nenhum-discurso-consciente-sobre-minorias-adentrou-o-sertanejo-ainda-avalia-gabeu\/\">entrevista con<\/a><strong><a href=\"https:\/\/gay.blog.br\/entrevistas\/nenhum-discurso-consciente-sobre-minorias-adentrou-o-sertanejo-ainda-avalia-gabeu\/\">GAY BLOG BR<\/a><\/strong>, tras recibir el trofeo, Gabeu habl\u00f3 de la emoci\u00f3n de ser elegido por el p\u00fablico:<em> \u201c\u00a1Estaba en shock! M\u00e1s a\u00fan sabiendo que fue por votaci\u00f3n popular. Estoy muy contento de haber sido nominado y de saber que a la gente le gusta mi trabajo.\u00bb.<\/em><\/p>\n<blockquote class=\"instagram-media\" data-instgrm-captioned data-instgrm-permalink=\"https:\/\/www.instagram.com\/p\/Ciu2ybuOcaQ\/?utm_source=ig_embed&amp;utm_campaign=loading\" data-instgrm-version=\"14\" style=\" background:#FFF; border:0; border-radius:3px; box-shadow:0 0 1px 0 rgba(0,0,0,0.5),0 1px 10px 0 rgba(0,0,0,0.15); margin: 1px; max-width:658px; min-width:326px; padding:0; width:99.375%; width:-webkit-calc(100% - 2px); width:calc(100% - 2px);\">\n<div style=\"padding:16px;\"> <a href=\"https:\/\/www.instagram.com\/p\/Ciu2ybuOcaQ\/?utm_source=ig_embed&amp;utm_campaign=loading\" style=\" background:#FFFFFF; line-height:0; padding:0 0; text-align:center; text-decoration:none; width:100%;\" target=\"_blank\"> <\/p>\n<div style=\" display: flex; flex-direction: row; align-items: center;\">\n<div style=\"background-color: #F4F4F4; border-radius: 50%; flex-grow: 0; height: 40px; margin-right: 14px; width: 40px;\"><\/div>\n<div style=\"display: flex; flex-direction: column; flex-grow: 1; justify-content: center;\">\n<div style=\" background-color: #F4F4F4; border-radius: 4px; flex-grow: 0; height: 14px; margin-bottom: 6px; width: 100px;\"><\/div>\n<div style=\" background-color: #F4F4F4; border-radius: 4px; flex-grow: 0; height: 14px; width: 60px;\"><\/div>\n<\/div>\n<\/div>\n<div style=\"padding: 19% 0;\"><\/div>\n<div style=\"display:block; height:50px; margin:0 auto 12px; width:50px;\"><svg width=\"50px\" height=\"50px\" viewBox=\"0 0 60 60\" version=\"1.1\" xmlns=\"https:\/\/www.w3.org\/2000\/svg\" xmlns:xlink=\"https:\/\/www.w3.org\/1999\/xlink\"><g stroke=\"none\" stroke-width=\"1\" fill=\"none\" fill-rule=\"evenodd\"><g transform=\"translate(-511.000000, -20.000000)\" fill=\"#000000\"><g><path d=\"M556.869,30.41 C554.814,30.41 553.148,32.076 553.148,34.131 C553.148,36.186 554.814,37.852 556.869,37.852 C558.924,37.852 560.59,36.186 560.59,34.131 C560.59,32.076 558.924,30.41 556.869,30.41 M541,60.657 C535.114,60.657 530.342,55.887 530.342,50 C530.342,44.114 535.114,39.342 541,39.342 C546.887,39.342 551.658,44.114 551.658,50 C551.658,55.887 546.887,60.657 541,60.657 M541,33.886 C532.1,33.886 524.886,41.1 524.886,50 C524.886,58.899 532.1,66.113 541,66.113 C549.9,66.113 557.115,58.899 557.115,50 C557.115,41.1 549.9,33.886 541,33.886 M565.378,62.101 C565.244,65.022 564.756,66.606 564.346,67.663 C563.803,69.06 563.154,70.057 562.106,71.106 C561.058,72.155 560.06,72.803 558.662,73.347 C557.607,73.757 556.021,74.244 553.102,74.378 C549.944,74.521 548.997,74.552 541,74.552 C533.003,74.552 532.056,74.521 528.898,74.378 C525.979,74.244 524.393,73.757 523.338,73.347 C521.94,72.803 520.942,72.155 519.894,71.106 C518.846,70.057 518.197,69.06 517.654,67.663 C517.244,66.606 516.755,65.022 516.623,62.101 C516.479,58.943 516.448,57.996 516.448,50 C516.448,42.003 516.479,41.056 516.623,37.899 C516.755,34.978 517.244,33.391 517.654,32.338 C518.197,30.938 518.846,29.942 519.894,28.894 C520.942,27.846 521.94,27.196 523.338,26.654 C524.393,26.244 525.979,25.756 528.898,25.623 C532.057,25.479 533.004,25.448 541,25.448 C548.997,25.448 549.943,25.479 553.102,25.623 C556.021,25.756 557.607,26.244 558.662,26.654 C560.06,27.196 561.058,27.846 562.106,28.894 C563.154,29.942 563.803,30.938 564.346,32.338 C564.756,33.391 565.244,34.978 565.378,37.899 C565.522,41.056 565.552,42.003 565.552,50 C565.552,57.996 565.522,58.943 565.378,62.101 M570.82,37.631 C570.674,34.438 570.167,32.258 569.425,30.349 C568.659,28.377 567.633,26.702 565.965,25.035 C564.297,23.368 562.623,22.342 560.652,21.575 C558.743,20.834 556.562,20.326 553.369,20.18 C550.169,20.033 549.148,20 541,20 C532.853,20 531.831,20.033 528.631,20.18 C525.438,20.326 523.257,20.834 521.349,21.575 C519.376,22.342 517.703,23.368 516.035,25.035 C514.368,26.702 513.342,28.377 512.574,30.349 C511.834,32.258 511.326,34.438 511.181,37.631 C511.035,40.831 511,41.851 511,50 C511,58.147 511.035,59.17 511.181,62.369 C511.326,65.562 511.834,67.743 512.574,69.651 C513.342,71.625 514.368,73.296 516.035,74.965 C517.703,76.634 519.376,77.658 521.349,78.425 C523.257,79.167 525.438,79.673 528.631,79.82 C531.831,79.965 532.853,80.001 541,80.001 C549.148,80.001 550.169,79.965 553.369,79.82 C556.562,79.673 558.743,79.167 560.652,78.425 C562.623,77.658 564.297,76.634 565.965,74.965 C567.633,73.296 568.659,71.625 569.425,69.651 C570.167,67.743 570.674,65.562 570.82,62.369 C570.966,59.17 571,58.147 571,50 C571,41.851 570.966,40.831 570.82,37.631\"><\/path><\/g><\/g><\/g><\/svg><\/div>\n<div style=\"padding-top: 8px;\">\n<div style=\" color:#3897f0; font-family:Arial,sans-serif; font-size:14px; font-style:normal; font-weight:550; line-height:18px;\">View this post on Instagram<\/div>\n<\/div>\n<div style=\"padding: 12.5% 0;\"><\/div>\n<div style=\"display: flex; flex-direction: row; margin-bottom: 14px; align-items: center;\">\n<div>\n<div style=\"background-color: #F4F4F4; border-radius: 50%; height: 12.5px; width: 12.5px; transform: translateX(0px) translateY(7px);\"><\/div>\n<div style=\"background-color: #F4F4F4; height: 12.5px; transform: rotate(-45deg) translateX(3px) translateY(1px); width: 12.5px; flex-grow: 0; margin-right: 14px; margin-left: 2px;\"><\/div>\n<div style=\"background-color: #F4F4F4; border-radius: 50%; height: 12.5px; width: 12.5px; transform: translateX(9px) translateY(-18px);\"><\/div>\n<\/div>\n<div style=\"margin-left: 8px;\">\n<div style=\" background-color: #F4F4F4; border-radius: 50%; flex-grow: 0; height: 20px; width: 20px;\"><\/div>\n<div style=\" width: 0; height: 0; border-top: 2px solid transparent; border-left: 6px solid #f4f4f4; border-bottom: 2px solid transparent; transform: translateX(16px) translateY(-4px) rotate(30deg)\"><\/div>\n<\/div>\n<div style=\"margin-left: auto;\">\n<div style=\" width: 0px; border-top: 8px solid #F4F4F4; border-right: 8px solid transparent; transform: translateY(16px);\"><\/div>\n<div style=\" background-color: #F4F4F4; flex-grow: 0; height: 12px; width: 16px; transform: translateY(-4px);\"><\/div>\n<div style=\" width: 0; height: 0; border-top: 8px solid #F4F4F4; border-left: 8px solid transparent; transform: translateY(-4px) translateX(8px);\"><\/div>\n<\/div>\n<\/div>\n<div style=\"display: flex; flex-direction: column; flex-grow: 1; justify-content: center; margin-bottom: 24px;\">\n<div style=\" background-color: #F4F4F4; border-radius: 4px; flex-grow: 0; height: 14px; margin-bottom: 6px; width: 224px;\"><\/div>\n<div style=\" background-color: #F4F4F4; border-radius: 4px; flex-grow: 0; height: 14px; width: 144px;\"><\/div>\n<\/div>\n<p><\/a><\/p>\n<p style=\" color:#c9c8cd; font-family:Arial,sans-serif; font-size:14px; line-height:17px; margin-bottom:0; margin-top:8px; overflow:hidden; padding:8px 0 7px; text-align:center; text-overflow:ellipsis; white-space:nowrap;\"><a href=\"https:\/\/www.instagram.com\/p\/Ciu2ybuOcaQ\/?utm_source=ig_embed&amp;utm_campaign=loading\" style=\" color:#c9c8cd; font-family:Arial,sans-serif; font-size:14px; font-style:normal; font-weight:normal; line-height:17px; text-decoration:none;\" target=\"_blank\">A post shared by GABEU (@eugabeu)<\/a><\/p>\n<\/div>\n<\/blockquote>\n<p><script async src=\"\/\/platform.instagram.com\/en_US\/embeds.js\"><\/script><\/p>\n<p style=\"text-align: justify;\">\n","protected":false},"excerpt":{"rendered":"<p>Precursor del queernejo, Gabeu compite por el Grammy Latino con el \u00e1lbum \u00abAGROPOC\u00bb; la lista de nominados fue revelada el martes (20)<\/p>\n","protected":false},"author":3549,"featured_media":177883,"comment_status":"open","ping_status":"open","sticky":false,"template":"","format":"standard","meta":{"googlesitekit_rrm_CAoiEBg-BXrJeACjO8p49SE4kTY:productID":"","tdm_status":"","tdm_grid_status":"","_jetpack_newsletter_access":"","_jetpack_dont_email_post_to_subs":false,"_jetpack_newsletter_tier_id":0,"_jetpack_memberships_contains_paywalled_content":false,"_jetpack_memberships_contains_paid_content":false,"footnotes":"","jetpack_publicize_message":"Gabeu est\u00e1 nominado al Grammy Latino en la categor\u00eda del \"Mejor \u00c1lbum Sertanejo\" @eugabeu","jetpack_publicize_feature_enabled":true,"jetpack_social_post_already_shared":true,"jetpack_social_options":{"image_generator_settings":{"template":"highway","default_image_id":0,"font":"","enabled":false},"version":2},"_wpas_customize_per_network":false,"jetpack_post_was_ever_published":false},"categories":[589932144,589932231,589932273],"tags":[589944174,589934954,589933005],"class_list":{"0":"post-178101","1":"post","2":"type-post","3":"status-publish","4":"format-standard","5":"has-post-thumbnail","7":"category-gay-es","8":"category-noticias-es","9":"category-pop-es","10":"tag-agropoc-es","11":"tag-gabeu-es","12":"tag-grammy-latino-es-2"},"yoast_head":"<!-- This site is optimized with the Yoast SEO plugin v27.5 - https:\/\/yoast.com\/product\/yoast-seo-wordpress\/ -->\n<title>Gabeu est\u00e1 nominado al Grammy Latino en la categor\u00eda del &quot;Mejor \u00c1lbum Sertanejo&quot;<\/title>\n<meta name=\"description\" content=\"Precursor del queernejo, Gabeu compite por el Grammy Latino con el \u00e1lbum &quot;AGROPOC&quot;; la lista de nominados fue revelada el martes (20)\" \/>\n<meta name=\"robots\" content=\"index, follow, max-snippet:-1, max-image-preview:large, max-video-preview:-1\" \/>\n<link rel=\"canonical\" href=\"https:\/\/gay.blog.br\/es\/gay-es\/gabeu-esta-nominado-al-grammy-latino-en-la-categoria-del-mejor-album-sertanejo\/\" \/>\n<meta property=\"og:locale\" content=\"es_ES\" \/>\n<meta property=\"og:type\" content=\"article\" \/>\n<meta property=\"og:title\" content=\"Gabeu est\u00e1 nominado al Grammy Latino en la categor\u00eda del &quot;Mejor \u00c1lbum Sertanejo&quot;\" \/>\n<meta property=\"og:description\" content=\"Precursor del queernejo, Gabeu compite por el Grammy Latino con el \u00e1lbum &quot;AGROPOC&quot;; la lista de nominados fue revelada el martes (20)\" \/>\n<meta property=\"og:url\" content=\"https:\/\/gay.blog.br\/es\/gay-es\/gabeu-esta-nominado-al-grammy-latino-en-la-categoria-del-mejor-album-sertanejo\/\" \/>\n<meta property=\"og:site_name\" content=\"GAY BLOG BR @gayblogbr\" \/>\n<meta property=\"article:publisher\" content=\"https:\/\/facebook.com\/gayblogbr\" \/>\n<meta property=\"article:published_time\" content=\"2022-09-20T15:00:38+00:00\" \/>\n<meta property=\"article:modified_time\" content=\"2022-09-22T14:08:01+00:00\" \/>\n<meta property=\"og:image\" content=\"https:\/\/gay.blog.br\/wp-content\/uploads\/2022\/09\/WhatsApp-Image-2022-09-20-at-11.52.34-e1663685935301.jpeg\" \/>\n\t<meta property=\"og:image:width\" content=\"829\" \/>\n\t<meta property=\"og:image:height\" content=\"1028\" \/>\n\t<meta property=\"og:image:type\" content=\"image\/jpeg\" \/>\n<meta name=\"author\" content=\"Deivid Pazatto\" \/>\n<meta name=\"twitter:card\" content=\"summary_large_image\" \/>\n<meta name=\"twitter:creator\" content=\"@gayblogbr\" \/>\n<meta name=\"twitter:site\" content=\"@gayblogbr\" \/>\n<meta name=\"twitter:label1\" content=\"Escrito por\" \/>\n\t<meta name=\"twitter:data1\" content=\"Deivid Pazatto\" \/>\n\t<meta name=\"twitter:label2\" content=\"Tiempo de lectura\" \/>\n\t<meta name=\"twitter:data2\" content=\"2 minutos\" \/>\n<script type=\"application\/ld+json\" class=\"yoast-schema-graph\">{\"@context\":\"https:\\\/\\\/schema.org\",\"@graph\":[{\"@type\":\"Article\",\"@id\":\"https:\\\/\\\/gay.blog.br\\\/es\\\/gay-es\\\/gabeu-esta-nominado-al-grammy-latino-en-la-categoria-del-mejor-album-sertanejo\\\/#article\",\"isPartOf\":{\"@id\":\"https:\\\/\\\/gay.blog.br\\\/es\\\/gay-es\\\/gabeu-esta-nominado-al-grammy-latino-en-la-categoria-del-mejor-album-sertanejo\\\/\"},\"author\":{\"name\":\"Deivid Pazatto\",\"@id\":\"https:\\\/\\\/gay.blog.br\\\/es\\\/#\\\/schema\\\/person\\\/03d1eb656e2ee43a49b0a80aff06cbbc\"},\"headline\":\"Gabeu est\u00e1 nominado al Grammy Latino en la categor\u00eda del \u00abMejor \u00c1lbum Sertanejo\u00bb\",\"datePublished\":\"2022-09-20T15:00:38+00:00\",\"dateModified\":\"2022-09-22T14:08:01+00:00\",\"mainEntityOfPage\":{\"@id\":\"https:\\\/\\\/gay.blog.br\\\/es\\\/gay-es\\\/gabeu-esta-nominado-al-grammy-latino-en-la-categoria-del-mejor-album-sertanejo\\\/\"},\"wordCount\":386,\"commentCount\":0,\"publisher\":{\"@id\":\"https:\\\/\\\/gay.blog.br\\\/es\\\/#organization\"},\"image\":{\"@id\":\"https:\\\/\\\/gay.blog.br\\\/es\\\/gay-es\\\/gabeu-esta-nominado-al-grammy-latino-en-la-categoria-del-mejor-album-sertanejo\\\/#primaryimage\"},\"thumbnailUrl\":\"https:\\\/\\\/i0.wp.com\\\/gay.blog.br\\\/wp-content\\\/uploads\\\/2022\\\/09\\\/WhatsApp-Image-2022-09-20-at-11.52.34-e1663685935301.jpeg?fit=829%2C1028&ssl=1\",\"keywords\":[\"agropoc\",\"gabeu\",\"grammy latino\"],\"articleSection\":[\"GAY\",\"NOT\u00cdCIAS\",\"POP\"],\"inLanguage\":\"es\",\"potentialAction\":[{\"@type\":\"CommentAction\",\"name\":\"Comment\",\"target\":[\"https:\\\/\\\/gay.blog.br\\\/es\\\/gay-es\\\/gabeu-esta-nominado-al-grammy-latino-en-la-categoria-del-mejor-album-sertanejo\\\/#respond\"]}]},{\"@type\":\"WebPage\",\"@id\":\"https:\\\/\\\/gay.blog.br\\\/es\\\/gay-es\\\/gabeu-esta-nominado-al-grammy-latino-en-la-categoria-del-mejor-album-sertanejo\\\/\",\"url\":\"https:\\\/\\\/gay.blog.br\\\/es\\\/gay-es\\\/gabeu-esta-nominado-al-grammy-latino-en-la-categoria-del-mejor-album-sertanejo\\\/\",\"name\":\"Gabeu est\u00e1 nominado al Grammy Latino en la categor\u00eda del \\\"Mejor \u00c1lbum Sertanejo\\\"\",\"isPartOf\":{\"@id\":\"https:\\\/\\\/gay.blog.br\\\/es\\\/#website\"},\"primaryImageOfPage\":{\"@id\":\"https:\\\/\\\/gay.blog.br\\\/es\\\/gay-es\\\/gabeu-esta-nominado-al-grammy-latino-en-la-categoria-del-mejor-album-sertanejo\\\/#primaryimage\"},\"image\":{\"@id\":\"https:\\\/\\\/gay.blog.br\\\/es\\\/gay-es\\\/gabeu-esta-nominado-al-grammy-latino-en-la-categoria-del-mejor-album-sertanejo\\\/#primaryimage\"},\"thumbnailUrl\":\"https:\\\/\\\/i0.wp.com\\\/gay.blog.br\\\/wp-content\\\/uploads\\\/2022\\\/09\\\/WhatsApp-Image-2022-09-20-at-11.52.34-e1663685935301.jpeg?fit=829%2C1028&ssl=1\",\"datePublished\":\"2022-09-20T15:00:38+00:00\",\"dateModified\":\"2022-09-22T14:08:01+00:00\",\"description\":\"Precursor del queernejo, Gabeu compite por el Grammy Latino con el \u00e1lbum \\\"AGROPOC\\\"; la lista de nominados fue revelada el martes (20)\",\"breadcrumb\":{\"@id\":\"https:\\\/\\\/gay.blog.br\\\/es\\\/gay-es\\\/gabeu-esta-nominado-al-grammy-latino-en-la-categoria-del-mejor-album-sertanejo\\\/#breadcrumb\"},\"inLanguage\":\"es\",\"potentialAction\":[{\"@type\":\"ReadAction\",\"target\":[\"https:\\\/\\\/gay.blog.br\\\/es\\\/gay-es\\\/gabeu-esta-nominado-al-grammy-latino-en-la-categoria-del-mejor-album-sertanejo\\\/\"]}]},{\"@type\":\"ImageObject\",\"inLanguage\":\"es\",\"@id\":\"https:\\\/\\\/gay.blog.br\\\/es\\\/gay-es\\\/gabeu-esta-nominado-al-grammy-latino-en-la-categoria-del-mejor-album-sertanejo\\\/#primaryimage\",\"url\":\"https:\\\/\\\/i0.wp.com\\\/gay.blog.br\\\/wp-content\\\/uploads\\\/2022\\\/09\\\/WhatsApp-Image-2022-09-20-at-11.52.34-e1663685935301.jpeg?fit=829%2C1028&ssl=1\",\"contentUrl\":\"https:\\\/\\\/i0.wp.com\\\/gay.blog.br\\\/wp-content\\\/uploads\\\/2022\\\/09\\\/WhatsApp-Image-2022-09-20-at-11.52.34-e1663685935301.jpeg?fit=829%2C1028&ssl=1\",\"width\":829,\"height\":1028,\"caption\":\"Gabeu (Foto: Reprodu\u00e7\u00e3o)\"},{\"@type\":\"BreadcrumbList\",\"@id\":\"https:\\\/\\\/gay.blog.br\\\/es\\\/gay-es\\\/gabeu-esta-nominado-al-grammy-latino-en-la-categoria-del-mejor-album-sertanejo\\\/#breadcrumb\",\"itemListElement\":[{\"@type\":\"ListItem\",\"position\":1,\"name\":\"In\u00edcio\",\"item\":\"https:\\\/\\\/gay.blog.br\\\/es\\\/\"},{\"@type\":\"ListItem\",\"position\":2,\"name\":\"Gabeu est\u00e1 nominado al Grammy Latino en la categor\u00eda del &#8220;Mejor \u00c1lbum Sertanejo&#8221;\"}]},{\"@type\":\"WebSite\",\"@id\":\"https:\\\/\\\/gay.blog.br\\\/es\\\/#website\",\"url\":\"https:\\\/\\\/gay.blog.br\\\/es\\\/\",\"name\":\"GAY BLOG BR @gayblogbr\",\"description\":\"Not\u00edcias que empoderam e\\\/ou entret\u00eam s\u00e3o especialidades da casa\",\"publisher\":{\"@id\":\"https:\\\/\\\/gay.blog.br\\\/es\\\/#organization\"},\"potentialAction\":[{\"@type\":\"SearchAction\",\"target\":{\"@type\":\"EntryPoint\",\"urlTemplate\":\"https:\\\/\\\/gay.blog.br\\\/es\\\/?s={search_term_string}\"},\"query-input\":{\"@type\":\"PropertyValueSpecification\",\"valueRequired\":true,\"valueName\":\"search_term_string\"}}],\"inLanguage\":\"es\"},{\"@type\":\"Organization\",\"@id\":\"https:\\\/\\\/gay.blog.br\\\/es\\\/#organization\",\"name\":\"GAY BLOG BR\",\"url\":\"https:\\\/\\\/gay.blog.br\\\/es\\\/\",\"logo\":{\"@type\":\"ImageObject\",\"inLanguage\":\"es\",\"@id\":\"https:\\\/\\\/gay.blog.br\\\/es\\\/#\\\/schema\\\/logo\\\/image\\\/\",\"url\":\"https:\\\/\\\/i0.wp.com\\\/gay.blog.br\\\/wp-content\\\/uploads\\\/2023\\\/08\\\/gay180px.png?fit=272%2C90&ssl=1\",\"contentUrl\":\"https:\\\/\\\/i0.wp.com\\\/gay.blog.br\\\/wp-content\\\/uploads\\\/2023\\\/08\\\/gay180px.png?fit=272%2C90&ssl=1\",\"width\":272,\"height\":90,\"caption\":\"GAY BLOG BR\"},\"image\":{\"@id\":\"https:\\\/\\\/gay.blog.br\\\/es\\\/#\\\/schema\\\/logo\\\/image\\\/\"},\"sameAs\":[\"https:\\\/\\\/facebook.com\\\/gayblogbr\",\"https:\\\/\\\/x.com\\\/gayblogbr\",\"https:\\\/\\\/instagram.com\\\/gayblogbr\",\"https:\\\/\\\/www.linkedin.com\\\/company\\\/gayblogbr\\\/\",\"https:\\\/\\\/br.pinterest.com\\\/gayblogbr\\\/\",\"https:\\\/\\\/www.youtube.com\\\/channel\\\/UCdEu3JXLOB-wvWAVUF4AIiA\",\"https:\\\/\\\/pt.wikipedia.org\\\/wiki\\\/Gay_Blog_Br\",\"https:\\\/\\\/www.threads.net\\\/@gayblogbr\"]},{\"@type\":\"Person\",\"@id\":\"https:\\\/\\\/gay.blog.br\\\/es\\\/#\\\/schema\\\/person\\\/03d1eb656e2ee43a49b0a80aff06cbbc\",\"name\":\"Deivid Pazatto\",\"image\":{\"@type\":\"ImageObject\",\"inLanguage\":\"es\",\"@id\":\"https:\\\/\\\/secure.gravatar.com\\\/avatar\\\/0609f635ccb120e06bb25c76a4a1c7bab8749cc81c3a425fd808f36a4d668fdd?s=96&d=mm&r=g\",\"url\":\"https:\\\/\\\/secure.gravatar.com\\\/avatar\\\/0609f635ccb120e06bb25c76a4a1c7bab8749cc81c3a425fd808f36a4d668fdd?s=96&d=mm&r=g\",\"contentUrl\":\"https:\\\/\\\/secure.gravatar.com\\\/avatar\\\/0609f635ccb120e06bb25c76a4a1c7bab8749cc81c3a425fd808f36a4d668fdd?s=96&d=mm&r=g\",\"caption\":\"Deivid Pazatto\"},\"description\":\"Jornalista ga\u00facho formado na Universidade Franciscana (UFN) e Especialista em Estudos de G\u00eanero pela Universidade Federal de Santa Maria (UFSM)\",\"url\":\"https:\\\/\\\/gay.blog.br\\\/es\\\/author\\\/deividpazatto\\\/\"}]}<\/script>\n<!-- \/ Yoast SEO plugin. -->","yoast_head_json":{"title":"Gabeu est\u00e1 nominado al Grammy Latino en la categor\u00eda del \"Mejor \u00c1lbum Sertanejo\"","description":"Precursor del queernejo, Gabeu compite por el Grammy Latino con el \u00e1lbum \"AGROPOC\"; la lista de nominados fue revelada el martes (20)","robots":{"index":"index","follow":"follow","max-snippet":"max-snippet:-1","max-image-preview":"max-image-preview:large","max-video-preview":"max-video-preview:-1"},"canonical":"https:\/\/gay.blog.br\/es\/gay-es\/gabeu-esta-nominado-al-grammy-latino-en-la-categoria-del-mejor-album-sertanejo\/","og_locale":"es_ES","og_type":"article","og_title":"Gabeu est\u00e1 nominado al Grammy Latino en la categor\u00eda del \"Mejor \u00c1lbum Sertanejo\"","og_description":"Precursor del queernejo, Gabeu compite por el Grammy Latino con el \u00e1lbum \"AGROPOC\"; la lista de nominados fue revelada el martes (20)","og_url":"https:\/\/gay.blog.br\/es\/gay-es\/gabeu-esta-nominado-al-grammy-latino-en-la-categoria-del-mejor-album-sertanejo\/","og_site_name":"GAY BLOG BR @gayblogbr","article_publisher":"https:\/\/facebook.com\/gayblogbr","article_published_time":"2022-09-20T15:00:38+00:00","article_modified_time":"2022-09-22T14:08:01+00:00","og_image":[{"width":829,"height":1028,"url":"https:\/\/gay.blog.br\/wp-content\/uploads\/2022\/09\/WhatsApp-Image-2022-09-20-at-11.52.34-e1663685935301.jpeg","type":"image\/jpeg"}],"author":"Deivid Pazatto","twitter_card":"summary_large_image","twitter_creator":"@gayblogbr","twitter_site":"@gayblogbr","twitter_misc":{"Escrito por":"Deivid Pazatto","Tiempo de lectura":"2 minutos"},"schema":{"@context":"https:\/\/schema.org","@graph":[{"@type":"Article","@id":"https:\/\/gay.blog.br\/es\/gay-es\/gabeu-esta-nominado-al-grammy-latino-en-la-categoria-del-mejor-album-sertanejo\/#article","isPartOf":{"@id":"https:\/\/gay.blog.br\/es\/gay-es\/gabeu-esta-nominado-al-grammy-latino-en-la-categoria-del-mejor-album-sertanejo\/"},"author":{"name":"Deivid Pazatto","@id":"https:\/\/gay.blog.br\/es\/#\/schema\/person\/03d1eb656e2ee43a49b0a80aff06cbbc"},"headline":"Gabeu est\u00e1 nominado al Grammy Latino en la categor\u00eda del \u00abMejor \u00c1lbum Sertanejo\u00bb","datePublished":"2022-09-20T15:00:38+00:00","dateModified":"2022-09-22T14:08:01+00:00","mainEntityOfPage":{"@id":"https:\/\/gay.blog.br\/es\/gay-es\/gabeu-esta-nominado-al-grammy-latino-en-la-categoria-del-mejor-album-sertanejo\/"},"wordCount":386,"commentCount":0,"publisher":{"@id":"https:\/\/gay.blog.br\/es\/#organization"},"image":{"@id":"https:\/\/gay.blog.br\/es\/gay-es\/gabeu-esta-nominado-al-grammy-latino-en-la-categoria-del-mejor-album-sertanejo\/#primaryimage"},"thumbnailUrl":"https:\/\/i0.wp.com\/gay.blog.br\/wp-content\/uploads\/2022\/09\/WhatsApp-Image-2022-09-20-at-11.52.34-e1663685935301.jpeg?fit=829%2C1028&ssl=1","keywords":["agropoc","gabeu","grammy latino"],"articleSection":["GAY","NOT\u00cdCIAS","POP"],"inLanguage":"es","potentialAction":[{"@type":"CommentAction","name":"Comment","target":["https:\/\/gay.blog.br\/es\/gay-es\/gabeu-esta-nominado-al-grammy-latino-en-la-categoria-del-mejor-album-sertanejo\/#respond"]}]},{"@type":"WebPage","@id":"https:\/\/gay.blog.br\/es\/gay-es\/gabeu-esta-nominado-al-grammy-latino-en-la-categoria-del-mejor-album-sertanejo\/","url":"https:\/\/gay.blog.br\/es\/gay-es\/gabeu-esta-nominado-al-grammy-latino-en-la-categoria-del-mejor-album-sertanejo\/","name":"Gabeu est\u00e1 nominado al Grammy Latino en la categor\u00eda del \"Mejor \u00c1lbum Sertanejo\"","isPartOf":{"@id":"https:\/\/gay.blog.br\/es\/#website"},"primaryImageOfPage":{"@id":"https:\/\/gay.blog.br\/es\/gay-es\/gabeu-esta-nominado-al-grammy-latino-en-la-categoria-del-mejor-album-sertanejo\/#primaryimage"},"image":{"@id":"https:\/\/gay.blog.br\/es\/gay-es\/gabeu-esta-nominado-al-grammy-latino-en-la-categoria-del-mejor-album-sertanejo\/#primaryimage"},"thumbnailUrl":"https:\/\/i0.wp.com\/gay.blog.br\/wp-content\/uploads\/2022\/09\/WhatsApp-Image-2022-09-20-at-11.52.34-e1663685935301.jpeg?fit=829%2C1028&ssl=1","datePublished":"2022-09-20T15:00:38+00:00","dateModified":"2022-09-22T14:08:01+00:00","description":"Precursor del queernejo, Gabeu compite por el Grammy Latino con el \u00e1lbum \"AGROPOC\"; la lista de nominados fue revelada el martes (20)","breadcrumb":{"@id":"https:\/\/gay.blog.br\/es\/gay-es\/gabeu-esta-nominado-al-grammy-latino-en-la-categoria-del-mejor-album-sertanejo\/#breadcrumb"},"inLanguage":"es","potentialAction":[{"@type":"ReadAction","target":["https:\/\/gay.blog.br\/es\/gay-es\/gabeu-esta-nominado-al-grammy-latino-en-la-categoria-del-mejor-album-sertanejo\/"]}]},{"@type":"ImageObject","inLanguage":"es","@id":"https:\/\/gay.blog.br\/es\/gay-es\/gabeu-esta-nominado-al-grammy-latino-en-la-categoria-del-mejor-album-sertanejo\/#primaryimage","url":"https:\/\/i0.wp.com\/gay.blog.br\/wp-content\/uploads\/2022\/09\/WhatsApp-Image-2022-09-20-at-11.52.34-e1663685935301.jpeg?fit=829%2C1028&ssl=1","contentUrl":"https:\/\/i0.wp.com\/gay.blog.br\/wp-content\/uploads\/2022\/09\/WhatsApp-Image-2022-09-20-at-11.52.34-e1663685935301.jpeg?fit=829%2C1028&ssl=1","width":829,"height":1028,"caption":"Gabeu (Foto: Reprodu\u00e7\u00e3o)"},{"@type":"BreadcrumbList","@id":"https:\/\/gay.blog.br\/es\/gay-es\/gabeu-esta-nominado-al-grammy-latino-en-la-categoria-del-mejor-album-sertanejo\/#breadcrumb","itemListElement":[{"@type":"ListItem","position":1,"name":"In\u00edcio","item":"https:\/\/gay.blog.br\/es\/"},{"@type":"ListItem","position":2,"name":"Gabeu est\u00e1 nominado al Grammy Latino en la categor\u00eda del &#8220;Mejor \u00c1lbum Sertanejo&#8221;"}]},{"@type":"WebSite","@id":"https:\/\/gay.blog.br\/es\/#website","url":"https:\/\/gay.blog.br\/es\/","name":"GAY BLOG BR @gayblogbr","description":"Not\u00edcias que empoderam e\/ou entret\u00eam s\u00e3o especialidades da casa","publisher":{"@id":"https:\/\/gay.blog.br\/es\/#organization"},"potentialAction":[{"@type":"SearchAction","target":{"@type":"EntryPoint","urlTemplate":"https:\/\/gay.blog.br\/es\/?s={search_term_string}"},"query-input":{"@type":"PropertyValueSpecification","valueRequired":true,"valueName":"search_term_string"}}],"inLanguage":"es"},{"@type":"Organization","@id":"https:\/\/gay.blog.br\/es\/#organization","name":"GAY BLOG BR","url":"https:\/\/gay.blog.br\/es\/","logo":{"@type":"ImageObject","inLanguage":"es","@id":"https:\/\/gay.blog.br\/es\/#\/schema\/logo\/image\/","url":"https:\/\/i0.wp.com\/gay.blog.br\/wp-content\/uploads\/2023\/08\/gay180px.png?fit=272%2C90&ssl=1","contentUrl":"https:\/\/i0.wp.com\/gay.blog.br\/wp-content\/uploads\/2023\/08\/gay180px.png?fit=272%2C90&ssl=1","width":272,"height":90,"caption":"GAY BLOG BR"},"image":{"@id":"https:\/\/gay.blog.br\/es\/#\/schema\/logo\/image\/"},"sameAs":["https:\/\/facebook.com\/gayblogbr","https:\/\/x.com\/gayblogbr","https:\/\/instagram.com\/gayblogbr","https:\/\/www.linkedin.com\/company\/gayblogbr\/","https:\/\/br.pinterest.com\/gayblogbr\/","https:\/\/www.youtube.com\/channel\/UCdEu3JXLOB-wvWAVUF4AIiA","https:\/\/pt.wikipedia.org\/wiki\/Gay_Blog_Br","https:\/\/www.threads.net\/@gayblogbr"]},{"@type":"Person","@id":"https:\/\/gay.blog.br\/es\/#\/schema\/person\/03d1eb656e2ee43a49b0a80aff06cbbc","name":"Deivid Pazatto","image":{"@type":"ImageObject","inLanguage":"es","@id":"https:\/\/secure.gravatar.com\/avatar\/0609f635ccb120e06bb25c76a4a1c7bab8749cc81c3a425fd808f36a4d668fdd?s=96&d=mm&r=g","url":"https:\/\/secure.gravatar.com\/avatar\/0609f635ccb120e06bb25c76a4a1c7bab8749cc81c3a425fd808f36a4d668fdd?s=96&d=mm&r=g","contentUrl":"https:\/\/secure.gravatar.com\/avatar\/0609f635ccb120e06bb25c76a4a1c7bab8749cc81c3a425fd808f36a4d668fdd?s=96&d=mm&r=g","caption":"Deivid Pazatto"},"description":"Jornalista ga\u00facho formado na Universidade Franciscana (UFN) e Especialista em Estudos de G\u00eanero pela Universidade Federal de Santa Maria (UFSM)","url":"https:\/\/gay.blog.br\/es\/author\/deividpazatto\/"}]}},"jetpack_publicize_connections":[],"jetpack_featured_media_url":"https:\/\/i0.wp.com\/gay.blog.br\/wp-content\/uploads\/2022\/09\/WhatsApp-Image-2022-09-20-at-11.52.34-e1663685935301.jpeg?fit=829%2C1028&ssl=1","jetpack_sharing_enabled":true,"jetpack_shortlink":"https:\/\/wp.me\/p6klkK-KkB","jetpack_likes_enabled":false,"amp_enabled":true,"_links":{"self":[{"href":"https:\/\/gay.blog.br\/es\/wp-json\/wp\/v2\/posts\/178101","targetHints":{"allow":["GET"]}}],"collection":[{"href":"https:\/\/gay.blog.br\/es\/wp-json\/wp\/v2\/posts"}],"about":[{"href":"https:\/\/gay.blog.br\/es\/wp-json\/wp\/v2\/types\/post"}],"author":[{"embeddable":true,"href":"https:\/\/gay.blog.br\/es\/wp-json\/wp\/v2\/users\/3549"}],"replies":[{"embeddable":true,"href":"https:\/\/gay.blog.br\/es\/wp-json\/wp\/v2\/comments?post=178101"}],"version-history":[{"count":1,"href":"https:\/\/gay.blog.br\/es\/wp-json\/wp\/v2\/posts\/178101\/revisions"}],"predecessor-version":[{"id":178111,"href":"https:\/\/gay.blog.br\/es\/wp-json\/wp\/v2\/posts\/178101\/revisions\/178111"}],"wp:featuredmedia":[{"embeddable":true,"href":"https:\/\/gay.blog.br\/es\/wp-json\/wp\/v2\/media\/177883"}],"wp:attachment":[{"href":"https:\/\/gay.blog.br\/es\/wp-json\/wp\/v2\/media?parent=178101"}],"wp:term":[{"taxonomy":"category","embeddable":true,"href":"https:\/\/gay.blog.br\/es\/wp-json\/wp\/v2\/categories?post=178101"},{"taxonomy":"post_tag","embeddable":true,"href":"https:\/\/gay.blog.br\/es\/wp-json\/wp\/v2\/tags?post=178101"}],"curies":[{"name":"wp","href":"https:\/\/api.w.org\/{rel}","templated":true}]}}