{"id":201622,"date":"2023-09-01T16:04:13","date_gmt":"2023-09-01T19:04:13","guid":{"rendered":"https:\/\/gay.blog.br\/?p=201622"},"modified":"2023-09-02T16:52:52","modified_gmt":"2023-09-02T19:52:52","slug":"el-director-habla-de-la-posible-continuacion-de-rojo-blanco-y-sangre-azul","status":"publish","type":"post","link":"https:\/\/gay.blog.br\/es\/cultura-es\/peliculas-tv-y-series\/el-director-habla-de-la-posible-continuacion-de-rojo-blanco-y-sangre-azul\/","title":{"rendered":"El director habla de la posible continuaci\u00f3n de \u00abRojo, Blanco y Sangre Azul\u00bb"},"content":{"rendered":"<p style=\"text-align: justify;\">La pel\u00edcula \u00ab<a href=\"https:\/\/gay.blog.br\/cultura\/filmes-tv-e-series\/amazon-divulga-primeiras-imagens-do-romance-gay-vermelho-branco-e-sangue-azul\/\">Rojo, Blanco y Sangre Azul<\/a>\u00bb se estren\u00f3 el 11 de agosto y calent\u00f3 las expectativas sobre una posible continuaci\u00f3n. Si depende del director de la producci\u00f3n, <a href=\"https:\/\/gay.blog.br\/noticias\/diretor-de-vermelho-branco-e-sangue-azul-explica-por-que-fez-questao-de-cenas-de-sexo-entre-dois-homens-no-filme\/\">Matthew L\u00f3pez<\/a>, \u00a1la respuesta es s\u00ed! En una entrevista <a href=\"https:\/\/www.teenvogue.com\/story\/red-white-and-royal-blue-director-matthew-lopez-interview\">con Teen Vogue<\/a>, expres\u00f3 su inter\u00e9s por continuar la historia de <strong>Henry<\/strong> (<a href=\"https:\/\/gay.blog.br\/tag\/nicholas-galitzine\/\">Nicholas Galitzine<\/a>) y <strong>Alex<\/strong> (<a href=\"https:\/\/gay.blog.br\/50-tons-de-boy-magia\/internautas-resgatam-cenas-de-nu-frontal-de-taylor-perez-ator-de-vermelho-branco-e-sangue-azul\/\">Taylor Zakhar Perez<\/a>).<\/p>\n<p style=\"text-align: justify;\">\u00ab<em>Me encantar\u00eda hacer una continuaci\u00f3n, siempre que tengamos una buena historia que contar. Necesitamos algo m\u00e1s que la voluntad de hacer otra pel\u00edcula<\/em>\u00ab, afirm\u00f3 <strong>L\u00f3pez<\/strong>. \u00ab<em>No creo que sea una mala idea, pero las continuaciones creadas \u00fanicamente por el deseo de continuar la historia no siempre tienen \u00e9xito.<\/em>\u00ab<\/p>\n<figure id=\"attachment_194578\" aria-describedby=\"caption-attachment-194578\" style=\"width: 1200px\" class=\"wp-caption aligncenter\"><a href=\"https:\/\/bkdr.com\/pt?utm_source=GayBlogBR&amp;utm_medium=GayBlogBR&amp;utm_campaign=GayBlogBR&amp;utm_id=GayBlog\"><img data-recalc-dims=\"1\" loading=\"lazy\" decoding=\"async\" class=\"wp-image-194578 size-full\" src=\"https:\/\/i0.wp.com\/gay.blog.br\/wp-content\/uploads\/2023\/06\/WhatsApp-Image-2023-06-13-at-14.26.08-4.jpeg?resize=696%2C465&#038;ssl=1\" alt=\"\" width=\"696\" height=\"465\" srcset=\"https:\/\/i0.wp.com\/gay.blog.br\/wp-content\/uploads\/2023\/06\/WhatsApp-Image-2023-06-13-at-14.26.08-4.jpeg?w=1200&amp;ssl=1 1200w, https:\/\/i0.wp.com\/gay.blog.br\/wp-content\/uploads\/2023\/06\/WhatsApp-Image-2023-06-13-at-14.26.08-4.jpeg?resize=300%2C201&amp;ssl=1 300w, https:\/\/i0.wp.com\/gay.blog.br\/wp-content\/uploads\/2023\/06\/WhatsApp-Image-2023-06-13-at-14.26.08-4.jpeg?resize=1024%2C684&amp;ssl=1 1024w, https:\/\/i0.wp.com\/gay.blog.br\/wp-content\/uploads\/2023\/06\/WhatsApp-Image-2023-06-13-at-14.26.08-4.jpeg?resize=150%2C100&amp;ssl=1 150w, https:\/\/i0.wp.com\/gay.blog.br\/wp-content\/uploads\/2023\/06\/WhatsApp-Image-2023-06-13-at-14.26.08-4.jpeg?resize=768%2C513&amp;ssl=1 768w, https:\/\/i0.wp.com\/gay.blog.br\/wp-content\/uploads\/2023\/06\/WhatsApp-Image-2023-06-13-at-14.26.08-4.jpeg?resize=696%2C465&amp;ssl=1 696w, https:\/\/i0.wp.com\/gay.blog.br\/wp-content\/uploads\/2023\/06\/WhatsApp-Image-2023-06-13-at-14.26.08-4.jpeg?resize=1068%2C714&amp;ssl=1 1068w, https:\/\/i0.wp.com\/gay.blog.br\/wp-content\/uploads\/2023\/06\/WhatsApp-Image-2023-06-13-at-14.26.08-4.jpeg?resize=628%2C420&amp;ssl=1 628w\" sizes=\"auto, (max-width: 696px) 100vw, 696px\" \/><\/a><figcaption id=\"caption-attachment-194578\" class=\"wp-caption-text\">\u201cRojo, Blanco y Sangre Azul\u201d (Foto: Divulgaci\u00f3n\/ Prime Video)<\/figcaption><\/figure>\n<p style=\"text-align: justify;\">Sin embargo, el cineasta insiste en la necesidad de dejar madurar la primera pel\u00edcula antes de pensar en una continuaci\u00f3n. <em>\u00abA estas alturas de la entrevista, s\u00f3lo llevamos 72 horas estrenando la pel\u00edcula. Antes de contemplar el siguiente cap\u00edtulo, quiero comprender mejor el impacto que ha tenido \u00ab<strong>Rojo, Blanco y Sangre Azul<\/strong>\u00bb en el mundo. Estoy incre\u00edblemente agradecido por la forma en que fue recibido, con tanto amor y entusiasmo<\/em>.\u00bb<\/p>\n<figure id=\"attachment_201588\" aria-describedby=\"caption-attachment-201588\" style=\"width: 681px\" class=\"wp-caption aligncenter\"><a href=\"https:\/\/scruff.app.link\/Gayblog_br_Press\"><img data-recalc-dims=\"1\" loading=\"lazy\" decoding=\"async\" class=\"size-full wp-image-201588\" src=\"https:\/\/i0.wp.com\/gay.blog.br\/wp-content\/uploads\/2023\/09\/capa-REDD.jpg?resize=681%2C383&#038;ssl=1\" alt=\"El director habla de la posible continuaci\u00f3n de \" width=\"681\" height=\"383\" srcset=\"https:\/\/i0.wp.com\/gay.blog.br\/wp-content\/uploads\/2023\/09\/capa-REDD.jpg?w=681&amp;ssl=1 681w, https:\/\/i0.wp.com\/gay.blog.br\/wp-content\/uploads\/2023\/09\/capa-REDD.jpg?resize=300%2C169&amp;ssl=1 300w, https:\/\/i0.wp.com\/gay.blog.br\/wp-content\/uploads\/2023\/09\/capa-REDD.jpg?resize=150%2C84&amp;ssl=1 150w\" sizes=\"auto, (max-width: 681px) 100vw, 681px\" \/><\/a><figcaption id=\"caption-attachment-201588\" class=\"wp-caption-text\">El director habla de la posible continuaci\u00f3n de \u00abRojo, Blanco y Sangre Azul\u00bb &#8211; Reproducci\u00f3n<\/figcaption><\/figure>\n<p style=\"text-align: justify;\">\u00ab<a href=\"https:\/\/gay.blog.br\/cultura\/filmes-tv-e-series\/filme-gay-com-taylor-perez-e-nicholas-galitzine-vermelho-branco-e-sangue-azul-encerra-filmagens\/\">Rojo, Blanco y Sangre Azul<\/a>,\u00bb inspirado en el libro de <strong>Casey McQuiston<\/strong>, cuenta la historia de amor entre <strong>Alex Claremont-D\u00edaz<\/strong>, hijo del nuevo presidente de EE.UU. (<a href=\"https:\/\/gay.blog.br\/tag\/uma-thurman\/\"><strong>Uma Thurman<\/strong><\/a>), que se convierte r\u00e1pidamente en una figura muy querida en los medios de comunicaci\u00f3n estadounidenses. Con su belleza, carisma y personalidad cautivadora, <strong>Alex<\/strong> parece destinado a seguir los pasos de sus padres y labrarse una carrera en pol\u00edtica, un deseo que alberga profundamente.<\/p>\n<figure id=\"attachment_196932\" aria-describedby=\"caption-attachment-196932\" style=\"width: 1600px\" class=\"wp-caption aligncenter\"><a href=\"https:\/\/bkdr.com\/pt?utm_source=GayBlogBR&amp;utm_medium=GayBlogBR&amp;utm_campaign=GayBlogBR&amp;utm_id=GayBlog\"><img data-recalc-dims=\"1\" loading=\"lazy\" decoding=\"async\" class=\"wp-image-196932 size-full\" src=\"https:\/\/i0.wp.com\/gay.blog.br\/wp-content\/uploads\/2023\/07\/WhatsApp-Image-2023-07-06-at-13.17.09.jpeg?resize=696%2C392&#038;ssl=1\" alt=\"\" width=\"696\" height=\"392\" srcset=\"https:\/\/i0.wp.com\/gay.blog.br\/wp-content\/uploads\/2023\/07\/WhatsApp-Image-2023-07-06-at-13.17.09.jpeg?w=1600&amp;ssl=1 1600w, https:\/\/i0.wp.com\/gay.blog.br\/wp-content\/uploads\/2023\/07\/WhatsApp-Image-2023-07-06-at-13.17.09.jpeg?resize=300%2C169&amp;ssl=1 300w, https:\/\/i0.wp.com\/gay.blog.br\/wp-content\/uploads\/2023\/07\/WhatsApp-Image-2023-07-06-at-13.17.09.jpeg?resize=1024%2C576&amp;ssl=1 1024w, https:\/\/i0.wp.com\/gay.blog.br\/wp-content\/uploads\/2023\/07\/WhatsApp-Image-2023-07-06-at-13.17.09.jpeg?resize=150%2C84&amp;ssl=1 150w, https:\/\/i0.wp.com\/gay.blog.br\/wp-content\/uploads\/2023\/07\/WhatsApp-Image-2023-07-06-at-13.17.09.jpeg?resize=768%2C432&amp;ssl=1 768w, https:\/\/i0.wp.com\/gay.blog.br\/wp-content\/uploads\/2023\/07\/WhatsApp-Image-2023-07-06-at-13.17.09.jpeg?resize=1536%2C864&amp;ssl=1 1536w, https:\/\/i0.wp.com\/gay.blog.br\/wp-content\/uploads\/2023\/07\/WhatsApp-Image-2023-07-06-at-13.17.09.jpeg?resize=696%2C392&amp;ssl=1 696w, https:\/\/i0.wp.com\/gay.blog.br\/wp-content\/uploads\/2023\/07\/WhatsApp-Image-2023-07-06-at-13.17.09.jpeg?resize=1392%2C783&amp;ssl=1 1392w, https:\/\/i0.wp.com\/gay.blog.br\/wp-content\/uploads\/2023\/07\/WhatsApp-Image-2023-07-06-at-13.17.09.jpeg?resize=1068%2C601&amp;ssl=1 1068w, https:\/\/i0.wp.com\/gay.blog.br\/wp-content\/uploads\/2023\/07\/WhatsApp-Image-2023-07-06-at-13.17.09.jpeg?resize=747%2C420&amp;ssl=1 747w, https:\/\/i0.wp.com\/gay.blog.br\/wp-content\/uploads\/2023\/07\/WhatsApp-Image-2023-07-06-at-13.17.09.jpeg?resize=1493%2C840&amp;ssl=1 1493w\" sizes=\"auto, (max-width: 696px) 100vw, 696px\" \/><\/a><figcaption id=\"caption-attachment-196932\" class=\"wp-caption-text\">\u00abRojo, Blanco y Sangre Azul\u00bb (Foto: Reproducci\u00f3n\/ Prime Video)<\/figcaption><\/figure>\n<p style=\"text-align: justify;\">Sin embargo, cuando su familia es invitada a la boda real del pr\u00edncipe brit\u00e1nico <strong>Philip,<\/strong> <strong>Alex<\/strong> se enfrenta a su primer reto diplom\u00e1tico: tratar con <strong>Henry<\/strong>, el hermano menor de Felipe y el pr\u00edncipe m\u00e1s querido del mundo, con quien se le compara a menudo y con quien mantiene una relaci\u00f3n complicada.<\/p>\n<p style=\"text-align: justify;\">El encuentro inicial entre ambos desemboca en una cat\u00e1strofe, ampliamente difundida por los medios de comunicaci\u00f3n de todo el mundo. Para evitar una crisis diplom\u00e1tica, <strong>Alex<\/strong> y <strong>Henry<\/strong> se ven obligados a pasar un fin de semana fingiendo ser mejores amigos. Sin embargo, esta fachada pronto se convierte en algo que ninguno de los dos pod\u00eda prever.<\/p>\n<figure id=\"attachment_199688\" aria-describedby=\"caption-attachment-199688\" style=\"width: 900px\" class=\"wp-caption aligncenter\"><a href=\"https:\/\/www.instagram.com\/gayblogbr\/\"><img data-recalc-dims=\"1\" loading=\"lazy\" decoding=\"async\" class=\"size-full wp-image-199688\" src=\"https:\/\/i0.wp.com\/gay.blog.br\/wp-content\/uploads\/2023\/08\/casal_filme_primevideo.jpg?resize=696%2C391&#038;ssl=1\" alt=\"El director Matthew L\u00f3pez dice que quer\u00eda retratar c\u00f3mo \" width=\"696\" height=\"391\" srcset=\"https:\/\/i0.wp.com\/gay.blog.br\/wp-content\/uploads\/2023\/08\/casal_filme_primevideo.jpg?w=900&amp;ssl=1 900w, https:\/\/i0.wp.com\/gay.blog.br\/wp-content\/uploads\/2023\/08\/casal_filme_primevideo.jpg?resize=300%2C169&amp;ssl=1 300w, https:\/\/i0.wp.com\/gay.blog.br\/wp-content\/uploads\/2023\/08\/casal_filme_primevideo.jpg?resize=150%2C84&amp;ssl=1 150w, https:\/\/i0.wp.com\/gay.blog.br\/wp-content\/uploads\/2023\/08\/casal_filme_primevideo.jpg?resize=768%2C432&amp;ssl=1 768w, https:\/\/i0.wp.com\/gay.blog.br\/wp-content\/uploads\/2023\/08\/casal_filme_primevideo.jpg?resize=696%2C391&amp;ssl=1 696w, https:\/\/i0.wp.com\/gay.blog.br\/wp-content\/uploads\/2023\/08\/casal_filme_primevideo.jpg?resize=747%2C420&amp;ssl=1 747w\" sizes=\"auto, (max-width: 696px) 100vw, 696px\" \/><\/a><figcaption id=\"caption-attachment-199688\" class=\"wp-caption-text\">Reproducci\u00f3n<\/figcaption><\/figure>\n<p style=\"text-align: justify;\">\u00ab<a href=\"https:\/\/www.primevideo.com\/detail\/amzn1.dv.gti.eaf127ca-264e-4f98-bded-486a6aff1d1c\/ref=atv_nb_lcl_pt_BR?language=pt_BR&amp;ie=UTF8\"><strong>Rojo, Blanco y Sangre Azul<\/strong><\/a>\u00bb est\u00e1 disponible en streaming en <a href=\"https:\/\/gay.blog.br\/tag\/amazon-prime-video\/\"><strong>Prime Video<\/strong><\/a>.<\/p>\n<p style=\"text-align: justify;\"><strong>Ver el trailer:<\/strong><\/p>\n<p><span class=\"embed-youtube\" style=\"text-align:center; display: block;\"><iframe loading=\"lazy\" class=\"youtube-player\" width=\"696\" height=\"392\" src=\"https:\/\/www.youtube.com\/embed\/64e2oJteP7A?version=3&#038;rel=1&#038;showsearch=0&#038;showinfo=1&#038;iv_load_policy=1&#038;fs=1&#038;hl=es-ES&#038;autohide=2&#038;wmode=transparent\" allowfullscreen=\"true\" style=\"border:0;\" sandbox=\"allow-scripts allow-same-origin allow-popups allow-presentation allow-popups-to-escape-sandbox\"><\/iframe><\/span><\/p>\n","protected":false},"excerpt":{"rendered":"<p>La pel\u00edcula se estren\u00f3 en Prime Video en agosto y el director de la producci\u00f3n ha manifestado su inter\u00e9s por continuar la historia de Henry y Alex<\/p>\n","protected":false},"author":3750,"featured_media":201590,"comment_status":"open","ping_status":"open","sticky":false,"template":"","format":"standard","meta":{"googlesitekit_rrm_CAoiEBg-BXrJeACjO8p49SE4kTY:productID":"","tdm_status":"","tdm_grid_status":"","_jetpack_newsletter_access":"","_jetpack_dont_email_post_to_subs":false,"_jetpack_newsletter_tier_id":0,"_jetpack_memberships_contains_paywalled_content":false,"_jetpack_memberships_contains_paid_content":false,"footnotes":"","jetpack_publicize_message":"El director habla de la posible continuaci\u00f3n de \"Rojo, Blanco y Sangre Azul\"","jetpack_publicize_feature_enabled":true,"jetpack_social_post_already_shared":true,"jetpack_social_options":{"image_generator_settings":{"template":"highway","default_image_id":0,"font":"","enabled":false},"version":2},"_wpas_customize_per_network":false,"jetpack_post_was_ever_published":false},"categories":[589932231,589932230],"tags":[589945605,589941888,589919311],"class_list":{"0":"post-201622","1":"post","2":"type-post","3":"status-publish","4":"format-standard","5":"has-post-thumbnail","7":"category-noticias-es","8":"category-peliculas-tv-y-series","9":"tag-branco-e-sangue-azul","10":"tag-prime-video","11":"tag-vermelho"},"yoast_head":"<!-- This site is optimized with the Yoast SEO plugin v27.4 - https:\/\/yoast.com\/product\/yoast-seo-wordpress\/ -->\n<title>\u00bf&quot;Rojo, Blanco y Sangre Azul&quot; tendr\u00e1 continuaci\u00f3n?<\/title>\n<meta name=\"description\" content=\"La pel\u00edcula se estren\u00f3 en Prime Video en agosto y el director de la producci\u00f3n ha manifestado su inter\u00e9s por continuar la historia de Henry y Alex\" \/>\n<meta name=\"robots\" content=\"index, follow, max-snippet:-1, max-image-preview:large, max-video-preview:-1\" \/>\n<link rel=\"canonical\" href=\"https:\/\/gay.blog.br\/es\/cultura-es\/peliculas-tv-y-series\/el-director-habla-de-la-posible-continuacion-de-rojo-blanco-y-sangre-azul\/\" \/>\n<meta property=\"og:locale\" content=\"es_ES\" \/>\n<meta property=\"og:type\" content=\"article\" \/>\n<meta property=\"og:title\" content=\"\u00bf&quot;Rojo, Blanco y Sangre Azul&quot; tendr\u00e1 continuaci\u00f3n?\" \/>\n<meta property=\"og:description\" content=\"La pel\u00edcula se estren\u00f3 en Prime Video en agosto y el director de la producci\u00f3n ha manifestado su inter\u00e9s por continuar la historia de Henry y Alex\" \/>\n<meta property=\"og:url\" content=\"https:\/\/gay.blog.br\/es\/cultura-es\/peliculas-tv-y-series\/el-director-habla-de-la-posible-continuacion-de-rojo-blanco-y-sangre-azul\/\" \/>\n<meta property=\"og:site_name\" content=\"GAY BLOG BR @gayblogbr\" \/>\n<meta property=\"article:publisher\" content=\"https:\/\/facebook.com\/gayblogbr\" \/>\n<meta property=\"article:author\" content=\"https:\/\/www.facebook.com\/gayblogbr\/\" \/>\n<meta property=\"article:published_time\" content=\"2023-09-01T19:04:13+00:00\" \/>\n<meta property=\"article:modified_time\" content=\"2023-09-02T19:52:52+00:00\" \/>\n<meta property=\"og:image\" content=\"https:\/\/gay.blog.br\/wp-content\/uploads\/2023\/09\/capa-REDD.jpg\" \/>\n\t<meta property=\"og:image:width\" content=\"681\" \/>\n\t<meta property=\"og:image:height\" content=\"383\" \/>\n\t<meta property=\"og:image:type\" content=\"image\/jpeg\" \/>\n<meta name=\"author\" content=\"J\u00falio Boll\" \/>\n<meta name=\"twitter:card\" content=\"summary_large_image\" \/>\n<meta name=\"twitter:creator\" content=\"@https:\/\/www.twitter.com\/gayblogbr\/\" \/>\n<meta name=\"twitter:site\" content=\"@gayblogbr\" \/>\n<meta name=\"twitter:label1\" content=\"Escrito por\" \/>\n\t<meta name=\"twitter:data1\" content=\"J\u00falio Boll\" \/>\n\t<meta name=\"twitter:label2\" content=\"Tiempo de lectura\" \/>\n\t<meta name=\"twitter:data2\" content=\"4 minutos\" \/>\n<script type=\"application\/ld+json\" class=\"yoast-schema-graph\">{\"@context\":\"https:\\\/\\\/schema.org\",\"@graph\":[{\"@type\":\"Article\",\"@id\":\"https:\\\/\\\/gay.blog.br\\\/es\\\/cultura-es\\\/peliculas-tv-y-series\\\/el-director-habla-de-la-posible-continuacion-de-rojo-blanco-y-sangre-azul\\\/#article\",\"isPartOf\":{\"@id\":\"https:\\\/\\\/gay.blog.br\\\/es\\\/cultura-es\\\/peliculas-tv-y-series\\\/el-director-habla-de-la-posible-continuacion-de-rojo-blanco-y-sangre-azul\\\/\"},\"author\":{\"name\":\"J\u00falio Boll\",\"@id\":\"https:\\\/\\\/gay.blog.br\\\/es\\\/#\\\/schema\\\/person\\\/42b9bc554d55c135a0202e928516fc95\"},\"headline\":\"El director habla de la posible continuaci\u00f3n de \u00abRojo, Blanco y Sangre Azul\u00bb\",\"datePublished\":\"2023-09-01T19:04:13+00:00\",\"dateModified\":\"2023-09-02T19:52:52+00:00\",\"mainEntityOfPage\":{\"@id\":\"https:\\\/\\\/gay.blog.br\\\/es\\\/cultura-es\\\/peliculas-tv-y-series\\\/el-director-habla-de-la-posible-continuacion-de-rojo-blanco-y-sangre-azul\\\/\"},\"wordCount\":490,\"commentCount\":0,\"publisher\":{\"@id\":\"https:\\\/\\\/gay.blog.br\\\/es\\\/#organization\"},\"image\":{\"@id\":\"https:\\\/\\\/gay.blog.br\\\/es\\\/cultura-es\\\/peliculas-tv-y-series\\\/el-director-habla-de-la-posible-continuacion-de-rojo-blanco-y-sangre-azul\\\/#primaryimage\"},\"thumbnailUrl\":\"https:\\\/\\\/i0.wp.com\\\/gay.blog.br\\\/wp-content\\\/uploads\\\/2023\\\/09\\\/capa-REDD.jpg?fit=681%2C383&ssl=1\",\"keywords\":[\"Branco e Sangue Azul\",\"Prime Video\",\"vermelho\"],\"articleSection\":[\"NOT\u00cdCIAS\",\"PEL\u00cdCULAS, TV y SERIES\"],\"inLanguage\":\"es\",\"potentialAction\":[{\"@type\":\"CommentAction\",\"name\":\"Comment\",\"target\":[\"https:\\\/\\\/gay.blog.br\\\/es\\\/cultura-es\\\/peliculas-tv-y-series\\\/el-director-habla-de-la-posible-continuacion-de-rojo-blanco-y-sangre-azul\\\/#respond\"]}]},{\"@type\":\"WebPage\",\"@id\":\"https:\\\/\\\/gay.blog.br\\\/es\\\/cultura-es\\\/peliculas-tv-y-series\\\/el-director-habla-de-la-posible-continuacion-de-rojo-blanco-y-sangre-azul\\\/\",\"url\":\"https:\\\/\\\/gay.blog.br\\\/es\\\/cultura-es\\\/peliculas-tv-y-series\\\/el-director-habla-de-la-posible-continuacion-de-rojo-blanco-y-sangre-azul\\\/\",\"name\":\"\u00bf\\\"Rojo, Blanco y Sangre Azul\\\" tendr\u00e1 continuaci\u00f3n?\",\"isPartOf\":{\"@id\":\"https:\\\/\\\/gay.blog.br\\\/es\\\/#website\"},\"primaryImageOfPage\":{\"@id\":\"https:\\\/\\\/gay.blog.br\\\/es\\\/cultura-es\\\/peliculas-tv-y-series\\\/el-director-habla-de-la-posible-continuacion-de-rojo-blanco-y-sangre-azul\\\/#primaryimage\"},\"image\":{\"@id\":\"https:\\\/\\\/gay.blog.br\\\/es\\\/cultura-es\\\/peliculas-tv-y-series\\\/el-director-habla-de-la-posible-continuacion-de-rojo-blanco-y-sangre-azul\\\/#primaryimage\"},\"thumbnailUrl\":\"https:\\\/\\\/i0.wp.com\\\/gay.blog.br\\\/wp-content\\\/uploads\\\/2023\\\/09\\\/capa-REDD.jpg?fit=681%2C383&ssl=1\",\"datePublished\":\"2023-09-01T19:04:13+00:00\",\"dateModified\":\"2023-09-02T19:52:52+00:00\",\"description\":\"La pel\u00edcula se estren\u00f3 en Prime Video en agosto y el director de la producci\u00f3n ha manifestado su inter\u00e9s por continuar la historia de Henry y Alex\",\"breadcrumb\":{\"@id\":\"https:\\\/\\\/gay.blog.br\\\/es\\\/cultura-es\\\/peliculas-tv-y-series\\\/el-director-habla-de-la-posible-continuacion-de-rojo-blanco-y-sangre-azul\\\/#breadcrumb\"},\"inLanguage\":\"es\",\"potentialAction\":[{\"@type\":\"ReadAction\",\"target\":[\"https:\\\/\\\/gay.blog.br\\\/es\\\/cultura-es\\\/peliculas-tv-y-series\\\/el-director-habla-de-la-posible-continuacion-de-rojo-blanco-y-sangre-azul\\\/\"]}]},{\"@type\":\"ImageObject\",\"inLanguage\":\"es\",\"@id\":\"https:\\\/\\\/gay.blog.br\\\/es\\\/cultura-es\\\/peliculas-tv-y-series\\\/el-director-habla-de-la-posible-continuacion-de-rojo-blanco-y-sangre-azul\\\/#primaryimage\",\"url\":\"https:\\\/\\\/i0.wp.com\\\/gay.blog.br\\\/wp-content\\\/uploads\\\/2023\\\/09\\\/capa-REDD.jpg?fit=681%2C383&ssl=1\",\"contentUrl\":\"https:\\\/\\\/i0.wp.com\\\/gay.blog.br\\\/wp-content\\\/uploads\\\/2023\\\/09\\\/capa-REDD.jpg?fit=681%2C383&ssl=1\",\"width\":681,\"height\":383,\"caption\":\"Diretor fala sobre poss\u00edvel continua\u00e7\u00e3o de \\\"Vermelho, Branco e Sangue Azul\\\" - Reprodu\u00e7\u00e3o\"},{\"@type\":\"BreadcrumbList\",\"@id\":\"https:\\\/\\\/gay.blog.br\\\/es\\\/cultura-es\\\/peliculas-tv-y-series\\\/el-director-habla-de-la-posible-continuacion-de-rojo-blanco-y-sangre-azul\\\/#breadcrumb\",\"itemListElement\":[{\"@type\":\"ListItem\",\"position\":1,\"name\":\"In\u00edcio\",\"item\":\"https:\\\/\\\/gay.blog.br\\\/es\\\/\"},{\"@type\":\"ListItem\",\"position\":2,\"name\":\"El director habla de la posible continuaci\u00f3n de &#8220;Rojo, Blanco y Sangre Azul&#8221;\"}]},{\"@type\":\"WebSite\",\"@id\":\"https:\\\/\\\/gay.blog.br\\\/es\\\/#website\",\"url\":\"https:\\\/\\\/gay.blog.br\\\/es\\\/\",\"name\":\"GAY BLOG BR @gayblogbr\",\"description\":\"Not\u00edcias que empoderam e\\\/ou entret\u00eam s\u00e3o especialidades da casa\",\"publisher\":{\"@id\":\"https:\\\/\\\/gay.blog.br\\\/es\\\/#organization\"},\"potentialAction\":[{\"@type\":\"SearchAction\",\"target\":{\"@type\":\"EntryPoint\",\"urlTemplate\":\"https:\\\/\\\/gay.blog.br\\\/es\\\/?s={search_term_string}\"},\"query-input\":{\"@type\":\"PropertyValueSpecification\",\"valueRequired\":true,\"valueName\":\"search_term_string\"}}],\"inLanguage\":\"es\"},{\"@type\":\"Organization\",\"@id\":\"https:\\\/\\\/gay.blog.br\\\/es\\\/#organization\",\"name\":\"GAY BLOG BR\",\"url\":\"https:\\\/\\\/gay.blog.br\\\/es\\\/\",\"logo\":{\"@type\":\"ImageObject\",\"inLanguage\":\"es\",\"@id\":\"https:\\\/\\\/gay.blog.br\\\/es\\\/#\\\/schema\\\/logo\\\/image\\\/\",\"url\":\"https:\\\/\\\/i0.wp.com\\\/gay.blog.br\\\/wp-content\\\/uploads\\\/2023\\\/08\\\/gay180px.png?fit=272%2C90&ssl=1\",\"contentUrl\":\"https:\\\/\\\/i0.wp.com\\\/gay.blog.br\\\/wp-content\\\/uploads\\\/2023\\\/08\\\/gay180px.png?fit=272%2C90&ssl=1\",\"width\":272,\"height\":90,\"caption\":\"GAY BLOG BR\"},\"image\":{\"@id\":\"https:\\\/\\\/gay.blog.br\\\/es\\\/#\\\/schema\\\/logo\\\/image\\\/\"},\"sameAs\":[\"https:\\\/\\\/facebook.com\\\/gayblogbr\",\"https:\\\/\\\/x.com\\\/gayblogbr\",\"https:\\\/\\\/instagram.com\\\/gayblogbr\",\"https:\\\/\\\/www.linkedin.com\\\/company\\\/gayblogbr\\\/\",\"https:\\\/\\\/br.pinterest.com\\\/gayblogbr\\\/\",\"https:\\\/\\\/www.youtube.com\\\/channel\\\/UCdEu3JXLOB-wvWAVUF4AIiA\",\"https:\\\/\\\/pt.wikipedia.org\\\/wiki\\\/Gay_Blog_Br\",\"https:\\\/\\\/www.threads.net\\\/@gayblogbr\"]},{\"@type\":\"Person\",\"@id\":\"https:\\\/\\\/gay.blog.br\\\/es\\\/#\\\/schema\\\/person\\\/42b9bc554d55c135a0202e928516fc95\",\"name\":\"J\u00falio Boll\",\"image\":{\"@type\":\"ImageObject\",\"inLanguage\":\"es\",\"@id\":\"https:\\\/\\\/secure.gravatar.com\\\/avatar\\\/556e6c4bf591074faa5c918e36981eae66d54401f993f49ed16f3503e35c616b?s=96&d=mm&r=g\",\"url\":\"https:\\\/\\\/secure.gravatar.com\\\/avatar\\\/556e6c4bf591074faa5c918e36981eae66d54401f993f49ed16f3503e35c616b?s=96&d=mm&r=g\",\"contentUrl\":\"https:\\\/\\\/secure.gravatar.com\\\/avatar\\\/556e6c4bf591074faa5c918e36981eae66d54401f993f49ed16f3503e35c616b?s=96&d=mm&r=g\",\"caption\":\"J\u00falio Boll\"},\"sameAs\":[\"https:\\\/\\\/www.facebook.com\\\/gayblogbr\\\/\",\"https:\\\/\\\/www.instagram.com\\\/gayblogbr\\\/\",\"https:\\\/\\\/www.linkedin.com\\\/company\\\/gayblogbr\",\"https:\\\/\\\/pinterest.com\\\/gayblogbr\\\/\",\"https:\\\/\\\/x.com\\\/https:\\\/\\\/www.twitter.com\\\/gayblogbr\\\/\",\"https:\\\/\\\/youtube.com\\\/gayblogbr\",\"https:\\\/\\\/naoegayse.tumblr.com\\\/\",\"https:\\\/\\\/pt.wikipedia.org\\\/wiki\\\/Gay_Blog_Br\"],\"url\":\"https:\\\/\\\/gay.blog.br\\\/es\\\/author\\\/gustavob\\\/\"}]}<\/script>\n<!-- \/ Yoast SEO plugin. -->","yoast_head_json":{"title":"\u00bf\"Rojo, Blanco y Sangre Azul\" tendr\u00e1 continuaci\u00f3n?","description":"La pel\u00edcula se estren\u00f3 en Prime Video en agosto y el director de la producci\u00f3n ha manifestado su inter\u00e9s por continuar la historia de Henry y Alex","robots":{"index":"index","follow":"follow","max-snippet":"max-snippet:-1","max-image-preview":"max-image-preview:large","max-video-preview":"max-video-preview:-1"},"canonical":"https:\/\/gay.blog.br\/es\/cultura-es\/peliculas-tv-y-series\/el-director-habla-de-la-posible-continuacion-de-rojo-blanco-y-sangre-azul\/","og_locale":"es_ES","og_type":"article","og_title":"\u00bf\"Rojo, Blanco y Sangre Azul\" tendr\u00e1 continuaci\u00f3n?","og_description":"La pel\u00edcula se estren\u00f3 en Prime Video en agosto y el director de la producci\u00f3n ha manifestado su inter\u00e9s por continuar la historia de Henry y Alex","og_url":"https:\/\/gay.blog.br\/es\/cultura-es\/peliculas-tv-y-series\/el-director-habla-de-la-posible-continuacion-de-rojo-blanco-y-sangre-azul\/","og_site_name":"GAY BLOG BR @gayblogbr","article_publisher":"https:\/\/facebook.com\/gayblogbr","article_author":"https:\/\/www.facebook.com\/gayblogbr\/","article_published_time":"2023-09-01T19:04:13+00:00","article_modified_time":"2023-09-02T19:52:52+00:00","og_image":[{"width":681,"height":383,"url":"https:\/\/gay.blog.br\/wp-content\/uploads\/2023\/09\/capa-REDD.jpg","type":"image\/jpeg"}],"author":"J\u00falio Boll","twitter_card":"summary_large_image","twitter_creator":"@https:\/\/www.twitter.com\/gayblogbr\/","twitter_site":"@gayblogbr","twitter_misc":{"Escrito por":"J\u00falio Boll","Tiempo de lectura":"4 minutos"},"schema":{"@context":"https:\/\/schema.org","@graph":[{"@type":"Article","@id":"https:\/\/gay.blog.br\/es\/cultura-es\/peliculas-tv-y-series\/el-director-habla-de-la-posible-continuacion-de-rojo-blanco-y-sangre-azul\/#article","isPartOf":{"@id":"https:\/\/gay.blog.br\/es\/cultura-es\/peliculas-tv-y-series\/el-director-habla-de-la-posible-continuacion-de-rojo-blanco-y-sangre-azul\/"},"author":{"name":"J\u00falio Boll","@id":"https:\/\/gay.blog.br\/es\/#\/schema\/person\/42b9bc554d55c135a0202e928516fc95"},"headline":"El director habla de la posible continuaci\u00f3n de \u00abRojo, Blanco y Sangre Azul\u00bb","datePublished":"2023-09-01T19:04:13+00:00","dateModified":"2023-09-02T19:52:52+00:00","mainEntityOfPage":{"@id":"https:\/\/gay.blog.br\/es\/cultura-es\/peliculas-tv-y-series\/el-director-habla-de-la-posible-continuacion-de-rojo-blanco-y-sangre-azul\/"},"wordCount":490,"commentCount":0,"publisher":{"@id":"https:\/\/gay.blog.br\/es\/#organization"},"image":{"@id":"https:\/\/gay.blog.br\/es\/cultura-es\/peliculas-tv-y-series\/el-director-habla-de-la-posible-continuacion-de-rojo-blanco-y-sangre-azul\/#primaryimage"},"thumbnailUrl":"https:\/\/i0.wp.com\/gay.blog.br\/wp-content\/uploads\/2023\/09\/capa-REDD.jpg?fit=681%2C383&ssl=1","keywords":["Branco e Sangue Azul","Prime Video","vermelho"],"articleSection":["NOT\u00cdCIAS","PEL\u00cdCULAS, TV y SERIES"],"inLanguage":"es","potentialAction":[{"@type":"CommentAction","name":"Comment","target":["https:\/\/gay.blog.br\/es\/cultura-es\/peliculas-tv-y-series\/el-director-habla-de-la-posible-continuacion-de-rojo-blanco-y-sangre-azul\/#respond"]}]},{"@type":"WebPage","@id":"https:\/\/gay.blog.br\/es\/cultura-es\/peliculas-tv-y-series\/el-director-habla-de-la-posible-continuacion-de-rojo-blanco-y-sangre-azul\/","url":"https:\/\/gay.blog.br\/es\/cultura-es\/peliculas-tv-y-series\/el-director-habla-de-la-posible-continuacion-de-rojo-blanco-y-sangre-azul\/","name":"\u00bf\"Rojo, Blanco y Sangre Azul\" tendr\u00e1 continuaci\u00f3n?","isPartOf":{"@id":"https:\/\/gay.blog.br\/es\/#website"},"primaryImageOfPage":{"@id":"https:\/\/gay.blog.br\/es\/cultura-es\/peliculas-tv-y-series\/el-director-habla-de-la-posible-continuacion-de-rojo-blanco-y-sangre-azul\/#primaryimage"},"image":{"@id":"https:\/\/gay.blog.br\/es\/cultura-es\/peliculas-tv-y-series\/el-director-habla-de-la-posible-continuacion-de-rojo-blanco-y-sangre-azul\/#primaryimage"},"thumbnailUrl":"https:\/\/i0.wp.com\/gay.blog.br\/wp-content\/uploads\/2023\/09\/capa-REDD.jpg?fit=681%2C383&ssl=1","datePublished":"2023-09-01T19:04:13+00:00","dateModified":"2023-09-02T19:52:52+00:00","description":"La pel\u00edcula se estren\u00f3 en Prime Video en agosto y el director de la producci\u00f3n ha manifestado su inter\u00e9s por continuar la historia de Henry y Alex","breadcrumb":{"@id":"https:\/\/gay.blog.br\/es\/cultura-es\/peliculas-tv-y-series\/el-director-habla-de-la-posible-continuacion-de-rojo-blanco-y-sangre-azul\/#breadcrumb"},"inLanguage":"es","potentialAction":[{"@type":"ReadAction","target":["https:\/\/gay.blog.br\/es\/cultura-es\/peliculas-tv-y-series\/el-director-habla-de-la-posible-continuacion-de-rojo-blanco-y-sangre-azul\/"]}]},{"@type":"ImageObject","inLanguage":"es","@id":"https:\/\/gay.blog.br\/es\/cultura-es\/peliculas-tv-y-series\/el-director-habla-de-la-posible-continuacion-de-rojo-blanco-y-sangre-azul\/#primaryimage","url":"https:\/\/i0.wp.com\/gay.blog.br\/wp-content\/uploads\/2023\/09\/capa-REDD.jpg?fit=681%2C383&ssl=1","contentUrl":"https:\/\/i0.wp.com\/gay.blog.br\/wp-content\/uploads\/2023\/09\/capa-REDD.jpg?fit=681%2C383&ssl=1","width":681,"height":383,"caption":"Diretor fala sobre poss\u00edvel continua\u00e7\u00e3o de \"Vermelho, Branco e Sangue Azul\" - Reprodu\u00e7\u00e3o"},{"@type":"BreadcrumbList","@id":"https:\/\/gay.blog.br\/es\/cultura-es\/peliculas-tv-y-series\/el-director-habla-de-la-posible-continuacion-de-rojo-blanco-y-sangre-azul\/#breadcrumb","itemListElement":[{"@type":"ListItem","position":1,"name":"In\u00edcio","item":"https:\/\/gay.blog.br\/es\/"},{"@type":"ListItem","position":2,"name":"El director habla de la posible continuaci\u00f3n de &#8220;Rojo, Blanco y Sangre Azul&#8221;"}]},{"@type":"WebSite","@id":"https:\/\/gay.blog.br\/es\/#website","url":"https:\/\/gay.blog.br\/es\/","name":"GAY BLOG BR @gayblogbr","description":"Not\u00edcias que empoderam e\/ou entret\u00eam s\u00e3o especialidades da casa","publisher":{"@id":"https:\/\/gay.blog.br\/es\/#organization"},"potentialAction":[{"@type":"SearchAction","target":{"@type":"EntryPoint","urlTemplate":"https:\/\/gay.blog.br\/es\/?s={search_term_string}"},"query-input":{"@type":"PropertyValueSpecification","valueRequired":true,"valueName":"search_term_string"}}],"inLanguage":"es"},{"@type":"Organization","@id":"https:\/\/gay.blog.br\/es\/#organization","name":"GAY BLOG BR","url":"https:\/\/gay.blog.br\/es\/","logo":{"@type":"ImageObject","inLanguage":"es","@id":"https:\/\/gay.blog.br\/es\/#\/schema\/logo\/image\/","url":"https:\/\/i0.wp.com\/gay.blog.br\/wp-content\/uploads\/2023\/08\/gay180px.png?fit=272%2C90&ssl=1","contentUrl":"https:\/\/i0.wp.com\/gay.blog.br\/wp-content\/uploads\/2023\/08\/gay180px.png?fit=272%2C90&ssl=1","width":272,"height":90,"caption":"GAY BLOG BR"},"image":{"@id":"https:\/\/gay.blog.br\/es\/#\/schema\/logo\/image\/"},"sameAs":["https:\/\/facebook.com\/gayblogbr","https:\/\/x.com\/gayblogbr","https:\/\/instagram.com\/gayblogbr","https:\/\/www.linkedin.com\/company\/gayblogbr\/","https:\/\/br.pinterest.com\/gayblogbr\/","https:\/\/www.youtube.com\/channel\/UCdEu3JXLOB-wvWAVUF4AIiA","https:\/\/pt.wikipedia.org\/wiki\/Gay_Blog_Br","https:\/\/www.threads.net\/@gayblogbr"]},{"@type":"Person","@id":"https:\/\/gay.blog.br\/es\/#\/schema\/person\/42b9bc554d55c135a0202e928516fc95","name":"J\u00falio Boll","image":{"@type":"ImageObject","inLanguage":"es","@id":"https:\/\/secure.gravatar.com\/avatar\/556e6c4bf591074faa5c918e36981eae66d54401f993f49ed16f3503e35c616b?s=96&d=mm&r=g","url":"https:\/\/secure.gravatar.com\/avatar\/556e6c4bf591074faa5c918e36981eae66d54401f993f49ed16f3503e35c616b?s=96&d=mm&r=g","contentUrl":"https:\/\/secure.gravatar.com\/avatar\/556e6c4bf591074faa5c918e36981eae66d54401f993f49ed16f3503e35c616b?s=96&d=mm&r=g","caption":"J\u00falio Boll"},"sameAs":["https:\/\/www.facebook.com\/gayblogbr\/","https:\/\/www.instagram.com\/gayblogbr\/","https:\/\/www.linkedin.com\/company\/gayblogbr","https:\/\/pinterest.com\/gayblogbr\/","https:\/\/x.com\/https:\/\/www.twitter.com\/gayblogbr\/","https:\/\/youtube.com\/gayblogbr","https:\/\/naoegayse.tumblr.com\/","https:\/\/pt.wikipedia.org\/wiki\/Gay_Blog_Br"],"url":"https:\/\/gay.blog.br\/es\/author\/gustavob\/"}]}},"jetpack_publicize_connections":[],"jetpack_featured_media_url":"https:\/\/i0.wp.com\/gay.blog.br\/wp-content\/uploads\/2023\/09\/capa-REDD.jpg?fit=681%2C383&ssl=1","jetpack_sharing_enabled":true,"jetpack_shortlink":"https:\/\/wp.me\/p6klkK-QrY","jetpack_likes_enabled":false,"amp_enabled":true,"_links":{"self":[{"href":"https:\/\/gay.blog.br\/es\/wp-json\/wp\/v2\/posts\/201622","targetHints":{"allow":["GET"]}}],"collection":[{"href":"https:\/\/gay.blog.br\/es\/wp-json\/wp\/v2\/posts"}],"about":[{"href":"https:\/\/gay.blog.br\/es\/wp-json\/wp\/v2\/types\/post"}],"author":[{"embeddable":true,"href":"https:\/\/gay.blog.br\/es\/wp-json\/wp\/v2\/users\/3750"}],"replies":[{"embeddable":true,"href":"https:\/\/gay.blog.br\/es\/wp-json\/wp\/v2\/comments?post=201622"}],"version-history":[{"count":1,"href":"https:\/\/gay.blog.br\/es\/wp-json\/wp\/v2\/posts\/201622\/revisions"}],"predecessor-version":[{"id":201657,"href":"https:\/\/gay.blog.br\/es\/wp-json\/wp\/v2\/posts\/201622\/revisions\/201657"}],"wp:featuredmedia":[{"embeddable":true,"href":"https:\/\/gay.blog.br\/es\/wp-json\/wp\/v2\/media\/201590"}],"wp:attachment":[{"href":"https:\/\/gay.blog.br\/es\/wp-json\/wp\/v2\/media?parent=201622"}],"wp:term":[{"taxonomy":"category","embeddable":true,"href":"https:\/\/gay.blog.br\/es\/wp-json\/wp\/v2\/categories?post=201622"},{"taxonomy":"post_tag","embeddable":true,"href":"https:\/\/gay.blog.br\/es\/wp-json\/wp\/v2\/tags?post=201622"}],"curies":[{"name":"wp","href":"https:\/\/api.w.org\/{rel}","templated":true}]}}