{"id":205232,"date":"2023-09-28T01:15:48","date_gmt":"2023-09-28T04:15:48","guid":{"rendered":"https:\/\/gay.blog.br\/?p=205232"},"modified":"2023-10-29T18:38:00","modified_gmt":"2023-10-29T21:38:00","slug":"jose-condessa-habla-de-las-escenas-de-sexo-gay-en-extrana-forma-de-vivir","status":"publish","type":"post","link":"https:\/\/gay.blog.br\/es\/cultura-es\/peliculas-tv-y-series\/jose-condessa-habla-de-las-escenas-de-sexo-gay-en-extrana-forma-de-vivir\/","title":{"rendered":"Jos\u00e9 Condessa habla de las escenas de sexo gay en &#8216;Extra\u00f1a Forma de Vivir&#8217;"},"content":{"rendered":"<p style=\"text-align: justify;\">El actor portugu\u00e9s <b>Jos\u00e9 Condessa (26)<\/b><span style=\"font-weight: 400;\">, que ya estuvo en pantalla en Brasil en la telenovela <em>\u00abSalve-se Quem Puder\u00bb (S\u00e1lvese Quien Pueda)<\/em>, de Rede Globo,<\/span><span style=\"font-weight: 400;\">interpreta a uno de los personajes centrales de la pel\u00edcula <a href=\"https:\/\/gay.blog.br\/tag\/estranha-forma-de-vida\/\"><strong>\u00abEstranha Forma de Vida\u00bb (Extra\u00f1a Forma de Vivir)<\/strong><\/a>, de<\/span><a href=\"https:\/\/gay.blog.br\/?s=almod%C3%B3var\"><b>Pedro Almod\u00f3var<\/b><\/a>, estrenada el d\u00eda 14.<\/p>\n<figure id=\"attachment_203298\" aria-describedby=\"caption-attachment-203298\" style=\"width: 976px\" class=\"wp-caption aligncenter\"><a href=\"https:\/\/scruff.app.link\/Gayblog_br_Press\"><img data-recalc-dims=\"1\" loading=\"lazy\" decoding=\"async\" class=\"size-full wp-image-203298\" src=\"https:\/\/i0.wp.com\/gay.blog.br\/wp-content\/uploads\/2023\/09\/AnyConv.com__Jose-Condessa-Almodovar-Jason-Fernandez.jpg?resize=696%2C392&#038;ssl=1\" alt=\"Jos\u00e9 Condessa, Pedro Almod\u00f3var y Jason Fern\u00e1ndez - Reproducci\u00f3n\" width=\"696\" height=\"392\" srcset=\"https:\/\/i0.wp.com\/gay.blog.br\/wp-content\/uploads\/2023\/09\/AnyConv.com__Jose-Condessa-Almodovar-Jason-Fernandez.jpg?w=976&amp;ssl=1 976w, https:\/\/i0.wp.com\/gay.blog.br\/wp-content\/uploads\/2023\/09\/AnyConv.com__Jose-Condessa-Almodovar-Jason-Fernandez.jpg?resize=300%2C169&amp;ssl=1 300w, https:\/\/i0.wp.com\/gay.blog.br\/wp-content\/uploads\/2023\/09\/AnyConv.com__Jose-Condessa-Almodovar-Jason-Fernandez.jpg?resize=150%2C84&amp;ssl=1 150w, https:\/\/i0.wp.com\/gay.blog.br\/wp-content\/uploads\/2023\/09\/AnyConv.com__Jose-Condessa-Almodovar-Jason-Fernandez.jpg?resize=768%2C432&amp;ssl=1 768w, https:\/\/i0.wp.com\/gay.blog.br\/wp-content\/uploads\/2023\/09\/AnyConv.com__Jose-Condessa-Almodovar-Jason-Fernandez.jpg?resize=696%2C392&amp;ssl=1 696w, https:\/\/i0.wp.com\/gay.blog.br\/wp-content\/uploads\/2023\/09\/AnyConv.com__Jose-Condessa-Almodovar-Jason-Fernandez.jpg?resize=747%2C420&amp;ssl=1 747w\" sizes=\"auto, (max-width: 696px) 100vw, 696px\" \/><\/a><figcaption id=\"caption-attachment-203298\" class=\"wp-caption-text\">Jos\u00e9 Condessa, Pedro Almod\u00f3var y Jason Fern\u00e1ndez &#8211; Reproducci\u00f3n<\/figcaption><\/figure>\n<p style=\"text-align: justify;\"><span style=\"font-weight: 400;\">En una entrevista concedida al sitio portugu\u00e9s <a href=\"https:\/\/selfie.iol.pt\/famosos\/jose-condessa\/do-assedio-feminino-e-masculino-as-cenas-gay-jose-condessa-conta-tudo\/20230922\/650dae2ad34e371fc0b7ebc4\">Selfie<\/a>, el lisboeta coment\u00f3 la reci\u00e9n estrenada producci\u00f3n y su participaci\u00f3n en una de las escenas m\u00e1s intensas de la trama, en la que besa apasionadamente a otro hombre. <\/span><\/p>\n<p style=\"text-align: justify;\"><span style=\"font-weight: 400;\"><em>\u00abDurante mucho tiempo, eso se mantuvo en secreto. Esta es una pel\u00edcula sobre el amor gay, y punto. Deber\u00eda celebrarse de principio a fin, porque ese es el prop\u00f3sito de la pel\u00edcula.\u00bb<\/em>, subray\u00f3 el actor.<\/span><\/p>\n<figure style=\"width: 682px\" class=\"wp-caption aligncenter\"><a href=\"https:\/\/scruff.app.link\/Gayblog_br_Press\"><img loading=\"lazy\" decoding=\"async\" src=\"https:\/\/i0.wp.com\/instinctmagazine.com\/wp-content\/uploads\/2023\/04\/305840618_8877889385569984_8140599918829539907_n.jpg?resize=650%2C813&amp;quality=100&amp;strip=all&amp;ssl=1\" alt=\"Meet 'Strange Way of Life' Actor Jos\u00e9 Condessa \u2022 Instinct Magazine\" width=\"682\" height=\"853\" \/><\/a><figcaption class=\"wp-caption-text\">Jos\u00e9 Condessa y Pedro Almod\u00f3var (Foto: Reproducci\u00f3n)<\/figcaption><\/figure>\n<p style=\"text-align: justify;\"><span style=\"font-weight: 400;\">El artista nos asegur\u00f3 que las escenas en cuesti\u00f3n eran desafiantes, pero que las abordaba con el mismo enfoque con el que abordar\u00eda las escenas de emoci\u00f3n e intimidad con una mujer. <\/span><\/p>\n<p style=\"text-align: justify;\"><span style=\"font-weight: 400;\"><em>\u00ab<\/em><\/span><span style=\"font-weight: 400;\"><em>Para m\u00ed, en una escena de emoci\u00f3n o sexo, siempre hay un reto intr\u00ednseco, ya sea con un hombre o con una mujer. Yo lo veo de la misma manera. Sirvo a un prop\u00f3sito art\u00edstico. Es un error pensar lo contrario, porque implicar\u00eda que por estar con una mujer no la estoy respetando. Eso no tiene sentido. Es dif\u00edcil s\u00f3lo porque hay escenas de sexo. Pero cada vez se le presta m\u00e1s atenci\u00f3n y cuidado\u00bb.<\/em>, aclar\u00f3.<\/span><\/p>\n<figure id=\"attachment_203303\" aria-describedby=\"caption-attachment-203303\" style=\"width: 800px\" class=\"wp-caption aligncenter\"><a href=\"https:\/\/scruff.app.link\/Gayblog_br_Press\"><img data-recalc-dims=\"1\" loading=\"lazy\" decoding=\"async\" class=\"size-full wp-image-203303\" src=\"https:\/\/i0.wp.com\/gay.blog.br\/wp-content\/uploads\/2023\/09\/condessaaa.jpg?resize=696%2C392&#038;ssl=1\" alt=\"Jos\u00e9 Condessa habla de las escenas de sexo gay en 'Estranha Forma de Vida' (Extra\u00f1a Forma de Vivir)- Reproducci\u00f3n\" width=\"696\" height=\"392\" srcset=\"https:\/\/i0.wp.com\/gay.blog.br\/wp-content\/uploads\/2023\/09\/condessaaa.jpg?w=800&amp;ssl=1 800w, https:\/\/i0.wp.com\/gay.blog.br\/wp-content\/uploads\/2023\/09\/condessaaa.jpg?resize=300%2C169&amp;ssl=1 300w, https:\/\/i0.wp.com\/gay.blog.br\/wp-content\/uploads\/2023\/09\/condessaaa.jpg?resize=150%2C84&amp;ssl=1 150w, https:\/\/i0.wp.com\/gay.blog.br\/wp-content\/uploads\/2023\/09\/condessaaa.jpg?resize=768%2C432&amp;ssl=1 768w, https:\/\/i0.wp.com\/gay.blog.br\/wp-content\/uploads\/2023\/09\/condessaaa.jpg?resize=696%2C392&amp;ssl=1 696w, https:\/\/i0.wp.com\/gay.blog.br\/wp-content\/uploads\/2023\/09\/condessaaa.jpg?resize=747%2C420&amp;ssl=1 747w\" sizes=\"auto, (max-width: 696px) 100vw, 696px\" \/><\/a><figcaption id=\"caption-attachment-203303\" class=\"wp-caption-text\">Jos\u00e9 Condessa habla de las escenas de sexo gay en &#8216;Estranha Forma de Vida&#8217; (Extra\u00f1a Forma de Vivir)- Reproducci\u00f3n<\/figcaption><\/figure>\n<p style=\"text-align: justify;\"><span style=\"font-weight: 400;\">Condessa tambi\u00e9n habl\u00f3 del acoso que sufri\u00f3 tras su papel en <strong>\u00abEstranha Forma de Vida\u00bb (Extra\u00f1a Forma de Vivir)<\/strong> y en la serie <strong>\u00abRabo de Peixe\u00bb<\/strong> (<a href=\"https:\/\/gay.blog.br\/tag\/netflix\">Netflix<\/a>). <em>\u201cFemenino y masculino. El acoso est\u00e1 en medio de muchos mensajes, pero tambi\u00e9n hay muchos mensajes de afecto.\u201d<\/em><\/span><\/p>\n<blockquote class=\"twitter-tweet\" data-width=\"550\" data-dnt=\"true\">\n<p lang=\"en\" dir=\"ltr\">i would have asked &quot;what are we&quot; after this scene <a href=\"https:\/\/t.co\/w8cSBGLdtp\">pic.twitter.com\/w8cSBGLdtp<\/a><\/p>\n<p>&mdash; mikey (@buckIeydiaz) <a href=\"https:\/\/twitter.com\/buckIeydiaz\/status\/1709274628202365018?ref_src=twsrc%5Etfw\">October 3, 2023<\/a><\/p><\/blockquote>\n<p><script async src=\"https:\/\/platform.twitter.com\/widgets.js\" charset=\"utf-8\"><\/script><\/p>\n<h2 style=\"text-align: justify;\"><strong>FAROESTE GAY<\/strong><\/h2>\n<p style=\"text-align: justify;\">Dirigido por Almod\u00f3var (<em>Madres Paralelas<\/em>, <em>Todo Sobre Mi Madre<\/em>) y producido por <strong>El Deseo<\/strong>, <strong>\u00abEstranha Forma de Vida\u00bb (Extra\u00f1a Forma de Vivir)<\/strong> protagonizado por <a href=\"https:\/\/gay.blog.br\/?s=pedro+pascal\"><strong>Pedro Pascal<\/strong><\/a>(<em>The Last of Us<\/em>, <em>El Mandaloriano<\/em>) y <a href=\"https:\/\/gay.blog.br\/?s=ethan+hawke\"><strong>Ethan Hawke<\/strong><\/a> (<em>F\u00e9 Corrompida<\/em>, <em>Trilog\u00eda <\/em><em>Before<\/em>), <a href=\"https:\/\/gay.blog.br\/?s=manu+rios\"><strong>Manu Rios<\/strong><\/a> (<em>Elite),<\/em> <strong>Jos\u00e9 Condessa<\/strong>, <strong>Jason Fern\u00e1ndez<\/strong>, <strong>Sara Salama<\/strong>, <strong>Erenice Lohan<\/strong>, <strong>Pedro Casablanc<\/strong> y <strong>George Steane<\/strong>.<\/p>\n<p style=\"text-align: justify;\">La historia de dos pistoleros que se reencuentran despu\u00e9s de 25 a\u00f1os se rod\u00f3 en el desierto de Tabernas, en la provincia de Almer\u00eda (<strong>Espa\u00f1a<\/strong>). La producci\u00f3n cuenta con una banda sonora de <strong>Alberto Iglesias<\/strong> y vestuario de <strong>Saint Laurent<\/strong> de <strong>Anthony Vaccarello<\/strong>, que tambi\u00e9n es productor asociado del proyecto.<\/p>\n<p><a href=\"https:\/\/www.youtube.com\/watch?v=uzsgYBMIQr4\"><strong>Ver el trailer:<\/strong><\/a><\/p>\n<p><span class=\"embed-youtube\" style=\"text-align:center; display: block;\"><iframe loading=\"lazy\" class=\"youtube-player\" width=\"696\" height=\"392\" src=\"https:\/\/www.youtube.com\/embed\/uzsgYBMIQr4?version=3&#038;rel=1&#038;showsearch=0&#038;showinfo=1&#038;iv_load_policy=1&#038;fs=1&#038;hl=es-ES&#038;autohide=2&#038;wmode=transparent\" allowfullscreen=\"true\" style=\"border:0;\" sandbox=\"allow-scripts allow-same-origin allow-popups allow-presentation allow-popups-to-escape-sandbox\"><\/iframe><\/span><\/p>\n<blockquote class=\"wp-embedded-content\" data-secret=\"cfOIwVE6bU\"><p><a href=\"https:\/\/gay.blog.br\/es\/cultura-es\/peliculas-tv-y-series\/pedro-pascal-calienta-la-imaginacion-gay-en-extrana-forma-de-vida\/\">Pedro Pascal aquece a imagina\u00e7\u00e3o dos gays em &#8216;Estranha Forma de Vida&#8217;<\/a><\/p><\/blockquote>\n<p><iframe loading=\"lazy\" class=\"wp-embedded-content\" sandbox=\"allow-scripts\" security=\"restricted\" style=\"position: absolute; clip: rect(1px, 1px, 1px, 1px);\" title=\"\u00abPedro Pascal aquece a imagina\u00e7\u00e3o dos gays em &#8216;Estranha Forma de Vida&#8217;\u00bb \u2014 GAY BLOG BR @gayblogbr\" src=\"https:\/\/gay.blog.br\/es\/cultura-es\/peliculas-tv-y-series\/pedro-pascal-calienta-la-imaginacion-gay-en-extrana-forma-de-vida\/embed\/#?secret=xPIPFGPmEJ#?secret=cfOIwVE6bU\" data-secret=\"cfOIwVE6bU\" width=\"600\" height=\"338\" frameborder=\"0\" marginwidth=\"0\" marginheight=\"0\" scrolling=\"no\"><\/iframe><\/p>\n<p>&nbsp;<\/p>\n","protected":false},"excerpt":{"rendered":"<p>El actor lisboeta Jos\u00e9 Condessa coment\u00f3 la reci\u00e9n estrenada producci\u00f3n y su participaci\u00f3n en una de las escenas m\u00e1s intensas de la trama, en la que besa apasionadamente a otro hombre<\/p>\n","protected":false},"author":3750,"featured_media":203305,"comment_status":"open","ping_status":"open","sticky":false,"template":"","format":"standard","meta":{"googlesitekit_rrm_CAoiEBg-BXrJeACjO8p49SE4kTY:productID":"","tdm_status":"","tdm_grid_status":"","_jetpack_newsletter_access":"","_jetpack_dont_email_post_to_subs":false,"_jetpack_newsletter_tier_id":0,"_jetpack_memberships_contains_paywalled_content":false,"_jetpack_memberships_contains_paid_content":false,"footnotes":"","jetpack_publicize_message":"Jos\u00e9 Condessa habla de las escenas de sexo gay en 'Extra\u00f1a Forma de Vivir'","jetpack_publicize_feature_enabled":true,"jetpack_social_post_already_shared":true,"jetpack_social_options":{"image_generator_settings":{"template":"highway","default_image_id":0,"font":"","enabled":false},"version":2},"_wpas_customize_per_network":false,"jetpack_post_was_ever_published":false},"categories":[589932230],"tags":[589932580,589947158,589933729,589947157,589946724,589932202,589947162,589947159,589947156,589947161,589947160,589947151,589933780,589932704,589946727],"class_list":{"0":"post-205232","1":"post","2":"type-post","3":"status-publish","4":"format-standard","5":"has-post-thumbnail","7":"category-peliculas-tv-y-series","8":"tag-actor-es","9":"tag-actor-portugues","10":"tag-almodovar-es","11":"tag-escenas","12":"tag-extrana-forma-de-vivir","13":"tag-gay-es","14":"tag-jason-fernandez-es","15":"tag-jose-condessa-es","16":"tag-lisboa-es","17":"tag-lisboeta-es","18":"tag-mediometraje","19":"tag-mubi-es","20":"tag-pelicula","21":"tag-portugal-es","22":"tag-western-gay"},"yoast_head":"<!-- This site is optimized with the Yoast SEO plugin v27.5 - https:\/\/yoast.com\/product\/yoast-seo-wordpress\/ -->\n<title>Jos\u00e9 Condessa habla de las escenas de sexo gay en &#039;Extra\u00f1a Forma de Vivir&#039;<\/title>\n<meta name=\"description\" content=\"El actor lisboeta Jos\u00e9 Condessa coment\u00f3 la reci\u00e9n estrenada producci\u00f3n y su participaci\u00f3n en una de las escenas m\u00e1s intensas de la trama, en la que besa apasionadamente a otro hombre\" \/>\n<meta name=\"robots\" content=\"index, follow, max-snippet:-1, max-image-preview:large, max-video-preview:-1\" \/>\n<link rel=\"canonical\" href=\"https:\/\/gay.blog.br\/es\/cultura-es\/peliculas-tv-y-series\/jose-condessa-habla-de-las-escenas-de-sexo-gay-en-extrana-forma-de-vivir\/\" \/>\n<meta property=\"og:locale\" content=\"es_ES\" \/>\n<meta property=\"og:type\" content=\"article\" \/>\n<meta property=\"og:title\" content=\"Jos\u00e9 Condessa habla de las escenas de sexo gay en &#039;Extra\u00f1a Forma de Vivir&#039;\" \/>\n<meta property=\"og:description\" content=\"El actor lisboeta Jos\u00e9 Condessa coment\u00f3 la reci\u00e9n estrenada producci\u00f3n y su participaci\u00f3n en una de las escenas m\u00e1s intensas de la trama, en la que besa apasionadamente a otro hombre\" \/>\n<meta property=\"og:url\" content=\"https:\/\/gay.blog.br\/es\/cultura-es\/peliculas-tv-y-series\/jose-condessa-habla-de-las-escenas-de-sexo-gay-en-extrana-forma-de-vivir\/\" \/>\n<meta property=\"og:site_name\" content=\"GAY BLOG BR @gayblogbr\" \/>\n<meta property=\"article:publisher\" content=\"https:\/\/facebook.com\/gayblogbr\" \/>\n<meta property=\"article:author\" content=\"https:\/\/www.facebook.com\/gayblogbr\/\" \/>\n<meta property=\"article:published_time\" content=\"2023-09-28T04:15:48+00:00\" \/>\n<meta property=\"article:modified_time\" content=\"2023-10-29T21:38:00+00:00\" \/>\n<meta property=\"og:image\" content=\"https:\/\/gay.blog.br\/wp-content\/uploads\/2023\/09\/condessaaa.jpg\" \/>\n\t<meta property=\"og:image:width\" content=\"800\" \/>\n\t<meta property=\"og:image:height\" content=\"450\" \/>\n\t<meta property=\"og:image:type\" content=\"image\/jpeg\" \/>\n<meta name=\"author\" content=\"J\u00falio Boll\" \/>\n<meta name=\"twitter:card\" content=\"summary_large_image\" \/>\n<meta name=\"twitter:creator\" content=\"@https:\/\/www.twitter.com\/gayblogbr\/\" \/>\n<meta name=\"twitter:site\" content=\"@gayblogbr\" \/>\n<meta name=\"twitter:label1\" content=\"Escrito por\" \/>\n\t<meta name=\"twitter:data1\" content=\"J\u00falio Boll\" \/>\n\t<meta name=\"twitter:label2\" content=\"Tiempo de lectura\" \/>\n\t<meta name=\"twitter:data2\" content=\"3 minutos\" \/>\n<script type=\"application\/ld+json\" class=\"yoast-schema-graph\">{\"@context\":\"https:\\\/\\\/schema.org\",\"@graph\":[{\"@type\":\"Article\",\"@id\":\"https:\\\/\\\/gay.blog.br\\\/es\\\/cultura-es\\\/peliculas-tv-y-series\\\/jose-condessa-habla-de-las-escenas-de-sexo-gay-en-extrana-forma-de-vivir\\\/#article\",\"isPartOf\":{\"@id\":\"https:\\\/\\\/gay.blog.br\\\/es\\\/cultura-es\\\/peliculas-tv-y-series\\\/jose-condessa-habla-de-las-escenas-de-sexo-gay-en-extrana-forma-de-vivir\\\/\"},\"author\":{\"name\":\"J\u00falio Boll\",\"@id\":\"https:\\\/\\\/gay.blog.br\\\/es\\\/#\\\/schema\\\/person\\\/42b9bc554d55c135a0202e928516fc95\"},\"headline\":\"Jos\u00e9 Condessa habla de las escenas de sexo gay en &#8216;Extra\u00f1a Forma de Vivir&#8217;\",\"datePublished\":\"2023-09-28T04:15:48+00:00\",\"dateModified\":\"2023-10-29T21:38:00+00:00\",\"mainEntityOfPage\":{\"@id\":\"https:\\\/\\\/gay.blog.br\\\/es\\\/cultura-es\\\/peliculas-tv-y-series\\\/jose-condessa-habla-de-las-escenas-de-sexo-gay-en-extrana-forma-de-vivir\\\/\"},\"wordCount\":523,\"commentCount\":0,\"publisher\":{\"@id\":\"https:\\\/\\\/gay.blog.br\\\/es\\\/#organization\"},\"image\":{\"@id\":\"https:\\\/\\\/gay.blog.br\\\/es\\\/cultura-es\\\/peliculas-tv-y-series\\\/jose-condessa-habla-de-las-escenas-de-sexo-gay-en-extrana-forma-de-vivir\\\/#primaryimage\"},\"thumbnailUrl\":\"https:\\\/\\\/i0.wp.com\\\/gay.blog.br\\\/wp-content\\\/uploads\\\/2023\\\/09\\\/condessaaa.jpg?fit=800%2C450&ssl=1\",\"keywords\":[\"actor\",\"actor portugu\u00e9s\",\"Almod\u00f3var\",\"escenas\",\"extra\u00f1a forma de vivir\",\"GAY\",\"Jason Fern\u00e1ndez\",\"Jos\u00e9 Condessa\",\"lisboa\",\"lisboeta\",\"mediometraje\",\"mubi\",\"pel\u00edcula\",\"portugal\",\"western gay\"],\"articleSection\":[\"PEL\u00cdCULAS, TV y SERIES\"],\"inLanguage\":\"es\",\"potentialAction\":[{\"@type\":\"CommentAction\",\"name\":\"Comment\",\"target\":[\"https:\\\/\\\/gay.blog.br\\\/es\\\/cultura-es\\\/peliculas-tv-y-series\\\/jose-condessa-habla-de-las-escenas-de-sexo-gay-en-extrana-forma-de-vivir\\\/#respond\"]}]},{\"@type\":\"WebPage\",\"@id\":\"https:\\\/\\\/gay.blog.br\\\/es\\\/cultura-es\\\/peliculas-tv-y-series\\\/jose-condessa-habla-de-las-escenas-de-sexo-gay-en-extrana-forma-de-vivir\\\/\",\"url\":\"https:\\\/\\\/gay.blog.br\\\/es\\\/cultura-es\\\/peliculas-tv-y-series\\\/jose-condessa-habla-de-las-escenas-de-sexo-gay-en-extrana-forma-de-vivir\\\/\",\"name\":\"Jos\u00e9 Condessa habla de las escenas de sexo gay en 'Extra\u00f1a Forma de Vivir'\",\"isPartOf\":{\"@id\":\"https:\\\/\\\/gay.blog.br\\\/es\\\/#website\"},\"primaryImageOfPage\":{\"@id\":\"https:\\\/\\\/gay.blog.br\\\/es\\\/cultura-es\\\/peliculas-tv-y-series\\\/jose-condessa-habla-de-las-escenas-de-sexo-gay-en-extrana-forma-de-vivir\\\/#primaryimage\"},\"image\":{\"@id\":\"https:\\\/\\\/gay.blog.br\\\/es\\\/cultura-es\\\/peliculas-tv-y-series\\\/jose-condessa-habla-de-las-escenas-de-sexo-gay-en-extrana-forma-de-vivir\\\/#primaryimage\"},\"thumbnailUrl\":\"https:\\\/\\\/i0.wp.com\\\/gay.blog.br\\\/wp-content\\\/uploads\\\/2023\\\/09\\\/condessaaa.jpg?fit=800%2C450&ssl=1\",\"datePublished\":\"2023-09-28T04:15:48+00:00\",\"dateModified\":\"2023-10-29T21:38:00+00:00\",\"description\":\"El actor lisboeta Jos\u00e9 Condessa coment\u00f3 la reci\u00e9n estrenada producci\u00f3n y su participaci\u00f3n en una de las escenas m\u00e1s intensas de la trama, en la que besa apasionadamente a otro hombre\",\"breadcrumb\":{\"@id\":\"https:\\\/\\\/gay.blog.br\\\/es\\\/cultura-es\\\/peliculas-tv-y-series\\\/jose-condessa-habla-de-las-escenas-de-sexo-gay-en-extrana-forma-de-vivir\\\/#breadcrumb\"},\"inLanguage\":\"es\",\"potentialAction\":[{\"@type\":\"ReadAction\",\"target\":[\"https:\\\/\\\/gay.blog.br\\\/es\\\/cultura-es\\\/peliculas-tv-y-series\\\/jose-condessa-habla-de-las-escenas-de-sexo-gay-en-extrana-forma-de-vivir\\\/\"]}]},{\"@type\":\"ImageObject\",\"inLanguage\":\"es\",\"@id\":\"https:\\\/\\\/gay.blog.br\\\/es\\\/cultura-es\\\/peliculas-tv-y-series\\\/jose-condessa-habla-de-las-escenas-de-sexo-gay-en-extrana-forma-de-vivir\\\/#primaryimage\",\"url\":\"https:\\\/\\\/i0.wp.com\\\/gay.blog.br\\\/wp-content\\\/uploads\\\/2023\\\/09\\\/condessaaa.jpg?fit=800%2C450&ssl=1\",\"contentUrl\":\"https:\\\/\\\/i0.wp.com\\\/gay.blog.br\\\/wp-content\\\/uploads\\\/2023\\\/09\\\/condessaaa.jpg?fit=800%2C450&ssl=1\",\"width\":800,\"height\":450,\"caption\":\"Jos\u00e9 Condessa fala sobre cenas de sexo gay em \u2018Estranha Forma de Vida\u2019- Reprodu\u00e7\u00e3o\"},{\"@type\":\"BreadcrumbList\",\"@id\":\"https:\\\/\\\/gay.blog.br\\\/es\\\/cultura-es\\\/peliculas-tv-y-series\\\/jose-condessa-habla-de-las-escenas-de-sexo-gay-en-extrana-forma-de-vivir\\\/#breadcrumb\",\"itemListElement\":[{\"@type\":\"ListItem\",\"position\":1,\"name\":\"In\u00edcio\",\"item\":\"https:\\\/\\\/gay.blog.br\\\/es\\\/\"},{\"@type\":\"ListItem\",\"position\":2,\"name\":\"Jos\u00e9 Condessa habla de las escenas de sexo gay en &#8216;Extra\u00f1a Forma de Vivir&#8217;\"}]},{\"@type\":\"WebSite\",\"@id\":\"https:\\\/\\\/gay.blog.br\\\/es\\\/#website\",\"url\":\"https:\\\/\\\/gay.blog.br\\\/es\\\/\",\"name\":\"GAY BLOG BR @gayblogbr\",\"description\":\"Not\u00edcias que empoderam e\\\/ou entret\u00eam s\u00e3o especialidades da casa\",\"publisher\":{\"@id\":\"https:\\\/\\\/gay.blog.br\\\/es\\\/#organization\"},\"potentialAction\":[{\"@type\":\"SearchAction\",\"target\":{\"@type\":\"EntryPoint\",\"urlTemplate\":\"https:\\\/\\\/gay.blog.br\\\/es\\\/?s={search_term_string}\"},\"query-input\":{\"@type\":\"PropertyValueSpecification\",\"valueRequired\":true,\"valueName\":\"search_term_string\"}}],\"inLanguage\":\"es\"},{\"@type\":\"Organization\",\"@id\":\"https:\\\/\\\/gay.blog.br\\\/es\\\/#organization\",\"name\":\"GAY BLOG BR\",\"url\":\"https:\\\/\\\/gay.blog.br\\\/es\\\/\",\"logo\":{\"@type\":\"ImageObject\",\"inLanguage\":\"es\",\"@id\":\"https:\\\/\\\/gay.blog.br\\\/es\\\/#\\\/schema\\\/logo\\\/image\\\/\",\"url\":\"https:\\\/\\\/i0.wp.com\\\/gay.blog.br\\\/wp-content\\\/uploads\\\/2023\\\/08\\\/gay180px.png?fit=272%2C90&ssl=1\",\"contentUrl\":\"https:\\\/\\\/i0.wp.com\\\/gay.blog.br\\\/wp-content\\\/uploads\\\/2023\\\/08\\\/gay180px.png?fit=272%2C90&ssl=1\",\"width\":272,\"height\":90,\"caption\":\"GAY BLOG BR\"},\"image\":{\"@id\":\"https:\\\/\\\/gay.blog.br\\\/es\\\/#\\\/schema\\\/logo\\\/image\\\/\"},\"sameAs\":[\"https:\\\/\\\/facebook.com\\\/gayblogbr\",\"https:\\\/\\\/x.com\\\/gayblogbr\",\"https:\\\/\\\/instagram.com\\\/gayblogbr\",\"https:\\\/\\\/www.linkedin.com\\\/company\\\/gayblogbr\\\/\",\"https:\\\/\\\/br.pinterest.com\\\/gayblogbr\\\/\",\"https:\\\/\\\/www.youtube.com\\\/channel\\\/UCdEu3JXLOB-wvWAVUF4AIiA\",\"https:\\\/\\\/pt.wikipedia.org\\\/wiki\\\/Gay_Blog_Br\",\"https:\\\/\\\/www.threads.net\\\/@gayblogbr\"]},{\"@type\":\"Person\",\"@id\":\"https:\\\/\\\/gay.blog.br\\\/es\\\/#\\\/schema\\\/person\\\/42b9bc554d55c135a0202e928516fc95\",\"name\":\"J\u00falio Boll\",\"image\":{\"@type\":\"ImageObject\",\"inLanguage\":\"es\",\"@id\":\"https:\\\/\\\/secure.gravatar.com\\\/avatar\\\/556e6c4bf591074faa5c918e36981eae66d54401f993f49ed16f3503e35c616b?s=96&d=mm&r=g\",\"url\":\"https:\\\/\\\/secure.gravatar.com\\\/avatar\\\/556e6c4bf591074faa5c918e36981eae66d54401f993f49ed16f3503e35c616b?s=96&d=mm&r=g\",\"contentUrl\":\"https:\\\/\\\/secure.gravatar.com\\\/avatar\\\/556e6c4bf591074faa5c918e36981eae66d54401f993f49ed16f3503e35c616b?s=96&d=mm&r=g\",\"caption\":\"J\u00falio Boll\"},\"sameAs\":[\"https:\\\/\\\/www.facebook.com\\\/gayblogbr\\\/\",\"https:\\\/\\\/www.instagram.com\\\/gayblogbr\\\/\",\"https:\\\/\\\/www.linkedin.com\\\/company\\\/gayblogbr\",\"https:\\\/\\\/pinterest.com\\\/gayblogbr\\\/\",\"https:\\\/\\\/x.com\\\/https:\\\/\\\/www.twitter.com\\\/gayblogbr\\\/\",\"https:\\\/\\\/youtube.com\\\/gayblogbr\",\"https:\\\/\\\/naoegayse.tumblr.com\\\/\",\"https:\\\/\\\/pt.wikipedia.org\\\/wiki\\\/Gay_Blog_Br\"],\"url\":\"https:\\\/\\\/gay.blog.br\\\/es\\\/author\\\/gustavob\\\/\"}]}<\/script>\n<!-- \/ Yoast SEO plugin. -->","yoast_head_json":{"title":"Jos\u00e9 Condessa habla de las escenas de sexo gay en 'Extra\u00f1a Forma de Vivir'","description":"El actor lisboeta Jos\u00e9 Condessa coment\u00f3 la reci\u00e9n estrenada producci\u00f3n y su participaci\u00f3n en una de las escenas m\u00e1s intensas de la trama, en la que besa apasionadamente a otro hombre","robots":{"index":"index","follow":"follow","max-snippet":"max-snippet:-1","max-image-preview":"max-image-preview:large","max-video-preview":"max-video-preview:-1"},"canonical":"https:\/\/gay.blog.br\/es\/cultura-es\/peliculas-tv-y-series\/jose-condessa-habla-de-las-escenas-de-sexo-gay-en-extrana-forma-de-vivir\/","og_locale":"es_ES","og_type":"article","og_title":"Jos\u00e9 Condessa habla de las escenas de sexo gay en 'Extra\u00f1a Forma de Vivir'","og_description":"El actor lisboeta Jos\u00e9 Condessa coment\u00f3 la reci\u00e9n estrenada producci\u00f3n y su participaci\u00f3n en una de las escenas m\u00e1s intensas de la trama, en la que besa apasionadamente a otro hombre","og_url":"https:\/\/gay.blog.br\/es\/cultura-es\/peliculas-tv-y-series\/jose-condessa-habla-de-las-escenas-de-sexo-gay-en-extrana-forma-de-vivir\/","og_site_name":"GAY BLOG BR @gayblogbr","article_publisher":"https:\/\/facebook.com\/gayblogbr","article_author":"https:\/\/www.facebook.com\/gayblogbr\/","article_published_time":"2023-09-28T04:15:48+00:00","article_modified_time":"2023-10-29T21:38:00+00:00","og_image":[{"width":800,"height":450,"url":"https:\/\/gay.blog.br\/wp-content\/uploads\/2023\/09\/condessaaa.jpg","type":"image\/jpeg"}],"author":"J\u00falio Boll","twitter_card":"summary_large_image","twitter_creator":"@https:\/\/www.twitter.com\/gayblogbr\/","twitter_site":"@gayblogbr","twitter_misc":{"Escrito por":"J\u00falio Boll","Tiempo de lectura":"3 minutos"},"schema":{"@context":"https:\/\/schema.org","@graph":[{"@type":"Article","@id":"https:\/\/gay.blog.br\/es\/cultura-es\/peliculas-tv-y-series\/jose-condessa-habla-de-las-escenas-de-sexo-gay-en-extrana-forma-de-vivir\/#article","isPartOf":{"@id":"https:\/\/gay.blog.br\/es\/cultura-es\/peliculas-tv-y-series\/jose-condessa-habla-de-las-escenas-de-sexo-gay-en-extrana-forma-de-vivir\/"},"author":{"name":"J\u00falio Boll","@id":"https:\/\/gay.blog.br\/es\/#\/schema\/person\/42b9bc554d55c135a0202e928516fc95"},"headline":"Jos\u00e9 Condessa habla de las escenas de sexo gay en &#8216;Extra\u00f1a Forma de Vivir&#8217;","datePublished":"2023-09-28T04:15:48+00:00","dateModified":"2023-10-29T21:38:00+00:00","mainEntityOfPage":{"@id":"https:\/\/gay.blog.br\/es\/cultura-es\/peliculas-tv-y-series\/jose-condessa-habla-de-las-escenas-de-sexo-gay-en-extrana-forma-de-vivir\/"},"wordCount":523,"commentCount":0,"publisher":{"@id":"https:\/\/gay.blog.br\/es\/#organization"},"image":{"@id":"https:\/\/gay.blog.br\/es\/cultura-es\/peliculas-tv-y-series\/jose-condessa-habla-de-las-escenas-de-sexo-gay-en-extrana-forma-de-vivir\/#primaryimage"},"thumbnailUrl":"https:\/\/i0.wp.com\/gay.blog.br\/wp-content\/uploads\/2023\/09\/condessaaa.jpg?fit=800%2C450&ssl=1","keywords":["actor","actor portugu\u00e9s","Almod\u00f3var","escenas","extra\u00f1a forma de vivir","GAY","Jason Fern\u00e1ndez","Jos\u00e9 Condessa","lisboa","lisboeta","mediometraje","mubi","pel\u00edcula","portugal","western gay"],"articleSection":["PEL\u00cdCULAS, TV y SERIES"],"inLanguage":"es","potentialAction":[{"@type":"CommentAction","name":"Comment","target":["https:\/\/gay.blog.br\/es\/cultura-es\/peliculas-tv-y-series\/jose-condessa-habla-de-las-escenas-de-sexo-gay-en-extrana-forma-de-vivir\/#respond"]}]},{"@type":"WebPage","@id":"https:\/\/gay.blog.br\/es\/cultura-es\/peliculas-tv-y-series\/jose-condessa-habla-de-las-escenas-de-sexo-gay-en-extrana-forma-de-vivir\/","url":"https:\/\/gay.blog.br\/es\/cultura-es\/peliculas-tv-y-series\/jose-condessa-habla-de-las-escenas-de-sexo-gay-en-extrana-forma-de-vivir\/","name":"Jos\u00e9 Condessa habla de las escenas de sexo gay en 'Extra\u00f1a Forma de Vivir'","isPartOf":{"@id":"https:\/\/gay.blog.br\/es\/#website"},"primaryImageOfPage":{"@id":"https:\/\/gay.blog.br\/es\/cultura-es\/peliculas-tv-y-series\/jose-condessa-habla-de-las-escenas-de-sexo-gay-en-extrana-forma-de-vivir\/#primaryimage"},"image":{"@id":"https:\/\/gay.blog.br\/es\/cultura-es\/peliculas-tv-y-series\/jose-condessa-habla-de-las-escenas-de-sexo-gay-en-extrana-forma-de-vivir\/#primaryimage"},"thumbnailUrl":"https:\/\/i0.wp.com\/gay.blog.br\/wp-content\/uploads\/2023\/09\/condessaaa.jpg?fit=800%2C450&ssl=1","datePublished":"2023-09-28T04:15:48+00:00","dateModified":"2023-10-29T21:38:00+00:00","description":"El actor lisboeta Jos\u00e9 Condessa coment\u00f3 la reci\u00e9n estrenada producci\u00f3n y su participaci\u00f3n en una de las escenas m\u00e1s intensas de la trama, en la que besa apasionadamente a otro hombre","breadcrumb":{"@id":"https:\/\/gay.blog.br\/es\/cultura-es\/peliculas-tv-y-series\/jose-condessa-habla-de-las-escenas-de-sexo-gay-en-extrana-forma-de-vivir\/#breadcrumb"},"inLanguage":"es","potentialAction":[{"@type":"ReadAction","target":["https:\/\/gay.blog.br\/es\/cultura-es\/peliculas-tv-y-series\/jose-condessa-habla-de-las-escenas-de-sexo-gay-en-extrana-forma-de-vivir\/"]}]},{"@type":"ImageObject","inLanguage":"es","@id":"https:\/\/gay.blog.br\/es\/cultura-es\/peliculas-tv-y-series\/jose-condessa-habla-de-las-escenas-de-sexo-gay-en-extrana-forma-de-vivir\/#primaryimage","url":"https:\/\/i0.wp.com\/gay.blog.br\/wp-content\/uploads\/2023\/09\/condessaaa.jpg?fit=800%2C450&ssl=1","contentUrl":"https:\/\/i0.wp.com\/gay.blog.br\/wp-content\/uploads\/2023\/09\/condessaaa.jpg?fit=800%2C450&ssl=1","width":800,"height":450,"caption":"Jos\u00e9 Condessa fala sobre cenas de sexo gay em \u2018Estranha Forma de Vida\u2019- Reprodu\u00e7\u00e3o"},{"@type":"BreadcrumbList","@id":"https:\/\/gay.blog.br\/es\/cultura-es\/peliculas-tv-y-series\/jose-condessa-habla-de-las-escenas-de-sexo-gay-en-extrana-forma-de-vivir\/#breadcrumb","itemListElement":[{"@type":"ListItem","position":1,"name":"In\u00edcio","item":"https:\/\/gay.blog.br\/es\/"},{"@type":"ListItem","position":2,"name":"Jos\u00e9 Condessa habla de las escenas de sexo gay en &#8216;Extra\u00f1a Forma de Vivir&#8217;"}]},{"@type":"WebSite","@id":"https:\/\/gay.blog.br\/es\/#website","url":"https:\/\/gay.blog.br\/es\/","name":"GAY BLOG BR @gayblogbr","description":"Not\u00edcias que empoderam e\/ou entret\u00eam s\u00e3o especialidades da casa","publisher":{"@id":"https:\/\/gay.blog.br\/es\/#organization"},"potentialAction":[{"@type":"SearchAction","target":{"@type":"EntryPoint","urlTemplate":"https:\/\/gay.blog.br\/es\/?s={search_term_string}"},"query-input":{"@type":"PropertyValueSpecification","valueRequired":true,"valueName":"search_term_string"}}],"inLanguage":"es"},{"@type":"Organization","@id":"https:\/\/gay.blog.br\/es\/#organization","name":"GAY BLOG BR","url":"https:\/\/gay.blog.br\/es\/","logo":{"@type":"ImageObject","inLanguage":"es","@id":"https:\/\/gay.blog.br\/es\/#\/schema\/logo\/image\/","url":"https:\/\/i0.wp.com\/gay.blog.br\/wp-content\/uploads\/2023\/08\/gay180px.png?fit=272%2C90&ssl=1","contentUrl":"https:\/\/i0.wp.com\/gay.blog.br\/wp-content\/uploads\/2023\/08\/gay180px.png?fit=272%2C90&ssl=1","width":272,"height":90,"caption":"GAY BLOG BR"},"image":{"@id":"https:\/\/gay.blog.br\/es\/#\/schema\/logo\/image\/"},"sameAs":["https:\/\/facebook.com\/gayblogbr","https:\/\/x.com\/gayblogbr","https:\/\/instagram.com\/gayblogbr","https:\/\/www.linkedin.com\/company\/gayblogbr\/","https:\/\/br.pinterest.com\/gayblogbr\/","https:\/\/www.youtube.com\/channel\/UCdEu3JXLOB-wvWAVUF4AIiA","https:\/\/pt.wikipedia.org\/wiki\/Gay_Blog_Br","https:\/\/www.threads.net\/@gayblogbr"]},{"@type":"Person","@id":"https:\/\/gay.blog.br\/es\/#\/schema\/person\/42b9bc554d55c135a0202e928516fc95","name":"J\u00falio Boll","image":{"@type":"ImageObject","inLanguage":"es","@id":"https:\/\/secure.gravatar.com\/avatar\/556e6c4bf591074faa5c918e36981eae66d54401f993f49ed16f3503e35c616b?s=96&d=mm&r=g","url":"https:\/\/secure.gravatar.com\/avatar\/556e6c4bf591074faa5c918e36981eae66d54401f993f49ed16f3503e35c616b?s=96&d=mm&r=g","contentUrl":"https:\/\/secure.gravatar.com\/avatar\/556e6c4bf591074faa5c918e36981eae66d54401f993f49ed16f3503e35c616b?s=96&d=mm&r=g","caption":"J\u00falio Boll"},"sameAs":["https:\/\/www.facebook.com\/gayblogbr\/","https:\/\/www.instagram.com\/gayblogbr\/","https:\/\/www.linkedin.com\/company\/gayblogbr","https:\/\/pinterest.com\/gayblogbr\/","https:\/\/x.com\/https:\/\/www.twitter.com\/gayblogbr\/","https:\/\/youtube.com\/gayblogbr","https:\/\/naoegayse.tumblr.com\/","https:\/\/pt.wikipedia.org\/wiki\/Gay_Blog_Br"],"url":"https:\/\/gay.blog.br\/es\/author\/gustavob\/"}]}},"jetpack_publicize_connections":[],"jetpack_featured_media_url":"https:\/\/i0.wp.com\/gay.blog.br\/wp-content\/uploads\/2023\/09\/condessaaa.jpg?fit=800%2C450&ssl=1","jetpack_sharing_enabled":true,"jetpack_shortlink":"https:\/\/wp.me\/p6klkK-Roc","jetpack_likes_enabled":false,"amp_enabled":true,"_links":{"self":[{"href":"https:\/\/gay.blog.br\/es\/wp-json\/wp\/v2\/posts\/205232","targetHints":{"allow":["GET"]}}],"collection":[{"href":"https:\/\/gay.blog.br\/es\/wp-json\/wp\/v2\/posts"}],"about":[{"href":"https:\/\/gay.blog.br\/es\/wp-json\/wp\/v2\/types\/post"}],"author":[{"embeddable":true,"href":"https:\/\/gay.blog.br\/es\/wp-json\/wp\/v2\/users\/3750"}],"replies":[{"embeddable":true,"href":"https:\/\/gay.blog.br\/es\/wp-json\/wp\/v2\/comments?post=205232"}],"version-history":[{"count":1,"href":"https:\/\/gay.blog.br\/es\/wp-json\/wp\/v2\/posts\/205232\/revisions"}],"predecessor-version":[{"id":205281,"href":"https:\/\/gay.blog.br\/es\/wp-json\/wp\/v2\/posts\/205232\/revisions\/205281"}],"wp:featuredmedia":[{"embeddable":true,"href":"https:\/\/gay.blog.br\/es\/wp-json\/wp\/v2\/media\/203305"}],"wp:attachment":[{"href":"https:\/\/gay.blog.br\/es\/wp-json\/wp\/v2\/media?parent=205232"}],"wp:term":[{"taxonomy":"category","embeddable":true,"href":"https:\/\/gay.blog.br\/es\/wp-json\/wp\/v2\/categories?post=205232"},{"taxonomy":"post_tag","embeddable":true,"href":"https:\/\/gay.blog.br\/es\/wp-json\/wp\/v2\/tags?post=205232"}],"curies":[{"name":"wp","href":"https:\/\/api.w.org\/{rel}","templated":true}]}}