{"id":205296,"date":"2023-10-26T20:13:06","date_gmt":"2023-10-26T23:13:06","guid":{"rendered":"https:\/\/gay.blog.br\/?p=205296"},"modified":"2023-10-31T01:12:01","modified_gmt":"2023-10-31T04:12:01","slug":"marina-lima-anunciada-en-el-cartel-del-festival-garotas-ao-mar-weekend","status":"publish","type":"post","link":"https:\/\/gay.blog.br\/es\/noticias-es\/marina-lima-anunciada-en-el-cartel-del-festival-garotas-ao-mar-weekend\/","title":{"rendered":"Marina Lima anunciada en el cartel del festival \u00abGarotas ao Mar Weekend\u00bb"},"content":{"rendered":"<div class=\"group final-completion w-full text-token-text-primary border-b border-black\/10 gizmo:border-0 dark:border-gray-900\/50 gizmo:dark:border-0 bg-gray-50 gizmo:bg-transparent dark:bg-[#444654] gizmo:dark:bg-transparent\" data-testid=\"conversation-turn-5\">\n<div class=\"p-4 gizmo:py-2 justify-center text-base md:gap-6 md:py-6 m-auto\">\n<div class=\"flex flex-1 gap-4 text-base mx-auto md:gap-6 gizmo:gap-3 gizmo:md:px-5 gizmo:lg:px-1 gizmo:xl:px-5 md:max-w-2xl lg:max-w-[38rem] gizmo:md:max-w-3xl gizmo:lg:max-w-[40rem] gizmo:xl:max-w-[48rem] xl:max-w-3xl }\">\n<div class=\"relative flex w-[calc(100%-50px)] flex-col gizmo:w-full lg:w-[calc(100%-115px)] agent-turn\">\n<div class=\"flex-col gap-1 md:gap-3\">\n<div class=\"flex flex-grow flex-col gap-3 max-w-full\">\n<div class=\"min-h-[20px] flex flex-col items-start gap-3 whitespace-pre-wrap break-words overflow-x-auto\">\n<div class=\"markdown prose w-full break-words dark:prose-invert light\">\n<p style=\"text-align: justify;\">El festival <a href=\"https:\/\/planetahh.com.br\/garotas\/\"><strong>\u00abGarotas ao Mar Weekend\u00bb<\/strong><\/a>, dirigido a <strong>lesbianas, bisexuales, transexuales y otras identidades de g\u00e9nero<\/strong>, ha anunciado a la cantante carioca <a href=\"https:\/\/gay.blog.br\/tag\/marina-lima\/\"><strong>Marina Lima<\/strong><\/a> como principal atracci\u00f3n de su programaci\u00f3n. El evento ser\u00e1 una experiencia de <a href=\"https:\/\/planetahh.com.br\/garotas\/\"><strong>tres noches y cuatro d\u00edas<\/strong><\/a> con diversas actividades musicales y fiestas junto al mar.<\/p>\n<p style=\"text-align: justify;\">El evento LBTP+, que marca el debut del festival en Brasil bajo la organizaci\u00f3n de <a href=\"https:\/\/planetahh.com.br\/garotas\/\"><strong>H&amp;H<\/strong><\/a>, se celebrar\u00e1 del <strong>28 al 31 de marzo de 2024<\/strong> en el <a href=\"https:\/\/planetahh.com.br\/garotas\/\"><strong>Eco Resort Vila Gal\u00e9<\/strong><\/a>, en <strong>Cabo de Santo Agostinho, Pernambuco<\/strong>.<\/p>\n<figure id=\"attachment_205117\" aria-describedby=\"caption-attachment-205117\" style=\"width: 911px\" class=\"wp-caption aligncenter\"><a href=\"https:\/\/planetahh.com.br\/garotas\/\"><img data-recalc-dims=\"1\" loading=\"lazy\" decoding=\"async\" class=\"size-full wp-image-205117\" src=\"https:\/\/i0.wp.com\/gay.blog.br\/wp-content\/uploads\/2023\/10\/3-Marina-Lima-Credito-fotografico-Cande-Salles.jpg?resize=696%2C448&#038;ssl=1\" alt=\"Marina Lima es la cabeza de cartel de 'Garotas ao Mar Weekend' - Foto: Cand\u00e9 Salles\" width=\"696\" height=\"448\" srcset=\"https:\/\/i0.wp.com\/gay.blog.br\/wp-content\/uploads\/2023\/10\/3-Marina-Lima-Credito-fotografico-Cande-Salles.jpg?w=911&amp;ssl=1 911w, https:\/\/i0.wp.com\/gay.blog.br\/wp-content\/uploads\/2023\/10\/3-Marina-Lima-Credito-fotografico-Cande-Salles.jpg?resize=300%2C193&amp;ssl=1 300w, https:\/\/i0.wp.com\/gay.blog.br\/wp-content\/uploads\/2023\/10\/3-Marina-Lima-Credito-fotografico-Cande-Salles.jpg?resize=150%2C97&amp;ssl=1 150w, https:\/\/i0.wp.com\/gay.blog.br\/wp-content\/uploads\/2023\/10\/3-Marina-Lima-Credito-fotografico-Cande-Salles.jpg?resize=768%2C495&amp;ssl=1 768w, https:\/\/i0.wp.com\/gay.blog.br\/wp-content\/uploads\/2023\/10\/3-Marina-Lima-Credito-fotografico-Cande-Salles.jpg?resize=696%2C448&amp;ssl=1 696w, https:\/\/i0.wp.com\/gay.blog.br\/wp-content\/uploads\/2023\/10\/3-Marina-Lima-Credito-fotografico-Cande-Salles.jpg?resize=652%2C420&amp;ssl=1 652w\" sizes=\"auto, (max-width: 696px) 100vw, 696px\" \/><\/a><figcaption id=\"caption-attachment-205117\" class=\"wp-caption-text\">Marina Lima es la cabeza de cartel de &#8216;Garotas ao Mar Weekend&#8217; &#8211; Foto: Cand\u00e9 Salles<\/figcaption><\/figure>\n<p style=\"text-align: justify;\">Famosa en la escena musical brasile\u00f1a, <strong>Marina Lima<\/strong> es conocida por sus \u00e9xitos que abarcan generaciones. Emblem\u00e1tica desde los a\u00f1os 80 y 90, ha construido una s\u00f3lida carrera a lo largo de m\u00e1s de cuatro d\u00e9cadas con canciones a caballo entre el pop rock y la MPB, como \u00abFullg\u00e1s\u00bb, \u00ab\u00c0 francesa\u00bb y \u00abUma noite e meia\u00bb.<\/p>\n<p style=\"text-align: justify;\">Adem\u00e1s de Marina Lima, ya se han confirmado otras atracciones: <strong>Bruna Pazinato<\/strong> (sertanejo), el bloque de carnaval <strong>\u00abGatas Extraordin\u00e1rias\u00bb<\/strong> y un c\u00edrculo de samba con el grupo <strong>SaiaBamba<\/strong>. A cargo de la pista, <strong>DJs Ary<\/strong> (PE), <strong>Babi Deejay<\/strong> (\u201cCh\u00e1 da Alice\u201d\/RJ), <strong>Lela Gomes<\/strong> (\u201cLambe Lambe\u201d\/RJ), <strong>Quimey Toro<\/strong> (\u201cFiesta Rose\u201d\/Argentina),<strong> Rapha Navarro<\/strong> (PE) y <strong>Van Muller<\/strong> (SP). A finales de 2023 se anunciar\u00e1n m\u00e1s novedades y muchos m\u00e1s nombres, garantiza la organizaci\u00f3n.<\/p>\n<p style=\"text-align: justify;\">El festival es una creaci\u00f3n del <a href=\"https:\/\/planetahh.com.br\/garotas\/\"><strong>H&amp;H Festival<\/strong><\/a>, que lleva 16 a\u00f1os promoviendo experiencias para el p\u00fablico LGBTQIA+.<\/p>\n<p><span class=\"embed-youtube\" style=\"text-align:center; display: block;\"><iframe loading=\"lazy\" class=\"youtube-player\" width=\"696\" height=\"392\" src=\"https:\/\/www.youtube.com\/embed\/xaqUhaSVXE0?version=3&#038;rel=1&#038;showsearch=0&#038;showinfo=1&#038;iv_load_policy=1&#038;fs=1&#038;hl=es-ES&#038;autohide=2&#038;wmode=transparent\" allowfullscreen=\"true\" style=\"border:0;\" sandbox=\"allow-scripts allow-same-origin allow-popups allow-presentation allow-popups-to-escape-sandbox\"><\/iframe><\/span><\/p>\n<p style=\"text-align: justify;\">La primera edici\u00f3n del festival dedicado a la mujer LBTP+ pretende ofrecer una experiencia \u00fanica en un entorno paradis\u00edaco, con un amplio programa todos los d\u00edas. Seg\u00fan <strong>Joana Mendes<\/strong> y <strong>Amanda D\u00f6ring<\/strong>, socias gestoras del evento, o <a href=\"https:\/\/planetahh.com.br\/garotas\/\"><strong>\u00abGarotas ao Mar Weekend\u00bb<\/strong><\/a> no es s\u00f3lo un festival, sino una oportunidad para que las mujeres que aman a las mujeres disfruten de momentos de diversi\u00f3n y libertad.<\/p>\n<p style=\"text-align: justify;\"><em>\u00abEs un evento \u00fanico en un formato nunca antes visto en el que las mujeres que aman a las mujeres se divertir\u00e1n con seguridad y libertad en un lugar paradis\u00edaco con un programa dise\u00f1ado enteramente para nosotras\u00bb<\/em>, a\u00f1aden las directoras.<\/p>\n<p style=\"text-align: justify;\">Los paquetes para participar en el evento ya est\u00e1n a la venta en el <a href=\"https:\/\/planetahh.com.br\/garotas\/\"><strong>sitio web oficial<\/strong><\/a>. Para m\u00e1s informaci\u00f3n, puedes visitar el Instagram o <a href=\"https:\/\/linktr.ee\/garotasaomar\">Linktree<\/a> de <a href=\"https:\/\/planetahh.com.br\/garotas\/\"><strong>\u00abGarotas ao Mar Weekend\u00bb<\/strong><\/a>.<\/p>\n<p style=\"text-align: justify;\"><a href=\"https:\/\/planetahh.com.br\/garotas\/\"><img data-recalc-dims=\"1\" loading=\"lazy\" decoding=\"async\" class=\"aligncenter size-full wp-image-205123\" src=\"https:\/\/i0.wp.com\/gay.blog.br\/wp-content\/uploads\/2023\/10\/festival-garotas-ao-mar.jpg?resize=696%2C870&#038;ssl=1\" alt=\"\" width=\"696\" height=\"870\" srcset=\"https:\/\/i0.wp.com\/gay.blog.br\/wp-content\/uploads\/2023\/10\/festival-garotas-ao-mar.jpg?w=1080&amp;ssl=1 1080w, https:\/\/i0.wp.com\/gay.blog.br\/wp-content\/uploads\/2023\/10\/festival-garotas-ao-mar.jpg?resize=240%2C300&amp;ssl=1 240w, https:\/\/i0.wp.com\/gay.blog.br\/wp-content\/uploads\/2023\/10\/festival-garotas-ao-mar.jpg?resize=819%2C1024&amp;ssl=1 819w, https:\/\/i0.wp.com\/gay.blog.br\/wp-content\/uploads\/2023\/10\/festival-garotas-ao-mar.jpg?resize=120%2C150&amp;ssl=1 120w, https:\/\/i0.wp.com\/gay.blog.br\/wp-content\/uploads\/2023\/10\/festival-garotas-ao-mar.jpg?resize=768%2C960&amp;ssl=1 768w, https:\/\/i0.wp.com\/gay.blog.br\/wp-content\/uploads\/2023\/10\/festival-garotas-ao-mar.jpg?resize=696%2C870&amp;ssl=1 696w, https:\/\/i0.wp.com\/gay.blog.br\/wp-content\/uploads\/2023\/10\/festival-garotas-ao-mar.jpg?resize=1068%2C1335&amp;ssl=1 1068w, https:\/\/i0.wp.com\/gay.blog.br\/wp-content\/uploads\/2023\/10\/festival-garotas-ao-mar.jpg?resize=336%2C420&amp;ssl=1 336w, https:\/\/i0.wp.com\/gay.blog.br\/wp-content\/uploads\/2023\/10\/festival-garotas-ao-mar.jpg?resize=672%2C840&amp;ssl=1 672w\" sizes=\"auto, (max-width: 696px) 100vw, 696px\" \/><\/a><\/p>\n<h1 style=\"text-align: justify;\"><strong>SERVICIO<\/strong><\/h1>\n<p style=\"text-align: justify;\"><strong>Festival <a href=\"https:\/\/planetahh.com.br\/garotas\/\">\u00abGarotas ao Mar Weekend\u00bb<\/a> &#8211; 1\u00aa edici\u00f3n<br \/>\n<\/strong>28 al 31 de marzo de 2024 (feriado de Pascua)<br \/>\nResort Vila Gal\u00e9<br \/>\nCabo de Santo Agostinho &#8211; Pernambuco<br \/>\n<span style=\"text-align: justify;\">Para asegurar un paquete: <\/span><a style=\"text-align: justify;\" href=\"https:\/\/planetahh.com.br\/garotas\/\" target=\"_blank\" rel=\"noopener\" data-saferedirecturl=\"https:\/\/www.google.com\/url?q=https:\/\/planetahh.com.br\/garotas\/&amp;source=gmail&amp;ust=1698440912728000&amp;usg=AOvVaw3Pu6_IyORZihJT65LEIpcw\">planetahh.com.br\/<wbr \/>garotas<\/a><br \/>\nWhatsapp: <a href=\"https:\/\/wa.me\/+551152429689\">+55 (11) 52429689<\/a><\/p>\n<p style=\"text-align: justify;\"><strong>REDES SOCIALES<\/strong><br \/>\nInstagram: <a href=\"https:\/\/www.instagram.com\/garotas.ao.mar\">@garotas.ao.mar<\/a><br \/>\nTiktok: <a href=\"https:\/\/www.tiktok.com\/@garotas.ao.mar\">@garotas.ao.mar<\/a><br \/>\nFacebook: <a href=\"https:\/\/www.facebook.com\/events\/820077156366459\">evento<\/a><br \/>\nMas informaci\u00f3n: <a href=\"http:\/\/linktr.ee\/garotasaomar\">linktr.ee\/garotasaomar<\/a><\/p>\n<\/div>\n<\/div>\n<\/div>\n<\/div>\n<\/div>\n<\/div>\n<\/div>\n<\/div>\n","protected":false},"excerpt":{"rendered":"<p>La primera edici\u00f3n del festival \u00abGarotas ao Mar Weekend\u00bb (Chicas al Mar Weekend) promover\u00e1 una experiencia de tres noches y cuatro d\u00edas con diversas actividades musicales y fiestas junto al mar para mujeres LBTP+<\/p>\n","protected":false},"author":2,"featured_media":205119,"comment_status":"open","ping_status":"open","sticky":false,"template":"","format":"standard","meta":{"googlesitekit_rrm_CAoiEBg-BXrJeACjO8p49SE4kTY:productID":"","tdm_status":"","tdm_grid_status":"","_jetpack_newsletter_access":"","_jetpack_dont_email_post_to_subs":false,"_jetpack_newsletter_tier_id":0,"_jetpack_memberships_contains_paywalled_content":false,"_jetpack_memberships_contains_paid_content":false,"footnotes":"","jetpack_publicize_message":"Marina Lima anunciada en el cartel del festival \"Garotas ao Mar Weekend\"","jetpack_publicize_feature_enabled":true,"jetpack_social_post_already_shared":false,"jetpack_social_options":{"image_generator_settings":{"template":"highway","default_image_id":0,"font":"","enabled":false},"version":2},"_wpas_customize_per_network":false,"jetpack_post_was_ever_published":false},"categories":[589943124,589932231,589932385],"tags":[589938354,589947177,589947185,589947192,589947179,589947183,589947176,589947190,589933418,589947191,589947180,589947186,589947181,589947193,589947184,589947182,589947189,589934320,589932721,589942488,589937003,589947188,589939082,589939087,589947178,589947187,589937178,589932541,589947194],"class_list":{"0":"post-205296","1":"post","2":"type-post","3":"status-publish","4":"format-standard","5":"has-post-thumbnail","7":"category-lesbiana","8":"category-noticias-es","9":"category-recreacion","10":"tag-bisexuales","11":"tag-bloque-de-carnaval","12":"tag-bruna-pazinato-es","13":"tag-chicas-al-mar","14":"tag-compras-es","15":"tag-eco-resort-vila-gale-es","16":"tag-estreno","17":"tag-feriado-de-pascua","18":"tag-festival-es","19":"tag-fin-de-semana","20":"tag-garotas-ao-mar-weekend-es","21":"tag-gatas-extraordinarias-es","22":"tag-hh-es","23":"tag-hh-entretenimiento","24":"tag-hh-festival-es","25":"tag-hell-and-heaven-es","26":"tag-lbtp-es","27":"tag-lesbianas","28":"tag-lgbtqia-es","29":"tag-marina-lima-es","30":"tag-mujer","31":"tag-mujeres-lbtp","32":"tag-pernambuco-es","33":"tag-playa","34":"tag-recife-es","35":"tag-saiabamba-es","36":"tag-sertanejo-es","37":"tag-trans-es","38":"tag-ventas"},"yoast_head":"<!-- This site is optimized with the Yoast SEO plugin v27.4 - https:\/\/yoast.com\/product\/yoast-seo-wordpress\/ -->\n<title>Marina Lima anunciada en el cartel del festival &quot;Garotas ao Mar Weekend&quot;<\/title>\n<meta name=\"description\" content=\"La primera edici\u00f3n del festival &quot;Garotas ao Mar Weekend&quot; (Chicas al Mar Weekend) promover\u00e1 una experiencia de tres noches y cuatro d\u00edas con diversas actividades musicales y fiestas junto al mar para mujeres LBTP+\" \/>\n<meta name=\"robots\" content=\"index, follow, max-snippet:-1, max-image-preview:large, max-video-preview:-1\" \/>\n<link rel=\"canonical\" href=\"https:\/\/gay.blog.br\/es\/noticias-es\/marina-lima-anunciada-en-el-cartel-del-festival-garotas-ao-mar-weekend\/\" \/>\n<meta property=\"og:locale\" content=\"es_ES\" \/>\n<meta property=\"og:type\" content=\"article\" \/>\n<meta property=\"og:title\" content=\"Marina Lima anunciada en el cartel del festival &quot;Garotas ao Mar Weekend&quot;\" \/>\n<meta property=\"og:description\" content=\"La primera edici\u00f3n del festival &quot;Garotas ao Mar Weekend&quot; (Chicas al Mar Weekend) promover\u00e1 una experiencia de tres noches y cuatro d\u00edas con diversas actividades musicales y fiestas junto al mar para mujeres LBTP+\" \/>\n<meta property=\"og:url\" content=\"https:\/\/gay.blog.br\/es\/noticias-es\/marina-lima-anunciada-en-el-cartel-del-festival-garotas-ao-mar-weekend\/\" \/>\n<meta property=\"og:site_name\" content=\"GAY BLOG BR @gayblogbr\" \/>\n<meta property=\"article:publisher\" content=\"https:\/\/facebook.com\/gayblogbr\" \/>\n<meta property=\"article:author\" content=\"https:\/\/facebook.com\/gayblogbr\" \/>\n<meta property=\"article:published_time\" content=\"2023-10-26T23:13:06+00:00\" \/>\n<meta property=\"article:modified_time\" content=\"2023-10-31T04:12:01+00:00\" \/>\n<meta property=\"og:image\" content=\"https:\/\/gay.blog.br\/wp-content\/uploads\/2023\/10\/3-Marina-Lima-Credito-fotografico-Cande-Salles.jpg\" \/>\n\t<meta property=\"og:image:width\" content=\"911\" \/>\n\t<meta property=\"og:image:height\" content=\"587\" \/>\n\t<meta property=\"og:image:type\" content=\"image\/jpeg\" \/>\n<meta name=\"author\" content=\"www.gay.blog.br\" \/>\n<meta name=\"twitter:card\" content=\"summary_large_image\" \/>\n<meta name=\"twitter:creator\" content=\"@https:\/\/bsky.app\/profile\/gayblogbr.bsky.social\" \/>\n<meta name=\"twitter:site\" content=\"@gayblogbr\" \/>\n<meta name=\"twitter:label1\" content=\"Escrito por\" \/>\n\t<meta name=\"twitter:data1\" content=\"www.gay.blog.br\" \/>\n\t<meta name=\"twitter:label2\" content=\"Tiempo de lectura\" \/>\n\t<meta name=\"twitter:data2\" content=\"3 minutos\" \/>\n<script type=\"application\/ld+json\" class=\"yoast-schema-graph\">{\"@context\":\"https:\\\/\\\/schema.org\",\"@graph\":[{\"@type\":\"Article\",\"@id\":\"https:\\\/\\\/gay.blog.br\\\/es\\\/noticias-es\\\/marina-lima-anunciada-en-el-cartel-del-festival-garotas-ao-mar-weekend\\\/#article\",\"isPartOf\":{\"@id\":\"https:\\\/\\\/gay.blog.br\\\/es\\\/noticias-es\\\/marina-lima-anunciada-en-el-cartel-del-festival-garotas-ao-mar-weekend\\\/\"},\"author\":{\"name\":\"www.gay.blog.br\",\"@id\":\"https:\\\/\\\/gay.blog.br\\\/es\\\/#\\\/schema\\\/person\\\/ab4bce68ee54b8f4af5c174efe7472e5\"},\"headline\":\"Marina Lima anunciada en el cartel del festival \u00abGarotas ao Mar Weekend\u00bb\",\"datePublished\":\"2023-10-26T23:13:06+00:00\",\"dateModified\":\"2023-10-31T04:12:01+00:00\",\"mainEntityOfPage\":{\"@id\":\"https:\\\/\\\/gay.blog.br\\\/es\\\/noticias-es\\\/marina-lima-anunciada-en-el-cartel-del-festival-garotas-ao-mar-weekend\\\/\"},\"wordCount\":498,\"commentCount\":0,\"publisher\":{\"@id\":\"https:\\\/\\\/gay.blog.br\\\/es\\\/#organization\"},\"image\":{\"@id\":\"https:\\\/\\\/gay.blog.br\\\/es\\\/noticias-es\\\/marina-lima-anunciada-en-el-cartel-del-festival-garotas-ao-mar-weekend\\\/#primaryimage\"},\"thumbnailUrl\":\"https:\\\/\\\/i0.wp.com\\\/gay.blog.br\\\/wp-content\\\/uploads\\\/2023\\\/10\\\/3-Marina-Lima-Credito-fotografico-Cande-Salles.jpg?fit=911%2C587&ssl=1\",\"keywords\":[\"bisexuales\",\"bloque de carnaval\",\"Bruna Pazinato\",\"Chicas al Mar\",\"compras\",\"Eco Resort Vila Gal\u00e9\",\"estreno\",\"feriado de Pascua\",\"festival\",\"fin de semana\",\"Garotas ao Mar Weekend\",\"Gatas Extraordinarias\",\"H&amp;H\",\"H&amp;H entretenimiento\",\"H&amp;H Festival\",\"hell and heaven\",\"LBTP+\",\"lesbianas\",\"LGBTQIA\",\"marina lima\",\"Mujer\",\"mujeres LBTP+\",\"pernambuco\",\"playa\",\"recife\",\"SaiaBamba\",\"sertanejo\",\"trans\",\"ventas\"],\"articleSection\":[\"LESBIANA\",\"NOT\u00cdCIAS\",\"RECREACI\u00d3N\"],\"inLanguage\":\"es\",\"potentialAction\":[{\"@type\":\"CommentAction\",\"name\":\"Comment\",\"target\":[\"https:\\\/\\\/gay.blog.br\\\/es\\\/noticias-es\\\/marina-lima-anunciada-en-el-cartel-del-festival-garotas-ao-mar-weekend\\\/#respond\"]}]},{\"@type\":\"WebPage\",\"@id\":\"https:\\\/\\\/gay.blog.br\\\/es\\\/noticias-es\\\/marina-lima-anunciada-en-el-cartel-del-festival-garotas-ao-mar-weekend\\\/\",\"url\":\"https:\\\/\\\/gay.blog.br\\\/es\\\/noticias-es\\\/marina-lima-anunciada-en-el-cartel-del-festival-garotas-ao-mar-weekend\\\/\",\"name\":\"Marina Lima anunciada en el cartel del festival \\\"Garotas ao Mar Weekend\\\"\",\"isPartOf\":{\"@id\":\"https:\\\/\\\/gay.blog.br\\\/es\\\/#website\"},\"primaryImageOfPage\":{\"@id\":\"https:\\\/\\\/gay.blog.br\\\/es\\\/noticias-es\\\/marina-lima-anunciada-en-el-cartel-del-festival-garotas-ao-mar-weekend\\\/#primaryimage\"},\"image\":{\"@id\":\"https:\\\/\\\/gay.blog.br\\\/es\\\/noticias-es\\\/marina-lima-anunciada-en-el-cartel-del-festival-garotas-ao-mar-weekend\\\/#primaryimage\"},\"thumbnailUrl\":\"https:\\\/\\\/i0.wp.com\\\/gay.blog.br\\\/wp-content\\\/uploads\\\/2023\\\/10\\\/3-Marina-Lima-Credito-fotografico-Cande-Salles.jpg?fit=911%2C587&ssl=1\",\"datePublished\":\"2023-10-26T23:13:06+00:00\",\"dateModified\":\"2023-10-31T04:12:01+00:00\",\"description\":\"La primera edici\u00f3n del festival \\\"Garotas ao Mar Weekend\\\" (Chicas al Mar Weekend) promover\u00e1 una experiencia de tres noches y cuatro d\u00edas con diversas actividades musicales y fiestas junto al mar para mujeres LBTP+\",\"breadcrumb\":{\"@id\":\"https:\\\/\\\/gay.blog.br\\\/es\\\/noticias-es\\\/marina-lima-anunciada-en-el-cartel-del-festival-garotas-ao-mar-weekend\\\/#breadcrumb\"},\"inLanguage\":\"es\",\"potentialAction\":[{\"@type\":\"ReadAction\",\"target\":[\"https:\\\/\\\/gay.blog.br\\\/es\\\/noticias-es\\\/marina-lima-anunciada-en-el-cartel-del-festival-garotas-ao-mar-weekend\\\/\"]}]},{\"@type\":\"ImageObject\",\"inLanguage\":\"es\",\"@id\":\"https:\\\/\\\/gay.blog.br\\\/es\\\/noticias-es\\\/marina-lima-anunciada-en-el-cartel-del-festival-garotas-ao-mar-weekend\\\/#primaryimage\",\"url\":\"https:\\\/\\\/i0.wp.com\\\/gay.blog.br\\\/wp-content\\\/uploads\\\/2023\\\/10\\\/3-Marina-Lima-Credito-fotografico-Cande-Salles.jpg?fit=911%2C587&ssl=1\",\"contentUrl\":\"https:\\\/\\\/i0.wp.com\\\/gay.blog.br\\\/wp-content\\\/uploads\\\/2023\\\/10\\\/3-Marina-Lima-Credito-fotografico-Cande-Salles.jpg?fit=911%2C587&ssl=1\",\"width\":911,\"height\":587,\"caption\":\"Marina Lima \u00e9 headliner do 'Garotas ao Mar Weekend' - Foto: Cand\u00e9 Salles\"},{\"@type\":\"BreadcrumbList\",\"@id\":\"https:\\\/\\\/gay.blog.br\\\/es\\\/noticias-es\\\/marina-lima-anunciada-en-el-cartel-del-festival-garotas-ao-mar-weekend\\\/#breadcrumb\",\"itemListElement\":[{\"@type\":\"ListItem\",\"position\":1,\"name\":\"In\u00edcio\",\"item\":\"https:\\\/\\\/gay.blog.br\\\/es\\\/\"},{\"@type\":\"ListItem\",\"position\":2,\"name\":\"Marina Lima anunciada en el cartel del festival &#8220;Garotas ao Mar Weekend&#8221;\"}]},{\"@type\":\"WebSite\",\"@id\":\"https:\\\/\\\/gay.blog.br\\\/es\\\/#website\",\"url\":\"https:\\\/\\\/gay.blog.br\\\/es\\\/\",\"name\":\"GAY BLOG BR @gayblogbr\",\"description\":\"Not\u00edcias que empoderam e\\\/ou entret\u00eam s\u00e3o especialidades da casa\",\"publisher\":{\"@id\":\"https:\\\/\\\/gay.blog.br\\\/es\\\/#organization\"},\"potentialAction\":[{\"@type\":\"SearchAction\",\"target\":{\"@type\":\"EntryPoint\",\"urlTemplate\":\"https:\\\/\\\/gay.blog.br\\\/es\\\/?s={search_term_string}\"},\"query-input\":{\"@type\":\"PropertyValueSpecification\",\"valueRequired\":true,\"valueName\":\"search_term_string\"}}],\"inLanguage\":\"es\"},{\"@type\":\"Organization\",\"@id\":\"https:\\\/\\\/gay.blog.br\\\/es\\\/#organization\",\"name\":\"GAY BLOG BR\",\"url\":\"https:\\\/\\\/gay.blog.br\\\/es\\\/\",\"logo\":{\"@type\":\"ImageObject\",\"inLanguage\":\"es\",\"@id\":\"https:\\\/\\\/gay.blog.br\\\/es\\\/#\\\/schema\\\/logo\\\/image\\\/\",\"url\":\"https:\\\/\\\/i0.wp.com\\\/gay.blog.br\\\/wp-content\\\/uploads\\\/2023\\\/08\\\/gay180px.png?fit=272%2C90&ssl=1\",\"contentUrl\":\"https:\\\/\\\/i0.wp.com\\\/gay.blog.br\\\/wp-content\\\/uploads\\\/2023\\\/08\\\/gay180px.png?fit=272%2C90&ssl=1\",\"width\":272,\"height\":90,\"caption\":\"GAY BLOG BR\"},\"image\":{\"@id\":\"https:\\\/\\\/gay.blog.br\\\/es\\\/#\\\/schema\\\/logo\\\/image\\\/\"},\"sameAs\":[\"https:\\\/\\\/facebook.com\\\/gayblogbr\",\"https:\\\/\\\/x.com\\\/gayblogbr\",\"https:\\\/\\\/instagram.com\\\/gayblogbr\",\"https:\\\/\\\/www.linkedin.com\\\/company\\\/gayblogbr\\\/\",\"https:\\\/\\\/br.pinterest.com\\\/gayblogbr\\\/\",\"https:\\\/\\\/www.youtube.com\\\/channel\\\/UCdEu3JXLOB-wvWAVUF4AIiA\",\"https:\\\/\\\/pt.wikipedia.org\\\/wiki\\\/Gay_Blog_Br\",\"https:\\\/\\\/www.threads.net\\\/@gayblogbr\"]},{\"@type\":\"Person\",\"@id\":\"https:\\\/\\\/gay.blog.br\\\/es\\\/#\\\/schema\\\/person\\\/ab4bce68ee54b8f4af5c174efe7472e5\",\"name\":\"www.gay.blog.br\",\"image\":{\"@type\":\"ImageObject\",\"inLanguage\":\"es\",\"@id\":\"https:\\\/\\\/secure.gravatar.com\\\/avatar\\\/a6fb6bf5c84cdaa375389c43448e2bb88db4600d8fc5be6c42a410789075740f?s=96&d=mm&r=g\",\"url\":\"https:\\\/\\\/secure.gravatar.com\\\/avatar\\\/a6fb6bf5c84cdaa375389c43448e2bb88db4600d8fc5be6c42a410789075740f?s=96&d=mm&r=g\",\"contentUrl\":\"https:\\\/\\\/secure.gravatar.com\\\/avatar\\\/a6fb6bf5c84cdaa375389c43448e2bb88db4600d8fc5be6c42a410789075740f?s=96&d=mm&r=g\",\"caption\":\"www.gay.blog.br\"},\"description\":\"Receba as not\u00edcias pelo Telegram!\",\"sameAs\":[\"https:\\\/\\\/facebook.com\\\/gayblogbr\",\"https:\\\/\\\/instagram.com\\\/gayblogbr\",\"https:\\\/\\\/www.linkedin.com\\\/company\\\/gayblogbr\\\/\",\"https:\\\/\\\/pinterest.com\\\/gayblogbr\\\/\",\"https:\\\/\\\/x.com\\\/https:\\\/\\\/bsky.app\\\/profile\\\/gayblogbr.bsky.social\",\"https:\\\/\\\/www.youtube.com\\\/@GAYBLOGBR\",\"https:\\\/\\\/pt.wikipedia.org\\\/wiki\\\/Gay_Blog_Br\"],\"url\":\"https:\\\/\\\/gay.blog.br\\\/es\\\/author\\\/oaudaznavegante\\\/\"}]}<\/script>\n<!-- \/ Yoast SEO plugin. -->","yoast_head_json":{"title":"Marina Lima anunciada en el cartel del festival \"Garotas ao Mar Weekend\"","description":"La primera edici\u00f3n del festival \"Garotas ao Mar Weekend\" (Chicas al Mar Weekend) promover\u00e1 una experiencia de tres noches y cuatro d\u00edas con diversas actividades musicales y fiestas junto al mar para mujeres LBTP+","robots":{"index":"index","follow":"follow","max-snippet":"max-snippet:-1","max-image-preview":"max-image-preview:large","max-video-preview":"max-video-preview:-1"},"canonical":"https:\/\/gay.blog.br\/es\/noticias-es\/marina-lima-anunciada-en-el-cartel-del-festival-garotas-ao-mar-weekend\/","og_locale":"es_ES","og_type":"article","og_title":"Marina Lima anunciada en el cartel del festival \"Garotas ao Mar Weekend\"","og_description":"La primera edici\u00f3n del festival \"Garotas ao Mar Weekend\" (Chicas al Mar Weekend) promover\u00e1 una experiencia de tres noches y cuatro d\u00edas con diversas actividades musicales y fiestas junto al mar para mujeres LBTP+","og_url":"https:\/\/gay.blog.br\/es\/noticias-es\/marina-lima-anunciada-en-el-cartel-del-festival-garotas-ao-mar-weekend\/","og_site_name":"GAY BLOG BR @gayblogbr","article_publisher":"https:\/\/facebook.com\/gayblogbr","article_author":"https:\/\/facebook.com\/gayblogbr","article_published_time":"2023-10-26T23:13:06+00:00","article_modified_time":"2023-10-31T04:12:01+00:00","og_image":[{"width":911,"height":587,"url":"https:\/\/gay.blog.br\/wp-content\/uploads\/2023\/10\/3-Marina-Lima-Credito-fotografico-Cande-Salles.jpg","type":"image\/jpeg"}],"author":"www.gay.blog.br","twitter_card":"summary_large_image","twitter_creator":"@https:\/\/bsky.app\/profile\/gayblogbr.bsky.social","twitter_site":"@gayblogbr","twitter_misc":{"Escrito por":"www.gay.blog.br","Tiempo de lectura":"3 minutos"},"schema":{"@context":"https:\/\/schema.org","@graph":[{"@type":"Article","@id":"https:\/\/gay.blog.br\/es\/noticias-es\/marina-lima-anunciada-en-el-cartel-del-festival-garotas-ao-mar-weekend\/#article","isPartOf":{"@id":"https:\/\/gay.blog.br\/es\/noticias-es\/marina-lima-anunciada-en-el-cartel-del-festival-garotas-ao-mar-weekend\/"},"author":{"name":"www.gay.blog.br","@id":"https:\/\/gay.blog.br\/es\/#\/schema\/person\/ab4bce68ee54b8f4af5c174efe7472e5"},"headline":"Marina Lima anunciada en el cartel del festival \u00abGarotas ao Mar Weekend\u00bb","datePublished":"2023-10-26T23:13:06+00:00","dateModified":"2023-10-31T04:12:01+00:00","mainEntityOfPage":{"@id":"https:\/\/gay.blog.br\/es\/noticias-es\/marina-lima-anunciada-en-el-cartel-del-festival-garotas-ao-mar-weekend\/"},"wordCount":498,"commentCount":0,"publisher":{"@id":"https:\/\/gay.blog.br\/es\/#organization"},"image":{"@id":"https:\/\/gay.blog.br\/es\/noticias-es\/marina-lima-anunciada-en-el-cartel-del-festival-garotas-ao-mar-weekend\/#primaryimage"},"thumbnailUrl":"https:\/\/i0.wp.com\/gay.blog.br\/wp-content\/uploads\/2023\/10\/3-Marina-Lima-Credito-fotografico-Cande-Salles.jpg?fit=911%2C587&ssl=1","keywords":["bisexuales","bloque de carnaval","Bruna Pazinato","Chicas al Mar","compras","Eco Resort Vila Gal\u00e9","estreno","feriado de Pascua","festival","fin de semana","Garotas ao Mar Weekend","Gatas Extraordinarias","H&amp;H","H&amp;H entretenimiento","H&amp;H Festival","hell and heaven","LBTP+","lesbianas","LGBTQIA","marina lima","Mujer","mujeres LBTP+","pernambuco","playa","recife","SaiaBamba","sertanejo","trans","ventas"],"articleSection":["LESBIANA","NOT\u00cdCIAS","RECREACI\u00d3N"],"inLanguage":"es","potentialAction":[{"@type":"CommentAction","name":"Comment","target":["https:\/\/gay.blog.br\/es\/noticias-es\/marina-lima-anunciada-en-el-cartel-del-festival-garotas-ao-mar-weekend\/#respond"]}]},{"@type":"WebPage","@id":"https:\/\/gay.blog.br\/es\/noticias-es\/marina-lima-anunciada-en-el-cartel-del-festival-garotas-ao-mar-weekend\/","url":"https:\/\/gay.blog.br\/es\/noticias-es\/marina-lima-anunciada-en-el-cartel-del-festival-garotas-ao-mar-weekend\/","name":"Marina Lima anunciada en el cartel del festival \"Garotas ao Mar Weekend\"","isPartOf":{"@id":"https:\/\/gay.blog.br\/es\/#website"},"primaryImageOfPage":{"@id":"https:\/\/gay.blog.br\/es\/noticias-es\/marina-lima-anunciada-en-el-cartel-del-festival-garotas-ao-mar-weekend\/#primaryimage"},"image":{"@id":"https:\/\/gay.blog.br\/es\/noticias-es\/marina-lima-anunciada-en-el-cartel-del-festival-garotas-ao-mar-weekend\/#primaryimage"},"thumbnailUrl":"https:\/\/i0.wp.com\/gay.blog.br\/wp-content\/uploads\/2023\/10\/3-Marina-Lima-Credito-fotografico-Cande-Salles.jpg?fit=911%2C587&ssl=1","datePublished":"2023-10-26T23:13:06+00:00","dateModified":"2023-10-31T04:12:01+00:00","description":"La primera edici\u00f3n del festival \"Garotas ao Mar Weekend\" (Chicas al Mar Weekend) promover\u00e1 una experiencia de tres noches y cuatro d\u00edas con diversas actividades musicales y fiestas junto al mar para mujeres LBTP+","breadcrumb":{"@id":"https:\/\/gay.blog.br\/es\/noticias-es\/marina-lima-anunciada-en-el-cartel-del-festival-garotas-ao-mar-weekend\/#breadcrumb"},"inLanguage":"es","potentialAction":[{"@type":"ReadAction","target":["https:\/\/gay.blog.br\/es\/noticias-es\/marina-lima-anunciada-en-el-cartel-del-festival-garotas-ao-mar-weekend\/"]}]},{"@type":"ImageObject","inLanguage":"es","@id":"https:\/\/gay.blog.br\/es\/noticias-es\/marina-lima-anunciada-en-el-cartel-del-festival-garotas-ao-mar-weekend\/#primaryimage","url":"https:\/\/i0.wp.com\/gay.blog.br\/wp-content\/uploads\/2023\/10\/3-Marina-Lima-Credito-fotografico-Cande-Salles.jpg?fit=911%2C587&ssl=1","contentUrl":"https:\/\/i0.wp.com\/gay.blog.br\/wp-content\/uploads\/2023\/10\/3-Marina-Lima-Credito-fotografico-Cande-Salles.jpg?fit=911%2C587&ssl=1","width":911,"height":587,"caption":"Marina Lima \u00e9 headliner do 'Garotas ao Mar Weekend' - Foto: Cand\u00e9 Salles"},{"@type":"BreadcrumbList","@id":"https:\/\/gay.blog.br\/es\/noticias-es\/marina-lima-anunciada-en-el-cartel-del-festival-garotas-ao-mar-weekend\/#breadcrumb","itemListElement":[{"@type":"ListItem","position":1,"name":"In\u00edcio","item":"https:\/\/gay.blog.br\/es\/"},{"@type":"ListItem","position":2,"name":"Marina Lima anunciada en el cartel del festival &#8220;Garotas ao Mar Weekend&#8221;"}]},{"@type":"WebSite","@id":"https:\/\/gay.blog.br\/es\/#website","url":"https:\/\/gay.blog.br\/es\/","name":"GAY BLOG BR @gayblogbr","description":"Not\u00edcias que empoderam e\/ou entret\u00eam s\u00e3o especialidades da casa","publisher":{"@id":"https:\/\/gay.blog.br\/es\/#organization"},"potentialAction":[{"@type":"SearchAction","target":{"@type":"EntryPoint","urlTemplate":"https:\/\/gay.blog.br\/es\/?s={search_term_string}"},"query-input":{"@type":"PropertyValueSpecification","valueRequired":true,"valueName":"search_term_string"}}],"inLanguage":"es"},{"@type":"Organization","@id":"https:\/\/gay.blog.br\/es\/#organization","name":"GAY BLOG BR","url":"https:\/\/gay.blog.br\/es\/","logo":{"@type":"ImageObject","inLanguage":"es","@id":"https:\/\/gay.blog.br\/es\/#\/schema\/logo\/image\/","url":"https:\/\/i0.wp.com\/gay.blog.br\/wp-content\/uploads\/2023\/08\/gay180px.png?fit=272%2C90&ssl=1","contentUrl":"https:\/\/i0.wp.com\/gay.blog.br\/wp-content\/uploads\/2023\/08\/gay180px.png?fit=272%2C90&ssl=1","width":272,"height":90,"caption":"GAY BLOG BR"},"image":{"@id":"https:\/\/gay.blog.br\/es\/#\/schema\/logo\/image\/"},"sameAs":["https:\/\/facebook.com\/gayblogbr","https:\/\/x.com\/gayblogbr","https:\/\/instagram.com\/gayblogbr","https:\/\/www.linkedin.com\/company\/gayblogbr\/","https:\/\/br.pinterest.com\/gayblogbr\/","https:\/\/www.youtube.com\/channel\/UCdEu3JXLOB-wvWAVUF4AIiA","https:\/\/pt.wikipedia.org\/wiki\/Gay_Blog_Br","https:\/\/www.threads.net\/@gayblogbr"]},{"@type":"Person","@id":"https:\/\/gay.blog.br\/es\/#\/schema\/person\/ab4bce68ee54b8f4af5c174efe7472e5","name":"www.gay.blog.br","image":{"@type":"ImageObject","inLanguage":"es","@id":"https:\/\/secure.gravatar.com\/avatar\/a6fb6bf5c84cdaa375389c43448e2bb88db4600d8fc5be6c42a410789075740f?s=96&d=mm&r=g","url":"https:\/\/secure.gravatar.com\/avatar\/a6fb6bf5c84cdaa375389c43448e2bb88db4600d8fc5be6c42a410789075740f?s=96&d=mm&r=g","contentUrl":"https:\/\/secure.gravatar.com\/avatar\/a6fb6bf5c84cdaa375389c43448e2bb88db4600d8fc5be6c42a410789075740f?s=96&d=mm&r=g","caption":"www.gay.blog.br"},"description":"Receba as not\u00edcias pelo Telegram!","sameAs":["https:\/\/facebook.com\/gayblogbr","https:\/\/instagram.com\/gayblogbr","https:\/\/www.linkedin.com\/company\/gayblogbr\/","https:\/\/pinterest.com\/gayblogbr\/","https:\/\/x.com\/https:\/\/bsky.app\/profile\/gayblogbr.bsky.social","https:\/\/www.youtube.com\/@GAYBLOGBR","https:\/\/pt.wikipedia.org\/wiki\/Gay_Blog_Br"],"url":"https:\/\/gay.blog.br\/es\/author\/oaudaznavegante\/"}]}},"jetpack_publicize_connections":[],"jetpack_featured_media_url":"https:\/\/i0.wp.com\/gay.blog.br\/wp-content\/uploads\/2023\/10\/3-Marina-Lima-Credito-fotografico-Cande-Salles.jpg?fit=911%2C587&ssl=1","jetpack_sharing_enabled":true,"jetpack_shortlink":"https:\/\/wp.me\/p6klkK-Rpe","jetpack_likes_enabled":false,"amp_enabled":true,"_links":{"self":[{"href":"https:\/\/gay.blog.br\/es\/wp-json\/wp\/v2\/posts\/205296","targetHints":{"allow":["GET"]}}],"collection":[{"href":"https:\/\/gay.blog.br\/es\/wp-json\/wp\/v2\/posts"}],"about":[{"href":"https:\/\/gay.blog.br\/es\/wp-json\/wp\/v2\/types\/post"}],"author":[{"embeddable":true,"href":"https:\/\/gay.blog.br\/es\/wp-json\/wp\/v2\/users\/2"}],"replies":[{"embeddable":true,"href":"https:\/\/gay.blog.br\/es\/wp-json\/wp\/v2\/comments?post=205296"}],"version-history":[{"count":2,"href":"https:\/\/gay.blog.br\/es\/wp-json\/wp\/v2\/posts\/205296\/revisions"}],"predecessor-version":[{"id":205379,"href":"https:\/\/gay.blog.br\/es\/wp-json\/wp\/v2\/posts\/205296\/revisions\/205379"}],"wp:featuredmedia":[{"embeddable":true,"href":"https:\/\/gay.blog.br\/es\/wp-json\/wp\/v2\/media\/205119"}],"wp:attachment":[{"href":"https:\/\/gay.blog.br\/es\/wp-json\/wp\/v2\/media?parent=205296"}],"wp:term":[{"taxonomy":"category","embeddable":true,"href":"https:\/\/gay.blog.br\/es\/wp-json\/wp\/v2\/categories?post=205296"},{"taxonomy":"post_tag","embeddable":true,"href":"https:\/\/gay.blog.br\/es\/wp-json\/wp\/v2\/tags?post=205296"}],"curies":[{"name":"wp","href":"https:\/\/api.w.org\/{rel}","templated":true}]}}