{"id":205792,"date":"2023-10-25T10:18:12","date_gmt":"2023-10-25T13:18:12","guid":{"rendered":"https:\/\/gay.blog.br\/?p=205792"},"modified":"2023-11-07T23:26:18","modified_gmt":"2023-11-08T02:26:18","slug":"el-consejo-federal-de-psicologia-de-brasil-condena-la-practica-de-la-cura-gay-no-es-ni-una-enfermedad","status":"publish","type":"post","link":"https:\/\/gay.blog.br\/es\/salud\/el-consejo-federal-de-psicologia-de-brasil-condena-la-practica-de-la-cura-gay-no-es-ni-una-enfermedad\/","title":{"rendered":"El Consejo Federal de Psicolog\u00eda de Brasil condena la pr\u00e1ctica de la &#8216;cura gay&#8217;: &#8216;No es ni una enfermedad&#8217;"},"content":{"rendered":"<p style=\"text-align: justify;\">El <strong>Consejo Federal de Psicolog\u00eda (CFP)<\/strong> de Brasil, a trav\u00e9s de su presidente, Pedro Paulo Bicalho, ha reforzado su condena de las pr\u00e1cticas conocidas como <strong>\u00abcura gay\u00bb<\/strong> o <strong>terapias de reversi\u00f3n<\/strong>. Seg\u00fan Bicalho, en una entrevista concedida a <a href=\"https:\/\/agenciabrasil.ebc.com.br\/saude\/noticia\/2023-10\/conselho-de-psicologia-critica-pratica-de-cura-gay\">Agencia Brasil<\/a>, esas pr\u00e1cticas, que a menudo tienen su origen en convicciones religiosas fundamentalistas, se consideran formas de tortura y pueden provocar graves da\u00f1os a la salud mental, incluido el desarrollo de ideas suicidas entre las personas sometidas a ellas.<\/p>\n<p style=\"text-align: justify;\">Desde 1999, el <strong>CFP<\/strong> tiene una <a href=\"https:\/\/gay.blog.br\/gay\/decisao-que-permitia-terapia-da-cura-gay-finalmente-e-suspensa\/\">resoluci\u00f3n que proh\u00edbe estas pr\u00e1cticas<\/a>, subrayando que la homosexualidad y la bisexualidad no son ni enfermedades ni desviaciones, y que es imperativo que la moral o las pr\u00e1cticas morales no se utilicen para aborrecer estas orientaciones sexuales.<\/p>\n<p style=\"text-align: justify;\">La discusi\u00f3n se vuelve a\u00fan m\u00e1s grave cuando consideramos casos tr\u00e1gicos como el de <a href=\"https:\/\/gay.blog.br\/noticias\/karol-eller-e-encontrada-morta-um-mes-apos-apos-se-submeter-a-cura-gay\/\">Karol Eller<\/a>, influencer de Bolsonaro que fue encontrada muerta despu\u00e9s de haber sido sometida a un intento de \u00abrenuncia a la homosexualidad\u00bb en una iglesia de Goi\u00e1s. Este caso refleja las consecuencias extremas que tales pr\u00e1cticas pueden tener en la vida de las personas.<\/p>\n<p style=\"text-align: justify;\">La polit\u00f3loga <strong>Laira Tenca<\/strong> atribuye el crecimiento de estas pr\u00e1cticas al auge del movimiento conservador en Brasil y a la mayor presencia de la religi\u00f3n en la vida social. Seg\u00fan ella, estas corrientes llamadas conservadoras han dificultado la garant\u00eda de derechos para la poblaci\u00f3n LGBTQIA+, creando un escenario de hostilidad y represi\u00f3n.<\/p>\n<p style=\"text-align: justify;\"><em>\u00abLas personas LGBT son parte de este Brasil que, por un lado, est\u00e1 viendo avances en las pol\u00edticas p\u00fablicas para esta poblaci\u00f3n, pero por otro, tambi\u00e9n hay un movimiento hacia una mayor vocalizaci\u00f3n de los discursos de odio, convirtiendo a estas personas en v\u00edctimas al final, cuestionando su identidad y existencia. En este escenario, la organizaci\u00f3n social est\u00e1 ah\u00ed, la iglesia, el pastor, las familias bebiendo estos discursos, viviendo con estos discursos y otras viejas pr\u00e1cticas tambi\u00e9n\u00bb,<\/em> Laira declar\u00f3 a Agencia Brasil.<\/p>\n<p style=\"text-align: justify;\">En los retiros destinados a la conversi\u00f3n sexual, Tenca a\u00f1ade que la homosexualidad y la transexualidad se tratan como un problema, como un pecado, como una actitud desviada, y a partir de ah\u00ed la cura gay est\u00e1 m\u00e1s relacionada con los discursos religiosos, ya no con la psicolog\u00eda. El sufrimiento se agrava, seg\u00fan ella, porque hay una b\u00fasqueda de aceptaci\u00f3n y pertenencia en un espacio que cuestiona constantemente la identidad de las personas LGBTQIA+ y produce discursos de odio.<\/p>\n<p style=\"text-align: justify;\"><em>\u00abEn este contexto, se induce a las personas LGBT a negar una parte de su propia identidad. El impacto [na sa\u00fade mental] da miedo porque la sexualidad forma parte de la vida del individuo. Tener esta sexualidad reprimida de esta manera por un discurso religioso y por una conexi\u00f3n latente entre la culpa, el error, la incomprensi\u00f3n y la imposibilidad de existir en el mundo es terrible, es muy severo.\u00bb<\/em> dijo.<\/p>\n<p style=\"text-align: justify;\"><strong>H\u00e9der Bello<\/strong>, psic\u00f3logo e investigador de la Universidad Federal de R\u00edo de Janeiro (UFRJ), comparti\u00f3 su experiencia personal como sobreviviente de intentos de \u00abcura gay\u00bb y mencion\u00f3 que muchas de estas pr\u00e1cticas son promovidas por grupos religiosos, educadores y profesionales de campos no regulados. Bello tambi\u00e9n abord\u00f3 la conexi\u00f3n hist\u00f3rica entre las pr\u00e1cticas de \u00abcura gay\u00bb y la epidemia de VIH en la d\u00e9cada de 1980, destacando la desinformaci\u00f3n y los prejuicios que rodeaban a la epidemia en aquella \u00e9poca.<\/p>\n<p style=\"text-align: justify;\"><em>\u00abHay oraciones, ayunos forzados, castigos, torturas f\u00edsicas y psicol\u00f3gicas. Hay un movimiento de aislamiento social, se encarcela a la gente para que no desee sexualmente a personas de su mismo sexo. Y [existe] una l\u00f3gica espiritual tambi\u00e9n, porque si le pides a Dios y le muestras tu sacrificio, Dios lo har\u00e1 por ti\u201d<\/em>, revel\u00f3 el psic\u00f3logo. Tambi\u00e9n revela la existencia de grupos que dicen promover el exorcismo porque reconocen la homosexualidad como algo demon\u00edaco.<\/p>\n<p style=\"text-align: justify;\">Seg\u00fan el investigador, la comunidad cient\u00edfica &#8211; incluidos el Consejo Federal de Psicolog\u00eda, la Organizaci\u00f3n Mundial de la Salud (OMS) y la Asociaci\u00f3n Americana de Psiquiatr\u00eda &#8211; entiende que cuando las personas se someten a estos programas, pr\u00e1cticas y procedimientos de la llamada cura gay, se produce un efecto iatrog\u00e9nico [rea\u00e7\u00f5es adversas causadas por tratamento m\u00e9dico] el efecto negativo.<\/p>\n<p style=\"text-align: justify;\"><em>\u201cNo hay pruebas de que las personas cambien su sexualidad. Al contrario, la sexualidad es algo intr\u00ednseco al sujeto, que forma parte de su identidad. No es una opci\u00f3n, no es una elecci\u00f3n.\u201d<\/em>, dijo. <em>\u201cY estos intentos de reparaci\u00f3n, correcci\u00f3n, reversi\u00f3n de la orientaci\u00f3n sexual y de la identidad de g\u00e9nero mediante castigos, torturas psicol\u00f3gicas, trabajos forzados, ayunos forzados, aislamiento, encarcelamiento, internamiento obligatorio, aislamiento de la familia, generan procesos de ansiedad, depresi\u00f3n, trastorno de estr\u00e9s postraum\u00e1tico, trastornos alimentarios, automutilaci\u00f3n, ideas suicidas e intentos de suicidio\u201d<\/em>, declar\u00f3 el investigador a Agencia Brasil.<\/p>\n<p style=\"text-align: justify;\">La comunidad cient\u00edfica, incluida la CFP, la Organizaci\u00f3n Mundial de la Salud (OMS) y la Asociaci\u00f3n Americana de Psiquiatr\u00eda, es un\u00e1nime al afirmar que estas pr\u00e1cticas carecen de base cient\u00edfica y pueden causar da\u00f1os irreparables en la salud mental de las personas, provocando trastornos como ansiedad, depresi\u00f3n, trastorno de estr\u00e9s postraum\u00e1tico, trastornos alimentarios, automutilaci\u00f3n e ideas e intentos de suicidio.<\/p>\n<p style=\"text-align: justify;\">El informe reitera la urgente necesidad de un enfoque inclusivo y educativo que promueva la aceptaci\u00f3n y el respeto a la diversidad de orientaciones sexuales e identidades de g\u00e9nero, avanzando en la garant\u00eda de derechos y la promoci\u00f3n de la salud mental de todos los ciudadanos, independientemente de su orientaci\u00f3n sexual o identidad de g\u00e9nero.<\/p>\n<blockquote class=\"wp-embedded-content\" data-secret=\"LcXeI0G7d2\"><p><a href=\"https:\/\/gay.blog.br\/gay\/decisao-que-permitia-terapia-da-cura-gay-finalmente-e-suspensa\/\">Decis\u00e3o que permitia terapia da &#8216;cura gay&#8217; finalmente \u00e9 suspensa<\/a><\/p><\/blockquote>\n<p><iframe loading=\"lazy\" class=\"wp-embedded-content\" sandbox=\"allow-scripts\" security=\"restricted\" style=\"position: absolute; clip: rect(1px, 1px, 1px, 1px);\" title=\"\u00abDecis\u00e3o que permitia terapia da &#8216;cura gay&#8217; finalmente \u00e9 suspensa\u00bb \u2014 GAY BLOG BR @gayblogbr\" src=\"https:\/\/gay.blog.br\/gay\/decisao-que-permitia-terapia-da-cura-gay-finalmente-e-suspensa\/embed\/#?secret=14XEXGlMFV#?secret=LcXeI0G7d2\" data-secret=\"LcXeI0G7d2\" width=\"600\" height=\"338\" frameborder=\"0\" marginwidth=\"0\" marginheight=\"0\" scrolling=\"no\"><\/iframe><\/p>\n","protected":false},"excerpt":{"rendered":"<p>La comunidad cient\u00edfica, incluyendo el CFP, la Organizaci\u00f3n Mundial de la Salud (OMS) y la Asociaci\u00f3n Americana de Psiquiatr\u00eda, es un\u00e1nime al afirmar que estas pr\u00e1cticas carecen de base cient\u00edfica y pueden causar da\u00f1os irreparables a la salud mental<\/p>\n","protected":false},"author":2,"featured_media":204940,"comment_status":"open","ping_status":"open","sticky":false,"template":"","format":"standard","meta":{"googlesitekit_rrm_CAoiEBg-BXrJeACjO8p49SE4kTY:productID":"","tdm_status":"","tdm_grid_status":"","_jetpack_newsletter_access":"","_jetpack_dont_email_post_to_subs":false,"_jetpack_newsletter_tier_id":0,"_jetpack_memberships_contains_paywalled_content":false,"_jetpack_memberships_contains_paid_content":false,"footnotes":"","jetpack_publicize_message":"El Consejo Federal de Psicolog\u00eda de Brasil condena la pr\u00e1ctica de la 'cura gay': 'No es ni una enfermedad'","jetpack_publicize_feature_enabled":true,"jetpack_social_post_already_shared":true,"jetpack_social_options":{"image_generator_settings":{"template":"highway","default_image_id":0,"font":"","enabled":false},"version":2},"_wpas_customize_per_network":false,"jetpack_post_was_ever_published":false},"categories":[589932144,589932231,589932380],"tags":[589933492,589947336,589947337,589932912,589935141,589947339,589934722,589947335,589947338,589934723,589947334],"class_list":{"0":"post-205792","1":"post","2":"type-post","3":"status-publish","4":"format-standard","5":"has-post-thumbnail","7":"category-gay-es","8":"category-noticias-es","9":"category-salud","10":"tag-brasil-es","11":"tag-cfp-es","12":"tag-consejo-de-psicologia","13":"tag-cura-gay-es","14":"tag-inversion-es","15":"tag-laira-tenca-es","16":"tag-psicologia-es","17":"tag-resolucion","18":"tag-suicidas-es","19":"tag-terapia-es","20":"tag-tortura-es"},"yoast_head":"<!-- This site is optimized with the Yoast SEO plugin v27.4 - https:\/\/yoast.com\/product\/yoast-seo-wordpress\/ -->\n<title>El Consejo Federal de Psicolog\u00eda de Brasil condena la pr\u00e1ctica de la &#039;cura gay&#039;: &#039;No es ni una enfermedad&#039;<\/title>\n<meta name=\"description\" content=\"La comunidad cient\u00edfica, incluyendo el CFP, la Organizaci\u00f3n Mundial de la Salud (OMS) y la Asociaci\u00f3n Americana de Psiquiatr\u00eda, es un\u00e1nime al afirmar que estas pr\u00e1cticas carecen de base cient\u00edfica y pueden causar da\u00f1os irreparables a la salud mental\" \/>\n<meta name=\"robots\" content=\"index, follow, max-snippet:-1, max-image-preview:large, max-video-preview:-1\" \/>\n<link rel=\"canonical\" href=\"https:\/\/gay.blog.br\/es\/salud\/el-consejo-federal-de-psicologia-de-brasil-condena-la-practica-de-la-cura-gay-no-es-ni-una-enfermedad\/\" \/>\n<meta property=\"og:locale\" content=\"es_ES\" \/>\n<meta property=\"og:type\" content=\"article\" \/>\n<meta property=\"og:title\" content=\"El Consejo Federal de Psicolog\u00eda de Brasil condena la pr\u00e1ctica de la &#039;cura gay&#039;: &#039;No es ni una enfermedad&#039;\" \/>\n<meta property=\"og:description\" content=\"La comunidad cient\u00edfica, incluyendo el CFP, la Organizaci\u00f3n Mundial de la Salud (OMS) y la Asociaci\u00f3n Americana de Psiquiatr\u00eda, es un\u00e1nime al afirmar que estas pr\u00e1cticas carecen de base cient\u00edfica y pueden causar da\u00f1os irreparables a la salud mental\" \/>\n<meta property=\"og:url\" content=\"https:\/\/gay.blog.br\/es\/salud\/el-consejo-federal-de-psicologia-de-brasil-condena-la-practica-de-la-cura-gay-no-es-ni-una-enfermedad\/\" \/>\n<meta property=\"og:site_name\" content=\"GAY BLOG BR @gayblogbr\" \/>\n<meta property=\"article:publisher\" content=\"https:\/\/facebook.com\/gayblogbr\" \/>\n<meta property=\"article:author\" content=\"https:\/\/facebook.com\/gayblogbr\" \/>\n<meta property=\"article:published_time\" content=\"2023-10-25T13:18:12+00:00\" \/>\n<meta property=\"article:modified_time\" content=\"2023-11-08T02:26:18+00:00\" \/>\n<meta property=\"og:image\" content=\"https:\/\/gay.blog.br\/wp-content\/uploads\/2023\/10\/cura-gay.jpg\" \/>\n\t<meta property=\"og:image:width\" content=\"800\" \/>\n\t<meta property=\"og:image:height\" content=\"420\" \/>\n\t<meta property=\"og:image:type\" content=\"image\/jpeg\" \/>\n<meta name=\"author\" content=\"www.gay.blog.br\" \/>\n<meta name=\"twitter:card\" content=\"summary_large_image\" \/>\n<meta name=\"twitter:creator\" content=\"@https:\/\/bsky.app\/profile\/gayblogbr.bsky.social\" \/>\n<meta name=\"twitter:site\" content=\"@gayblogbr\" \/>\n<meta name=\"twitter:label1\" content=\"Escrito por\" \/>\n\t<meta name=\"twitter:data1\" content=\"www.gay.blog.br\" \/>\n\t<meta name=\"twitter:label2\" content=\"Tiempo de lectura\" \/>\n\t<meta name=\"twitter:data2\" content=\"5 minutos\" \/>\n<script type=\"application\/ld+json\" class=\"yoast-schema-graph\">{\"@context\":\"https:\\\/\\\/schema.org\",\"@graph\":[{\"@type\":\"Article\",\"@id\":\"https:\\\/\\\/gay.blog.br\\\/es\\\/salud\\\/el-consejo-federal-de-psicologia-de-brasil-condena-la-practica-de-la-cura-gay-no-es-ni-una-enfermedad\\\/#article\",\"isPartOf\":{\"@id\":\"https:\\\/\\\/gay.blog.br\\\/es\\\/salud\\\/el-consejo-federal-de-psicologia-de-brasil-condena-la-practica-de-la-cura-gay-no-es-ni-una-enfermedad\\\/\"},\"author\":{\"name\":\"www.gay.blog.br\",\"@id\":\"https:\\\/\\\/gay.blog.br\\\/es\\\/#\\\/schema\\\/person\\\/ab4bce68ee54b8f4af5c174efe7472e5\"},\"headline\":\"El Consejo Federal de Psicolog\u00eda de Brasil condena la pr\u00e1ctica de la &#8216;cura gay&#8217;: &#8216;No es ni una enfermedad&#8217;\",\"datePublished\":\"2023-10-25T13:18:12+00:00\",\"dateModified\":\"2023-11-08T02:26:18+00:00\",\"mainEntityOfPage\":{\"@id\":\"https:\\\/\\\/gay.blog.br\\\/es\\\/salud\\\/el-consejo-federal-de-psicologia-de-brasil-condena-la-practica-de-la-cura-gay-no-es-ni-una-enfermedad\\\/\"},\"wordCount\":1009,\"commentCount\":0,\"publisher\":{\"@id\":\"https:\\\/\\\/gay.blog.br\\\/es\\\/#organization\"},\"image\":{\"@id\":\"https:\\\/\\\/gay.blog.br\\\/es\\\/salud\\\/el-consejo-federal-de-psicologia-de-brasil-condena-la-practica-de-la-cura-gay-no-es-ni-una-enfermedad\\\/#primaryimage\"},\"thumbnailUrl\":\"https:\\\/\\\/i0.wp.com\\\/gay.blog.br\\\/wp-content\\\/uploads\\\/2023\\\/10\\\/cura-gay.jpg?fit=800%2C420&ssl=1\",\"keywords\":[\"brasil\",\"CFP\",\"Consejo de Psicolog\u00eda\",\"cura gay\",\"inversi\u00f3n\",\"Laira Tenca\",\"psicologia\",\"resoluci\u00f3n\",\"suicidas\",\"terapia\",\"tortura\"],\"articleSection\":[\"GAY\",\"NOT\u00cdCIAS\",\"SALUD\"],\"inLanguage\":\"es\",\"potentialAction\":[{\"@type\":\"CommentAction\",\"name\":\"Comment\",\"target\":[\"https:\\\/\\\/gay.blog.br\\\/es\\\/salud\\\/el-consejo-federal-de-psicologia-de-brasil-condena-la-practica-de-la-cura-gay-no-es-ni-una-enfermedad\\\/#respond\"]}]},{\"@type\":\"WebPage\",\"@id\":\"https:\\\/\\\/gay.blog.br\\\/es\\\/salud\\\/el-consejo-federal-de-psicologia-de-brasil-condena-la-practica-de-la-cura-gay-no-es-ni-una-enfermedad\\\/\",\"url\":\"https:\\\/\\\/gay.blog.br\\\/es\\\/salud\\\/el-consejo-federal-de-psicologia-de-brasil-condena-la-practica-de-la-cura-gay-no-es-ni-una-enfermedad\\\/\",\"name\":\"El Consejo Federal de Psicolog\u00eda de Brasil condena la pr\u00e1ctica de la 'cura gay': 'No es ni una enfermedad'\",\"isPartOf\":{\"@id\":\"https:\\\/\\\/gay.blog.br\\\/es\\\/#website\"},\"primaryImageOfPage\":{\"@id\":\"https:\\\/\\\/gay.blog.br\\\/es\\\/salud\\\/el-consejo-federal-de-psicologia-de-brasil-condena-la-practica-de-la-cura-gay-no-es-ni-una-enfermedad\\\/#primaryimage\"},\"image\":{\"@id\":\"https:\\\/\\\/gay.blog.br\\\/es\\\/salud\\\/el-consejo-federal-de-psicologia-de-brasil-condena-la-practica-de-la-cura-gay-no-es-ni-una-enfermedad\\\/#primaryimage\"},\"thumbnailUrl\":\"https:\\\/\\\/i0.wp.com\\\/gay.blog.br\\\/wp-content\\\/uploads\\\/2023\\\/10\\\/cura-gay.jpg?fit=800%2C420&ssl=1\",\"datePublished\":\"2023-10-25T13:18:12+00:00\",\"dateModified\":\"2023-11-08T02:26:18+00:00\",\"description\":\"La comunidad cient\u00edfica, incluyendo el CFP, la Organizaci\u00f3n Mundial de la Salud (OMS) y la Asociaci\u00f3n Americana de Psiquiatr\u00eda, es un\u00e1nime al afirmar que estas pr\u00e1cticas carecen de base cient\u00edfica y pueden causar da\u00f1os irreparables a la salud mental\",\"breadcrumb\":{\"@id\":\"https:\\\/\\\/gay.blog.br\\\/es\\\/salud\\\/el-consejo-federal-de-psicologia-de-brasil-condena-la-practica-de-la-cura-gay-no-es-ni-una-enfermedad\\\/#breadcrumb\"},\"inLanguage\":\"es\",\"potentialAction\":[{\"@type\":\"ReadAction\",\"target\":[\"https:\\\/\\\/gay.blog.br\\\/es\\\/salud\\\/el-consejo-federal-de-psicologia-de-brasil-condena-la-practica-de-la-cura-gay-no-es-ni-una-enfermedad\\\/\"]}]},{\"@type\":\"ImageObject\",\"inLanguage\":\"es\",\"@id\":\"https:\\\/\\\/gay.blog.br\\\/es\\\/salud\\\/el-consejo-federal-de-psicologia-de-brasil-condena-la-practica-de-la-cura-gay-no-es-ni-una-enfermedad\\\/#primaryimage\",\"url\":\"https:\\\/\\\/i0.wp.com\\\/gay.blog.br\\\/wp-content\\\/uploads\\\/2023\\\/10\\\/cura-gay.jpg?fit=800%2C420&ssl=1\",\"contentUrl\":\"https:\\\/\\\/i0.wp.com\\\/gay.blog.br\\\/wp-content\\\/uploads\\\/2023\\\/10\\\/cura-gay.jpg?fit=800%2C420&ssl=1\",\"width\":800,\"height\":420,\"caption\":\"Foto: Reprodu\u00e7\u00e3o\\\/NelsonAlmeida\"},{\"@type\":\"BreadcrumbList\",\"@id\":\"https:\\\/\\\/gay.blog.br\\\/es\\\/salud\\\/el-consejo-federal-de-psicologia-de-brasil-condena-la-practica-de-la-cura-gay-no-es-ni-una-enfermedad\\\/#breadcrumb\",\"itemListElement\":[{\"@type\":\"ListItem\",\"position\":1,\"name\":\"In\u00edcio\",\"item\":\"https:\\\/\\\/gay.blog.br\\\/es\\\/\"},{\"@type\":\"ListItem\",\"position\":2,\"name\":\"El Consejo Federal de Psicolog\u00eda de Brasil condena la pr\u00e1ctica de la &#8216;cura gay&#8217;: &#8216;No es ni una enfermedad&#8217;\"}]},{\"@type\":\"WebSite\",\"@id\":\"https:\\\/\\\/gay.blog.br\\\/es\\\/#website\",\"url\":\"https:\\\/\\\/gay.blog.br\\\/es\\\/\",\"name\":\"GAY BLOG BR @gayblogbr\",\"description\":\"Not\u00edcias que empoderam e\\\/ou entret\u00eam s\u00e3o especialidades da casa\",\"publisher\":{\"@id\":\"https:\\\/\\\/gay.blog.br\\\/es\\\/#organization\"},\"potentialAction\":[{\"@type\":\"SearchAction\",\"target\":{\"@type\":\"EntryPoint\",\"urlTemplate\":\"https:\\\/\\\/gay.blog.br\\\/es\\\/?s={search_term_string}\"},\"query-input\":{\"@type\":\"PropertyValueSpecification\",\"valueRequired\":true,\"valueName\":\"search_term_string\"}}],\"inLanguage\":\"es\"},{\"@type\":\"Organization\",\"@id\":\"https:\\\/\\\/gay.blog.br\\\/es\\\/#organization\",\"name\":\"GAY BLOG BR\",\"url\":\"https:\\\/\\\/gay.blog.br\\\/es\\\/\",\"logo\":{\"@type\":\"ImageObject\",\"inLanguage\":\"es\",\"@id\":\"https:\\\/\\\/gay.blog.br\\\/es\\\/#\\\/schema\\\/logo\\\/image\\\/\",\"url\":\"https:\\\/\\\/i0.wp.com\\\/gay.blog.br\\\/wp-content\\\/uploads\\\/2023\\\/08\\\/gay180px.png?fit=272%2C90&ssl=1\",\"contentUrl\":\"https:\\\/\\\/i0.wp.com\\\/gay.blog.br\\\/wp-content\\\/uploads\\\/2023\\\/08\\\/gay180px.png?fit=272%2C90&ssl=1\",\"width\":272,\"height\":90,\"caption\":\"GAY BLOG BR\"},\"image\":{\"@id\":\"https:\\\/\\\/gay.blog.br\\\/es\\\/#\\\/schema\\\/logo\\\/image\\\/\"},\"sameAs\":[\"https:\\\/\\\/facebook.com\\\/gayblogbr\",\"https:\\\/\\\/x.com\\\/gayblogbr\",\"https:\\\/\\\/instagram.com\\\/gayblogbr\",\"https:\\\/\\\/www.linkedin.com\\\/company\\\/gayblogbr\\\/\",\"https:\\\/\\\/br.pinterest.com\\\/gayblogbr\\\/\",\"https:\\\/\\\/www.youtube.com\\\/channel\\\/UCdEu3JXLOB-wvWAVUF4AIiA\",\"https:\\\/\\\/pt.wikipedia.org\\\/wiki\\\/Gay_Blog_Br\",\"https:\\\/\\\/www.threads.net\\\/@gayblogbr\"]},{\"@type\":\"Person\",\"@id\":\"https:\\\/\\\/gay.blog.br\\\/es\\\/#\\\/schema\\\/person\\\/ab4bce68ee54b8f4af5c174efe7472e5\",\"name\":\"www.gay.blog.br\",\"image\":{\"@type\":\"ImageObject\",\"inLanguage\":\"es\",\"@id\":\"https:\\\/\\\/secure.gravatar.com\\\/avatar\\\/a6fb6bf5c84cdaa375389c43448e2bb88db4600d8fc5be6c42a410789075740f?s=96&d=mm&r=g\",\"url\":\"https:\\\/\\\/secure.gravatar.com\\\/avatar\\\/a6fb6bf5c84cdaa375389c43448e2bb88db4600d8fc5be6c42a410789075740f?s=96&d=mm&r=g\",\"contentUrl\":\"https:\\\/\\\/secure.gravatar.com\\\/avatar\\\/a6fb6bf5c84cdaa375389c43448e2bb88db4600d8fc5be6c42a410789075740f?s=96&d=mm&r=g\",\"caption\":\"www.gay.blog.br\"},\"description\":\"Receba as not\u00edcias pelo Telegram!\",\"sameAs\":[\"https:\\\/\\\/facebook.com\\\/gayblogbr\",\"https:\\\/\\\/instagram.com\\\/gayblogbr\",\"https:\\\/\\\/www.linkedin.com\\\/company\\\/gayblogbr\\\/\",\"https:\\\/\\\/pinterest.com\\\/gayblogbr\\\/\",\"https:\\\/\\\/x.com\\\/https:\\\/\\\/bsky.app\\\/profile\\\/gayblogbr.bsky.social\",\"https:\\\/\\\/www.youtube.com\\\/@GAYBLOGBR\",\"https:\\\/\\\/pt.wikipedia.org\\\/wiki\\\/Gay_Blog_Br\"],\"url\":\"https:\\\/\\\/gay.blog.br\\\/es\\\/author\\\/oaudaznavegante\\\/\"}]}<\/script>\n<!-- \/ Yoast SEO plugin. -->","yoast_head_json":{"title":"El Consejo Federal de Psicolog\u00eda de Brasil condena la pr\u00e1ctica de la 'cura gay': 'No es ni una enfermedad'","description":"La comunidad cient\u00edfica, incluyendo el CFP, la Organizaci\u00f3n Mundial de la Salud (OMS) y la Asociaci\u00f3n Americana de Psiquiatr\u00eda, es un\u00e1nime al afirmar que estas pr\u00e1cticas carecen de base cient\u00edfica y pueden causar da\u00f1os irreparables a la salud mental","robots":{"index":"index","follow":"follow","max-snippet":"max-snippet:-1","max-image-preview":"max-image-preview:large","max-video-preview":"max-video-preview:-1"},"canonical":"https:\/\/gay.blog.br\/es\/salud\/el-consejo-federal-de-psicologia-de-brasil-condena-la-practica-de-la-cura-gay-no-es-ni-una-enfermedad\/","og_locale":"es_ES","og_type":"article","og_title":"El Consejo Federal de Psicolog\u00eda de Brasil condena la pr\u00e1ctica de la 'cura gay': 'No es ni una enfermedad'","og_description":"La comunidad cient\u00edfica, incluyendo el CFP, la Organizaci\u00f3n Mundial de la Salud (OMS) y la Asociaci\u00f3n Americana de Psiquiatr\u00eda, es un\u00e1nime al afirmar que estas pr\u00e1cticas carecen de base cient\u00edfica y pueden causar da\u00f1os irreparables a la salud mental","og_url":"https:\/\/gay.blog.br\/es\/salud\/el-consejo-federal-de-psicologia-de-brasil-condena-la-practica-de-la-cura-gay-no-es-ni-una-enfermedad\/","og_site_name":"GAY BLOG BR @gayblogbr","article_publisher":"https:\/\/facebook.com\/gayblogbr","article_author":"https:\/\/facebook.com\/gayblogbr","article_published_time":"2023-10-25T13:18:12+00:00","article_modified_time":"2023-11-08T02:26:18+00:00","og_image":[{"width":800,"height":420,"url":"https:\/\/gay.blog.br\/wp-content\/uploads\/2023\/10\/cura-gay.jpg","type":"image\/jpeg"}],"author":"www.gay.blog.br","twitter_card":"summary_large_image","twitter_creator":"@https:\/\/bsky.app\/profile\/gayblogbr.bsky.social","twitter_site":"@gayblogbr","twitter_misc":{"Escrito por":"www.gay.blog.br","Tiempo de lectura":"5 minutos"},"schema":{"@context":"https:\/\/schema.org","@graph":[{"@type":"Article","@id":"https:\/\/gay.blog.br\/es\/salud\/el-consejo-federal-de-psicologia-de-brasil-condena-la-practica-de-la-cura-gay-no-es-ni-una-enfermedad\/#article","isPartOf":{"@id":"https:\/\/gay.blog.br\/es\/salud\/el-consejo-federal-de-psicologia-de-brasil-condena-la-practica-de-la-cura-gay-no-es-ni-una-enfermedad\/"},"author":{"name":"www.gay.blog.br","@id":"https:\/\/gay.blog.br\/es\/#\/schema\/person\/ab4bce68ee54b8f4af5c174efe7472e5"},"headline":"El Consejo Federal de Psicolog\u00eda de Brasil condena la pr\u00e1ctica de la &#8216;cura gay&#8217;: &#8216;No es ni una enfermedad&#8217;","datePublished":"2023-10-25T13:18:12+00:00","dateModified":"2023-11-08T02:26:18+00:00","mainEntityOfPage":{"@id":"https:\/\/gay.blog.br\/es\/salud\/el-consejo-federal-de-psicologia-de-brasil-condena-la-practica-de-la-cura-gay-no-es-ni-una-enfermedad\/"},"wordCount":1009,"commentCount":0,"publisher":{"@id":"https:\/\/gay.blog.br\/es\/#organization"},"image":{"@id":"https:\/\/gay.blog.br\/es\/salud\/el-consejo-federal-de-psicologia-de-brasil-condena-la-practica-de-la-cura-gay-no-es-ni-una-enfermedad\/#primaryimage"},"thumbnailUrl":"https:\/\/i0.wp.com\/gay.blog.br\/wp-content\/uploads\/2023\/10\/cura-gay.jpg?fit=800%2C420&ssl=1","keywords":["brasil","CFP","Consejo de Psicolog\u00eda","cura gay","inversi\u00f3n","Laira Tenca","psicologia","resoluci\u00f3n","suicidas","terapia","tortura"],"articleSection":["GAY","NOT\u00cdCIAS","SALUD"],"inLanguage":"es","potentialAction":[{"@type":"CommentAction","name":"Comment","target":["https:\/\/gay.blog.br\/es\/salud\/el-consejo-federal-de-psicologia-de-brasil-condena-la-practica-de-la-cura-gay-no-es-ni-una-enfermedad\/#respond"]}]},{"@type":"WebPage","@id":"https:\/\/gay.blog.br\/es\/salud\/el-consejo-federal-de-psicologia-de-brasil-condena-la-practica-de-la-cura-gay-no-es-ni-una-enfermedad\/","url":"https:\/\/gay.blog.br\/es\/salud\/el-consejo-federal-de-psicologia-de-brasil-condena-la-practica-de-la-cura-gay-no-es-ni-una-enfermedad\/","name":"El Consejo Federal de Psicolog\u00eda de Brasil condena la pr\u00e1ctica de la 'cura gay': 'No es ni una enfermedad'","isPartOf":{"@id":"https:\/\/gay.blog.br\/es\/#website"},"primaryImageOfPage":{"@id":"https:\/\/gay.blog.br\/es\/salud\/el-consejo-federal-de-psicologia-de-brasil-condena-la-practica-de-la-cura-gay-no-es-ni-una-enfermedad\/#primaryimage"},"image":{"@id":"https:\/\/gay.blog.br\/es\/salud\/el-consejo-federal-de-psicologia-de-brasil-condena-la-practica-de-la-cura-gay-no-es-ni-una-enfermedad\/#primaryimage"},"thumbnailUrl":"https:\/\/i0.wp.com\/gay.blog.br\/wp-content\/uploads\/2023\/10\/cura-gay.jpg?fit=800%2C420&ssl=1","datePublished":"2023-10-25T13:18:12+00:00","dateModified":"2023-11-08T02:26:18+00:00","description":"La comunidad cient\u00edfica, incluyendo el CFP, la Organizaci\u00f3n Mundial de la Salud (OMS) y la Asociaci\u00f3n Americana de Psiquiatr\u00eda, es un\u00e1nime al afirmar que estas pr\u00e1cticas carecen de base cient\u00edfica y pueden causar da\u00f1os irreparables a la salud mental","breadcrumb":{"@id":"https:\/\/gay.blog.br\/es\/salud\/el-consejo-federal-de-psicologia-de-brasil-condena-la-practica-de-la-cura-gay-no-es-ni-una-enfermedad\/#breadcrumb"},"inLanguage":"es","potentialAction":[{"@type":"ReadAction","target":["https:\/\/gay.blog.br\/es\/salud\/el-consejo-federal-de-psicologia-de-brasil-condena-la-practica-de-la-cura-gay-no-es-ni-una-enfermedad\/"]}]},{"@type":"ImageObject","inLanguage":"es","@id":"https:\/\/gay.blog.br\/es\/salud\/el-consejo-federal-de-psicologia-de-brasil-condena-la-practica-de-la-cura-gay-no-es-ni-una-enfermedad\/#primaryimage","url":"https:\/\/i0.wp.com\/gay.blog.br\/wp-content\/uploads\/2023\/10\/cura-gay.jpg?fit=800%2C420&ssl=1","contentUrl":"https:\/\/i0.wp.com\/gay.blog.br\/wp-content\/uploads\/2023\/10\/cura-gay.jpg?fit=800%2C420&ssl=1","width":800,"height":420,"caption":"Foto: Reprodu\u00e7\u00e3o\/NelsonAlmeida"},{"@type":"BreadcrumbList","@id":"https:\/\/gay.blog.br\/es\/salud\/el-consejo-federal-de-psicologia-de-brasil-condena-la-practica-de-la-cura-gay-no-es-ni-una-enfermedad\/#breadcrumb","itemListElement":[{"@type":"ListItem","position":1,"name":"In\u00edcio","item":"https:\/\/gay.blog.br\/es\/"},{"@type":"ListItem","position":2,"name":"El Consejo Federal de Psicolog\u00eda de Brasil condena la pr\u00e1ctica de la &#8216;cura gay&#8217;: &#8216;No es ni una enfermedad&#8217;"}]},{"@type":"WebSite","@id":"https:\/\/gay.blog.br\/es\/#website","url":"https:\/\/gay.blog.br\/es\/","name":"GAY BLOG BR @gayblogbr","description":"Not\u00edcias que empoderam e\/ou entret\u00eam s\u00e3o especialidades da casa","publisher":{"@id":"https:\/\/gay.blog.br\/es\/#organization"},"potentialAction":[{"@type":"SearchAction","target":{"@type":"EntryPoint","urlTemplate":"https:\/\/gay.blog.br\/es\/?s={search_term_string}"},"query-input":{"@type":"PropertyValueSpecification","valueRequired":true,"valueName":"search_term_string"}}],"inLanguage":"es"},{"@type":"Organization","@id":"https:\/\/gay.blog.br\/es\/#organization","name":"GAY BLOG BR","url":"https:\/\/gay.blog.br\/es\/","logo":{"@type":"ImageObject","inLanguage":"es","@id":"https:\/\/gay.blog.br\/es\/#\/schema\/logo\/image\/","url":"https:\/\/i0.wp.com\/gay.blog.br\/wp-content\/uploads\/2023\/08\/gay180px.png?fit=272%2C90&ssl=1","contentUrl":"https:\/\/i0.wp.com\/gay.blog.br\/wp-content\/uploads\/2023\/08\/gay180px.png?fit=272%2C90&ssl=1","width":272,"height":90,"caption":"GAY BLOG BR"},"image":{"@id":"https:\/\/gay.blog.br\/es\/#\/schema\/logo\/image\/"},"sameAs":["https:\/\/facebook.com\/gayblogbr","https:\/\/x.com\/gayblogbr","https:\/\/instagram.com\/gayblogbr","https:\/\/www.linkedin.com\/company\/gayblogbr\/","https:\/\/br.pinterest.com\/gayblogbr\/","https:\/\/www.youtube.com\/channel\/UCdEu3JXLOB-wvWAVUF4AIiA","https:\/\/pt.wikipedia.org\/wiki\/Gay_Blog_Br","https:\/\/www.threads.net\/@gayblogbr"]},{"@type":"Person","@id":"https:\/\/gay.blog.br\/es\/#\/schema\/person\/ab4bce68ee54b8f4af5c174efe7472e5","name":"www.gay.blog.br","image":{"@type":"ImageObject","inLanguage":"es","@id":"https:\/\/secure.gravatar.com\/avatar\/a6fb6bf5c84cdaa375389c43448e2bb88db4600d8fc5be6c42a410789075740f?s=96&d=mm&r=g","url":"https:\/\/secure.gravatar.com\/avatar\/a6fb6bf5c84cdaa375389c43448e2bb88db4600d8fc5be6c42a410789075740f?s=96&d=mm&r=g","contentUrl":"https:\/\/secure.gravatar.com\/avatar\/a6fb6bf5c84cdaa375389c43448e2bb88db4600d8fc5be6c42a410789075740f?s=96&d=mm&r=g","caption":"www.gay.blog.br"},"description":"Receba as not\u00edcias pelo Telegram!","sameAs":["https:\/\/facebook.com\/gayblogbr","https:\/\/instagram.com\/gayblogbr","https:\/\/www.linkedin.com\/company\/gayblogbr\/","https:\/\/pinterest.com\/gayblogbr\/","https:\/\/x.com\/https:\/\/bsky.app\/profile\/gayblogbr.bsky.social","https:\/\/www.youtube.com\/@GAYBLOGBR","https:\/\/pt.wikipedia.org\/wiki\/Gay_Blog_Br"],"url":"https:\/\/gay.blog.br\/es\/author\/oaudaznavegante\/"}]}},"jetpack_publicize_connections":[],"jetpack_featured_media_url":"https:\/\/i0.wp.com\/gay.blog.br\/wp-content\/uploads\/2023\/10\/cura-gay.jpg?fit=800%2C420&ssl=1","jetpack_sharing_enabled":true,"jetpack_shortlink":"https:\/\/wp.me\/p6klkK-Rxe","jetpack_likes_enabled":false,"amp_enabled":true,"_links":{"self":[{"href":"https:\/\/gay.blog.br\/es\/wp-json\/wp\/v2\/posts\/205792","targetHints":{"allow":["GET"]}}],"collection":[{"href":"https:\/\/gay.blog.br\/es\/wp-json\/wp\/v2\/posts"}],"about":[{"href":"https:\/\/gay.blog.br\/es\/wp-json\/wp\/v2\/types\/post"}],"author":[{"embeddable":true,"href":"https:\/\/gay.blog.br\/es\/wp-json\/wp\/v2\/users\/2"}],"replies":[{"embeddable":true,"href":"https:\/\/gay.blog.br\/es\/wp-json\/wp\/v2\/comments?post=205792"}],"version-history":[{"count":2,"href":"https:\/\/gay.blog.br\/es\/wp-json\/wp\/v2\/posts\/205792\/revisions"}],"predecessor-version":[{"id":205823,"href":"https:\/\/gay.blog.br\/es\/wp-json\/wp\/v2\/posts\/205792\/revisions\/205823"}],"wp:featuredmedia":[{"embeddable":true,"href":"https:\/\/gay.blog.br\/es\/wp-json\/wp\/v2\/media\/204940"}],"wp:attachment":[{"href":"https:\/\/gay.blog.br\/es\/wp-json\/wp\/v2\/media?parent=205792"}],"wp:term":[{"taxonomy":"category","embeddable":true,"href":"https:\/\/gay.blog.br\/es\/wp-json\/wp\/v2\/categories?post=205792"},{"taxonomy":"post_tag","embeddable":true,"href":"https:\/\/gay.blog.br\/es\/wp-json\/wp\/v2\/tags?post=205792"}],"curies":[{"name":"wp","href":"https:\/\/api.w.org\/{rel}","templated":true}]}}