{"id":207792,"date":"2023-12-07T15:11:44","date_gmt":"2023-12-07T18:11:44","guid":{"rendered":"https:\/\/gay.blog.br\/?p=207792"},"modified":"2023-12-15T22:25:01","modified_gmt":"2023-12-16T01:25:01","slug":"el-modelo-elegido-hombre-mas-hermoso-de-italia-anuncia-su-decision-de-hacerse-sacerdote","status":"publish","type":"post","link":"https:\/\/gay.blog.br\/es\/pop-es\/el-modelo-elegido-hombre-mas-hermoso-de-italia-anuncia-su-decision-de-hacerse-sacerdote\/","title":{"rendered":"El modelo elegido &#8216;hombre m\u00e1s hermoso de Italia&#8217; anuncia su decisi\u00f3n de hacerse sacerdote"},"content":{"rendered":"<p style=\"text-align: justify;\"><strong>Edoardo Santini<\/strong>, conocido por ser elegido el \u00abhombre m\u00e1s hermoso de <a href=\"http:\/\/gay.blog.br\/tag\/italia\">Italia<\/a>\u00bb en 2019, sorprendi\u00f3 a sus seguidores y al mundo de la moda anunciando un punto de inflexi\u00f3n en su vida: su decisi\u00f3n de hacerse sacerdote. A los <strong>21 a\u00f1os<\/strong>, utiliz\u00f3 las redes sociales para compartir su nueva jornada espiritual, lo que marc\u00f3 una importante transici\u00f3n en su trayectoria profesional y personal.<\/p>\n<figure id=\"attachment_207602\" aria-describedby=\"caption-attachment-207602\" style=\"width: 1080px\" class=\"wp-caption aligncenter\"><a href=\"https:\/\/scruff.app.link\/Gayblog_br_Press\"><img data-recalc-dims=\"1\" loading=\"lazy\" decoding=\"async\" class=\"size-full wp-image-207602\" src=\"https:\/\/i0.wp.com\/gay.blog.br\/wp-content\/uploads\/2023\/12\/italia_modelo.jpg?resize=696%2C872&#038;ssl=1\" alt=\"Edoardo Santini - Reproducci\u00f3n\" width=\"696\" height=\"872\" srcset=\"https:\/\/i0.wp.com\/gay.blog.br\/wp-content\/uploads\/2023\/12\/italia_modelo.jpg?w=1080&amp;ssl=1 1080w, https:\/\/i0.wp.com\/gay.blog.br\/wp-content\/uploads\/2023\/12\/italia_modelo.jpg?resize=239%2C300&amp;ssl=1 239w, https:\/\/i0.wp.com\/gay.blog.br\/wp-content\/uploads\/2023\/12\/italia_modelo.jpg?resize=817%2C1024&amp;ssl=1 817w, https:\/\/i0.wp.com\/gay.blog.br\/wp-content\/uploads\/2023\/12\/italia_modelo.jpg?resize=120%2C150&amp;ssl=1 120w, https:\/\/i0.wp.com\/gay.blog.br\/wp-content\/uploads\/2023\/12\/italia_modelo.jpg?resize=768%2C962&amp;ssl=1 768w, https:\/\/i0.wp.com\/gay.blog.br\/wp-content\/uploads\/2023\/12\/italia_modelo.jpg?resize=696%2C872&amp;ssl=1 696w, https:\/\/i0.wp.com\/gay.blog.br\/wp-content\/uploads\/2023\/12\/italia_modelo.jpg?resize=1068%2C1338&amp;ssl=1 1068w, https:\/\/i0.wp.com\/gay.blog.br\/wp-content\/uploads\/2023\/12\/italia_modelo.jpg?resize=335%2C420&amp;ssl=1 335w, https:\/\/i0.wp.com\/gay.blog.br\/wp-content\/uploads\/2023\/12\/italia_modelo.jpg?resize=671%2C840&amp;ssl=1 671w\" sizes=\"auto, (max-width: 696px) 100vw, 696px\" \/><\/a><figcaption id=\"caption-attachment-207602\" class=\"wp-caption-text\">Edoardo Santini &#8211; Reproducci\u00f3n<\/figcaption><\/figure>\n<figure id=\"attachment_207605\" aria-describedby=\"caption-attachment-207605\" style=\"width: 1080px\" class=\"wp-caption aligncenter\"><a href=\"https:\/\/scruff.app.link\/Gayblog_br_Press\"><img data-recalc-dims=\"1\" loading=\"lazy\" decoding=\"async\" class=\"size-full wp-image-207605\" src=\"https:\/\/i0.wp.com\/gay.blog.br\/wp-content\/uploads\/2023\/12\/italiano.jpg?resize=696%2C871&#038;ssl=1\" alt=\"Edoardo Santini - Reproducci\u00f3n\" width=\"696\" height=\"871\" srcset=\"https:\/\/i0.wp.com\/gay.blog.br\/wp-content\/uploads\/2023\/12\/italiano.jpg?w=1080&amp;ssl=1 1080w, https:\/\/i0.wp.com\/gay.blog.br\/wp-content\/uploads\/2023\/12\/italiano.jpg?resize=240%2C300&amp;ssl=1 240w, https:\/\/i0.wp.com\/gay.blog.br\/wp-content\/uploads\/2023\/12\/italiano.jpg?resize=818%2C1024&amp;ssl=1 818w, https:\/\/i0.wp.com\/gay.blog.br\/wp-content\/uploads\/2023\/12\/italiano.jpg?resize=120%2C150&amp;ssl=1 120w, https:\/\/i0.wp.com\/gay.blog.br\/wp-content\/uploads\/2023\/12\/italiano.jpg?resize=768%2C961&amp;ssl=1 768w, https:\/\/i0.wp.com\/gay.blog.br\/wp-content\/uploads\/2023\/12\/italiano.jpg?resize=696%2C871&amp;ssl=1 696w, https:\/\/i0.wp.com\/gay.blog.br\/wp-content\/uploads\/2023\/12\/italiano.jpg?resize=1068%2C1337&amp;ssl=1 1068w, https:\/\/i0.wp.com\/gay.blog.br\/wp-content\/uploads\/2023\/12\/italiano.jpg?resize=336%2C420&amp;ssl=1 336w, https:\/\/i0.wp.com\/gay.blog.br\/wp-content\/uploads\/2023\/12\/italiano.jpg?resize=671%2C840&amp;ssl=1 671w\" sizes=\"auto, (max-width: 696px) 100vw, 696px\" \/><\/a><figcaption id=\"caption-attachment-207605\" class=\"wp-caption-text\">Edoardo Santini &#8211; Reproducci\u00f3n<\/figcaption><\/figure>\n<p style=\"text-align: justify;\">A los 17 a\u00f1os, Santini salt\u00f3 a la fama al ganar el concurso <strong>\u00abIl Bello d\u2019Italia\u00bb<\/strong>, organizado por el grupo de moda ABE. Este reconocimiento lo catapult\u00f3 a la fama, lo que le vali\u00f3 papeles protagonistas en campa\u00f1as publicitarias y otras oportunidades en la industria de la moda.<\/p>\n<figure id=\"attachment_207598\" aria-describedby=\"caption-attachment-207598\" style=\"width: 472px\" class=\"wp-caption aligncenter\"><a href=\"https:\/\/scruff.app.link\/Gayblog_br_Press\"><img data-recalc-dims=\"1\" loading=\"lazy\" decoding=\"async\" class=\"size-full wp-image-207598\" src=\"https:\/\/i0.wp.com\/gay.blog.br\/wp-content\/uploads\/2023\/12\/padre-italiano.jpg?resize=472%2C731&#038;ssl=1\" alt=\"Edoardo Santini en 2019 - Reproducci\u00f3n\" width=\"472\" height=\"731\" srcset=\"https:\/\/i0.wp.com\/gay.blog.br\/wp-content\/uploads\/2023\/12\/padre-italiano.jpg?w=472&amp;ssl=1 472w, https:\/\/i0.wp.com\/gay.blog.br\/wp-content\/uploads\/2023\/12\/padre-italiano.jpg?resize=194%2C300&amp;ssl=1 194w, https:\/\/i0.wp.com\/gay.blog.br\/wp-content\/uploads\/2023\/12\/padre-italiano.jpg?resize=97%2C150&amp;ssl=1 97w, https:\/\/i0.wp.com\/gay.blog.br\/wp-content\/uploads\/2023\/12\/padre-italiano.jpg?resize=271%2C420&amp;ssl=1 271w\" sizes=\"auto, (max-width: 472px) 100vw, 472px\" \/><\/a><figcaption id=\"caption-attachment-207598\" class=\"wp-caption-text\">Edoardo Santini en 2019 &#8211; Reproducci\u00f3n<\/figcaption><\/figure>\n<div class=\"mceTemp\"><\/div>\n<p style=\"text-align: justify;\">En Instagram, Santini ya hab\u00eda dejado entrever sus inclinaciones espirituales. Describi\u00e9ndose a s\u00ed mismo como \u00abpadre wannabe\u00bb (aspirante a sacerdote), publicaba a menudo fotos de retiros y eventos religiosos. Seg\u00fan \u00e9l, en su decisi\u00f3n influy\u00f3 el contacto con la rutina de otros sacerdotes y un curso preparatorio al que asisti\u00f3.<\/p>\n<figure id=\"attachment_207609\" aria-describedby=\"caption-attachment-207609\" style=\"width: 947px\" class=\"wp-caption aligncenter\"><a href=\"https:\/\/scruff.app.link\/Gayblog_br_Press\"><img data-recalc-dims=\"1\" loading=\"lazy\" decoding=\"async\" class=\"size-full wp-image-207609\" src=\"https:\/\/i0.wp.com\/gay.blog.br\/wp-content\/uploads\/2023\/12\/CAPA-PADRE.jpg?resize=696%2C661&#038;ssl=1\" alt=\"Edoardo Santini - Reproducci\u00f3n\" width=\"696\" height=\"661\" srcset=\"https:\/\/i0.wp.com\/gay.blog.br\/wp-content\/uploads\/2023\/12\/CAPA-PADRE.jpg?w=947&amp;ssl=1 947w, https:\/\/i0.wp.com\/gay.blog.br\/wp-content\/uploads\/2023\/12\/CAPA-PADRE.jpg?resize=300%2C285&amp;ssl=1 300w, https:\/\/i0.wp.com\/gay.blog.br\/wp-content\/uploads\/2023\/12\/CAPA-PADRE.jpg?resize=150%2C143&amp;ssl=1 150w, https:\/\/i0.wp.com\/gay.blog.br\/wp-content\/uploads\/2023\/12\/CAPA-PADRE.jpg?resize=768%2C730&amp;ssl=1 768w, https:\/\/i0.wp.com\/gay.blog.br\/wp-content\/uploads\/2023\/12\/CAPA-PADRE.jpg?resize=696%2C661&amp;ssl=1 696w, https:\/\/i0.wp.com\/gay.blog.br\/wp-content\/uploads\/2023\/12\/CAPA-PADRE.jpg?resize=442%2C420&amp;ssl=1 442w, https:\/\/i0.wp.com\/gay.blog.br\/wp-content\/uploads\/2023\/12\/CAPA-PADRE.jpg?resize=884%2C840&amp;ssl=1 884w\" sizes=\"auto, (max-width: 696px) 100vw, 696px\" \/><\/a><figcaption id=\"caption-attachment-207609\" class=\"wp-caption-text\">Edoardo Santini &#8211; Reproducci\u00f3n<\/figcaption><\/figure>\n<p style=\"text-align: justify;\">En el <a href=\"https:\/\/www.instagram.com\/p\/Cz_Jd9vMJ4P\/\">post<\/a> de celebraci\u00f3n de los planes para la nueva jornada, el ex modelo comparti\u00f3 que su decisi\u00f3n coincidi\u00f3 con la edad a la que sus padres se casaron y \u00e9l naci\u00f3. A los 21 a\u00f1os, la misma edad que ten\u00eda su madre cuando lo tuvo, Santini expres\u00f3 su deseo de seguir el camino sacerdotal y comenz\u00f3 su formaci\u00f3n en Florencia.<\/p>\n<p style=\"text-align: justify;\"><a href=\"https:\/\/www.instagram.com\/_edoardosantini_\">Santini<\/a> tambi\u00e9n quiso subrayar que, aunque se embarca en una nueva vida, no abandonar\u00e1 por completo sus pasatiempos e intereses. <em>\u00abPor supuesto que no voy a abandonarlo todo, porque hacen de m\u00ed quien soy. Pero voy a experimentarlos en un contexto diferente\u00bb<\/em>, declar\u00f3, se\u00f1alando una transici\u00f3n consciente entre su antigua y su nueva vida.<\/p>\n<blockquote class=\"wp-embedded-content\" data-secret=\"aGjXbUmfEj\"><p><a href=\"https:\/\/gay.blog.br\/noticias\/ex-padre-americano-vira-estrela-porno-apos-os-80-anos\/\">Ex-padre americano vira estrela porn\u00f4 ap\u00f3s os 80 anos<\/a><\/p><\/blockquote>\n<p><iframe loading=\"lazy\" class=\"wp-embedded-content\" sandbox=\"allow-scripts\" security=\"restricted\" style=\"position: absolute; clip: rect(1px, 1px, 1px, 1px);\" title=\"\u00abEx-padre americano vira estrela porn\u00f4 ap\u00f3s os 80 anos\u00bb \u2014 GAY BLOG BR @gayblogbr\" src=\"https:\/\/gay.blog.br\/noticias\/ex-padre-americano-vira-estrela-porno-apos-os-80-anos\/embed\/#?secret=VwBPtjULjr#?secret=aGjXbUmfEj\" data-secret=\"aGjXbUmfEj\" width=\"600\" height=\"338\" frameborder=\"0\" marginwidth=\"0\" marginheight=\"0\" scrolling=\"no\"><\/iframe><\/p>\n","protected":false},"excerpt":{"rendered":"<p>A la edad de 21 a\u00f1os, Edoardo Santini utiliz\u00f3 las redes sociales para compartir su nueva jornada espiritual, marcando una importante transici\u00f3n en su trayectoria profesional y personal<\/p>\n","protected":false},"author":2,"featured_media":207615,"comment_status":"open","ping_status":"open","sticky":false,"template":"","format":"standard","meta":{"googlesitekit_rrm_CAoiEBg-BXrJeACjO8p49SE4kTY:productID":"","tdm_status":"","tdm_grid_status":"","_jetpack_newsletter_access":"","_jetpack_dont_email_post_to_subs":false,"_jetpack_newsletter_tier_id":0,"_jetpack_memberships_contains_paywalled_content":false,"_jetpack_memberships_contains_paid_content":false,"footnotes":"","jetpack_publicize_message":"El modelo elegido 'hombre m\u00e1s hermoso de Italia' anuncia su decisi\u00f3n de hacerse sacerdote","jetpack_publicize_feature_enabled":true,"jetpack_social_post_already_shared":true,"jetpack_social_options":{"image_generator_settings":{"template":"highway","default_image_id":0,"font":"","enabled":false},"version":2},"_wpas_customize_per_network":false,"jetpack_post_was_ever_published":false},"categories":[589932233,589932231,589932273],"tags":[589947924,589947925,589934173,589947927,589932737,589947926,589933559,589933661,589947928],"class_list":{"0":"post-207792","1":"post","2":"type-post","3":"status-publish","4":"format-standard","5":"has-post-thumbnail","7":"category-chicos","8":"category-noticias-es","9":"category-pop-es","10":"tag-carrera-es","11":"tag-edoardo-santini-es","12":"tag-iglesia","13":"tag-iltaliano-es","14":"tag-italia-es","15":"tag-mas-hermoso","16":"tag-modelo-es-2","17":"tag-padre-es","18":"tag-santini-es"},"yoast_head":"<!-- This site is optimized with the Yoast SEO plugin v27.5 - https:\/\/yoast.com\/product\/yoast-seo-wordpress\/ -->\n<title>El modelo elegido &#039;hombre m\u00e1s hermoso de Italia&#039; anuncia su decisi\u00f3n de hacerse sacerdote<\/title>\n<meta name=\"description\" content=\"A la edad de 21 a\u00f1os, Edoardo Santini utiliz\u00f3 las redes sociales para compartir su nueva jornada espiritual, marcando una importante transici\u00f3n en su trayectoria profesional y personal\" \/>\n<meta name=\"robots\" content=\"index, follow, max-snippet:-1, max-image-preview:large, max-video-preview:-1\" \/>\n<link rel=\"canonical\" href=\"https:\/\/gay.blog.br\/es\/pop-es\/el-modelo-elegido-hombre-mas-hermoso-de-italia-anuncia-su-decision-de-hacerse-sacerdote\/\" \/>\n<meta property=\"og:locale\" content=\"es_ES\" \/>\n<meta property=\"og:type\" content=\"article\" \/>\n<meta property=\"og:title\" content=\"El modelo elegido &#039;hombre m\u00e1s hermoso de Italia&#039; anuncia su decisi\u00f3n de hacerse sacerdote\" \/>\n<meta property=\"og:description\" content=\"A la edad de 21 a\u00f1os, Edoardo Santini utiliz\u00f3 las redes sociales para compartir su nueva jornada espiritual, marcando una importante transici\u00f3n en su trayectoria profesional y personal\" \/>\n<meta property=\"og:url\" content=\"https:\/\/gay.blog.br\/es\/pop-es\/el-modelo-elegido-hombre-mas-hermoso-de-italia-anuncia-su-decision-de-hacerse-sacerdote\/\" \/>\n<meta property=\"og:site_name\" content=\"GAY BLOG BR @gayblogbr\" \/>\n<meta property=\"article:publisher\" content=\"https:\/\/facebook.com\/gayblogbr\" \/>\n<meta property=\"article:author\" content=\"https:\/\/facebook.com\/gayblogbr\" \/>\n<meta property=\"article:published_time\" content=\"2023-12-07T18:11:44+00:00\" \/>\n<meta property=\"article:modified_time\" content=\"2023-12-16T01:25:01+00:00\" \/>\n<meta property=\"og:image\" content=\"https:\/\/i0.wp.com\/gay.blog.br\/wp-content\/uploads\/2023\/12\/CAPA-PADRE-GAY-BLOG.jpg?fit=841%2C508&ssl=1\" \/>\n\t<meta property=\"og:image:width\" content=\"841\" \/>\n\t<meta property=\"og:image:height\" content=\"508\" \/>\n\t<meta property=\"og:image:type\" content=\"image\/jpeg\" \/>\n<meta name=\"author\" content=\"www.gay.blog.br\" \/>\n<meta name=\"twitter:card\" content=\"summary_large_image\" \/>\n<meta name=\"twitter:creator\" content=\"@https:\/\/bsky.app\/profile\/gayblogbr.bsky.social\" \/>\n<meta name=\"twitter:site\" content=\"@gayblogbr\" \/>\n<meta name=\"twitter:label1\" content=\"Escrito por\" \/>\n\t<meta name=\"twitter:data1\" content=\"www.gay.blog.br\" \/>\n\t<meta name=\"twitter:label2\" content=\"Tiempo de lectura\" \/>\n\t<meta name=\"twitter:data2\" content=\"3 minutos\" \/>\n<script type=\"application\/ld+json\" class=\"yoast-schema-graph\">{\"@context\":\"https:\\\/\\\/schema.org\",\"@graph\":[{\"@type\":\"Article\",\"@id\":\"https:\\\/\\\/gay.blog.br\\\/es\\\/pop-es\\\/el-modelo-elegido-hombre-mas-hermoso-de-italia-anuncia-su-decision-de-hacerse-sacerdote\\\/#article\",\"isPartOf\":{\"@id\":\"https:\\\/\\\/gay.blog.br\\\/es\\\/pop-es\\\/el-modelo-elegido-hombre-mas-hermoso-de-italia-anuncia-su-decision-de-hacerse-sacerdote\\\/\"},\"author\":{\"name\":\"www.gay.blog.br\",\"@id\":\"https:\\\/\\\/gay.blog.br\\\/es\\\/#\\\/schema\\\/person\\\/ab4bce68ee54b8f4af5c174efe7472e5\"},\"headline\":\"El modelo elegido &#8216;hombre m\u00e1s hermoso de Italia&#8217; anuncia su decisi\u00f3n de hacerse sacerdote\",\"datePublished\":\"2023-12-07T18:11:44+00:00\",\"dateModified\":\"2023-12-16T01:25:01+00:00\",\"mainEntityOfPage\":{\"@id\":\"https:\\\/\\\/gay.blog.br\\\/es\\\/pop-es\\\/el-modelo-elegido-hombre-mas-hermoso-de-italia-anuncia-su-decision-de-hacerse-sacerdote\\\/\"},\"wordCount\":365,\"commentCount\":0,\"publisher\":{\"@id\":\"https:\\\/\\\/gay.blog.br\\\/es\\\/#organization\"},\"image\":{\"@id\":\"https:\\\/\\\/gay.blog.br\\\/es\\\/pop-es\\\/el-modelo-elegido-hombre-mas-hermoso-de-italia-anuncia-su-decision-de-hacerse-sacerdote\\\/#primaryimage\"},\"thumbnailUrl\":\"https:\\\/\\\/i0.wp.com\\\/gay.blog.br\\\/wp-content\\\/uploads\\\/2023\\\/12\\\/CAPA-PADRE-GAY-BLOG.jpg?fit=841%2C508&ssl=1\",\"keywords\":[\"carrera\",\"Edoardo Santini\",\"Iglesia\",\"iltaliano\",\"italia\",\"m\u00e1s hermoso\",\"modelo\",\"padre\",\"Santini\"],\"articleSection\":[\"CHICOS\",\"NOT\u00cdCIAS\",\"POP\"],\"inLanguage\":\"es\",\"potentialAction\":[{\"@type\":\"CommentAction\",\"name\":\"Comment\",\"target\":[\"https:\\\/\\\/gay.blog.br\\\/es\\\/pop-es\\\/el-modelo-elegido-hombre-mas-hermoso-de-italia-anuncia-su-decision-de-hacerse-sacerdote\\\/#respond\"]}]},{\"@type\":\"WebPage\",\"@id\":\"https:\\\/\\\/gay.blog.br\\\/es\\\/pop-es\\\/el-modelo-elegido-hombre-mas-hermoso-de-italia-anuncia-su-decision-de-hacerse-sacerdote\\\/\",\"url\":\"https:\\\/\\\/gay.blog.br\\\/es\\\/pop-es\\\/el-modelo-elegido-hombre-mas-hermoso-de-italia-anuncia-su-decision-de-hacerse-sacerdote\\\/\",\"name\":\"El modelo elegido 'hombre m\u00e1s hermoso de Italia' anuncia su decisi\u00f3n de hacerse sacerdote\",\"isPartOf\":{\"@id\":\"https:\\\/\\\/gay.blog.br\\\/es\\\/#website\"},\"primaryImageOfPage\":{\"@id\":\"https:\\\/\\\/gay.blog.br\\\/es\\\/pop-es\\\/el-modelo-elegido-hombre-mas-hermoso-de-italia-anuncia-su-decision-de-hacerse-sacerdote\\\/#primaryimage\"},\"image\":{\"@id\":\"https:\\\/\\\/gay.blog.br\\\/es\\\/pop-es\\\/el-modelo-elegido-hombre-mas-hermoso-de-italia-anuncia-su-decision-de-hacerse-sacerdote\\\/#primaryimage\"},\"thumbnailUrl\":\"https:\\\/\\\/i0.wp.com\\\/gay.blog.br\\\/wp-content\\\/uploads\\\/2023\\\/12\\\/CAPA-PADRE-GAY-BLOG.jpg?fit=841%2C508&ssl=1\",\"datePublished\":\"2023-12-07T18:11:44+00:00\",\"dateModified\":\"2023-12-16T01:25:01+00:00\",\"description\":\"A la edad de 21 a\u00f1os, Edoardo Santini utiliz\u00f3 las redes sociales para compartir su nueva jornada espiritual, marcando una importante transici\u00f3n en su trayectoria profesional y personal\",\"breadcrumb\":{\"@id\":\"https:\\\/\\\/gay.blog.br\\\/es\\\/pop-es\\\/el-modelo-elegido-hombre-mas-hermoso-de-italia-anuncia-su-decision-de-hacerse-sacerdote\\\/#breadcrumb\"},\"inLanguage\":\"es\",\"potentialAction\":[{\"@type\":\"ReadAction\",\"target\":[\"https:\\\/\\\/gay.blog.br\\\/es\\\/pop-es\\\/el-modelo-elegido-hombre-mas-hermoso-de-italia-anuncia-su-decision-de-hacerse-sacerdote\\\/\"]}]},{\"@type\":\"ImageObject\",\"inLanguage\":\"es\",\"@id\":\"https:\\\/\\\/gay.blog.br\\\/es\\\/pop-es\\\/el-modelo-elegido-hombre-mas-hermoso-de-italia-anuncia-su-decision-de-hacerse-sacerdote\\\/#primaryimage\",\"url\":\"https:\\\/\\\/i0.wp.com\\\/gay.blog.br\\\/wp-content\\\/uploads\\\/2023\\\/12\\\/CAPA-PADRE-GAY-BLOG.jpg?fit=841%2C508&ssl=1\",\"contentUrl\":\"https:\\\/\\\/i0.wp.com\\\/gay.blog.br\\\/wp-content\\\/uploads\\\/2023\\\/12\\\/CAPA-PADRE-GAY-BLOG.jpg?fit=841%2C508&ssl=1\",\"width\":841,\"height\":508,\"caption\":\"Modelo eleito 'o homem mais bonito da It\u00e1lia' anuncia decis\u00e3o de se tornar padre\"},{\"@type\":\"BreadcrumbList\",\"@id\":\"https:\\\/\\\/gay.blog.br\\\/es\\\/pop-es\\\/el-modelo-elegido-hombre-mas-hermoso-de-italia-anuncia-su-decision-de-hacerse-sacerdote\\\/#breadcrumb\",\"itemListElement\":[{\"@type\":\"ListItem\",\"position\":1,\"name\":\"In\u00edcio\",\"item\":\"https:\\\/\\\/gay.blog.br\\\/es\\\/\"},{\"@type\":\"ListItem\",\"position\":2,\"name\":\"El modelo elegido &#8216;hombre m\u00e1s hermoso de Italia&#8217; anuncia su decisi\u00f3n de hacerse sacerdote\"}]},{\"@type\":\"WebSite\",\"@id\":\"https:\\\/\\\/gay.blog.br\\\/es\\\/#website\",\"url\":\"https:\\\/\\\/gay.blog.br\\\/es\\\/\",\"name\":\"GAY BLOG BR @gayblogbr\",\"description\":\"Not\u00edcias que empoderam e\\\/ou entret\u00eam s\u00e3o especialidades da casa\",\"publisher\":{\"@id\":\"https:\\\/\\\/gay.blog.br\\\/es\\\/#organization\"},\"potentialAction\":[{\"@type\":\"SearchAction\",\"target\":{\"@type\":\"EntryPoint\",\"urlTemplate\":\"https:\\\/\\\/gay.blog.br\\\/es\\\/?s={search_term_string}\"},\"query-input\":{\"@type\":\"PropertyValueSpecification\",\"valueRequired\":true,\"valueName\":\"search_term_string\"}}],\"inLanguage\":\"es\"},{\"@type\":\"Organization\",\"@id\":\"https:\\\/\\\/gay.blog.br\\\/es\\\/#organization\",\"name\":\"GAY BLOG BR\",\"url\":\"https:\\\/\\\/gay.blog.br\\\/es\\\/\",\"logo\":{\"@type\":\"ImageObject\",\"inLanguage\":\"es\",\"@id\":\"https:\\\/\\\/gay.blog.br\\\/es\\\/#\\\/schema\\\/logo\\\/image\\\/\",\"url\":\"https:\\\/\\\/i0.wp.com\\\/gay.blog.br\\\/wp-content\\\/uploads\\\/2023\\\/08\\\/gay180px.png?fit=272%2C90&ssl=1\",\"contentUrl\":\"https:\\\/\\\/i0.wp.com\\\/gay.blog.br\\\/wp-content\\\/uploads\\\/2023\\\/08\\\/gay180px.png?fit=272%2C90&ssl=1\",\"width\":272,\"height\":90,\"caption\":\"GAY BLOG BR\"},\"image\":{\"@id\":\"https:\\\/\\\/gay.blog.br\\\/es\\\/#\\\/schema\\\/logo\\\/image\\\/\"},\"sameAs\":[\"https:\\\/\\\/facebook.com\\\/gayblogbr\",\"https:\\\/\\\/x.com\\\/gayblogbr\",\"https:\\\/\\\/instagram.com\\\/gayblogbr\",\"https:\\\/\\\/www.linkedin.com\\\/company\\\/gayblogbr\\\/\",\"https:\\\/\\\/br.pinterest.com\\\/gayblogbr\\\/\",\"https:\\\/\\\/www.youtube.com\\\/channel\\\/UCdEu3JXLOB-wvWAVUF4AIiA\",\"https:\\\/\\\/pt.wikipedia.org\\\/wiki\\\/Gay_Blog_Br\",\"https:\\\/\\\/www.threads.net\\\/@gayblogbr\"]},{\"@type\":\"Person\",\"@id\":\"https:\\\/\\\/gay.blog.br\\\/es\\\/#\\\/schema\\\/person\\\/ab4bce68ee54b8f4af5c174efe7472e5\",\"name\":\"www.gay.blog.br\",\"image\":{\"@type\":\"ImageObject\",\"inLanguage\":\"es\",\"@id\":\"https:\\\/\\\/secure.gravatar.com\\\/avatar\\\/a6fb6bf5c84cdaa375389c43448e2bb88db4600d8fc5be6c42a410789075740f?s=96&d=mm&r=g\",\"url\":\"https:\\\/\\\/secure.gravatar.com\\\/avatar\\\/a6fb6bf5c84cdaa375389c43448e2bb88db4600d8fc5be6c42a410789075740f?s=96&d=mm&r=g\",\"contentUrl\":\"https:\\\/\\\/secure.gravatar.com\\\/avatar\\\/a6fb6bf5c84cdaa375389c43448e2bb88db4600d8fc5be6c42a410789075740f?s=96&d=mm&r=g\",\"caption\":\"www.gay.blog.br\"},\"description\":\"Receba as not\u00edcias pelo Telegram!\",\"sameAs\":[\"https:\\\/\\\/facebook.com\\\/gayblogbr\",\"https:\\\/\\\/instagram.com\\\/gayblogbr\",\"https:\\\/\\\/www.linkedin.com\\\/company\\\/gayblogbr\\\/\",\"https:\\\/\\\/pinterest.com\\\/gayblogbr\\\/\",\"https:\\\/\\\/x.com\\\/https:\\\/\\\/bsky.app\\\/profile\\\/gayblogbr.bsky.social\",\"https:\\\/\\\/www.youtube.com\\\/@GAYBLOGBR\",\"https:\\\/\\\/pt.wikipedia.org\\\/wiki\\\/Gay_Blog_Br\"],\"url\":\"https:\\\/\\\/gay.blog.br\\\/es\\\/author\\\/oaudaznavegante\\\/\"}]}<\/script>\n<!-- \/ Yoast SEO plugin. -->","yoast_head_json":{"title":"El modelo elegido 'hombre m\u00e1s hermoso de Italia' anuncia su decisi\u00f3n de hacerse sacerdote","description":"A la edad de 21 a\u00f1os, Edoardo Santini utiliz\u00f3 las redes sociales para compartir su nueva jornada espiritual, marcando una importante transici\u00f3n en su trayectoria profesional y personal","robots":{"index":"index","follow":"follow","max-snippet":"max-snippet:-1","max-image-preview":"max-image-preview:large","max-video-preview":"max-video-preview:-1"},"canonical":"https:\/\/gay.blog.br\/es\/pop-es\/el-modelo-elegido-hombre-mas-hermoso-de-italia-anuncia-su-decision-de-hacerse-sacerdote\/","og_locale":"es_ES","og_type":"article","og_title":"El modelo elegido 'hombre m\u00e1s hermoso de Italia' anuncia su decisi\u00f3n de hacerse sacerdote","og_description":"A la edad de 21 a\u00f1os, Edoardo Santini utiliz\u00f3 las redes sociales para compartir su nueva jornada espiritual, marcando una importante transici\u00f3n en su trayectoria profesional y personal","og_url":"https:\/\/gay.blog.br\/es\/pop-es\/el-modelo-elegido-hombre-mas-hermoso-de-italia-anuncia-su-decision-de-hacerse-sacerdote\/","og_site_name":"GAY BLOG BR @gayblogbr","article_publisher":"https:\/\/facebook.com\/gayblogbr","article_author":"https:\/\/facebook.com\/gayblogbr","article_published_time":"2023-12-07T18:11:44+00:00","article_modified_time":"2023-12-16T01:25:01+00:00","og_image":[{"width":841,"height":508,"url":"https:\/\/i0.wp.com\/gay.blog.br\/wp-content\/uploads\/2023\/12\/CAPA-PADRE-GAY-BLOG.jpg?fit=841%2C508&ssl=1","type":"image\/jpeg"}],"author":"www.gay.blog.br","twitter_card":"summary_large_image","twitter_creator":"@https:\/\/bsky.app\/profile\/gayblogbr.bsky.social","twitter_site":"@gayblogbr","twitter_misc":{"Escrito por":"www.gay.blog.br","Tiempo de lectura":"3 minutos"},"schema":{"@context":"https:\/\/schema.org","@graph":[{"@type":"Article","@id":"https:\/\/gay.blog.br\/es\/pop-es\/el-modelo-elegido-hombre-mas-hermoso-de-italia-anuncia-su-decision-de-hacerse-sacerdote\/#article","isPartOf":{"@id":"https:\/\/gay.blog.br\/es\/pop-es\/el-modelo-elegido-hombre-mas-hermoso-de-italia-anuncia-su-decision-de-hacerse-sacerdote\/"},"author":{"name":"www.gay.blog.br","@id":"https:\/\/gay.blog.br\/es\/#\/schema\/person\/ab4bce68ee54b8f4af5c174efe7472e5"},"headline":"El modelo elegido &#8216;hombre m\u00e1s hermoso de Italia&#8217; anuncia su decisi\u00f3n de hacerse sacerdote","datePublished":"2023-12-07T18:11:44+00:00","dateModified":"2023-12-16T01:25:01+00:00","mainEntityOfPage":{"@id":"https:\/\/gay.blog.br\/es\/pop-es\/el-modelo-elegido-hombre-mas-hermoso-de-italia-anuncia-su-decision-de-hacerse-sacerdote\/"},"wordCount":365,"commentCount":0,"publisher":{"@id":"https:\/\/gay.blog.br\/es\/#organization"},"image":{"@id":"https:\/\/gay.blog.br\/es\/pop-es\/el-modelo-elegido-hombre-mas-hermoso-de-italia-anuncia-su-decision-de-hacerse-sacerdote\/#primaryimage"},"thumbnailUrl":"https:\/\/i0.wp.com\/gay.blog.br\/wp-content\/uploads\/2023\/12\/CAPA-PADRE-GAY-BLOG.jpg?fit=841%2C508&ssl=1","keywords":["carrera","Edoardo Santini","Iglesia","iltaliano","italia","m\u00e1s hermoso","modelo","padre","Santini"],"articleSection":["CHICOS","NOT\u00cdCIAS","POP"],"inLanguage":"es","potentialAction":[{"@type":"CommentAction","name":"Comment","target":["https:\/\/gay.blog.br\/es\/pop-es\/el-modelo-elegido-hombre-mas-hermoso-de-italia-anuncia-su-decision-de-hacerse-sacerdote\/#respond"]}]},{"@type":"WebPage","@id":"https:\/\/gay.blog.br\/es\/pop-es\/el-modelo-elegido-hombre-mas-hermoso-de-italia-anuncia-su-decision-de-hacerse-sacerdote\/","url":"https:\/\/gay.blog.br\/es\/pop-es\/el-modelo-elegido-hombre-mas-hermoso-de-italia-anuncia-su-decision-de-hacerse-sacerdote\/","name":"El modelo elegido 'hombre m\u00e1s hermoso de Italia' anuncia su decisi\u00f3n de hacerse sacerdote","isPartOf":{"@id":"https:\/\/gay.blog.br\/es\/#website"},"primaryImageOfPage":{"@id":"https:\/\/gay.blog.br\/es\/pop-es\/el-modelo-elegido-hombre-mas-hermoso-de-italia-anuncia-su-decision-de-hacerse-sacerdote\/#primaryimage"},"image":{"@id":"https:\/\/gay.blog.br\/es\/pop-es\/el-modelo-elegido-hombre-mas-hermoso-de-italia-anuncia-su-decision-de-hacerse-sacerdote\/#primaryimage"},"thumbnailUrl":"https:\/\/i0.wp.com\/gay.blog.br\/wp-content\/uploads\/2023\/12\/CAPA-PADRE-GAY-BLOG.jpg?fit=841%2C508&ssl=1","datePublished":"2023-12-07T18:11:44+00:00","dateModified":"2023-12-16T01:25:01+00:00","description":"A la edad de 21 a\u00f1os, Edoardo Santini utiliz\u00f3 las redes sociales para compartir su nueva jornada espiritual, marcando una importante transici\u00f3n en su trayectoria profesional y personal","breadcrumb":{"@id":"https:\/\/gay.blog.br\/es\/pop-es\/el-modelo-elegido-hombre-mas-hermoso-de-italia-anuncia-su-decision-de-hacerse-sacerdote\/#breadcrumb"},"inLanguage":"es","potentialAction":[{"@type":"ReadAction","target":["https:\/\/gay.blog.br\/es\/pop-es\/el-modelo-elegido-hombre-mas-hermoso-de-italia-anuncia-su-decision-de-hacerse-sacerdote\/"]}]},{"@type":"ImageObject","inLanguage":"es","@id":"https:\/\/gay.blog.br\/es\/pop-es\/el-modelo-elegido-hombre-mas-hermoso-de-italia-anuncia-su-decision-de-hacerse-sacerdote\/#primaryimage","url":"https:\/\/i0.wp.com\/gay.blog.br\/wp-content\/uploads\/2023\/12\/CAPA-PADRE-GAY-BLOG.jpg?fit=841%2C508&ssl=1","contentUrl":"https:\/\/i0.wp.com\/gay.blog.br\/wp-content\/uploads\/2023\/12\/CAPA-PADRE-GAY-BLOG.jpg?fit=841%2C508&ssl=1","width":841,"height":508,"caption":"Modelo eleito 'o homem mais bonito da It\u00e1lia' anuncia decis\u00e3o de se tornar padre"},{"@type":"BreadcrumbList","@id":"https:\/\/gay.blog.br\/es\/pop-es\/el-modelo-elegido-hombre-mas-hermoso-de-italia-anuncia-su-decision-de-hacerse-sacerdote\/#breadcrumb","itemListElement":[{"@type":"ListItem","position":1,"name":"In\u00edcio","item":"https:\/\/gay.blog.br\/es\/"},{"@type":"ListItem","position":2,"name":"El modelo elegido &#8216;hombre m\u00e1s hermoso de Italia&#8217; anuncia su decisi\u00f3n de hacerse sacerdote"}]},{"@type":"WebSite","@id":"https:\/\/gay.blog.br\/es\/#website","url":"https:\/\/gay.blog.br\/es\/","name":"GAY BLOG BR @gayblogbr","description":"Not\u00edcias que empoderam e\/ou entret\u00eam s\u00e3o especialidades da casa","publisher":{"@id":"https:\/\/gay.blog.br\/es\/#organization"},"potentialAction":[{"@type":"SearchAction","target":{"@type":"EntryPoint","urlTemplate":"https:\/\/gay.blog.br\/es\/?s={search_term_string}"},"query-input":{"@type":"PropertyValueSpecification","valueRequired":true,"valueName":"search_term_string"}}],"inLanguage":"es"},{"@type":"Organization","@id":"https:\/\/gay.blog.br\/es\/#organization","name":"GAY BLOG BR","url":"https:\/\/gay.blog.br\/es\/","logo":{"@type":"ImageObject","inLanguage":"es","@id":"https:\/\/gay.blog.br\/es\/#\/schema\/logo\/image\/","url":"https:\/\/i0.wp.com\/gay.blog.br\/wp-content\/uploads\/2023\/08\/gay180px.png?fit=272%2C90&ssl=1","contentUrl":"https:\/\/i0.wp.com\/gay.blog.br\/wp-content\/uploads\/2023\/08\/gay180px.png?fit=272%2C90&ssl=1","width":272,"height":90,"caption":"GAY BLOG BR"},"image":{"@id":"https:\/\/gay.blog.br\/es\/#\/schema\/logo\/image\/"},"sameAs":["https:\/\/facebook.com\/gayblogbr","https:\/\/x.com\/gayblogbr","https:\/\/instagram.com\/gayblogbr","https:\/\/www.linkedin.com\/company\/gayblogbr\/","https:\/\/br.pinterest.com\/gayblogbr\/","https:\/\/www.youtube.com\/channel\/UCdEu3JXLOB-wvWAVUF4AIiA","https:\/\/pt.wikipedia.org\/wiki\/Gay_Blog_Br","https:\/\/www.threads.net\/@gayblogbr"]},{"@type":"Person","@id":"https:\/\/gay.blog.br\/es\/#\/schema\/person\/ab4bce68ee54b8f4af5c174efe7472e5","name":"www.gay.blog.br","image":{"@type":"ImageObject","inLanguage":"es","@id":"https:\/\/secure.gravatar.com\/avatar\/a6fb6bf5c84cdaa375389c43448e2bb88db4600d8fc5be6c42a410789075740f?s=96&d=mm&r=g","url":"https:\/\/secure.gravatar.com\/avatar\/a6fb6bf5c84cdaa375389c43448e2bb88db4600d8fc5be6c42a410789075740f?s=96&d=mm&r=g","contentUrl":"https:\/\/secure.gravatar.com\/avatar\/a6fb6bf5c84cdaa375389c43448e2bb88db4600d8fc5be6c42a410789075740f?s=96&d=mm&r=g","caption":"www.gay.blog.br"},"description":"Receba as not\u00edcias pelo Telegram!","sameAs":["https:\/\/facebook.com\/gayblogbr","https:\/\/instagram.com\/gayblogbr","https:\/\/www.linkedin.com\/company\/gayblogbr\/","https:\/\/pinterest.com\/gayblogbr\/","https:\/\/x.com\/https:\/\/bsky.app\/profile\/gayblogbr.bsky.social","https:\/\/www.youtube.com\/@GAYBLOGBR","https:\/\/pt.wikipedia.org\/wiki\/Gay_Blog_Br"],"url":"https:\/\/gay.blog.br\/es\/author\/oaudaznavegante\/"}]}},"jetpack_publicize_connections":[],"jetpack_featured_media_url":"https:\/\/i0.wp.com\/gay.blog.br\/wp-content\/uploads\/2023\/12\/CAPA-PADRE-GAY-BLOG.jpg?fit=841%2C508&ssl=1","jetpack_sharing_enabled":true,"jetpack_shortlink":"https:\/\/wp.me\/p6klkK-S3u","jetpack_likes_enabled":false,"amp_enabled":true,"_links":{"self":[{"href":"https:\/\/gay.blog.br\/es\/wp-json\/wp\/v2\/posts\/207792","targetHints":{"allow":["GET"]}}],"collection":[{"href":"https:\/\/gay.blog.br\/es\/wp-json\/wp\/v2\/posts"}],"about":[{"href":"https:\/\/gay.blog.br\/es\/wp-json\/wp\/v2\/types\/post"}],"author":[{"embeddable":true,"href":"https:\/\/gay.blog.br\/es\/wp-json\/wp\/v2\/users\/2"}],"replies":[{"embeddable":true,"href":"https:\/\/gay.blog.br\/es\/wp-json\/wp\/v2\/comments?post=207792"}],"version-history":[{"count":2,"href":"https:\/\/gay.blog.br\/es\/wp-json\/wp\/v2\/posts\/207792\/revisions"}],"predecessor-version":[{"id":208305,"href":"https:\/\/gay.blog.br\/es\/wp-json\/wp\/v2\/posts\/207792\/revisions\/208305"}],"wp:featuredmedia":[{"embeddable":true,"href":"https:\/\/gay.blog.br\/es\/wp-json\/wp\/v2\/media\/207615"}],"wp:attachment":[{"href":"https:\/\/gay.blog.br\/es\/wp-json\/wp\/v2\/media?parent=207792"}],"wp:term":[{"taxonomy":"category","embeddable":true,"href":"https:\/\/gay.blog.br\/es\/wp-json\/wp\/v2\/categories?post=207792"},{"taxonomy":"post_tag","embeddable":true,"href":"https:\/\/gay.blog.br\/es\/wp-json\/wp\/v2\/tags?post=207792"}],"curies":[{"name":"wp","href":"https:\/\/api.w.org\/{rel}","templated":true}]}}