{"id":208342,"date":"2023-12-01T17:54:14","date_gmt":"2023-12-01T20:54:14","guid":{"rendered":"https:\/\/gay.blog.br\/?p=208342"},"modified":"2023-12-16T15:10:21","modified_gmt":"2023-12-16T18:10:21","slug":"eduardo-leite-celebra-el-cumpleanos-de-su-novio-con-un-post-declarativo-te-amo","status":"publish","type":"post","link":"https:\/\/gay.blog.br\/es\/gay-es\/eduardo-leite-celebra-el-cumpleanos-de-su-novio-con-un-post-declarativo-te-amo\/","title":{"rendered":"Eduardo Leite celebra el cumplea\u00f1os de su novio con un post declarativo: &#8216;\u00a1Te amo!&#8217;"},"content":{"rendered":"<p style=\"text-align: justify;\">Este viernes, 1\u00ba de diciembre, el gobernador de R\u00edo Grande do Sul (<a href=\"http:\/\/gay.blog.br\/tag\/brasil\">Brasil<\/a>) <strong><a href=\"https:\/\/gay.blog.br\/tag\/eduardo-leite\">Eduardo Leite<\/a> (PSDB)<\/strong>, celebr\u00f3 el cumplea\u00f1os de su novio, <a href=\"https:\/\/gay.blog.br\/tag\/thalis-bolzan\/\"><strong>Thalis Bolzan<\/strong><\/a>, con una demostraci\u00f3n p\u00fablica de cari\u00f1o.<\/p>\n<p style=\"text-align: justify;\">En un post en las redes sociales, Leite comparti\u00f3 una foto suya besando a Bolzan en la mejilla, acompa\u00f1ada de una apasionada declaraci\u00f3n: <em><strong>\u00ab\u00a1Feliz cumplea\u00f1os, mi compa\u00f1ero de jornada! Te amo\u00bb<\/strong><\/em>.<\/p>\n<figure id=\"attachment_207200\" aria-describedby=\"caption-attachment-207200\" style=\"width: 1080px\" class=\"wp-caption aligncenter\"><a href=\"https:\/\/scruff.app.link\/Gayblog_br_Press\"><img data-recalc-dims=\"1\" loading=\"lazy\" decoding=\"async\" class=\"size-full wp-image-207200\" src=\"https:\/\/i0.wp.com\/gay.blog.br\/wp-content\/uploads\/2023\/12\/eduardo-leite-e-namorado.jpg?resize=696%2C717&#038;ssl=1\" alt=\"Thalis Bolzan y Eduardo Leite - Reproducci\u00f3n\/Instagram\" width=\"696\" height=\"717\" srcset=\"https:\/\/i0.wp.com\/gay.blog.br\/wp-content\/uploads\/2023\/12\/eduardo-leite-e-namorado.jpg?w=1080&amp;ssl=1 1080w, https:\/\/i0.wp.com\/gay.blog.br\/wp-content\/uploads\/2023\/12\/eduardo-leite-e-namorado.jpg?resize=291%2C300&amp;ssl=1 291w, https:\/\/i0.wp.com\/gay.blog.br\/wp-content\/uploads\/2023\/12\/eduardo-leite-e-namorado.jpg?resize=994%2C1024&amp;ssl=1 994w, https:\/\/i0.wp.com\/gay.blog.br\/wp-content\/uploads\/2023\/12\/eduardo-leite-e-namorado.jpg?resize=146%2C150&amp;ssl=1 146w, https:\/\/i0.wp.com\/gay.blog.br\/wp-content\/uploads\/2023\/12\/eduardo-leite-e-namorado.jpg?resize=768%2C791&amp;ssl=1 768w, https:\/\/i0.wp.com\/gay.blog.br\/wp-content\/uploads\/2023\/12\/eduardo-leite-e-namorado.jpg?resize=696%2C717&amp;ssl=1 696w, https:\/\/i0.wp.com\/gay.blog.br\/wp-content\/uploads\/2023\/12\/eduardo-leite-e-namorado.jpg?resize=1068%2C1101&amp;ssl=1 1068w, https:\/\/i0.wp.com\/gay.blog.br\/wp-content\/uploads\/2023\/12\/eduardo-leite-e-namorado.jpg?resize=408%2C420&amp;ssl=1 408w, https:\/\/i0.wp.com\/gay.blog.br\/wp-content\/uploads\/2023\/12\/eduardo-leite-e-namorado.jpg?resize=815%2C840&amp;ssl=1 815w\" sizes=\"auto, (max-width: 696px) 100vw, 696px\" \/><\/a><figcaption id=\"caption-attachment-207200\" class=\"wp-caption-text\">Thalis Bolzan y Eduardo Leite &#8211; Reproducci\u00f3n\/Instagram<\/figcaption><\/figure>\n<p style=\"text-align: justify;\"><a href=\"https:\/\/gay.blog.br\/tag\/eduardo-leite\">Eduardo Leite<\/a> y <a href=\"https:\/\/gay.blog.br\/tag\/thalis-bolzan\/\">Thalis Bolzan<\/a>, que son novios <a href=\"https:\/\/gay.blog.br\/noticias\/eduardo-leite-confirma-namoro-com-medico\/\">hce m\u00e1s de dos a\u00f1os<\/a>, representan un hito en la visibilidad del colectivo LGBTQIA+ en la pol\u00edtica brasile\u00f1a. Leite, al declarar p\u00fablicamente su homosexualidad en 2021 durante su mandato, se convirti\u00f3 en el primer gobernador abiertamente gay elegido en Brasil.<\/p>\n<p style=\"text-align: justify;\">Su relaci\u00f3n con Bolzan, m\u00e9dico especialista en endocrinolog\u00eda pedi\u00e1trica de la Universidad de San Pablo (USP), comenz\u00f3 en las redes sociales y se consolid\u00f3 a pesar de sus apretadas agendas.<\/p>\n<figure id=\"attachment_207205\" aria-describedby=\"caption-attachment-207205\" style=\"width: 1080px\" class=\"wp-caption aligncenter\"><a href=\"https:\/\/scruff.app.link\/Gayblog_br_Press\"><img data-recalc-dims=\"1\" loading=\"lazy\" decoding=\"async\" class=\"wp-image-207205 size-full\" src=\"https:\/\/i0.wp.com\/gay.blog.br\/wp-content\/uploads\/2023\/12\/leite.jpg?resize=696%2C696&#038;ssl=1\" alt=\"Eduardo Leite Thalis Bolzan - Reproducci\u00f3n\/Instagram\" width=\"696\" height=\"696\" srcset=\"https:\/\/i0.wp.com\/gay.blog.br\/wp-content\/uploads\/2023\/12\/leite.jpg?w=1080&amp;ssl=1 1080w, https:\/\/i0.wp.com\/gay.blog.br\/wp-content\/uploads\/2023\/12\/leite.jpg?resize=300%2C300&amp;ssl=1 300w, https:\/\/i0.wp.com\/gay.blog.br\/wp-content\/uploads\/2023\/12\/leite.jpg?resize=1024%2C1024&amp;ssl=1 1024w, https:\/\/i0.wp.com\/gay.blog.br\/wp-content\/uploads\/2023\/12\/leite.jpg?resize=150%2C150&amp;ssl=1 150w, https:\/\/i0.wp.com\/gay.blog.br\/wp-content\/uploads\/2023\/12\/leite.jpg?resize=768%2C768&amp;ssl=1 768w, https:\/\/i0.wp.com\/gay.blog.br\/wp-content\/uploads\/2023\/12\/leite.jpg?resize=696%2C696&amp;ssl=1 696w, https:\/\/i0.wp.com\/gay.blog.br\/wp-content\/uploads\/2023\/12\/leite.jpg?resize=1068%2C1068&amp;ssl=1 1068w, https:\/\/i0.wp.com\/gay.blog.br\/wp-content\/uploads\/2023\/12\/leite.jpg?resize=420%2C420&amp;ssl=1 420w, https:\/\/i0.wp.com\/gay.blog.br\/wp-content\/uploads\/2023\/12\/leite.jpg?resize=840%2C840&amp;ssl=1 840w\" sizes=\"auto, (max-width: 696px) 100vw, 696px\" \/><\/a><figcaption id=\"caption-attachment-207205\" class=\"wp-caption-text\">Eduardo Leite Thalis Bolzan &#8211; Reproducci\u00f3n\/Instagram<\/figcaption><\/figure>\n<p style=\"text-align: justify;\">La trayectoria de la pareja no ha estado exenta de dificultades. Durante la campa\u00f1a electoral, Leite se enfrent\u00f3 a prejuicios y ataques de homofobia. En un debate, por ejemplo, su oponente <a href=\"https:\/\/gay.blog.br\/gay\/eduardo-leite-sofre-ataques-homofobicos-durante-campanha-eleitoral-no-rs\/\">Onyx Lorenzoni<\/a> insinu\u00f3 homofobia cuando prometi\u00f3 que, de ser elegido, el pueblo de Rio Grande do Sul tendr\u00eda \u00abun verdadero gobernador y una verdadera primera dama\u00bb. Leite respondi\u00f3 cuestionando la insinuaci\u00f3n homof\u00f3bica de la frase. <strong>Bolzan<\/strong>, por su parte, relat\u00f3 haber estado <a href=\"https:\/\/gay.blog.br\/noticias\/ouvi-coisas-que-eu-nunca-tinha-ouvido-diz-thalis-bolzan-sobre-ataque-homofobicos-contra-eduardo-leite\/\">expuesto a prejuicios y ataques verbales desde el inicio de su relaci\u00f3n<\/a>, subrayando la importancia de tratar los prejuicios como un delito.<\/p>\n<figure id=\"attachment_207210\" aria-describedby=\"caption-attachment-207210\" style=\"width: 1080px\" class=\"wp-caption aligncenter\"><a href=\"https:\/\/scruff.app.link\/Gayblog_br_Press\"><img data-recalc-dims=\"1\" loading=\"lazy\" decoding=\"async\" class=\"size-full wp-image-207210\" src=\"https:\/\/i0.wp.com\/gay.blog.br\/wp-content\/uploads\/2023\/12\/leite-bolzan.jpg?resize=696%2C870&#038;ssl=1\" alt=\"Thalis Bolzan y Eduardo Leite - Reproducci\u00f3n\/Instagram\" width=\"696\" height=\"870\" srcset=\"https:\/\/i0.wp.com\/gay.blog.br\/wp-content\/uploads\/2023\/12\/leite-bolzan.jpg?w=1080&amp;ssl=1 1080w, https:\/\/i0.wp.com\/gay.blog.br\/wp-content\/uploads\/2023\/12\/leite-bolzan.jpg?resize=240%2C300&amp;ssl=1 240w, https:\/\/i0.wp.com\/gay.blog.br\/wp-content\/uploads\/2023\/12\/leite-bolzan.jpg?resize=819%2C1024&amp;ssl=1 819w, https:\/\/i0.wp.com\/gay.blog.br\/wp-content\/uploads\/2023\/12\/leite-bolzan.jpg?resize=120%2C150&amp;ssl=1 120w, https:\/\/i0.wp.com\/gay.blog.br\/wp-content\/uploads\/2023\/12\/leite-bolzan.jpg?resize=768%2C960&amp;ssl=1 768w, https:\/\/i0.wp.com\/gay.blog.br\/wp-content\/uploads\/2023\/12\/leite-bolzan.jpg?resize=696%2C870&amp;ssl=1 696w, https:\/\/i0.wp.com\/gay.blog.br\/wp-content\/uploads\/2023\/12\/leite-bolzan.jpg?resize=1068%2C1335&amp;ssl=1 1068w, https:\/\/i0.wp.com\/gay.blog.br\/wp-content\/uploads\/2023\/12\/leite-bolzan.jpg?resize=336%2C420&amp;ssl=1 336w, https:\/\/i0.wp.com\/gay.blog.br\/wp-content\/uploads\/2023\/12\/leite-bolzan.jpg?resize=672%2C840&amp;ssl=1 672w\" sizes=\"auto, (max-width: 696px) 100vw, 696px\" \/><\/a><figcaption id=\"caption-attachment-207210\" class=\"wp-caption-text\">Thalis Bolzan y Eduardo Leite &#8211; Reproducci\u00f3n\/Instagram<\/figcaption><\/figure>\n<p style=\"text-align: justify;\">Recientemente, Eduardo Leite <a href=\"https:\/\/gay.blog.br\/politica\/eduardo-leite-se-pronuncia-a-favor-do-casamento-homoafetivo\/\">critic\u00f3 el proyecto de ley PL 580\/07, que pretende prohibir el matrimonio entre personas del mismo sexo en Brasil<\/a>. En su discurso, subray\u00f3 la necesidad de respetar las libertades individuales y la formaci\u00f3n de familias compuestas por personas del mismo sexo, rechazando los intentos de hacer retroceder la civilizaci\u00f3n.<\/p>\n<p style=\"text-align: justify;\"><em>\u00abEstoy seguro de que el proyecto de ley que pretende prohibir el matrimonio entre personas del mismo sexo no prosperar\u00e1 en otras comisiones de la C\u00e1mara de Diputados, y mucho menos en el Parlamento Nacional. Pero eso no significa que debamos movilizarnos menos. Es esencial que estemos unidos, todos nosotros, la sociedad brasile\u00f1a. No s\u00f3lo los de la comunidad LGBTQIA+ que est\u00e1n en contra del retroceso de la civilizaci\u00f3n. Y para repudiar este informe lleno de manifestaciones de intolerancia, de prejuicios, que no contribuye en nada a la convivencia pac\u00edfica que debemos tener entre todos los brasile\u00f1os, sea la orientaci\u00f3n sexual, la raza o la creencia religiosa que cada uno tenga. Lo que pedimos es respeto. Respeto a las libertades, a la decisi\u00f3n de cada uno de formar su propia familia. Las personas del mismo sexo pueden tener una relaci\u00f3n amorosa y formar una familia. Y en eso consiste el matrimonio. El matrimonio es una declaraci\u00f3n p\u00fablica de que se ha establecido una relaci\u00f3n afectiva entre dos personas. Y se pueden establecer relaciones afectivas entre personas del mismo sexo, s\u00ed. Esto debe ser reconocido por el ordenamiento jur\u00eddico para que pueda expresarse p\u00fablicamente despu\u00e9s del matrimonio. Por eso repudio con vehemencia este intento de hacer retroceder la civilizaci\u00f3n y me uno a todos los que se movilizan para impedirlo [PL 580\/07] avances en la C\u00e1mara de Diputados y para que podamos avanzar en la direcci\u00f3n correcta desde el punto de vista de la civilizaci\u00f3n, que es el respeto a la fraternidad y, sobre todo, el amor\u00bb<\/em>, <strong>dijo, en octubre<\/strong>, el gobernador electo <a href=\"https:\/\/gay.blog.br\/politica\/eduardo-leite-e-eleito-pela-segunda-vez-governador-do-rio-grande-do-sul\/\">dos veces<\/a> en el estado de R\u00edo Grande do Sul.<\/p>\n<blockquote class=\"wp-embedded-content\" data-secret=\"HCgusDlL8H\"><p><a href=\"https:\/\/gay.blog.br\/noticias\/ouvi-coisas-que-eu-nunca-tinha-ouvido-diz-thalis-bolzan-sobre-ataque-homofobicos-contra-eduardo-leite\/\">\u00abOuvi coisas que eu nunca tinha ouvido\u00bb, diz Thalis Bolzan sobre ataques homof\u00f3bicos contra Eduardo Leite<\/a><\/p><\/blockquote>\n<p><iframe loading=\"lazy\" class=\"wp-embedded-content\" sandbox=\"allow-scripts\" security=\"restricted\" style=\"position: absolute; clip: rect(1px, 1px, 1px, 1px);\" title=\"\u00ab\u00abOuvi coisas que eu nunca tinha ouvido\u00bb, diz Thalis Bolzan sobre ataques homof\u00f3bicos contra Eduardo Leite\u00bb \u2014 GAY BLOG BR @gayblogbr\" src=\"https:\/\/gay.blog.br\/noticias\/ouvi-coisas-que-eu-nunca-tinha-ouvido-diz-thalis-bolzan-sobre-ataque-homofobicos-contra-eduardo-leite\/embed\/#?secret=AwOTzkJTcn#?secret=HCgusDlL8H\" data-secret=\"HCgusDlL8H\" width=\"600\" height=\"338\" frameborder=\"0\" marginwidth=\"0\" marginheight=\"0\" scrolling=\"no\"><\/iframe><\/p>\n<div id=\"gtx-trans\" style=\"position: absolute; left: 535px; top: 31.2344px;\">\n<div class=\"gtx-trans-icon\"><\/div>\n<\/div>\n","protected":false},"excerpt":{"rendered":"<p>El Gobernador Eduardo Leite, en un gesto tierno y afectuoso, celebr\u00f3 el cumplea\u00f1os de Thalis Bolzan con un post que marcaba la ocasi\u00f3n con un cari\u00f1oso beso en la mejilla<\/p>\n","protected":false},"author":2,"featured_media":207217,"comment_status":"open","ping_status":"open","sticky":false,"template":"","format":"standard","meta":{"googlesitekit_rrm_CAoiEBg-BXrJeACjO8p49SE4kTY:productID":"","tdm_status":"","tdm_grid_status":"","_jetpack_newsletter_access":"","_jetpack_dont_email_post_to_subs":false,"_jetpack_newsletter_tier_id":0,"_jetpack_memberships_contains_paywalled_content":false,"_jetpack_memberships_contains_paid_content":false,"footnotes":"","jetpack_publicize_message":"Eduardo Leite celebra el cumplea\u00f1os de su novio con un post declarativo: '\u00a1Te amo!'","jetpack_publicize_feature_enabled":true,"jetpack_social_post_already_shared":true,"jetpack_social_options":{"image_generator_settings":{"template":"highway","default_image_id":0,"font":"","enabled":false},"version":2},"_wpas_customize_per_network":false,"jetpack_post_was_ever_published":false},"categories":[589932144,589932273],"tags":[589948090,589932841,589948091,589939184,589948092,589934801,589934691,589948093],"class_list":{"0":"post-208342","1":"post","2":"type-post","3":"status-publish","4":"format-standard","5":"has-post-thumbnail","7":"category-gay-es","8":"category-pop-es","9":"tag-beso","10":"tag-beso-gay","11":"tag-cumpleanos","12":"tag-eduardo-leite-es","13":"tag-mejilla","14":"tag-novio","15":"tag-rio-grande-do-sul-es","16":"tag-thalis-bolzan-es"},"yoast_head":"<!-- This site is optimized with the Yoast SEO plugin v27.5 - https:\/\/yoast.com\/product\/yoast-seo-wordpress\/ -->\n<title>Eduardo Leite celebra el cumplea\u00f1os de su novio con un post declarativo: &#039;\u00a1Te amo!&#039;<\/title>\n<meta name=\"description\" content=\"El Gobernador Eduardo Leite, en un gesto tierno y afectuoso, celebr\u00f3 el cumplea\u00f1os de Thalis Bolzan con un post que marcaba la ocasi\u00f3n con un cari\u00f1oso beso en la mejilla\" \/>\n<meta name=\"robots\" content=\"index, follow, max-snippet:-1, max-image-preview:large, max-video-preview:-1\" \/>\n<link rel=\"canonical\" href=\"https:\/\/gay.blog.br\/es\/gay-es\/eduardo-leite-celebra-el-cumpleanos-de-su-novio-con-un-post-declarativo-te-amo\/\" \/>\n<meta property=\"og:locale\" content=\"es_ES\" \/>\n<meta property=\"og:type\" content=\"article\" \/>\n<meta property=\"og:title\" content=\"Eduardo Leite celebra el cumplea\u00f1os de su novio con un post declarativo: &#039;\u00a1Te amo!&#039;\" \/>\n<meta property=\"og:description\" content=\"El Gobernador Eduardo Leite, en un gesto tierno y afectuoso, celebr\u00f3 el cumplea\u00f1os de Thalis Bolzan con un post que marcaba la ocasi\u00f3n con un cari\u00f1oso beso en la mejilla\" \/>\n<meta property=\"og:url\" content=\"https:\/\/gay.blog.br\/es\/gay-es\/eduardo-leite-celebra-el-cumpleanos-de-su-novio-con-un-post-declarativo-te-amo\/\" \/>\n<meta property=\"og:site_name\" content=\"GAY BLOG BR @gayblogbr\" \/>\n<meta property=\"article:publisher\" content=\"https:\/\/facebook.com\/gayblogbr\" \/>\n<meta property=\"article:author\" content=\"https:\/\/facebook.com\/gayblogbr\" \/>\n<meta property=\"article:published_time\" content=\"2023-12-01T20:54:14+00:00\" \/>\n<meta property=\"article:modified_time\" content=\"2023-12-16T18:10:21+00:00\" \/>\n<meta property=\"og:image\" content=\"https:\/\/gay.blog.br\/wp-content\/uploads\/2023\/12\/eduardo-leite-e-namorado-CAPA.jpg\" \/>\n\t<meta property=\"og:image:width\" content=\"813\" \/>\n\t<meta property=\"og:image:height\" content=\"487\" \/>\n\t<meta property=\"og:image:type\" content=\"image\/jpeg\" \/>\n<meta name=\"author\" content=\"www.gay.blog.br\" \/>\n<meta name=\"twitter:card\" content=\"summary_large_image\" \/>\n<meta name=\"twitter:creator\" content=\"@https:\/\/bsky.app\/profile\/gayblogbr.bsky.social\" \/>\n<meta name=\"twitter:site\" content=\"@gayblogbr\" \/>\n<meta name=\"twitter:label1\" content=\"Escrito por\" \/>\n\t<meta name=\"twitter:data1\" content=\"www.gay.blog.br\" \/>\n\t<meta name=\"twitter:label2\" content=\"Tiempo de lectura\" \/>\n\t<meta name=\"twitter:data2\" content=\"5 minutos\" \/>\n<script type=\"application\/ld+json\" class=\"yoast-schema-graph\">{\"@context\":\"https:\\\/\\\/schema.org\",\"@graph\":[{\"@type\":\"Article\",\"@id\":\"https:\\\/\\\/gay.blog.br\\\/es\\\/gay-es\\\/eduardo-leite-celebra-el-cumpleanos-de-su-novio-con-un-post-declarativo-te-amo\\\/#article\",\"isPartOf\":{\"@id\":\"https:\\\/\\\/gay.blog.br\\\/es\\\/gay-es\\\/eduardo-leite-celebra-el-cumpleanos-de-su-novio-con-un-post-declarativo-te-amo\\\/\"},\"author\":{\"name\":\"www.gay.blog.br\",\"@id\":\"https:\\\/\\\/gay.blog.br\\\/es\\\/#\\\/schema\\\/person\\\/ab4bce68ee54b8f4af5c174efe7472e5\"},\"headline\":\"Eduardo Leite celebra el cumplea\u00f1os de su novio con un post declarativo: &#8216;\u00a1Te amo!&#8217;\",\"datePublished\":\"2023-12-01T20:54:14+00:00\",\"dateModified\":\"2023-12-16T18:10:21+00:00\",\"mainEntityOfPage\":{\"@id\":\"https:\\\/\\\/gay.blog.br\\\/es\\\/gay-es\\\/eduardo-leite-celebra-el-cumpleanos-de-su-novio-con-un-post-declarativo-te-amo\\\/\"},\"wordCount\":668,\"commentCount\":0,\"publisher\":{\"@id\":\"https:\\\/\\\/gay.blog.br\\\/es\\\/#organization\"},\"image\":{\"@id\":\"https:\\\/\\\/gay.blog.br\\\/es\\\/gay-es\\\/eduardo-leite-celebra-el-cumpleanos-de-su-novio-con-un-post-declarativo-te-amo\\\/#primaryimage\"},\"thumbnailUrl\":\"https:\\\/\\\/i0.wp.com\\\/gay.blog.br\\\/wp-content\\\/uploads\\\/2023\\\/12\\\/eduardo-leite-e-namorado-CAPA.jpg?fit=813%2C487&ssl=1\",\"keywords\":[\"beso\",\"beso gay\",\"cumplea\u00f1os\",\"eduardo leite\",\"mejilla\",\"novio\",\"Rio Grande do Sul\",\"Thalis Bolzan\"],\"articleSection\":[\"GAY\",\"POP\"],\"inLanguage\":\"es\",\"potentialAction\":[{\"@type\":\"CommentAction\",\"name\":\"Comment\",\"target\":[\"https:\\\/\\\/gay.blog.br\\\/es\\\/gay-es\\\/eduardo-leite-celebra-el-cumpleanos-de-su-novio-con-un-post-declarativo-te-amo\\\/#respond\"]}]},{\"@type\":\"WebPage\",\"@id\":\"https:\\\/\\\/gay.blog.br\\\/es\\\/gay-es\\\/eduardo-leite-celebra-el-cumpleanos-de-su-novio-con-un-post-declarativo-te-amo\\\/\",\"url\":\"https:\\\/\\\/gay.blog.br\\\/es\\\/gay-es\\\/eduardo-leite-celebra-el-cumpleanos-de-su-novio-con-un-post-declarativo-te-amo\\\/\",\"name\":\"Eduardo Leite celebra el cumplea\u00f1os de su novio con un post declarativo: '\u00a1Te amo!'\",\"isPartOf\":{\"@id\":\"https:\\\/\\\/gay.blog.br\\\/es\\\/#website\"},\"primaryImageOfPage\":{\"@id\":\"https:\\\/\\\/gay.blog.br\\\/es\\\/gay-es\\\/eduardo-leite-celebra-el-cumpleanos-de-su-novio-con-un-post-declarativo-te-amo\\\/#primaryimage\"},\"image\":{\"@id\":\"https:\\\/\\\/gay.blog.br\\\/es\\\/gay-es\\\/eduardo-leite-celebra-el-cumpleanos-de-su-novio-con-un-post-declarativo-te-amo\\\/#primaryimage\"},\"thumbnailUrl\":\"https:\\\/\\\/i0.wp.com\\\/gay.blog.br\\\/wp-content\\\/uploads\\\/2023\\\/12\\\/eduardo-leite-e-namorado-CAPA.jpg?fit=813%2C487&ssl=1\",\"datePublished\":\"2023-12-01T20:54:14+00:00\",\"dateModified\":\"2023-12-16T18:10:21+00:00\",\"description\":\"El Gobernador Eduardo Leite, en un gesto tierno y afectuoso, celebr\u00f3 el cumplea\u00f1os de Thalis Bolzan con un post que marcaba la ocasi\u00f3n con un cari\u00f1oso beso en la mejilla\",\"breadcrumb\":{\"@id\":\"https:\\\/\\\/gay.blog.br\\\/es\\\/gay-es\\\/eduardo-leite-celebra-el-cumpleanos-de-su-novio-con-un-post-declarativo-te-amo\\\/#breadcrumb\"},\"inLanguage\":\"es\",\"potentialAction\":[{\"@type\":\"ReadAction\",\"target\":[\"https:\\\/\\\/gay.blog.br\\\/es\\\/gay-es\\\/eduardo-leite-celebra-el-cumpleanos-de-su-novio-con-un-post-declarativo-te-amo\\\/\"]}]},{\"@type\":\"ImageObject\",\"inLanguage\":\"es\",\"@id\":\"https:\\\/\\\/gay.blog.br\\\/es\\\/gay-es\\\/eduardo-leite-celebra-el-cumpleanos-de-su-novio-con-un-post-declarativo-te-amo\\\/#primaryimage\",\"url\":\"https:\\\/\\\/i0.wp.com\\\/gay.blog.br\\\/wp-content\\\/uploads\\\/2023\\\/12\\\/eduardo-leite-e-namorado-CAPA.jpg?fit=813%2C487&ssl=1\",\"contentUrl\":\"https:\\\/\\\/i0.wp.com\\\/gay.blog.br\\\/wp-content\\\/uploads\\\/2023\\\/12\\\/eduardo-leite-e-namorado-CAPA.jpg?fit=813%2C487&ssl=1\",\"width\":813,\"height\":487,\"caption\":\"eduardo leite e namorado - CAPA\"},{\"@type\":\"BreadcrumbList\",\"@id\":\"https:\\\/\\\/gay.blog.br\\\/es\\\/gay-es\\\/eduardo-leite-celebra-el-cumpleanos-de-su-novio-con-un-post-declarativo-te-amo\\\/#breadcrumb\",\"itemListElement\":[{\"@type\":\"ListItem\",\"position\":1,\"name\":\"In\u00edcio\",\"item\":\"https:\\\/\\\/gay.blog.br\\\/es\\\/\"},{\"@type\":\"ListItem\",\"position\":2,\"name\":\"Eduardo Leite celebra el cumplea\u00f1os de su novio con un post declarativo: &#8216;\u00a1Te amo!&#8217;\"}]},{\"@type\":\"WebSite\",\"@id\":\"https:\\\/\\\/gay.blog.br\\\/es\\\/#website\",\"url\":\"https:\\\/\\\/gay.blog.br\\\/es\\\/\",\"name\":\"GAY BLOG BR @gayblogbr\",\"description\":\"Not\u00edcias que empoderam e\\\/ou entret\u00eam s\u00e3o especialidades da casa\",\"publisher\":{\"@id\":\"https:\\\/\\\/gay.blog.br\\\/es\\\/#organization\"},\"potentialAction\":[{\"@type\":\"SearchAction\",\"target\":{\"@type\":\"EntryPoint\",\"urlTemplate\":\"https:\\\/\\\/gay.blog.br\\\/es\\\/?s={search_term_string}\"},\"query-input\":{\"@type\":\"PropertyValueSpecification\",\"valueRequired\":true,\"valueName\":\"search_term_string\"}}],\"inLanguage\":\"es\"},{\"@type\":\"Organization\",\"@id\":\"https:\\\/\\\/gay.blog.br\\\/es\\\/#organization\",\"name\":\"GAY BLOG BR\",\"url\":\"https:\\\/\\\/gay.blog.br\\\/es\\\/\",\"logo\":{\"@type\":\"ImageObject\",\"inLanguage\":\"es\",\"@id\":\"https:\\\/\\\/gay.blog.br\\\/es\\\/#\\\/schema\\\/logo\\\/image\\\/\",\"url\":\"https:\\\/\\\/i0.wp.com\\\/gay.blog.br\\\/wp-content\\\/uploads\\\/2023\\\/08\\\/gay180px.png?fit=272%2C90&ssl=1\",\"contentUrl\":\"https:\\\/\\\/i0.wp.com\\\/gay.blog.br\\\/wp-content\\\/uploads\\\/2023\\\/08\\\/gay180px.png?fit=272%2C90&ssl=1\",\"width\":272,\"height\":90,\"caption\":\"GAY BLOG BR\"},\"image\":{\"@id\":\"https:\\\/\\\/gay.blog.br\\\/es\\\/#\\\/schema\\\/logo\\\/image\\\/\"},\"sameAs\":[\"https:\\\/\\\/facebook.com\\\/gayblogbr\",\"https:\\\/\\\/x.com\\\/gayblogbr\",\"https:\\\/\\\/instagram.com\\\/gayblogbr\",\"https:\\\/\\\/www.linkedin.com\\\/company\\\/gayblogbr\\\/\",\"https:\\\/\\\/br.pinterest.com\\\/gayblogbr\\\/\",\"https:\\\/\\\/www.youtube.com\\\/channel\\\/UCdEu3JXLOB-wvWAVUF4AIiA\",\"https:\\\/\\\/pt.wikipedia.org\\\/wiki\\\/Gay_Blog_Br\",\"https:\\\/\\\/www.threads.net\\\/@gayblogbr\"]},{\"@type\":\"Person\",\"@id\":\"https:\\\/\\\/gay.blog.br\\\/es\\\/#\\\/schema\\\/person\\\/ab4bce68ee54b8f4af5c174efe7472e5\",\"name\":\"www.gay.blog.br\",\"image\":{\"@type\":\"ImageObject\",\"inLanguage\":\"es\",\"@id\":\"https:\\\/\\\/secure.gravatar.com\\\/avatar\\\/a6fb6bf5c84cdaa375389c43448e2bb88db4600d8fc5be6c42a410789075740f?s=96&d=mm&r=g\",\"url\":\"https:\\\/\\\/secure.gravatar.com\\\/avatar\\\/a6fb6bf5c84cdaa375389c43448e2bb88db4600d8fc5be6c42a410789075740f?s=96&d=mm&r=g\",\"contentUrl\":\"https:\\\/\\\/secure.gravatar.com\\\/avatar\\\/a6fb6bf5c84cdaa375389c43448e2bb88db4600d8fc5be6c42a410789075740f?s=96&d=mm&r=g\",\"caption\":\"www.gay.blog.br\"},\"description\":\"Receba as not\u00edcias pelo Telegram!\",\"sameAs\":[\"https:\\\/\\\/facebook.com\\\/gayblogbr\",\"https:\\\/\\\/instagram.com\\\/gayblogbr\",\"https:\\\/\\\/www.linkedin.com\\\/company\\\/gayblogbr\\\/\",\"https:\\\/\\\/pinterest.com\\\/gayblogbr\\\/\",\"https:\\\/\\\/x.com\\\/https:\\\/\\\/bsky.app\\\/profile\\\/gayblogbr.bsky.social\",\"https:\\\/\\\/www.youtube.com\\\/@GAYBLOGBR\",\"https:\\\/\\\/pt.wikipedia.org\\\/wiki\\\/Gay_Blog_Br\"],\"url\":\"https:\\\/\\\/gay.blog.br\\\/es\\\/author\\\/oaudaznavegante\\\/\"}]}<\/script>\n<!-- \/ Yoast SEO plugin. -->","yoast_head_json":{"title":"Eduardo Leite celebra el cumplea\u00f1os de su novio con un post declarativo: '\u00a1Te amo!'","description":"El Gobernador Eduardo Leite, en un gesto tierno y afectuoso, celebr\u00f3 el cumplea\u00f1os de Thalis Bolzan con un post que marcaba la ocasi\u00f3n con un cari\u00f1oso beso en la mejilla","robots":{"index":"index","follow":"follow","max-snippet":"max-snippet:-1","max-image-preview":"max-image-preview:large","max-video-preview":"max-video-preview:-1"},"canonical":"https:\/\/gay.blog.br\/es\/gay-es\/eduardo-leite-celebra-el-cumpleanos-de-su-novio-con-un-post-declarativo-te-amo\/","og_locale":"es_ES","og_type":"article","og_title":"Eduardo Leite celebra el cumplea\u00f1os de su novio con un post declarativo: '\u00a1Te amo!'","og_description":"El Gobernador Eduardo Leite, en un gesto tierno y afectuoso, celebr\u00f3 el cumplea\u00f1os de Thalis Bolzan con un post que marcaba la ocasi\u00f3n con un cari\u00f1oso beso en la mejilla","og_url":"https:\/\/gay.blog.br\/es\/gay-es\/eduardo-leite-celebra-el-cumpleanos-de-su-novio-con-un-post-declarativo-te-amo\/","og_site_name":"GAY BLOG BR @gayblogbr","article_publisher":"https:\/\/facebook.com\/gayblogbr","article_author":"https:\/\/facebook.com\/gayblogbr","article_published_time":"2023-12-01T20:54:14+00:00","article_modified_time":"2023-12-16T18:10:21+00:00","og_image":[{"width":813,"height":487,"url":"https:\/\/gay.blog.br\/wp-content\/uploads\/2023\/12\/eduardo-leite-e-namorado-CAPA.jpg","type":"image\/jpeg"}],"author":"www.gay.blog.br","twitter_card":"summary_large_image","twitter_creator":"@https:\/\/bsky.app\/profile\/gayblogbr.bsky.social","twitter_site":"@gayblogbr","twitter_misc":{"Escrito por":"www.gay.blog.br","Tiempo de lectura":"5 minutos"},"schema":{"@context":"https:\/\/schema.org","@graph":[{"@type":"Article","@id":"https:\/\/gay.blog.br\/es\/gay-es\/eduardo-leite-celebra-el-cumpleanos-de-su-novio-con-un-post-declarativo-te-amo\/#article","isPartOf":{"@id":"https:\/\/gay.blog.br\/es\/gay-es\/eduardo-leite-celebra-el-cumpleanos-de-su-novio-con-un-post-declarativo-te-amo\/"},"author":{"name":"www.gay.blog.br","@id":"https:\/\/gay.blog.br\/es\/#\/schema\/person\/ab4bce68ee54b8f4af5c174efe7472e5"},"headline":"Eduardo Leite celebra el cumplea\u00f1os de su novio con un post declarativo: &#8216;\u00a1Te amo!&#8217;","datePublished":"2023-12-01T20:54:14+00:00","dateModified":"2023-12-16T18:10:21+00:00","mainEntityOfPage":{"@id":"https:\/\/gay.blog.br\/es\/gay-es\/eduardo-leite-celebra-el-cumpleanos-de-su-novio-con-un-post-declarativo-te-amo\/"},"wordCount":668,"commentCount":0,"publisher":{"@id":"https:\/\/gay.blog.br\/es\/#organization"},"image":{"@id":"https:\/\/gay.blog.br\/es\/gay-es\/eduardo-leite-celebra-el-cumpleanos-de-su-novio-con-un-post-declarativo-te-amo\/#primaryimage"},"thumbnailUrl":"https:\/\/i0.wp.com\/gay.blog.br\/wp-content\/uploads\/2023\/12\/eduardo-leite-e-namorado-CAPA.jpg?fit=813%2C487&ssl=1","keywords":["beso","beso gay","cumplea\u00f1os","eduardo leite","mejilla","novio","Rio Grande do Sul","Thalis Bolzan"],"articleSection":["GAY","POP"],"inLanguage":"es","potentialAction":[{"@type":"CommentAction","name":"Comment","target":["https:\/\/gay.blog.br\/es\/gay-es\/eduardo-leite-celebra-el-cumpleanos-de-su-novio-con-un-post-declarativo-te-amo\/#respond"]}]},{"@type":"WebPage","@id":"https:\/\/gay.blog.br\/es\/gay-es\/eduardo-leite-celebra-el-cumpleanos-de-su-novio-con-un-post-declarativo-te-amo\/","url":"https:\/\/gay.blog.br\/es\/gay-es\/eduardo-leite-celebra-el-cumpleanos-de-su-novio-con-un-post-declarativo-te-amo\/","name":"Eduardo Leite celebra el cumplea\u00f1os de su novio con un post declarativo: '\u00a1Te amo!'","isPartOf":{"@id":"https:\/\/gay.blog.br\/es\/#website"},"primaryImageOfPage":{"@id":"https:\/\/gay.blog.br\/es\/gay-es\/eduardo-leite-celebra-el-cumpleanos-de-su-novio-con-un-post-declarativo-te-amo\/#primaryimage"},"image":{"@id":"https:\/\/gay.blog.br\/es\/gay-es\/eduardo-leite-celebra-el-cumpleanos-de-su-novio-con-un-post-declarativo-te-amo\/#primaryimage"},"thumbnailUrl":"https:\/\/i0.wp.com\/gay.blog.br\/wp-content\/uploads\/2023\/12\/eduardo-leite-e-namorado-CAPA.jpg?fit=813%2C487&ssl=1","datePublished":"2023-12-01T20:54:14+00:00","dateModified":"2023-12-16T18:10:21+00:00","description":"El Gobernador Eduardo Leite, en un gesto tierno y afectuoso, celebr\u00f3 el cumplea\u00f1os de Thalis Bolzan con un post que marcaba la ocasi\u00f3n con un cari\u00f1oso beso en la mejilla","breadcrumb":{"@id":"https:\/\/gay.blog.br\/es\/gay-es\/eduardo-leite-celebra-el-cumpleanos-de-su-novio-con-un-post-declarativo-te-amo\/#breadcrumb"},"inLanguage":"es","potentialAction":[{"@type":"ReadAction","target":["https:\/\/gay.blog.br\/es\/gay-es\/eduardo-leite-celebra-el-cumpleanos-de-su-novio-con-un-post-declarativo-te-amo\/"]}]},{"@type":"ImageObject","inLanguage":"es","@id":"https:\/\/gay.blog.br\/es\/gay-es\/eduardo-leite-celebra-el-cumpleanos-de-su-novio-con-un-post-declarativo-te-amo\/#primaryimage","url":"https:\/\/i0.wp.com\/gay.blog.br\/wp-content\/uploads\/2023\/12\/eduardo-leite-e-namorado-CAPA.jpg?fit=813%2C487&ssl=1","contentUrl":"https:\/\/i0.wp.com\/gay.blog.br\/wp-content\/uploads\/2023\/12\/eduardo-leite-e-namorado-CAPA.jpg?fit=813%2C487&ssl=1","width":813,"height":487,"caption":"eduardo leite e namorado - CAPA"},{"@type":"BreadcrumbList","@id":"https:\/\/gay.blog.br\/es\/gay-es\/eduardo-leite-celebra-el-cumpleanos-de-su-novio-con-un-post-declarativo-te-amo\/#breadcrumb","itemListElement":[{"@type":"ListItem","position":1,"name":"In\u00edcio","item":"https:\/\/gay.blog.br\/es\/"},{"@type":"ListItem","position":2,"name":"Eduardo Leite celebra el cumplea\u00f1os de su novio con un post declarativo: &#8216;\u00a1Te amo!&#8217;"}]},{"@type":"WebSite","@id":"https:\/\/gay.blog.br\/es\/#website","url":"https:\/\/gay.blog.br\/es\/","name":"GAY BLOG BR @gayblogbr","description":"Not\u00edcias que empoderam e\/ou entret\u00eam s\u00e3o especialidades da casa","publisher":{"@id":"https:\/\/gay.blog.br\/es\/#organization"},"potentialAction":[{"@type":"SearchAction","target":{"@type":"EntryPoint","urlTemplate":"https:\/\/gay.blog.br\/es\/?s={search_term_string}"},"query-input":{"@type":"PropertyValueSpecification","valueRequired":true,"valueName":"search_term_string"}}],"inLanguage":"es"},{"@type":"Organization","@id":"https:\/\/gay.blog.br\/es\/#organization","name":"GAY BLOG BR","url":"https:\/\/gay.blog.br\/es\/","logo":{"@type":"ImageObject","inLanguage":"es","@id":"https:\/\/gay.blog.br\/es\/#\/schema\/logo\/image\/","url":"https:\/\/i0.wp.com\/gay.blog.br\/wp-content\/uploads\/2023\/08\/gay180px.png?fit=272%2C90&ssl=1","contentUrl":"https:\/\/i0.wp.com\/gay.blog.br\/wp-content\/uploads\/2023\/08\/gay180px.png?fit=272%2C90&ssl=1","width":272,"height":90,"caption":"GAY BLOG BR"},"image":{"@id":"https:\/\/gay.blog.br\/es\/#\/schema\/logo\/image\/"},"sameAs":["https:\/\/facebook.com\/gayblogbr","https:\/\/x.com\/gayblogbr","https:\/\/instagram.com\/gayblogbr","https:\/\/www.linkedin.com\/company\/gayblogbr\/","https:\/\/br.pinterest.com\/gayblogbr\/","https:\/\/www.youtube.com\/channel\/UCdEu3JXLOB-wvWAVUF4AIiA","https:\/\/pt.wikipedia.org\/wiki\/Gay_Blog_Br","https:\/\/www.threads.net\/@gayblogbr"]},{"@type":"Person","@id":"https:\/\/gay.blog.br\/es\/#\/schema\/person\/ab4bce68ee54b8f4af5c174efe7472e5","name":"www.gay.blog.br","image":{"@type":"ImageObject","inLanguage":"es","@id":"https:\/\/secure.gravatar.com\/avatar\/a6fb6bf5c84cdaa375389c43448e2bb88db4600d8fc5be6c42a410789075740f?s=96&d=mm&r=g","url":"https:\/\/secure.gravatar.com\/avatar\/a6fb6bf5c84cdaa375389c43448e2bb88db4600d8fc5be6c42a410789075740f?s=96&d=mm&r=g","contentUrl":"https:\/\/secure.gravatar.com\/avatar\/a6fb6bf5c84cdaa375389c43448e2bb88db4600d8fc5be6c42a410789075740f?s=96&d=mm&r=g","caption":"www.gay.blog.br"},"description":"Receba as not\u00edcias pelo Telegram!","sameAs":["https:\/\/facebook.com\/gayblogbr","https:\/\/instagram.com\/gayblogbr","https:\/\/www.linkedin.com\/company\/gayblogbr\/","https:\/\/pinterest.com\/gayblogbr\/","https:\/\/x.com\/https:\/\/bsky.app\/profile\/gayblogbr.bsky.social","https:\/\/www.youtube.com\/@GAYBLOGBR","https:\/\/pt.wikipedia.org\/wiki\/Gay_Blog_Br"],"url":"https:\/\/gay.blog.br\/es\/author\/oaudaznavegante\/"}]}},"jetpack_publicize_connections":[],"jetpack_featured_media_url":"https:\/\/i0.wp.com\/gay.blog.br\/wp-content\/uploads\/2023\/12\/eduardo-leite-e-namorado-CAPA.jpg?fit=813%2C487&ssl=1","jetpack_sharing_enabled":true,"jetpack_shortlink":"https:\/\/wp.me\/p6klkK-Scm","jetpack_likes_enabled":false,"amp_enabled":true,"_links":{"self":[{"href":"https:\/\/gay.blog.br\/es\/wp-json\/wp\/v2\/posts\/208342","targetHints":{"allow":["GET"]}}],"collection":[{"href":"https:\/\/gay.blog.br\/es\/wp-json\/wp\/v2\/posts"}],"about":[{"href":"https:\/\/gay.blog.br\/es\/wp-json\/wp\/v2\/types\/post"}],"author":[{"embeddable":true,"href":"https:\/\/gay.blog.br\/es\/wp-json\/wp\/v2\/users\/2"}],"replies":[{"embeddable":true,"href":"https:\/\/gay.blog.br\/es\/wp-json\/wp\/v2\/comments?post=208342"}],"version-history":[{"count":2,"href":"https:\/\/gay.blog.br\/es\/wp-json\/wp\/v2\/posts\/208342\/revisions"}],"predecessor-version":[{"id":208356,"href":"https:\/\/gay.blog.br\/es\/wp-json\/wp\/v2\/posts\/208342\/revisions\/208356"}],"wp:featuredmedia":[{"embeddable":true,"href":"https:\/\/gay.blog.br\/es\/wp-json\/wp\/v2\/media\/207217"}],"wp:attachment":[{"href":"https:\/\/gay.blog.br\/es\/wp-json\/wp\/v2\/media?parent=208342"}],"wp:term":[{"taxonomy":"category","embeddable":true,"href":"https:\/\/gay.blog.br\/es\/wp-json\/wp\/v2\/categories?post=208342"},{"taxonomy":"post_tag","embeddable":true,"href":"https:\/\/gay.blog.br\/es\/wp-json\/wp\/v2\/tags?post=208342"}],"curies":[{"name":"wp","href":"https:\/\/api.w.org\/{rel}","templated":true}]}}