{"id":208343,"date":"2023-12-01T14:22:26","date_gmt":"2023-12-01T17:22:26","guid":{"rendered":"https:\/\/gay.blog.br\/?p=208343"},"modified":"2023-12-16T15:07:56","modified_gmt":"2023-12-16T18:07:56","slug":"paul-mccartney-rinde-homenaje-a-la-comunidad-lgbtqia-en-un-concierto-en-brasil","status":"publish","type":"post","link":"https:\/\/gay.blog.br\/es\/noticias-es\/paul-mccartney-rinde-homenaje-a-la-comunidad-lgbtqia-en-un-concierto-en-brasil\/","title":{"rendered":"Paul McCartney rinde homenaje a la comunidad LGBTQIA+ en un concierto en Brasil"},"content":{"rendered":"<p style=\"text-align: justify;\">En un momento memorable del concierto en <a href=\"https:\/\/gay.blog.br\/tag\/brasilia\">Brasilia (DF)<\/a>, el cantante <a href=\"http:\/\/gay.blog.br\/tag\/paul-mccartney\"><strong>Paul McCartney<\/strong><\/a> y su banda rindieron un significativo homenaje a la diversidad y a Brasil. Durante una pausa, izaron las banderas de <a href=\"https:\/\/gay.blog.br\/tag\/brasil\"><strong>Brasil<\/strong><\/a>, el <a href=\"http:\/\/gay.blog.br\/tag\/reino-unido\"><strong>Reino Unido<\/strong><\/a> y el movimiento <a href=\"http:\/\/gay.blog.br\/tag\/lgbtqia\"><strong>LGBTQIA+<\/strong><\/a>, un gesto que, incluso sin acompa\u00f1amiento musical, gener\u00f3 una fuerte reacci\u00f3n del p\u00fablico.<\/p>\n<figure id=\"attachment_207173\" aria-describedby=\"caption-attachment-207173\" style=\"width: 1080px\" class=\"wp-caption aligncenter\"><a href=\"https:\/\/www.instagram.com\/p\/C0UFZrprLh7\/?img_index=1\"><img data-recalc-dims=\"1\" loading=\"lazy\" decoding=\"async\" class=\"size-full wp-image-207173\" src=\"https:\/\/i0.wp.com\/gay.blog.br\/wp-content\/uploads\/2023\/12\/paul-bandeira-gay-blog-br.jpg?resize=696%2C870&#038;ssl=1\" alt=\"Foto: Reproducci\u00f3n\/Alexandra Bento\" width=\"696\" height=\"870\" srcset=\"https:\/\/i0.wp.com\/gay.blog.br\/wp-content\/uploads\/2023\/12\/paul-bandeira-gay-blog-br.jpg?w=1080&amp;ssl=1 1080w, https:\/\/i0.wp.com\/gay.blog.br\/wp-content\/uploads\/2023\/12\/paul-bandeira-gay-blog-br.jpg?resize=240%2C300&amp;ssl=1 240w, https:\/\/i0.wp.com\/gay.blog.br\/wp-content\/uploads\/2023\/12\/paul-bandeira-gay-blog-br.jpg?resize=819%2C1024&amp;ssl=1 819w, https:\/\/i0.wp.com\/gay.blog.br\/wp-content\/uploads\/2023\/12\/paul-bandeira-gay-blog-br.jpg?resize=120%2C150&amp;ssl=1 120w, https:\/\/i0.wp.com\/gay.blog.br\/wp-content\/uploads\/2023\/12\/paul-bandeira-gay-blog-br.jpg?resize=768%2C960&amp;ssl=1 768w, https:\/\/i0.wp.com\/gay.blog.br\/wp-content\/uploads\/2023\/12\/paul-bandeira-gay-blog-br.jpg?resize=696%2C870&amp;ssl=1 696w, https:\/\/i0.wp.com\/gay.blog.br\/wp-content\/uploads\/2023\/12\/paul-bandeira-gay-blog-br.jpg?resize=1068%2C1335&amp;ssl=1 1068w, https:\/\/i0.wp.com\/gay.blog.br\/wp-content\/uploads\/2023\/12\/paul-bandeira-gay-blog-br.jpg?resize=336%2C420&amp;ssl=1 336w, https:\/\/i0.wp.com\/gay.blog.br\/wp-content\/uploads\/2023\/12\/paul-bandeira-gay-blog-br.jpg?resize=672%2C840&amp;ssl=1 672w\" sizes=\"auto, (max-width: 696px) 100vw, 696px\" \/><\/a><figcaption id=\"caption-attachment-207173\" class=\"wp-caption-text\">Foto: Reproducci\u00f3n\/Alexandra Bento<\/figcaption><\/figure>\n<p style=\"text-align: justify;\">La actitud del m\u00fasico de Liverpool fue recibida con aplausos y gritos de aprobaci\u00f3n, destacando su apoyo a la inclusi\u00f3n y el respeto a las diferencias.<\/p>\n<p style=\"text-align: justify;\"><a href=\"https:\/\/twitter.com\/Metropoles\/status\/1730409981831184463\"><strong>Observa el momento<\/strong><\/a><\/p>\n<p style=\"text-align: justify;\"><iframe loading=\"lazy\" src=\"\/\/content.jwplatform.com\/players\/tCTJosg4-HdA8q6gX.html\" width=\"640\" height=\"360\" frameborder=\"0\" scrolling=\"auto\"><\/iframe><\/p>\n<p style=\"text-align: justify;\">El concierto, que forma parte de la gira mundial <strong>\u00abGot Back\u00bb<\/strong>, tuvo lugar el jueves 30 de noviembre en la Arena BRB Man\u00e9 Garrincha. El variado repertorio incluy\u00f3 cl\u00e1sicos de los <strong>Beatles<\/strong>, canciones del grupo <strong>Wings<\/strong> y sencillos de la carrera en solitario del legendario m\u00fasico.<\/p>\n<h3 style=\"text-align: justify;\"><strong>GOT BACK<\/strong><\/h3>\n<p style=\"text-align: justify;\">Otro momento destacado de la actuaci\u00f3n fue la dedicatoria de McCartney de la canci\u00f3n \u00ab<em>Something<\/em>\u00bb a su \u00abhermano\u00bb, el fallecido guitarrista de los <strong>Beatles<\/strong> <strong>George Harrison<\/strong>. El p\u00fablico, emocionado, acompa\u00f1\u00f3 el momento con carteles y cant\u00f3 al un\u00edsono. Tambi\u00e9n sonaron <em>\u00abOb La Di, Ob La Da\u00bb y \u00abGet Back\u00bb<\/em>, con proyecciones de antiguos videos de los Beatles que aumentaron la emoci\u00f3n del p\u00fablico.<\/p>\n<p style=\"text-align: justify;\">Adem\u00e1s de las canciones, el concierto estuvo marcado por un momento pirot\u00e9cnico durante la interpretaci\u00f3n de <em>\u00abLive and Let Die\u00bb<\/em>, con fuegos artificiales iluminando el cielo. Tras casi tres horas de actuaci\u00f3n y 39 canciones, <em>\u00abThe End\u00bb<\/em> de los Beatles cerr\u00f3 el espect\u00e1culo.<\/p>\n<p style=\"text-align: justify;\">Paul McCartney, acompa\u00f1ado de <strong>Paul \u201cWix\u201d Wickens, Brian Ray, Rusty Anderson y Abe Laboriel Jr.<\/strong>, tambi\u00e9n llevar\u00e1 la gira a otras ciudades brasile\u00f1as, como <strong>Belo Horizonte, San Pablo, Curitiba y R\u00edo de Janeiro<\/strong>. Las entradas est\u00e1n disponibles en <a href=\"https:\/\/www.eventim.com.br\/campaign\/paulmccartney\">Eventim<\/a>.<\/p>\n","protected":false},"excerpt":{"rendered":"<p>La acci\u00f3n simb\u00f3lica del ex Beatle Paul McCartney en Brasilia reforz\u00f3 el apoyo del artista a la diversidad y la inclusi\u00f3n<\/p>\n","protected":false},"author":2,"featured_media":207179,"comment_status":"open","ping_status":"open","sticky":false,"template":"","format":"standard","meta":{"googlesitekit_rrm_CAoiEBg-BXrJeACjO8p49SE4kTY:productID":"","tdm_status":"","tdm_grid_status":"","_jetpack_newsletter_access":"","_jetpack_dont_email_post_to_subs":false,"_jetpack_newsletter_tier_id":0,"_jetpack_memberships_contains_paywalled_content":false,"_jetpack_memberships_contains_paid_content":false,"footnotes":"","jetpack_publicize_message":"Paul McCartney rinde homenaje a la comunidad LGBTQIA+ en un concierto en Brasil","jetpack_publicize_feature_enabled":true,"jetpack_social_post_already_shared":true,"jetpack_social_options":{"image_generator_settings":{"template":"highway","default_image_id":0,"font":"","enabled":false},"version":2},"_wpas_customize_per_network":false,"jetpack_post_was_ever_published":false},"categories":[589932231],"tags":[589934294,589948094,589948097,589948096,589933492,589946245,589948099,589948098,589932755,589948095,589933056],"class_list":{"0":"post-208343","1":"post","2":"type-post","3":"status-publish","4":"format-standard","5":"has-post-thumbnail","7":"category-noticias-es","8":"tag-bandera","9":"tag-bandera-gay","10":"tag-bandera-lgbtqia","11":"tag-beatles-es","12":"tag-brasil-es","13":"tag-gira","14":"tag-got-back-es","15":"tag-got-beck-es","16":"tag-lgbt-es","17":"tag-paul-mccartney-es","18":"tag-show-es"},"yoast_head":"<!-- This site is optimized with the Yoast SEO plugin v27.4 - https:\/\/yoast.com\/product\/yoast-seo-wordpress\/ -->\n<title>Paul McCartney rinde homenaje a la comunidad LGBTQIA+ en un concierto en Brasil<\/title>\n<meta name=\"description\" content=\"La acci\u00f3n simb\u00f3lica del ex Beatle Paul McCartney en Brasilia reforz\u00f3 el apoyo del artista a la diversidad y la inclusi\u00f3n\" \/>\n<meta name=\"robots\" content=\"index, follow, max-snippet:-1, max-image-preview:large, max-video-preview:-1\" \/>\n<link rel=\"canonical\" href=\"https:\/\/gay.blog.br\/es\/noticias-es\/paul-mccartney-rinde-homenaje-a-la-comunidad-lgbtqia-en-un-concierto-en-brasil\/\" \/>\n<meta property=\"og:locale\" content=\"es_ES\" \/>\n<meta property=\"og:type\" content=\"article\" \/>\n<meta property=\"og:title\" content=\"Paul McCartney rinde homenaje a la comunidad LGBTQIA+ en un concierto en Brasil\" \/>\n<meta property=\"og:description\" content=\"La acci\u00f3n simb\u00f3lica del ex Beatle Paul McCartney en Brasilia reforz\u00f3 el apoyo del artista a la diversidad y la inclusi\u00f3n\" \/>\n<meta property=\"og:url\" content=\"https:\/\/gay.blog.br\/es\/noticias-es\/paul-mccartney-rinde-homenaje-a-la-comunidad-lgbtqia-en-un-concierto-en-brasil\/\" \/>\n<meta property=\"og:site_name\" content=\"GAY BLOG BR @gayblogbr\" \/>\n<meta property=\"article:publisher\" content=\"https:\/\/facebook.com\/gayblogbr\" \/>\n<meta property=\"article:author\" content=\"https:\/\/facebook.com\/gayblogbr\" \/>\n<meta property=\"article:published_time\" content=\"2023-12-01T17:22:26+00:00\" \/>\n<meta property=\"article:modified_time\" content=\"2023-12-16T18:07:56+00:00\" \/>\n<meta property=\"og:image\" content=\"https:\/\/gay.blog.br\/wp-content\/uploads\/2023\/12\/paul-bandeira-gay-blog-br-CAPA.jpg\" \/>\n\t<meta property=\"og:image:width\" content=\"1080\" \/>\n\t<meta property=\"og:image:height\" content=\"668\" \/>\n\t<meta property=\"og:image:type\" content=\"image\/jpeg\" \/>\n<meta name=\"author\" content=\"www.gay.blog.br\" \/>\n<meta name=\"twitter:card\" content=\"summary_large_image\" \/>\n<meta name=\"twitter:creator\" content=\"@https:\/\/bsky.app\/profile\/gayblogbr.bsky.social\" \/>\n<meta name=\"twitter:site\" content=\"@gayblogbr\" \/>\n<meta name=\"twitter:label1\" content=\"Escrito por\" \/>\n\t<meta name=\"twitter:data1\" content=\"www.gay.blog.br\" \/>\n\t<meta name=\"twitter:label2\" content=\"Tiempo de lectura\" \/>\n\t<meta name=\"twitter:data2\" content=\"2 minutos\" \/>\n<script type=\"application\/ld+json\" class=\"yoast-schema-graph\">{\"@context\":\"https:\\\/\\\/schema.org\",\"@graph\":[{\"@type\":\"Article\",\"@id\":\"https:\\\/\\\/gay.blog.br\\\/es\\\/noticias-es\\\/paul-mccartney-rinde-homenaje-a-la-comunidad-lgbtqia-en-un-concierto-en-brasil\\\/#article\",\"isPartOf\":{\"@id\":\"https:\\\/\\\/gay.blog.br\\\/es\\\/noticias-es\\\/paul-mccartney-rinde-homenaje-a-la-comunidad-lgbtqia-en-un-concierto-en-brasil\\\/\"},\"author\":{\"name\":\"www.gay.blog.br\",\"@id\":\"https:\\\/\\\/gay.blog.br\\\/es\\\/#\\\/schema\\\/person\\\/ab4bce68ee54b8f4af5c174efe7472e5\"},\"headline\":\"Paul McCartney rinde homenaje a la comunidad LGBTQIA+ en un concierto en Brasil\",\"datePublished\":\"2023-12-01T17:22:26+00:00\",\"dateModified\":\"2023-12-16T18:07:56+00:00\",\"mainEntityOfPage\":{\"@id\":\"https:\\\/\\\/gay.blog.br\\\/es\\\/noticias-es\\\/paul-mccartney-rinde-homenaje-a-la-comunidad-lgbtqia-en-un-concierto-en-brasil\\\/\"},\"wordCount\":324,\"commentCount\":0,\"publisher\":{\"@id\":\"https:\\\/\\\/gay.blog.br\\\/es\\\/#organization\"},\"image\":{\"@id\":\"https:\\\/\\\/gay.blog.br\\\/es\\\/noticias-es\\\/paul-mccartney-rinde-homenaje-a-la-comunidad-lgbtqia-en-un-concierto-en-brasil\\\/#primaryimage\"},\"thumbnailUrl\":\"https:\\\/\\\/i0.wp.com\\\/gay.blog.br\\\/wp-content\\\/uploads\\\/2023\\\/12\\\/paul-bandeira-gay-blog-br-CAPA.jpg?fit=1080%2C668&ssl=1\",\"keywords\":[\"bandera\",\"bandera gay\",\"Bandera LGBTQIA+\",\"beatles\",\"brasil\",\"gira\",\"got back\",\"got beck\",\"lgbt\",\"Paul McCartney\",\"show\"],\"articleSection\":[\"NOT\u00cdCIAS\"],\"inLanguage\":\"es\",\"potentialAction\":[{\"@type\":\"CommentAction\",\"name\":\"Comment\",\"target\":[\"https:\\\/\\\/gay.blog.br\\\/es\\\/noticias-es\\\/paul-mccartney-rinde-homenaje-a-la-comunidad-lgbtqia-en-un-concierto-en-brasil\\\/#respond\"]}]},{\"@type\":\"WebPage\",\"@id\":\"https:\\\/\\\/gay.blog.br\\\/es\\\/noticias-es\\\/paul-mccartney-rinde-homenaje-a-la-comunidad-lgbtqia-en-un-concierto-en-brasil\\\/\",\"url\":\"https:\\\/\\\/gay.blog.br\\\/es\\\/noticias-es\\\/paul-mccartney-rinde-homenaje-a-la-comunidad-lgbtqia-en-un-concierto-en-brasil\\\/\",\"name\":\"Paul McCartney rinde homenaje a la comunidad LGBTQIA+ en un concierto en Brasil\",\"isPartOf\":{\"@id\":\"https:\\\/\\\/gay.blog.br\\\/es\\\/#website\"},\"primaryImageOfPage\":{\"@id\":\"https:\\\/\\\/gay.blog.br\\\/es\\\/noticias-es\\\/paul-mccartney-rinde-homenaje-a-la-comunidad-lgbtqia-en-un-concierto-en-brasil\\\/#primaryimage\"},\"image\":{\"@id\":\"https:\\\/\\\/gay.blog.br\\\/es\\\/noticias-es\\\/paul-mccartney-rinde-homenaje-a-la-comunidad-lgbtqia-en-un-concierto-en-brasil\\\/#primaryimage\"},\"thumbnailUrl\":\"https:\\\/\\\/i0.wp.com\\\/gay.blog.br\\\/wp-content\\\/uploads\\\/2023\\\/12\\\/paul-bandeira-gay-blog-br-CAPA.jpg?fit=1080%2C668&ssl=1\",\"datePublished\":\"2023-12-01T17:22:26+00:00\",\"dateModified\":\"2023-12-16T18:07:56+00:00\",\"description\":\"La acci\u00f3n simb\u00f3lica del ex Beatle Paul McCartney en Brasilia reforz\u00f3 el apoyo del artista a la diversidad y la inclusi\u00f3n\",\"breadcrumb\":{\"@id\":\"https:\\\/\\\/gay.blog.br\\\/es\\\/noticias-es\\\/paul-mccartney-rinde-homenaje-a-la-comunidad-lgbtqia-en-un-concierto-en-brasil\\\/#breadcrumb\"},\"inLanguage\":\"es\",\"potentialAction\":[{\"@type\":\"ReadAction\",\"target\":[\"https:\\\/\\\/gay.blog.br\\\/es\\\/noticias-es\\\/paul-mccartney-rinde-homenaje-a-la-comunidad-lgbtqia-en-un-concierto-en-brasil\\\/\"]}]},{\"@type\":\"ImageObject\",\"inLanguage\":\"es\",\"@id\":\"https:\\\/\\\/gay.blog.br\\\/es\\\/noticias-es\\\/paul-mccartney-rinde-homenaje-a-la-comunidad-lgbtqia-en-un-concierto-en-brasil\\\/#primaryimage\",\"url\":\"https:\\\/\\\/i0.wp.com\\\/gay.blog.br\\\/wp-content\\\/uploads\\\/2023\\\/12\\\/paul-bandeira-gay-blog-br-CAPA.jpg?fit=1080%2C668&ssl=1\",\"contentUrl\":\"https:\\\/\\\/i0.wp.com\\\/gay.blog.br\\\/wp-content\\\/uploads\\\/2023\\\/12\\\/paul-bandeira-gay-blog-br-CAPA.jpg?fit=1080%2C668&ssl=1\",\"width\":1080,\"height\":668,\"caption\":\"Paul McCartney homenageia comunidade LGBTQIA+ em show no Brasil\"},{\"@type\":\"BreadcrumbList\",\"@id\":\"https:\\\/\\\/gay.blog.br\\\/es\\\/noticias-es\\\/paul-mccartney-rinde-homenaje-a-la-comunidad-lgbtqia-en-un-concierto-en-brasil\\\/#breadcrumb\",\"itemListElement\":[{\"@type\":\"ListItem\",\"position\":1,\"name\":\"In\u00edcio\",\"item\":\"https:\\\/\\\/gay.blog.br\\\/es\\\/\"},{\"@type\":\"ListItem\",\"position\":2,\"name\":\"Paul McCartney rinde homenaje a la comunidad LGBTQIA+ en un concierto en Brasil\"}]},{\"@type\":\"WebSite\",\"@id\":\"https:\\\/\\\/gay.blog.br\\\/es\\\/#website\",\"url\":\"https:\\\/\\\/gay.blog.br\\\/es\\\/\",\"name\":\"GAY BLOG BR @gayblogbr\",\"description\":\"Not\u00edcias que empoderam e\\\/ou entret\u00eam s\u00e3o especialidades da casa\",\"publisher\":{\"@id\":\"https:\\\/\\\/gay.blog.br\\\/es\\\/#organization\"},\"potentialAction\":[{\"@type\":\"SearchAction\",\"target\":{\"@type\":\"EntryPoint\",\"urlTemplate\":\"https:\\\/\\\/gay.blog.br\\\/es\\\/?s={search_term_string}\"},\"query-input\":{\"@type\":\"PropertyValueSpecification\",\"valueRequired\":true,\"valueName\":\"search_term_string\"}}],\"inLanguage\":\"es\"},{\"@type\":\"Organization\",\"@id\":\"https:\\\/\\\/gay.blog.br\\\/es\\\/#organization\",\"name\":\"GAY BLOG BR\",\"url\":\"https:\\\/\\\/gay.blog.br\\\/es\\\/\",\"logo\":{\"@type\":\"ImageObject\",\"inLanguage\":\"es\",\"@id\":\"https:\\\/\\\/gay.blog.br\\\/es\\\/#\\\/schema\\\/logo\\\/image\\\/\",\"url\":\"https:\\\/\\\/i0.wp.com\\\/gay.blog.br\\\/wp-content\\\/uploads\\\/2023\\\/08\\\/gay180px.png?fit=272%2C90&ssl=1\",\"contentUrl\":\"https:\\\/\\\/i0.wp.com\\\/gay.blog.br\\\/wp-content\\\/uploads\\\/2023\\\/08\\\/gay180px.png?fit=272%2C90&ssl=1\",\"width\":272,\"height\":90,\"caption\":\"GAY BLOG BR\"},\"image\":{\"@id\":\"https:\\\/\\\/gay.blog.br\\\/es\\\/#\\\/schema\\\/logo\\\/image\\\/\"},\"sameAs\":[\"https:\\\/\\\/facebook.com\\\/gayblogbr\",\"https:\\\/\\\/x.com\\\/gayblogbr\",\"https:\\\/\\\/instagram.com\\\/gayblogbr\",\"https:\\\/\\\/www.linkedin.com\\\/company\\\/gayblogbr\\\/\",\"https:\\\/\\\/br.pinterest.com\\\/gayblogbr\\\/\",\"https:\\\/\\\/www.youtube.com\\\/channel\\\/UCdEu3JXLOB-wvWAVUF4AIiA\",\"https:\\\/\\\/pt.wikipedia.org\\\/wiki\\\/Gay_Blog_Br\",\"https:\\\/\\\/www.threads.net\\\/@gayblogbr\"]},{\"@type\":\"Person\",\"@id\":\"https:\\\/\\\/gay.blog.br\\\/es\\\/#\\\/schema\\\/person\\\/ab4bce68ee54b8f4af5c174efe7472e5\",\"name\":\"www.gay.blog.br\",\"image\":{\"@type\":\"ImageObject\",\"inLanguage\":\"es\",\"@id\":\"https:\\\/\\\/secure.gravatar.com\\\/avatar\\\/a6fb6bf5c84cdaa375389c43448e2bb88db4600d8fc5be6c42a410789075740f?s=96&d=mm&r=g\",\"url\":\"https:\\\/\\\/secure.gravatar.com\\\/avatar\\\/a6fb6bf5c84cdaa375389c43448e2bb88db4600d8fc5be6c42a410789075740f?s=96&d=mm&r=g\",\"contentUrl\":\"https:\\\/\\\/secure.gravatar.com\\\/avatar\\\/a6fb6bf5c84cdaa375389c43448e2bb88db4600d8fc5be6c42a410789075740f?s=96&d=mm&r=g\",\"caption\":\"www.gay.blog.br\"},\"description\":\"Receba as not\u00edcias pelo Telegram!\",\"sameAs\":[\"https:\\\/\\\/facebook.com\\\/gayblogbr\",\"https:\\\/\\\/instagram.com\\\/gayblogbr\",\"https:\\\/\\\/www.linkedin.com\\\/company\\\/gayblogbr\\\/\",\"https:\\\/\\\/pinterest.com\\\/gayblogbr\\\/\",\"https:\\\/\\\/x.com\\\/https:\\\/\\\/bsky.app\\\/profile\\\/gayblogbr.bsky.social\",\"https:\\\/\\\/www.youtube.com\\\/@GAYBLOGBR\",\"https:\\\/\\\/pt.wikipedia.org\\\/wiki\\\/Gay_Blog_Br\"],\"url\":\"https:\\\/\\\/gay.blog.br\\\/es\\\/author\\\/oaudaznavegante\\\/\"}]}<\/script>\n<!-- \/ Yoast SEO plugin. -->","yoast_head_json":{"title":"Paul McCartney rinde homenaje a la comunidad LGBTQIA+ en un concierto en Brasil","description":"La acci\u00f3n simb\u00f3lica del ex Beatle Paul McCartney en Brasilia reforz\u00f3 el apoyo del artista a la diversidad y la inclusi\u00f3n","robots":{"index":"index","follow":"follow","max-snippet":"max-snippet:-1","max-image-preview":"max-image-preview:large","max-video-preview":"max-video-preview:-1"},"canonical":"https:\/\/gay.blog.br\/es\/noticias-es\/paul-mccartney-rinde-homenaje-a-la-comunidad-lgbtqia-en-un-concierto-en-brasil\/","og_locale":"es_ES","og_type":"article","og_title":"Paul McCartney rinde homenaje a la comunidad LGBTQIA+ en un concierto en Brasil","og_description":"La acci\u00f3n simb\u00f3lica del ex Beatle Paul McCartney en Brasilia reforz\u00f3 el apoyo del artista a la diversidad y la inclusi\u00f3n","og_url":"https:\/\/gay.blog.br\/es\/noticias-es\/paul-mccartney-rinde-homenaje-a-la-comunidad-lgbtqia-en-un-concierto-en-brasil\/","og_site_name":"GAY BLOG BR @gayblogbr","article_publisher":"https:\/\/facebook.com\/gayblogbr","article_author":"https:\/\/facebook.com\/gayblogbr","article_published_time":"2023-12-01T17:22:26+00:00","article_modified_time":"2023-12-16T18:07:56+00:00","og_image":[{"width":1080,"height":668,"url":"https:\/\/gay.blog.br\/wp-content\/uploads\/2023\/12\/paul-bandeira-gay-blog-br-CAPA.jpg","type":"image\/jpeg"}],"author":"www.gay.blog.br","twitter_card":"summary_large_image","twitter_creator":"@https:\/\/bsky.app\/profile\/gayblogbr.bsky.social","twitter_site":"@gayblogbr","twitter_misc":{"Escrito por":"www.gay.blog.br","Tiempo de lectura":"2 minutos"},"schema":{"@context":"https:\/\/schema.org","@graph":[{"@type":"Article","@id":"https:\/\/gay.blog.br\/es\/noticias-es\/paul-mccartney-rinde-homenaje-a-la-comunidad-lgbtqia-en-un-concierto-en-brasil\/#article","isPartOf":{"@id":"https:\/\/gay.blog.br\/es\/noticias-es\/paul-mccartney-rinde-homenaje-a-la-comunidad-lgbtqia-en-un-concierto-en-brasil\/"},"author":{"name":"www.gay.blog.br","@id":"https:\/\/gay.blog.br\/es\/#\/schema\/person\/ab4bce68ee54b8f4af5c174efe7472e5"},"headline":"Paul McCartney rinde homenaje a la comunidad LGBTQIA+ en un concierto en Brasil","datePublished":"2023-12-01T17:22:26+00:00","dateModified":"2023-12-16T18:07:56+00:00","mainEntityOfPage":{"@id":"https:\/\/gay.blog.br\/es\/noticias-es\/paul-mccartney-rinde-homenaje-a-la-comunidad-lgbtqia-en-un-concierto-en-brasil\/"},"wordCount":324,"commentCount":0,"publisher":{"@id":"https:\/\/gay.blog.br\/es\/#organization"},"image":{"@id":"https:\/\/gay.blog.br\/es\/noticias-es\/paul-mccartney-rinde-homenaje-a-la-comunidad-lgbtqia-en-un-concierto-en-brasil\/#primaryimage"},"thumbnailUrl":"https:\/\/i0.wp.com\/gay.blog.br\/wp-content\/uploads\/2023\/12\/paul-bandeira-gay-blog-br-CAPA.jpg?fit=1080%2C668&ssl=1","keywords":["bandera","bandera gay","Bandera LGBTQIA+","beatles","brasil","gira","got back","got beck","lgbt","Paul McCartney","show"],"articleSection":["NOT\u00cdCIAS"],"inLanguage":"es","potentialAction":[{"@type":"CommentAction","name":"Comment","target":["https:\/\/gay.blog.br\/es\/noticias-es\/paul-mccartney-rinde-homenaje-a-la-comunidad-lgbtqia-en-un-concierto-en-brasil\/#respond"]}]},{"@type":"WebPage","@id":"https:\/\/gay.blog.br\/es\/noticias-es\/paul-mccartney-rinde-homenaje-a-la-comunidad-lgbtqia-en-un-concierto-en-brasil\/","url":"https:\/\/gay.blog.br\/es\/noticias-es\/paul-mccartney-rinde-homenaje-a-la-comunidad-lgbtqia-en-un-concierto-en-brasil\/","name":"Paul McCartney rinde homenaje a la comunidad LGBTQIA+ en un concierto en Brasil","isPartOf":{"@id":"https:\/\/gay.blog.br\/es\/#website"},"primaryImageOfPage":{"@id":"https:\/\/gay.blog.br\/es\/noticias-es\/paul-mccartney-rinde-homenaje-a-la-comunidad-lgbtqia-en-un-concierto-en-brasil\/#primaryimage"},"image":{"@id":"https:\/\/gay.blog.br\/es\/noticias-es\/paul-mccartney-rinde-homenaje-a-la-comunidad-lgbtqia-en-un-concierto-en-brasil\/#primaryimage"},"thumbnailUrl":"https:\/\/i0.wp.com\/gay.blog.br\/wp-content\/uploads\/2023\/12\/paul-bandeira-gay-blog-br-CAPA.jpg?fit=1080%2C668&ssl=1","datePublished":"2023-12-01T17:22:26+00:00","dateModified":"2023-12-16T18:07:56+00:00","description":"La acci\u00f3n simb\u00f3lica del ex Beatle Paul McCartney en Brasilia reforz\u00f3 el apoyo del artista a la diversidad y la inclusi\u00f3n","breadcrumb":{"@id":"https:\/\/gay.blog.br\/es\/noticias-es\/paul-mccartney-rinde-homenaje-a-la-comunidad-lgbtqia-en-un-concierto-en-brasil\/#breadcrumb"},"inLanguage":"es","potentialAction":[{"@type":"ReadAction","target":["https:\/\/gay.blog.br\/es\/noticias-es\/paul-mccartney-rinde-homenaje-a-la-comunidad-lgbtqia-en-un-concierto-en-brasil\/"]}]},{"@type":"ImageObject","inLanguage":"es","@id":"https:\/\/gay.blog.br\/es\/noticias-es\/paul-mccartney-rinde-homenaje-a-la-comunidad-lgbtqia-en-un-concierto-en-brasil\/#primaryimage","url":"https:\/\/i0.wp.com\/gay.blog.br\/wp-content\/uploads\/2023\/12\/paul-bandeira-gay-blog-br-CAPA.jpg?fit=1080%2C668&ssl=1","contentUrl":"https:\/\/i0.wp.com\/gay.blog.br\/wp-content\/uploads\/2023\/12\/paul-bandeira-gay-blog-br-CAPA.jpg?fit=1080%2C668&ssl=1","width":1080,"height":668,"caption":"Paul McCartney homenageia comunidade LGBTQIA+ em show no Brasil"},{"@type":"BreadcrumbList","@id":"https:\/\/gay.blog.br\/es\/noticias-es\/paul-mccartney-rinde-homenaje-a-la-comunidad-lgbtqia-en-un-concierto-en-brasil\/#breadcrumb","itemListElement":[{"@type":"ListItem","position":1,"name":"In\u00edcio","item":"https:\/\/gay.blog.br\/es\/"},{"@type":"ListItem","position":2,"name":"Paul McCartney rinde homenaje a la comunidad LGBTQIA+ en un concierto en Brasil"}]},{"@type":"WebSite","@id":"https:\/\/gay.blog.br\/es\/#website","url":"https:\/\/gay.blog.br\/es\/","name":"GAY BLOG BR @gayblogbr","description":"Not\u00edcias que empoderam e\/ou entret\u00eam s\u00e3o especialidades da casa","publisher":{"@id":"https:\/\/gay.blog.br\/es\/#organization"},"potentialAction":[{"@type":"SearchAction","target":{"@type":"EntryPoint","urlTemplate":"https:\/\/gay.blog.br\/es\/?s={search_term_string}"},"query-input":{"@type":"PropertyValueSpecification","valueRequired":true,"valueName":"search_term_string"}}],"inLanguage":"es"},{"@type":"Organization","@id":"https:\/\/gay.blog.br\/es\/#organization","name":"GAY BLOG BR","url":"https:\/\/gay.blog.br\/es\/","logo":{"@type":"ImageObject","inLanguage":"es","@id":"https:\/\/gay.blog.br\/es\/#\/schema\/logo\/image\/","url":"https:\/\/i0.wp.com\/gay.blog.br\/wp-content\/uploads\/2023\/08\/gay180px.png?fit=272%2C90&ssl=1","contentUrl":"https:\/\/i0.wp.com\/gay.blog.br\/wp-content\/uploads\/2023\/08\/gay180px.png?fit=272%2C90&ssl=1","width":272,"height":90,"caption":"GAY BLOG BR"},"image":{"@id":"https:\/\/gay.blog.br\/es\/#\/schema\/logo\/image\/"},"sameAs":["https:\/\/facebook.com\/gayblogbr","https:\/\/x.com\/gayblogbr","https:\/\/instagram.com\/gayblogbr","https:\/\/www.linkedin.com\/company\/gayblogbr\/","https:\/\/br.pinterest.com\/gayblogbr\/","https:\/\/www.youtube.com\/channel\/UCdEu3JXLOB-wvWAVUF4AIiA","https:\/\/pt.wikipedia.org\/wiki\/Gay_Blog_Br","https:\/\/www.threads.net\/@gayblogbr"]},{"@type":"Person","@id":"https:\/\/gay.blog.br\/es\/#\/schema\/person\/ab4bce68ee54b8f4af5c174efe7472e5","name":"www.gay.blog.br","image":{"@type":"ImageObject","inLanguage":"es","@id":"https:\/\/secure.gravatar.com\/avatar\/a6fb6bf5c84cdaa375389c43448e2bb88db4600d8fc5be6c42a410789075740f?s=96&d=mm&r=g","url":"https:\/\/secure.gravatar.com\/avatar\/a6fb6bf5c84cdaa375389c43448e2bb88db4600d8fc5be6c42a410789075740f?s=96&d=mm&r=g","contentUrl":"https:\/\/secure.gravatar.com\/avatar\/a6fb6bf5c84cdaa375389c43448e2bb88db4600d8fc5be6c42a410789075740f?s=96&d=mm&r=g","caption":"www.gay.blog.br"},"description":"Receba as not\u00edcias pelo Telegram!","sameAs":["https:\/\/facebook.com\/gayblogbr","https:\/\/instagram.com\/gayblogbr","https:\/\/www.linkedin.com\/company\/gayblogbr\/","https:\/\/pinterest.com\/gayblogbr\/","https:\/\/x.com\/https:\/\/bsky.app\/profile\/gayblogbr.bsky.social","https:\/\/www.youtube.com\/@GAYBLOGBR","https:\/\/pt.wikipedia.org\/wiki\/Gay_Blog_Br"],"url":"https:\/\/gay.blog.br\/es\/author\/oaudaznavegante\/"}]}},"jetpack_publicize_connections":[],"jetpack_featured_media_url":"https:\/\/i0.wp.com\/gay.blog.br\/wp-content\/uploads\/2023\/12\/paul-bandeira-gay-blog-br-CAPA.jpg?fit=1080%2C668&ssl=1","jetpack_sharing_enabled":true,"jetpack_shortlink":"https:\/\/wp.me\/p6klkK-Scn","jetpack_likes_enabled":false,"amp_enabled":true,"_links":{"self":[{"href":"https:\/\/gay.blog.br\/es\/wp-json\/wp\/v2\/posts\/208343","targetHints":{"allow":["GET"]}}],"collection":[{"href":"https:\/\/gay.blog.br\/es\/wp-json\/wp\/v2\/posts"}],"about":[{"href":"https:\/\/gay.blog.br\/es\/wp-json\/wp\/v2\/types\/post"}],"author":[{"embeddable":true,"href":"https:\/\/gay.blog.br\/es\/wp-json\/wp\/v2\/users\/2"}],"replies":[{"embeddable":true,"href":"https:\/\/gay.blog.br\/es\/wp-json\/wp\/v2\/comments?post=208343"}],"version-history":[{"count":1,"href":"https:\/\/gay.blog.br\/es\/wp-json\/wp\/v2\/posts\/208343\/revisions"}],"predecessor-version":[{"id":208354,"href":"https:\/\/gay.blog.br\/es\/wp-json\/wp\/v2\/posts\/208343\/revisions\/208354"}],"wp:featuredmedia":[{"embeddable":true,"href":"https:\/\/gay.blog.br\/es\/wp-json\/wp\/v2\/media\/207179"}],"wp:attachment":[{"href":"https:\/\/gay.blog.br\/es\/wp-json\/wp\/v2\/media?parent=208343"}],"wp:term":[{"taxonomy":"category","embeddable":true,"href":"https:\/\/gay.blog.br\/es\/wp-json\/wp\/v2\/categories?post=208343"},{"taxonomy":"post_tag","embeddable":true,"href":"https:\/\/gay.blog.br\/es\/wp-json\/wp\/v2\/tags?post=208343"}],"curies":[{"name":"wp","href":"https:\/\/api.w.org\/{rel}","templated":true}]}}