{"id":209284,"date":"2023-12-11T12:07:52","date_gmt":"2023-12-11T15:07:52","guid":{"rendered":"https:\/\/gay.blog.br\/?p=209284"},"modified":"2023-12-23T12:33:30","modified_gmt":"2023-12-23T15:33:30","slug":"el-gobierno-federal-de-brasil-pone-en-marcha-un-programa-de-albergues-para-lgbtqia","status":"publish","type":"post","link":"https:\/\/gay.blog.br\/es\/noticias-es\/el-gobierno-federal-de-brasil-pone-en-marcha-un-programa-de-albergues-para-lgbtqia\/","title":{"rendered":"Brasil pone en marcha un programa de albergues para LGBTQIA+"},"content":{"rendered":"<p style=\"text-align: justify;\">El <a href=\"https:\/\/www.gov.br\/mdh\/pt-br\/assuntos\/noticias\/2023\/dezembro\/acolher-conheca-o-programa-do-mdhc-criado-para-fortalecer-e-implementar-casas-de-acolhimento-lgbtqia\"><strong>Ministerio de los Derechos Humanos y la Ciudadan\u00eda (MDHC)<\/strong><\/a> de <a href=\"http:\/\/gay.blog.br\/tag\/brasil\"><strong>Brasil<\/strong><\/a> anunci\u00f3 la creaci\u00f3n del <strong>\u00abPrograma Nacional de Fortalecimento de las Casas de Albergue LGBTQIA+\u00bb<\/strong>, tambi\u00e9n conocido como <strong>\u00abAcolher+\u00bb<\/strong>. Esta iniciativa pretende ofrecer apoyo y protecci\u00f3n a la comunidad LGBTQIA+ en situaciones de vulnerabilidad social.<\/p>\n<p style=\"text-align: justify;\">La pol\u00edtica p\u00fablica, que integra la <a href=\"https:\/\/www.gov.br\/mdh\/pt-br\/assuntos\/noticias\/2023\/dezembro\/mdhc-institui-estrategia-nacional-de-enfrentamento-a-violencia-contra-pessoas-lgbtqia\"><strong>Estrategia Nacional de Enfrentamiento a la Violencia contra Personas LGBTQIA+<\/strong><\/a>, fue duvulgada en el <a href=\"https:\/\/www.in.gov.br\/web\/dou\/-\/portaria-n-755-de-5-de-dezembro-de-2023-528564624\"><strong>Diario Oficial de la Uni\u00f3n<\/strong><\/a> en el \u00faltimo d\u00eda 07 de diciembre (Porter\u00eda n.\u00ba 755).<\/p>\n<figure id=\"attachment_207847\" aria-describedby=\"caption-attachment-207847\" style=\"width: 1053px\" class=\"wp-caption aligncenter\"><a href=\"https:\/\/scruff.app.link\/Gayblog_br_Press\"><img data-recalc-dims=\"1\" loading=\"lazy\" decoding=\"async\" class=\"size-full wp-image-207847\" src=\"https:\/\/i0.wp.com\/gay.blog.br\/wp-content\/uploads\/2023\/12\/silvio-e-lula-casas-CAPA.jpg?resize=696%2C379&#038;ssl=1\" alt=\"El ministro de Derechos Humanos, Silvio Almeida, junto al presidente Lula - Foto: Reproducci\u00f3n\/Gov.Br\" width=\"696\" height=\"379\" srcset=\"https:\/\/i0.wp.com\/gay.blog.br\/wp-content\/uploads\/2023\/12\/silvio-e-lula-casas-CAPA.jpg?w=1053&amp;ssl=1 1053w, https:\/\/i0.wp.com\/gay.blog.br\/wp-content\/uploads\/2023\/12\/silvio-e-lula-casas-CAPA.jpg?resize=300%2C164&amp;ssl=1 300w, https:\/\/i0.wp.com\/gay.blog.br\/wp-content\/uploads\/2023\/12\/silvio-e-lula-casas-CAPA.jpg?resize=1024%2C558&amp;ssl=1 1024w, https:\/\/i0.wp.com\/gay.blog.br\/wp-content\/uploads\/2023\/12\/silvio-e-lula-casas-CAPA.jpg?resize=150%2C82&amp;ssl=1 150w, https:\/\/i0.wp.com\/gay.blog.br\/wp-content\/uploads\/2023\/12\/silvio-e-lula-casas-CAPA.jpg?resize=768%2C419&amp;ssl=1 768w, https:\/\/i0.wp.com\/gay.blog.br\/wp-content\/uploads\/2023\/12\/silvio-e-lula-casas-CAPA.jpg?resize=696%2C379&amp;ssl=1 696w, https:\/\/i0.wp.com\/gay.blog.br\/wp-content\/uploads\/2023\/12\/silvio-e-lula-casas-CAPA.jpg?resize=770%2C420&amp;ssl=1 770w\" sizes=\"auto, (max-width: 696px) 100vw, 696px\" \/><\/a><figcaption id=\"caption-attachment-207847\" class=\"wp-caption-text\">El ministro de Derechos Humanos, Silvio Almeida, junto al presidente Lula &#8211; Foto: Reproducci\u00f3n\/Gov.Br<\/figcaption><\/figure>\n<p style=\"text-align: justify;\">El programa <strong>\u00abAcolher+\u00bb<\/strong> est\u00e1 dise\u00f1ado para reforzar y poner en marcha centros de acogida para personas LGBTQIA+ en riesgo o a punto de romper los lazos familiares debido a su identidad de g\u00e9nero, orientaci\u00f3n sexual o caracter\u00edsticas sexuales.<\/p>\n<p style=\"text-align: justify;\">Los albergues, a diferencia de las viviendas permanentes, est\u00e1n concebidos como espacios temporales de refugio para personas que se enfrentan a la violencia o corren el riesgo de perder de forma inminente los lazos con la comunidad debido a prejuicios y violaciones de los derechos fundamentales.<\/p>\n<p style=\"text-align: justify;\">Con una estructura de residencia compartida para estancias de media y larga duraci\u00f3n, las casas pueden funcionar tanto como refugios institucionales como albergues, ofreciendo condiciones de alojamiento, alimentaci\u00f3n e higiene.<\/p>\n<p style=\"text-align: justify;\">El programa pretende ayudar a personas de entre 18 y 65 a\u00f1os que han sido abandonadas por sus familias. Tambi\u00e9n dar\u00e1 prioridad a las poblaciones con \u00abmayor vulnerabilidad\u00bb debido a otros marcadores sociales, como la raza y la etnia, el territorio, la clase, el g\u00e9nero, la edad, la religiosidad o la discapacidad, entre otros.<\/p>\n<p style=\"text-align: justify;\">Las directrices de <strong>Acolher+<\/strong> incluyen la participaci\u00f3n social en la implementaci\u00f3n de la iniciativa, la vinculaci\u00f3n con las diferentes esferas de gobierno y la cooperaci\u00f3n internacional e interfederativa con estados, municipios y el Distrito Federal.<\/p>\n<p style=\"text-align: justify;\">Para aplicar eficazmente el programa, el <strong>MDHC<\/strong> tiene previsto publicar, en un plazo de 120 d\u00edas, los actos destinados a las instituciones p\u00fablicas y privadas interesadas en crear \u00bb Casas de Protecci\u00f3n para personas LGBTQIA+ \u00ab. Adem\u00e1s, se crear\u00e1 un <em>Comit\u00e9 de Evaluaci\u00f3n y Monitorizaci\u00f3n<\/em> para supervisar las acciones del programa.<\/p>\n<p style=\"text-align: justify;\">Para preguntas y m\u00e1s informaci\u00f3n: <a href=\"mailto:lgbtqia@mdh.gov.br\">lgbtqia@mdh.gov.br<\/a><\/p>\n<h3 style=\"text-align: center;\"><strong>LEA LA ORDENANZA COMPLETA:<\/strong><\/h3>\n<blockquote class=\"td_quote_box td_box_center\"><p><strong>BOLET\u00cdN OFICIAL DE LA UNI\u00d3N<\/strong><br \/>\nPublicado: 07\/12\/2023 | Edici\u00f3n: 232 | Secci\u00f3n: 1 | P\u00e1gina: 72<\/p>\n<p>\u00d3rgano: Ministerio de Derechos Humanos y Ciudadan\u00eda\/Oficina del Ministro<\/p>\n<p>PORTER\u00cdA N\u00ba 755, DE 5 DE DICIEMBRE DE 2023<\/p>\n<p>Establece el Programa Nacional de Fortalecimiento de Casas de Protecci\u00f3n LGBTQIA+ &#8211; Programa Acolher+.<\/p>\n<p>EL MINISTRO DE ESTADO DE DERECHOS HUMANOS Y CIUDADAN\u00cdA, en uso de las facultades que le confiere el art\u00edculo 87, p\u00e1rrafo \u00fanico, incisos II y IV, de la Constituci\u00f3n Federal de 1988, resuelve:<\/p>\n<p>Art. 1 Establecer el Programa Nacional de Fortalecimiento de Casas de Protecci\u00f3n LGBTQIA+ &#8211; Programa Acolher+.<\/p>\n<p>\u00a7 1\u00ba El Programa Nacional de Fortalecimiento de Casas de Protecci\u00f3n LGBTQIA+ tiene como objetivo proteger, promover y defender los derechos de las personas LGBTQIA+ en situaci\u00f3n de vulnerabilidad y\/o riesgo social, con v\u00ednculos familiares rotos o inminentes, con el fin de promover su plena ciudadan\u00eda..<\/p>\n<p>\u00a7 2\u00ba Este Programa Nacional forma parte de la Estrategia Nacional para Combatir la Violencia contra las Personas LGBTQIA+.<\/p>\n<p>CAP\u00cdTULO I<\/p>\n<p>OBJETIVOS PRINCIPIOS Y DIRECTRICES<\/p>\n<p>Art. 2\u00ba Los objetivos del Programa Nacional de Fortalecimiento de las Casas de Protecci\u00f3n LGBTQIA+ son:<\/p>\n<p>I &#8211; fortalecer y\/o poner en marcha casas de protecci\u00f3n para las personas LGBTQIA+ que han sufrido o est\u00e1n a punto de sufrir la ruptura de sus lazos familiares debido a su identidad de g\u00e9nero, orientaci\u00f3n sexual y\/o caracter\u00edsticas sexuales;<\/p>\n<p>II &#8211; ofrecer apoyo al funcionamiento de las casas de protecci\u00f3n en funcionamiento en la sociedad civil;<\/p>\n<p>III &#8211; promover el fortalecimiento institucional de las casas de protecci\u00f3n LGBTQIA+;<\/p>\n<p>IV &#8211; desarrollar y aplicar una metodolog\u00eda para proteger a las personas LGBTQIA+;<\/p>\n<p>V &#8211; proponer directrices para las Casas de Protecci\u00f3n LGBTQIA+;<\/p>\n<p>VI &#8211; promover el refuerzo y la georreferenciaci\u00f3n de las Casas de Protecci\u00f3n LGBTQIA+ p\u00fablicas y de la sociedad civil, con el establecimiento de protocolos de referencia y contrarreferencia; y<\/p>\n<p>VII &#8211; expandir el alcance de la pol\u00edtica de protecci\u00f3n a las personas LGBTQIA+ en todo el pa\u00eds.<\/p>\n<p>Art. 3\u00ba Los principios que gu\u00edan el Programa Acolher+ son los siguientes:<\/p>\n<p>I &#8211; el reconocimiento de la violencia y la discriminaci\u00f3n basadas en la identidad de g\u00e9nero, la orientaci\u00f3n sexual y\/o las caracter\u00edsticas sexuales como una violencia estructural e hist\u00f3rica en la sociedad brasile\u00f1a;<\/p>\n<p>II &#8211; el reconocimiento de que la violencia y la discriminaci\u00f3n cometidas por motivos de identidad de g\u00e9nero, orientaci\u00f3n sexual y\/o caracter\u00edsticas sexuales son incompatibles con el Estado democr\u00e1tico de Derecho, la democracia y los derechos humanos, y requieren el reconocimiento, la identificaci\u00f3n y la adecuada intervenci\u00f3n del Estado;<\/p>\n<p>III &#8211; reconocimiento de la diversidad humana &#8211; el reconocimiento de la singularidad de cada persona humana, incluida la identidad de g\u00e9nero, la orientaci\u00f3n sexual y\/o las caracter\u00edsticas sexuales, es un derecho fundamental para el pleno ejercicio de la ciudadan\u00eda;<\/p>\n<p>IV &#8211; igualdad y respeto de la diversidad &#8211; la promoci\u00f3n de la igualdad implica el respeto de la diversidad y la lucha contra las condiciones sociales de desigualdad basadas en la identidad de g\u00e9nero, la orientaci\u00f3n sexual y\/o las caracter\u00edsticas sexuales;<\/p>\n<p>V &#8211; equidad: la igualdad s\u00f3lo puede alcanzarse garantizando las mismas oportunidades a todas las personas, teniendo en cuenta las especificidades y las mayores vulnerabilidades a las que se enfrentan las personas LGBTQIA+;<\/p>\n<p>VI &#8211; laicizaci\u00f3n del Estado &#8211; la acci\u00f3n del Estado debe basarse en los derechos fundamentales establecidos en la Constituci\u00f3n Federal y aplicarse con independencia de los principios religiosos, garantizando que todas las personas reciban un trato digno;<\/p>\n<p>VII &#8211; justicia social &#8211; en lo que respecta a los destinatarios de las pol\u00edticas p\u00fablicas, debe darse prioridad a las personas en situaci\u00f3n de mayor vulnerabilidad social, habida cuenta de la interseccionalidad con los marcadores sociales de raza y etnia, territorio, clase, g\u00e9nero, edad, religiosidad, discapacidad y otros;<\/p>\n<p>VIII &#8211; fortalecimiento de la sociedad civil: en la aplicaci\u00f3n de las pol\u00edticas p\u00fablicas destinadas a los grupos vulnerables, la sociedad civil debe implicarse a trav\u00e9s de la participaci\u00f3n social y de pol\u00edticas que refuercen las iniciativas sociales para hacer frente a la vulnerabilidad; y<\/p>\n<p>IX &#8211; institucionalizaci\u00f3n de pol\u00edticas &#8211; los planes, proyectos y acciones desarrollados deben, siempre que sea posible, promover la institucionalizaci\u00f3n de pol\u00edticas p\u00fablicas dirigidas a las personas LGBTQIA+.<\/p>\n<p>Art. 4\u00ba Las directrices del Programa Acolher+ son las siguientes:<\/p>\n<p>I &#8211; fomentar la participaci\u00f3n de las personas LGBTQIA+ en la comunidad, con el fin de eliminar los obst\u00e1culos que impiden su pleno reconocimiento social y el ejercicio de la ciudadan\u00eda;<\/p>\n<p>II &#8211; la participaci\u00f3n social en la ejecuci\u00f3n, evaluaci\u00f3n y seguimiento de los planes, proyectos y acciones que integran este Programa;<\/p>\n<p>III &#8211; articulaci\u00f3n entre las diferentes esferas de gobierno y con la sociedad civil, para construir respuestas multisectoriales adecuadas para enfrentar las condiciones sociales de desigualdad basadas en la identidad de g\u00e9nero, orientaci\u00f3n sexual y\/o caracter\u00edsticas sexuales.<\/p>\n<p>IV &#8211; cooperaci\u00f3n interfederativa y expansi\u00f3n territorial &#8211; la implementaci\u00f3n de pol\u00edticas p\u00fablicas para las personas LGBTQIA+ debe buscar, en la medida de lo posible, la cooperaci\u00f3n con los Estados, Municipios, Distrito Federal y Territorios de las diferentes regiones del pa\u00eds; y<\/p>\n<p>V &#8211; cooperaci\u00f3n internacional &#8211; la aplicaci\u00f3n de pol\u00edticas p\u00fablicas para las personas LGBTQIA+ debe buscar, en la medida de lo posible, la cooperaci\u00f3n internacional y la construcci\u00f3n de una comunidad internacional que defienda los derechos, dando prioridad a la cooperaci\u00f3n Sur-Sur.<\/p>\n<p>CAP\u00cdTULO II<\/p>\n<p>DE LA PROTECCI\u00d3N Y DE LAS ACCIONES<\/p>\n<p>Art. 5\u00ba Este programa est\u00e1 dirigido a personas LGBTQIA+ de 18 (dieciocho) a 65 (sesenta y cinco) a\u00f1os con capacidad de autonom\u00eda de autocuidado y que se encuentren en situaci\u00f3n de vulnerabilidad y\/o riesgo social, por abandono y\/o ruptura de v\u00ednculos familiares y comunitarios, consolidados o inminentes.<\/p>\n<p>\u00a7 1\u00ba En la distribuci\u00f3n de cupos de recepci\u00f3n, se dar\u00e1 prioridad a las personas LGBTQIA+ con mayor vulnerabilidad debido a otros marcadores sociales, como raza y etnia, territorio, clase, g\u00e9nero, edad, religiosidad, discapacidad y otros.<\/p>\n<p>\u00a7 2\u00ba La instituci\u00f3n de este Programa no sustituye a las pol\u00edticas de asistencia social existentes, con las que establecer\u00e1 un di\u00e1logo, incluso a efectos de derivaci\u00f3n a la red y de inclusi\u00f3n en las pol\u00edticas a las que puedan optar los beneficiarios.<\/p>\n<p>Art. 6\u00ba En el \u00e1mbito de aplicaci\u00f3n de esta Ordenanza, se entiende por acogimiento familiar los servicios, programas y prestaciones relacionados con el acogimiento institucional temporal de personas LGTBIQIA+ en situaci\u00f3n de violencia y\/o ruptura de v\u00ednculos familiares, en situaci\u00f3n de vulnerabilidad y\/o riesgo social y que necesiten protecci\u00f3n a corto, medio o largo plazo en un entorno acogedor y seguro.<\/p>\n<p>Art. 7\u00ba A efectos de este Programa, se consideran Casas de Protecci\u00f3n LGBTQIA+ aquellas que cumplen los siguientes requisitos:<\/p>\n<p>I &#8211; protecci\u00f3n institucional a personas que est\u00e1n a punto de romper o han roto sus lazos familiares como consecuencia de la discriminaci\u00f3n por motivos de identidad de g\u00e9nero, orientaci\u00f3n sexual y\/o caracter\u00edsticas sexuales;<\/p>\n<p>II &#8211; un entorno acogedor y seguro, con la estructura de una residencia compartida a medio y largo plazo, que puede funcionar en forma de albergue institucional (casa) o de hostal, con condiciones de alojamiento, alimentaci\u00f3n e higiene;<\/p>\n<p>III &#8211; conformidad con los objetivos, principios y directrices de este Programa, as\u00ed como con la Estrategia Nacional de Lucha contra la Violencia hacia las Personas LGBTQIA+;<\/p>\n<p>IV &#8211; la posibilidad de recabar y poner a disposici\u00f3n del Ministerio de Derechos Humanos y Ciudadan\u00eda los datos de las personas beneficiarias de los servicios prestados por la C\u00e1mara, en cumplimiento de lo dispuesto en la Ley n\u00ba 13.709, de 14 de agosto de 2018 (Ley General de Protecci\u00f3n de Datos Personales &#8211; LGPD); y<\/p>\n<p>V &#8211; integraci\u00f3n y acci\u00f3n integrada con la red local de servicios p\u00fablicos;<\/p>\n<p>\u00a7 1\u00ba A las personas LGBTQIA+ no residentes tambi\u00e9n se les puede ofrecer comida y condiciones de vida en com\u00fan.<\/p>\n<p>\u00a7 2\u00ba Este programa se ocupa del alojamiento temporal y no debe confundirse con una pol\u00edtica de vivienda o residencia permanente.<\/p>\n<p>Art. 8\u00baEl Programa puede desarrollarse a trav\u00e9s de las siguientes acciones:<\/p>\n<p>I &#8211; Mapeamiento de las casas de protecci\u00f3n LGBTQIA+ en funcionamiento;<\/p>\n<p>II &#8211; desarrollo y evaluaci\u00f3n de metodolog\u00edas de cobertura social;<\/p>\n<p>III &#8211; apoyo de emergencia a las Casas de Protecci\u00f3n LGBTQIA+ de la sociedad civil;<\/p>\n<p>IV &#8211; impulsar la institucionalizaci\u00f3n de los centros de acogida LGBTQIA+, con vistas a la sostenibilidad de los servicios desarrollados por la sociedad civil;<\/p>\n<p>V &#8211; implementaci\u00f3n de Casas de Protecci\u00f3n LGBTQIA+ p\u00fablicas en colaboraci\u00f3n con los Estados, Municipios, Distrito Federal y Territorios en las diferentes regiones del pa\u00eds;<\/p>\n<p>VI &#8211; matriz y georreferenciaci\u00f3n de las Casas de Protecci\u00f3n LGBTQIA+, con el desarrollo de flujos y protocolos de servicios, remisiones y contrarremisiones entre servicios p\u00fablicos;<\/p>\n<p>VII &#8211; elaboraci\u00f3n de datos e informaci\u00f3n sobre la poblaci\u00f3n atendida en el territorio a partir de un an\u00e1lisis del contexto de violencia;<\/p>\n<p>VIII &#8211; sistematizaci\u00f3n y publicaci\u00f3n de datos sobre los servicios de guarder\u00eda prestados;<\/p>\n<p>IX &#8211; construcci\u00f3n del dise\u00f1o institucional m\u00ednimo que deben adoptar las instalaciones p\u00fablicas y privadas que deseen acogerse al Programa Acolher+;<\/p>\n<p>X &#8211; cria\u00e7\u00e3o de espa\u00e7os e oportunidades de troca de experi\u00eancias entre as Casas de Acolhimento LGBTQIA+ em funcionamento; e<\/p>\n<p>XI &#8211; visitas t\u00e9cnicas realizadas por el equipo de la Secretar\u00eda Nacional de los Derechos de las Personas LGBTQIA+ en los establecimientos apoyados, con fines de orientaci\u00f3n y supervisi\u00f3n de los trabajos.<\/p>\n<p>Art. 9\u00ba Las instituciones p\u00fablicas y privadas podr\u00e1n adherirse a este Programa para ser beneficiarias de las acciones de apoyo y promoci\u00f3n, siempre que se cumplan los objetivos, requisitos y procedimientos, que ser\u00e1n objeto de un acto que publicar\u00e1 la Secretar\u00eda Nacional de los Derechos de las Personas LGBTQIA+ en el plazo de 120 (ciento veinte) d\u00edas.<\/p>\n<p>CAP\u00cdTULO III<\/p>\n<p>DISPOSICIONES FINALES<\/p>\n<p>Art. 10. Para el acompa\u00f1amiento de los planes, proyectos y acciones creados en el \u00e1mbito del Programa Acolher+, ser\u00e1 creado un Comit\u00e9 de Evaluaci\u00f3n y Monitoramiento, cuyas atribuciones y composici\u00f3n ser\u00e1n definidas por acto de la Secretar\u00eda Nacional de los Derechos de las Personas LGBTQIA+, a ser publicado en el plazo de 120 (ciento veinte) d\u00edas.<\/p>\n<p>Art. 11. Pueden colaborar o participar en la ejecuci\u00f3n de los proyectos y acciones del Programa a trav\u00e9s de asociaciones o convenios establecidos con la Secretar\u00eda Nacional de los Derechos de las Personas LGBTQIA+:<\/p>\n<p>I &#8211; organismos y entidades p\u00fablicas federales, estatales, distritales y municipales;<\/p>\n<p>II &#8211; organismos internacionales;<\/p>\n<p>III &#8211; entidades empresariales;<\/p>\n<p>IV &#8211; entidades con personalidad jur\u00eddica de derecho privado constituidas en forma de servicio social aut\u00f3nomo; y<\/p>\n<p>V &#8211; otras organizaciones de la sociedad civil.<\/p>\n<p>Art. 12. La Secretar\u00eda Nacional para los Derechos de las Personas LGBTQIA+ es responsable de<\/p>\n<p>I &#8211; coordinar el Programa;<\/p>\n<p>II &#8211; llevar a cabo la gesti\u00f3n estrat\u00e9gica del Programa;<\/p>\n<p>III &#8211; dictar los actos normativos complementarios necesarios para la aplicaci\u00f3n del Programa;<\/p>\n<p>IV &#8211; ajustar y validar las metodolog\u00edas adoptadas en los proyectos piloto para su posterior ampliaci\u00f3n en el Programa; y<\/p>\n<p>V &#8211; articular y establecer acuerdos y alianzas con entidades p\u00fablicas y privadas para la colaboraci\u00f3n o participaci\u00f3n en la ejecuci\u00f3n del Programa.<\/p>\n<p>Art. 13. Para ser elegibles para recibir apoyo y financiaci\u00f3n de los planes, proyectos y acciones de este Programa, las Casas de Protecci\u00f3n LGBTQIA+ deben estar alineadas con los objetivos, principios y directrices establecidos en esta Ordenanza y en la Estrategia Nacional de Combate a la Violencia contra las Personas LGBTQIA+.<\/p>\n<p>Art. 14. Los costos del Programa Nacional de Fortalecimiento de las Casas de Protecci\u00f3n LGBTQIA+ correr\u00e1n por cuenta de los cr\u00e9ditos presupuestales asignados anualmente al Ministerio de Derechos Humanos y Ciudadan\u00eda, los cuales podr\u00e1n ser ejecutados de manera centralizada y\/o descentralizada, dependiendo de la forma en que se implementen los planes, proyectos y acciones a realizar.<\/p>\n<p>Art. 15. Esta Directiva entrar\u00e1 en vigor el d\u00eda de su publicaci\u00f3n.<\/p>\n<p>SILVIO LUIZ DE ALMEIDA<\/p><\/blockquote>\n<div id=\"gtx-trans\" style=\"position: absolute; left: 581px; top: 31.2344px;\">\n<div class=\"gtx-trans-icon\"><\/div>\n<\/div>\n","protected":false},"excerpt":{"rendered":"<p>La iniciativa pretende reforzar y crear casas de protecci\u00f3n en todo el Brasil<\/p>\n","protected":false},"author":2,"featured_media":207849,"comment_status":"open","ping_status":"open","sticky":false,"template":"","format":"standard","meta":{"googlesitekit_rrm_CAoiEBg-BXrJeACjO8p49SE4kTY:productID":"","tdm_status":"","tdm_grid_status":"","_jetpack_newsletter_access":"","_jetpack_dont_email_post_to_subs":false,"_jetpack_newsletter_tier_id":0,"_jetpack_memberships_contains_paywalled_content":false,"_jetpack_memberships_contains_paid_content":false,"footnotes":"","jetpack_publicize_message":"El gobierno federal de Brasil pone en marcha un programa de albergues para LGBTQIA","jetpack_publicize_feature_enabled":true,"jetpack_social_post_already_shared":true,"jetpack_social_options":{"image_generator_settings":{"template":"highway","default_image_id":0,"font":"","enabled":false},"version":2},"_wpas_customize_per_network":false,"jetpack_post_was_ever_published":false},"categories":[589932231,589932382],"tags":[589948354,589948345,589948357,589933492,589948356,589948351,589938231,589948343,589948360,589935738,589948348,589933479,589948349,589933697,589932721,589934754,589948352,589948353,589936831,589948362,589948344,589933417,589948346,589948347,589948361,589948350,589948359,589948358,589948355],"class_list":{"0":"post-209284","1":"post","2":"type-post","3":"status-publish","4":"format-standard","5":"has-post-thumbnail","7":"category-noticias-es","8":"category-proyectos-sociales","9":"tag-acolher-es","10":"tag-boletin-oficial","11":"tag-boletin-oficial-de-la-union","12":"tag-brasil-es","13":"tag-casas-es","14":"tag-clase","15":"tag-contacto","16":"tag-correo-electronico","17":"tag-deficiencia-es","18":"tag-edad","19":"tag-etnia-es","20":"tag-genero-es","21":"tag-gobierno-federal","22":"tag-lgbtq-es-2","23":"tag-lgbtqia-es","24":"tag-lula-es","25":"tag-mdhc-es","26":"tag-ministerio-de-derechos-humanos-y-ciudadania","27":"tag-pcd-es","28":"tag-politica-publica-es","29":"tag-proteccion-es","30":"tag-proteccion","31":"tag-raza-es","32":"tag-religiosidad","33":"tag-silvio-luiz-de-almeida-es","34":"tag-social-es","35":"tag-territorio-es","36":"tag-vivienda","37":"tag-vulnerabilidad-social"},"yoast_head":"<!-- This site is optimized with the Yoast SEO plugin v27.4 - https:\/\/yoast.com\/product\/yoast-seo-wordpress\/ -->\n<title>Brasil pone en marcha un programa de albergues para LGBTQIA+<\/title>\n<meta name=\"description\" content=\"La iniciativa pretende reforzar y crear casas de protecci\u00f3n en todo el Brasil\" \/>\n<meta name=\"robots\" content=\"index, follow, max-snippet:-1, max-image-preview:large, max-video-preview:-1\" \/>\n<link rel=\"canonical\" href=\"https:\/\/gay.blog.br\/es\/noticias-es\/el-gobierno-federal-de-brasil-pone-en-marcha-un-programa-de-albergues-para-lgbtqia\/\" \/>\n<meta property=\"og:locale\" content=\"es_ES\" \/>\n<meta property=\"og:type\" content=\"article\" \/>\n<meta property=\"og:title\" content=\"Brasil pone en marcha un programa de albergues para LGBTQIA+\" \/>\n<meta property=\"og:description\" content=\"La iniciativa pretende reforzar y crear casas de protecci\u00f3n en todo el Brasil\" \/>\n<meta property=\"og:url\" content=\"https:\/\/gay.blog.br\/es\/noticias-es\/el-gobierno-federal-de-brasil-pone-en-marcha-un-programa-de-albergues-para-lgbtqia\/\" \/>\n<meta property=\"og:site_name\" content=\"GAY BLOG BR @gayblogbr\" \/>\n<meta property=\"article:publisher\" content=\"https:\/\/facebook.com\/gayblogbr\" \/>\n<meta property=\"article:author\" content=\"https:\/\/facebook.com\/gayblogbr\" \/>\n<meta property=\"article:published_time\" content=\"2023-12-11T15:07:52+00:00\" \/>\n<meta property=\"article:modified_time\" content=\"2023-12-23T15:33:30+00:00\" \/>\n<meta property=\"og:image\" content=\"https:\/\/gay.blog.br\/wp-content\/uploads\/2023\/12\/silvio-e-lula-casas-CAPA.jpg\" \/>\n\t<meta property=\"og:image:width\" content=\"1053\" \/>\n\t<meta property=\"og:image:height\" content=\"574\" \/>\n\t<meta property=\"og:image:type\" content=\"image\/jpeg\" \/>\n<meta name=\"author\" content=\"www.gay.blog.br\" \/>\n<meta name=\"twitter:card\" content=\"summary_large_image\" \/>\n<meta name=\"twitter:creator\" content=\"@https:\/\/bsky.app\/profile\/gayblogbr.bsky.social\" \/>\n<meta name=\"twitter:site\" content=\"@gayblogbr\" \/>\n<meta name=\"twitter:label1\" content=\"Escrito por\" \/>\n\t<meta name=\"twitter:data1\" content=\"www.gay.blog.br\" \/>\n\t<meta name=\"twitter:label2\" content=\"Tiempo de lectura\" \/>\n\t<meta name=\"twitter:data2\" content=\"3 minutos\" \/>\n<script type=\"application\/ld+json\" class=\"yoast-schema-graph\">{\"@context\":\"https:\\\/\\\/schema.org\",\"@graph\":[{\"@type\":\"Article\",\"@id\":\"https:\\\/\\\/gay.blog.br\\\/es\\\/noticias-es\\\/el-gobierno-federal-de-brasil-pone-en-marcha-un-programa-de-albergues-para-lgbtqia\\\/#article\",\"isPartOf\":{\"@id\":\"https:\\\/\\\/gay.blog.br\\\/es\\\/noticias-es\\\/el-gobierno-federal-de-brasil-pone-en-marcha-un-programa-de-albergues-para-lgbtqia\\\/\"},\"author\":{\"name\":\"www.gay.blog.br\",\"@id\":\"https:\\\/\\\/gay.blog.br\\\/es\\\/#\\\/schema\\\/person\\\/ab4bce68ee54b8f4af5c174efe7472e5\"},\"headline\":\"Brasil pone en marcha un programa de albergues para LGBTQIA+\",\"datePublished\":\"2023-12-11T15:07:52+00:00\",\"dateModified\":\"2023-12-23T15:33:30+00:00\",\"mainEntityOfPage\":{\"@id\":\"https:\\\/\\\/gay.blog.br\\\/es\\\/noticias-es\\\/el-gobierno-federal-de-brasil-pone-en-marcha-un-programa-de-albergues-para-lgbtqia\\\/\"},\"wordCount\":2518,\"commentCount\":0,\"publisher\":{\"@id\":\"https:\\\/\\\/gay.blog.br\\\/es\\\/#organization\"},\"image\":{\"@id\":\"https:\\\/\\\/gay.blog.br\\\/es\\\/noticias-es\\\/el-gobierno-federal-de-brasil-pone-en-marcha-un-programa-de-albergues-para-lgbtqia\\\/#primaryimage\"},\"thumbnailUrl\":\"https:\\\/\\\/i0.wp.com\\\/gay.blog.br\\\/wp-content\\\/uploads\\\/2023\\\/12\\\/silvio-e-lula-casas-CAPA.jpg?fit=1053%2C574&ssl=1\",\"keywords\":[\"Acolher+\",\"bolet\u00edn oficial\",\"Bolet\u00edn Oficial de la Uni\u00f3n\",\"brasil\",\"casas\",\"clase\",\"contacto\",\"correo electr\u00f3nico\",\"deficiencia\",\"edad\",\"etnia\",\"g\u00e9nero\",\"Gobierno Federal\",\"lgbtq\",\"LGBTQIA\",\"lula\",\"MDHC\",\"Ministerio de Derechos Humanos y Ciudadan\u00eda\",\"pcd\",\"pol\u00edtica p\u00fablica\",\"protecci\u00f3n\",\"Protecci\u00f3n\",\"raza\",\"religiosidad\",\"Silvio Luiz de Almeida\",\"social\",\"territorio\",\"vivienda\",\"vulnerabilidad social\"],\"articleSection\":[\"NOT\u00cdCIAS\",\"PROYECTOS SOCIALES\"],\"inLanguage\":\"es\",\"potentialAction\":[{\"@type\":\"CommentAction\",\"name\":\"Comment\",\"target\":[\"https:\\\/\\\/gay.blog.br\\\/es\\\/noticias-es\\\/el-gobierno-federal-de-brasil-pone-en-marcha-un-programa-de-albergues-para-lgbtqia\\\/#respond\"]}]},{\"@type\":\"WebPage\",\"@id\":\"https:\\\/\\\/gay.blog.br\\\/es\\\/noticias-es\\\/el-gobierno-federal-de-brasil-pone-en-marcha-un-programa-de-albergues-para-lgbtqia\\\/\",\"url\":\"https:\\\/\\\/gay.blog.br\\\/es\\\/noticias-es\\\/el-gobierno-federal-de-brasil-pone-en-marcha-un-programa-de-albergues-para-lgbtqia\\\/\",\"name\":\"Brasil pone en marcha un programa de albergues para LGBTQIA+\",\"isPartOf\":{\"@id\":\"https:\\\/\\\/gay.blog.br\\\/es\\\/#website\"},\"primaryImageOfPage\":{\"@id\":\"https:\\\/\\\/gay.blog.br\\\/es\\\/noticias-es\\\/el-gobierno-federal-de-brasil-pone-en-marcha-un-programa-de-albergues-para-lgbtqia\\\/#primaryimage\"},\"image\":{\"@id\":\"https:\\\/\\\/gay.blog.br\\\/es\\\/noticias-es\\\/el-gobierno-federal-de-brasil-pone-en-marcha-un-programa-de-albergues-para-lgbtqia\\\/#primaryimage\"},\"thumbnailUrl\":\"https:\\\/\\\/i0.wp.com\\\/gay.blog.br\\\/wp-content\\\/uploads\\\/2023\\\/12\\\/silvio-e-lula-casas-CAPA.jpg?fit=1053%2C574&ssl=1\",\"datePublished\":\"2023-12-11T15:07:52+00:00\",\"dateModified\":\"2023-12-23T15:33:30+00:00\",\"description\":\"La iniciativa pretende reforzar y crear casas de protecci\u00f3n en todo el Brasil\",\"breadcrumb\":{\"@id\":\"https:\\\/\\\/gay.blog.br\\\/es\\\/noticias-es\\\/el-gobierno-federal-de-brasil-pone-en-marcha-un-programa-de-albergues-para-lgbtqia\\\/#breadcrumb\"},\"inLanguage\":\"es\",\"potentialAction\":[{\"@type\":\"ReadAction\",\"target\":[\"https:\\\/\\\/gay.blog.br\\\/es\\\/noticias-es\\\/el-gobierno-federal-de-brasil-pone-en-marcha-un-programa-de-albergues-para-lgbtqia\\\/\"]}]},{\"@type\":\"ImageObject\",\"inLanguage\":\"es\",\"@id\":\"https:\\\/\\\/gay.blog.br\\\/es\\\/noticias-es\\\/el-gobierno-federal-de-brasil-pone-en-marcha-un-programa-de-albergues-para-lgbtqia\\\/#primaryimage\",\"url\":\"https:\\\/\\\/i0.wp.com\\\/gay.blog.br\\\/wp-content\\\/uploads\\\/2023\\\/12\\\/silvio-e-lula-casas-CAPA.jpg?fit=1053%2C574&ssl=1\",\"contentUrl\":\"https:\\\/\\\/i0.wp.com\\\/gay.blog.br\\\/wp-content\\\/uploads\\\/2023\\\/12\\\/silvio-e-lula-casas-CAPA.jpg?fit=1053%2C574&ssl=1\",\"width\":1053,\"height\":574,\"caption\":\"Ministro dos Direitos Humanos, Silvio Almeida, ao lado do presidente Lula - Foto: Reprodu\u00e7\u00e3o\\\/Gov.Br\"},{\"@type\":\"BreadcrumbList\",\"@id\":\"https:\\\/\\\/gay.blog.br\\\/es\\\/noticias-es\\\/el-gobierno-federal-de-brasil-pone-en-marcha-un-programa-de-albergues-para-lgbtqia\\\/#breadcrumb\",\"itemListElement\":[{\"@type\":\"ListItem\",\"position\":1,\"name\":\"In\u00edcio\",\"item\":\"https:\\\/\\\/gay.blog.br\\\/es\\\/\"},{\"@type\":\"ListItem\",\"position\":2,\"name\":\"Brasil pone en marcha un programa de albergues para LGBTQIA+\"}]},{\"@type\":\"WebSite\",\"@id\":\"https:\\\/\\\/gay.blog.br\\\/es\\\/#website\",\"url\":\"https:\\\/\\\/gay.blog.br\\\/es\\\/\",\"name\":\"GAY BLOG BR @gayblogbr\",\"description\":\"Not\u00edcias que empoderam e\\\/ou entret\u00eam s\u00e3o especialidades da casa\",\"publisher\":{\"@id\":\"https:\\\/\\\/gay.blog.br\\\/es\\\/#organization\"},\"potentialAction\":[{\"@type\":\"SearchAction\",\"target\":{\"@type\":\"EntryPoint\",\"urlTemplate\":\"https:\\\/\\\/gay.blog.br\\\/es\\\/?s={search_term_string}\"},\"query-input\":{\"@type\":\"PropertyValueSpecification\",\"valueRequired\":true,\"valueName\":\"search_term_string\"}}],\"inLanguage\":\"es\"},{\"@type\":\"Organization\",\"@id\":\"https:\\\/\\\/gay.blog.br\\\/es\\\/#organization\",\"name\":\"GAY BLOG BR\",\"url\":\"https:\\\/\\\/gay.blog.br\\\/es\\\/\",\"logo\":{\"@type\":\"ImageObject\",\"inLanguage\":\"es\",\"@id\":\"https:\\\/\\\/gay.blog.br\\\/es\\\/#\\\/schema\\\/logo\\\/image\\\/\",\"url\":\"https:\\\/\\\/i0.wp.com\\\/gay.blog.br\\\/wp-content\\\/uploads\\\/2023\\\/08\\\/gay180px.png?fit=272%2C90&ssl=1\",\"contentUrl\":\"https:\\\/\\\/i0.wp.com\\\/gay.blog.br\\\/wp-content\\\/uploads\\\/2023\\\/08\\\/gay180px.png?fit=272%2C90&ssl=1\",\"width\":272,\"height\":90,\"caption\":\"GAY BLOG BR\"},\"image\":{\"@id\":\"https:\\\/\\\/gay.blog.br\\\/es\\\/#\\\/schema\\\/logo\\\/image\\\/\"},\"sameAs\":[\"https:\\\/\\\/facebook.com\\\/gayblogbr\",\"https:\\\/\\\/x.com\\\/gayblogbr\",\"https:\\\/\\\/instagram.com\\\/gayblogbr\",\"https:\\\/\\\/www.linkedin.com\\\/company\\\/gayblogbr\\\/\",\"https:\\\/\\\/br.pinterest.com\\\/gayblogbr\\\/\",\"https:\\\/\\\/www.youtube.com\\\/channel\\\/UCdEu3JXLOB-wvWAVUF4AIiA\",\"https:\\\/\\\/pt.wikipedia.org\\\/wiki\\\/Gay_Blog_Br\",\"https:\\\/\\\/www.threads.net\\\/@gayblogbr\"]},{\"@type\":\"Person\",\"@id\":\"https:\\\/\\\/gay.blog.br\\\/es\\\/#\\\/schema\\\/person\\\/ab4bce68ee54b8f4af5c174efe7472e5\",\"name\":\"www.gay.blog.br\",\"image\":{\"@type\":\"ImageObject\",\"inLanguage\":\"es\",\"@id\":\"https:\\\/\\\/secure.gravatar.com\\\/avatar\\\/a6fb6bf5c84cdaa375389c43448e2bb88db4600d8fc5be6c42a410789075740f?s=96&d=mm&r=g\",\"url\":\"https:\\\/\\\/secure.gravatar.com\\\/avatar\\\/a6fb6bf5c84cdaa375389c43448e2bb88db4600d8fc5be6c42a410789075740f?s=96&d=mm&r=g\",\"contentUrl\":\"https:\\\/\\\/secure.gravatar.com\\\/avatar\\\/a6fb6bf5c84cdaa375389c43448e2bb88db4600d8fc5be6c42a410789075740f?s=96&d=mm&r=g\",\"caption\":\"www.gay.blog.br\"},\"description\":\"Receba as not\u00edcias pelo Telegram!\",\"sameAs\":[\"https:\\\/\\\/facebook.com\\\/gayblogbr\",\"https:\\\/\\\/instagram.com\\\/gayblogbr\",\"https:\\\/\\\/www.linkedin.com\\\/company\\\/gayblogbr\\\/\",\"https:\\\/\\\/pinterest.com\\\/gayblogbr\\\/\",\"https:\\\/\\\/x.com\\\/https:\\\/\\\/bsky.app\\\/profile\\\/gayblogbr.bsky.social\",\"https:\\\/\\\/www.youtube.com\\\/@GAYBLOGBR\",\"https:\\\/\\\/pt.wikipedia.org\\\/wiki\\\/Gay_Blog_Br\"],\"url\":\"https:\\\/\\\/gay.blog.br\\\/es\\\/author\\\/oaudaznavegante\\\/\"}]}<\/script>\n<!-- \/ Yoast SEO plugin. -->","yoast_head_json":{"title":"Brasil pone en marcha un programa de albergues para LGBTQIA+","description":"La iniciativa pretende reforzar y crear casas de protecci\u00f3n en todo el Brasil","robots":{"index":"index","follow":"follow","max-snippet":"max-snippet:-1","max-image-preview":"max-image-preview:large","max-video-preview":"max-video-preview:-1"},"canonical":"https:\/\/gay.blog.br\/es\/noticias-es\/el-gobierno-federal-de-brasil-pone-en-marcha-un-programa-de-albergues-para-lgbtqia\/","og_locale":"es_ES","og_type":"article","og_title":"Brasil pone en marcha un programa de albergues para LGBTQIA+","og_description":"La iniciativa pretende reforzar y crear casas de protecci\u00f3n en todo el Brasil","og_url":"https:\/\/gay.blog.br\/es\/noticias-es\/el-gobierno-federal-de-brasil-pone-en-marcha-un-programa-de-albergues-para-lgbtqia\/","og_site_name":"GAY BLOG BR @gayblogbr","article_publisher":"https:\/\/facebook.com\/gayblogbr","article_author":"https:\/\/facebook.com\/gayblogbr","article_published_time":"2023-12-11T15:07:52+00:00","article_modified_time":"2023-12-23T15:33:30+00:00","og_image":[{"width":1053,"height":574,"url":"https:\/\/gay.blog.br\/wp-content\/uploads\/2023\/12\/silvio-e-lula-casas-CAPA.jpg","type":"image\/jpeg"}],"author":"www.gay.blog.br","twitter_card":"summary_large_image","twitter_creator":"@https:\/\/bsky.app\/profile\/gayblogbr.bsky.social","twitter_site":"@gayblogbr","twitter_misc":{"Escrito por":"www.gay.blog.br","Tiempo de lectura":"3 minutos"},"schema":{"@context":"https:\/\/schema.org","@graph":[{"@type":"Article","@id":"https:\/\/gay.blog.br\/es\/noticias-es\/el-gobierno-federal-de-brasil-pone-en-marcha-un-programa-de-albergues-para-lgbtqia\/#article","isPartOf":{"@id":"https:\/\/gay.blog.br\/es\/noticias-es\/el-gobierno-federal-de-brasil-pone-en-marcha-un-programa-de-albergues-para-lgbtqia\/"},"author":{"name":"www.gay.blog.br","@id":"https:\/\/gay.blog.br\/es\/#\/schema\/person\/ab4bce68ee54b8f4af5c174efe7472e5"},"headline":"Brasil pone en marcha un programa de albergues para LGBTQIA+","datePublished":"2023-12-11T15:07:52+00:00","dateModified":"2023-12-23T15:33:30+00:00","mainEntityOfPage":{"@id":"https:\/\/gay.blog.br\/es\/noticias-es\/el-gobierno-federal-de-brasil-pone-en-marcha-un-programa-de-albergues-para-lgbtqia\/"},"wordCount":2518,"commentCount":0,"publisher":{"@id":"https:\/\/gay.blog.br\/es\/#organization"},"image":{"@id":"https:\/\/gay.blog.br\/es\/noticias-es\/el-gobierno-federal-de-brasil-pone-en-marcha-un-programa-de-albergues-para-lgbtqia\/#primaryimage"},"thumbnailUrl":"https:\/\/i0.wp.com\/gay.blog.br\/wp-content\/uploads\/2023\/12\/silvio-e-lula-casas-CAPA.jpg?fit=1053%2C574&ssl=1","keywords":["Acolher+","bolet\u00edn oficial","Bolet\u00edn Oficial de la Uni\u00f3n","brasil","casas","clase","contacto","correo electr\u00f3nico","deficiencia","edad","etnia","g\u00e9nero","Gobierno Federal","lgbtq","LGBTQIA","lula","MDHC","Ministerio de Derechos Humanos y Ciudadan\u00eda","pcd","pol\u00edtica p\u00fablica","protecci\u00f3n","Protecci\u00f3n","raza","religiosidad","Silvio Luiz de Almeida","social","territorio","vivienda","vulnerabilidad social"],"articleSection":["NOT\u00cdCIAS","PROYECTOS SOCIALES"],"inLanguage":"es","potentialAction":[{"@type":"CommentAction","name":"Comment","target":["https:\/\/gay.blog.br\/es\/noticias-es\/el-gobierno-federal-de-brasil-pone-en-marcha-un-programa-de-albergues-para-lgbtqia\/#respond"]}]},{"@type":"WebPage","@id":"https:\/\/gay.blog.br\/es\/noticias-es\/el-gobierno-federal-de-brasil-pone-en-marcha-un-programa-de-albergues-para-lgbtqia\/","url":"https:\/\/gay.blog.br\/es\/noticias-es\/el-gobierno-federal-de-brasil-pone-en-marcha-un-programa-de-albergues-para-lgbtqia\/","name":"Brasil pone en marcha un programa de albergues para LGBTQIA+","isPartOf":{"@id":"https:\/\/gay.blog.br\/es\/#website"},"primaryImageOfPage":{"@id":"https:\/\/gay.blog.br\/es\/noticias-es\/el-gobierno-federal-de-brasil-pone-en-marcha-un-programa-de-albergues-para-lgbtqia\/#primaryimage"},"image":{"@id":"https:\/\/gay.blog.br\/es\/noticias-es\/el-gobierno-federal-de-brasil-pone-en-marcha-un-programa-de-albergues-para-lgbtqia\/#primaryimage"},"thumbnailUrl":"https:\/\/i0.wp.com\/gay.blog.br\/wp-content\/uploads\/2023\/12\/silvio-e-lula-casas-CAPA.jpg?fit=1053%2C574&ssl=1","datePublished":"2023-12-11T15:07:52+00:00","dateModified":"2023-12-23T15:33:30+00:00","description":"La iniciativa pretende reforzar y crear casas de protecci\u00f3n en todo el Brasil","breadcrumb":{"@id":"https:\/\/gay.blog.br\/es\/noticias-es\/el-gobierno-federal-de-brasil-pone-en-marcha-un-programa-de-albergues-para-lgbtqia\/#breadcrumb"},"inLanguage":"es","potentialAction":[{"@type":"ReadAction","target":["https:\/\/gay.blog.br\/es\/noticias-es\/el-gobierno-federal-de-brasil-pone-en-marcha-un-programa-de-albergues-para-lgbtqia\/"]}]},{"@type":"ImageObject","inLanguage":"es","@id":"https:\/\/gay.blog.br\/es\/noticias-es\/el-gobierno-federal-de-brasil-pone-en-marcha-un-programa-de-albergues-para-lgbtqia\/#primaryimage","url":"https:\/\/i0.wp.com\/gay.blog.br\/wp-content\/uploads\/2023\/12\/silvio-e-lula-casas-CAPA.jpg?fit=1053%2C574&ssl=1","contentUrl":"https:\/\/i0.wp.com\/gay.blog.br\/wp-content\/uploads\/2023\/12\/silvio-e-lula-casas-CAPA.jpg?fit=1053%2C574&ssl=1","width":1053,"height":574,"caption":"Ministro dos Direitos Humanos, Silvio Almeida, ao lado do presidente Lula - Foto: Reprodu\u00e7\u00e3o\/Gov.Br"},{"@type":"BreadcrumbList","@id":"https:\/\/gay.blog.br\/es\/noticias-es\/el-gobierno-federal-de-brasil-pone-en-marcha-un-programa-de-albergues-para-lgbtqia\/#breadcrumb","itemListElement":[{"@type":"ListItem","position":1,"name":"In\u00edcio","item":"https:\/\/gay.blog.br\/es\/"},{"@type":"ListItem","position":2,"name":"Brasil pone en marcha un programa de albergues para LGBTQIA+"}]},{"@type":"WebSite","@id":"https:\/\/gay.blog.br\/es\/#website","url":"https:\/\/gay.blog.br\/es\/","name":"GAY BLOG BR @gayblogbr","description":"Not\u00edcias que empoderam e\/ou entret\u00eam s\u00e3o especialidades da casa","publisher":{"@id":"https:\/\/gay.blog.br\/es\/#organization"},"potentialAction":[{"@type":"SearchAction","target":{"@type":"EntryPoint","urlTemplate":"https:\/\/gay.blog.br\/es\/?s={search_term_string}"},"query-input":{"@type":"PropertyValueSpecification","valueRequired":true,"valueName":"search_term_string"}}],"inLanguage":"es"},{"@type":"Organization","@id":"https:\/\/gay.blog.br\/es\/#organization","name":"GAY BLOG BR","url":"https:\/\/gay.blog.br\/es\/","logo":{"@type":"ImageObject","inLanguage":"es","@id":"https:\/\/gay.blog.br\/es\/#\/schema\/logo\/image\/","url":"https:\/\/i0.wp.com\/gay.blog.br\/wp-content\/uploads\/2023\/08\/gay180px.png?fit=272%2C90&ssl=1","contentUrl":"https:\/\/i0.wp.com\/gay.blog.br\/wp-content\/uploads\/2023\/08\/gay180px.png?fit=272%2C90&ssl=1","width":272,"height":90,"caption":"GAY BLOG BR"},"image":{"@id":"https:\/\/gay.blog.br\/es\/#\/schema\/logo\/image\/"},"sameAs":["https:\/\/facebook.com\/gayblogbr","https:\/\/x.com\/gayblogbr","https:\/\/instagram.com\/gayblogbr","https:\/\/www.linkedin.com\/company\/gayblogbr\/","https:\/\/br.pinterest.com\/gayblogbr\/","https:\/\/www.youtube.com\/channel\/UCdEu3JXLOB-wvWAVUF4AIiA","https:\/\/pt.wikipedia.org\/wiki\/Gay_Blog_Br","https:\/\/www.threads.net\/@gayblogbr"]},{"@type":"Person","@id":"https:\/\/gay.blog.br\/es\/#\/schema\/person\/ab4bce68ee54b8f4af5c174efe7472e5","name":"www.gay.blog.br","image":{"@type":"ImageObject","inLanguage":"es","@id":"https:\/\/secure.gravatar.com\/avatar\/a6fb6bf5c84cdaa375389c43448e2bb88db4600d8fc5be6c42a410789075740f?s=96&d=mm&r=g","url":"https:\/\/secure.gravatar.com\/avatar\/a6fb6bf5c84cdaa375389c43448e2bb88db4600d8fc5be6c42a410789075740f?s=96&d=mm&r=g","contentUrl":"https:\/\/secure.gravatar.com\/avatar\/a6fb6bf5c84cdaa375389c43448e2bb88db4600d8fc5be6c42a410789075740f?s=96&d=mm&r=g","caption":"www.gay.blog.br"},"description":"Receba as not\u00edcias pelo Telegram!","sameAs":["https:\/\/facebook.com\/gayblogbr","https:\/\/instagram.com\/gayblogbr","https:\/\/www.linkedin.com\/company\/gayblogbr\/","https:\/\/pinterest.com\/gayblogbr\/","https:\/\/x.com\/https:\/\/bsky.app\/profile\/gayblogbr.bsky.social","https:\/\/www.youtube.com\/@GAYBLOGBR","https:\/\/pt.wikipedia.org\/wiki\/Gay_Blog_Br"],"url":"https:\/\/gay.blog.br\/es\/author\/oaudaznavegante\/"}]}},"jetpack_publicize_connections":[],"jetpack_featured_media_url":"https:\/\/i0.wp.com\/gay.blog.br\/wp-content\/uploads\/2023\/12\/silvio-e-lula-casas-CAPA.jpg?fit=1053%2C574&ssl=1","jetpack_sharing_enabled":true,"jetpack_shortlink":"https:\/\/wp.me\/p6klkK-Sry","jetpack_likes_enabled":false,"amp_enabled":true,"_links":{"self":[{"href":"https:\/\/gay.blog.br\/es\/wp-json\/wp\/v2\/posts\/209284","targetHints":{"allow":["GET"]}}],"collection":[{"href":"https:\/\/gay.blog.br\/es\/wp-json\/wp\/v2\/posts"}],"about":[{"href":"https:\/\/gay.blog.br\/es\/wp-json\/wp\/v2\/types\/post"}],"author":[{"embeddable":true,"href":"https:\/\/gay.blog.br\/es\/wp-json\/wp\/v2\/users\/2"}],"replies":[{"embeddable":true,"href":"https:\/\/gay.blog.br\/es\/wp-json\/wp\/v2\/comments?post=209284"}],"version-history":[{"count":3,"href":"https:\/\/gay.blog.br\/es\/wp-json\/wp\/v2\/posts\/209284\/revisions"}],"predecessor-version":[{"id":209294,"href":"https:\/\/gay.blog.br\/es\/wp-json\/wp\/v2\/posts\/209284\/revisions\/209294"}],"wp:featuredmedia":[{"embeddable":true,"href":"https:\/\/gay.blog.br\/es\/wp-json\/wp\/v2\/media\/207849"}],"wp:attachment":[{"href":"https:\/\/gay.blog.br\/es\/wp-json\/wp\/v2\/media?parent=209284"}],"wp:term":[{"taxonomy":"category","embeddable":true,"href":"https:\/\/gay.blog.br\/es\/wp-json\/wp\/v2\/categories?post=209284"},{"taxonomy":"post_tag","embeddable":true,"href":"https:\/\/gay.blog.br\/es\/wp-json\/wp\/v2\/tags?post=209284"}],"curies":[{"name":"wp","href":"https:\/\/api.w.org\/{rel}","templated":true}]}}