{"id":213791,"date":"2024-03-20T09:37:03","date_gmt":"2024-03-20T12:37:03","guid":{"rendered":"https:\/\/gay.blog.br\/?p=213791"},"modified":"2024-03-24T11:31:11","modified_gmt":"2024-03-24T14:31:11","slug":"el-papa-francisco-recibe-la-visita-de-una-monja-que-defiende-el-matrimonio-homosexual","status":"publish","type":"post","link":"https:\/\/gay.blog.br\/es\/noticias-es\/el-papa-francisco-recibe-la-visita-de-una-monja-que-defiende-el-matrimonio-homosexual\/","title":{"rendered":"El Papa Francisco recibe la visita de una monja que defiende el matrimonio homosexual"},"content":{"rendered":"<p style=\"text-align: justify;\">El <a href=\"https:\/\/gay.blog.br\/tag\/papa-francisco\/\">Papa Francisco<\/a> recibi\u00f3 en audiencia especial la semana pasada a la monja <strong>Luc\u00eda Caram<\/strong> y a miembros del equipo del sitio web espa\u00f1ol Religi\u00f3n Digital, conocido por sus publicaciones que cuestionan la doctrina cat\u00f3lica.<\/p>\n<p style=\"text-align: justify;\">Aunque la Oficina de Prensa de la Santa Sede no facilit\u00f3 informaci\u00f3n oficial sobre el encuentro, Religi\u00f3n Digital inform\u00f3 de que entregaron al Papa Francisco un regalo para conmemorar sus 11 a\u00f1os como Papa, destacando la campa\u00f1a RDconelPapa, que recibi\u00f3 decenas de miles de apoyos de todo el mundo.<\/p>\n<figure id=\"attachment_213548\" aria-describedby=\"caption-attachment-213548\" style=\"width: 2048px\" class=\"wp-caption aligncenter\"><a href=\"https:\/\/scruff.app.link\/Gayblog_br_Press\"><img data-recalc-dims=\"1\" loading=\"lazy\" decoding=\"async\" class=\"size-full wp-image-213548\" src=\"https:\/\/i0.wp.com\/gay.blog.br\/wp-content\/uploads\/2024\/03\/freiragay-1.jpeg?resize=696%2C522&#038;ssl=1\" alt=\"La monja Luc\u00eda visita al Papa (Imagen: Twitter)\" width=\"696\" height=\"522\" srcset=\"https:\/\/i0.wp.com\/gay.blog.br\/wp-content\/uploads\/2024\/03\/freiragay-1.jpeg?w=2048&amp;ssl=1 2048w, https:\/\/i0.wp.com\/gay.blog.br\/wp-content\/uploads\/2024\/03\/freiragay-1.jpeg?resize=300%2C225&amp;ssl=1 300w, https:\/\/i0.wp.com\/gay.blog.br\/wp-content\/uploads\/2024\/03\/freiragay-1.jpeg?resize=1024%2C768&amp;ssl=1 1024w, https:\/\/i0.wp.com\/gay.blog.br\/wp-content\/uploads\/2024\/03\/freiragay-1.jpeg?resize=150%2C113&amp;ssl=1 150w, https:\/\/i0.wp.com\/gay.blog.br\/wp-content\/uploads\/2024\/03\/freiragay-1.jpeg?resize=768%2C576&amp;ssl=1 768w, https:\/\/i0.wp.com\/gay.blog.br\/wp-content\/uploads\/2024\/03\/freiragay-1.jpeg?resize=1536%2C1152&amp;ssl=1 1536w, https:\/\/i0.wp.com\/gay.blog.br\/wp-content\/uploads\/2024\/03\/freiragay-1.jpeg?resize=560%2C420&amp;ssl=1 560w, https:\/\/i0.wp.com\/gay.blog.br\/wp-content\/uploads\/2024\/03\/freiragay-1.jpeg?resize=1120%2C840&amp;ssl=1 1120w, https:\/\/i0.wp.com\/gay.blog.br\/wp-content\/uploads\/2024\/03\/freiragay-1.jpeg?resize=80%2C60&amp;ssl=1 80w, https:\/\/i0.wp.com\/gay.blog.br\/wp-content\/uploads\/2024\/03\/freiragay-1.jpeg?resize=160%2C120&amp;ssl=1 160w, https:\/\/i0.wp.com\/gay.blog.br\/wp-content\/uploads\/2024\/03\/freiragay-1.jpeg?resize=696%2C522&amp;ssl=1 696w, https:\/\/i0.wp.com\/gay.blog.br\/wp-content\/uploads\/2024\/03\/freiragay-1.jpeg?resize=1392%2C1044&amp;ssl=1 1392w, https:\/\/i0.wp.com\/gay.blog.br\/wp-content\/uploads\/2024\/03\/freiragay-1.jpeg?resize=1068%2C801&amp;ssl=1 1068w, https:\/\/i0.wp.com\/gay.blog.br\/wp-content\/uploads\/2024\/03\/freiragay-1.jpeg?resize=1920%2C1440&amp;ssl=1 1920w, https:\/\/i0.wp.com\/gay.blog.br\/wp-content\/uploads\/2024\/03\/freiragay-1.jpeg?resize=265%2C198&amp;ssl=1 265w\" sizes=\"auto, (max-width: 696px) 100vw, 696px\" \/><\/a><figcaption id=\"caption-attachment-213548\" class=\"wp-caption-text\">La monja Luc\u00eda visita al Papa (Imagen: Twitter)<\/figcaption><\/figure>\n<p style=\"text-align: justify;\">En un post de Facebook, Sor Luc\u00eda Caram comparti\u00f3 sus impresiones, describiendo al Papa como sereno y aut\u00e9ntico durante la conversaci\u00f3n. Present\u00f3 al pont\u00edfice un estuche con el libro de los Evangelios y los salmos que perteneci\u00f3 a un soldado muerto durante la guerra entre Rusia y Ucrania.<\/p>\n<p style=\"text-align: justify;\">Luc\u00eda Caram, monja dominicana de origen argentino de 57 a\u00f1os que vive en Espa\u00f1a, es conocida por sus pol\u00e9micas posturas, entre ellas su apoyo al separatismo catal\u00e1n. En el 2023, ella se manifest\u00f3 a favor del <a href=\"https:\/\/gay.blog.br\/tag\/casamento-gay\/\">casamiento entre pessoas del mismo sexo en la Iglesia<\/a>, mientras que en el 2017 provoc\u00f3 pol\u00e9mica al sugerir que San Jos\u00e9 y la Virgen Mar\u00eda tuvieron relaciones sexuales.<\/p>\n","protected":false},"excerpt":{"rendered":"<p>El Papa Francisco recibi\u00f3 en audiencia especial a la monja Luc\u00eda Caram y a miembros del sitio web Religi\u00f3n Digital, que cuestiona la doctrina cat\u00f3lica<\/p>\n","protected":false},"author":3750,"featured_media":213550,"comment_status":"open","ping_status":"open","sticky":false,"template":"","format":"standard","meta":{"googlesitekit_rrm_CAoiEBg-BXrJeACjO8p49SE4kTY:productID":"","tdm_status":"","tdm_grid_status":"","_jetpack_newsletter_access":"","_jetpack_dont_email_post_to_subs":false,"_jetpack_newsletter_tier_id":0,"_jetpack_memberships_contains_paywalled_content":false,"_jetpack_memberships_contains_paid_content":false,"footnotes":"","jetpack_publicize_message":"El Papa Francisco recibe la visita de una monja que defiende el matrimonio homosexual","jetpack_publicize_feature_enabled":true,"jetpack_social_post_already_shared":true,"jetpack_social_options":{"image_generator_settings":{"template":"highway","default_image_id":0,"font":"","enabled":false},"version":2},"_wpas_customize_per_network":false,"jetpack_post_was_ever_published":false},"categories":[589932231],"tags":[589934285,589949134,589934173,589949220,589934175,589933671,589933850],"class_list":{"0":"post-213791","1":"post","2":"type-post","3":"status-publish","4":"format-standard","5":"has-post-thumbnail","7":"category-noticias-es","8":"tag-casamiento-gay","9":"tag-catolica-es","10":"tag-iglesia","11":"tag-lucia-caram-es","12":"tag-monja","13":"tag-papa-es","14":"tag-papa-francisco-es"},"yoast_head":"<!-- This site is optimized with the Yoast SEO plugin v27.5 - https:\/\/yoast.com\/product\/yoast-seo-wordpress\/ -->\n<title>El Papa Francisco recibe la visita de una monja que defiende el matrimonio homosexual<\/title>\n<meta name=\"description\" content=\"El Papa Francisco recibi\u00f3 en audiencia especial a la monja Luc\u00eda Caram y a miembros del sitio web Religi\u00f3n Digital, que cuestiona la doctrina cat\u00f3lica.\" \/>\n<meta name=\"robots\" content=\"index, follow, max-snippet:-1, max-image-preview:large, max-video-preview:-1\" \/>\n<link rel=\"canonical\" href=\"https:\/\/gay.blog.br\/es\/noticias-es\/el-papa-francisco-recibe-la-visita-de-una-monja-que-defiende-el-matrimonio-homosexual\/\" \/>\n<meta property=\"og:locale\" content=\"es_ES\" \/>\n<meta property=\"og:type\" content=\"article\" \/>\n<meta property=\"og:title\" content=\"El Papa Francisco recibe la visita de una monja que defiende el matrimonio homosexual\" \/>\n<meta property=\"og:description\" content=\"El Papa Francisco recibi\u00f3 en audiencia especial a la monja Luc\u00eda Caram y a miembros del sitio web Religi\u00f3n Digital, que cuestiona la doctrina cat\u00f3lica.\" \/>\n<meta property=\"og:url\" content=\"https:\/\/gay.blog.br\/es\/noticias-es\/el-papa-francisco-recibe-la-visita-de-una-monja-que-defiende-el-matrimonio-homosexual\/\" \/>\n<meta property=\"og:site_name\" content=\"GAY BLOG BR @gayblogbr\" \/>\n<meta property=\"article:publisher\" content=\"https:\/\/facebook.com\/gayblogbr\" \/>\n<meta property=\"article:author\" content=\"https:\/\/www.facebook.com\/gayblogbr\/\" \/>\n<meta property=\"article:published_time\" content=\"2024-03-20T12:37:03+00:00\" \/>\n<meta property=\"article:modified_time\" content=\"2024-03-24T14:31:11+00:00\" \/>\n<meta property=\"og:image\" content=\"https:\/\/gay.blog.br\/wp-content\/uploads\/2024\/03\/freiragay-1.jpeg\" \/>\n\t<meta property=\"og:image:width\" content=\"2048\" \/>\n\t<meta property=\"og:image:height\" content=\"1536\" \/>\n\t<meta property=\"og:image:type\" content=\"image\/jpeg\" \/>\n<meta name=\"author\" content=\"J\u00falio Boll\" \/>\n<meta name=\"twitter:card\" content=\"summary_large_image\" \/>\n<meta name=\"twitter:creator\" content=\"@https:\/\/www.twitter.com\/gayblogbr\/\" \/>\n<meta name=\"twitter:site\" content=\"@gayblogbr\" \/>\n<meta name=\"twitter:label1\" content=\"Escrito por\" \/>\n\t<meta name=\"twitter:data1\" content=\"J\u00falio Boll\" \/>\n\t<meta name=\"twitter:label2\" content=\"Tiempo de lectura\" \/>\n\t<meta name=\"twitter:data2\" content=\"2 minutos\" \/>\n<script type=\"application\/ld+json\" class=\"yoast-schema-graph\">{\"@context\":\"https:\\\/\\\/schema.org\",\"@graph\":[{\"@type\":\"Article\",\"@id\":\"https:\\\/\\\/gay.blog.br\\\/es\\\/noticias-es\\\/el-papa-francisco-recibe-la-visita-de-una-monja-que-defiende-el-matrimonio-homosexual\\\/#article\",\"isPartOf\":{\"@id\":\"https:\\\/\\\/gay.blog.br\\\/es\\\/noticias-es\\\/el-papa-francisco-recibe-la-visita-de-una-monja-que-defiende-el-matrimonio-homosexual\\\/\"},\"author\":{\"name\":\"J\u00falio Boll\",\"@id\":\"https:\\\/\\\/gay.blog.br\\\/es\\\/#\\\/schema\\\/person\\\/42b9bc554d55c135a0202e928516fc95\"},\"headline\":\"El Papa Francisco recibe la visita de una monja que defiende el matrimonio homosexual\",\"datePublished\":\"2024-03-20T12:37:03+00:00\",\"dateModified\":\"2024-03-24T14:31:11+00:00\",\"mainEntityOfPage\":{\"@id\":\"https:\\\/\\\/gay.blog.br\\\/es\\\/noticias-es\\\/el-papa-francisco-recibe-la-visita-de-una-monja-que-defiende-el-matrimonio-homosexual\\\/\"},\"wordCount\":241,\"commentCount\":0,\"publisher\":{\"@id\":\"https:\\\/\\\/gay.blog.br\\\/es\\\/#organization\"},\"image\":{\"@id\":\"https:\\\/\\\/gay.blog.br\\\/es\\\/noticias-es\\\/el-papa-francisco-recibe-la-visita-de-una-monja-que-defiende-el-matrimonio-homosexual\\\/#primaryimage\"},\"thumbnailUrl\":\"https:\\\/\\\/i0.wp.com\\\/gay.blog.br\\\/wp-content\\\/uploads\\\/2024\\\/03\\\/freiragay-1.jpeg?fit=2048%2C1536&ssl=1\",\"keywords\":[\"casamiento gay\",\"cat\u00f3lica\",\"Iglesia\",\"Luc\u00eda Caram\",\"Monja\",\"papa\",\"papa francisco\"],\"articleSection\":[\"NOT\u00cdCIAS\"],\"inLanguage\":\"es\",\"potentialAction\":[{\"@type\":\"CommentAction\",\"name\":\"Comment\",\"target\":[\"https:\\\/\\\/gay.blog.br\\\/es\\\/noticias-es\\\/el-papa-francisco-recibe-la-visita-de-una-monja-que-defiende-el-matrimonio-homosexual\\\/#respond\"]}]},{\"@type\":\"WebPage\",\"@id\":\"https:\\\/\\\/gay.blog.br\\\/es\\\/noticias-es\\\/el-papa-francisco-recibe-la-visita-de-una-monja-que-defiende-el-matrimonio-homosexual\\\/\",\"url\":\"https:\\\/\\\/gay.blog.br\\\/es\\\/noticias-es\\\/el-papa-francisco-recibe-la-visita-de-una-monja-que-defiende-el-matrimonio-homosexual\\\/\",\"name\":\"El Papa Francisco recibe la visita de una monja que defiende el matrimonio homosexual\",\"isPartOf\":{\"@id\":\"https:\\\/\\\/gay.blog.br\\\/es\\\/#website\"},\"primaryImageOfPage\":{\"@id\":\"https:\\\/\\\/gay.blog.br\\\/es\\\/noticias-es\\\/el-papa-francisco-recibe-la-visita-de-una-monja-que-defiende-el-matrimonio-homosexual\\\/#primaryimage\"},\"image\":{\"@id\":\"https:\\\/\\\/gay.blog.br\\\/es\\\/noticias-es\\\/el-papa-francisco-recibe-la-visita-de-una-monja-que-defiende-el-matrimonio-homosexual\\\/#primaryimage\"},\"thumbnailUrl\":\"https:\\\/\\\/i0.wp.com\\\/gay.blog.br\\\/wp-content\\\/uploads\\\/2024\\\/03\\\/freiragay-1.jpeg?fit=2048%2C1536&ssl=1\",\"datePublished\":\"2024-03-20T12:37:03+00:00\",\"dateModified\":\"2024-03-24T14:31:11+00:00\",\"description\":\"El Papa Francisco recibi\u00f3 en audiencia especial a la monja Luc\u00eda Caram y a miembros del sitio web Religi\u00f3n Digital, que cuestiona la doctrina cat\u00f3lica.\",\"breadcrumb\":{\"@id\":\"https:\\\/\\\/gay.blog.br\\\/es\\\/noticias-es\\\/el-papa-francisco-recibe-la-visita-de-una-monja-que-defiende-el-matrimonio-homosexual\\\/#breadcrumb\"},\"inLanguage\":\"es\",\"potentialAction\":[{\"@type\":\"ReadAction\",\"target\":[\"https:\\\/\\\/gay.blog.br\\\/es\\\/noticias-es\\\/el-papa-francisco-recibe-la-visita-de-una-monja-que-defiende-el-matrimonio-homosexual\\\/\"]}]},{\"@type\":\"ImageObject\",\"inLanguage\":\"es\",\"@id\":\"https:\\\/\\\/gay.blog.br\\\/es\\\/noticias-es\\\/el-papa-francisco-recibe-la-visita-de-una-monja-que-defiende-el-matrimonio-homosexual\\\/#primaryimage\",\"url\":\"https:\\\/\\\/i0.wp.com\\\/gay.blog.br\\\/wp-content\\\/uploads\\\/2024\\\/03\\\/freiragay-1.jpeg?fit=2048%2C1536&ssl=1\",\"contentUrl\":\"https:\\\/\\\/i0.wp.com\\\/gay.blog.br\\\/wp-content\\\/uploads\\\/2024\\\/03\\\/freiragay-1.jpeg?fit=2048%2C1536&ssl=1\",\"width\":2048,\"height\":1536,\"caption\":\"Freira Luc\u00eda visita o Papa (Imagem: Twitter)\"},{\"@type\":\"BreadcrumbList\",\"@id\":\"https:\\\/\\\/gay.blog.br\\\/es\\\/noticias-es\\\/el-papa-francisco-recibe-la-visita-de-una-monja-que-defiende-el-matrimonio-homosexual\\\/#breadcrumb\",\"itemListElement\":[{\"@type\":\"ListItem\",\"position\":1,\"name\":\"In\u00edcio\",\"item\":\"https:\\\/\\\/gay.blog.br\\\/es\\\/\"},{\"@type\":\"ListItem\",\"position\":2,\"name\":\"El Papa Francisco recibe la visita de una monja que defiende el matrimonio homosexual\"}]},{\"@type\":\"WebSite\",\"@id\":\"https:\\\/\\\/gay.blog.br\\\/es\\\/#website\",\"url\":\"https:\\\/\\\/gay.blog.br\\\/es\\\/\",\"name\":\"GAY BLOG BR @gayblogbr\",\"description\":\"Not\u00edcias que empoderam e\\\/ou entret\u00eam s\u00e3o especialidades da casa\",\"publisher\":{\"@id\":\"https:\\\/\\\/gay.blog.br\\\/es\\\/#organization\"},\"potentialAction\":[{\"@type\":\"SearchAction\",\"target\":{\"@type\":\"EntryPoint\",\"urlTemplate\":\"https:\\\/\\\/gay.blog.br\\\/es\\\/?s={search_term_string}\"},\"query-input\":{\"@type\":\"PropertyValueSpecification\",\"valueRequired\":true,\"valueName\":\"search_term_string\"}}],\"inLanguage\":\"es\"},{\"@type\":\"Organization\",\"@id\":\"https:\\\/\\\/gay.blog.br\\\/es\\\/#organization\",\"name\":\"GAY BLOG BR\",\"url\":\"https:\\\/\\\/gay.blog.br\\\/es\\\/\",\"logo\":{\"@type\":\"ImageObject\",\"inLanguage\":\"es\",\"@id\":\"https:\\\/\\\/gay.blog.br\\\/es\\\/#\\\/schema\\\/logo\\\/image\\\/\",\"url\":\"https:\\\/\\\/i0.wp.com\\\/gay.blog.br\\\/wp-content\\\/uploads\\\/2023\\\/08\\\/gay180px.png?fit=272%2C90&ssl=1\",\"contentUrl\":\"https:\\\/\\\/i0.wp.com\\\/gay.blog.br\\\/wp-content\\\/uploads\\\/2023\\\/08\\\/gay180px.png?fit=272%2C90&ssl=1\",\"width\":272,\"height\":90,\"caption\":\"GAY BLOG BR\"},\"image\":{\"@id\":\"https:\\\/\\\/gay.blog.br\\\/es\\\/#\\\/schema\\\/logo\\\/image\\\/\"},\"sameAs\":[\"https:\\\/\\\/facebook.com\\\/gayblogbr\",\"https:\\\/\\\/x.com\\\/gayblogbr\",\"https:\\\/\\\/instagram.com\\\/gayblogbr\",\"https:\\\/\\\/www.linkedin.com\\\/company\\\/gayblogbr\\\/\",\"https:\\\/\\\/br.pinterest.com\\\/gayblogbr\\\/\",\"https:\\\/\\\/www.youtube.com\\\/channel\\\/UCdEu3JXLOB-wvWAVUF4AIiA\",\"https:\\\/\\\/pt.wikipedia.org\\\/wiki\\\/Gay_Blog_Br\",\"https:\\\/\\\/www.threads.net\\\/@gayblogbr\"]},{\"@type\":\"Person\",\"@id\":\"https:\\\/\\\/gay.blog.br\\\/es\\\/#\\\/schema\\\/person\\\/42b9bc554d55c135a0202e928516fc95\",\"name\":\"J\u00falio Boll\",\"image\":{\"@type\":\"ImageObject\",\"inLanguage\":\"es\",\"@id\":\"https:\\\/\\\/secure.gravatar.com\\\/avatar\\\/556e6c4bf591074faa5c918e36981eae66d54401f993f49ed16f3503e35c616b?s=96&d=mm&r=g\",\"url\":\"https:\\\/\\\/secure.gravatar.com\\\/avatar\\\/556e6c4bf591074faa5c918e36981eae66d54401f993f49ed16f3503e35c616b?s=96&d=mm&r=g\",\"contentUrl\":\"https:\\\/\\\/secure.gravatar.com\\\/avatar\\\/556e6c4bf591074faa5c918e36981eae66d54401f993f49ed16f3503e35c616b?s=96&d=mm&r=g\",\"caption\":\"J\u00falio Boll\"},\"sameAs\":[\"https:\\\/\\\/www.facebook.com\\\/gayblogbr\\\/\",\"https:\\\/\\\/www.instagram.com\\\/gayblogbr\\\/\",\"https:\\\/\\\/www.linkedin.com\\\/company\\\/gayblogbr\",\"https:\\\/\\\/pinterest.com\\\/gayblogbr\\\/\",\"https:\\\/\\\/x.com\\\/https:\\\/\\\/www.twitter.com\\\/gayblogbr\\\/\",\"https:\\\/\\\/youtube.com\\\/gayblogbr\",\"https:\\\/\\\/naoegayse.tumblr.com\\\/\",\"https:\\\/\\\/pt.wikipedia.org\\\/wiki\\\/Gay_Blog_Br\"],\"url\":\"https:\\\/\\\/gay.blog.br\\\/es\\\/author\\\/gustavob\\\/\"}]}<\/script>\n<!-- \/ Yoast SEO plugin. -->","yoast_head_json":{"title":"El Papa Francisco recibe la visita de una monja que defiende el matrimonio homosexual","description":"El Papa Francisco recibi\u00f3 en audiencia especial a la monja Luc\u00eda Caram y a miembros del sitio web Religi\u00f3n Digital, que cuestiona la doctrina cat\u00f3lica.","robots":{"index":"index","follow":"follow","max-snippet":"max-snippet:-1","max-image-preview":"max-image-preview:large","max-video-preview":"max-video-preview:-1"},"canonical":"https:\/\/gay.blog.br\/es\/noticias-es\/el-papa-francisco-recibe-la-visita-de-una-monja-que-defiende-el-matrimonio-homosexual\/","og_locale":"es_ES","og_type":"article","og_title":"El Papa Francisco recibe la visita de una monja que defiende el matrimonio homosexual","og_description":"El Papa Francisco recibi\u00f3 en audiencia especial a la monja Luc\u00eda Caram y a miembros del sitio web Religi\u00f3n Digital, que cuestiona la doctrina cat\u00f3lica.","og_url":"https:\/\/gay.blog.br\/es\/noticias-es\/el-papa-francisco-recibe-la-visita-de-una-monja-que-defiende-el-matrimonio-homosexual\/","og_site_name":"GAY BLOG BR @gayblogbr","article_publisher":"https:\/\/facebook.com\/gayblogbr","article_author":"https:\/\/www.facebook.com\/gayblogbr\/","article_published_time":"2024-03-20T12:37:03+00:00","article_modified_time":"2024-03-24T14:31:11+00:00","og_image":[{"width":2048,"height":1536,"url":"https:\/\/gay.blog.br\/wp-content\/uploads\/2024\/03\/freiragay-1.jpeg","type":"image\/jpeg"}],"author":"J\u00falio Boll","twitter_card":"summary_large_image","twitter_creator":"@https:\/\/www.twitter.com\/gayblogbr\/","twitter_site":"@gayblogbr","twitter_misc":{"Escrito por":"J\u00falio Boll","Tiempo de lectura":"2 minutos"},"schema":{"@context":"https:\/\/schema.org","@graph":[{"@type":"Article","@id":"https:\/\/gay.blog.br\/es\/noticias-es\/el-papa-francisco-recibe-la-visita-de-una-monja-que-defiende-el-matrimonio-homosexual\/#article","isPartOf":{"@id":"https:\/\/gay.blog.br\/es\/noticias-es\/el-papa-francisco-recibe-la-visita-de-una-monja-que-defiende-el-matrimonio-homosexual\/"},"author":{"name":"J\u00falio Boll","@id":"https:\/\/gay.blog.br\/es\/#\/schema\/person\/42b9bc554d55c135a0202e928516fc95"},"headline":"El Papa Francisco recibe la visita de una monja que defiende el matrimonio homosexual","datePublished":"2024-03-20T12:37:03+00:00","dateModified":"2024-03-24T14:31:11+00:00","mainEntityOfPage":{"@id":"https:\/\/gay.blog.br\/es\/noticias-es\/el-papa-francisco-recibe-la-visita-de-una-monja-que-defiende-el-matrimonio-homosexual\/"},"wordCount":241,"commentCount":0,"publisher":{"@id":"https:\/\/gay.blog.br\/es\/#organization"},"image":{"@id":"https:\/\/gay.blog.br\/es\/noticias-es\/el-papa-francisco-recibe-la-visita-de-una-monja-que-defiende-el-matrimonio-homosexual\/#primaryimage"},"thumbnailUrl":"https:\/\/i0.wp.com\/gay.blog.br\/wp-content\/uploads\/2024\/03\/freiragay-1.jpeg?fit=2048%2C1536&ssl=1","keywords":["casamiento gay","cat\u00f3lica","Iglesia","Luc\u00eda Caram","Monja","papa","papa francisco"],"articleSection":["NOT\u00cdCIAS"],"inLanguage":"es","potentialAction":[{"@type":"CommentAction","name":"Comment","target":["https:\/\/gay.blog.br\/es\/noticias-es\/el-papa-francisco-recibe-la-visita-de-una-monja-que-defiende-el-matrimonio-homosexual\/#respond"]}]},{"@type":"WebPage","@id":"https:\/\/gay.blog.br\/es\/noticias-es\/el-papa-francisco-recibe-la-visita-de-una-monja-que-defiende-el-matrimonio-homosexual\/","url":"https:\/\/gay.blog.br\/es\/noticias-es\/el-papa-francisco-recibe-la-visita-de-una-monja-que-defiende-el-matrimonio-homosexual\/","name":"El Papa Francisco recibe la visita de una monja que defiende el matrimonio homosexual","isPartOf":{"@id":"https:\/\/gay.blog.br\/es\/#website"},"primaryImageOfPage":{"@id":"https:\/\/gay.blog.br\/es\/noticias-es\/el-papa-francisco-recibe-la-visita-de-una-monja-que-defiende-el-matrimonio-homosexual\/#primaryimage"},"image":{"@id":"https:\/\/gay.blog.br\/es\/noticias-es\/el-papa-francisco-recibe-la-visita-de-una-monja-que-defiende-el-matrimonio-homosexual\/#primaryimage"},"thumbnailUrl":"https:\/\/i0.wp.com\/gay.blog.br\/wp-content\/uploads\/2024\/03\/freiragay-1.jpeg?fit=2048%2C1536&ssl=1","datePublished":"2024-03-20T12:37:03+00:00","dateModified":"2024-03-24T14:31:11+00:00","description":"El Papa Francisco recibi\u00f3 en audiencia especial a la monja Luc\u00eda Caram y a miembros del sitio web Religi\u00f3n Digital, que cuestiona la doctrina cat\u00f3lica.","breadcrumb":{"@id":"https:\/\/gay.blog.br\/es\/noticias-es\/el-papa-francisco-recibe-la-visita-de-una-monja-que-defiende-el-matrimonio-homosexual\/#breadcrumb"},"inLanguage":"es","potentialAction":[{"@type":"ReadAction","target":["https:\/\/gay.blog.br\/es\/noticias-es\/el-papa-francisco-recibe-la-visita-de-una-monja-que-defiende-el-matrimonio-homosexual\/"]}]},{"@type":"ImageObject","inLanguage":"es","@id":"https:\/\/gay.blog.br\/es\/noticias-es\/el-papa-francisco-recibe-la-visita-de-una-monja-que-defiende-el-matrimonio-homosexual\/#primaryimage","url":"https:\/\/i0.wp.com\/gay.blog.br\/wp-content\/uploads\/2024\/03\/freiragay-1.jpeg?fit=2048%2C1536&ssl=1","contentUrl":"https:\/\/i0.wp.com\/gay.blog.br\/wp-content\/uploads\/2024\/03\/freiragay-1.jpeg?fit=2048%2C1536&ssl=1","width":2048,"height":1536,"caption":"Freira Luc\u00eda visita o Papa (Imagem: Twitter)"},{"@type":"BreadcrumbList","@id":"https:\/\/gay.blog.br\/es\/noticias-es\/el-papa-francisco-recibe-la-visita-de-una-monja-que-defiende-el-matrimonio-homosexual\/#breadcrumb","itemListElement":[{"@type":"ListItem","position":1,"name":"In\u00edcio","item":"https:\/\/gay.blog.br\/es\/"},{"@type":"ListItem","position":2,"name":"El Papa Francisco recibe la visita de una monja que defiende el matrimonio homosexual"}]},{"@type":"WebSite","@id":"https:\/\/gay.blog.br\/es\/#website","url":"https:\/\/gay.blog.br\/es\/","name":"GAY BLOG BR @gayblogbr","description":"Not\u00edcias que empoderam e\/ou entret\u00eam s\u00e3o especialidades da casa","publisher":{"@id":"https:\/\/gay.blog.br\/es\/#organization"},"potentialAction":[{"@type":"SearchAction","target":{"@type":"EntryPoint","urlTemplate":"https:\/\/gay.blog.br\/es\/?s={search_term_string}"},"query-input":{"@type":"PropertyValueSpecification","valueRequired":true,"valueName":"search_term_string"}}],"inLanguage":"es"},{"@type":"Organization","@id":"https:\/\/gay.blog.br\/es\/#organization","name":"GAY BLOG BR","url":"https:\/\/gay.blog.br\/es\/","logo":{"@type":"ImageObject","inLanguage":"es","@id":"https:\/\/gay.blog.br\/es\/#\/schema\/logo\/image\/","url":"https:\/\/i0.wp.com\/gay.blog.br\/wp-content\/uploads\/2023\/08\/gay180px.png?fit=272%2C90&ssl=1","contentUrl":"https:\/\/i0.wp.com\/gay.blog.br\/wp-content\/uploads\/2023\/08\/gay180px.png?fit=272%2C90&ssl=1","width":272,"height":90,"caption":"GAY BLOG BR"},"image":{"@id":"https:\/\/gay.blog.br\/es\/#\/schema\/logo\/image\/"},"sameAs":["https:\/\/facebook.com\/gayblogbr","https:\/\/x.com\/gayblogbr","https:\/\/instagram.com\/gayblogbr","https:\/\/www.linkedin.com\/company\/gayblogbr\/","https:\/\/br.pinterest.com\/gayblogbr\/","https:\/\/www.youtube.com\/channel\/UCdEu3JXLOB-wvWAVUF4AIiA","https:\/\/pt.wikipedia.org\/wiki\/Gay_Blog_Br","https:\/\/www.threads.net\/@gayblogbr"]},{"@type":"Person","@id":"https:\/\/gay.blog.br\/es\/#\/schema\/person\/42b9bc554d55c135a0202e928516fc95","name":"J\u00falio Boll","image":{"@type":"ImageObject","inLanguage":"es","@id":"https:\/\/secure.gravatar.com\/avatar\/556e6c4bf591074faa5c918e36981eae66d54401f993f49ed16f3503e35c616b?s=96&d=mm&r=g","url":"https:\/\/secure.gravatar.com\/avatar\/556e6c4bf591074faa5c918e36981eae66d54401f993f49ed16f3503e35c616b?s=96&d=mm&r=g","contentUrl":"https:\/\/secure.gravatar.com\/avatar\/556e6c4bf591074faa5c918e36981eae66d54401f993f49ed16f3503e35c616b?s=96&d=mm&r=g","caption":"J\u00falio Boll"},"sameAs":["https:\/\/www.facebook.com\/gayblogbr\/","https:\/\/www.instagram.com\/gayblogbr\/","https:\/\/www.linkedin.com\/company\/gayblogbr","https:\/\/pinterest.com\/gayblogbr\/","https:\/\/x.com\/https:\/\/www.twitter.com\/gayblogbr\/","https:\/\/youtube.com\/gayblogbr","https:\/\/naoegayse.tumblr.com\/","https:\/\/pt.wikipedia.org\/wiki\/Gay_Blog_Br"],"url":"https:\/\/gay.blog.br\/es\/author\/gustavob\/"}]}},"jetpack_publicize_connections":[],"jetpack_featured_media_url":"https:\/\/i0.wp.com\/gay.blog.br\/wp-content\/uploads\/2024\/03\/freiragay-1.jpeg?fit=2048%2C1536&ssl=1","jetpack_sharing_enabled":true,"jetpack_shortlink":"https:\/\/wp.me\/p6klkK-TCf","jetpack_likes_enabled":false,"amp_enabled":true,"_links":{"self":[{"href":"https:\/\/gay.blog.br\/es\/wp-json\/wp\/v2\/posts\/213791","targetHints":{"allow":["GET"]}}],"collection":[{"href":"https:\/\/gay.blog.br\/es\/wp-json\/wp\/v2\/posts"}],"about":[{"href":"https:\/\/gay.blog.br\/es\/wp-json\/wp\/v2\/types\/post"}],"author":[{"embeddable":true,"href":"https:\/\/gay.blog.br\/es\/wp-json\/wp\/v2\/users\/3750"}],"replies":[{"embeddable":true,"href":"https:\/\/gay.blog.br\/es\/wp-json\/wp\/v2\/comments?post=213791"}],"version-history":[{"count":2,"href":"https:\/\/gay.blog.br\/es\/wp-json\/wp\/v2\/posts\/213791\/revisions"}],"predecessor-version":[{"id":213875,"href":"https:\/\/gay.blog.br\/es\/wp-json\/wp\/v2\/posts\/213791\/revisions\/213875"}],"wp:featuredmedia":[{"embeddable":true,"href":"https:\/\/gay.blog.br\/es\/wp-json\/wp\/v2\/media\/213550"}],"wp:attachment":[{"href":"https:\/\/gay.blog.br\/es\/wp-json\/wp\/v2\/media?parent=213791"}],"wp:term":[{"taxonomy":"category","embeddable":true,"href":"https:\/\/gay.blog.br\/es\/wp-json\/wp\/v2\/categories?post=213791"},{"taxonomy":"post_tag","embeddable":true,"href":"https:\/\/gay.blog.br\/es\/wp-json\/wp\/v2\/tags?post=213791"}],"curies":[{"name":"wp","href":"https:\/\/api.w.org\/{rel}","templated":true}]}}