{"id":214722,"date":"2024-03-29T18:01:17","date_gmt":"2024-03-29T21:01:17","guid":{"rendered":"https:\/\/gay.blog.br\/?p=214722"},"modified":"2024-04-06T14:45:22","modified_gmt":"2024-04-06T17:45:22","slug":"hermano-de-bolsonaro-se-convierte-en-acusado-en-caso-de-homofobia-y-amenaza-a-joven","status":"publish","type":"post","link":"https:\/\/gay.blog.br\/es\/noticias\/hermano-de-bolsonaro-se-convierte-en-acusado-en-caso-de-homofobia-y-amenaza-a-joven\/","title":{"rendered":"Hermano de Bolsonaro se convierte en acusado en caso de homofobia y amenaza a joven"},"content":{"rendered":"<p style=\"text-align: justify;\">Este mes, el hermano mayor del expresidente <a href=\"https:\/\/gay.blog.br\/?s=jair+bolsonaro\">Jair Bolsonaro<\/a>, Angelo Guido Bolsonaro, fue denunciado por el <a href=\"https:\/\/gay.blog.br\/?s=Minist%C3%A9rio+P%C3%BAblico+de+S%C3%A3o+Paulo\">Ministerio P\u00fablico de San Pablo<\/a>, convirti\u00e9ndose en imputado en un caso de acusaciones de homofobia y amenazas contra un adolescente que, en ese momento, trabajaba en un supermercado en el estado de San Pablo. La informaci\u00f3n fue divulgada por la <em>Folha de S\u00e3o Paulo<\/em>.<\/p>\n<h3 style=\"text-align: left;\">Entenda el caso<\/h3>\n<p style=\"text-align: justify;\">Seg\u00fan informa Folha, el incidente tuvo lugar en 2023, en la localidad de Eldorado, situada en el interior de San Pablo. Seg\u00fan la declaraci\u00f3n prestada a la polic\u00eda por Alex de Oliveira, que entonces ten\u00eda 17 a\u00f1os, al darle una \u00abpalmada\u00bb en el hombro de una colega de trabajo, Angelo, tambi\u00e9n conocido como Guido, se volvi\u00f3 hacia ella y empez\u00f3 a ofenderla:<\/p>\n<p style=\"text-align: justify;\">\u201c<em>\u00bfTe ha pegado? Adem\u00e1s de llevar pendientes, seguro que es maric\u00f3n y no puedes decir nada porque cualquier cosa ya es racismo<\/em>\u201d. El colega en cuesti\u00f3n confirm\u00f3 la historia a la polic\u00eda durante el interrogatorio.<\/p>\n<p style=\"text-align: justify;\">Al cabo de unas semanas, Guido volvi\u00f3 al supermercado y empuj\u00f3 un carrito de compra hacia Alex, lo que desencaden\u00f3 una discusi\u00f3n. Poco despu\u00e9s, Angelo supuestamente llam\u00f3 al chico fuera para resolver la situaci\u00f3n \u00aba pu\u00f1etazos\u00bb.<\/p>\n<figure id=\"attachment_214339\" aria-describedby=\"caption-attachment-214339\" style=\"width: 888px\" class=\"wp-caption aligncenter\"><a href=\"https:\/\/scruff.app.link\/Gayblog_br_Press\"><img data-recalc-dims=\"1\" loading=\"lazy\" decoding=\"async\" class=\"size-full wp-image-214339\" src=\"https:\/\/i0.wp.com\/gay.blog.br\/wp-content\/uploads\/2024\/03\/WhatsApp-Image-2024-03-29-at-17.40.00.jpeg?resize=696%2C464&#038;ssl=1\" alt=\"\" width=\"696\" height=\"464\" srcset=\"https:\/\/i0.wp.com\/gay.blog.br\/wp-content\/uploads\/2024\/03\/WhatsApp-Image-2024-03-29-at-17.40.00.jpeg?w=888&amp;ssl=1 888w, https:\/\/i0.wp.com\/gay.blog.br\/wp-content\/uploads\/2024\/03\/WhatsApp-Image-2024-03-29-at-17.40.00.jpeg?resize=300%2C200&amp;ssl=1 300w, https:\/\/i0.wp.com\/gay.blog.br\/wp-content\/uploads\/2024\/03\/WhatsApp-Image-2024-03-29-at-17.40.00.jpeg?resize=150%2C100&amp;ssl=1 150w, https:\/\/i0.wp.com\/gay.blog.br\/wp-content\/uploads\/2024\/03\/WhatsApp-Image-2024-03-29-at-17.40.00.jpeg?resize=768%2C512&amp;ssl=1 768w, https:\/\/i0.wp.com\/gay.blog.br\/wp-content\/uploads\/2024\/03\/WhatsApp-Image-2024-03-29-at-17.40.00.jpeg?resize=630%2C420&amp;ssl=1 630w, https:\/\/i0.wp.com\/gay.blog.br\/wp-content\/uploads\/2024\/03\/WhatsApp-Image-2024-03-29-at-17.40.00.jpeg?resize=696%2C464&amp;ssl=1 696w\" sizes=\"auto, (max-width: 696px) 100vw, 696px\" \/><\/a><figcaption id=\"caption-attachment-214339\" class=\"wp-caption-text\">Eduardo, Jair y Angelo Bolsonaro (Foto: reproducci\u00f3n)<\/figcaption><\/figure>\n<h3 style=\"text-align: left;\">Resoluci\u00f3n judicial<\/h3>\n<p style=\"text-align: justify;\">En noviembre del a\u00f1o pasado (2023), Angelo acudi\u00f3 a la Polic\u00eda Civil para prestar declaraci\u00f3n en la que dijo que hab\u00eda habido un malentendido. Reconoci\u00f3 que se hab\u00eda producido una discusi\u00f3n, pero neg\u00f3 haber utilizado palabras prejuiciosas al referirse al chico.<\/p>\n<p style=\"text-align: justify;\">Folha inform\u00f3 de que, en enero de este a\u00f1o, el Ministerio P\u00fablico present\u00f3 una denuncia contra Angelo Guido, acus\u00e1ndolo de delitos homof\u00f3bicos y amenazas, pero no tuvo en cuenta la acusaci\u00f3n de insultos racistas.<\/p>\n<p style=\"text-align: justify;\">Seg\u00fan la prensa, otros tres empleados del supermercado confirmaron las declaraciones de Angelo.<\/p>\n<blockquote class=\"wp-embedded-content\" data-secret=\"BaQ2B6ixv4\"><p><a href=\"https:\/\/gay.blog.br\/noticias\/jair-bolsonaro-se-torna-inelegivel-pelos-proximos-oito-anos\/\">Jair Bolsonaro se torna ineleg\u00edvel pelos pr\u00f3ximos oito anos<\/a><\/p><\/blockquote>\n<p><iframe loading=\"lazy\" class=\"wp-embedded-content\" sandbox=\"allow-scripts\" security=\"restricted\" style=\"position: absolute; clip: rect(1px, 1px, 1px, 1px);\" title=\"\u00abJair Bolsonaro se torna ineleg\u00edvel pelos pr\u00f3ximos oito anos\u00bb \u2014 GAY BLOG BR @gayblogbr\" src=\"https:\/\/gay.blog.br\/noticias\/jair-bolsonaro-se-torna-inelegivel-pelos-proximos-oito-anos\/embed\/#?secret=XOL5RJ8GSn#?secret=BaQ2B6ixv4\" data-secret=\"BaQ2B6ixv4\" width=\"600\" height=\"338\" frameborder=\"0\" marginwidth=\"0\" marginheight=\"0\" scrolling=\"no\"><\/iframe><\/p>\n<div id=\"gtx-trans\" style=\"position: absolute; left: 170px; top: 87.8594px;\">\n<div class=\"gtx-trans-icon\"><\/div>\n<\/div>\n","protected":false},"excerpt":{"rendered":"<p>Angelo Guido fue denunciado por el Ministerio P\u00fablico de San Pablo tras acusaciones de homofobia y amenazas contra un empleado de supermercado<\/p>\n","protected":false},"author":3757,"featured_media":214344,"comment_status":"open","ping_status":"open","sticky":false,"template":"","format":"standard","meta":{"googlesitekit_rrm_CAoiEBg-BXrJeACjO8p49SE4kTY:productID":"","jetpack_post_was_ever_published":false,"tdm_status":"","tdm_grid_status":"","_jetpack_newsletter_access":"","_jetpack_dont_email_post_to_subs":false,"_jetpack_newsletter_tier_id":0,"_jetpack_memberships_contains_paywalled_content":false,"_jetpack_memberships_contains_paid_content":false,"footnotes":"","jetpack_publicize_message":"Hermano de Bolsonaro se convierte en acusado en caso de homofobia y amenaza a joven","jetpack_publicize_feature_enabled":true,"jetpack_social_post_already_shared":true,"jetpack_social_options":{"image_generator_settings":{"template":"highway","default_image_id":0,"font":"","enabled":false},"version":2},"_wpas_customize_per_network":false},"categories":[775],"tags":[589949262,589919701],"class_list":{"0":"post-214722","1":"post","2":"type-post","3":"status-publish","4":"format-standard","5":"has-post-thumbnail","7":"category-noticias","8":"tag-angelo-guido-bolsonaro","9":"tag-jair-bolsonaro"},"yoast_head":"<!-- This site is optimized with the Yoast SEO plugin v27.2 - https:\/\/yoast.com\/product\/yoast-seo-wordpress\/ -->\n<title>El hermano de Bolsonaro se convierte en acusado en un caso de homofobia y amenazas<\/title>\n<meta name=\"description\" content=\"Angelo Guido fue denunciado por el Ministerio P\u00fablico de San Pablo tras acusaciones de homofobia y amenazas contra un empleado de supermercado\" \/>\n<meta name=\"robots\" content=\"index, follow, max-snippet:-1, max-image-preview:large, max-video-preview:-1\" \/>\n<link rel=\"canonical\" href=\"https:\/\/gay.blog.br\/es\/noticias\/hermano-de-bolsonaro-se-convierte-en-acusado-en-caso-de-homofobia-y-amenaza-a-joven\/\" \/>\n<meta property=\"og:locale\" content=\"es_ES\" \/>\n<meta property=\"og:type\" content=\"article\" \/>\n<meta property=\"og:title\" content=\"El hermano de Bolsonaro se convierte en acusado en un caso de homofobia y amenazas\" \/>\n<meta property=\"og:description\" content=\"Angelo Guido fue denunciado por el Ministerio P\u00fablico de San Pablo tras acusaciones de homofobia y amenazas contra un empleado de supermercado\" \/>\n<meta property=\"og:url\" content=\"https:\/\/gay.blog.br\/es\/noticias\/hermano-de-bolsonaro-se-convierte-en-acusado-en-caso-de-homofobia-y-amenaza-a-joven\/\" \/>\n<meta property=\"og:site_name\" content=\"GAY BLOG BR @gayblogbr\" \/>\n<meta property=\"article:publisher\" content=\"https:\/\/facebook.com\/gayblogbr\" \/>\n<meta property=\"article:author\" content=\"https:\/\/facebook.com\/gayblogbr\" \/>\n<meta property=\"article:published_time\" content=\"2024-03-29T21:01:17+00:00\" \/>\n<meta property=\"article:modified_time\" content=\"2024-04-06T17:45:22+00:00\" \/>\n<meta property=\"og:image\" content=\"https:\/\/gay.blog.br\/wp-content\/uploads\/2024\/03\/Design-sem-nome-15.jpg\" \/>\n\t<meta property=\"og:image:width\" content=\"993\" \/>\n\t<meta property=\"og:image:height\" content=\"720\" \/>\n\t<meta property=\"og:image:type\" content=\"image\/jpeg\" \/>\n<meta name=\"author\" content=\"Tailane Santos\" \/>\n<meta name=\"twitter:card\" content=\"summary_large_image\" \/>\n<meta name=\"twitter:creator\" content=\"@http:\/\/twitter.com\/gayblogbr\" \/>\n<meta name=\"twitter:site\" content=\"@gayblogbr\" \/>\n<meta name=\"twitter:label1\" content=\"Escrito por\" \/>\n\t<meta name=\"twitter:data1\" content=\"Tailane Santos\" \/>\n\t<meta name=\"twitter:label2\" content=\"Tiempo de lectura\" \/>\n\t<meta name=\"twitter:data2\" content=\"3 minutos\" \/>\n<script type=\"application\/ld+json\" class=\"yoast-schema-graph\">{\"@context\":\"https:\/\/schema.org\",\"@graph\":[{\"@type\":\"Article\",\"@id\":\"https:\/\/gay.blog.br\/es\/noticias\/hermano-de-bolsonaro-se-convierte-en-acusado-en-caso-de-homofobia-y-amenaza-a-joven\/#article\",\"isPartOf\":{\"@id\":\"https:\/\/gay.blog.br\/es\/noticias\/hermano-de-bolsonaro-se-convierte-en-acusado-en-caso-de-homofobia-y-amenaza-a-joven\/\"},\"author\":{\"name\":\"Tailane Santos\",\"@id\":\"https:\/\/gay.blog.br\/es\/#\/schema\/person\/e0fca12cd80b5bbe6906c6053a688b8d\"},\"headline\":\"Hermano de Bolsonaro se convierte en acusado en caso de homofobia y amenaza a joven\",\"datePublished\":\"2024-03-29T21:01:17+00:00\",\"dateModified\":\"2024-04-06T17:45:22+00:00\",\"mainEntityOfPage\":{\"@id\":\"https:\/\/gay.blog.br\/es\/noticias\/hermano-de-bolsonaro-se-convierte-en-acusado-en-caso-de-homofobia-y-amenaza-a-joven\/\"},\"wordCount\":351,\"commentCount\":0,\"publisher\":{\"@id\":\"https:\/\/gay.blog.br\/es\/#organization\"},\"image\":{\"@id\":\"https:\/\/gay.blog.br\/es\/noticias\/hermano-de-bolsonaro-se-convierte-en-acusado-en-caso-de-homofobia-y-amenaza-a-joven\/#primaryimage\"},\"thumbnailUrl\":\"https:\/\/i0.wp.com\/gay.blog.br\/wp-content\/uploads\/2024\/03\/Design-sem-nome-15.jpg?fit=993%2C720&ssl=1\",\"keywords\":[\"Angelo Guido Bolsonaro\",\"jair bolsonaro\"],\"articleSection\":[\"NOT\u00cdCIAS\"],\"inLanguage\":\"es\",\"potentialAction\":[{\"@type\":\"CommentAction\",\"name\":\"Comment\",\"target\":[\"https:\/\/gay.blog.br\/es\/noticias\/hermano-de-bolsonaro-se-convierte-en-acusado-en-caso-de-homofobia-y-amenaza-a-joven\/#respond\"]}]},{\"@type\":\"WebPage\",\"@id\":\"https:\/\/gay.blog.br\/es\/noticias\/hermano-de-bolsonaro-se-convierte-en-acusado-en-caso-de-homofobia-y-amenaza-a-joven\/\",\"url\":\"https:\/\/gay.blog.br\/es\/noticias\/hermano-de-bolsonaro-se-convierte-en-acusado-en-caso-de-homofobia-y-amenaza-a-joven\/\",\"name\":\"El hermano de Bolsonaro se convierte en acusado en un caso de homofobia y amenazas\",\"isPartOf\":{\"@id\":\"https:\/\/gay.blog.br\/es\/#website\"},\"primaryImageOfPage\":{\"@id\":\"https:\/\/gay.blog.br\/es\/noticias\/hermano-de-bolsonaro-se-convierte-en-acusado-en-caso-de-homofobia-y-amenaza-a-joven\/#primaryimage\"},\"image\":{\"@id\":\"https:\/\/gay.blog.br\/es\/noticias\/hermano-de-bolsonaro-se-convierte-en-acusado-en-caso-de-homofobia-y-amenaza-a-joven\/#primaryimage\"},\"thumbnailUrl\":\"https:\/\/i0.wp.com\/gay.blog.br\/wp-content\/uploads\/2024\/03\/Design-sem-nome-15.jpg?fit=993%2C720&ssl=1\",\"datePublished\":\"2024-03-29T21:01:17+00:00\",\"dateModified\":\"2024-04-06T17:45:22+00:00\",\"description\":\"Angelo Guido fue denunciado por el Ministerio P\u00fablico de San Pablo tras acusaciones de homofobia y amenazas contra un empleado de supermercado\",\"breadcrumb\":{\"@id\":\"https:\/\/gay.blog.br\/es\/noticias\/hermano-de-bolsonaro-se-convierte-en-acusado-en-caso-de-homofobia-y-amenaza-a-joven\/#breadcrumb\"},\"inLanguage\":\"es\",\"potentialAction\":[{\"@type\":\"ReadAction\",\"target\":[\"https:\/\/gay.blog.br\/es\/noticias\/hermano-de-bolsonaro-se-convierte-en-acusado-en-caso-de-homofobia-y-amenaza-a-joven\/\"]}]},{\"@type\":\"ImageObject\",\"inLanguage\":\"es\",\"@id\":\"https:\/\/gay.blog.br\/es\/noticias\/hermano-de-bolsonaro-se-convierte-en-acusado-en-caso-de-homofobia-y-amenaza-a-joven\/#primaryimage\",\"url\":\"https:\/\/i0.wp.com\/gay.blog.br\/wp-content\/uploads\/2024\/03\/Design-sem-nome-15.jpg?fit=993%2C720&ssl=1\",\"contentUrl\":\"https:\/\/i0.wp.com\/gay.blog.br\/wp-content\/uploads\/2024\/03\/Design-sem-nome-15.jpg?fit=993%2C720&ssl=1\",\"width\":993,\"height\":720,\"caption\":\"Eduardo, Jair e Angelo Bolsonaro (Foto: reprodu\u00e7\u00e3o)\"},{\"@type\":\"BreadcrumbList\",\"@id\":\"https:\/\/gay.blog.br\/es\/noticias\/hermano-de-bolsonaro-se-convierte-en-acusado-en-caso-de-homofobia-y-amenaza-a-joven\/#breadcrumb\",\"itemListElement\":[{\"@type\":\"ListItem\",\"position\":1,\"name\":\"In\u00edcio\",\"item\":\"https:\/\/gay.blog.br\/es\/\"},{\"@type\":\"ListItem\",\"position\":2,\"name\":\"Hermano de Bolsonaro se convierte en acusado en caso de homofobia y amenaza a joven\"}]},{\"@type\":\"WebSite\",\"@id\":\"https:\/\/gay.blog.br\/es\/#website\",\"url\":\"https:\/\/gay.blog.br\/es\/\",\"name\":\"GAY BLOG BR @gayblogbr\",\"description\":\"Not\u00edcias que empoderam e\/ou entret\u00eam s\u00e3o especialidades da casa\",\"publisher\":{\"@id\":\"https:\/\/gay.blog.br\/es\/#organization\"},\"potentialAction\":[{\"@type\":\"SearchAction\",\"target\":{\"@type\":\"EntryPoint\",\"urlTemplate\":\"https:\/\/gay.blog.br\/es\/?s={search_term_string}\"},\"query-input\":{\"@type\":\"PropertyValueSpecification\",\"valueRequired\":true,\"valueName\":\"search_term_string\"}}],\"inLanguage\":\"es\"},{\"@type\":\"Organization\",\"@id\":\"https:\/\/gay.blog.br\/es\/#organization\",\"name\":\"GAY BLOG BR\",\"url\":\"https:\/\/gay.blog.br\/es\/\",\"logo\":{\"@type\":\"ImageObject\",\"inLanguage\":\"es\",\"@id\":\"https:\/\/gay.blog.br\/es\/#\/schema\/logo\/image\/\",\"url\":\"https:\/\/i0.wp.com\/gay.blog.br\/wp-content\/uploads\/2023\/08\/gay180px.png?fit=272%2C90&ssl=1\",\"contentUrl\":\"https:\/\/i0.wp.com\/gay.blog.br\/wp-content\/uploads\/2023\/08\/gay180px.png?fit=272%2C90&ssl=1\",\"width\":272,\"height\":90,\"caption\":\"GAY BLOG BR\"},\"image\":{\"@id\":\"https:\/\/gay.blog.br\/es\/#\/schema\/logo\/image\/\"},\"sameAs\":[\"https:\/\/facebook.com\/gayblogbr\",\"https:\/\/x.com\/gayblogbr\",\"https:\/\/instagram.com\/gayblogbr\",\"https:\/\/www.linkedin.com\/company\/gayblogbr\/\",\"https:\/\/br.pinterest.com\/gayblogbr\/\",\"https:\/\/www.youtube.com\/channel\/UCdEu3JXLOB-wvWAVUF4AIiA\",\"https:\/\/pt.wikipedia.org\/wiki\/Gay_Blog_Br\",\"https:\/\/www.threads.net\/@gayblogbr\"]},{\"@type\":\"Person\",\"@id\":\"https:\/\/gay.blog.br\/es\/#\/schema\/person\/e0fca12cd80b5bbe6906c6053a688b8d\",\"name\":\"Tailane Santos\",\"image\":{\"@type\":\"ImageObject\",\"inLanguage\":\"es\",\"@id\":\"https:\/\/secure.gravatar.com\/avatar\/91f7f6be799f1c9d8ed3565c1642b4ce01fbc229bfdea97f4177fd0d6049cbfe?s=96&d=mm&r=g\",\"url\":\"https:\/\/secure.gravatar.com\/avatar\/91f7f6be799f1c9d8ed3565c1642b4ce01fbc229bfdea97f4177fd0d6049cbfe?s=96&d=mm&r=g\",\"contentUrl\":\"https:\/\/secure.gravatar.com\/avatar\/91f7f6be799f1c9d8ed3565c1642b4ce01fbc229bfdea97f4177fd0d6049cbfe?s=96&d=mm&r=g\",\"caption\":\"Tailane Santos\"},\"sameAs\":[\"http:\/\/wwww.gay.blog.br\",\"https:\/\/facebook.com\/gayblogbr\",\"https:\/\/instagram.com\/gayblogbr\",\"https:\/\/www.linkedin.com\/company\/gayblogbr\/\",\"http:\/\/pinterest.com\/gayblogbr\/\",\"https:\/\/x.com\/http:\/\/twitter.com\/gayblogbr\",\"https:\/\/www.youtube.com\/channel\/UCdEu3JXLOB-wvWAVUF4AIiA\"],\"url\":\"https:\/\/gay.blog.br\/es\/author\/tailane\/\"}]}<\/script>\n<!-- \/ Yoast SEO plugin. -->","yoast_head_json":{"title":"El hermano de Bolsonaro se convierte en acusado en un caso de homofobia y amenazas","description":"Angelo Guido fue denunciado por el Ministerio P\u00fablico de San Pablo tras acusaciones de homofobia y amenazas contra un empleado de supermercado","robots":{"index":"index","follow":"follow","max-snippet":"max-snippet:-1","max-image-preview":"max-image-preview:large","max-video-preview":"max-video-preview:-1"},"canonical":"https:\/\/gay.blog.br\/es\/noticias\/hermano-de-bolsonaro-se-convierte-en-acusado-en-caso-de-homofobia-y-amenaza-a-joven\/","og_locale":"es_ES","og_type":"article","og_title":"El hermano de Bolsonaro se convierte en acusado en un caso de homofobia y amenazas","og_description":"Angelo Guido fue denunciado por el Ministerio P\u00fablico de San Pablo tras acusaciones de homofobia y amenazas contra un empleado de supermercado","og_url":"https:\/\/gay.blog.br\/es\/noticias\/hermano-de-bolsonaro-se-convierte-en-acusado-en-caso-de-homofobia-y-amenaza-a-joven\/","og_site_name":"GAY BLOG BR @gayblogbr","article_publisher":"https:\/\/facebook.com\/gayblogbr","article_author":"https:\/\/facebook.com\/gayblogbr","article_published_time":"2024-03-29T21:01:17+00:00","article_modified_time":"2024-04-06T17:45:22+00:00","og_image":[{"width":993,"height":720,"url":"https:\/\/gay.blog.br\/wp-content\/uploads\/2024\/03\/Design-sem-nome-15.jpg","type":"image\/jpeg"}],"author":"Tailane Santos","twitter_card":"summary_large_image","twitter_creator":"@http:\/\/twitter.com\/gayblogbr","twitter_site":"@gayblogbr","twitter_misc":{"Escrito por":"Tailane Santos","Tiempo de lectura":"3 minutos"},"schema":{"@context":"https:\/\/schema.org","@graph":[{"@type":"Article","@id":"https:\/\/gay.blog.br\/es\/noticias\/hermano-de-bolsonaro-se-convierte-en-acusado-en-caso-de-homofobia-y-amenaza-a-joven\/#article","isPartOf":{"@id":"https:\/\/gay.blog.br\/es\/noticias\/hermano-de-bolsonaro-se-convierte-en-acusado-en-caso-de-homofobia-y-amenaza-a-joven\/"},"author":{"name":"Tailane Santos","@id":"https:\/\/gay.blog.br\/es\/#\/schema\/person\/e0fca12cd80b5bbe6906c6053a688b8d"},"headline":"Hermano de Bolsonaro se convierte en acusado en caso de homofobia y amenaza a joven","datePublished":"2024-03-29T21:01:17+00:00","dateModified":"2024-04-06T17:45:22+00:00","mainEntityOfPage":{"@id":"https:\/\/gay.blog.br\/es\/noticias\/hermano-de-bolsonaro-se-convierte-en-acusado-en-caso-de-homofobia-y-amenaza-a-joven\/"},"wordCount":351,"commentCount":0,"publisher":{"@id":"https:\/\/gay.blog.br\/es\/#organization"},"image":{"@id":"https:\/\/gay.blog.br\/es\/noticias\/hermano-de-bolsonaro-se-convierte-en-acusado-en-caso-de-homofobia-y-amenaza-a-joven\/#primaryimage"},"thumbnailUrl":"https:\/\/i0.wp.com\/gay.blog.br\/wp-content\/uploads\/2024\/03\/Design-sem-nome-15.jpg?fit=993%2C720&ssl=1","keywords":["Angelo Guido Bolsonaro","jair bolsonaro"],"articleSection":["NOT\u00cdCIAS"],"inLanguage":"es","potentialAction":[{"@type":"CommentAction","name":"Comment","target":["https:\/\/gay.blog.br\/es\/noticias\/hermano-de-bolsonaro-se-convierte-en-acusado-en-caso-de-homofobia-y-amenaza-a-joven\/#respond"]}]},{"@type":"WebPage","@id":"https:\/\/gay.blog.br\/es\/noticias\/hermano-de-bolsonaro-se-convierte-en-acusado-en-caso-de-homofobia-y-amenaza-a-joven\/","url":"https:\/\/gay.blog.br\/es\/noticias\/hermano-de-bolsonaro-se-convierte-en-acusado-en-caso-de-homofobia-y-amenaza-a-joven\/","name":"El hermano de Bolsonaro se convierte en acusado en un caso de homofobia y amenazas","isPartOf":{"@id":"https:\/\/gay.blog.br\/es\/#website"},"primaryImageOfPage":{"@id":"https:\/\/gay.blog.br\/es\/noticias\/hermano-de-bolsonaro-se-convierte-en-acusado-en-caso-de-homofobia-y-amenaza-a-joven\/#primaryimage"},"image":{"@id":"https:\/\/gay.blog.br\/es\/noticias\/hermano-de-bolsonaro-se-convierte-en-acusado-en-caso-de-homofobia-y-amenaza-a-joven\/#primaryimage"},"thumbnailUrl":"https:\/\/i0.wp.com\/gay.blog.br\/wp-content\/uploads\/2024\/03\/Design-sem-nome-15.jpg?fit=993%2C720&ssl=1","datePublished":"2024-03-29T21:01:17+00:00","dateModified":"2024-04-06T17:45:22+00:00","description":"Angelo Guido fue denunciado por el Ministerio P\u00fablico de San Pablo tras acusaciones de homofobia y amenazas contra un empleado de supermercado","breadcrumb":{"@id":"https:\/\/gay.blog.br\/es\/noticias\/hermano-de-bolsonaro-se-convierte-en-acusado-en-caso-de-homofobia-y-amenaza-a-joven\/#breadcrumb"},"inLanguage":"es","potentialAction":[{"@type":"ReadAction","target":["https:\/\/gay.blog.br\/es\/noticias\/hermano-de-bolsonaro-se-convierte-en-acusado-en-caso-de-homofobia-y-amenaza-a-joven\/"]}]},{"@type":"ImageObject","inLanguage":"es","@id":"https:\/\/gay.blog.br\/es\/noticias\/hermano-de-bolsonaro-se-convierte-en-acusado-en-caso-de-homofobia-y-amenaza-a-joven\/#primaryimage","url":"https:\/\/i0.wp.com\/gay.blog.br\/wp-content\/uploads\/2024\/03\/Design-sem-nome-15.jpg?fit=993%2C720&ssl=1","contentUrl":"https:\/\/i0.wp.com\/gay.blog.br\/wp-content\/uploads\/2024\/03\/Design-sem-nome-15.jpg?fit=993%2C720&ssl=1","width":993,"height":720,"caption":"Eduardo, Jair e Angelo Bolsonaro (Foto: reprodu\u00e7\u00e3o)"},{"@type":"BreadcrumbList","@id":"https:\/\/gay.blog.br\/es\/noticias\/hermano-de-bolsonaro-se-convierte-en-acusado-en-caso-de-homofobia-y-amenaza-a-joven\/#breadcrumb","itemListElement":[{"@type":"ListItem","position":1,"name":"In\u00edcio","item":"https:\/\/gay.blog.br\/es\/"},{"@type":"ListItem","position":2,"name":"Hermano de Bolsonaro se convierte en acusado en caso de homofobia y amenaza a joven"}]},{"@type":"WebSite","@id":"https:\/\/gay.blog.br\/es\/#website","url":"https:\/\/gay.blog.br\/es\/","name":"GAY BLOG BR @gayblogbr","description":"Not\u00edcias que empoderam e\/ou entret\u00eam s\u00e3o especialidades da casa","publisher":{"@id":"https:\/\/gay.blog.br\/es\/#organization"},"potentialAction":[{"@type":"SearchAction","target":{"@type":"EntryPoint","urlTemplate":"https:\/\/gay.blog.br\/es\/?s={search_term_string}"},"query-input":{"@type":"PropertyValueSpecification","valueRequired":true,"valueName":"search_term_string"}}],"inLanguage":"es"},{"@type":"Organization","@id":"https:\/\/gay.blog.br\/es\/#organization","name":"GAY BLOG BR","url":"https:\/\/gay.blog.br\/es\/","logo":{"@type":"ImageObject","inLanguage":"es","@id":"https:\/\/gay.blog.br\/es\/#\/schema\/logo\/image\/","url":"https:\/\/i0.wp.com\/gay.blog.br\/wp-content\/uploads\/2023\/08\/gay180px.png?fit=272%2C90&ssl=1","contentUrl":"https:\/\/i0.wp.com\/gay.blog.br\/wp-content\/uploads\/2023\/08\/gay180px.png?fit=272%2C90&ssl=1","width":272,"height":90,"caption":"GAY BLOG BR"},"image":{"@id":"https:\/\/gay.blog.br\/es\/#\/schema\/logo\/image\/"},"sameAs":["https:\/\/facebook.com\/gayblogbr","https:\/\/x.com\/gayblogbr","https:\/\/instagram.com\/gayblogbr","https:\/\/www.linkedin.com\/company\/gayblogbr\/","https:\/\/br.pinterest.com\/gayblogbr\/","https:\/\/www.youtube.com\/channel\/UCdEu3JXLOB-wvWAVUF4AIiA","https:\/\/pt.wikipedia.org\/wiki\/Gay_Blog_Br","https:\/\/www.threads.net\/@gayblogbr"]},{"@type":"Person","@id":"https:\/\/gay.blog.br\/es\/#\/schema\/person\/e0fca12cd80b5bbe6906c6053a688b8d","name":"Tailane Santos","image":{"@type":"ImageObject","inLanguage":"es","@id":"https:\/\/secure.gravatar.com\/avatar\/91f7f6be799f1c9d8ed3565c1642b4ce01fbc229bfdea97f4177fd0d6049cbfe?s=96&d=mm&r=g","url":"https:\/\/secure.gravatar.com\/avatar\/91f7f6be799f1c9d8ed3565c1642b4ce01fbc229bfdea97f4177fd0d6049cbfe?s=96&d=mm&r=g","contentUrl":"https:\/\/secure.gravatar.com\/avatar\/91f7f6be799f1c9d8ed3565c1642b4ce01fbc229bfdea97f4177fd0d6049cbfe?s=96&d=mm&r=g","caption":"Tailane Santos"},"sameAs":["http:\/\/wwww.gay.blog.br","https:\/\/facebook.com\/gayblogbr","https:\/\/instagram.com\/gayblogbr","https:\/\/www.linkedin.com\/company\/gayblogbr\/","http:\/\/pinterest.com\/gayblogbr\/","https:\/\/x.com\/http:\/\/twitter.com\/gayblogbr","https:\/\/www.youtube.com\/channel\/UCdEu3JXLOB-wvWAVUF4AIiA"],"url":"https:\/\/gay.blog.br\/es\/author\/tailane\/"}]}},"jetpack_publicize_connections":[],"jetpack_featured_media_url":"https:\/\/i0.wp.com\/gay.blog.br\/wp-content\/uploads\/2024\/03\/Design-sem-nome-15.jpg?fit=993%2C720&ssl=1","jetpack_sharing_enabled":true,"jetpack_shortlink":"https:\/\/wp.me\/p6klkK-TRg","jetpack_likes_enabled":false,"amp_enabled":true,"_links":{"self":[{"href":"https:\/\/gay.blog.br\/es\/wp-json\/wp\/v2\/posts\/214722","targetHints":{"allow":["GET"]}}],"collection":[{"href":"https:\/\/gay.blog.br\/es\/wp-json\/wp\/v2\/posts"}],"about":[{"href":"https:\/\/gay.blog.br\/es\/wp-json\/wp\/v2\/types\/post"}],"author":[{"embeddable":true,"href":"https:\/\/gay.blog.br\/es\/wp-json\/wp\/v2\/users\/3757"}],"replies":[{"embeddable":true,"href":"https:\/\/gay.blog.br\/es\/wp-json\/wp\/v2\/comments?post=214722"}],"version-history":[{"count":2,"href":"https:\/\/gay.blog.br\/es\/wp-json\/wp\/v2\/posts\/214722\/revisions"}],"predecessor-version":[{"id":215107,"href":"https:\/\/gay.blog.br\/es\/wp-json\/wp\/v2\/posts\/214722\/revisions\/215107"}],"wp:featuredmedia":[{"embeddable":true,"href":"https:\/\/gay.blog.br\/es\/wp-json\/wp\/v2\/media\/214344"}],"wp:attachment":[{"href":"https:\/\/gay.blog.br\/es\/wp-json\/wp\/v2\/media?parent=214722"}],"wp:term":[{"taxonomy":"category","embeddable":true,"href":"https:\/\/gay.blog.br\/es\/wp-json\/wp\/v2\/categories?post=214722"},{"taxonomy":"post_tag","embeddable":true,"href":"https:\/\/gay.blog.br\/es\/wp-json\/wp\/v2\/tags?post=214722"}],"curies":[{"name":"wp","href":"https:\/\/api.w.org\/{rel}","templated":true}]}}