{"id":216995,"date":"2024-04-23T12:55:36","date_gmt":"2024-04-23T15:55:36","guid":{"rendered":"https:\/\/gay.blog.br\/?p=216995"},"modified":"2024-04-27T13:34:19","modified_gmt":"2024-04-27T16:34:19","slug":"el-desfile-de-san-pablo-anuncia-la-fecha-y-el-tema-de-su-edicion-de-2024","status":"publish","type":"post","link":"https:\/\/gay.blog.br\/es\/orgullo\/el-desfile-de-san-pablo-anuncia-la-fecha-y-el-tema-de-su-edicion-de-2024\/","title":{"rendered":"El Desfile de San Pablo anuncia la fecha y el tema de su edici\u00f3n de 2024"},"content":{"rendered":"<p style=\"text-align: justify;\">En este a\u00f1o, el 28\u00ba <a href=\"https:\/\/gay.blog.br\/?s=Parada+do+Orgulho+LGBT\">Desfile del Orgullo LGBT+<\/a> de <a href=\"https:\/\/gay.blog.br\/?s=s%C3%A3o+paulo\">San Pablo<\/a>, que tendr\u00e1 lugar el d\u00eda 02 de junio, en la Avenida Paulista, recibe el tema: \u00ab<strong>Basta de Negligencia y Retroceso en el Legislativo &#8211; Vote con conciencia por los derechos de la poblaci\u00f3n LGBT+<\/strong>\u00ab. La idea es concienciar a la comunidad para que desempe\u00f1e un papel m\u00e1s activo en la elecci\u00f3n de los representantes legislativos (intendentes y concejales) que representar\u00e1n a los municipios brasile\u00f1os en las elecciones de este a\u00f1o.<\/p>\n<p style=\"text-align: justify;\">La <strong>Asociaci\u00f3n del Desfile del Orgullo LGBT de San Pablo (APOLGBT-SP)<\/strong> trajo este tema con la intenci\u00f3n de incentivar discursos para que Brasil tenga m\u00e1s representantes que reciban y comprendan las demandas de la poblaci\u00f3n LGBTQIA+, ofreciendo m\u00e1s leyes inclusivas y comprometidas con la diversidad.<\/p>\n<p style=\"text-align: justify;\">\u00ab<em>Ante este escenario, es imperativo que el Congreso y las c\u00e1maras legislativas adopten una postura m\u00e1s incluyente, progresista y enf\u00e1tica, que garantice la igualdad y proteja los derechos de todas las personas<\/em>\u00ab, comenta la comunicaci\u00f3n de <strong>APOLGBT-SP<\/strong>, que hace hincapi\u00e9 en la importancia de la concienciaci\u00f3n social y la empat\u00eda para avanzar en la legislaci\u00f3n y combatir la LGTBfobia.<\/p>\n<p style=\"text-align: justify;\">Actualmente, las c\u00e1maras legislativas a\u00fan enfrentan desaf\u00edos en la agenda de derechos LGBTQIA+, ya que existen grupos que est\u00e1n en contra de estos derechos e intentan estancar el avance de las pol\u00edticas p\u00fablicas dirigidas al \u00e1rea.<\/p>\n<figure id=\"attachment_216927\" aria-describedby=\"caption-attachment-216927\" style=\"width: 1177px\" class=\"wp-caption aligncenter\"><a href=\"https:\/\/scruff.app.link\/Gayblog_br_Press\"><img data-recalc-dims=\"1\" loading=\"lazy\" decoding=\"async\" class=\"size-full wp-image-216927\" src=\"https:\/\/i0.wp.com\/gay.blog.br\/wp-content\/uploads\/2024\/04\/KV-PARADA-FINAL.jpg?resize=696%2C982&#038;ssl=1\" alt=\"\" width=\"696\" height=\"982\" srcset=\"https:\/\/i0.wp.com\/gay.blog.br\/wp-content\/uploads\/2024\/04\/KV-PARADA-FINAL.jpg?w=1177&amp;ssl=1 1177w, https:\/\/i0.wp.com\/gay.blog.br\/wp-content\/uploads\/2024\/04\/KV-PARADA-FINAL.jpg?resize=213%2C300&amp;ssl=1 213w, https:\/\/i0.wp.com\/gay.blog.br\/wp-content\/uploads\/2024\/04\/KV-PARADA-FINAL.jpg?resize=726%2C1024&amp;ssl=1 726w, https:\/\/i0.wp.com\/gay.blog.br\/wp-content\/uploads\/2024\/04\/KV-PARADA-FINAL.jpg?resize=106%2C150&amp;ssl=1 106w, https:\/\/i0.wp.com\/gay.blog.br\/wp-content\/uploads\/2024\/04\/KV-PARADA-FINAL.jpg?resize=768%2C1084&amp;ssl=1 768w, https:\/\/i0.wp.com\/gay.blog.br\/wp-content\/uploads\/2024\/04\/KV-PARADA-FINAL.jpg?resize=1088%2C1536&amp;ssl=1 1088w, https:\/\/i0.wp.com\/gay.blog.br\/wp-content\/uploads\/2024\/04\/KV-PARADA-FINAL.jpg?resize=298%2C420&amp;ssl=1 298w, https:\/\/i0.wp.com\/gay.blog.br\/wp-content\/uploads\/2024\/04\/KV-PARADA-FINAL.jpg?resize=595%2C840&amp;ssl=1 595w, https:\/\/i0.wp.com\/gay.blog.br\/wp-content\/uploads\/2024\/04\/KV-PARADA-FINAL.jpg?resize=696%2C982&amp;ssl=1 696w, https:\/\/i0.wp.com\/gay.blog.br\/wp-content\/uploads\/2024\/04\/KV-PARADA-FINAL.jpg?resize=1068%2C1507&amp;ssl=1 1068w\" sizes=\"auto, (max-width: 696px) 100vw, 696px\" \/><\/a><figcaption id=\"caption-attachment-216927\" class=\"wp-caption-text\">Foto: reproducci\u00f3n<\/figcaption><\/figure>\n<h3 style=\"text-align: left;\">Desfile de SP confirma 23\u00aa Feira de la Diversidad<\/h3>\n<p style=\"text-align: justify;\">Adem\u00e1s del Desfile, <strong>APOLGBT-SP<\/strong> tambi\u00e9n anunci\u00f3 la 23\u00aa Feria Cultural de la Diversidad LGBT+, que tendr\u00e1 lugar el 30 de mayo, el mismo d\u00eda de la festividad del Corpus Christi. El evento pretende promover un espacio de celebraci\u00f3n y visibilidad para la comunidad LGBTQIA+, antes del 28\u00ba Desfile del Orgullo LGBT+ de San Pablo, que tendr\u00e1 lugar el 2 de junio.<\/p>\n<h3>Servicio<\/h3>\n<p><strong>28\u00aa Desfile del Orgullo LGBT+ de San Pablo<\/strong><br \/>\nDomingo, 02 de junio<br \/>\nA partir de las 10:00 horas<br \/>\nAvenida Paulista, San Pablo &#8211; SP, Brasil<\/p>\n<blockquote class=\"wp-embedded-content\" data-secret=\"QF6R1IqUny\"><p><a href=\"https:\/\/gay.blog.br\/noticias\/parada-sp-confira-23a-feira-da-diversidade-e-abre-inscricoes-para-expositores\/\">Parada SP confirma 23\u00aa Feira da Diversidade e abre inscri\u00e7\u00f5es para expositores<\/a><\/p><\/blockquote>\n<p><iframe loading=\"lazy\" class=\"wp-embedded-content\" sandbox=\"allow-scripts\" security=\"restricted\" style=\"position: absolute; clip: rect(1px, 1px, 1px, 1px);\" title=\"\u00abParada SP confirma 23\u00aa Feira da Diversidade e abre inscri\u00e7\u00f5es para expositores\u00bb \u2014 GAY BLOG BR @gayblogbr\" src=\"https:\/\/gay.blog.br\/noticias\/parada-sp-confira-23a-feira-da-diversidade-e-abre-inscricoes-para-expositores\/embed\/#?secret=Vtg6Ho71cF#?secret=QF6R1IqUny\" data-secret=\"QF6R1IqUny\" width=\"600\" height=\"338\" frameborder=\"0\" marginwidth=\"0\" marginheight=\"0\" scrolling=\"no\"><\/iframe><\/p>\n","protected":false},"excerpt":{"rendered":"<p>El 28\u00ba Desfile LGBT+ de San Pablo tendr\u00e1 lugar el 2 de junio y, por ser a\u00f1o electoral, el tema ser\u00e1 el \u00abvoto consciente\u00bb<\/p>\n","protected":false},"author":3758,"featured_media":217333,"comment_status":"open","ping_status":"open","sticky":false,"template":"","format":"standard","meta":{"googlesitekit_rrm_CAoiEBg-BXrJeACjO8p49SE4kTY:productID":"","tdm_status":"","tdm_grid_status":"","_jetpack_newsletter_access":"","_jetpack_dont_email_post_to_subs":false,"_jetpack_newsletter_tier_id":0,"_jetpack_memberships_contains_paywalled_content":false,"_jetpack_memberships_contains_paid_content":false,"footnotes":"","jetpack_publicize_message":"El Desfile de San Pablo anuncia la fecha y el tema de su edici\u00f3n de 2024","jetpack_publicize_feature_enabled":true,"jetpack_social_post_already_shared":true,"jetpack_social_options":{"image_generator_settings":{"template":"highway","default_image_id":0,"font":"","enabled":false},"version":2},"_wpas_customize_per_network":false,"jetpack_post_was_ever_published":false},"categories":[589932374,589932231,589932409,589932383],"tags":[589934044,589933482,589932553,589950154,589950155],"class_list":{"0":"post-216995","1":"post","2":"type-post","3":"status-publish","4":"format-standard","5":"has-post-thumbnail","7":"category-derechos","8":"category-noticias-es","9":"category-orgullo","10":"category-politica-es","11":"tag-desfile-lgbt","12":"tag-politica-es","13":"tag-sao-paulo-es","14":"tag-voto-es","15":"tag-voto-consciente-es"},"yoast_head":"<!-- This site is optimized with the Yoast SEO plugin v27.4 - https:\/\/yoast.com\/product\/yoast-seo-wordpress\/ -->\n<title>El Desfile de San Pablo anuncia la fecha y el tema de su edici\u00f3n de 2024<\/title>\n<meta name=\"description\" content=\"El 28\u00ba Desfile LGBT+ de San Pablo tendr\u00e1 lugar el 2 de junio y, por ser a\u00f1o electoral, el tema ser\u00e1 el &quot;voto consciente&quot;\" \/>\n<meta name=\"robots\" content=\"index, follow, max-snippet:-1, max-image-preview:large, max-video-preview:-1\" \/>\n<link rel=\"canonical\" href=\"https:\/\/gay.blog.br\/es\/orgullo\/el-desfile-de-san-pablo-anuncia-la-fecha-y-el-tema-de-su-edicion-de-2024\/\" \/>\n<meta property=\"og:locale\" content=\"es_ES\" \/>\n<meta property=\"og:type\" content=\"article\" \/>\n<meta property=\"og:title\" content=\"El Desfile de San Pablo anuncia la fecha y el tema de su edici\u00f3n de 2024\" \/>\n<meta property=\"og:description\" content=\"El 28\u00ba Desfile LGBT+ de San Pablo tendr\u00e1 lugar el 2 de junio y, por ser a\u00f1o electoral, el tema ser\u00e1 el &quot;voto consciente&quot;\" \/>\n<meta property=\"og:url\" content=\"https:\/\/gay.blog.br\/es\/orgullo\/el-desfile-de-san-pablo-anuncia-la-fecha-y-el-tema-de-su-edicion-de-2024\/\" \/>\n<meta property=\"og:site_name\" content=\"GAY BLOG BR @gayblogbr\" \/>\n<meta property=\"article:publisher\" content=\"https:\/\/facebook.com\/gayblogbr\" \/>\n<meta property=\"article:published_time\" content=\"2024-04-23T15:55:36+00:00\" \/>\n<meta property=\"article:modified_time\" content=\"2024-04-27T16:34:19+00:00\" \/>\n<meta property=\"og:image\" content=\"https:\/\/gay.blog.br\/wp-content\/uploads\/2024\/04\/parada-sp-gay-blog.webp\" \/>\n\t<meta property=\"og:image:width\" content=\"1008\" \/>\n\t<meta property=\"og:image:height\" content=\"672\" \/>\n\t<meta property=\"og:image:type\" content=\"image\/webp\" \/>\n<meta name=\"author\" content=\"Laura Gaspar\" \/>\n<meta name=\"twitter:card\" content=\"summary_large_image\" \/>\n<meta name=\"twitter:creator\" content=\"@gayblogbr\" \/>\n<meta name=\"twitter:site\" content=\"@gayblogbr\" \/>\n<meta name=\"twitter:label1\" content=\"Escrito por\" \/>\n\t<meta name=\"twitter:data1\" content=\"Laura Gaspar\" \/>\n\t<meta name=\"twitter:label2\" content=\"Tiempo de lectura\" \/>\n\t<meta name=\"twitter:data2\" content=\"3 minutos\" \/>\n<script type=\"application\/ld+json\" class=\"yoast-schema-graph\">{\"@context\":\"https:\\\/\\\/schema.org\",\"@graph\":[{\"@type\":\"Article\",\"@id\":\"https:\\\/\\\/gay.blog.br\\\/es\\\/orgullo\\\/el-desfile-de-san-pablo-anuncia-la-fecha-y-el-tema-de-su-edicion-de-2024\\\/#article\",\"isPartOf\":{\"@id\":\"https:\\\/\\\/gay.blog.br\\\/es\\\/orgullo\\\/el-desfile-de-san-pablo-anuncia-la-fecha-y-el-tema-de-su-edicion-de-2024\\\/\"},\"author\":{\"name\":\"Laura Gaspar\",\"@id\":\"https:\\\/\\\/gay.blog.br\\\/es\\\/#\\\/schema\\\/person\\\/fa142a7dcb89b23d4491c19736c6ee8c\"},\"headline\":\"El Desfile de San Pablo anuncia la fecha y el tema de su edici\u00f3n de 2024\",\"datePublished\":\"2024-04-23T15:55:36+00:00\",\"dateModified\":\"2024-04-27T16:34:19+00:00\",\"mainEntityOfPage\":{\"@id\":\"https:\\\/\\\/gay.blog.br\\\/es\\\/orgullo\\\/el-desfile-de-san-pablo-anuncia-la-fecha-y-el-tema-de-su-edicion-de-2024\\\/\"},\"wordCount\":372,\"commentCount\":0,\"publisher\":{\"@id\":\"https:\\\/\\\/gay.blog.br\\\/es\\\/#organization\"},\"image\":{\"@id\":\"https:\\\/\\\/gay.blog.br\\\/es\\\/orgullo\\\/el-desfile-de-san-pablo-anuncia-la-fecha-y-el-tema-de-su-edicion-de-2024\\\/#primaryimage\"},\"thumbnailUrl\":\"https:\\\/\\\/i0.wp.com\\\/gay.blog.br\\\/wp-content\\\/uploads\\\/2024\\\/04\\\/parada-sp-gay-blog.webp?fit=1008%2C672&ssl=1\",\"keywords\":[\"desfile lgbt\",\"pol\u00edtica\",\"s\u00e3o paulo\",\"voto\",\"voto consciente\"],\"articleSection\":[\"DERECHOS\",\"NOT\u00cdCIAS\",\"ORGULLO\",\"POL\u00cdTICA\"],\"inLanguage\":\"es\",\"potentialAction\":[{\"@type\":\"CommentAction\",\"name\":\"Comment\",\"target\":[\"https:\\\/\\\/gay.blog.br\\\/es\\\/orgullo\\\/el-desfile-de-san-pablo-anuncia-la-fecha-y-el-tema-de-su-edicion-de-2024\\\/#respond\"]}]},{\"@type\":\"WebPage\",\"@id\":\"https:\\\/\\\/gay.blog.br\\\/es\\\/orgullo\\\/el-desfile-de-san-pablo-anuncia-la-fecha-y-el-tema-de-su-edicion-de-2024\\\/\",\"url\":\"https:\\\/\\\/gay.blog.br\\\/es\\\/orgullo\\\/el-desfile-de-san-pablo-anuncia-la-fecha-y-el-tema-de-su-edicion-de-2024\\\/\",\"name\":\"El Desfile de San Pablo anuncia la fecha y el tema de su edici\u00f3n de 2024\",\"isPartOf\":{\"@id\":\"https:\\\/\\\/gay.blog.br\\\/es\\\/#website\"},\"primaryImageOfPage\":{\"@id\":\"https:\\\/\\\/gay.blog.br\\\/es\\\/orgullo\\\/el-desfile-de-san-pablo-anuncia-la-fecha-y-el-tema-de-su-edicion-de-2024\\\/#primaryimage\"},\"image\":{\"@id\":\"https:\\\/\\\/gay.blog.br\\\/es\\\/orgullo\\\/el-desfile-de-san-pablo-anuncia-la-fecha-y-el-tema-de-su-edicion-de-2024\\\/#primaryimage\"},\"thumbnailUrl\":\"https:\\\/\\\/i0.wp.com\\\/gay.blog.br\\\/wp-content\\\/uploads\\\/2024\\\/04\\\/parada-sp-gay-blog.webp?fit=1008%2C672&ssl=1\",\"datePublished\":\"2024-04-23T15:55:36+00:00\",\"dateModified\":\"2024-04-27T16:34:19+00:00\",\"description\":\"El 28\u00ba Desfile LGBT+ de San Pablo tendr\u00e1 lugar el 2 de junio y, por ser a\u00f1o electoral, el tema ser\u00e1 el \\\"voto consciente\\\"\",\"breadcrumb\":{\"@id\":\"https:\\\/\\\/gay.blog.br\\\/es\\\/orgullo\\\/el-desfile-de-san-pablo-anuncia-la-fecha-y-el-tema-de-su-edicion-de-2024\\\/#breadcrumb\"},\"inLanguage\":\"es\",\"potentialAction\":[{\"@type\":\"ReadAction\",\"target\":[\"https:\\\/\\\/gay.blog.br\\\/es\\\/orgullo\\\/el-desfile-de-san-pablo-anuncia-la-fecha-y-el-tema-de-su-edicion-de-2024\\\/\"]}]},{\"@type\":\"ImageObject\",\"inLanguage\":\"es\",\"@id\":\"https:\\\/\\\/gay.blog.br\\\/es\\\/orgullo\\\/el-desfile-de-san-pablo-anuncia-la-fecha-y-el-tema-de-su-edicion-de-2024\\\/#primaryimage\",\"url\":\"https:\\\/\\\/i0.wp.com\\\/gay.blog.br\\\/wp-content\\\/uploads\\\/2024\\\/04\\\/parada-sp-gay-blog.webp?fit=1008%2C672&ssl=1\",\"contentUrl\":\"https:\\\/\\\/i0.wp.com\\\/gay.blog.br\\\/wp-content\\\/uploads\\\/2024\\\/04\\\/parada-sp-gay-blog.webp?fit=1008%2C672&ssl=1\",\"width\":1008,\"height\":672,\"caption\":\"Parada de SP anuncia data e tema da edi\u00e7\u00e3o de 2024 - Reprodu\u00e7\u00e3o (KevinDavidA7\\\/Estad\u00e3o)\"},{\"@type\":\"BreadcrumbList\",\"@id\":\"https:\\\/\\\/gay.blog.br\\\/es\\\/orgullo\\\/el-desfile-de-san-pablo-anuncia-la-fecha-y-el-tema-de-su-edicion-de-2024\\\/#breadcrumb\",\"itemListElement\":[{\"@type\":\"ListItem\",\"position\":1,\"name\":\"In\u00edcio\",\"item\":\"https:\\\/\\\/gay.blog.br\\\/es\\\/\"},{\"@type\":\"ListItem\",\"position\":2,\"name\":\"El Desfile de San Pablo anuncia la fecha y el tema de su edici\u00f3n de 2024\"}]},{\"@type\":\"WebSite\",\"@id\":\"https:\\\/\\\/gay.blog.br\\\/es\\\/#website\",\"url\":\"https:\\\/\\\/gay.blog.br\\\/es\\\/\",\"name\":\"GAY BLOG BR @gayblogbr\",\"description\":\"Not\u00edcias que empoderam e\\\/ou entret\u00eam s\u00e3o especialidades da casa\",\"publisher\":{\"@id\":\"https:\\\/\\\/gay.blog.br\\\/es\\\/#organization\"},\"potentialAction\":[{\"@type\":\"SearchAction\",\"target\":{\"@type\":\"EntryPoint\",\"urlTemplate\":\"https:\\\/\\\/gay.blog.br\\\/es\\\/?s={search_term_string}\"},\"query-input\":{\"@type\":\"PropertyValueSpecification\",\"valueRequired\":true,\"valueName\":\"search_term_string\"}}],\"inLanguage\":\"es\"},{\"@type\":\"Organization\",\"@id\":\"https:\\\/\\\/gay.blog.br\\\/es\\\/#organization\",\"name\":\"GAY BLOG BR\",\"url\":\"https:\\\/\\\/gay.blog.br\\\/es\\\/\",\"logo\":{\"@type\":\"ImageObject\",\"inLanguage\":\"es\",\"@id\":\"https:\\\/\\\/gay.blog.br\\\/es\\\/#\\\/schema\\\/logo\\\/image\\\/\",\"url\":\"https:\\\/\\\/i0.wp.com\\\/gay.blog.br\\\/wp-content\\\/uploads\\\/2023\\\/08\\\/gay180px.png?fit=272%2C90&ssl=1\",\"contentUrl\":\"https:\\\/\\\/i0.wp.com\\\/gay.blog.br\\\/wp-content\\\/uploads\\\/2023\\\/08\\\/gay180px.png?fit=272%2C90&ssl=1\",\"width\":272,\"height\":90,\"caption\":\"GAY BLOG BR\"},\"image\":{\"@id\":\"https:\\\/\\\/gay.blog.br\\\/es\\\/#\\\/schema\\\/logo\\\/image\\\/\"},\"sameAs\":[\"https:\\\/\\\/facebook.com\\\/gayblogbr\",\"https:\\\/\\\/x.com\\\/gayblogbr\",\"https:\\\/\\\/instagram.com\\\/gayblogbr\",\"https:\\\/\\\/www.linkedin.com\\\/company\\\/gayblogbr\\\/\",\"https:\\\/\\\/br.pinterest.com\\\/gayblogbr\\\/\",\"https:\\\/\\\/www.youtube.com\\\/channel\\\/UCdEu3JXLOB-wvWAVUF4AIiA\",\"https:\\\/\\\/pt.wikipedia.org\\\/wiki\\\/Gay_Blog_Br\",\"https:\\\/\\\/www.threads.net\\\/@gayblogbr\"]},{\"@type\":\"Person\",\"@id\":\"https:\\\/\\\/gay.blog.br\\\/es\\\/#\\\/schema\\\/person\\\/fa142a7dcb89b23d4491c19736c6ee8c\",\"name\":\"Laura Gaspar\",\"image\":{\"@type\":\"ImageObject\",\"inLanguage\":\"es\",\"@id\":\"https:\\\/\\\/secure.gravatar.com\\\/avatar\\\/d4b72ef40ef37e311a2a653e83db617837f543cba0e6763b9f97495af496788f?s=96&d=mm&r=g\",\"url\":\"https:\\\/\\\/secure.gravatar.com\\\/avatar\\\/d4b72ef40ef37e311a2a653e83db617837f543cba0e6763b9f97495af496788f?s=96&d=mm&r=g\",\"contentUrl\":\"https:\\\/\\\/secure.gravatar.com\\\/avatar\\\/d4b72ef40ef37e311a2a653e83db617837f543cba0e6763b9f97495af496788f?s=96&d=mm&r=g\",\"caption\":\"Laura Gaspar\"},\"description\":\"Graduanda em Jornalismo pela UNINTER\",\"sameAs\":[\"http:\\\/\\\/www.gay.blog.br\"],\"url\":\"https:\\\/\\\/gay.blog.br\\\/es\\\/author\\\/lauragaspar\\\/\"}]}<\/script>\n<!-- \/ Yoast SEO plugin. -->","yoast_head_json":{"title":"El Desfile de San Pablo anuncia la fecha y el tema de su edici\u00f3n de 2024","description":"El 28\u00ba Desfile LGBT+ de San Pablo tendr\u00e1 lugar el 2 de junio y, por ser a\u00f1o electoral, el tema ser\u00e1 el \"voto consciente\"","robots":{"index":"index","follow":"follow","max-snippet":"max-snippet:-1","max-image-preview":"max-image-preview:large","max-video-preview":"max-video-preview:-1"},"canonical":"https:\/\/gay.blog.br\/es\/orgullo\/el-desfile-de-san-pablo-anuncia-la-fecha-y-el-tema-de-su-edicion-de-2024\/","og_locale":"es_ES","og_type":"article","og_title":"El Desfile de San Pablo anuncia la fecha y el tema de su edici\u00f3n de 2024","og_description":"El 28\u00ba Desfile LGBT+ de San Pablo tendr\u00e1 lugar el 2 de junio y, por ser a\u00f1o electoral, el tema ser\u00e1 el \"voto consciente\"","og_url":"https:\/\/gay.blog.br\/es\/orgullo\/el-desfile-de-san-pablo-anuncia-la-fecha-y-el-tema-de-su-edicion-de-2024\/","og_site_name":"GAY BLOG BR @gayblogbr","article_publisher":"https:\/\/facebook.com\/gayblogbr","article_published_time":"2024-04-23T15:55:36+00:00","article_modified_time":"2024-04-27T16:34:19+00:00","og_image":[{"width":1008,"height":672,"url":"https:\/\/gay.blog.br\/wp-content\/uploads\/2024\/04\/parada-sp-gay-blog.webp","type":"image\/webp"}],"author":"Laura Gaspar","twitter_card":"summary_large_image","twitter_creator":"@gayblogbr","twitter_site":"@gayblogbr","twitter_misc":{"Escrito por":"Laura Gaspar","Tiempo de lectura":"3 minutos"},"schema":{"@context":"https:\/\/schema.org","@graph":[{"@type":"Article","@id":"https:\/\/gay.blog.br\/es\/orgullo\/el-desfile-de-san-pablo-anuncia-la-fecha-y-el-tema-de-su-edicion-de-2024\/#article","isPartOf":{"@id":"https:\/\/gay.blog.br\/es\/orgullo\/el-desfile-de-san-pablo-anuncia-la-fecha-y-el-tema-de-su-edicion-de-2024\/"},"author":{"name":"Laura Gaspar","@id":"https:\/\/gay.blog.br\/es\/#\/schema\/person\/fa142a7dcb89b23d4491c19736c6ee8c"},"headline":"El Desfile de San Pablo anuncia la fecha y el tema de su edici\u00f3n de 2024","datePublished":"2024-04-23T15:55:36+00:00","dateModified":"2024-04-27T16:34:19+00:00","mainEntityOfPage":{"@id":"https:\/\/gay.blog.br\/es\/orgullo\/el-desfile-de-san-pablo-anuncia-la-fecha-y-el-tema-de-su-edicion-de-2024\/"},"wordCount":372,"commentCount":0,"publisher":{"@id":"https:\/\/gay.blog.br\/es\/#organization"},"image":{"@id":"https:\/\/gay.blog.br\/es\/orgullo\/el-desfile-de-san-pablo-anuncia-la-fecha-y-el-tema-de-su-edicion-de-2024\/#primaryimage"},"thumbnailUrl":"https:\/\/i0.wp.com\/gay.blog.br\/wp-content\/uploads\/2024\/04\/parada-sp-gay-blog.webp?fit=1008%2C672&ssl=1","keywords":["desfile lgbt","pol\u00edtica","s\u00e3o paulo","voto","voto consciente"],"articleSection":["DERECHOS","NOT\u00cdCIAS","ORGULLO","POL\u00cdTICA"],"inLanguage":"es","potentialAction":[{"@type":"CommentAction","name":"Comment","target":["https:\/\/gay.blog.br\/es\/orgullo\/el-desfile-de-san-pablo-anuncia-la-fecha-y-el-tema-de-su-edicion-de-2024\/#respond"]}]},{"@type":"WebPage","@id":"https:\/\/gay.blog.br\/es\/orgullo\/el-desfile-de-san-pablo-anuncia-la-fecha-y-el-tema-de-su-edicion-de-2024\/","url":"https:\/\/gay.blog.br\/es\/orgullo\/el-desfile-de-san-pablo-anuncia-la-fecha-y-el-tema-de-su-edicion-de-2024\/","name":"El Desfile de San Pablo anuncia la fecha y el tema de su edici\u00f3n de 2024","isPartOf":{"@id":"https:\/\/gay.blog.br\/es\/#website"},"primaryImageOfPage":{"@id":"https:\/\/gay.blog.br\/es\/orgullo\/el-desfile-de-san-pablo-anuncia-la-fecha-y-el-tema-de-su-edicion-de-2024\/#primaryimage"},"image":{"@id":"https:\/\/gay.blog.br\/es\/orgullo\/el-desfile-de-san-pablo-anuncia-la-fecha-y-el-tema-de-su-edicion-de-2024\/#primaryimage"},"thumbnailUrl":"https:\/\/i0.wp.com\/gay.blog.br\/wp-content\/uploads\/2024\/04\/parada-sp-gay-blog.webp?fit=1008%2C672&ssl=1","datePublished":"2024-04-23T15:55:36+00:00","dateModified":"2024-04-27T16:34:19+00:00","description":"El 28\u00ba Desfile LGBT+ de San Pablo tendr\u00e1 lugar el 2 de junio y, por ser a\u00f1o electoral, el tema ser\u00e1 el \"voto consciente\"","breadcrumb":{"@id":"https:\/\/gay.blog.br\/es\/orgullo\/el-desfile-de-san-pablo-anuncia-la-fecha-y-el-tema-de-su-edicion-de-2024\/#breadcrumb"},"inLanguage":"es","potentialAction":[{"@type":"ReadAction","target":["https:\/\/gay.blog.br\/es\/orgullo\/el-desfile-de-san-pablo-anuncia-la-fecha-y-el-tema-de-su-edicion-de-2024\/"]}]},{"@type":"ImageObject","inLanguage":"es","@id":"https:\/\/gay.blog.br\/es\/orgullo\/el-desfile-de-san-pablo-anuncia-la-fecha-y-el-tema-de-su-edicion-de-2024\/#primaryimage","url":"https:\/\/i0.wp.com\/gay.blog.br\/wp-content\/uploads\/2024\/04\/parada-sp-gay-blog.webp?fit=1008%2C672&ssl=1","contentUrl":"https:\/\/i0.wp.com\/gay.blog.br\/wp-content\/uploads\/2024\/04\/parada-sp-gay-blog.webp?fit=1008%2C672&ssl=1","width":1008,"height":672,"caption":"Parada de SP anuncia data e tema da edi\u00e7\u00e3o de 2024 - Reprodu\u00e7\u00e3o (KevinDavidA7\/Estad\u00e3o)"},{"@type":"BreadcrumbList","@id":"https:\/\/gay.blog.br\/es\/orgullo\/el-desfile-de-san-pablo-anuncia-la-fecha-y-el-tema-de-su-edicion-de-2024\/#breadcrumb","itemListElement":[{"@type":"ListItem","position":1,"name":"In\u00edcio","item":"https:\/\/gay.blog.br\/es\/"},{"@type":"ListItem","position":2,"name":"El Desfile de San Pablo anuncia la fecha y el tema de su edici\u00f3n de 2024"}]},{"@type":"WebSite","@id":"https:\/\/gay.blog.br\/es\/#website","url":"https:\/\/gay.blog.br\/es\/","name":"GAY BLOG BR @gayblogbr","description":"Not\u00edcias que empoderam e\/ou entret\u00eam s\u00e3o especialidades da casa","publisher":{"@id":"https:\/\/gay.blog.br\/es\/#organization"},"potentialAction":[{"@type":"SearchAction","target":{"@type":"EntryPoint","urlTemplate":"https:\/\/gay.blog.br\/es\/?s={search_term_string}"},"query-input":{"@type":"PropertyValueSpecification","valueRequired":true,"valueName":"search_term_string"}}],"inLanguage":"es"},{"@type":"Organization","@id":"https:\/\/gay.blog.br\/es\/#organization","name":"GAY BLOG BR","url":"https:\/\/gay.blog.br\/es\/","logo":{"@type":"ImageObject","inLanguage":"es","@id":"https:\/\/gay.blog.br\/es\/#\/schema\/logo\/image\/","url":"https:\/\/i0.wp.com\/gay.blog.br\/wp-content\/uploads\/2023\/08\/gay180px.png?fit=272%2C90&ssl=1","contentUrl":"https:\/\/i0.wp.com\/gay.blog.br\/wp-content\/uploads\/2023\/08\/gay180px.png?fit=272%2C90&ssl=1","width":272,"height":90,"caption":"GAY BLOG BR"},"image":{"@id":"https:\/\/gay.blog.br\/es\/#\/schema\/logo\/image\/"},"sameAs":["https:\/\/facebook.com\/gayblogbr","https:\/\/x.com\/gayblogbr","https:\/\/instagram.com\/gayblogbr","https:\/\/www.linkedin.com\/company\/gayblogbr\/","https:\/\/br.pinterest.com\/gayblogbr\/","https:\/\/www.youtube.com\/channel\/UCdEu3JXLOB-wvWAVUF4AIiA","https:\/\/pt.wikipedia.org\/wiki\/Gay_Blog_Br","https:\/\/www.threads.net\/@gayblogbr"]},{"@type":"Person","@id":"https:\/\/gay.blog.br\/es\/#\/schema\/person\/fa142a7dcb89b23d4491c19736c6ee8c","name":"Laura Gaspar","image":{"@type":"ImageObject","inLanguage":"es","@id":"https:\/\/secure.gravatar.com\/avatar\/d4b72ef40ef37e311a2a653e83db617837f543cba0e6763b9f97495af496788f?s=96&d=mm&r=g","url":"https:\/\/secure.gravatar.com\/avatar\/d4b72ef40ef37e311a2a653e83db617837f543cba0e6763b9f97495af496788f?s=96&d=mm&r=g","contentUrl":"https:\/\/secure.gravatar.com\/avatar\/d4b72ef40ef37e311a2a653e83db617837f543cba0e6763b9f97495af496788f?s=96&d=mm&r=g","caption":"Laura Gaspar"},"description":"Graduanda em Jornalismo pela UNINTER","sameAs":["http:\/\/www.gay.blog.br"],"url":"https:\/\/gay.blog.br\/es\/author\/lauragaspar\/"}]}},"jetpack_publicize_connections":[],"jetpack_featured_media_url":"https:\/\/i0.wp.com\/gay.blog.br\/wp-content\/uploads\/2024\/04\/parada-sp-gay-blog.webp?fit=1008%2C672&ssl=1","jetpack_sharing_enabled":true,"jetpack_shortlink":"https:\/\/wp.me\/p6klkK-UrV","jetpack_likes_enabled":false,"amp_enabled":true,"_links":{"self":[{"href":"https:\/\/gay.blog.br\/es\/wp-json\/wp\/v2\/posts\/216995","targetHints":{"allow":["GET"]}}],"collection":[{"href":"https:\/\/gay.blog.br\/es\/wp-json\/wp\/v2\/posts"}],"about":[{"href":"https:\/\/gay.blog.br\/es\/wp-json\/wp\/v2\/types\/post"}],"author":[{"embeddable":true,"href":"https:\/\/gay.blog.br\/es\/wp-json\/wp\/v2\/users\/3758"}],"replies":[{"embeddable":true,"href":"https:\/\/gay.blog.br\/es\/wp-json\/wp\/v2\/comments?post=216995"}],"version-history":[{"count":2,"href":"https:\/\/gay.blog.br\/es\/wp-json\/wp\/v2\/posts\/216995\/revisions"}],"predecessor-version":[{"id":217474,"href":"https:\/\/gay.blog.br\/es\/wp-json\/wp\/v2\/posts\/216995\/revisions\/217474"}],"wp:featuredmedia":[{"embeddable":true,"href":"https:\/\/gay.blog.br\/es\/wp-json\/wp\/v2\/media\/217333"}],"wp:attachment":[{"href":"https:\/\/gay.blog.br\/es\/wp-json\/wp\/v2\/media?parent=216995"}],"wp:term":[{"taxonomy":"category","embeddable":true,"href":"https:\/\/gay.blog.br\/es\/wp-json\/wp\/v2\/categories?post=216995"},{"taxonomy":"post_tag","embeddable":true,"href":"https:\/\/gay.blog.br\/es\/wp-json\/wp\/v2\/tags?post=216995"}],"curies":[{"name":"wp","href":"https:\/\/api.w.org\/{rel}","templated":true}]}}