{"id":218623,"date":"2024-04-27T17:25:46","date_gmt":"2024-04-27T20:25:46","guid":{"rendered":"https:\/\/gay.blog.br\/?p=218623"},"modified":"2024-06-17T16:54:54","modified_gmt":"2024-06-17T19:54:54","slug":"la-pastora-ana-paula-valadao-condenada-por-asociar-el-sida-con-la-homosexualidad","status":"publish","type":"post","link":"https:\/\/gay.blog.br\/es\/noticias\/la-pastora-ana-paula-valadao-condenada-por-asociar-el-sida-con-la-homosexualidad\/","title":{"rendered":"La pastora Ana Paula Valad\u00e3o, condenada por asociar el sida con la homosexualidad"},"content":{"rendered":"<p style=\"text-align: justify;\">A ra\u00edz de una demanda presentada por la <strong>Alianza Nacional LGBTI+<\/strong>, la pastora y cantante g\u00f3spel <a href=\"https:\/\/gay.blog.br\/?s=Ana+Paula+Valad%C3%A3o\"><strong>Ana Paula Valad\u00e3o<\/strong><\/a> ffue condenada a pagar una indemnizaci\u00f3n de 25.000 reales por da\u00f1os morales colectivos debidos a comentarios discriminatorios que asociaban la pr\u00e1ctica homosexual con la propagaci\u00f3n del virus del <a href=\"https:\/\/gay.blog.br\/?s=HIV\"><strong>HIV<\/strong><\/a>. La sentencia fue dada por el juez de derecho <strong>Hilmar Castelo Branco Raposo Filho<\/strong>, de <strong>21\u00aa Juzgado Civil de Bras\u00edlia del Tribunal de Justicia del Distrito Federal y de los Territorios<\/strong>.<\/p>\n<div class=\"flex-1 overflow-hidden\">\n<div class=\"react-scroll-to-bottom--css-bzbys-79elbk h-full\">\n<div class=\"react-scroll-to-bottom--css-bzbys-1n7m0yu\">\n<div class=\"flex flex-col text-sm pb-9\">\n<div class=\"w-full text-token-text-primary\" dir=\"auto\" data-testid=\"conversation-turn-421\">\n<div class=\"px-4 py-2 justify-center text-base md:gap-6 m-auto\">\n<div class=\"flex flex-1 text-base mx-auto gap-3 juice:gap-4 juice:md:gap-6 md:px-5 lg:px-1 xl:px-5 md:max-w-3xl lg:max-w-[40rem] xl:max-w-[48rem]\">\n<div class=\"relative flex w-full min-w-0 flex-col agent-turn\">\n<div class=\"flex-col gap-1 md:gap-3\">\n<div class=\"flex flex-grow flex-col max-w-full\">\n<div class=\"min-h-[20px] text-message flex flex-col items-start gap-3 whitespace-pre-wrap break-words [.text-message+&amp;]:mt-5 overflow-x-auto\" dir=\"auto\" data-message-author-role=\"assistant\" data-message-id=\"46ae9de0-f5e7-4e8b-981d-860814a6509a\">\n<div class=\"markdown prose w-full break-words dark:prose-invert light\">\n<p style=\"text-align: justify;\">El magistrado afirma que una parte de la poblaci\u00f3n se ha hecho revivir la idea injusta y anticuada de ser culpables de la aparici\u00f3n y propagaci\u00f3n de una terrible enfermedad, que perjudica intereses colectivos fundamentales. \u00ab<em>La manifestaci\u00f3n y difusi\u00f3n de la opini\u00f3n err\u00f3nea atribuye una responsabilidad inexistente a la poblaci\u00f3n LGBTI+, afectando la dignidad de estas personas de manera transindividual, precisamente lo que caracteriza la lesi\u00f3n se\u00f1alada por la demandante<\/em>\u00ab, esta es la decisi\u00f3n.<\/p>\n<p style=\"text-align: justify;\">En la demanda, Ana Paula Valad\u00e3o aleg\u00f3 que estaba ejerciendo su derecho a la libertad de expresi\u00f3n y de religi\u00f3n. Sin embargo, el juez se\u00f1al\u00f3 que sus afirmaciones no est\u00e1n respaldadas por la ciencia ni por la correcta interpretaci\u00f3n de los textos b\u00edblicos.<\/p>\n<figure id=\"attachment_217498\" aria-describedby=\"caption-attachment-217498\" style=\"width: 1195px\" class=\"wp-caption aligncenter\"><a href=\"https:\/\/scruff.app.link\/Gayblog_br_Press\"><img data-recalc-dims=\"1\" loading=\"lazy\" decoding=\"async\" class=\"size-full wp-image-217498\" src=\"https:\/\/i0.wp.com\/gay.blog.br\/wp-content\/uploads\/2024\/04\/WhatsApp-Image-2024-04-27-at-17.20.17.jpeg?resize=696%2C379&#038;ssl=1\" alt=\"\" width=\"696\" height=\"379\" srcset=\"https:\/\/i0.wp.com\/gay.blog.br\/wp-content\/uploads\/2024\/04\/WhatsApp-Image-2024-04-27-at-17.20.17.jpeg?w=1195&amp;ssl=1 1195w, https:\/\/i0.wp.com\/gay.blog.br\/wp-content\/uploads\/2024\/04\/WhatsApp-Image-2024-04-27-at-17.20.17.jpeg?resize=300%2C163&amp;ssl=1 300w, https:\/\/i0.wp.com\/gay.blog.br\/wp-content\/uploads\/2024\/04\/WhatsApp-Image-2024-04-27-at-17.20.17.jpeg?resize=1024%2C557&amp;ssl=1 1024w, https:\/\/i0.wp.com\/gay.blog.br\/wp-content\/uploads\/2024\/04\/WhatsApp-Image-2024-04-27-at-17.20.17.jpeg?resize=150%2C82&amp;ssl=1 150w, https:\/\/i0.wp.com\/gay.blog.br\/wp-content\/uploads\/2024\/04\/WhatsApp-Image-2024-04-27-at-17.20.17.jpeg?resize=768%2C418&amp;ssl=1 768w, https:\/\/i0.wp.com\/gay.blog.br\/wp-content\/uploads\/2024\/04\/WhatsApp-Image-2024-04-27-at-17.20.17.jpeg?resize=772%2C420&amp;ssl=1 772w, https:\/\/i0.wp.com\/gay.blog.br\/wp-content\/uploads\/2024\/04\/WhatsApp-Image-2024-04-27-at-17.20.17.jpeg?resize=696%2C379&amp;ssl=1 696w, https:\/\/i0.wp.com\/gay.blog.br\/wp-content\/uploads\/2024\/04\/WhatsApp-Image-2024-04-27-at-17.20.17.jpeg?resize=1068%2C580&amp;ssl=1 1068w\" sizes=\"auto, (max-width: 696px) 100vw, 696px\" \/><\/a><figcaption id=\"caption-attachment-217498\" class=\"wp-caption-text\">Ana Paula Valad\u00e3o (Foto: reproducci\u00f3n)<\/figcaption><\/figure>\n<h3 style=\"text-align: left;\">Recuerda el caso<\/h3>\n<p style=\"text-align: justify;\">El caso se remonta a 2016, durante la emisi\u00f3n del congreso \u00ab<strong>Na Terra como no C\u00e9u<\/strong>\u00bb (En la Tierra como en el Cielo) por la <strong>red<\/strong> <strong>Super de Televisi\u00f3n<\/strong>, cuando Ana Paula Valad\u00e3o hizo declaraciones consideradas discriminatorias.<\/p>\n<p style=\"text-align: justify;\">La pastora afirm\u00f3 que ser gay \u00ab<em>no es normal<\/em>\u00bb y afirm\u00f3 que las personas homosexuales tienen m\u00e1s probabilidades de contraer el virus VIH, culp\u00e1ndolas de la propagaci\u00f3n. Seg\u00fan ella: \u00ab<em>El <a href=\"https:\/\/www1.folha.uol.com.br\/folha-topicos\/aids\/\" target=\"_blank\" rel=\"nofollow,noreferrer noopener\">Sida<\/a> est\u00e1 ah\u00ed para demostrar que la uni\u00f3n sexual entre dos hombres provoca una enfermedad que lleva a la muerte, contamina a la mujer, en fin&#8230; No es el ideal de Dios<\/em>\u00ab. Tambi\u00e9n subray\u00f3 que el \u00ab<em>sexo seguro<\/em>\u00bb es la alianza del casamiento.<\/p>\n<p style=\"text-align: justify;\">El juez consider\u00f3 que estas declaraciones causaban un \u00abda\u00f1o moral colectivo\u00bb, resucitando injustamente estereotipos y prejuicios.<\/p>\n<p style=\"text-align: justify;\">Para Toni Reis, presidente de Alianza Nacional LGBTI+, la decisi\u00f3n es educativa y subraya la importancia de la libertad de expresi\u00f3n sin atentar contra la dignidad de las personas.<\/p>\n<blockquote class=\"wp-embedded-content\" data-secret=\"antbzdSGx2\"><p><a href=\"https:\/\/gay.blog.br\/noticias\/mpf-investiga-ana-paula-valadao-por-associar-aids-aos-homossexuais\/\">MPF investiga Ana Paula Valad\u00e3o por associar AIDS aos homossexuais<\/a><\/p><\/blockquote>\n<p><iframe loading=\"lazy\" class=\"wp-embedded-content\" sandbox=\"allow-scripts\" security=\"restricted\" style=\"position: absolute; clip: rect(1px, 1px, 1px, 1px);\" title=\"\u00abMPF investiga Ana Paula Valad\u00e3o por associar AIDS aos homossexuais\u00bb \u2014 GAY BLOG BR @gayblogbr\" src=\"https:\/\/gay.blog.br\/noticias\/mpf-investiga-ana-paula-valadao-por-associar-aids-aos-homossexuais\/embed\/#?secret=6LaDDqTByz#?secret=antbzdSGx2\" data-secret=\"antbzdSGx2\" width=\"600\" height=\"338\" frameborder=\"0\" marginwidth=\"0\" marginheight=\"0\" scrolling=\"no\"><\/iframe><\/p>\n<\/div>\n<\/div>\n<\/div>\n<\/div>\n<\/div>\n<\/div>\n<\/div>\n<\/div>\n<\/div>\n<\/div>\n<\/div>\n<\/div>\n","protected":false},"excerpt":{"rendered":"<p>La pastora y cantante g\u00f3spel fue condenada a pagar R$25.000 reales por da\u00f1os y perjuicios tras unos comentarios discriminatorios en 2016<\/p>\n","protected":false},"author":3757,"featured_media":217500,"comment_status":"open","ping_status":"open","sticky":false,"template":"","format":"standard","meta":{"googlesitekit_rrm_CAoiEBg-BXrJeACjO8p49SE4kTY:productID":"","tdm_status":"","tdm_grid_status":"","_jetpack_newsletter_access":"","_jetpack_dont_email_post_to_subs":false,"_jetpack_newsletter_tier_id":0,"_jetpack_memberships_contains_paywalled_content":false,"_jetpack_memberships_contains_paid_content":false,"footnotes":"","jetpack_publicize_message":"La pastora Ana Paula Valad\u00e3o, condenada por asociar el sida con la homosexualidad","jetpack_publicize_feature_enabled":true,"jetpack_social_post_already_shared":true,"jetpack_social_options":{"image_generator_settings":{"template":"highway","default_image_id":0,"font":"","enabled":false},"version":2},"_wpas_customize_per_network":false,"jetpack_post_was_ever_published":false},"categories":[775],"tags":[589930324,589934604,589940438,260391,589920196,21052,73765],"class_list":{"0":"post-218623","1":"post","2":"type-post","3":"status-publish","4":"format-standard","5":"has-post-thumbnail","7":"category-noticias","8":"tag-alianca-nacional-lgbti","9":"tag-ana-paula-valadao","10":"tag-condenada","11":"tag-homofobia","12":"tag-lgbtqia","13":"tag-aids","14":"tag-hiv"},"yoast_head":"<!-- This site is optimized with the Yoast SEO plugin v27.5 - https:\/\/yoast.com\/product\/yoast-seo-wordpress\/ -->\n<title>La pastora Ana Paula Valad\u00e3o, condenada por asociar el sida con la homosexualidad<\/title>\n<meta name=\"description\" content=\"La pastora y cantante g\u00f3spel fue condenada a pagar R$25.000 reales por da\u00f1os y perjuicios tras unos comentarios discriminatorios en 2016\" \/>\n<meta name=\"robots\" content=\"index, follow, max-snippet:-1, max-image-preview:large, max-video-preview:-1\" \/>\n<link rel=\"canonical\" href=\"https:\/\/gay.blog.br\/es\/noticias\/la-pastora-ana-paula-valadao-condenada-por-asociar-el-sida-con-la-homosexualidad\/\" \/>\n<meta property=\"og:locale\" content=\"es_ES\" \/>\n<meta property=\"og:type\" content=\"article\" \/>\n<meta property=\"og:title\" content=\"La pastora Ana Paula Valad\u00e3o, condenada por asociar el sida con la homosexualidad\" \/>\n<meta property=\"og:description\" content=\"La pastora y cantante g\u00f3spel fue condenada a pagar R$25.000 reales por da\u00f1os y perjuicios tras unos comentarios discriminatorios en 2016\" \/>\n<meta property=\"og:url\" content=\"https:\/\/gay.blog.br\/es\/noticias\/la-pastora-ana-paula-valadao-condenada-por-asociar-el-sida-con-la-homosexualidad\/\" \/>\n<meta property=\"og:site_name\" content=\"GAY BLOG BR @gayblogbr\" \/>\n<meta property=\"article:publisher\" content=\"https:\/\/facebook.com\/gayblogbr\" \/>\n<meta property=\"article:author\" content=\"https:\/\/facebook.com\/gayblogbr\" \/>\n<meta property=\"article:published_time\" content=\"2024-04-27T20:25:46+00:00\" \/>\n<meta property=\"article:modified_time\" content=\"2024-06-17T19:54:54+00:00\" \/>\n<meta property=\"og:image\" content=\"https:\/\/gay.blog.br\/wp-content\/uploads\/2024\/04\/WhatsApp-Image-2024-04-27-at-17.20.17.jpeg\" \/>\n\t<meta property=\"og:image:width\" content=\"1195\" \/>\n\t<meta property=\"og:image:height\" content=\"650\" \/>\n\t<meta property=\"og:image:type\" content=\"image\/jpeg\" \/>\n<meta name=\"author\" content=\"Tailane Santos\" \/>\n<meta name=\"twitter:card\" content=\"summary_large_image\" \/>\n<meta name=\"twitter:creator\" content=\"@http:\/\/twitter.com\/gayblogbr\" \/>\n<meta name=\"twitter:site\" content=\"@gayblogbr\" \/>\n<meta name=\"twitter:label1\" content=\"Escrito por\" \/>\n\t<meta name=\"twitter:data1\" content=\"Tailane Santos\" \/>\n\t<meta name=\"twitter:label2\" content=\"Tiempo de lectura\" \/>\n\t<meta name=\"twitter:data2\" content=\"3 minutos\" \/>\n<script type=\"application\/ld+json\" class=\"yoast-schema-graph\">{\"@context\":\"https:\\\/\\\/schema.org\",\"@graph\":[{\"@type\":\"Article\",\"@id\":\"https:\\\/\\\/gay.blog.br\\\/es\\\/noticias\\\/la-pastora-ana-paula-valadao-condenada-por-asociar-el-sida-con-la-homosexualidad\\\/#article\",\"isPartOf\":{\"@id\":\"https:\\\/\\\/gay.blog.br\\\/es\\\/noticias\\\/la-pastora-ana-paula-valadao-condenada-por-asociar-el-sida-con-la-homosexualidad\\\/\"},\"author\":{\"name\":\"Tailane Santos\",\"@id\":\"https:\\\/\\\/gay.blog.br\\\/es\\\/#\\\/schema\\\/person\\\/e0fca12cd80b5bbe6906c6053a688b8d\"},\"headline\":\"La pastora Ana Paula Valad\u00e3o, condenada por asociar el sida con la homosexualidad\",\"datePublished\":\"2024-04-27T20:25:46+00:00\",\"dateModified\":\"2024-06-17T19:54:54+00:00\",\"mainEntityOfPage\":{\"@id\":\"https:\\\/\\\/gay.blog.br\\\/es\\\/noticias\\\/la-pastora-ana-paula-valadao-condenada-por-asociar-el-sida-con-la-homosexualidad\\\/\"},\"wordCount\":424,\"commentCount\":0,\"publisher\":{\"@id\":\"https:\\\/\\\/gay.blog.br\\\/es\\\/#organization\"},\"image\":{\"@id\":\"https:\\\/\\\/gay.blog.br\\\/es\\\/noticias\\\/la-pastora-ana-paula-valadao-condenada-por-asociar-el-sida-con-la-homosexualidad\\\/#primaryimage\"},\"thumbnailUrl\":\"https:\\\/\\\/i0.wp.com\\\/gay.blog.br\\\/wp-content\\\/uploads\\\/2024\\\/04\\\/WhatsApp-Image-2024-04-27-at-17.20.17.jpeg?fit=1195%2C650&ssl=1\",\"keywords\":[\"Alian\u00e7a Nacional LGBTI\",\"Ana Paula Valad\u00e3o\",\"Condenada\",\"homofobia\",\"LGBTQIA\",\"aids\",\"hiv\"],\"articleSection\":[\"NOT\u00cdCIAS\"],\"inLanguage\":\"es\",\"potentialAction\":[{\"@type\":\"CommentAction\",\"name\":\"Comment\",\"target\":[\"https:\\\/\\\/gay.blog.br\\\/es\\\/noticias\\\/la-pastora-ana-paula-valadao-condenada-por-asociar-el-sida-con-la-homosexualidad\\\/#respond\"]}]},{\"@type\":\"WebPage\",\"@id\":\"https:\\\/\\\/gay.blog.br\\\/es\\\/noticias\\\/la-pastora-ana-paula-valadao-condenada-por-asociar-el-sida-con-la-homosexualidad\\\/\",\"url\":\"https:\\\/\\\/gay.blog.br\\\/es\\\/noticias\\\/la-pastora-ana-paula-valadao-condenada-por-asociar-el-sida-con-la-homosexualidad\\\/\",\"name\":\"La pastora Ana Paula Valad\u00e3o, condenada por asociar el sida con la homosexualidad\",\"isPartOf\":{\"@id\":\"https:\\\/\\\/gay.blog.br\\\/es\\\/#website\"},\"primaryImageOfPage\":{\"@id\":\"https:\\\/\\\/gay.blog.br\\\/es\\\/noticias\\\/la-pastora-ana-paula-valadao-condenada-por-asociar-el-sida-con-la-homosexualidad\\\/#primaryimage\"},\"image\":{\"@id\":\"https:\\\/\\\/gay.blog.br\\\/es\\\/noticias\\\/la-pastora-ana-paula-valadao-condenada-por-asociar-el-sida-con-la-homosexualidad\\\/#primaryimage\"},\"thumbnailUrl\":\"https:\\\/\\\/i0.wp.com\\\/gay.blog.br\\\/wp-content\\\/uploads\\\/2024\\\/04\\\/WhatsApp-Image-2024-04-27-at-17.20.17.jpeg?fit=1195%2C650&ssl=1\",\"datePublished\":\"2024-04-27T20:25:46+00:00\",\"dateModified\":\"2024-06-17T19:54:54+00:00\",\"description\":\"La pastora y cantante g\u00f3spel fue condenada a pagar R$25.000 reales por da\u00f1os y perjuicios tras unos comentarios discriminatorios en 2016\",\"breadcrumb\":{\"@id\":\"https:\\\/\\\/gay.blog.br\\\/es\\\/noticias\\\/la-pastora-ana-paula-valadao-condenada-por-asociar-el-sida-con-la-homosexualidad\\\/#breadcrumb\"},\"inLanguage\":\"es\",\"potentialAction\":[{\"@type\":\"ReadAction\",\"target\":[\"https:\\\/\\\/gay.blog.br\\\/es\\\/noticias\\\/la-pastora-ana-paula-valadao-condenada-por-asociar-el-sida-con-la-homosexualidad\\\/\"]}]},{\"@type\":\"ImageObject\",\"inLanguage\":\"es\",\"@id\":\"https:\\\/\\\/gay.blog.br\\\/es\\\/noticias\\\/la-pastora-ana-paula-valadao-condenada-por-asociar-el-sida-con-la-homosexualidad\\\/#primaryimage\",\"url\":\"https:\\\/\\\/i0.wp.com\\\/gay.blog.br\\\/wp-content\\\/uploads\\\/2024\\\/04\\\/WhatsApp-Image-2024-04-27-at-17.20.17.jpeg?fit=1195%2C650&ssl=1\",\"contentUrl\":\"https:\\\/\\\/i0.wp.com\\\/gay.blog.br\\\/wp-content\\\/uploads\\\/2024\\\/04\\\/WhatsApp-Image-2024-04-27-at-17.20.17.jpeg?fit=1195%2C650&ssl=1\",\"width\":1195,\"height\":650,\"caption\":\"Ana Paula Valad\u00e3o (Foto: reprodu\u00e7\u00e3o)\"},{\"@type\":\"BreadcrumbList\",\"@id\":\"https:\\\/\\\/gay.blog.br\\\/es\\\/noticias\\\/la-pastora-ana-paula-valadao-condenada-por-asociar-el-sida-con-la-homosexualidad\\\/#breadcrumb\",\"itemListElement\":[{\"@type\":\"ListItem\",\"position\":1,\"name\":\"In\u00edcio\",\"item\":\"https:\\\/\\\/gay.blog.br\\\/es\\\/\"},{\"@type\":\"ListItem\",\"position\":2,\"name\":\"La pastora Ana Paula Valad\u00e3o, condenada por asociar el sida con la homosexualidad\"}]},{\"@type\":\"WebSite\",\"@id\":\"https:\\\/\\\/gay.blog.br\\\/es\\\/#website\",\"url\":\"https:\\\/\\\/gay.blog.br\\\/es\\\/\",\"name\":\"GAY BLOG BR @gayblogbr\",\"description\":\"Not\u00edcias que empoderam e\\\/ou entret\u00eam s\u00e3o especialidades da casa\",\"publisher\":{\"@id\":\"https:\\\/\\\/gay.blog.br\\\/es\\\/#organization\"},\"potentialAction\":[{\"@type\":\"SearchAction\",\"target\":{\"@type\":\"EntryPoint\",\"urlTemplate\":\"https:\\\/\\\/gay.blog.br\\\/es\\\/?s={search_term_string}\"},\"query-input\":{\"@type\":\"PropertyValueSpecification\",\"valueRequired\":true,\"valueName\":\"search_term_string\"}}],\"inLanguage\":\"es\"},{\"@type\":\"Organization\",\"@id\":\"https:\\\/\\\/gay.blog.br\\\/es\\\/#organization\",\"name\":\"GAY BLOG BR\",\"url\":\"https:\\\/\\\/gay.blog.br\\\/es\\\/\",\"logo\":{\"@type\":\"ImageObject\",\"inLanguage\":\"es\",\"@id\":\"https:\\\/\\\/gay.blog.br\\\/es\\\/#\\\/schema\\\/logo\\\/image\\\/\",\"url\":\"https:\\\/\\\/i0.wp.com\\\/gay.blog.br\\\/wp-content\\\/uploads\\\/2023\\\/08\\\/gay180px.png?fit=272%2C90&ssl=1\",\"contentUrl\":\"https:\\\/\\\/i0.wp.com\\\/gay.blog.br\\\/wp-content\\\/uploads\\\/2023\\\/08\\\/gay180px.png?fit=272%2C90&ssl=1\",\"width\":272,\"height\":90,\"caption\":\"GAY BLOG BR\"},\"image\":{\"@id\":\"https:\\\/\\\/gay.blog.br\\\/es\\\/#\\\/schema\\\/logo\\\/image\\\/\"},\"sameAs\":[\"https:\\\/\\\/facebook.com\\\/gayblogbr\",\"https:\\\/\\\/x.com\\\/gayblogbr\",\"https:\\\/\\\/instagram.com\\\/gayblogbr\",\"https:\\\/\\\/www.linkedin.com\\\/company\\\/gayblogbr\\\/\",\"https:\\\/\\\/br.pinterest.com\\\/gayblogbr\\\/\",\"https:\\\/\\\/www.youtube.com\\\/channel\\\/UCdEu3JXLOB-wvWAVUF4AIiA\",\"https:\\\/\\\/pt.wikipedia.org\\\/wiki\\\/Gay_Blog_Br\",\"https:\\\/\\\/www.threads.net\\\/@gayblogbr\"]},{\"@type\":\"Person\",\"@id\":\"https:\\\/\\\/gay.blog.br\\\/es\\\/#\\\/schema\\\/person\\\/e0fca12cd80b5bbe6906c6053a688b8d\",\"name\":\"Tailane Santos\",\"image\":{\"@type\":\"ImageObject\",\"inLanguage\":\"es\",\"@id\":\"https:\\\/\\\/secure.gravatar.com\\\/avatar\\\/91f7f6be799f1c9d8ed3565c1642b4ce01fbc229bfdea97f4177fd0d6049cbfe?s=96&d=mm&r=g\",\"url\":\"https:\\\/\\\/secure.gravatar.com\\\/avatar\\\/91f7f6be799f1c9d8ed3565c1642b4ce01fbc229bfdea97f4177fd0d6049cbfe?s=96&d=mm&r=g\",\"contentUrl\":\"https:\\\/\\\/secure.gravatar.com\\\/avatar\\\/91f7f6be799f1c9d8ed3565c1642b4ce01fbc229bfdea97f4177fd0d6049cbfe?s=96&d=mm&r=g\",\"caption\":\"Tailane Santos\"},\"sameAs\":[\"http:\\\/\\\/wwww.gay.blog.br\",\"https:\\\/\\\/facebook.com\\\/gayblogbr\",\"https:\\\/\\\/instagram.com\\\/gayblogbr\",\"https:\\\/\\\/www.linkedin.com\\\/company\\\/gayblogbr\\\/\",\"http:\\\/\\\/pinterest.com\\\/gayblogbr\\\/\",\"https:\\\/\\\/x.com\\\/http:\\\/\\\/twitter.com\\\/gayblogbr\",\"https:\\\/\\\/www.youtube.com\\\/channel\\\/UCdEu3JXLOB-wvWAVUF4AIiA\"],\"url\":\"https:\\\/\\\/gay.blog.br\\\/es\\\/author\\\/tailane\\\/\"}]}<\/script>\n<!-- \/ Yoast SEO plugin. -->","yoast_head_json":{"title":"La pastora Ana Paula Valad\u00e3o, condenada por asociar el sida con la homosexualidad","description":"La pastora y cantante g\u00f3spel fue condenada a pagar R$25.000 reales por da\u00f1os y perjuicios tras unos comentarios discriminatorios en 2016","robots":{"index":"index","follow":"follow","max-snippet":"max-snippet:-1","max-image-preview":"max-image-preview:large","max-video-preview":"max-video-preview:-1"},"canonical":"https:\/\/gay.blog.br\/es\/noticias\/la-pastora-ana-paula-valadao-condenada-por-asociar-el-sida-con-la-homosexualidad\/","og_locale":"es_ES","og_type":"article","og_title":"La pastora Ana Paula Valad\u00e3o, condenada por asociar el sida con la homosexualidad","og_description":"La pastora y cantante g\u00f3spel fue condenada a pagar R$25.000 reales por da\u00f1os y perjuicios tras unos comentarios discriminatorios en 2016","og_url":"https:\/\/gay.blog.br\/es\/noticias\/la-pastora-ana-paula-valadao-condenada-por-asociar-el-sida-con-la-homosexualidad\/","og_site_name":"GAY BLOG BR @gayblogbr","article_publisher":"https:\/\/facebook.com\/gayblogbr","article_author":"https:\/\/facebook.com\/gayblogbr","article_published_time":"2024-04-27T20:25:46+00:00","article_modified_time":"2024-06-17T19:54:54+00:00","og_image":[{"width":1195,"height":650,"url":"https:\/\/gay.blog.br\/wp-content\/uploads\/2024\/04\/WhatsApp-Image-2024-04-27-at-17.20.17.jpeg","type":"image\/jpeg"}],"author":"Tailane Santos","twitter_card":"summary_large_image","twitter_creator":"@http:\/\/twitter.com\/gayblogbr","twitter_site":"@gayblogbr","twitter_misc":{"Escrito por":"Tailane Santos","Tiempo de lectura":"3 minutos"},"schema":{"@context":"https:\/\/schema.org","@graph":[{"@type":"Article","@id":"https:\/\/gay.blog.br\/es\/noticias\/la-pastora-ana-paula-valadao-condenada-por-asociar-el-sida-con-la-homosexualidad\/#article","isPartOf":{"@id":"https:\/\/gay.blog.br\/es\/noticias\/la-pastora-ana-paula-valadao-condenada-por-asociar-el-sida-con-la-homosexualidad\/"},"author":{"name":"Tailane Santos","@id":"https:\/\/gay.blog.br\/es\/#\/schema\/person\/e0fca12cd80b5bbe6906c6053a688b8d"},"headline":"La pastora Ana Paula Valad\u00e3o, condenada por asociar el sida con la homosexualidad","datePublished":"2024-04-27T20:25:46+00:00","dateModified":"2024-06-17T19:54:54+00:00","mainEntityOfPage":{"@id":"https:\/\/gay.blog.br\/es\/noticias\/la-pastora-ana-paula-valadao-condenada-por-asociar-el-sida-con-la-homosexualidad\/"},"wordCount":424,"commentCount":0,"publisher":{"@id":"https:\/\/gay.blog.br\/es\/#organization"},"image":{"@id":"https:\/\/gay.blog.br\/es\/noticias\/la-pastora-ana-paula-valadao-condenada-por-asociar-el-sida-con-la-homosexualidad\/#primaryimage"},"thumbnailUrl":"https:\/\/i0.wp.com\/gay.blog.br\/wp-content\/uploads\/2024\/04\/WhatsApp-Image-2024-04-27-at-17.20.17.jpeg?fit=1195%2C650&ssl=1","keywords":["Alian\u00e7a Nacional LGBTI","Ana Paula Valad\u00e3o","Condenada","homofobia","LGBTQIA","aids","hiv"],"articleSection":["NOT\u00cdCIAS"],"inLanguage":"es","potentialAction":[{"@type":"CommentAction","name":"Comment","target":["https:\/\/gay.blog.br\/es\/noticias\/la-pastora-ana-paula-valadao-condenada-por-asociar-el-sida-con-la-homosexualidad\/#respond"]}]},{"@type":"WebPage","@id":"https:\/\/gay.blog.br\/es\/noticias\/la-pastora-ana-paula-valadao-condenada-por-asociar-el-sida-con-la-homosexualidad\/","url":"https:\/\/gay.blog.br\/es\/noticias\/la-pastora-ana-paula-valadao-condenada-por-asociar-el-sida-con-la-homosexualidad\/","name":"La pastora Ana Paula Valad\u00e3o, condenada por asociar el sida con la homosexualidad","isPartOf":{"@id":"https:\/\/gay.blog.br\/es\/#website"},"primaryImageOfPage":{"@id":"https:\/\/gay.blog.br\/es\/noticias\/la-pastora-ana-paula-valadao-condenada-por-asociar-el-sida-con-la-homosexualidad\/#primaryimage"},"image":{"@id":"https:\/\/gay.blog.br\/es\/noticias\/la-pastora-ana-paula-valadao-condenada-por-asociar-el-sida-con-la-homosexualidad\/#primaryimage"},"thumbnailUrl":"https:\/\/i0.wp.com\/gay.blog.br\/wp-content\/uploads\/2024\/04\/WhatsApp-Image-2024-04-27-at-17.20.17.jpeg?fit=1195%2C650&ssl=1","datePublished":"2024-04-27T20:25:46+00:00","dateModified":"2024-06-17T19:54:54+00:00","description":"La pastora y cantante g\u00f3spel fue condenada a pagar R$25.000 reales por da\u00f1os y perjuicios tras unos comentarios discriminatorios en 2016","breadcrumb":{"@id":"https:\/\/gay.blog.br\/es\/noticias\/la-pastora-ana-paula-valadao-condenada-por-asociar-el-sida-con-la-homosexualidad\/#breadcrumb"},"inLanguage":"es","potentialAction":[{"@type":"ReadAction","target":["https:\/\/gay.blog.br\/es\/noticias\/la-pastora-ana-paula-valadao-condenada-por-asociar-el-sida-con-la-homosexualidad\/"]}]},{"@type":"ImageObject","inLanguage":"es","@id":"https:\/\/gay.blog.br\/es\/noticias\/la-pastora-ana-paula-valadao-condenada-por-asociar-el-sida-con-la-homosexualidad\/#primaryimage","url":"https:\/\/i0.wp.com\/gay.blog.br\/wp-content\/uploads\/2024\/04\/WhatsApp-Image-2024-04-27-at-17.20.17.jpeg?fit=1195%2C650&ssl=1","contentUrl":"https:\/\/i0.wp.com\/gay.blog.br\/wp-content\/uploads\/2024\/04\/WhatsApp-Image-2024-04-27-at-17.20.17.jpeg?fit=1195%2C650&ssl=1","width":1195,"height":650,"caption":"Ana Paula Valad\u00e3o (Foto: reprodu\u00e7\u00e3o)"},{"@type":"BreadcrumbList","@id":"https:\/\/gay.blog.br\/es\/noticias\/la-pastora-ana-paula-valadao-condenada-por-asociar-el-sida-con-la-homosexualidad\/#breadcrumb","itemListElement":[{"@type":"ListItem","position":1,"name":"In\u00edcio","item":"https:\/\/gay.blog.br\/es\/"},{"@type":"ListItem","position":2,"name":"La pastora Ana Paula Valad\u00e3o, condenada por asociar el sida con la homosexualidad"}]},{"@type":"WebSite","@id":"https:\/\/gay.blog.br\/es\/#website","url":"https:\/\/gay.blog.br\/es\/","name":"GAY BLOG BR @gayblogbr","description":"Not\u00edcias que empoderam e\/ou entret\u00eam s\u00e3o especialidades da casa","publisher":{"@id":"https:\/\/gay.blog.br\/es\/#organization"},"potentialAction":[{"@type":"SearchAction","target":{"@type":"EntryPoint","urlTemplate":"https:\/\/gay.blog.br\/es\/?s={search_term_string}"},"query-input":{"@type":"PropertyValueSpecification","valueRequired":true,"valueName":"search_term_string"}}],"inLanguage":"es"},{"@type":"Organization","@id":"https:\/\/gay.blog.br\/es\/#organization","name":"GAY BLOG BR","url":"https:\/\/gay.blog.br\/es\/","logo":{"@type":"ImageObject","inLanguage":"es","@id":"https:\/\/gay.blog.br\/es\/#\/schema\/logo\/image\/","url":"https:\/\/i0.wp.com\/gay.blog.br\/wp-content\/uploads\/2023\/08\/gay180px.png?fit=272%2C90&ssl=1","contentUrl":"https:\/\/i0.wp.com\/gay.blog.br\/wp-content\/uploads\/2023\/08\/gay180px.png?fit=272%2C90&ssl=1","width":272,"height":90,"caption":"GAY BLOG BR"},"image":{"@id":"https:\/\/gay.blog.br\/es\/#\/schema\/logo\/image\/"},"sameAs":["https:\/\/facebook.com\/gayblogbr","https:\/\/x.com\/gayblogbr","https:\/\/instagram.com\/gayblogbr","https:\/\/www.linkedin.com\/company\/gayblogbr\/","https:\/\/br.pinterest.com\/gayblogbr\/","https:\/\/www.youtube.com\/channel\/UCdEu3JXLOB-wvWAVUF4AIiA","https:\/\/pt.wikipedia.org\/wiki\/Gay_Blog_Br","https:\/\/www.threads.net\/@gayblogbr"]},{"@type":"Person","@id":"https:\/\/gay.blog.br\/es\/#\/schema\/person\/e0fca12cd80b5bbe6906c6053a688b8d","name":"Tailane Santos","image":{"@type":"ImageObject","inLanguage":"es","@id":"https:\/\/secure.gravatar.com\/avatar\/91f7f6be799f1c9d8ed3565c1642b4ce01fbc229bfdea97f4177fd0d6049cbfe?s=96&d=mm&r=g","url":"https:\/\/secure.gravatar.com\/avatar\/91f7f6be799f1c9d8ed3565c1642b4ce01fbc229bfdea97f4177fd0d6049cbfe?s=96&d=mm&r=g","contentUrl":"https:\/\/secure.gravatar.com\/avatar\/91f7f6be799f1c9d8ed3565c1642b4ce01fbc229bfdea97f4177fd0d6049cbfe?s=96&d=mm&r=g","caption":"Tailane Santos"},"sameAs":["http:\/\/wwww.gay.blog.br","https:\/\/facebook.com\/gayblogbr","https:\/\/instagram.com\/gayblogbr","https:\/\/www.linkedin.com\/company\/gayblogbr\/","http:\/\/pinterest.com\/gayblogbr\/","https:\/\/x.com\/http:\/\/twitter.com\/gayblogbr","https:\/\/www.youtube.com\/channel\/UCdEu3JXLOB-wvWAVUF4AIiA"],"url":"https:\/\/gay.blog.br\/es\/author\/tailane\/"}]}},"jetpack_publicize_connections":[],"jetpack_featured_media_url":"https:\/\/i0.wp.com\/gay.blog.br\/wp-content\/uploads\/2024\/04\/WhatsApp-Image-2024-04-27-at-17.20.17.jpeg?fit=1195%2C650&ssl=1","jetpack_sharing_enabled":true,"jetpack_shortlink":"https:\/\/wp.me\/p6klkK-USb","jetpack_likes_enabled":false,"amp_enabled":true,"_links":{"self":[{"href":"https:\/\/gay.blog.br\/es\/wp-json\/wp\/v2\/posts\/218623","targetHints":{"allow":["GET"]}}],"collection":[{"href":"https:\/\/gay.blog.br\/es\/wp-json\/wp\/v2\/posts"}],"about":[{"href":"https:\/\/gay.blog.br\/es\/wp-json\/wp\/v2\/types\/post"}],"author":[{"embeddable":true,"href":"https:\/\/gay.blog.br\/es\/wp-json\/wp\/v2\/users\/3757"}],"replies":[{"embeddable":true,"href":"https:\/\/gay.blog.br\/es\/wp-json\/wp\/v2\/comments?post=218623"}],"version-history":[{"count":1,"href":"https:\/\/gay.blog.br\/es\/wp-json\/wp\/v2\/posts\/218623\/revisions"}],"predecessor-version":[{"id":223278,"href":"https:\/\/gay.blog.br\/es\/wp-json\/wp\/v2\/posts\/218623\/revisions\/223278"}],"wp:featuredmedia":[{"embeddable":true,"href":"https:\/\/gay.blog.br\/es\/wp-json\/wp\/v2\/media\/217500"}],"wp:attachment":[{"href":"https:\/\/gay.blog.br\/es\/wp-json\/wp\/v2\/media?parent=218623"}],"wp:term":[{"taxonomy":"category","embeddable":true,"href":"https:\/\/gay.blog.br\/es\/wp-json\/wp\/v2\/categories?post=218623"},{"taxonomy":"post_tag","embeddable":true,"href":"https:\/\/gay.blog.br\/es\/wp-json\/wp\/v2\/tags?post=218623"}],"curies":[{"name":"wp","href":"https:\/\/api.w.org\/{rel}","templated":true}]}}