{"id":237717,"date":"2024-11-17T11:25:26","date_gmt":"2024-11-17T14:25:26","guid":{"rendered":"https:\/\/gay.blog.br\/?p=237717"},"modified":"2024-11-26T18:50:53","modified_gmt":"2024-11-26T21:50:53","slug":"obispo-brasileno-y-tv-son-condenados-a-pagar-800-000-reales-por-discurso-homofobico","status":"publish","type":"post","link":"https:\/\/gay.blog.br\/es\/noticias-es\/obispo-brasileno-y-tv-son-condenados-a-pagar-800-000-reales-por-discurso-homofobico\/","title":{"rendered":"Obispo brasile\u00f1o y TV son condenados a pagar 800.000 reales por discurso homof\u00f3bico"},"content":{"rendered":"<p style=\"text-align: justify;\">El obispo brasile\u00f1o <a href=\"https:\/\/gay.blog.br\/?s=Edir+Macedo\"><strong>Edir Macedo<\/strong><\/a> y <a href=\"https:\/\/gay.blog.br\/?s=Record+TV\"><strong>Record TV<\/strong><\/a> (Brasil) fueron condenados por la <strong>Justicia Federal<\/strong> a pagar <strong>800.000 reales por da\u00f1os morales colectivos<\/strong>. La decisi\u00f3n fue tomada despu\u00e9s de las <strong>declaraciones homof\u00f3bicas<\/strong> hechas por Macedo durante un <strong>especial de Navidad en el 2022<\/strong>. Los valores ser\u00e1n destinados al <strong>Fondo de Defensa de los Derechos Difusos<\/strong>, y pueden recurrir. La informaci\u00f3n es de la <a href=\"https:\/\/www1.folha.uol.com.br\/amp\/colunas\/monicabergamo\/2024\/11\/justica-condena-edir-macedo-e-record-em-r-800-mil-por-comentario-homofobico.shtml\"><strong>Folha de S.Paulo<\/strong><\/a>.<\/p>\n<figure id=\"attachment_237067\" aria-describedby=\"caption-attachment-237067\" style=\"width: 880px\" class=\"wp-caption aligncenter\"><a href=\"https:\/\/scruff.app.link\/Gayblog_br_Press\"><img data-recalc-dims=\"1\" loading=\"lazy\" decoding=\"async\" class=\"size-full wp-image-237067\" src=\"https:\/\/i0.wp.com\/gay.blog.br\/wp-content\/uploads\/2024\/11\/Edir-Macedo-e-Record-sao-condenados-a-pagar-R-800-mil-por-discurso-homofobico-Gay-Blog-BR.jpg?resize=696%2C395&#038;ssl=1\" alt=\"Edir Macedo y Record son condenados a pagar 800.000 reales por discurso homof\u00f3bico\" width=\"696\" height=\"395\" srcset=\"https:\/\/i0.wp.com\/gay.blog.br\/wp-content\/uploads\/2024\/11\/Edir-Macedo-e-Record-sao-condenados-a-pagar-R-800-mil-por-discurso-homofobico-Gay-Blog-BR.jpg?w=880&amp;ssl=1 880w, https:\/\/i0.wp.com\/gay.blog.br\/wp-content\/uploads\/2024\/11\/Edir-Macedo-e-Record-sao-condenados-a-pagar-R-800-mil-por-discurso-homofobico-Gay-Blog-BR.jpg?resize=300%2C170&amp;ssl=1 300w, https:\/\/i0.wp.com\/gay.blog.br\/wp-content\/uploads\/2024\/11\/Edir-Macedo-e-Record-sao-condenados-a-pagar-R-800-mil-por-discurso-homofobico-Gay-Blog-BR.jpg?resize=150%2C85&amp;ssl=1 150w, https:\/\/i0.wp.com\/gay.blog.br\/wp-content\/uploads\/2024\/11\/Edir-Macedo-e-Record-sao-condenados-a-pagar-R-800-mil-por-discurso-homofobico-Gay-Blog-BR.jpg?resize=768%2C436&amp;ssl=1 768w, https:\/\/i0.wp.com\/gay.blog.br\/wp-content\/uploads\/2024\/11\/Edir-Macedo-e-Record-sao-condenados-a-pagar-R-800-mil-por-discurso-homofobico-Gay-Blog-BR.jpg?resize=739%2C420&amp;ssl=1 739w, https:\/\/i0.wp.com\/gay.blog.br\/wp-content\/uploads\/2024\/11\/Edir-Macedo-e-Record-sao-condenados-a-pagar-R-800-mil-por-discurso-homofobico-Gay-Blog-BR.jpg?resize=696%2C395&amp;ssl=1 696w\" sizes=\"auto, (max-width: 696px) 100vw, 696px\" \/><\/a><figcaption id=\"caption-attachment-237067\" class=\"wp-caption-text\">Bispo Edir Macedo (Foto: divulgaci\u00f3n)<\/figcaption><\/figure>\n<p style=\"text-align: justify;\">La sentencia, dictada por la jueza <strong>Ana Maria Wickert Theisen<\/strong>, del <strong>10\u00ba Tribunal Federal de Porto Alegre<\/strong>, determin\u00f3 que Macedo <strong>pague 500.000 reales,<\/strong> mientras que Record fue condenada a pagar <strong>300.000 reales<\/strong>. La jueza dictamin\u00f3 que las declaraciones de Macedo asociaban a los homosexuales con \u00ab<em>personas malas<\/em>\u00bb y \u00ab<em>bandidos<\/em>\u00ab, clasific\u00e1ndolas de incitaci\u00f3n al odio con potencial para normalizar la violencia contra la <a href=\"https:\/\/gay.blog.br\/?s=popula%C3%A7%C3%A3o+LGBTQIA%2B\"><strong>poblaci\u00f3n LGBTQIA+<\/strong><\/a>.<\/p>\n<p style=\"text-align: justify;\">En le programa, el l\u00edder de la <strong>Iglesia Universal del Reino de Dios<\/strong> dijo: \u201c<em>No has nacido malo. Nadie nace malo. Nadie nace ladr\u00f3n, nadie nace bandido, nadie nace homosexual, lesbiana&#8230; nadie nace malo <\/em>\u201d. Seg\u00fan la jueza, la forma en que se utilizaron las palabras crea una asociaci\u00f3n indirecta entre homosexuales y criminalidad, lo que refuerza los prejuicios y estigmas.<\/p>\n<div style=\"text-align: justify;\">\u00ab<em>Al asociar los t\u00e9rminos &#8216;homosexual&#8217; y &#8216;lesbiana&#8217; a las ideas contenidas en los t\u00e9rminos &#8216;malo&#8217;, &#8216;ladr\u00f3n&#8217;, &#8216;bandido&#8217;, el discurso del religioso tiene la capacidad de desestabilizar la paz social, ya que act\u00faa justificando y normalizando, en el inconsciente colectivo, la creciente violencia contra esta poblaci\u00f3n. El recurso estil\u00edstico del paralelismo y la repetici\u00f3n del t\u00e9rmino &#8216;nadie nace&#8217; hace que el discurso sea insidioso: el orador no afirma expl\u00edcitamente que los homosexuales sean malos, ladrones y bandidos, pero construye esta idea en la comprensi\u00f3n del oyente<\/em>\u00ab, dice la magistrada.<\/div>\n<h3 style=\"text-align: justify;\">Lo que dice la defensa<\/h3>\n<p style=\"text-align: justify;\">TV Record argument\u00f3, en le proceso, que no tiene control sobre los programas producidos por la Iglesia Universal, ya que s\u00f3lo emite contenidos contratados, que en este caso se emitieron en directo. Sin embargo, la jueza declar\u00f3 que la emisora deber\u00eda haber tomado medidas despu\u00e9s de la emisi\u00f3n, especialmente considerando que se le notific\u00f3 sobre la demanda en enero de 2023, pero mantuvo el video accesible hasta que se vi\u00f3 obligada a retirarlo por orden judicial.<\/p>\n<p style=\"text-align: justify;\">Seg\u00fan el texto de Folha, Edir Macedo se defendi\u00f3 en la demanda afirmando que no hab\u00eda cometido ning\u00fan delito y \u00ab<em>cuestion\u00f3 la competencia de la Justicia Federal para juzgar el caso<\/em>\u00ab. Record ya se hab\u00eda visto obligada el a\u00f1o pasado a retirar del aire el programa con los comentarios considerados ofensivos.<\/p>\n<p style=\"text-align: justify;\">La demanda fue presentada por la <strong>Alianza Nacional LGBTI+<\/strong>, por la<strong>Asociaci\u00f3n Brasile\u00f1a de Familias Homotransafectivas (ABRAFH)<\/strong>, por el <strong>Ministerio P\u00fablico Federal<\/strong> y por el grupo <strong>Nuances<\/strong>. La <strong>Uni\u00f3n<\/strong>, que tambi\u00e9n fue citada en la demanda, fue absuelta. Los demandantes afirmaron, en un comunicado que la\u00bb<em>discriminaci\u00f3n es el mal que asola a la sociedad y combatirla forma parte de la esencia de las instituciones<\/em>\u00ab.<\/p>\n","protected":false},"excerpt":{"rendered":"<p>La justicia brasile\u00f1a determin\u00f3 que las declaraciones que asocian a los homosexuales con delincuentes normalizan la violencia contra las personas LGBTQIA+<\/p>\n","protected":false},"author":3757,"featured_media":237069,"comment_status":"open","ping_status":"open","sticky":false,"template":"","format":"standard","meta":{"googlesitekit_rrm_CAoiEBg-BXrJeACjO8p49SE4kTY:productID":"","tdm_status":"","tdm_grid_status":"","_jetpack_newsletter_access":"","_jetpack_dont_email_post_to_subs":false,"_jetpack_newsletter_tier_id":0,"_jetpack_memberships_contains_paywalled_content":false,"_jetpack_memberships_contains_paid_content":false,"footnotes":"","jetpack_publicize_message":"Obispo brasile\u00f1o y TV son condenados a pagar 800.000 reales por discurso homof\u00f3bico","jetpack_publicize_feature_enabled":true,"jetpack_social_post_already_shared":true,"jetpack_social_options":{"image_generator_settings":{"template":"highway","default_image_id":0,"font":"","enabled":false},"version":2},"_wpas_customize_per_network":false,"jetpack_post_was_ever_published":false},"categories":[589932374,589932231],"tags":[589958661,589950558,589958660,589958662,589958658,589958655,589932202,589936422,589958659,589937130,589933669,589958656,589958663,589958545,589958657,589958654],"class_list":{"0":"post-237717","1":"post","2":"type-post","3":"status-publish","4":"format-standard","5":"has-post-thumbnail","7":"category-derechos","8":"category-noticias-es","9":"tag-10o-tribunal-federal-de-porto-alegre","10":"tag-alianza-nacional-lgbti","11":"tag-ana-maria-wickert-theisen-es","12":"tag-asociacion-brasilena-de-familias-homotransafectivas-abrafh","13":"tag-edir-macedo-es","14":"tag-folha-de-s-paulo-es","15":"tag-gay-es","16":"tag-homosexual","17":"tag-iglesia-universal-del-reino-de-dios","18":"tag-justicia-federal","19":"tag-lesbiana","20":"tag-ministerio-publico-federal-es","21":"tag-nuances-es","22":"tag-poblacion-lgbtqia","23":"tag-record-tv-es","24":"tag-union-es"},"yoast_head":"<!-- This site is optimized with the Yoast SEO plugin v27.5 - https:\/\/yoast.com\/product\/yoast-seo-wordpress\/ -->\n<title>Obispo brasile\u00f1o y TV son condenados a pagar 800.000 reales por discurso homof\u00f3bico<\/title>\n<meta name=\"description\" content=\"La justicia brasile\u00f1a determin\u00f3 que las declaraciones que asocian a los homosexuales con delincuentes normalizan la violencia contra las personas LGBTQIA+\" \/>\n<meta name=\"robots\" content=\"index, follow, max-snippet:-1, max-image-preview:large, max-video-preview:-1\" \/>\n<link rel=\"canonical\" href=\"https:\/\/gay.blog.br\/es\/noticias-es\/obispo-brasileno-y-tv-son-condenados-a-pagar-800-000-reales-por-discurso-homofobico\/\" \/>\n<meta property=\"og:locale\" content=\"es_ES\" \/>\n<meta property=\"og:type\" content=\"article\" \/>\n<meta property=\"og:title\" content=\"Obispo brasile\u00f1o y TV son condenados a pagar 800.000 reales por discurso homof\u00f3bico\" \/>\n<meta property=\"og:description\" content=\"La justicia brasile\u00f1a determin\u00f3 que las declaraciones que asocian a los homosexuales con delincuentes normalizan la violencia contra las personas LGBTQIA+\" \/>\n<meta property=\"og:url\" content=\"https:\/\/gay.blog.br\/es\/noticias-es\/obispo-brasileno-y-tv-son-condenados-a-pagar-800-000-reales-por-discurso-homofobico\/\" \/>\n<meta property=\"og:site_name\" content=\"GAY BLOG BR @gayblogbr\" \/>\n<meta property=\"article:publisher\" content=\"https:\/\/facebook.com\/gayblogbr\" \/>\n<meta property=\"article:author\" content=\"https:\/\/facebook.com\/gayblogbr\" \/>\n<meta property=\"article:published_time\" content=\"2024-11-17T14:25:26+00:00\" \/>\n<meta property=\"article:modified_time\" content=\"2024-11-26T21:50:53+00:00\" \/>\n<meta property=\"og:image\" content=\"https:\/\/gay.blog.br\/wp-content\/uploads\/2024\/11\/Edir-Macedo-e-Record-sao-condenados-a-pagar-R-800-mil-por-discurso-homofobico-Gay-Blog-BR.jpg\" \/>\n\t<meta property=\"og:image:width\" content=\"880\" \/>\n\t<meta property=\"og:image:height\" content=\"500\" \/>\n\t<meta property=\"og:image:type\" content=\"image\/jpeg\" \/>\n<meta name=\"author\" content=\"Tailane Santos\" \/>\n<meta name=\"twitter:card\" content=\"summary_large_image\" \/>\n<meta name=\"twitter:creator\" content=\"@http:\/\/twitter.com\/gayblogbr\" \/>\n<meta name=\"twitter:site\" content=\"@gayblogbr\" \/>\n<meta name=\"twitter:label1\" content=\"Escrito por\" \/>\n\t<meta name=\"twitter:data1\" content=\"Tailane Santos\" \/>\n\t<meta name=\"twitter:label2\" content=\"Tiempo de lectura\" \/>\n\t<meta name=\"twitter:data2\" content=\"4 minutos\" \/>\n<script type=\"application\/ld+json\" class=\"yoast-schema-graph\">{\"@context\":\"https:\\\/\\\/schema.org\",\"@graph\":[{\"@type\":\"Article\",\"@id\":\"https:\\\/\\\/gay.blog.br\\\/es\\\/noticias-es\\\/obispo-brasileno-y-tv-son-condenados-a-pagar-800-000-reales-por-discurso-homofobico\\\/#article\",\"isPartOf\":{\"@id\":\"https:\\\/\\\/gay.blog.br\\\/es\\\/noticias-es\\\/obispo-brasileno-y-tv-son-condenados-a-pagar-800-000-reales-por-discurso-homofobico\\\/\"},\"author\":{\"name\":\"Tailane Santos\",\"@id\":\"https:\\\/\\\/gay.blog.br\\\/es\\\/#\\\/schema\\\/person\\\/e0fca12cd80b5bbe6906c6053a688b8d\"},\"headline\":\"Obispo brasile\u00f1o y TV son condenados a pagar 800.000 reales por discurso homof\u00f3bico\",\"datePublished\":\"2024-11-17T14:25:26+00:00\",\"dateModified\":\"2024-11-26T21:50:53+00:00\",\"mainEntityOfPage\":{\"@id\":\"https:\\\/\\\/gay.blog.br\\\/es\\\/noticias-es\\\/obispo-brasileno-y-tv-son-condenados-a-pagar-800-000-reales-por-discurso-homofobico\\\/\"},\"wordCount\":535,\"commentCount\":0,\"publisher\":{\"@id\":\"https:\\\/\\\/gay.blog.br\\\/es\\\/#organization\"},\"image\":{\"@id\":\"https:\\\/\\\/gay.blog.br\\\/es\\\/noticias-es\\\/obispo-brasileno-y-tv-son-condenados-a-pagar-800-000-reales-por-discurso-homofobico\\\/#primaryimage\"},\"thumbnailUrl\":\"https:\\\/\\\/i0.wp.com\\\/gay.blog.br\\\/wp-content\\\/uploads\\\/2024\\\/11\\\/Edir-Macedo-e-Record-sao-condenados-a-pagar-R-800-mil-por-discurso-homofobico-Gay-Blog-BR.jpg?fit=880%2C500&ssl=1\",\"keywords\":[\"10\u00ba Tribunal Federal de Porto Alegre\",\"Alianza Nacional LGBTI\",\"Ana Maria Wickert Theisen\",\"Asociaci\u00f3n Brasile\u00f1a de Familias Homotransafectivas (ABRAFH)\",\"edir macedo\",\"folha de s paulo\",\"GAY\",\"homosexual\",\"Iglesia Universal del Reino de Dios\",\"Justicia Federal\",\"lesbiana\",\"Ministerio P\u00fablico Federal\",\"Nuances\",\"Poblaci\u00f3n LGBTQIA+\",\"record tv\",\"uni\u00f3n\"],\"articleSection\":[\"DERECHOS\",\"NOT\u00cdCIAS\"],\"inLanguage\":\"es\",\"potentialAction\":[{\"@type\":\"CommentAction\",\"name\":\"Comment\",\"target\":[\"https:\\\/\\\/gay.blog.br\\\/es\\\/noticias-es\\\/obispo-brasileno-y-tv-son-condenados-a-pagar-800-000-reales-por-discurso-homofobico\\\/#respond\"]}]},{\"@type\":\"WebPage\",\"@id\":\"https:\\\/\\\/gay.blog.br\\\/es\\\/noticias-es\\\/obispo-brasileno-y-tv-son-condenados-a-pagar-800-000-reales-por-discurso-homofobico\\\/\",\"url\":\"https:\\\/\\\/gay.blog.br\\\/es\\\/noticias-es\\\/obispo-brasileno-y-tv-son-condenados-a-pagar-800-000-reales-por-discurso-homofobico\\\/\",\"name\":\"Obispo brasile\u00f1o y TV son condenados a pagar 800.000 reales por discurso homof\u00f3bico\",\"isPartOf\":{\"@id\":\"https:\\\/\\\/gay.blog.br\\\/es\\\/#website\"},\"primaryImageOfPage\":{\"@id\":\"https:\\\/\\\/gay.blog.br\\\/es\\\/noticias-es\\\/obispo-brasileno-y-tv-son-condenados-a-pagar-800-000-reales-por-discurso-homofobico\\\/#primaryimage\"},\"image\":{\"@id\":\"https:\\\/\\\/gay.blog.br\\\/es\\\/noticias-es\\\/obispo-brasileno-y-tv-son-condenados-a-pagar-800-000-reales-por-discurso-homofobico\\\/#primaryimage\"},\"thumbnailUrl\":\"https:\\\/\\\/i0.wp.com\\\/gay.blog.br\\\/wp-content\\\/uploads\\\/2024\\\/11\\\/Edir-Macedo-e-Record-sao-condenados-a-pagar-R-800-mil-por-discurso-homofobico-Gay-Blog-BR.jpg?fit=880%2C500&ssl=1\",\"datePublished\":\"2024-11-17T14:25:26+00:00\",\"dateModified\":\"2024-11-26T21:50:53+00:00\",\"description\":\"La justicia brasile\u00f1a determin\u00f3 que las declaraciones que asocian a los homosexuales con delincuentes normalizan la violencia contra las personas LGBTQIA+\",\"breadcrumb\":{\"@id\":\"https:\\\/\\\/gay.blog.br\\\/es\\\/noticias-es\\\/obispo-brasileno-y-tv-son-condenados-a-pagar-800-000-reales-por-discurso-homofobico\\\/#breadcrumb\"},\"inLanguage\":\"es\",\"potentialAction\":[{\"@type\":\"ReadAction\",\"target\":[\"https:\\\/\\\/gay.blog.br\\\/es\\\/noticias-es\\\/obispo-brasileno-y-tv-son-condenados-a-pagar-800-000-reales-por-discurso-homofobico\\\/\"]}]},{\"@type\":\"ImageObject\",\"inLanguage\":\"es\",\"@id\":\"https:\\\/\\\/gay.blog.br\\\/es\\\/noticias-es\\\/obispo-brasileno-y-tv-son-condenados-a-pagar-800-000-reales-por-discurso-homofobico\\\/#primaryimage\",\"url\":\"https:\\\/\\\/i0.wp.com\\\/gay.blog.br\\\/wp-content\\\/uploads\\\/2024\\\/11\\\/Edir-Macedo-e-Record-sao-condenados-a-pagar-R-800-mil-por-discurso-homofobico-Gay-Blog-BR.jpg?fit=880%2C500&ssl=1\",\"contentUrl\":\"https:\\\/\\\/i0.wp.com\\\/gay.blog.br\\\/wp-content\\\/uploads\\\/2024\\\/11\\\/Edir-Macedo-e-Record-sao-condenados-a-pagar-R-800-mil-por-discurso-homofobico-Gay-Blog-BR.jpg?fit=880%2C500&ssl=1\",\"width\":880,\"height\":500,\"caption\":\"Bispo Edir Macedo (Foto: divulga\u00e7\u00e3o)\"},{\"@type\":\"BreadcrumbList\",\"@id\":\"https:\\\/\\\/gay.blog.br\\\/es\\\/noticias-es\\\/obispo-brasileno-y-tv-son-condenados-a-pagar-800-000-reales-por-discurso-homofobico\\\/#breadcrumb\",\"itemListElement\":[{\"@type\":\"ListItem\",\"position\":1,\"name\":\"In\u00edcio\",\"item\":\"https:\\\/\\\/gay.blog.br\\\/es\\\/\"},{\"@type\":\"ListItem\",\"position\":2,\"name\":\"Obispo brasile\u00f1o y TV son condenados a pagar 800.000 reales por discurso homof\u00f3bico\"}]},{\"@type\":\"WebSite\",\"@id\":\"https:\\\/\\\/gay.blog.br\\\/es\\\/#website\",\"url\":\"https:\\\/\\\/gay.blog.br\\\/es\\\/\",\"name\":\"GAY BLOG BR @gayblogbr\",\"description\":\"Not\u00edcias que empoderam e\\\/ou entret\u00eam s\u00e3o especialidades da casa\",\"publisher\":{\"@id\":\"https:\\\/\\\/gay.blog.br\\\/es\\\/#organization\"},\"potentialAction\":[{\"@type\":\"SearchAction\",\"target\":{\"@type\":\"EntryPoint\",\"urlTemplate\":\"https:\\\/\\\/gay.blog.br\\\/es\\\/?s={search_term_string}\"},\"query-input\":{\"@type\":\"PropertyValueSpecification\",\"valueRequired\":true,\"valueName\":\"search_term_string\"}}],\"inLanguage\":\"es\"},{\"@type\":\"Organization\",\"@id\":\"https:\\\/\\\/gay.blog.br\\\/es\\\/#organization\",\"name\":\"GAY BLOG BR\",\"url\":\"https:\\\/\\\/gay.blog.br\\\/es\\\/\",\"logo\":{\"@type\":\"ImageObject\",\"inLanguage\":\"es\",\"@id\":\"https:\\\/\\\/gay.blog.br\\\/es\\\/#\\\/schema\\\/logo\\\/image\\\/\",\"url\":\"https:\\\/\\\/i0.wp.com\\\/gay.blog.br\\\/wp-content\\\/uploads\\\/2023\\\/08\\\/gay180px.png?fit=272%2C90&ssl=1\",\"contentUrl\":\"https:\\\/\\\/i0.wp.com\\\/gay.blog.br\\\/wp-content\\\/uploads\\\/2023\\\/08\\\/gay180px.png?fit=272%2C90&ssl=1\",\"width\":272,\"height\":90,\"caption\":\"GAY BLOG BR\"},\"image\":{\"@id\":\"https:\\\/\\\/gay.blog.br\\\/es\\\/#\\\/schema\\\/logo\\\/image\\\/\"},\"sameAs\":[\"https:\\\/\\\/facebook.com\\\/gayblogbr\",\"https:\\\/\\\/x.com\\\/gayblogbr\",\"https:\\\/\\\/instagram.com\\\/gayblogbr\",\"https:\\\/\\\/www.linkedin.com\\\/company\\\/gayblogbr\\\/\",\"https:\\\/\\\/br.pinterest.com\\\/gayblogbr\\\/\",\"https:\\\/\\\/www.youtube.com\\\/channel\\\/UCdEu3JXLOB-wvWAVUF4AIiA\",\"https:\\\/\\\/pt.wikipedia.org\\\/wiki\\\/Gay_Blog_Br\",\"https:\\\/\\\/www.threads.net\\\/@gayblogbr\"]},{\"@type\":\"Person\",\"@id\":\"https:\\\/\\\/gay.blog.br\\\/es\\\/#\\\/schema\\\/person\\\/e0fca12cd80b5bbe6906c6053a688b8d\",\"name\":\"Tailane Santos\",\"image\":{\"@type\":\"ImageObject\",\"inLanguage\":\"es\",\"@id\":\"https:\\\/\\\/secure.gravatar.com\\\/avatar\\\/91f7f6be799f1c9d8ed3565c1642b4ce01fbc229bfdea97f4177fd0d6049cbfe?s=96&d=mm&r=g\",\"url\":\"https:\\\/\\\/secure.gravatar.com\\\/avatar\\\/91f7f6be799f1c9d8ed3565c1642b4ce01fbc229bfdea97f4177fd0d6049cbfe?s=96&d=mm&r=g\",\"contentUrl\":\"https:\\\/\\\/secure.gravatar.com\\\/avatar\\\/91f7f6be799f1c9d8ed3565c1642b4ce01fbc229bfdea97f4177fd0d6049cbfe?s=96&d=mm&r=g\",\"caption\":\"Tailane Santos\"},\"sameAs\":[\"http:\\\/\\\/wwww.gay.blog.br\",\"https:\\\/\\\/facebook.com\\\/gayblogbr\",\"https:\\\/\\\/instagram.com\\\/gayblogbr\",\"https:\\\/\\\/www.linkedin.com\\\/company\\\/gayblogbr\\\/\",\"http:\\\/\\\/pinterest.com\\\/gayblogbr\\\/\",\"https:\\\/\\\/x.com\\\/http:\\\/\\\/twitter.com\\\/gayblogbr\",\"https:\\\/\\\/www.youtube.com\\\/channel\\\/UCdEu3JXLOB-wvWAVUF4AIiA\"],\"url\":\"https:\\\/\\\/gay.blog.br\\\/es\\\/author\\\/tailane\\\/\"}]}<\/script>\n<!-- \/ Yoast SEO plugin. -->","yoast_head_json":{"title":"Obispo brasile\u00f1o y TV son condenados a pagar 800.000 reales por discurso homof\u00f3bico","description":"La justicia brasile\u00f1a determin\u00f3 que las declaraciones que asocian a los homosexuales con delincuentes normalizan la violencia contra las personas LGBTQIA+","robots":{"index":"index","follow":"follow","max-snippet":"max-snippet:-1","max-image-preview":"max-image-preview:large","max-video-preview":"max-video-preview:-1"},"canonical":"https:\/\/gay.blog.br\/es\/noticias-es\/obispo-brasileno-y-tv-son-condenados-a-pagar-800-000-reales-por-discurso-homofobico\/","og_locale":"es_ES","og_type":"article","og_title":"Obispo brasile\u00f1o y TV son condenados a pagar 800.000 reales por discurso homof\u00f3bico","og_description":"La justicia brasile\u00f1a determin\u00f3 que las declaraciones que asocian a los homosexuales con delincuentes normalizan la violencia contra las personas LGBTQIA+","og_url":"https:\/\/gay.blog.br\/es\/noticias-es\/obispo-brasileno-y-tv-son-condenados-a-pagar-800-000-reales-por-discurso-homofobico\/","og_site_name":"GAY BLOG BR @gayblogbr","article_publisher":"https:\/\/facebook.com\/gayblogbr","article_author":"https:\/\/facebook.com\/gayblogbr","article_published_time":"2024-11-17T14:25:26+00:00","article_modified_time":"2024-11-26T21:50:53+00:00","og_image":[{"width":880,"height":500,"url":"https:\/\/gay.blog.br\/wp-content\/uploads\/2024\/11\/Edir-Macedo-e-Record-sao-condenados-a-pagar-R-800-mil-por-discurso-homofobico-Gay-Blog-BR.jpg","type":"image\/jpeg"}],"author":"Tailane Santos","twitter_card":"summary_large_image","twitter_creator":"@http:\/\/twitter.com\/gayblogbr","twitter_site":"@gayblogbr","twitter_misc":{"Escrito por":"Tailane Santos","Tiempo de lectura":"4 minutos"},"schema":{"@context":"https:\/\/schema.org","@graph":[{"@type":"Article","@id":"https:\/\/gay.blog.br\/es\/noticias-es\/obispo-brasileno-y-tv-son-condenados-a-pagar-800-000-reales-por-discurso-homofobico\/#article","isPartOf":{"@id":"https:\/\/gay.blog.br\/es\/noticias-es\/obispo-brasileno-y-tv-son-condenados-a-pagar-800-000-reales-por-discurso-homofobico\/"},"author":{"name":"Tailane Santos","@id":"https:\/\/gay.blog.br\/es\/#\/schema\/person\/e0fca12cd80b5bbe6906c6053a688b8d"},"headline":"Obispo brasile\u00f1o y TV son condenados a pagar 800.000 reales por discurso homof\u00f3bico","datePublished":"2024-11-17T14:25:26+00:00","dateModified":"2024-11-26T21:50:53+00:00","mainEntityOfPage":{"@id":"https:\/\/gay.blog.br\/es\/noticias-es\/obispo-brasileno-y-tv-son-condenados-a-pagar-800-000-reales-por-discurso-homofobico\/"},"wordCount":535,"commentCount":0,"publisher":{"@id":"https:\/\/gay.blog.br\/es\/#organization"},"image":{"@id":"https:\/\/gay.blog.br\/es\/noticias-es\/obispo-brasileno-y-tv-son-condenados-a-pagar-800-000-reales-por-discurso-homofobico\/#primaryimage"},"thumbnailUrl":"https:\/\/i0.wp.com\/gay.blog.br\/wp-content\/uploads\/2024\/11\/Edir-Macedo-e-Record-sao-condenados-a-pagar-R-800-mil-por-discurso-homofobico-Gay-Blog-BR.jpg?fit=880%2C500&ssl=1","keywords":["10\u00ba Tribunal Federal de Porto Alegre","Alianza Nacional LGBTI","Ana Maria Wickert Theisen","Asociaci\u00f3n Brasile\u00f1a de Familias Homotransafectivas (ABRAFH)","edir macedo","folha de s paulo","GAY","homosexual","Iglesia Universal del Reino de Dios","Justicia Federal","lesbiana","Ministerio P\u00fablico Federal","Nuances","Poblaci\u00f3n LGBTQIA+","record tv","uni\u00f3n"],"articleSection":["DERECHOS","NOT\u00cdCIAS"],"inLanguage":"es","potentialAction":[{"@type":"CommentAction","name":"Comment","target":["https:\/\/gay.blog.br\/es\/noticias-es\/obispo-brasileno-y-tv-son-condenados-a-pagar-800-000-reales-por-discurso-homofobico\/#respond"]}]},{"@type":"WebPage","@id":"https:\/\/gay.blog.br\/es\/noticias-es\/obispo-brasileno-y-tv-son-condenados-a-pagar-800-000-reales-por-discurso-homofobico\/","url":"https:\/\/gay.blog.br\/es\/noticias-es\/obispo-brasileno-y-tv-son-condenados-a-pagar-800-000-reales-por-discurso-homofobico\/","name":"Obispo brasile\u00f1o y TV son condenados a pagar 800.000 reales por discurso homof\u00f3bico","isPartOf":{"@id":"https:\/\/gay.blog.br\/es\/#website"},"primaryImageOfPage":{"@id":"https:\/\/gay.blog.br\/es\/noticias-es\/obispo-brasileno-y-tv-son-condenados-a-pagar-800-000-reales-por-discurso-homofobico\/#primaryimage"},"image":{"@id":"https:\/\/gay.blog.br\/es\/noticias-es\/obispo-brasileno-y-tv-son-condenados-a-pagar-800-000-reales-por-discurso-homofobico\/#primaryimage"},"thumbnailUrl":"https:\/\/i0.wp.com\/gay.blog.br\/wp-content\/uploads\/2024\/11\/Edir-Macedo-e-Record-sao-condenados-a-pagar-R-800-mil-por-discurso-homofobico-Gay-Blog-BR.jpg?fit=880%2C500&ssl=1","datePublished":"2024-11-17T14:25:26+00:00","dateModified":"2024-11-26T21:50:53+00:00","description":"La justicia brasile\u00f1a determin\u00f3 que las declaraciones que asocian a los homosexuales con delincuentes normalizan la violencia contra las personas LGBTQIA+","breadcrumb":{"@id":"https:\/\/gay.blog.br\/es\/noticias-es\/obispo-brasileno-y-tv-son-condenados-a-pagar-800-000-reales-por-discurso-homofobico\/#breadcrumb"},"inLanguage":"es","potentialAction":[{"@type":"ReadAction","target":["https:\/\/gay.blog.br\/es\/noticias-es\/obispo-brasileno-y-tv-son-condenados-a-pagar-800-000-reales-por-discurso-homofobico\/"]}]},{"@type":"ImageObject","inLanguage":"es","@id":"https:\/\/gay.blog.br\/es\/noticias-es\/obispo-brasileno-y-tv-son-condenados-a-pagar-800-000-reales-por-discurso-homofobico\/#primaryimage","url":"https:\/\/i0.wp.com\/gay.blog.br\/wp-content\/uploads\/2024\/11\/Edir-Macedo-e-Record-sao-condenados-a-pagar-R-800-mil-por-discurso-homofobico-Gay-Blog-BR.jpg?fit=880%2C500&ssl=1","contentUrl":"https:\/\/i0.wp.com\/gay.blog.br\/wp-content\/uploads\/2024\/11\/Edir-Macedo-e-Record-sao-condenados-a-pagar-R-800-mil-por-discurso-homofobico-Gay-Blog-BR.jpg?fit=880%2C500&ssl=1","width":880,"height":500,"caption":"Bispo Edir Macedo (Foto: divulga\u00e7\u00e3o)"},{"@type":"BreadcrumbList","@id":"https:\/\/gay.blog.br\/es\/noticias-es\/obispo-brasileno-y-tv-son-condenados-a-pagar-800-000-reales-por-discurso-homofobico\/#breadcrumb","itemListElement":[{"@type":"ListItem","position":1,"name":"In\u00edcio","item":"https:\/\/gay.blog.br\/es\/"},{"@type":"ListItem","position":2,"name":"Obispo brasile\u00f1o y TV son condenados a pagar 800.000 reales por discurso homof\u00f3bico"}]},{"@type":"WebSite","@id":"https:\/\/gay.blog.br\/es\/#website","url":"https:\/\/gay.blog.br\/es\/","name":"GAY BLOG BR @gayblogbr","description":"Not\u00edcias que empoderam e\/ou entret\u00eam s\u00e3o especialidades da casa","publisher":{"@id":"https:\/\/gay.blog.br\/es\/#organization"},"potentialAction":[{"@type":"SearchAction","target":{"@type":"EntryPoint","urlTemplate":"https:\/\/gay.blog.br\/es\/?s={search_term_string}"},"query-input":{"@type":"PropertyValueSpecification","valueRequired":true,"valueName":"search_term_string"}}],"inLanguage":"es"},{"@type":"Organization","@id":"https:\/\/gay.blog.br\/es\/#organization","name":"GAY BLOG BR","url":"https:\/\/gay.blog.br\/es\/","logo":{"@type":"ImageObject","inLanguage":"es","@id":"https:\/\/gay.blog.br\/es\/#\/schema\/logo\/image\/","url":"https:\/\/i0.wp.com\/gay.blog.br\/wp-content\/uploads\/2023\/08\/gay180px.png?fit=272%2C90&ssl=1","contentUrl":"https:\/\/i0.wp.com\/gay.blog.br\/wp-content\/uploads\/2023\/08\/gay180px.png?fit=272%2C90&ssl=1","width":272,"height":90,"caption":"GAY BLOG BR"},"image":{"@id":"https:\/\/gay.blog.br\/es\/#\/schema\/logo\/image\/"},"sameAs":["https:\/\/facebook.com\/gayblogbr","https:\/\/x.com\/gayblogbr","https:\/\/instagram.com\/gayblogbr","https:\/\/www.linkedin.com\/company\/gayblogbr\/","https:\/\/br.pinterest.com\/gayblogbr\/","https:\/\/www.youtube.com\/channel\/UCdEu3JXLOB-wvWAVUF4AIiA","https:\/\/pt.wikipedia.org\/wiki\/Gay_Blog_Br","https:\/\/www.threads.net\/@gayblogbr"]},{"@type":"Person","@id":"https:\/\/gay.blog.br\/es\/#\/schema\/person\/e0fca12cd80b5bbe6906c6053a688b8d","name":"Tailane Santos","image":{"@type":"ImageObject","inLanguage":"es","@id":"https:\/\/secure.gravatar.com\/avatar\/91f7f6be799f1c9d8ed3565c1642b4ce01fbc229bfdea97f4177fd0d6049cbfe?s=96&d=mm&r=g","url":"https:\/\/secure.gravatar.com\/avatar\/91f7f6be799f1c9d8ed3565c1642b4ce01fbc229bfdea97f4177fd0d6049cbfe?s=96&d=mm&r=g","contentUrl":"https:\/\/secure.gravatar.com\/avatar\/91f7f6be799f1c9d8ed3565c1642b4ce01fbc229bfdea97f4177fd0d6049cbfe?s=96&d=mm&r=g","caption":"Tailane Santos"},"sameAs":["http:\/\/wwww.gay.blog.br","https:\/\/facebook.com\/gayblogbr","https:\/\/instagram.com\/gayblogbr","https:\/\/www.linkedin.com\/company\/gayblogbr\/","http:\/\/pinterest.com\/gayblogbr\/","https:\/\/x.com\/http:\/\/twitter.com\/gayblogbr","https:\/\/www.youtube.com\/channel\/UCdEu3JXLOB-wvWAVUF4AIiA"],"url":"https:\/\/gay.blog.br\/es\/author\/tailane\/"}]}},"jetpack_publicize_connections":[],"jetpack_featured_media_url":"https:\/\/i0.wp.com\/gay.blog.br\/wp-content\/uploads\/2024\/11\/Edir-Macedo-e-Record-sao-condenados-a-pagar-R-800-mil-por-discurso-homofobico-Gay-Blog-BR.jpg?fit=880%2C500&ssl=1","jetpack_sharing_enabled":true,"jetpack_shortlink":"https:\/\/wp.me\/p6klkK-ZQ9","jetpack_likes_enabled":false,"amp_enabled":true,"_links":{"self":[{"href":"https:\/\/gay.blog.br\/es\/wp-json\/wp\/v2\/posts\/237717","targetHints":{"allow":["GET"]}}],"collection":[{"href":"https:\/\/gay.blog.br\/es\/wp-json\/wp\/v2\/posts"}],"about":[{"href":"https:\/\/gay.blog.br\/es\/wp-json\/wp\/v2\/types\/post"}],"author":[{"embeddable":true,"href":"https:\/\/gay.blog.br\/es\/wp-json\/wp\/v2\/users\/3757"}],"replies":[{"embeddable":true,"href":"https:\/\/gay.blog.br\/es\/wp-json\/wp\/v2\/comments?post=237717"}],"version-history":[{"count":5,"href":"https:\/\/gay.blog.br\/es\/wp-json\/wp\/v2\/posts\/237717\/revisions"}],"predecessor-version":[{"id":237854,"href":"https:\/\/gay.blog.br\/es\/wp-json\/wp\/v2\/posts\/237717\/revisions\/237854"}],"wp:featuredmedia":[{"embeddable":true,"href":"https:\/\/gay.blog.br\/es\/wp-json\/wp\/v2\/media\/237069"}],"wp:attachment":[{"href":"https:\/\/gay.blog.br\/es\/wp-json\/wp\/v2\/media?parent=237717"}],"wp:term":[{"taxonomy":"category","embeddable":true,"href":"https:\/\/gay.blog.br\/es\/wp-json\/wp\/v2\/categories?post=237717"},{"taxonomy":"post_tag","embeddable":true,"href":"https:\/\/gay.blog.br\/es\/wp-json\/wp\/v2\/tags?post=237717"}],"curies":[{"name":"wp","href":"https:\/\/api.w.org\/{rel}","templated":true}]}}