{"id":238731,"date":"2024-11-25T13:42:48","date_gmt":"2024-11-25T16:42:48","guid":{"rendered":"https:\/\/gay.blog.br\/?p=238731"},"modified":"2025-01-28T18:18:31","modified_gmt":"2025-01-28T21:18:31","slug":"main-party-mueve-marina-da-gloria-en-el-carioca-festival-2025","status":"publish","type":"post","link":"https:\/\/gay.blog.br\/es\/recreacion\/main-party-mueve-marina-da-gloria-en-el-carioca-festival-2025\/","title":{"rendered":"&#8216;Main Party&#8217; mueve Marina da Gl\u00f3ria en el Carioca Festival 2025"},"content":{"rendered":"<p style=\"text-align: justify;\">El <a href=\"https:\/\/www.instagram.com\/cariocafestival\/\"><strong>Carioca Festival 2025<\/strong><\/a>, que se celebra del <strong>27 de diciembre de 2024 al 4 de enero de 2025<\/strong> en <a href=\"https:\/\/gay.blog.br\/?s=Rio+de+Janeiro\"><strong>R\u00edo de Janeiro<\/strong><\/a>, promete hacer vibrar el verano con un programa repleto de fiestas y atracciones en lugares emblem\u00e1ticos de la ciudad. El plato fuerte es la \u00ab<em><strong>Main Party<\/strong><\/em>\u00ab, prevista para el d\u00eda <strong>28 de diciembre<\/strong>, en <strong>Marina da Gl\u00f3ria<\/strong>, que promete reunir diversas atracciones musicales y contar\u00e1 con una infraestructura completa. <\/p>\n<figure id=\"attachment_237689\" aria-describedby=\"caption-attachment-237689\" style=\"width: 1066px\" class=\"wp-caption aligncenter\"><a href=\"http:\/\/www.cariocafestival.com.br\/\"><img data-recalc-dims=\"1\" loading=\"lazy\" decoding=\"async\" class=\"size-full wp-image-237689\" src=\"https:\/\/i0.wp.com\/gay.blog.br\/wp-content\/uploads\/2024\/11\/Main-Party-movimenta-Marina-da-Gloria-no-Carioca-Festival-2025-Gay-Blog-BR-1.jpeg?resize=696%2C1045&#038;ssl=1\" alt=\"'Main Party' mueve Marina da Gl\u00f3ria en el Carioca Festival 2025\" width=\"696\" height=\"1045\" srcset=\"https:\/\/i0.wp.com\/gay.blog.br\/wp-content\/uploads\/2024\/11\/Main-Party-movimenta-Marina-da-Gloria-no-Carioca-Festival-2025-Gay-Blog-BR-1.jpeg?w=1066&amp;ssl=1 1066w, https:\/\/i0.wp.com\/gay.blog.br\/wp-content\/uploads\/2024\/11\/Main-Party-movimenta-Marina-da-Gloria-no-Carioca-Festival-2025-Gay-Blog-BR-1.jpeg?resize=200%2C300&amp;ssl=1 200w, https:\/\/i0.wp.com\/gay.blog.br\/wp-content\/uploads\/2024\/11\/Main-Party-movimenta-Marina-da-Gloria-no-Carioca-Festival-2025-Gay-Blog-BR-1.jpeg?resize=682%2C1024&amp;ssl=1 682w, https:\/\/i0.wp.com\/gay.blog.br\/wp-content\/uploads\/2024\/11\/Main-Party-movimenta-Marina-da-Gloria-no-Carioca-Festival-2025-Gay-Blog-BR-1.jpeg?resize=100%2C150&amp;ssl=1 100w, https:\/\/i0.wp.com\/gay.blog.br\/wp-content\/uploads\/2024\/11\/Main-Party-movimenta-Marina-da-Gloria-no-Carioca-Festival-2025-Gay-Blog-BR-1.jpeg?resize=768%2C1153&amp;ssl=1 768w, https:\/\/i0.wp.com\/gay.blog.br\/wp-content\/uploads\/2024\/11\/Main-Party-movimenta-Marina-da-Gloria-no-Carioca-Festival-2025-Gay-Blog-BR-1.jpeg?resize=1023%2C1536&amp;ssl=1 1023w, https:\/\/i0.wp.com\/gay.blog.br\/wp-content\/uploads\/2024\/11\/Main-Party-movimenta-Marina-da-Gloria-no-Carioca-Festival-2025-Gay-Blog-BR-1.jpeg?resize=280%2C420&amp;ssl=1 280w, https:\/\/i0.wp.com\/gay.blog.br\/wp-content\/uploads\/2024\/11\/Main-Party-movimenta-Marina-da-Gloria-no-Carioca-Festival-2025-Gay-Blog-BR-1.jpeg?resize=560%2C840&amp;ssl=1 560w, https:\/\/i0.wp.com\/gay.blog.br\/wp-content\/uploads\/2024\/11\/Main-Party-movimenta-Marina-da-Gloria-no-Carioca-Festival-2025-Gay-Blog-BR-1.jpeg?resize=696%2C1045&amp;ssl=1 696w\" sizes=\"auto, (max-width: 696px) 100vw, 696px\" \/><\/a><figcaption id=\"caption-attachment-237689\" class=\"wp-caption-text\">&#8216;Main Party&#8217; mueve Marina da Gl\u00f3ria en el Carioca Festival 2025 (Foto: divulgaci\u00f3n\/ErnnaCost)<\/figcaption><\/figure>\n<p style=\"text-align: justify;\">Con <strong>inicio a las 17:00 horas<\/strong>, la programaci\u00f3n de la fiesta incluye presentaciones de diversos artistas como <strong>Enrico Meloni, Michael Benayon, Allan Natal, Bruno Moutinho, Bruna Strait, Nat Valverde, Maycon Reis B2B Enrry Senna, Tommy Love y Van M\u00fcller<\/strong>. El evento forma parte de la programaci\u00f3n completa del <a href=\"https:\/\/www.instagram.com\/cariocafestival\/\"><strong>Carioca Festival 2025<\/strong><\/a>, que se celebra durante todo el <a href=\"https:\/\/gay.blog.br\/?s=ver%C3%A3o\">verano<\/a>, y se destaca como uno de los mayores festivales de la temporada. <\/p>\n<h3 style=\"text-align: justify;\">Localizaci\u00f3n estrat\u00e9gica<\/h3>\n<p style=\"text-align: justify;\">Seg\u00fan el equipo de producci\u00f3n, la localizaci\u00f3n del evento, Marina da Gl\u00f3ria, es estrat\u00e9gica y ofrece una vista privilegiada de la puesta y salida del sol, garantizando un escenario memorable para los participantes. La estructura del local estar\u00e1 preparada para atender al p\u00fablico con comodidad y seguridad durante las horas de la fiesta. <\/p>\n<p style=\"text-align: justify;\">Las entradas ya est\u00e1n disponibles y pueden adquirirse en el sitio web oficial del festival, <strong><a href=\"http:\/\/www.cariocafestival.com.br\/\">www.cariocafestival.com.br<\/a><\/strong> o en <strong><a href=\"https:\/\/tnwbrazil.com.br\/\">tnwbrazil.com.br<\/a><\/strong>. Los interesados deben adelantarse para garantizar su participaci\u00f3n en el evento, que promete movilizar a R\u00edo de Janeiro en la \u00faltima semana de 2024. <\/p>\n<figure id=\"attachment_236312\" aria-describedby=\"caption-attachment-236312\" style=\"width: 1080px\" class=\"wp-caption aligncenter\"><a href=\"http:\/\/www.cariocafestival.com.br\/\"><img data-recalc-dims=\"1\" loading=\"lazy\" decoding=\"async\" class=\"size-full wp-image-236312\" src=\"https:\/\/i0.wp.com\/gay.blog.br\/wp-content\/uploads\/2024\/11\/Carioca-Festival-2024-estreia-com-festas-exclusivas-no-Rio-de-Janeiro-Gay-Blog-BR-2.jpg?resize=696%2C868&#038;ssl=1\" alt=\"\" width=\"696\" height=\"868\" srcset=\"https:\/\/i0.wp.com\/gay.blog.br\/wp-content\/uploads\/2024\/11\/Carioca-Festival-2024-estreia-com-festas-exclusivas-no-Rio-de-Janeiro-Gay-Blog-BR-2.jpg?w=1080&amp;ssl=1 1080w, https:\/\/i0.wp.com\/gay.blog.br\/wp-content\/uploads\/2024\/11\/Carioca-Festival-2024-estreia-com-festas-exclusivas-no-Rio-de-Janeiro-Gay-Blog-BR-2.jpg?resize=241%2C300&amp;ssl=1 241w, https:\/\/i0.wp.com\/gay.blog.br\/wp-content\/uploads\/2024\/11\/Carioca-Festival-2024-estreia-com-festas-exclusivas-no-Rio-de-Janeiro-Gay-Blog-BR-2.jpg?resize=821%2C1024&amp;ssl=1 821w, https:\/\/i0.wp.com\/gay.blog.br\/wp-content\/uploads\/2024\/11\/Carioca-Festival-2024-estreia-com-festas-exclusivas-no-Rio-de-Janeiro-Gay-Blog-BR-2.jpg?resize=120%2C150&amp;ssl=1 120w, https:\/\/i0.wp.com\/gay.blog.br\/wp-content\/uploads\/2024\/11\/Carioca-Festival-2024-estreia-com-festas-exclusivas-no-Rio-de-Janeiro-Gay-Blog-BR-2.jpg?resize=768%2C958&amp;ssl=1 768w, https:\/\/i0.wp.com\/gay.blog.br\/wp-content\/uploads\/2024\/11\/Carioca-Festival-2024-estreia-com-festas-exclusivas-no-Rio-de-Janeiro-Gay-Blog-BR-2.jpg?resize=337%2C420&amp;ssl=1 337w, https:\/\/i0.wp.com\/gay.blog.br\/wp-content\/uploads\/2024\/11\/Carioca-Festival-2024-estreia-com-festas-exclusivas-no-Rio-de-Janeiro-Gay-Blog-BR-2.jpg?resize=673%2C840&amp;ssl=1 673w, https:\/\/i0.wp.com\/gay.blog.br\/wp-content\/uploads\/2024\/11\/Carioca-Festival-2024-estreia-com-festas-exclusivas-no-Rio-de-Janeiro-Gay-Blog-BR-2.jpg?resize=696%2C868&amp;ssl=1 696w, https:\/\/i0.wp.com\/gay.blog.br\/wp-content\/uploads\/2024\/11\/Carioca-Festival-2024-estreia-com-festas-exclusivas-no-Rio-de-Janeiro-Gay-Blog-BR-2.jpg?resize=1068%2C1332&amp;ssl=1 1068w\" sizes=\"auto, (max-width: 696px) 100vw, 696px\" \/><\/a><figcaption id=\"caption-attachment-236312\" class=\"wp-caption-text\">&#8216;Main Party&#8217; en el &#8216;Carioca Festival&#8217; 2024 (Foto: divulgaci\u00f3n)<\/figcaption><\/figure>\n<h3 style=\"text-align: justify;\">Fiestas exclusivas<\/h3>\n<p style=\"text-align: justify;\">Adem\u00e1s de \u00ab<em><strong>Main Party<\/strong><\/em>\u00ab, otras fiestas prometen animar el fin de a\u00f1o en R\u00edo de Janeiro. El <strong>27 de diciembre<\/strong>, la fiesta de apertura tendr\u00e1 lugar en el <strong>Morro da Urca &#8211; Bondinho P\u00e3o de A\u00e7\u00facar<\/strong>, a partir de las 22:00 horas. Los locales ofrecen vistas privilegiadas de la ciudad, garantizando una recepci\u00f3n memorable para el p\u00fablico.  <\/p>\n<p style=\"text-align: justify;\">El d\u00eda <strong>1\u00ba de enero<\/strong>, el <strong>Museo del Ma\u00f1ana<\/strong> ser\u00e1 el escenario de la fiesta \u201c<em><strong>M.A.R<\/strong><\/em>\u201d, que celebrar\u00e1 la entrada del <strong>A\u00f1o Nuevo<\/strong> en uno de los lugares mas emblem\u00e1ticos de R\u00edo.<\/p>\n<figure id=\"attachment_237686\" aria-describedby=\"caption-attachment-237686\" style=\"width: 1242px\" class=\"wp-caption aligncenter\"><a href=\"http:\/\/www.cariocafestival.com.br\/\"><img data-recalc-dims=\"1\" loading=\"lazy\" decoding=\"async\" class=\"size-full wp-image-237686\" src=\"https:\/\/i0.wp.com\/gay.blog.br\/wp-content\/uploads\/2024\/11\/Main-Party-movimenta-Marina-da-Gloria-no-Carioca-Festival-2025-Gay-Blog-BR-2.jpeg?resize=696%2C897&#038;ssl=1\" alt=\"'Main Party' mueve Marina da Gl\u00f3ria en el Carioca Festival 2025\" width=\"696\" height=\"897\" srcset=\"https:\/\/i0.wp.com\/gay.blog.br\/wp-content\/uploads\/2024\/11\/Main-Party-movimenta-Marina-da-Gloria-no-Carioca-Festival-2025-Gay-Blog-BR-2.jpeg?w=1242&amp;ssl=1 1242w, https:\/\/i0.wp.com\/gay.blog.br\/wp-content\/uploads\/2024\/11\/Main-Party-movimenta-Marina-da-Gloria-no-Carioca-Festival-2025-Gay-Blog-BR-2.jpeg?resize=233%2C300&amp;ssl=1 233w, https:\/\/i0.wp.com\/gay.blog.br\/wp-content\/uploads\/2024\/11\/Main-Party-movimenta-Marina-da-Gloria-no-Carioca-Festival-2025-Gay-Blog-BR-2.jpeg?resize=795%2C1024&amp;ssl=1 795w, https:\/\/i0.wp.com\/gay.blog.br\/wp-content\/uploads\/2024\/11\/Main-Party-movimenta-Marina-da-Gloria-no-Carioca-Festival-2025-Gay-Blog-BR-2.jpeg?resize=116%2C150&amp;ssl=1 116w, https:\/\/i0.wp.com\/gay.blog.br\/wp-content\/uploads\/2024\/11\/Main-Party-movimenta-Marina-da-Gloria-no-Carioca-Festival-2025-Gay-Blog-BR-2.jpeg?resize=768%2C989&amp;ssl=1 768w, https:\/\/i0.wp.com\/gay.blog.br\/wp-content\/uploads\/2024\/11\/Main-Party-movimenta-Marina-da-Gloria-no-Carioca-Festival-2025-Gay-Blog-BR-2.jpeg?resize=1192%2C1536&amp;ssl=1 1192w, https:\/\/i0.wp.com\/gay.blog.br\/wp-content\/uploads\/2024\/11\/Main-Party-movimenta-Marina-da-Gloria-no-Carioca-Festival-2025-Gay-Blog-BR-2.jpeg?resize=326%2C420&amp;ssl=1 326w, https:\/\/i0.wp.com\/gay.blog.br\/wp-content\/uploads\/2024\/11\/Main-Party-movimenta-Marina-da-Gloria-no-Carioca-Festival-2025-Gay-Blog-BR-2.jpeg?resize=652%2C840&amp;ssl=1 652w, https:\/\/i0.wp.com\/gay.blog.br\/wp-content\/uploads\/2024\/11\/Main-Party-movimenta-Marina-da-Gloria-no-Carioca-Festival-2025-Gay-Blog-BR-2.jpeg?resize=696%2C897&amp;ssl=1 696w, https:\/\/i0.wp.com\/gay.blog.br\/wp-content\/uploads\/2024\/11\/Main-Party-movimenta-Marina-da-Gloria-no-Carioca-Festival-2025-Gay-Blog-BR-2.jpeg?resize=1068%2C1376&amp;ssl=1 1068w\" sizes=\"auto, (max-width: 696px) 100vw, 696px\" \/><\/a><figcaption id=\"caption-attachment-237686\" class=\"wp-caption-text\">&#8216;Main Party&#8217; mueve Marina da Gl\u00f3ria en el Carioca Festival 2025 (Foto: divulgaci\u00f3n\/ErnnaCost)<\/figcaption><\/figure>\n<div class=\"flex max-w-full flex-col flex-grow\">\n<div class=\"min-h-8 text-message flex w-full flex-col items-end gap-2 whitespace-normal break-words [.text-message+&amp;]:mt-5\" dir=\"auto\" data-message-author-role=\"assistant\" data-message-id=\"9c0331f8-0d7d-4650-a1f6-108805c60655\" data-message-model-slug=\"gpt-4o\">\n<div class=\"flex w-full flex-col gap-1 empty:hidden first:pt-[3px]\">\n<div class=\"markdown prose w-full break-words dark:prose-invert light\">\n<p style=\"text-align: justify;\">Una de las novedades de este a\u00f1o es la colaboraci\u00f3n con el sello de de Goi\u00e1s <strong>Raro<\/strong>, que celebrar\u00e1 su fiesta exclusica en el <strong>Faro Beach Club<\/strong>. Adem\u00e1s, otras fiestas del festival se celebrar\u00e1n en <strong>The Home<\/strong>, uno de los clubrs m\u00e1s reconocidos de R\u00edo de Janeiro. <\/p>\n<p style=\"text-align: justify;\"><strong>Consulta el horario completo:<\/strong><\/p>\n<figure id=\"attachment_237747\" aria-describedby=\"caption-attachment-237747\" style=\"width: 1280px\" class=\"wp-caption aligncenter\"><a href=\"https:\/\/tnwbrazil.com.br\/\"><img data-recalc-dims=\"1\" loading=\"lazy\" decoding=\"async\" class=\"size-full wp-image-237747\" src=\"https:\/\/i0.wp.com\/gay.blog.br\/wp-content\/uploads\/2024\/11\/Main-Party-movimenta-Marina-da-Gloria-no-Carioca-Festival-2025-Gay-Blog-BR.jpeg?resize=696%2C870&#038;ssl=1\" alt=\"'Main Party' mueve Marina da Gl\u00f3ria en el Carioca Festival 2025 Gay Blog BR\" width=\"696\" height=\"870\" srcset=\"https:\/\/i0.wp.com\/gay.blog.br\/wp-content\/uploads\/2024\/11\/Main-Party-movimenta-Marina-da-Gloria-no-Carioca-Festival-2025-Gay-Blog-BR.jpeg?w=1280&amp;ssl=1 1280w, https:\/\/i0.wp.com\/gay.blog.br\/wp-content\/uploads\/2024\/11\/Main-Party-movimenta-Marina-da-Gloria-no-Carioca-Festival-2025-Gay-Blog-BR.jpeg?resize=240%2C300&amp;ssl=1 240w, https:\/\/i0.wp.com\/gay.blog.br\/wp-content\/uploads\/2024\/11\/Main-Party-movimenta-Marina-da-Gloria-no-Carioca-Festival-2025-Gay-Blog-BR.jpeg?resize=819%2C1024&amp;ssl=1 819w, https:\/\/i0.wp.com\/gay.blog.br\/wp-content\/uploads\/2024\/11\/Main-Party-movimenta-Marina-da-Gloria-no-Carioca-Festival-2025-Gay-Blog-BR.jpeg?resize=120%2C150&amp;ssl=1 120w, https:\/\/i0.wp.com\/gay.blog.br\/wp-content\/uploads\/2024\/11\/Main-Party-movimenta-Marina-da-Gloria-no-Carioca-Festival-2025-Gay-Blog-BR.jpeg?resize=768%2C960&amp;ssl=1 768w, https:\/\/i0.wp.com\/gay.blog.br\/wp-content\/uploads\/2024\/11\/Main-Party-movimenta-Marina-da-Gloria-no-Carioca-Festival-2025-Gay-Blog-BR.jpeg?resize=1229%2C1536&amp;ssl=1 1229w, https:\/\/i0.wp.com\/gay.blog.br\/wp-content\/uploads\/2024\/11\/Main-Party-movimenta-Marina-da-Gloria-no-Carioca-Festival-2025-Gay-Blog-BR.jpeg?resize=336%2C420&amp;ssl=1 336w, https:\/\/i0.wp.com\/gay.blog.br\/wp-content\/uploads\/2024\/11\/Main-Party-movimenta-Marina-da-Gloria-no-Carioca-Festival-2025-Gay-Blog-BR.jpeg?resize=672%2C840&amp;ssl=1 672w, https:\/\/i0.wp.com\/gay.blog.br\/wp-content\/uploads\/2024\/11\/Main-Party-movimenta-Marina-da-Gloria-no-Carioca-Festival-2025-Gay-Blog-BR.jpeg?resize=696%2C870&amp;ssl=1 696w, https:\/\/i0.wp.com\/gay.blog.br\/wp-content\/uploads\/2024\/11\/Main-Party-movimenta-Marina-da-Gloria-no-Carioca-Festival-2025-Gay-Blog-BR.jpeg?resize=1068%2C1335&amp;ssl=1 1068w\" sizes=\"auto, (max-width: 696px) 100vw, 696px\" \/><\/a><figcaption id=\"caption-attachment-237747\" class=\"wp-caption-text\">La programaci\u00f3n del &#8216;Carioca Festival&#8217; 2024 (Foto: divulgaci\u00f3n)<\/figcaption><\/figure>\n<h3>Servicio<\/h3>\n<p><strong>Evento:<\/strong> Carioca Festival \u2013 Edici\u00f3n Verano 2025 <strong>Fecha:<\/strong> 27 de diciembre de 2024 al 4 de enero de 2025 <strong>Lugares:<\/strong> Diversos puntos de R\u00edo de Janeiro, incluyendo Marina da Gl\u00f3ria, Museo del Ma\u00f1ana, Bondinho do P\u00e3o de A\u00e7\u00facar, Faro Beach Club y The Home <strong>Entradas:<\/strong> Disponibles en el sitio web oficial <strong><a href=\"http:\/\/www.cariocafestival.com.br\/\">www.cariocafestival.com.br<\/a> o <a href=\"https:\/\/tnwbrazil.com.br\/\">tnwbrazil.com.br<\/a><\/strong> <a href=\"https:\/\/gay.blog.br\/lazer\/carioca-festival-abre-temporada-de-verao-no-rj-confira-programacao\/\">https:\/\/gay.blog.br\/lazer\/carioca-festival-abre-temporada-de-verao-no-rj-confira-programacao\/<\/a><\/p>\n<\/div>\n<\/div>\n<\/div>\n<\/div>\n","protected":false},"excerpt":{"rendered":"<p>La fiesta principal se celebra el 28 de diciembre a las 17:00 horas, con artistas de renombre y una vista privilegiada de la puesta y salida del sol<\/p>\n","protected":false},"author":3757,"featured_media":237685,"comment_status":"open","ping_status":"open","sticky":false,"template":"","format":"standard","meta":{"googlesitekit_rrm_CAoiEBg-BXrJeACjO8p49SE4kTY:productID":"","tdm_status":"","tdm_grid_status":"","_jetpack_newsletter_access":"","_jetpack_dont_email_post_to_subs":false,"_jetpack_newsletter_tier_id":0,"_jetpack_memberships_contains_paywalled_content":false,"_jetpack_memberships_contains_paid_content":false,"footnotes":"","jetpack_publicize_message":"'Main Party' mueve Marina da Gl\u00f3ria en el Carioca Festival 2025","jetpack_publicize_feature_enabled":true,"jetpack_social_post_already_shared":true,"jetpack_social_options":{"image_generator_settings":{"template":"highway","default_image_id":0,"font":"","enabled":false},"version":2},"_wpas_customize_per_network":false,"jetpack_post_was_ever_published":false},"categories":[589932385],"tags":[589947163,589959446,589939090,589952587,589959521,589959528,589952595,589959519,589959530,589959526,589959524,589934366,589959531,589959520,589959517,589959529,589959527,589959522,589959518,589952591,589959525,589959532,589959523,589933029,589951052,589952585,589952592,589959516],"class_list":{"0":"post-238731","1":"post","2":"type-post","3":"status-publish","4":"format-standard","5":"has-post-thumbnail","7":"category-recreacion","8":"tag-2024-es","9":"tag-2025-es","10":"tag-ano-nuevo-es","11":"tag-allan-natal-es","12":"tag-bondinho-do-pao-de-acucar-es","13":"tag-bruna-strait-es","14":"tag-bruno-moutinho-es","15":"tag-carioca-festival-es","16":"tag-carioca-festival-2025-es","17":"tag-enrico-meloni-es","18":"tag-faro-beach-club-es","19":"tag-fiesta-es","20":"tag-m-a-r-es","21":"tag-main-party-es","22":"tag-marina-da-gloria-es","23":"tag-maycon-reis-b2b-enrry-senna-es","24":"tag-michael-benayon-es","25":"tag-morro-da-urca-es","26":"tag-museo-del-manana","27":"tag-nat-valverde-es","28":"tag-new-year-es","29":"tag-party-es","30":"tag-raro-es","31":"tag-rio-de-janeiro-es","32":"tag-the-home-es-2","33":"tag-tommy-love-es","34":"tag-van-muller-es","35":"tag-verano"},"yoast_head":"<!-- This site is optimized with the Yoast SEO plugin v27.5 - https:\/\/yoast.com\/product\/yoast-seo-wordpress\/ -->\n<title>&#039;Main Party&#039; mueve Marina da Gl\u00f3ria en el Carioca Festival 2025<\/title>\n<meta name=\"description\" content=\"La fiesta principal se celebra el 28 de diciembre a las 17:00 horas, con artistas de renombre y una vista privilegiada de la puesta y salida del sol\" \/>\n<meta name=\"robots\" content=\"index, follow, max-snippet:-1, max-image-preview:large, max-video-preview:-1\" \/>\n<link rel=\"canonical\" href=\"https:\/\/gay.blog.br\/es\/recreacion\/main-party-mueve-marina-da-gloria-en-el-carioca-festival-2025\/\" \/>\n<meta property=\"og:locale\" content=\"es_ES\" \/>\n<meta property=\"og:type\" content=\"article\" \/>\n<meta property=\"og:title\" content=\"&#039;Main Party&#039; mueve Marina da Gl\u00f3ria en el Carioca Festival 2025\" \/>\n<meta property=\"og:description\" content=\"La fiesta principal se celebra el 28 de diciembre a las 17:00 horas, con artistas de renombre y una vista privilegiada de la puesta y salida del sol\" \/>\n<meta property=\"og:url\" content=\"https:\/\/gay.blog.br\/es\/recreacion\/main-party-mueve-marina-da-gloria-en-el-carioca-festival-2025\/\" \/>\n<meta property=\"og:site_name\" content=\"GAY BLOG BR @gayblogbr\" \/>\n<meta property=\"article:publisher\" content=\"https:\/\/facebook.com\/gayblogbr\" \/>\n<meta property=\"article:author\" content=\"https:\/\/facebook.com\/gayblogbr\" \/>\n<meta property=\"article:published_time\" content=\"2024-11-25T16:42:48+00:00\" \/>\n<meta property=\"article:modified_time\" content=\"2025-01-28T21:18:31+00:00\" \/>\n<meta property=\"og:image\" content=\"https:\/\/i0.wp.com\/gay.blog.br\/wp-content\/uploads\/2024\/11\/Main-Party-movimenta-Marina-da-Gloria-no-Carioca-Festival-2025-Gay-Blog-BR-1.jpg?fit=1280%2C720&ssl=1\" \/>\n\t<meta property=\"og:image:width\" content=\"1280\" \/>\n\t<meta property=\"og:image:height\" content=\"720\" \/>\n\t<meta property=\"og:image:type\" content=\"image\/jpeg\" \/>\n<meta name=\"author\" content=\"Tailane Santos\" \/>\n<meta name=\"twitter:card\" content=\"summary_large_image\" \/>\n<meta name=\"twitter:creator\" content=\"@http:\/\/twitter.com\/gayblogbr\" \/>\n<meta name=\"twitter:site\" content=\"@gayblogbr\" \/>\n<meta name=\"twitter:label1\" content=\"Escrito por\" \/>\n\t<meta name=\"twitter:data1\" content=\"Tailane Santos\" \/>\n\t<meta name=\"twitter:label2\" content=\"Tiempo de lectura\" \/>\n\t<meta name=\"twitter:data2\" content=\"4 minutos\" \/>\n<script type=\"application\/ld+json\" class=\"yoast-schema-graph\">{\"@context\":\"https:\\\/\\\/schema.org\",\"@graph\":[{\"@type\":\"Article\",\"@id\":\"https:\\\/\\\/gay.blog.br\\\/es\\\/recreacion\\\/main-party-mueve-marina-da-gloria-en-el-carioca-festival-2025\\\/#article\",\"isPartOf\":{\"@id\":\"https:\\\/\\\/gay.blog.br\\\/es\\\/recreacion\\\/main-party-mueve-marina-da-gloria-en-el-carioca-festival-2025\\\/\"},\"author\":{\"name\":\"Tailane Santos\",\"@id\":\"https:\\\/\\\/gay.blog.br\\\/es\\\/#\\\/schema\\\/person\\\/e0fca12cd80b5bbe6906c6053a688b8d\"},\"headline\":\"&#8216;Main Party&#8217; mueve Marina da Gl\u00f3ria en el Carioca Festival 2025\",\"datePublished\":\"2024-11-25T16:42:48+00:00\",\"dateModified\":\"2025-01-28T21:18:31+00:00\",\"mainEntityOfPage\":{\"@id\":\"https:\\\/\\\/gay.blog.br\\\/es\\\/recreacion\\\/main-party-mueve-marina-da-gloria-en-el-carioca-festival-2025\\\/\"},\"wordCount\":568,\"commentCount\":0,\"publisher\":{\"@id\":\"https:\\\/\\\/gay.blog.br\\\/es\\\/#organization\"},\"image\":{\"@id\":\"https:\\\/\\\/gay.blog.br\\\/es\\\/recreacion\\\/main-party-mueve-marina-da-gloria-en-el-carioca-festival-2025\\\/#primaryimage\"},\"thumbnailUrl\":\"https:\\\/\\\/i0.wp.com\\\/gay.blog.br\\\/wp-content\\\/uploads\\\/2024\\\/11\\\/Main-Party-movimenta-Marina-da-Gloria-no-Carioca-Festival-2025-Gay-Blog-BR-1.jpg?fit=1280%2C720&ssl=1\",\"keywords\":[\"2024\",\"2025\",\"a\u00f1o Nuevo\",\"Allan Natal\",\"Bondinho do P\u00e3o de A\u00e7\u00facar\",\"Bruna Strait\",\"Bruno Moutinho\",\"Carioca Festival\",\"Carioca Festival 2025\",\"Enrico Meloni\",\"Faro Beach Club\",\"fiesta\",\"M.A.R\",\"Main Party\",\"Marina da Gl\u00f3ria\",\"Maycon Reis B2B Enrry Senna\",\"Michael Benayon\",\"Morro da Urca\",\"Museo del Ma\u00f1ana\",\"Nat Valverde\",\"New Year\",\"party\",\"Raro\",\"rio de janeiro\",\"The Home\",\"Tommy Love\",\"Van M\u00fcller\",\"verano\"],\"articleSection\":[\"RECREACI\u00d3N\"],\"inLanguage\":\"es\",\"potentialAction\":[{\"@type\":\"CommentAction\",\"name\":\"Comment\",\"target\":[\"https:\\\/\\\/gay.blog.br\\\/es\\\/recreacion\\\/main-party-mueve-marina-da-gloria-en-el-carioca-festival-2025\\\/#respond\"]}]},{\"@type\":\"WebPage\",\"@id\":\"https:\\\/\\\/gay.blog.br\\\/es\\\/recreacion\\\/main-party-mueve-marina-da-gloria-en-el-carioca-festival-2025\\\/\",\"url\":\"https:\\\/\\\/gay.blog.br\\\/es\\\/recreacion\\\/main-party-mueve-marina-da-gloria-en-el-carioca-festival-2025\\\/\",\"name\":\"'Main Party' mueve Marina da Gl\u00f3ria en el Carioca Festival 2025\",\"isPartOf\":{\"@id\":\"https:\\\/\\\/gay.blog.br\\\/es\\\/#website\"},\"primaryImageOfPage\":{\"@id\":\"https:\\\/\\\/gay.blog.br\\\/es\\\/recreacion\\\/main-party-mueve-marina-da-gloria-en-el-carioca-festival-2025\\\/#primaryimage\"},\"image\":{\"@id\":\"https:\\\/\\\/gay.blog.br\\\/es\\\/recreacion\\\/main-party-mueve-marina-da-gloria-en-el-carioca-festival-2025\\\/#primaryimage\"},\"thumbnailUrl\":\"https:\\\/\\\/i0.wp.com\\\/gay.blog.br\\\/wp-content\\\/uploads\\\/2024\\\/11\\\/Main-Party-movimenta-Marina-da-Gloria-no-Carioca-Festival-2025-Gay-Blog-BR-1.jpg?fit=1280%2C720&ssl=1\",\"datePublished\":\"2024-11-25T16:42:48+00:00\",\"dateModified\":\"2025-01-28T21:18:31+00:00\",\"description\":\"La fiesta principal se celebra el 28 de diciembre a las 17:00 horas, con artistas de renombre y una vista privilegiada de la puesta y salida del sol\",\"breadcrumb\":{\"@id\":\"https:\\\/\\\/gay.blog.br\\\/es\\\/recreacion\\\/main-party-mueve-marina-da-gloria-en-el-carioca-festival-2025\\\/#breadcrumb\"},\"inLanguage\":\"es\",\"potentialAction\":[{\"@type\":\"ReadAction\",\"target\":[\"https:\\\/\\\/gay.blog.br\\\/es\\\/recreacion\\\/main-party-mueve-marina-da-gloria-en-el-carioca-festival-2025\\\/\"]}]},{\"@type\":\"ImageObject\",\"inLanguage\":\"es\",\"@id\":\"https:\\\/\\\/gay.blog.br\\\/es\\\/recreacion\\\/main-party-mueve-marina-da-gloria-en-el-carioca-festival-2025\\\/#primaryimage\",\"url\":\"https:\\\/\\\/i0.wp.com\\\/gay.blog.br\\\/wp-content\\\/uploads\\\/2024\\\/11\\\/Main-Party-movimenta-Marina-da-Gloria-no-Carioca-Festival-2025-Gay-Blog-BR-1.jpg?fit=1280%2C720&ssl=1\",\"contentUrl\":\"https:\\\/\\\/i0.wp.com\\\/gay.blog.br\\\/wp-content\\\/uploads\\\/2024\\\/11\\\/Main-Party-movimenta-Marina-da-Gloria-no-Carioca-Festival-2025-Gay-Blog-BR-1.jpg?fit=1280%2C720&ssl=1\",\"width\":1280,\"height\":720,\"caption\":\"'Main Party' movimenta Marina da Gl\u00f3ria no Carioca Festival 2025 (Foto: divulga\u00e7\u00e3o\\\/ErnnaCost)\"},{\"@type\":\"BreadcrumbList\",\"@id\":\"https:\\\/\\\/gay.blog.br\\\/es\\\/recreacion\\\/main-party-mueve-marina-da-gloria-en-el-carioca-festival-2025\\\/#breadcrumb\",\"itemListElement\":[{\"@type\":\"ListItem\",\"position\":1,\"name\":\"In\u00edcio\",\"item\":\"https:\\\/\\\/gay.blog.br\\\/es\\\/\"},{\"@type\":\"ListItem\",\"position\":2,\"name\":\"&#8216;Main Party&#8217; mueve Marina da Gl\u00f3ria en el Carioca Festival 2025\"}]},{\"@type\":\"WebSite\",\"@id\":\"https:\\\/\\\/gay.blog.br\\\/es\\\/#website\",\"url\":\"https:\\\/\\\/gay.blog.br\\\/es\\\/\",\"name\":\"GAY BLOG BR @gayblogbr\",\"description\":\"Not\u00edcias que empoderam e\\\/ou entret\u00eam s\u00e3o especialidades da casa\",\"publisher\":{\"@id\":\"https:\\\/\\\/gay.blog.br\\\/es\\\/#organization\"},\"potentialAction\":[{\"@type\":\"SearchAction\",\"target\":{\"@type\":\"EntryPoint\",\"urlTemplate\":\"https:\\\/\\\/gay.blog.br\\\/es\\\/?s={search_term_string}\"},\"query-input\":{\"@type\":\"PropertyValueSpecification\",\"valueRequired\":true,\"valueName\":\"search_term_string\"}}],\"inLanguage\":\"es\"},{\"@type\":\"Organization\",\"@id\":\"https:\\\/\\\/gay.blog.br\\\/es\\\/#organization\",\"name\":\"GAY BLOG BR\",\"url\":\"https:\\\/\\\/gay.blog.br\\\/es\\\/\",\"logo\":{\"@type\":\"ImageObject\",\"inLanguage\":\"es\",\"@id\":\"https:\\\/\\\/gay.blog.br\\\/es\\\/#\\\/schema\\\/logo\\\/image\\\/\",\"url\":\"https:\\\/\\\/i0.wp.com\\\/gay.blog.br\\\/wp-content\\\/uploads\\\/2023\\\/08\\\/gay180px.png?fit=272%2C90&ssl=1\",\"contentUrl\":\"https:\\\/\\\/i0.wp.com\\\/gay.blog.br\\\/wp-content\\\/uploads\\\/2023\\\/08\\\/gay180px.png?fit=272%2C90&ssl=1\",\"width\":272,\"height\":90,\"caption\":\"GAY BLOG BR\"},\"image\":{\"@id\":\"https:\\\/\\\/gay.blog.br\\\/es\\\/#\\\/schema\\\/logo\\\/image\\\/\"},\"sameAs\":[\"https:\\\/\\\/facebook.com\\\/gayblogbr\",\"https:\\\/\\\/x.com\\\/gayblogbr\",\"https:\\\/\\\/instagram.com\\\/gayblogbr\",\"https:\\\/\\\/www.linkedin.com\\\/company\\\/gayblogbr\\\/\",\"https:\\\/\\\/br.pinterest.com\\\/gayblogbr\\\/\",\"https:\\\/\\\/www.youtube.com\\\/channel\\\/UCdEu3JXLOB-wvWAVUF4AIiA\",\"https:\\\/\\\/pt.wikipedia.org\\\/wiki\\\/Gay_Blog_Br\",\"https:\\\/\\\/www.threads.net\\\/@gayblogbr\"]},{\"@type\":\"Person\",\"@id\":\"https:\\\/\\\/gay.blog.br\\\/es\\\/#\\\/schema\\\/person\\\/e0fca12cd80b5bbe6906c6053a688b8d\",\"name\":\"Tailane Santos\",\"image\":{\"@type\":\"ImageObject\",\"inLanguage\":\"es\",\"@id\":\"https:\\\/\\\/secure.gravatar.com\\\/avatar\\\/91f7f6be799f1c9d8ed3565c1642b4ce01fbc229bfdea97f4177fd0d6049cbfe?s=96&d=mm&r=g\",\"url\":\"https:\\\/\\\/secure.gravatar.com\\\/avatar\\\/91f7f6be799f1c9d8ed3565c1642b4ce01fbc229bfdea97f4177fd0d6049cbfe?s=96&d=mm&r=g\",\"contentUrl\":\"https:\\\/\\\/secure.gravatar.com\\\/avatar\\\/91f7f6be799f1c9d8ed3565c1642b4ce01fbc229bfdea97f4177fd0d6049cbfe?s=96&d=mm&r=g\",\"caption\":\"Tailane Santos\"},\"sameAs\":[\"http:\\\/\\\/wwww.gay.blog.br\",\"https:\\\/\\\/facebook.com\\\/gayblogbr\",\"https:\\\/\\\/instagram.com\\\/gayblogbr\",\"https:\\\/\\\/www.linkedin.com\\\/company\\\/gayblogbr\\\/\",\"http:\\\/\\\/pinterest.com\\\/gayblogbr\\\/\",\"https:\\\/\\\/x.com\\\/http:\\\/\\\/twitter.com\\\/gayblogbr\",\"https:\\\/\\\/www.youtube.com\\\/channel\\\/UCdEu3JXLOB-wvWAVUF4AIiA\"],\"url\":\"https:\\\/\\\/gay.blog.br\\\/es\\\/author\\\/tailane\\\/\"}]}<\/script>\n<!-- \/ Yoast SEO plugin. -->","yoast_head_json":{"title":"'Main Party' mueve Marina da Gl\u00f3ria en el Carioca Festival 2025","description":"La fiesta principal se celebra el 28 de diciembre a las 17:00 horas, con artistas de renombre y una vista privilegiada de la puesta y salida del sol","robots":{"index":"index","follow":"follow","max-snippet":"max-snippet:-1","max-image-preview":"max-image-preview:large","max-video-preview":"max-video-preview:-1"},"canonical":"https:\/\/gay.blog.br\/es\/recreacion\/main-party-mueve-marina-da-gloria-en-el-carioca-festival-2025\/","og_locale":"es_ES","og_type":"article","og_title":"'Main Party' mueve Marina da Gl\u00f3ria en el Carioca Festival 2025","og_description":"La fiesta principal se celebra el 28 de diciembre a las 17:00 horas, con artistas de renombre y una vista privilegiada de la puesta y salida del sol","og_url":"https:\/\/gay.blog.br\/es\/recreacion\/main-party-mueve-marina-da-gloria-en-el-carioca-festival-2025\/","og_site_name":"GAY BLOG BR @gayblogbr","article_publisher":"https:\/\/facebook.com\/gayblogbr","article_author":"https:\/\/facebook.com\/gayblogbr","article_published_time":"2024-11-25T16:42:48+00:00","article_modified_time":"2025-01-28T21:18:31+00:00","og_image":[{"width":1280,"height":720,"url":"https:\/\/i0.wp.com\/gay.blog.br\/wp-content\/uploads\/2024\/11\/Main-Party-movimenta-Marina-da-Gloria-no-Carioca-Festival-2025-Gay-Blog-BR-1.jpg?fit=1280%2C720&ssl=1","type":"image\/jpeg"}],"author":"Tailane Santos","twitter_card":"summary_large_image","twitter_creator":"@http:\/\/twitter.com\/gayblogbr","twitter_site":"@gayblogbr","twitter_misc":{"Escrito por":"Tailane Santos","Tiempo de lectura":"4 minutos"},"schema":{"@context":"https:\/\/schema.org","@graph":[{"@type":"Article","@id":"https:\/\/gay.blog.br\/es\/recreacion\/main-party-mueve-marina-da-gloria-en-el-carioca-festival-2025\/#article","isPartOf":{"@id":"https:\/\/gay.blog.br\/es\/recreacion\/main-party-mueve-marina-da-gloria-en-el-carioca-festival-2025\/"},"author":{"name":"Tailane Santos","@id":"https:\/\/gay.blog.br\/es\/#\/schema\/person\/e0fca12cd80b5bbe6906c6053a688b8d"},"headline":"&#8216;Main Party&#8217; mueve Marina da Gl\u00f3ria en el Carioca Festival 2025","datePublished":"2024-11-25T16:42:48+00:00","dateModified":"2025-01-28T21:18:31+00:00","mainEntityOfPage":{"@id":"https:\/\/gay.blog.br\/es\/recreacion\/main-party-mueve-marina-da-gloria-en-el-carioca-festival-2025\/"},"wordCount":568,"commentCount":0,"publisher":{"@id":"https:\/\/gay.blog.br\/es\/#organization"},"image":{"@id":"https:\/\/gay.blog.br\/es\/recreacion\/main-party-mueve-marina-da-gloria-en-el-carioca-festival-2025\/#primaryimage"},"thumbnailUrl":"https:\/\/i0.wp.com\/gay.blog.br\/wp-content\/uploads\/2024\/11\/Main-Party-movimenta-Marina-da-Gloria-no-Carioca-Festival-2025-Gay-Blog-BR-1.jpg?fit=1280%2C720&ssl=1","keywords":["2024","2025","a\u00f1o Nuevo","Allan Natal","Bondinho do P\u00e3o de A\u00e7\u00facar","Bruna Strait","Bruno Moutinho","Carioca Festival","Carioca Festival 2025","Enrico Meloni","Faro Beach Club","fiesta","M.A.R","Main Party","Marina da Gl\u00f3ria","Maycon Reis B2B Enrry Senna","Michael Benayon","Morro da Urca","Museo del Ma\u00f1ana","Nat Valverde","New Year","party","Raro","rio de janeiro","The Home","Tommy Love","Van M\u00fcller","verano"],"articleSection":["RECREACI\u00d3N"],"inLanguage":"es","potentialAction":[{"@type":"CommentAction","name":"Comment","target":["https:\/\/gay.blog.br\/es\/recreacion\/main-party-mueve-marina-da-gloria-en-el-carioca-festival-2025\/#respond"]}]},{"@type":"WebPage","@id":"https:\/\/gay.blog.br\/es\/recreacion\/main-party-mueve-marina-da-gloria-en-el-carioca-festival-2025\/","url":"https:\/\/gay.blog.br\/es\/recreacion\/main-party-mueve-marina-da-gloria-en-el-carioca-festival-2025\/","name":"'Main Party' mueve Marina da Gl\u00f3ria en el Carioca Festival 2025","isPartOf":{"@id":"https:\/\/gay.blog.br\/es\/#website"},"primaryImageOfPage":{"@id":"https:\/\/gay.blog.br\/es\/recreacion\/main-party-mueve-marina-da-gloria-en-el-carioca-festival-2025\/#primaryimage"},"image":{"@id":"https:\/\/gay.blog.br\/es\/recreacion\/main-party-mueve-marina-da-gloria-en-el-carioca-festival-2025\/#primaryimage"},"thumbnailUrl":"https:\/\/i0.wp.com\/gay.blog.br\/wp-content\/uploads\/2024\/11\/Main-Party-movimenta-Marina-da-Gloria-no-Carioca-Festival-2025-Gay-Blog-BR-1.jpg?fit=1280%2C720&ssl=1","datePublished":"2024-11-25T16:42:48+00:00","dateModified":"2025-01-28T21:18:31+00:00","description":"La fiesta principal se celebra el 28 de diciembre a las 17:00 horas, con artistas de renombre y una vista privilegiada de la puesta y salida del sol","breadcrumb":{"@id":"https:\/\/gay.blog.br\/es\/recreacion\/main-party-mueve-marina-da-gloria-en-el-carioca-festival-2025\/#breadcrumb"},"inLanguage":"es","potentialAction":[{"@type":"ReadAction","target":["https:\/\/gay.blog.br\/es\/recreacion\/main-party-mueve-marina-da-gloria-en-el-carioca-festival-2025\/"]}]},{"@type":"ImageObject","inLanguage":"es","@id":"https:\/\/gay.blog.br\/es\/recreacion\/main-party-mueve-marina-da-gloria-en-el-carioca-festival-2025\/#primaryimage","url":"https:\/\/i0.wp.com\/gay.blog.br\/wp-content\/uploads\/2024\/11\/Main-Party-movimenta-Marina-da-Gloria-no-Carioca-Festival-2025-Gay-Blog-BR-1.jpg?fit=1280%2C720&ssl=1","contentUrl":"https:\/\/i0.wp.com\/gay.blog.br\/wp-content\/uploads\/2024\/11\/Main-Party-movimenta-Marina-da-Gloria-no-Carioca-Festival-2025-Gay-Blog-BR-1.jpg?fit=1280%2C720&ssl=1","width":1280,"height":720,"caption":"'Main Party' movimenta Marina da Gl\u00f3ria no Carioca Festival 2025 (Foto: divulga\u00e7\u00e3o\/ErnnaCost)"},{"@type":"BreadcrumbList","@id":"https:\/\/gay.blog.br\/es\/recreacion\/main-party-mueve-marina-da-gloria-en-el-carioca-festival-2025\/#breadcrumb","itemListElement":[{"@type":"ListItem","position":1,"name":"In\u00edcio","item":"https:\/\/gay.blog.br\/es\/"},{"@type":"ListItem","position":2,"name":"&#8216;Main Party&#8217; mueve Marina da Gl\u00f3ria en el Carioca Festival 2025"}]},{"@type":"WebSite","@id":"https:\/\/gay.blog.br\/es\/#website","url":"https:\/\/gay.blog.br\/es\/","name":"GAY BLOG BR @gayblogbr","description":"Not\u00edcias que empoderam e\/ou entret\u00eam s\u00e3o especialidades da casa","publisher":{"@id":"https:\/\/gay.blog.br\/es\/#organization"},"potentialAction":[{"@type":"SearchAction","target":{"@type":"EntryPoint","urlTemplate":"https:\/\/gay.blog.br\/es\/?s={search_term_string}"},"query-input":{"@type":"PropertyValueSpecification","valueRequired":true,"valueName":"search_term_string"}}],"inLanguage":"es"},{"@type":"Organization","@id":"https:\/\/gay.blog.br\/es\/#organization","name":"GAY BLOG BR","url":"https:\/\/gay.blog.br\/es\/","logo":{"@type":"ImageObject","inLanguage":"es","@id":"https:\/\/gay.blog.br\/es\/#\/schema\/logo\/image\/","url":"https:\/\/i0.wp.com\/gay.blog.br\/wp-content\/uploads\/2023\/08\/gay180px.png?fit=272%2C90&ssl=1","contentUrl":"https:\/\/i0.wp.com\/gay.blog.br\/wp-content\/uploads\/2023\/08\/gay180px.png?fit=272%2C90&ssl=1","width":272,"height":90,"caption":"GAY BLOG BR"},"image":{"@id":"https:\/\/gay.blog.br\/es\/#\/schema\/logo\/image\/"},"sameAs":["https:\/\/facebook.com\/gayblogbr","https:\/\/x.com\/gayblogbr","https:\/\/instagram.com\/gayblogbr","https:\/\/www.linkedin.com\/company\/gayblogbr\/","https:\/\/br.pinterest.com\/gayblogbr\/","https:\/\/www.youtube.com\/channel\/UCdEu3JXLOB-wvWAVUF4AIiA","https:\/\/pt.wikipedia.org\/wiki\/Gay_Blog_Br","https:\/\/www.threads.net\/@gayblogbr"]},{"@type":"Person","@id":"https:\/\/gay.blog.br\/es\/#\/schema\/person\/e0fca12cd80b5bbe6906c6053a688b8d","name":"Tailane Santos","image":{"@type":"ImageObject","inLanguage":"es","@id":"https:\/\/secure.gravatar.com\/avatar\/91f7f6be799f1c9d8ed3565c1642b4ce01fbc229bfdea97f4177fd0d6049cbfe?s=96&d=mm&r=g","url":"https:\/\/secure.gravatar.com\/avatar\/91f7f6be799f1c9d8ed3565c1642b4ce01fbc229bfdea97f4177fd0d6049cbfe?s=96&d=mm&r=g","contentUrl":"https:\/\/secure.gravatar.com\/avatar\/91f7f6be799f1c9d8ed3565c1642b4ce01fbc229bfdea97f4177fd0d6049cbfe?s=96&d=mm&r=g","caption":"Tailane Santos"},"sameAs":["http:\/\/wwww.gay.blog.br","https:\/\/facebook.com\/gayblogbr","https:\/\/instagram.com\/gayblogbr","https:\/\/www.linkedin.com\/company\/gayblogbr\/","http:\/\/pinterest.com\/gayblogbr\/","https:\/\/x.com\/http:\/\/twitter.com\/gayblogbr","https:\/\/www.youtube.com\/channel\/UCdEu3JXLOB-wvWAVUF4AIiA"],"url":"https:\/\/gay.blog.br\/es\/author\/tailane\/"}]}},"jetpack_publicize_connections":[],"jetpack_featured_media_url":"https:\/\/i0.wp.com\/gay.blog.br\/wp-content\/uploads\/2024\/11\/Main-Party-movimenta-Marina-da-Gloria-no-Carioca-Festival-2025-Gay-Blog-BR-1.jpg?fit=1280%2C720&ssl=1","jetpack_sharing_enabled":true,"jetpack_shortlink":"https:\/\/wp.me\/p6klkK-106v","jetpack_likes_enabled":false,"amp_enabled":true,"_links":{"self":[{"href":"https:\/\/gay.blog.br\/es\/wp-json\/wp\/v2\/posts\/238731","targetHints":{"allow":["GET"]}}],"collection":[{"href":"https:\/\/gay.blog.br\/es\/wp-json\/wp\/v2\/posts"}],"about":[{"href":"https:\/\/gay.blog.br\/es\/wp-json\/wp\/v2\/types\/post"}],"author":[{"embeddable":true,"href":"https:\/\/gay.blog.br\/es\/wp-json\/wp\/v2\/users\/3757"}],"replies":[{"embeddable":true,"href":"https:\/\/gay.blog.br\/es\/wp-json\/wp\/v2\/comments?post=238731"}],"version-history":[{"count":2,"href":"https:\/\/gay.blog.br\/es\/wp-json\/wp\/v2\/posts\/238731\/revisions"}],"predecessor-version":[{"id":241779,"href":"https:\/\/gay.blog.br\/es\/wp-json\/wp\/v2\/posts\/238731\/revisions\/241779"}],"wp:featuredmedia":[{"embeddable":true,"href":"https:\/\/gay.blog.br\/es\/wp-json\/wp\/v2\/media\/237685"}],"wp:attachment":[{"href":"https:\/\/gay.blog.br\/es\/wp-json\/wp\/v2\/media?parent=238731"}],"wp:term":[{"taxonomy":"category","embeddable":true,"href":"https:\/\/gay.blog.br\/es\/wp-json\/wp\/v2\/categories?post=238731"},{"taxonomy":"post_tag","embeddable":true,"href":"https:\/\/gay.blog.br\/es\/wp-json\/wp\/v2\/tags?post=238731"}],"curies":[{"name":"wp","href":"https:\/\/api.w.org\/{rel}","templated":true}]}}