{"id":238732,"date":"2024-11-07T13:34:50","date_gmt":"2024-11-07T16:34:50","guid":{"rendered":"https:\/\/gay.blog.br\/?p=238732"},"modified":"2024-12-27T18:03:16","modified_gmt":"2024-12-27T21:03:16","slug":"carioca-festival-abre-la-temporada-de-verano-en-brasil-consulta-la-programacion","status":"publish","type":"post","link":"https:\/\/gay.blog.br\/es\/recreacion\/carioca-festival-abre-la-temporada-de-verano-en-brasil-consulta-la-programacion\/","title":{"rendered":"Carioca Festival abre la temporada de verano en Brasil; consulta la programaci\u00f3n"},"content":{"rendered":"<p style=\"text-align: justify;\">Entre los d\u00edas <strong>27 de diciembre de 2024<\/strong> y el <strong>4 de enero de 2025<\/strong> tendr\u00e1 lugar el <a href=\"https:\/\/www.instagram.com\/cariocafestival\/\"><strong>Carioca Festival<\/strong><\/a>, uno de los mayores eventos del verano en <a href=\"https:\/\/gay.blog.br\/?s=Rio+de+Janeiro\"><strong>R\u00edo de Janeiro<\/strong><\/a>. Con una programaci\u00f3n repleta de <strong>fiestas exclusivas y diferentes localizaciones<\/strong>, el festival promete ofrecer una <strong>experiencia diversa e inmersiva para el p\u00fablico<\/strong>. La campa\u00f1a cuento con fotos exclusivas del fot\u00f3grafo <a href=\"https:\/\/www.instagram.com\/ernnacost\/\"><strong>ErnnaCost<\/strong><\/a>, inspiradas en la <strong>cultura del nordeste y una est\u00e9tica vibrante<\/strong>.<\/p>\n<figure id=\"attachment_236318\" aria-describedby=\"caption-attachment-236318\" style=\"width: 1080px\" class=\"wp-caption aligncenter\"><a href=\"https:\/\/tnwbrazil.com.br\/\"><img data-recalc-dims=\"1\" loading=\"lazy\" decoding=\"async\" class=\"size-full wp-image-236318\" src=\"https:\/\/i0.wp.com\/gay.blog.br\/wp-content\/uploads\/2024\/11\/Carioca-Festival-2024-estreia-com-festas-exclusivas-no-Rio-de-Janeiro-Gay-Blog-BR-4.jpg?resize=696%2C868&#038;ssl=1\" alt=\"El 'Carioca Festival' 2024 se inaugura con fiestas exclusivas en R\u00edo de Janeiro\" width=\"696\" height=\"868\" srcset=\"https:\/\/i0.wp.com\/gay.blog.br\/wp-content\/uploads\/2024\/11\/Carioca-Festival-2024-estreia-com-festas-exclusivas-no-Rio-de-Janeiro-Gay-Blog-BR-4.jpg?w=1080&amp;ssl=1 1080w, https:\/\/i0.wp.com\/gay.blog.br\/wp-content\/uploads\/2024\/11\/Carioca-Festival-2024-estreia-com-festas-exclusivas-no-Rio-de-Janeiro-Gay-Blog-BR-4.jpg?resize=241%2C300&amp;ssl=1 241w, https:\/\/i0.wp.com\/gay.blog.br\/wp-content\/uploads\/2024\/11\/Carioca-Festival-2024-estreia-com-festas-exclusivas-no-Rio-de-Janeiro-Gay-Blog-BR-4.jpg?resize=821%2C1024&amp;ssl=1 821w, https:\/\/i0.wp.com\/gay.blog.br\/wp-content\/uploads\/2024\/11\/Carioca-Festival-2024-estreia-com-festas-exclusivas-no-Rio-de-Janeiro-Gay-Blog-BR-4.jpg?resize=120%2C150&amp;ssl=1 120w, https:\/\/i0.wp.com\/gay.blog.br\/wp-content\/uploads\/2024\/11\/Carioca-Festival-2024-estreia-com-festas-exclusivas-no-Rio-de-Janeiro-Gay-Blog-BR-4.jpg?resize=768%2C958&amp;ssl=1 768w, https:\/\/i0.wp.com\/gay.blog.br\/wp-content\/uploads\/2024\/11\/Carioca-Festival-2024-estreia-com-festas-exclusivas-no-Rio-de-Janeiro-Gay-Blog-BR-4.jpg?resize=337%2C420&amp;ssl=1 337w, https:\/\/i0.wp.com\/gay.blog.br\/wp-content\/uploads\/2024\/11\/Carioca-Festival-2024-estreia-com-festas-exclusivas-no-Rio-de-Janeiro-Gay-Blog-BR-4.jpg?resize=673%2C840&amp;ssl=1 673w, https:\/\/i0.wp.com\/gay.blog.br\/wp-content\/uploads\/2024\/11\/Carioca-Festival-2024-estreia-com-festas-exclusivas-no-Rio-de-Janeiro-Gay-Blog-BR-4.jpg?resize=696%2C868&amp;ssl=1 696w, https:\/\/i0.wp.com\/gay.blog.br\/wp-content\/uploads\/2024\/11\/Carioca-Festival-2024-estreia-com-festas-exclusivas-no-Rio-de-Janeiro-Gay-Blog-BR-4.jpg?resize=1068%2C1332&amp;ssl=1 1068w\" sizes=\"auto, (max-width: 696px) 100vw, 696px\" \/><\/a><figcaption id=\"caption-attachment-236318\" class=\"wp-caption-text\">El &#8216;Carioca Festival&#8217; 2025 tiene lugar en R\u00edo de Janeiro (Foto: divulgaci\u00f3n)<\/figcaption><\/figure>\n<h3 style=\"text-align: justify;\">El Carioca Festival llega a RJ con fiestas exclusivas<\/h3>\n<p style=\"text-align: justify;\">La programaci\u00f3n del <strong>Carioca Festival<\/strong> comienza con la <strong>fiesta de apertura el 27 de diciembre, a partir de las 22:00 horas<\/strong>. El evento ser\u00e1 ambientado en el <strong>Bondinho do P\u00e3o de A\u00e7\u00facar y en el Morro da Urca<\/strong>, lugares que ofrecen una vista privilegiada de la ciudad, proporcionando una recepci\u00f3n impactante para los visitantes.<\/p>\n<figure id=\"attachment_236315\" aria-describedby=\"caption-attachment-236315\" style=\"width: 1080px\" class=\"wp-caption aligncenter\"><a href=\"https:\/\/tnwbrazil.com.br\/\"><img data-recalc-dims=\"1\" loading=\"lazy\" decoding=\"async\" class=\"size-full wp-image-236315\" src=\"https:\/\/i0.wp.com\/gay.blog.br\/wp-content\/uploads\/2024\/11\/Carioca-Festival-2024-estreia-com-festas-exclusivas-no-Rio-de-Janeiro-Gay-Blog-BR-3.jpg?resize=696%2C868&#038;ssl=1\" alt=\"Carioca Festival\" width=\"696\" height=\"868\" srcset=\"https:\/\/i0.wp.com\/gay.blog.br\/wp-content\/uploads\/2024\/11\/Carioca-Festival-2024-estreia-com-festas-exclusivas-no-Rio-de-Janeiro-Gay-Blog-BR-3.jpg?w=1080&amp;ssl=1 1080w, https:\/\/i0.wp.com\/gay.blog.br\/wp-content\/uploads\/2024\/11\/Carioca-Festival-2024-estreia-com-festas-exclusivas-no-Rio-de-Janeiro-Gay-Blog-BR-3.jpg?resize=241%2C300&amp;ssl=1 241w, https:\/\/i0.wp.com\/gay.blog.br\/wp-content\/uploads\/2024\/11\/Carioca-Festival-2024-estreia-com-festas-exclusivas-no-Rio-de-Janeiro-Gay-Blog-BR-3.jpg?resize=821%2C1024&amp;ssl=1 821w, https:\/\/i0.wp.com\/gay.blog.br\/wp-content\/uploads\/2024\/11\/Carioca-Festival-2024-estreia-com-festas-exclusivas-no-Rio-de-Janeiro-Gay-Blog-BR-3.jpg?resize=120%2C150&amp;ssl=1 120w, https:\/\/i0.wp.com\/gay.blog.br\/wp-content\/uploads\/2024\/11\/Carioca-Festival-2024-estreia-com-festas-exclusivas-no-Rio-de-Janeiro-Gay-Blog-BR-3.jpg?resize=768%2C958&amp;ssl=1 768w, https:\/\/i0.wp.com\/gay.blog.br\/wp-content\/uploads\/2024\/11\/Carioca-Festival-2024-estreia-com-festas-exclusivas-no-Rio-de-Janeiro-Gay-Blog-BR-3.jpg?resize=337%2C420&amp;ssl=1 337w, https:\/\/i0.wp.com\/gay.blog.br\/wp-content\/uploads\/2024\/11\/Carioca-Festival-2024-estreia-com-festas-exclusivas-no-Rio-de-Janeiro-Gay-Blog-BR-3.jpg?resize=673%2C840&amp;ssl=1 673w, https:\/\/i0.wp.com\/gay.blog.br\/wp-content\/uploads\/2024\/11\/Carioca-Festival-2024-estreia-com-festas-exclusivas-no-Rio-de-Janeiro-Gay-Blog-BR-3.jpg?resize=696%2C868&amp;ssl=1 696w, https:\/\/i0.wp.com\/gay.blog.br\/wp-content\/uploads\/2024\/11\/Carioca-Festival-2024-estreia-com-festas-exclusivas-no-Rio-de-Janeiro-Gay-Blog-BR-3.jpg?resize=1068%2C1332&amp;ssl=1 1068w\" sizes=\"auto, (max-width: 696px) 100vw, 696px\" \/><\/a><figcaption id=\"caption-attachment-236315\" class=\"wp-caption-text\">El &#8216;Carioca Festival&#8217; 2025 tiene lugar en R\u00edo de Janeiro (Foto: divulgaci\u00f3n)<\/figcaption><\/figure>\n<p style=\"text-align: justify;\">Al d\u00eda siguiente, <strong>28 de diciembre<\/strong>, se celebra la \u00ab<em><strong>Main Party<\/strong><\/em>\u00ab, principal destaque del evento. La fiesta ser\u00e1 realizada en <strong>Marina da Gl\u00f3ria<\/strong>, proporcionando a los participantes una vista privilegiada para la <strong>puesta y la salida del sol<\/strong>, y consolidando el lugar con el punto principal de encuentro principal de <strong>Carioca Festival<\/strong>.<\/p>\n<figure id=\"attachment_236312\" aria-describedby=\"caption-attachment-236312\" style=\"width: 1080px\" class=\"wp-caption aligncenter\"><a href=\"https:\/\/tnwbrazil.com.br\/\"><img data-recalc-dims=\"1\" loading=\"lazy\" decoding=\"async\" class=\"size-full wp-image-236312\" src=\"https:\/\/i0.wp.com\/gay.blog.br\/wp-content\/uploads\/2024\/11\/Carioca-Festival-2024-estreia-com-festas-exclusivas-no-Rio-de-Janeiro-Gay-Blog-BR-2.jpg?resize=696%2C868&#038;ssl=1\" alt=\"\" width=\"696\" height=\"868\" srcset=\"https:\/\/i0.wp.com\/gay.blog.br\/wp-content\/uploads\/2024\/11\/Carioca-Festival-2024-estreia-com-festas-exclusivas-no-Rio-de-Janeiro-Gay-Blog-BR-2.jpg?w=1080&amp;ssl=1 1080w, https:\/\/i0.wp.com\/gay.blog.br\/wp-content\/uploads\/2024\/11\/Carioca-Festival-2024-estreia-com-festas-exclusivas-no-Rio-de-Janeiro-Gay-Blog-BR-2.jpg?resize=241%2C300&amp;ssl=1 241w, https:\/\/i0.wp.com\/gay.blog.br\/wp-content\/uploads\/2024\/11\/Carioca-Festival-2024-estreia-com-festas-exclusivas-no-Rio-de-Janeiro-Gay-Blog-BR-2.jpg?resize=821%2C1024&amp;ssl=1 821w, https:\/\/i0.wp.com\/gay.blog.br\/wp-content\/uploads\/2024\/11\/Carioca-Festival-2024-estreia-com-festas-exclusivas-no-Rio-de-Janeiro-Gay-Blog-BR-2.jpg?resize=120%2C150&amp;ssl=1 120w, https:\/\/i0.wp.com\/gay.blog.br\/wp-content\/uploads\/2024\/11\/Carioca-Festival-2024-estreia-com-festas-exclusivas-no-Rio-de-Janeiro-Gay-Blog-BR-2.jpg?resize=768%2C958&amp;ssl=1 768w, https:\/\/i0.wp.com\/gay.blog.br\/wp-content\/uploads\/2024\/11\/Carioca-Festival-2024-estreia-com-festas-exclusivas-no-Rio-de-Janeiro-Gay-Blog-BR-2.jpg?resize=337%2C420&amp;ssl=1 337w, https:\/\/i0.wp.com\/gay.blog.br\/wp-content\/uploads\/2024\/11\/Carioca-Festival-2024-estreia-com-festas-exclusivas-no-Rio-de-Janeiro-Gay-Blog-BR-2.jpg?resize=673%2C840&amp;ssl=1 673w, https:\/\/i0.wp.com\/gay.blog.br\/wp-content\/uploads\/2024\/11\/Carioca-Festival-2024-estreia-com-festas-exclusivas-no-Rio-de-Janeiro-Gay-Blog-BR-2.jpg?resize=696%2C868&amp;ssl=1 696w, https:\/\/i0.wp.com\/gay.blog.br\/wp-content\/uploads\/2024\/11\/Carioca-Festival-2024-estreia-com-festas-exclusivas-no-Rio-de-Janeiro-Gay-Blog-BR-2.jpg?resize=1068%2C1332&amp;ssl=1 1068w\" sizes=\"auto, (max-width: 696px) 100vw, 696px\" \/><\/a><figcaption id=\"caption-attachment-236312\" class=\"wp-caption-text\">El &#8216;Carioca Festival&#8217; 2025 tiene lugar en R\u00edo de Janeiro (Foto: divulgaci\u00f3n)<\/figcaption><\/figure>\n<p style=\"text-align: justify;\">El d\u00eda <strong>1\u00ba de enero<\/strong>, el <strong>Museo del Ma\u00f1ana<\/strong> acoger\u00e1 la fiesta \u00ab<em><strong>M.A.R<\/strong><\/em>\u00ab, un evento que marcar\u00e1 el comienzo del <a href=\"https:\/\/gay.blog.br\/?s=Ano+Novo\"><strong>A\u00f1o Nuevo<\/strong><\/a> en uno de los lugares m\u00e1s emblem\u00e1ticos de R\u00edo. El evento tendr\u00e1 inicio a las <strong>16:00 horas y seguir\u00e1 hasta la medianoche<\/strong>.<\/p>\n<p style=\"text-align: justify;\">Seg\u00fan la informaci\u00f3n para la prensa, la novedad de este a\u00f1o y la asociaci\u00f3n con el <strong>selo de Goi\u00e1s Raro<\/strong>, que tendr\u00e1 su fiesta exclusiva al <em><strong>Faro Beach Club<\/strong><\/em>, ampliando la diversidad de estilos de la programaci\u00f3n. Adem\u00e1s, otras fiestas del festival ser\u00e1n realizadas en <em><strong>The Home<\/strong><\/em>, club conocido de R\u00edo y punto de encuentro de eventos de gran envergadura.<\/p>\n<p style=\"text-align: justify;\"><strong>Consulta la programaci\u00f3n completa abajo:<\/strong><\/p>\n<figure id=\"attachment_236321\" aria-describedby=\"caption-attachment-236321\" style=\"width: 1080px\" class=\"wp-caption aligncenter\"><a href=\"https:\/\/tnwbrazil.com.br\/\"><img data-recalc-dims=\"1\" loading=\"lazy\" decoding=\"async\" class=\"size-full wp-image-236321\" src=\"https:\/\/i0.wp.com\/gay.blog.br\/wp-content\/uploads\/2024\/11\/Carioca-Festival-2024-estreia-com-festas-exclusivas-no-Rio-de-Janeiro-Gay-Blog-BR-1.jpg?resize=696%2C868&#038;ssl=1\" alt=\"Carioca Festival\" width=\"696\" height=\"868\" srcset=\"https:\/\/i0.wp.com\/gay.blog.br\/wp-content\/uploads\/2024\/11\/Carioca-Festival-2024-estreia-com-festas-exclusivas-no-Rio-de-Janeiro-Gay-Blog-BR-1.jpg?w=1080&amp;ssl=1 1080w, https:\/\/i0.wp.com\/gay.blog.br\/wp-content\/uploads\/2024\/11\/Carioca-Festival-2024-estreia-com-festas-exclusivas-no-Rio-de-Janeiro-Gay-Blog-BR-1.jpg?resize=241%2C300&amp;ssl=1 241w, https:\/\/i0.wp.com\/gay.blog.br\/wp-content\/uploads\/2024\/11\/Carioca-Festival-2024-estreia-com-festas-exclusivas-no-Rio-de-Janeiro-Gay-Blog-BR-1.jpg?resize=821%2C1024&amp;ssl=1 821w, https:\/\/i0.wp.com\/gay.blog.br\/wp-content\/uploads\/2024\/11\/Carioca-Festival-2024-estreia-com-festas-exclusivas-no-Rio-de-Janeiro-Gay-Blog-BR-1.jpg?resize=120%2C150&amp;ssl=1 120w, https:\/\/i0.wp.com\/gay.blog.br\/wp-content\/uploads\/2024\/11\/Carioca-Festival-2024-estreia-com-festas-exclusivas-no-Rio-de-Janeiro-Gay-Blog-BR-1.jpg?resize=768%2C958&amp;ssl=1 768w, https:\/\/i0.wp.com\/gay.blog.br\/wp-content\/uploads\/2024\/11\/Carioca-Festival-2024-estreia-com-festas-exclusivas-no-Rio-de-Janeiro-Gay-Blog-BR-1.jpg?resize=337%2C420&amp;ssl=1 337w, https:\/\/i0.wp.com\/gay.blog.br\/wp-content\/uploads\/2024\/11\/Carioca-Festival-2024-estreia-com-festas-exclusivas-no-Rio-de-Janeiro-Gay-Blog-BR-1.jpg?resize=673%2C840&amp;ssl=1 673w, https:\/\/i0.wp.com\/gay.blog.br\/wp-content\/uploads\/2024\/11\/Carioca-Festival-2024-estreia-com-festas-exclusivas-no-Rio-de-Janeiro-Gay-Blog-BR-1.jpg?resize=696%2C868&amp;ssl=1 696w, https:\/\/i0.wp.com\/gay.blog.br\/wp-content\/uploads\/2024\/11\/Carioca-Festival-2024-estreia-com-festas-exclusivas-no-Rio-de-Janeiro-Gay-Blog-BR-1.jpg?resize=1068%2C1332&amp;ssl=1 1068w\" sizes=\"auto, (max-width: 696px) 100vw, 696px\" \/><\/a><figcaption id=\"caption-attachment-236321\" class=\"wp-caption-text\">El &#8216;Carioca Festival&#8217; 2025 tiene lugar en R\u00edo de Janeiro (Foto: divulgaci\u00f3n)<\/figcaption><\/figure>\n<h3 style=\"text-align: justify;\">La campa\u00f1a fotogr\u00e1fica refleja la est\u00e9tica del nordeste<\/h3>\n<p style=\"text-align: justify;\">El fot\u00f3grafo <strong>Rafael Ernnani<\/strong>, conocido como <strong>ErnnaCost<\/strong>, fue elegido para ilustrar la campa\u00f1a del <strong>Carioca Festival<\/strong>. Con siete a\u00f1os de experiencia y trabajos con artistas como <strong>Pabllo Vittar y Lu\u00edsa Sonza<\/strong>, ErnnaCost aporta al proyecto una est\u00e9tica vibrante, influenciada por la <strong>cultura del nordeste<\/strong>. Su trabajo se realiz\u00f3 junto al director de arte <strong>Thiago Jagger<\/strong>, actuando en el montaje del material fotogr\u00e1fico.<\/p>\n<p style=\"text-align: justify;\">La asociaci\u00f3n de ErnnaCost con el festival surgi\u00f3 a trav\u00e9s del productor <a href=\"https:\/\/www.instagram.com\/andrealmada\/\"><strong>Andr\u00e9 Almada<\/strong><\/a>, con quien el fot\u00f3grafo mantiene una colaboraci\u00f3n de largo tiempo. Ernna expres\u00f3 su entusiasmo por la invitaci\u00f3n, destacando la conexi\u00f3n construida a lo largo de los a\u00f1os con el <strong>High Club Brasil<\/strong>. \u00ab<em>Me alegr\u00e9 mucho cuando Almada me pidi\u00f3 que hiciera la campa\u00f1a Carioca, porque High Club Brasil y yo tenemos una larga historia de conexi\u00f3n, de la que estoy muy orgulloso. As\u00ed que no hay nada m\u00e1s gratificante que estar ah\u00ed, junto a esta casa, haci\u00e9ndola crecer y pudiendo contribuir de alguna manera con mi arte <\/em>\u201d, cont\u00f3.<\/p>\n<p style=\"text-align: justify;\">Las entradas ya est\u00e1n disponibles para la compra por el <a href=\"https:\/\/tnwbrazil.com.br\/\"><strong>sitio web oficial del evento<\/strong><\/a> y las personas interesadas son incentivados a garantizar sus entradas con anticipaci\u00f3n. Adem\u00e1s, en los pr\u00f3ximos d\u00edas se publicar\u00e1 el video oficial de la campa\u00f1a, que traer\u00e1 m\u00e1s detalles sobre el evento.<\/p>\n<h3>Servicio<\/h3>\n<p><strong>Evento:<\/strong> Carioca Festival \u2013 Edici\u00f3n Verano 2025 <strong>Fecha:<\/strong> 27 de diciembre de 2024 al 4 de enero de 2025 <strong>Lugares:<\/strong> Diversos puntos de R\u00edo de Janeiro, incluyendo Marina da Gl\u00f3ria, El Museo del Ma\u00f1ana, Bondinho do P\u00e3o de A\u00e7\u00facar, Faro Beach Club y The Home <strong>Entradas:<\/strong> Disponibles en el sitio web oficial <strong><a href=\"https:\/\/tnwbrazil.com.br\/\">www.cariocafestival.com.br<\/a><\/strong><\/p>\n","protected":false},"excerpt":{"rendered":"<p>Entre el 27 de diciembre y el 4 de enero, el evento re\u00fane fiestas en lugares como Marina da Gl\u00f3ria, Museo del Ma\u00f1ana y Bondinho do P\u00e3o de A\u00e7\u00facar<\/p>\n","protected":false},"author":3757,"featured_media":236374,"comment_status":"open","ping_status":"open","sticky":false,"template":"","format":"standard","meta":{"googlesitekit_rrm_CAoiEBg-BXrJeACjO8p49SE4kTY:productID":"","tdm_status":"","tdm_grid_status":"","_jetpack_newsletter_access":"","_jetpack_dont_email_post_to_subs":false,"_jetpack_newsletter_tier_id":0,"_jetpack_memberships_contains_paywalled_content":false,"_jetpack_memberships_contains_paid_content":false,"footnotes":"","jetpack_publicize_message":"Carioca Festival abre la temporada de verano en RJ; consulta la programaci\u00f3n","jetpack_publicize_feature_enabled":true,"jetpack_social_post_already_shared":true,"jetpack_social_options":{"image_generator_settings":{"template":"highway","default_image_id":0,"font":"","enabled":false},"version":2},"_wpas_customize_per_network":false,"jetpack_post_was_ever_published":false},"categories":[589932385],"tags":[589935366,589937923,589959521,589959519,589959534,589959524,589959535,589947583,589959520,589938116,589959517,589959522,589959518,589932815,589959533,589959523,589933029,589951052],"class_list":{"0":"post-238732","1":"post","2":"type-post","3":"status-publish","4":"format-standard","5":"has-post-thumbnail","7":"category-recreacion","8":"tag-ano-nuevo","9":"tag-andre-almada-es","10":"tag-bondinho-do-pao-de-acucar-es","11":"tag-carioca-festival-es","12":"tag-ernnacost-es","13":"tag-faro-beach-club-es","14":"tag-high-club-brasil-es","15":"tag-luisa-sonza-es","16":"tag-main-party-es","17":"tag-mar-es","18":"tag-marina-da-gloria-es","19":"tag-morro-da-urca-es","20":"tag-museo-del-manana","21":"tag-pabllo-vittar-es","22":"tag-rafael-ernnani-es","23":"tag-raro-es","24":"tag-rio-de-janeiro-es","25":"tag-the-home-es-2"},"yoast_head":"<!-- This site is optimized with the Yoast SEO plugin v27.5 - https:\/\/yoast.com\/product\/yoast-seo-wordpress\/ -->\n<title>Carioca Festival abre la temporada de verano en Brasil; consulta la programaci\u00f3n<\/title>\n<meta name=\"description\" content=\"Entre el 27 de diciembre y el 4 de enero, el evento re\u00fane fiestas en lugares como Marina da Gl\u00f3ria, Museo del Ma\u00f1ana y Bondinho do P\u00e3o de A\u00e7\u00facar.\" \/>\n<meta name=\"robots\" content=\"index, follow, max-snippet:-1, max-image-preview:large, max-video-preview:-1\" \/>\n<link rel=\"canonical\" href=\"https:\/\/gay.blog.br\/es\/recreacion\/carioca-festival-abre-la-temporada-de-verano-en-brasil-consulta-la-programacion\/\" \/>\n<meta property=\"og:locale\" content=\"es_ES\" \/>\n<meta property=\"og:type\" content=\"article\" \/>\n<meta property=\"og:title\" content=\"Carioca Festival abre la temporada de verano en Brasil; consulta la programaci\u00f3n\" \/>\n<meta property=\"og:description\" content=\"Entre el 27 de diciembre y el 4 de enero, el evento re\u00fane fiestas en lugares como Marina da Gl\u00f3ria, Museo del Ma\u00f1ana y Bondinho do P\u00e3o de A\u00e7\u00facar.\" \/>\n<meta property=\"og:url\" content=\"https:\/\/gay.blog.br\/es\/recreacion\/carioca-festival-abre-la-temporada-de-verano-en-brasil-consulta-la-programacion\/\" \/>\n<meta property=\"og:site_name\" content=\"GAY BLOG BR @gayblogbr\" \/>\n<meta property=\"article:publisher\" content=\"https:\/\/facebook.com\/gayblogbr\" \/>\n<meta property=\"article:author\" content=\"https:\/\/facebook.com\/gayblogbr\" \/>\n<meta property=\"article:published_time\" content=\"2024-11-07T16:34:50+00:00\" \/>\n<meta property=\"article:modified_time\" content=\"2024-12-27T21:03:16+00:00\" \/>\n<meta property=\"og:image\" content=\"https:\/\/gay.blog.br\/wp-content\/uploads\/2024\/11\/Carioca-Festival-abre-temporada-de-verao-no-RJ-confira-programacao-Gay-Blog-BR-2.jpg\" \/>\n\t<meta property=\"og:image:width\" content=\"1280\" \/>\n\t<meta property=\"og:image:height\" content=\"720\" \/>\n\t<meta property=\"og:image:type\" content=\"image\/jpeg\" \/>\n<meta name=\"author\" content=\"Tailane Santos\" \/>\n<meta name=\"twitter:card\" content=\"summary_large_image\" \/>\n<meta name=\"twitter:creator\" content=\"@http:\/\/twitter.com\/gayblogbr\" \/>\n<meta name=\"twitter:site\" content=\"@gayblogbr\" \/>\n<meta name=\"twitter:label1\" content=\"Escrito por\" \/>\n\t<meta name=\"twitter:data1\" content=\"Tailane Santos\" \/>\n\t<meta name=\"twitter:label2\" content=\"Tiempo de lectura\" \/>\n\t<meta name=\"twitter:data2\" content=\"5 minutos\" \/>\n<script type=\"application\/ld+json\" class=\"yoast-schema-graph\">{\"@context\":\"https:\\\/\\\/schema.org\",\"@graph\":[{\"@type\":\"Article\",\"@id\":\"https:\\\/\\\/gay.blog.br\\\/es\\\/recreacion\\\/carioca-festival-abre-la-temporada-de-verano-en-brasil-consulta-la-programacion\\\/#article\",\"isPartOf\":{\"@id\":\"https:\\\/\\\/gay.blog.br\\\/es\\\/recreacion\\\/carioca-festival-abre-la-temporada-de-verano-en-brasil-consulta-la-programacion\\\/\"},\"author\":{\"name\":\"Tailane Santos\",\"@id\":\"https:\\\/\\\/gay.blog.br\\\/es\\\/#\\\/schema\\\/person\\\/e0fca12cd80b5bbe6906c6053a688b8d\"},\"headline\":\"Carioca Festival abre la temporada de verano en Brasil; consulta la programaci\u00f3n\",\"datePublished\":\"2024-11-07T16:34:50+00:00\",\"dateModified\":\"2024-12-27T21:03:16+00:00\",\"mainEntityOfPage\":{\"@id\":\"https:\\\/\\\/gay.blog.br\\\/es\\\/recreacion\\\/carioca-festival-abre-la-temporada-de-verano-en-brasil-consulta-la-programacion\\\/\"},\"wordCount\":714,\"commentCount\":0,\"publisher\":{\"@id\":\"https:\\\/\\\/gay.blog.br\\\/es\\\/#organization\"},\"image\":{\"@id\":\"https:\\\/\\\/gay.blog.br\\\/es\\\/recreacion\\\/carioca-festival-abre-la-temporada-de-verano-en-brasil-consulta-la-programacion\\\/#primaryimage\"},\"thumbnailUrl\":\"https:\\\/\\\/i0.wp.com\\\/gay.blog.br\\\/wp-content\\\/uploads\\\/2024\\\/11\\\/Carioca-Festival-abre-temporada-de-verao-no-RJ-confira-programacao-Gay-Blog-BR-2.jpg?fit=1280%2C720&ssl=1\",\"keywords\":[\"a\u00f1o nuevo\",\"andr\u00e9 almada\",\"Bondinho do P\u00e3o de A\u00e7\u00facar\",\"Carioca Festival\",\"ErnnaCost\",\"Faro Beach Club\",\"High Club Brasil\",\"Lu\u00edsa Sonza\",\"Main Party\",\"mar\",\"Marina da Gl\u00f3ria\",\"Morro da Urca\",\"Museo del Ma\u00f1ana\",\"pabllo vittar\",\"Rafael Ernnani\",\"Raro\",\"rio de janeiro\",\"The Home\"],\"articleSection\":[\"RECREACI\u00d3N\"],\"inLanguage\":\"es\",\"potentialAction\":[{\"@type\":\"CommentAction\",\"name\":\"Comment\",\"target\":[\"https:\\\/\\\/gay.blog.br\\\/es\\\/recreacion\\\/carioca-festival-abre-la-temporada-de-verano-en-brasil-consulta-la-programacion\\\/#respond\"]}]},{\"@type\":\"WebPage\",\"@id\":\"https:\\\/\\\/gay.blog.br\\\/es\\\/recreacion\\\/carioca-festival-abre-la-temporada-de-verano-en-brasil-consulta-la-programacion\\\/\",\"url\":\"https:\\\/\\\/gay.blog.br\\\/es\\\/recreacion\\\/carioca-festival-abre-la-temporada-de-verano-en-brasil-consulta-la-programacion\\\/\",\"name\":\"Carioca Festival abre la temporada de verano en Brasil; consulta la programaci\u00f3n\",\"isPartOf\":{\"@id\":\"https:\\\/\\\/gay.blog.br\\\/es\\\/#website\"},\"primaryImageOfPage\":{\"@id\":\"https:\\\/\\\/gay.blog.br\\\/es\\\/recreacion\\\/carioca-festival-abre-la-temporada-de-verano-en-brasil-consulta-la-programacion\\\/#primaryimage\"},\"image\":{\"@id\":\"https:\\\/\\\/gay.blog.br\\\/es\\\/recreacion\\\/carioca-festival-abre-la-temporada-de-verano-en-brasil-consulta-la-programacion\\\/#primaryimage\"},\"thumbnailUrl\":\"https:\\\/\\\/i0.wp.com\\\/gay.blog.br\\\/wp-content\\\/uploads\\\/2024\\\/11\\\/Carioca-Festival-abre-temporada-de-verao-no-RJ-confira-programacao-Gay-Blog-BR-2.jpg?fit=1280%2C720&ssl=1\",\"datePublished\":\"2024-11-07T16:34:50+00:00\",\"dateModified\":\"2024-12-27T21:03:16+00:00\",\"description\":\"Entre el 27 de diciembre y el 4 de enero, el evento re\u00fane fiestas en lugares como Marina da Gl\u00f3ria, Museo del Ma\u00f1ana y Bondinho do P\u00e3o de A\u00e7\u00facar.\",\"breadcrumb\":{\"@id\":\"https:\\\/\\\/gay.blog.br\\\/es\\\/recreacion\\\/carioca-festival-abre-la-temporada-de-verano-en-brasil-consulta-la-programacion\\\/#breadcrumb\"},\"inLanguage\":\"es\",\"potentialAction\":[{\"@type\":\"ReadAction\",\"target\":[\"https:\\\/\\\/gay.blog.br\\\/es\\\/recreacion\\\/carioca-festival-abre-la-temporada-de-verano-en-brasil-consulta-la-programacion\\\/\"]}]},{\"@type\":\"ImageObject\",\"inLanguage\":\"es\",\"@id\":\"https:\\\/\\\/gay.blog.br\\\/es\\\/recreacion\\\/carioca-festival-abre-la-temporada-de-verano-en-brasil-consulta-la-programacion\\\/#primaryimage\",\"url\":\"https:\\\/\\\/i0.wp.com\\\/gay.blog.br\\\/wp-content\\\/uploads\\\/2024\\\/11\\\/Carioca-Festival-abre-temporada-de-verao-no-RJ-confira-programacao-Gay-Blog-BR-2.jpg?fit=1280%2C720&ssl=1\",\"contentUrl\":\"https:\\\/\\\/i0.wp.com\\\/gay.blog.br\\\/wp-content\\\/uploads\\\/2024\\\/11\\\/Carioca-Festival-abre-temporada-de-verao-no-RJ-confira-programacao-Gay-Blog-BR-2.jpg?fit=1280%2C720&ssl=1\",\"width\":1280,\"height\":720,\"caption\":\"'Carioca Festival' 2024 acontece no Rio de Janeiro (Foto: divulga\u00e7\u00e3o)\"},{\"@type\":\"BreadcrumbList\",\"@id\":\"https:\\\/\\\/gay.blog.br\\\/es\\\/recreacion\\\/carioca-festival-abre-la-temporada-de-verano-en-brasil-consulta-la-programacion\\\/#breadcrumb\",\"itemListElement\":[{\"@type\":\"ListItem\",\"position\":1,\"name\":\"In\u00edcio\",\"item\":\"https:\\\/\\\/gay.blog.br\\\/es\\\/\"},{\"@type\":\"ListItem\",\"position\":2,\"name\":\"Carioca Festival abre la temporada de verano en Brasil; consulta la programaci\u00f3n\"}]},{\"@type\":\"WebSite\",\"@id\":\"https:\\\/\\\/gay.blog.br\\\/es\\\/#website\",\"url\":\"https:\\\/\\\/gay.blog.br\\\/es\\\/\",\"name\":\"GAY BLOG BR @gayblogbr\",\"description\":\"Not\u00edcias que empoderam e\\\/ou entret\u00eam s\u00e3o especialidades da casa\",\"publisher\":{\"@id\":\"https:\\\/\\\/gay.blog.br\\\/es\\\/#organization\"},\"potentialAction\":[{\"@type\":\"SearchAction\",\"target\":{\"@type\":\"EntryPoint\",\"urlTemplate\":\"https:\\\/\\\/gay.blog.br\\\/es\\\/?s={search_term_string}\"},\"query-input\":{\"@type\":\"PropertyValueSpecification\",\"valueRequired\":true,\"valueName\":\"search_term_string\"}}],\"inLanguage\":\"es\"},{\"@type\":\"Organization\",\"@id\":\"https:\\\/\\\/gay.blog.br\\\/es\\\/#organization\",\"name\":\"GAY BLOG BR\",\"url\":\"https:\\\/\\\/gay.blog.br\\\/es\\\/\",\"logo\":{\"@type\":\"ImageObject\",\"inLanguage\":\"es\",\"@id\":\"https:\\\/\\\/gay.blog.br\\\/es\\\/#\\\/schema\\\/logo\\\/image\\\/\",\"url\":\"https:\\\/\\\/i0.wp.com\\\/gay.blog.br\\\/wp-content\\\/uploads\\\/2023\\\/08\\\/gay180px.png?fit=272%2C90&ssl=1\",\"contentUrl\":\"https:\\\/\\\/i0.wp.com\\\/gay.blog.br\\\/wp-content\\\/uploads\\\/2023\\\/08\\\/gay180px.png?fit=272%2C90&ssl=1\",\"width\":272,\"height\":90,\"caption\":\"GAY BLOG BR\"},\"image\":{\"@id\":\"https:\\\/\\\/gay.blog.br\\\/es\\\/#\\\/schema\\\/logo\\\/image\\\/\"},\"sameAs\":[\"https:\\\/\\\/facebook.com\\\/gayblogbr\",\"https:\\\/\\\/x.com\\\/gayblogbr\",\"https:\\\/\\\/instagram.com\\\/gayblogbr\",\"https:\\\/\\\/www.linkedin.com\\\/company\\\/gayblogbr\\\/\",\"https:\\\/\\\/br.pinterest.com\\\/gayblogbr\\\/\",\"https:\\\/\\\/www.youtube.com\\\/channel\\\/UCdEu3JXLOB-wvWAVUF4AIiA\",\"https:\\\/\\\/pt.wikipedia.org\\\/wiki\\\/Gay_Blog_Br\",\"https:\\\/\\\/www.threads.net\\\/@gayblogbr\"]},{\"@type\":\"Person\",\"@id\":\"https:\\\/\\\/gay.blog.br\\\/es\\\/#\\\/schema\\\/person\\\/e0fca12cd80b5bbe6906c6053a688b8d\",\"name\":\"Tailane Santos\",\"image\":{\"@type\":\"ImageObject\",\"inLanguage\":\"es\",\"@id\":\"https:\\\/\\\/secure.gravatar.com\\\/avatar\\\/91f7f6be799f1c9d8ed3565c1642b4ce01fbc229bfdea97f4177fd0d6049cbfe?s=96&d=mm&r=g\",\"url\":\"https:\\\/\\\/secure.gravatar.com\\\/avatar\\\/91f7f6be799f1c9d8ed3565c1642b4ce01fbc229bfdea97f4177fd0d6049cbfe?s=96&d=mm&r=g\",\"contentUrl\":\"https:\\\/\\\/secure.gravatar.com\\\/avatar\\\/91f7f6be799f1c9d8ed3565c1642b4ce01fbc229bfdea97f4177fd0d6049cbfe?s=96&d=mm&r=g\",\"caption\":\"Tailane Santos\"},\"sameAs\":[\"http:\\\/\\\/wwww.gay.blog.br\",\"https:\\\/\\\/facebook.com\\\/gayblogbr\",\"https:\\\/\\\/instagram.com\\\/gayblogbr\",\"https:\\\/\\\/www.linkedin.com\\\/company\\\/gayblogbr\\\/\",\"http:\\\/\\\/pinterest.com\\\/gayblogbr\\\/\",\"https:\\\/\\\/x.com\\\/http:\\\/\\\/twitter.com\\\/gayblogbr\",\"https:\\\/\\\/www.youtube.com\\\/channel\\\/UCdEu3JXLOB-wvWAVUF4AIiA\"],\"url\":\"https:\\\/\\\/gay.blog.br\\\/es\\\/author\\\/tailane\\\/\"}]}<\/script>\n<!-- \/ Yoast SEO plugin. -->","yoast_head_json":{"title":"Carioca Festival abre la temporada de verano en Brasil; consulta la programaci\u00f3n","description":"Entre el 27 de diciembre y el 4 de enero, el evento re\u00fane fiestas en lugares como Marina da Gl\u00f3ria, Museo del Ma\u00f1ana y Bondinho do P\u00e3o de A\u00e7\u00facar.","robots":{"index":"index","follow":"follow","max-snippet":"max-snippet:-1","max-image-preview":"max-image-preview:large","max-video-preview":"max-video-preview:-1"},"canonical":"https:\/\/gay.blog.br\/es\/recreacion\/carioca-festival-abre-la-temporada-de-verano-en-brasil-consulta-la-programacion\/","og_locale":"es_ES","og_type":"article","og_title":"Carioca Festival abre la temporada de verano en Brasil; consulta la programaci\u00f3n","og_description":"Entre el 27 de diciembre y el 4 de enero, el evento re\u00fane fiestas en lugares como Marina da Gl\u00f3ria, Museo del Ma\u00f1ana y Bondinho do P\u00e3o de A\u00e7\u00facar.","og_url":"https:\/\/gay.blog.br\/es\/recreacion\/carioca-festival-abre-la-temporada-de-verano-en-brasil-consulta-la-programacion\/","og_site_name":"GAY BLOG BR @gayblogbr","article_publisher":"https:\/\/facebook.com\/gayblogbr","article_author":"https:\/\/facebook.com\/gayblogbr","article_published_time":"2024-11-07T16:34:50+00:00","article_modified_time":"2024-12-27T21:03:16+00:00","og_image":[{"width":1280,"height":720,"url":"https:\/\/gay.blog.br\/wp-content\/uploads\/2024\/11\/Carioca-Festival-abre-temporada-de-verao-no-RJ-confira-programacao-Gay-Blog-BR-2.jpg","type":"image\/jpeg"}],"author":"Tailane Santos","twitter_card":"summary_large_image","twitter_creator":"@http:\/\/twitter.com\/gayblogbr","twitter_site":"@gayblogbr","twitter_misc":{"Escrito por":"Tailane Santos","Tiempo de lectura":"5 minutos"},"schema":{"@context":"https:\/\/schema.org","@graph":[{"@type":"Article","@id":"https:\/\/gay.blog.br\/es\/recreacion\/carioca-festival-abre-la-temporada-de-verano-en-brasil-consulta-la-programacion\/#article","isPartOf":{"@id":"https:\/\/gay.blog.br\/es\/recreacion\/carioca-festival-abre-la-temporada-de-verano-en-brasil-consulta-la-programacion\/"},"author":{"name":"Tailane Santos","@id":"https:\/\/gay.blog.br\/es\/#\/schema\/person\/e0fca12cd80b5bbe6906c6053a688b8d"},"headline":"Carioca Festival abre la temporada de verano en Brasil; consulta la programaci\u00f3n","datePublished":"2024-11-07T16:34:50+00:00","dateModified":"2024-12-27T21:03:16+00:00","mainEntityOfPage":{"@id":"https:\/\/gay.blog.br\/es\/recreacion\/carioca-festival-abre-la-temporada-de-verano-en-brasil-consulta-la-programacion\/"},"wordCount":714,"commentCount":0,"publisher":{"@id":"https:\/\/gay.blog.br\/es\/#organization"},"image":{"@id":"https:\/\/gay.blog.br\/es\/recreacion\/carioca-festival-abre-la-temporada-de-verano-en-brasil-consulta-la-programacion\/#primaryimage"},"thumbnailUrl":"https:\/\/i0.wp.com\/gay.blog.br\/wp-content\/uploads\/2024\/11\/Carioca-Festival-abre-temporada-de-verao-no-RJ-confira-programacao-Gay-Blog-BR-2.jpg?fit=1280%2C720&ssl=1","keywords":["a\u00f1o nuevo","andr\u00e9 almada","Bondinho do P\u00e3o de A\u00e7\u00facar","Carioca Festival","ErnnaCost","Faro Beach Club","High Club Brasil","Lu\u00edsa Sonza","Main Party","mar","Marina da Gl\u00f3ria","Morro da Urca","Museo del Ma\u00f1ana","pabllo vittar","Rafael Ernnani","Raro","rio de janeiro","The Home"],"articleSection":["RECREACI\u00d3N"],"inLanguage":"es","potentialAction":[{"@type":"CommentAction","name":"Comment","target":["https:\/\/gay.blog.br\/es\/recreacion\/carioca-festival-abre-la-temporada-de-verano-en-brasil-consulta-la-programacion\/#respond"]}]},{"@type":"WebPage","@id":"https:\/\/gay.blog.br\/es\/recreacion\/carioca-festival-abre-la-temporada-de-verano-en-brasil-consulta-la-programacion\/","url":"https:\/\/gay.blog.br\/es\/recreacion\/carioca-festival-abre-la-temporada-de-verano-en-brasil-consulta-la-programacion\/","name":"Carioca Festival abre la temporada de verano en Brasil; consulta la programaci\u00f3n","isPartOf":{"@id":"https:\/\/gay.blog.br\/es\/#website"},"primaryImageOfPage":{"@id":"https:\/\/gay.blog.br\/es\/recreacion\/carioca-festival-abre-la-temporada-de-verano-en-brasil-consulta-la-programacion\/#primaryimage"},"image":{"@id":"https:\/\/gay.blog.br\/es\/recreacion\/carioca-festival-abre-la-temporada-de-verano-en-brasil-consulta-la-programacion\/#primaryimage"},"thumbnailUrl":"https:\/\/i0.wp.com\/gay.blog.br\/wp-content\/uploads\/2024\/11\/Carioca-Festival-abre-temporada-de-verao-no-RJ-confira-programacao-Gay-Blog-BR-2.jpg?fit=1280%2C720&ssl=1","datePublished":"2024-11-07T16:34:50+00:00","dateModified":"2024-12-27T21:03:16+00:00","description":"Entre el 27 de diciembre y el 4 de enero, el evento re\u00fane fiestas en lugares como Marina da Gl\u00f3ria, Museo del Ma\u00f1ana y Bondinho do P\u00e3o de A\u00e7\u00facar.","breadcrumb":{"@id":"https:\/\/gay.blog.br\/es\/recreacion\/carioca-festival-abre-la-temporada-de-verano-en-brasil-consulta-la-programacion\/#breadcrumb"},"inLanguage":"es","potentialAction":[{"@type":"ReadAction","target":["https:\/\/gay.blog.br\/es\/recreacion\/carioca-festival-abre-la-temporada-de-verano-en-brasil-consulta-la-programacion\/"]}]},{"@type":"ImageObject","inLanguage":"es","@id":"https:\/\/gay.blog.br\/es\/recreacion\/carioca-festival-abre-la-temporada-de-verano-en-brasil-consulta-la-programacion\/#primaryimage","url":"https:\/\/i0.wp.com\/gay.blog.br\/wp-content\/uploads\/2024\/11\/Carioca-Festival-abre-temporada-de-verao-no-RJ-confira-programacao-Gay-Blog-BR-2.jpg?fit=1280%2C720&ssl=1","contentUrl":"https:\/\/i0.wp.com\/gay.blog.br\/wp-content\/uploads\/2024\/11\/Carioca-Festival-abre-temporada-de-verao-no-RJ-confira-programacao-Gay-Blog-BR-2.jpg?fit=1280%2C720&ssl=1","width":1280,"height":720,"caption":"'Carioca Festival' 2024 acontece no Rio de Janeiro (Foto: divulga\u00e7\u00e3o)"},{"@type":"BreadcrumbList","@id":"https:\/\/gay.blog.br\/es\/recreacion\/carioca-festival-abre-la-temporada-de-verano-en-brasil-consulta-la-programacion\/#breadcrumb","itemListElement":[{"@type":"ListItem","position":1,"name":"In\u00edcio","item":"https:\/\/gay.blog.br\/es\/"},{"@type":"ListItem","position":2,"name":"Carioca Festival abre la temporada de verano en Brasil; consulta la programaci\u00f3n"}]},{"@type":"WebSite","@id":"https:\/\/gay.blog.br\/es\/#website","url":"https:\/\/gay.blog.br\/es\/","name":"GAY BLOG BR @gayblogbr","description":"Not\u00edcias que empoderam e\/ou entret\u00eam s\u00e3o especialidades da casa","publisher":{"@id":"https:\/\/gay.blog.br\/es\/#organization"},"potentialAction":[{"@type":"SearchAction","target":{"@type":"EntryPoint","urlTemplate":"https:\/\/gay.blog.br\/es\/?s={search_term_string}"},"query-input":{"@type":"PropertyValueSpecification","valueRequired":true,"valueName":"search_term_string"}}],"inLanguage":"es"},{"@type":"Organization","@id":"https:\/\/gay.blog.br\/es\/#organization","name":"GAY BLOG BR","url":"https:\/\/gay.blog.br\/es\/","logo":{"@type":"ImageObject","inLanguage":"es","@id":"https:\/\/gay.blog.br\/es\/#\/schema\/logo\/image\/","url":"https:\/\/i0.wp.com\/gay.blog.br\/wp-content\/uploads\/2023\/08\/gay180px.png?fit=272%2C90&ssl=1","contentUrl":"https:\/\/i0.wp.com\/gay.blog.br\/wp-content\/uploads\/2023\/08\/gay180px.png?fit=272%2C90&ssl=1","width":272,"height":90,"caption":"GAY BLOG BR"},"image":{"@id":"https:\/\/gay.blog.br\/es\/#\/schema\/logo\/image\/"},"sameAs":["https:\/\/facebook.com\/gayblogbr","https:\/\/x.com\/gayblogbr","https:\/\/instagram.com\/gayblogbr","https:\/\/www.linkedin.com\/company\/gayblogbr\/","https:\/\/br.pinterest.com\/gayblogbr\/","https:\/\/www.youtube.com\/channel\/UCdEu3JXLOB-wvWAVUF4AIiA","https:\/\/pt.wikipedia.org\/wiki\/Gay_Blog_Br","https:\/\/www.threads.net\/@gayblogbr"]},{"@type":"Person","@id":"https:\/\/gay.blog.br\/es\/#\/schema\/person\/e0fca12cd80b5bbe6906c6053a688b8d","name":"Tailane Santos","image":{"@type":"ImageObject","inLanguage":"es","@id":"https:\/\/secure.gravatar.com\/avatar\/91f7f6be799f1c9d8ed3565c1642b4ce01fbc229bfdea97f4177fd0d6049cbfe?s=96&d=mm&r=g","url":"https:\/\/secure.gravatar.com\/avatar\/91f7f6be799f1c9d8ed3565c1642b4ce01fbc229bfdea97f4177fd0d6049cbfe?s=96&d=mm&r=g","contentUrl":"https:\/\/secure.gravatar.com\/avatar\/91f7f6be799f1c9d8ed3565c1642b4ce01fbc229bfdea97f4177fd0d6049cbfe?s=96&d=mm&r=g","caption":"Tailane Santos"},"sameAs":["http:\/\/wwww.gay.blog.br","https:\/\/facebook.com\/gayblogbr","https:\/\/instagram.com\/gayblogbr","https:\/\/www.linkedin.com\/company\/gayblogbr\/","http:\/\/pinterest.com\/gayblogbr\/","https:\/\/x.com\/http:\/\/twitter.com\/gayblogbr","https:\/\/www.youtube.com\/channel\/UCdEu3JXLOB-wvWAVUF4AIiA"],"url":"https:\/\/gay.blog.br\/es\/author\/tailane\/"}]}},"jetpack_publicize_connections":[],"jetpack_featured_media_url":"https:\/\/i0.wp.com\/gay.blog.br\/wp-content\/uploads\/2024\/11\/Carioca-Festival-abre-temporada-de-verao-no-RJ-confira-programacao-Gay-Blog-BR-2.jpg?fit=1280%2C720&ssl=1","jetpack_sharing_enabled":true,"jetpack_shortlink":"https:\/\/wp.me\/p6klkK-106w","jetpack_likes_enabled":false,"amp_enabled":true,"_links":{"self":[{"href":"https:\/\/gay.blog.br\/es\/wp-json\/wp\/v2\/posts\/238732","targetHints":{"allow":["GET"]}}],"collection":[{"href":"https:\/\/gay.blog.br\/es\/wp-json\/wp\/v2\/posts"}],"about":[{"href":"https:\/\/gay.blog.br\/es\/wp-json\/wp\/v2\/types\/post"}],"author":[{"embeddable":true,"href":"https:\/\/gay.blog.br\/es\/wp-json\/wp\/v2\/users\/3757"}],"replies":[{"embeddable":true,"href":"https:\/\/gay.blog.br\/es\/wp-json\/wp\/v2\/comments?post=238732"}],"version-history":[{"count":2,"href":"https:\/\/gay.blog.br\/es\/wp-json\/wp\/v2\/posts\/238732\/revisions"}],"predecessor-version":[{"id":240052,"href":"https:\/\/gay.blog.br\/es\/wp-json\/wp\/v2\/posts\/238732\/revisions\/240052"}],"wp:featuredmedia":[{"embeddable":true,"href":"https:\/\/gay.blog.br\/es\/wp-json\/wp\/v2\/media\/236374"}],"wp:attachment":[{"href":"https:\/\/gay.blog.br\/es\/wp-json\/wp\/v2\/media?parent=238732"}],"wp:term":[{"taxonomy":"category","embeddable":true,"href":"https:\/\/gay.blog.br\/es\/wp-json\/wp\/v2\/categories?post=238732"},{"taxonomy":"post_tag","embeddable":true,"href":"https:\/\/gay.blog.br\/es\/wp-json\/wp\/v2\/tags?post=238732"}],"curies":[{"name":"wp","href":"https:\/\/api.w.org\/{rel}","templated":true}]}}