{"id":243893,"date":"2025-02-19T07:47:33","date_gmt":"2025-02-19T10:47:33","guid":{"rendered":"https:\/\/gay.blog.br\/?p=243893"},"modified":"2025-02-22T17:15:45","modified_gmt":"2025-02-22T20:15:45","slug":"con-fernanda-torres-de-camino-a-los-oscar-recuerda-su-apoyo-a-la-causa-lgbtqia","status":"publish","type":"post","link":"https:\/\/gay.blog.br\/es\/noticias-es\/con-fernanda-torres-de-camino-a-los-oscar-recuerda-su-apoyo-a-la-causa-lgbtqia\/","title":{"rendered":"Con Fernanda Torres de camino a los Oscar, recuerda su apoyo a la causa LGBTQIA+"},"content":{"rendered":"<p style=\"text-align: justify;\" data-pm-slice=\"1 1 []\">Con <a href=\"https:\/\/gay.blog.br\/?s=Fernanda+Torres\"><strong>Fernanda Torres<\/strong><\/a> ganando protagonismo en la carrera hacia los <a href=\"https:\/\/www.google.com\/search?q=Oscar+2025&amp;rlz=1C1ISCS_pt-PTBR1136BR1136&amp;oq=Oscar+2025&amp;gs_lcrp=EgZjaHJvbWUyDwgAEEUYORiDARixAxiABDINCAEQABiDARixAxiABDIKCAIQABixAxiABDIPCAMQABgUGIcCGLEDGIAEMg0IBBAAGIMBGLEDGIAEMg0IBRAAGIMBGLEDGIAEMg0IBhAAGIMBGLEDGIAEMg0IBxAAGIMBGLEDGIAEMg0ICBAAGIMBGLEDGIAEMg0ICRAAGIMBGLEDGIAE0gEHMzQwajBqNKgCALACAQ&amp;sourceid=chrome&amp;ie=UTF-8\"><strong>Oscar 2025<\/strong><\/a>, su trayectoria y posiciones han cobrado protagonismo una vez m\u00e1s, incluido su apoyo a la causa <strong>LGBTQIA+<\/strong>. La actriz, conocida por sus incisivos discursos sobre pol\u00edtica y derechos sociales, ha abordado p\u00fablicamente temas como la <a href=\"https:\/\/gay.blog.br\/?s=criminaliza%C3%A7%C3%A3o+da+homofobia\"><strong>criminalizaci\u00f3n de la homofobia<\/strong><\/a> y la recepci\u00f3n que la sociedad hace de los personajes LGBTQIA+ en la televisi\u00f3n.<\/p>\n<figure id=\"attachment_243592\" aria-describedby=\"caption-attachment-243592\" style=\"width: 1080px\" class=\"wp-caption aligncenter\"><a href=\"https:\/\/scruff.app.link\/Gayblog_br_Press\"><img data-recalc-dims=\"1\" loading=\"lazy\" decoding=\"async\" class=\"wp-image-243592 size-full\" src=\"https:\/\/i0.wp.com\/gay.blog.br\/wp-content\/uploads\/2025\/02\/Snapinst.app_475111294_18476795095061089_8992564365938868908_n_1080.jpg?resize=696%2C867&#038;ssl=1\" alt=\"Con Fernanda Torres como candidata a los Oscar, recuerda su apoyo a la causa LGBTQIA+\" width=\"696\" height=\"867\" srcset=\"https:\/\/i0.wp.com\/gay.blog.br\/wp-content\/uploads\/2025\/02\/Snapinst.app_475111294_18476795095061089_8992564365938868908_n_1080.jpg?w=1080&amp;ssl=1 1080w, https:\/\/i0.wp.com\/gay.blog.br\/wp-content\/uploads\/2025\/02\/Snapinst.app_475111294_18476795095061089_8992564365938868908_n_1080.jpg?resize=241%2C300&amp;ssl=1 241w, https:\/\/i0.wp.com\/gay.blog.br\/wp-content\/uploads\/2025\/02\/Snapinst.app_475111294_18476795095061089_8992564365938868908_n_1080.jpg?resize=822%2C1024&amp;ssl=1 822w, https:\/\/i0.wp.com\/gay.blog.br\/wp-content\/uploads\/2025\/02\/Snapinst.app_475111294_18476795095061089_8992564365938868908_n_1080.jpg?resize=120%2C150&amp;ssl=1 120w, https:\/\/i0.wp.com\/gay.blog.br\/wp-content\/uploads\/2025\/02\/Snapinst.app_475111294_18476795095061089_8992564365938868908_n_1080.jpg?resize=768%2C957&amp;ssl=1 768w, https:\/\/i0.wp.com\/gay.blog.br\/wp-content\/uploads\/2025\/02\/Snapinst.app_475111294_18476795095061089_8992564365938868908_n_1080.jpg?resize=337%2C420&amp;ssl=1 337w, https:\/\/i0.wp.com\/gay.blog.br\/wp-content\/uploads\/2025\/02\/Snapinst.app_475111294_18476795095061089_8992564365938868908_n_1080.jpg?resize=674%2C840&amp;ssl=1 674w, https:\/\/i0.wp.com\/gay.blog.br\/wp-content\/uploads\/2025\/02\/Snapinst.app_475111294_18476795095061089_8992564365938868908_n_1080.jpg?resize=696%2C867&amp;ssl=1 696w, https:\/\/i0.wp.com\/gay.blog.br\/wp-content\/uploads\/2025\/02\/Snapinst.app_475111294_18476795095061089_8992564365938868908_n_1080.jpg?resize=1068%2C1331&amp;ssl=1 1068w\" sizes=\"auto, (max-width: 696px) 100vw, 696px\" \/><\/a><figcaption id=\"caption-attachment-243592\" class=\"wp-caption-text\">Fernanda Torres gana el premio Globo de Oro (foto: reproducci\u00f3n\/ Instagram)<\/figcaption><\/figure>\n<h3 style=\"text-align: justify;\"><strong>El Beso en \u00abBabil\u00f4nia\u00bb y la reacci\u00f3n de Fernanda Torres<\/strong><\/h3>\n<p style=\"text-align: justify;\">En 2015, durante el lanzamiento de la \u00faltima temporada de la serie <strong>\u00abTapas &amp; Beijos\u00bb<\/strong>, Fernanda Torres respondi\u00f3 a una pregunta sobre las repercusiones de la escena del beso entre <a href=\"https:\/\/gay.blog.br\/?s=Fernanda+Montenegro\"><strong>Fernanda Montenegro<\/strong><\/a>, su madre, y <strong>Nathalia Timberg<\/strong>, en la novela <a href=\"https:\/\/www.google.com\/search?q=babilonia+fernanda+montenegro&amp;sca_esv=fd9ecb9fe59b5df1&amp;rlz=1C1ISCS_pt-PTBR1136BR1136&amp;sxsrf=AHTn8zpvQrXUEfWaYiLij0TFdSvwNqWoeA%3A1739895671788&amp;ei=d7O0Z7zwL7b25OUPoYCIoA8&amp;gs_ssp=eJzj4tbP1TcwNKpKKU43NGD0kk1KTMrMyc_LTFRISy3KS8xLSVTIzc8rSc1LTS_KBwA9Qw9T&amp;oq=babilonia&amp;gs_lp=Egxnd3Mtd2l6LXNlcnAiCWJhYmlsb25pYSoCCAAyBxAuGLADGCcyChAAGLADGNYEGEcyChAAGLADGNYEGEcyChAAGLADGNYEGEcyChAAGLADGNYEGEcyChAAGLADGNYEGEcyChAAGLADGNYEGEcyChAAGLADGNYEGEcyChAAGLADGNYEGEcyDRAAGIAEGLADGEMYigUyDxAAGIAEGLADGEMYigUYCjINEAAYgAQYsAMYQxiKBTIOEAAYsAMY5AIY1gTYAQEyDhAAGLADGOQCGNYE2AEBMg4QABiwAxjkAhjWBNgBATITEC4YgAQYsAMYQxjIAxiKBdgBATITEC4YgAQYsAMYQxjIAxiKBdgBATIVEC4YgAQYsAMYQxjIAxiKBRgK2AEBMhMQLhiABBiwAxhDGMgDGIoF2AEBSKsHUABYAHABeAGQAQCYAQCgAQCqAQC4AQHIAQCYAgGgAgaYAwCIBgGQBhO6BgYIARABGAmSBwExoAcA&amp;sclient=gws-wiz-serp\"><strong>\u00abBabil\u00f4nia\u00bb<\/strong><\/a>. La secuencia, mostrada en el primer cap\u00edtulo de la trama, gener\u00f3 pol\u00e9mica y levant\u00f3 debates sobre la representaci\u00f3n LGBTQIA+ en la TV abierta.<\/p>\n<figure id=\"attachment_243588\" aria-describedby=\"caption-attachment-243588\" style=\"width: 600px\" class=\"wp-caption aligncenter\"><a href=\"https:\/\/scruff.app.link\/Gayblog_br_Press\"><img data-recalc-dims=\"1\" loading=\"lazy\" decoding=\"async\" class=\"wp-image-243588 size-full\" src=\"https:\/\/i0.wp.com\/gay.blog.br\/wp-content\/uploads\/2025\/02\/beijo-gay-fernanda-e-nathalia.jpg?resize=600%2C414&#038;ssl=1\" alt=\"Con Fernanda Torres como candidata a los Oscar, recuerda su apoyo a la causa LGBTQIA+\" width=\"600\" height=\"414\" srcset=\"https:\/\/i0.wp.com\/gay.blog.br\/wp-content\/uploads\/2025\/02\/beijo-gay-fernanda-e-nathalia.jpg?w=600&amp;ssl=1 600w, https:\/\/i0.wp.com\/gay.blog.br\/wp-content\/uploads\/2025\/02\/beijo-gay-fernanda-e-nathalia.jpg?resize=300%2C207&amp;ssl=1 300w, https:\/\/i0.wp.com\/gay.blog.br\/wp-content\/uploads\/2025\/02\/beijo-gay-fernanda-e-nathalia.jpg?resize=150%2C104&amp;ssl=1 150w, https:\/\/i0.wp.com\/gay.blog.br\/wp-content\/uploads\/2025\/02\/beijo-gay-fernanda-e-nathalia.jpg?resize=218%2C150&amp;ssl=1 218w, https:\/\/i0.wp.com\/gay.blog.br\/wp-content\/uploads\/2025\/02\/beijo-gay-fernanda-e-nathalia.jpg?resize=436%2C300&amp;ssl=1 436w, https:\/\/i0.wp.com\/gay.blog.br\/wp-content\/uploads\/2025\/02\/beijo-gay-fernanda-e-nathalia.jpg?resize=100%2C70&amp;ssl=1 100w\" sizes=\"auto, (max-width: 600px) 100vw, 600px\" \/><\/a><figcaption id=\"caption-attachment-243588\" class=\"wp-caption-text\">Escena de Babil\u00f4nia (foto: reproducci\u00f3n\/ Globoplay)<\/figcaption><\/figure>\n<p style=\"text-align: justify;\">En su momento, Fernanda Torres contest\u00f3: <strong><em>\u00abMam\u00e1 es incre\u00edble, y yo le digo: &#8216;Mam\u00e1, tu eres el hombre en esta relaci\u00f3n&#8217;. No s\u00e9 si fue el beso o el hecho de que ocurriera en el primer cap\u00edtulo. Creo que la sociedad se est\u00e1 volviendo conservadora, pero eso tambi\u00e9n merece ser escuchado y visto\u00bb.<\/em><\/strong><\/p>\n<p style=\"text-align: justify;\">La escena provoc\u00f3 <strong>reacciones intensas<\/strong>, llevando a la novela a ser boicoteada por sectores conservadores. El rechazo al beso provoc\u00f3 cambios en la trama y una reducci\u00f3n de la presencia de <strong>personajes de lesbianas<\/strong> en la trama, lo que pone de manifiesto el impacto de la resistencia a los contenidos LGBTQIA+ en la televisi\u00f3n brasile\u00f1a de la \u00e9poca.<\/p>\n<figure id=\"attachment_243600\" aria-describedby=\"caption-attachment-243600\" style=\"width: 1080px\" class=\"wp-caption aligncenter\"><a href=\"https:\/\/scruff.app.link\/Gayblog_br_Press\"><img data-recalc-dims=\"1\" loading=\"lazy\" decoding=\"async\" class=\"wp-image-243600 size-full\" src=\"https:\/\/i0.wp.com\/gay.blog.br\/wp-content\/uploads\/2025\/02\/Snapinst.app_479371146_614271551350625_5369345562716654842_n_1080.jpg?resize=696%2C870&#038;ssl=1\" alt=\"Con Fernanda Torres como candidata a los Oscar, recuerda su apoyo a la causa LGBTQIA+\" width=\"696\" height=\"870\" srcset=\"https:\/\/i0.wp.com\/gay.blog.br\/wp-content\/uploads\/2025\/02\/Snapinst.app_479371146_614271551350625_5369345562716654842_n_1080.jpg?w=1080&amp;ssl=1 1080w, https:\/\/i0.wp.com\/gay.blog.br\/wp-content\/uploads\/2025\/02\/Snapinst.app_479371146_614271551350625_5369345562716654842_n_1080.jpg?resize=240%2C300&amp;ssl=1 240w, https:\/\/i0.wp.com\/gay.blog.br\/wp-content\/uploads\/2025\/02\/Snapinst.app_479371146_614271551350625_5369345562716654842_n_1080.jpg?resize=819%2C1024&amp;ssl=1 819w, https:\/\/i0.wp.com\/gay.blog.br\/wp-content\/uploads\/2025\/02\/Snapinst.app_479371146_614271551350625_5369345562716654842_n_1080.jpg?resize=120%2C150&amp;ssl=1 120w, https:\/\/i0.wp.com\/gay.blog.br\/wp-content\/uploads\/2025\/02\/Snapinst.app_479371146_614271551350625_5369345562716654842_n_1080.jpg?resize=768%2C960&amp;ssl=1 768w, https:\/\/i0.wp.com\/gay.blog.br\/wp-content\/uploads\/2025\/02\/Snapinst.app_479371146_614271551350625_5369345562716654842_n_1080.jpg?resize=336%2C420&amp;ssl=1 336w, https:\/\/i0.wp.com\/gay.blog.br\/wp-content\/uploads\/2025\/02\/Snapinst.app_479371146_614271551350625_5369345562716654842_n_1080.jpg?resize=672%2C840&amp;ssl=1 672w, https:\/\/i0.wp.com\/gay.blog.br\/wp-content\/uploads\/2025\/02\/Snapinst.app_479371146_614271551350625_5369345562716654842_n_1080.jpg?resize=696%2C870&amp;ssl=1 696w, https:\/\/i0.wp.com\/gay.blog.br\/wp-content\/uploads\/2025\/02\/Snapinst.app_479371146_614271551350625_5369345562716654842_n_1080.jpg?resize=1068%2C1335&amp;ssl=1 1068w\" sizes=\"auto, (max-width: 696px) 100vw, 696px\" \/><\/a><figcaption id=\"caption-attachment-243600\" class=\"wp-caption-text\">Fernanda Torres (foto: reproducci\u00f3n\/ Instagram)<\/figcaption><\/figure>\n<h3 style=\"text-align: justify;\"><strong>Posicionamiento contra la homofobia<\/strong><\/h3>\n<p style=\"text-align: justify;\">Adem\u00e1s de defender la representaci\u00f3n en los medios de comunicaci\u00f3n en aquel momento, la actriz habl\u00f3 sobre la falta de protecci\u00f3n legal contra la <strong>homofobia<\/strong> en Brasil: <strong><em>\u00abBabil\u00f4nia vino con una carga en la que la gente ve una esperanza, una salida. Tiene que ver con la cuesti\u00f3n de la sociedad conservadora, la cuesti\u00f3n de que la homofobia no se considere crimen, lo que tambi\u00e9n es una locura. Brasil tiene miedo de s\u00ed mismo\u00bb<\/em>.<\/strong><\/p>\n<figure id=\"attachment_243596\" aria-describedby=\"caption-attachment-243596\" style=\"width: 1080px\" class=\"wp-caption aligncenter\"><a href=\"https:\/\/scruff.app.link\/Gayblog_br_Press\"><img data-recalc-dims=\"1\" loading=\"lazy\" decoding=\"async\" class=\"wp-image-243596 size-full\" src=\"https:\/\/i0.wp.com\/gay.blog.br\/wp-content\/uploads\/2025\/02\/Snapinst.app_480122395_1135473941656305_102872841297661385_n_1080.jpg?resize=696%2C870&#038;ssl=1\" alt=\"Con Fernanda Torres como candidata a los Oscar, recuerda su apoyo a la causa LGBTQIA+\" width=\"696\" height=\"870\" srcset=\"https:\/\/i0.wp.com\/gay.blog.br\/wp-content\/uploads\/2025\/02\/Snapinst.app_480122395_1135473941656305_102872841297661385_n_1080.jpg?w=1080&amp;ssl=1 1080w, https:\/\/i0.wp.com\/gay.blog.br\/wp-content\/uploads\/2025\/02\/Snapinst.app_480122395_1135473941656305_102872841297661385_n_1080.jpg?resize=240%2C300&amp;ssl=1 240w, https:\/\/i0.wp.com\/gay.blog.br\/wp-content\/uploads\/2025\/02\/Snapinst.app_480122395_1135473941656305_102872841297661385_n_1080.jpg?resize=819%2C1024&amp;ssl=1 819w, https:\/\/i0.wp.com\/gay.blog.br\/wp-content\/uploads\/2025\/02\/Snapinst.app_480122395_1135473941656305_102872841297661385_n_1080.jpg?resize=120%2C150&amp;ssl=1 120w, https:\/\/i0.wp.com\/gay.blog.br\/wp-content\/uploads\/2025\/02\/Snapinst.app_480122395_1135473941656305_102872841297661385_n_1080.jpg?resize=768%2C960&amp;ssl=1 768w, https:\/\/i0.wp.com\/gay.blog.br\/wp-content\/uploads\/2025\/02\/Snapinst.app_480122395_1135473941656305_102872841297661385_n_1080.jpg?resize=336%2C420&amp;ssl=1 336w, https:\/\/i0.wp.com\/gay.blog.br\/wp-content\/uploads\/2025\/02\/Snapinst.app_480122395_1135473941656305_102872841297661385_n_1080.jpg?resize=672%2C840&amp;ssl=1 672w, https:\/\/i0.wp.com\/gay.blog.br\/wp-content\/uploads\/2025\/02\/Snapinst.app_480122395_1135473941656305_102872841297661385_n_1080.jpg?resize=696%2C870&amp;ssl=1 696w, https:\/\/i0.wp.com\/gay.blog.br\/wp-content\/uploads\/2025\/02\/Snapinst.app_480122395_1135473941656305_102872841297661385_n_1080.jpg?resize=1068%2C1335&amp;ssl=1 1068w\" sizes=\"auto, (max-width: 696px) 100vw, 696px\" \/><\/a><figcaption id=\"caption-attachment-243596\" class=\"wp-caption-text\">Fernanda Torres (foto: reproducci\u00f3n\/ Instagram)<\/figcaption><\/figure>\n<p style=\"text-align: justify;\">En aquel momento, Brasil a\u00fan no consideraba los delitos de odio contra la poblaci\u00f3n LGBTQIA+ como delitos punibles por la ley. Solo en 2019, el Supremo Tribunal Federal equipar\u00f3 la <strong>homofobia al delito de racismo<\/strong>, ampliando la protecci\u00f3n jur\u00eddica para la comunidad.<\/p>\n<h3 style=\"text-align: justify;\"><strong>El legado y la continuidad del debate<\/strong><\/h3>\n<p style=\"text-align: justify;\">Casi una d\u00e9cada despu\u00e9s, la <strong>discusi\u00f3n sobre la representaci\u00f3n LGBTQIA+<\/strong> en las novelas y el cine sigue estando candente. Con Fernanda Torres siendo <strong>reconocida internacionalmente<\/strong> por su trabajo, su postura cr\u00edtica y sus declaraciones pasadas refuerzan como el <strong>debate sobre la diversidad y la inclusi\u00f3n<\/strong> sigue siendo actual.<\/p>\n<blockquote class=\"wp-embedded-content\" data-secret=\"lONVjxuqL2\"><p><a href=\"https:\/\/gay.blog.br\/noticias\/elvis-vittorio-fala-sobre-vinicius-e-romance-com-personagem-de-pedro-goifman-em-garota-do-momento\/\">Elvis Vittorio fala sobre Vin\u00edcius e romance com personagem de Pedro Goifman em &#8216;Garota do Momento&#8217;<\/a><\/p><\/blockquote>\n<p><iframe loading=\"lazy\" class=\"wp-embedded-content\" sandbox=\"allow-scripts\" security=\"restricted\" style=\"position: absolute; visibility: hidden;\" title=\"\u00abElvis Vittorio fala sobre Vin\u00edcius e romance com personagem de Pedro Goifman em &#8216;Garota do Momento&#8217;\u00bb \u2014 GAY BLOG BR @gayblogbr\" src=\"https:\/\/gay.blog.br\/noticias\/elvis-vittorio-fala-sobre-vinicius-e-romance-com-personagem-de-pedro-goifman-em-garota-do-momento\/embed\/#?secret=DXorAW6nYs#?secret=lONVjxuqL2\" data-secret=\"lONVjxuqL2\" width=\"600\" height=\"338\" frameborder=\"0\" marginwidth=\"0\" marginheight=\"0\" scrolling=\"no\"><\/iframe><\/p>\n","protected":false},"excerpt":{"rendered":"<p>La actriz ha defendido la penalizaci\u00f3n de la homofobia y ha comentado la escena del beso entre Fernanda Montenegro y Nathalia Timberg<\/p>\n","protected":false},"author":3768,"featured_media":243612,"comment_status":"open","ping_status":"open","sticky":false,"template":"","format":"standard","meta":{"googlesitekit_rrm_CAoiEBg-BXrJeACjO8p49SE4kTY:productID":"","tdm_status":"","tdm_grid_status":"","_jetpack_newsletter_access":"","_jetpack_dont_email_post_to_subs":false,"_jetpack_newsletter_tier_id":0,"_jetpack_memberships_contains_paywalled_content":false,"_jetpack_memberships_contains_paid_content":false,"footnotes":"","jetpack_publicize_message":"Con Fernanda Torres de camino a los Oscar, recuerda su apoyo a la causa LGBTQIA+","jetpack_publicize_feature_enabled":true,"jetpack_social_post_already_shared":true,"jetpack_social_options":{"image_generator_settings":{"template":"highway","default_image_id":0,"font":"","enabled":false},"version":2},"_wpas_customize_per_network":false,"jetpack_post_was_ever_published":false},"categories":[589932231],"tags":[589961871,589961857,589932841,589961143,589961868,589961861,589958641,589961869,589961858,589961866,589961859,589961862,589961865,589961863,589961867,589933295,589961870,589961860,589961864],"class_list":{"0":"post-243893","1":"post","2":"type-post","3":"status-publish","4":"format-standard","5":"has-post-thumbnail","7":"category-noticias-es","8":"tag-activismo-artistico","9":"tag-babilonia-es","10":"tag-beso-gay","11":"tag-cine-lgbtqia","12":"tag-criminalizacion-de-la-homofobia","13":"tag-cultura-pop-es","14":"tag-derechos-lgbtqia","15":"tag-diversidad-en-la-tv","16":"tag-fernanda-montenegro-es","17":"tag-fernanda-torres-es","18":"tag-homofobia-en-brasil","19":"tag-nathalia-timberg-es","20":"tag-novelas-brasilenas","21":"tag-oscar-2025-es","22":"tag-representacion-lgbtqia","23":"tag-stf-es-2","24":"tag-tapas-beijos-es","25":"tag-television-brasilena","26":"tag-visibilidad-lgbtqia"},"yoast_head":"<!-- This site is optimized with the Yoast SEO plugin v27.4 - https:\/\/yoast.com\/product\/yoast-seo-wordpress\/ -->\n<title>Con Fernanda Torres de camino a los Oscar, recuerda su apoyo a la causa LGBTQIA+<\/title>\n<meta name=\"description\" content=\"La actriz ha defendido la penalizaci\u00f3n de la homofobia y ha comentado la escena del beso entre Fernanda Montenegro y Nathalia Timberg\" \/>\n<meta name=\"robots\" content=\"index, follow, max-snippet:-1, max-image-preview:large, max-video-preview:-1\" \/>\n<link rel=\"canonical\" href=\"https:\/\/gay.blog.br\/es\/noticias-es\/con-fernanda-torres-de-camino-a-los-oscar-recuerda-su-apoyo-a-la-causa-lgbtqia\/\" \/>\n<meta property=\"og:locale\" content=\"es_ES\" \/>\n<meta property=\"og:type\" content=\"article\" \/>\n<meta property=\"og:title\" content=\"Con Fernanda Torres de camino a los Oscar, recuerda su apoyo a la causa LGBTQIA+\" \/>\n<meta property=\"og:description\" content=\"La actriz ha defendido la penalizaci\u00f3n de la homofobia y ha comentado la escena del beso entre Fernanda Montenegro y Nathalia Timberg\" \/>\n<meta property=\"og:url\" content=\"https:\/\/gay.blog.br\/es\/noticias-es\/con-fernanda-torres-de-camino-a-los-oscar-recuerda-su-apoyo-a-la-causa-lgbtqia\/\" \/>\n<meta property=\"og:site_name\" content=\"GAY BLOG BR @gayblogbr\" \/>\n<meta property=\"article:publisher\" content=\"https:\/\/facebook.com\/gayblogbr\" \/>\n<meta property=\"article:published_time\" content=\"2025-02-19T10:47:33+00:00\" \/>\n<meta property=\"article:modified_time\" content=\"2025-02-22T20:15:45+00:00\" \/>\n<meta property=\"og:image\" content=\"https:\/\/gay.blog.br\/wp-content\/uploads\/2025\/02\/Copia-de-Gayblog-15.jpg\" \/>\n\t<meta property=\"og:image:width\" content=\"1280\" \/>\n\t<meta property=\"og:image:height\" content=\"720\" \/>\n\t<meta property=\"og:image:type\" content=\"image\/jpeg\" \/>\n<meta name=\"author\" content=\"Cristiano Bruno\" \/>\n<meta name=\"twitter:card\" content=\"summary_large_image\" \/>\n<meta name=\"twitter:creator\" content=\"@gayblogbr\" \/>\n<meta name=\"twitter:site\" content=\"@gayblogbr\" \/>\n<meta name=\"twitter:label1\" content=\"Escrito por\" \/>\n\t<meta name=\"twitter:data1\" content=\"Cristiano Bruno\" \/>\n\t<meta name=\"twitter:label2\" content=\"Tiempo de lectura\" \/>\n\t<meta name=\"twitter:data2\" content=\"4 minutos\" \/>\n<script type=\"application\/ld+json\" class=\"yoast-schema-graph\">{\"@context\":\"https:\\\/\\\/schema.org\",\"@graph\":[{\"@type\":\"Article\",\"@id\":\"https:\\\/\\\/gay.blog.br\\\/es\\\/noticias-es\\\/con-fernanda-torres-de-camino-a-los-oscar-recuerda-su-apoyo-a-la-causa-lgbtqia\\\/#article\",\"isPartOf\":{\"@id\":\"https:\\\/\\\/gay.blog.br\\\/es\\\/noticias-es\\\/con-fernanda-torres-de-camino-a-los-oscar-recuerda-su-apoyo-a-la-causa-lgbtqia\\\/\"},\"author\":{\"name\":\"Cristiano Bruno\",\"@id\":\"https:\\\/\\\/gay.blog.br\\\/es\\\/#\\\/schema\\\/person\\\/bc804642dc5ff713441adfaa8b427c23\"},\"headline\":\"Con Fernanda Torres de camino a los Oscar, recuerda su apoyo a la causa LGBTQIA+\",\"datePublished\":\"2025-02-19T10:47:33+00:00\",\"dateModified\":\"2025-02-22T20:15:45+00:00\",\"mainEntityOfPage\":{\"@id\":\"https:\\\/\\\/gay.blog.br\\\/es\\\/noticias-es\\\/con-fernanda-torres-de-camino-a-los-oscar-recuerda-su-apoyo-a-la-causa-lgbtqia\\\/\"},\"wordCount\":540,\"commentCount\":0,\"publisher\":{\"@id\":\"https:\\\/\\\/gay.blog.br\\\/es\\\/#organization\"},\"image\":{\"@id\":\"https:\\\/\\\/gay.blog.br\\\/es\\\/noticias-es\\\/con-fernanda-torres-de-camino-a-los-oscar-recuerda-su-apoyo-a-la-causa-lgbtqia\\\/#primaryimage\"},\"thumbnailUrl\":\"https:\\\/\\\/i0.wp.com\\\/gay.blog.br\\\/wp-content\\\/uploads\\\/2025\\\/02\\\/Copia-de-Gayblog-15.jpg?fit=1280%2C720&ssl=1\",\"keywords\":[\"activismo art\u00edstico\",\"babil\u00f4nia\",\"beso gay\",\"cine LGBTQIA+\",\"criminalizaci\u00f3n de la homofobia\",\"cultura pop\",\"derechos LGBTQIA+\",\"diversidad en la TV\",\"Fernanda Montenegro\",\"Fernanda Torres\",\"homofobia en brasil\",\"Nathalia Timberg\",\"novelas brasile\u00f1as\",\"Oscar 2025\",\"representaci\u00f3n LGBTQIA+\",\"stf\",\"Tapas &amp; Beijos\",\"televisi\u00f3n brasile\u00f1a\",\"visibilidad LGBTQIA+\"],\"articleSection\":[\"NOT\u00cdCIAS\"],\"inLanguage\":\"es\",\"potentialAction\":[{\"@type\":\"CommentAction\",\"name\":\"Comment\",\"target\":[\"https:\\\/\\\/gay.blog.br\\\/es\\\/noticias-es\\\/con-fernanda-torres-de-camino-a-los-oscar-recuerda-su-apoyo-a-la-causa-lgbtqia\\\/#respond\"]}]},{\"@type\":\"WebPage\",\"@id\":\"https:\\\/\\\/gay.blog.br\\\/es\\\/noticias-es\\\/con-fernanda-torres-de-camino-a-los-oscar-recuerda-su-apoyo-a-la-causa-lgbtqia\\\/\",\"url\":\"https:\\\/\\\/gay.blog.br\\\/es\\\/noticias-es\\\/con-fernanda-torres-de-camino-a-los-oscar-recuerda-su-apoyo-a-la-causa-lgbtqia\\\/\",\"name\":\"Con Fernanda Torres de camino a los Oscar, recuerda su apoyo a la causa LGBTQIA+\",\"isPartOf\":{\"@id\":\"https:\\\/\\\/gay.blog.br\\\/es\\\/#website\"},\"primaryImageOfPage\":{\"@id\":\"https:\\\/\\\/gay.blog.br\\\/es\\\/noticias-es\\\/con-fernanda-torres-de-camino-a-los-oscar-recuerda-su-apoyo-a-la-causa-lgbtqia\\\/#primaryimage\"},\"image\":{\"@id\":\"https:\\\/\\\/gay.blog.br\\\/es\\\/noticias-es\\\/con-fernanda-torres-de-camino-a-los-oscar-recuerda-su-apoyo-a-la-causa-lgbtqia\\\/#primaryimage\"},\"thumbnailUrl\":\"https:\\\/\\\/i0.wp.com\\\/gay.blog.br\\\/wp-content\\\/uploads\\\/2025\\\/02\\\/Copia-de-Gayblog-15.jpg?fit=1280%2C720&ssl=1\",\"datePublished\":\"2025-02-19T10:47:33+00:00\",\"dateModified\":\"2025-02-22T20:15:45+00:00\",\"description\":\"La actriz ha defendido la penalizaci\u00f3n de la homofobia y ha comentado la escena del beso entre Fernanda Montenegro y Nathalia Timberg\",\"breadcrumb\":{\"@id\":\"https:\\\/\\\/gay.blog.br\\\/es\\\/noticias-es\\\/con-fernanda-torres-de-camino-a-los-oscar-recuerda-su-apoyo-a-la-causa-lgbtqia\\\/#breadcrumb\"},\"inLanguage\":\"es\",\"potentialAction\":[{\"@type\":\"ReadAction\",\"target\":[\"https:\\\/\\\/gay.blog.br\\\/es\\\/noticias-es\\\/con-fernanda-torres-de-camino-a-los-oscar-recuerda-su-apoyo-a-la-causa-lgbtqia\\\/\"]}]},{\"@type\":\"ImageObject\",\"inLanguage\":\"es\",\"@id\":\"https:\\\/\\\/gay.blog.br\\\/es\\\/noticias-es\\\/con-fernanda-torres-de-camino-a-los-oscar-recuerda-su-apoyo-a-la-causa-lgbtqia\\\/#primaryimage\",\"url\":\"https:\\\/\\\/i0.wp.com\\\/gay.blog.br\\\/wp-content\\\/uploads\\\/2025\\\/02\\\/Copia-de-Gayblog-15.jpg?fit=1280%2C720&ssl=1\",\"contentUrl\":\"https:\\\/\\\/i0.wp.com\\\/gay.blog.br\\\/wp-content\\\/uploads\\\/2025\\\/02\\\/Copia-de-Gayblog-15.jpg?fit=1280%2C720&ssl=1\",\"width\":1280,\"height\":720},{\"@type\":\"BreadcrumbList\",\"@id\":\"https:\\\/\\\/gay.blog.br\\\/es\\\/noticias-es\\\/con-fernanda-torres-de-camino-a-los-oscar-recuerda-su-apoyo-a-la-causa-lgbtqia\\\/#breadcrumb\",\"itemListElement\":[{\"@type\":\"ListItem\",\"position\":1,\"name\":\"In\u00edcio\",\"item\":\"https:\\\/\\\/gay.blog.br\\\/es\\\/\"},{\"@type\":\"ListItem\",\"position\":2,\"name\":\"Con Fernanda Torres de camino a los Oscar, recuerda su apoyo a la causa LGBTQIA+\"}]},{\"@type\":\"WebSite\",\"@id\":\"https:\\\/\\\/gay.blog.br\\\/es\\\/#website\",\"url\":\"https:\\\/\\\/gay.blog.br\\\/es\\\/\",\"name\":\"GAY BLOG BR @gayblogbr\",\"description\":\"Not\u00edcias que empoderam e\\\/ou entret\u00eam s\u00e3o especialidades da casa\",\"publisher\":{\"@id\":\"https:\\\/\\\/gay.blog.br\\\/es\\\/#organization\"},\"potentialAction\":[{\"@type\":\"SearchAction\",\"target\":{\"@type\":\"EntryPoint\",\"urlTemplate\":\"https:\\\/\\\/gay.blog.br\\\/es\\\/?s={search_term_string}\"},\"query-input\":{\"@type\":\"PropertyValueSpecification\",\"valueRequired\":true,\"valueName\":\"search_term_string\"}}],\"inLanguage\":\"es\"},{\"@type\":\"Organization\",\"@id\":\"https:\\\/\\\/gay.blog.br\\\/es\\\/#organization\",\"name\":\"GAY BLOG BR\",\"url\":\"https:\\\/\\\/gay.blog.br\\\/es\\\/\",\"logo\":{\"@type\":\"ImageObject\",\"inLanguage\":\"es\",\"@id\":\"https:\\\/\\\/gay.blog.br\\\/es\\\/#\\\/schema\\\/logo\\\/image\\\/\",\"url\":\"https:\\\/\\\/i0.wp.com\\\/gay.blog.br\\\/wp-content\\\/uploads\\\/2023\\\/08\\\/gay180px.png?fit=272%2C90&ssl=1\",\"contentUrl\":\"https:\\\/\\\/i0.wp.com\\\/gay.blog.br\\\/wp-content\\\/uploads\\\/2023\\\/08\\\/gay180px.png?fit=272%2C90&ssl=1\",\"width\":272,\"height\":90,\"caption\":\"GAY BLOG BR\"},\"image\":{\"@id\":\"https:\\\/\\\/gay.blog.br\\\/es\\\/#\\\/schema\\\/logo\\\/image\\\/\"},\"sameAs\":[\"https:\\\/\\\/facebook.com\\\/gayblogbr\",\"https:\\\/\\\/x.com\\\/gayblogbr\",\"https:\\\/\\\/instagram.com\\\/gayblogbr\",\"https:\\\/\\\/www.linkedin.com\\\/company\\\/gayblogbr\\\/\",\"https:\\\/\\\/br.pinterest.com\\\/gayblogbr\\\/\",\"https:\\\/\\\/www.youtube.com\\\/channel\\\/UCdEu3JXLOB-wvWAVUF4AIiA\",\"https:\\\/\\\/pt.wikipedia.org\\\/wiki\\\/Gay_Blog_Br\",\"https:\\\/\\\/www.threads.net\\\/@gayblogbr\"]},{\"@type\":\"Person\",\"@id\":\"https:\\\/\\\/gay.blog.br\\\/es\\\/#\\\/schema\\\/person\\\/bc804642dc5ff713441adfaa8b427c23\",\"name\":\"Cristiano Bruno\",\"image\":{\"@type\":\"ImageObject\",\"inLanguage\":\"es\",\"@id\":\"https:\\\/\\\/secure.gravatar.com\\\/avatar\\\/5c24cbeb94cd26b1689408dd45e657db1d20e7aaf5bdc22f4c5609092a595468?s=96&d=mm&r=g\",\"url\":\"https:\\\/\\\/secure.gravatar.com\\\/avatar\\\/5c24cbeb94cd26b1689408dd45e657db1d20e7aaf5bdc22f4c5609092a595468?s=96&d=mm&r=g\",\"contentUrl\":\"https:\\\/\\\/secure.gravatar.com\\\/avatar\\\/5c24cbeb94cd26b1689408dd45e657db1d20e7aaf5bdc22f4c5609092a595468?s=96&d=mm&r=g\",\"caption\":\"Cristiano Bruno\"},\"sameAs\":[\"https:\\\/\\\/gay.blog.br\\\/\"],\"url\":\"https:\\\/\\\/gay.blog.br\\\/es\\\/author\\\/cristianobrunoabreu\\\/\"}]}<\/script>\n<!-- \/ Yoast SEO plugin. -->","yoast_head_json":{"title":"Con Fernanda Torres de camino a los Oscar, recuerda su apoyo a la causa LGBTQIA+","description":"La actriz ha defendido la penalizaci\u00f3n de la homofobia y ha comentado la escena del beso entre Fernanda Montenegro y Nathalia Timberg","robots":{"index":"index","follow":"follow","max-snippet":"max-snippet:-1","max-image-preview":"max-image-preview:large","max-video-preview":"max-video-preview:-1"},"canonical":"https:\/\/gay.blog.br\/es\/noticias-es\/con-fernanda-torres-de-camino-a-los-oscar-recuerda-su-apoyo-a-la-causa-lgbtqia\/","og_locale":"es_ES","og_type":"article","og_title":"Con Fernanda Torres de camino a los Oscar, recuerda su apoyo a la causa LGBTQIA+","og_description":"La actriz ha defendido la penalizaci\u00f3n de la homofobia y ha comentado la escena del beso entre Fernanda Montenegro y Nathalia Timberg","og_url":"https:\/\/gay.blog.br\/es\/noticias-es\/con-fernanda-torres-de-camino-a-los-oscar-recuerda-su-apoyo-a-la-causa-lgbtqia\/","og_site_name":"GAY BLOG BR @gayblogbr","article_publisher":"https:\/\/facebook.com\/gayblogbr","article_published_time":"2025-02-19T10:47:33+00:00","article_modified_time":"2025-02-22T20:15:45+00:00","og_image":[{"width":1280,"height":720,"url":"https:\/\/gay.blog.br\/wp-content\/uploads\/2025\/02\/Copia-de-Gayblog-15.jpg","type":"image\/jpeg"}],"author":"Cristiano Bruno","twitter_card":"summary_large_image","twitter_creator":"@gayblogbr","twitter_site":"@gayblogbr","twitter_misc":{"Escrito por":"Cristiano Bruno","Tiempo de lectura":"4 minutos"},"schema":{"@context":"https:\/\/schema.org","@graph":[{"@type":"Article","@id":"https:\/\/gay.blog.br\/es\/noticias-es\/con-fernanda-torres-de-camino-a-los-oscar-recuerda-su-apoyo-a-la-causa-lgbtqia\/#article","isPartOf":{"@id":"https:\/\/gay.blog.br\/es\/noticias-es\/con-fernanda-torres-de-camino-a-los-oscar-recuerda-su-apoyo-a-la-causa-lgbtqia\/"},"author":{"name":"Cristiano Bruno","@id":"https:\/\/gay.blog.br\/es\/#\/schema\/person\/bc804642dc5ff713441adfaa8b427c23"},"headline":"Con Fernanda Torres de camino a los Oscar, recuerda su apoyo a la causa LGBTQIA+","datePublished":"2025-02-19T10:47:33+00:00","dateModified":"2025-02-22T20:15:45+00:00","mainEntityOfPage":{"@id":"https:\/\/gay.blog.br\/es\/noticias-es\/con-fernanda-torres-de-camino-a-los-oscar-recuerda-su-apoyo-a-la-causa-lgbtqia\/"},"wordCount":540,"commentCount":0,"publisher":{"@id":"https:\/\/gay.blog.br\/es\/#organization"},"image":{"@id":"https:\/\/gay.blog.br\/es\/noticias-es\/con-fernanda-torres-de-camino-a-los-oscar-recuerda-su-apoyo-a-la-causa-lgbtqia\/#primaryimage"},"thumbnailUrl":"https:\/\/i0.wp.com\/gay.blog.br\/wp-content\/uploads\/2025\/02\/Copia-de-Gayblog-15.jpg?fit=1280%2C720&ssl=1","keywords":["activismo art\u00edstico","babil\u00f4nia","beso gay","cine LGBTQIA+","criminalizaci\u00f3n de la homofobia","cultura pop","derechos LGBTQIA+","diversidad en la TV","Fernanda Montenegro","Fernanda Torres","homofobia en brasil","Nathalia Timberg","novelas brasile\u00f1as","Oscar 2025","representaci\u00f3n LGBTQIA+","stf","Tapas &amp; Beijos","televisi\u00f3n brasile\u00f1a","visibilidad LGBTQIA+"],"articleSection":["NOT\u00cdCIAS"],"inLanguage":"es","potentialAction":[{"@type":"CommentAction","name":"Comment","target":["https:\/\/gay.blog.br\/es\/noticias-es\/con-fernanda-torres-de-camino-a-los-oscar-recuerda-su-apoyo-a-la-causa-lgbtqia\/#respond"]}]},{"@type":"WebPage","@id":"https:\/\/gay.blog.br\/es\/noticias-es\/con-fernanda-torres-de-camino-a-los-oscar-recuerda-su-apoyo-a-la-causa-lgbtqia\/","url":"https:\/\/gay.blog.br\/es\/noticias-es\/con-fernanda-torres-de-camino-a-los-oscar-recuerda-su-apoyo-a-la-causa-lgbtqia\/","name":"Con Fernanda Torres de camino a los Oscar, recuerda su apoyo a la causa LGBTQIA+","isPartOf":{"@id":"https:\/\/gay.blog.br\/es\/#website"},"primaryImageOfPage":{"@id":"https:\/\/gay.blog.br\/es\/noticias-es\/con-fernanda-torres-de-camino-a-los-oscar-recuerda-su-apoyo-a-la-causa-lgbtqia\/#primaryimage"},"image":{"@id":"https:\/\/gay.blog.br\/es\/noticias-es\/con-fernanda-torres-de-camino-a-los-oscar-recuerda-su-apoyo-a-la-causa-lgbtqia\/#primaryimage"},"thumbnailUrl":"https:\/\/i0.wp.com\/gay.blog.br\/wp-content\/uploads\/2025\/02\/Copia-de-Gayblog-15.jpg?fit=1280%2C720&ssl=1","datePublished":"2025-02-19T10:47:33+00:00","dateModified":"2025-02-22T20:15:45+00:00","description":"La actriz ha defendido la penalizaci\u00f3n de la homofobia y ha comentado la escena del beso entre Fernanda Montenegro y Nathalia Timberg","breadcrumb":{"@id":"https:\/\/gay.blog.br\/es\/noticias-es\/con-fernanda-torres-de-camino-a-los-oscar-recuerda-su-apoyo-a-la-causa-lgbtqia\/#breadcrumb"},"inLanguage":"es","potentialAction":[{"@type":"ReadAction","target":["https:\/\/gay.blog.br\/es\/noticias-es\/con-fernanda-torres-de-camino-a-los-oscar-recuerda-su-apoyo-a-la-causa-lgbtqia\/"]}]},{"@type":"ImageObject","inLanguage":"es","@id":"https:\/\/gay.blog.br\/es\/noticias-es\/con-fernanda-torres-de-camino-a-los-oscar-recuerda-su-apoyo-a-la-causa-lgbtqia\/#primaryimage","url":"https:\/\/i0.wp.com\/gay.blog.br\/wp-content\/uploads\/2025\/02\/Copia-de-Gayblog-15.jpg?fit=1280%2C720&ssl=1","contentUrl":"https:\/\/i0.wp.com\/gay.blog.br\/wp-content\/uploads\/2025\/02\/Copia-de-Gayblog-15.jpg?fit=1280%2C720&ssl=1","width":1280,"height":720},{"@type":"BreadcrumbList","@id":"https:\/\/gay.blog.br\/es\/noticias-es\/con-fernanda-torres-de-camino-a-los-oscar-recuerda-su-apoyo-a-la-causa-lgbtqia\/#breadcrumb","itemListElement":[{"@type":"ListItem","position":1,"name":"In\u00edcio","item":"https:\/\/gay.blog.br\/es\/"},{"@type":"ListItem","position":2,"name":"Con Fernanda Torres de camino a los Oscar, recuerda su apoyo a la causa LGBTQIA+"}]},{"@type":"WebSite","@id":"https:\/\/gay.blog.br\/es\/#website","url":"https:\/\/gay.blog.br\/es\/","name":"GAY BLOG BR @gayblogbr","description":"Not\u00edcias que empoderam e\/ou entret\u00eam s\u00e3o especialidades da casa","publisher":{"@id":"https:\/\/gay.blog.br\/es\/#organization"},"potentialAction":[{"@type":"SearchAction","target":{"@type":"EntryPoint","urlTemplate":"https:\/\/gay.blog.br\/es\/?s={search_term_string}"},"query-input":{"@type":"PropertyValueSpecification","valueRequired":true,"valueName":"search_term_string"}}],"inLanguage":"es"},{"@type":"Organization","@id":"https:\/\/gay.blog.br\/es\/#organization","name":"GAY BLOG BR","url":"https:\/\/gay.blog.br\/es\/","logo":{"@type":"ImageObject","inLanguage":"es","@id":"https:\/\/gay.blog.br\/es\/#\/schema\/logo\/image\/","url":"https:\/\/i0.wp.com\/gay.blog.br\/wp-content\/uploads\/2023\/08\/gay180px.png?fit=272%2C90&ssl=1","contentUrl":"https:\/\/i0.wp.com\/gay.blog.br\/wp-content\/uploads\/2023\/08\/gay180px.png?fit=272%2C90&ssl=1","width":272,"height":90,"caption":"GAY BLOG BR"},"image":{"@id":"https:\/\/gay.blog.br\/es\/#\/schema\/logo\/image\/"},"sameAs":["https:\/\/facebook.com\/gayblogbr","https:\/\/x.com\/gayblogbr","https:\/\/instagram.com\/gayblogbr","https:\/\/www.linkedin.com\/company\/gayblogbr\/","https:\/\/br.pinterest.com\/gayblogbr\/","https:\/\/www.youtube.com\/channel\/UCdEu3JXLOB-wvWAVUF4AIiA","https:\/\/pt.wikipedia.org\/wiki\/Gay_Blog_Br","https:\/\/www.threads.net\/@gayblogbr"]},{"@type":"Person","@id":"https:\/\/gay.blog.br\/es\/#\/schema\/person\/bc804642dc5ff713441adfaa8b427c23","name":"Cristiano Bruno","image":{"@type":"ImageObject","inLanguage":"es","@id":"https:\/\/secure.gravatar.com\/avatar\/5c24cbeb94cd26b1689408dd45e657db1d20e7aaf5bdc22f4c5609092a595468?s=96&d=mm&r=g","url":"https:\/\/secure.gravatar.com\/avatar\/5c24cbeb94cd26b1689408dd45e657db1d20e7aaf5bdc22f4c5609092a595468?s=96&d=mm&r=g","contentUrl":"https:\/\/secure.gravatar.com\/avatar\/5c24cbeb94cd26b1689408dd45e657db1d20e7aaf5bdc22f4c5609092a595468?s=96&d=mm&r=g","caption":"Cristiano Bruno"},"sameAs":["https:\/\/gay.blog.br\/"],"url":"https:\/\/gay.blog.br\/es\/author\/cristianobrunoabreu\/"}]}},"jetpack_publicize_connections":[],"jetpack_featured_media_url":"https:\/\/i0.wp.com\/gay.blog.br\/wp-content\/uploads\/2025\/02\/Copia-de-Gayblog-15.jpg?fit=1280%2C720&ssl=1","jetpack_sharing_enabled":true,"jetpack_shortlink":"https:\/\/wp.me\/p6klkK-11rL","jetpack_likes_enabled":false,"amp_enabled":true,"_links":{"self":[{"href":"https:\/\/gay.blog.br\/es\/wp-json\/wp\/v2\/posts\/243893","targetHints":{"allow":["GET"]}}],"collection":[{"href":"https:\/\/gay.blog.br\/es\/wp-json\/wp\/v2\/posts"}],"about":[{"href":"https:\/\/gay.blog.br\/es\/wp-json\/wp\/v2\/types\/post"}],"author":[{"embeddable":true,"href":"https:\/\/gay.blog.br\/es\/wp-json\/wp\/v2\/users\/3768"}],"replies":[{"embeddable":true,"href":"https:\/\/gay.blog.br\/es\/wp-json\/wp\/v2\/comments?post=243893"}],"version-history":[{"count":2,"href":"https:\/\/gay.blog.br\/es\/wp-json\/wp\/v2\/posts\/243893\/revisions"}],"predecessor-version":[{"id":243985,"href":"https:\/\/gay.blog.br\/es\/wp-json\/wp\/v2\/posts\/243893\/revisions\/243985"}],"wp:featuredmedia":[{"embeddable":true,"href":"https:\/\/gay.blog.br\/es\/wp-json\/wp\/v2\/media\/243612"}],"wp:attachment":[{"href":"https:\/\/gay.blog.br\/es\/wp-json\/wp\/v2\/media?parent=243893"}],"wp:term":[{"taxonomy":"category","embeddable":true,"href":"https:\/\/gay.blog.br\/es\/wp-json\/wp\/v2\/categories?post=243893"},{"taxonomy":"post_tag","embeddable":true,"href":"https:\/\/gay.blog.br\/es\/wp-json\/wp\/v2\/tags?post=243893"}],"curies":[{"name":"wp","href":"https:\/\/api.w.org\/{rel}","templated":true}]}}