{"id":243977,"date":"2025-02-14T07:35:27","date_gmt":"2025-02-14T10:35:27","guid":{"rendered":"https:\/\/gay.blog.br\/?p=243977"},"modified":"2025-02-22T17:17:09","modified_gmt":"2025-02-22T20:17:09","slug":"volkswagen-gana-el-premio-ser-humano-con-un-proyecto-de-apoyo-a-la-poblacion-lgbt","status":"publish","type":"post","link":"https:\/\/gay.blog.br\/es\/noticias-es\/volkswagen-gana-el-premio-ser-humano-con-un-proyecto-de-apoyo-a-la-poblacion-lgbt\/","title":{"rendered":"Volkswagen gana el &#8216;Premio Ser Humano&#8217; con un proyecto de apoyo a la poblaci\u00f3n LGBT+"},"content":{"rendered":"<p style=\"text-align: justify;\"><a href=\"https:\/\/gay.blog.br\/?s=Volkswagen\"><strong>Volkswagen<\/strong><\/a> de <a href=\"https:\/\/gay.blog.br\/?s=Brasil\">Brasil<\/a> gan\u00f3 el <strong>Premio Ser Humano<\/strong>, en la categor\u00eda <strong>ESG<\/strong>, con el proyecto \u00ab<strong><em>Colorindo em A\u00e7\u00e3o<\/em><\/strong>\u201d. La iniciativa, realizada en colaboraci\u00f3n con la <strong>ONG Parceiros Volunt\u00e1rios<\/strong> y la <strong>Fundaci\u00f3n Grupo Volkswagen<\/strong>, se centr\u00f3 en el desarrollo institucional de la <strong>Casa Neon Cunha<\/strong>, en <strong>San Bernardo do Campo (SP)<\/strong>, un centro de acogida para <a href=\"https:\/\/gay.blog.br\/?s=pessoas+LGBTQIA%2B\"><strong>personas LGBTQIA+<\/strong><\/a> en situaci\u00f3n de vulnerabilidad.<\/p>\n<figure id=\"attachment_173831\" aria-describedby=\"caption-attachment-173831\" style=\"width: 640px\" class=\"wp-caption aligncenter\"><a href=\"https:\/\/scruff.app.link\/Gayblog_br_Press\"><img data-recalc-dims=\"1\" loading=\"lazy\" decoding=\"async\" class=\"size-full wp-image-173831\" src=\"https:\/\/i0.wp.com\/gay.blog.br\/wp-content\/uploads\/2022\/08\/volksdois.jpg?resize=640%2C360&#038;ssl=1\" alt=\"Volkswagen gana el 'Premio Ser Humano' con un proyecto de apoyo a la poblaci\u00f3n LGBT+\" width=\"640\" height=\"360\" srcset=\"https:\/\/i0.wp.com\/gay.blog.br\/wp-content\/uploads\/2022\/08\/volksdois.jpg?w=640&amp;ssl=1 640w, https:\/\/i0.wp.com\/gay.blog.br\/wp-content\/uploads\/2022\/08\/volksdois.jpg?resize=300%2C169&amp;ssl=1 300w, https:\/\/i0.wp.com\/gay.blog.br\/wp-content\/uploads\/2022\/08\/volksdois.jpg?resize=150%2C84&amp;ssl=1 150w\" sizes=\"auto, (max-width: 640px) 100vw, 640px\" \/><\/a><figcaption id=\"caption-attachment-173831\" class=\"wp-caption-text\">Volkswagen gana el &#8216;Premio Ser Humano&#8217; con un proyecto de apoyo a la poblaci\u00f3n LGBT+ (Foto: reproducci\u00f3n)<\/figcaption><\/figure>\n<p style=\"text-align: justify;\">Con el apoyo de voluntarios de Volkswagen, el proyecto ayud\u00f3 a la Casa Neon Cunha a mejorar su administraci\u00f3n, organizaci\u00f3n interna y recaudaci\u00f3n de recursos, garantizando que la instituci\u00f3n pudiera convertirse en un refugio m\u00e1s estructurado y sustentable.<\/p>\n<p style=\"text-align: justify;\">Adem\u00e1s del apoyo t\u00e9cnico, la <strong>Fundaci\u00f3n Grupo Volkswagen<\/strong> tambi\u00e9n realiz\u00f3 una donaci\u00f3n de <strong>R$ 70.000<\/strong> para mantener las actividades de la ONG. \u00ab<em>El premio corona nuestras acciones inclusivas y demuestra que sembrando respeto, cosechamos inclusi\u00f3n<\/em>\u201d, afirma <strong>Roger Corassa<\/strong>, el vicepresidente de ventas y <em>marketing<\/em> de Volkswagen de Brasil y padrino del grupo de di\u00e1logo <strong>Colorindo<\/strong>.<\/p>\n<p style=\"text-align: justify;\">La Casa Neon Cunha ofrece alojamiento, apoyo jur\u00eddico y psicol\u00f3gico, as\u00ed como oportunidades de cualificaci\u00f3n profesional para personas LGBTQIA+. Tras la puesta en marcha del proyecto, la instituci\u00f3n empez\u00f3 a funcionar las 24 horas del d\u00eda, dando empleo a m\u00e1s de 20 personas y garantizando alojamiento a 16 individuos. \u201c<em>Estamos, de hecho, generando transformaci\u00f3n social<\/em>\u201d, destac\u00f3 <strong>Paulo Cunha<\/strong>, presidente de Casa Neon Cunha.<\/p>\n<h3 style=\"text-align: justify;\">L\u00ednea Pride de Volkswagen<\/h3>\n<p style=\"text-align: justify;\">El compromiso de Volkswagen con la inclusi\u00f3n LGBTQIA+ tambi\u00e9n se refleja en la <strong><em>L\u00ednea Pride<\/em><\/strong>, iniciativa de la Fundaci\u00f3n Grupo Volkswagen en colaboraci\u00f3n con el grupo de di\u00e1logo Colorindo, formado por empleados LGBTQIA+ de la empresa. Los productos de la l\u00ednea son confeccionados por profesionales del proyecto \u00ab<strong><em>Costurando o Futuro<\/em><\/strong>\u00ab, que capacita a personas en situaci\u00f3n de vulnerabilidad, utilizando tejidos de automoci\u00f3n reutilizados. Para tener acceso a las prendas, basta con hacer <a href=\"https:\/\/loja.fundacaogrupovw.org.br\/categoria-produto\/linha-pride-lgbtqiapn\/\"><strong>clic en este enlace y garantizar la tuya<\/strong><\/a>.<\/p>\n<p style=\"text-align: justify;\">Adem\u00e1s de eso, la Fundaci\u00f3n ha financiado cursos de corte y confecci\u00f3n para las personas atendidas por la Casa Neon Cunha, ampliando sus posibilidades de inserci\u00f3n en el mercado laboral. Para <strong>Vitor Hugo Neia<\/strong>, director de la Fundaci\u00f3n Grupo Volkswagen, \u00ab<em>el reconocimiento de ABRH-SP refuerza nuestro compromiso con la diversidad, la equidad y la inclusi\u00f3n y, sobre todo, con la movilidad social de las personas en situaci\u00f3n de vulnerabilidad socioecon\u00f3mica<\/em>\u201d.<\/p>\n<blockquote class=\"wp-embedded-content\" data-secret=\"gNWKVFPrQt\"><p><a href=\"https:\/\/gay.blog.br\/noticias\/semana-da-diversidade-inclusao-da-volkswagen-chega-a-sua-3a-edicao-para-colaboradores-do-brasil-e-argentina\/\">\u00abSemana da Diversidade &#038; Inclus\u00e3o\u00bb da Volkswagen chega \u00e0 sua 3\u00aa edi\u00e7\u00e3o para colaboradores do Brasil e Argentina<\/a><\/p><\/blockquote>\n<p><iframe loading=\"lazy\" class=\"wp-embedded-content\" sandbox=\"allow-scripts\" security=\"restricted\" style=\"position: absolute; visibility: hidden;\" title=\"\u00ab\u00abSemana da Diversidade &#038; Inclus\u00e3o\u00bb da Volkswagen chega \u00e0 sua 3\u00aa edi\u00e7\u00e3o para colaboradores do Brasil e Argentina\u00bb \u2014 GAY BLOG BR @gayblogbr\" src=\"https:\/\/gay.blog.br\/noticias\/semana-da-diversidade-inclusao-da-volkswagen-chega-a-sua-3a-edicao-para-colaboradores-do-brasil-e-argentina\/embed\/#?secret=9JXeJiAqOJ#?secret=gNWKVFPrQt\" data-secret=\"gNWKVFPrQt\" width=\"600\" height=\"338\" frameborder=\"0\" marginwidth=\"0\" marginheight=\"0\" scrolling=\"no\"><\/iframe><\/p>\n","protected":false},"excerpt":{"rendered":"<p>&#8216;Colorindo em A\u00e7\u00e3o&#8217; fortaleci\u00f3 la Casa Neon Cunha y ampli\u00f3 iniciativas de inclusi\u00f3n social de las personas LGBTQIA+<\/p>\n","protected":false},"author":3757,"featured_media":173833,"comment_status":"open","ping_status":"open","sticky":false,"template":"","format":"standard","meta":{"googlesitekit_rrm_CAoiEBg-BXrJeACjO8p49SE4kTY:productID":"","tdm_status":"","tdm_grid_status":"","_jetpack_newsletter_access":"","_jetpack_dont_email_post_to_subs":false,"_jetpack_newsletter_tier_id":0,"_jetpack_memberships_contains_paywalled_content":false,"_jetpack_memberships_contains_paid_content":false,"footnotes":"","jetpack_publicize_message":"Volkswagen gana el 'Premio Ser Humano' con un proyecto de apoyo a la poblaci\u00f3n LGBT+","jetpack_publicize_feature_enabled":true,"jetpack_social_post_already_shared":true,"jetpack_social_options":{"image_generator_settings":{"template":"highway","default_image_id":0,"font":"","enabled":false},"version":2},"_wpas_customize_per_network":false,"jetpack_post_was_ever_published":false},"categories":[589932231],"tags":[589961920,589933492,589961915,589961914,589961910,589961907,589961909,589961912,589961918,589961911,589961917,589959328,589961908,589961913,589961916,589961919,589946666],"class_list":{"0":"post-243977","1":"post","2":"type-post","3":"status-publish","4":"format-standard","5":"has-post-thumbnail","7":"category-noticias-es","8":"tag-abrh-sp-es","9":"tag-brasil-es","10":"tag-casa-neon-cunha-es","11":"tag-colorindo-es","12":"tag-colorindo-em-acao-es","13":"tag-costurando-o-futuro-es","14":"tag-esg-es","15":"tag-fundacion-grupo-volkswagen","16":"tag-linea-pride","17":"tag-ong-parceiros-voluntarios-es","18":"tag-paulo-cunha-es","19":"tag-personas-lgbtqia","20":"tag-premio-ser-humano-es","21":"tag-roger-corassa-es","22":"tag-san-bernardo-do-campo-sp","23":"tag-vitor-hugo-neia-es","24":"tag-volkswagen-es"},"yoast_head":"<!-- This site is optimized with the Yoast SEO plugin v27.4 - https:\/\/yoast.com\/product\/yoast-seo-wordpress\/ -->\n<title>Volkswagen gana el &#039;Premio Ser Humano&#039; con un proyecto de apoyo a la poblaci\u00f3n LGBT+<\/title>\n<meta name=\"description\" content=\"&#039;Colorindo em A\u00e7\u00e3o&#039; fortaleci\u00f3 la Casa Neon Cunha y ampli\u00f3 iniciativas de inclusi\u00f3n social de las personas LGBTQIA+\" \/>\n<meta name=\"robots\" content=\"index, follow, max-snippet:-1, max-image-preview:large, max-video-preview:-1\" \/>\n<link rel=\"canonical\" href=\"https:\/\/gay.blog.br\/es\/noticias-es\/volkswagen-gana-el-premio-ser-humano-con-un-proyecto-de-apoyo-a-la-poblacion-lgbt\/\" \/>\n<meta property=\"og:locale\" content=\"es_ES\" \/>\n<meta property=\"og:type\" content=\"article\" \/>\n<meta property=\"og:title\" content=\"Volkswagen gana el &#039;Premio Ser Humano&#039; con un proyecto de apoyo a la poblaci\u00f3n LGBT+\" \/>\n<meta property=\"og:description\" content=\"&#039;Colorindo em A\u00e7\u00e3o&#039; fortaleci\u00f3 la Casa Neon Cunha y ampli\u00f3 iniciativas de inclusi\u00f3n social de las personas LGBTQIA+\" \/>\n<meta property=\"og:url\" content=\"https:\/\/gay.blog.br\/es\/noticias-es\/volkswagen-gana-el-premio-ser-humano-con-un-proyecto-de-apoyo-a-la-poblacion-lgbt\/\" \/>\n<meta property=\"og:site_name\" content=\"GAY BLOG BR @gayblogbr\" \/>\n<meta property=\"article:publisher\" content=\"https:\/\/facebook.com\/gayblogbr\" \/>\n<meta property=\"article:author\" content=\"https:\/\/facebook.com\/gayblogbr\" \/>\n<meta property=\"article:published_time\" content=\"2025-02-14T10:35:27+00:00\" \/>\n<meta property=\"article:modified_time\" content=\"2025-02-22T20:17:09+00:00\" \/>\n<meta property=\"og:image\" content=\"https:\/\/gay.blog.br\/wp-content\/uploads\/2022\/08\/volksdois.jpg\" \/>\n\t<meta property=\"og:image:width\" content=\"640\" \/>\n\t<meta property=\"og:image:height\" content=\"360\" \/>\n\t<meta property=\"og:image:type\" content=\"image\/jpeg\" \/>\n<meta name=\"author\" content=\"Tailane Santos\" \/>\n<meta name=\"twitter:card\" content=\"summary_large_image\" \/>\n<meta name=\"twitter:creator\" content=\"@http:\/\/twitter.com\/gayblogbr\" \/>\n<meta name=\"twitter:site\" content=\"@gayblogbr\" \/>\n<meta name=\"twitter:label1\" content=\"Escrito por\" \/>\n\t<meta name=\"twitter:data1\" content=\"Tailane Santos\" \/>\n\t<meta name=\"twitter:label2\" content=\"Tiempo de lectura\" \/>\n\t<meta name=\"twitter:data2\" content=\"3 minutos\" \/>\n<script type=\"application\/ld+json\" class=\"yoast-schema-graph\">{\"@context\":\"https:\\\/\\\/schema.org\",\"@graph\":[{\"@type\":\"Article\",\"@id\":\"https:\\\/\\\/gay.blog.br\\\/es\\\/noticias-es\\\/volkswagen-gana-el-premio-ser-humano-con-un-proyecto-de-apoyo-a-la-poblacion-lgbt\\\/#article\",\"isPartOf\":{\"@id\":\"https:\\\/\\\/gay.blog.br\\\/es\\\/noticias-es\\\/volkswagen-gana-el-premio-ser-humano-con-un-proyecto-de-apoyo-a-la-poblacion-lgbt\\\/\"},\"author\":{\"name\":\"Tailane Santos\",\"@id\":\"https:\\\/\\\/gay.blog.br\\\/es\\\/#\\\/schema\\\/person\\\/e0fca12cd80b5bbe6906c6053a688b8d\"},\"headline\":\"Volkswagen gana el &#8216;Premio Ser Humano&#8217; con un proyecto de apoyo a la poblaci\u00f3n LGBT+\",\"datePublished\":\"2025-02-14T10:35:27+00:00\",\"dateModified\":\"2025-02-22T20:17:09+00:00\",\"mainEntityOfPage\":{\"@id\":\"https:\\\/\\\/gay.blog.br\\\/es\\\/noticias-es\\\/volkswagen-gana-el-premio-ser-humano-con-un-proyecto-de-apoyo-a-la-poblacion-lgbt\\\/\"},\"wordCount\":459,\"commentCount\":0,\"publisher\":{\"@id\":\"https:\\\/\\\/gay.blog.br\\\/es\\\/#organization\"},\"image\":{\"@id\":\"https:\\\/\\\/gay.blog.br\\\/es\\\/noticias-es\\\/volkswagen-gana-el-premio-ser-humano-con-un-proyecto-de-apoyo-a-la-poblacion-lgbt\\\/#primaryimage\"},\"thumbnailUrl\":\"https:\\\/\\\/i0.wp.com\\\/gay.blog.br\\\/wp-content\\\/uploads\\\/2022\\\/08\\\/volksdois.jpg?fit=640%2C360&ssl=1\",\"keywords\":[\"ABRH-SP\",\"brasil\",\"Casa Neon Cunha\",\"Colorindo\",\"Colorindo em A\u00e7\u00e3o\",\"Costurando o Futuro\",\"ESG\",\"Fundaci\u00f3n Grupo Volkswagen\",\"L\u00ednea Pride\",\"ONG Parceiros Volunt\u00e1rios\",\"Paulo Cunha\",\"personas LGBTQIA+\",\"Premio Ser Humano\",\"Roger Corassa\",\"San Bernardo do Campo (SP)\",\"Vitor Hugo Neia\",\"Volkswagen\"],\"articleSection\":[\"NOT\u00cdCIAS\"],\"inLanguage\":\"es\",\"potentialAction\":[{\"@type\":\"CommentAction\",\"name\":\"Comment\",\"target\":[\"https:\\\/\\\/gay.blog.br\\\/es\\\/noticias-es\\\/volkswagen-gana-el-premio-ser-humano-con-un-proyecto-de-apoyo-a-la-poblacion-lgbt\\\/#respond\"]}]},{\"@type\":\"WebPage\",\"@id\":\"https:\\\/\\\/gay.blog.br\\\/es\\\/noticias-es\\\/volkswagen-gana-el-premio-ser-humano-con-un-proyecto-de-apoyo-a-la-poblacion-lgbt\\\/\",\"url\":\"https:\\\/\\\/gay.blog.br\\\/es\\\/noticias-es\\\/volkswagen-gana-el-premio-ser-humano-con-un-proyecto-de-apoyo-a-la-poblacion-lgbt\\\/\",\"name\":\"Volkswagen gana el 'Premio Ser Humano' con un proyecto de apoyo a la poblaci\u00f3n LGBT+\",\"isPartOf\":{\"@id\":\"https:\\\/\\\/gay.blog.br\\\/es\\\/#website\"},\"primaryImageOfPage\":{\"@id\":\"https:\\\/\\\/gay.blog.br\\\/es\\\/noticias-es\\\/volkswagen-gana-el-premio-ser-humano-con-un-proyecto-de-apoyo-a-la-poblacion-lgbt\\\/#primaryimage\"},\"image\":{\"@id\":\"https:\\\/\\\/gay.blog.br\\\/es\\\/noticias-es\\\/volkswagen-gana-el-premio-ser-humano-con-un-proyecto-de-apoyo-a-la-poblacion-lgbt\\\/#primaryimage\"},\"thumbnailUrl\":\"https:\\\/\\\/i0.wp.com\\\/gay.blog.br\\\/wp-content\\\/uploads\\\/2022\\\/08\\\/volksdois.jpg?fit=640%2C360&ssl=1\",\"datePublished\":\"2025-02-14T10:35:27+00:00\",\"dateModified\":\"2025-02-22T20:17:09+00:00\",\"description\":\"'Colorindo em A\u00e7\u00e3o' fortaleci\u00f3 la Casa Neon Cunha y ampli\u00f3 iniciativas de inclusi\u00f3n social de las personas LGBTQIA+\",\"breadcrumb\":{\"@id\":\"https:\\\/\\\/gay.blog.br\\\/es\\\/noticias-es\\\/volkswagen-gana-el-premio-ser-humano-con-un-proyecto-de-apoyo-a-la-poblacion-lgbt\\\/#breadcrumb\"},\"inLanguage\":\"es\",\"potentialAction\":[{\"@type\":\"ReadAction\",\"target\":[\"https:\\\/\\\/gay.blog.br\\\/es\\\/noticias-es\\\/volkswagen-gana-el-premio-ser-humano-con-un-proyecto-de-apoyo-a-la-poblacion-lgbt\\\/\"]}]},{\"@type\":\"ImageObject\",\"inLanguage\":\"es\",\"@id\":\"https:\\\/\\\/gay.blog.br\\\/es\\\/noticias-es\\\/volkswagen-gana-el-premio-ser-humano-con-un-proyecto-de-apoyo-a-la-poblacion-lgbt\\\/#primaryimage\",\"url\":\"https:\\\/\\\/i0.wp.com\\\/gay.blog.br\\\/wp-content\\\/uploads\\\/2022\\\/08\\\/volksdois.jpg?fit=640%2C360&ssl=1\",\"contentUrl\":\"https:\\\/\\\/i0.wp.com\\\/gay.blog.br\\\/wp-content\\\/uploads\\\/2022\\\/08\\\/volksdois.jpg?fit=640%2C360&ssl=1\",\"width\":640,\"height\":360,\"caption\":\"Volkswagen vence 'Pr\u00eamio Ser Humano' com projeto de apoio \u00e0 popula\u00e7\u00e3o LGBT+ (Foto: reprodu\u00e7\u00e3o)\"},{\"@type\":\"BreadcrumbList\",\"@id\":\"https:\\\/\\\/gay.blog.br\\\/es\\\/noticias-es\\\/volkswagen-gana-el-premio-ser-humano-con-un-proyecto-de-apoyo-a-la-poblacion-lgbt\\\/#breadcrumb\",\"itemListElement\":[{\"@type\":\"ListItem\",\"position\":1,\"name\":\"In\u00edcio\",\"item\":\"https:\\\/\\\/gay.blog.br\\\/es\\\/\"},{\"@type\":\"ListItem\",\"position\":2,\"name\":\"Volkswagen gana el &#8216;Premio Ser Humano&#8217; con un proyecto de apoyo a la poblaci\u00f3n LGBT+\"}]},{\"@type\":\"WebSite\",\"@id\":\"https:\\\/\\\/gay.blog.br\\\/es\\\/#website\",\"url\":\"https:\\\/\\\/gay.blog.br\\\/es\\\/\",\"name\":\"GAY BLOG BR @gayblogbr\",\"description\":\"Not\u00edcias que empoderam e\\\/ou entret\u00eam s\u00e3o especialidades da casa\",\"publisher\":{\"@id\":\"https:\\\/\\\/gay.blog.br\\\/es\\\/#organization\"},\"potentialAction\":[{\"@type\":\"SearchAction\",\"target\":{\"@type\":\"EntryPoint\",\"urlTemplate\":\"https:\\\/\\\/gay.blog.br\\\/es\\\/?s={search_term_string}\"},\"query-input\":{\"@type\":\"PropertyValueSpecification\",\"valueRequired\":true,\"valueName\":\"search_term_string\"}}],\"inLanguage\":\"es\"},{\"@type\":\"Organization\",\"@id\":\"https:\\\/\\\/gay.blog.br\\\/es\\\/#organization\",\"name\":\"GAY BLOG BR\",\"url\":\"https:\\\/\\\/gay.blog.br\\\/es\\\/\",\"logo\":{\"@type\":\"ImageObject\",\"inLanguage\":\"es\",\"@id\":\"https:\\\/\\\/gay.blog.br\\\/es\\\/#\\\/schema\\\/logo\\\/image\\\/\",\"url\":\"https:\\\/\\\/i0.wp.com\\\/gay.blog.br\\\/wp-content\\\/uploads\\\/2023\\\/08\\\/gay180px.png?fit=272%2C90&ssl=1\",\"contentUrl\":\"https:\\\/\\\/i0.wp.com\\\/gay.blog.br\\\/wp-content\\\/uploads\\\/2023\\\/08\\\/gay180px.png?fit=272%2C90&ssl=1\",\"width\":272,\"height\":90,\"caption\":\"GAY BLOG BR\"},\"image\":{\"@id\":\"https:\\\/\\\/gay.blog.br\\\/es\\\/#\\\/schema\\\/logo\\\/image\\\/\"},\"sameAs\":[\"https:\\\/\\\/facebook.com\\\/gayblogbr\",\"https:\\\/\\\/x.com\\\/gayblogbr\",\"https:\\\/\\\/instagram.com\\\/gayblogbr\",\"https:\\\/\\\/www.linkedin.com\\\/company\\\/gayblogbr\\\/\",\"https:\\\/\\\/br.pinterest.com\\\/gayblogbr\\\/\",\"https:\\\/\\\/www.youtube.com\\\/channel\\\/UCdEu3JXLOB-wvWAVUF4AIiA\",\"https:\\\/\\\/pt.wikipedia.org\\\/wiki\\\/Gay_Blog_Br\",\"https:\\\/\\\/www.threads.net\\\/@gayblogbr\"]},{\"@type\":\"Person\",\"@id\":\"https:\\\/\\\/gay.blog.br\\\/es\\\/#\\\/schema\\\/person\\\/e0fca12cd80b5bbe6906c6053a688b8d\",\"name\":\"Tailane Santos\",\"image\":{\"@type\":\"ImageObject\",\"inLanguage\":\"es\",\"@id\":\"https:\\\/\\\/secure.gravatar.com\\\/avatar\\\/91f7f6be799f1c9d8ed3565c1642b4ce01fbc229bfdea97f4177fd0d6049cbfe?s=96&d=mm&r=g\",\"url\":\"https:\\\/\\\/secure.gravatar.com\\\/avatar\\\/91f7f6be799f1c9d8ed3565c1642b4ce01fbc229bfdea97f4177fd0d6049cbfe?s=96&d=mm&r=g\",\"contentUrl\":\"https:\\\/\\\/secure.gravatar.com\\\/avatar\\\/91f7f6be799f1c9d8ed3565c1642b4ce01fbc229bfdea97f4177fd0d6049cbfe?s=96&d=mm&r=g\",\"caption\":\"Tailane Santos\"},\"sameAs\":[\"http:\\\/\\\/wwww.gay.blog.br\",\"https:\\\/\\\/facebook.com\\\/gayblogbr\",\"https:\\\/\\\/instagram.com\\\/gayblogbr\",\"https:\\\/\\\/www.linkedin.com\\\/company\\\/gayblogbr\\\/\",\"http:\\\/\\\/pinterest.com\\\/gayblogbr\\\/\",\"https:\\\/\\\/x.com\\\/http:\\\/\\\/twitter.com\\\/gayblogbr\",\"https:\\\/\\\/www.youtube.com\\\/channel\\\/UCdEu3JXLOB-wvWAVUF4AIiA\"],\"url\":\"https:\\\/\\\/gay.blog.br\\\/es\\\/author\\\/tailane\\\/\"}]}<\/script>\n<!-- \/ Yoast SEO plugin. -->","yoast_head_json":{"title":"Volkswagen gana el 'Premio Ser Humano' con un proyecto de apoyo a la poblaci\u00f3n LGBT+","description":"'Colorindo em A\u00e7\u00e3o' fortaleci\u00f3 la Casa Neon Cunha y ampli\u00f3 iniciativas de inclusi\u00f3n social de las personas LGBTQIA+","robots":{"index":"index","follow":"follow","max-snippet":"max-snippet:-1","max-image-preview":"max-image-preview:large","max-video-preview":"max-video-preview:-1"},"canonical":"https:\/\/gay.blog.br\/es\/noticias-es\/volkswagen-gana-el-premio-ser-humano-con-un-proyecto-de-apoyo-a-la-poblacion-lgbt\/","og_locale":"es_ES","og_type":"article","og_title":"Volkswagen gana el 'Premio Ser Humano' con un proyecto de apoyo a la poblaci\u00f3n LGBT+","og_description":"'Colorindo em A\u00e7\u00e3o' fortaleci\u00f3 la Casa Neon Cunha y ampli\u00f3 iniciativas de inclusi\u00f3n social de las personas LGBTQIA+","og_url":"https:\/\/gay.blog.br\/es\/noticias-es\/volkswagen-gana-el-premio-ser-humano-con-un-proyecto-de-apoyo-a-la-poblacion-lgbt\/","og_site_name":"GAY BLOG BR @gayblogbr","article_publisher":"https:\/\/facebook.com\/gayblogbr","article_author":"https:\/\/facebook.com\/gayblogbr","article_published_time":"2025-02-14T10:35:27+00:00","article_modified_time":"2025-02-22T20:17:09+00:00","og_image":[{"width":640,"height":360,"url":"https:\/\/gay.blog.br\/wp-content\/uploads\/2022\/08\/volksdois.jpg","type":"image\/jpeg"}],"author":"Tailane Santos","twitter_card":"summary_large_image","twitter_creator":"@http:\/\/twitter.com\/gayblogbr","twitter_site":"@gayblogbr","twitter_misc":{"Escrito por":"Tailane Santos","Tiempo de lectura":"3 minutos"},"schema":{"@context":"https:\/\/schema.org","@graph":[{"@type":"Article","@id":"https:\/\/gay.blog.br\/es\/noticias-es\/volkswagen-gana-el-premio-ser-humano-con-un-proyecto-de-apoyo-a-la-poblacion-lgbt\/#article","isPartOf":{"@id":"https:\/\/gay.blog.br\/es\/noticias-es\/volkswagen-gana-el-premio-ser-humano-con-un-proyecto-de-apoyo-a-la-poblacion-lgbt\/"},"author":{"name":"Tailane Santos","@id":"https:\/\/gay.blog.br\/es\/#\/schema\/person\/e0fca12cd80b5bbe6906c6053a688b8d"},"headline":"Volkswagen gana el &#8216;Premio Ser Humano&#8217; con un proyecto de apoyo a la poblaci\u00f3n LGBT+","datePublished":"2025-02-14T10:35:27+00:00","dateModified":"2025-02-22T20:17:09+00:00","mainEntityOfPage":{"@id":"https:\/\/gay.blog.br\/es\/noticias-es\/volkswagen-gana-el-premio-ser-humano-con-un-proyecto-de-apoyo-a-la-poblacion-lgbt\/"},"wordCount":459,"commentCount":0,"publisher":{"@id":"https:\/\/gay.blog.br\/es\/#organization"},"image":{"@id":"https:\/\/gay.blog.br\/es\/noticias-es\/volkswagen-gana-el-premio-ser-humano-con-un-proyecto-de-apoyo-a-la-poblacion-lgbt\/#primaryimage"},"thumbnailUrl":"https:\/\/i0.wp.com\/gay.blog.br\/wp-content\/uploads\/2022\/08\/volksdois.jpg?fit=640%2C360&ssl=1","keywords":["ABRH-SP","brasil","Casa Neon Cunha","Colorindo","Colorindo em A\u00e7\u00e3o","Costurando o Futuro","ESG","Fundaci\u00f3n Grupo Volkswagen","L\u00ednea Pride","ONG Parceiros Volunt\u00e1rios","Paulo Cunha","personas LGBTQIA+","Premio Ser Humano","Roger Corassa","San Bernardo do Campo (SP)","Vitor Hugo Neia","Volkswagen"],"articleSection":["NOT\u00cdCIAS"],"inLanguage":"es","potentialAction":[{"@type":"CommentAction","name":"Comment","target":["https:\/\/gay.blog.br\/es\/noticias-es\/volkswagen-gana-el-premio-ser-humano-con-un-proyecto-de-apoyo-a-la-poblacion-lgbt\/#respond"]}]},{"@type":"WebPage","@id":"https:\/\/gay.blog.br\/es\/noticias-es\/volkswagen-gana-el-premio-ser-humano-con-un-proyecto-de-apoyo-a-la-poblacion-lgbt\/","url":"https:\/\/gay.blog.br\/es\/noticias-es\/volkswagen-gana-el-premio-ser-humano-con-un-proyecto-de-apoyo-a-la-poblacion-lgbt\/","name":"Volkswagen gana el 'Premio Ser Humano' con un proyecto de apoyo a la poblaci\u00f3n LGBT+","isPartOf":{"@id":"https:\/\/gay.blog.br\/es\/#website"},"primaryImageOfPage":{"@id":"https:\/\/gay.blog.br\/es\/noticias-es\/volkswagen-gana-el-premio-ser-humano-con-un-proyecto-de-apoyo-a-la-poblacion-lgbt\/#primaryimage"},"image":{"@id":"https:\/\/gay.blog.br\/es\/noticias-es\/volkswagen-gana-el-premio-ser-humano-con-un-proyecto-de-apoyo-a-la-poblacion-lgbt\/#primaryimage"},"thumbnailUrl":"https:\/\/i0.wp.com\/gay.blog.br\/wp-content\/uploads\/2022\/08\/volksdois.jpg?fit=640%2C360&ssl=1","datePublished":"2025-02-14T10:35:27+00:00","dateModified":"2025-02-22T20:17:09+00:00","description":"'Colorindo em A\u00e7\u00e3o' fortaleci\u00f3 la Casa Neon Cunha y ampli\u00f3 iniciativas de inclusi\u00f3n social de las personas LGBTQIA+","breadcrumb":{"@id":"https:\/\/gay.blog.br\/es\/noticias-es\/volkswagen-gana-el-premio-ser-humano-con-un-proyecto-de-apoyo-a-la-poblacion-lgbt\/#breadcrumb"},"inLanguage":"es","potentialAction":[{"@type":"ReadAction","target":["https:\/\/gay.blog.br\/es\/noticias-es\/volkswagen-gana-el-premio-ser-humano-con-un-proyecto-de-apoyo-a-la-poblacion-lgbt\/"]}]},{"@type":"ImageObject","inLanguage":"es","@id":"https:\/\/gay.blog.br\/es\/noticias-es\/volkswagen-gana-el-premio-ser-humano-con-un-proyecto-de-apoyo-a-la-poblacion-lgbt\/#primaryimage","url":"https:\/\/i0.wp.com\/gay.blog.br\/wp-content\/uploads\/2022\/08\/volksdois.jpg?fit=640%2C360&ssl=1","contentUrl":"https:\/\/i0.wp.com\/gay.blog.br\/wp-content\/uploads\/2022\/08\/volksdois.jpg?fit=640%2C360&ssl=1","width":640,"height":360,"caption":"Volkswagen vence 'Pr\u00eamio Ser Humano' com projeto de apoio \u00e0 popula\u00e7\u00e3o LGBT+ (Foto: reprodu\u00e7\u00e3o)"},{"@type":"BreadcrumbList","@id":"https:\/\/gay.blog.br\/es\/noticias-es\/volkswagen-gana-el-premio-ser-humano-con-un-proyecto-de-apoyo-a-la-poblacion-lgbt\/#breadcrumb","itemListElement":[{"@type":"ListItem","position":1,"name":"In\u00edcio","item":"https:\/\/gay.blog.br\/es\/"},{"@type":"ListItem","position":2,"name":"Volkswagen gana el &#8216;Premio Ser Humano&#8217; con un proyecto de apoyo a la poblaci\u00f3n LGBT+"}]},{"@type":"WebSite","@id":"https:\/\/gay.blog.br\/es\/#website","url":"https:\/\/gay.blog.br\/es\/","name":"GAY BLOG BR @gayblogbr","description":"Not\u00edcias que empoderam e\/ou entret\u00eam s\u00e3o especialidades da casa","publisher":{"@id":"https:\/\/gay.blog.br\/es\/#organization"},"potentialAction":[{"@type":"SearchAction","target":{"@type":"EntryPoint","urlTemplate":"https:\/\/gay.blog.br\/es\/?s={search_term_string}"},"query-input":{"@type":"PropertyValueSpecification","valueRequired":true,"valueName":"search_term_string"}}],"inLanguage":"es"},{"@type":"Organization","@id":"https:\/\/gay.blog.br\/es\/#organization","name":"GAY BLOG BR","url":"https:\/\/gay.blog.br\/es\/","logo":{"@type":"ImageObject","inLanguage":"es","@id":"https:\/\/gay.blog.br\/es\/#\/schema\/logo\/image\/","url":"https:\/\/i0.wp.com\/gay.blog.br\/wp-content\/uploads\/2023\/08\/gay180px.png?fit=272%2C90&ssl=1","contentUrl":"https:\/\/i0.wp.com\/gay.blog.br\/wp-content\/uploads\/2023\/08\/gay180px.png?fit=272%2C90&ssl=1","width":272,"height":90,"caption":"GAY BLOG BR"},"image":{"@id":"https:\/\/gay.blog.br\/es\/#\/schema\/logo\/image\/"},"sameAs":["https:\/\/facebook.com\/gayblogbr","https:\/\/x.com\/gayblogbr","https:\/\/instagram.com\/gayblogbr","https:\/\/www.linkedin.com\/company\/gayblogbr\/","https:\/\/br.pinterest.com\/gayblogbr\/","https:\/\/www.youtube.com\/channel\/UCdEu3JXLOB-wvWAVUF4AIiA","https:\/\/pt.wikipedia.org\/wiki\/Gay_Blog_Br","https:\/\/www.threads.net\/@gayblogbr"]},{"@type":"Person","@id":"https:\/\/gay.blog.br\/es\/#\/schema\/person\/e0fca12cd80b5bbe6906c6053a688b8d","name":"Tailane Santos","image":{"@type":"ImageObject","inLanguage":"es","@id":"https:\/\/secure.gravatar.com\/avatar\/91f7f6be799f1c9d8ed3565c1642b4ce01fbc229bfdea97f4177fd0d6049cbfe?s=96&d=mm&r=g","url":"https:\/\/secure.gravatar.com\/avatar\/91f7f6be799f1c9d8ed3565c1642b4ce01fbc229bfdea97f4177fd0d6049cbfe?s=96&d=mm&r=g","contentUrl":"https:\/\/secure.gravatar.com\/avatar\/91f7f6be799f1c9d8ed3565c1642b4ce01fbc229bfdea97f4177fd0d6049cbfe?s=96&d=mm&r=g","caption":"Tailane Santos"},"sameAs":["http:\/\/wwww.gay.blog.br","https:\/\/facebook.com\/gayblogbr","https:\/\/instagram.com\/gayblogbr","https:\/\/www.linkedin.com\/company\/gayblogbr\/","http:\/\/pinterest.com\/gayblogbr\/","https:\/\/x.com\/http:\/\/twitter.com\/gayblogbr","https:\/\/www.youtube.com\/channel\/UCdEu3JXLOB-wvWAVUF4AIiA"],"url":"https:\/\/gay.blog.br\/es\/author\/tailane\/"}]}},"jetpack_publicize_connections":[],"jetpack_featured_media_url":"https:\/\/i0.wp.com\/gay.blog.br\/wp-content\/uploads\/2022\/08\/volksdois.jpg?fit=640%2C360&ssl=1","jetpack_sharing_enabled":true,"jetpack_shortlink":"https:\/\/wp.me\/p6klkK-11t7","jetpack_likes_enabled":false,"amp_enabled":true,"_links":{"self":[{"href":"https:\/\/gay.blog.br\/es\/wp-json\/wp\/v2\/posts\/243977","targetHints":{"allow":["GET"]}}],"collection":[{"href":"https:\/\/gay.blog.br\/es\/wp-json\/wp\/v2\/posts"}],"about":[{"href":"https:\/\/gay.blog.br\/es\/wp-json\/wp\/v2\/types\/post"}],"author":[{"embeddable":true,"href":"https:\/\/gay.blog.br\/es\/wp-json\/wp\/v2\/users\/3757"}],"replies":[{"embeddable":true,"href":"https:\/\/gay.blog.br\/es\/wp-json\/wp\/v2\/comments?post=243977"}],"version-history":[{"count":1,"href":"https:\/\/gay.blog.br\/es\/wp-json\/wp\/v2\/posts\/243977\/revisions"}],"predecessor-version":[{"id":243988,"href":"https:\/\/gay.blog.br\/es\/wp-json\/wp\/v2\/posts\/243977\/revisions\/243988"}],"wp:featuredmedia":[{"embeddable":true,"href":"https:\/\/gay.blog.br\/es\/wp-json\/wp\/v2\/media\/173833"}],"wp:attachment":[{"href":"https:\/\/gay.blog.br\/es\/wp-json\/wp\/v2\/media?parent=243977"}],"wp:term":[{"taxonomy":"category","embeddable":true,"href":"https:\/\/gay.blog.br\/es\/wp-json\/wp\/v2\/categories?post=243977"},{"taxonomy":"post_tag","embeddable":true,"href":"https:\/\/gay.blog.br\/es\/wp-json\/wp\/v2\/tags?post=243977"}],"curies":[{"name":"wp","href":"https:\/\/api.w.org\/{rel}","templated":true}]}}