{"id":243979,"date":"2025-02-10T19:55:58","date_gmt":"2025-02-10T22:55:58","guid":{"rendered":"https:\/\/gay.blog.br\/?p=243979"},"modified":"2025-02-22T17:24:35","modified_gmt":"2025-02-22T20:24:35","slug":"atletas-lgbtqia-de-16-paises-se-destacan-en-la-exposicion-del-fotografo-emilien-buffard","status":"publish","type":"post","link":"https:\/\/gay.blog.br\/es\/cultura-es\/atletas-lgbtqia-de-16-paises-se-destacan-en-la-exposicion-del-fotografo-emilien-buffard\/","title":{"rendered":"Atletas LGBTQIA+ de 16 pa\u00edses se destacan en la exposici\u00f3n del fot\u00f3grafo \u00c9milien Buffard"},"content":{"rendered":"<p style=\"text-align: justify;\">El d\u00eda 30 de enero, la <strong>Alianza Francesa de M\u00e1laga<\/strong> inaugur\u00f3 la exposici\u00f3n \u00ab<em><strong>Sport Friendly: \u00a1La cancha de la<\/strong> <strong>diversidad!<\/strong><\/em>\u201d (<em>Sport Friendly: A quadra da diversidade!, em tradu\u00e7\u00e3o)<\/em>, del fot\u00f3grafo franc\u00e9s <strong>\u00c9milien Buffard<\/strong>. La exposici\u00f3n presenta 16 retratos de atletas de diferentes pa\u00edses, destacando iniciativas deportivas que promueven la inclusi\u00f3n y la igualdad.<\/p>\n<figure id=\"attachment_242861\" aria-describedby=\"caption-attachment-242861\" style=\"width: 1064px\" class=\"wp-caption aligncenter\"><a href=\"https:\/\/scruff.app.link\/Gayblog_br_Press\"><img data-recalc-dims=\"1\" loading=\"lazy\" decoding=\"async\" class=\"size-full wp-image-242861\" src=\"https:\/\/i0.wp.com\/gay.blog.br\/wp-content\/uploads\/2025\/02\/Atletas-LGBTQIA-de-16-paises-sao-destaque-em-exposicao-do-fotografo-Emilien-Buffard-Gay-Blog-BR-6.jpeg?resize=696%2C1047&#038;ssl=1\" alt=\"Atletas LGBTQIA+ de 16 pa\u00edses se destacan en la exposici\u00f3n del fot\u00f3grafo \u00c9milien Buffard\" width=\"696\" height=\"1047\" srcset=\"https:\/\/i0.wp.com\/gay.blog.br\/wp-content\/uploads\/2025\/02\/Atletas-LGBTQIA-de-16-paises-sao-destaque-em-exposicao-do-fotografo-Emilien-Buffard-Gay-Blog-BR-6.jpeg?w=1064&amp;ssl=1 1064w, https:\/\/i0.wp.com\/gay.blog.br\/wp-content\/uploads\/2025\/02\/Atletas-LGBTQIA-de-16-paises-sao-destaque-em-exposicao-do-fotografo-Emilien-Buffard-Gay-Blog-BR-6.jpeg?resize=200%2C300&amp;ssl=1 200w, https:\/\/i0.wp.com\/gay.blog.br\/wp-content\/uploads\/2025\/02\/Atletas-LGBTQIA-de-16-paises-sao-destaque-em-exposicao-do-fotografo-Emilien-Buffard-Gay-Blog-BR-6.jpeg?resize=681%2C1024&amp;ssl=1 681w, https:\/\/i0.wp.com\/gay.blog.br\/wp-content\/uploads\/2025\/02\/Atletas-LGBTQIA-de-16-paises-sao-destaque-em-exposicao-do-fotografo-Emilien-Buffard-Gay-Blog-BR-6.jpeg?resize=100%2C150&amp;ssl=1 100w, https:\/\/i0.wp.com\/gay.blog.br\/wp-content\/uploads\/2025\/02\/Atletas-LGBTQIA-de-16-paises-sao-destaque-em-exposicao-do-fotografo-Emilien-Buffard-Gay-Blog-BR-6.jpeg?resize=768%2C1155&amp;ssl=1 768w, https:\/\/i0.wp.com\/gay.blog.br\/wp-content\/uploads\/2025\/02\/Atletas-LGBTQIA-de-16-paises-sao-destaque-em-exposicao-do-fotografo-Emilien-Buffard-Gay-Blog-BR-6.jpeg?resize=1021%2C1536&amp;ssl=1 1021w, https:\/\/i0.wp.com\/gay.blog.br\/wp-content\/uploads\/2025\/02\/Atletas-LGBTQIA-de-16-paises-sao-destaque-em-exposicao-do-fotografo-Emilien-Buffard-Gay-Blog-BR-6.jpeg?resize=279%2C420&amp;ssl=1 279w, https:\/\/i0.wp.com\/gay.blog.br\/wp-content\/uploads\/2025\/02\/Atletas-LGBTQIA-de-16-paises-sao-destaque-em-exposicao-do-fotografo-Emilien-Buffard-Gay-Blog-BR-6.jpeg?resize=559%2C840&amp;ssl=1 559w, https:\/\/i0.wp.com\/gay.blog.br\/wp-content\/uploads\/2025\/02\/Atletas-LGBTQIA-de-16-paises-sao-destaque-em-exposicao-do-fotografo-Emilien-Buffard-Gay-Blog-BR-6.jpeg?resize=696%2C1047&amp;ssl=1 696w\" sizes=\"auto, (max-width: 696px) 100vw, 696px\" \/><\/a><figcaption id=\"caption-attachment-242861\" class=\"wp-caption-text\">Atletas LGBTQIA+ de 16 pa\u00edses se destacan en una exposici\u00f3n del fot\u00f3grafo \u00c9milien Buffard (Foto: reproducci\u00f3n<\/figcaption><\/figure>\n<figure id=\"attachment_242858\" aria-describedby=\"caption-attachment-242858\" style=\"width: 1064px\" class=\"wp-caption aligncenter\"><a href=\"https:\/\/scruff.app.link\/Gayblog_br_Press\"><img data-recalc-dims=\"1\" loading=\"lazy\" decoding=\"async\" class=\"size-full wp-image-242858\" src=\"https:\/\/i0.wp.com\/gay.blog.br\/wp-content\/uploads\/2025\/02\/Atletas-LGBTQIA-de-16-paises-sao-destaque-em-exposicao-do-fotografo-Emilien-Buffard-Gay-Blog-BR-5.jpeg?resize=696%2C1047&#038;ssl=1\" alt=\"\" width=\"696\" height=\"1047\" srcset=\"https:\/\/i0.wp.com\/gay.blog.br\/wp-content\/uploads\/2025\/02\/Atletas-LGBTQIA-de-16-paises-sao-destaque-em-exposicao-do-fotografo-Emilien-Buffard-Gay-Blog-BR-5.jpeg?w=1064&amp;ssl=1 1064w, https:\/\/i0.wp.com\/gay.blog.br\/wp-content\/uploads\/2025\/02\/Atletas-LGBTQIA-de-16-paises-sao-destaque-em-exposicao-do-fotografo-Emilien-Buffard-Gay-Blog-BR-5.jpeg?resize=200%2C300&amp;ssl=1 200w, https:\/\/i0.wp.com\/gay.blog.br\/wp-content\/uploads\/2025\/02\/Atletas-LGBTQIA-de-16-paises-sao-destaque-em-exposicao-do-fotografo-Emilien-Buffard-Gay-Blog-BR-5.jpeg?resize=681%2C1024&amp;ssl=1 681w, https:\/\/i0.wp.com\/gay.blog.br\/wp-content\/uploads\/2025\/02\/Atletas-LGBTQIA-de-16-paises-sao-destaque-em-exposicao-do-fotografo-Emilien-Buffard-Gay-Blog-BR-5.jpeg?resize=100%2C150&amp;ssl=1 100w, https:\/\/i0.wp.com\/gay.blog.br\/wp-content\/uploads\/2025\/02\/Atletas-LGBTQIA-de-16-paises-sao-destaque-em-exposicao-do-fotografo-Emilien-Buffard-Gay-Blog-BR-5.jpeg?resize=768%2C1155&amp;ssl=1 768w, https:\/\/i0.wp.com\/gay.blog.br\/wp-content\/uploads\/2025\/02\/Atletas-LGBTQIA-de-16-paises-sao-destaque-em-exposicao-do-fotografo-Emilien-Buffard-Gay-Blog-BR-5.jpeg?resize=1021%2C1536&amp;ssl=1 1021w, https:\/\/i0.wp.com\/gay.blog.br\/wp-content\/uploads\/2025\/02\/Atletas-LGBTQIA-de-16-paises-sao-destaque-em-exposicao-do-fotografo-Emilien-Buffard-Gay-Blog-BR-5.jpeg?resize=279%2C420&amp;ssl=1 279w, https:\/\/i0.wp.com\/gay.blog.br\/wp-content\/uploads\/2025\/02\/Atletas-LGBTQIA-de-16-paises-sao-destaque-em-exposicao-do-fotografo-Emilien-Buffard-Gay-Blog-BR-5.jpeg?resize=559%2C840&amp;ssl=1 559w, https:\/\/i0.wp.com\/gay.blog.br\/wp-content\/uploads\/2025\/02\/Atletas-LGBTQIA-de-16-paises-sao-destaque-em-exposicao-do-fotografo-Emilien-Buffard-Gay-Blog-BR-5.jpeg?resize=696%2C1047&amp;ssl=1 696w\" sizes=\"auto, (max-width: 696px) 100vw, 696px\" \/><\/a><figcaption id=\"caption-attachment-242858\" class=\"wp-caption-text\">Atletas LGBTQIA+ de 16 pa\u00edses se destacan en una exposici\u00f3n del fot\u00f3grafo \u00c9milien Buffard (Foto: reproducci\u00f3n<\/figcaption><\/figure>\n<p style=\"text-align: justify;\">La exposici\u00f3n pretende ampliar el debate sobre el acceso al deporte para todos, abordando temas como la inclusi\u00f3n de personas trans y no binarias, la participaci\u00f3n de atletas con discapacidad y la deconstrucci\u00f3n de los estereotipos de g\u00e9nero. El evento cuenta con el apoyo del <em><strong>Institut Fran\u00e7ais<\/strong><\/em> y recibi\u00f3 el sello de \u00ab<em><strong>Olimpiada Cultural<\/strong><\/em>\u201d del <strong>Comit\u00e9 Ol\u00edmpico y Paral\u00edmpico de Par\u00eds 2024<\/strong>.<\/p>\n<p style=\"text-align: justify;\">La inauguraci\u00f3n oficial tuvo lugar a las 20:00 horas y cont\u00f3 con un DJ set de LGBTQI Estupenda M\u00e1rquez, as\u00ed como con la colaboraci\u00f3n de <em><strong>Cervezas Victoria<\/strong><\/em>. La exposici\u00f3n estar\u00e1 abierta hasta el 4 de abril, en los horarios de las 9:30 a las 13:30 y de las 16:30 a las 19:30.<\/p>\n<figure id=\"attachment_242855\" aria-describedby=\"caption-attachment-242855\" style=\"width: 1066px\" class=\"wp-caption aligncenter\"><a href=\"https:\/\/scruff.app.link\/Gayblog_br_Press\"><img data-recalc-dims=\"1\" loading=\"lazy\" decoding=\"async\" class=\"size-full wp-image-242855\" src=\"https:\/\/i0.wp.com\/gay.blog.br\/wp-content\/uploads\/2025\/02\/Atletas-LGBTQIA-de-16-paises-sao-destaque-em-exposicao-do-fotografo-Emilien-Buffard-Gay-Blog-BR-4.jpeg?resize=696%2C1045&#038;ssl=1\" alt=\"Atletas LGBTQIA+ de 16 pa\u00edses se destacan en la exposici\u00f3n del fot\u00f3grafo \u00c9milien Buffard\" width=\"696\" height=\"1045\" srcset=\"https:\/\/i0.wp.com\/gay.blog.br\/wp-content\/uploads\/2025\/02\/Atletas-LGBTQIA-de-16-paises-sao-destaque-em-exposicao-do-fotografo-Emilien-Buffard-Gay-Blog-BR-4.jpeg?w=1066&amp;ssl=1 1066w, https:\/\/i0.wp.com\/gay.blog.br\/wp-content\/uploads\/2025\/02\/Atletas-LGBTQIA-de-16-paises-sao-destaque-em-exposicao-do-fotografo-Emilien-Buffard-Gay-Blog-BR-4.jpeg?resize=200%2C300&amp;ssl=1 200w, https:\/\/i0.wp.com\/gay.blog.br\/wp-content\/uploads\/2025\/02\/Atletas-LGBTQIA-de-16-paises-sao-destaque-em-exposicao-do-fotografo-Emilien-Buffard-Gay-Blog-BR-4.jpeg?resize=682%2C1024&amp;ssl=1 682w, https:\/\/i0.wp.com\/gay.blog.br\/wp-content\/uploads\/2025\/02\/Atletas-LGBTQIA-de-16-paises-sao-destaque-em-exposicao-do-fotografo-Emilien-Buffard-Gay-Blog-BR-4.jpeg?resize=100%2C150&amp;ssl=1 100w, https:\/\/i0.wp.com\/gay.blog.br\/wp-content\/uploads\/2025\/02\/Atletas-LGBTQIA-de-16-paises-sao-destaque-em-exposicao-do-fotografo-Emilien-Buffard-Gay-Blog-BR-4.jpeg?resize=768%2C1153&amp;ssl=1 768w, https:\/\/i0.wp.com\/gay.blog.br\/wp-content\/uploads\/2025\/02\/Atletas-LGBTQIA-de-16-paises-sao-destaque-em-exposicao-do-fotografo-Emilien-Buffard-Gay-Blog-BR-4.jpeg?resize=1023%2C1536&amp;ssl=1 1023w, https:\/\/i0.wp.com\/gay.blog.br\/wp-content\/uploads\/2025\/02\/Atletas-LGBTQIA-de-16-paises-sao-destaque-em-exposicao-do-fotografo-Emilien-Buffard-Gay-Blog-BR-4.jpeg?resize=280%2C420&amp;ssl=1 280w, https:\/\/i0.wp.com\/gay.blog.br\/wp-content\/uploads\/2025\/02\/Atletas-LGBTQIA-de-16-paises-sao-destaque-em-exposicao-do-fotografo-Emilien-Buffard-Gay-Blog-BR-4.jpeg?resize=560%2C840&amp;ssl=1 560w, https:\/\/i0.wp.com\/gay.blog.br\/wp-content\/uploads\/2025\/02\/Atletas-LGBTQIA-de-16-paises-sao-destaque-em-exposicao-do-fotografo-Emilien-Buffard-Gay-Blog-BR-4.jpeg?resize=696%2C1045&amp;ssl=1 696w\" sizes=\"auto, (max-width: 696px) 100vw, 696px\" \/><\/a><figcaption id=\"caption-attachment-242855\" class=\"wp-caption-text\">Foto: reproducci\u00f3n<\/figcaption><\/figure>\n<figure id=\"attachment_242852\" aria-describedby=\"caption-attachment-242852\" style=\"width: 1066px\" class=\"wp-caption aligncenter\"><a href=\"https:\/\/scruff.app.link\/Gayblog_br_Press\"><img data-recalc-dims=\"1\" loading=\"lazy\" decoding=\"async\" class=\"size-full wp-image-242852\" src=\"https:\/\/i0.wp.com\/gay.blog.br\/wp-content\/uploads\/2025\/02\/Atletas-LGBTQIA-de-16-paises-sao-destaque-em-exposicao-do-fotografo-Emilien-Buffard-Gay-Blog-BR-3.jpeg?resize=696%2C1045&#038;ssl=1\" alt=\"\" width=\"696\" height=\"1045\" srcset=\"https:\/\/i0.wp.com\/gay.blog.br\/wp-content\/uploads\/2025\/02\/Atletas-LGBTQIA-de-16-paises-sao-destaque-em-exposicao-do-fotografo-Emilien-Buffard-Gay-Blog-BR-3.jpeg?w=1066&amp;ssl=1 1066w, https:\/\/i0.wp.com\/gay.blog.br\/wp-content\/uploads\/2025\/02\/Atletas-LGBTQIA-de-16-paises-sao-destaque-em-exposicao-do-fotografo-Emilien-Buffard-Gay-Blog-BR-3.jpeg?resize=200%2C300&amp;ssl=1 200w, https:\/\/i0.wp.com\/gay.blog.br\/wp-content\/uploads\/2025\/02\/Atletas-LGBTQIA-de-16-paises-sao-destaque-em-exposicao-do-fotografo-Emilien-Buffard-Gay-Blog-BR-3.jpeg?resize=682%2C1024&amp;ssl=1 682w, https:\/\/i0.wp.com\/gay.blog.br\/wp-content\/uploads\/2025\/02\/Atletas-LGBTQIA-de-16-paises-sao-destaque-em-exposicao-do-fotografo-Emilien-Buffard-Gay-Blog-BR-3.jpeg?resize=100%2C150&amp;ssl=1 100w, https:\/\/i0.wp.com\/gay.blog.br\/wp-content\/uploads\/2025\/02\/Atletas-LGBTQIA-de-16-paises-sao-destaque-em-exposicao-do-fotografo-Emilien-Buffard-Gay-Blog-BR-3.jpeg?resize=768%2C1153&amp;ssl=1 768w, https:\/\/i0.wp.com\/gay.blog.br\/wp-content\/uploads\/2025\/02\/Atletas-LGBTQIA-de-16-paises-sao-destaque-em-exposicao-do-fotografo-Emilien-Buffard-Gay-Blog-BR-3.jpeg?resize=1023%2C1536&amp;ssl=1 1023w, https:\/\/i0.wp.com\/gay.blog.br\/wp-content\/uploads\/2025\/02\/Atletas-LGBTQIA-de-16-paises-sao-destaque-em-exposicao-do-fotografo-Emilien-Buffard-Gay-Blog-BR-3.jpeg?resize=280%2C420&amp;ssl=1 280w, https:\/\/i0.wp.com\/gay.blog.br\/wp-content\/uploads\/2025\/02\/Atletas-LGBTQIA-de-16-paises-sao-destaque-em-exposicao-do-fotografo-Emilien-Buffard-Gay-Blog-BR-3.jpeg?resize=560%2C840&amp;ssl=1 560w, https:\/\/i0.wp.com\/gay.blog.br\/wp-content\/uploads\/2025\/02\/Atletas-LGBTQIA-de-16-paises-sao-destaque-em-exposicao-do-fotografo-Emilien-Buffard-Gay-Blog-BR-3.jpeg?resize=696%2C1045&amp;ssl=1 696w\" sizes=\"auto, (max-width: 696px) 100vw, 696px\" \/><\/a><figcaption id=\"caption-attachment-242852\" class=\"wp-caption-text\">Foto: reproducci\u00f3n<\/figcaption><\/figure>\n<h3 style=\"text-align: justify;\">La exposici\u00f3n de \u00c9milien Buffard invita al di\u00e1logo<\/h3>\n<p style=\"text-align: justify;\">Seg\u00fan <strong>Sullivan Benetier<\/strong>, director de la Alianza Francesa de M\u00e1laga, la exposici\u00f3n contin\u00faa el debate iniciado con la muestra de la continuidad del debate iniciado con la exposici\u00f3n <strong><em>Les Elles des Jeux<\/em><\/strong>, que analiza la participaci\u00f3n femenina en la historia de las <a href=\"https:\/\/gay.blog.br\/?s=Olimp%C3%ADadas\">Olimpiadas<\/a>. Destaca que <em>Sport Friendly<\/em> ampl\u00eda la discusi\u00f3n sobre la diversidad en el deporte, reforzando la necesidad de inclusi\u00f3n: \u00ab<em>Queremos demostrar que el deporte debe ser accesible para todas las personas<\/em>\u201d.<\/p>\n<figure id=\"attachment_242849\" aria-describedby=\"caption-attachment-242849\" style=\"width: 1066px\" class=\"wp-caption aligncenter\"><a href=\"https:\/\/scruff.app.link\/Gayblog_br_Press\"><img data-recalc-dims=\"1\" loading=\"lazy\" decoding=\"async\" class=\"size-full wp-image-242849\" src=\"https:\/\/i0.wp.com\/gay.blog.br\/wp-content\/uploads\/2025\/02\/Atletas-LGBTQIA-de-16-paises-sao-destaque-em-exposicao-do-fotografo-Emilien-Buffard-Gay-Blog-BR-2.jpeg?resize=696%2C1045&#038;ssl=1\" alt=\"Atletas LGBTQIA+ de 16 pa\u00edses se destacan en la exposici\u00f3n del fot\u00f3grafo \u00c9milien Buffard\" width=\"696\" height=\"1045\" srcset=\"https:\/\/i0.wp.com\/gay.blog.br\/wp-content\/uploads\/2025\/02\/Atletas-LGBTQIA-de-16-paises-sao-destaque-em-exposicao-do-fotografo-Emilien-Buffard-Gay-Blog-BR-2.jpeg?w=1066&amp;ssl=1 1066w, https:\/\/i0.wp.com\/gay.blog.br\/wp-content\/uploads\/2025\/02\/Atletas-LGBTQIA-de-16-paises-sao-destaque-em-exposicao-do-fotografo-Emilien-Buffard-Gay-Blog-BR-2.jpeg?resize=200%2C300&amp;ssl=1 200w, https:\/\/i0.wp.com\/gay.blog.br\/wp-content\/uploads\/2025\/02\/Atletas-LGBTQIA-de-16-paises-sao-destaque-em-exposicao-do-fotografo-Emilien-Buffard-Gay-Blog-BR-2.jpeg?resize=682%2C1024&amp;ssl=1 682w, https:\/\/i0.wp.com\/gay.blog.br\/wp-content\/uploads\/2025\/02\/Atletas-LGBTQIA-de-16-paises-sao-destaque-em-exposicao-do-fotografo-Emilien-Buffard-Gay-Blog-BR-2.jpeg?resize=100%2C150&amp;ssl=1 100w, https:\/\/i0.wp.com\/gay.blog.br\/wp-content\/uploads\/2025\/02\/Atletas-LGBTQIA-de-16-paises-sao-destaque-em-exposicao-do-fotografo-Emilien-Buffard-Gay-Blog-BR-2.jpeg?resize=768%2C1153&amp;ssl=1 768w, https:\/\/i0.wp.com\/gay.blog.br\/wp-content\/uploads\/2025\/02\/Atletas-LGBTQIA-de-16-paises-sao-destaque-em-exposicao-do-fotografo-Emilien-Buffard-Gay-Blog-BR-2.jpeg?resize=1023%2C1536&amp;ssl=1 1023w, https:\/\/i0.wp.com\/gay.blog.br\/wp-content\/uploads\/2025\/02\/Atletas-LGBTQIA-de-16-paises-sao-destaque-em-exposicao-do-fotografo-Emilien-Buffard-Gay-Blog-BR-2.jpeg?resize=280%2C420&amp;ssl=1 280w, https:\/\/i0.wp.com\/gay.blog.br\/wp-content\/uploads\/2025\/02\/Atletas-LGBTQIA-de-16-paises-sao-destaque-em-exposicao-do-fotografo-Emilien-Buffard-Gay-Blog-BR-2.jpeg?resize=560%2C840&amp;ssl=1 560w, https:\/\/i0.wp.com\/gay.blog.br\/wp-content\/uploads\/2025\/02\/Atletas-LGBTQIA-de-16-paises-sao-destaque-em-exposicao-do-fotografo-Emilien-Buffard-Gay-Blog-BR-2.jpeg?resize=696%2C1045&amp;ssl=1 696w\" sizes=\"auto, (max-width: 696px) 100vw, 696px\" \/><\/a><figcaption id=\"caption-attachment-242849\" class=\"wp-caption-text\">Foto: reproducci\u00f3n<\/figcaption><\/figure>\n<figure id=\"attachment_242846\" aria-describedby=\"caption-attachment-242846\" style=\"width: 1066px\" class=\"wp-caption aligncenter\"><a href=\"https:\/\/scruff.app.link\/Gayblog_br_Press\"><img data-recalc-dims=\"1\" loading=\"lazy\" decoding=\"async\" class=\"size-full wp-image-242846\" src=\"https:\/\/i0.wp.com\/gay.blog.br\/wp-content\/uploads\/2025\/02\/Atletas-LGBTQIA-de-16-paises-sao-destaque-em-exposicao-do-fotografo-Emilien-Buffard-Gay-Blog-BR-1.jpeg?resize=696%2C1045&#038;ssl=1\" alt=\"\" width=\"696\" height=\"1045\" srcset=\"https:\/\/i0.wp.com\/gay.blog.br\/wp-content\/uploads\/2025\/02\/Atletas-LGBTQIA-de-16-paises-sao-destaque-em-exposicao-do-fotografo-Emilien-Buffard-Gay-Blog-BR-1.jpeg?w=1066&amp;ssl=1 1066w, https:\/\/i0.wp.com\/gay.blog.br\/wp-content\/uploads\/2025\/02\/Atletas-LGBTQIA-de-16-paises-sao-destaque-em-exposicao-do-fotografo-Emilien-Buffard-Gay-Blog-BR-1.jpeg?resize=200%2C300&amp;ssl=1 200w, https:\/\/i0.wp.com\/gay.blog.br\/wp-content\/uploads\/2025\/02\/Atletas-LGBTQIA-de-16-paises-sao-destaque-em-exposicao-do-fotografo-Emilien-Buffard-Gay-Blog-BR-1.jpeg?resize=682%2C1024&amp;ssl=1 682w, https:\/\/i0.wp.com\/gay.blog.br\/wp-content\/uploads\/2025\/02\/Atletas-LGBTQIA-de-16-paises-sao-destaque-em-exposicao-do-fotografo-Emilien-Buffard-Gay-Blog-BR-1.jpeg?resize=100%2C150&amp;ssl=1 100w, https:\/\/i0.wp.com\/gay.blog.br\/wp-content\/uploads\/2025\/02\/Atletas-LGBTQIA-de-16-paises-sao-destaque-em-exposicao-do-fotografo-Emilien-Buffard-Gay-Blog-BR-1.jpeg?resize=768%2C1153&amp;ssl=1 768w, https:\/\/i0.wp.com\/gay.blog.br\/wp-content\/uploads\/2025\/02\/Atletas-LGBTQIA-de-16-paises-sao-destaque-em-exposicao-do-fotografo-Emilien-Buffard-Gay-Blog-BR-1.jpeg?resize=1023%2C1536&amp;ssl=1 1023w, https:\/\/i0.wp.com\/gay.blog.br\/wp-content\/uploads\/2025\/02\/Atletas-LGBTQIA-de-16-paises-sao-destaque-em-exposicao-do-fotografo-Emilien-Buffard-Gay-Blog-BR-1.jpeg?resize=280%2C420&amp;ssl=1 280w, https:\/\/i0.wp.com\/gay.blog.br\/wp-content\/uploads\/2025\/02\/Atletas-LGBTQIA-de-16-paises-sao-destaque-em-exposicao-do-fotografo-Emilien-Buffard-Gay-Blog-BR-1.jpeg?resize=560%2C840&amp;ssl=1 560w, https:\/\/i0.wp.com\/gay.blog.br\/wp-content\/uploads\/2025\/02\/Atletas-LGBTQIA-de-16-paises-sao-destaque-em-exposicao-do-fotografo-Emilien-Buffard-Gay-Blog-BR-1.jpeg?resize=696%2C1045&amp;ssl=1 696w\" sizes=\"auto, (max-width: 696px) 100vw, 696px\" \/><\/a><figcaption id=\"caption-attachment-242846\" class=\"wp-caption-text\">Foto: reproducci\u00f3n<\/figcaption><\/figure>\n<p style=\"text-align: justify;\">La obra de <strong>Buffard<\/strong> ha viajado por varios pa\u00edses y estuvo presente en grandes eventos, como los <strong>Juegos Sudamericanos de la Juventud<\/strong> y los <strong>Juegos Ol\u00edmpicos de Par\u00eds 2024<\/strong>. Ahora, la exposici\u00f3n llega a M\u00e1laga como parte de una iniciativa cultural de colaboraci\u00f3n entre instituciones francesas e internacionales.<\/p>\n<p style=\"text-align: justify;\">Adem\u00e1s de la exposici\u00f3n, la Alianza Francesa de M\u00e1laga reanuda su programa de actividades culturales, que incluye un club de lectura, proyecciones de pel\u00edculas y encuentros literarios. El programa tambi\u00e9n incluir\u00e1 talleres para ni\u00f1os y debates sobre el cambio clim\u00e1tico, dentro del proyecto \u00ab<em><strong>Alianza Verde<\/strong><\/em>\u00ab.<\/p>\n","protected":false},"excerpt":{"rendered":"<p>La exposici\u00f3n &#8216;Sport Friendly&#8217; celebra la diversidad en el deporte en la Alianza Francesa de M\u00e1laga y estar\u00e1 abierta hasta el 4 de abril de 2025<\/p>\n","protected":false},"author":2,"featured_media":242866,"comment_status":"open","ping_status":"open","sticky":false,"template":"","format":"standard","meta":{"googlesitekit_rrm_CAoiEBg-BXrJeACjO8p49SE4kTY:productID":"","tdm_status":"","tdm_grid_status":"","_jetpack_newsletter_access":"","_jetpack_dont_email_post_to_subs":false,"_jetpack_newsletter_tier_id":0,"_jetpack_memberships_contains_paywalled_content":false,"_jetpack_memberships_contains_paid_content":false,"footnotes":"","jetpack_publicize_message":"Atletas LGBTQIA+ de 16 pa\u00edses se destacan en la exposici\u00f3n del fot\u00f3grafo \u00c9milien Buffard","jetpack_publicize_feature_enabled":true,"jetpack_social_post_already_shared":true,"jetpack_social_options":{"image_generator_settings":{"template":"highway","default_image_id":0,"font":"","enabled":false},"version":2},"_wpas_customize_per_network":false,"jetpack_post_was_ever_published":false},"categories":[589932371],"tags":[589961933,589961946,589961937,589961944,589961941,589961940,589961936,589961939,589961932,589951204,589961945,589961943,589961938,589946758,589961935,589961934,589961942],"class_list":{"0":"post-243979","1":"post","2":"type-post","3":"status-publish","4":"format-standard","5":"has-post-thumbnail","7":"category-cultura-es","8":"tag-alianza-francesa-de-malaga","9":"tag-alianza-verde","10":"tag-emilien-buffard-es","11":"tag-buffard-es","12":"tag-cervezas-victoria-es","13":"tag-comite-olimpico-y-paralimpico-de-paris-2024","14":"tag-en-traduccion","15":"tag-institut-francais-es","16":"tag-juegos-olimpicos-de-paris-2024-es","17":"tag-juegos-olimpicos-de-paris-2024","18":"tag-juegos-sudamericanos-de-la-juventud","19":"tag-les-elles-des-jeux-es","20":"tag-olimpiada-cultural-es","21":"tag-olimpiadas-es","22":"tag-sport-friendly-la-cancha-de-la-diversidad-es-2","23":"tag-sport-friendly-la-cancha-de-la-diversidad-es","24":"tag-sullivan-benetier-es"},"yoast_head":"<!-- This site is optimized with the Yoast SEO plugin v27.4 - https:\/\/yoast.com\/product\/yoast-seo-wordpress\/ -->\n<title>Atletas LGBTQIA+ de 16 pa\u00edses se destacan en la exposici\u00f3n del fot\u00f3grafo \u00c9milien Buffard<\/title>\n<meta name=\"description\" content=\"La exposici\u00f3n &#039;Sport Friendly&#039; celebra la diversidad en el deporte en la Alianza Francesa de M\u00e1laga y estar\u00e1 abierta hasta el 4 de abril de 2025\" \/>\n<meta name=\"robots\" content=\"index, follow, max-snippet:-1, max-image-preview:large, max-video-preview:-1\" \/>\n<link rel=\"canonical\" href=\"https:\/\/gay.blog.br\/es\/cultura-es\/atletas-lgbtqia-de-16-paises-se-destacan-en-la-exposicion-del-fotografo-emilien-buffard\/\" \/>\n<meta property=\"og:locale\" content=\"es_ES\" \/>\n<meta property=\"og:type\" content=\"article\" \/>\n<meta property=\"og:title\" content=\"Atletas LGBTQIA+ de 16 pa\u00edses se destacan en la exposici\u00f3n del fot\u00f3grafo \u00c9milien Buffard\" \/>\n<meta property=\"og:description\" content=\"La exposici\u00f3n &#039;Sport Friendly&#039; celebra la diversidad en el deporte en la Alianza Francesa de M\u00e1laga y estar\u00e1 abierta hasta el 4 de abril de 2025\" \/>\n<meta property=\"og:url\" content=\"https:\/\/gay.blog.br\/es\/cultura-es\/atletas-lgbtqia-de-16-paises-se-destacan-en-la-exposicion-del-fotografo-emilien-buffard\/\" \/>\n<meta property=\"og:site_name\" content=\"GAY BLOG BR @gayblogbr\" \/>\n<meta property=\"article:publisher\" content=\"https:\/\/facebook.com\/gayblogbr\" \/>\n<meta property=\"article:author\" content=\"https:\/\/facebook.com\/gayblogbr\" \/>\n<meta property=\"article:published_time\" content=\"2025-02-10T22:55:58+00:00\" \/>\n<meta property=\"article:modified_time\" content=\"2025-02-22T20:24:35+00:00\" \/>\n<meta property=\"og:image\" content=\"https:\/\/gay.blog.br\/wp-content\/uploads\/2025\/02\/Atletas-LGBTQIA-de-16-paises-sao-destaque-em-exposicao-do-fotografo-Emilien-Buffard-Gay-Blog-BR-1.jpg\" \/>\n\t<meta property=\"og:image:width\" content=\"1280\" \/>\n\t<meta property=\"og:image:height\" content=\"720\" \/>\n\t<meta property=\"og:image:type\" content=\"image\/jpeg\" \/>\n<meta name=\"author\" content=\"www.gay.blog.br\" \/>\n<meta name=\"twitter:card\" content=\"summary_large_image\" \/>\n<meta name=\"twitter:creator\" content=\"@https:\/\/bsky.app\/profile\/gayblogbr.bsky.social\" \/>\n<meta name=\"twitter:site\" content=\"@gayblogbr\" \/>\n<meta name=\"twitter:label1\" content=\"Escrito por\" \/>\n\t<meta name=\"twitter:data1\" content=\"www.gay.blog.br\" \/>\n\t<meta name=\"twitter:label2\" content=\"Tiempo de lectura\" \/>\n\t<meta name=\"twitter:data2\" content=\"4 minutos\" \/>\n<script type=\"application\/ld+json\" class=\"yoast-schema-graph\">{\"@context\":\"https:\\\/\\\/schema.org\",\"@graph\":[{\"@type\":\"Article\",\"@id\":\"https:\\\/\\\/gay.blog.br\\\/es\\\/cultura-es\\\/atletas-lgbtqia-de-16-paises-se-destacan-en-la-exposicion-del-fotografo-emilien-buffard\\\/#article\",\"isPartOf\":{\"@id\":\"https:\\\/\\\/gay.blog.br\\\/es\\\/cultura-es\\\/atletas-lgbtqia-de-16-paises-se-destacan-en-la-exposicion-del-fotografo-emilien-buffard\\\/\"},\"author\":{\"name\":\"www.gay.blog.br\",\"@id\":\"https:\\\/\\\/gay.blog.br\\\/es\\\/#\\\/schema\\\/person\\\/ab4bce68ee54b8f4af5c174efe7472e5\"},\"headline\":\"Atletas LGBTQIA+ de 16 pa\u00edses se destacan en la exposici\u00f3n del fot\u00f3grafo \u00c9milien Buffard\",\"datePublished\":\"2025-02-10T22:55:58+00:00\",\"dateModified\":\"2025-02-22T20:24:35+00:00\",\"mainEntityOfPage\":{\"@id\":\"https:\\\/\\\/gay.blog.br\\\/es\\\/cultura-es\\\/atletas-lgbtqia-de-16-paises-se-destacan-en-la-exposicion-del-fotografo-emilien-buffard\\\/\"},\"wordCount\":485,\"commentCount\":0,\"publisher\":{\"@id\":\"https:\\\/\\\/gay.blog.br\\\/es\\\/#organization\"},\"image\":{\"@id\":\"https:\\\/\\\/gay.blog.br\\\/es\\\/cultura-es\\\/atletas-lgbtqia-de-16-paises-se-destacan-en-la-exposicion-del-fotografo-emilien-buffard\\\/#primaryimage\"},\"thumbnailUrl\":\"https:\\\/\\\/i0.wp.com\\\/gay.blog.br\\\/wp-content\\\/uploads\\\/2025\\\/02\\\/Atletas-LGBTQIA-de-16-paises-sao-destaque-em-exposicao-do-fotografo-Emilien-Buffard-Gay-Blog-BR-1.jpg?fit=1280%2C720&ssl=1\",\"keywords\":[\"Alianza Francesa de M\u00e1laga\",\"Alianza Verde\",\"\u00c9milien Buffard\",\"Buffard\",\"Cervezas Victoria\",\"Comit\u00e9 Ol\u00edmpico y Paral\u00edmpico de Par\u00eds 2024\",\"en traducci\u00f3n\",\"Institut Fran\u00e7ais\",\"Juegos Ol\u00edmpicos de Par\u00eds 2024\",\"Juegos Ol\u00edmpicos de Par\u00eds 2024\",\"Juegos Sudamericanos de la Juventud\",\"Les Elles des Jeux\",\"Olimpiada Cultural\",\"olimpiadas\",\"Sport Friendly: \u00a1La cancha de la diversidad!\",\"Sport Friendly: \u00a1La cancha de la diversidad!\",\"Sullivan Benetier\"],\"articleSection\":[\"CULTURA\"],\"inLanguage\":\"es\",\"potentialAction\":[{\"@type\":\"CommentAction\",\"name\":\"Comment\",\"target\":[\"https:\\\/\\\/gay.blog.br\\\/es\\\/cultura-es\\\/atletas-lgbtqia-de-16-paises-se-destacan-en-la-exposicion-del-fotografo-emilien-buffard\\\/#respond\"]}]},{\"@type\":\"WebPage\",\"@id\":\"https:\\\/\\\/gay.blog.br\\\/es\\\/cultura-es\\\/atletas-lgbtqia-de-16-paises-se-destacan-en-la-exposicion-del-fotografo-emilien-buffard\\\/\",\"url\":\"https:\\\/\\\/gay.blog.br\\\/es\\\/cultura-es\\\/atletas-lgbtqia-de-16-paises-se-destacan-en-la-exposicion-del-fotografo-emilien-buffard\\\/\",\"name\":\"Atletas LGBTQIA+ de 16 pa\u00edses se destacan en la exposici\u00f3n del fot\u00f3grafo \u00c9milien Buffard\",\"isPartOf\":{\"@id\":\"https:\\\/\\\/gay.blog.br\\\/es\\\/#website\"},\"primaryImageOfPage\":{\"@id\":\"https:\\\/\\\/gay.blog.br\\\/es\\\/cultura-es\\\/atletas-lgbtqia-de-16-paises-se-destacan-en-la-exposicion-del-fotografo-emilien-buffard\\\/#primaryimage\"},\"image\":{\"@id\":\"https:\\\/\\\/gay.blog.br\\\/es\\\/cultura-es\\\/atletas-lgbtqia-de-16-paises-se-destacan-en-la-exposicion-del-fotografo-emilien-buffard\\\/#primaryimage\"},\"thumbnailUrl\":\"https:\\\/\\\/i0.wp.com\\\/gay.blog.br\\\/wp-content\\\/uploads\\\/2025\\\/02\\\/Atletas-LGBTQIA-de-16-paises-sao-destaque-em-exposicao-do-fotografo-Emilien-Buffard-Gay-Blog-BR-1.jpg?fit=1280%2C720&ssl=1\",\"datePublished\":\"2025-02-10T22:55:58+00:00\",\"dateModified\":\"2025-02-22T20:24:35+00:00\",\"description\":\"La exposici\u00f3n 'Sport Friendly' celebra la diversidad en el deporte en la Alianza Francesa de M\u00e1laga y estar\u00e1 abierta hasta el 4 de abril de 2025\",\"breadcrumb\":{\"@id\":\"https:\\\/\\\/gay.blog.br\\\/es\\\/cultura-es\\\/atletas-lgbtqia-de-16-paises-se-destacan-en-la-exposicion-del-fotografo-emilien-buffard\\\/#breadcrumb\"},\"inLanguage\":\"es\",\"potentialAction\":[{\"@type\":\"ReadAction\",\"target\":[\"https:\\\/\\\/gay.blog.br\\\/es\\\/cultura-es\\\/atletas-lgbtqia-de-16-paises-se-destacan-en-la-exposicion-del-fotografo-emilien-buffard\\\/\"]}]},{\"@type\":\"ImageObject\",\"inLanguage\":\"es\",\"@id\":\"https:\\\/\\\/gay.blog.br\\\/es\\\/cultura-es\\\/atletas-lgbtqia-de-16-paises-se-destacan-en-la-exposicion-del-fotografo-emilien-buffard\\\/#primaryimage\",\"url\":\"https:\\\/\\\/i0.wp.com\\\/gay.blog.br\\\/wp-content\\\/uploads\\\/2025\\\/02\\\/Atletas-LGBTQIA-de-16-paises-sao-destaque-em-exposicao-do-fotografo-Emilien-Buffard-Gay-Blog-BR-1.jpg?fit=1280%2C720&ssl=1\",\"contentUrl\":\"https:\\\/\\\/i0.wp.com\\\/gay.blog.br\\\/wp-content\\\/uploads\\\/2025\\\/02\\\/Atletas-LGBTQIA-de-16-paises-sao-destaque-em-exposicao-do-fotografo-Emilien-Buffard-Gay-Blog-BR-1.jpg?fit=1280%2C720&ssl=1\",\"width\":1280,\"height\":720,\"caption\":\"Atletas LGBTQIA+ de 16 pa\u00edses s\u00e3o destaque em exposi\u00e7\u00e3o do fot\u00f3grafo \u00c9milien Buffard (Foto: reprodu\u00e7\u00e3o)\"},{\"@type\":\"BreadcrumbList\",\"@id\":\"https:\\\/\\\/gay.blog.br\\\/es\\\/cultura-es\\\/atletas-lgbtqia-de-16-paises-se-destacan-en-la-exposicion-del-fotografo-emilien-buffard\\\/#breadcrumb\",\"itemListElement\":[{\"@type\":\"ListItem\",\"position\":1,\"name\":\"In\u00edcio\",\"item\":\"https:\\\/\\\/gay.blog.br\\\/es\\\/\"},{\"@type\":\"ListItem\",\"position\":2,\"name\":\"Atletas LGBTQIA+ de 16 pa\u00edses se destacan en la exposici\u00f3n del fot\u00f3grafo \u00c9milien Buffard\"}]},{\"@type\":\"WebSite\",\"@id\":\"https:\\\/\\\/gay.blog.br\\\/es\\\/#website\",\"url\":\"https:\\\/\\\/gay.blog.br\\\/es\\\/\",\"name\":\"GAY BLOG BR @gayblogbr\",\"description\":\"Not\u00edcias que empoderam e\\\/ou entret\u00eam s\u00e3o especialidades da casa\",\"publisher\":{\"@id\":\"https:\\\/\\\/gay.blog.br\\\/es\\\/#organization\"},\"potentialAction\":[{\"@type\":\"SearchAction\",\"target\":{\"@type\":\"EntryPoint\",\"urlTemplate\":\"https:\\\/\\\/gay.blog.br\\\/es\\\/?s={search_term_string}\"},\"query-input\":{\"@type\":\"PropertyValueSpecification\",\"valueRequired\":true,\"valueName\":\"search_term_string\"}}],\"inLanguage\":\"es\"},{\"@type\":\"Organization\",\"@id\":\"https:\\\/\\\/gay.blog.br\\\/es\\\/#organization\",\"name\":\"GAY BLOG BR\",\"url\":\"https:\\\/\\\/gay.blog.br\\\/es\\\/\",\"logo\":{\"@type\":\"ImageObject\",\"inLanguage\":\"es\",\"@id\":\"https:\\\/\\\/gay.blog.br\\\/es\\\/#\\\/schema\\\/logo\\\/image\\\/\",\"url\":\"https:\\\/\\\/i0.wp.com\\\/gay.blog.br\\\/wp-content\\\/uploads\\\/2023\\\/08\\\/gay180px.png?fit=272%2C90&ssl=1\",\"contentUrl\":\"https:\\\/\\\/i0.wp.com\\\/gay.blog.br\\\/wp-content\\\/uploads\\\/2023\\\/08\\\/gay180px.png?fit=272%2C90&ssl=1\",\"width\":272,\"height\":90,\"caption\":\"GAY BLOG BR\"},\"image\":{\"@id\":\"https:\\\/\\\/gay.blog.br\\\/es\\\/#\\\/schema\\\/logo\\\/image\\\/\"},\"sameAs\":[\"https:\\\/\\\/facebook.com\\\/gayblogbr\",\"https:\\\/\\\/x.com\\\/gayblogbr\",\"https:\\\/\\\/instagram.com\\\/gayblogbr\",\"https:\\\/\\\/www.linkedin.com\\\/company\\\/gayblogbr\\\/\",\"https:\\\/\\\/br.pinterest.com\\\/gayblogbr\\\/\",\"https:\\\/\\\/www.youtube.com\\\/channel\\\/UCdEu3JXLOB-wvWAVUF4AIiA\",\"https:\\\/\\\/pt.wikipedia.org\\\/wiki\\\/Gay_Blog_Br\",\"https:\\\/\\\/www.threads.net\\\/@gayblogbr\"]},{\"@type\":\"Person\",\"@id\":\"https:\\\/\\\/gay.blog.br\\\/es\\\/#\\\/schema\\\/person\\\/ab4bce68ee54b8f4af5c174efe7472e5\",\"name\":\"www.gay.blog.br\",\"image\":{\"@type\":\"ImageObject\",\"inLanguage\":\"es\",\"@id\":\"https:\\\/\\\/secure.gravatar.com\\\/avatar\\\/a6fb6bf5c84cdaa375389c43448e2bb88db4600d8fc5be6c42a410789075740f?s=96&d=mm&r=g\",\"url\":\"https:\\\/\\\/secure.gravatar.com\\\/avatar\\\/a6fb6bf5c84cdaa375389c43448e2bb88db4600d8fc5be6c42a410789075740f?s=96&d=mm&r=g\",\"contentUrl\":\"https:\\\/\\\/secure.gravatar.com\\\/avatar\\\/a6fb6bf5c84cdaa375389c43448e2bb88db4600d8fc5be6c42a410789075740f?s=96&d=mm&r=g\",\"caption\":\"www.gay.blog.br\"},\"description\":\"Receba as not\u00edcias pelo Telegram!\",\"sameAs\":[\"https:\\\/\\\/facebook.com\\\/gayblogbr\",\"https:\\\/\\\/instagram.com\\\/gayblogbr\",\"https:\\\/\\\/www.linkedin.com\\\/company\\\/gayblogbr\\\/\",\"https:\\\/\\\/pinterest.com\\\/gayblogbr\\\/\",\"https:\\\/\\\/x.com\\\/https:\\\/\\\/bsky.app\\\/profile\\\/gayblogbr.bsky.social\",\"https:\\\/\\\/www.youtube.com\\\/@GAYBLOGBR\",\"https:\\\/\\\/pt.wikipedia.org\\\/wiki\\\/Gay_Blog_Br\"],\"url\":\"https:\\\/\\\/gay.blog.br\\\/es\\\/author\\\/oaudaznavegante\\\/\"}]}<\/script>\n<!-- \/ Yoast SEO plugin. -->","yoast_head_json":{"title":"Atletas LGBTQIA+ de 16 pa\u00edses se destacan en la exposici\u00f3n del fot\u00f3grafo \u00c9milien Buffard","description":"La exposici\u00f3n 'Sport Friendly' celebra la diversidad en el deporte en la Alianza Francesa de M\u00e1laga y estar\u00e1 abierta hasta el 4 de abril de 2025","robots":{"index":"index","follow":"follow","max-snippet":"max-snippet:-1","max-image-preview":"max-image-preview:large","max-video-preview":"max-video-preview:-1"},"canonical":"https:\/\/gay.blog.br\/es\/cultura-es\/atletas-lgbtqia-de-16-paises-se-destacan-en-la-exposicion-del-fotografo-emilien-buffard\/","og_locale":"es_ES","og_type":"article","og_title":"Atletas LGBTQIA+ de 16 pa\u00edses se destacan en la exposici\u00f3n del fot\u00f3grafo \u00c9milien Buffard","og_description":"La exposici\u00f3n 'Sport Friendly' celebra la diversidad en el deporte en la Alianza Francesa de M\u00e1laga y estar\u00e1 abierta hasta el 4 de abril de 2025","og_url":"https:\/\/gay.blog.br\/es\/cultura-es\/atletas-lgbtqia-de-16-paises-se-destacan-en-la-exposicion-del-fotografo-emilien-buffard\/","og_site_name":"GAY BLOG BR @gayblogbr","article_publisher":"https:\/\/facebook.com\/gayblogbr","article_author":"https:\/\/facebook.com\/gayblogbr","article_published_time":"2025-02-10T22:55:58+00:00","article_modified_time":"2025-02-22T20:24:35+00:00","og_image":[{"width":1280,"height":720,"url":"https:\/\/gay.blog.br\/wp-content\/uploads\/2025\/02\/Atletas-LGBTQIA-de-16-paises-sao-destaque-em-exposicao-do-fotografo-Emilien-Buffard-Gay-Blog-BR-1.jpg","type":"image\/jpeg"}],"author":"www.gay.blog.br","twitter_card":"summary_large_image","twitter_creator":"@https:\/\/bsky.app\/profile\/gayblogbr.bsky.social","twitter_site":"@gayblogbr","twitter_misc":{"Escrito por":"www.gay.blog.br","Tiempo de lectura":"4 minutos"},"schema":{"@context":"https:\/\/schema.org","@graph":[{"@type":"Article","@id":"https:\/\/gay.blog.br\/es\/cultura-es\/atletas-lgbtqia-de-16-paises-se-destacan-en-la-exposicion-del-fotografo-emilien-buffard\/#article","isPartOf":{"@id":"https:\/\/gay.blog.br\/es\/cultura-es\/atletas-lgbtqia-de-16-paises-se-destacan-en-la-exposicion-del-fotografo-emilien-buffard\/"},"author":{"name":"www.gay.blog.br","@id":"https:\/\/gay.blog.br\/es\/#\/schema\/person\/ab4bce68ee54b8f4af5c174efe7472e5"},"headline":"Atletas LGBTQIA+ de 16 pa\u00edses se destacan en la exposici\u00f3n del fot\u00f3grafo \u00c9milien Buffard","datePublished":"2025-02-10T22:55:58+00:00","dateModified":"2025-02-22T20:24:35+00:00","mainEntityOfPage":{"@id":"https:\/\/gay.blog.br\/es\/cultura-es\/atletas-lgbtqia-de-16-paises-se-destacan-en-la-exposicion-del-fotografo-emilien-buffard\/"},"wordCount":485,"commentCount":0,"publisher":{"@id":"https:\/\/gay.blog.br\/es\/#organization"},"image":{"@id":"https:\/\/gay.blog.br\/es\/cultura-es\/atletas-lgbtqia-de-16-paises-se-destacan-en-la-exposicion-del-fotografo-emilien-buffard\/#primaryimage"},"thumbnailUrl":"https:\/\/i0.wp.com\/gay.blog.br\/wp-content\/uploads\/2025\/02\/Atletas-LGBTQIA-de-16-paises-sao-destaque-em-exposicao-do-fotografo-Emilien-Buffard-Gay-Blog-BR-1.jpg?fit=1280%2C720&ssl=1","keywords":["Alianza Francesa de M\u00e1laga","Alianza Verde","\u00c9milien Buffard","Buffard","Cervezas Victoria","Comit\u00e9 Ol\u00edmpico y Paral\u00edmpico de Par\u00eds 2024","en traducci\u00f3n","Institut Fran\u00e7ais","Juegos Ol\u00edmpicos de Par\u00eds 2024","Juegos Ol\u00edmpicos de Par\u00eds 2024","Juegos Sudamericanos de la Juventud","Les Elles des Jeux","Olimpiada Cultural","olimpiadas","Sport Friendly: \u00a1La cancha de la diversidad!","Sport Friendly: \u00a1La cancha de la diversidad!","Sullivan Benetier"],"articleSection":["CULTURA"],"inLanguage":"es","potentialAction":[{"@type":"CommentAction","name":"Comment","target":["https:\/\/gay.blog.br\/es\/cultura-es\/atletas-lgbtqia-de-16-paises-se-destacan-en-la-exposicion-del-fotografo-emilien-buffard\/#respond"]}]},{"@type":"WebPage","@id":"https:\/\/gay.blog.br\/es\/cultura-es\/atletas-lgbtqia-de-16-paises-se-destacan-en-la-exposicion-del-fotografo-emilien-buffard\/","url":"https:\/\/gay.blog.br\/es\/cultura-es\/atletas-lgbtqia-de-16-paises-se-destacan-en-la-exposicion-del-fotografo-emilien-buffard\/","name":"Atletas LGBTQIA+ de 16 pa\u00edses se destacan en la exposici\u00f3n del fot\u00f3grafo \u00c9milien Buffard","isPartOf":{"@id":"https:\/\/gay.blog.br\/es\/#website"},"primaryImageOfPage":{"@id":"https:\/\/gay.blog.br\/es\/cultura-es\/atletas-lgbtqia-de-16-paises-se-destacan-en-la-exposicion-del-fotografo-emilien-buffard\/#primaryimage"},"image":{"@id":"https:\/\/gay.blog.br\/es\/cultura-es\/atletas-lgbtqia-de-16-paises-se-destacan-en-la-exposicion-del-fotografo-emilien-buffard\/#primaryimage"},"thumbnailUrl":"https:\/\/i0.wp.com\/gay.blog.br\/wp-content\/uploads\/2025\/02\/Atletas-LGBTQIA-de-16-paises-sao-destaque-em-exposicao-do-fotografo-Emilien-Buffard-Gay-Blog-BR-1.jpg?fit=1280%2C720&ssl=1","datePublished":"2025-02-10T22:55:58+00:00","dateModified":"2025-02-22T20:24:35+00:00","description":"La exposici\u00f3n 'Sport Friendly' celebra la diversidad en el deporte en la Alianza Francesa de M\u00e1laga y estar\u00e1 abierta hasta el 4 de abril de 2025","breadcrumb":{"@id":"https:\/\/gay.blog.br\/es\/cultura-es\/atletas-lgbtqia-de-16-paises-se-destacan-en-la-exposicion-del-fotografo-emilien-buffard\/#breadcrumb"},"inLanguage":"es","potentialAction":[{"@type":"ReadAction","target":["https:\/\/gay.blog.br\/es\/cultura-es\/atletas-lgbtqia-de-16-paises-se-destacan-en-la-exposicion-del-fotografo-emilien-buffard\/"]}]},{"@type":"ImageObject","inLanguage":"es","@id":"https:\/\/gay.blog.br\/es\/cultura-es\/atletas-lgbtqia-de-16-paises-se-destacan-en-la-exposicion-del-fotografo-emilien-buffard\/#primaryimage","url":"https:\/\/i0.wp.com\/gay.blog.br\/wp-content\/uploads\/2025\/02\/Atletas-LGBTQIA-de-16-paises-sao-destaque-em-exposicao-do-fotografo-Emilien-Buffard-Gay-Blog-BR-1.jpg?fit=1280%2C720&ssl=1","contentUrl":"https:\/\/i0.wp.com\/gay.blog.br\/wp-content\/uploads\/2025\/02\/Atletas-LGBTQIA-de-16-paises-sao-destaque-em-exposicao-do-fotografo-Emilien-Buffard-Gay-Blog-BR-1.jpg?fit=1280%2C720&ssl=1","width":1280,"height":720,"caption":"Atletas LGBTQIA+ de 16 pa\u00edses s\u00e3o destaque em exposi\u00e7\u00e3o do fot\u00f3grafo \u00c9milien Buffard (Foto: reprodu\u00e7\u00e3o)"},{"@type":"BreadcrumbList","@id":"https:\/\/gay.blog.br\/es\/cultura-es\/atletas-lgbtqia-de-16-paises-se-destacan-en-la-exposicion-del-fotografo-emilien-buffard\/#breadcrumb","itemListElement":[{"@type":"ListItem","position":1,"name":"In\u00edcio","item":"https:\/\/gay.blog.br\/es\/"},{"@type":"ListItem","position":2,"name":"Atletas LGBTQIA+ de 16 pa\u00edses se destacan en la exposici\u00f3n del fot\u00f3grafo \u00c9milien Buffard"}]},{"@type":"WebSite","@id":"https:\/\/gay.blog.br\/es\/#website","url":"https:\/\/gay.blog.br\/es\/","name":"GAY BLOG BR @gayblogbr","description":"Not\u00edcias que empoderam e\/ou entret\u00eam s\u00e3o especialidades da casa","publisher":{"@id":"https:\/\/gay.blog.br\/es\/#organization"},"potentialAction":[{"@type":"SearchAction","target":{"@type":"EntryPoint","urlTemplate":"https:\/\/gay.blog.br\/es\/?s={search_term_string}"},"query-input":{"@type":"PropertyValueSpecification","valueRequired":true,"valueName":"search_term_string"}}],"inLanguage":"es"},{"@type":"Organization","@id":"https:\/\/gay.blog.br\/es\/#organization","name":"GAY BLOG BR","url":"https:\/\/gay.blog.br\/es\/","logo":{"@type":"ImageObject","inLanguage":"es","@id":"https:\/\/gay.blog.br\/es\/#\/schema\/logo\/image\/","url":"https:\/\/i0.wp.com\/gay.blog.br\/wp-content\/uploads\/2023\/08\/gay180px.png?fit=272%2C90&ssl=1","contentUrl":"https:\/\/i0.wp.com\/gay.blog.br\/wp-content\/uploads\/2023\/08\/gay180px.png?fit=272%2C90&ssl=1","width":272,"height":90,"caption":"GAY BLOG BR"},"image":{"@id":"https:\/\/gay.blog.br\/es\/#\/schema\/logo\/image\/"},"sameAs":["https:\/\/facebook.com\/gayblogbr","https:\/\/x.com\/gayblogbr","https:\/\/instagram.com\/gayblogbr","https:\/\/www.linkedin.com\/company\/gayblogbr\/","https:\/\/br.pinterest.com\/gayblogbr\/","https:\/\/www.youtube.com\/channel\/UCdEu3JXLOB-wvWAVUF4AIiA","https:\/\/pt.wikipedia.org\/wiki\/Gay_Blog_Br","https:\/\/www.threads.net\/@gayblogbr"]},{"@type":"Person","@id":"https:\/\/gay.blog.br\/es\/#\/schema\/person\/ab4bce68ee54b8f4af5c174efe7472e5","name":"www.gay.blog.br","image":{"@type":"ImageObject","inLanguage":"es","@id":"https:\/\/secure.gravatar.com\/avatar\/a6fb6bf5c84cdaa375389c43448e2bb88db4600d8fc5be6c42a410789075740f?s=96&d=mm&r=g","url":"https:\/\/secure.gravatar.com\/avatar\/a6fb6bf5c84cdaa375389c43448e2bb88db4600d8fc5be6c42a410789075740f?s=96&d=mm&r=g","contentUrl":"https:\/\/secure.gravatar.com\/avatar\/a6fb6bf5c84cdaa375389c43448e2bb88db4600d8fc5be6c42a410789075740f?s=96&d=mm&r=g","caption":"www.gay.blog.br"},"description":"Receba as not\u00edcias pelo Telegram!","sameAs":["https:\/\/facebook.com\/gayblogbr","https:\/\/instagram.com\/gayblogbr","https:\/\/www.linkedin.com\/company\/gayblogbr\/","https:\/\/pinterest.com\/gayblogbr\/","https:\/\/x.com\/https:\/\/bsky.app\/profile\/gayblogbr.bsky.social","https:\/\/www.youtube.com\/@GAYBLOGBR","https:\/\/pt.wikipedia.org\/wiki\/Gay_Blog_Br"],"url":"https:\/\/gay.blog.br\/es\/author\/oaudaznavegante\/"}]}},"jetpack_publicize_connections":[],"jetpack_featured_media_url":"https:\/\/i0.wp.com\/gay.blog.br\/wp-content\/uploads\/2025\/02\/Atletas-LGBTQIA-de-16-paises-sao-destaque-em-exposicao-do-fotografo-Emilien-Buffard-Gay-Blog-BR-1.jpg?fit=1280%2C720&ssl=1","jetpack_sharing_enabled":true,"jetpack_shortlink":"https:\/\/wp.me\/p6klkK-11t9","jetpack_likes_enabled":false,"amp_enabled":true,"_links":{"self":[{"href":"https:\/\/gay.blog.br\/es\/wp-json\/wp\/v2\/posts\/243979","targetHints":{"allow":["GET"]}}],"collection":[{"href":"https:\/\/gay.blog.br\/es\/wp-json\/wp\/v2\/posts"}],"about":[{"href":"https:\/\/gay.blog.br\/es\/wp-json\/wp\/v2\/types\/post"}],"author":[{"embeddable":true,"href":"https:\/\/gay.blog.br\/es\/wp-json\/wp\/v2\/users\/2"}],"replies":[{"embeddable":true,"href":"https:\/\/gay.blog.br\/es\/wp-json\/wp\/v2\/comments?post=243979"}],"version-history":[{"count":1,"href":"https:\/\/gay.blog.br\/es\/wp-json\/wp\/v2\/posts\/243979\/revisions"}],"predecessor-version":[{"id":243991,"href":"https:\/\/gay.blog.br\/es\/wp-json\/wp\/v2\/posts\/243979\/revisions\/243991"}],"wp:featuredmedia":[{"embeddable":true,"href":"https:\/\/gay.blog.br\/es\/wp-json\/wp\/v2\/media\/242866"}],"wp:attachment":[{"href":"https:\/\/gay.blog.br\/es\/wp-json\/wp\/v2\/media?parent=243979"}],"wp:term":[{"taxonomy":"category","embeddable":true,"href":"https:\/\/gay.blog.br\/es\/wp-json\/wp\/v2\/categories?post=243979"},{"taxonomy":"post_tag","embeddable":true,"href":"https:\/\/gay.blog.br\/es\/wp-json\/wp\/v2\/tags?post=243979"}],"curies":[{"name":"wp","href":"https:\/\/api.w.org\/{rel}","templated":true}]}}