{"id":254440,"date":"2025-08-17T16:12:21","date_gmt":"2025-08-17T19:12:21","guid":{"rendered":"https:\/\/gay.blog.br\/?p=254440"},"modified":"2025-10-16T15:57:48","modified_gmt":"2025-10-16T18:57:48","slug":"gabriel-brito-se-reconcilia-con-rafa-marttinz-y-graba-un-trio-con-otra-persona-con-discapacidad-mira","status":"publish","type":"post","link":"https:\/\/gay.blog.br\/es\/calentura\/gabriel-brito-se-reconcilia-con-rafa-marttinz-y-graba-un-trio-con-otra-persona-con-discapacidad-mira\/","title":{"rendered":"Gabriel Brito se reconcilia con Rafa Marttinz y graba un tr\u00edo con otra persona con discapacidad; \u00a1mira!"},"content":{"rendered":"<p style=\"text-align: justify;\" data-start=\"365\" data-end=\"688\"><a href=\"https:\/\/eppys.bio\/olharsobrodas\"><strong>Gabriel Brito<\/strong><\/a> y <strong>Rafa Marttinz<\/strong> retomaron p\u00fablicamente su colaboraci\u00f3n tras semanas de tensi\u00f3n, declaraciones cruzadas y cr\u00edticas. El <a href=\"https:\/\/privacy.com.br\/checkout\/olhar_sob_rodas\">contenido m\u00e1s reciente<\/a>, divulgado a trav\u00e9s de las redes sociales y <a href=\"https:\/\/privacy.com.br\/checkout\/olhar_sob_rodas\">plataformas de suscripci\u00f3n<\/a>, muestra a los dos influencers junto a una nueva persona con discapacidad en una <a href=\"https:\/\/privacy.com.br\/checkout\/olhar_sob_rodas\">grabaci\u00f3n a tres<\/a>.<\/p>\n<p style=\"text-align: justify;\" data-start=\"365\" data-end=\"688\"><strong>El video se puede ver a trav\u00e9s de <a href=\"https:\/\/privacy.com.br\/checkout\/olhar_sob_rodas\">este enlace.<\/a><\/strong><\/p>\n<figure id=\"attachment_253331\" aria-describedby=\"caption-attachment-253331\" style=\"width: 960px\" class=\"wp-caption aligncenter\"><a href=\"https:\/\/privacy.com.br\/checkout\/olhar_sob_rodas\"><img data-recalc-dims=\"1\" loading=\"lazy\" decoding=\"async\" class=\"size-full wp-image-253331\" src=\"https:\/\/i0.wp.com\/gay.blog.br\/wp-content\/uploads\/2025\/08\/IMG_0090.jpg?resize=696%2C928&#038;ssl=1\" alt=\"Gabriel Brito se reconcilia con Rafa Marttinz y graba un tr\u00edo con otra persona con discapacidad\" width=\"696\" height=\"928\" srcset=\"https:\/\/i0.wp.com\/gay.blog.br\/wp-content\/uploads\/2025\/08\/IMG_0090.jpg?w=960&amp;ssl=1 960w, https:\/\/i0.wp.com\/gay.blog.br\/wp-content\/uploads\/2025\/08\/IMG_0090.jpg?resize=225%2C300&amp;ssl=1 225w, https:\/\/i0.wp.com\/gay.blog.br\/wp-content\/uploads\/2025\/08\/IMG_0090.jpg?resize=768%2C1024&amp;ssl=1 768w, https:\/\/i0.wp.com\/gay.blog.br\/wp-content\/uploads\/2025\/08\/IMG_0090.jpg?resize=113%2C150&amp;ssl=1 113w, https:\/\/i0.wp.com\/gay.blog.br\/wp-content\/uploads\/2025\/08\/IMG_0090.jpg?resize=315%2C420&amp;ssl=1 315w, https:\/\/i0.wp.com\/gay.blog.br\/wp-content\/uploads\/2025\/08\/IMG_0090.jpg?resize=630%2C840&amp;ssl=1 630w, https:\/\/i0.wp.com\/gay.blog.br\/wp-content\/uploads\/2025\/08\/IMG_0090.jpg?resize=696%2C928&amp;ssl=1 696w\" sizes=\"auto, (max-width: 696px) 100vw, 696px\" \/><\/a><figcaption id=\"caption-attachment-253331\" class=\"wp-caption-text\">Gabriel Brito se reconcilia con Rafa Marttinz y graba un tr\u00edo con otra persona con discapacidad<\/figcaption><\/figure>\n<p style=\"text-align: justify;\" data-start=\"365\" data-end=\"688\">La reconciliaci\u00f3n entre ellos sorprendi\u00f3 a parte del p\u00fablico, sobre todo despu\u00e9s de que Rafa Marttinz afirmara en julio que la escena con Gabriel Brito fue una <a href=\"https:\/\/gay.blog.br\/pop\/experiencia-que-nunca-mais-vai-sair-da-cabeca-diz-rafa-marttinz-sobre-cena-com-humorista-pcd\/\"><em data-start=\"222\" data-end=\"271\">\u201cexperiencia que nunca olvidar\u00e1\u201d<\/em><\/a>. En la <a href=\"https:\/\/privacy.com.br\/checkout\/olhar_sob_rodas\">nueva escena<\/a>, adem\u00e1s de Brito y Marttinz, participa una tercera persona tambi\u00e9n con discapacidad. <strong><em data-start=\"1339\" data-end=\"1406\">\u00abAhora s\u00ed. Ahora tengo un Teleton solo para m\u00ed. Complet\u00f3\u201d <\/em><\/strong>, dijo Rafa en el video.<\/p>\n<p data-start=\"365\" data-end=\"688\"><strong>El video se puede ver a trav\u00e9s de <a href=\"https:\/\/privacy.com.br\/checkout\/olhar_sob_rodas\">este enlace.<\/a><\/strong><\/p>\n<div class=\"youtube-embed\" data-video_id=\"\"><iframe loading=\"lazy\" title=\"Ap\u00f3s reconcilia\u00e7\u00e3o, Gabriel Brito e Rafa Marttinz gravam a tr\u00eas com PCD\" width=\"563\" height=\"1000\" src=\"https:\/\/www.youtube.com\/embed\/dM_qKA26vRg?feature=oembed&#038;enablejsapi=1\" frameborder=\"0\" allow=\"accelerometer; autoplay; clipboard-write; encrypted-media; gyroscope; picture-in-picture; web-share\" referrerpolicy=\"strict-origin-when-cross-origin\" allowfullscreen><\/iframe><\/div>\n<p style=\"text-align: justify;\" data-start=\"1588\" data-end=\"1975\"><a href=\"https:\/\/privacy.com.br\/checkout\/olhar_sob_rodas\">Gabriel Brito<\/a> se dio a conocer inicialmente por el proyecto <a href=\"https:\/\/www.instagram.com\/olharsobrodas\"><strong data-start=\"1644\" data-end=\"1663\">Olhar Sob Rodas<\/strong><\/a>, en el que combinaba humor \u00e1cido y cr\u00edtica social para abordar temas como capacitismo, la <a href=\"https:\/\/privacy.com.br\/checkout\/olhar_sob_rodas\">erotizaci\u00f3n<\/a> de los cuerpos con discapacidad y la exclusi\u00f3n estructural. A partir de esa visibilidad, comenz\u00f3 a actuar tambi\u00e9n en <a href=\"https:\/\/privacy.com.br\/checkout\/olhar_sob_rodas\">plataformas de contenido para adultos<\/a>, presentando escenas con hombres y mujeres, siempre con la intenci\u00f3n de cuestionar los estereotipos.<\/p>\n<p style=\"text-align: justify;\" data-start=\"1977\" data-end=\"2326\">Entre sus participaciones m\u00e1s comentadas, se encuentran las grabaciones junto a <a href=\"https:\/\/privacy.com.br\/checkout\/olhar_sob_rodas\">Andressa Urach<\/a> y <a href=\"https:\/\/gay.blog.br\/50-tons-de-boy-magia\/gabriel-brito-do-olhar-sob-rodas-se-junta-a-victor-ferraz-em-video-para-gays-assista\/\">Victor Ferraz<\/a>. Recientemente, protagoniz\u00f3 su primera <a href=\"https:\/\/gay.blog.br\/vapor\/humorista-pcd-hetero-volta-a-viralizar-apos-video-adulto-com-2-homens-assista\/\">escena con dos hombres<\/a>, lo que ampli\u00f3 el debate sobre su orientaci\u00f3n sexual \u2014 Gabriel sigue declar\u00e1ndose <a href=\"https:\/\/privacy.com.br\/checkout\/olhar_sob_rodas\"><strong>heterosexual<\/strong><\/a> y afirma que trata este tipo de contenido como parte de <a href=\"https:\/\/privacy.com.br\/checkout\/olhar_sob_rodas\">su trabajo<\/a>.<\/p>\n<p data-start=\"1977\" data-end=\"2326\"><strong>El video se puede ver a trav\u00e9s de <a href=\"https:\/\/privacy.com.br\/checkout\/olhar_sob_rodas\">este enlace.<\/a><\/strong><\/p>\n<figure id=\"attachment_253334\" aria-describedby=\"caption-attachment-253334\" style=\"width: 1080px\" class=\"wp-caption aligncenter\"><a href=\"https:\/\/privacy.com.br\/checkout\/olhar_sob_rodas\"><img data-recalc-dims=\"1\" loading=\"lazy\" decoding=\"async\" class=\"size-full wp-image-253334\" src=\"https:\/\/i0.wp.com\/gay.blog.br\/wp-content\/uploads\/2025\/08\/SaveClip.App_533009204_17874980796400383_327520393659208755_n.webp?resize=696%2C928&#038;ssl=1\" alt=\"Gabriel Brito se reconcilia con Rafa Marttinz y graba un tr\u00edo con otra persona con discapacidad\" width=\"696\" height=\"928\" srcset=\"https:\/\/i0.wp.com\/gay.blog.br\/wp-content\/uploads\/2025\/08\/SaveClip.App_533009204_17874980796400383_327520393659208755_n.webp?w=1080&amp;ssl=1 1080w, https:\/\/i0.wp.com\/gay.blog.br\/wp-content\/uploads\/2025\/08\/SaveClip.App_533009204_17874980796400383_327520393659208755_n.webp?resize=225%2C300&amp;ssl=1 225w, https:\/\/i0.wp.com\/gay.blog.br\/wp-content\/uploads\/2025\/08\/SaveClip.App_533009204_17874980796400383_327520393659208755_n.webp?resize=768%2C1024&amp;ssl=1 768w, https:\/\/i0.wp.com\/gay.blog.br\/wp-content\/uploads\/2025\/08\/SaveClip.App_533009204_17874980796400383_327520393659208755_n.webp?resize=113%2C150&amp;ssl=1 113w, https:\/\/i0.wp.com\/gay.blog.br\/wp-content\/uploads\/2025\/08\/SaveClip.App_533009204_17874980796400383_327520393659208755_n.webp?resize=315%2C420&amp;ssl=1 315w, https:\/\/i0.wp.com\/gay.blog.br\/wp-content\/uploads\/2025\/08\/SaveClip.App_533009204_17874980796400383_327520393659208755_n.webp?resize=630%2C840&amp;ssl=1 630w, https:\/\/i0.wp.com\/gay.blog.br\/wp-content\/uploads\/2025\/08\/SaveClip.App_533009204_17874980796400383_327520393659208755_n.webp?resize=696%2C928&amp;ssl=1 696w, https:\/\/i0.wp.com\/gay.blog.br\/wp-content\/uploads\/2025\/08\/SaveClip.App_533009204_17874980796400383_327520393659208755_n.webp?resize=1068%2C1424&amp;ssl=1 1068w\" sizes=\"auto, (max-width: 696px) 100vw, 696px\" \/><\/a><figcaption id=\"caption-attachment-253334\" class=\"wp-caption-text\">Gabriel Brito se reconcilia con Rafa Marttinz y graba un tr\u00edo con otra persona con discapacidad<\/figcaption><\/figure>\n<p style=\"text-align: justify;\" data-start=\"1977\" data-end=\"2326\"><strong>El video se puede acceder en: <a href=\"https:\/\/privacy.com.br\/checkout\/olhar_sob_rodas\">privacy.com.br\/olhar_sob_rodas <\/a><\/strong><br \/>\n<strong>Para m\u00e1s novedades sobre el creador: <a href=\"https:\/\/x.com\/Olhar_sob_rodas\">x.com\/olhar_sob_rodas <\/a><\/strong><\/p>\n<blockquote class=\"wp-embedded-content\" data-secret=\"0406qxXonh\"><p><a href=\"https:\/\/gay.blog.br\/50-tons-de-boy-magia\/gabriel-brito-do-olhar-sob-rodas-se-junta-a-victor-ferraz-em-video-para-gays-assista\/\">Gabriel Brito, do &#8216;Olhar Sob Rodas&#8217;, se junta a Victor Ferraz em v\u00eddeo para gays; assista<\/a><\/p><\/blockquote>\n<p><iframe loading=\"lazy\" class=\"wp-embedded-content\" sandbox=\"allow-scripts\" security=\"restricted\" style=\"position: absolute; visibility: hidden;\" title=\"\u00abGabriel Brito, do &#8216;Olhar Sob Rodas&#8217;, se junta a Victor Ferraz em v\u00eddeo para gays; assista\u00bb \u2014 GAY BLOG BR @gayblogbr\" src=\"https:\/\/gay.blog.br\/50-tons-de-boy-magia\/gabriel-brito-do-olhar-sob-rodas-se-junta-a-victor-ferraz-em-video-para-gays-assista\/embed\/#?secret=2F68AJmU86#?secret=0406qxXonh\" data-secret=\"0406qxXonh\" width=\"600\" height=\"338\" frameborder=\"0\" marginwidth=\"0\" marginheight=\"0\" scrolling=\"no\"><\/iframe><\/p>\n","protected":false},"excerpt":{"rendered":"<p>Nueva escena marca la reconciliaci\u00f3n entre infuencers e incluye la participaci\u00f3n in\u00e9dita de otra persona con discapacidad<\/p>\n","protected":false},"author":3765,"featured_media":253340,"comment_status":"open","ping_status":"open","sticky":false,"template":"","format":"standard","meta":{"googlesitekit_rrm_CAoiEBg-BXrJeACjO8p49SE4kTY:productID":"","tdm_status":"","tdm_grid_status":"","_jetpack_newsletter_access":"","_jetpack_dont_email_post_to_subs":false,"_jetpack_newsletter_tier_id":0,"_jetpack_memberships_contains_paywalled_content":false,"_jetpack_memberships_contains_paid_content":false,"footnotes":"","jetpack_publicize_message":"Gabriel Brito se reconcilia con Rafa Marttinz y graba un tr\u00edo con otra persona con discapacidad; \u00a1mira!","jetpack_publicize_feature_enabled":true,"jetpack_social_post_already_shared":true,"jetpack_social_options":{"image_generator_settings":{"template":"highway","default_image_id":0,"font":"","enabled":false},"version":2},"_wpas_customize_per_network":false,"jetpack_post_was_ever_published":false},"categories":[589967045],"tags":[589968808,589968798,589968795,589968799,589968806,589968792,589968797,589968804,589968809,589968807,589968802,589968800,589968810,589968793,589962264,589968794,589968801,589968796,589968805,589968803],"class_list":{"0":"post-254440","1":"post","2":"type-post","3":"status-publish","4":"format-standard","5":"has-post-thumbnail","7":"category-calentura","8":"tag-bastidores-escena-pcd","9":"tag-contenido-homoerotico","10":"tag-contenido-para-adultos-pcd","11":"tag-escena-con-una-persona-en-silla-de-ruedas","12":"tag-escena-polemica-de-gabriel-brito","13":"tag-gabriel-brito-es","14":"tag-gabriel-brito-onlyfans-es","15":"tag-gabriel-brito-privacy-es","16":"tag-gabriel-brito-vuelve-con-rafa","17":"tag-gabriel-brito-y-rafa-juntos","18":"tag-grabacion-con-pcd","19":"tag-influencer-pcd","20":"tag-nueva-generacion-gabriel-brito","21":"tag-olhar-sob-rodas-es","22":"tag-rafa-marttinz-es","23":"tag-rafa-marttinz-privacy-es","24":"tag-reconciliacion-gabriel-brito-y-rafa-marttinz","25":"tag-representatividad-pcd","26":"tag-trio-con-pcd","27":"tag-video-a-tres-gabriel-brito-es"},"yoast_head":"<!-- This site is optimized with the Yoast SEO plugin v27.4 - https:\/\/yoast.com\/product\/yoast-seo-wordpress\/ -->\n<title>Gabriel Brito se reconcilia con Rafa Marttinz y graba un tr\u00edo con otra persona con discapacidad; \u00a1mira!<\/title>\n<meta name=\"description\" content=\"Nueva escena marca la reconciliaci\u00f3n entre infuencers e incluye la participaci\u00f3n in\u00e9dita de otra persona con discapacidad\" \/>\n<meta name=\"robots\" content=\"index, follow, max-snippet:-1, max-image-preview:large, max-video-preview:-1\" \/>\n<link rel=\"canonical\" href=\"https:\/\/gay.blog.br\/es\/calentura\/gabriel-brito-se-reconcilia-con-rafa-marttinz-y-graba-un-trio-con-otra-persona-con-discapacidad-mira\/\" \/>\n<meta property=\"og:locale\" content=\"es_ES\" \/>\n<meta property=\"og:type\" content=\"article\" \/>\n<meta property=\"og:title\" content=\"Gabriel Brito se reconcilia con Rafa Marttinz y graba un tr\u00edo con otra persona con discapacidad; \u00a1mira!\" \/>\n<meta property=\"og:description\" content=\"Nueva escena marca la reconciliaci\u00f3n entre infuencers e incluye la participaci\u00f3n in\u00e9dita de otra persona con discapacidad\" \/>\n<meta property=\"og:url\" content=\"https:\/\/gay.blog.br\/es\/calentura\/gabriel-brito-se-reconcilia-con-rafa-marttinz-y-graba-un-trio-con-otra-persona-con-discapacidad-mira\/\" \/>\n<meta property=\"og:site_name\" content=\"GAY BLOG BR @gayblogbr\" \/>\n<meta property=\"article:publisher\" content=\"https:\/\/facebook.com\/gayblogbr\" \/>\n<meta property=\"article:author\" content=\"https:\/\/www.facebook.com\/fefocampos78\" \/>\n<meta property=\"article:published_time\" content=\"2025-08-17T19:12:21+00:00\" \/>\n<meta property=\"article:modified_time\" content=\"2025-10-16T18:57:48+00:00\" \/>\n<meta property=\"og:image\" content=\"https:\/\/gay.blog.br\/wp-content\/uploads\/2025\/08\/IMG_0090-Copia.jpg\" \/>\n\t<meta property=\"og:image:width\" content=\"960\" \/>\n\t<meta property=\"og:image:height\" content=\"538\" \/>\n\t<meta property=\"og:image:type\" content=\"image\/jpeg\" \/>\n<meta name=\"author\" content=\"Fefo Campos\" \/>\n<meta name=\"twitter:card\" content=\"summary_large_image\" \/>\n<meta name=\"twitter:creator\" content=\"@fefocampos\" \/>\n<meta name=\"twitter:site\" content=\"@gayblogbr\" \/>\n<meta name=\"twitter:label1\" content=\"Escrito por\" \/>\n\t<meta name=\"twitter:data1\" content=\"Fefo Campos\" \/>\n\t<meta name=\"twitter:label2\" content=\"Tiempo de lectura\" \/>\n\t<meta name=\"twitter:data2\" content=\"2 minutos\" \/>\n<script type=\"application\/ld+json\" class=\"yoast-schema-graph\">{\"@context\":\"https:\\\/\\\/schema.org\",\"@graph\":[{\"@type\":\"Article\",\"@id\":\"https:\\\/\\\/gay.blog.br\\\/es\\\/calentura\\\/gabriel-brito-se-reconcilia-con-rafa-marttinz-y-graba-un-trio-con-otra-persona-con-discapacidad-mira\\\/#article\",\"isPartOf\":{\"@id\":\"https:\\\/\\\/gay.blog.br\\\/es\\\/calentura\\\/gabriel-brito-se-reconcilia-con-rafa-marttinz-y-graba-un-trio-con-otra-persona-con-discapacidad-mira\\\/\"},\"author\":{\"name\":\"Fefo Campos\",\"@id\":\"https:\\\/\\\/gay.blog.br\\\/es\\\/#\\\/schema\\\/person\\\/cc7774f0d0ac73bfd7fd00aa01b471d7\"},\"headline\":\"Gabriel Brito se reconcilia con Rafa Marttinz y graba un tr\u00edo con otra persona con discapacidad; \u00a1mira!\",\"datePublished\":\"2025-08-17T19:12:21+00:00\",\"dateModified\":\"2025-10-16T18:57:48+00:00\",\"mainEntityOfPage\":{\"@id\":\"https:\\\/\\\/gay.blog.br\\\/es\\\/calentura\\\/gabriel-brito-se-reconcilia-con-rafa-marttinz-y-graba-un-trio-con-otra-persona-con-discapacidad-mira\\\/\"},\"wordCount\":387,\"commentCount\":0,\"publisher\":{\"@id\":\"https:\\\/\\\/gay.blog.br\\\/es\\\/#organization\"},\"image\":{\"@id\":\"https:\\\/\\\/gay.blog.br\\\/es\\\/calentura\\\/gabriel-brito-se-reconcilia-con-rafa-marttinz-y-graba-un-trio-con-otra-persona-con-discapacidad-mira\\\/#primaryimage\"},\"thumbnailUrl\":\"https:\\\/\\\/i0.wp.com\\\/gay.blog.br\\\/wp-content\\\/uploads\\\/2025\\\/08\\\/IMG_0090-Copia.jpg?fit=960%2C538&ssl=1\",\"keywords\":[\"bastidores escena PCD\",\"contenido homoer\u00f3tico\",\"contenido para adultos PCD\",\"escena con una persona en silla de ruedas\",\"escena pol\u00e9mica de Gabriel Brito\",\"Gabriel Brito\",\"Gabriel Brito OnlyFans\",\"Gabriel Brito Privacy\",\"Gabriel Brito vuelve con Rafa\",\"Gabriel Brito y Rafa juntos\",\"grabaci\u00f3n con PCD\",\"influencer PCD\",\"nueva generaci\u00f3n Gabriel Brito\",\"Olhar sob rodas\",\"Rafa Marttinz\",\"Rafa Marttinz Privacy\",\"reconciliaci\u00f3n Gabriel Brito y Rafa Marttinz\",\"representatividad PCD\",\"tr\u00edo con PCD\",\"video a tres Gabriel Brito\"],\"articleSection\":[\"CALENTURA\"],\"inLanguage\":\"es\",\"potentialAction\":[{\"@type\":\"CommentAction\",\"name\":\"Comment\",\"target\":[\"https:\\\/\\\/gay.blog.br\\\/es\\\/calentura\\\/gabriel-brito-se-reconcilia-con-rafa-marttinz-y-graba-un-trio-con-otra-persona-con-discapacidad-mira\\\/#respond\"]}]},{\"@type\":\"WebPage\",\"@id\":\"https:\\\/\\\/gay.blog.br\\\/es\\\/calentura\\\/gabriel-brito-se-reconcilia-con-rafa-marttinz-y-graba-un-trio-con-otra-persona-con-discapacidad-mira\\\/\",\"url\":\"https:\\\/\\\/gay.blog.br\\\/es\\\/calentura\\\/gabriel-brito-se-reconcilia-con-rafa-marttinz-y-graba-un-trio-con-otra-persona-con-discapacidad-mira\\\/\",\"name\":\"Gabriel Brito se reconcilia con Rafa Marttinz y graba un tr\u00edo con otra persona con discapacidad; \u00a1mira!\",\"isPartOf\":{\"@id\":\"https:\\\/\\\/gay.blog.br\\\/es\\\/#website\"},\"primaryImageOfPage\":{\"@id\":\"https:\\\/\\\/gay.blog.br\\\/es\\\/calentura\\\/gabriel-brito-se-reconcilia-con-rafa-marttinz-y-graba-un-trio-con-otra-persona-con-discapacidad-mira\\\/#primaryimage\"},\"image\":{\"@id\":\"https:\\\/\\\/gay.blog.br\\\/es\\\/calentura\\\/gabriel-brito-se-reconcilia-con-rafa-marttinz-y-graba-un-trio-con-otra-persona-con-discapacidad-mira\\\/#primaryimage\"},\"thumbnailUrl\":\"https:\\\/\\\/i0.wp.com\\\/gay.blog.br\\\/wp-content\\\/uploads\\\/2025\\\/08\\\/IMG_0090-Copia.jpg?fit=960%2C538&ssl=1\",\"datePublished\":\"2025-08-17T19:12:21+00:00\",\"dateModified\":\"2025-10-16T18:57:48+00:00\",\"description\":\"Nueva escena marca la reconciliaci\u00f3n entre infuencers e incluye la participaci\u00f3n in\u00e9dita de otra persona con discapacidad\",\"breadcrumb\":{\"@id\":\"https:\\\/\\\/gay.blog.br\\\/es\\\/calentura\\\/gabriel-brito-se-reconcilia-con-rafa-marttinz-y-graba-un-trio-con-otra-persona-con-discapacidad-mira\\\/#breadcrumb\"},\"inLanguage\":\"es\",\"potentialAction\":[{\"@type\":\"ReadAction\",\"target\":[\"https:\\\/\\\/gay.blog.br\\\/es\\\/calentura\\\/gabriel-brito-se-reconcilia-con-rafa-marttinz-y-graba-un-trio-con-otra-persona-con-discapacidad-mira\\\/\"]}]},{\"@type\":\"ImageObject\",\"inLanguage\":\"es\",\"@id\":\"https:\\\/\\\/gay.blog.br\\\/es\\\/calentura\\\/gabriel-brito-se-reconcilia-con-rafa-marttinz-y-graba-un-trio-con-otra-persona-con-discapacidad-mira\\\/#primaryimage\",\"url\":\"https:\\\/\\\/i0.wp.com\\\/gay.blog.br\\\/wp-content\\\/uploads\\\/2025\\\/08\\\/IMG_0090-Copia.jpg?fit=960%2C538&ssl=1\",\"contentUrl\":\"https:\\\/\\\/i0.wp.com\\\/gay.blog.br\\\/wp-content\\\/uploads\\\/2025\\\/08\\\/IMG_0090-Copia.jpg?fit=960%2C538&ssl=1\",\"width\":960,\"height\":538,\"caption\":\"Gabriel Brito faz as pazes com Rafa Marttinz e grava a tr\u00eas com outra PCD; assista!\"},{\"@type\":\"BreadcrumbList\",\"@id\":\"https:\\\/\\\/gay.blog.br\\\/es\\\/calentura\\\/gabriel-brito-se-reconcilia-con-rafa-marttinz-y-graba-un-trio-con-otra-persona-con-discapacidad-mira\\\/#breadcrumb\",\"itemListElement\":[{\"@type\":\"ListItem\",\"position\":1,\"name\":\"In\u00edcio\",\"item\":\"https:\\\/\\\/gay.blog.br\\\/es\\\/\"},{\"@type\":\"ListItem\",\"position\":2,\"name\":\"Gabriel Brito se reconcilia con Rafa Marttinz y graba un tr\u00edo con otra persona con discapacidad; \u00a1mira!\"}]},{\"@type\":\"WebSite\",\"@id\":\"https:\\\/\\\/gay.blog.br\\\/es\\\/#website\",\"url\":\"https:\\\/\\\/gay.blog.br\\\/es\\\/\",\"name\":\"GAY BLOG BR @gayblogbr\",\"description\":\"Not\u00edcias que empoderam e\\\/ou entret\u00eam s\u00e3o especialidades da casa\",\"publisher\":{\"@id\":\"https:\\\/\\\/gay.blog.br\\\/es\\\/#organization\"},\"potentialAction\":[{\"@type\":\"SearchAction\",\"target\":{\"@type\":\"EntryPoint\",\"urlTemplate\":\"https:\\\/\\\/gay.blog.br\\\/es\\\/?s={search_term_string}\"},\"query-input\":{\"@type\":\"PropertyValueSpecification\",\"valueRequired\":true,\"valueName\":\"search_term_string\"}}],\"inLanguage\":\"es\"},{\"@type\":\"Organization\",\"@id\":\"https:\\\/\\\/gay.blog.br\\\/es\\\/#organization\",\"name\":\"GAY BLOG BR\",\"url\":\"https:\\\/\\\/gay.blog.br\\\/es\\\/\",\"logo\":{\"@type\":\"ImageObject\",\"inLanguage\":\"es\",\"@id\":\"https:\\\/\\\/gay.blog.br\\\/es\\\/#\\\/schema\\\/logo\\\/image\\\/\",\"url\":\"https:\\\/\\\/i0.wp.com\\\/gay.blog.br\\\/wp-content\\\/uploads\\\/2023\\\/08\\\/gay180px.png?fit=272%2C90&ssl=1\",\"contentUrl\":\"https:\\\/\\\/i0.wp.com\\\/gay.blog.br\\\/wp-content\\\/uploads\\\/2023\\\/08\\\/gay180px.png?fit=272%2C90&ssl=1\",\"width\":272,\"height\":90,\"caption\":\"GAY BLOG BR\"},\"image\":{\"@id\":\"https:\\\/\\\/gay.blog.br\\\/es\\\/#\\\/schema\\\/logo\\\/image\\\/\"},\"sameAs\":[\"https:\\\/\\\/facebook.com\\\/gayblogbr\",\"https:\\\/\\\/x.com\\\/gayblogbr\",\"https:\\\/\\\/instagram.com\\\/gayblogbr\",\"https:\\\/\\\/www.linkedin.com\\\/company\\\/gayblogbr\\\/\",\"https:\\\/\\\/br.pinterest.com\\\/gayblogbr\\\/\",\"https:\\\/\\\/www.youtube.com\\\/channel\\\/UCdEu3JXLOB-wvWAVUF4AIiA\",\"https:\\\/\\\/pt.wikipedia.org\\\/wiki\\\/Gay_Blog_Br\",\"https:\\\/\\\/www.threads.net\\\/@gayblogbr\"]},{\"@type\":\"Person\",\"@id\":\"https:\\\/\\\/gay.blog.br\\\/es\\\/#\\\/schema\\\/person\\\/cc7774f0d0ac73bfd7fd00aa01b471d7\",\"name\":\"Fefo Campos\",\"image\":{\"@type\":\"ImageObject\",\"inLanguage\":\"es\",\"@id\":\"https:\\\/\\\/secure.gravatar.com\\\/avatar\\\/7ffbb3c48f9e1fcbd0655ea1d14ff9ce48d2f4bcc08456d09e9a8115b050ba61?s=96&d=mm&r=g\",\"url\":\"https:\\\/\\\/secure.gravatar.com\\\/avatar\\\/7ffbb3c48f9e1fcbd0655ea1d14ff9ce48d2f4bcc08456d09e9a8115b050ba61?s=96&d=mm&r=g\",\"contentUrl\":\"https:\\\/\\\/secure.gravatar.com\\\/avatar\\\/7ffbb3c48f9e1fcbd0655ea1d14ff9ce48d2f4bcc08456d09e9a8115b050ba61?s=96&d=mm&r=g\",\"caption\":\"Fefo Campos\"},\"description\":\"Jornalista, tradutor, arquiteto e empres\u00e1rio\",\"sameAs\":[\"https:\\\/\\\/www.gay.blog.br\",\"https:\\\/\\\/www.facebook.com\\\/fefocampos78\",\"https:\\\/\\\/www.linkedin.com\\\/in\\\/fefocampos\\\/\",\"https:\\\/\\\/x.com\\\/fefocampos\"],\"url\":\"https:\\\/\\\/gay.blog.br\\\/es\\\/author\\\/fefocampos\\\/\"}]}<\/script>\n<!-- \/ Yoast SEO plugin. -->","yoast_head_json":{"title":"Gabriel Brito se reconcilia con Rafa Marttinz y graba un tr\u00edo con otra persona con discapacidad; \u00a1mira!","description":"Nueva escena marca la reconciliaci\u00f3n entre infuencers e incluye la participaci\u00f3n in\u00e9dita de otra persona con discapacidad","robots":{"index":"index","follow":"follow","max-snippet":"max-snippet:-1","max-image-preview":"max-image-preview:large","max-video-preview":"max-video-preview:-1"},"canonical":"https:\/\/gay.blog.br\/es\/calentura\/gabriel-brito-se-reconcilia-con-rafa-marttinz-y-graba-un-trio-con-otra-persona-con-discapacidad-mira\/","og_locale":"es_ES","og_type":"article","og_title":"Gabriel Brito se reconcilia con Rafa Marttinz y graba un tr\u00edo con otra persona con discapacidad; \u00a1mira!","og_description":"Nueva escena marca la reconciliaci\u00f3n entre infuencers e incluye la participaci\u00f3n in\u00e9dita de otra persona con discapacidad","og_url":"https:\/\/gay.blog.br\/es\/calentura\/gabriel-brito-se-reconcilia-con-rafa-marttinz-y-graba-un-trio-con-otra-persona-con-discapacidad-mira\/","og_site_name":"GAY BLOG BR @gayblogbr","article_publisher":"https:\/\/facebook.com\/gayblogbr","article_author":"https:\/\/www.facebook.com\/fefocampos78","article_published_time":"2025-08-17T19:12:21+00:00","article_modified_time":"2025-10-16T18:57:48+00:00","og_image":[{"width":960,"height":538,"url":"https:\/\/gay.blog.br\/wp-content\/uploads\/2025\/08\/IMG_0090-Copia.jpg","type":"image\/jpeg"}],"author":"Fefo Campos","twitter_card":"summary_large_image","twitter_creator":"@fefocampos","twitter_site":"@gayblogbr","twitter_misc":{"Escrito por":"Fefo Campos","Tiempo de lectura":"2 minutos"},"schema":{"@context":"https:\/\/schema.org","@graph":[{"@type":"Article","@id":"https:\/\/gay.blog.br\/es\/calentura\/gabriel-brito-se-reconcilia-con-rafa-marttinz-y-graba-un-trio-con-otra-persona-con-discapacidad-mira\/#article","isPartOf":{"@id":"https:\/\/gay.blog.br\/es\/calentura\/gabriel-brito-se-reconcilia-con-rafa-marttinz-y-graba-un-trio-con-otra-persona-con-discapacidad-mira\/"},"author":{"name":"Fefo Campos","@id":"https:\/\/gay.blog.br\/es\/#\/schema\/person\/cc7774f0d0ac73bfd7fd00aa01b471d7"},"headline":"Gabriel Brito se reconcilia con Rafa Marttinz y graba un tr\u00edo con otra persona con discapacidad; \u00a1mira!","datePublished":"2025-08-17T19:12:21+00:00","dateModified":"2025-10-16T18:57:48+00:00","mainEntityOfPage":{"@id":"https:\/\/gay.blog.br\/es\/calentura\/gabriel-brito-se-reconcilia-con-rafa-marttinz-y-graba-un-trio-con-otra-persona-con-discapacidad-mira\/"},"wordCount":387,"commentCount":0,"publisher":{"@id":"https:\/\/gay.blog.br\/es\/#organization"},"image":{"@id":"https:\/\/gay.blog.br\/es\/calentura\/gabriel-brito-se-reconcilia-con-rafa-marttinz-y-graba-un-trio-con-otra-persona-con-discapacidad-mira\/#primaryimage"},"thumbnailUrl":"https:\/\/i0.wp.com\/gay.blog.br\/wp-content\/uploads\/2025\/08\/IMG_0090-Copia.jpg?fit=960%2C538&ssl=1","keywords":["bastidores escena PCD","contenido homoer\u00f3tico","contenido para adultos PCD","escena con una persona en silla de ruedas","escena pol\u00e9mica de Gabriel Brito","Gabriel Brito","Gabriel Brito OnlyFans","Gabriel Brito Privacy","Gabriel Brito vuelve con Rafa","Gabriel Brito y Rafa juntos","grabaci\u00f3n con PCD","influencer PCD","nueva generaci\u00f3n Gabriel Brito","Olhar sob rodas","Rafa Marttinz","Rafa Marttinz Privacy","reconciliaci\u00f3n Gabriel Brito y Rafa Marttinz","representatividad PCD","tr\u00edo con PCD","video a tres Gabriel Brito"],"articleSection":["CALENTURA"],"inLanguage":"es","potentialAction":[{"@type":"CommentAction","name":"Comment","target":["https:\/\/gay.blog.br\/es\/calentura\/gabriel-brito-se-reconcilia-con-rafa-marttinz-y-graba-un-trio-con-otra-persona-con-discapacidad-mira\/#respond"]}]},{"@type":"WebPage","@id":"https:\/\/gay.blog.br\/es\/calentura\/gabriel-brito-se-reconcilia-con-rafa-marttinz-y-graba-un-trio-con-otra-persona-con-discapacidad-mira\/","url":"https:\/\/gay.blog.br\/es\/calentura\/gabriel-brito-se-reconcilia-con-rafa-marttinz-y-graba-un-trio-con-otra-persona-con-discapacidad-mira\/","name":"Gabriel Brito se reconcilia con Rafa Marttinz y graba un tr\u00edo con otra persona con discapacidad; \u00a1mira!","isPartOf":{"@id":"https:\/\/gay.blog.br\/es\/#website"},"primaryImageOfPage":{"@id":"https:\/\/gay.blog.br\/es\/calentura\/gabriel-brito-se-reconcilia-con-rafa-marttinz-y-graba-un-trio-con-otra-persona-con-discapacidad-mira\/#primaryimage"},"image":{"@id":"https:\/\/gay.blog.br\/es\/calentura\/gabriel-brito-se-reconcilia-con-rafa-marttinz-y-graba-un-trio-con-otra-persona-con-discapacidad-mira\/#primaryimage"},"thumbnailUrl":"https:\/\/i0.wp.com\/gay.blog.br\/wp-content\/uploads\/2025\/08\/IMG_0090-Copia.jpg?fit=960%2C538&ssl=1","datePublished":"2025-08-17T19:12:21+00:00","dateModified":"2025-10-16T18:57:48+00:00","description":"Nueva escena marca la reconciliaci\u00f3n entre infuencers e incluye la participaci\u00f3n in\u00e9dita de otra persona con discapacidad","breadcrumb":{"@id":"https:\/\/gay.blog.br\/es\/calentura\/gabriel-brito-se-reconcilia-con-rafa-marttinz-y-graba-un-trio-con-otra-persona-con-discapacidad-mira\/#breadcrumb"},"inLanguage":"es","potentialAction":[{"@type":"ReadAction","target":["https:\/\/gay.blog.br\/es\/calentura\/gabriel-brito-se-reconcilia-con-rafa-marttinz-y-graba-un-trio-con-otra-persona-con-discapacidad-mira\/"]}]},{"@type":"ImageObject","inLanguage":"es","@id":"https:\/\/gay.blog.br\/es\/calentura\/gabriel-brito-se-reconcilia-con-rafa-marttinz-y-graba-un-trio-con-otra-persona-con-discapacidad-mira\/#primaryimage","url":"https:\/\/i0.wp.com\/gay.blog.br\/wp-content\/uploads\/2025\/08\/IMG_0090-Copia.jpg?fit=960%2C538&ssl=1","contentUrl":"https:\/\/i0.wp.com\/gay.blog.br\/wp-content\/uploads\/2025\/08\/IMG_0090-Copia.jpg?fit=960%2C538&ssl=1","width":960,"height":538,"caption":"Gabriel Brito faz as pazes com Rafa Marttinz e grava a tr\u00eas com outra PCD; assista!"},{"@type":"BreadcrumbList","@id":"https:\/\/gay.blog.br\/es\/calentura\/gabriel-brito-se-reconcilia-con-rafa-marttinz-y-graba-un-trio-con-otra-persona-con-discapacidad-mira\/#breadcrumb","itemListElement":[{"@type":"ListItem","position":1,"name":"In\u00edcio","item":"https:\/\/gay.blog.br\/es\/"},{"@type":"ListItem","position":2,"name":"Gabriel Brito se reconcilia con Rafa Marttinz y graba un tr\u00edo con otra persona con discapacidad; \u00a1mira!"}]},{"@type":"WebSite","@id":"https:\/\/gay.blog.br\/es\/#website","url":"https:\/\/gay.blog.br\/es\/","name":"GAY BLOG BR @gayblogbr","description":"Not\u00edcias que empoderam e\/ou entret\u00eam s\u00e3o especialidades da casa","publisher":{"@id":"https:\/\/gay.blog.br\/es\/#organization"},"potentialAction":[{"@type":"SearchAction","target":{"@type":"EntryPoint","urlTemplate":"https:\/\/gay.blog.br\/es\/?s={search_term_string}"},"query-input":{"@type":"PropertyValueSpecification","valueRequired":true,"valueName":"search_term_string"}}],"inLanguage":"es"},{"@type":"Organization","@id":"https:\/\/gay.blog.br\/es\/#organization","name":"GAY BLOG BR","url":"https:\/\/gay.blog.br\/es\/","logo":{"@type":"ImageObject","inLanguage":"es","@id":"https:\/\/gay.blog.br\/es\/#\/schema\/logo\/image\/","url":"https:\/\/i0.wp.com\/gay.blog.br\/wp-content\/uploads\/2023\/08\/gay180px.png?fit=272%2C90&ssl=1","contentUrl":"https:\/\/i0.wp.com\/gay.blog.br\/wp-content\/uploads\/2023\/08\/gay180px.png?fit=272%2C90&ssl=1","width":272,"height":90,"caption":"GAY BLOG BR"},"image":{"@id":"https:\/\/gay.blog.br\/es\/#\/schema\/logo\/image\/"},"sameAs":["https:\/\/facebook.com\/gayblogbr","https:\/\/x.com\/gayblogbr","https:\/\/instagram.com\/gayblogbr","https:\/\/www.linkedin.com\/company\/gayblogbr\/","https:\/\/br.pinterest.com\/gayblogbr\/","https:\/\/www.youtube.com\/channel\/UCdEu3JXLOB-wvWAVUF4AIiA","https:\/\/pt.wikipedia.org\/wiki\/Gay_Blog_Br","https:\/\/www.threads.net\/@gayblogbr"]},{"@type":"Person","@id":"https:\/\/gay.blog.br\/es\/#\/schema\/person\/cc7774f0d0ac73bfd7fd00aa01b471d7","name":"Fefo Campos","image":{"@type":"ImageObject","inLanguage":"es","@id":"https:\/\/secure.gravatar.com\/avatar\/7ffbb3c48f9e1fcbd0655ea1d14ff9ce48d2f4bcc08456d09e9a8115b050ba61?s=96&d=mm&r=g","url":"https:\/\/secure.gravatar.com\/avatar\/7ffbb3c48f9e1fcbd0655ea1d14ff9ce48d2f4bcc08456d09e9a8115b050ba61?s=96&d=mm&r=g","contentUrl":"https:\/\/secure.gravatar.com\/avatar\/7ffbb3c48f9e1fcbd0655ea1d14ff9ce48d2f4bcc08456d09e9a8115b050ba61?s=96&d=mm&r=g","caption":"Fefo Campos"},"description":"Jornalista, tradutor, arquiteto e empres\u00e1rio","sameAs":["https:\/\/www.gay.blog.br","https:\/\/www.facebook.com\/fefocampos78","https:\/\/www.linkedin.com\/in\/fefocampos\/","https:\/\/x.com\/fefocampos"],"url":"https:\/\/gay.blog.br\/es\/author\/fefocampos\/"}]}},"jetpack_publicize_connections":[],"jetpack_featured_media_url":"https:\/\/i0.wp.com\/gay.blog.br\/wp-content\/uploads\/2025\/08\/IMG_0090-Copia.jpg?fit=960%2C538&ssl=1","jetpack_sharing_enabled":true,"jetpack_shortlink":"https:\/\/wp.me\/p6klkK-14bS","jetpack_likes_enabled":false,"amp_enabled":true,"_links":{"self":[{"href":"https:\/\/gay.blog.br\/es\/wp-json\/wp\/v2\/posts\/254440","targetHints":{"allow":["GET"]}}],"collection":[{"href":"https:\/\/gay.blog.br\/es\/wp-json\/wp\/v2\/posts"}],"about":[{"href":"https:\/\/gay.blog.br\/es\/wp-json\/wp\/v2\/types\/post"}],"author":[{"embeddable":true,"href":"https:\/\/gay.blog.br\/es\/wp-json\/wp\/v2\/users\/3765"}],"replies":[{"embeddable":true,"href":"https:\/\/gay.blog.br\/es\/wp-json\/wp\/v2\/comments?post=254440"}],"version-history":[{"count":1,"href":"https:\/\/gay.blog.br\/es\/wp-json\/wp\/v2\/posts\/254440\/revisions"}],"predecessor-version":[{"id":256336,"href":"https:\/\/gay.blog.br\/es\/wp-json\/wp\/v2\/posts\/254440\/revisions\/256336"}],"wp:featuredmedia":[{"embeddable":true,"href":"https:\/\/gay.blog.br\/es\/wp-json\/wp\/v2\/media\/253340"}],"wp:attachment":[{"href":"https:\/\/gay.blog.br\/es\/wp-json\/wp\/v2\/media?parent=254440"}],"wp:term":[{"taxonomy":"category","embeddable":true,"href":"https:\/\/gay.blog.br\/es\/wp-json\/wp\/v2\/categories?post=254440"},{"taxonomy":"post_tag","embeddable":true,"href":"https:\/\/gay.blog.br\/es\/wp-json\/wp\/v2\/tags?post=254440"}],"curies":[{"name":"wp","href":"https:\/\/api.w.org\/{rel}","templated":true}]}}