{"id":87477,"date":"2020-06-24T09:44:04","date_gmt":"2020-06-24T12:44:04","guid":{"rendered":"https:\/\/gay.blog.br\/?p=87477"},"modified":"2020-09-30T13:27:51","modified_gmt":"2020-09-30T16:27:51","slug":"cual-es-el-momento-indicado-para-que-los-padres-hablen-sobre-lgbtqia-con-sus-hijos","status":"publish","type":"post","link":"https:\/\/gay.blog.br\/es\/lifestyle-es\/cual-es-el-momento-indicado-para-que-los-padres-hablen-sobre-lgbtqia-con-sus-hijos\/","title":{"rendered":"\u00bfCu\u00e1l es el momento indicado para que los padres hablen sobre LGBTQIA+ con sus hijos?"},"content":{"rendered":"<p style=\"text-align: justify;\">En una sociedad heteronormativa es com\u00fan que los padres no sepan lidiar con preguntas de sus hijos en relaci\u00f3n a los LGBTQIA, y en muchos casos, prefieren evitar el asunto. El consenso es de que el <strong>tema debe surgir naturalmente<\/strong> en casa, cuando el ni\u00f1o pregunte por si solo, ya que eso eventualmente va a pasar.<\/p>\n<figure id=\"attachment_46533\" aria-describedby=\"caption-attachment-46533\" style=\"width: 1250px\" class=\"wp-caption aligncenter\"><a href=\"http:\/\/instagram.com\/gayblogbr\"><img data-recalc-dims=\"1\" loading=\"lazy\" decoding=\"async\" class=\"size-full wp-image-46533\" src=\"https:\/\/i0.wp.com\/gay.blog.br\/wp-content\/uploads\/2020\/06\/criancas_LGBT.jpg?resize=696%2C362&#038;ssl=1\" alt=\"\" width=\"696\" height=\"362\" srcset=\"https:\/\/i0.wp.com\/gay.blog.br\/wp-content\/uploads\/2020\/06\/criancas_LGBT.jpg?w=1250&amp;ssl=1 1250w, https:\/\/i0.wp.com\/gay.blog.br\/wp-content\/uploads\/2020\/06\/criancas_LGBT.jpg?resize=300%2C156&amp;ssl=1 300w, https:\/\/i0.wp.com\/gay.blog.br\/wp-content\/uploads\/2020\/06\/criancas_LGBT.jpg?resize=1024%2C532&amp;ssl=1 1024w, https:\/\/i0.wp.com\/gay.blog.br\/wp-content\/uploads\/2020\/06\/criancas_LGBT.jpg?resize=150%2C78&amp;ssl=1 150w, https:\/\/i0.wp.com\/gay.blog.br\/wp-content\/uploads\/2020\/06\/criancas_LGBT.jpg?resize=768%2C399&amp;ssl=1 768w, https:\/\/i0.wp.com\/gay.blog.br\/wp-content\/uploads\/2020\/06\/criancas_LGBT.jpg?resize=696%2C362&amp;ssl=1 696w, https:\/\/i0.wp.com\/gay.blog.br\/wp-content\/uploads\/2020\/06\/criancas_LGBT.jpg?resize=1068%2C555&amp;ssl=1 1068w, https:\/\/i0.wp.com\/gay.blog.br\/wp-content\/uploads\/2020\/06\/criancas_LGBT.jpg?resize=808%2C420&amp;ssl=1 808w\" sizes=\"auto, (max-width: 696px) 100vw, 696px\" \/><\/a><figcaption id=\"caption-attachment-46533\" class=\"wp-caption-text\">Foto: Reproducci\u00f3n<\/figcaption><\/figure>\n<p style=\"text-align: justify;\">\u00abLo m\u00e1s importante de eso es entender que el ni\u00f1o solo preguntar\u00e1 cuando est\u00e9 listo. No hay un momento ideal, ser\u00e1 siempre, siempre que el ni\u00f1o pregunte sobre un amigo que es diferente, de lago que est\u00e1 sintiendo&#8230; Y los padres deben responder en el lenguaje de los peque\u00f1os, pueden decir que &#8216;ni todo el mundo es igual&#8217; y es importante dejar claro que eso no debe ser un problema, que se debe respetar al amiguito. Despu\u00e9s, m\u00e1s tarde, en la adolescencia, aparecen las dudas m\u00e1s sexuales y pueden venir las informaciones de intersexo, travestis, transexuales, no binarios&#8230;\u00bb, aclara el psic\u00f3logo <a href=\"https:\/\/gay.blog.br\/author\/eliseuneto\/\"><strong>Eliseu Neto<\/strong><\/a>.<\/p>\n<p style=\"text-align: justify;\">\u00abEl ni\u00f1o solo entiende lo que est\u00e1 para \u00e9l entender. La informaci\u00f3n de la cual \u00e9l no est\u00e1 listo, no ser\u00e1 asimilada. No hay violencia en la verdad, lo que es malo es la mentira. La mentira causa confusi\u00f3n, decepci\u00f3n. Cuando un ni\u00f1o descubre que los padres mintieron, ah\u00ed cae la relaci\u00f3n de la familia, debido a que los padres son vistos como fuentes de informaciones y conocimientos. Eso puede inhibir los di\u00e1logos, el ni\u00f1o puede entender que &#8216;aquello&#8217; no se puede decir, que el sexo es algo del cual no se puede conversar. Y cuanto m\u00e1s los padre abran el di\u00e1logo, mayor ser\u00e1 la calidad de las relaciones con los hijos, y es eso lo fundamental a ser construido\u00bb, resalta Eliseu.<\/p>\n<figure id=\"attachment_46535\" aria-describedby=\"caption-attachment-46535\" style=\"width: 650px\" class=\"wp-caption aligncenter\"><a href=\"http:\/\/instagram.com\/gayblogbr\"><img data-recalc-dims=\"1\" loading=\"lazy\" decoding=\"async\" class=\"size-full wp-image-46535\" src=\"https:\/\/i0.wp.com\/gay.blog.br\/wp-content\/uploads\/2020\/06\/lgbt_child.jpg?resize=650%2C400&#038;ssl=1\" alt=\"\" width=\"650\" height=\"400\" srcset=\"https:\/\/i0.wp.com\/gay.blog.br\/wp-content\/uploads\/2020\/06\/lgbt_child.jpg?w=650&amp;ssl=1 650w, https:\/\/i0.wp.com\/gay.blog.br\/wp-content\/uploads\/2020\/06\/lgbt_child.jpg?resize=300%2C185&amp;ssl=1 300w, https:\/\/i0.wp.com\/gay.blog.br\/wp-content\/uploads\/2020\/06\/lgbt_child.jpg?resize=150%2C92&amp;ssl=1 150w, https:\/\/i0.wp.com\/gay.blog.br\/wp-content\/uploads\/2020\/06\/lgbt_child.jpg?resize=648%2C400&amp;ssl=1 648w, https:\/\/i0.wp.com\/gay.blog.br\/wp-content\/uploads\/2020\/06\/lgbt_child.jpg?resize=356%2C220&amp;ssl=1 356w\" sizes=\"auto, (max-width: 650px) 100vw, 650px\" \/><\/a><figcaption id=\"caption-attachment-46535\" class=\"wp-caption-text\">Reproducci\u00f3n<\/figcaption><\/figure>\n<h3 style=\"text-align: justify;\"><strong>NI\u00d1OS RESPETAN<\/strong><\/h3>\n<p style=\"text-align: justify;\">Aunque todav\u00eda algunas religiones juzguen LGBTs, es importante resaltar que cualquier persona <strong>debe ser respetada y no agredida <\/strong>, ni verbal o f\u00edsicamente. Los valores reales a los que los educadores prestan atenci\u00f3n son que los ni\u00f1os necesitan aprender, desde temprano por ejemplo, que las personas son diferentes, no solo en relaci\u00f3n a la sexualidad, sino tambi\u00e9n a etnias, religiones, etc. Y que todos tienen sentimientos.<\/p>\n<p style=\"text-align: justify;\">En el caso de que los padres sean cuestionados por los ni\u00f1os <em>\u00ab\u00bfpero eso puede ser?\u00bb<\/em> o <em>\u00ab\u00bfeso es cierto?\u00bb<\/em>, independientemente de los valores de cada familia, es importante que no haya la propagaci\u00f3n de preconceptos, ya que este perjudica a todos, muchas veces hasta a el propio hijo, el cual puede sufrir bullying en las escuelas.<\/p>\n<p style=\"text-align: justify;\">Ser sincero, claro, directo al punto y evitar propagar preconceptos son la \u00abclave\u00bb para tratar sobre el tema.<\/p>\n","protected":false},"excerpt":{"rendered":"<p>Ser sincero, usar un lenguaje claro y evitar fomentar el preconcepto, son las mejores formas de ense\u00f1ar a un ni\u00f1o sobre las cuestiones LGBTQIA+<\/p>\n","protected":false},"author":3515,"featured_media":82287,"comment_status":"open","ping_status":"open","sticky":false,"template":"","format":"standard","meta":{"googlesitekit_rrm_CAoiEBg-BXrJeACjO8p49SE4kTY:productID":"","tdm_status":"","tdm_grid_status":"","_jetpack_newsletter_access":"","_jetpack_dont_email_post_to_subs":false,"_jetpack_newsletter_tier_id":0,"_jetpack_memberships_contains_paywalled_content":false,"_jetpack_memberships_contains_paid_content":false,"footnotes":"","jetpack_publicize_message":"\u00bfCu\u00e1l es el momento indicado para que los padres hablen sobre LGBTQIA+ con sus hijos?","jetpack_publicize_feature_enabled":true,"jetpack_social_post_already_shared":true,"jetpack_social_options":{"image_generator_settings":{"template":"highway","default_image_id":0,"font":"","enabled":false},"version":2},"_wpas_customize_per_network":false,"jetpack_post_was_ever_published":false},"categories":[589932399],"tags":[589932755,589932847,589932846],"class_list":{"0":"post-87477","1":"post","2":"type-post","3":"status-publish","4":"format-standard","5":"has-post-thumbnail","7":"category-lifestyle-es","8":"tag-lgbt-es","9":"tag-mes-del-orgullo","10":"tag-ninos"},"yoast_head":"<!-- This site is optimized with the Yoast SEO plugin v27.5 - https:\/\/yoast.com\/product\/yoast-seo-wordpress\/ -->\n<title>\u00bfCu\u00e1l es el momento indicado para que los padres hablen sobre LGBTQIA+ con sus hijos?<\/title>\n<meta name=\"description\" content=\"En una sociedad heteronormativa es muy com\u00fan que los padres no sepan lidiar con las preguntas de sus hijos en relaci\u00f3n a los LGBTQIA, por lo que intentan evitar el asunto.\" \/>\n<meta name=\"robots\" content=\"index, follow, max-snippet:-1, max-image-preview:large, max-video-preview:-1\" \/>\n<link rel=\"canonical\" href=\"https:\/\/gay.blog.br\/es\/lifestyle-es\/cual-es-el-momento-indicado-para-que-los-padres-hablen-sobre-lgbtqia-con-sus-hijos\/\" \/>\n<meta property=\"og:locale\" content=\"es_ES\" \/>\n<meta property=\"og:type\" content=\"article\" \/>\n<meta property=\"og:title\" content=\"\u00bfCu\u00e1l es el momento indicado para que los padres hablen sobre LGBTQIA+ con sus hijos?\" \/>\n<meta property=\"og:description\" content=\"En una sociedad heteronormativa es muy com\u00fan que los padres no sepan lidiar con las preguntas de sus hijos en relaci\u00f3n a los LGBTQIA, por lo que intentan evitar el asunto.\" \/>\n<meta property=\"og:url\" content=\"https:\/\/gay.blog.br\/es\/lifestyle-es\/cual-es-el-momento-indicado-para-que-los-padres-hablen-sobre-lgbtqia-con-sus-hijos\/\" \/>\n<meta property=\"og:site_name\" content=\"GAY BLOG BR @gayblogbr\" \/>\n<meta property=\"article:publisher\" content=\"https:\/\/facebook.com\/gayblogbr\" \/>\n<meta property=\"article:author\" content=\"https:\/\/www.facebook.com\/victormillerreal\" \/>\n<meta property=\"article:published_time\" content=\"2020-06-24T12:44:04+00:00\" \/>\n<meta property=\"article:modified_time\" content=\"2020-09-30T16:27:51+00:00\" \/>\n<meta property=\"og:image\" content=\"https:\/\/i2.wp.com\/gay.blog.br\/wp-content\/uploads\/2020\/06\/lgbt_child.jpg?fit=650%2C400&ssl=1\" \/>\n\t<meta property=\"og:image:width\" content=\"650\" \/>\n\t<meta property=\"og:image:height\" content=\"400\" \/>\n\t<meta property=\"og:image:type\" content=\"image\/jpeg\" \/>\n<meta name=\"author\" content=\"Victor Miller\" \/>\n<meta name=\"twitter:card\" content=\"summary_large_image\" \/>\n<meta name=\"twitter:creator\" content=\"@https:\/\/twitter.com\/victor_miller\" \/>\n<meta name=\"twitter:site\" content=\"@gayblogbr\" \/>\n<meta name=\"twitter:label1\" content=\"Escrito por\" \/>\n\t<meta name=\"twitter:data1\" content=\"Victor Miller\" \/>\n\t<meta name=\"twitter:label2\" content=\"Tiempo de lectura\" \/>\n\t<meta name=\"twitter:data2\" content=\"2 minutos\" \/>\n<script type=\"application\/ld+json\" class=\"yoast-schema-graph\">{\"@context\":\"https:\\\/\\\/schema.org\",\"@graph\":[{\"@type\":\"Article\",\"@id\":\"https:\\\/\\\/gay.blog.br\\\/es\\\/lifestyle-es\\\/cual-es-el-momento-indicado-para-que-los-padres-hablen-sobre-lgbtqia-con-sus-hijos\\\/#article\",\"isPartOf\":{\"@id\":\"https:\\\/\\\/gay.blog.br\\\/es\\\/lifestyle-es\\\/cual-es-el-momento-indicado-para-que-los-padres-hablen-sobre-lgbtqia-con-sus-hijos\\\/\"},\"author\":{\"name\":\"Victor Miller\",\"@id\":\"https:\\\/\\\/gay.blog.br\\\/es\\\/#\\\/schema\\\/person\\\/5e0cf06e5d5e166b6afeaefc7fc56d9d\"},\"headline\":\"\u00bfCu\u00e1l es el momento indicado para que los padres hablen sobre LGBTQIA+ con sus hijos?\",\"datePublished\":\"2020-06-24T12:44:04+00:00\",\"dateModified\":\"2020-09-30T16:27:51+00:00\",\"mainEntityOfPage\":{\"@id\":\"https:\\\/\\\/gay.blog.br\\\/es\\\/lifestyle-es\\\/cual-es-el-momento-indicado-para-que-los-padres-hablen-sobre-lgbtqia-con-sus-hijos\\\/\"},\"wordCount\":488,\"commentCount\":0,\"publisher\":{\"@id\":\"https:\\\/\\\/gay.blog.br\\\/es\\\/#organization\"},\"image\":{\"@id\":\"https:\\\/\\\/gay.blog.br\\\/es\\\/lifestyle-es\\\/cual-es-el-momento-indicado-para-que-los-padres-hablen-sobre-lgbtqia-con-sus-hijos\\\/#primaryimage\"},\"thumbnailUrl\":\"https:\\\/\\\/i0.wp.com\\\/gay.blog.br\\\/wp-content\\\/uploads\\\/2020\\\/06\\\/lgbt_child.jpg?fit=650%2C400&ssl=1\",\"keywords\":[\"lgbt\",\"Mes del Orgullo\",\"ni\u00f1os\"],\"articleSection\":[\"LIFESTYLE\"],\"inLanguage\":\"es\",\"potentialAction\":[{\"@type\":\"CommentAction\",\"name\":\"Comment\",\"target\":[\"https:\\\/\\\/gay.blog.br\\\/es\\\/lifestyle-es\\\/cual-es-el-momento-indicado-para-que-los-padres-hablen-sobre-lgbtqia-con-sus-hijos\\\/#respond\"]}]},{\"@type\":\"WebPage\",\"@id\":\"https:\\\/\\\/gay.blog.br\\\/es\\\/lifestyle-es\\\/cual-es-el-momento-indicado-para-que-los-padres-hablen-sobre-lgbtqia-con-sus-hijos\\\/\",\"url\":\"https:\\\/\\\/gay.blog.br\\\/es\\\/lifestyle-es\\\/cual-es-el-momento-indicado-para-que-los-padres-hablen-sobre-lgbtqia-con-sus-hijos\\\/\",\"name\":\"\u00bfCu\u00e1l es el momento indicado para que los padres hablen sobre LGBTQIA+ con sus hijos?\",\"isPartOf\":{\"@id\":\"https:\\\/\\\/gay.blog.br\\\/es\\\/#website\"},\"primaryImageOfPage\":{\"@id\":\"https:\\\/\\\/gay.blog.br\\\/es\\\/lifestyle-es\\\/cual-es-el-momento-indicado-para-que-los-padres-hablen-sobre-lgbtqia-con-sus-hijos\\\/#primaryimage\"},\"image\":{\"@id\":\"https:\\\/\\\/gay.blog.br\\\/es\\\/lifestyle-es\\\/cual-es-el-momento-indicado-para-que-los-padres-hablen-sobre-lgbtqia-con-sus-hijos\\\/#primaryimage\"},\"thumbnailUrl\":\"https:\\\/\\\/i0.wp.com\\\/gay.blog.br\\\/wp-content\\\/uploads\\\/2020\\\/06\\\/lgbt_child.jpg?fit=650%2C400&ssl=1\",\"datePublished\":\"2020-06-24T12:44:04+00:00\",\"dateModified\":\"2020-09-30T16:27:51+00:00\",\"description\":\"En una sociedad heteronormativa es muy com\u00fan que los padres no sepan lidiar con las preguntas de sus hijos en relaci\u00f3n a los LGBTQIA, por lo que intentan evitar el asunto.\",\"breadcrumb\":{\"@id\":\"https:\\\/\\\/gay.blog.br\\\/es\\\/lifestyle-es\\\/cual-es-el-momento-indicado-para-que-los-padres-hablen-sobre-lgbtqia-con-sus-hijos\\\/#breadcrumb\"},\"inLanguage\":\"es\",\"potentialAction\":[{\"@type\":\"ReadAction\",\"target\":[\"https:\\\/\\\/gay.blog.br\\\/es\\\/lifestyle-es\\\/cual-es-el-momento-indicado-para-que-los-padres-hablen-sobre-lgbtqia-con-sus-hijos\\\/\"]}]},{\"@type\":\"ImageObject\",\"inLanguage\":\"es\",\"@id\":\"https:\\\/\\\/gay.blog.br\\\/es\\\/lifestyle-es\\\/cual-es-el-momento-indicado-para-que-los-padres-hablen-sobre-lgbtqia-con-sus-hijos\\\/#primaryimage\",\"url\":\"https:\\\/\\\/i0.wp.com\\\/gay.blog.br\\\/wp-content\\\/uploads\\\/2020\\\/06\\\/lgbt_child.jpg?fit=650%2C400&ssl=1\",\"contentUrl\":\"https:\\\/\\\/i0.wp.com\\\/gay.blog.br\\\/wp-content\\\/uploads\\\/2020\\\/06\\\/lgbt_child.jpg?fit=650%2C400&ssl=1\",\"width\":650,\"height\":400,\"caption\":\"Reprodu\u00e7\u00e3o\"},{\"@type\":\"BreadcrumbList\",\"@id\":\"https:\\\/\\\/gay.blog.br\\\/es\\\/lifestyle-es\\\/cual-es-el-momento-indicado-para-que-los-padres-hablen-sobre-lgbtqia-con-sus-hijos\\\/#breadcrumb\",\"itemListElement\":[{\"@type\":\"ListItem\",\"position\":1,\"name\":\"In\u00edcio\",\"item\":\"https:\\\/\\\/gay.blog.br\\\/es\\\/\"},{\"@type\":\"ListItem\",\"position\":2,\"name\":\"\u00bfCu\u00e1l es el momento indicado para que los padres hablen sobre LGBTQIA+ con sus hijos?\"}]},{\"@type\":\"WebSite\",\"@id\":\"https:\\\/\\\/gay.blog.br\\\/es\\\/#website\",\"url\":\"https:\\\/\\\/gay.blog.br\\\/es\\\/\",\"name\":\"GAY BLOG BR @gayblogbr\",\"description\":\"Not\u00edcias que empoderam e\\\/ou entret\u00eam s\u00e3o especialidades da casa\",\"publisher\":{\"@id\":\"https:\\\/\\\/gay.blog.br\\\/es\\\/#organization\"},\"potentialAction\":[{\"@type\":\"SearchAction\",\"target\":{\"@type\":\"EntryPoint\",\"urlTemplate\":\"https:\\\/\\\/gay.blog.br\\\/es\\\/?s={search_term_string}\"},\"query-input\":{\"@type\":\"PropertyValueSpecification\",\"valueRequired\":true,\"valueName\":\"search_term_string\"}}],\"inLanguage\":\"es\"},{\"@type\":\"Organization\",\"@id\":\"https:\\\/\\\/gay.blog.br\\\/es\\\/#organization\",\"name\":\"GAY BLOG BR\",\"url\":\"https:\\\/\\\/gay.blog.br\\\/es\\\/\",\"logo\":{\"@type\":\"ImageObject\",\"inLanguage\":\"es\",\"@id\":\"https:\\\/\\\/gay.blog.br\\\/es\\\/#\\\/schema\\\/logo\\\/image\\\/\",\"url\":\"https:\\\/\\\/i0.wp.com\\\/gay.blog.br\\\/wp-content\\\/uploads\\\/2023\\\/08\\\/gay180px.png?fit=272%2C90&ssl=1\",\"contentUrl\":\"https:\\\/\\\/i0.wp.com\\\/gay.blog.br\\\/wp-content\\\/uploads\\\/2023\\\/08\\\/gay180px.png?fit=272%2C90&ssl=1\",\"width\":272,\"height\":90,\"caption\":\"GAY BLOG BR\"},\"image\":{\"@id\":\"https:\\\/\\\/gay.blog.br\\\/es\\\/#\\\/schema\\\/logo\\\/image\\\/\"},\"sameAs\":[\"https:\\\/\\\/facebook.com\\\/gayblogbr\",\"https:\\\/\\\/x.com\\\/gayblogbr\",\"https:\\\/\\\/instagram.com\\\/gayblogbr\",\"https:\\\/\\\/www.linkedin.com\\\/company\\\/gayblogbr\\\/\",\"https:\\\/\\\/br.pinterest.com\\\/gayblogbr\\\/\",\"https:\\\/\\\/www.youtube.com\\\/channel\\\/UCdEu3JXLOB-wvWAVUF4AIiA\",\"https:\\\/\\\/pt.wikipedia.org\\\/wiki\\\/Gay_Blog_Br\",\"https:\\\/\\\/www.threads.net\\\/@gayblogbr\"]},{\"@type\":\"Person\",\"@id\":\"https:\\\/\\\/gay.blog.br\\\/es\\\/#\\\/schema\\\/person\\\/5e0cf06e5d5e166b6afeaefc7fc56d9d\",\"name\":\"Victor Miller\",\"image\":{\"@type\":\"ImageObject\",\"inLanguage\":\"es\",\"@id\":\"https:\\\/\\\/secure.gravatar.com\\\/avatar\\\/7c1fad0dcba879f76a2e6b9189cea981c8fcb9c7e6f40d5903cf16ba29cb80b5?s=96&d=mm&r=g\",\"url\":\"https:\\\/\\\/secure.gravatar.com\\\/avatar\\\/7c1fad0dcba879f76a2e6b9189cea981c8fcb9c7e6f40d5903cf16ba29cb80b5?s=96&d=mm&r=g\",\"contentUrl\":\"https:\\\/\\\/secure.gravatar.com\\\/avatar\\\/7c1fad0dcba879f76a2e6b9189cea981c8fcb9c7e6f40d5903cf16ba29cb80b5?s=96&d=mm&r=g\",\"caption\":\"Victor Miller\"},\"description\":\"Jornalista formado pela PUC do Rio de Janeiro, dedicou sua vida a falar sobre cultura nerd\\\/geek. Gay desde que se entende por gente, sempre teve desejo de trabalhar com o p\u00fablico LGBT+ e cr\u00ea que a informa\u00e7\u00e3o \u00e9 a a melhor arma contra qualquer tipo de \\\"fobia\\\"\",\"sameAs\":[\"https:\\\/\\\/gay.blog.br\\\/author\\\/victormiller\\\/\",\"https:\\\/\\\/www.facebook.com\\\/victormillerreal\",\"https:\\\/\\\/instagram.com\\\/victormillermiranda\",\"https:\\\/\\\/www.linkedin.com\\\/in\\\/victor-miller-266b54a7\\\/\",\"https:\\\/\\\/x.com\\\/https:\\\/\\\/twitter.com\\\/victor_miller\",\"https:\\\/\\\/www.youtube.com\\\/user\\\/planetasonic\"],\"url\":\"https:\\\/\\\/gay.blog.br\\\/es\\\/author\\\/victormiller\\\/\"}]}<\/script>\n<!-- \/ Yoast SEO plugin. -->","yoast_head_json":{"title":"\u00bfCu\u00e1l es el momento indicado para que los padres hablen sobre LGBTQIA+ con sus hijos?","description":"En una sociedad heteronormativa es muy com\u00fan que los padres no sepan lidiar con las preguntas de sus hijos en relaci\u00f3n a los LGBTQIA, por lo que intentan evitar el asunto.","robots":{"index":"index","follow":"follow","max-snippet":"max-snippet:-1","max-image-preview":"max-image-preview:large","max-video-preview":"max-video-preview:-1"},"canonical":"https:\/\/gay.blog.br\/es\/lifestyle-es\/cual-es-el-momento-indicado-para-que-los-padres-hablen-sobre-lgbtqia-con-sus-hijos\/","og_locale":"es_ES","og_type":"article","og_title":"\u00bfCu\u00e1l es el momento indicado para que los padres hablen sobre LGBTQIA+ con sus hijos?","og_description":"En una sociedad heteronormativa es muy com\u00fan que los padres no sepan lidiar con las preguntas de sus hijos en relaci\u00f3n a los LGBTQIA, por lo que intentan evitar el asunto.","og_url":"https:\/\/gay.blog.br\/es\/lifestyle-es\/cual-es-el-momento-indicado-para-que-los-padres-hablen-sobre-lgbtqia-con-sus-hijos\/","og_site_name":"GAY BLOG BR @gayblogbr","article_publisher":"https:\/\/facebook.com\/gayblogbr","article_author":"https:\/\/www.facebook.com\/victormillerreal","article_published_time":"2020-06-24T12:44:04+00:00","article_modified_time":"2020-09-30T16:27:51+00:00","og_image":[{"width":650,"height":400,"url":"https:\/\/i2.wp.com\/gay.blog.br\/wp-content\/uploads\/2020\/06\/lgbt_child.jpg?fit=650%2C400&ssl=1","type":"image\/jpeg"}],"author":"Victor Miller","twitter_card":"summary_large_image","twitter_creator":"@https:\/\/twitter.com\/victor_miller","twitter_site":"@gayblogbr","twitter_misc":{"Escrito por":"Victor Miller","Tiempo de lectura":"2 minutos"},"schema":{"@context":"https:\/\/schema.org","@graph":[{"@type":"Article","@id":"https:\/\/gay.blog.br\/es\/lifestyle-es\/cual-es-el-momento-indicado-para-que-los-padres-hablen-sobre-lgbtqia-con-sus-hijos\/#article","isPartOf":{"@id":"https:\/\/gay.blog.br\/es\/lifestyle-es\/cual-es-el-momento-indicado-para-que-los-padres-hablen-sobre-lgbtqia-con-sus-hijos\/"},"author":{"name":"Victor Miller","@id":"https:\/\/gay.blog.br\/es\/#\/schema\/person\/5e0cf06e5d5e166b6afeaefc7fc56d9d"},"headline":"\u00bfCu\u00e1l es el momento indicado para que los padres hablen sobre LGBTQIA+ con sus hijos?","datePublished":"2020-06-24T12:44:04+00:00","dateModified":"2020-09-30T16:27:51+00:00","mainEntityOfPage":{"@id":"https:\/\/gay.blog.br\/es\/lifestyle-es\/cual-es-el-momento-indicado-para-que-los-padres-hablen-sobre-lgbtqia-con-sus-hijos\/"},"wordCount":488,"commentCount":0,"publisher":{"@id":"https:\/\/gay.blog.br\/es\/#organization"},"image":{"@id":"https:\/\/gay.blog.br\/es\/lifestyle-es\/cual-es-el-momento-indicado-para-que-los-padres-hablen-sobre-lgbtqia-con-sus-hijos\/#primaryimage"},"thumbnailUrl":"https:\/\/i0.wp.com\/gay.blog.br\/wp-content\/uploads\/2020\/06\/lgbt_child.jpg?fit=650%2C400&ssl=1","keywords":["lgbt","Mes del Orgullo","ni\u00f1os"],"articleSection":["LIFESTYLE"],"inLanguage":"es","potentialAction":[{"@type":"CommentAction","name":"Comment","target":["https:\/\/gay.blog.br\/es\/lifestyle-es\/cual-es-el-momento-indicado-para-que-los-padres-hablen-sobre-lgbtqia-con-sus-hijos\/#respond"]}]},{"@type":"WebPage","@id":"https:\/\/gay.blog.br\/es\/lifestyle-es\/cual-es-el-momento-indicado-para-que-los-padres-hablen-sobre-lgbtqia-con-sus-hijos\/","url":"https:\/\/gay.blog.br\/es\/lifestyle-es\/cual-es-el-momento-indicado-para-que-los-padres-hablen-sobre-lgbtqia-con-sus-hijos\/","name":"\u00bfCu\u00e1l es el momento indicado para que los padres hablen sobre LGBTQIA+ con sus hijos?","isPartOf":{"@id":"https:\/\/gay.blog.br\/es\/#website"},"primaryImageOfPage":{"@id":"https:\/\/gay.blog.br\/es\/lifestyle-es\/cual-es-el-momento-indicado-para-que-los-padres-hablen-sobre-lgbtqia-con-sus-hijos\/#primaryimage"},"image":{"@id":"https:\/\/gay.blog.br\/es\/lifestyle-es\/cual-es-el-momento-indicado-para-que-los-padres-hablen-sobre-lgbtqia-con-sus-hijos\/#primaryimage"},"thumbnailUrl":"https:\/\/i0.wp.com\/gay.blog.br\/wp-content\/uploads\/2020\/06\/lgbt_child.jpg?fit=650%2C400&ssl=1","datePublished":"2020-06-24T12:44:04+00:00","dateModified":"2020-09-30T16:27:51+00:00","description":"En una sociedad heteronormativa es muy com\u00fan que los padres no sepan lidiar con las preguntas de sus hijos en relaci\u00f3n a los LGBTQIA, por lo que intentan evitar el asunto.","breadcrumb":{"@id":"https:\/\/gay.blog.br\/es\/lifestyle-es\/cual-es-el-momento-indicado-para-que-los-padres-hablen-sobre-lgbtqia-con-sus-hijos\/#breadcrumb"},"inLanguage":"es","potentialAction":[{"@type":"ReadAction","target":["https:\/\/gay.blog.br\/es\/lifestyle-es\/cual-es-el-momento-indicado-para-que-los-padres-hablen-sobre-lgbtqia-con-sus-hijos\/"]}]},{"@type":"ImageObject","inLanguage":"es","@id":"https:\/\/gay.blog.br\/es\/lifestyle-es\/cual-es-el-momento-indicado-para-que-los-padres-hablen-sobre-lgbtqia-con-sus-hijos\/#primaryimage","url":"https:\/\/i0.wp.com\/gay.blog.br\/wp-content\/uploads\/2020\/06\/lgbt_child.jpg?fit=650%2C400&ssl=1","contentUrl":"https:\/\/i0.wp.com\/gay.blog.br\/wp-content\/uploads\/2020\/06\/lgbt_child.jpg?fit=650%2C400&ssl=1","width":650,"height":400,"caption":"Reprodu\u00e7\u00e3o"},{"@type":"BreadcrumbList","@id":"https:\/\/gay.blog.br\/es\/lifestyle-es\/cual-es-el-momento-indicado-para-que-los-padres-hablen-sobre-lgbtqia-con-sus-hijos\/#breadcrumb","itemListElement":[{"@type":"ListItem","position":1,"name":"In\u00edcio","item":"https:\/\/gay.blog.br\/es\/"},{"@type":"ListItem","position":2,"name":"\u00bfCu\u00e1l es el momento indicado para que los padres hablen sobre LGBTQIA+ con sus hijos?"}]},{"@type":"WebSite","@id":"https:\/\/gay.blog.br\/es\/#website","url":"https:\/\/gay.blog.br\/es\/","name":"GAY BLOG BR @gayblogbr","description":"Not\u00edcias que empoderam e\/ou entret\u00eam s\u00e3o especialidades da casa","publisher":{"@id":"https:\/\/gay.blog.br\/es\/#organization"},"potentialAction":[{"@type":"SearchAction","target":{"@type":"EntryPoint","urlTemplate":"https:\/\/gay.blog.br\/es\/?s={search_term_string}"},"query-input":{"@type":"PropertyValueSpecification","valueRequired":true,"valueName":"search_term_string"}}],"inLanguage":"es"},{"@type":"Organization","@id":"https:\/\/gay.blog.br\/es\/#organization","name":"GAY BLOG BR","url":"https:\/\/gay.blog.br\/es\/","logo":{"@type":"ImageObject","inLanguage":"es","@id":"https:\/\/gay.blog.br\/es\/#\/schema\/logo\/image\/","url":"https:\/\/i0.wp.com\/gay.blog.br\/wp-content\/uploads\/2023\/08\/gay180px.png?fit=272%2C90&ssl=1","contentUrl":"https:\/\/i0.wp.com\/gay.blog.br\/wp-content\/uploads\/2023\/08\/gay180px.png?fit=272%2C90&ssl=1","width":272,"height":90,"caption":"GAY BLOG BR"},"image":{"@id":"https:\/\/gay.blog.br\/es\/#\/schema\/logo\/image\/"},"sameAs":["https:\/\/facebook.com\/gayblogbr","https:\/\/x.com\/gayblogbr","https:\/\/instagram.com\/gayblogbr","https:\/\/www.linkedin.com\/company\/gayblogbr\/","https:\/\/br.pinterest.com\/gayblogbr\/","https:\/\/www.youtube.com\/channel\/UCdEu3JXLOB-wvWAVUF4AIiA","https:\/\/pt.wikipedia.org\/wiki\/Gay_Blog_Br","https:\/\/www.threads.net\/@gayblogbr"]},{"@type":"Person","@id":"https:\/\/gay.blog.br\/es\/#\/schema\/person\/5e0cf06e5d5e166b6afeaefc7fc56d9d","name":"Victor Miller","image":{"@type":"ImageObject","inLanguage":"es","@id":"https:\/\/secure.gravatar.com\/avatar\/7c1fad0dcba879f76a2e6b9189cea981c8fcb9c7e6f40d5903cf16ba29cb80b5?s=96&d=mm&r=g","url":"https:\/\/secure.gravatar.com\/avatar\/7c1fad0dcba879f76a2e6b9189cea981c8fcb9c7e6f40d5903cf16ba29cb80b5?s=96&d=mm&r=g","contentUrl":"https:\/\/secure.gravatar.com\/avatar\/7c1fad0dcba879f76a2e6b9189cea981c8fcb9c7e6f40d5903cf16ba29cb80b5?s=96&d=mm&r=g","caption":"Victor Miller"},"description":"Jornalista formado pela PUC do Rio de Janeiro, dedicou sua vida a falar sobre cultura nerd\/geek. Gay desde que se entende por gente, sempre teve desejo de trabalhar com o p\u00fablico LGBT+ e cr\u00ea que a informa\u00e7\u00e3o \u00e9 a a melhor arma contra qualquer tipo de \"fobia\"","sameAs":["https:\/\/gay.blog.br\/author\/victormiller\/","https:\/\/www.facebook.com\/victormillerreal","https:\/\/instagram.com\/victormillermiranda","https:\/\/www.linkedin.com\/in\/victor-miller-266b54a7\/","https:\/\/x.com\/https:\/\/twitter.com\/victor_miller","https:\/\/www.youtube.com\/user\/planetasonic"],"url":"https:\/\/gay.blog.br\/es\/author\/victormiller\/"}]}},"jetpack_publicize_connections":[],"jetpack_featured_media_url":"https:\/\/i0.wp.com\/gay.blog.br\/wp-content\/uploads\/2020\/06\/lgbt_child.jpg?fit=650%2C400&ssl=1","jetpack_sharing_enabled":true,"jetpack_shortlink":"https:\/\/wp.me\/p6klkK-mKV","jetpack_likes_enabled":false,"amp_enabled":true,"_links":{"self":[{"href":"https:\/\/gay.blog.br\/es\/wp-json\/wp\/v2\/posts\/87477","targetHints":{"allow":["GET"]}}],"collection":[{"href":"https:\/\/gay.blog.br\/es\/wp-json\/wp\/v2\/posts"}],"about":[{"href":"https:\/\/gay.blog.br\/es\/wp-json\/wp\/v2\/types\/post"}],"author":[{"embeddable":true,"href":"https:\/\/gay.blog.br\/es\/wp-json\/wp\/v2\/users\/3515"}],"replies":[{"embeddable":true,"href":"https:\/\/gay.blog.br\/es\/wp-json\/wp\/v2\/comments?post=87477"}],"version-history":[{"count":0,"href":"https:\/\/gay.blog.br\/es\/wp-json\/wp\/v2\/posts\/87477\/revisions"}],"wp:featuredmedia":[{"embeddable":true,"href":"https:\/\/gay.blog.br\/es\/wp-json\/wp\/v2\/media\/82287"}],"wp:attachment":[{"href":"https:\/\/gay.blog.br\/es\/wp-json\/wp\/v2\/media?parent=87477"}],"wp:term":[{"taxonomy":"category","embeddable":true,"href":"https:\/\/gay.blog.br\/es\/wp-json\/wp\/v2\/categories?post=87477"},{"taxonomy":"post_tag","embeddable":true,"href":"https:\/\/gay.blog.br\/es\/wp-json\/wp\/v2\/tags?post=87477"}],"curies":[{"name":"wp","href":"https:\/\/api.w.org\/{rel}","templated":true}]}}