{"id":88110,"date":"2020-10-02T19:46:33","date_gmt":"2020-10-02T22:46:33","guid":{"rendered":"https:\/\/gay.blog.br\/?p=88110"},"modified":"2020-10-03T12:07:59","modified_gmt":"2020-10-03T15:07:59","slug":"stephanie-michelini-de-lado-salvaje-recuerda-el-exito-de-critica-y-publico-en-el-festival-mix-brasil-en-2004","status":"publish","type":"post","link":"https:\/\/gay.blog.br\/es\/trans\/stephanie-michelini-de-lado-salvaje-recuerda-el-exito-de-critica-y-publico-en-el-festival-mix-brasil-en-2004\/","title":{"rendered":"St\u00e9phanie Michelini, de \u00abLado Salvaje\u00bb, recuerda el \u00e9xito de cr\u00edtica y p\u00fablico en el Festival Mix Brasil en 2004"},"content":{"rendered":"<p style=\"text-align: justify;\">En 2004, fue exhibido en el <strong>Festival Mix Brasil<\/strong> el drama franc\u00e9s <strong><a href=\"https:\/\/gay.blog.br\/trans\/das-esquinas-de-sao-paulo-para-o-cinema-frances\/\">Lado Salvaje<\/a><\/strong>, una pel\u00edcula sobre el tri\u00e1ngulo amoroso entre una mujer trans, interpretada por <strong>St\u00e9phanie Michelini<\/strong>. En la trama, ella trabaja como trabajadora sexual y, con dos amantes de diferentes pa\u00edses, forman una familia donde los hombres no compiten por su amor, sino que se suman &#8211; y este era el \u00fanico v\u00ednculo familiar entre ellos.<\/p>\n<p style=\"text-align: justify;\">La obra debut\u00f3 en el Festival Internacional de Cine de Berl\u00edn, ganando los premios <i>Teddy Bear<\/i> a la mejor pel\u00edcula, el Premio Especial del Jurado (<i>Special Jury Award<\/i>) en Gij\u00f3n, Espa\u00f1a, y el Gran Premio del Jurado a la Narrativa Internacional Destacada en Los \u00c1ngeles.<\/p>\n<figure id=\"attachment_87767\" aria-describedby=\"caption-attachment-87767\" style=\"width: 1280px\" class=\"wp-caption aligncenter\"><img data-recalc-dims=\"1\" loading=\"lazy\" decoding=\"async\" class=\"wp-image-87767 size-full\" src=\"https:\/\/i0.wp.com\/gay.blog.br\/wp-content\/uploads\/2020\/10\/image-w1280-1.jpg?resize=696%2C392&#038;ssl=1\" alt=\"\" width=\"696\" height=\"392\" srcset=\"https:\/\/i0.wp.com\/gay.blog.br\/wp-content\/uploads\/2020\/10\/image-w1280-1.jpg?w=1280&amp;ssl=1 1280w, https:\/\/i0.wp.com\/gay.blog.br\/wp-content\/uploads\/2020\/10\/image-w1280-1.jpg?resize=300%2C169&amp;ssl=1 300w, https:\/\/i0.wp.com\/gay.blog.br\/wp-content\/uploads\/2020\/10\/image-w1280-1.jpg?resize=1024%2C576&amp;ssl=1 1024w, https:\/\/i0.wp.com\/gay.blog.br\/wp-content\/uploads\/2020\/10\/image-w1280-1.jpg?resize=150%2C84&amp;ssl=1 150w, https:\/\/i0.wp.com\/gay.blog.br\/wp-content\/uploads\/2020\/10\/image-w1280-1.jpg?resize=768%2C432&amp;ssl=1 768w, https:\/\/i0.wp.com\/gay.blog.br\/wp-content\/uploads\/2020\/10\/image-w1280-1.jpg?resize=696%2C392&amp;ssl=1 696w, https:\/\/i0.wp.com\/gay.blog.br\/wp-content\/uploads\/2020\/10\/image-w1280-1.jpg?resize=1068%2C601&amp;ssl=1 1068w, https:\/\/i0.wp.com\/gay.blog.br\/wp-content\/uploads\/2020\/10\/image-w1280-1.jpg?resize=747%2C420&amp;ssl=1 747w\" sizes=\"auto, (max-width: 696px) 100vw, 696px\" \/><figcaption id=\"caption-attachment-87767\" class=\"wp-caption-text\">Reproducci\u00f3n St\u00e9phanie Michelini<\/figcaption><\/figure>\n<p style=\"text-align: justify;\"><strong>St\u00e9phanie Michelini<\/strong>, quien hasta ese momento no ten\u00eda experiencia como actriz. Graduada en historia, fue elegida entre varias candidatas trans para el papel principal, destac\u00e1ndose por su actuaci\u00f3n que \u00abdesbord\u00f3\u00bb la melancol\u00eda como ped\u00eda el personaje.<\/p>\n<p style=\"text-align: justify;\">El largometraje tambi\u00e9n cuenta con la participaci\u00f3n de varias personas trans brasile\u00f1as, adem\u00e1s de la llamativa presencia en la inauguraci\u00f3n de la pel\u00edcula de Anohni (cantante y compositora transg\u00e9nero que en ese momento era \u00abAntony Hegarty\u00bb), cantando <em>a capela<\/em> la canci\u00f3n <a href=\"https:\/\/www.youtube.com\/watch?v=lkg7VCNDG3k&amp;ab_channel=NicoleGarreau\">\u00abI Fell in Love with a dead boy\u00bb<\/a> rodeada de mujeres trans, con St\u00e9phanie llorando.<\/p>\n<figure id=\"attachment_87835\" aria-describedby=\"caption-attachment-87835\" style=\"width: 960px\" class=\"wp-caption aligncenter\"><img data-recalc-dims=\"1\" loading=\"lazy\" decoding=\"async\" class=\"wp-image-87835 size-full\" src=\"https:\/\/i0.wp.com\/gay.blog.br\/wp-content\/uploads\/2020\/10\/MV5BOGY1ZGU3MjUtMThmZS00OTM0LTg0M2UtMTEwNjFlNTA2NTU2XkEyXkFqcGdeQXVyNDgyMTg5ODc%40._V1_.jpg?resize=696%2C463&#038;ssl=1\" alt=\"\" width=\"696\" height=\"463\" srcset=\"https:\/\/i0.wp.com\/gay.blog.br\/wp-content\/uploads\/2020\/10\/MV5BOGY1ZGU3MjUtMThmZS00OTM0LTg0M2UtMTEwNjFlNTA2NTU2XkEyXkFqcGdeQXVyNDgyMTg5ODc%40._V1_.jpg?w=960&amp;ssl=1 960w, https:\/\/i0.wp.com\/gay.blog.br\/wp-content\/uploads\/2020\/10\/MV5BOGY1ZGU3MjUtMThmZS00OTM0LTg0M2UtMTEwNjFlNTA2NTU2XkEyXkFqcGdeQXVyNDgyMTg5ODc%40._V1_.jpg?resize=300%2C199&amp;ssl=1 300w, https:\/\/i0.wp.com\/gay.blog.br\/wp-content\/uploads\/2020\/10\/MV5BOGY1ZGU3MjUtMThmZS00OTM0LTg0M2UtMTEwNjFlNTA2NTU2XkEyXkFqcGdeQXVyNDgyMTg5ODc%40._V1_.jpg?resize=150%2C100&amp;ssl=1 150w, https:\/\/i0.wp.com\/gay.blog.br\/wp-content\/uploads\/2020\/10\/MV5BOGY1ZGU3MjUtMThmZS00OTM0LTg0M2UtMTEwNjFlNTA2NTU2XkEyXkFqcGdeQXVyNDgyMTg5ODc%40._V1_.jpg?resize=768%2C510&amp;ssl=1 768w, https:\/\/i0.wp.com\/gay.blog.br\/wp-content\/uploads\/2020\/10\/MV5BOGY1ZGU3MjUtMThmZS00OTM0LTg0M2UtMTEwNjFlNTA2NTU2XkEyXkFqcGdeQXVyNDgyMTg5ODc%40._V1_.jpg?resize=696%2C463&amp;ssl=1 696w, https:\/\/i0.wp.com\/gay.blog.br\/wp-content\/uploads\/2020\/10\/MV5BOGY1ZGU3MjUtMThmZS00OTM0LTg0M2UtMTEwNjFlNTA2NTU2XkEyXkFqcGdeQXVyNDgyMTg5ODc%40._V1_.jpg?resize=632%2C420&amp;ssl=1 632w\" sizes=\"auto, (max-width: 696px) 100vw, 696px\" \/><figcaption id=\"caption-attachment-87835\" class=\"wp-caption-text\">Reproducci\u00f3n<\/figcaption><\/figure>\n<p style=\"text-align: justify;\">En conversaci\u00f3n con <strong>GAY BLOG BR<\/strong>, Michelini dice que est\u00e1 soltera y revela algunas curiosidades sobre la pel\u00edcula que proyect\u00f3 su carrera.<\/p>\n<p style=\"text-align: justify;\"><b>\u00bfC\u00f3mo te convertiste en actriz?<br \/>\n<\/b><\/p>\n<p style=\"text-align: justify;\">Fue por casualidad. Un amigo de un amigo m\u00edo conoc\u00eda al director de casting, que buscaba a una mujer trans no operada. Entonces, conoc\u00ed a S\u00e9bastien Lifshitz (director) y su asistente. Es curioso porque compr\u00e9 un DVD (de una pel\u00edcula de S\u00e9bastien) una semana antes. Yo ya conoc\u00eda su trabajo.<\/p>\n<p style=\"text-align: justify;\"><strong><em>Lado Salvaje<\/em> es su primera pel\u00edcula. \u00bfNo ten\u00edas ninguna experiencia como actriz antes? \u00bfC\u00f3mo te preparaste para este personaje?<\/strong><\/p>\n<p style=\"text-align: justify;\">\u00a1Es verdad! <em>Lado<\/em> <em>Salvaje<\/em> fue mi primera pel\u00edcula. Tuve la suerte de comenzar con un director que amaba y un camar\u00f3grafo talentoso, adem\u00e1s de interpretar uno de los papeles principales con un gui\u00f3n tan hermoso. Con el director, ensayamos algunas escenas importantes con mis compa\u00f1eros de escena. En la pel\u00edcula se improvisaron algunas escenas.<\/p>\n<figure id=\"attachment_87844\" aria-describedby=\"caption-attachment-87844\" style=\"width: 720px\" class=\"wp-caption aligncenter\"><img data-recalc-dims=\"1\" loading=\"lazy\" decoding=\"async\" class=\"wp-image-87844 size-full\" src=\"https:\/\/i0.wp.com\/gay.blog.br\/wp-content\/uploads\/2020\/10\/IMG-6803.jpg?resize=696%2C928&#038;ssl=1\" alt=\"\" width=\"696\" height=\"928\" srcset=\"https:\/\/i0.wp.com\/gay.blog.br\/wp-content\/uploads\/2020\/10\/IMG-6803.jpg?w=720&amp;ssl=1 720w, https:\/\/i0.wp.com\/gay.blog.br\/wp-content\/uploads\/2020\/10\/IMG-6803.jpg?resize=225%2C300&amp;ssl=1 225w, https:\/\/i0.wp.com\/gay.blog.br\/wp-content\/uploads\/2020\/10\/IMG-6803.jpg?resize=113%2C150&amp;ssl=1 113w, https:\/\/i0.wp.com\/gay.blog.br\/wp-content\/uploads\/2020\/10\/IMG-6803.jpg?resize=696%2C928&amp;ssl=1 696w, https:\/\/i0.wp.com\/gay.blog.br\/wp-content\/uploads\/2020\/10\/IMG-6803.jpg?resize=315%2C420&amp;ssl=1 315w, https:\/\/i0.wp.com\/gay.blog.br\/wp-content\/uploads\/2020\/10\/IMG-6803.jpg?resize=630%2C840&amp;ssl=1 630w\" sizes=\"auto, (max-width: 696px) 100vw, 696px\" \/><figcaption id=\"caption-attachment-87844\" class=\"wp-caption-text\">Abundancia personal<\/figcaption><\/figure>\n<p style=\"text-align: justify;\"><b>Varias mujeres trans hicieron una audici\u00f3n para su papel. \u00bfRecuerdas c\u00f3mo fueron las pruebas de Wild Side\/Lado Salvaje?<br \/>\n<\/b><\/p>\n<p style=\"text-align: justify;\">El proyecto de S\u00e9bastien era filmar en formato documental, y buscaba actores no profesionales para el elenco: una mujer trans, un hombre ilegal en el pa\u00eds y un magreb\u00ed bisexual (nacido en Magreb, norte de \u00c1frica). El proyecto recibi\u00f3 financiaci\u00f3n y acab\u00f3 convirti\u00e9ndose en una obra de ficci\u00f3n.<\/p>\n<p style=\"text-align: justify;\">El director me dijo que ten\u00eda un elenco de <em>Lado Salvaje<\/em> de Bois de Boulogne (un parque de zona verde baluarte de la prostituci\u00f3n trans en Par\u00eds). Habl\u00f3 con trabajadoras sexuales y muchas pensaron que al hacer esta pel\u00edcula har\u00edan una carrera en Hollywood. Cuando me conoci\u00f3, me encontr\u00f3 diferente, fue cuando estaba seguro de haber encontrado el personaje que quer\u00eda para su historia.<\/p>\n<figure id=\"attachment_87775\" aria-describedby=\"caption-attachment-87775\" style=\"width: 500px\" class=\"wp-caption aligncenter\"><img data-recalc-dims=\"1\" loading=\"lazy\" decoding=\"async\" class=\"wp-image-87775 size-full\" src=\"https:\/\/i0.wp.com\/gay.blog.br\/wp-content\/uploads\/2020\/10\/wild-side-german-movie-cover.jpg?resize=500%2C707&#038;ssl=1\" alt=\"\" width=\"500\" height=\"707\" srcset=\"https:\/\/i0.wp.com\/gay.blog.br\/wp-content\/uploads\/2020\/10\/wild-side-german-movie-cover.jpg?w=500&amp;ssl=1 500w, https:\/\/i0.wp.com\/gay.blog.br\/wp-content\/uploads\/2020\/10\/wild-side-german-movie-cover.jpg?resize=212%2C300&amp;ssl=1 212w, https:\/\/i0.wp.com\/gay.blog.br\/wp-content\/uploads\/2020\/10\/wild-side-german-movie-cover.jpg?resize=106%2C150&amp;ssl=1 106w, https:\/\/i0.wp.com\/gay.blog.br\/wp-content\/uploads\/2020\/10\/wild-side-german-movie-cover.jpg?resize=297%2C420&amp;ssl=1 297w\" sizes=\"auto, (max-width: 500px) 100vw, 500px\" \/><figcaption id=\"caption-attachment-87775\" class=\"wp-caption-text\">Reproducci\u00f3n<\/figcaption><\/figure>\n<p style=\"text-align: justify;\"><b>La \u00faltima escena de la pel\u00edcula tambi\u00e9n fue la \u00faltima escena que filmaste y que tus l\u00e1grimas eran reales. \u00bfQu\u00e9 hizo el director para \u00abconseguir\u00bb esa emoci\u00f3n?<br \/>\n<\/b><\/p>\n<p style=\"text-align: justify;\">La \u00faltima escena de la pel\u00edcula se film\u00f3 el \u00faltimo d\u00eda de rodaje. Ese d\u00eda estaba triste, porque ser\u00eda el \u00faltimo d\u00eda que estar\u00edamos todos juntos. Para que realmente consiguiera llorar, me llev\u00e9 una grabaci\u00f3n de audio de la voz de mi padre, que muri\u00f3 en 2001, y aquello fue emocionante.<\/p>\n<p style=\"text-align: justify;\"><b>En <em>Lado Salvaje<\/em>, hay varias escenas de desnudez y sexo. \u00bfFue dif\u00edcil hacer las escenas?<\/b><\/p>\n<p style=\"text-align: justify;\">Dejando a un lado la modestia, estaba psicol\u00f3gicamente preparada para las escenas de desnudos. El equipo t\u00e9cnico se redujo al m\u00ednimo, S\u00e9bastien y el supervisor de producci\u00f3n me dieron la confianza para hacer las escenas.<\/p>\n<p><span class=\"embed-youtube\" style=\"text-align:center; display: block;\"><iframe loading=\"lazy\" class=\"youtube-player\" width=\"696\" height=\"392\" src=\"https:\/\/www.youtube.com\/embed\/CX67FR3oAic?version=3&#038;rel=1&#038;showsearch=0&#038;showinfo=1&#038;iv_load_policy=1&#038;fs=1&#038;hl=es-ES&#038;autohide=2&#038;start=3&#038;wmode=transparent\" allowfullscreen=\"true\" style=\"border:0;\" sandbox=\"allow-scripts allow-same-origin allow-popups allow-presentation allow-popups-to-escape-sandbox\"><\/iframe><\/span><\/p>\n<p style=\"text-align: justify;\"><b>\u00bfCu\u00e1l es tu opini\u00f3n sobre los actores cisg\u00e9nero que interpretan personajes trans? <\/b><\/p>\n<p style=\"text-align: justify;\">Estoy bastante dividida sobre esa cuesti\u00f3n. El papel de la actriz Felicity (Huffman) en la pel\u00edcula <em>Transam\u00e9rica<\/em> fue extraordinario, pero la mayor\u00eda de los personajes trans interpretados por actrices o actores cisg\u00e9nero no son cre\u00edbles (convincentes). Lo mismo ocurre con el empleo de actores trans sin dejarlos restringidos\/atados a personajes trans.<\/p>\n<figure id=\"attachment_87823\" aria-describedby=\"caption-attachment-87823\" style=\"width: 2560px\" class=\"wp-caption aligncenter\"><img data-recalc-dims=\"1\" loading=\"lazy\" decoding=\"async\" class=\"wp-image-87823 size-full\" src=\"https:\/\/i0.wp.com\/gay.blog.br\/wp-content\/uploads\/2020\/10\/IMG-6408-scaled.jpg?resize=696%2C521&#038;ssl=1\" alt=\"\" width=\"696\" height=\"521\" srcset=\"https:\/\/i0.wp.com\/gay.blog.br\/wp-content\/uploads\/2020\/10\/IMG-6408-scaled.jpg?w=2560&amp;ssl=1 2560w, https:\/\/i0.wp.com\/gay.blog.br\/wp-content\/uploads\/2020\/10\/IMG-6408-scaled.jpg?resize=300%2C225&amp;ssl=1 300w, https:\/\/i0.wp.com\/gay.blog.br\/wp-content\/uploads\/2020\/10\/IMG-6408-scaled.jpg?resize=1024%2C767&amp;ssl=1 1024w, https:\/\/i0.wp.com\/gay.blog.br\/wp-content\/uploads\/2020\/10\/IMG-6408-scaled.jpg?resize=150%2C112&amp;ssl=1 150w, https:\/\/i0.wp.com\/gay.blog.br\/wp-content\/uploads\/2020\/10\/IMG-6408-scaled.jpg?resize=768%2C575&amp;ssl=1 768w, https:\/\/i0.wp.com\/gay.blog.br\/wp-content\/uploads\/2020\/10\/IMG-6408-scaled.jpg?resize=1536%2C1151&amp;ssl=1 1536w, https:\/\/i0.wp.com\/gay.blog.br\/wp-content\/uploads\/2020\/10\/IMG-6408-scaled.jpg?resize=2048%2C1534&amp;ssl=1 2048w, https:\/\/i0.wp.com\/gay.blog.br\/wp-content\/uploads\/2020\/10\/IMG-6408-scaled.jpg?resize=696%2C521&amp;ssl=1 696w, https:\/\/i0.wp.com\/gay.blog.br\/wp-content\/uploads\/2020\/10\/IMG-6408-scaled.jpg?resize=1392%2C1043&amp;ssl=1 1392w, https:\/\/i0.wp.com\/gay.blog.br\/wp-content\/uploads\/2020\/10\/IMG-6408-scaled.jpg?resize=1068%2C800&amp;ssl=1 1068w, https:\/\/i0.wp.com\/gay.blog.br\/wp-content\/uploads\/2020\/10\/IMG-6408-scaled.jpg?resize=1920%2C1438&amp;ssl=1 1920w, https:\/\/i0.wp.com\/gay.blog.br\/wp-content\/uploads\/2020\/10\/IMG-6408-scaled.jpg?resize=561%2C420&amp;ssl=1 561w, https:\/\/i0.wp.com\/gay.blog.br\/wp-content\/uploads\/2020\/10\/IMG-6408-scaled.jpg?resize=1121%2C840&amp;ssl=1 1121w, https:\/\/i0.wp.com\/gay.blog.br\/wp-content\/uploads\/2020\/10\/IMG-6408-scaled.jpg?resize=80%2C60&amp;ssl=1 80w, https:\/\/i0.wp.com\/gay.blog.br\/wp-content\/uploads\/2020\/10\/IMG-6408-scaled.jpg?resize=160%2C120&amp;ssl=1 160w, https:\/\/i0.wp.com\/gay.blog.br\/wp-content\/uploads\/2020\/10\/IMG-6408-scaled.jpg?resize=265%2C198&amp;ssl=1 265w, https:\/\/i0.wp.com\/gay.blog.br\/wp-content\/uploads\/2020\/10\/IMG-6408-scaled.jpg?resize=530%2C396&amp;ssl=1 530w\" sizes=\"auto, (max-width: 696px) 100vw, 696px\" \/><figcaption id=\"caption-attachment-87823\" class=\"wp-caption-text\">Abundancia personal<\/figcaption><\/figure>\n<p style=\"text-align: justify;\"><b>La pel\u00edcula particip\u00f3 en varios festivales, gan\u00f3 algunos premios como el Teddy Award en Berl\u00edn, adem\u00e1s de cr\u00edticas muy positivas. \u00bfC\u00f3mo fue lidiar con la fama y el \u00e9xito repentino?<br \/>\n<\/b><\/p>\n<p style=\"text-align: justify;\">Gracias a \u201cLado Salvaje\u201d fui mimada, viaj\u00e9 mucho para representarlo en festivales. Tuve grandes reuniones gracias a la pel\u00edcula y siempre recib\u00ed comentarios positivos.<\/p>\n<p style=\"text-align: justify;\"><b>Por la pel\u00edcula viniste a Brasil (Lado Salvaje particip\u00f3 en el <a href=\"http:\/\/mixbrasil.org.br\">Festival Mix Brasil<\/a>). \u00bfCu\u00e1les son sus recuerdos de su paso por el pa\u00eds?<br \/>\n<\/b><\/p>\n<p style=\"text-align: justify;\">Guardo muy buenos recuerdos del Festival Mix Brasil, ya que fui muy bien recibida. Era mi primera vez en el pa\u00eds, hac\u00eda tiempo que quer\u00eda ir. Mi mejor amigo trabaja en Air France y se fue con amigos a Brasil sin m\u00ed, porque estaba filmando. Al a\u00f1o siguiente, volvieron a ir, pero yo viajaba promocionando la pel\u00edcula. Tres meses despu\u00e9s, me fui de vacaciones con estos amigos.<\/p>\n<figure id=\"attachment_87817\" aria-describedby=\"caption-attachment-87817\" style=\"width: 900px\" class=\"wp-caption aligncenter\"><img data-recalc-dims=\"1\" loading=\"lazy\" decoding=\"async\" class=\"wp-image-87817 size-full\" src=\"https:\/\/i0.wp.com\/gay.blog.br\/wp-content\/uploads\/2020\/10\/334693.1.jpg?resize=696%2C464&#038;ssl=1\" alt=\"St\u00e9phanie Michelini protagoniz\u00f3 Lado Salvaje\" width=\"696\" height=\"464\" srcset=\"https:\/\/i0.wp.com\/gay.blog.br\/wp-content\/uploads\/2020\/10\/334693.1.jpg?w=900&amp;ssl=1 900w, https:\/\/i0.wp.com\/gay.blog.br\/wp-content\/uploads\/2020\/10\/334693.1.jpg?resize=300%2C200&amp;ssl=1 300w, https:\/\/i0.wp.com\/gay.blog.br\/wp-content\/uploads\/2020\/10\/334693.1.jpg?resize=150%2C100&amp;ssl=1 150w, https:\/\/i0.wp.com\/gay.blog.br\/wp-content\/uploads\/2020\/10\/334693.1.jpg?resize=768%2C512&amp;ssl=1 768w, https:\/\/i0.wp.com\/gay.blog.br\/wp-content\/uploads\/2020\/10\/334693.1.jpg?resize=696%2C464&amp;ssl=1 696w, https:\/\/i0.wp.com\/gay.blog.br\/wp-content\/uploads\/2020\/10\/334693.1.jpg?resize=630%2C420&amp;ssl=1 630w\" sizes=\"auto, (max-width: 696px) 100vw, 696px\" \/><figcaption id=\"caption-attachment-87817\" class=\"wp-caption-text\">Reproducci\u00f3n<\/figcaption><\/figure>\n<p style=\"text-align: justify;\"><b>\u00bfEs cierto que te gust\u00f3 tanto que viniste cinco veces a Brasil? \u00bfQu\u00e9 es lo que m\u00e1s te gust\u00f3 de aqu\u00ed?<br \/>\n<\/b><\/p>\n<p style=\"text-align: justify;\">Fui a Brasil cinco veces, dos para a\u00f1o nuevo en R\u00edo de Janeiro. Nunca fui al Carnaval, pero fui a ver una escuela de samba. Visit\u00e9 Paraty, Petr\u00f3polis, San Pablo y Salvador. Fue una coincidencia que despu\u00e9s de cinco minutos caminando, encontr\u00e9 un centro LGBT y luego un cine que mostraba <em>Lado Salvaje<\/em>. El director del sitio me ofreci\u00f3 amablemente el p\u00f3ster brasile\u00f1o de la pel\u00edcula. Esper\u00e9 a que terminara la sesi\u00f3n y el p\u00fablico se sorprendi\u00f3 al verme. Tuvimos una buena conversaci\u00f3n sobre la obra. Me gust\u00f3 mucho el hermoso paisaje, la gente, la comida y la m\u00fasica. Tengo grandes recuerdos de una hermosa noche que pas\u00e9 con <a href=\"http:\/\/gay.blog.br\/?s=claudia+wonder\">Claudia Wonder<\/a>.<\/p>\n<figure id=\"attachment_87782\" aria-describedby=\"caption-attachment-87782\" style=\"width: 986px\" class=\"wp-caption alignnone\"><img data-recalc-dims=\"1\" loading=\"lazy\" decoding=\"async\" class=\"wp-image-87782 size-full\" src=\"https:\/\/i0.wp.com\/gay.blog.br\/wp-content\/uploads\/2020\/10\/wildside-1.jpg?resize=696%2C348&#038;ssl=1\" alt=\"St\u00e9phanie Michelini protagoniz\u00f3 Lado Salvaje\" width=\"696\" height=\"348\" srcset=\"https:\/\/i0.wp.com\/gay.blog.br\/wp-content\/uploads\/2020\/10\/wildside-1.jpg?w=986&amp;ssl=1 986w, https:\/\/i0.wp.com\/gay.blog.br\/wp-content\/uploads\/2020\/10\/wildside-1.jpg?resize=300%2C150&amp;ssl=1 300w, https:\/\/i0.wp.com\/gay.blog.br\/wp-content\/uploads\/2020\/10\/wildside-1.jpg?resize=150%2C75&amp;ssl=1 150w, https:\/\/i0.wp.com\/gay.blog.br\/wp-content\/uploads\/2020\/10\/wildside-1.jpg?resize=768%2C384&amp;ssl=1 768w, https:\/\/i0.wp.com\/gay.blog.br\/wp-content\/uploads\/2020\/10\/wildside-1.jpg?resize=696%2C348&amp;ssl=1 696w, https:\/\/i0.wp.com\/gay.blog.br\/wp-content\/uploads\/2020\/10\/wildside-1.jpg?resize=840%2C420&amp;ssl=1 840w\" sizes=\"auto, (max-width: 696px) 100vw, 696px\" \/><figcaption id=\"caption-attachment-87782\" class=\"wp-caption-text\">Reproducci\u00f3n<\/figcaption><\/figure>\n<p style=\"text-align: justify;\"><b>\u00bfAlg\u00fan romance brasile\u00f1o aqu\u00ed?<br \/>\n<\/b><\/p>\n<p style=\"text-align: justify;\">Tuve una aventura amorosa r\u00e1pida cuando estaba de vacaciones. Soy un coraz\u00f3n a ser conquistado. Un esposo brasile\u00f1o me agradar\u00eda.<\/p>\n<p style=\"text-align: justify;\"><b>Cu\u00e9ntanos un poco sobre tu vida, tu relaci\u00f3n con tu familia, si tambi\u00e9n est\u00e1s distante de ellos as\u00ed como del personaje de la pel\u00edcula &#8230;<br \/>\n<\/b><\/p>\n<p style=\"text-align: justify;\">Soy parisina y mis padres tambi\u00e9n. A diferencia del personaje de <em>Lado Salvaje<\/em>, nunca romp\u00ed las relaciones con mi familia; al contrario, recib\u00ed su cari\u00f1o y apoyo. Al principio, el personaje se llamaba Sylvie, pero pens\u00e9 que ese nombre no era de mi generaci\u00f3n. Entonces, el director cambi\u00f3 para St\u00e9phanie, como yo. Esto gener\u00f3 cierta confusi\u00f3n entre los periodistas que pensaron que era mi historia la que se llevaba a la pantalla.<\/p>\n<p style=\"text-align: justify;\"><b>Eres una de las pocas actrices trans que consigui\u00f3 buenos papeles en cine y televisi\u00f3n. \u00bfCrees que el cine franc\u00e9s ofrece muchas oportunidades para los actores trans? Creo que hay varias pel\u00edculas francesas sobre la tem\u00e1tica LGBT.<\/b><\/p>\n<p style=\"text-align: justify;\">El cine franc\u00e9s ofrece pocos papeles para actrices y actores trans. Incluso entre los cineastas homosexuales franceses, hay un dicho que dice que \u00abnunca estamos tan bien servidos como por nosotros mismos\u00bb. Espero que pronto haya directores en Francia como la talentosa Isabel Sandoval.<\/p>\n<figure id=\"attachment_87794\" aria-describedby=\"caption-attachment-87794\" style=\"width: 2459px\" class=\"wp-caption aligncenter\"><img data-recalc-dims=\"1\" loading=\"lazy\" decoding=\"async\" class=\"wp-image-87794 size-full\" src=\"https:\/\/i0.wp.com\/gay.blog.br\/wp-content\/uploads\/2020\/10\/IMG-30934-scaled.jpg?resize=696%2C725&#038;ssl=1\" alt=\"St\u00e9phanie Michelini protagoniz\u00f3 Lado Salvaje\" width=\"696\" height=\"725\" srcset=\"https:\/\/i0.wp.com\/gay.blog.br\/wp-content\/uploads\/2020\/10\/IMG-30934-scaled.jpg?w=2459&amp;ssl=1 2459w, https:\/\/i0.wp.com\/gay.blog.br\/wp-content\/uploads\/2020\/10\/IMG-30934-scaled.jpg?resize=288%2C300&amp;ssl=1 288w, https:\/\/i0.wp.com\/gay.blog.br\/wp-content\/uploads\/2020\/10\/IMG-30934-scaled.jpg?resize=984%2C1024&amp;ssl=1 984w, https:\/\/i0.wp.com\/gay.blog.br\/wp-content\/uploads\/2020\/10\/IMG-30934-scaled.jpg?resize=144%2C150&amp;ssl=1 144w, https:\/\/i0.wp.com\/gay.blog.br\/wp-content\/uploads\/2020\/10\/IMG-30934-scaled.jpg?resize=768%2C800&amp;ssl=1 768w, https:\/\/i0.wp.com\/gay.blog.br\/wp-content\/uploads\/2020\/10\/IMG-30934-scaled.jpg?resize=1475%2C1536&amp;ssl=1 1475w, https:\/\/i0.wp.com\/gay.blog.br\/wp-content\/uploads\/2020\/10\/IMG-30934-scaled.jpg?resize=1967%2C2048&amp;ssl=1 1967w, https:\/\/i0.wp.com\/gay.blog.br\/wp-content\/uploads\/2020\/10\/IMG-30934-scaled.jpg?resize=696%2C725&amp;ssl=1 696w, https:\/\/i0.wp.com\/gay.blog.br\/wp-content\/uploads\/2020\/10\/IMG-30934-scaled.jpg?resize=1392%2C1449&amp;ssl=1 1392w, https:\/\/i0.wp.com\/gay.blog.br\/wp-content\/uploads\/2020\/10\/IMG-30934-scaled.jpg?resize=1068%2C1112&amp;ssl=1 1068w, https:\/\/i0.wp.com\/gay.blog.br\/wp-content\/uploads\/2020\/10\/IMG-30934-scaled.jpg?resize=1920%2C1999&amp;ssl=1 1920w, https:\/\/i0.wp.com\/gay.blog.br\/wp-content\/uploads\/2020\/10\/IMG-30934-scaled.jpg?resize=403%2C420&amp;ssl=1 403w, https:\/\/i0.wp.com\/gay.blog.br\/wp-content\/uploads\/2020\/10\/IMG-30934-scaled.jpg?resize=807%2C840&amp;ssl=1 807w, https:\/\/i0.wp.com\/gay.blog.br\/wp-content\/uploads\/2020\/10\/IMG-30934-scaled.jpg?w=2088&amp;ssl=1 2088w\" sizes=\"auto, (max-width: 696px) 100vw, 696px\" \/><figcaption id=\"caption-attachment-87794\" class=\"wp-caption-text\">Colecci\u00f3n personal St\u00e9phanie Michelini<\/figcaption><\/figure>\n<p style=\"text-align: justify;\"><b>\u00bfCrees que la comunidad trans es m\u00e1s respetada en Francia que en otras partes de Europa?<\/b><\/p>\n<p style=\"text-align: justify;\">Ciertamente. Por un lado, hay menos asesinatos de personas transg\u00e9nero en Francia, por otro lado, la comunidad trans es menos respetada que en la mayor\u00eda de los dem\u00e1s pa\u00edses europeos.<\/p>\n<p style=\"text-align: justify;\"><b>\u00bfHas hecho 12 pel\u00edculas\/series, pero tienes un proyecto en tus sue\u00f1os? \u00bfSobre un tema espec\u00edfico?<br \/>\n<\/b><\/p>\n<p style=\"text-align: justify;\">Me encantar\u00eda trabajar con cineastas franceses que admiro y tambi\u00e9n con actrices como Catherine Deneuve, Isabelle Huppert y Juliette Binoche. Creo que el tema de las relaciones con personas trans no se aborda lo suficiente y creo que una serie ser\u00eda interesante. Tambi\u00e9n hay hermosas biograf\u00edas de personas trans a lo largo de la historia en diferentes continentes.<\/p>\n<p style=\"text-align: justify;\"><b>\u00bfCu\u00e1les son tus pr\u00f3ximos proyectos?<\/b><\/p>\n<p style=\"text-align: justify;\">Debido a la pandemia, actualmente tengo pocos proyectos. Hice una prueba la semana pasada para una campa\u00f1a de prevenci\u00f3n contra la homofobia y la transfobia.<\/p>\n<figure id=\"attachment_87832\" aria-describedby=\"caption-attachment-87832\" style=\"width: 1242px\" class=\"wp-caption aligncenter\"><img data-recalc-dims=\"1\" loading=\"lazy\" decoding=\"async\" class=\"wp-image-87832 size-full\" src=\"https:\/\/i0.wp.com\/gay.blog.br\/wp-content\/uploads\/2020\/10\/IMG-4755.jpg?resize=696%2C791&#038;ssl=1\" alt=\"\" width=\"696\" height=\"791\" srcset=\"https:\/\/i0.wp.com\/gay.blog.br\/wp-content\/uploads\/2020\/10\/IMG-4755.jpg?w=1242&amp;ssl=1 1242w, https:\/\/i0.wp.com\/gay.blog.br\/wp-content\/uploads\/2020\/10\/IMG-4755.jpg?resize=264%2C300&amp;ssl=1 264w, https:\/\/i0.wp.com\/gay.blog.br\/wp-content\/uploads\/2020\/10\/IMG-4755.jpg?resize=901%2C1024&amp;ssl=1 901w, https:\/\/i0.wp.com\/gay.blog.br\/wp-content\/uploads\/2020\/10\/IMG-4755.jpg?resize=132%2C150&amp;ssl=1 132w, https:\/\/i0.wp.com\/gay.blog.br\/wp-content\/uploads\/2020\/10\/IMG-4755.jpg?resize=768%2C873&amp;ssl=1 768w, https:\/\/i0.wp.com\/gay.blog.br\/wp-content\/uploads\/2020\/10\/IMG-4755.jpg?resize=696%2C791&amp;ssl=1 696w, https:\/\/i0.wp.com\/gay.blog.br\/wp-content\/uploads\/2020\/10\/IMG-4755.jpg?resize=1068%2C1214&amp;ssl=1 1068w, https:\/\/i0.wp.com\/gay.blog.br\/wp-content\/uploads\/2020\/10\/IMG-4755.jpg?resize=369%2C420&amp;ssl=1 369w, https:\/\/i0.wp.com\/gay.blog.br\/wp-content\/uploads\/2020\/10\/IMG-4755.jpg?resize=739%2C840&amp;ssl=1 739w\" sizes=\"auto, (max-width: 696px) 100vw, 696px\" \/><figcaption id=\"caption-attachment-87832\" class=\"wp-caption-text\">Reproducci\u00f3n St\u00e9phanie Michelini<\/figcaption><\/figure>\n<p style=\"text-align: justify;\"><b>\u00bfQu\u00e9 es lo que la gente no sabe sobre St\u00e9phanie Michelini?<\/b><\/p>\n<p style=\"text-align: justify;\">Estoy soltera, ya lo sabes (risas). Estudi\u00e9 historia y sigo siendo una mujer apasionada. Escucho mucha m\u00fasica, tengo miles de CD, incluida m\u00fasica brasile\u00f1a. Me encanta Soul Music y soy una gran fan de Diana Ross. No creo que nadie me hubiera hecho preguntas tan relevantes e interesantes. Me divert\u00ed respondiendo, me sent\u00ed a gusto. Normalmente soy bastante reservada.<\/p>\n<figure id=\"attachment_87849\" aria-describedby=\"caption-attachment-87849\" style=\"width: 708px\" class=\"wp-caption aligncenter\"><img data-recalc-dims=\"1\" loading=\"lazy\" decoding=\"async\" class=\"wp-image-87849 size-full\" src=\"https:\/\/i0.wp.com\/gay.blog.br\/wp-content\/uploads\/2020\/10\/IMG-7132.jpg?resize=696%2C983&#038;ssl=1\" alt=\"St\u00e9phanie Michelini protagoniz\u00f3 Lado Salvaje\" width=\"696\" height=\"983\" srcset=\"https:\/\/i0.wp.com\/gay.blog.br\/wp-content\/uploads\/2020\/10\/IMG-7132.jpg?w=708&amp;ssl=1 708w, https:\/\/i0.wp.com\/gay.blog.br\/wp-content\/uploads\/2020\/10\/IMG-7132.jpg?resize=212%2C300&amp;ssl=1 212w, https:\/\/i0.wp.com\/gay.blog.br\/wp-content\/uploads\/2020\/10\/IMG-7132.jpg?resize=106%2C150&amp;ssl=1 106w, https:\/\/i0.wp.com\/gay.blog.br\/wp-content\/uploads\/2020\/10\/IMG-7132.jpg?resize=696%2C983&amp;ssl=1 696w, https:\/\/i0.wp.com\/gay.blog.br\/wp-content\/uploads\/2020\/10\/IMG-7132.jpg?resize=297%2C420&amp;ssl=1 297w, https:\/\/i0.wp.com\/gay.blog.br\/wp-content\/uploads\/2020\/10\/IMG-7132.jpg?resize=595%2C840&amp;ssl=1 595w\" sizes=\"auto, (max-width: 696px) 100vw, 696px\" \/><figcaption id=\"caption-attachment-87849\" class=\"wp-caption-text\">Colecci\u00f3n personal St\u00e9phanie Michelini<\/figcaption><\/figure>\n<p style=\"text-align: justify;\">Para seguir a St\u00e9phanie Michelini en <a href=\"https:\/\/www.instagram.com\/michelini.stephanie\/?hl=pt-br\">Instagram<\/a>.<\/p>\n","protected":false},"excerpt":{"rendered":"<p>En entrevista exclusiva para GAY BLOG, St\u00e9phanie Michelini habla sobre la pel\u00edcula que la consagr\u00f3, sus aspiraciones y sus viajes a Brasil<\/p>\n","protected":false},"author":3482,"featured_media":87819,"comment_status":"open","ping_status":"open","sticky":false,"template":"","format":"standard","meta":{"googlesitekit_rrm_CAoiEBg-BXrJeACjO8p49SE4kTY:productID":"","tdm_status":"","tdm_grid_status":"","_jetpack_newsletter_access":"","_jetpack_dont_email_post_to_subs":false,"_jetpack_newsletter_tier_id":0,"_jetpack_memberships_contains_paywalled_content":false,"_jetpack_memberships_contains_paid_content":false,"footnotes":"","jetpack_publicize_message":"St\u00e9phanie Michelini, de \"Lado Salvaje\", recuerda el \u00e9xito de cr\u00edtica y p\u00fablico en el Festival Mix Brasil en 2004","jetpack_publicize_feature_enabled":true,"jetpack_social_post_already_shared":true,"jetpack_social_options":{"image_generator_settings":{"template":"highway","default_image_id":0,"font":"","enabled":false},"version":2},"_wpas_customize_per_network":false,"jetpack_post_was_ever_published":false},"categories":[589930775,589928866],"tags":[589929368,589917656,589932900,589932899,250444,589932901],"class_list":{"0":"post-88110","1":"post","2":"type-post","3":"status-publish","4":"format-standard","5":"has-post-thumbnail","7":"category-entrevistas","8":"category-trans","9":"tag-claudia-wonder","10":"tag-festival-mix-brasil","11":"tag-lado-selvagem","12":"tag-stephanie-michelini","13":"tag-transexual","14":"tag-wild-side"},"yoast_head":"<!-- This site is optimized with the Yoast SEO plugin v27.5 - https:\/\/yoast.com\/product\/yoast-seo-wordpress\/ -->\n<title>St\u00e9phanie Michelini, de &quot;Lado Salvaje&quot;, recuerda el \u00e9xito de cr\u00edtica y p\u00fablico en el Festival Mix Brasil en 2004<\/title>\n<meta name=\"description\" content=\"En el Festival Mix Brasil se exhibi\u00f3 \u201cLado Salvaje\u201d, donde una mujer trans, interpretada por St\u00e9phanie Michelini, trabaja como prostituta\" \/>\n<meta name=\"robots\" content=\"index, follow, max-snippet:-1, max-image-preview:large, max-video-preview:-1\" \/>\n<link rel=\"canonical\" href=\"https:\/\/gay.blog.br\/es\/trans\/stephanie-michelini-de-lado-salvaje-recuerda-el-exito-de-critica-y-publico-en-el-festival-mix-brasil-en-2004\/\" \/>\n<meta property=\"og:locale\" content=\"es_ES\" \/>\n<meta property=\"og:type\" content=\"article\" \/>\n<meta property=\"og:title\" content=\"St\u00e9phanie Michelini, de &quot;Lado Salvaje&quot;, recuerda el \u00e9xito de cr\u00edtica y p\u00fablico en el Festival Mix Brasil en 2004\" \/>\n<meta property=\"og:description\" content=\"En el Festival Mix Brasil se exhibi\u00f3 \u201cLado Salvaje\u201d, donde una mujer trans, interpretada por St\u00e9phanie Michelini, trabaja como prostituta\" \/>\n<meta property=\"og:url\" content=\"https:\/\/gay.blog.br\/es\/trans\/stephanie-michelini-de-lado-salvaje-recuerda-el-exito-de-critica-y-publico-en-el-festival-mix-brasil-en-2004\/\" \/>\n<meta property=\"og:site_name\" content=\"GAY BLOG BR @gayblogbr\" \/>\n<meta property=\"article:publisher\" content=\"https:\/\/facebook.com\/gayblogbr\" \/>\n<meta property=\"article:author\" content=\"https:\/\/facebook.com\/gayblogbr\" \/>\n<meta property=\"article:published_time\" content=\"2020-10-02T22:46:33+00:00\" \/>\n<meta property=\"article:modified_time\" content=\"2020-10-03T15:07:59+00:00\" \/>\n<meta property=\"og:image\" content=\"https:\/\/i1.wp.com\/gay.blog.br\/wp-content\/uploads\/2020\/10\/334693.1.jpg?fit=900%2C600&ssl=1\" \/>\n\t<meta property=\"og:image:width\" content=\"900\" \/>\n\t<meta property=\"og:image:height\" content=\"600\" \/>\n\t<meta property=\"og:image:type\" content=\"image\/jpeg\" \/>\n<meta name=\"author\" content=\"Andr\u00e9 Aram\" \/>\n<meta name=\"twitter:card\" content=\"summary_large_image\" \/>\n<meta name=\"twitter:creator\" content=\"@https:\/\/twittercom\/gayblogbr\" \/>\n<meta name=\"twitter:site\" content=\"@gayblogbr\" \/>\n<meta name=\"twitter:label1\" content=\"Escrito por\" \/>\n\t<meta name=\"twitter:data1\" content=\"Andr\u00e9 Aram\" \/>\n\t<meta name=\"twitter:label2\" content=\"Tiempo de lectura\" \/>\n\t<meta name=\"twitter:data2\" content=\"8 minutos\" \/>\n<script type=\"application\/ld+json\" class=\"yoast-schema-graph\">{\"@context\":\"https:\\\/\\\/schema.org\",\"@graph\":[{\"@type\":\"Article\",\"@id\":\"https:\\\/\\\/gay.blog.br\\\/es\\\/trans\\\/stephanie-michelini-de-lado-salvaje-recuerda-el-exito-de-critica-y-publico-en-el-festival-mix-brasil-en-2004\\\/#article\",\"isPartOf\":{\"@id\":\"https:\\\/\\\/gay.blog.br\\\/es\\\/trans\\\/stephanie-michelini-de-lado-salvaje-recuerda-el-exito-de-critica-y-publico-en-el-festival-mix-brasil-en-2004\\\/\"},\"author\":{\"name\":\"Andr\u00e9 Aram\",\"@id\":\"https:\\\/\\\/gay.blog.br\\\/es\\\/#\\\/schema\\\/person\\\/59a4471c2fa312ae207122b509537a87\"},\"headline\":\"St\u00e9phanie Michelini, de \u00abLado Salvaje\u00bb, recuerda el \u00e9xito de cr\u00edtica y p\u00fablico en el Festival Mix Brasil en 2004\",\"datePublished\":\"2020-10-02T22:46:33+00:00\",\"dateModified\":\"2020-10-03T15:07:59+00:00\",\"mainEntityOfPage\":{\"@id\":\"https:\\\/\\\/gay.blog.br\\\/es\\\/trans\\\/stephanie-michelini-de-lado-salvaje-recuerda-el-exito-de-critica-y-publico-en-el-festival-mix-brasil-en-2004\\\/\"},\"wordCount\":1669,\"commentCount\":0,\"publisher\":{\"@id\":\"https:\\\/\\\/gay.blog.br\\\/es\\\/#organization\"},\"image\":{\"@id\":\"https:\\\/\\\/gay.blog.br\\\/es\\\/trans\\\/stephanie-michelini-de-lado-salvaje-recuerda-el-exito-de-critica-y-publico-en-el-festival-mix-brasil-en-2004\\\/#primaryimage\"},\"thumbnailUrl\":\"https:\\\/\\\/i0.wp.com\\\/gay.blog.br\\\/wp-content\\\/uploads\\\/2020\\\/10\\\/334693.1.jpg?fit=900%2C600&ssl=1\",\"keywords\":[\"Cl\u00e1udia Wonder\",\"festival mix brasil\",\"Lado Selvagem\",\"Stephanie Michelini\",\"transexual\",\"Wild Side\"],\"articleSection\":[\"ENTREVISTAS\",\"TRANS\"],\"inLanguage\":\"es\",\"potentialAction\":[{\"@type\":\"CommentAction\",\"name\":\"Comment\",\"target\":[\"https:\\\/\\\/gay.blog.br\\\/es\\\/trans\\\/stephanie-michelini-de-lado-salvaje-recuerda-el-exito-de-critica-y-publico-en-el-festival-mix-brasil-en-2004\\\/#respond\"]}]},{\"@type\":\"WebPage\",\"@id\":\"https:\\\/\\\/gay.blog.br\\\/es\\\/trans\\\/stephanie-michelini-de-lado-salvaje-recuerda-el-exito-de-critica-y-publico-en-el-festival-mix-brasil-en-2004\\\/\",\"url\":\"https:\\\/\\\/gay.blog.br\\\/es\\\/trans\\\/stephanie-michelini-de-lado-salvaje-recuerda-el-exito-de-critica-y-publico-en-el-festival-mix-brasil-en-2004\\\/\",\"name\":\"St\u00e9phanie Michelini, de \\\"Lado Salvaje\\\", recuerda el \u00e9xito de cr\u00edtica y p\u00fablico en el Festival Mix Brasil en 2004\",\"isPartOf\":{\"@id\":\"https:\\\/\\\/gay.blog.br\\\/es\\\/#website\"},\"primaryImageOfPage\":{\"@id\":\"https:\\\/\\\/gay.blog.br\\\/es\\\/trans\\\/stephanie-michelini-de-lado-salvaje-recuerda-el-exito-de-critica-y-publico-en-el-festival-mix-brasil-en-2004\\\/#primaryimage\"},\"image\":{\"@id\":\"https:\\\/\\\/gay.blog.br\\\/es\\\/trans\\\/stephanie-michelini-de-lado-salvaje-recuerda-el-exito-de-critica-y-publico-en-el-festival-mix-brasil-en-2004\\\/#primaryimage\"},\"thumbnailUrl\":\"https:\\\/\\\/i0.wp.com\\\/gay.blog.br\\\/wp-content\\\/uploads\\\/2020\\\/10\\\/334693.1.jpg?fit=900%2C600&ssl=1\",\"datePublished\":\"2020-10-02T22:46:33+00:00\",\"dateModified\":\"2020-10-03T15:07:59+00:00\",\"description\":\"En el Festival Mix Brasil se exhibi\u00f3 \u201cLado Salvaje\u201d, donde una mujer trans, interpretada por St\u00e9phanie Michelini, trabaja como prostituta\",\"breadcrumb\":{\"@id\":\"https:\\\/\\\/gay.blog.br\\\/es\\\/trans\\\/stephanie-michelini-de-lado-salvaje-recuerda-el-exito-de-critica-y-publico-en-el-festival-mix-brasil-en-2004\\\/#breadcrumb\"},\"inLanguage\":\"es\",\"potentialAction\":[{\"@type\":\"ReadAction\",\"target\":[\"https:\\\/\\\/gay.blog.br\\\/es\\\/trans\\\/stephanie-michelini-de-lado-salvaje-recuerda-el-exito-de-critica-y-publico-en-el-festival-mix-brasil-en-2004\\\/\"]}]},{\"@type\":\"ImageObject\",\"inLanguage\":\"es\",\"@id\":\"https:\\\/\\\/gay.blog.br\\\/es\\\/trans\\\/stephanie-michelini-de-lado-salvaje-recuerda-el-exito-de-critica-y-publico-en-el-festival-mix-brasil-en-2004\\\/#primaryimage\",\"url\":\"https:\\\/\\\/i0.wp.com\\\/gay.blog.br\\\/wp-content\\\/uploads\\\/2020\\\/10\\\/334693.1.jpg?fit=900%2C600&ssl=1\",\"contentUrl\":\"https:\\\/\\\/i0.wp.com\\\/gay.blog.br\\\/wp-content\\\/uploads\\\/2020\\\/10\\\/334693.1.jpg?fit=900%2C600&ssl=1\",\"width\":900,\"height\":600},{\"@type\":\"BreadcrumbList\",\"@id\":\"https:\\\/\\\/gay.blog.br\\\/es\\\/trans\\\/stephanie-michelini-de-lado-salvaje-recuerda-el-exito-de-critica-y-publico-en-el-festival-mix-brasil-en-2004\\\/#breadcrumb\",\"itemListElement\":[{\"@type\":\"ListItem\",\"position\":1,\"name\":\"In\u00edcio\",\"item\":\"https:\\\/\\\/gay.blog.br\\\/es\\\/\"},{\"@type\":\"ListItem\",\"position\":2,\"name\":\"St\u00e9phanie Michelini, de \u00abLado Salvaje\u00bb, recuerda el \u00e9xito de cr\u00edtica y p\u00fablico en el Festival Mix Brasil en 2004\"}]},{\"@type\":\"WebSite\",\"@id\":\"https:\\\/\\\/gay.blog.br\\\/es\\\/#website\",\"url\":\"https:\\\/\\\/gay.blog.br\\\/es\\\/\",\"name\":\"GAY BLOG BR @gayblogbr\",\"description\":\"Not\u00edcias que empoderam e\\\/ou entret\u00eam s\u00e3o especialidades da casa\",\"publisher\":{\"@id\":\"https:\\\/\\\/gay.blog.br\\\/es\\\/#organization\"},\"potentialAction\":[{\"@type\":\"SearchAction\",\"target\":{\"@type\":\"EntryPoint\",\"urlTemplate\":\"https:\\\/\\\/gay.blog.br\\\/es\\\/?s={search_term_string}\"},\"query-input\":{\"@type\":\"PropertyValueSpecification\",\"valueRequired\":true,\"valueName\":\"search_term_string\"}}],\"inLanguage\":\"es\"},{\"@type\":\"Organization\",\"@id\":\"https:\\\/\\\/gay.blog.br\\\/es\\\/#organization\",\"name\":\"GAY BLOG BR\",\"url\":\"https:\\\/\\\/gay.blog.br\\\/es\\\/\",\"logo\":{\"@type\":\"ImageObject\",\"inLanguage\":\"es\",\"@id\":\"https:\\\/\\\/gay.blog.br\\\/es\\\/#\\\/schema\\\/logo\\\/image\\\/\",\"url\":\"https:\\\/\\\/i0.wp.com\\\/gay.blog.br\\\/wp-content\\\/uploads\\\/2023\\\/08\\\/gay180px.png?fit=272%2C90&ssl=1\",\"contentUrl\":\"https:\\\/\\\/i0.wp.com\\\/gay.blog.br\\\/wp-content\\\/uploads\\\/2023\\\/08\\\/gay180px.png?fit=272%2C90&ssl=1\",\"width\":272,\"height\":90,\"caption\":\"GAY BLOG BR\"},\"image\":{\"@id\":\"https:\\\/\\\/gay.blog.br\\\/es\\\/#\\\/schema\\\/logo\\\/image\\\/\"},\"sameAs\":[\"https:\\\/\\\/facebook.com\\\/gayblogbr\",\"https:\\\/\\\/x.com\\\/gayblogbr\",\"https:\\\/\\\/instagram.com\\\/gayblogbr\",\"https:\\\/\\\/www.linkedin.com\\\/company\\\/gayblogbr\\\/\",\"https:\\\/\\\/br.pinterest.com\\\/gayblogbr\\\/\",\"https:\\\/\\\/www.youtube.com\\\/channel\\\/UCdEu3JXLOB-wvWAVUF4AIiA\",\"https:\\\/\\\/pt.wikipedia.org\\\/wiki\\\/Gay_Blog_Br\",\"https:\\\/\\\/www.threads.net\\\/@gayblogbr\"]},{\"@type\":\"Person\",\"@id\":\"https:\\\/\\\/gay.blog.br\\\/es\\\/#\\\/schema\\\/person\\\/59a4471c2fa312ae207122b509537a87\",\"name\":\"Andr\u00e9 Aram\",\"image\":{\"@type\":\"ImageObject\",\"inLanguage\":\"es\",\"@id\":\"https:\\\/\\\/secure.gravatar.com\\\/avatar\\\/2c85547dbbd1358696029970d8cb1ad363b94b546b682c26b5db210aee9eada8?s=96&d=mm&r=g\",\"url\":\"https:\\\/\\\/secure.gravatar.com\\\/avatar\\\/2c85547dbbd1358696029970d8cb1ad363b94b546b682c26b5db210aee9eada8?s=96&d=mm&r=g\",\"contentUrl\":\"https:\\\/\\\/secure.gravatar.com\\\/avatar\\\/2c85547dbbd1358696029970d8cb1ad363b94b546b682c26b5db210aee9eada8?s=96&d=mm&r=g\",\"caption\":\"Andr\u00e9 Aram\"},\"sameAs\":[\"https:\\\/\\\/gay.blog.br\\\/author\\\/andrearam\",\"https:\\\/\\\/facebook.com\\\/gayblogbr\",\"https:\\\/\\\/instagram.com\\\/gayblogbr\",\"https:\\\/\\\/x.com\\\/https:\\\/\\\/twittercom\\\/gayblogbr\"],\"url\":\"https:\\\/\\\/gay.blog.br\\\/es\\\/author\\\/andrearam\\\/\"}]}<\/script>\n<!-- \/ Yoast SEO plugin. -->","yoast_head_json":{"title":"St\u00e9phanie Michelini, de \"Lado Salvaje\", recuerda el \u00e9xito de cr\u00edtica y p\u00fablico en el Festival Mix Brasil en 2004","description":"En el Festival Mix Brasil se exhibi\u00f3 \u201cLado Salvaje\u201d, donde una mujer trans, interpretada por St\u00e9phanie Michelini, trabaja como prostituta","robots":{"index":"index","follow":"follow","max-snippet":"max-snippet:-1","max-image-preview":"max-image-preview:large","max-video-preview":"max-video-preview:-1"},"canonical":"https:\/\/gay.blog.br\/es\/trans\/stephanie-michelini-de-lado-salvaje-recuerda-el-exito-de-critica-y-publico-en-el-festival-mix-brasil-en-2004\/","og_locale":"es_ES","og_type":"article","og_title":"St\u00e9phanie Michelini, de \"Lado Salvaje\", recuerda el \u00e9xito de cr\u00edtica y p\u00fablico en el Festival Mix Brasil en 2004","og_description":"En el Festival Mix Brasil se exhibi\u00f3 \u201cLado Salvaje\u201d, donde una mujer trans, interpretada por St\u00e9phanie Michelini, trabaja como prostituta","og_url":"https:\/\/gay.blog.br\/es\/trans\/stephanie-michelini-de-lado-salvaje-recuerda-el-exito-de-critica-y-publico-en-el-festival-mix-brasil-en-2004\/","og_site_name":"GAY BLOG BR @gayblogbr","article_publisher":"https:\/\/facebook.com\/gayblogbr","article_author":"https:\/\/facebook.com\/gayblogbr","article_published_time":"2020-10-02T22:46:33+00:00","article_modified_time":"2020-10-03T15:07:59+00:00","og_image":[{"width":900,"height":600,"url":"https:\/\/i1.wp.com\/gay.blog.br\/wp-content\/uploads\/2020\/10\/334693.1.jpg?fit=900%2C600&ssl=1","type":"image\/jpeg"}],"author":"Andr\u00e9 Aram","twitter_card":"summary_large_image","twitter_creator":"@https:\/\/twittercom\/gayblogbr","twitter_site":"@gayblogbr","twitter_misc":{"Escrito por":"Andr\u00e9 Aram","Tiempo de lectura":"8 minutos"},"schema":{"@context":"https:\/\/schema.org","@graph":[{"@type":"Article","@id":"https:\/\/gay.blog.br\/es\/trans\/stephanie-michelini-de-lado-salvaje-recuerda-el-exito-de-critica-y-publico-en-el-festival-mix-brasil-en-2004\/#article","isPartOf":{"@id":"https:\/\/gay.blog.br\/es\/trans\/stephanie-michelini-de-lado-salvaje-recuerda-el-exito-de-critica-y-publico-en-el-festival-mix-brasil-en-2004\/"},"author":{"name":"Andr\u00e9 Aram","@id":"https:\/\/gay.blog.br\/es\/#\/schema\/person\/59a4471c2fa312ae207122b509537a87"},"headline":"St\u00e9phanie Michelini, de \u00abLado Salvaje\u00bb, recuerda el \u00e9xito de cr\u00edtica y p\u00fablico en el Festival Mix Brasil en 2004","datePublished":"2020-10-02T22:46:33+00:00","dateModified":"2020-10-03T15:07:59+00:00","mainEntityOfPage":{"@id":"https:\/\/gay.blog.br\/es\/trans\/stephanie-michelini-de-lado-salvaje-recuerda-el-exito-de-critica-y-publico-en-el-festival-mix-brasil-en-2004\/"},"wordCount":1669,"commentCount":0,"publisher":{"@id":"https:\/\/gay.blog.br\/es\/#organization"},"image":{"@id":"https:\/\/gay.blog.br\/es\/trans\/stephanie-michelini-de-lado-salvaje-recuerda-el-exito-de-critica-y-publico-en-el-festival-mix-brasil-en-2004\/#primaryimage"},"thumbnailUrl":"https:\/\/i0.wp.com\/gay.blog.br\/wp-content\/uploads\/2020\/10\/334693.1.jpg?fit=900%2C600&ssl=1","keywords":["Cl\u00e1udia Wonder","festival mix brasil","Lado Selvagem","Stephanie Michelini","transexual","Wild Side"],"articleSection":["ENTREVISTAS","TRANS"],"inLanguage":"es","potentialAction":[{"@type":"CommentAction","name":"Comment","target":["https:\/\/gay.blog.br\/es\/trans\/stephanie-michelini-de-lado-salvaje-recuerda-el-exito-de-critica-y-publico-en-el-festival-mix-brasil-en-2004\/#respond"]}]},{"@type":"WebPage","@id":"https:\/\/gay.blog.br\/es\/trans\/stephanie-michelini-de-lado-salvaje-recuerda-el-exito-de-critica-y-publico-en-el-festival-mix-brasil-en-2004\/","url":"https:\/\/gay.blog.br\/es\/trans\/stephanie-michelini-de-lado-salvaje-recuerda-el-exito-de-critica-y-publico-en-el-festival-mix-brasil-en-2004\/","name":"St\u00e9phanie Michelini, de \"Lado Salvaje\", recuerda el \u00e9xito de cr\u00edtica y p\u00fablico en el Festival Mix Brasil en 2004","isPartOf":{"@id":"https:\/\/gay.blog.br\/es\/#website"},"primaryImageOfPage":{"@id":"https:\/\/gay.blog.br\/es\/trans\/stephanie-michelini-de-lado-salvaje-recuerda-el-exito-de-critica-y-publico-en-el-festival-mix-brasil-en-2004\/#primaryimage"},"image":{"@id":"https:\/\/gay.blog.br\/es\/trans\/stephanie-michelini-de-lado-salvaje-recuerda-el-exito-de-critica-y-publico-en-el-festival-mix-brasil-en-2004\/#primaryimage"},"thumbnailUrl":"https:\/\/i0.wp.com\/gay.blog.br\/wp-content\/uploads\/2020\/10\/334693.1.jpg?fit=900%2C600&ssl=1","datePublished":"2020-10-02T22:46:33+00:00","dateModified":"2020-10-03T15:07:59+00:00","description":"En el Festival Mix Brasil se exhibi\u00f3 \u201cLado Salvaje\u201d, donde una mujer trans, interpretada por St\u00e9phanie Michelini, trabaja como prostituta","breadcrumb":{"@id":"https:\/\/gay.blog.br\/es\/trans\/stephanie-michelini-de-lado-salvaje-recuerda-el-exito-de-critica-y-publico-en-el-festival-mix-brasil-en-2004\/#breadcrumb"},"inLanguage":"es","potentialAction":[{"@type":"ReadAction","target":["https:\/\/gay.blog.br\/es\/trans\/stephanie-michelini-de-lado-salvaje-recuerda-el-exito-de-critica-y-publico-en-el-festival-mix-brasil-en-2004\/"]}]},{"@type":"ImageObject","inLanguage":"es","@id":"https:\/\/gay.blog.br\/es\/trans\/stephanie-michelini-de-lado-salvaje-recuerda-el-exito-de-critica-y-publico-en-el-festival-mix-brasil-en-2004\/#primaryimage","url":"https:\/\/i0.wp.com\/gay.blog.br\/wp-content\/uploads\/2020\/10\/334693.1.jpg?fit=900%2C600&ssl=1","contentUrl":"https:\/\/i0.wp.com\/gay.blog.br\/wp-content\/uploads\/2020\/10\/334693.1.jpg?fit=900%2C600&ssl=1","width":900,"height":600},{"@type":"BreadcrumbList","@id":"https:\/\/gay.blog.br\/es\/trans\/stephanie-michelini-de-lado-salvaje-recuerda-el-exito-de-critica-y-publico-en-el-festival-mix-brasil-en-2004\/#breadcrumb","itemListElement":[{"@type":"ListItem","position":1,"name":"In\u00edcio","item":"https:\/\/gay.blog.br\/es\/"},{"@type":"ListItem","position":2,"name":"St\u00e9phanie Michelini, de \u00abLado Salvaje\u00bb, recuerda el \u00e9xito de cr\u00edtica y p\u00fablico en el Festival Mix Brasil en 2004"}]},{"@type":"WebSite","@id":"https:\/\/gay.blog.br\/es\/#website","url":"https:\/\/gay.blog.br\/es\/","name":"GAY BLOG BR @gayblogbr","description":"Not\u00edcias que empoderam e\/ou entret\u00eam s\u00e3o especialidades da casa","publisher":{"@id":"https:\/\/gay.blog.br\/es\/#organization"},"potentialAction":[{"@type":"SearchAction","target":{"@type":"EntryPoint","urlTemplate":"https:\/\/gay.blog.br\/es\/?s={search_term_string}"},"query-input":{"@type":"PropertyValueSpecification","valueRequired":true,"valueName":"search_term_string"}}],"inLanguage":"es"},{"@type":"Organization","@id":"https:\/\/gay.blog.br\/es\/#organization","name":"GAY BLOG BR","url":"https:\/\/gay.blog.br\/es\/","logo":{"@type":"ImageObject","inLanguage":"es","@id":"https:\/\/gay.blog.br\/es\/#\/schema\/logo\/image\/","url":"https:\/\/i0.wp.com\/gay.blog.br\/wp-content\/uploads\/2023\/08\/gay180px.png?fit=272%2C90&ssl=1","contentUrl":"https:\/\/i0.wp.com\/gay.blog.br\/wp-content\/uploads\/2023\/08\/gay180px.png?fit=272%2C90&ssl=1","width":272,"height":90,"caption":"GAY BLOG BR"},"image":{"@id":"https:\/\/gay.blog.br\/es\/#\/schema\/logo\/image\/"},"sameAs":["https:\/\/facebook.com\/gayblogbr","https:\/\/x.com\/gayblogbr","https:\/\/instagram.com\/gayblogbr","https:\/\/www.linkedin.com\/company\/gayblogbr\/","https:\/\/br.pinterest.com\/gayblogbr\/","https:\/\/www.youtube.com\/channel\/UCdEu3JXLOB-wvWAVUF4AIiA","https:\/\/pt.wikipedia.org\/wiki\/Gay_Blog_Br","https:\/\/www.threads.net\/@gayblogbr"]},{"@type":"Person","@id":"https:\/\/gay.blog.br\/es\/#\/schema\/person\/59a4471c2fa312ae207122b509537a87","name":"Andr\u00e9 Aram","image":{"@type":"ImageObject","inLanguage":"es","@id":"https:\/\/secure.gravatar.com\/avatar\/2c85547dbbd1358696029970d8cb1ad363b94b546b682c26b5db210aee9eada8?s=96&d=mm&r=g","url":"https:\/\/secure.gravatar.com\/avatar\/2c85547dbbd1358696029970d8cb1ad363b94b546b682c26b5db210aee9eada8?s=96&d=mm&r=g","contentUrl":"https:\/\/secure.gravatar.com\/avatar\/2c85547dbbd1358696029970d8cb1ad363b94b546b682c26b5db210aee9eada8?s=96&d=mm&r=g","caption":"Andr\u00e9 Aram"},"sameAs":["https:\/\/gay.blog.br\/author\/andrearam","https:\/\/facebook.com\/gayblogbr","https:\/\/instagram.com\/gayblogbr","https:\/\/x.com\/https:\/\/twittercom\/gayblogbr"],"url":"https:\/\/gay.blog.br\/es\/author\/andrearam\/"}]}},"jetpack_publicize_connections":[],"jetpack_featured_media_url":"https:\/\/i0.wp.com\/gay.blog.br\/wp-content\/uploads\/2020\/10\/334693.1.jpg?fit=900%2C600&ssl=1","jetpack_sharing_enabled":true,"jetpack_shortlink":"https:\/\/wp.me\/p6klkK-mV8","jetpack_likes_enabled":false,"amp_enabled":true,"_links":{"self":[{"href":"https:\/\/gay.blog.br\/es\/wp-json\/wp\/v2\/posts\/88110","targetHints":{"allow":["GET"]}}],"collection":[{"href":"https:\/\/gay.blog.br\/es\/wp-json\/wp\/v2\/posts"}],"about":[{"href":"https:\/\/gay.blog.br\/es\/wp-json\/wp\/v2\/types\/post"}],"author":[{"embeddable":true,"href":"https:\/\/gay.blog.br\/es\/wp-json\/wp\/v2\/users\/3482"}],"replies":[{"embeddable":true,"href":"https:\/\/gay.blog.br\/es\/wp-json\/wp\/v2\/comments?post=88110"}],"version-history":[{"count":0,"href":"https:\/\/gay.blog.br\/es\/wp-json\/wp\/v2\/posts\/88110\/revisions"}],"wp:featuredmedia":[{"embeddable":true,"href":"https:\/\/gay.blog.br\/es\/wp-json\/wp\/v2\/media\/87819"}],"wp:attachment":[{"href":"https:\/\/gay.blog.br\/es\/wp-json\/wp\/v2\/media?parent=88110"}],"wp:term":[{"taxonomy":"category","embeddable":true,"href":"https:\/\/gay.blog.br\/es\/wp-json\/wp\/v2\/categories?post=88110"},{"taxonomy":"post_tag","embeddable":true,"href":"https:\/\/gay.blog.br\/es\/wp-json\/wp\/v2\/tags?post=88110"}],"curies":[{"name":"wp","href":"https:\/\/api.w.org\/{rel}","templated":true}]}}