{"id":91741,"date":"2020-10-22T15:58:49","date_gmt":"2020-10-22T18:58:49","guid":{"rendered":"https:\/\/gay.blog.br\/?p=91741"},"modified":"2020-10-25T23:16:45","modified_gmt":"2020-10-26T02:16:45","slug":"hija-de-donald-trump-criticada-por-decir-que-su-padre-siempre-apoyo-a-las-personas-lgbt","status":"publish","type":"post","link":"https:\/\/gay.blog.br\/es\/noticias\/hija-de-donald-trump-criticada-por-decir-que-su-padre-siempre-apoyo-a-las-personas-lgbt\/","title":{"rendered":"Hija de Donald Trump criticada por decir que su padre \u00absiempre apoy\u00f3\u00bb a las personas LGBT"},"content":{"rendered":"<p style=\"text-align: justify;\">La hija menor de Donald Trump, <strong>Tiffany<\/strong>, habl\u00f3 en un evento en apoyo de la comunidad LGBT, el \u00abTrump Pride\u00bb en Tampa, Florida. Dijo que su padre \u00absiempre apoy\u00f3\u00bb a los miembros de la comunidad y que sus mejores amigos son homosexuales.<\/p>\n<p style=\"text-align: justify;\">Su discurso no fue bien recibido por los miembros de la comunidad, ni siquiera por los medios estadounidenses, y ha cosechado numerosas cr\u00edticas.<\/p>\n<p style=\"text-align: justify;\">Trump es considerado uno de los pol\u00edticos que m\u00e1s se <strong>opone a los derechos<\/strong> LGBTQIA+, adem\u00e1s est\u00e1 en contra de la \u00abLey de Igualdad\u00bb, que garantizaba protecciones federales para las personas LGBT. Tambi\u00e9n derog\u00f3 una medida de protecci\u00f3n para estudiantes transg\u00e9nero en escuelas p\u00fablicas aplicada por Barack Obama y prohibi\u00f3 a las personas transg\u00e9nero servir en las fuerzas armadas.<\/p>\n<figure id=\"attachment_91069\" aria-describedby=\"caption-attachment-91069\" style=\"width: 2560px\" class=\"wp-caption aligncenter\"><a href=\"http:\/\/www.instagram.com\/gayblogbr\"><img data-recalc-dims=\"1\" loading=\"lazy\" decoding=\"async\" class=\"size-full wp-image-91069\" src=\"https:\/\/i0.wp.com\/gay.blog.br\/wp-content\/uploads\/2020\/10\/tiffanytrump.jpg?resize=696%2C464&#038;ssl=1\" alt=\"Hija de Donald Trump criticada tras decir que su padre \" width=\"696\" height=\"464\" srcset=\"https:\/\/i0.wp.com\/gay.blog.br\/wp-content\/uploads\/2020\/10\/tiffanytrump.jpg?w=2560&amp;ssl=1 2560w, https:\/\/i0.wp.com\/gay.blog.br\/wp-content\/uploads\/2020\/10\/tiffanytrump.jpg?resize=300%2C200&amp;ssl=1 300w, https:\/\/i0.wp.com\/gay.blog.br\/wp-content\/uploads\/2020\/10\/tiffanytrump.jpg?resize=1024%2C683&amp;ssl=1 1024w, https:\/\/i0.wp.com\/gay.blog.br\/wp-content\/uploads\/2020\/10\/tiffanytrump.jpg?resize=150%2C100&amp;ssl=1 150w, https:\/\/i0.wp.com\/gay.blog.br\/wp-content\/uploads\/2020\/10\/tiffanytrump.jpg?resize=768%2C512&amp;ssl=1 768w, https:\/\/i0.wp.com\/gay.blog.br\/wp-content\/uploads\/2020\/10\/tiffanytrump.jpg?resize=1536%2C1025&amp;ssl=1 1536w, https:\/\/i0.wp.com\/gay.blog.br\/wp-content\/uploads\/2020\/10\/tiffanytrump.jpg?resize=2048%2C1366&amp;ssl=1 2048w, https:\/\/i0.wp.com\/gay.blog.br\/wp-content\/uploads\/2020\/10\/tiffanytrump.jpg?resize=696%2C464&amp;ssl=1 696w, https:\/\/i0.wp.com\/gay.blog.br\/wp-content\/uploads\/2020\/10\/tiffanytrump.jpg?resize=1392%2C929&amp;ssl=1 1392w, https:\/\/i0.wp.com\/gay.blog.br\/wp-content\/uploads\/2020\/10\/tiffanytrump.jpg?resize=1068%2C713&amp;ssl=1 1068w, https:\/\/i0.wp.com\/gay.blog.br\/wp-content\/uploads\/2020\/10\/tiffanytrump.jpg?resize=1920%2C1281&amp;ssl=1 1920w, https:\/\/i0.wp.com\/gay.blog.br\/wp-content\/uploads\/2020\/10\/tiffanytrump.jpg?resize=630%2C420&amp;ssl=1 630w, https:\/\/i0.wp.com\/gay.blog.br\/wp-content\/uploads\/2020\/10\/tiffanytrump.jpg?resize=1259%2C840&amp;ssl=1 1259w\" sizes=\"auto, (max-width: 696px) 100vw, 696px\" \/><\/a><figcaption id=\"caption-attachment-91069\" class=\"wp-caption-text\">Reproducci\u00f3n<\/figcaption><\/figure>\n<p style=\"text-align: justify;\">Sin embargo, <strong>Tiffany<\/strong> argument\u00f3 que su padre eligi\u00f3 al diplom\u00e1tico gay Richard Grenell para que se hiciera cargo de la junta de las agencias de servicios secretos estadounidenses. Grenell fue el primer homosexual nombrado por un presidente en ejercicio para un puesto similar en su gabinete.<\/p>\n<p style=\"text-align: justify;\">\u00abMi padre no mira a alguien en funci\u00f3n de a qui\u00e9n ama. Debe haber amor para todos\u00bb<em>,<\/em> dijo la hija del presidente.<\/p>\n<p style=\"text-align: justify;\">La <strong>Gay &amp; Lesbican Alliance Against Defamation<\/strong> (GLAAD), una asociaci\u00f3n que protege los derechos de LGBTQIA+ en los Estados Unidos, tom\u00f3 una posici\u00f3n contra el discurso de Tiffany y public\u00f3 en Twitter varias acciones anti-LGBT de su padre.<\/p>\n<p style=\"text-align: justify;\">Adem\u00e1s, una encuesta de <strong>GLAAD<\/strong> muestra que el 76% de los miembros de la comunidad simpatizan m\u00e1s con el dem\u00f3crata <strong>Joe Biden<\/strong>.<\/p>\n<blockquote class=\"twitter-tweet\" data-width=\"550\" data-dnt=\"true\">\n<p lang=\"en\" dir=\"ltr\">Yes, we saw the Tiffany Trump &quot;Pride&quot; video. <a href=\"https:\/\/t.co\/V5d1M2v1Ii\">pic.twitter.com\/V5d1M2v1Ii<\/a><\/p>\n<p>&mdash; GLAAD (@glaad) <a href=\"https:\/\/twitter.com\/glaad\/status\/1318574947388805120?ref_src=twsrc%5Etfw\">October 20, 2020<\/a><\/p><\/blockquote>\n<p><script async src=\"https:\/\/platform.twitter.com\/widgets.js\" charset=\"utf-8\"><\/script><\/p>\n<p style=\"text-align: justify;\">\u00abS\u00ed, vimos el video de Tiffany Trump sobre el &#8216;orgullo'\u00bb<em>,<\/em> dice el t\u00edtulo oficial de Twitter de <strong>GLAAD<\/strong>.<\/p>\n<p style=\"text-align: justify;\">Al llegar al evento, la m\u00fasica de fondo era \u00ab<em>I Got a Feeling<\/em>\u00ab, de Black Eyed Peas, y uno de los entrenadores del grupo, <strong>Will.I.Am<\/strong>, se opuso a la elecci\u00f3n de la canci\u00f3n.<\/p>\n<blockquote class=\"twitter-tweet\" data-width=\"550\" data-dnt=\"true\">\n<p lang=\"en\" dir=\"ltr\">.<a href=\"https:\/\/twitter.com\/TiffanyATrump?ref_src=twsrc%5Etfw\">@TiffanyATrump<\/a>, I see that you walked out to <a href=\"https:\/\/twitter.com\/hashtag\/iGOTTAFEELING?src=hash&amp;ref_src=twsrc%5Etfw\">#iGOTTAFEELING<\/a>&#8230;but given the inequalities in America affecting LGBTQ, people of color and the disenfranchised, this song would have been more appropriate to walk out to&#8230; <a href=\"https:\/\/t.co\/Rcb36Wg2G9\">https:\/\/t.co\/Rcb36Wg2G9<\/a> <a href=\"https:\/\/twitter.com\/hashtag\/THELOVE?src=hash&amp;ref_src=twsrc%5Etfw\">#THELOVE<\/a> <a href=\"https:\/\/t.co\/FzdwJrd4Zb\">pic.twitter.com\/FzdwJrd4Zb<\/a><\/p>\n<p>&mdash; will.i.am (@iamwill) <a href=\"https:\/\/twitter.com\/iamwill\/status\/1318717725041217543?ref_src=twsrc%5Etfw\">October 21, 2020<\/a><\/p><\/blockquote>\n<p><script async src=\"https:\/\/platform.twitter.com\/widgets.js\" charset=\"utf-8\"><\/script><\/p>\n<p style=\"text-align: justify;\">\u00abTiffany Trump, vi que usaste #iGOTTAFEELING &#8230; cuando llegaste pero debido a las desigualdades en Am\u00e9rica que afectan a personas LGBTQ, personas negras y tambi\u00e9n sin derechos, esta canci\u00f3n ser\u00eda m\u00e1s apropiada cuando saliese\u00bb.<\/p>\n<blockquote class=\"td_quote_box td_box_center\">\n<p style=\"text-align: justify;\"><strong>Lea tambi\u00e9n<\/strong>: <a href=\"https:\/\/gay.blog.br\/colunistas\/derrubar-bolsonaro-questao-de-sobrevivencia-todd-tomorrow\/\">Diputado se suma a la PGR contra Bolsonaro por homofobia<\/a><\/p>\n<\/blockquote>\n","protected":false},"excerpt":{"rendered":"<p>La hija menor de Donald Trump, Tiffany, habl\u00f3 en un evento en apoyo de la comunidad LGBT, el \u00abTrump Pride\u00bb en Florida.<\/p>\n","protected":false},"author":3515,"featured_media":91071,"comment_status":"open","ping_status":"open","sticky":false,"template":"","format":"standard","meta":{"googlesitekit_rrm_CAoiEBg-BXrJeACjO8p49SE4kTY:productID":"","tdm_status":"","tdm_grid_status":"","_jetpack_newsletter_access":"","_jetpack_dont_email_post_to_subs":false,"_jetpack_newsletter_tier_id":0,"_jetpack_memberships_contains_paywalled_content":false,"_jetpack_memberships_contains_paid_content":false,"footnotes":"","jetpack_publicize_message":"Hija de Donald Trump criticada por decir que su padre \"siempre apoy\u00f3\" a las personas LGBT","jetpack_publicize_feature_enabled":true,"jetpack_social_post_already_shared":true,"jetpack_social_options":{"image_generator_settings":{"template":"highway","default_image_id":0,"font":"","enabled":false},"version":2},"_wpas_customize_per_network":false,"jetpack_post_was_ever_published":false},"categories":[775],"tags":[589932755,589933593,589933594],"class_list":{"0":"post-91741","1":"post","2":"type-post","3":"status-publish","4":"format-standard","5":"has-post-thumbnail","7":"category-noticias","8":"tag-lgbt-es","9":"tag-tiffany-trump-es","10":"tag-trump-pride-es"},"yoast_head":"<!-- This site is optimized with the Yoast SEO plugin v27.4 - https:\/\/yoast.com\/product\/yoast-seo-wordpress\/ -->\n<title>Hija de Donald Trump criticada por decir que su padre &quot;siempre apoy\u00f3&quot; a las personas LGBT<\/title>\n<meta name=\"description\" content=\"La hija menor de Donald Trump, Tiffany, habl\u00f3 en un evento en apoyo de la comunidad LGBT, el &quot;Trump Pride&quot; en Florida.\" \/>\n<meta name=\"robots\" content=\"index, follow, max-snippet:-1, max-image-preview:large, max-video-preview:-1\" \/>\n<link rel=\"canonical\" href=\"https:\/\/gay.blog.br\/es\/noticias\/hija-de-donald-trump-criticada-por-decir-que-su-padre-siempre-apoyo-a-las-personas-lgbt\/\" \/>\n<meta property=\"og:locale\" content=\"es_ES\" \/>\n<meta property=\"og:type\" content=\"article\" \/>\n<meta property=\"og:title\" content=\"Hija de Donald Trump criticada por decir que su padre &quot;siempre apoy\u00f3&quot; a las personas LGBT\" \/>\n<meta property=\"og:description\" content=\"La hija menor de Donald Trump, Tiffany, habl\u00f3 en un evento en apoyo de la comunidad LGBT, el &quot;Trump Pride&quot; en Florida.\" \/>\n<meta property=\"og:url\" content=\"https:\/\/gay.blog.br\/es\/noticias\/hija-de-donald-trump-criticada-por-decir-que-su-padre-siempre-apoyo-a-las-personas-lgbt\/\" \/>\n<meta property=\"og:site_name\" content=\"GAY BLOG BR @gayblogbr\" \/>\n<meta property=\"article:publisher\" content=\"https:\/\/facebook.com\/gayblogbr\" \/>\n<meta property=\"article:author\" content=\"https:\/\/www.facebook.com\/victormillerreal\" \/>\n<meta property=\"article:published_time\" content=\"2020-10-22T18:58:49+00:00\" \/>\n<meta property=\"article:modified_time\" content=\"2020-10-26T02:16:45+00:00\" \/>\n<meta property=\"og:image\" content=\"https:\/\/i2.wp.com\/gay.blog.br\/wp-content\/uploads\/2020\/10\/tiffanytrump.jpg?fit=2560%2C1708&ssl=1\" \/>\n\t<meta property=\"og:image:width\" content=\"2560\" \/>\n\t<meta property=\"og:image:height\" content=\"1708\" \/>\n\t<meta property=\"og:image:type\" content=\"image\/jpeg\" \/>\n<meta name=\"author\" content=\"Victor Miller\" \/>\n<meta name=\"twitter:card\" content=\"summary_large_image\" \/>\n<meta name=\"twitter:creator\" content=\"@https:\/\/twitter.com\/victor_miller\" \/>\n<meta name=\"twitter:site\" content=\"@gayblogbr\" \/>\n<meta name=\"twitter:label1\" content=\"Escrito por\" \/>\n\t<meta name=\"twitter:data1\" content=\"Victor Miller\" \/>\n\t<meta name=\"twitter:label2\" content=\"Tiempo de lectura\" \/>\n\t<meta name=\"twitter:data2\" content=\"2 minutos\" \/>\n<script type=\"application\/ld+json\" class=\"yoast-schema-graph\">{\"@context\":\"https:\\\/\\\/schema.org\",\"@graph\":[{\"@type\":\"Article\",\"@id\":\"https:\\\/\\\/gay.blog.br\\\/es\\\/noticias\\\/hija-de-donald-trump-criticada-por-decir-que-su-padre-siempre-apoyo-a-las-personas-lgbt\\\/#article\",\"isPartOf\":{\"@id\":\"https:\\\/\\\/gay.blog.br\\\/es\\\/noticias\\\/hija-de-donald-trump-criticada-por-decir-que-su-padre-siempre-apoyo-a-las-personas-lgbt\\\/\"},\"author\":{\"name\":\"Victor Miller\",\"@id\":\"https:\\\/\\\/gay.blog.br\\\/es\\\/#\\\/schema\\\/person\\\/5e0cf06e5d5e166b6afeaefc7fc56d9d\"},\"headline\":\"Hija de Donald Trump criticada por decir que su padre \u00absiempre apoy\u00f3\u00bb a las personas LGBT\",\"datePublished\":\"2020-10-22T18:58:49+00:00\",\"dateModified\":\"2020-10-26T02:16:45+00:00\",\"mainEntityOfPage\":{\"@id\":\"https:\\\/\\\/gay.blog.br\\\/es\\\/noticias\\\/hija-de-donald-trump-criticada-por-decir-que-su-padre-siempre-apoyo-a-las-personas-lgbt\\\/\"},\"wordCount\":411,\"commentCount\":0,\"publisher\":{\"@id\":\"https:\\\/\\\/gay.blog.br\\\/es\\\/#organization\"},\"image\":{\"@id\":\"https:\\\/\\\/gay.blog.br\\\/es\\\/noticias\\\/hija-de-donald-trump-criticada-por-decir-que-su-padre-siempre-apoyo-a-las-personas-lgbt\\\/#primaryimage\"},\"thumbnailUrl\":\"https:\\\/\\\/i0.wp.com\\\/gay.blog.br\\\/wp-content\\\/uploads\\\/2020\\\/10\\\/tiffanytrump.jpg?fit=2560%2C1708&ssl=1\",\"keywords\":[\"lgbt\",\"Tiffany Trump\",\"Trump Pride\"],\"articleSection\":[\"NOT\u00cdCIAS\"],\"inLanguage\":\"es\",\"potentialAction\":[{\"@type\":\"CommentAction\",\"name\":\"Comment\",\"target\":[\"https:\\\/\\\/gay.blog.br\\\/es\\\/noticias\\\/hija-de-donald-trump-criticada-por-decir-que-su-padre-siempre-apoyo-a-las-personas-lgbt\\\/#respond\"]}]},{\"@type\":\"WebPage\",\"@id\":\"https:\\\/\\\/gay.blog.br\\\/es\\\/noticias\\\/hija-de-donald-trump-criticada-por-decir-que-su-padre-siempre-apoyo-a-las-personas-lgbt\\\/\",\"url\":\"https:\\\/\\\/gay.blog.br\\\/es\\\/noticias\\\/hija-de-donald-trump-criticada-por-decir-que-su-padre-siempre-apoyo-a-las-personas-lgbt\\\/\",\"name\":\"Hija de Donald Trump criticada por decir que su padre \\\"siempre apoy\u00f3\\\" a las personas LGBT\",\"isPartOf\":{\"@id\":\"https:\\\/\\\/gay.blog.br\\\/es\\\/#website\"},\"primaryImageOfPage\":{\"@id\":\"https:\\\/\\\/gay.blog.br\\\/es\\\/noticias\\\/hija-de-donald-trump-criticada-por-decir-que-su-padre-siempre-apoyo-a-las-personas-lgbt\\\/#primaryimage\"},\"image\":{\"@id\":\"https:\\\/\\\/gay.blog.br\\\/es\\\/noticias\\\/hija-de-donald-trump-criticada-por-decir-que-su-padre-siempre-apoyo-a-las-personas-lgbt\\\/#primaryimage\"},\"thumbnailUrl\":\"https:\\\/\\\/i0.wp.com\\\/gay.blog.br\\\/wp-content\\\/uploads\\\/2020\\\/10\\\/tiffanytrump.jpg?fit=2560%2C1708&ssl=1\",\"datePublished\":\"2020-10-22T18:58:49+00:00\",\"dateModified\":\"2020-10-26T02:16:45+00:00\",\"description\":\"La hija menor de Donald Trump, Tiffany, habl\u00f3 en un evento en apoyo de la comunidad LGBT, el \\\"Trump Pride\\\" en Florida.\",\"breadcrumb\":{\"@id\":\"https:\\\/\\\/gay.blog.br\\\/es\\\/noticias\\\/hija-de-donald-trump-criticada-por-decir-que-su-padre-siempre-apoyo-a-las-personas-lgbt\\\/#breadcrumb\"},\"inLanguage\":\"es\",\"potentialAction\":[{\"@type\":\"ReadAction\",\"target\":[\"https:\\\/\\\/gay.blog.br\\\/es\\\/noticias\\\/hija-de-donald-trump-criticada-por-decir-que-su-padre-siempre-apoyo-a-las-personas-lgbt\\\/\"]}]},{\"@type\":\"ImageObject\",\"inLanguage\":\"es\",\"@id\":\"https:\\\/\\\/gay.blog.br\\\/es\\\/noticias\\\/hija-de-donald-trump-criticada-por-decir-que-su-padre-siempre-apoyo-a-las-personas-lgbt\\\/#primaryimage\",\"url\":\"https:\\\/\\\/i0.wp.com\\\/gay.blog.br\\\/wp-content\\\/uploads\\\/2020\\\/10\\\/tiffanytrump.jpg?fit=2560%2C1708&ssl=1\",\"contentUrl\":\"https:\\\/\\\/i0.wp.com\\\/gay.blog.br\\\/wp-content\\\/uploads\\\/2020\\\/10\\\/tiffanytrump.jpg?fit=2560%2C1708&ssl=1\",\"width\":2560,\"height\":1708,\"caption\":\"Reprodu\u00e7\u00e3o\"},{\"@type\":\"BreadcrumbList\",\"@id\":\"https:\\\/\\\/gay.blog.br\\\/es\\\/noticias\\\/hija-de-donald-trump-criticada-por-decir-que-su-padre-siempre-apoyo-a-las-personas-lgbt\\\/#breadcrumb\",\"itemListElement\":[{\"@type\":\"ListItem\",\"position\":1,\"name\":\"In\u00edcio\",\"item\":\"https:\\\/\\\/gay.blog.br\\\/es\\\/\"},{\"@type\":\"ListItem\",\"position\":2,\"name\":\"Hija de Donald Trump criticada por decir que su padre \u00absiempre apoy\u00f3\u00bb a las personas LGBT\"}]},{\"@type\":\"WebSite\",\"@id\":\"https:\\\/\\\/gay.blog.br\\\/es\\\/#website\",\"url\":\"https:\\\/\\\/gay.blog.br\\\/es\\\/\",\"name\":\"GAY BLOG BR @gayblogbr\",\"description\":\"Not\u00edcias que empoderam e\\\/ou entret\u00eam s\u00e3o especialidades da casa\",\"publisher\":{\"@id\":\"https:\\\/\\\/gay.blog.br\\\/es\\\/#organization\"},\"potentialAction\":[{\"@type\":\"SearchAction\",\"target\":{\"@type\":\"EntryPoint\",\"urlTemplate\":\"https:\\\/\\\/gay.blog.br\\\/es\\\/?s={search_term_string}\"},\"query-input\":{\"@type\":\"PropertyValueSpecification\",\"valueRequired\":true,\"valueName\":\"search_term_string\"}}],\"inLanguage\":\"es\"},{\"@type\":\"Organization\",\"@id\":\"https:\\\/\\\/gay.blog.br\\\/es\\\/#organization\",\"name\":\"GAY BLOG BR\",\"url\":\"https:\\\/\\\/gay.blog.br\\\/es\\\/\",\"logo\":{\"@type\":\"ImageObject\",\"inLanguage\":\"es\",\"@id\":\"https:\\\/\\\/gay.blog.br\\\/es\\\/#\\\/schema\\\/logo\\\/image\\\/\",\"url\":\"https:\\\/\\\/i0.wp.com\\\/gay.blog.br\\\/wp-content\\\/uploads\\\/2023\\\/08\\\/gay180px.png?fit=272%2C90&ssl=1\",\"contentUrl\":\"https:\\\/\\\/i0.wp.com\\\/gay.blog.br\\\/wp-content\\\/uploads\\\/2023\\\/08\\\/gay180px.png?fit=272%2C90&ssl=1\",\"width\":272,\"height\":90,\"caption\":\"GAY BLOG BR\"},\"image\":{\"@id\":\"https:\\\/\\\/gay.blog.br\\\/es\\\/#\\\/schema\\\/logo\\\/image\\\/\"},\"sameAs\":[\"https:\\\/\\\/facebook.com\\\/gayblogbr\",\"https:\\\/\\\/x.com\\\/gayblogbr\",\"https:\\\/\\\/instagram.com\\\/gayblogbr\",\"https:\\\/\\\/www.linkedin.com\\\/company\\\/gayblogbr\\\/\",\"https:\\\/\\\/br.pinterest.com\\\/gayblogbr\\\/\",\"https:\\\/\\\/www.youtube.com\\\/channel\\\/UCdEu3JXLOB-wvWAVUF4AIiA\",\"https:\\\/\\\/pt.wikipedia.org\\\/wiki\\\/Gay_Blog_Br\",\"https:\\\/\\\/www.threads.net\\\/@gayblogbr\"]},{\"@type\":\"Person\",\"@id\":\"https:\\\/\\\/gay.blog.br\\\/es\\\/#\\\/schema\\\/person\\\/5e0cf06e5d5e166b6afeaefc7fc56d9d\",\"name\":\"Victor Miller\",\"image\":{\"@type\":\"ImageObject\",\"inLanguage\":\"es\",\"@id\":\"https:\\\/\\\/secure.gravatar.com\\\/avatar\\\/7c1fad0dcba879f76a2e6b9189cea981c8fcb9c7e6f40d5903cf16ba29cb80b5?s=96&d=mm&r=g\",\"url\":\"https:\\\/\\\/secure.gravatar.com\\\/avatar\\\/7c1fad0dcba879f76a2e6b9189cea981c8fcb9c7e6f40d5903cf16ba29cb80b5?s=96&d=mm&r=g\",\"contentUrl\":\"https:\\\/\\\/secure.gravatar.com\\\/avatar\\\/7c1fad0dcba879f76a2e6b9189cea981c8fcb9c7e6f40d5903cf16ba29cb80b5?s=96&d=mm&r=g\",\"caption\":\"Victor Miller\"},\"description\":\"Jornalista formado pela PUC do Rio de Janeiro, dedicou sua vida a falar sobre cultura nerd\\\/geek. Gay desde que se entende por gente, sempre teve desejo de trabalhar com o p\u00fablico LGBT+ e cr\u00ea que a informa\u00e7\u00e3o \u00e9 a a melhor arma contra qualquer tipo de \\\"fobia\\\"\",\"sameAs\":[\"https:\\\/\\\/gay.blog.br\\\/author\\\/victormiller\\\/\",\"https:\\\/\\\/www.facebook.com\\\/victormillerreal\",\"https:\\\/\\\/instagram.com\\\/victormillermiranda\",\"https:\\\/\\\/www.linkedin.com\\\/in\\\/victor-miller-266b54a7\\\/\",\"https:\\\/\\\/x.com\\\/https:\\\/\\\/twitter.com\\\/victor_miller\",\"https:\\\/\\\/www.youtube.com\\\/user\\\/planetasonic\"],\"url\":\"https:\\\/\\\/gay.blog.br\\\/es\\\/author\\\/victormiller\\\/\"}]}<\/script>\n<!-- \/ Yoast SEO plugin. -->","yoast_head_json":{"title":"Hija de Donald Trump criticada por decir que su padre \"siempre apoy\u00f3\" a las personas LGBT","description":"La hija menor de Donald Trump, Tiffany, habl\u00f3 en un evento en apoyo de la comunidad LGBT, el \"Trump Pride\" en Florida.","robots":{"index":"index","follow":"follow","max-snippet":"max-snippet:-1","max-image-preview":"max-image-preview:large","max-video-preview":"max-video-preview:-1"},"canonical":"https:\/\/gay.blog.br\/es\/noticias\/hija-de-donald-trump-criticada-por-decir-que-su-padre-siempre-apoyo-a-las-personas-lgbt\/","og_locale":"es_ES","og_type":"article","og_title":"Hija de Donald Trump criticada por decir que su padre \"siempre apoy\u00f3\" a las personas LGBT","og_description":"La hija menor de Donald Trump, Tiffany, habl\u00f3 en un evento en apoyo de la comunidad LGBT, el \"Trump Pride\" en Florida.","og_url":"https:\/\/gay.blog.br\/es\/noticias\/hija-de-donald-trump-criticada-por-decir-que-su-padre-siempre-apoyo-a-las-personas-lgbt\/","og_site_name":"GAY BLOG BR @gayblogbr","article_publisher":"https:\/\/facebook.com\/gayblogbr","article_author":"https:\/\/www.facebook.com\/victormillerreal","article_published_time":"2020-10-22T18:58:49+00:00","article_modified_time":"2020-10-26T02:16:45+00:00","og_image":[{"width":2560,"height":1708,"url":"https:\/\/i2.wp.com\/gay.blog.br\/wp-content\/uploads\/2020\/10\/tiffanytrump.jpg?fit=2560%2C1708&ssl=1","type":"image\/jpeg"}],"author":"Victor Miller","twitter_card":"summary_large_image","twitter_creator":"@https:\/\/twitter.com\/victor_miller","twitter_site":"@gayblogbr","twitter_misc":{"Escrito por":"Victor Miller","Tiempo de lectura":"2 minutos"},"schema":{"@context":"https:\/\/schema.org","@graph":[{"@type":"Article","@id":"https:\/\/gay.blog.br\/es\/noticias\/hija-de-donald-trump-criticada-por-decir-que-su-padre-siempre-apoyo-a-las-personas-lgbt\/#article","isPartOf":{"@id":"https:\/\/gay.blog.br\/es\/noticias\/hija-de-donald-trump-criticada-por-decir-que-su-padre-siempre-apoyo-a-las-personas-lgbt\/"},"author":{"name":"Victor Miller","@id":"https:\/\/gay.blog.br\/es\/#\/schema\/person\/5e0cf06e5d5e166b6afeaefc7fc56d9d"},"headline":"Hija de Donald Trump criticada por decir que su padre \u00absiempre apoy\u00f3\u00bb a las personas LGBT","datePublished":"2020-10-22T18:58:49+00:00","dateModified":"2020-10-26T02:16:45+00:00","mainEntityOfPage":{"@id":"https:\/\/gay.blog.br\/es\/noticias\/hija-de-donald-trump-criticada-por-decir-que-su-padre-siempre-apoyo-a-las-personas-lgbt\/"},"wordCount":411,"commentCount":0,"publisher":{"@id":"https:\/\/gay.blog.br\/es\/#organization"},"image":{"@id":"https:\/\/gay.blog.br\/es\/noticias\/hija-de-donald-trump-criticada-por-decir-que-su-padre-siempre-apoyo-a-las-personas-lgbt\/#primaryimage"},"thumbnailUrl":"https:\/\/i0.wp.com\/gay.blog.br\/wp-content\/uploads\/2020\/10\/tiffanytrump.jpg?fit=2560%2C1708&ssl=1","keywords":["lgbt","Tiffany Trump","Trump Pride"],"articleSection":["NOT\u00cdCIAS"],"inLanguage":"es","potentialAction":[{"@type":"CommentAction","name":"Comment","target":["https:\/\/gay.blog.br\/es\/noticias\/hija-de-donald-trump-criticada-por-decir-que-su-padre-siempre-apoyo-a-las-personas-lgbt\/#respond"]}]},{"@type":"WebPage","@id":"https:\/\/gay.blog.br\/es\/noticias\/hija-de-donald-trump-criticada-por-decir-que-su-padre-siempre-apoyo-a-las-personas-lgbt\/","url":"https:\/\/gay.blog.br\/es\/noticias\/hija-de-donald-trump-criticada-por-decir-que-su-padre-siempre-apoyo-a-las-personas-lgbt\/","name":"Hija de Donald Trump criticada por decir que su padre \"siempre apoy\u00f3\" a las personas LGBT","isPartOf":{"@id":"https:\/\/gay.blog.br\/es\/#website"},"primaryImageOfPage":{"@id":"https:\/\/gay.blog.br\/es\/noticias\/hija-de-donald-trump-criticada-por-decir-que-su-padre-siempre-apoyo-a-las-personas-lgbt\/#primaryimage"},"image":{"@id":"https:\/\/gay.blog.br\/es\/noticias\/hija-de-donald-trump-criticada-por-decir-que-su-padre-siempre-apoyo-a-las-personas-lgbt\/#primaryimage"},"thumbnailUrl":"https:\/\/i0.wp.com\/gay.blog.br\/wp-content\/uploads\/2020\/10\/tiffanytrump.jpg?fit=2560%2C1708&ssl=1","datePublished":"2020-10-22T18:58:49+00:00","dateModified":"2020-10-26T02:16:45+00:00","description":"La hija menor de Donald Trump, Tiffany, habl\u00f3 en un evento en apoyo de la comunidad LGBT, el \"Trump Pride\" en Florida.","breadcrumb":{"@id":"https:\/\/gay.blog.br\/es\/noticias\/hija-de-donald-trump-criticada-por-decir-que-su-padre-siempre-apoyo-a-las-personas-lgbt\/#breadcrumb"},"inLanguage":"es","potentialAction":[{"@type":"ReadAction","target":["https:\/\/gay.blog.br\/es\/noticias\/hija-de-donald-trump-criticada-por-decir-que-su-padre-siempre-apoyo-a-las-personas-lgbt\/"]}]},{"@type":"ImageObject","inLanguage":"es","@id":"https:\/\/gay.blog.br\/es\/noticias\/hija-de-donald-trump-criticada-por-decir-que-su-padre-siempre-apoyo-a-las-personas-lgbt\/#primaryimage","url":"https:\/\/i0.wp.com\/gay.blog.br\/wp-content\/uploads\/2020\/10\/tiffanytrump.jpg?fit=2560%2C1708&ssl=1","contentUrl":"https:\/\/i0.wp.com\/gay.blog.br\/wp-content\/uploads\/2020\/10\/tiffanytrump.jpg?fit=2560%2C1708&ssl=1","width":2560,"height":1708,"caption":"Reprodu\u00e7\u00e3o"},{"@type":"BreadcrumbList","@id":"https:\/\/gay.blog.br\/es\/noticias\/hija-de-donald-trump-criticada-por-decir-que-su-padre-siempre-apoyo-a-las-personas-lgbt\/#breadcrumb","itemListElement":[{"@type":"ListItem","position":1,"name":"In\u00edcio","item":"https:\/\/gay.blog.br\/es\/"},{"@type":"ListItem","position":2,"name":"Hija de Donald Trump criticada por decir que su padre \u00absiempre apoy\u00f3\u00bb a las personas LGBT"}]},{"@type":"WebSite","@id":"https:\/\/gay.blog.br\/es\/#website","url":"https:\/\/gay.blog.br\/es\/","name":"GAY BLOG BR @gayblogbr","description":"Not\u00edcias que empoderam e\/ou entret\u00eam s\u00e3o especialidades da casa","publisher":{"@id":"https:\/\/gay.blog.br\/es\/#organization"},"potentialAction":[{"@type":"SearchAction","target":{"@type":"EntryPoint","urlTemplate":"https:\/\/gay.blog.br\/es\/?s={search_term_string}"},"query-input":{"@type":"PropertyValueSpecification","valueRequired":true,"valueName":"search_term_string"}}],"inLanguage":"es"},{"@type":"Organization","@id":"https:\/\/gay.blog.br\/es\/#organization","name":"GAY BLOG BR","url":"https:\/\/gay.blog.br\/es\/","logo":{"@type":"ImageObject","inLanguage":"es","@id":"https:\/\/gay.blog.br\/es\/#\/schema\/logo\/image\/","url":"https:\/\/i0.wp.com\/gay.blog.br\/wp-content\/uploads\/2023\/08\/gay180px.png?fit=272%2C90&ssl=1","contentUrl":"https:\/\/i0.wp.com\/gay.blog.br\/wp-content\/uploads\/2023\/08\/gay180px.png?fit=272%2C90&ssl=1","width":272,"height":90,"caption":"GAY BLOG BR"},"image":{"@id":"https:\/\/gay.blog.br\/es\/#\/schema\/logo\/image\/"},"sameAs":["https:\/\/facebook.com\/gayblogbr","https:\/\/x.com\/gayblogbr","https:\/\/instagram.com\/gayblogbr","https:\/\/www.linkedin.com\/company\/gayblogbr\/","https:\/\/br.pinterest.com\/gayblogbr\/","https:\/\/www.youtube.com\/channel\/UCdEu3JXLOB-wvWAVUF4AIiA","https:\/\/pt.wikipedia.org\/wiki\/Gay_Blog_Br","https:\/\/www.threads.net\/@gayblogbr"]},{"@type":"Person","@id":"https:\/\/gay.blog.br\/es\/#\/schema\/person\/5e0cf06e5d5e166b6afeaefc7fc56d9d","name":"Victor Miller","image":{"@type":"ImageObject","inLanguage":"es","@id":"https:\/\/secure.gravatar.com\/avatar\/7c1fad0dcba879f76a2e6b9189cea981c8fcb9c7e6f40d5903cf16ba29cb80b5?s=96&d=mm&r=g","url":"https:\/\/secure.gravatar.com\/avatar\/7c1fad0dcba879f76a2e6b9189cea981c8fcb9c7e6f40d5903cf16ba29cb80b5?s=96&d=mm&r=g","contentUrl":"https:\/\/secure.gravatar.com\/avatar\/7c1fad0dcba879f76a2e6b9189cea981c8fcb9c7e6f40d5903cf16ba29cb80b5?s=96&d=mm&r=g","caption":"Victor Miller"},"description":"Jornalista formado pela PUC do Rio de Janeiro, dedicou sua vida a falar sobre cultura nerd\/geek. Gay desde que se entende por gente, sempre teve desejo de trabalhar com o p\u00fablico LGBT+ e cr\u00ea que a informa\u00e7\u00e3o \u00e9 a a melhor arma contra qualquer tipo de \"fobia\"","sameAs":["https:\/\/gay.blog.br\/author\/victormiller\/","https:\/\/www.facebook.com\/victormillerreal","https:\/\/instagram.com\/victormillermiranda","https:\/\/www.linkedin.com\/in\/victor-miller-266b54a7\/","https:\/\/x.com\/https:\/\/twitter.com\/victor_miller","https:\/\/www.youtube.com\/user\/planetasonic"],"url":"https:\/\/gay.blog.br\/es\/author\/victormiller\/"}]}},"jetpack_publicize_connections":[],"jetpack_featured_media_url":"https:\/\/i0.wp.com\/gay.blog.br\/wp-content\/uploads\/2020\/10\/tiffanytrump.jpg?fit=2560%2C1708&ssl=1","jetpack_sharing_enabled":true,"jetpack_shortlink":"https:\/\/wp.me\/p6klkK-nRH","jetpack_likes_enabled":false,"amp_enabled":true,"_links":{"self":[{"href":"https:\/\/gay.blog.br\/es\/wp-json\/wp\/v2\/posts\/91741","targetHints":{"allow":["GET"]}}],"collection":[{"href":"https:\/\/gay.blog.br\/es\/wp-json\/wp\/v2\/posts"}],"about":[{"href":"https:\/\/gay.blog.br\/es\/wp-json\/wp\/v2\/types\/post"}],"author":[{"embeddable":true,"href":"https:\/\/gay.blog.br\/es\/wp-json\/wp\/v2\/users\/3515"}],"replies":[{"embeddable":true,"href":"https:\/\/gay.blog.br\/es\/wp-json\/wp\/v2\/comments?post=91741"}],"version-history":[{"count":0,"href":"https:\/\/gay.blog.br\/es\/wp-json\/wp\/v2\/posts\/91741\/revisions"}],"wp:featuredmedia":[{"embeddable":true,"href":"https:\/\/gay.blog.br\/es\/wp-json\/wp\/v2\/media\/91071"}],"wp:attachment":[{"href":"https:\/\/gay.blog.br\/es\/wp-json\/wp\/v2\/media?parent=91741"}],"wp:term":[{"taxonomy":"category","embeddable":true,"href":"https:\/\/gay.blog.br\/es\/wp-json\/wp\/v2\/categories?post=91741"},{"taxonomy":"post_tag","embeddable":true,"href":"https:\/\/gay.blog.br\/es\/wp-json\/wp\/v2\/tags?post=91741"}],"curies":[{"name":"wp","href":"https:\/\/api.w.org\/{rel}","templated":true}]}}