{"id":92161,"date":"2020-10-21T21:31:50","date_gmt":"2020-10-22T00:31:50","guid":{"rendered":"https:\/\/gay.blog.br\/?p=92161"},"modified":"2020-10-27T15:37:10","modified_gmt":"2020-10-27T18:37:10","slug":"el-papa-francisco-defiende-el-matrimonio-homosexual-y-sus-respectivos-derechos","status":"publish","type":"post","link":"https:\/\/gay.blog.br\/es\/noticias-es\/el-papa-francisco-defiende-el-matrimonio-homosexual-y-sus-respectivos-derechos\/","title":{"rendered":"El Papa Francisco defiende el matrimonio homosexual y sus respectivos derechos"},"content":{"rendered":"<p style=\"text-align: justify;\"><strong>\u00bbLas personas homosexuales tienen derecho a estar en una familia. Son hijas de Dios y tienen derecho a tener una familia. Nadie debe ser descartado o infeliz por eso\u00bb.<\/strong><\/p>\n<p style=\"text-align: justify;\">Esta declaraci\u00f3n del <strong>Papa Francisco<\/strong>, a favor de la uni\u00f3n civil de los homosexuales, reson\u00f3 en todo el mundo este mi\u00e9rcoles. Seg\u00fan lo publicado ayer por la Agencia Cat\u00f3lica de Informaci\u00f3n, as\u00ed lo dijo el Papa en el <a href=\"https:\/\/www.catholicnewsagency.com\/news\/pope-francis-calls-for-civil-union-law-for-same-sex-couples-in-shift-from-vatican-stance-12462\">documental<\/a>\u00bb Francesco \u00bb, dirigido por Evgeny Afineevsky, que se proyect\u00f3 en el Festival de Cine de Roma.<\/p>\n<p>\u00ab<strong>Lo que tenemos que hacer es crear legislaci\u00f3n para la uni\u00f3n civil. De esa manera, est\u00e1n legalmente amparados<\/strong>\u00ab, agreg\u00f3 el religioso en su comunicado.<\/p>\n<p style=\"text-align: justify;\">Tras la repercusi\u00f3n, la web se enamor\u00f3 del \u00abpapa de los pocs\u00bb:<\/p>\n<figure id=\"attachment_90934\" aria-describedby=\"caption-attachment-90934\" style=\"width: 882px\" class=\"wp-caption alignnone\"><a href=\"http:\/\/www.instagram.com\/gayblogbr\"><img data-recalc-dims=\"1\" loading=\"lazy\" decoding=\"async\" class=\"size-full wp-image-90934\" src=\"https:\/\/i0.wp.com\/gay.blog.br\/wp-content\/uploads\/2020\/10\/papa.jpg?resize=696%2C808&#038;ssl=1\" alt=\"\" width=\"696\" height=\"808\" srcset=\"https:\/\/i0.wp.com\/gay.blog.br\/wp-content\/uploads\/2020\/10\/papa.jpg?w=882&amp;ssl=1 882w, https:\/\/i0.wp.com\/gay.blog.br\/wp-content\/uploads\/2020\/10\/papa.jpg?resize=258%2C300&amp;ssl=1 258w, https:\/\/i0.wp.com\/gay.blog.br\/wp-content\/uploads\/2020\/10\/papa.jpg?resize=129%2C150&amp;ssl=1 129w, https:\/\/i0.wp.com\/gay.blog.br\/wp-content\/uploads\/2020\/10\/papa.jpg?resize=768%2C892&amp;ssl=1 768w, https:\/\/i0.wp.com\/gay.blog.br\/wp-content\/uploads\/2020\/10\/papa.jpg?resize=696%2C808&amp;ssl=1 696w, https:\/\/i0.wp.com\/gay.blog.br\/wp-content\/uploads\/2020\/10\/papa.jpg?resize=362%2C420&amp;ssl=1 362w, https:\/\/i0.wp.com\/gay.blog.br\/wp-content\/uploads\/2020\/10\/papa.jpg?resize=724%2C840&amp;ssl=1 724w\" sizes=\"auto, (max-width: 696px) 100vw, 696px\" \/><\/a><figcaption id=\"caption-attachment-90934\" class=\"wp-caption-text\">Reproducci\u00f3n Instagram<\/figcaption><\/figure>\n<blockquote class=\"instagram-media\" data-instgrm-captioned data-instgrm-permalink=\"https:\/\/www.instagram.com\/p\/CGnBrtDDkAa\/?utm_source=ig_embed&amp;utm_campaign=loading\" data-instgrm-version=\"13\" style=\" background:#FFF; border:0; border-radius:3px; box-shadow:0 0 1px 0 rgba(0,0,0,0.5),0 1px 10px 0 rgba(0,0,0,0.15); margin: 1px; max-width:658px; min-width:326px; padding:0; width:99.375%; width:-webkit-calc(100% - 2px); width:calc(100% - 2px);\">\n<div style=\"padding:16px;\"> <a href=\"https:\/\/www.instagram.com\/p\/CGnBrtDDkAa\/?utm_source=ig_embed&amp;utm_campaign=loading\" style=\" background:#FFFFFF; line-height:0; padding:0 0; text-align:center; text-decoration:none; width:100%;\" target=\"_blank\"> <\/p>\n<div style=\" display: flex; flex-direction: row; align-items: center;\">\n<div style=\"background-color: #F4F4F4; border-radius: 50%; flex-grow: 0; height: 40px; margin-right: 14px; width: 40px;\"><\/div>\n<div style=\"display: flex; flex-direction: column; flex-grow: 1; justify-content: center;\">\n<div style=\" background-color: #F4F4F4; border-radius: 4px; flex-grow: 0; height: 14px; margin-bottom: 6px; width: 100px;\"><\/div>\n<div style=\" background-color: #F4F4F4; border-radius: 4px; flex-grow: 0; height: 14px; width: 60px;\"><\/div>\n<\/div>\n<\/div>\n<div style=\"padding: 19% 0;\"><\/div>\n<div style=\"display:block; height:50px; margin:0 auto 12px; width:50px;\"><svg width=\"50px\" height=\"50px\" viewBox=\"0 0 60 60\" version=\"1.1\" xmlns=\"https:\/\/www.w3.org\/2000\/svg\" xmlns:xlink=\"https:\/\/www.w3.org\/1999\/xlink\"><g stroke=\"none\" stroke-width=\"1\" fill=\"none\" fill-rule=\"evenodd\"><g transform=\"translate(-511.000000, -20.000000)\" fill=\"#000000\"><g><path d=\"M556.869,30.41 C554.814,30.41 553.148,32.076 553.148,34.131 C553.148,36.186 554.814,37.852 556.869,37.852 C558.924,37.852 560.59,36.186 560.59,34.131 C560.59,32.076 558.924,30.41 556.869,30.41 M541,60.657 C535.114,60.657 530.342,55.887 530.342,50 C530.342,44.114 535.114,39.342 541,39.342 C546.887,39.342 551.658,44.114 551.658,50 C551.658,55.887 546.887,60.657 541,60.657 M541,33.886 C532.1,33.886 524.886,41.1 524.886,50 C524.886,58.899 532.1,66.113 541,66.113 C549.9,66.113 557.115,58.899 557.115,50 C557.115,41.1 549.9,33.886 541,33.886 M565.378,62.101 C565.244,65.022 564.756,66.606 564.346,67.663 C563.803,69.06 563.154,70.057 562.106,71.106 C561.058,72.155 560.06,72.803 558.662,73.347 C557.607,73.757 556.021,74.244 553.102,74.378 C549.944,74.521 548.997,74.552 541,74.552 C533.003,74.552 532.056,74.521 528.898,74.378 C525.979,74.244 524.393,73.757 523.338,73.347 C521.94,72.803 520.942,72.155 519.894,71.106 C518.846,70.057 518.197,69.06 517.654,67.663 C517.244,66.606 516.755,65.022 516.623,62.101 C516.479,58.943 516.448,57.996 516.448,50 C516.448,42.003 516.479,41.056 516.623,37.899 C516.755,34.978 517.244,33.391 517.654,32.338 C518.197,30.938 518.846,29.942 519.894,28.894 C520.942,27.846 521.94,27.196 523.338,26.654 C524.393,26.244 525.979,25.756 528.898,25.623 C532.057,25.479 533.004,25.448 541,25.448 C548.997,25.448 549.943,25.479 553.102,25.623 C556.021,25.756 557.607,26.244 558.662,26.654 C560.06,27.196 561.058,27.846 562.106,28.894 C563.154,29.942 563.803,30.938 564.346,32.338 C564.756,33.391 565.244,34.978 565.378,37.899 C565.522,41.056 565.552,42.003 565.552,50 C565.552,57.996 565.522,58.943 565.378,62.101 M570.82,37.631 C570.674,34.438 570.167,32.258 569.425,30.349 C568.659,28.377 567.633,26.702 565.965,25.035 C564.297,23.368 562.623,22.342 560.652,21.575 C558.743,20.834 556.562,20.326 553.369,20.18 C550.169,20.033 549.148,20 541,20 C532.853,20 531.831,20.033 528.631,20.18 C525.438,20.326 523.257,20.834 521.349,21.575 C519.376,22.342 517.703,23.368 516.035,25.035 C514.368,26.702 513.342,28.377 512.574,30.349 C511.834,32.258 511.326,34.438 511.181,37.631 C511.035,40.831 511,41.851 511,50 C511,58.147 511.035,59.17 511.181,62.369 C511.326,65.562 511.834,67.743 512.574,69.651 C513.342,71.625 514.368,73.296 516.035,74.965 C517.703,76.634 519.376,77.658 521.349,78.425 C523.257,79.167 525.438,79.673 528.631,79.82 C531.831,79.965 532.853,80.001 541,80.001 C549.148,80.001 550.169,79.965 553.369,79.82 C556.562,79.673 558.743,79.167 560.652,78.425 C562.623,77.658 564.297,76.634 565.965,74.965 C567.633,73.296 568.659,71.625 569.425,69.651 C570.167,67.743 570.674,65.562 570.82,62.369 C570.966,59.17 571,58.147 571,50 C571,41.851 570.966,40.831 570.82,37.631\"><\/path><\/g><\/g><\/g><\/svg><\/div>\n<div style=\"padding-top: 8px;\">\n<div style=\" color:#3897f0; font-family:Arial,sans-serif; font-size:14px; font-style:normal; font-weight:550; line-height:18px;\"> View this post on Instagram<\/div>\n<\/div>\n<div style=\"padding: 12.5% 0;\"><\/div>\n<div style=\"display: flex; flex-direction: row; margin-bottom: 14px; align-items: center;\">\n<div>\n<div style=\"background-color: #F4F4F4; border-radius: 50%; height: 12.5px; width: 12.5px; transform: translateX(0px) translateY(7px);\"><\/div>\n<div style=\"background-color: #F4F4F4; height: 12.5px; transform: rotate(-45deg) translateX(3px) translateY(1px); width: 12.5px; flex-grow: 0; margin-right: 14px; margin-left: 2px;\"><\/div>\n<div style=\"background-color: #F4F4F4; border-radius: 50%; height: 12.5px; width: 12.5px; transform: translateX(9px) translateY(-18px);\"><\/div>\n<\/div>\n<div style=\"margin-left: 8px;\">\n<div style=\" background-color: #F4F4F4; border-radius: 50%; flex-grow: 0; height: 20px; width: 20px;\"><\/div>\n<div style=\" width: 0; height: 0; border-top: 2px solid transparent; border-left: 6px solid #f4f4f4; border-bottom: 2px solid transparent; transform: translateX(16px) translateY(-4px) rotate(30deg)\"><\/div>\n<\/div>\n<div style=\"margin-left: auto;\">\n<div style=\" width: 0px; border-top: 8px solid #F4F4F4; border-right: 8px solid transparent; transform: translateY(16px);\"><\/div>\n<div style=\" background-color: #F4F4F4; flex-grow: 0; height: 12px; width: 16px; transform: translateY(-4px);\"><\/div>\n<div style=\" width: 0; height: 0; border-top: 8px solid #F4F4F4; border-left: 8px solid transparent; transform: translateY(-4px) translateX(8px);\"><\/div>\n<\/div>\n<\/div>\n<p><\/a> <\/p>\n<p style=\" margin:8px 0 0 0; padding:0 4px;\"> <a href=\"https:\/\/www.instagram.com\/p\/CGnBrtDDkAa\/?utm_source=ig_embed&amp;utm_campaign=loading\" style=\" color:#000; font-family:Arial,sans-serif; font-size:14px; font-style:normal; font-weight:normal; line-height:17px; text-decoration:none; word-wrap:break-word;\" target=\"_blank\">\ud83c\udff3\ufe0f\u200d\ud83c\udf08LGBTI \/ El Papa Francisco respalda las uniones civiles del mismo sexo, por primera vez como Papa, en una entrevista para el documental &#34;Francesco&#34; \ud83c\udfac \ud83d\udde3\ufe0f &#34;Las personas homosexuales tienen derecho a estar en una familia. Son hijos de Dios&#34;, expres\u00f3. \u26ea Como arzobispo de Buenos Aires, Francisco respald\u00f3 las uniones civiles para parejas homosexuales, como alternativa a matrimonios entre personas del mismo sexo \ud83d\udc68\u200d\u2764\ufe0f\u200d\ud83d\udc68 Como Papa, es la primera vez que se pronuncia p\u00fablicamente a favor de las uniones civiles \ud83d\udde3\ufe0f &#34;Lo que tenemos que tener es una ley de uni\u00f3n civil; de esa manera est\u00e1n cubiertos legalmente&#34;, mencion\u00f3 Francisco en una de las entrevistas para la pel\u00edcula. \ud83c\udfac &#34;Francesco&#34;, se estren\u00f3 hoy en el Festival de Cine de Roma \ud83d\udcfd\ufe0f El documental adem\u00e1s profundiza en otros temas que le preocupan, como el medioambiente la pobreza, la migraci\u00f3n, la desigualdad racial y de ingresos y las personas m\u00e1s afectadas por la discriminaci\u00f3n. \u2139\ufe0f Fuente: The Associated Press #PapaFrancisco  #Francesco #L25<\/a><\/p>\n<p style=\" color:#c9c8cd; font-family:Arial,sans-serif; font-size:14px; line-height:17px; margin-bottom:0; margin-top:8px; overflow:hidden; padding:8px 0 7px; text-align:center; text-overflow:ellipsis; white-space:nowrap;\">A post shared by <a href=\"https:\/\/www.instagram.com\/enlatitud25\/?utm_source=ig_embed&amp;utm_campaign=loading\" style=\" color:#c9c8cd; font-family:Arial,sans-serif; font-size:14px; font-style:normal; font-weight:normal; line-height:17px;\" target=\"_blank\"> Latitud 25<\/a> (@enlatitud25) on <time style=\" font-family:Arial,sans-serif; font-size:14px; line-height:17px;\" datetime=\"2020-10-21T14:58:55+00:00\">Oct 21, 2020 at 7:58am PDT<\/time><\/p>\n<\/div>\n<\/blockquote>\n<p><script async src=\"\/\/platform.instagram.com\/en_US\/embeds.js\"><\/script><\/p>\n<blockquote class=\"instagram-media\" data-instgrm-captioned data-instgrm-permalink=\"https:\/\/www.instagram.com\/p\/CGnxMpQlEpN\/?utm_source=ig_embed&amp;utm_campaign=loading\" data-instgrm-version=\"13\" style=\" background:#FFF; border:0; border-radius:3px; box-shadow:0 0 1px 0 rgba(0,0,0,0.5),0 1px 10px 0 rgba(0,0,0,0.15); margin: 1px; max-width:658px; min-width:326px; padding:0; width:99.375%; width:-webkit-calc(100% - 2px); width:calc(100% - 2px);\">\n<div style=\"padding:16px;\"> <a href=\"https:\/\/www.instagram.com\/p\/CGnxMpQlEpN\/?utm_source=ig_embed&amp;utm_campaign=loading\" style=\" background:#FFFFFF; line-height:0; padding:0 0; text-align:center; text-decoration:none; width:100%;\" target=\"_blank\"> <\/p>\n<div style=\" display: flex; flex-direction: row; align-items: center;\">\n<div style=\"background-color: #F4F4F4; border-radius: 50%; flex-grow: 0; height: 40px; margin-right: 14px; width: 40px;\"><\/div>\n<div style=\"display: flex; flex-direction: column; flex-grow: 1; justify-content: center;\">\n<div style=\" background-color: #F4F4F4; border-radius: 4px; flex-grow: 0; height: 14px; margin-bottom: 6px; width: 100px;\"><\/div>\n<div style=\" background-color: #F4F4F4; border-radius: 4px; flex-grow: 0; height: 14px; width: 60px;\"><\/div>\n<\/div>\n<\/div>\n<div style=\"padding: 19% 0;\"><\/div>\n<div style=\"display:block; height:50px; margin:0 auto 12px; width:50px;\"><svg width=\"50px\" height=\"50px\" viewBox=\"0 0 60 60\" version=\"1.1\" xmlns=\"https:\/\/www.w3.org\/2000\/svg\" xmlns:xlink=\"https:\/\/www.w3.org\/1999\/xlink\"><g stroke=\"none\" stroke-width=\"1\" fill=\"none\" fill-rule=\"evenodd\"><g transform=\"translate(-511.000000, -20.000000)\" fill=\"#000000\"><g><path d=\"M556.869,30.41 C554.814,30.41 553.148,32.076 553.148,34.131 C553.148,36.186 554.814,37.852 556.869,37.852 C558.924,37.852 560.59,36.186 560.59,34.131 C560.59,32.076 558.924,30.41 556.869,30.41 M541,60.657 C535.114,60.657 530.342,55.887 530.342,50 C530.342,44.114 535.114,39.342 541,39.342 C546.887,39.342 551.658,44.114 551.658,50 C551.658,55.887 546.887,60.657 541,60.657 M541,33.886 C532.1,33.886 524.886,41.1 524.886,50 C524.886,58.899 532.1,66.113 541,66.113 C549.9,66.113 557.115,58.899 557.115,50 C557.115,41.1 549.9,33.886 541,33.886 M565.378,62.101 C565.244,65.022 564.756,66.606 564.346,67.663 C563.803,69.06 563.154,70.057 562.106,71.106 C561.058,72.155 560.06,72.803 558.662,73.347 C557.607,73.757 556.021,74.244 553.102,74.378 C549.944,74.521 548.997,74.552 541,74.552 C533.003,74.552 532.056,74.521 528.898,74.378 C525.979,74.244 524.393,73.757 523.338,73.347 C521.94,72.803 520.942,72.155 519.894,71.106 C518.846,70.057 518.197,69.06 517.654,67.663 C517.244,66.606 516.755,65.022 516.623,62.101 C516.479,58.943 516.448,57.996 516.448,50 C516.448,42.003 516.479,41.056 516.623,37.899 C516.755,34.978 517.244,33.391 517.654,32.338 C518.197,30.938 518.846,29.942 519.894,28.894 C520.942,27.846 521.94,27.196 523.338,26.654 C524.393,26.244 525.979,25.756 528.898,25.623 C532.057,25.479 533.004,25.448 541,25.448 C548.997,25.448 549.943,25.479 553.102,25.623 C556.021,25.756 557.607,26.244 558.662,26.654 C560.06,27.196 561.058,27.846 562.106,28.894 C563.154,29.942 563.803,30.938 564.346,32.338 C564.756,33.391 565.244,34.978 565.378,37.899 C565.522,41.056 565.552,42.003 565.552,50 C565.552,57.996 565.522,58.943 565.378,62.101 M570.82,37.631 C570.674,34.438 570.167,32.258 569.425,30.349 C568.659,28.377 567.633,26.702 565.965,25.035 C564.297,23.368 562.623,22.342 560.652,21.575 C558.743,20.834 556.562,20.326 553.369,20.18 C550.169,20.033 549.148,20 541,20 C532.853,20 531.831,20.033 528.631,20.18 C525.438,20.326 523.257,20.834 521.349,21.575 C519.376,22.342 517.703,23.368 516.035,25.035 C514.368,26.702 513.342,28.377 512.574,30.349 C511.834,32.258 511.326,34.438 511.181,37.631 C511.035,40.831 511,41.851 511,50 C511,58.147 511.035,59.17 511.181,62.369 C511.326,65.562 511.834,67.743 512.574,69.651 C513.342,71.625 514.368,73.296 516.035,74.965 C517.703,76.634 519.376,77.658 521.349,78.425 C523.257,79.167 525.438,79.673 528.631,79.82 C531.831,79.965 532.853,80.001 541,80.001 C549.148,80.001 550.169,79.965 553.369,79.82 C556.562,79.673 558.743,79.167 560.652,78.425 C562.623,77.658 564.297,76.634 565.965,74.965 C567.633,73.296 568.659,71.625 569.425,69.651 C570.167,67.743 570.674,65.562 570.82,62.369 C570.966,59.17 571,58.147 571,50 C571,41.851 570.966,40.831 570.82,37.631\"><\/path><\/g><\/g><\/g><\/svg><\/div>\n<div style=\"padding-top: 8px;\">\n<div style=\" color:#3897f0; font-family:Arial,sans-serif; font-size:14px; font-style:normal; font-weight:550; line-height:18px;\"> View this post on Instagram<\/div>\n<\/div>\n<div style=\"padding: 12.5% 0;\"><\/div>\n<div style=\"display: flex; flex-direction: row; margin-bottom: 14px; align-items: center;\">\n<div>\n<div style=\"background-color: #F4F4F4; border-radius: 50%; height: 12.5px; width: 12.5px; transform: translateX(0px) translateY(7px);\"><\/div>\n<div style=\"background-color: #F4F4F4; height: 12.5px; transform: rotate(-45deg) translateX(3px) translateY(1px); width: 12.5px; flex-grow: 0; margin-right: 14px; margin-left: 2px;\"><\/div>\n<div style=\"background-color: #F4F4F4; border-radius: 50%; height: 12.5px; width: 12.5px; transform: translateX(9px) translateY(-18px);\"><\/div>\n<\/div>\n<div style=\"margin-left: 8px;\">\n<div style=\" background-color: #F4F4F4; border-radius: 50%; flex-grow: 0; height: 20px; width: 20px;\"><\/div>\n<div style=\" width: 0; height: 0; border-top: 2px solid transparent; border-left: 6px solid #f4f4f4; border-bottom: 2px solid transparent; transform: translateX(16px) translateY(-4px) rotate(30deg)\"><\/div>\n<\/div>\n<div style=\"margin-left: auto;\">\n<div style=\" width: 0px; border-top: 8px solid #F4F4F4; border-right: 8px solid transparent; transform: translateY(16px);\"><\/div>\n<div style=\" background-color: #F4F4F4; flex-grow: 0; height: 12px; width: 16px; transform: translateY(-4px);\"><\/div>\n<div style=\" width: 0; height: 0; border-top: 8px solid #F4F4F4; border-left: 8px solid transparent; transform: translateY(-4px) translateX(8px);\"><\/div>\n<\/div>\n<\/div>\n<p><\/a> <\/p>\n<p style=\" margin:8px 0 0 0; padding:0 4px;\"> <a href=\"https:\/\/www.instagram.com\/p\/CGnxMpQlEpN\/?utm_source=ig_embed&amp;utm_campaign=loading\" style=\" color:#000; font-family:Arial,sans-serif; font-size:14px; font-style:normal; font-weight:normal; line-height:17px; text-decoration:none; word-wrap:break-word;\" target=\"_blank\">El papa Francisco expres\u00f3 por primera vez su apoyo a la legalizaci\u00f3n de las uniones civiles de parejas del mismo sexo a trav\u00e9s de una entrevista para un documental que se estren\u00f3 este mi\u00e9rcoles en el Festival de Cine de Roma. &#34;La gente homosexual tiene derecho a estar en una familia. Son hijos de Dios y tienen derecho a una familia. Nadie deber\u00eda ser expulsado o sentirse miserable por ello&#34;, dice el l\u00edder de la Iglesia cat\u00f3lica en el filme titulado &#34;Francesco&#34;. El filme tambi\u00e9n muestra al papa animando a una pareja de homosexuales a criar a sus hijos llev\u00e1ndolos a una parroquia local. A diferencia de sus predecesores, Francisco ha optado por mostrar empat\u00eda por la comunidad LGBT desde que tom\u00f3 las riendas del catolicismo en 2013, algo que le ha valido cr\u00edticas de los jerarcas conservadores de la Iglesia. Y tambi\u00e9n se\u00f1alamientos de &#34;hipocres\u00eda&#34;. #LGBT #papafrancisco<\/a><\/p>\n<p style=\" color:#c9c8cd; font-family:Arial,sans-serif; font-size:14px; line-height:17px; margin-bottom:0; margin-top:8px; overflow:hidden; padding:8px 0 7px; text-align:center; text-overflow:ellipsis; white-space:nowrap;\">A post shared by <a href=\"https:\/\/www.instagram.com\/romatv.ec\/?utm_source=ig_embed&amp;utm_campaign=loading\" style=\" color:#c9c8cd; font-family:Arial,sans-serif; font-size:14px; font-style:normal; font-weight:normal; line-height:17px;\" target=\"_blank\"> Roma Tv \ud83d\udcf2<\/a> (@romatv.ec) on <time style=\" font-family:Arial,sans-serif; font-size:14px; line-height:17px;\" datetime=\"2020-10-21T21:54:07+00:00\">Oct 21, 2020 at 2:54pm PDT<\/time><\/p>\n<\/div>\n<\/blockquote>\n<p><script async src=\"\/\/platform.instagram.com\/en_US\/embeds.js\"><\/script><\/p>\n<blockquote class=\"twitter-tweet\" data-width=\"550\" data-dnt=\"true\">\n<p lang=\"pt\" dir=\"ltr\">at\u00e9 o papa reconheceu e vc ainda n\u00e3o, desgra\u00e7a???? <a href=\"https:\/\/t.co\/qqgE24qGzO\">pic.twitter.com\/qqgE24qGzO<\/a><\/p>\n<p>&mdash; Guido \ud83c\udf83\ud83c\udff3\ufe0f\u200d\ud83c\udf08 (@yaypumpkin) <a href=\"https:\/\/twitter.com\/yaypumpkin\/status\/1318996835114061824?ref_src=twsrc%5Etfw\">October 21, 2020<\/a><\/p><\/blockquote>\n<p><script async src=\"https:\/\/platform.twitter.com\/widgets.js\" charset=\"utf-8\"><\/script><\/p>\n<blockquote class=\"twitter-tweet\" data-width=\"550\" data-dnt=\"true\">\n<p lang=\"pt\" dir=\"ltr\">Eu no grupo da fam\u00edlia depois da not\u00edcia mara do Papa hj, fazia dias que nem abria o grupo \ud83d\ude02\ud83d\ude02\ud83d\ude02\ud83d\ude02\ud83d\ude02 <a href=\"https:\/\/t.co\/vpqgSivJCa\">pic.twitter.com\/vpqgSivJCa<\/a><\/p>\n<p>&mdash; Miazinha Colucci (@PedrusLima) <a href=\"https:\/\/twitter.com\/PedrusLima\/status\/1319033690186522624?ref_src=twsrc%5Etfw\">October 21, 2020<\/a><\/p><\/blockquote>\n<p><script async src=\"https:\/\/platform.twitter.com\/widgets.js\" charset=\"utf-8\"><\/script><\/p>\n<blockquote class=\"twitter-tweet\" data-width=\"550\" data-dnt=\"true\">\n<p lang=\"pt\" dir=\"ltr\">Papa BEM !!! <a href=\"https:\/\/t.co\/0qWxoTO0fW\">pic.twitter.com\/0qWxoTO0fW<\/a><\/p>\n<p>&mdash; Gomes (@Aquele_Gomes) <a href=\"https:\/\/twitter.com\/Aquele_Gomes\/status\/1318925095008673792?ref_src=twsrc%5Etfw\">October 21, 2020<\/a><\/p><\/blockquote>\n<p><script async src=\"https:\/\/platform.twitter.com\/widgets.js\" charset=\"utf-8\"><\/script><\/p>\n<blockquote class=\"instagram-media\" data-instgrm-captioned data-instgrm-permalink=\"https:\/\/www.instagram.com\/p\/CGnspyOrbmf\/?utm_source=ig_embed&amp;utm_campaign=loading\" data-instgrm-version=\"13\" style=\" background:#FFF; border:0; border-radius:3px; box-shadow:0 0 1px 0 rgba(0,0,0,0.5),0 1px 10px 0 rgba(0,0,0,0.15); margin: 1px; max-width:658px; min-width:326px; padding:0; width:99.375%; width:-webkit-calc(100% - 2px); width:calc(100% - 2px);\">\n<div style=\"padding:16px;\"> <a href=\"https:\/\/www.instagram.com\/p\/CGnspyOrbmf\/?utm_source=ig_embed&amp;utm_campaign=loading\" style=\" background:#FFFFFF; line-height:0; padding:0 0; text-align:center; text-decoration:none; width:100%;\" target=\"_blank\"> <\/p>\n<div style=\" display: flex; flex-direction: row; align-items: center;\">\n<div style=\"background-color: #F4F4F4; border-radius: 50%; flex-grow: 0; height: 40px; margin-right: 14px; width: 40px;\"><\/div>\n<div style=\"display: flex; flex-direction: column; flex-grow: 1; justify-content: center;\">\n<div style=\" background-color: #F4F4F4; border-radius: 4px; flex-grow: 0; height: 14px; margin-bottom: 6px; width: 100px;\"><\/div>\n<div style=\" background-color: #F4F4F4; border-radius: 4px; flex-grow: 0; height: 14px; width: 60px;\"><\/div>\n<\/div>\n<\/div>\n<div style=\"padding: 19% 0;\"><\/div>\n<div style=\"display:block; height:50px; margin:0 auto 12px; width:50px;\"><svg width=\"50px\" height=\"50px\" viewBox=\"0 0 60 60\" version=\"1.1\" xmlns=\"https:\/\/www.w3.org\/2000\/svg\" xmlns:xlink=\"https:\/\/www.w3.org\/1999\/xlink\"><g stroke=\"none\" stroke-width=\"1\" fill=\"none\" fill-rule=\"evenodd\"><g transform=\"translate(-511.000000, -20.000000)\" fill=\"#000000\"><g><path d=\"M556.869,30.41 C554.814,30.41 553.148,32.076 553.148,34.131 C553.148,36.186 554.814,37.852 556.869,37.852 C558.924,37.852 560.59,36.186 560.59,34.131 C560.59,32.076 558.924,30.41 556.869,30.41 M541,60.657 C535.114,60.657 530.342,55.887 530.342,50 C530.342,44.114 535.114,39.342 541,39.342 C546.887,39.342 551.658,44.114 551.658,50 C551.658,55.887 546.887,60.657 541,60.657 M541,33.886 C532.1,33.886 524.886,41.1 524.886,50 C524.886,58.899 532.1,66.113 541,66.113 C549.9,66.113 557.115,58.899 557.115,50 C557.115,41.1 549.9,33.886 541,33.886 M565.378,62.101 C565.244,65.022 564.756,66.606 564.346,67.663 C563.803,69.06 563.154,70.057 562.106,71.106 C561.058,72.155 560.06,72.803 558.662,73.347 C557.607,73.757 556.021,74.244 553.102,74.378 C549.944,74.521 548.997,74.552 541,74.552 C533.003,74.552 532.056,74.521 528.898,74.378 C525.979,74.244 524.393,73.757 523.338,73.347 C521.94,72.803 520.942,72.155 519.894,71.106 C518.846,70.057 518.197,69.06 517.654,67.663 C517.244,66.606 516.755,65.022 516.623,62.101 C516.479,58.943 516.448,57.996 516.448,50 C516.448,42.003 516.479,41.056 516.623,37.899 C516.755,34.978 517.244,33.391 517.654,32.338 C518.197,30.938 518.846,29.942 519.894,28.894 C520.942,27.846 521.94,27.196 523.338,26.654 C524.393,26.244 525.979,25.756 528.898,25.623 C532.057,25.479 533.004,25.448 541,25.448 C548.997,25.448 549.943,25.479 553.102,25.623 C556.021,25.756 557.607,26.244 558.662,26.654 C560.06,27.196 561.058,27.846 562.106,28.894 C563.154,29.942 563.803,30.938 564.346,32.338 C564.756,33.391 565.244,34.978 565.378,37.899 C565.522,41.056 565.552,42.003 565.552,50 C565.552,57.996 565.522,58.943 565.378,62.101 M570.82,37.631 C570.674,34.438 570.167,32.258 569.425,30.349 C568.659,28.377 567.633,26.702 565.965,25.035 C564.297,23.368 562.623,22.342 560.652,21.575 C558.743,20.834 556.562,20.326 553.369,20.18 C550.169,20.033 549.148,20 541,20 C532.853,20 531.831,20.033 528.631,20.18 C525.438,20.326 523.257,20.834 521.349,21.575 C519.376,22.342 517.703,23.368 516.035,25.035 C514.368,26.702 513.342,28.377 512.574,30.349 C511.834,32.258 511.326,34.438 511.181,37.631 C511.035,40.831 511,41.851 511,50 C511,58.147 511.035,59.17 511.181,62.369 C511.326,65.562 511.834,67.743 512.574,69.651 C513.342,71.625 514.368,73.296 516.035,74.965 C517.703,76.634 519.376,77.658 521.349,78.425 C523.257,79.167 525.438,79.673 528.631,79.82 C531.831,79.965 532.853,80.001 541,80.001 C549.148,80.001 550.169,79.965 553.369,79.82 C556.562,79.673 558.743,79.167 560.652,78.425 C562.623,77.658 564.297,76.634 565.965,74.965 C567.633,73.296 568.659,71.625 569.425,69.651 C570.167,67.743 570.674,65.562 570.82,62.369 C570.966,59.17 571,58.147 571,50 C571,41.851 570.966,40.831 570.82,37.631\"><\/path><\/g><\/g><\/g><\/svg><\/div>\n<div style=\"padding-top: 8px;\">\n<div style=\" color:#3897f0; font-family:Arial,sans-serif; font-size:14px; font-style:normal; font-weight:550; line-height:18px;\"> View this post on Instagram<\/div>\n<\/div>\n<div style=\"padding: 12.5% 0;\"><\/div>\n<div style=\"display: flex; flex-direction: row; margin-bottom: 14px; align-items: center;\">\n<div>\n<div style=\"background-color: #F4F4F4; border-radius: 50%; height: 12.5px; width: 12.5px; transform: translateX(0px) translateY(7px);\"><\/div>\n<div style=\"background-color: #F4F4F4; height: 12.5px; transform: rotate(-45deg) translateX(3px) translateY(1px); width: 12.5px; flex-grow: 0; margin-right: 14px; margin-left: 2px;\"><\/div>\n<div style=\"background-color: #F4F4F4; border-radius: 50%; height: 12.5px; width: 12.5px; transform: translateX(9px) translateY(-18px);\"><\/div>\n<\/div>\n<div style=\"margin-left: 8px;\">\n<div style=\" background-color: #F4F4F4; border-radius: 50%; flex-grow: 0; height: 20px; width: 20px;\"><\/div>\n<div style=\" width: 0; height: 0; border-top: 2px solid transparent; border-left: 6px solid #f4f4f4; border-bottom: 2px solid transparent; transform: translateX(16px) translateY(-4px) rotate(30deg)\"><\/div>\n<\/div>\n<div style=\"margin-left: auto;\">\n<div style=\" width: 0px; border-top: 8px solid #F4F4F4; border-right: 8px solid transparent; transform: translateY(16px);\"><\/div>\n<div style=\" background-color: #F4F4F4; flex-grow: 0; height: 12px; width: 16px; transform: translateY(-4px);\"><\/div>\n<div style=\" width: 0; height: 0; border-top: 8px solid #F4F4F4; border-left: 8px solid transparent; transform: translateY(-4px) translateX(8px);\"><\/div>\n<\/div>\n<\/div>\n<p><\/a> <\/p>\n<p style=\" margin:8px 0 0 0; padding:0 4px;\"> <a href=\"https:\/\/www.instagram.com\/p\/CGnspyOrbmf\/?utm_source=ig_embed&amp;utm_campaign=loading\" style=\" color:#000; font-family:Arial,sans-serif; font-size:14px; font-style:normal; font-weight:normal; line-height:17px; text-decoration:none; word-wrap:break-word;\" target=\"_blank\">#BREAKING \ud83d\udea8 &#34;Son hijos de Dios y tienen derecho a una familia&#34;. Con esta declaraci\u00f3n el #PapaFrancisco afirma su apoyo a la uni\u00f3n civil de parejas del mismo sexo, d\u00e1ndole un giro total a las doctrinas de la m\u00e1xima autoridad de la iglesia.<\/a><\/p>\n<p style=\" color:#c9c8cd; font-family:Arial,sans-serif; font-size:14px; line-height:17px; margin-bottom:0; margin-top:8px; overflow:hidden; padding:8px 0 7px; text-align:center; text-overflow:ellipsis; white-space:nowrap;\">A post shared by <a href=\"https:\/\/www.instagram.com\/chic_tam\/?utm_source=ig_embed&amp;utm_campaign=loading\" style=\" color:#c9c8cd; font-family:Arial,sans-serif; font-size:14px; font-style:normal; font-weight:normal; line-height:17px;\" target=\"_blank\"> Chic Magazine Tamaulipas<\/a> (@chic_tam) on <time style=\" font-family:Arial,sans-serif; font-size:14px; line-height:17px;\" datetime=\"2020-10-21T21:14:24+00:00\">Oct 21, 2020 at 2:14pm PDT<\/time><\/p>\n<\/div>\n<\/blockquote>\n<p><script async src=\"\/\/platform.instagram.com\/en_US\/embeds.js\"><\/script><\/p>\n<p style=\"text-align: justify;\">\n","protected":false},"excerpt":{"rendered":"<p>La declaraci\u00f3n del Papa Francisco a favor de la uni\u00f3n civil de homosexuales en todo el mundo este mes<\/p>\n","protected":false},"author":3039,"featured_media":90956,"comment_status":"open","ping_status":"open","sticky":false,"template":"","format":"standard","meta":{"googlesitekit_rrm_CAoiEBg-BXrJeACjO8p49SE4kTY:productID":"","tdm_status":"","tdm_grid_status":"","_jetpack_newsletter_access":"","_jetpack_dont_email_post_to_subs":false,"_jetpack_newsletter_tier_id":0,"_jetpack_memberships_contains_paywalled_content":false,"_jetpack_memberships_contains_paid_content":false,"footnotes":"","jetpack_publicize_message":"El Papa Francisco defiende el matrimonio homosexual y sus respectivos derechos","jetpack_publicize_feature_enabled":true,"jetpack_social_post_already_shared":true,"jetpack_social_options":{"image_generator_settings":{"template":"highway","default_image_id":0,"font":"","enabled":false},"version":2},"_wpas_customize_per_network":false,"jetpack_post_was_ever_published":false},"categories":[589932231],"tags":[589933674,589933672,589933673,589933671],"class_list":{"0":"post-92161","1":"post","2":"type-post","3":"status-publish","4":"format-standard","5":"has-post-thumbnail","7":"category-noticias-es","8":"tag-francesco-es","9":"tag-iglesia-catolica","10":"tag-matrimonio-homosexual","11":"tag-papa-es"},"yoast_head":"<!-- This site is optimized with the Yoast SEO plugin v27.4 - https:\/\/yoast.com\/product\/yoast-seo-wordpress\/ -->\n<title>El Papa Francisco defiende el matrimonio homosexual y sus respectivos derechos<\/title>\n<meta name=\"description\" content=\"La declaraci\u00f3n del Papa Francisco a favor de la uni\u00f3n civil de homosexuales reson\u00f3 en todo el mundo este mi\u00e9rcoles\" \/>\n<meta name=\"robots\" content=\"index, follow, max-snippet:-1, max-image-preview:large, max-video-preview:-1\" \/>\n<link rel=\"canonical\" href=\"https:\/\/gay.blog.br\/es\/noticias-es\/el-papa-francisco-defiende-el-matrimonio-homosexual-y-sus-respectivos-derechos\/\" \/>\n<meta property=\"og:locale\" content=\"es_ES\" \/>\n<meta property=\"og:type\" content=\"article\" \/>\n<meta property=\"og:title\" content=\"El Papa Francisco defiende el matrimonio homosexual y sus respectivos derechos\" \/>\n<meta property=\"og:description\" content=\"La declaraci\u00f3n del Papa Francisco a favor de la uni\u00f3n civil de homosexuales reson\u00f3 en todo el mundo este mi\u00e9rcoles\" \/>\n<meta property=\"og:url\" content=\"https:\/\/gay.blog.br\/es\/noticias-es\/el-papa-francisco-defiende-el-matrimonio-homosexual-y-sus-respectivos-derechos\/\" \/>\n<meta property=\"og:site_name\" content=\"GAY BLOG BR @gayblogbr\" \/>\n<meta property=\"article:publisher\" content=\"https:\/\/facebook.com\/gayblogbr\" \/>\n<meta property=\"article:published_time\" content=\"2020-10-22T00:31:50+00:00\" \/>\n<meta property=\"article:modified_time\" content=\"2020-10-27T18:37:10+00:00\" \/>\n<meta property=\"og:image\" content=\"https:\/\/i2.wp.com\/gay.blog.br\/wp-content\/uploads\/2020\/10\/Screenshot_1-2.jpg?fit=783%2C439&ssl=1\" \/>\n\t<meta property=\"og:image:width\" content=\"783\" \/>\n\t<meta property=\"og:image:height\" content=\"439\" \/>\n\t<meta property=\"og:image:type\" content=\"image\/jpeg\" \/>\n<meta name=\"author\" content=\"Carlos Henrique Braga\" \/>\n<meta name=\"twitter:card\" content=\"summary_large_image\" \/>\n<meta name=\"twitter:creator\" content=\"@cahebraga\" \/>\n<meta name=\"twitter:site\" content=\"@gayblogbr\" \/>\n<meta name=\"twitter:label1\" content=\"Escrito por\" \/>\n\t<meta name=\"twitter:data1\" content=\"Carlos Henrique Braga\" \/>\n\t<meta name=\"twitter:label2\" content=\"Tiempo de lectura\" \/>\n\t<meta name=\"twitter:data2\" content=\"1 minuto\" \/>\n<script type=\"application\/ld+json\" class=\"yoast-schema-graph\">{\"@context\":\"https:\\\/\\\/schema.org\",\"@graph\":[{\"@type\":\"Article\",\"@id\":\"https:\\\/\\\/gay.blog.br\\\/es\\\/noticias-es\\\/el-papa-francisco-defiende-el-matrimonio-homosexual-y-sus-respectivos-derechos\\\/#article\",\"isPartOf\":{\"@id\":\"https:\\\/\\\/gay.blog.br\\\/es\\\/noticias-es\\\/el-papa-francisco-defiende-el-matrimonio-homosexual-y-sus-respectivos-derechos\\\/\"},\"author\":{\"name\":\"Carlos Henrique Braga\",\"@id\":\"https:\\\/\\\/gay.blog.br\\\/es\\\/#\\\/schema\\\/person\\\/cd267ffff2d56e12768a81623718b979\"},\"headline\":\"El Papa Francisco defiende el matrimonio homosexual y sus respectivos derechos\",\"datePublished\":\"2020-10-22T00:31:50+00:00\",\"dateModified\":\"2020-10-27T18:37:10+00:00\",\"mainEntityOfPage\":{\"@id\":\"https:\\\/\\\/gay.blog.br\\\/es\\\/noticias-es\\\/el-papa-francisco-defiende-el-matrimonio-homosexual-y-sus-respectivos-derechos\\\/\"},\"wordCount\":202,\"commentCount\":0,\"publisher\":{\"@id\":\"https:\\\/\\\/gay.blog.br\\\/es\\\/#organization\"},\"image\":{\"@id\":\"https:\\\/\\\/gay.blog.br\\\/es\\\/noticias-es\\\/el-papa-francisco-defiende-el-matrimonio-homosexual-y-sus-respectivos-derechos\\\/#primaryimage\"},\"thumbnailUrl\":\"https:\\\/\\\/i0.wp.com\\\/gay.blog.br\\\/wp-content\\\/uploads\\\/2020\\\/10\\\/Screenshot_1-2.jpg?fit=783%2C439&ssl=1\",\"keywords\":[\"francesco\",\"iglesia cat\u00f3lica\",\"matrimonio homosexual\",\"papa\"],\"articleSection\":[\"NOT\u00cdCIAS\"],\"inLanguage\":\"es\",\"potentialAction\":[{\"@type\":\"CommentAction\",\"name\":\"Comment\",\"target\":[\"https:\\\/\\\/gay.blog.br\\\/es\\\/noticias-es\\\/el-papa-francisco-defiende-el-matrimonio-homosexual-y-sus-respectivos-derechos\\\/#respond\"]}]},{\"@type\":\"WebPage\",\"@id\":\"https:\\\/\\\/gay.blog.br\\\/es\\\/noticias-es\\\/el-papa-francisco-defiende-el-matrimonio-homosexual-y-sus-respectivos-derechos\\\/\",\"url\":\"https:\\\/\\\/gay.blog.br\\\/es\\\/noticias-es\\\/el-papa-francisco-defiende-el-matrimonio-homosexual-y-sus-respectivos-derechos\\\/\",\"name\":\"El Papa Francisco defiende el matrimonio homosexual y sus respectivos derechos\",\"isPartOf\":{\"@id\":\"https:\\\/\\\/gay.blog.br\\\/es\\\/#website\"},\"primaryImageOfPage\":{\"@id\":\"https:\\\/\\\/gay.blog.br\\\/es\\\/noticias-es\\\/el-papa-francisco-defiende-el-matrimonio-homosexual-y-sus-respectivos-derechos\\\/#primaryimage\"},\"image\":{\"@id\":\"https:\\\/\\\/gay.blog.br\\\/es\\\/noticias-es\\\/el-papa-francisco-defiende-el-matrimonio-homosexual-y-sus-respectivos-derechos\\\/#primaryimage\"},\"thumbnailUrl\":\"https:\\\/\\\/i0.wp.com\\\/gay.blog.br\\\/wp-content\\\/uploads\\\/2020\\\/10\\\/Screenshot_1-2.jpg?fit=783%2C439&ssl=1\",\"datePublished\":\"2020-10-22T00:31:50+00:00\",\"dateModified\":\"2020-10-27T18:37:10+00:00\",\"description\":\"La declaraci\u00f3n del Papa Francisco a favor de la uni\u00f3n civil de homosexuales reson\u00f3 en todo el mundo este mi\u00e9rcoles\",\"breadcrumb\":{\"@id\":\"https:\\\/\\\/gay.blog.br\\\/es\\\/noticias-es\\\/el-papa-francisco-defiende-el-matrimonio-homosexual-y-sus-respectivos-derechos\\\/#breadcrumb\"},\"inLanguage\":\"es\",\"potentialAction\":[{\"@type\":\"ReadAction\",\"target\":[\"https:\\\/\\\/gay.blog.br\\\/es\\\/noticias-es\\\/el-papa-francisco-defiende-el-matrimonio-homosexual-y-sus-respectivos-derechos\\\/\"]}]},{\"@type\":\"ImageObject\",\"inLanguage\":\"es\",\"@id\":\"https:\\\/\\\/gay.blog.br\\\/es\\\/noticias-es\\\/el-papa-francisco-defiende-el-matrimonio-homosexual-y-sus-respectivos-derechos\\\/#primaryimage\",\"url\":\"https:\\\/\\\/i0.wp.com\\\/gay.blog.br\\\/wp-content\\\/uploads\\\/2020\\\/10\\\/Screenshot_1-2.jpg?fit=783%2C439&ssl=1\",\"contentUrl\":\"https:\\\/\\\/i0.wp.com\\\/gay.blog.br\\\/wp-content\\\/uploads\\\/2020\\\/10\\\/Screenshot_1-2.jpg?fit=783%2C439&ssl=1\",\"width\":783,\"height\":439},{\"@type\":\"BreadcrumbList\",\"@id\":\"https:\\\/\\\/gay.blog.br\\\/es\\\/noticias-es\\\/el-papa-francisco-defiende-el-matrimonio-homosexual-y-sus-respectivos-derechos\\\/#breadcrumb\",\"itemListElement\":[{\"@type\":\"ListItem\",\"position\":1,\"name\":\"In\u00edcio\",\"item\":\"https:\\\/\\\/gay.blog.br\\\/es\\\/\"},{\"@type\":\"ListItem\",\"position\":2,\"name\":\"El Papa Francisco defiende el matrimonio homosexual y sus respectivos derechos\"}]},{\"@type\":\"WebSite\",\"@id\":\"https:\\\/\\\/gay.blog.br\\\/es\\\/#website\",\"url\":\"https:\\\/\\\/gay.blog.br\\\/es\\\/\",\"name\":\"GAY BLOG BR @gayblogbr\",\"description\":\"Not\u00edcias que empoderam e\\\/ou entret\u00eam s\u00e3o especialidades da casa\",\"publisher\":{\"@id\":\"https:\\\/\\\/gay.blog.br\\\/es\\\/#organization\"},\"potentialAction\":[{\"@type\":\"SearchAction\",\"target\":{\"@type\":\"EntryPoint\",\"urlTemplate\":\"https:\\\/\\\/gay.blog.br\\\/es\\\/?s={search_term_string}\"},\"query-input\":{\"@type\":\"PropertyValueSpecification\",\"valueRequired\":true,\"valueName\":\"search_term_string\"}}],\"inLanguage\":\"es\"},{\"@type\":\"Organization\",\"@id\":\"https:\\\/\\\/gay.blog.br\\\/es\\\/#organization\",\"name\":\"GAY BLOG BR\",\"url\":\"https:\\\/\\\/gay.blog.br\\\/es\\\/\",\"logo\":{\"@type\":\"ImageObject\",\"inLanguage\":\"es\",\"@id\":\"https:\\\/\\\/gay.blog.br\\\/es\\\/#\\\/schema\\\/logo\\\/image\\\/\",\"url\":\"https:\\\/\\\/i0.wp.com\\\/gay.blog.br\\\/wp-content\\\/uploads\\\/2023\\\/08\\\/gay180px.png?fit=272%2C90&ssl=1\",\"contentUrl\":\"https:\\\/\\\/i0.wp.com\\\/gay.blog.br\\\/wp-content\\\/uploads\\\/2023\\\/08\\\/gay180px.png?fit=272%2C90&ssl=1\",\"width\":272,\"height\":90,\"caption\":\"GAY BLOG BR\"},\"image\":{\"@id\":\"https:\\\/\\\/gay.blog.br\\\/es\\\/#\\\/schema\\\/logo\\\/image\\\/\"},\"sameAs\":[\"https:\\\/\\\/facebook.com\\\/gayblogbr\",\"https:\\\/\\\/x.com\\\/gayblogbr\",\"https:\\\/\\\/instagram.com\\\/gayblogbr\",\"https:\\\/\\\/www.linkedin.com\\\/company\\\/gayblogbr\\\/\",\"https:\\\/\\\/br.pinterest.com\\\/gayblogbr\\\/\",\"https:\\\/\\\/www.youtube.com\\\/channel\\\/UCdEu3JXLOB-wvWAVUF4AIiA\",\"https:\\\/\\\/pt.wikipedia.org\\\/wiki\\\/Gay_Blog_Br\",\"https:\\\/\\\/www.threads.net\\\/@gayblogbr\"]},{\"@type\":\"Person\",\"@id\":\"https:\\\/\\\/gay.blog.br\\\/es\\\/#\\\/schema\\\/person\\\/cd267ffff2d56e12768a81623718b979\",\"name\":\"Carlos Henrique Braga\",\"image\":{\"@type\":\"ImageObject\",\"inLanguage\":\"es\",\"@id\":\"https:\\\/\\\/secure.gravatar.com\\\/avatar\\\/5b3e587a2c2062bba657f0e46352c11e0f9fd644f822214af015b5e192d0f016?s=96&d=mm&r=g\",\"url\":\"https:\\\/\\\/secure.gravatar.com\\\/avatar\\\/5b3e587a2c2062bba657f0e46352c11e0f9fd644f822214af015b5e192d0f016?s=96&d=mm&r=g\",\"contentUrl\":\"https:\\\/\\\/secure.gravatar.com\\\/avatar\\\/5b3e587a2c2062bba657f0e46352c11e0f9fd644f822214af015b5e192d0f016?s=96&d=mm&r=g\",\"caption\":\"Carlos Henrique Braga\"},\"description\":\"Jornalista pela Universidade Federal de MS, foi rep\u00f3rter de economia e hoje, al\u00e9m de colaborar para o Gay Blog Br, \u00e9 servidor p\u00fablico em Joinville (SC). Escreveu ''A Supremacia do Abandono'', livro dispon\u00edvel em amazon.com.br.\",\"sameAs\":[\"https:\\\/\\\/x.com\\\/@cahebraga\"],\"url\":\"https:\\\/\\\/gay.blog.br\\\/es\\\/author\\\/carloshenriquebraga\\\/\"}]}<\/script>\n<!-- \/ Yoast SEO plugin. -->","yoast_head_json":{"title":"El Papa Francisco defiende el matrimonio homosexual y sus respectivos derechos","description":"La declaraci\u00f3n del Papa Francisco a favor de la uni\u00f3n civil de homosexuales reson\u00f3 en todo el mundo este mi\u00e9rcoles","robots":{"index":"index","follow":"follow","max-snippet":"max-snippet:-1","max-image-preview":"max-image-preview:large","max-video-preview":"max-video-preview:-1"},"canonical":"https:\/\/gay.blog.br\/es\/noticias-es\/el-papa-francisco-defiende-el-matrimonio-homosexual-y-sus-respectivos-derechos\/","og_locale":"es_ES","og_type":"article","og_title":"El Papa Francisco defiende el matrimonio homosexual y sus respectivos derechos","og_description":"La declaraci\u00f3n del Papa Francisco a favor de la uni\u00f3n civil de homosexuales reson\u00f3 en todo el mundo este mi\u00e9rcoles","og_url":"https:\/\/gay.blog.br\/es\/noticias-es\/el-papa-francisco-defiende-el-matrimonio-homosexual-y-sus-respectivos-derechos\/","og_site_name":"GAY BLOG BR @gayblogbr","article_publisher":"https:\/\/facebook.com\/gayblogbr","article_published_time":"2020-10-22T00:31:50+00:00","article_modified_time":"2020-10-27T18:37:10+00:00","og_image":[{"width":783,"height":439,"url":"https:\/\/i2.wp.com\/gay.blog.br\/wp-content\/uploads\/2020\/10\/Screenshot_1-2.jpg?fit=783%2C439&ssl=1","type":"image\/jpeg"}],"author":"Carlos Henrique Braga","twitter_card":"summary_large_image","twitter_creator":"@cahebraga","twitter_site":"@gayblogbr","twitter_misc":{"Escrito por":"Carlos Henrique Braga","Tiempo de lectura":"1 minuto"},"schema":{"@context":"https:\/\/schema.org","@graph":[{"@type":"Article","@id":"https:\/\/gay.blog.br\/es\/noticias-es\/el-papa-francisco-defiende-el-matrimonio-homosexual-y-sus-respectivos-derechos\/#article","isPartOf":{"@id":"https:\/\/gay.blog.br\/es\/noticias-es\/el-papa-francisco-defiende-el-matrimonio-homosexual-y-sus-respectivos-derechos\/"},"author":{"name":"Carlos Henrique Braga","@id":"https:\/\/gay.blog.br\/es\/#\/schema\/person\/cd267ffff2d56e12768a81623718b979"},"headline":"El Papa Francisco defiende el matrimonio homosexual y sus respectivos derechos","datePublished":"2020-10-22T00:31:50+00:00","dateModified":"2020-10-27T18:37:10+00:00","mainEntityOfPage":{"@id":"https:\/\/gay.blog.br\/es\/noticias-es\/el-papa-francisco-defiende-el-matrimonio-homosexual-y-sus-respectivos-derechos\/"},"wordCount":202,"commentCount":0,"publisher":{"@id":"https:\/\/gay.blog.br\/es\/#organization"},"image":{"@id":"https:\/\/gay.blog.br\/es\/noticias-es\/el-papa-francisco-defiende-el-matrimonio-homosexual-y-sus-respectivos-derechos\/#primaryimage"},"thumbnailUrl":"https:\/\/i0.wp.com\/gay.blog.br\/wp-content\/uploads\/2020\/10\/Screenshot_1-2.jpg?fit=783%2C439&ssl=1","keywords":["francesco","iglesia cat\u00f3lica","matrimonio homosexual","papa"],"articleSection":["NOT\u00cdCIAS"],"inLanguage":"es","potentialAction":[{"@type":"CommentAction","name":"Comment","target":["https:\/\/gay.blog.br\/es\/noticias-es\/el-papa-francisco-defiende-el-matrimonio-homosexual-y-sus-respectivos-derechos\/#respond"]}]},{"@type":"WebPage","@id":"https:\/\/gay.blog.br\/es\/noticias-es\/el-papa-francisco-defiende-el-matrimonio-homosexual-y-sus-respectivos-derechos\/","url":"https:\/\/gay.blog.br\/es\/noticias-es\/el-papa-francisco-defiende-el-matrimonio-homosexual-y-sus-respectivos-derechos\/","name":"El Papa Francisco defiende el matrimonio homosexual y sus respectivos derechos","isPartOf":{"@id":"https:\/\/gay.blog.br\/es\/#website"},"primaryImageOfPage":{"@id":"https:\/\/gay.blog.br\/es\/noticias-es\/el-papa-francisco-defiende-el-matrimonio-homosexual-y-sus-respectivos-derechos\/#primaryimage"},"image":{"@id":"https:\/\/gay.blog.br\/es\/noticias-es\/el-papa-francisco-defiende-el-matrimonio-homosexual-y-sus-respectivos-derechos\/#primaryimage"},"thumbnailUrl":"https:\/\/i0.wp.com\/gay.blog.br\/wp-content\/uploads\/2020\/10\/Screenshot_1-2.jpg?fit=783%2C439&ssl=1","datePublished":"2020-10-22T00:31:50+00:00","dateModified":"2020-10-27T18:37:10+00:00","description":"La declaraci\u00f3n del Papa Francisco a favor de la uni\u00f3n civil de homosexuales reson\u00f3 en todo el mundo este mi\u00e9rcoles","breadcrumb":{"@id":"https:\/\/gay.blog.br\/es\/noticias-es\/el-papa-francisco-defiende-el-matrimonio-homosexual-y-sus-respectivos-derechos\/#breadcrumb"},"inLanguage":"es","potentialAction":[{"@type":"ReadAction","target":["https:\/\/gay.blog.br\/es\/noticias-es\/el-papa-francisco-defiende-el-matrimonio-homosexual-y-sus-respectivos-derechos\/"]}]},{"@type":"ImageObject","inLanguage":"es","@id":"https:\/\/gay.blog.br\/es\/noticias-es\/el-papa-francisco-defiende-el-matrimonio-homosexual-y-sus-respectivos-derechos\/#primaryimage","url":"https:\/\/i0.wp.com\/gay.blog.br\/wp-content\/uploads\/2020\/10\/Screenshot_1-2.jpg?fit=783%2C439&ssl=1","contentUrl":"https:\/\/i0.wp.com\/gay.blog.br\/wp-content\/uploads\/2020\/10\/Screenshot_1-2.jpg?fit=783%2C439&ssl=1","width":783,"height":439},{"@type":"BreadcrumbList","@id":"https:\/\/gay.blog.br\/es\/noticias-es\/el-papa-francisco-defiende-el-matrimonio-homosexual-y-sus-respectivos-derechos\/#breadcrumb","itemListElement":[{"@type":"ListItem","position":1,"name":"In\u00edcio","item":"https:\/\/gay.blog.br\/es\/"},{"@type":"ListItem","position":2,"name":"El Papa Francisco defiende el matrimonio homosexual y sus respectivos derechos"}]},{"@type":"WebSite","@id":"https:\/\/gay.blog.br\/es\/#website","url":"https:\/\/gay.blog.br\/es\/","name":"GAY BLOG BR @gayblogbr","description":"Not\u00edcias que empoderam e\/ou entret\u00eam s\u00e3o especialidades da casa","publisher":{"@id":"https:\/\/gay.blog.br\/es\/#organization"},"potentialAction":[{"@type":"SearchAction","target":{"@type":"EntryPoint","urlTemplate":"https:\/\/gay.blog.br\/es\/?s={search_term_string}"},"query-input":{"@type":"PropertyValueSpecification","valueRequired":true,"valueName":"search_term_string"}}],"inLanguage":"es"},{"@type":"Organization","@id":"https:\/\/gay.blog.br\/es\/#organization","name":"GAY BLOG BR","url":"https:\/\/gay.blog.br\/es\/","logo":{"@type":"ImageObject","inLanguage":"es","@id":"https:\/\/gay.blog.br\/es\/#\/schema\/logo\/image\/","url":"https:\/\/i0.wp.com\/gay.blog.br\/wp-content\/uploads\/2023\/08\/gay180px.png?fit=272%2C90&ssl=1","contentUrl":"https:\/\/i0.wp.com\/gay.blog.br\/wp-content\/uploads\/2023\/08\/gay180px.png?fit=272%2C90&ssl=1","width":272,"height":90,"caption":"GAY BLOG BR"},"image":{"@id":"https:\/\/gay.blog.br\/es\/#\/schema\/logo\/image\/"},"sameAs":["https:\/\/facebook.com\/gayblogbr","https:\/\/x.com\/gayblogbr","https:\/\/instagram.com\/gayblogbr","https:\/\/www.linkedin.com\/company\/gayblogbr\/","https:\/\/br.pinterest.com\/gayblogbr\/","https:\/\/www.youtube.com\/channel\/UCdEu3JXLOB-wvWAVUF4AIiA","https:\/\/pt.wikipedia.org\/wiki\/Gay_Blog_Br","https:\/\/www.threads.net\/@gayblogbr"]},{"@type":"Person","@id":"https:\/\/gay.blog.br\/es\/#\/schema\/person\/cd267ffff2d56e12768a81623718b979","name":"Carlos Henrique Braga","image":{"@type":"ImageObject","inLanguage":"es","@id":"https:\/\/secure.gravatar.com\/avatar\/5b3e587a2c2062bba657f0e46352c11e0f9fd644f822214af015b5e192d0f016?s=96&d=mm&r=g","url":"https:\/\/secure.gravatar.com\/avatar\/5b3e587a2c2062bba657f0e46352c11e0f9fd644f822214af015b5e192d0f016?s=96&d=mm&r=g","contentUrl":"https:\/\/secure.gravatar.com\/avatar\/5b3e587a2c2062bba657f0e46352c11e0f9fd644f822214af015b5e192d0f016?s=96&d=mm&r=g","caption":"Carlos Henrique Braga"},"description":"Jornalista pela Universidade Federal de MS, foi rep\u00f3rter de economia e hoje, al\u00e9m de colaborar para o Gay Blog Br, \u00e9 servidor p\u00fablico em Joinville (SC). Escreveu ''A Supremacia do Abandono'', livro dispon\u00edvel em amazon.com.br.","sameAs":["https:\/\/x.com\/@cahebraga"],"url":"https:\/\/gay.blog.br\/es\/author\/carloshenriquebraga\/"}]}},"jetpack_publicize_connections":[],"jetpack_featured_media_url":"https:\/\/i0.wp.com\/gay.blog.br\/wp-content\/uploads\/2020\/10\/Screenshot_1-2.jpg?fit=783%2C439&ssl=1","jetpack_sharing_enabled":true,"jetpack_shortlink":"https:\/\/wp.me\/p6klkK-nYt","jetpack_likes_enabled":false,"amp_enabled":true,"_links":{"self":[{"href":"https:\/\/gay.blog.br\/es\/wp-json\/wp\/v2\/posts\/92161","targetHints":{"allow":["GET"]}}],"collection":[{"href":"https:\/\/gay.blog.br\/es\/wp-json\/wp\/v2\/posts"}],"about":[{"href":"https:\/\/gay.blog.br\/es\/wp-json\/wp\/v2\/types\/post"}],"author":[{"embeddable":true,"href":"https:\/\/gay.blog.br\/es\/wp-json\/wp\/v2\/users\/3039"}],"replies":[{"embeddable":true,"href":"https:\/\/gay.blog.br\/es\/wp-json\/wp\/v2\/comments?post=92161"}],"version-history":[{"count":0,"href":"https:\/\/gay.blog.br\/es\/wp-json\/wp\/v2\/posts\/92161\/revisions"}],"wp:featuredmedia":[{"embeddable":true,"href":"https:\/\/gay.blog.br\/es\/wp-json\/wp\/v2\/media\/90956"}],"wp:attachment":[{"href":"https:\/\/gay.blog.br\/es\/wp-json\/wp\/v2\/media?parent=92161"}],"wp:term":[{"taxonomy":"category","embeddable":true,"href":"https:\/\/gay.blog.br\/es\/wp-json\/wp\/v2\/categories?post=92161"},{"taxonomy":"post_tag","embeddable":true,"href":"https:\/\/gay.blog.br\/es\/wp-json\/wp\/v2\/tags?post=92161"}],"curies":[{"name":"wp","href":"https:\/\/api.w.org\/{rel}","templated":true}]}}