{"id":92536,"date":"2020-10-21T12:21:02","date_gmt":"2020-10-21T15:21:02","guid":{"rendered":"https:\/\/gay.blog.br\/?p=92536"},"modified":"2020-10-29T00:32:16","modified_gmt":"2020-10-29T03:32:16","slug":"corto-de-almodovar-con-tilda-swinton-estrena-en-los-cines-de-espana","status":"publish","type":"post","link":"https:\/\/gay.blog.br\/es\/cultura-es\/corto-de-almodovar-con-tilda-swinton-estrena-en-los-cines-de-espana\/","title":{"rendered":"Corto de Almod\u00f3var con Tilda Swinton estrena en los cines de Espa\u00f1a"},"content":{"rendered":"<p style=\"text-align: justify;\">Hoy llega a los cines espa\u00f1oles \u00bbLa voz humana\u00bb, corto de <strong>Pedro Almod\u00f3var<\/strong> protagonizado por la inglesa <strong>Tilda Swinton<\/strong>. La pel\u00edcula de 30 minutos, rodada en ingl\u00e9s, se estrena en el circuito comercial con 110 salas, digna de un largometraje.<\/p>\n<p style=\"text-align: justify;\">En entrevista con <a href=\"https:\/\/www.academiadecine.com\/2020\/10\/19\/agustin-almodovar-lo-que-hemos-hecho-por-amor-al-arte-va-a-tener-una-trascendencia\/\">Academia de Cine<\/a>, el hermano menor del director, <strong>Agust\u00edn Almod\u00f3var<\/strong>, calific\u00f3 la obra de \u201csofisticada, especial y poco convencional\u201d.<\/p>\n<p style=\"text-align: justify;\">La pel\u00edcula est\u00e1 basada en una obra hom\u00f3nima de <strong>Jean Cocteau<\/strong>, que inspir\u00f3 al director en la creaci\u00f3n de sus intr\u00e9pidos y apasionados personajes femeninos a lo largo de su carrera.<\/p>\n<p style=\"text-align: justify;\">\u00bb El cortometraje es una especie de teatro filmado con enorme libertad en la escenograf\u00eda. Es tan atrevido que, de repente, abandona el set y ve todo el escenario \u201d, dice Agust\u00edn.<\/p>\n<figure id=\"attachment_90780\" aria-describedby=\"caption-attachment-90780\" style=\"width: 1024px\" class=\"wp-caption aligncenter\"><a href=\"http:\/\/www.instragam.com\/gayblogbr\"><img data-recalc-dims=\"1\" loading=\"lazy\" decoding=\"async\" class=\"size-full wp-image-90780\" src=\"https:\/\/i0.wp.com\/gay-blog.com\/wp-content\/uploads\/2020\/10\/img_1097.jpg?resize=696%2C464&#038;ssl=1\" alt=\"\" width=\"696\" height=\"464\" srcset=\"https:\/\/i0.wp.com\/gay.blog.br\/wp-content\/uploads\/2020\/10\/img_1097.jpg?w=1024&amp;ssl=1 1024w, https:\/\/i0.wp.com\/gay.blog.br\/wp-content\/uploads\/2020\/10\/img_1097.jpg?resize=300%2C200&amp;ssl=1 300w, https:\/\/i0.wp.com\/gay.blog.br\/wp-content\/uploads\/2020\/10\/img_1097.jpg?resize=150%2C100&amp;ssl=1 150w, https:\/\/i0.wp.com\/gay.blog.br\/wp-content\/uploads\/2020\/10\/img_1097.jpg?resize=768%2C512&amp;ssl=1 768w, https:\/\/i0.wp.com\/gay.blog.br\/wp-content\/uploads\/2020\/10\/img_1097.jpg?resize=696%2C464&amp;ssl=1 696w, https:\/\/i0.wp.com\/gay.blog.br\/wp-content\/uploads\/2020\/10\/img_1097.jpg?resize=630%2C420&amp;ssl=1 630w\" sizes=\"auto, (max-width: 696px) 100vw, 696px\" \/><\/a><figcaption id=\"caption-attachment-90780\" class=\"wp-caption-text\">Swinton y Almod\u00f3var en el set de La Voz Humana\/ Academia de Cine<\/figcaption><\/figure>\n<p style=\"text-align: justify;\"><strong>TRILOG\u00cdA Y NUEVO LARGO<\/strong><\/p>\n<p style=\"text-align: justify;\">Se lanzar\u00e1n otros dos cortos para formar una trilog\u00eda con Voz Humana. Uno es una distop\u00eda sobre la desaparici\u00f3n del cine; el otro, un vaquero transgresor.<\/p>\n<p style=\"text-align: justify;\">Y en el terreno de los largometrajes tambi\u00e9n hay novedades. El productor de Almod\u00f3var, El Deseo ya est\u00e1 haciendo el casting para &#8216;Madres Paralelas&#8217;. La intenci\u00f3n es rodarla en febrero y marzo de 2021. <strong>Pen\u00e9lope Cruz<\/strong> estar\u00e1 en este tri\u00e1ngulo amoroso con una actriz de 20 a\u00f1os y un actor de 40, a\u00fan no elegido.<\/p>\n<p style=\"text-align: justify;\">\u00bbPedro est\u00e1 lleno de ideas \u201d, dice Agust\u00edn.\u201c Durante el cierre [das grava\u00e7\u00f5es], se lo llev\u00f3 una energ\u00eda creativa incre\u00edble y tenemos que aprovechar el momento. Ahora todo lo que no puedes hacer es detenerte, pasividad, es todo lo contrario \u00bb.<\/p>\n<p><span class=\"embed-youtube\" style=\"text-align:center; display: block;\"><iframe loading=\"lazy\" class=\"youtube-player\" width=\"696\" height=\"392\" src=\"https:\/\/www.youtube.com\/embed\/G4DOP4fDXto?version=3&#038;rel=1&#038;showsearch=0&#038;showinfo=1&#038;iv_load_policy=1&#038;fs=1&#038;hl=es-ES&#038;autohide=2&#038;start=12&#038;wmode=transparent\" allowfullscreen=\"true\" style=\"border:0;\" sandbox=\"allow-scripts allow-same-origin allow-popups allow-presentation allow-popups-to-escape-sandbox\"><\/iframe><\/span><\/p>\n<p style=\"text-align: justify;\">\n","protected":false},"excerpt":{"rendered":"<p>La pel\u00edcula est\u00e1 basada en la obra hom\u00f3nima de Jean Cocteau, quien inspir\u00f3 a Almod\u00f3var en la creaci\u00f3n de sus intr\u00e9pidos y apasionados personajes femeninos.<\/p>\n","protected":false},"author":3039,"featured_media":90782,"comment_status":"open","ping_status":"open","sticky":false,"template":"","format":"standard","meta":{"googlesitekit_rrm_CAoiEBg-BXrJeACjO8p49SE4kTY:productID":"","tdm_status":"","tdm_grid_status":"","_jetpack_newsletter_access":"","_jetpack_dont_email_post_to_subs":false,"_jetpack_newsletter_tier_id":0,"_jetpack_memberships_contains_paywalled_content":false,"_jetpack_memberships_contains_paid_content":false,"footnotes":"","jetpack_publicize_message":"Corto de Almod\u00f3var con Tilda Swinton estrena en los cines de Espa\u00f1a","jetpack_publicize_feature_enabled":true,"jetpack_social_post_already_shared":true,"jetpack_social_options":{"image_generator_settings":{"template":"highway","default_image_id":0,"font":"","enabled":false},"version":2},"_wpas_customize_per_network":false,"jetpack_post_was_ever_published":false},"categories":[589932371,589932230],"tags":[589933729,589933728,589933731,589933730],"class_list":{"0":"post-92536","1":"post","2":"type-post","3":"status-publish","4":"format-standard","5":"has-post-thumbnail","7":"category-cultura-es","8":"category-peliculas-tv-y-series","9":"tag-almodovar-es","10":"tag-corto","11":"tag-la-voz-humana","12":"tag-tilda-swinton-es"},"yoast_head":"<!-- This site is optimized with the Yoast SEO plugin v27.5 - https:\/\/yoast.com\/product\/yoast-seo-wordpress\/ -->\n<title>Corto de Almod\u00f3var con Tilda Swinton estrena en los cines de Espa\u00f1a<\/title>\n<meta name=\"description\" content=\"La pel\u00edcula est\u00e1 basada en la obra hom\u00f3nima de Jean Cocteau, quien inspir\u00f3 a Almod\u00f3var en la creaci\u00f3n de sus intr\u00e9pidos y apasionados personajes femeninos.\" \/>\n<meta name=\"robots\" content=\"index, follow, max-snippet:-1, max-image-preview:large, max-video-preview:-1\" \/>\n<link rel=\"canonical\" href=\"https:\/\/gay.blog.br\/es\/cultura-es\/corto-de-almodovar-con-tilda-swinton-estrena-en-los-cines-de-espana\/\" \/>\n<meta property=\"og:locale\" content=\"es_ES\" \/>\n<meta property=\"og:type\" content=\"article\" \/>\n<meta property=\"og:title\" content=\"Corto de Almod\u00f3var con Tilda Swinton estrena en los cines de Espa\u00f1a\" \/>\n<meta property=\"og:description\" content=\"La pel\u00edcula est\u00e1 basada en la obra hom\u00f3nima de Jean Cocteau, quien inspir\u00f3 a Almod\u00f3var en la creaci\u00f3n de sus intr\u00e9pidos y apasionados personajes femeninos.\" \/>\n<meta property=\"og:url\" content=\"https:\/\/gay.blog.br\/es\/cultura-es\/corto-de-almodovar-con-tilda-swinton-estrena-en-los-cines-de-espana\/\" \/>\n<meta property=\"og:site_name\" content=\"GAY BLOG BR @gayblogbr\" \/>\n<meta property=\"article:publisher\" content=\"https:\/\/facebook.com\/gayblogbr\" \/>\n<meta property=\"article:published_time\" content=\"2020-10-21T15:21:02+00:00\" \/>\n<meta property=\"article:modified_time\" content=\"2020-10-29T03:32:16+00:00\" \/>\n<meta property=\"og:image\" content=\"https:\/\/i1.wp.com\/gay.blog.br\/wp-content\/uploads\/2020\/10\/img_1097.jpg?fit=1024%2C683&ssl=1\" \/>\n\t<meta property=\"og:image:width\" content=\"1024\" \/>\n\t<meta property=\"og:image:height\" content=\"683\" \/>\n\t<meta property=\"og:image:type\" content=\"image\/jpeg\" \/>\n<meta name=\"author\" content=\"Carlos Henrique Braga\" \/>\n<meta name=\"twitter:card\" content=\"summary_large_image\" \/>\n<meta name=\"twitter:creator\" content=\"@cahebraga\" \/>\n<meta name=\"twitter:site\" content=\"@gayblogbr\" \/>\n<meta name=\"twitter:label1\" content=\"Escrito por\" \/>\n\t<meta name=\"twitter:data1\" content=\"Carlos Henrique Braga\" \/>\n\t<meta name=\"twitter:label2\" content=\"Tiempo de lectura\" \/>\n\t<meta name=\"twitter:data2\" content=\"2 minutos\" \/>\n<script type=\"application\/ld+json\" class=\"yoast-schema-graph\">{\"@context\":\"https:\\\/\\\/schema.org\",\"@graph\":[{\"@type\":\"Article\",\"@id\":\"https:\\\/\\\/gay.blog.br\\\/es\\\/cultura-es\\\/corto-de-almodovar-con-tilda-swinton-estrena-en-los-cines-de-espana\\\/#article\",\"isPartOf\":{\"@id\":\"https:\\\/\\\/gay.blog.br\\\/es\\\/cultura-es\\\/corto-de-almodovar-con-tilda-swinton-estrena-en-los-cines-de-espana\\\/\"},\"author\":{\"name\":\"Carlos Henrique Braga\",\"@id\":\"https:\\\/\\\/gay.blog.br\\\/es\\\/#\\\/schema\\\/person\\\/cd267ffff2d56e12768a81623718b979\"},\"headline\":\"Corto de Almod\u00f3var con Tilda Swinton estrena en los cines de Espa\u00f1a\",\"datePublished\":\"2020-10-21T15:21:02+00:00\",\"dateModified\":\"2020-10-29T03:32:16+00:00\",\"mainEntityOfPage\":{\"@id\":\"https:\\\/\\\/gay.blog.br\\\/es\\\/cultura-es\\\/corto-de-almodovar-con-tilda-swinton-estrena-en-los-cines-de-espana\\\/\"},\"wordCount\":314,\"commentCount\":0,\"publisher\":{\"@id\":\"https:\\\/\\\/gay.blog.br\\\/es\\\/#organization\"},\"image\":{\"@id\":\"https:\\\/\\\/gay.blog.br\\\/es\\\/cultura-es\\\/corto-de-almodovar-con-tilda-swinton-estrena-en-los-cines-de-espana\\\/#primaryimage\"},\"thumbnailUrl\":\"https:\\\/\\\/i0.wp.com\\\/gay.blog.br\\\/wp-content\\\/uploads\\\/2020\\\/10\\\/img_1097.jpg?fit=1024%2C683&ssl=1\",\"keywords\":[\"Almod\u00f3var\",\"corto\",\"la voz humana\",\"tilda swinton\"],\"articleSection\":[\"CULTURA\",\"PEL\u00cdCULAS, TV y SERIES\"],\"inLanguage\":\"es\",\"potentialAction\":[{\"@type\":\"CommentAction\",\"name\":\"Comment\",\"target\":[\"https:\\\/\\\/gay.blog.br\\\/es\\\/cultura-es\\\/corto-de-almodovar-con-tilda-swinton-estrena-en-los-cines-de-espana\\\/#respond\"]}]},{\"@type\":\"WebPage\",\"@id\":\"https:\\\/\\\/gay.blog.br\\\/es\\\/cultura-es\\\/corto-de-almodovar-con-tilda-swinton-estrena-en-los-cines-de-espana\\\/\",\"url\":\"https:\\\/\\\/gay.blog.br\\\/es\\\/cultura-es\\\/corto-de-almodovar-con-tilda-swinton-estrena-en-los-cines-de-espana\\\/\",\"name\":\"Corto de Almod\u00f3var con Tilda Swinton estrena en los cines de Espa\u00f1a\",\"isPartOf\":{\"@id\":\"https:\\\/\\\/gay.blog.br\\\/es\\\/#website\"},\"primaryImageOfPage\":{\"@id\":\"https:\\\/\\\/gay.blog.br\\\/es\\\/cultura-es\\\/corto-de-almodovar-con-tilda-swinton-estrena-en-los-cines-de-espana\\\/#primaryimage\"},\"image\":{\"@id\":\"https:\\\/\\\/gay.blog.br\\\/es\\\/cultura-es\\\/corto-de-almodovar-con-tilda-swinton-estrena-en-los-cines-de-espana\\\/#primaryimage\"},\"thumbnailUrl\":\"https:\\\/\\\/i0.wp.com\\\/gay.blog.br\\\/wp-content\\\/uploads\\\/2020\\\/10\\\/img_1097.jpg?fit=1024%2C683&ssl=1\",\"datePublished\":\"2020-10-21T15:21:02+00:00\",\"dateModified\":\"2020-10-29T03:32:16+00:00\",\"description\":\"La pel\u00edcula est\u00e1 basada en la obra hom\u00f3nima de Jean Cocteau, quien inspir\u00f3 a Almod\u00f3var en la creaci\u00f3n de sus intr\u00e9pidos y apasionados personajes femeninos.\",\"breadcrumb\":{\"@id\":\"https:\\\/\\\/gay.blog.br\\\/es\\\/cultura-es\\\/corto-de-almodovar-con-tilda-swinton-estrena-en-los-cines-de-espana\\\/#breadcrumb\"},\"inLanguage\":\"es\",\"potentialAction\":[{\"@type\":\"ReadAction\",\"target\":[\"https:\\\/\\\/gay.blog.br\\\/es\\\/cultura-es\\\/corto-de-almodovar-con-tilda-swinton-estrena-en-los-cines-de-espana\\\/\"]}]},{\"@type\":\"ImageObject\",\"inLanguage\":\"es\",\"@id\":\"https:\\\/\\\/gay.blog.br\\\/es\\\/cultura-es\\\/corto-de-almodovar-con-tilda-swinton-estrena-en-los-cines-de-espana\\\/#primaryimage\",\"url\":\"https:\\\/\\\/i0.wp.com\\\/gay.blog.br\\\/wp-content\\\/uploads\\\/2020\\\/10\\\/img_1097.jpg?fit=1024%2C683&ssl=1\",\"contentUrl\":\"https:\\\/\\\/i0.wp.com\\\/gay.blog.br\\\/wp-content\\\/uploads\\\/2020\\\/10\\\/img_1097.jpg?fit=1024%2C683&ssl=1\",\"width\":1024,\"height\":683,\"caption\":\"Swinton e Almod\u00f3var no set de A Voz Humana\\\/ Academia de Cine\"},{\"@type\":\"BreadcrumbList\",\"@id\":\"https:\\\/\\\/gay.blog.br\\\/es\\\/cultura-es\\\/corto-de-almodovar-con-tilda-swinton-estrena-en-los-cines-de-espana\\\/#breadcrumb\",\"itemListElement\":[{\"@type\":\"ListItem\",\"position\":1,\"name\":\"In\u00edcio\",\"item\":\"https:\\\/\\\/gay.blog.br\\\/es\\\/\"},{\"@type\":\"ListItem\",\"position\":2,\"name\":\"Corto de Almod\u00f3var con Tilda Swinton estrena en los cines de Espa\u00f1a\"}]},{\"@type\":\"WebSite\",\"@id\":\"https:\\\/\\\/gay.blog.br\\\/es\\\/#website\",\"url\":\"https:\\\/\\\/gay.blog.br\\\/es\\\/\",\"name\":\"GAY BLOG BR @gayblogbr\",\"description\":\"Not\u00edcias que empoderam e\\\/ou entret\u00eam s\u00e3o especialidades da casa\",\"publisher\":{\"@id\":\"https:\\\/\\\/gay.blog.br\\\/es\\\/#organization\"},\"potentialAction\":[{\"@type\":\"SearchAction\",\"target\":{\"@type\":\"EntryPoint\",\"urlTemplate\":\"https:\\\/\\\/gay.blog.br\\\/es\\\/?s={search_term_string}\"},\"query-input\":{\"@type\":\"PropertyValueSpecification\",\"valueRequired\":true,\"valueName\":\"search_term_string\"}}],\"inLanguage\":\"es\"},{\"@type\":\"Organization\",\"@id\":\"https:\\\/\\\/gay.blog.br\\\/es\\\/#organization\",\"name\":\"GAY BLOG BR\",\"url\":\"https:\\\/\\\/gay.blog.br\\\/es\\\/\",\"logo\":{\"@type\":\"ImageObject\",\"inLanguage\":\"es\",\"@id\":\"https:\\\/\\\/gay.blog.br\\\/es\\\/#\\\/schema\\\/logo\\\/image\\\/\",\"url\":\"https:\\\/\\\/i0.wp.com\\\/gay.blog.br\\\/wp-content\\\/uploads\\\/2023\\\/08\\\/gay180px.png?fit=272%2C90&ssl=1\",\"contentUrl\":\"https:\\\/\\\/i0.wp.com\\\/gay.blog.br\\\/wp-content\\\/uploads\\\/2023\\\/08\\\/gay180px.png?fit=272%2C90&ssl=1\",\"width\":272,\"height\":90,\"caption\":\"GAY BLOG BR\"},\"image\":{\"@id\":\"https:\\\/\\\/gay.blog.br\\\/es\\\/#\\\/schema\\\/logo\\\/image\\\/\"},\"sameAs\":[\"https:\\\/\\\/facebook.com\\\/gayblogbr\",\"https:\\\/\\\/x.com\\\/gayblogbr\",\"https:\\\/\\\/instagram.com\\\/gayblogbr\",\"https:\\\/\\\/www.linkedin.com\\\/company\\\/gayblogbr\\\/\",\"https:\\\/\\\/br.pinterest.com\\\/gayblogbr\\\/\",\"https:\\\/\\\/www.youtube.com\\\/channel\\\/UCdEu3JXLOB-wvWAVUF4AIiA\",\"https:\\\/\\\/pt.wikipedia.org\\\/wiki\\\/Gay_Blog_Br\",\"https:\\\/\\\/www.threads.net\\\/@gayblogbr\"]},{\"@type\":\"Person\",\"@id\":\"https:\\\/\\\/gay.blog.br\\\/es\\\/#\\\/schema\\\/person\\\/cd267ffff2d56e12768a81623718b979\",\"name\":\"Carlos Henrique Braga\",\"image\":{\"@type\":\"ImageObject\",\"inLanguage\":\"es\",\"@id\":\"https:\\\/\\\/secure.gravatar.com\\\/avatar\\\/5b3e587a2c2062bba657f0e46352c11e0f9fd644f822214af015b5e192d0f016?s=96&d=mm&r=g\",\"url\":\"https:\\\/\\\/secure.gravatar.com\\\/avatar\\\/5b3e587a2c2062bba657f0e46352c11e0f9fd644f822214af015b5e192d0f016?s=96&d=mm&r=g\",\"contentUrl\":\"https:\\\/\\\/secure.gravatar.com\\\/avatar\\\/5b3e587a2c2062bba657f0e46352c11e0f9fd644f822214af015b5e192d0f016?s=96&d=mm&r=g\",\"caption\":\"Carlos Henrique Braga\"},\"description\":\"Jornalista pela Universidade Federal de MS, foi rep\u00f3rter de economia e hoje, al\u00e9m de colaborar para o Gay Blog Br, \u00e9 servidor p\u00fablico em Joinville (SC). Escreveu ''A Supremacia do Abandono'', livro dispon\u00edvel em amazon.com.br.\",\"sameAs\":[\"https:\\\/\\\/x.com\\\/@cahebraga\"],\"url\":\"https:\\\/\\\/gay.blog.br\\\/es\\\/author\\\/carloshenriquebraga\\\/\"}]}<\/script>\n<!-- \/ Yoast SEO plugin. -->","yoast_head_json":{"title":"Corto de Almod\u00f3var con Tilda Swinton estrena en los cines de Espa\u00f1a","description":"La pel\u00edcula est\u00e1 basada en la obra hom\u00f3nima de Jean Cocteau, quien inspir\u00f3 a Almod\u00f3var en la creaci\u00f3n de sus intr\u00e9pidos y apasionados personajes femeninos.","robots":{"index":"index","follow":"follow","max-snippet":"max-snippet:-1","max-image-preview":"max-image-preview:large","max-video-preview":"max-video-preview:-1"},"canonical":"https:\/\/gay.blog.br\/es\/cultura-es\/corto-de-almodovar-con-tilda-swinton-estrena-en-los-cines-de-espana\/","og_locale":"es_ES","og_type":"article","og_title":"Corto de Almod\u00f3var con Tilda Swinton estrena en los cines de Espa\u00f1a","og_description":"La pel\u00edcula est\u00e1 basada en la obra hom\u00f3nima de Jean Cocteau, quien inspir\u00f3 a Almod\u00f3var en la creaci\u00f3n de sus intr\u00e9pidos y apasionados personajes femeninos.","og_url":"https:\/\/gay.blog.br\/es\/cultura-es\/corto-de-almodovar-con-tilda-swinton-estrena-en-los-cines-de-espana\/","og_site_name":"GAY BLOG BR @gayblogbr","article_publisher":"https:\/\/facebook.com\/gayblogbr","article_published_time":"2020-10-21T15:21:02+00:00","article_modified_time":"2020-10-29T03:32:16+00:00","og_image":[{"width":1024,"height":683,"url":"https:\/\/i1.wp.com\/gay.blog.br\/wp-content\/uploads\/2020\/10\/img_1097.jpg?fit=1024%2C683&ssl=1","type":"image\/jpeg"}],"author":"Carlos Henrique Braga","twitter_card":"summary_large_image","twitter_creator":"@cahebraga","twitter_site":"@gayblogbr","twitter_misc":{"Escrito por":"Carlos Henrique Braga","Tiempo de lectura":"2 minutos"},"schema":{"@context":"https:\/\/schema.org","@graph":[{"@type":"Article","@id":"https:\/\/gay.blog.br\/es\/cultura-es\/corto-de-almodovar-con-tilda-swinton-estrena-en-los-cines-de-espana\/#article","isPartOf":{"@id":"https:\/\/gay.blog.br\/es\/cultura-es\/corto-de-almodovar-con-tilda-swinton-estrena-en-los-cines-de-espana\/"},"author":{"name":"Carlos Henrique Braga","@id":"https:\/\/gay.blog.br\/es\/#\/schema\/person\/cd267ffff2d56e12768a81623718b979"},"headline":"Corto de Almod\u00f3var con Tilda Swinton estrena en los cines de Espa\u00f1a","datePublished":"2020-10-21T15:21:02+00:00","dateModified":"2020-10-29T03:32:16+00:00","mainEntityOfPage":{"@id":"https:\/\/gay.blog.br\/es\/cultura-es\/corto-de-almodovar-con-tilda-swinton-estrena-en-los-cines-de-espana\/"},"wordCount":314,"commentCount":0,"publisher":{"@id":"https:\/\/gay.blog.br\/es\/#organization"},"image":{"@id":"https:\/\/gay.blog.br\/es\/cultura-es\/corto-de-almodovar-con-tilda-swinton-estrena-en-los-cines-de-espana\/#primaryimage"},"thumbnailUrl":"https:\/\/i0.wp.com\/gay.blog.br\/wp-content\/uploads\/2020\/10\/img_1097.jpg?fit=1024%2C683&ssl=1","keywords":["Almod\u00f3var","corto","la voz humana","tilda swinton"],"articleSection":["CULTURA","PEL\u00cdCULAS, TV y SERIES"],"inLanguage":"es","potentialAction":[{"@type":"CommentAction","name":"Comment","target":["https:\/\/gay.blog.br\/es\/cultura-es\/corto-de-almodovar-con-tilda-swinton-estrena-en-los-cines-de-espana\/#respond"]}]},{"@type":"WebPage","@id":"https:\/\/gay.blog.br\/es\/cultura-es\/corto-de-almodovar-con-tilda-swinton-estrena-en-los-cines-de-espana\/","url":"https:\/\/gay.blog.br\/es\/cultura-es\/corto-de-almodovar-con-tilda-swinton-estrena-en-los-cines-de-espana\/","name":"Corto de Almod\u00f3var con Tilda Swinton estrena en los cines de Espa\u00f1a","isPartOf":{"@id":"https:\/\/gay.blog.br\/es\/#website"},"primaryImageOfPage":{"@id":"https:\/\/gay.blog.br\/es\/cultura-es\/corto-de-almodovar-con-tilda-swinton-estrena-en-los-cines-de-espana\/#primaryimage"},"image":{"@id":"https:\/\/gay.blog.br\/es\/cultura-es\/corto-de-almodovar-con-tilda-swinton-estrena-en-los-cines-de-espana\/#primaryimage"},"thumbnailUrl":"https:\/\/i0.wp.com\/gay.blog.br\/wp-content\/uploads\/2020\/10\/img_1097.jpg?fit=1024%2C683&ssl=1","datePublished":"2020-10-21T15:21:02+00:00","dateModified":"2020-10-29T03:32:16+00:00","description":"La pel\u00edcula est\u00e1 basada en la obra hom\u00f3nima de Jean Cocteau, quien inspir\u00f3 a Almod\u00f3var en la creaci\u00f3n de sus intr\u00e9pidos y apasionados personajes femeninos.","breadcrumb":{"@id":"https:\/\/gay.blog.br\/es\/cultura-es\/corto-de-almodovar-con-tilda-swinton-estrena-en-los-cines-de-espana\/#breadcrumb"},"inLanguage":"es","potentialAction":[{"@type":"ReadAction","target":["https:\/\/gay.blog.br\/es\/cultura-es\/corto-de-almodovar-con-tilda-swinton-estrena-en-los-cines-de-espana\/"]}]},{"@type":"ImageObject","inLanguage":"es","@id":"https:\/\/gay.blog.br\/es\/cultura-es\/corto-de-almodovar-con-tilda-swinton-estrena-en-los-cines-de-espana\/#primaryimage","url":"https:\/\/i0.wp.com\/gay.blog.br\/wp-content\/uploads\/2020\/10\/img_1097.jpg?fit=1024%2C683&ssl=1","contentUrl":"https:\/\/i0.wp.com\/gay.blog.br\/wp-content\/uploads\/2020\/10\/img_1097.jpg?fit=1024%2C683&ssl=1","width":1024,"height":683,"caption":"Swinton e Almod\u00f3var no set de A Voz Humana\/ Academia de Cine"},{"@type":"BreadcrumbList","@id":"https:\/\/gay.blog.br\/es\/cultura-es\/corto-de-almodovar-con-tilda-swinton-estrena-en-los-cines-de-espana\/#breadcrumb","itemListElement":[{"@type":"ListItem","position":1,"name":"In\u00edcio","item":"https:\/\/gay.blog.br\/es\/"},{"@type":"ListItem","position":2,"name":"Corto de Almod\u00f3var con Tilda Swinton estrena en los cines de Espa\u00f1a"}]},{"@type":"WebSite","@id":"https:\/\/gay.blog.br\/es\/#website","url":"https:\/\/gay.blog.br\/es\/","name":"GAY BLOG BR @gayblogbr","description":"Not\u00edcias que empoderam e\/ou entret\u00eam s\u00e3o especialidades da casa","publisher":{"@id":"https:\/\/gay.blog.br\/es\/#organization"},"potentialAction":[{"@type":"SearchAction","target":{"@type":"EntryPoint","urlTemplate":"https:\/\/gay.blog.br\/es\/?s={search_term_string}"},"query-input":{"@type":"PropertyValueSpecification","valueRequired":true,"valueName":"search_term_string"}}],"inLanguage":"es"},{"@type":"Organization","@id":"https:\/\/gay.blog.br\/es\/#organization","name":"GAY BLOG BR","url":"https:\/\/gay.blog.br\/es\/","logo":{"@type":"ImageObject","inLanguage":"es","@id":"https:\/\/gay.blog.br\/es\/#\/schema\/logo\/image\/","url":"https:\/\/i0.wp.com\/gay.blog.br\/wp-content\/uploads\/2023\/08\/gay180px.png?fit=272%2C90&ssl=1","contentUrl":"https:\/\/i0.wp.com\/gay.blog.br\/wp-content\/uploads\/2023\/08\/gay180px.png?fit=272%2C90&ssl=1","width":272,"height":90,"caption":"GAY BLOG BR"},"image":{"@id":"https:\/\/gay.blog.br\/es\/#\/schema\/logo\/image\/"},"sameAs":["https:\/\/facebook.com\/gayblogbr","https:\/\/x.com\/gayblogbr","https:\/\/instagram.com\/gayblogbr","https:\/\/www.linkedin.com\/company\/gayblogbr\/","https:\/\/br.pinterest.com\/gayblogbr\/","https:\/\/www.youtube.com\/channel\/UCdEu3JXLOB-wvWAVUF4AIiA","https:\/\/pt.wikipedia.org\/wiki\/Gay_Blog_Br","https:\/\/www.threads.net\/@gayblogbr"]},{"@type":"Person","@id":"https:\/\/gay.blog.br\/es\/#\/schema\/person\/cd267ffff2d56e12768a81623718b979","name":"Carlos Henrique Braga","image":{"@type":"ImageObject","inLanguage":"es","@id":"https:\/\/secure.gravatar.com\/avatar\/5b3e587a2c2062bba657f0e46352c11e0f9fd644f822214af015b5e192d0f016?s=96&d=mm&r=g","url":"https:\/\/secure.gravatar.com\/avatar\/5b3e587a2c2062bba657f0e46352c11e0f9fd644f822214af015b5e192d0f016?s=96&d=mm&r=g","contentUrl":"https:\/\/secure.gravatar.com\/avatar\/5b3e587a2c2062bba657f0e46352c11e0f9fd644f822214af015b5e192d0f016?s=96&d=mm&r=g","caption":"Carlos Henrique Braga"},"description":"Jornalista pela Universidade Federal de MS, foi rep\u00f3rter de economia e hoje, al\u00e9m de colaborar para o Gay Blog Br, \u00e9 servidor p\u00fablico em Joinville (SC). Escreveu ''A Supremacia do Abandono'', livro dispon\u00edvel em amazon.com.br.","sameAs":["https:\/\/x.com\/@cahebraga"],"url":"https:\/\/gay.blog.br\/es\/author\/carloshenriquebraga\/"}]}},"jetpack_publicize_connections":[],"jetpack_featured_media_url":"https:\/\/i0.wp.com\/gay.blog.br\/wp-content\/uploads\/2020\/10\/img_1097.jpg?fit=1024%2C683&ssl=1","jetpack_sharing_enabled":true,"jetpack_shortlink":"https:\/\/wp.me\/p6klkK-o4w","jetpack_likes_enabled":false,"amp_enabled":true,"_links":{"self":[{"href":"https:\/\/gay.blog.br\/es\/wp-json\/wp\/v2\/posts\/92536","targetHints":{"allow":["GET"]}}],"collection":[{"href":"https:\/\/gay.blog.br\/es\/wp-json\/wp\/v2\/posts"}],"about":[{"href":"https:\/\/gay.blog.br\/es\/wp-json\/wp\/v2\/types\/post"}],"author":[{"embeddable":true,"href":"https:\/\/gay.blog.br\/es\/wp-json\/wp\/v2\/users\/3039"}],"replies":[{"embeddable":true,"href":"https:\/\/gay.blog.br\/es\/wp-json\/wp\/v2\/comments?post=92536"}],"version-history":[{"count":0,"href":"https:\/\/gay.blog.br\/es\/wp-json\/wp\/v2\/posts\/92536\/revisions"}],"wp:featuredmedia":[{"embeddable":true,"href":"https:\/\/gay.blog.br\/es\/wp-json\/wp\/v2\/media\/90782"}],"wp:attachment":[{"href":"https:\/\/gay.blog.br\/es\/wp-json\/wp\/v2\/media?parent=92536"}],"wp:term":[{"taxonomy":"category","embeddable":true,"href":"https:\/\/gay.blog.br\/es\/wp-json\/wp\/v2\/categories?post=92536"},{"taxonomy":"post_tag","embeddable":true,"href":"https:\/\/gay.blog.br\/es\/wp-json\/wp\/v2\/tags?post=92536"}],"curies":[{"name":"wp","href":"https:\/\/api.w.org\/{rel}","templated":true}]}}