{"id":92958,"date":"2020-10-29T12:42:15","date_gmt":"2020-10-29T15:42:15","guid":{"rendered":"https:\/\/gay.blog.br\/?p=92958"},"modified":"2020-11-02T12:13:55","modified_gmt":"2020-11-02T15:13:55","slug":"el-nuevo-corto-de-steven-universe-presenta-una-pareja-gay-y-un-mensaje-antirracista","status":"publish","type":"post","link":"https:\/\/gay.blog.br\/es\/noticias-es\/el-nuevo-corto-de-steven-universe-presenta-una-pareja-gay-y-un-mensaje-antirracista\/","title":{"rendered":"El nuevo corto de Steven Universe presenta una pareja gay y un mensaje antirracista"},"content":{"rendered":"<p style=\"text-align: justify;\">Cartoon Network invit\u00f3 a <strong>Rebecca Sugar<\/strong>, autora no binaria de Steven Universe, a una serie de episodios especiales dirigidos a ni\u00f1os con mensajes antidiscriminatorios, que abordan temas como el racismo y la fobia LGBT. La informaci\u00f3n provino del sitio web <a href=\"https:\/\/www.pinknews.co.uk\/2020\/10\/29\/steven-universe-cartoon-network-anti-racism-psa-garnet-crystal-gem-estelle\/?utm_source=feedburner&amp;utm_medium=feed&amp;utm_campaign=Feed%3A+Pinknews+%28Pink+News%29\">Pink News<\/a>.<\/p>\n<p style=\"text-align: justify;\">El primer corto lleg\u00f3 el 27 de octubre y se llama <em> \u00abDon\u00b4t Deny It, Defy It\u00bb<\/em> (\u00abNo niegues, encare \u00ab, en traducci\u00f3n libre), que muestra a dos ni\u00f1os de diferentes etnias jugando, y uno de ellos dice: \u201c<em>\u00a1Cuando seamos mayores, nos casaremos!<\/em>\u201d, Y aparece un tercer hijo y dice: <em> \u00ab\u00a1No pueden casarse, los negros no pueden casarse con los blancos!<\/em>\u00ab. En ese momento aparece <strong>Garnet<\/strong> y explica: \u00ab<em>\u00a1Ni\u00f1os! No sean racistas<\/em>\u00ab.<\/p>\n<p><span class=\"embed-youtube\" style=\"text-align:center; display: block;\"><iframe loading=\"lazy\" class=\"youtube-player\" width=\"696\" height=\"392\" src=\"https:\/\/www.youtube.com\/embed\/PA0KTFdnBk8?version=3&#038;rel=1&#038;showsearch=0&#038;showinfo=1&#038;iv_load_policy=1&#038;fs=1&#038;hl=es-ES&#038;autohide=2&#038;wmode=transparent\" allowfullscreen=\"true\" style=\"border:0;\" sandbox=\"allow-scripts allow-same-origin allow-popups allow-presentation allow-popups-to-escape-sandbox\"><\/iframe><\/span><\/p>\n<p style=\"text-align: justify;\">A lo largo del corto, <strong>Garnet<\/strong> tambi\u00e9n explica a los ni\u00f1os que para luchar contra el racismo es necesario conocer el tema. Adem\u00e1s, uno de los personajes termina siendo algo esc\u00e9ptico si el racismo sucedi\u00f3 en la \u00abvida real\u00bb, y el personaje de Steven Universe dice que incluso si la persona dice que nunca tuvo una experiencia de racismo, no significa que no exista, algo avalado por el otro personaje.<\/p>\n<p style=\"text-align: justify;\">\u00ab<em>Todos cometemos errores a veces<\/em>\u00bb &#8211; dice uno de los chicos &#8211; \u00ab<em>pero hay que darse cuenta de que duele lidiar con el racismo, y cuando la gente act\u00faa como si no fuera real, se pone a\u00fan peor<\/em>\u00bb &#8211; agrega.<\/p>\n<figure id=\"attachment_92603\" aria-describedby=\"caption-attachment-92603\" style=\"width: 1200px\" class=\"wp-caption aligncenter\"><img data-recalc-dims=\"1\" loading=\"lazy\" decoding=\"async\" class=\"size-full wp-image-92603\" src=\"https:\/\/i0.wp.com\/gay.blog.br\/wp-content\/uploads\/2020\/10\/stevenuniverso.jpg?resize=696%2C392&#038;ssl=1\" alt=\"El nuevo corto de Steven Universe presenta a un par de ni\u00f1os y trae un mensaje antirracista\" width=\"696\" height=\"392\" srcset=\"https:\/\/i0.wp.com\/gay.blog.br\/wp-content\/uploads\/2020\/10\/stevenuniverso.jpg?w=1200&amp;ssl=1 1200w, https:\/\/i0.wp.com\/gay.blog.br\/wp-content\/uploads\/2020\/10\/stevenuniverso.jpg?resize=300%2C169&amp;ssl=1 300w, https:\/\/i0.wp.com\/gay.blog.br\/wp-content\/uploads\/2020\/10\/stevenuniverso.jpg?resize=1024%2C576&amp;ssl=1 1024w, https:\/\/i0.wp.com\/gay.blog.br\/wp-content\/uploads\/2020\/10\/stevenuniverso.jpg?resize=150%2C84&amp;ssl=1 150w, https:\/\/i0.wp.com\/gay.blog.br\/wp-content\/uploads\/2020\/10\/stevenuniverso.jpg?resize=768%2C432&amp;ssl=1 768w, https:\/\/i0.wp.com\/gay.blog.br\/wp-content\/uploads\/2020\/10\/stevenuniverso.jpg?resize=696%2C392&amp;ssl=1 696w, https:\/\/i0.wp.com\/gay.blog.br\/wp-content\/uploads\/2020\/10\/stevenuniverso.jpg?resize=1068%2C601&amp;ssl=1 1068w, https:\/\/i0.wp.com\/gay.blog.br\/wp-content\/uploads\/2020\/10\/stevenuniverso.jpg?resize=747%2C420&amp;ssl=1 747w\" sizes=\"auto, (max-width: 696px) 100vw, 696px\" \/><figcaption id=\"caption-attachment-92603\" class=\"wp-caption-text\">Reproducci\u00f3n<\/figcaption><\/figure>\n<p style=\"text-align: justify;\"><strong>Steven Universo<\/strong> es muy popular entre ni\u00f1os y adolescentes y presenta varios personajes que no encajan en la heteronormatividad, entre ellos no binarios, lesbianas, gays, y el protagonista es un h\u00e9roe que sabe usar la inteligencia emocional para resolver problemas.<\/p>\n<p style=\"text-align: justify;\">En la quinta temporada de la animaci\u00f3n, estrenada en 2018, los personajes <strong>Ruby<\/strong> y <strong>Shippire<\/strong> se casan, aunque no tienen un g\u00e9nero definido. En ese momento, Rebecca Sugar dijo que su matrimonio era inevitable: \u00ab<em>Necesit\u00e1bamos mostrar, una y otra vez, que no hab\u00eda nada menos saludable en estos dos personajes que en cualquier otra boda animada que se haya mostrado en Cartoon Network<\/em>\u00ab.<\/p>\n","protected":false},"excerpt":{"rendered":"<p>\u00abCuando seamos mayores, nos vamos a casar\u00bb <\/p>\n","protected":false},"author":3515,"featured_media":92605,"comment_status":"open","ping_status":"open","sticky":false,"template":"","format":"standard","meta":{"googlesitekit_rrm_CAoiEBg-BXrJeACjO8p49SE4kTY:productID":"","tdm_status":"","tdm_grid_status":"","_jetpack_newsletter_access":"","_jetpack_dont_email_post_to_subs":false,"_jetpack_newsletter_tier_id":0,"_jetpack_memberships_contains_paywalled_content":false,"_jetpack_memberships_contains_paid_content":false,"footnotes":"","jetpack_publicize_message":"El nuevo corto de Steven Universe presenta una pareja gay y un mensaje antirracista","jetpack_publicize_feature_enabled":true,"jetpack_social_post_already_shared":true,"jetpack_social_options":{"image_generator_settings":{"template":"highway","default_image_id":0,"font":"","enabled":false},"version":2},"_wpas_customize_per_network":false,"jetpack_post_was_ever_published":false},"categories":[589932231,589932230],"tags":[589932755,589933809,589933810,589933813],"class_list":{"0":"post-92958","1":"post","2":"type-post","3":"status-publish","4":"format-standard","5":"has-post-thumbnail","7":"category-noticias-es","8":"category-peliculas-tv-y-series","9":"tag-lgbt-es","10":"tag-pareja-es","11":"tag-racismo-es","12":"tag-steven-universo-es-3"},"yoast_head":"<!-- This site is optimized with the Yoast SEO plugin v27.5 - https:\/\/yoast.com\/product\/yoast-seo-wordpress\/ -->\n<title>El nuevo corto de Steven Universe presenta una pareja gay y un mensaje antirracista<\/title>\n<meta name=\"description\" content=\"Cartoon Network llam\u00f3 al autor de Steven Universe para episodios especiales dirigidos a ni\u00f1os para abordar el racismo y la fobia LGBT.\" \/>\n<meta name=\"robots\" content=\"index, follow, max-snippet:-1, max-image-preview:large, max-video-preview:-1\" \/>\n<link rel=\"canonical\" href=\"https:\/\/gay.blog.br\/es\/noticias-es\/el-nuevo-corto-de-steven-universe-presenta-una-pareja-gay-y-un-mensaje-antirracista\/\" \/>\n<meta property=\"og:locale\" content=\"es_ES\" \/>\n<meta property=\"og:type\" content=\"article\" \/>\n<meta property=\"og:title\" content=\"El nuevo corto de Steven Universe presenta una pareja gay y un mensaje antirracista\" \/>\n<meta property=\"og:description\" content=\"Cartoon Network llam\u00f3 al autor de Steven Universe para episodios especiales dirigidos a ni\u00f1os para abordar el racismo y la fobia LGBT.\" \/>\n<meta property=\"og:url\" content=\"https:\/\/gay.blog.br\/es\/noticias-es\/el-nuevo-corto-de-steven-universe-presenta-una-pareja-gay-y-un-mensaje-antirracista\/\" \/>\n<meta property=\"og:site_name\" content=\"GAY BLOG BR @gayblogbr\" \/>\n<meta property=\"article:publisher\" content=\"https:\/\/facebook.com\/gayblogbr\" \/>\n<meta property=\"article:author\" content=\"https:\/\/www.facebook.com\/victormillerreal\" \/>\n<meta property=\"article:published_time\" content=\"2020-10-29T15:42:15+00:00\" \/>\n<meta property=\"article:modified_time\" content=\"2020-11-02T15:13:55+00:00\" \/>\n<meta property=\"og:image\" content=\"https:\/\/i0.wp.com\/gay.blog.br\/wp-content\/uploads\/2020\/10\/stevenuniverso.jpg?fit=1200%2C675&ssl=1\" \/>\n\t<meta property=\"og:image:width\" content=\"1200\" \/>\n\t<meta property=\"og:image:height\" content=\"675\" \/>\n\t<meta property=\"og:image:type\" content=\"image\/jpeg\" \/>\n<meta name=\"author\" content=\"Victor Miller\" \/>\n<meta name=\"twitter:card\" content=\"summary_large_image\" \/>\n<meta name=\"twitter:creator\" content=\"@https:\/\/twitter.com\/victor_miller\" \/>\n<meta name=\"twitter:site\" content=\"@gayblogbr\" \/>\n<meta name=\"twitter:label1\" content=\"Escrito por\" \/>\n\t<meta name=\"twitter:data1\" content=\"Victor Miller\" \/>\n\t<meta name=\"twitter:label2\" content=\"Tiempo de lectura\" \/>\n\t<meta name=\"twitter:data2\" content=\"2 minutos\" \/>\n<script type=\"application\/ld+json\" class=\"yoast-schema-graph\">{\"@context\":\"https:\\\/\\\/schema.org\",\"@graph\":[{\"@type\":\"Article\",\"@id\":\"https:\\\/\\\/gay.blog.br\\\/es\\\/noticias-es\\\/el-nuevo-corto-de-steven-universe-presenta-una-pareja-gay-y-un-mensaje-antirracista\\\/#article\",\"isPartOf\":{\"@id\":\"https:\\\/\\\/gay.blog.br\\\/es\\\/noticias-es\\\/el-nuevo-corto-de-steven-universe-presenta-una-pareja-gay-y-un-mensaje-antirracista\\\/\"},\"author\":{\"name\":\"Victor Miller\",\"@id\":\"https:\\\/\\\/gay.blog.br\\\/es\\\/#\\\/schema\\\/person\\\/5e0cf06e5d5e166b6afeaefc7fc56d9d\"},\"headline\":\"El nuevo corto de Steven Universe presenta una pareja gay y un mensaje antirracista\",\"datePublished\":\"2020-10-29T15:42:15+00:00\",\"dateModified\":\"2020-11-02T15:13:55+00:00\",\"mainEntityOfPage\":{\"@id\":\"https:\\\/\\\/gay.blog.br\\\/es\\\/noticias-es\\\/el-nuevo-corto-de-steven-universe-presenta-una-pareja-gay-y-un-mensaje-antirracista\\\/\"},\"wordCount\":372,\"commentCount\":0,\"publisher\":{\"@id\":\"https:\\\/\\\/gay.blog.br\\\/es\\\/#organization\"},\"image\":{\"@id\":\"https:\\\/\\\/gay.blog.br\\\/es\\\/noticias-es\\\/el-nuevo-corto-de-steven-universe-presenta-una-pareja-gay-y-un-mensaje-antirracista\\\/#primaryimage\"},\"thumbnailUrl\":\"https:\\\/\\\/i0.wp.com\\\/gay.blog.br\\\/wp-content\\\/uploads\\\/2020\\\/10\\\/stevenuniverso.jpg?fit=1200%2C675&ssl=1\",\"keywords\":[\"lgbt\",\"pareja\",\"racismo\",\"Steven Universo\"],\"articleSection\":[\"NOT\u00cdCIAS\",\"PEL\u00cdCULAS, TV y SERIES\"],\"inLanguage\":\"es\",\"potentialAction\":[{\"@type\":\"CommentAction\",\"name\":\"Comment\",\"target\":[\"https:\\\/\\\/gay.blog.br\\\/es\\\/noticias-es\\\/el-nuevo-corto-de-steven-universe-presenta-una-pareja-gay-y-un-mensaje-antirracista\\\/#respond\"]}]},{\"@type\":\"WebPage\",\"@id\":\"https:\\\/\\\/gay.blog.br\\\/es\\\/noticias-es\\\/el-nuevo-corto-de-steven-universe-presenta-una-pareja-gay-y-un-mensaje-antirracista\\\/\",\"url\":\"https:\\\/\\\/gay.blog.br\\\/es\\\/noticias-es\\\/el-nuevo-corto-de-steven-universe-presenta-una-pareja-gay-y-un-mensaje-antirracista\\\/\",\"name\":\"El nuevo corto de Steven Universe presenta una pareja gay y un mensaje antirracista\",\"isPartOf\":{\"@id\":\"https:\\\/\\\/gay.blog.br\\\/es\\\/#website\"},\"primaryImageOfPage\":{\"@id\":\"https:\\\/\\\/gay.blog.br\\\/es\\\/noticias-es\\\/el-nuevo-corto-de-steven-universe-presenta-una-pareja-gay-y-un-mensaje-antirracista\\\/#primaryimage\"},\"image\":{\"@id\":\"https:\\\/\\\/gay.blog.br\\\/es\\\/noticias-es\\\/el-nuevo-corto-de-steven-universe-presenta-una-pareja-gay-y-un-mensaje-antirracista\\\/#primaryimage\"},\"thumbnailUrl\":\"https:\\\/\\\/i0.wp.com\\\/gay.blog.br\\\/wp-content\\\/uploads\\\/2020\\\/10\\\/stevenuniverso.jpg?fit=1200%2C675&ssl=1\",\"datePublished\":\"2020-10-29T15:42:15+00:00\",\"dateModified\":\"2020-11-02T15:13:55+00:00\",\"description\":\"Cartoon Network llam\u00f3 al autor de Steven Universe para episodios especiales dirigidos a ni\u00f1os para abordar el racismo y la fobia LGBT.\",\"breadcrumb\":{\"@id\":\"https:\\\/\\\/gay.blog.br\\\/es\\\/noticias-es\\\/el-nuevo-corto-de-steven-universe-presenta-una-pareja-gay-y-un-mensaje-antirracista\\\/#breadcrumb\"},\"inLanguage\":\"es\",\"potentialAction\":[{\"@type\":\"ReadAction\",\"target\":[\"https:\\\/\\\/gay.blog.br\\\/es\\\/noticias-es\\\/el-nuevo-corto-de-steven-universe-presenta-una-pareja-gay-y-un-mensaje-antirracista\\\/\"]}]},{\"@type\":\"ImageObject\",\"inLanguage\":\"es\",\"@id\":\"https:\\\/\\\/gay.blog.br\\\/es\\\/noticias-es\\\/el-nuevo-corto-de-steven-universe-presenta-una-pareja-gay-y-un-mensaje-antirracista\\\/#primaryimage\",\"url\":\"https:\\\/\\\/i0.wp.com\\\/gay.blog.br\\\/wp-content\\\/uploads\\\/2020\\\/10\\\/stevenuniverso.jpg?fit=1200%2C675&ssl=1\",\"contentUrl\":\"https:\\\/\\\/i0.wp.com\\\/gay.blog.br\\\/wp-content\\\/uploads\\\/2020\\\/10\\\/stevenuniverso.jpg?fit=1200%2C675&ssl=1\",\"width\":1200,\"height\":675,\"caption\":\"Reprodu\u00e7\u00e3o\"},{\"@type\":\"BreadcrumbList\",\"@id\":\"https:\\\/\\\/gay.blog.br\\\/es\\\/noticias-es\\\/el-nuevo-corto-de-steven-universe-presenta-una-pareja-gay-y-un-mensaje-antirracista\\\/#breadcrumb\",\"itemListElement\":[{\"@type\":\"ListItem\",\"position\":1,\"name\":\"In\u00edcio\",\"item\":\"https:\\\/\\\/gay.blog.br\\\/es\\\/\"},{\"@type\":\"ListItem\",\"position\":2,\"name\":\"El nuevo corto de Steven Universe presenta una pareja gay y un mensaje antirracista\"}]},{\"@type\":\"WebSite\",\"@id\":\"https:\\\/\\\/gay.blog.br\\\/es\\\/#website\",\"url\":\"https:\\\/\\\/gay.blog.br\\\/es\\\/\",\"name\":\"GAY BLOG BR @gayblogbr\",\"description\":\"Not\u00edcias que empoderam e\\\/ou entret\u00eam s\u00e3o especialidades da casa\",\"publisher\":{\"@id\":\"https:\\\/\\\/gay.blog.br\\\/es\\\/#organization\"},\"potentialAction\":[{\"@type\":\"SearchAction\",\"target\":{\"@type\":\"EntryPoint\",\"urlTemplate\":\"https:\\\/\\\/gay.blog.br\\\/es\\\/?s={search_term_string}\"},\"query-input\":{\"@type\":\"PropertyValueSpecification\",\"valueRequired\":true,\"valueName\":\"search_term_string\"}}],\"inLanguage\":\"es\"},{\"@type\":\"Organization\",\"@id\":\"https:\\\/\\\/gay.blog.br\\\/es\\\/#organization\",\"name\":\"GAY BLOG BR\",\"url\":\"https:\\\/\\\/gay.blog.br\\\/es\\\/\",\"logo\":{\"@type\":\"ImageObject\",\"inLanguage\":\"es\",\"@id\":\"https:\\\/\\\/gay.blog.br\\\/es\\\/#\\\/schema\\\/logo\\\/image\\\/\",\"url\":\"https:\\\/\\\/i0.wp.com\\\/gay.blog.br\\\/wp-content\\\/uploads\\\/2023\\\/08\\\/gay180px.png?fit=272%2C90&ssl=1\",\"contentUrl\":\"https:\\\/\\\/i0.wp.com\\\/gay.blog.br\\\/wp-content\\\/uploads\\\/2023\\\/08\\\/gay180px.png?fit=272%2C90&ssl=1\",\"width\":272,\"height\":90,\"caption\":\"GAY BLOG BR\"},\"image\":{\"@id\":\"https:\\\/\\\/gay.blog.br\\\/es\\\/#\\\/schema\\\/logo\\\/image\\\/\"},\"sameAs\":[\"https:\\\/\\\/facebook.com\\\/gayblogbr\",\"https:\\\/\\\/x.com\\\/gayblogbr\",\"https:\\\/\\\/instagram.com\\\/gayblogbr\",\"https:\\\/\\\/www.linkedin.com\\\/company\\\/gayblogbr\\\/\",\"https:\\\/\\\/br.pinterest.com\\\/gayblogbr\\\/\",\"https:\\\/\\\/www.youtube.com\\\/channel\\\/UCdEu3JXLOB-wvWAVUF4AIiA\",\"https:\\\/\\\/pt.wikipedia.org\\\/wiki\\\/Gay_Blog_Br\",\"https:\\\/\\\/www.threads.net\\\/@gayblogbr\"]},{\"@type\":\"Person\",\"@id\":\"https:\\\/\\\/gay.blog.br\\\/es\\\/#\\\/schema\\\/person\\\/5e0cf06e5d5e166b6afeaefc7fc56d9d\",\"name\":\"Victor Miller\",\"image\":{\"@type\":\"ImageObject\",\"inLanguage\":\"es\",\"@id\":\"https:\\\/\\\/secure.gravatar.com\\\/avatar\\\/7c1fad0dcba879f76a2e6b9189cea981c8fcb9c7e6f40d5903cf16ba29cb80b5?s=96&d=mm&r=g\",\"url\":\"https:\\\/\\\/secure.gravatar.com\\\/avatar\\\/7c1fad0dcba879f76a2e6b9189cea981c8fcb9c7e6f40d5903cf16ba29cb80b5?s=96&d=mm&r=g\",\"contentUrl\":\"https:\\\/\\\/secure.gravatar.com\\\/avatar\\\/7c1fad0dcba879f76a2e6b9189cea981c8fcb9c7e6f40d5903cf16ba29cb80b5?s=96&d=mm&r=g\",\"caption\":\"Victor Miller\"},\"description\":\"Jornalista formado pela PUC do Rio de Janeiro, dedicou sua vida a falar sobre cultura nerd\\\/geek. Gay desde que se entende por gente, sempre teve desejo de trabalhar com o p\u00fablico LGBT+ e cr\u00ea que a informa\u00e7\u00e3o \u00e9 a a melhor arma contra qualquer tipo de \\\"fobia\\\"\",\"sameAs\":[\"https:\\\/\\\/gay.blog.br\\\/author\\\/victormiller\\\/\",\"https:\\\/\\\/www.facebook.com\\\/victormillerreal\",\"https:\\\/\\\/instagram.com\\\/victormillermiranda\",\"https:\\\/\\\/www.linkedin.com\\\/in\\\/victor-miller-266b54a7\\\/\",\"https:\\\/\\\/x.com\\\/https:\\\/\\\/twitter.com\\\/victor_miller\",\"https:\\\/\\\/www.youtube.com\\\/user\\\/planetasonic\"],\"url\":\"https:\\\/\\\/gay.blog.br\\\/es\\\/author\\\/victormiller\\\/\"}]}<\/script>\n<!-- \/ Yoast SEO plugin. -->","yoast_head_json":{"title":"El nuevo corto de Steven Universe presenta una pareja gay y un mensaje antirracista","description":"Cartoon Network llam\u00f3 al autor de Steven Universe para episodios especiales dirigidos a ni\u00f1os para abordar el racismo y la fobia LGBT.","robots":{"index":"index","follow":"follow","max-snippet":"max-snippet:-1","max-image-preview":"max-image-preview:large","max-video-preview":"max-video-preview:-1"},"canonical":"https:\/\/gay.blog.br\/es\/noticias-es\/el-nuevo-corto-de-steven-universe-presenta-una-pareja-gay-y-un-mensaje-antirracista\/","og_locale":"es_ES","og_type":"article","og_title":"El nuevo corto de Steven Universe presenta una pareja gay y un mensaje antirracista","og_description":"Cartoon Network llam\u00f3 al autor de Steven Universe para episodios especiales dirigidos a ni\u00f1os para abordar el racismo y la fobia LGBT.","og_url":"https:\/\/gay.blog.br\/es\/noticias-es\/el-nuevo-corto-de-steven-universe-presenta-una-pareja-gay-y-un-mensaje-antirracista\/","og_site_name":"GAY BLOG BR @gayblogbr","article_publisher":"https:\/\/facebook.com\/gayblogbr","article_author":"https:\/\/www.facebook.com\/victormillerreal","article_published_time":"2020-10-29T15:42:15+00:00","article_modified_time":"2020-11-02T15:13:55+00:00","og_image":[{"width":1200,"height":675,"url":"https:\/\/i0.wp.com\/gay.blog.br\/wp-content\/uploads\/2020\/10\/stevenuniverso.jpg?fit=1200%2C675&ssl=1","type":"image\/jpeg"}],"author":"Victor Miller","twitter_card":"summary_large_image","twitter_creator":"@https:\/\/twitter.com\/victor_miller","twitter_site":"@gayblogbr","twitter_misc":{"Escrito por":"Victor Miller","Tiempo de lectura":"2 minutos"},"schema":{"@context":"https:\/\/schema.org","@graph":[{"@type":"Article","@id":"https:\/\/gay.blog.br\/es\/noticias-es\/el-nuevo-corto-de-steven-universe-presenta-una-pareja-gay-y-un-mensaje-antirracista\/#article","isPartOf":{"@id":"https:\/\/gay.blog.br\/es\/noticias-es\/el-nuevo-corto-de-steven-universe-presenta-una-pareja-gay-y-un-mensaje-antirracista\/"},"author":{"name":"Victor Miller","@id":"https:\/\/gay.blog.br\/es\/#\/schema\/person\/5e0cf06e5d5e166b6afeaefc7fc56d9d"},"headline":"El nuevo corto de Steven Universe presenta una pareja gay y un mensaje antirracista","datePublished":"2020-10-29T15:42:15+00:00","dateModified":"2020-11-02T15:13:55+00:00","mainEntityOfPage":{"@id":"https:\/\/gay.blog.br\/es\/noticias-es\/el-nuevo-corto-de-steven-universe-presenta-una-pareja-gay-y-un-mensaje-antirracista\/"},"wordCount":372,"commentCount":0,"publisher":{"@id":"https:\/\/gay.blog.br\/es\/#organization"},"image":{"@id":"https:\/\/gay.blog.br\/es\/noticias-es\/el-nuevo-corto-de-steven-universe-presenta-una-pareja-gay-y-un-mensaje-antirracista\/#primaryimage"},"thumbnailUrl":"https:\/\/i0.wp.com\/gay.blog.br\/wp-content\/uploads\/2020\/10\/stevenuniverso.jpg?fit=1200%2C675&ssl=1","keywords":["lgbt","pareja","racismo","Steven Universo"],"articleSection":["NOT\u00cdCIAS","PEL\u00cdCULAS, TV y SERIES"],"inLanguage":"es","potentialAction":[{"@type":"CommentAction","name":"Comment","target":["https:\/\/gay.blog.br\/es\/noticias-es\/el-nuevo-corto-de-steven-universe-presenta-una-pareja-gay-y-un-mensaje-antirracista\/#respond"]}]},{"@type":"WebPage","@id":"https:\/\/gay.blog.br\/es\/noticias-es\/el-nuevo-corto-de-steven-universe-presenta-una-pareja-gay-y-un-mensaje-antirracista\/","url":"https:\/\/gay.blog.br\/es\/noticias-es\/el-nuevo-corto-de-steven-universe-presenta-una-pareja-gay-y-un-mensaje-antirracista\/","name":"El nuevo corto de Steven Universe presenta una pareja gay y un mensaje antirracista","isPartOf":{"@id":"https:\/\/gay.blog.br\/es\/#website"},"primaryImageOfPage":{"@id":"https:\/\/gay.blog.br\/es\/noticias-es\/el-nuevo-corto-de-steven-universe-presenta-una-pareja-gay-y-un-mensaje-antirracista\/#primaryimage"},"image":{"@id":"https:\/\/gay.blog.br\/es\/noticias-es\/el-nuevo-corto-de-steven-universe-presenta-una-pareja-gay-y-un-mensaje-antirracista\/#primaryimage"},"thumbnailUrl":"https:\/\/i0.wp.com\/gay.blog.br\/wp-content\/uploads\/2020\/10\/stevenuniverso.jpg?fit=1200%2C675&ssl=1","datePublished":"2020-10-29T15:42:15+00:00","dateModified":"2020-11-02T15:13:55+00:00","description":"Cartoon Network llam\u00f3 al autor de Steven Universe para episodios especiales dirigidos a ni\u00f1os para abordar el racismo y la fobia LGBT.","breadcrumb":{"@id":"https:\/\/gay.blog.br\/es\/noticias-es\/el-nuevo-corto-de-steven-universe-presenta-una-pareja-gay-y-un-mensaje-antirracista\/#breadcrumb"},"inLanguage":"es","potentialAction":[{"@type":"ReadAction","target":["https:\/\/gay.blog.br\/es\/noticias-es\/el-nuevo-corto-de-steven-universe-presenta-una-pareja-gay-y-un-mensaje-antirracista\/"]}]},{"@type":"ImageObject","inLanguage":"es","@id":"https:\/\/gay.blog.br\/es\/noticias-es\/el-nuevo-corto-de-steven-universe-presenta-una-pareja-gay-y-un-mensaje-antirracista\/#primaryimage","url":"https:\/\/i0.wp.com\/gay.blog.br\/wp-content\/uploads\/2020\/10\/stevenuniverso.jpg?fit=1200%2C675&ssl=1","contentUrl":"https:\/\/i0.wp.com\/gay.blog.br\/wp-content\/uploads\/2020\/10\/stevenuniverso.jpg?fit=1200%2C675&ssl=1","width":1200,"height":675,"caption":"Reprodu\u00e7\u00e3o"},{"@type":"BreadcrumbList","@id":"https:\/\/gay.blog.br\/es\/noticias-es\/el-nuevo-corto-de-steven-universe-presenta-una-pareja-gay-y-un-mensaje-antirracista\/#breadcrumb","itemListElement":[{"@type":"ListItem","position":1,"name":"In\u00edcio","item":"https:\/\/gay.blog.br\/es\/"},{"@type":"ListItem","position":2,"name":"El nuevo corto de Steven Universe presenta una pareja gay y un mensaje antirracista"}]},{"@type":"WebSite","@id":"https:\/\/gay.blog.br\/es\/#website","url":"https:\/\/gay.blog.br\/es\/","name":"GAY BLOG BR @gayblogbr","description":"Not\u00edcias que empoderam e\/ou entret\u00eam s\u00e3o especialidades da casa","publisher":{"@id":"https:\/\/gay.blog.br\/es\/#organization"},"potentialAction":[{"@type":"SearchAction","target":{"@type":"EntryPoint","urlTemplate":"https:\/\/gay.blog.br\/es\/?s={search_term_string}"},"query-input":{"@type":"PropertyValueSpecification","valueRequired":true,"valueName":"search_term_string"}}],"inLanguage":"es"},{"@type":"Organization","@id":"https:\/\/gay.blog.br\/es\/#organization","name":"GAY BLOG BR","url":"https:\/\/gay.blog.br\/es\/","logo":{"@type":"ImageObject","inLanguage":"es","@id":"https:\/\/gay.blog.br\/es\/#\/schema\/logo\/image\/","url":"https:\/\/i0.wp.com\/gay.blog.br\/wp-content\/uploads\/2023\/08\/gay180px.png?fit=272%2C90&ssl=1","contentUrl":"https:\/\/i0.wp.com\/gay.blog.br\/wp-content\/uploads\/2023\/08\/gay180px.png?fit=272%2C90&ssl=1","width":272,"height":90,"caption":"GAY BLOG BR"},"image":{"@id":"https:\/\/gay.blog.br\/es\/#\/schema\/logo\/image\/"},"sameAs":["https:\/\/facebook.com\/gayblogbr","https:\/\/x.com\/gayblogbr","https:\/\/instagram.com\/gayblogbr","https:\/\/www.linkedin.com\/company\/gayblogbr\/","https:\/\/br.pinterest.com\/gayblogbr\/","https:\/\/www.youtube.com\/channel\/UCdEu3JXLOB-wvWAVUF4AIiA","https:\/\/pt.wikipedia.org\/wiki\/Gay_Blog_Br","https:\/\/www.threads.net\/@gayblogbr"]},{"@type":"Person","@id":"https:\/\/gay.blog.br\/es\/#\/schema\/person\/5e0cf06e5d5e166b6afeaefc7fc56d9d","name":"Victor Miller","image":{"@type":"ImageObject","inLanguage":"es","@id":"https:\/\/secure.gravatar.com\/avatar\/7c1fad0dcba879f76a2e6b9189cea981c8fcb9c7e6f40d5903cf16ba29cb80b5?s=96&d=mm&r=g","url":"https:\/\/secure.gravatar.com\/avatar\/7c1fad0dcba879f76a2e6b9189cea981c8fcb9c7e6f40d5903cf16ba29cb80b5?s=96&d=mm&r=g","contentUrl":"https:\/\/secure.gravatar.com\/avatar\/7c1fad0dcba879f76a2e6b9189cea981c8fcb9c7e6f40d5903cf16ba29cb80b5?s=96&d=mm&r=g","caption":"Victor Miller"},"description":"Jornalista formado pela PUC do Rio de Janeiro, dedicou sua vida a falar sobre cultura nerd\/geek. Gay desde que se entende por gente, sempre teve desejo de trabalhar com o p\u00fablico LGBT+ e cr\u00ea que a informa\u00e7\u00e3o \u00e9 a a melhor arma contra qualquer tipo de \"fobia\"","sameAs":["https:\/\/gay.blog.br\/author\/victormiller\/","https:\/\/www.facebook.com\/victormillerreal","https:\/\/instagram.com\/victormillermiranda","https:\/\/www.linkedin.com\/in\/victor-miller-266b54a7\/","https:\/\/x.com\/https:\/\/twitter.com\/victor_miller","https:\/\/www.youtube.com\/user\/planetasonic"],"url":"https:\/\/gay.blog.br\/es\/author\/victormiller\/"}]}},"jetpack_publicize_connections":[],"jetpack_featured_media_url":"https:\/\/i0.wp.com\/gay.blog.br\/wp-content\/uploads\/2020\/10\/stevenuniverso.jpg?fit=1200%2C675&ssl=1","jetpack_sharing_enabled":true,"jetpack_shortlink":"https:\/\/wp.me\/p6klkK-obk","jetpack_likes_enabled":false,"amp_enabled":true,"_links":{"self":[{"href":"https:\/\/gay.blog.br\/es\/wp-json\/wp\/v2\/posts\/92958","targetHints":{"allow":["GET"]}}],"collection":[{"href":"https:\/\/gay.blog.br\/es\/wp-json\/wp\/v2\/posts"}],"about":[{"href":"https:\/\/gay.blog.br\/es\/wp-json\/wp\/v2\/types\/post"}],"author":[{"embeddable":true,"href":"https:\/\/gay.blog.br\/es\/wp-json\/wp\/v2\/users\/3515"}],"replies":[{"embeddable":true,"href":"https:\/\/gay.blog.br\/es\/wp-json\/wp\/v2\/comments?post=92958"}],"version-history":[{"count":0,"href":"https:\/\/gay.blog.br\/es\/wp-json\/wp\/v2\/posts\/92958\/revisions"}],"wp:featuredmedia":[{"embeddable":true,"href":"https:\/\/gay.blog.br\/es\/wp-json\/wp\/v2\/media\/92605"}],"wp:attachment":[{"href":"https:\/\/gay.blog.br\/es\/wp-json\/wp\/v2\/media?parent=92958"}],"wp:term":[{"taxonomy":"category","embeddable":true,"href":"https:\/\/gay.blog.br\/es\/wp-json\/wp\/v2\/categories?post=92958"},{"taxonomy":"post_tag","embeddable":true,"href":"https:\/\/gay.blog.br\/es\/wp-json\/wp\/v2\/tags?post=92958"}],"curies":[{"name":"wp","href":"https:\/\/api.w.org\/{rel}","templated":true}]}}