{"id":92987,"date":"2020-01-29T12:28:58","date_gmt":"2020-01-29T15:28:58","guid":{"rendered":"https:\/\/gay.blog.br\/?p=92987"},"modified":"2020-11-02T12:08:30","modified_gmt":"2020-11-02T15:08:30","slug":"starbucks-brasil-ayuda-a-rectificar-los-nombres-de-los-empleados-trans","status":"publish","type":"post","link":"https:\/\/gay.blog.br\/es\/trans-es\/starbucks-brasil-ayuda-a-rectificar-los-nombres-de-los-empleados-trans\/","title":{"rendered":"Starbucks Brasil ayuda a rectificar los nombres de los empleados trans"},"content":{"rendered":"<p style=\"text-align: justify;\">Desde que <strong>Starbucks<\/strong> abri\u00f3 sus puertas en 1971, la marca se ha dedicado a compartir un excelente caf\u00e9 con sus clientes a diario y a ayudar a hacer del mundo un lugar mejor. Esto significa no solo actuar por las comunidades en las que opera, sino liderar programas y acciones que tengan el poder de transformar.<\/p>\n<p style=\"text-align: justify;\">En este sentido, la marca asume globalmente compromisos con la sostenibilidad y protecci\u00f3n del medio ambiente, al tiempo que implementa proyectos orientados a causas sociales, que promueven el suministro \u00e9tico del caf\u00e9 y, por supuesto, el apoyo y respeto a la diversidad &#8211; ya sea con socios (como empleados), clientes, proveedores y comunidades.<\/p>\n<p style=\"text-align: justify;\">\u201cEn Brasil, Starbucks tiene una larga historia de acciones e iniciativas. Desde hace 7 a\u00f1os es socio de la Fundaci\u00f3n Gol de Letra para la realizaci\u00f3n de nuestro tradicional D\u00eda del Caramelo, cuando el valor total de la venta neta de bebidas Caramelo Macchiato se destina a ayudar en la educaci\u00f3n de varios j\u00f3venes. Anualmente, en abril, celebramos el Mes Global del Bien que busca fomentar el voluntariado de nuestros socios en las ubicaciones donde tenemos tiendas. Adem\u00e1s, tambi\u00e9n apoyamos a la comunidad LGBTQ+, en la que en los \u00faltimos a\u00f1os hemos realizado acciones en alianza con <a href=\"https:\/\/gay.blog.br\/cultura\/linn-da-quebrada-mel-e-renata-carvalho-na-programacao-especial-da-casa-1\/\">Casa 1<\/a>, en San Pablo, y Grupo Arco \u00cdris, en R\u00edo de Janeiro. Todos los socios saben que trabajar en Starbucks es capaz de marcar la diferencia, aportando y participando voluntariamente en nuestras acciones e iniciativas, solo as\u00ed podemos crear la cultura de cordialidad e inclusi\u00f3n que es tan \u00fanica y caracter\u00edstica de nuestra marca \u201d, comenta Claudia Malaguerra, directora general de Starbucks Brasil.<\/p>\n<figure id=\"attachment_34088\" aria-describedby=\"caption-attachment-34088\" style=\"width: 1024px\" class=\"wp-caption aligncenter\"><img data-recalc-dims=\"1\" loading=\"lazy\" decoding=\"async\" class=\"size-full wp-image-34088\" src=\"https:\/\/i0.wp.com\/gay.blog.br\/wp-content\/uploads\/2020\/01\/starbucks.jpg?resize=696%2C410&#038;ssl=1\" alt=\"Starbucks Brasil ayuda a rectificar los nombres de los empleados trans\" width=\"696\" height=\"410\" srcset=\"https:\/\/i0.wp.com\/gay.blog.br\/wp-content\/uploads\/2020\/01\/starbucks.jpg?w=1024&amp;ssl=1 1024w, https:\/\/i0.wp.com\/gay.blog.br\/wp-content\/uploads\/2020\/01\/starbucks.jpg?resize=300%2C177&amp;ssl=1 300w, https:\/\/i0.wp.com\/gay.blog.br\/wp-content\/uploads\/2020\/01\/starbucks.jpg?resize=150%2C88&amp;ssl=1 150w, https:\/\/i0.wp.com\/gay.blog.br\/wp-content\/uploads\/2020\/01\/starbucks.jpg?resize=768%2C452&amp;ssl=1 768w, https:\/\/i0.wp.com\/gay.blog.br\/wp-content\/uploads\/2020\/01\/starbucks.jpg?resize=696%2C410&amp;ssl=1 696w, https:\/\/i0.wp.com\/gay.blog.br\/wp-content\/uploads\/2020\/01\/starbucks.jpg?resize=713%2C420&amp;ssl=1 713w\" sizes=\"auto, (max-width: 696px) 100vw, 696px\" \/><figcaption id=\"caption-attachment-34088\" class=\"wp-caption-text\">Unidad de la Avenida Paulista &#8211; Foto: reproduccion \/ nationpop.com<\/figcaption><\/figure>\n<p style=\"text-align: justify;\">\u201cEn todas las tiendas de marca, cualquiera que pide un caf\u00e9 es llamado y tiene su nombre escrito en nuestras tazas, sea lo que sea. Esta fue la inspiraci\u00f3n para esta acci\u00f3n para ayudar a rectificar los nombres, que comienza el 29 de enero, D\u00eda Nacional de la Visibilidad Trans. Si esto ya es algo tan natural en nuestro d\u00eda a d\u00eda, \u00bfpor qu\u00e9 no dar la oportunidad o facilitar que las personas tengan el registro del nombre social que quieran? \u201d, Argumenta Claudia.<\/p>\n<p style=\"text-align: justify;\">A partir de esta fecha, los socios trans interesados \u200b\u200ben el proceso podr\u00e1n comenzar a cambiar sus nombres mediante la rectificaci\u00f3n y emisi\u00f3n de un nuevo certificado de nacimiento, con todo el respaldo jur\u00eddico, legal y psicol\u00f3gico de la marca, incluidos todos los costos que conlleva en el proceso. La marca dar\u00e1 a conocer la iniciativa \u201cEu sou\u201d a trav\u00e9s de una campa\u00f1a creada por Young &amp; Rubicam y cuenta con el apoyo del 34\u00ba Registro Civil Cerqueira C\u00e9sar, el registro que m\u00e1s rectifica nombres en todo el pa\u00eds.<\/p>\n<p style=\"text-align: justify;\">Todav\u00eda seg\u00fan la ejecutiva, \u201ccon esta acci\u00f3n queremos dar visibilidad al proceso de rectificaci\u00f3n de nombres, que muchas personas desconocen o no tienen acceso, jugando tambi\u00e9n un papel importante como agente transformador de la sociedad\u201d. El d\u00eda 29, la iniciativa tambi\u00e9n se extender\u00e1 a los miembros de la ONG socia Casa 1 y Casa Florescer, simpatizantes del proyecto.<\/p>\n<p style=\"text-align: justify;\">En 2018, el Tribunal Supremo Federal (STF) decidi\u00f3 que el cambio de nombre en Brasil no requiere autorizaci\u00f3n judicial, informe m\u00e9dico o prueba de cirug\u00eda de reasignaci\u00f3n sexual y se puede realizar directamente en las notar\u00edas de todo el pa\u00eds. En la decisi\u00f3n, la mayor\u00eda de los ministros invocaron el principio de dignidad humana para garantizar el derecho a adaptar la informaci\u00f3n de identificaci\u00f3n civil a la identidad autopercibida de las personas trans.<\/p>\n<p style=\"text-align: justify;\">\u201cDesde el principio, Starbucks eligi\u00f3 ser una empresa diferente y eso sucede no solo por nuestra historia, sino tambi\u00e9n por las causas que abrazamos y la forma en que las abrazamos. As\u00ed como cada caf\u00e9 es \u00fanico y tiene sus caracter\u00edsticas, sabores y aromas, cada persona para nosotros es \u00fanica y especial y valoramos estas conexiones. Estamos comprometidos con mantener una cultura de inclusi\u00f3n, diversidad y equidad donde todos sean bienvenidos, valorados y respetados \u201d, concluye Claudia.<\/p>\n<blockquote class=\"wp-embedded-content\" data-secret=\"Z8KErowmBk\"><p><a href=\"https:\/\/gay.blog.br\/trans\/linn-da-quebrada-mel-e-renata-carvalho-na-programacao-especial-da-casa-1\/\">Linn da Quebrada, Mel e Renata Carvalho na programa\u00e7\u00e3o especial da Casa 1<\/a><\/p><\/blockquote>\n<p><iframe loading=\"lazy\" class=\"wp-embedded-content\" sandbox=\"allow-scripts\" security=\"restricted\" style=\"position: absolute; clip: rect(1px, 1px, 1px, 1px);\" title=\"&#8220;Linn da Quebrada, Mel e Renata Carvalho na programa\u00e7\u00e3o especial da Casa 1&#8221; &#8212; GAY BLOG BR @gayblogbr\" src=\"https:\/\/gay.blog.br\/trans\/linn-da-quebrada-mel-e-renata-carvalho-na-programacao-especial-da-casa-1\/embed\/#?secret=Z8KErowmBk\" data-secret=\"Z8KErowmBk\" width=\"600\" height=\"338\" frameborder=\"0\" marginwidth=\"0\" marginheight=\"0\" scrolling=\"no\"><\/iframe><\/p>\n","protected":false},"excerpt":{"rendered":"<p>A partir del 29 de enero, D\u00eda Nacional de la Visibilidad Trans, la iniciativa ayudar\u00e1 a los empleados y simpatizantes de las ONG Casa 1 y Casa Florescer en el proceso de rectificaci\u00f3n de nombres.<\/p>\n","protected":false},"author":2,"featured_media":78063,"comment_status":"open","ping_status":"open","sticky":false,"template":"","format":"standard","meta":{"googlesitekit_rrm_CAoiEBg-BXrJeACjO8p49SE4kTY:productID":"","tdm_status":"","tdm_grid_status":"","_jetpack_newsletter_access":"","_jetpack_dont_email_post_to_subs":false,"_jetpack_newsletter_tier_id":0,"_jetpack_memberships_contains_paywalled_content":false,"_jetpack_memberships_contains_paid_content":false,"footnotes":"","jetpack_publicize_message":"Starbucks Brasil ayuda a rectificar los nombres de los empleados trans","jetpack_publicize_feature_enabled":true,"jetpack_social_post_already_shared":true,"jetpack_social_options":{"image_generator_settings":{"template":"highway","default_image_id":0,"font":"","enabled":false},"version":2},"_wpas_customize_per_network":false,"jetpack_post_was_ever_published":false},"categories":[589932395,589932231,589932279],"tags":[589933824,589933825,589933829,589933827,589932541,589933828],"class_list":{"0":"post-92987","1":"post","2":"type-post","3":"status-publish","4":"format-standard","5":"has-post-thumbnail","7":"category-marketing-es","8":"category-noticias-es","9":"category-trans-es","10":"tag-casa-1-es","11":"tag-nombre-social","12":"tag-nome-social-es","13":"tag-starbucks-es-2","14":"tag-trans-es","15":"tag-young-rubicam-es"},"yoast_head":"<!-- This site is optimized with the Yoast SEO plugin v27.5 - https:\/\/yoast.com\/product\/yoast-seo-wordpress\/ -->\n<title>Starbucks Brasil ayuda a rectificar los nombres de los empleados trans<\/title>\n<meta name=\"description\" content=\"A partir del 29 de enero, D\u00eda Nacional de la Visibilidad Trans, la iniciativa ayudar\u00e1 a los empleados y simpatizantes de las ONG Casa 1 y Casa Florescer en el proceso de rectificaci\u00f3n de nombres.\" \/>\n<meta name=\"robots\" content=\"index, follow, max-snippet:-1, max-image-preview:large, max-video-preview:-1\" \/>\n<link rel=\"canonical\" href=\"https:\/\/gay.blog.br\/es\/trans-es\/starbucks-brasil-ayuda-a-rectificar-los-nombres-de-los-empleados-trans\/\" \/>\n<meta property=\"og:locale\" content=\"es_ES\" \/>\n<meta property=\"og:type\" content=\"article\" \/>\n<meta property=\"og:title\" content=\"Starbucks Brasil ayuda a rectificar los nombres de los empleados trans\" \/>\n<meta property=\"og:description\" content=\"A partir del 29 de enero, D\u00eda Nacional de la Visibilidad Trans, la iniciativa ayudar\u00e1 a los empleados y simpatizantes de las ONG Casa 1 y Casa Florescer en el proceso de rectificaci\u00f3n de nombres.\" \/>\n<meta property=\"og:url\" content=\"https:\/\/gay.blog.br\/es\/trans-es\/starbucks-brasil-ayuda-a-rectificar-los-nombres-de-los-empleados-trans\/\" \/>\n<meta property=\"og:site_name\" content=\"GAY BLOG BR @gayblogbr\" \/>\n<meta property=\"article:publisher\" content=\"https:\/\/facebook.com\/gayblogbr\" \/>\n<meta property=\"article:author\" content=\"https:\/\/facebook.com\/gayblogbr\" \/>\n<meta property=\"article:published_time\" content=\"2020-01-29T15:28:58+00:00\" \/>\n<meta property=\"article:modified_time\" content=\"2020-11-02T15:08:30+00:00\" \/>\n<meta property=\"og:image\" content=\"https:\/\/i2.wp.com\/gay.blog.br\/wp-content\/uploads\/2020\/01\/starbucks.jpg?fit=1024%2C603&ssl=1\" \/>\n\t<meta property=\"og:image:width\" content=\"1024\" \/>\n\t<meta property=\"og:image:height\" content=\"603\" \/>\n\t<meta property=\"og:image:type\" content=\"image\/jpeg\" \/>\n<meta name=\"author\" content=\"www.gay.blog.br\" \/>\n<meta name=\"twitter:card\" content=\"summary_large_image\" \/>\n<meta name=\"twitter:creator\" content=\"@https:\/\/bsky.app\/profile\/gayblogbr.bsky.social\" \/>\n<meta name=\"twitter:site\" content=\"@gayblogbr\" \/>\n<meta name=\"twitter:label1\" content=\"Escrito por\" \/>\n\t<meta name=\"twitter:data1\" content=\"www.gay.blog.br\" \/>\n\t<meta name=\"twitter:label2\" content=\"Tiempo de lectura\" \/>\n\t<meta name=\"twitter:data2\" content=\"4 minutos\" \/>\n<script type=\"application\/ld+json\" class=\"yoast-schema-graph\">{\"@context\":\"https:\\\/\\\/schema.org\",\"@graph\":[{\"@type\":\"Article\",\"@id\":\"https:\\\/\\\/gay.blog.br\\\/es\\\/trans-es\\\/starbucks-brasil-ayuda-a-rectificar-los-nombres-de-los-empleados-trans\\\/#article\",\"isPartOf\":{\"@id\":\"https:\\\/\\\/gay.blog.br\\\/es\\\/trans-es\\\/starbucks-brasil-ayuda-a-rectificar-los-nombres-de-los-empleados-trans\\\/\"},\"author\":{\"name\":\"www.gay.blog.br\",\"@id\":\"https:\\\/\\\/gay.blog.br\\\/es\\\/#\\\/schema\\\/person\\\/ab4bce68ee54b8f4af5c174efe7472e5\"},\"headline\":\"Starbucks Brasil ayuda a rectificar los nombres de los empleados trans\",\"datePublished\":\"2020-01-29T15:28:58+00:00\",\"dateModified\":\"2020-11-02T15:08:30+00:00\",\"mainEntityOfPage\":{\"@id\":\"https:\\\/\\\/gay.blog.br\\\/es\\\/trans-es\\\/starbucks-brasil-ayuda-a-rectificar-los-nombres-de-los-empleados-trans\\\/\"},\"wordCount\":722,\"commentCount\":0,\"publisher\":{\"@id\":\"https:\\\/\\\/gay.blog.br\\\/es\\\/#organization\"},\"image\":{\"@id\":\"https:\\\/\\\/gay.blog.br\\\/es\\\/trans-es\\\/starbucks-brasil-ayuda-a-rectificar-los-nombres-de-los-empleados-trans\\\/#primaryimage\"},\"thumbnailUrl\":\"https:\\\/\\\/i0.wp.com\\\/gay.blog.br\\\/wp-content\\\/uploads\\\/2020\\\/01\\\/starbucks.jpg?fit=1024%2C603&ssl=1\",\"keywords\":[\"casa 1\",\"nombre social\",\"nome social\",\"Starbucks\",\"trans\",\"Young &amp; Rubicam\"],\"articleSection\":[\"MARKETING\",\"NOT\u00cdCIAS\",\"TRANS\"],\"inLanguage\":\"es\",\"potentialAction\":[{\"@type\":\"CommentAction\",\"name\":\"Comment\",\"target\":[\"https:\\\/\\\/gay.blog.br\\\/es\\\/trans-es\\\/starbucks-brasil-ayuda-a-rectificar-los-nombres-de-los-empleados-trans\\\/#respond\"]}]},{\"@type\":\"WebPage\",\"@id\":\"https:\\\/\\\/gay.blog.br\\\/es\\\/trans-es\\\/starbucks-brasil-ayuda-a-rectificar-los-nombres-de-los-empleados-trans\\\/\",\"url\":\"https:\\\/\\\/gay.blog.br\\\/es\\\/trans-es\\\/starbucks-brasil-ayuda-a-rectificar-los-nombres-de-los-empleados-trans\\\/\",\"name\":\"Starbucks Brasil ayuda a rectificar los nombres de los empleados trans\",\"isPartOf\":{\"@id\":\"https:\\\/\\\/gay.blog.br\\\/es\\\/#website\"},\"primaryImageOfPage\":{\"@id\":\"https:\\\/\\\/gay.blog.br\\\/es\\\/trans-es\\\/starbucks-brasil-ayuda-a-rectificar-los-nombres-de-los-empleados-trans\\\/#primaryimage\"},\"image\":{\"@id\":\"https:\\\/\\\/gay.blog.br\\\/es\\\/trans-es\\\/starbucks-brasil-ayuda-a-rectificar-los-nombres-de-los-empleados-trans\\\/#primaryimage\"},\"thumbnailUrl\":\"https:\\\/\\\/i0.wp.com\\\/gay.blog.br\\\/wp-content\\\/uploads\\\/2020\\\/01\\\/starbucks.jpg?fit=1024%2C603&ssl=1\",\"datePublished\":\"2020-01-29T15:28:58+00:00\",\"dateModified\":\"2020-11-02T15:08:30+00:00\",\"description\":\"A partir del 29 de enero, D\u00eda Nacional de la Visibilidad Trans, la iniciativa ayudar\u00e1 a los empleados y simpatizantes de las ONG Casa 1 y Casa Florescer en el proceso de rectificaci\u00f3n de nombres.\",\"breadcrumb\":{\"@id\":\"https:\\\/\\\/gay.blog.br\\\/es\\\/trans-es\\\/starbucks-brasil-ayuda-a-rectificar-los-nombres-de-los-empleados-trans\\\/#breadcrumb\"},\"inLanguage\":\"es\",\"potentialAction\":[{\"@type\":\"ReadAction\",\"target\":[\"https:\\\/\\\/gay.blog.br\\\/es\\\/trans-es\\\/starbucks-brasil-ayuda-a-rectificar-los-nombres-de-los-empleados-trans\\\/\"]}]},{\"@type\":\"ImageObject\",\"inLanguage\":\"es\",\"@id\":\"https:\\\/\\\/gay.blog.br\\\/es\\\/trans-es\\\/starbucks-brasil-ayuda-a-rectificar-los-nombres-de-los-empleados-trans\\\/#primaryimage\",\"url\":\"https:\\\/\\\/i0.wp.com\\\/gay.blog.br\\\/wp-content\\\/uploads\\\/2020\\\/01\\\/starbucks.jpg?fit=1024%2C603&ssl=1\",\"contentUrl\":\"https:\\\/\\\/i0.wp.com\\\/gay.blog.br\\\/wp-content\\\/uploads\\\/2020\\\/01\\\/starbucks.jpg?fit=1024%2C603&ssl=1\",\"width\":1024,\"height\":603,\"caption\":\"Unidade da Avenida Paulista - Foto: reprodu\u00e7\u00e3o \\\/ nationpop.com\"},{\"@type\":\"BreadcrumbList\",\"@id\":\"https:\\\/\\\/gay.blog.br\\\/es\\\/trans-es\\\/starbucks-brasil-ayuda-a-rectificar-los-nombres-de-los-empleados-trans\\\/#breadcrumb\",\"itemListElement\":[{\"@type\":\"ListItem\",\"position\":1,\"name\":\"In\u00edcio\",\"item\":\"https:\\\/\\\/gay.blog.br\\\/es\\\/\"},{\"@type\":\"ListItem\",\"position\":2,\"name\":\"Starbucks Brasil ayuda a rectificar los nombres de los empleados trans\"}]},{\"@type\":\"WebSite\",\"@id\":\"https:\\\/\\\/gay.blog.br\\\/es\\\/#website\",\"url\":\"https:\\\/\\\/gay.blog.br\\\/es\\\/\",\"name\":\"GAY BLOG BR @gayblogbr\",\"description\":\"Not\u00edcias que empoderam e\\\/ou entret\u00eam s\u00e3o especialidades da casa\",\"publisher\":{\"@id\":\"https:\\\/\\\/gay.blog.br\\\/es\\\/#organization\"},\"potentialAction\":[{\"@type\":\"SearchAction\",\"target\":{\"@type\":\"EntryPoint\",\"urlTemplate\":\"https:\\\/\\\/gay.blog.br\\\/es\\\/?s={search_term_string}\"},\"query-input\":{\"@type\":\"PropertyValueSpecification\",\"valueRequired\":true,\"valueName\":\"search_term_string\"}}],\"inLanguage\":\"es\"},{\"@type\":\"Organization\",\"@id\":\"https:\\\/\\\/gay.blog.br\\\/es\\\/#organization\",\"name\":\"GAY BLOG BR\",\"url\":\"https:\\\/\\\/gay.blog.br\\\/es\\\/\",\"logo\":{\"@type\":\"ImageObject\",\"inLanguage\":\"es\",\"@id\":\"https:\\\/\\\/gay.blog.br\\\/es\\\/#\\\/schema\\\/logo\\\/image\\\/\",\"url\":\"https:\\\/\\\/i0.wp.com\\\/gay.blog.br\\\/wp-content\\\/uploads\\\/2023\\\/08\\\/gay180px.png?fit=272%2C90&ssl=1\",\"contentUrl\":\"https:\\\/\\\/i0.wp.com\\\/gay.blog.br\\\/wp-content\\\/uploads\\\/2023\\\/08\\\/gay180px.png?fit=272%2C90&ssl=1\",\"width\":272,\"height\":90,\"caption\":\"GAY BLOG BR\"},\"image\":{\"@id\":\"https:\\\/\\\/gay.blog.br\\\/es\\\/#\\\/schema\\\/logo\\\/image\\\/\"},\"sameAs\":[\"https:\\\/\\\/facebook.com\\\/gayblogbr\",\"https:\\\/\\\/x.com\\\/gayblogbr\",\"https:\\\/\\\/instagram.com\\\/gayblogbr\",\"https:\\\/\\\/www.linkedin.com\\\/company\\\/gayblogbr\\\/\",\"https:\\\/\\\/br.pinterest.com\\\/gayblogbr\\\/\",\"https:\\\/\\\/www.youtube.com\\\/channel\\\/UCdEu3JXLOB-wvWAVUF4AIiA\",\"https:\\\/\\\/pt.wikipedia.org\\\/wiki\\\/Gay_Blog_Br\",\"https:\\\/\\\/www.threads.net\\\/@gayblogbr\"]},{\"@type\":\"Person\",\"@id\":\"https:\\\/\\\/gay.blog.br\\\/es\\\/#\\\/schema\\\/person\\\/ab4bce68ee54b8f4af5c174efe7472e5\",\"name\":\"www.gay.blog.br\",\"image\":{\"@type\":\"ImageObject\",\"inLanguage\":\"es\",\"@id\":\"https:\\\/\\\/secure.gravatar.com\\\/avatar\\\/a6fb6bf5c84cdaa375389c43448e2bb88db4600d8fc5be6c42a410789075740f?s=96&d=mm&r=g\",\"url\":\"https:\\\/\\\/secure.gravatar.com\\\/avatar\\\/a6fb6bf5c84cdaa375389c43448e2bb88db4600d8fc5be6c42a410789075740f?s=96&d=mm&r=g\",\"contentUrl\":\"https:\\\/\\\/secure.gravatar.com\\\/avatar\\\/a6fb6bf5c84cdaa375389c43448e2bb88db4600d8fc5be6c42a410789075740f?s=96&d=mm&r=g\",\"caption\":\"www.gay.blog.br\"},\"description\":\"Receba as not\u00edcias pelo Telegram!\",\"sameAs\":[\"https:\\\/\\\/facebook.com\\\/gayblogbr\",\"https:\\\/\\\/instagram.com\\\/gayblogbr\",\"https:\\\/\\\/www.linkedin.com\\\/company\\\/gayblogbr\\\/\",\"https:\\\/\\\/pinterest.com\\\/gayblogbr\\\/\",\"https:\\\/\\\/x.com\\\/https:\\\/\\\/bsky.app\\\/profile\\\/gayblogbr.bsky.social\",\"https:\\\/\\\/www.youtube.com\\\/@GAYBLOGBR\",\"https:\\\/\\\/pt.wikipedia.org\\\/wiki\\\/Gay_Blog_Br\"],\"url\":\"https:\\\/\\\/gay.blog.br\\\/es\\\/author\\\/oaudaznavegante\\\/\"}]}<\/script>\n<!-- \/ Yoast SEO plugin. -->","yoast_head_json":{"title":"Starbucks Brasil ayuda a rectificar los nombres de los empleados trans","description":"A partir del 29 de enero, D\u00eda Nacional de la Visibilidad Trans, la iniciativa ayudar\u00e1 a los empleados y simpatizantes de las ONG Casa 1 y Casa Florescer en el proceso de rectificaci\u00f3n de nombres.","robots":{"index":"index","follow":"follow","max-snippet":"max-snippet:-1","max-image-preview":"max-image-preview:large","max-video-preview":"max-video-preview:-1"},"canonical":"https:\/\/gay.blog.br\/es\/trans-es\/starbucks-brasil-ayuda-a-rectificar-los-nombres-de-los-empleados-trans\/","og_locale":"es_ES","og_type":"article","og_title":"Starbucks Brasil ayuda a rectificar los nombres de los empleados trans","og_description":"A partir del 29 de enero, D\u00eda Nacional de la Visibilidad Trans, la iniciativa ayudar\u00e1 a los empleados y simpatizantes de las ONG Casa 1 y Casa Florescer en el proceso de rectificaci\u00f3n de nombres.","og_url":"https:\/\/gay.blog.br\/es\/trans-es\/starbucks-brasil-ayuda-a-rectificar-los-nombres-de-los-empleados-trans\/","og_site_name":"GAY BLOG BR @gayblogbr","article_publisher":"https:\/\/facebook.com\/gayblogbr","article_author":"https:\/\/facebook.com\/gayblogbr","article_published_time":"2020-01-29T15:28:58+00:00","article_modified_time":"2020-11-02T15:08:30+00:00","og_image":[{"width":1024,"height":603,"url":"https:\/\/i2.wp.com\/gay.blog.br\/wp-content\/uploads\/2020\/01\/starbucks.jpg?fit=1024%2C603&ssl=1","type":"image\/jpeg"}],"author":"www.gay.blog.br","twitter_card":"summary_large_image","twitter_creator":"@https:\/\/bsky.app\/profile\/gayblogbr.bsky.social","twitter_site":"@gayblogbr","twitter_misc":{"Escrito por":"www.gay.blog.br","Tiempo de lectura":"4 minutos"},"schema":{"@context":"https:\/\/schema.org","@graph":[{"@type":"Article","@id":"https:\/\/gay.blog.br\/es\/trans-es\/starbucks-brasil-ayuda-a-rectificar-los-nombres-de-los-empleados-trans\/#article","isPartOf":{"@id":"https:\/\/gay.blog.br\/es\/trans-es\/starbucks-brasil-ayuda-a-rectificar-los-nombres-de-los-empleados-trans\/"},"author":{"name":"www.gay.blog.br","@id":"https:\/\/gay.blog.br\/es\/#\/schema\/person\/ab4bce68ee54b8f4af5c174efe7472e5"},"headline":"Starbucks Brasil ayuda a rectificar los nombres de los empleados trans","datePublished":"2020-01-29T15:28:58+00:00","dateModified":"2020-11-02T15:08:30+00:00","mainEntityOfPage":{"@id":"https:\/\/gay.blog.br\/es\/trans-es\/starbucks-brasil-ayuda-a-rectificar-los-nombres-de-los-empleados-trans\/"},"wordCount":722,"commentCount":0,"publisher":{"@id":"https:\/\/gay.blog.br\/es\/#organization"},"image":{"@id":"https:\/\/gay.blog.br\/es\/trans-es\/starbucks-brasil-ayuda-a-rectificar-los-nombres-de-los-empleados-trans\/#primaryimage"},"thumbnailUrl":"https:\/\/i0.wp.com\/gay.blog.br\/wp-content\/uploads\/2020\/01\/starbucks.jpg?fit=1024%2C603&ssl=1","keywords":["casa 1","nombre social","nome social","Starbucks","trans","Young &amp; Rubicam"],"articleSection":["MARKETING","NOT\u00cdCIAS","TRANS"],"inLanguage":"es","potentialAction":[{"@type":"CommentAction","name":"Comment","target":["https:\/\/gay.blog.br\/es\/trans-es\/starbucks-brasil-ayuda-a-rectificar-los-nombres-de-los-empleados-trans\/#respond"]}]},{"@type":"WebPage","@id":"https:\/\/gay.blog.br\/es\/trans-es\/starbucks-brasil-ayuda-a-rectificar-los-nombres-de-los-empleados-trans\/","url":"https:\/\/gay.blog.br\/es\/trans-es\/starbucks-brasil-ayuda-a-rectificar-los-nombres-de-los-empleados-trans\/","name":"Starbucks Brasil ayuda a rectificar los nombres de los empleados trans","isPartOf":{"@id":"https:\/\/gay.blog.br\/es\/#website"},"primaryImageOfPage":{"@id":"https:\/\/gay.blog.br\/es\/trans-es\/starbucks-brasil-ayuda-a-rectificar-los-nombres-de-los-empleados-trans\/#primaryimage"},"image":{"@id":"https:\/\/gay.blog.br\/es\/trans-es\/starbucks-brasil-ayuda-a-rectificar-los-nombres-de-los-empleados-trans\/#primaryimage"},"thumbnailUrl":"https:\/\/i0.wp.com\/gay.blog.br\/wp-content\/uploads\/2020\/01\/starbucks.jpg?fit=1024%2C603&ssl=1","datePublished":"2020-01-29T15:28:58+00:00","dateModified":"2020-11-02T15:08:30+00:00","description":"A partir del 29 de enero, D\u00eda Nacional de la Visibilidad Trans, la iniciativa ayudar\u00e1 a los empleados y simpatizantes de las ONG Casa 1 y Casa Florescer en el proceso de rectificaci\u00f3n de nombres.","breadcrumb":{"@id":"https:\/\/gay.blog.br\/es\/trans-es\/starbucks-brasil-ayuda-a-rectificar-los-nombres-de-los-empleados-trans\/#breadcrumb"},"inLanguage":"es","potentialAction":[{"@type":"ReadAction","target":["https:\/\/gay.blog.br\/es\/trans-es\/starbucks-brasil-ayuda-a-rectificar-los-nombres-de-los-empleados-trans\/"]}]},{"@type":"ImageObject","inLanguage":"es","@id":"https:\/\/gay.blog.br\/es\/trans-es\/starbucks-brasil-ayuda-a-rectificar-los-nombres-de-los-empleados-trans\/#primaryimage","url":"https:\/\/i0.wp.com\/gay.blog.br\/wp-content\/uploads\/2020\/01\/starbucks.jpg?fit=1024%2C603&ssl=1","contentUrl":"https:\/\/i0.wp.com\/gay.blog.br\/wp-content\/uploads\/2020\/01\/starbucks.jpg?fit=1024%2C603&ssl=1","width":1024,"height":603,"caption":"Unidade da Avenida Paulista - Foto: reprodu\u00e7\u00e3o \/ nationpop.com"},{"@type":"BreadcrumbList","@id":"https:\/\/gay.blog.br\/es\/trans-es\/starbucks-brasil-ayuda-a-rectificar-los-nombres-de-los-empleados-trans\/#breadcrumb","itemListElement":[{"@type":"ListItem","position":1,"name":"In\u00edcio","item":"https:\/\/gay.blog.br\/es\/"},{"@type":"ListItem","position":2,"name":"Starbucks Brasil ayuda a rectificar los nombres de los empleados trans"}]},{"@type":"WebSite","@id":"https:\/\/gay.blog.br\/es\/#website","url":"https:\/\/gay.blog.br\/es\/","name":"GAY BLOG BR @gayblogbr","description":"Not\u00edcias que empoderam e\/ou entret\u00eam s\u00e3o especialidades da casa","publisher":{"@id":"https:\/\/gay.blog.br\/es\/#organization"},"potentialAction":[{"@type":"SearchAction","target":{"@type":"EntryPoint","urlTemplate":"https:\/\/gay.blog.br\/es\/?s={search_term_string}"},"query-input":{"@type":"PropertyValueSpecification","valueRequired":true,"valueName":"search_term_string"}}],"inLanguage":"es"},{"@type":"Organization","@id":"https:\/\/gay.blog.br\/es\/#organization","name":"GAY BLOG BR","url":"https:\/\/gay.blog.br\/es\/","logo":{"@type":"ImageObject","inLanguage":"es","@id":"https:\/\/gay.blog.br\/es\/#\/schema\/logo\/image\/","url":"https:\/\/i0.wp.com\/gay.blog.br\/wp-content\/uploads\/2023\/08\/gay180px.png?fit=272%2C90&ssl=1","contentUrl":"https:\/\/i0.wp.com\/gay.blog.br\/wp-content\/uploads\/2023\/08\/gay180px.png?fit=272%2C90&ssl=1","width":272,"height":90,"caption":"GAY BLOG BR"},"image":{"@id":"https:\/\/gay.blog.br\/es\/#\/schema\/logo\/image\/"},"sameAs":["https:\/\/facebook.com\/gayblogbr","https:\/\/x.com\/gayblogbr","https:\/\/instagram.com\/gayblogbr","https:\/\/www.linkedin.com\/company\/gayblogbr\/","https:\/\/br.pinterest.com\/gayblogbr\/","https:\/\/www.youtube.com\/channel\/UCdEu3JXLOB-wvWAVUF4AIiA","https:\/\/pt.wikipedia.org\/wiki\/Gay_Blog_Br","https:\/\/www.threads.net\/@gayblogbr"]},{"@type":"Person","@id":"https:\/\/gay.blog.br\/es\/#\/schema\/person\/ab4bce68ee54b8f4af5c174efe7472e5","name":"www.gay.blog.br","image":{"@type":"ImageObject","inLanguage":"es","@id":"https:\/\/secure.gravatar.com\/avatar\/a6fb6bf5c84cdaa375389c43448e2bb88db4600d8fc5be6c42a410789075740f?s=96&d=mm&r=g","url":"https:\/\/secure.gravatar.com\/avatar\/a6fb6bf5c84cdaa375389c43448e2bb88db4600d8fc5be6c42a410789075740f?s=96&d=mm&r=g","contentUrl":"https:\/\/secure.gravatar.com\/avatar\/a6fb6bf5c84cdaa375389c43448e2bb88db4600d8fc5be6c42a410789075740f?s=96&d=mm&r=g","caption":"www.gay.blog.br"},"description":"Receba as not\u00edcias pelo Telegram!","sameAs":["https:\/\/facebook.com\/gayblogbr","https:\/\/instagram.com\/gayblogbr","https:\/\/www.linkedin.com\/company\/gayblogbr\/","https:\/\/pinterest.com\/gayblogbr\/","https:\/\/x.com\/https:\/\/bsky.app\/profile\/gayblogbr.bsky.social","https:\/\/www.youtube.com\/@GAYBLOGBR","https:\/\/pt.wikipedia.org\/wiki\/Gay_Blog_Br"],"url":"https:\/\/gay.blog.br\/es\/author\/oaudaznavegante\/"}]}},"jetpack_publicize_connections":[],"jetpack_featured_media_url":"https:\/\/i0.wp.com\/gay.blog.br\/wp-content\/uploads\/2020\/01\/starbucks.jpg?fit=1024%2C603&ssl=1","jetpack_sharing_enabled":true,"jetpack_shortlink":"https:\/\/wp.me\/p6klkK-obN","jetpack_likes_enabled":false,"amp_enabled":true,"_links":{"self":[{"href":"https:\/\/gay.blog.br\/es\/wp-json\/wp\/v2\/posts\/92987","targetHints":{"allow":["GET"]}}],"collection":[{"href":"https:\/\/gay.blog.br\/es\/wp-json\/wp\/v2\/posts"}],"about":[{"href":"https:\/\/gay.blog.br\/es\/wp-json\/wp\/v2\/types\/post"}],"author":[{"embeddable":true,"href":"https:\/\/gay.blog.br\/es\/wp-json\/wp\/v2\/users\/2"}],"replies":[{"embeddable":true,"href":"https:\/\/gay.blog.br\/es\/wp-json\/wp\/v2\/comments?post=92987"}],"version-history":[{"count":0,"href":"https:\/\/gay.blog.br\/es\/wp-json\/wp\/v2\/posts\/92987\/revisions"}],"wp:featuredmedia":[{"embeddable":true,"href":"https:\/\/gay.blog.br\/es\/wp-json\/wp\/v2\/media\/78063"}],"wp:attachment":[{"href":"https:\/\/gay.blog.br\/es\/wp-json\/wp\/v2\/media?parent=92987"}],"wp:term":[{"taxonomy":"category","embeddable":true,"href":"https:\/\/gay.blog.br\/es\/wp-json\/wp\/v2\/categories?post=92987"},{"taxonomy":"post_tag","embeddable":true,"href":"https:\/\/gay.blog.br\/es\/wp-json\/wp\/v2\/tags?post=92987"}],"curies":[{"name":"wp","href":"https:\/\/api.w.org\/{rel}","templated":true}]}}