{"id":93220,"date":"2020-11-02T12:22:10","date_gmt":"2020-11-02T15:22:10","guid":{"rendered":"https:\/\/gay.blog.br\/?p=93220"},"modified":"2020-11-03T20:44:51","modified_gmt":"2020-11-03T23:44:51","slug":"el-vaticano-dice-que-el-discurso-del-papa-sobre-la-union-civil-gay-fue-sacado-de-contexto","status":"publish","type":"post","link":"https:\/\/gay.blog.br\/es\/noticias-es\/el-vaticano-dice-que-el-discurso-del-papa-sobre-la-union-civil-gay-fue-sacado-de-contexto\/","title":{"rendered":"El Vaticano dice que el discurso del Papa sobre la uni\u00f3n civil gay fue sacado de contexto"},"content":{"rendered":"<p style=\"text-align: justify;\">El Vaticano ha recortado el list\u00f3n para los cat\u00f3licos y para todos los que han estado encantados con el <a href=\"https:\/\/gay.blog.br\/noticias\/papa-francisco-defende-casamento-gay-e-respectivos-direitos\/\">apoyo del <strong>Papa Francisco<\/strong><\/a> a la uni\u00f3n civil LGBTQ+. El secretario de Estado de la Santa Sede dijo que los comentarios del Papa Francisco, parte del documental Francesco, lanzado en octubre, han sido sacados de contexto y no simbolizan cambios en la doctrina cat\u00f3lica, seg\u00fan <a href=\"https:\/\/br.reuters.com\/\">Reuters<\/a>.<\/p>\n<p style=\"text-align: justify;\">El documental fue lanzado en el festival de cine de Roma el 21 de octubre y llam\u00f3 la atenci\u00f3n en todo el mundo por incluir las l\u00edneas del Papa que defienden el derecho de los homosexuales a formar una familia, enfatizando la necesidad de leyes de uni\u00f3n civil para parejas del mismo sexo.<\/p>\n<p style=\"text-align: justify;\">La semana pasada, la Secretar\u00eda de Estado del Vaticano envi\u00f3 una \u00abdeclaraci\u00f3n explicativa\u00bb a sus embajadores, quienes transmitieron el mensaje a los obispos. El texto fue revelado por el bi\u00f3grafo papal Austen Ivereigh. Una fuente del Vaticano confirm\u00f3 la informaci\u00f3n el lunes (2) y un embajador en M\u00e9xico public\u00f3 el texto en una p\u00e1gina de Facebook.<\/p>\n<figure id=\"attachment_93004\" aria-describedby=\"caption-attachment-93004\" style=\"width: 1200px\" class=\"wp-caption alignnone\"><a href=\"http:\/\/www.instagram.com\/gayblogbr\"><img data-recalc-dims=\"1\" loading=\"lazy\" decoding=\"async\" class=\"size-full wp-image-93004\" src=\"https:\/\/i0.wp.com\/gay.blog.br\/wp-content\/uploads\/2020\/11\/papa.jpg?resize=696%2C437&#038;ssl=1\" alt=\"\" width=\"696\" height=\"437\" srcset=\"https:\/\/i0.wp.com\/gay.blog.br\/wp-content\/uploads\/2020\/11\/papa.jpg?w=1200&amp;ssl=1 1200w, https:\/\/i0.wp.com\/gay.blog.br\/wp-content\/uploads\/2020\/11\/papa.jpg?resize=300%2C189&amp;ssl=1 300w, https:\/\/i0.wp.com\/gay.blog.br\/wp-content\/uploads\/2020\/11\/papa.jpg?resize=1024%2C643&amp;ssl=1 1024w, https:\/\/i0.wp.com\/gay.blog.br\/wp-content\/uploads\/2020\/11\/papa.jpg?resize=150%2C94&amp;ssl=1 150w, https:\/\/i0.wp.com\/gay.blog.br\/wp-content\/uploads\/2020\/11\/papa.jpg?resize=768%2C483&amp;ssl=1 768w, https:\/\/i0.wp.com\/gay.blog.br\/wp-content\/uploads\/2020\/11\/papa.jpg?resize=696%2C437&amp;ssl=1 696w, https:\/\/i0.wp.com\/gay.blog.br\/wp-content\/uploads\/2020\/11\/papa.jpg?resize=1068%2C671&amp;ssl=1 1068w, https:\/\/i0.wp.com\/gay.blog.br\/wp-content\/uploads\/2020\/11\/papa.jpg?resize=668%2C420&amp;ssl=1 668w\" sizes=\"auto, (max-width: 696px) 100vw, 696px\" \/><\/a><figcaption id=\"caption-attachment-93004\" class=\"wp-caption-text\">El discurso del Papa Francisco en un documental ha sido sacado de contexto, dice Vaticano\/Vatican News<\/figcaption><\/figure>\n<p style=\"text-align: justify;\">La declaraci\u00f3n dec\u00eda que dos oraciones separadas, en respuesta a dos preguntas separadas, fueron editadas para que parecieran una sola, dejando el contexto y las preguntas fuera del video. El director del documental <strong>Evgeny Afineevsky<\/strong> dijo a los periodistas que entrevist\u00f3 al Papa, pero los periodistas encontraron el video en cuesti\u00f3n en material grabado por la cadena de televisi\u00f3n mexicana Televisa en 2019. Parte del material qued\u00f3 fuera de la transmisi\u00f3n televisiva.<\/p>\n<p style=\"text-align: justify;\">El comunicado dice que, de hecho, el Papa se refiri\u00f3 al derecho de los homosexuales a ser aceptados por sus familias como hijos y hermanos. Seg\u00fan la nota, el documental recorta comentarios en los que el Papa expresa su oposici\u00f3n al matrimonio entre personas del mismo sexo y deja claro que se refer\u00eda a las leyes de uni\u00f3n civil, que algunos pa\u00edses han legalizado para regular beneficios como el acceso a la salud.<\/p>\n<p style=\"text-align: justify;\">La Iglesia ense\u00f1a que las \u00abtendencias homosexuales\u00bb no son pecado, pero los \u00abactos homosexuales\u00bb s\u00ed lo son y que los gays deben ser tratados con respeto.<\/p>\n","protected":false},"excerpt":{"rendered":"<p>Declaraci\u00f3n del Vaticano dice que el Papa en realidad se refiri\u00f3 al derecho de los homosexuales a ser aceptados por sus familias como hijos y hermanos.<\/p>\n","protected":false},"author":3039,"featured_media":93006,"comment_status":"open","ping_status":"open","sticky":false,"template":"","format":"standard","meta":{"googlesitekit_rrm_CAoiEBg-BXrJeACjO8p49SE4kTY:productID":"","tdm_status":"","tdm_grid_status":"","_jetpack_newsletter_access":"","_jetpack_dont_email_post_to_subs":false,"_jetpack_newsletter_tier_id":0,"_jetpack_memberships_contains_paywalled_content":false,"_jetpack_memberships_contains_paid_content":false,"footnotes":"","jetpack_publicize_message":"El Vaticano dice que el discurso del Papa sobre la uni\u00f3n civil gay fue sacado de contexto","jetpack_publicize_feature_enabled":true,"jetpack_social_post_already_shared":true,"jetpack_social_options":{"image_generator_settings":{"template":"highway","default_image_id":0,"font":"","enabled":false},"version":2},"_wpas_customize_per_network":false,"jetpack_post_was_ever_published":false},"categories":[589932374,589932231],"tags":[154615233,589928999,68546],"class_list":{"0":"post-93220","1":"post","2":"type-post","3":"status-publish","4":"format-standard","5":"has-post-thumbnail","7":"category-derechos","8":"category-noticias-es","9":"tag-papa-francisco","10":"tag-uniao-civil","11":"tag-vaticano"},"yoast_head":"<!-- This site is optimized with the Yoast SEO plugin v27.4 - https:\/\/yoast.com\/product\/yoast-seo-wordpress\/ -->\n<title>El Vaticano dice que el discurso del Papa sobre la uni\u00f3n civil gay fue sacado de contexto<\/title>\n<meta name=\"description\" content=\"Declaraci\u00f3n del Vaticano dice que el Papa se refiri\u00f3 al derecho de los homosexuales a ser aceptados por sus familias como hijos y hermanos.\" \/>\n<meta name=\"robots\" content=\"index, follow, max-snippet:-1, max-image-preview:large, max-video-preview:-1\" \/>\n<link rel=\"canonical\" href=\"https:\/\/gay.blog.br\/es\/noticias-es\/el-vaticano-dice-que-el-discurso-del-papa-sobre-la-union-civil-gay-fue-sacado-de-contexto\/\" \/>\n<meta property=\"og:locale\" content=\"es_ES\" \/>\n<meta property=\"og:type\" content=\"article\" \/>\n<meta property=\"og:title\" content=\"El Vaticano dice que el discurso del Papa sobre la uni\u00f3n civil gay fue sacado de contexto\" \/>\n<meta property=\"og:description\" content=\"Declaraci\u00f3n del Vaticano dice que el Papa se refiri\u00f3 al derecho de los homosexuales a ser aceptados por sus familias como hijos y hermanos.\" \/>\n<meta property=\"og:url\" content=\"https:\/\/gay.blog.br\/es\/noticias-es\/el-vaticano-dice-que-el-discurso-del-papa-sobre-la-union-civil-gay-fue-sacado-de-contexto\/\" \/>\n<meta property=\"og:site_name\" content=\"GAY BLOG BR @gayblogbr\" \/>\n<meta property=\"article:publisher\" content=\"https:\/\/facebook.com\/gayblogbr\" \/>\n<meta property=\"article:published_time\" content=\"2020-11-02T15:22:10+00:00\" \/>\n<meta property=\"article:modified_time\" content=\"2020-11-03T23:44:51+00:00\" \/>\n<meta property=\"og:image\" content=\"https:\/\/i2.wp.com\/gay.blog.br\/wp-content\/uploads\/2020\/11\/papa.jpg?fit=1200%2C754&ssl=1\" \/>\n\t<meta property=\"og:image:width\" content=\"1200\" \/>\n\t<meta property=\"og:image:height\" content=\"754\" \/>\n\t<meta property=\"og:image:type\" content=\"image\/jpeg\" \/>\n<meta name=\"author\" content=\"Carlos Henrique Braga\" \/>\n<meta name=\"twitter:card\" content=\"summary_large_image\" \/>\n<meta name=\"twitter:creator\" content=\"@cahebraga\" \/>\n<meta name=\"twitter:site\" content=\"@gayblogbr\" \/>\n<meta name=\"twitter:label1\" content=\"Escrito por\" \/>\n\t<meta name=\"twitter:data1\" content=\"Carlos Henrique Braga\" \/>\n\t<meta name=\"twitter:label2\" content=\"Tiempo de lectura\" \/>\n\t<meta name=\"twitter:data2\" content=\"2 minutos\" \/>\n<script type=\"application\/ld+json\" class=\"yoast-schema-graph\">{\"@context\":\"https:\\\/\\\/schema.org\",\"@graph\":[{\"@type\":\"Article\",\"@id\":\"https:\\\/\\\/gay.blog.br\\\/es\\\/noticias-es\\\/el-vaticano-dice-que-el-discurso-del-papa-sobre-la-union-civil-gay-fue-sacado-de-contexto\\\/#article\",\"isPartOf\":{\"@id\":\"https:\\\/\\\/gay.blog.br\\\/es\\\/noticias-es\\\/el-vaticano-dice-que-el-discurso-del-papa-sobre-la-union-civil-gay-fue-sacado-de-contexto\\\/\"},\"author\":{\"name\":\"Carlos Henrique Braga\",\"@id\":\"https:\\\/\\\/gay.blog.br\\\/es\\\/#\\\/schema\\\/person\\\/cd267ffff2d56e12768a81623718b979\"},\"headline\":\"El Vaticano dice que el discurso del Papa sobre la uni\u00f3n civil gay fue sacado de contexto\",\"datePublished\":\"2020-11-02T15:22:10+00:00\",\"dateModified\":\"2020-11-03T23:44:51+00:00\",\"mainEntityOfPage\":{\"@id\":\"https:\\\/\\\/gay.blog.br\\\/es\\\/noticias-es\\\/el-vaticano-dice-que-el-discurso-del-papa-sobre-la-union-civil-gay-fue-sacado-de-contexto\\\/\"},\"wordCount\":409,\"commentCount\":0,\"publisher\":{\"@id\":\"https:\\\/\\\/gay.blog.br\\\/es\\\/#organization\"},\"image\":{\"@id\":\"https:\\\/\\\/gay.blog.br\\\/es\\\/noticias-es\\\/el-vaticano-dice-que-el-discurso-del-papa-sobre-la-union-civil-gay-fue-sacado-de-contexto\\\/#primaryimage\"},\"thumbnailUrl\":\"https:\\\/\\\/i0.wp.com\\\/gay.blog.br\\\/wp-content\\\/uploads\\\/2020\\\/11\\\/papa.jpg?fit=1200%2C754&ssl=1\",\"keywords\":[\"papa francisco\",\"uni\u00e3o civil\",\"vaticano\"],\"articleSection\":[\"DERECHOS\",\"NOT\u00cdCIAS\"],\"inLanguage\":\"es\",\"potentialAction\":[{\"@type\":\"CommentAction\",\"name\":\"Comment\",\"target\":[\"https:\\\/\\\/gay.blog.br\\\/es\\\/noticias-es\\\/el-vaticano-dice-que-el-discurso-del-papa-sobre-la-union-civil-gay-fue-sacado-de-contexto\\\/#respond\"]}]},{\"@type\":\"WebPage\",\"@id\":\"https:\\\/\\\/gay.blog.br\\\/es\\\/noticias-es\\\/el-vaticano-dice-que-el-discurso-del-papa-sobre-la-union-civil-gay-fue-sacado-de-contexto\\\/\",\"url\":\"https:\\\/\\\/gay.blog.br\\\/es\\\/noticias-es\\\/el-vaticano-dice-que-el-discurso-del-papa-sobre-la-union-civil-gay-fue-sacado-de-contexto\\\/\",\"name\":\"El Vaticano dice que el discurso del Papa sobre la uni\u00f3n civil gay fue sacado de contexto\",\"isPartOf\":{\"@id\":\"https:\\\/\\\/gay.blog.br\\\/es\\\/#website\"},\"primaryImageOfPage\":{\"@id\":\"https:\\\/\\\/gay.blog.br\\\/es\\\/noticias-es\\\/el-vaticano-dice-que-el-discurso-del-papa-sobre-la-union-civil-gay-fue-sacado-de-contexto\\\/#primaryimage\"},\"image\":{\"@id\":\"https:\\\/\\\/gay.blog.br\\\/es\\\/noticias-es\\\/el-vaticano-dice-que-el-discurso-del-papa-sobre-la-union-civil-gay-fue-sacado-de-contexto\\\/#primaryimage\"},\"thumbnailUrl\":\"https:\\\/\\\/i0.wp.com\\\/gay.blog.br\\\/wp-content\\\/uploads\\\/2020\\\/11\\\/papa.jpg?fit=1200%2C754&ssl=1\",\"datePublished\":\"2020-11-02T15:22:10+00:00\",\"dateModified\":\"2020-11-03T23:44:51+00:00\",\"description\":\"Declaraci\u00f3n del Vaticano dice que el Papa se refiri\u00f3 al derecho de los homosexuales a ser aceptados por sus familias como hijos y hermanos.\",\"breadcrumb\":{\"@id\":\"https:\\\/\\\/gay.blog.br\\\/es\\\/noticias-es\\\/el-vaticano-dice-que-el-discurso-del-papa-sobre-la-union-civil-gay-fue-sacado-de-contexto\\\/#breadcrumb\"},\"inLanguage\":\"es\",\"potentialAction\":[{\"@type\":\"ReadAction\",\"target\":[\"https:\\\/\\\/gay.blog.br\\\/es\\\/noticias-es\\\/el-vaticano-dice-que-el-discurso-del-papa-sobre-la-union-civil-gay-fue-sacado-de-contexto\\\/\"]}]},{\"@type\":\"ImageObject\",\"inLanguage\":\"es\",\"@id\":\"https:\\\/\\\/gay.blog.br\\\/es\\\/noticias-es\\\/el-vaticano-dice-que-el-discurso-del-papa-sobre-la-union-civil-gay-fue-sacado-de-contexto\\\/#primaryimage\",\"url\":\"https:\\\/\\\/i0.wp.com\\\/gay.blog.br\\\/wp-content\\\/uploads\\\/2020\\\/11\\\/papa.jpg?fit=1200%2C754&ssl=1\",\"contentUrl\":\"https:\\\/\\\/i0.wp.com\\\/gay.blog.br\\\/wp-content\\\/uploads\\\/2020\\\/11\\\/papa.jpg?fit=1200%2C754&ssl=1\",\"width\":1200,\"height\":754,\"caption\":\"Fala do papa Francisco em document\u00e1rio foi retirada do contexto, diz o Vaticano\"},{\"@type\":\"BreadcrumbList\",\"@id\":\"https:\\\/\\\/gay.blog.br\\\/es\\\/noticias-es\\\/el-vaticano-dice-que-el-discurso-del-papa-sobre-la-union-civil-gay-fue-sacado-de-contexto\\\/#breadcrumb\",\"itemListElement\":[{\"@type\":\"ListItem\",\"position\":1,\"name\":\"In\u00edcio\",\"item\":\"https:\\\/\\\/gay.blog.br\\\/es\\\/\"},{\"@type\":\"ListItem\",\"position\":2,\"name\":\"El Vaticano dice que el discurso del Papa sobre la uni\u00f3n civil gay fue sacado de contexto\"}]},{\"@type\":\"WebSite\",\"@id\":\"https:\\\/\\\/gay.blog.br\\\/es\\\/#website\",\"url\":\"https:\\\/\\\/gay.blog.br\\\/es\\\/\",\"name\":\"GAY BLOG BR @gayblogbr\",\"description\":\"Not\u00edcias que empoderam e\\\/ou entret\u00eam s\u00e3o especialidades da casa\",\"publisher\":{\"@id\":\"https:\\\/\\\/gay.blog.br\\\/es\\\/#organization\"},\"potentialAction\":[{\"@type\":\"SearchAction\",\"target\":{\"@type\":\"EntryPoint\",\"urlTemplate\":\"https:\\\/\\\/gay.blog.br\\\/es\\\/?s={search_term_string}\"},\"query-input\":{\"@type\":\"PropertyValueSpecification\",\"valueRequired\":true,\"valueName\":\"search_term_string\"}}],\"inLanguage\":\"es\"},{\"@type\":\"Organization\",\"@id\":\"https:\\\/\\\/gay.blog.br\\\/es\\\/#organization\",\"name\":\"GAY BLOG BR\",\"url\":\"https:\\\/\\\/gay.blog.br\\\/es\\\/\",\"logo\":{\"@type\":\"ImageObject\",\"inLanguage\":\"es\",\"@id\":\"https:\\\/\\\/gay.blog.br\\\/es\\\/#\\\/schema\\\/logo\\\/image\\\/\",\"url\":\"https:\\\/\\\/i0.wp.com\\\/gay.blog.br\\\/wp-content\\\/uploads\\\/2023\\\/08\\\/gay180px.png?fit=272%2C90&ssl=1\",\"contentUrl\":\"https:\\\/\\\/i0.wp.com\\\/gay.blog.br\\\/wp-content\\\/uploads\\\/2023\\\/08\\\/gay180px.png?fit=272%2C90&ssl=1\",\"width\":272,\"height\":90,\"caption\":\"GAY BLOG BR\"},\"image\":{\"@id\":\"https:\\\/\\\/gay.blog.br\\\/es\\\/#\\\/schema\\\/logo\\\/image\\\/\"},\"sameAs\":[\"https:\\\/\\\/facebook.com\\\/gayblogbr\",\"https:\\\/\\\/x.com\\\/gayblogbr\",\"https:\\\/\\\/instagram.com\\\/gayblogbr\",\"https:\\\/\\\/www.linkedin.com\\\/company\\\/gayblogbr\\\/\",\"https:\\\/\\\/br.pinterest.com\\\/gayblogbr\\\/\",\"https:\\\/\\\/www.youtube.com\\\/channel\\\/UCdEu3JXLOB-wvWAVUF4AIiA\",\"https:\\\/\\\/pt.wikipedia.org\\\/wiki\\\/Gay_Blog_Br\",\"https:\\\/\\\/www.threads.net\\\/@gayblogbr\"]},{\"@type\":\"Person\",\"@id\":\"https:\\\/\\\/gay.blog.br\\\/es\\\/#\\\/schema\\\/person\\\/cd267ffff2d56e12768a81623718b979\",\"name\":\"Carlos Henrique Braga\",\"image\":{\"@type\":\"ImageObject\",\"inLanguage\":\"es\",\"@id\":\"https:\\\/\\\/secure.gravatar.com\\\/avatar\\\/5b3e587a2c2062bba657f0e46352c11e0f9fd644f822214af015b5e192d0f016?s=96&d=mm&r=g\",\"url\":\"https:\\\/\\\/secure.gravatar.com\\\/avatar\\\/5b3e587a2c2062bba657f0e46352c11e0f9fd644f822214af015b5e192d0f016?s=96&d=mm&r=g\",\"contentUrl\":\"https:\\\/\\\/secure.gravatar.com\\\/avatar\\\/5b3e587a2c2062bba657f0e46352c11e0f9fd644f822214af015b5e192d0f016?s=96&d=mm&r=g\",\"caption\":\"Carlos Henrique Braga\"},\"description\":\"Jornalista pela Universidade Federal de MS, foi rep\u00f3rter de economia e hoje, al\u00e9m de colaborar para o Gay Blog Br, \u00e9 servidor p\u00fablico em Joinville (SC). Escreveu ''A Supremacia do Abandono'', livro dispon\u00edvel em amazon.com.br.\",\"sameAs\":[\"https:\\\/\\\/x.com\\\/@cahebraga\"],\"url\":\"https:\\\/\\\/gay.blog.br\\\/es\\\/author\\\/carloshenriquebraga\\\/\"}]}<\/script>\n<!-- \/ Yoast SEO plugin. -->","yoast_head_json":{"title":"El Vaticano dice que el discurso del Papa sobre la uni\u00f3n civil gay fue sacado de contexto","description":"Declaraci\u00f3n del Vaticano dice que el Papa se refiri\u00f3 al derecho de los homosexuales a ser aceptados por sus familias como hijos y hermanos.","robots":{"index":"index","follow":"follow","max-snippet":"max-snippet:-1","max-image-preview":"max-image-preview:large","max-video-preview":"max-video-preview:-1"},"canonical":"https:\/\/gay.blog.br\/es\/noticias-es\/el-vaticano-dice-que-el-discurso-del-papa-sobre-la-union-civil-gay-fue-sacado-de-contexto\/","og_locale":"es_ES","og_type":"article","og_title":"El Vaticano dice que el discurso del Papa sobre la uni\u00f3n civil gay fue sacado de contexto","og_description":"Declaraci\u00f3n del Vaticano dice que el Papa se refiri\u00f3 al derecho de los homosexuales a ser aceptados por sus familias como hijos y hermanos.","og_url":"https:\/\/gay.blog.br\/es\/noticias-es\/el-vaticano-dice-que-el-discurso-del-papa-sobre-la-union-civil-gay-fue-sacado-de-contexto\/","og_site_name":"GAY BLOG BR @gayblogbr","article_publisher":"https:\/\/facebook.com\/gayblogbr","article_published_time":"2020-11-02T15:22:10+00:00","article_modified_time":"2020-11-03T23:44:51+00:00","og_image":[{"width":1200,"height":754,"url":"https:\/\/i2.wp.com\/gay.blog.br\/wp-content\/uploads\/2020\/11\/papa.jpg?fit=1200%2C754&ssl=1","type":"image\/jpeg"}],"author":"Carlos Henrique Braga","twitter_card":"summary_large_image","twitter_creator":"@cahebraga","twitter_site":"@gayblogbr","twitter_misc":{"Escrito por":"Carlos Henrique Braga","Tiempo de lectura":"2 minutos"},"schema":{"@context":"https:\/\/schema.org","@graph":[{"@type":"Article","@id":"https:\/\/gay.blog.br\/es\/noticias-es\/el-vaticano-dice-que-el-discurso-del-papa-sobre-la-union-civil-gay-fue-sacado-de-contexto\/#article","isPartOf":{"@id":"https:\/\/gay.blog.br\/es\/noticias-es\/el-vaticano-dice-que-el-discurso-del-papa-sobre-la-union-civil-gay-fue-sacado-de-contexto\/"},"author":{"name":"Carlos Henrique Braga","@id":"https:\/\/gay.blog.br\/es\/#\/schema\/person\/cd267ffff2d56e12768a81623718b979"},"headline":"El Vaticano dice que el discurso del Papa sobre la uni\u00f3n civil gay fue sacado de contexto","datePublished":"2020-11-02T15:22:10+00:00","dateModified":"2020-11-03T23:44:51+00:00","mainEntityOfPage":{"@id":"https:\/\/gay.blog.br\/es\/noticias-es\/el-vaticano-dice-que-el-discurso-del-papa-sobre-la-union-civil-gay-fue-sacado-de-contexto\/"},"wordCount":409,"commentCount":0,"publisher":{"@id":"https:\/\/gay.blog.br\/es\/#organization"},"image":{"@id":"https:\/\/gay.blog.br\/es\/noticias-es\/el-vaticano-dice-que-el-discurso-del-papa-sobre-la-union-civil-gay-fue-sacado-de-contexto\/#primaryimage"},"thumbnailUrl":"https:\/\/i0.wp.com\/gay.blog.br\/wp-content\/uploads\/2020\/11\/papa.jpg?fit=1200%2C754&ssl=1","keywords":["papa francisco","uni\u00e3o civil","vaticano"],"articleSection":["DERECHOS","NOT\u00cdCIAS"],"inLanguage":"es","potentialAction":[{"@type":"CommentAction","name":"Comment","target":["https:\/\/gay.blog.br\/es\/noticias-es\/el-vaticano-dice-que-el-discurso-del-papa-sobre-la-union-civil-gay-fue-sacado-de-contexto\/#respond"]}]},{"@type":"WebPage","@id":"https:\/\/gay.blog.br\/es\/noticias-es\/el-vaticano-dice-que-el-discurso-del-papa-sobre-la-union-civil-gay-fue-sacado-de-contexto\/","url":"https:\/\/gay.blog.br\/es\/noticias-es\/el-vaticano-dice-que-el-discurso-del-papa-sobre-la-union-civil-gay-fue-sacado-de-contexto\/","name":"El Vaticano dice que el discurso del Papa sobre la uni\u00f3n civil gay fue sacado de contexto","isPartOf":{"@id":"https:\/\/gay.blog.br\/es\/#website"},"primaryImageOfPage":{"@id":"https:\/\/gay.blog.br\/es\/noticias-es\/el-vaticano-dice-que-el-discurso-del-papa-sobre-la-union-civil-gay-fue-sacado-de-contexto\/#primaryimage"},"image":{"@id":"https:\/\/gay.blog.br\/es\/noticias-es\/el-vaticano-dice-que-el-discurso-del-papa-sobre-la-union-civil-gay-fue-sacado-de-contexto\/#primaryimage"},"thumbnailUrl":"https:\/\/i0.wp.com\/gay.blog.br\/wp-content\/uploads\/2020\/11\/papa.jpg?fit=1200%2C754&ssl=1","datePublished":"2020-11-02T15:22:10+00:00","dateModified":"2020-11-03T23:44:51+00:00","description":"Declaraci\u00f3n del Vaticano dice que el Papa se refiri\u00f3 al derecho de los homosexuales a ser aceptados por sus familias como hijos y hermanos.","breadcrumb":{"@id":"https:\/\/gay.blog.br\/es\/noticias-es\/el-vaticano-dice-que-el-discurso-del-papa-sobre-la-union-civil-gay-fue-sacado-de-contexto\/#breadcrumb"},"inLanguage":"es","potentialAction":[{"@type":"ReadAction","target":["https:\/\/gay.blog.br\/es\/noticias-es\/el-vaticano-dice-que-el-discurso-del-papa-sobre-la-union-civil-gay-fue-sacado-de-contexto\/"]}]},{"@type":"ImageObject","inLanguage":"es","@id":"https:\/\/gay.blog.br\/es\/noticias-es\/el-vaticano-dice-que-el-discurso-del-papa-sobre-la-union-civil-gay-fue-sacado-de-contexto\/#primaryimage","url":"https:\/\/i0.wp.com\/gay.blog.br\/wp-content\/uploads\/2020\/11\/papa.jpg?fit=1200%2C754&ssl=1","contentUrl":"https:\/\/i0.wp.com\/gay.blog.br\/wp-content\/uploads\/2020\/11\/papa.jpg?fit=1200%2C754&ssl=1","width":1200,"height":754,"caption":"Fala do papa Francisco em document\u00e1rio foi retirada do contexto, diz o Vaticano"},{"@type":"BreadcrumbList","@id":"https:\/\/gay.blog.br\/es\/noticias-es\/el-vaticano-dice-que-el-discurso-del-papa-sobre-la-union-civil-gay-fue-sacado-de-contexto\/#breadcrumb","itemListElement":[{"@type":"ListItem","position":1,"name":"In\u00edcio","item":"https:\/\/gay.blog.br\/es\/"},{"@type":"ListItem","position":2,"name":"El Vaticano dice que el discurso del Papa sobre la uni\u00f3n civil gay fue sacado de contexto"}]},{"@type":"WebSite","@id":"https:\/\/gay.blog.br\/es\/#website","url":"https:\/\/gay.blog.br\/es\/","name":"GAY BLOG BR @gayblogbr","description":"Not\u00edcias que empoderam e\/ou entret\u00eam s\u00e3o especialidades da casa","publisher":{"@id":"https:\/\/gay.blog.br\/es\/#organization"},"potentialAction":[{"@type":"SearchAction","target":{"@type":"EntryPoint","urlTemplate":"https:\/\/gay.blog.br\/es\/?s={search_term_string}"},"query-input":{"@type":"PropertyValueSpecification","valueRequired":true,"valueName":"search_term_string"}}],"inLanguage":"es"},{"@type":"Organization","@id":"https:\/\/gay.blog.br\/es\/#organization","name":"GAY BLOG BR","url":"https:\/\/gay.blog.br\/es\/","logo":{"@type":"ImageObject","inLanguage":"es","@id":"https:\/\/gay.blog.br\/es\/#\/schema\/logo\/image\/","url":"https:\/\/i0.wp.com\/gay.blog.br\/wp-content\/uploads\/2023\/08\/gay180px.png?fit=272%2C90&ssl=1","contentUrl":"https:\/\/i0.wp.com\/gay.blog.br\/wp-content\/uploads\/2023\/08\/gay180px.png?fit=272%2C90&ssl=1","width":272,"height":90,"caption":"GAY BLOG BR"},"image":{"@id":"https:\/\/gay.blog.br\/es\/#\/schema\/logo\/image\/"},"sameAs":["https:\/\/facebook.com\/gayblogbr","https:\/\/x.com\/gayblogbr","https:\/\/instagram.com\/gayblogbr","https:\/\/www.linkedin.com\/company\/gayblogbr\/","https:\/\/br.pinterest.com\/gayblogbr\/","https:\/\/www.youtube.com\/channel\/UCdEu3JXLOB-wvWAVUF4AIiA","https:\/\/pt.wikipedia.org\/wiki\/Gay_Blog_Br","https:\/\/www.threads.net\/@gayblogbr"]},{"@type":"Person","@id":"https:\/\/gay.blog.br\/es\/#\/schema\/person\/cd267ffff2d56e12768a81623718b979","name":"Carlos Henrique Braga","image":{"@type":"ImageObject","inLanguage":"es","@id":"https:\/\/secure.gravatar.com\/avatar\/5b3e587a2c2062bba657f0e46352c11e0f9fd644f822214af015b5e192d0f016?s=96&d=mm&r=g","url":"https:\/\/secure.gravatar.com\/avatar\/5b3e587a2c2062bba657f0e46352c11e0f9fd644f822214af015b5e192d0f016?s=96&d=mm&r=g","contentUrl":"https:\/\/secure.gravatar.com\/avatar\/5b3e587a2c2062bba657f0e46352c11e0f9fd644f822214af015b5e192d0f016?s=96&d=mm&r=g","caption":"Carlos Henrique Braga"},"description":"Jornalista pela Universidade Federal de MS, foi rep\u00f3rter de economia e hoje, al\u00e9m de colaborar para o Gay Blog Br, \u00e9 servidor p\u00fablico em Joinville (SC). Escreveu ''A Supremacia do Abandono'', livro dispon\u00edvel em amazon.com.br.","sameAs":["https:\/\/x.com\/@cahebraga"],"url":"https:\/\/gay.blog.br\/es\/author\/carloshenriquebraga\/"}]}},"jetpack_publicize_connections":[],"jetpack_featured_media_url":"https:\/\/i0.wp.com\/gay.blog.br\/wp-content\/uploads\/2020\/11\/papa.jpg?fit=1200%2C754&ssl=1","jetpack_sharing_enabled":true,"jetpack_shortlink":"https:\/\/wp.me\/p6klkK-ofy","jetpack_likes_enabled":false,"amp_enabled":true,"_links":{"self":[{"href":"https:\/\/gay.blog.br\/es\/wp-json\/wp\/v2\/posts\/93220","targetHints":{"allow":["GET"]}}],"collection":[{"href":"https:\/\/gay.blog.br\/es\/wp-json\/wp\/v2\/posts"}],"about":[{"href":"https:\/\/gay.blog.br\/es\/wp-json\/wp\/v2\/types\/post"}],"author":[{"embeddable":true,"href":"https:\/\/gay.blog.br\/es\/wp-json\/wp\/v2\/users\/3039"}],"replies":[{"embeddable":true,"href":"https:\/\/gay.blog.br\/es\/wp-json\/wp\/v2\/comments?post=93220"}],"version-history":[{"count":0,"href":"https:\/\/gay.blog.br\/es\/wp-json\/wp\/v2\/posts\/93220\/revisions"}],"wp:featuredmedia":[{"embeddable":true,"href":"https:\/\/gay.blog.br\/es\/wp-json\/wp\/v2\/media\/93006"}],"wp:attachment":[{"href":"https:\/\/gay.blog.br\/es\/wp-json\/wp\/v2\/media?parent=93220"}],"wp:term":[{"taxonomy":"category","embeddable":true,"href":"https:\/\/gay.blog.br\/es\/wp-json\/wp\/v2\/categories?post=93220"},{"taxonomy":"post_tag","embeddable":true,"href":"https:\/\/gay.blog.br\/es\/wp-json\/wp\/v2\/tags?post=93220"}],"curies":[{"name":"wp","href":"https:\/\/api.w.org\/{rel}","templated":true}]}}