{"id":95716,"date":"2020-11-10T16:02:01","date_gmt":"2020-11-10T19:02:01","guid":{"rendered":"https:\/\/gay.blog.br\/?p=95716"},"modified":"2020-11-15T01:27:25","modified_gmt":"2020-11-15T04:27:25","slug":"los-padres-lgbtq-comparten-historias-familiares-para-inspirar-a-quienes-suenan-con-tener-hijos","status":"publish","type":"post","link":"https:\/\/gay.blog.br\/es\/noticias-es\/los-padres-lgbtq-comparten-historias-familiares-para-inspirar-a-quienes-suenan-con-tener-hijos\/","title":{"rendered":"Los padres LGBTQ+ comparten historias familiares para inspirar a quienes sue\u00f1an con tener hijos"},"content":{"rendered":"<p style=\"text-align: justify;\">Los padres LGBTQ+ de todo el mundo tienen las mismas dificultades en los procesos de adopci\u00f3n o subrogaci\u00f3n. Las dudas, los prejuicios y la burocracia son parte del sue\u00f1o de tener hijos, lamentablemente.<\/p>\n<p style=\"text-align: justify;\">Compartir historias con extra\u00f1os en Internet puede ayudar a cualquiera que se encuentre en medio de este camino. La organizaci\u00f3n <a href=\"https:\/\/www.instagram.com\/gays_with_kids\/\"><strong>Gays With Kids<\/strong><\/a> (GWK), que apoya a los futuros padres y sus familias, comparte historias de aliento en Instagram. Es una inspiraci\u00f3n para todos los que buscan una familia.<\/p>\n<p style=\"text-align: justify;\">BLOG GAY separ\u00f3 algunas de estas historias.<\/p>\n<figure id=\"attachment_94690\" aria-describedby=\"caption-attachment-94690\" style=\"width: 698px\" class=\"wp-caption alignnone\"><a href=\"https:\/\/www.instagram.com\/gays_with_kids\/\"><img data-recalc-dims=\"1\" loading=\"lazy\" decoding=\"async\" class=\"size-full wp-image-94690\" src=\"https:\/\/i0.wp.com\/gay.blog.br\/wp-content\/uploads\/2020\/11\/casal-1.png?resize=696%2C502&#038;ssl=1\" alt=\"\" width=\"696\" height=\"502\" srcset=\"https:\/\/i0.wp.com\/gay.blog.br\/wp-content\/uploads\/2020\/11\/casal-1.png?w=698&amp;ssl=1 698w, https:\/\/i0.wp.com\/gay.blog.br\/wp-content\/uploads\/2020\/11\/casal-1.png?resize=300%2C216&amp;ssl=1 300w, https:\/\/i0.wp.com\/gay.blog.br\/wp-content\/uploads\/2020\/11\/casal-1.png?resize=150%2C108&amp;ssl=1 150w, https:\/\/i0.wp.com\/gay.blog.br\/wp-content\/uploads\/2020\/11\/casal-1.png?resize=696%2C502&amp;ssl=1 696w, https:\/\/i0.wp.com\/gay.blog.br\/wp-content\/uploads\/2020\/11\/casal-1.png?resize=583%2C420&amp;ssl=1 583w\" sizes=\"auto, (max-width: 696px) 100vw, 696px\" \/><\/a><figcaption id=\"caption-attachment-94690\" class=\"wp-caption-text\">Reproducci\u00f3n GWK<\/figcaption><\/figure>\n<p style=\"text-align: justify;\"><strong>Salva and Joel, de Castell\u00f3n, Espa\u00f1a<\/strong><\/p>\n<p style=\"text-align: justify;\">El proceso de adopci\u00f3n de la pareja dur\u00f3 tres a\u00f1os: \u00ab<em>Un d\u00eda, una llamada y la vida nunca volvi\u00f3 a ser la misma. Al principio estaba tan seria y unas semanas despu\u00e9s era la ni\u00f1a m\u00e1s sonriente del mundo<\/em>\u00ab.<\/p>\n<figure id=\"attachment_94693\" aria-describedby=\"caption-attachment-94693\" style=\"width: 617px\" class=\"wp-caption alignnone\"><a href=\"https:\/\/www.instagram.com\/gays_with_kids\/\"><img data-recalc-dims=\"1\" loading=\"lazy\" decoding=\"async\" class=\"size-full wp-image-94693\" src=\"https:\/\/i0.wp.com\/gay.blog.br\/wp-content\/uploads\/2020\/11\/casal-2.png?resize=617%2C689&#038;ssl=1\" alt=\"\" width=\"617\" height=\"689\" srcset=\"https:\/\/i0.wp.com\/gay.blog.br\/wp-content\/uploads\/2020\/11\/casal-2.png?w=617&amp;ssl=1 617w, https:\/\/i0.wp.com\/gay.blog.br\/wp-content\/uploads\/2020\/11\/casal-2.png?resize=269%2C300&amp;ssl=1 269w, https:\/\/i0.wp.com\/gay.blog.br\/wp-content\/uploads\/2020\/11\/casal-2.png?resize=134%2C150&amp;ssl=1 134w, https:\/\/i0.wp.com\/gay.blog.br\/wp-content\/uploads\/2020\/11\/casal-2.png?resize=376%2C420&amp;ssl=1 376w\" sizes=\"auto, (max-width: 617px) 100vw, 617px\" \/><\/a><figcaption id=\"caption-attachment-94693\" class=\"wp-caption-text\">Reproducci\u00f3n GWK<\/figcaption><\/figure>\n<p style=\"text-align: justify;\"><strong>Erik y su esposo, de Nueva Orleans, EE. UU.<\/strong><\/p>\n<p style=\"text-align: justify;\"><em>\u00abSer padres en s\u00ed es el viaje m\u00e1s salvaje que puedas imaginar. Para algunos, el proceso de convertirse en padres es igual de loco. Mi esposo y yo adoptamos a nuestros tres hijos y los llevamos a casa desde el hospital\u00bb.<\/em><\/p>\n<p style=\"text-align: justify;\"><em>\u00abEl viaje para convertirse en padres puede ser brutal. Intentar aprender lo b\u00e1sico en unos pocos meses puede hacer que cualquiera se asuste. Si a eso le agregas todo el papeleo, los estudios del hogar, las certificaciones, las verificaciones de antecedentes, adem\u00e1s de crear la guarder\u00eda del beb\u00e9, es casi enloquecedor. \u00ab<\/em><\/p>\n<p style=\"text-align: justify;\"><a href=\"https:\/\/www.instagram.com\/gays_with_kids\/\"><img data-recalc-dims=\"1\" loading=\"lazy\" decoding=\"async\" class=\"alignnone size-full wp-image-94697\" src=\"https:\/\/i0.wp.com\/gay.blog.br\/wp-content\/uploads\/2020\/11\/solteiro-3.png?resize=548%2C730&#038;ssl=1\" alt=\"\" width=\"548\" height=\"730\" srcset=\"https:\/\/i0.wp.com\/gay.blog.br\/wp-content\/uploads\/2020\/11\/solteiro-3.png?w=548&amp;ssl=1 548w, https:\/\/i0.wp.com\/gay.blog.br\/wp-content\/uploads\/2020\/11\/solteiro-3.png?resize=225%2C300&amp;ssl=1 225w, https:\/\/i0.wp.com\/gay.blog.br\/wp-content\/uploads\/2020\/11\/solteiro-3.png?resize=113%2C150&amp;ssl=1 113w, https:\/\/i0.wp.com\/gay.blog.br\/wp-content\/uploads\/2020\/11\/solteiro-3.png?resize=315%2C420&amp;ssl=1 315w\" sizes=\"auto, (max-width: 548px) 100vw, 548px\" \/><\/a><\/p>\n<p style=\"text-align: justify;\"><strong>Leon, de Reino Unido<\/strong><\/p>\n<p style=\"text-align: justify;\">Hace diez a\u00f1os, Le\u00f3n puso las ruedas en marcha, preparando su vida para recibir a un ni\u00f1o. Otra d\u00e9cada m\u00e1s tarde, en abril de 2019, su planificaci\u00f3n y meta de 20 a\u00f1os se hizo realidad: Le\u00f3n puso fin a la adopci\u00f3n de este hijo de 4 a\u00f1os y medio.<\/p>\n<p style=\"text-align: justify;\"><em>\u00abDesde que ten\u00eda 18 a\u00f1os, supe que quer\u00eda ser un padre adoptivo\u00bb, dijo Leon, padre del Reino Unido. \u00abNi siquiera estaba seguro de poder hacer eso como hombre gay en ese entonces, pero siempre fue algo que quise hacer\u00bb.<\/em><\/p>\n<p style=\"text-align: justify;\"><a href=\"https:\/\/www.instagram.com\/gays_with_kids\/\"><img data-recalc-dims=\"1\" loading=\"lazy\" decoding=\"async\" class=\"alignnone size-full wp-image-94700\" src=\"https:\/\/i0.wp.com\/gay.blog.br\/wp-content\/uploads\/2020\/11\/casal-4.png?resize=688%2C689&#038;ssl=1\" alt=\"\" width=\"688\" height=\"689\" srcset=\"https:\/\/i0.wp.com\/gay.blog.br\/wp-content\/uploads\/2020\/11\/casal-4.png?w=688&amp;ssl=1 688w, https:\/\/i0.wp.com\/gay.blog.br\/wp-content\/uploads\/2020\/11\/casal-4.png?resize=300%2C300&amp;ssl=1 300w, https:\/\/i0.wp.com\/gay.blog.br\/wp-content\/uploads\/2020\/11\/casal-4.png?resize=150%2C150&amp;ssl=1 150w, https:\/\/i0.wp.com\/gay.blog.br\/wp-content\/uploads\/2020\/11\/casal-4.png?resize=419%2C420&amp;ssl=1 419w\" sizes=\"auto, (max-width: 688px) 100vw, 688px\" \/><\/a><\/p>\n<p style=\"text-align: justify;\"><strong>Pedro y Jesus, Espa\u00f1a<\/strong><\/p>\n<p style=\"text-align: justify;\"><em>\u201cEn Espa\u00f1a, hubo una cuarentena muy dif\u00edcil. El encierro dur\u00f3 casi tres meses, [mas] tuvimos la suerte de mudarnos a una casa m\u00e1s grande con piscina y todo fue m\u00e1s f\u00e1cil.\u201d<\/em><\/p>\n<p style=\"text-align: justify;\"><em>\u201cLas chicas estaban ocupadas estudiando en casa (ense\u00f1ando en casa) en una clase virtual, con la profesora y nosotros ayudando mucho con los deberes&#8230; Ahora se acabaron las vacaciones de verano, pero parece que todo empieza a ir mal de nuevo en Espa\u00f1a, tememos un nuevo bloqueo\u00bb.<\/em><\/p>\n<figure id=\"attachment_94704\" aria-describedby=\"caption-attachment-94704\" style=\"width: 736px\" class=\"wp-caption alignnone\"><a href=\"https:\/\/www.instagram.com\/gays_with_kids\/\"><img data-recalc-dims=\"1\" loading=\"lazy\" decoding=\"async\" class=\"size-full wp-image-94704\" src=\"https:\/\/i0.wp.com\/gay.blog.br\/wp-content\/uploads\/2020\/11\/casal-5.png?resize=696%2C681&#038;ssl=1\" alt=\"\" width=\"696\" height=\"681\" srcset=\"https:\/\/i0.wp.com\/gay.blog.br\/wp-content\/uploads\/2020\/11\/casal-5.png?w=736&amp;ssl=1 736w, https:\/\/i0.wp.com\/gay.blog.br\/wp-content\/uploads\/2020\/11\/casal-5.png?resize=300%2C293&amp;ssl=1 300w, https:\/\/i0.wp.com\/gay.blog.br\/wp-content\/uploads\/2020\/11\/casal-5.png?resize=150%2C147&amp;ssl=1 150w, https:\/\/i0.wp.com\/gay.blog.br\/wp-content\/uploads\/2020\/11\/casal-5.png?resize=696%2C681&amp;ssl=1 696w, https:\/\/i0.wp.com\/gay.blog.br\/wp-content\/uploads\/2020\/11\/casal-5.png?resize=429%2C420&amp;ssl=1 429w\" sizes=\"auto, (max-width: 696px) 100vw, 696px\" \/><\/a><figcaption id=\"caption-attachment-94704\" class=\"wp-caption-text\">Reproducci\u00f3n GWK<\/figcaption><\/figure>\n<p style=\"text-align: justify;\">Mientras honramos el comienzo del Mes del Orgullo, ahora no es el momento de pasar al pr\u00f3ximo evento e ignorar lo que est\u00e1 sucediendo a nuestro alrededor. #PrideWasARiot y comenz\u00f3 con personas LGBTQ+ negras y morenas que enfrentan la injusticia, la desigualdad, as\u00ed como el acoso y la brutalidad policial. Tenemos un largo camino por recorrer hacia la verdadera igualdad y ahora no es el momento de ser complacientes.<\/p>\n","protected":false},"excerpt":{"rendered":"<p>Vea historias de padres LGBTQ+ y sus hijos felices, publicadas en Instagram por una organizaci\u00f3n de apoyo a la adopci\u00f3n y subrogaci\u00f3n<\/p>\n","protected":false},"author":3039,"featured_media":94692,"comment_status":"open","ping_status":"open","sticky":false,"template":"","format":"standard","meta":{"googlesitekit_rrm_CAoiEBg-BXrJeACjO8p49SE4kTY:productID":"","tdm_status":"","tdm_grid_status":"","_jetpack_newsletter_access":"","_jetpack_dont_email_post_to_subs":false,"_jetpack_newsletter_tier_id":0,"_jetpack_memberships_contains_paywalled_content":false,"_jetpack_memberships_contains_paid_content":false,"footnotes":"","jetpack_publicize_message":"Los padres LGBTQ+ comparten historias familiares para inspirar a quienes sue\u00f1an con tener hijos","jetpack_publicize_feature_enabled":true,"jetpack_social_post_already_shared":true,"jetpack_social_options":{"image_generator_settings":{"template":"highway","default_image_id":0,"font":"","enabled":false},"version":2},"_wpas_customize_per_network":false,"jetpack_post_was_ever_published":false},"categories":[589932231],"tags":[589933034,589934218,589934217,589934219,589934220],"class_list":{"0":"post-95716","1":"post","2":"type-post","3":"status-publish","4":"format-standard","5":"has-post-thumbnail","7":"category-noticias-es","8":"tag-adopcion","9":"tag-barriga-de-aluguel-es","10":"tag-familia-es","11":"tag-pais-gays-es","12":"tag-pais-lgbtq-es"},"yoast_head":"<!-- This site is optimized with the Yoast SEO plugin v27.4 - https:\/\/yoast.com\/product\/yoast-seo-wordpress\/ -->\n<title>Los padres LGBTQ+ comparten historias familiares para inspirar a quienes sue\u00f1an con tener hijos<\/title>\n<meta name=\"description\" content=\"Vea historias de padres LGBTQ+ y sus hijos felices, publicadas en Instagram por una organizaci\u00f3n de apoyo a la adopci\u00f3n y subrogaci\u00f3n\" \/>\n<meta name=\"robots\" content=\"index, follow, max-snippet:-1, max-image-preview:large, max-video-preview:-1\" \/>\n<link rel=\"canonical\" href=\"https:\/\/gay.blog.br\/es\/noticias-es\/los-padres-lgbtq-comparten-historias-familiares-para-inspirar-a-quienes-suenan-con-tener-hijos\/\" \/>\n<meta property=\"og:locale\" content=\"es_ES\" \/>\n<meta property=\"og:type\" content=\"article\" \/>\n<meta property=\"og:title\" content=\"Los padres LGBTQ+ comparten historias familiares para inspirar a quienes sue\u00f1an con tener hijos\" \/>\n<meta property=\"og:description\" content=\"Vea historias de padres LGBTQ+ y sus hijos felices, publicadas en Instagram por una organizaci\u00f3n de apoyo a la adopci\u00f3n y subrogaci\u00f3n\" \/>\n<meta property=\"og:url\" content=\"https:\/\/gay.blog.br\/es\/noticias-es\/los-padres-lgbtq-comparten-historias-familiares-para-inspirar-a-quienes-suenan-con-tener-hijos\/\" \/>\n<meta property=\"og:site_name\" content=\"GAY BLOG BR @gayblogbr\" \/>\n<meta property=\"article:publisher\" content=\"https:\/\/facebook.com\/gayblogbr\" \/>\n<meta property=\"article:published_time\" content=\"2020-11-10T19:02:01+00:00\" \/>\n<meta property=\"article:modified_time\" content=\"2020-11-15T04:27:25+00:00\" \/>\n<meta property=\"og:image\" content=\"https:\/\/i0.wp.com\/gay.blog.br\/wp-content\/uploads\/2020\/11\/casal-1.png?fit=698%2C503&ssl=1\" \/>\n\t<meta property=\"og:image:width\" content=\"698\" \/>\n\t<meta property=\"og:image:height\" content=\"503\" \/>\n\t<meta property=\"og:image:type\" content=\"image\/png\" \/>\n<meta name=\"author\" content=\"Carlos Henrique Braga\" \/>\n<meta name=\"twitter:card\" content=\"summary_large_image\" \/>\n<meta name=\"twitter:creator\" content=\"@cahebraga\" \/>\n<meta name=\"twitter:site\" content=\"@gayblogbr\" \/>\n<meta name=\"twitter:label1\" content=\"Escrito por\" \/>\n\t<meta name=\"twitter:data1\" content=\"Carlos Henrique Braga\" \/>\n\t<meta name=\"twitter:label2\" content=\"Tiempo de lectura\" \/>\n\t<meta name=\"twitter:data2\" content=\"3 minutos\" \/>\n<script type=\"application\/ld+json\" class=\"yoast-schema-graph\">{\"@context\":\"https:\\\/\\\/schema.org\",\"@graph\":[{\"@type\":\"Article\",\"@id\":\"https:\\\/\\\/gay.blog.br\\\/es\\\/noticias-es\\\/los-padres-lgbtq-comparten-historias-familiares-para-inspirar-a-quienes-suenan-con-tener-hijos\\\/#article\",\"isPartOf\":{\"@id\":\"https:\\\/\\\/gay.blog.br\\\/es\\\/noticias-es\\\/los-padres-lgbtq-comparten-historias-familiares-para-inspirar-a-quienes-suenan-con-tener-hijos\\\/\"},\"author\":{\"name\":\"Carlos Henrique Braga\",\"@id\":\"https:\\\/\\\/gay.blog.br\\\/es\\\/#\\\/schema\\\/person\\\/cd267ffff2d56e12768a81623718b979\"},\"headline\":\"Los padres LGBTQ+ comparten historias familiares para inspirar a quienes sue\u00f1an con tener hijos\",\"datePublished\":\"2020-11-10T19:02:01+00:00\",\"dateModified\":\"2020-11-15T04:27:25+00:00\",\"mainEntityOfPage\":{\"@id\":\"https:\\\/\\\/gay.blog.br\\\/es\\\/noticias-es\\\/los-padres-lgbtq-comparten-historias-familiares-para-inspirar-a-quienes-suenan-con-tener-hijos\\\/\"},\"wordCount\":559,\"commentCount\":0,\"publisher\":{\"@id\":\"https:\\\/\\\/gay.blog.br\\\/es\\\/#organization\"},\"image\":{\"@id\":\"https:\\\/\\\/gay.blog.br\\\/es\\\/noticias-es\\\/los-padres-lgbtq-comparten-historias-familiares-para-inspirar-a-quienes-suenan-con-tener-hijos\\\/#primaryimage\"},\"thumbnailUrl\":\"https:\\\/\\\/i0.wp.com\\\/gay.blog.br\\\/wp-content\\\/uploads\\\/2020\\\/11\\\/casal-1.png?fit=698%2C503&ssl=1\",\"keywords\":[\"adopci\u00f3n\",\"barriga de aluguel\",\"fam\u00edlia\",\"pais gays\",\"pais LGBTQ+\"],\"articleSection\":[\"NOT\u00cdCIAS\"],\"inLanguage\":\"es\",\"potentialAction\":[{\"@type\":\"CommentAction\",\"name\":\"Comment\",\"target\":[\"https:\\\/\\\/gay.blog.br\\\/es\\\/noticias-es\\\/los-padres-lgbtq-comparten-historias-familiares-para-inspirar-a-quienes-suenan-con-tener-hijos\\\/#respond\"]}]},{\"@type\":\"WebPage\",\"@id\":\"https:\\\/\\\/gay.blog.br\\\/es\\\/noticias-es\\\/los-padres-lgbtq-comparten-historias-familiares-para-inspirar-a-quienes-suenan-con-tener-hijos\\\/\",\"url\":\"https:\\\/\\\/gay.blog.br\\\/es\\\/noticias-es\\\/los-padres-lgbtq-comparten-historias-familiares-para-inspirar-a-quienes-suenan-con-tener-hijos\\\/\",\"name\":\"Los padres LGBTQ+ comparten historias familiares para inspirar a quienes sue\u00f1an con tener hijos\",\"isPartOf\":{\"@id\":\"https:\\\/\\\/gay.blog.br\\\/es\\\/#website\"},\"primaryImageOfPage\":{\"@id\":\"https:\\\/\\\/gay.blog.br\\\/es\\\/noticias-es\\\/los-padres-lgbtq-comparten-historias-familiares-para-inspirar-a-quienes-suenan-con-tener-hijos\\\/#primaryimage\"},\"image\":{\"@id\":\"https:\\\/\\\/gay.blog.br\\\/es\\\/noticias-es\\\/los-padres-lgbtq-comparten-historias-familiares-para-inspirar-a-quienes-suenan-con-tener-hijos\\\/#primaryimage\"},\"thumbnailUrl\":\"https:\\\/\\\/i0.wp.com\\\/gay.blog.br\\\/wp-content\\\/uploads\\\/2020\\\/11\\\/casal-1.png?fit=698%2C503&ssl=1\",\"datePublished\":\"2020-11-10T19:02:01+00:00\",\"dateModified\":\"2020-11-15T04:27:25+00:00\",\"description\":\"Vea historias de padres LGBTQ+ y sus hijos felices, publicadas en Instagram por una organizaci\u00f3n de apoyo a la adopci\u00f3n y subrogaci\u00f3n\",\"breadcrumb\":{\"@id\":\"https:\\\/\\\/gay.blog.br\\\/es\\\/noticias-es\\\/los-padres-lgbtq-comparten-historias-familiares-para-inspirar-a-quienes-suenan-con-tener-hijos\\\/#breadcrumb\"},\"inLanguage\":\"es\",\"potentialAction\":[{\"@type\":\"ReadAction\",\"target\":[\"https:\\\/\\\/gay.blog.br\\\/es\\\/noticias-es\\\/los-padres-lgbtq-comparten-historias-familiares-para-inspirar-a-quienes-suenan-con-tener-hijos\\\/\"]}]},{\"@type\":\"ImageObject\",\"inLanguage\":\"es\",\"@id\":\"https:\\\/\\\/gay.blog.br\\\/es\\\/noticias-es\\\/los-padres-lgbtq-comparten-historias-familiares-para-inspirar-a-quienes-suenan-con-tener-hijos\\\/#primaryimage\",\"url\":\"https:\\\/\\\/i0.wp.com\\\/gay.blog.br\\\/wp-content\\\/uploads\\\/2020\\\/11\\\/casal-1.png?fit=698%2C503&ssl=1\",\"contentUrl\":\"https:\\\/\\\/i0.wp.com\\\/gay.blog.br\\\/wp-content\\\/uploads\\\/2020\\\/11\\\/casal-1.png?fit=698%2C503&ssl=1\",\"width\":698,\"height\":503,\"caption\":\"Reprodu\u00e7\u00e3o GWK\"},{\"@type\":\"BreadcrumbList\",\"@id\":\"https:\\\/\\\/gay.blog.br\\\/es\\\/noticias-es\\\/los-padres-lgbtq-comparten-historias-familiares-para-inspirar-a-quienes-suenan-con-tener-hijos\\\/#breadcrumb\",\"itemListElement\":[{\"@type\":\"ListItem\",\"position\":1,\"name\":\"In\u00edcio\",\"item\":\"https:\\\/\\\/gay.blog.br\\\/es\\\/\"},{\"@type\":\"ListItem\",\"position\":2,\"name\":\"Los padres LGBTQ+ comparten historias familiares para inspirar a quienes sue\u00f1an con tener hijos\"}]},{\"@type\":\"WebSite\",\"@id\":\"https:\\\/\\\/gay.blog.br\\\/es\\\/#website\",\"url\":\"https:\\\/\\\/gay.blog.br\\\/es\\\/\",\"name\":\"GAY BLOG BR @gayblogbr\",\"description\":\"Not\u00edcias que empoderam e\\\/ou entret\u00eam s\u00e3o especialidades da casa\",\"publisher\":{\"@id\":\"https:\\\/\\\/gay.blog.br\\\/es\\\/#organization\"},\"potentialAction\":[{\"@type\":\"SearchAction\",\"target\":{\"@type\":\"EntryPoint\",\"urlTemplate\":\"https:\\\/\\\/gay.blog.br\\\/es\\\/?s={search_term_string}\"},\"query-input\":{\"@type\":\"PropertyValueSpecification\",\"valueRequired\":true,\"valueName\":\"search_term_string\"}}],\"inLanguage\":\"es\"},{\"@type\":\"Organization\",\"@id\":\"https:\\\/\\\/gay.blog.br\\\/es\\\/#organization\",\"name\":\"GAY BLOG BR\",\"url\":\"https:\\\/\\\/gay.blog.br\\\/es\\\/\",\"logo\":{\"@type\":\"ImageObject\",\"inLanguage\":\"es\",\"@id\":\"https:\\\/\\\/gay.blog.br\\\/es\\\/#\\\/schema\\\/logo\\\/image\\\/\",\"url\":\"https:\\\/\\\/i0.wp.com\\\/gay.blog.br\\\/wp-content\\\/uploads\\\/2023\\\/08\\\/gay180px.png?fit=272%2C90&ssl=1\",\"contentUrl\":\"https:\\\/\\\/i0.wp.com\\\/gay.blog.br\\\/wp-content\\\/uploads\\\/2023\\\/08\\\/gay180px.png?fit=272%2C90&ssl=1\",\"width\":272,\"height\":90,\"caption\":\"GAY BLOG BR\"},\"image\":{\"@id\":\"https:\\\/\\\/gay.blog.br\\\/es\\\/#\\\/schema\\\/logo\\\/image\\\/\"},\"sameAs\":[\"https:\\\/\\\/facebook.com\\\/gayblogbr\",\"https:\\\/\\\/x.com\\\/gayblogbr\",\"https:\\\/\\\/instagram.com\\\/gayblogbr\",\"https:\\\/\\\/www.linkedin.com\\\/company\\\/gayblogbr\\\/\",\"https:\\\/\\\/br.pinterest.com\\\/gayblogbr\\\/\",\"https:\\\/\\\/www.youtube.com\\\/channel\\\/UCdEu3JXLOB-wvWAVUF4AIiA\",\"https:\\\/\\\/pt.wikipedia.org\\\/wiki\\\/Gay_Blog_Br\",\"https:\\\/\\\/www.threads.net\\\/@gayblogbr\"]},{\"@type\":\"Person\",\"@id\":\"https:\\\/\\\/gay.blog.br\\\/es\\\/#\\\/schema\\\/person\\\/cd267ffff2d56e12768a81623718b979\",\"name\":\"Carlos Henrique Braga\",\"image\":{\"@type\":\"ImageObject\",\"inLanguage\":\"es\",\"@id\":\"https:\\\/\\\/secure.gravatar.com\\\/avatar\\\/5b3e587a2c2062bba657f0e46352c11e0f9fd644f822214af015b5e192d0f016?s=96&d=mm&r=g\",\"url\":\"https:\\\/\\\/secure.gravatar.com\\\/avatar\\\/5b3e587a2c2062bba657f0e46352c11e0f9fd644f822214af015b5e192d0f016?s=96&d=mm&r=g\",\"contentUrl\":\"https:\\\/\\\/secure.gravatar.com\\\/avatar\\\/5b3e587a2c2062bba657f0e46352c11e0f9fd644f822214af015b5e192d0f016?s=96&d=mm&r=g\",\"caption\":\"Carlos Henrique Braga\"},\"description\":\"Jornalista pela Universidade Federal de MS, foi rep\u00f3rter de economia e hoje, al\u00e9m de colaborar para o Gay Blog Br, \u00e9 servidor p\u00fablico em Joinville (SC). Escreveu ''A Supremacia do Abandono'', livro dispon\u00edvel em amazon.com.br.\",\"sameAs\":[\"https:\\\/\\\/x.com\\\/@cahebraga\"],\"url\":\"https:\\\/\\\/gay.blog.br\\\/es\\\/author\\\/carloshenriquebraga\\\/\"}]}<\/script>\n<!-- \/ Yoast SEO plugin. -->","yoast_head_json":{"title":"Los padres LGBTQ+ comparten historias familiares para inspirar a quienes sue\u00f1an con tener hijos","description":"Vea historias de padres LGBTQ+ y sus hijos felices, publicadas en Instagram por una organizaci\u00f3n de apoyo a la adopci\u00f3n y subrogaci\u00f3n","robots":{"index":"index","follow":"follow","max-snippet":"max-snippet:-1","max-image-preview":"max-image-preview:large","max-video-preview":"max-video-preview:-1"},"canonical":"https:\/\/gay.blog.br\/es\/noticias-es\/los-padres-lgbtq-comparten-historias-familiares-para-inspirar-a-quienes-suenan-con-tener-hijos\/","og_locale":"es_ES","og_type":"article","og_title":"Los padres LGBTQ+ comparten historias familiares para inspirar a quienes sue\u00f1an con tener hijos","og_description":"Vea historias de padres LGBTQ+ y sus hijos felices, publicadas en Instagram por una organizaci\u00f3n de apoyo a la adopci\u00f3n y subrogaci\u00f3n","og_url":"https:\/\/gay.blog.br\/es\/noticias-es\/los-padres-lgbtq-comparten-historias-familiares-para-inspirar-a-quienes-suenan-con-tener-hijos\/","og_site_name":"GAY BLOG BR @gayblogbr","article_publisher":"https:\/\/facebook.com\/gayblogbr","article_published_time":"2020-11-10T19:02:01+00:00","article_modified_time":"2020-11-15T04:27:25+00:00","og_image":[{"width":698,"height":503,"url":"https:\/\/i0.wp.com\/gay.blog.br\/wp-content\/uploads\/2020\/11\/casal-1.png?fit=698%2C503&ssl=1","type":"image\/png"}],"author":"Carlos Henrique Braga","twitter_card":"summary_large_image","twitter_creator":"@cahebraga","twitter_site":"@gayblogbr","twitter_misc":{"Escrito por":"Carlos Henrique Braga","Tiempo de lectura":"3 minutos"},"schema":{"@context":"https:\/\/schema.org","@graph":[{"@type":"Article","@id":"https:\/\/gay.blog.br\/es\/noticias-es\/los-padres-lgbtq-comparten-historias-familiares-para-inspirar-a-quienes-suenan-con-tener-hijos\/#article","isPartOf":{"@id":"https:\/\/gay.blog.br\/es\/noticias-es\/los-padres-lgbtq-comparten-historias-familiares-para-inspirar-a-quienes-suenan-con-tener-hijos\/"},"author":{"name":"Carlos Henrique Braga","@id":"https:\/\/gay.blog.br\/es\/#\/schema\/person\/cd267ffff2d56e12768a81623718b979"},"headline":"Los padres LGBTQ+ comparten historias familiares para inspirar a quienes sue\u00f1an con tener hijos","datePublished":"2020-11-10T19:02:01+00:00","dateModified":"2020-11-15T04:27:25+00:00","mainEntityOfPage":{"@id":"https:\/\/gay.blog.br\/es\/noticias-es\/los-padres-lgbtq-comparten-historias-familiares-para-inspirar-a-quienes-suenan-con-tener-hijos\/"},"wordCount":559,"commentCount":0,"publisher":{"@id":"https:\/\/gay.blog.br\/es\/#organization"},"image":{"@id":"https:\/\/gay.blog.br\/es\/noticias-es\/los-padres-lgbtq-comparten-historias-familiares-para-inspirar-a-quienes-suenan-con-tener-hijos\/#primaryimage"},"thumbnailUrl":"https:\/\/i0.wp.com\/gay.blog.br\/wp-content\/uploads\/2020\/11\/casal-1.png?fit=698%2C503&ssl=1","keywords":["adopci\u00f3n","barriga de aluguel","fam\u00edlia","pais gays","pais LGBTQ+"],"articleSection":["NOT\u00cdCIAS"],"inLanguage":"es","potentialAction":[{"@type":"CommentAction","name":"Comment","target":["https:\/\/gay.blog.br\/es\/noticias-es\/los-padres-lgbtq-comparten-historias-familiares-para-inspirar-a-quienes-suenan-con-tener-hijos\/#respond"]}]},{"@type":"WebPage","@id":"https:\/\/gay.blog.br\/es\/noticias-es\/los-padres-lgbtq-comparten-historias-familiares-para-inspirar-a-quienes-suenan-con-tener-hijos\/","url":"https:\/\/gay.blog.br\/es\/noticias-es\/los-padres-lgbtq-comparten-historias-familiares-para-inspirar-a-quienes-suenan-con-tener-hijos\/","name":"Los padres LGBTQ+ comparten historias familiares para inspirar a quienes sue\u00f1an con tener hijos","isPartOf":{"@id":"https:\/\/gay.blog.br\/es\/#website"},"primaryImageOfPage":{"@id":"https:\/\/gay.blog.br\/es\/noticias-es\/los-padres-lgbtq-comparten-historias-familiares-para-inspirar-a-quienes-suenan-con-tener-hijos\/#primaryimage"},"image":{"@id":"https:\/\/gay.blog.br\/es\/noticias-es\/los-padres-lgbtq-comparten-historias-familiares-para-inspirar-a-quienes-suenan-con-tener-hijos\/#primaryimage"},"thumbnailUrl":"https:\/\/i0.wp.com\/gay.blog.br\/wp-content\/uploads\/2020\/11\/casal-1.png?fit=698%2C503&ssl=1","datePublished":"2020-11-10T19:02:01+00:00","dateModified":"2020-11-15T04:27:25+00:00","description":"Vea historias de padres LGBTQ+ y sus hijos felices, publicadas en Instagram por una organizaci\u00f3n de apoyo a la adopci\u00f3n y subrogaci\u00f3n","breadcrumb":{"@id":"https:\/\/gay.blog.br\/es\/noticias-es\/los-padres-lgbtq-comparten-historias-familiares-para-inspirar-a-quienes-suenan-con-tener-hijos\/#breadcrumb"},"inLanguage":"es","potentialAction":[{"@type":"ReadAction","target":["https:\/\/gay.blog.br\/es\/noticias-es\/los-padres-lgbtq-comparten-historias-familiares-para-inspirar-a-quienes-suenan-con-tener-hijos\/"]}]},{"@type":"ImageObject","inLanguage":"es","@id":"https:\/\/gay.blog.br\/es\/noticias-es\/los-padres-lgbtq-comparten-historias-familiares-para-inspirar-a-quienes-suenan-con-tener-hijos\/#primaryimage","url":"https:\/\/i0.wp.com\/gay.blog.br\/wp-content\/uploads\/2020\/11\/casal-1.png?fit=698%2C503&ssl=1","contentUrl":"https:\/\/i0.wp.com\/gay.blog.br\/wp-content\/uploads\/2020\/11\/casal-1.png?fit=698%2C503&ssl=1","width":698,"height":503,"caption":"Reprodu\u00e7\u00e3o GWK"},{"@type":"BreadcrumbList","@id":"https:\/\/gay.blog.br\/es\/noticias-es\/los-padres-lgbtq-comparten-historias-familiares-para-inspirar-a-quienes-suenan-con-tener-hijos\/#breadcrumb","itemListElement":[{"@type":"ListItem","position":1,"name":"In\u00edcio","item":"https:\/\/gay.blog.br\/es\/"},{"@type":"ListItem","position":2,"name":"Los padres LGBTQ+ comparten historias familiares para inspirar a quienes sue\u00f1an con tener hijos"}]},{"@type":"WebSite","@id":"https:\/\/gay.blog.br\/es\/#website","url":"https:\/\/gay.blog.br\/es\/","name":"GAY BLOG BR @gayblogbr","description":"Not\u00edcias que empoderam e\/ou entret\u00eam s\u00e3o especialidades da casa","publisher":{"@id":"https:\/\/gay.blog.br\/es\/#organization"},"potentialAction":[{"@type":"SearchAction","target":{"@type":"EntryPoint","urlTemplate":"https:\/\/gay.blog.br\/es\/?s={search_term_string}"},"query-input":{"@type":"PropertyValueSpecification","valueRequired":true,"valueName":"search_term_string"}}],"inLanguage":"es"},{"@type":"Organization","@id":"https:\/\/gay.blog.br\/es\/#organization","name":"GAY BLOG BR","url":"https:\/\/gay.blog.br\/es\/","logo":{"@type":"ImageObject","inLanguage":"es","@id":"https:\/\/gay.blog.br\/es\/#\/schema\/logo\/image\/","url":"https:\/\/i0.wp.com\/gay.blog.br\/wp-content\/uploads\/2023\/08\/gay180px.png?fit=272%2C90&ssl=1","contentUrl":"https:\/\/i0.wp.com\/gay.blog.br\/wp-content\/uploads\/2023\/08\/gay180px.png?fit=272%2C90&ssl=1","width":272,"height":90,"caption":"GAY BLOG BR"},"image":{"@id":"https:\/\/gay.blog.br\/es\/#\/schema\/logo\/image\/"},"sameAs":["https:\/\/facebook.com\/gayblogbr","https:\/\/x.com\/gayblogbr","https:\/\/instagram.com\/gayblogbr","https:\/\/www.linkedin.com\/company\/gayblogbr\/","https:\/\/br.pinterest.com\/gayblogbr\/","https:\/\/www.youtube.com\/channel\/UCdEu3JXLOB-wvWAVUF4AIiA","https:\/\/pt.wikipedia.org\/wiki\/Gay_Blog_Br","https:\/\/www.threads.net\/@gayblogbr"]},{"@type":"Person","@id":"https:\/\/gay.blog.br\/es\/#\/schema\/person\/cd267ffff2d56e12768a81623718b979","name":"Carlos Henrique Braga","image":{"@type":"ImageObject","inLanguage":"es","@id":"https:\/\/secure.gravatar.com\/avatar\/5b3e587a2c2062bba657f0e46352c11e0f9fd644f822214af015b5e192d0f016?s=96&d=mm&r=g","url":"https:\/\/secure.gravatar.com\/avatar\/5b3e587a2c2062bba657f0e46352c11e0f9fd644f822214af015b5e192d0f016?s=96&d=mm&r=g","contentUrl":"https:\/\/secure.gravatar.com\/avatar\/5b3e587a2c2062bba657f0e46352c11e0f9fd644f822214af015b5e192d0f016?s=96&d=mm&r=g","caption":"Carlos Henrique Braga"},"description":"Jornalista pela Universidade Federal de MS, foi rep\u00f3rter de economia e hoje, al\u00e9m de colaborar para o Gay Blog Br, \u00e9 servidor p\u00fablico em Joinville (SC). Escreveu ''A Supremacia do Abandono'', livro dispon\u00edvel em amazon.com.br.","sameAs":["https:\/\/x.com\/@cahebraga"],"url":"https:\/\/gay.blog.br\/es\/author\/carloshenriquebraga\/"}]}},"jetpack_publicize_connections":[],"jetpack_featured_media_url":"https:\/\/i0.wp.com\/gay.blog.br\/wp-content\/uploads\/2020\/11\/casal-1.png?fit=698%2C503&ssl=1","jetpack_sharing_enabled":true,"jetpack_shortlink":"https:\/\/wp.me\/p6klkK-oTO","jetpack_likes_enabled":false,"amp_enabled":true,"_links":{"self":[{"href":"https:\/\/gay.blog.br\/es\/wp-json\/wp\/v2\/posts\/95716","targetHints":{"allow":["GET"]}}],"collection":[{"href":"https:\/\/gay.blog.br\/es\/wp-json\/wp\/v2\/posts"}],"about":[{"href":"https:\/\/gay.blog.br\/es\/wp-json\/wp\/v2\/types\/post"}],"author":[{"embeddable":true,"href":"https:\/\/gay.blog.br\/es\/wp-json\/wp\/v2\/users\/3039"}],"replies":[{"embeddable":true,"href":"https:\/\/gay.blog.br\/es\/wp-json\/wp\/v2\/comments?post=95716"}],"version-history":[{"count":0,"href":"https:\/\/gay.blog.br\/es\/wp-json\/wp\/v2\/posts\/95716\/revisions"}],"wp:featuredmedia":[{"embeddable":true,"href":"https:\/\/gay.blog.br\/es\/wp-json\/wp\/v2\/media\/94692"}],"wp:attachment":[{"href":"https:\/\/gay.blog.br\/es\/wp-json\/wp\/v2\/media?parent=95716"}],"wp:term":[{"taxonomy":"category","embeddable":true,"href":"https:\/\/gay.blog.br\/es\/wp-json\/wp\/v2\/categories?post=95716"},{"taxonomy":"post_tag","embeddable":true,"href":"https:\/\/gay.blog.br\/es\/wp-json\/wp\/v2\/tags?post=95716"}],"curies":[{"name":"wp","href":"https:\/\/api.w.org\/{rel}","templated":true}]}}