{"id":98820,"date":"2020-11-19T13:53:44","date_gmt":"2020-11-19T16:53:44","guid":{"rendered":"https:\/\/gay.blog.br\/?p=98820"},"modified":"2020-11-25T21:56:36","modified_gmt":"2020-11-26T00:56:36","slug":"justicia-considera-inconstitucional-ley-de-la-ciudad-catarinense-que-prohibe-el-debate-de-genero-en-las-escuelas","status":"publish","type":"post","link":"https:\/\/gay.blog.br\/es\/noticias-es\/justicia-considera-inconstitucional-ley-de-la-ciudad-catarinense-que-prohibe-el-debate-de-genero-en-las-escuelas\/","title":{"rendered":"Justicia considera inconstitucional ley de la ciudad catarinense que proh\u00edbe el debate de g\u00e9nero en las escuelas"},"content":{"rendered":"<p style=\"text-align: justify;\">La ley municipal que proh\u00edbe el debate sobre g\u00e9nero en las escuelas p\u00fablicas y privadas de <strong>Jaragu\u00e1 do Sul<\/strong>, en el norte de Santa Catarina, fue considerada inconstitucional por el Tribunal de Justicia de Santa Catarina el pasado mi\u00e9rcoles (18), informa el <a href=\"https:\/\/www.nsctotal.com.br\/noticias\/lei-que-proibe-debate-sobre-genero-em-escolas-de-jaragua-do-sul-e-inconstitucional-decide\">Di\u00e1rio Catarinense<\/a>.<\/p>\n<p style=\"text-align: justify;\">En el entendimiento del \u00f3rgano colegiado, que resolvi\u00f3 por unanimidad, exist\u00eda un delito directo contra la competencia privada de la Uni\u00f3n para atender los lineamientos y bases de la educaci\u00f3n, lo que se observa en el art\u00edculo 22 de la Constituci\u00f3n Federal. La acci\u00f3n directa de inconstitucionalidad (Adin) fue denunciada por el juez <strong>Pedro Manoel Abreu<\/strong>.<\/p>\n<p style=\"text-align: justify;\">Seg\u00fan el diario, en 2018 los concejales aprobaron una legislaci\u00f3n que prohib\u00eda a los profesionales de la educaci\u00f3n insertar, en el curr\u00edculo de las escuelas, lineamientos de pol\u00edtica educativa aplicados a la implementaci\u00f3n y desarrollo de actividades educativas orientadas a reproducir el concepto \u00ab<a href=\"https:\/\/gay.blog.br\/noticias\/stf-comeca-a-julgar-acao-que-questiona-histeria-da-ideologia-de-genero-do-movimento-escola-sem-partido\/\">ideolog\u00eda de g\u00e9nero<\/a>\u00ab, orientaci\u00f3n sexual y similares.<\/p>\n<figure id=\"attachment_96593\" aria-describedby=\"caption-attachment-96593\" style=\"width: 1920px\" class=\"wp-caption alignnone\"><a href=\"http:\/\/www.instagram.com\/gayblogbr\"><img data-recalc-dims=\"1\" loading=\"lazy\" decoding=\"async\" class=\"size-full wp-image-96593\" src=\"https:\/\/i0.wp.com\/gay.blog.br\/wp-content\/uploads\/2020\/11\/ideologia-de-genero-1546533710210_v2_1920x1280.jpg?resize=696%2C464&#038;ssl=1\" alt=\"\" width=\"696\" height=\"464\" srcset=\"https:\/\/i0.wp.com\/gay.blog.br\/wp-content\/uploads\/2020\/11\/ideologia-de-genero-1546533710210_v2_1920x1280.jpg?w=1920&amp;ssl=1 1920w, https:\/\/i0.wp.com\/gay.blog.br\/wp-content\/uploads\/2020\/11\/ideologia-de-genero-1546533710210_v2_1920x1280.jpg?resize=300%2C200&amp;ssl=1 300w, https:\/\/i0.wp.com\/gay.blog.br\/wp-content\/uploads\/2020\/11\/ideologia-de-genero-1546533710210_v2_1920x1280.jpg?resize=1024%2C683&amp;ssl=1 1024w, https:\/\/i0.wp.com\/gay.blog.br\/wp-content\/uploads\/2020\/11\/ideologia-de-genero-1546533710210_v2_1920x1280.jpg?resize=150%2C100&amp;ssl=1 150w, https:\/\/i0.wp.com\/gay.blog.br\/wp-content\/uploads\/2020\/11\/ideologia-de-genero-1546533710210_v2_1920x1280.jpg?resize=768%2C512&amp;ssl=1 768w, https:\/\/i0.wp.com\/gay.blog.br\/wp-content\/uploads\/2020\/11\/ideologia-de-genero-1546533710210_v2_1920x1280.jpg?resize=1536%2C1024&amp;ssl=1 1536w, https:\/\/i0.wp.com\/gay.blog.br\/wp-content\/uploads\/2020\/11\/ideologia-de-genero-1546533710210_v2_1920x1280.jpg?resize=696%2C464&amp;ssl=1 696w, https:\/\/i0.wp.com\/gay.blog.br\/wp-content\/uploads\/2020\/11\/ideologia-de-genero-1546533710210_v2_1920x1280.jpg?resize=1392%2C928&amp;ssl=1 1392w, https:\/\/i0.wp.com\/gay.blog.br\/wp-content\/uploads\/2020\/11\/ideologia-de-genero-1546533710210_v2_1920x1280.jpg?resize=1068%2C712&amp;ssl=1 1068w, https:\/\/i0.wp.com\/gay.blog.br\/wp-content\/uploads\/2020\/11\/ideologia-de-genero-1546533710210_v2_1920x1280.jpg?resize=630%2C420&amp;ssl=1 630w, https:\/\/i0.wp.com\/gay.blog.br\/wp-content\/uploads\/2020\/11\/ideologia-de-genero-1546533710210_v2_1920x1280.jpg?resize=1260%2C840&amp;ssl=1 1260w\" sizes=\"auto, (max-width: 696px) 100vw, 696px\" \/><\/a><figcaption id=\"caption-attachment-96593\" class=\"wp-caption-text\">Reproducci\u00f3n<\/figcaption><\/figure>\n<p><strong>El sindicato dice que el municipio no tiene competencia en educaci\u00f3n<\/strong><\/p>\n<p style=\"text-align: justify;\">El sindicato de funcionarios municipales demand\u00f3 a Adin. El sindicato sostuvo que el municipio se extralimit\u00f3 en su competencia para legislar sobre educaci\u00f3n.<\/p>\n<p style=\"text-align: justify;\">Para el sindicato, la norma desaf\u00eda los art\u00edculos 161 y 162 de la Constituci\u00f3n de Santa Catarina, cuyos preceptos ser\u00edan que la educaci\u00f3n debe estar orientada a la ciudadan\u00eda y al pluralismo, basados \u200b\u200ben la libertad y la solidaridad.<\/p>\n<p><strong>Lo que dice la C\u00e1mara de Concejales<\/strong><\/p>\n<p style=\"text-align: justify;\">La C\u00e1mara de Concejales y el municipio defendieron la legitimidad de la ley. Los \u00f3rganos argumentaron sobre el \u00abderecho fundamental de los padres a tener prioridad en la educaci\u00f3n de sus hijos sobre el comportamiento moralmente adecuado y socialmente esperado en relaci\u00f3n a la figura de mujeres y hombres\u00bb.<\/p>\n<p style=\"text-align: justify;\">El relator se\u00f1al\u00f3 que la Uni\u00f3n redact\u00f3 la Ley de Lineamientos y Bases de la Educaci\u00f3n Nacional (Ley Federal No. 9.394\/96), que dispon\u00eda, en su art\u00edculo 3\u00b0, sobre el pluralismo de ideas y conceptos pedag\u00f3gicos y el v\u00ednculo entre la educaci\u00f3n escolar y practicas sociales.<\/p>\n<p style=\"text-align: justify;\"><em>\u00abEl discurso legislativo (&#8230;) ataca no solo a la Constituci\u00f3n, sino a la dignidad de la persona humana en su origen, y a la realidad misma, que, al parecer, parece querer ocultar, como si debi\u00e9ramos avergonzarnos de la orientaci\u00f3n sexual de los dem\u00e1s o de tratarla en las aulas \u00ab.<\/em><\/p>\n","protected":false},"excerpt":{"rendered":"<p>El municipio de Jaragu\u00e1 do Sul cometi\u00f3 un delito directo contra la competencia privada de la Uni\u00f3n para atender las pautas y bases educativas, dice la Justicia.<\/p>\n","protected":false},"author":3039,"featured_media":96595,"comment_status":"open","ping_status":"open","sticky":false,"template":"","format":"standard","meta":{"googlesitekit_rrm_CAoiEBg-BXrJeACjO8p49SE4kTY:productID":"","tdm_status":"","tdm_grid_status":"","_jetpack_newsletter_access":"","_jetpack_dont_email_post_to_subs":false,"_jetpack_newsletter_tier_id":0,"_jetpack_memberships_contains_paywalled_content":false,"_jetpack_memberships_contains_paid_content":false,"footnotes":"","jetpack_publicize_message":"Justicia considera inconstitucional ley de la ciudad catarinense que proh\u00edbe el debate de g\u00e9nero en las escuelas","jetpack_publicize_feature_enabled":true,"jetpack_social_post_already_shared":true,"jetpack_social_options":{"image_generator_settings":{"template":"highway","default_image_id":0,"font":"","enabled":false},"version":2},"_wpas_customize_per_network":false,"jetpack_post_was_ever_published":false},"categories":[589932231],"tags":[589934503,589933479,589934502],"class_list":{"0":"post-98820","1":"post","2":"type-post","3":"status-publish","4":"format-standard","5":"has-post-thumbnail","7":"category-noticias-es","8":"tag-escolas-es","9":"tag-genero-es","10":"tag-ideologia-de-genero-es"},"yoast_head":"<!-- This site is optimized with the Yoast SEO plugin v27.5 - https:\/\/yoast.com\/product\/yoast-seo-wordpress\/ -->\n<title>Justicia considera inconstitucional ley de la ciudad catarinense que proh\u00edbe el debate de g\u00e9nero en las escuelas<\/title>\n<meta name=\"description\" content=\"El municipio de Jaragu\u00e1 do Sul cometi\u00f3 un delito directo contra la competencia privada de la Uni\u00f3n para atender las pautas y bases educativas, dice la Justicia.\" \/>\n<meta name=\"robots\" content=\"index, follow, max-snippet:-1, max-image-preview:large, max-video-preview:-1\" \/>\n<link rel=\"canonical\" href=\"https:\/\/gay.blog.br\/es\/noticias-es\/justicia-considera-inconstitucional-ley-de-la-ciudad-catarinense-que-prohibe-el-debate-de-genero-en-las-escuelas\/\" \/>\n<meta property=\"og:locale\" content=\"es_ES\" \/>\n<meta property=\"og:type\" content=\"article\" \/>\n<meta property=\"og:title\" content=\"Justicia considera inconstitucional ley de la ciudad catarinense que proh\u00edbe el debate de g\u00e9nero en las escuelas\" \/>\n<meta property=\"og:description\" content=\"El municipio de Jaragu\u00e1 do Sul cometi\u00f3 un delito directo contra la competencia privada de la Uni\u00f3n para atender las pautas y bases educativas, dice la Justicia.\" \/>\n<meta property=\"og:url\" content=\"https:\/\/gay.blog.br\/es\/noticias-es\/justicia-considera-inconstitucional-ley-de-la-ciudad-catarinense-que-prohibe-el-debate-de-genero-en-las-escuelas\/\" \/>\n<meta property=\"og:site_name\" content=\"GAY BLOG BR @gayblogbr\" \/>\n<meta property=\"article:publisher\" content=\"https:\/\/facebook.com\/gayblogbr\" \/>\n<meta property=\"article:published_time\" content=\"2020-11-19T16:53:44+00:00\" \/>\n<meta property=\"article:modified_time\" content=\"2020-11-26T00:56:36+00:00\" \/>\n<meta property=\"og:image\" content=\"https:\/\/i2.wp.com\/gay.blog.br\/wp-content\/uploads\/2020\/11\/ideologia-de-genero-1546533710210_v2_1920x1280.jpg?fit=1920%2C1280&ssl=1\" \/>\n\t<meta property=\"og:image:width\" content=\"1920\" \/>\n\t<meta property=\"og:image:height\" content=\"1280\" \/>\n\t<meta property=\"og:image:type\" content=\"image\/jpeg\" \/>\n<meta name=\"author\" content=\"Carlos Henrique Braga\" \/>\n<meta name=\"twitter:card\" content=\"summary_large_image\" \/>\n<meta name=\"twitter:creator\" content=\"@cahebraga\" \/>\n<meta name=\"twitter:site\" content=\"@gayblogbr\" \/>\n<meta name=\"twitter:label1\" content=\"Escrito por\" \/>\n\t<meta name=\"twitter:data1\" content=\"Carlos Henrique Braga\" \/>\n\t<meta name=\"twitter:label2\" content=\"Tiempo de lectura\" \/>\n\t<meta name=\"twitter:data2\" content=\"2 minutos\" \/>\n<script type=\"application\/ld+json\" class=\"yoast-schema-graph\">{\"@context\":\"https:\\\/\\\/schema.org\",\"@graph\":[{\"@type\":\"Article\",\"@id\":\"https:\\\/\\\/gay.blog.br\\\/es\\\/noticias-es\\\/justicia-considera-inconstitucional-ley-de-la-ciudad-catarinense-que-prohibe-el-debate-de-genero-en-las-escuelas\\\/#article\",\"isPartOf\":{\"@id\":\"https:\\\/\\\/gay.blog.br\\\/es\\\/noticias-es\\\/justicia-considera-inconstitucional-ley-de-la-ciudad-catarinense-que-prohibe-el-debate-de-genero-en-las-escuelas\\\/\"},\"author\":{\"name\":\"Carlos Henrique Braga\",\"@id\":\"https:\\\/\\\/gay.blog.br\\\/es\\\/#\\\/schema\\\/person\\\/cd267ffff2d56e12768a81623718b979\"},\"headline\":\"Justicia considera inconstitucional ley de la ciudad catarinense que proh\u00edbe el debate de g\u00e9nero en las escuelas\",\"datePublished\":\"2020-11-19T16:53:44+00:00\",\"dateModified\":\"2020-11-26T00:56:36+00:00\",\"mainEntityOfPage\":{\"@id\":\"https:\\\/\\\/gay.blog.br\\\/es\\\/noticias-es\\\/justicia-considera-inconstitucional-ley-de-la-ciudad-catarinense-que-prohibe-el-debate-de-genero-en-las-escuelas\\\/\"},\"wordCount\":438,\"commentCount\":0,\"publisher\":{\"@id\":\"https:\\\/\\\/gay.blog.br\\\/es\\\/#organization\"},\"image\":{\"@id\":\"https:\\\/\\\/gay.blog.br\\\/es\\\/noticias-es\\\/justicia-considera-inconstitucional-ley-de-la-ciudad-catarinense-que-prohibe-el-debate-de-genero-en-las-escuelas\\\/#primaryimage\"},\"thumbnailUrl\":\"https:\\\/\\\/i0.wp.com\\\/gay.blog.br\\\/wp-content\\\/uploads\\\/2020\\\/11\\\/ideologia-de-genero-1546533710210_v2_1920x1280.jpg?fit=1920%2C1280&ssl=1\",\"keywords\":[\"escolas\",\"g\u00e9nero\",\"ideologia de g\u00eanero\"],\"articleSection\":[\"NOT\u00cdCIAS\"],\"inLanguage\":\"es\",\"potentialAction\":[{\"@type\":\"CommentAction\",\"name\":\"Comment\",\"target\":[\"https:\\\/\\\/gay.blog.br\\\/es\\\/noticias-es\\\/justicia-considera-inconstitucional-ley-de-la-ciudad-catarinense-que-prohibe-el-debate-de-genero-en-las-escuelas\\\/#respond\"]}]},{\"@type\":\"WebPage\",\"@id\":\"https:\\\/\\\/gay.blog.br\\\/es\\\/noticias-es\\\/justicia-considera-inconstitucional-ley-de-la-ciudad-catarinense-que-prohibe-el-debate-de-genero-en-las-escuelas\\\/\",\"url\":\"https:\\\/\\\/gay.blog.br\\\/es\\\/noticias-es\\\/justicia-considera-inconstitucional-ley-de-la-ciudad-catarinense-que-prohibe-el-debate-de-genero-en-las-escuelas\\\/\",\"name\":\"Justicia considera inconstitucional ley de la ciudad catarinense que proh\u00edbe el debate de g\u00e9nero en las escuelas\",\"isPartOf\":{\"@id\":\"https:\\\/\\\/gay.blog.br\\\/es\\\/#website\"},\"primaryImageOfPage\":{\"@id\":\"https:\\\/\\\/gay.blog.br\\\/es\\\/noticias-es\\\/justicia-considera-inconstitucional-ley-de-la-ciudad-catarinense-que-prohibe-el-debate-de-genero-en-las-escuelas\\\/#primaryimage\"},\"image\":{\"@id\":\"https:\\\/\\\/gay.blog.br\\\/es\\\/noticias-es\\\/justicia-considera-inconstitucional-ley-de-la-ciudad-catarinense-que-prohibe-el-debate-de-genero-en-las-escuelas\\\/#primaryimage\"},\"thumbnailUrl\":\"https:\\\/\\\/i0.wp.com\\\/gay.blog.br\\\/wp-content\\\/uploads\\\/2020\\\/11\\\/ideologia-de-genero-1546533710210_v2_1920x1280.jpg?fit=1920%2C1280&ssl=1\",\"datePublished\":\"2020-11-19T16:53:44+00:00\",\"dateModified\":\"2020-11-26T00:56:36+00:00\",\"description\":\"El municipio de Jaragu\u00e1 do Sul cometi\u00f3 un delito directo contra la competencia privada de la Uni\u00f3n para atender las pautas y bases educativas, dice la Justicia.\",\"breadcrumb\":{\"@id\":\"https:\\\/\\\/gay.blog.br\\\/es\\\/noticias-es\\\/justicia-considera-inconstitucional-ley-de-la-ciudad-catarinense-que-prohibe-el-debate-de-genero-en-las-escuelas\\\/#breadcrumb\"},\"inLanguage\":\"es\",\"potentialAction\":[{\"@type\":\"ReadAction\",\"target\":[\"https:\\\/\\\/gay.blog.br\\\/es\\\/noticias-es\\\/justicia-considera-inconstitucional-ley-de-la-ciudad-catarinense-que-prohibe-el-debate-de-genero-en-las-escuelas\\\/\"]}]},{\"@type\":\"ImageObject\",\"inLanguage\":\"es\",\"@id\":\"https:\\\/\\\/gay.blog.br\\\/es\\\/noticias-es\\\/justicia-considera-inconstitucional-ley-de-la-ciudad-catarinense-que-prohibe-el-debate-de-genero-en-las-escuelas\\\/#primaryimage\",\"url\":\"https:\\\/\\\/i0.wp.com\\\/gay.blog.br\\\/wp-content\\\/uploads\\\/2020\\\/11\\\/ideologia-de-genero-1546533710210_v2_1920x1280.jpg?fit=1920%2C1280&ssl=1\",\"contentUrl\":\"https:\\\/\\\/i0.wp.com\\\/gay.blog.br\\\/wp-content\\\/uploads\\\/2020\\\/11\\\/ideologia-de-genero-1546533710210_v2_1920x1280.jpg?fit=1920%2C1280&ssl=1\",\"width\":1920,\"height\":1280,\"caption\":\"Reprodu\u00e7\u00e3o\"},{\"@type\":\"BreadcrumbList\",\"@id\":\"https:\\\/\\\/gay.blog.br\\\/es\\\/noticias-es\\\/justicia-considera-inconstitucional-ley-de-la-ciudad-catarinense-que-prohibe-el-debate-de-genero-en-las-escuelas\\\/#breadcrumb\",\"itemListElement\":[{\"@type\":\"ListItem\",\"position\":1,\"name\":\"In\u00edcio\",\"item\":\"https:\\\/\\\/gay.blog.br\\\/es\\\/\"},{\"@type\":\"ListItem\",\"position\":2,\"name\":\"Justicia considera inconstitucional ley de la ciudad catarinense que proh\u00edbe el debate de g\u00e9nero en las escuelas\"}]},{\"@type\":\"WebSite\",\"@id\":\"https:\\\/\\\/gay.blog.br\\\/es\\\/#website\",\"url\":\"https:\\\/\\\/gay.blog.br\\\/es\\\/\",\"name\":\"GAY BLOG BR @gayblogbr\",\"description\":\"Not\u00edcias que empoderam e\\\/ou entret\u00eam s\u00e3o especialidades da casa\",\"publisher\":{\"@id\":\"https:\\\/\\\/gay.blog.br\\\/es\\\/#organization\"},\"potentialAction\":[{\"@type\":\"SearchAction\",\"target\":{\"@type\":\"EntryPoint\",\"urlTemplate\":\"https:\\\/\\\/gay.blog.br\\\/es\\\/?s={search_term_string}\"},\"query-input\":{\"@type\":\"PropertyValueSpecification\",\"valueRequired\":true,\"valueName\":\"search_term_string\"}}],\"inLanguage\":\"es\"},{\"@type\":\"Organization\",\"@id\":\"https:\\\/\\\/gay.blog.br\\\/es\\\/#organization\",\"name\":\"GAY BLOG BR\",\"url\":\"https:\\\/\\\/gay.blog.br\\\/es\\\/\",\"logo\":{\"@type\":\"ImageObject\",\"inLanguage\":\"es\",\"@id\":\"https:\\\/\\\/gay.blog.br\\\/es\\\/#\\\/schema\\\/logo\\\/image\\\/\",\"url\":\"https:\\\/\\\/i0.wp.com\\\/gay.blog.br\\\/wp-content\\\/uploads\\\/2023\\\/08\\\/gay180px.png?fit=272%2C90&ssl=1\",\"contentUrl\":\"https:\\\/\\\/i0.wp.com\\\/gay.blog.br\\\/wp-content\\\/uploads\\\/2023\\\/08\\\/gay180px.png?fit=272%2C90&ssl=1\",\"width\":272,\"height\":90,\"caption\":\"GAY BLOG BR\"},\"image\":{\"@id\":\"https:\\\/\\\/gay.blog.br\\\/es\\\/#\\\/schema\\\/logo\\\/image\\\/\"},\"sameAs\":[\"https:\\\/\\\/facebook.com\\\/gayblogbr\",\"https:\\\/\\\/x.com\\\/gayblogbr\",\"https:\\\/\\\/instagram.com\\\/gayblogbr\",\"https:\\\/\\\/www.linkedin.com\\\/company\\\/gayblogbr\\\/\",\"https:\\\/\\\/br.pinterest.com\\\/gayblogbr\\\/\",\"https:\\\/\\\/www.youtube.com\\\/channel\\\/UCdEu3JXLOB-wvWAVUF4AIiA\",\"https:\\\/\\\/pt.wikipedia.org\\\/wiki\\\/Gay_Blog_Br\",\"https:\\\/\\\/www.threads.net\\\/@gayblogbr\"]},{\"@type\":\"Person\",\"@id\":\"https:\\\/\\\/gay.blog.br\\\/es\\\/#\\\/schema\\\/person\\\/cd267ffff2d56e12768a81623718b979\",\"name\":\"Carlos Henrique Braga\",\"image\":{\"@type\":\"ImageObject\",\"inLanguage\":\"es\",\"@id\":\"https:\\\/\\\/secure.gravatar.com\\\/avatar\\\/5b3e587a2c2062bba657f0e46352c11e0f9fd644f822214af015b5e192d0f016?s=96&d=mm&r=g\",\"url\":\"https:\\\/\\\/secure.gravatar.com\\\/avatar\\\/5b3e587a2c2062bba657f0e46352c11e0f9fd644f822214af015b5e192d0f016?s=96&d=mm&r=g\",\"contentUrl\":\"https:\\\/\\\/secure.gravatar.com\\\/avatar\\\/5b3e587a2c2062bba657f0e46352c11e0f9fd644f822214af015b5e192d0f016?s=96&d=mm&r=g\",\"caption\":\"Carlos Henrique Braga\"},\"description\":\"Jornalista pela Universidade Federal de MS, foi rep\u00f3rter de economia e hoje, al\u00e9m de colaborar para o Gay Blog Br, \u00e9 servidor p\u00fablico em Joinville (SC). Escreveu ''A Supremacia do Abandono'', livro dispon\u00edvel em amazon.com.br.\",\"sameAs\":[\"https:\\\/\\\/x.com\\\/@cahebraga\"],\"url\":\"https:\\\/\\\/gay.blog.br\\\/es\\\/author\\\/carloshenriquebraga\\\/\"}]}<\/script>\n<!-- \/ Yoast SEO plugin. -->","yoast_head_json":{"title":"Justicia considera inconstitucional ley de la ciudad catarinense que proh\u00edbe el debate de g\u00e9nero en las escuelas","description":"El municipio de Jaragu\u00e1 do Sul cometi\u00f3 un delito directo contra la competencia privada de la Uni\u00f3n para atender las pautas y bases educativas, dice la Justicia.","robots":{"index":"index","follow":"follow","max-snippet":"max-snippet:-1","max-image-preview":"max-image-preview:large","max-video-preview":"max-video-preview:-1"},"canonical":"https:\/\/gay.blog.br\/es\/noticias-es\/justicia-considera-inconstitucional-ley-de-la-ciudad-catarinense-que-prohibe-el-debate-de-genero-en-las-escuelas\/","og_locale":"es_ES","og_type":"article","og_title":"Justicia considera inconstitucional ley de la ciudad catarinense que proh\u00edbe el debate de g\u00e9nero en las escuelas","og_description":"El municipio de Jaragu\u00e1 do Sul cometi\u00f3 un delito directo contra la competencia privada de la Uni\u00f3n para atender las pautas y bases educativas, dice la Justicia.","og_url":"https:\/\/gay.blog.br\/es\/noticias-es\/justicia-considera-inconstitucional-ley-de-la-ciudad-catarinense-que-prohibe-el-debate-de-genero-en-las-escuelas\/","og_site_name":"GAY BLOG BR @gayblogbr","article_publisher":"https:\/\/facebook.com\/gayblogbr","article_published_time":"2020-11-19T16:53:44+00:00","article_modified_time":"2020-11-26T00:56:36+00:00","og_image":[{"width":1920,"height":1280,"url":"https:\/\/i2.wp.com\/gay.blog.br\/wp-content\/uploads\/2020\/11\/ideologia-de-genero-1546533710210_v2_1920x1280.jpg?fit=1920%2C1280&ssl=1","type":"image\/jpeg"}],"author":"Carlos Henrique Braga","twitter_card":"summary_large_image","twitter_creator":"@cahebraga","twitter_site":"@gayblogbr","twitter_misc":{"Escrito por":"Carlos Henrique Braga","Tiempo de lectura":"2 minutos"},"schema":{"@context":"https:\/\/schema.org","@graph":[{"@type":"Article","@id":"https:\/\/gay.blog.br\/es\/noticias-es\/justicia-considera-inconstitucional-ley-de-la-ciudad-catarinense-que-prohibe-el-debate-de-genero-en-las-escuelas\/#article","isPartOf":{"@id":"https:\/\/gay.blog.br\/es\/noticias-es\/justicia-considera-inconstitucional-ley-de-la-ciudad-catarinense-que-prohibe-el-debate-de-genero-en-las-escuelas\/"},"author":{"name":"Carlos Henrique Braga","@id":"https:\/\/gay.blog.br\/es\/#\/schema\/person\/cd267ffff2d56e12768a81623718b979"},"headline":"Justicia considera inconstitucional ley de la ciudad catarinense que proh\u00edbe el debate de g\u00e9nero en las escuelas","datePublished":"2020-11-19T16:53:44+00:00","dateModified":"2020-11-26T00:56:36+00:00","mainEntityOfPage":{"@id":"https:\/\/gay.blog.br\/es\/noticias-es\/justicia-considera-inconstitucional-ley-de-la-ciudad-catarinense-que-prohibe-el-debate-de-genero-en-las-escuelas\/"},"wordCount":438,"commentCount":0,"publisher":{"@id":"https:\/\/gay.blog.br\/es\/#organization"},"image":{"@id":"https:\/\/gay.blog.br\/es\/noticias-es\/justicia-considera-inconstitucional-ley-de-la-ciudad-catarinense-que-prohibe-el-debate-de-genero-en-las-escuelas\/#primaryimage"},"thumbnailUrl":"https:\/\/i0.wp.com\/gay.blog.br\/wp-content\/uploads\/2020\/11\/ideologia-de-genero-1546533710210_v2_1920x1280.jpg?fit=1920%2C1280&ssl=1","keywords":["escolas","g\u00e9nero","ideologia de g\u00eanero"],"articleSection":["NOT\u00cdCIAS"],"inLanguage":"es","potentialAction":[{"@type":"CommentAction","name":"Comment","target":["https:\/\/gay.blog.br\/es\/noticias-es\/justicia-considera-inconstitucional-ley-de-la-ciudad-catarinense-que-prohibe-el-debate-de-genero-en-las-escuelas\/#respond"]}]},{"@type":"WebPage","@id":"https:\/\/gay.blog.br\/es\/noticias-es\/justicia-considera-inconstitucional-ley-de-la-ciudad-catarinense-que-prohibe-el-debate-de-genero-en-las-escuelas\/","url":"https:\/\/gay.blog.br\/es\/noticias-es\/justicia-considera-inconstitucional-ley-de-la-ciudad-catarinense-que-prohibe-el-debate-de-genero-en-las-escuelas\/","name":"Justicia considera inconstitucional ley de la ciudad catarinense que proh\u00edbe el debate de g\u00e9nero en las escuelas","isPartOf":{"@id":"https:\/\/gay.blog.br\/es\/#website"},"primaryImageOfPage":{"@id":"https:\/\/gay.blog.br\/es\/noticias-es\/justicia-considera-inconstitucional-ley-de-la-ciudad-catarinense-que-prohibe-el-debate-de-genero-en-las-escuelas\/#primaryimage"},"image":{"@id":"https:\/\/gay.blog.br\/es\/noticias-es\/justicia-considera-inconstitucional-ley-de-la-ciudad-catarinense-que-prohibe-el-debate-de-genero-en-las-escuelas\/#primaryimage"},"thumbnailUrl":"https:\/\/i0.wp.com\/gay.blog.br\/wp-content\/uploads\/2020\/11\/ideologia-de-genero-1546533710210_v2_1920x1280.jpg?fit=1920%2C1280&ssl=1","datePublished":"2020-11-19T16:53:44+00:00","dateModified":"2020-11-26T00:56:36+00:00","description":"El municipio de Jaragu\u00e1 do Sul cometi\u00f3 un delito directo contra la competencia privada de la Uni\u00f3n para atender las pautas y bases educativas, dice la Justicia.","breadcrumb":{"@id":"https:\/\/gay.blog.br\/es\/noticias-es\/justicia-considera-inconstitucional-ley-de-la-ciudad-catarinense-que-prohibe-el-debate-de-genero-en-las-escuelas\/#breadcrumb"},"inLanguage":"es","potentialAction":[{"@type":"ReadAction","target":["https:\/\/gay.blog.br\/es\/noticias-es\/justicia-considera-inconstitucional-ley-de-la-ciudad-catarinense-que-prohibe-el-debate-de-genero-en-las-escuelas\/"]}]},{"@type":"ImageObject","inLanguage":"es","@id":"https:\/\/gay.blog.br\/es\/noticias-es\/justicia-considera-inconstitucional-ley-de-la-ciudad-catarinense-que-prohibe-el-debate-de-genero-en-las-escuelas\/#primaryimage","url":"https:\/\/i0.wp.com\/gay.blog.br\/wp-content\/uploads\/2020\/11\/ideologia-de-genero-1546533710210_v2_1920x1280.jpg?fit=1920%2C1280&ssl=1","contentUrl":"https:\/\/i0.wp.com\/gay.blog.br\/wp-content\/uploads\/2020\/11\/ideologia-de-genero-1546533710210_v2_1920x1280.jpg?fit=1920%2C1280&ssl=1","width":1920,"height":1280,"caption":"Reprodu\u00e7\u00e3o"},{"@type":"BreadcrumbList","@id":"https:\/\/gay.blog.br\/es\/noticias-es\/justicia-considera-inconstitucional-ley-de-la-ciudad-catarinense-que-prohibe-el-debate-de-genero-en-las-escuelas\/#breadcrumb","itemListElement":[{"@type":"ListItem","position":1,"name":"In\u00edcio","item":"https:\/\/gay.blog.br\/es\/"},{"@type":"ListItem","position":2,"name":"Justicia considera inconstitucional ley de la ciudad catarinense que proh\u00edbe el debate de g\u00e9nero en las escuelas"}]},{"@type":"WebSite","@id":"https:\/\/gay.blog.br\/es\/#website","url":"https:\/\/gay.blog.br\/es\/","name":"GAY BLOG BR @gayblogbr","description":"Not\u00edcias que empoderam e\/ou entret\u00eam s\u00e3o especialidades da casa","publisher":{"@id":"https:\/\/gay.blog.br\/es\/#organization"},"potentialAction":[{"@type":"SearchAction","target":{"@type":"EntryPoint","urlTemplate":"https:\/\/gay.blog.br\/es\/?s={search_term_string}"},"query-input":{"@type":"PropertyValueSpecification","valueRequired":true,"valueName":"search_term_string"}}],"inLanguage":"es"},{"@type":"Organization","@id":"https:\/\/gay.blog.br\/es\/#organization","name":"GAY BLOG BR","url":"https:\/\/gay.blog.br\/es\/","logo":{"@type":"ImageObject","inLanguage":"es","@id":"https:\/\/gay.blog.br\/es\/#\/schema\/logo\/image\/","url":"https:\/\/i0.wp.com\/gay.blog.br\/wp-content\/uploads\/2023\/08\/gay180px.png?fit=272%2C90&ssl=1","contentUrl":"https:\/\/i0.wp.com\/gay.blog.br\/wp-content\/uploads\/2023\/08\/gay180px.png?fit=272%2C90&ssl=1","width":272,"height":90,"caption":"GAY BLOG BR"},"image":{"@id":"https:\/\/gay.blog.br\/es\/#\/schema\/logo\/image\/"},"sameAs":["https:\/\/facebook.com\/gayblogbr","https:\/\/x.com\/gayblogbr","https:\/\/instagram.com\/gayblogbr","https:\/\/www.linkedin.com\/company\/gayblogbr\/","https:\/\/br.pinterest.com\/gayblogbr\/","https:\/\/www.youtube.com\/channel\/UCdEu3JXLOB-wvWAVUF4AIiA","https:\/\/pt.wikipedia.org\/wiki\/Gay_Blog_Br","https:\/\/www.threads.net\/@gayblogbr"]},{"@type":"Person","@id":"https:\/\/gay.blog.br\/es\/#\/schema\/person\/cd267ffff2d56e12768a81623718b979","name":"Carlos Henrique Braga","image":{"@type":"ImageObject","inLanguage":"es","@id":"https:\/\/secure.gravatar.com\/avatar\/5b3e587a2c2062bba657f0e46352c11e0f9fd644f822214af015b5e192d0f016?s=96&d=mm&r=g","url":"https:\/\/secure.gravatar.com\/avatar\/5b3e587a2c2062bba657f0e46352c11e0f9fd644f822214af015b5e192d0f016?s=96&d=mm&r=g","contentUrl":"https:\/\/secure.gravatar.com\/avatar\/5b3e587a2c2062bba657f0e46352c11e0f9fd644f822214af015b5e192d0f016?s=96&d=mm&r=g","caption":"Carlos Henrique Braga"},"description":"Jornalista pela Universidade Federal de MS, foi rep\u00f3rter de economia e hoje, al\u00e9m de colaborar para o Gay Blog Br, \u00e9 servidor p\u00fablico em Joinville (SC). Escreveu ''A Supremacia do Abandono'', livro dispon\u00edvel em amazon.com.br.","sameAs":["https:\/\/x.com\/@cahebraga"],"url":"https:\/\/gay.blog.br\/es\/author\/carloshenriquebraga\/"}]}},"jetpack_publicize_connections":[],"jetpack_featured_media_url":"https:\/\/i0.wp.com\/gay.blog.br\/wp-content\/uploads\/2020\/11\/ideologia-de-genero-1546533710210_v2_1920x1280.jpg?fit=1920%2C1280&ssl=1","jetpack_sharing_enabled":true,"jetpack_shortlink":"https:\/\/wp.me\/p6klkK-pHS","jetpack_likes_enabled":false,"amp_enabled":true,"_links":{"self":[{"href":"https:\/\/gay.blog.br\/es\/wp-json\/wp\/v2\/posts\/98820","targetHints":{"allow":["GET"]}}],"collection":[{"href":"https:\/\/gay.blog.br\/es\/wp-json\/wp\/v2\/posts"}],"about":[{"href":"https:\/\/gay.blog.br\/es\/wp-json\/wp\/v2\/types\/post"}],"author":[{"embeddable":true,"href":"https:\/\/gay.blog.br\/es\/wp-json\/wp\/v2\/users\/3039"}],"replies":[{"embeddable":true,"href":"https:\/\/gay.blog.br\/es\/wp-json\/wp\/v2\/comments?post=98820"}],"version-history":[{"count":0,"href":"https:\/\/gay.blog.br\/es\/wp-json\/wp\/v2\/posts\/98820\/revisions"}],"wp:featuredmedia":[{"embeddable":true,"href":"https:\/\/gay.blog.br\/es\/wp-json\/wp\/v2\/media\/96595"}],"wp:attachment":[{"href":"https:\/\/gay.blog.br\/es\/wp-json\/wp\/v2\/media?parent=98820"}],"wp:term":[{"taxonomy":"category","embeddable":true,"href":"https:\/\/gay.blog.br\/es\/wp-json\/wp\/v2\/categories?post=98820"},{"taxonomy":"post_tag","embeddable":true,"href":"https:\/\/gay.blog.br\/es\/wp-json\/wp\/v2\/tags?post=98820"}],"curies":[{"name":"wp","href":"https:\/\/api.w.org\/{rel}","templated":true}]}}