{"id":99109,"date":"2020-11-26T18:22:56","date_gmt":"2020-11-26T21:22:56","guid":{"rendered":"https:\/\/gay.blog.br\/?p=99109"},"modified":"2020-11-28T00:00:54","modified_gmt":"2020-11-28T03:00:54","slug":"empresa-suiza-abre-puestos-de-trabajo-para-personas-trans-en-brasil","status":"publish","type":"post","link":"https:\/\/gay.blog.br\/es\/noticias-es\/empresa-suiza-abre-puestos-de-trabajo-para-personas-trans-en-brasil\/","title":{"rendered":"Empresa suiza abre puestos de trabajo para personas trans en Brasil"},"content":{"rendered":"<p style=\"text-align: justify;\">Adecco Group, l\u00edder mundial en reclutamiento y selecci\u00f3n, anuncia una asociaci\u00f3n con <strong>TransEmpregos<\/strong>, la mayor base de datos de CV y \u200b\u200bvacantes para personas transg\u00e9nero en Brasil. La asociaci\u00f3n tiene como objetivo buscar cada vez m\u00e1s ofrecer igualdad de oportunidades para todos. Paralelamente, la compa\u00f1\u00eda tambi\u00e9n anuncia su primer puesto vacante exclusivo para personas trans para trabajar como consultor de Reclutamiento y Selecci\u00f3n Jr. <a href=\"https:\/\/jobs.jobconvo.com\/pt-br\/careers\/job\/NTQ2NzM5-consultor-a-de-recrutamento-e-selecao-junior\/4f704bbf-766f-4bbf-9792-9e71a891fff8\/?source=REFERRAL\">Haga clic aqu\u00ed<\/a> y verifique los detalles del trabajo y vea c\u00f3mo postularse.<\/p>\n<p style=\"text-align: justify;\">Adecco cuenta con un grupo de <strong>Diversidad e Inclusi\u00f3n<\/strong>, formado por empleados responsables de discutir y aplicar las mejores pr\u00e1cticas relacionadas con la diversidad y la inclusi\u00f3n en la empresa. Desde enero, los empleados han recibido una intensa orientaci\u00f3n sobre la importancia de las iniciativas que involucran diversidad e inclusi\u00f3n para crear conciencia entre los empleados. Se ofrecieron talleres, charlas y pautas con el fin de promover la tem\u00e1tica y preparar a los empleados para respetar cada vez m\u00e1s la diversidad y la multiplicidad, un trabajo que se hace desde dentro de la casa hacia fuera.<\/p>\n<figure id=\"attachment_99050\" aria-describedby=\"caption-attachment-99050\" style=\"width: 1200px\" class=\"wp-caption aligncenter\"><img data-recalc-dims=\"1\" loading=\"lazy\" decoding=\"async\" class=\"size-full wp-image-99050\" src=\"https:\/\/i0.wp.com\/gay.blog.br\/wp-content\/uploads\/2020\/11\/adecco_widelg.jpg?resize=696%2C392&#038;ssl=1\" alt=\"Empresa suiza abre vacante laboral para personas transg\u00e9nero en Brasil\" width=\"696\" height=\"392\" srcset=\"https:\/\/i0.wp.com\/gay.blog.br\/wp-content\/uploads\/2020\/11\/adecco_widelg.jpg?w=1200&amp;ssl=1 1200w, https:\/\/i0.wp.com\/gay.blog.br\/wp-content\/uploads\/2020\/11\/adecco_widelg.jpg?resize=300%2C169&amp;ssl=1 300w, https:\/\/i0.wp.com\/gay.blog.br\/wp-content\/uploads\/2020\/11\/adecco_widelg.jpg?resize=1024%2C576&amp;ssl=1 1024w, https:\/\/i0.wp.com\/gay.blog.br\/wp-content\/uploads\/2020\/11\/adecco_widelg.jpg?resize=150%2C84&amp;ssl=1 150w, https:\/\/i0.wp.com\/gay.blog.br\/wp-content\/uploads\/2020\/11\/adecco_widelg.jpg?resize=768%2C432&amp;ssl=1 768w, https:\/\/i0.wp.com\/gay.blog.br\/wp-content\/uploads\/2020\/11\/adecco_widelg.jpg?resize=696%2C392&amp;ssl=1 696w, https:\/\/i0.wp.com\/gay.blog.br\/wp-content\/uploads\/2020\/11\/adecco_widelg.jpg?resize=1068%2C601&amp;ssl=1 1068w, https:\/\/i0.wp.com\/gay.blog.br\/wp-content\/uploads\/2020\/11\/adecco_widelg.jpg?resize=747%2C420&amp;ssl=1 747w\" sizes=\"auto, (max-width: 696px) 100vw, 696px\" \/><figcaption id=\"caption-attachment-99050\" class=\"wp-caption-text\">Reproducci\u00f3n<\/figcaption><\/figure>\n<p style=\"text-align: justify;\"><em>\u201cUno de los compromisos que tenemos para el 2021 es ofrecer trabajo a las personas trans, un p\u00fablico que se ve muy afectado a la hora de obtener oportunidades laborales. Para ello, tenemos el honor de anunciar la alianza con TransEmpregos. A\u00fan nos queda un largo camino por recorrer para lograr ampliar iniciativas importantes como estas. Por ello, hemos preparado a nuestro p\u00fablico interno con pautas, abrimos nuestra primera vacante y deseamos avanzar a\u00fan m\u00e1s acercando empresas y oportunidades laborales a las personas trans \u201d<\/em>, dice Andr\u00e9 Vicente, director general del Grupo Adecco en Brasil.<\/p>\n<p style=\"text-align: justify;\"><em>\u00abEstamos felices y celebramos la asociaci\u00f3n con Adecco. En TransEmpregos creemos, proponemos y ayudamos a construir, donde sea que est\u00e9, un camino hacia una mayor equidad y una verdadera inclusi\u00f3n. La vacante abierta por TransEmpregos es tambi\u00e9n una gran puerta de entrada. El cambio real es mucho mejor cuando ocurre de adentro hacia afuera. Y eso es con lo que hemos ayudado a Adecco, y vamos a trabajar juntos para brindar a\u00fan m\u00e1s trabajos a las personas trans\u00bb.<\/em>, comenta Maite Schneider, cofundadora de TransEmpregos.<\/p>\n<h4 style=\"text-align: justify;\"><strong>Servicio<\/strong><\/h4>\n<ul>\n<li style=\"text-align: justify;\"><strong>Vacante<\/strong>: Consultor Jr. de Reclutamiento y Selecci\u00f3n<\/li>\n<li style=\"text-align: justify;\">Enlace para inscripciones <strong><a href=\"https:\/\/jobs.jobconvo.com\/pt-br\/careers\/job\/NTQ2NzM5-consultor-a-de-recrutamento-e-selecao-junior\/4f704bbf-766f-4bbf-9792-9e71a891fff8\/?source=REFERRAL\">aqu\u00ed<\/a><\/strong>.<\/li>\n<\/ul>\n","protected":false},"excerpt":{"rendered":"<p>La asociaci\u00f3n tiene como objetivo buscar cada vez m\u00e1s ofrecer igualdad de oportunidades para todos.<\/p>\n","protected":false},"author":3515,"featured_media":99052,"comment_status":"open","ping_status":"open","sticky":false,"template":"","format":"standard","meta":{"googlesitekit_rrm_CAoiEBg-BXrJeACjO8p49SE4kTY:productID":"","tdm_status":"","tdm_grid_status":"","_jetpack_newsletter_access":"","_jetpack_dont_email_post_to_subs":false,"_jetpack_newsletter_tier_id":0,"_jetpack_memberships_contains_paywalled_content":false,"_jetpack_memberships_contains_paid_content":false,"footnotes":"","jetpack_publicize_message":"Empresa suiza abre puestos de trabajo para personas trans en Brasil","jetpack_publicize_feature_enabled":true,"jetpack_social_post_already_shared":true,"jetpack_social_options":{"image_generator_settings":{"template":"highway","default_image_id":0,"font":"","enabled":false},"version":2},"_wpas_customize_per_network":false,"jetpack_post_was_ever_published":false},"categories":[589932231,589932279],"tags":[589934542,589934541,589934540],"class_list":{"0":"post-99109","1":"post","2":"type-post","3":"status-publish","4":"format-standard","5":"has-post-thumbnail","7":"category-noticias-es","8":"category-trans-es","9":"tag-adecco-es","10":"tag-transempregos-es","11":"tag-vacantes"},"yoast_head":"<!-- This site is optimized with the Yoast SEO plugin v27.5 - https:\/\/yoast.com\/product\/yoast-seo-wordpress\/ -->\n<title>Empresa suiza abre puestos de trabajo para personas trans en Brasil<\/title>\n<meta name=\"description\" content=\"El Grupo Adecco anuncia una asociaci\u00f3n con TransEmpregos, la base de datos m\u00e1s grande de CV y \u200b\u200bpuestos vacantes para personas transg\u00e9nero en Brasil.\" \/>\n<meta name=\"robots\" content=\"index, follow, max-snippet:-1, max-image-preview:large, max-video-preview:-1\" \/>\n<link rel=\"canonical\" href=\"https:\/\/gay.blog.br\/es\/noticias-es\/empresa-suiza-abre-puestos-de-trabajo-para-personas-trans-en-brasil\/\" \/>\n<meta property=\"og:locale\" content=\"es_ES\" \/>\n<meta property=\"og:type\" content=\"article\" \/>\n<meta property=\"og:title\" content=\"Empresa suiza abre puestos de trabajo para personas trans en Brasil\" \/>\n<meta property=\"og:description\" content=\"El Grupo Adecco anuncia una asociaci\u00f3n con TransEmpregos, la base de datos m\u00e1s grande de CV y \u200b\u200bpuestos vacantes para personas transg\u00e9nero en Brasil.\" \/>\n<meta property=\"og:url\" content=\"https:\/\/gay.blog.br\/es\/noticias-es\/empresa-suiza-abre-puestos-de-trabajo-para-personas-trans-en-brasil\/\" \/>\n<meta property=\"og:site_name\" content=\"GAY BLOG BR @gayblogbr\" \/>\n<meta property=\"article:publisher\" content=\"https:\/\/facebook.com\/gayblogbr\" \/>\n<meta property=\"article:author\" content=\"https:\/\/www.facebook.com\/victormillerreal\" \/>\n<meta property=\"article:published_time\" content=\"2020-11-26T21:22:56+00:00\" \/>\n<meta property=\"article:modified_time\" content=\"2020-11-28T03:00:54+00:00\" \/>\n<meta property=\"og:image\" content=\"https:\/\/i1.wp.com\/gay.blog.br\/wp-content\/uploads\/2020\/11\/adecco_widelg.jpg?fit=1200%2C675&ssl=1\" \/>\n\t<meta property=\"og:image:width\" content=\"1200\" \/>\n\t<meta property=\"og:image:height\" content=\"675\" \/>\n\t<meta property=\"og:image:type\" content=\"image\/jpeg\" \/>\n<meta name=\"author\" content=\"Victor Miller\" \/>\n<meta name=\"twitter:card\" content=\"summary_large_image\" \/>\n<meta name=\"twitter:creator\" content=\"@https:\/\/twitter.com\/victor_miller\" \/>\n<meta name=\"twitter:site\" content=\"@gayblogbr\" \/>\n<meta name=\"twitter:label1\" content=\"Escrito por\" \/>\n\t<meta name=\"twitter:data1\" content=\"Victor Miller\" \/>\n\t<meta name=\"twitter:label2\" content=\"Tiempo de lectura\" \/>\n\t<meta name=\"twitter:data2\" content=\"2 minutos\" \/>\n<script type=\"application\/ld+json\" class=\"yoast-schema-graph\">{\"@context\":\"https:\\\/\\\/schema.org\",\"@graph\":[{\"@type\":\"Article\",\"@id\":\"https:\\\/\\\/gay.blog.br\\\/es\\\/noticias-es\\\/empresa-suiza-abre-puestos-de-trabajo-para-personas-trans-en-brasil\\\/#article\",\"isPartOf\":{\"@id\":\"https:\\\/\\\/gay.blog.br\\\/es\\\/noticias-es\\\/empresa-suiza-abre-puestos-de-trabajo-para-personas-trans-en-brasil\\\/\"},\"author\":{\"name\":\"Victor Miller\",\"@id\":\"https:\\\/\\\/gay.blog.br\\\/es\\\/#\\\/schema\\\/person\\\/5e0cf06e5d5e166b6afeaefc7fc56d9d\"},\"headline\":\"Empresa suiza abre puestos de trabajo para personas trans en Brasil\",\"datePublished\":\"2020-11-26T21:22:56+00:00\",\"dateModified\":\"2020-11-28T03:00:54+00:00\",\"mainEntityOfPage\":{\"@id\":\"https:\\\/\\\/gay.blog.br\\\/es\\\/noticias-es\\\/empresa-suiza-abre-puestos-de-trabajo-para-personas-trans-en-brasil\\\/\"},\"wordCount\":410,\"commentCount\":0,\"publisher\":{\"@id\":\"https:\\\/\\\/gay.blog.br\\\/es\\\/#organization\"},\"image\":{\"@id\":\"https:\\\/\\\/gay.blog.br\\\/es\\\/noticias-es\\\/empresa-suiza-abre-puestos-de-trabajo-para-personas-trans-en-brasil\\\/#primaryimage\"},\"thumbnailUrl\":\"https:\\\/\\\/i0.wp.com\\\/gay.blog.br\\\/wp-content\\\/uploads\\\/2020\\\/11\\\/adecco_widelg.jpg?fit=1200%2C675&ssl=1\",\"keywords\":[\"Adecco\",\"Transempregos\",\"vacantes\"],\"articleSection\":[\"NOT\u00cdCIAS\",\"TRANS\"],\"inLanguage\":\"es\",\"potentialAction\":[{\"@type\":\"CommentAction\",\"name\":\"Comment\",\"target\":[\"https:\\\/\\\/gay.blog.br\\\/es\\\/noticias-es\\\/empresa-suiza-abre-puestos-de-trabajo-para-personas-trans-en-brasil\\\/#respond\"]}]},{\"@type\":\"WebPage\",\"@id\":\"https:\\\/\\\/gay.blog.br\\\/es\\\/noticias-es\\\/empresa-suiza-abre-puestos-de-trabajo-para-personas-trans-en-brasil\\\/\",\"url\":\"https:\\\/\\\/gay.blog.br\\\/es\\\/noticias-es\\\/empresa-suiza-abre-puestos-de-trabajo-para-personas-trans-en-brasil\\\/\",\"name\":\"Empresa suiza abre puestos de trabajo para personas trans en Brasil\",\"isPartOf\":{\"@id\":\"https:\\\/\\\/gay.blog.br\\\/es\\\/#website\"},\"primaryImageOfPage\":{\"@id\":\"https:\\\/\\\/gay.blog.br\\\/es\\\/noticias-es\\\/empresa-suiza-abre-puestos-de-trabajo-para-personas-trans-en-brasil\\\/#primaryimage\"},\"image\":{\"@id\":\"https:\\\/\\\/gay.blog.br\\\/es\\\/noticias-es\\\/empresa-suiza-abre-puestos-de-trabajo-para-personas-trans-en-brasil\\\/#primaryimage\"},\"thumbnailUrl\":\"https:\\\/\\\/i0.wp.com\\\/gay.blog.br\\\/wp-content\\\/uploads\\\/2020\\\/11\\\/adecco_widelg.jpg?fit=1200%2C675&ssl=1\",\"datePublished\":\"2020-11-26T21:22:56+00:00\",\"dateModified\":\"2020-11-28T03:00:54+00:00\",\"description\":\"El Grupo Adecco anuncia una asociaci\u00f3n con TransEmpregos, la base de datos m\u00e1s grande de CV y \u200b\u200bpuestos vacantes para personas transg\u00e9nero en Brasil.\",\"breadcrumb\":{\"@id\":\"https:\\\/\\\/gay.blog.br\\\/es\\\/noticias-es\\\/empresa-suiza-abre-puestos-de-trabajo-para-personas-trans-en-brasil\\\/#breadcrumb\"},\"inLanguage\":\"es\",\"potentialAction\":[{\"@type\":\"ReadAction\",\"target\":[\"https:\\\/\\\/gay.blog.br\\\/es\\\/noticias-es\\\/empresa-suiza-abre-puestos-de-trabajo-para-personas-trans-en-brasil\\\/\"]}]},{\"@type\":\"ImageObject\",\"inLanguage\":\"es\",\"@id\":\"https:\\\/\\\/gay.blog.br\\\/es\\\/noticias-es\\\/empresa-suiza-abre-puestos-de-trabajo-para-personas-trans-en-brasil\\\/#primaryimage\",\"url\":\"https:\\\/\\\/i0.wp.com\\\/gay.blog.br\\\/wp-content\\\/uploads\\\/2020\\\/11\\\/adecco_widelg.jpg?fit=1200%2C675&ssl=1\",\"contentUrl\":\"https:\\\/\\\/i0.wp.com\\\/gay.blog.br\\\/wp-content\\\/uploads\\\/2020\\\/11\\\/adecco_widelg.jpg?fit=1200%2C675&ssl=1\",\"width\":1200,\"height\":675,\"caption\":\"Reprodu\u00e7\u00e3o\"},{\"@type\":\"BreadcrumbList\",\"@id\":\"https:\\\/\\\/gay.blog.br\\\/es\\\/noticias-es\\\/empresa-suiza-abre-puestos-de-trabajo-para-personas-trans-en-brasil\\\/#breadcrumb\",\"itemListElement\":[{\"@type\":\"ListItem\",\"position\":1,\"name\":\"In\u00edcio\",\"item\":\"https:\\\/\\\/gay.blog.br\\\/es\\\/\"},{\"@type\":\"ListItem\",\"position\":2,\"name\":\"Empresa suiza abre puestos de trabajo para personas trans en Brasil\"}]},{\"@type\":\"WebSite\",\"@id\":\"https:\\\/\\\/gay.blog.br\\\/es\\\/#website\",\"url\":\"https:\\\/\\\/gay.blog.br\\\/es\\\/\",\"name\":\"GAY BLOG BR @gayblogbr\",\"description\":\"Not\u00edcias que empoderam e\\\/ou entret\u00eam s\u00e3o especialidades da casa\",\"publisher\":{\"@id\":\"https:\\\/\\\/gay.blog.br\\\/es\\\/#organization\"},\"potentialAction\":[{\"@type\":\"SearchAction\",\"target\":{\"@type\":\"EntryPoint\",\"urlTemplate\":\"https:\\\/\\\/gay.blog.br\\\/es\\\/?s={search_term_string}\"},\"query-input\":{\"@type\":\"PropertyValueSpecification\",\"valueRequired\":true,\"valueName\":\"search_term_string\"}}],\"inLanguage\":\"es\"},{\"@type\":\"Organization\",\"@id\":\"https:\\\/\\\/gay.blog.br\\\/es\\\/#organization\",\"name\":\"GAY BLOG BR\",\"url\":\"https:\\\/\\\/gay.blog.br\\\/es\\\/\",\"logo\":{\"@type\":\"ImageObject\",\"inLanguage\":\"es\",\"@id\":\"https:\\\/\\\/gay.blog.br\\\/es\\\/#\\\/schema\\\/logo\\\/image\\\/\",\"url\":\"https:\\\/\\\/i0.wp.com\\\/gay.blog.br\\\/wp-content\\\/uploads\\\/2023\\\/08\\\/gay180px.png?fit=272%2C90&ssl=1\",\"contentUrl\":\"https:\\\/\\\/i0.wp.com\\\/gay.blog.br\\\/wp-content\\\/uploads\\\/2023\\\/08\\\/gay180px.png?fit=272%2C90&ssl=1\",\"width\":272,\"height\":90,\"caption\":\"GAY BLOG BR\"},\"image\":{\"@id\":\"https:\\\/\\\/gay.blog.br\\\/es\\\/#\\\/schema\\\/logo\\\/image\\\/\"},\"sameAs\":[\"https:\\\/\\\/facebook.com\\\/gayblogbr\",\"https:\\\/\\\/x.com\\\/gayblogbr\",\"https:\\\/\\\/instagram.com\\\/gayblogbr\",\"https:\\\/\\\/www.linkedin.com\\\/company\\\/gayblogbr\\\/\",\"https:\\\/\\\/br.pinterest.com\\\/gayblogbr\\\/\",\"https:\\\/\\\/www.youtube.com\\\/channel\\\/UCdEu3JXLOB-wvWAVUF4AIiA\",\"https:\\\/\\\/pt.wikipedia.org\\\/wiki\\\/Gay_Blog_Br\",\"https:\\\/\\\/www.threads.net\\\/@gayblogbr\"]},{\"@type\":\"Person\",\"@id\":\"https:\\\/\\\/gay.blog.br\\\/es\\\/#\\\/schema\\\/person\\\/5e0cf06e5d5e166b6afeaefc7fc56d9d\",\"name\":\"Victor Miller\",\"image\":{\"@type\":\"ImageObject\",\"inLanguage\":\"es\",\"@id\":\"https:\\\/\\\/secure.gravatar.com\\\/avatar\\\/7c1fad0dcba879f76a2e6b9189cea981c8fcb9c7e6f40d5903cf16ba29cb80b5?s=96&d=mm&r=g\",\"url\":\"https:\\\/\\\/secure.gravatar.com\\\/avatar\\\/7c1fad0dcba879f76a2e6b9189cea981c8fcb9c7e6f40d5903cf16ba29cb80b5?s=96&d=mm&r=g\",\"contentUrl\":\"https:\\\/\\\/secure.gravatar.com\\\/avatar\\\/7c1fad0dcba879f76a2e6b9189cea981c8fcb9c7e6f40d5903cf16ba29cb80b5?s=96&d=mm&r=g\",\"caption\":\"Victor Miller\"},\"description\":\"Jornalista formado pela PUC do Rio de Janeiro, dedicou sua vida a falar sobre cultura nerd\\\/geek. Gay desde que se entende por gente, sempre teve desejo de trabalhar com o p\u00fablico LGBT+ e cr\u00ea que a informa\u00e7\u00e3o \u00e9 a a melhor arma contra qualquer tipo de \\\"fobia\\\"\",\"sameAs\":[\"https:\\\/\\\/gay.blog.br\\\/author\\\/victormiller\\\/\",\"https:\\\/\\\/www.facebook.com\\\/victormillerreal\",\"https:\\\/\\\/instagram.com\\\/victormillermiranda\",\"https:\\\/\\\/www.linkedin.com\\\/in\\\/victor-miller-266b54a7\\\/\",\"https:\\\/\\\/x.com\\\/https:\\\/\\\/twitter.com\\\/victor_miller\",\"https:\\\/\\\/www.youtube.com\\\/user\\\/planetasonic\"],\"url\":\"https:\\\/\\\/gay.blog.br\\\/es\\\/author\\\/victormiller\\\/\"}]}<\/script>\n<!-- \/ Yoast SEO plugin. -->","yoast_head_json":{"title":"Empresa suiza abre puestos de trabajo para personas trans en Brasil","description":"El Grupo Adecco anuncia una asociaci\u00f3n con TransEmpregos, la base de datos m\u00e1s grande de CV y \u200b\u200bpuestos vacantes para personas transg\u00e9nero en Brasil.","robots":{"index":"index","follow":"follow","max-snippet":"max-snippet:-1","max-image-preview":"max-image-preview:large","max-video-preview":"max-video-preview:-1"},"canonical":"https:\/\/gay.blog.br\/es\/noticias-es\/empresa-suiza-abre-puestos-de-trabajo-para-personas-trans-en-brasil\/","og_locale":"es_ES","og_type":"article","og_title":"Empresa suiza abre puestos de trabajo para personas trans en Brasil","og_description":"El Grupo Adecco anuncia una asociaci\u00f3n con TransEmpregos, la base de datos m\u00e1s grande de CV y \u200b\u200bpuestos vacantes para personas transg\u00e9nero en Brasil.","og_url":"https:\/\/gay.blog.br\/es\/noticias-es\/empresa-suiza-abre-puestos-de-trabajo-para-personas-trans-en-brasil\/","og_site_name":"GAY BLOG BR @gayblogbr","article_publisher":"https:\/\/facebook.com\/gayblogbr","article_author":"https:\/\/www.facebook.com\/victormillerreal","article_published_time":"2020-11-26T21:22:56+00:00","article_modified_time":"2020-11-28T03:00:54+00:00","og_image":[{"width":1200,"height":675,"url":"https:\/\/i1.wp.com\/gay.blog.br\/wp-content\/uploads\/2020\/11\/adecco_widelg.jpg?fit=1200%2C675&ssl=1","type":"image\/jpeg"}],"author":"Victor Miller","twitter_card":"summary_large_image","twitter_creator":"@https:\/\/twitter.com\/victor_miller","twitter_site":"@gayblogbr","twitter_misc":{"Escrito por":"Victor Miller","Tiempo de lectura":"2 minutos"},"schema":{"@context":"https:\/\/schema.org","@graph":[{"@type":"Article","@id":"https:\/\/gay.blog.br\/es\/noticias-es\/empresa-suiza-abre-puestos-de-trabajo-para-personas-trans-en-brasil\/#article","isPartOf":{"@id":"https:\/\/gay.blog.br\/es\/noticias-es\/empresa-suiza-abre-puestos-de-trabajo-para-personas-trans-en-brasil\/"},"author":{"name":"Victor Miller","@id":"https:\/\/gay.blog.br\/es\/#\/schema\/person\/5e0cf06e5d5e166b6afeaefc7fc56d9d"},"headline":"Empresa suiza abre puestos de trabajo para personas trans en Brasil","datePublished":"2020-11-26T21:22:56+00:00","dateModified":"2020-11-28T03:00:54+00:00","mainEntityOfPage":{"@id":"https:\/\/gay.blog.br\/es\/noticias-es\/empresa-suiza-abre-puestos-de-trabajo-para-personas-trans-en-brasil\/"},"wordCount":410,"commentCount":0,"publisher":{"@id":"https:\/\/gay.blog.br\/es\/#organization"},"image":{"@id":"https:\/\/gay.blog.br\/es\/noticias-es\/empresa-suiza-abre-puestos-de-trabajo-para-personas-trans-en-brasil\/#primaryimage"},"thumbnailUrl":"https:\/\/i0.wp.com\/gay.blog.br\/wp-content\/uploads\/2020\/11\/adecco_widelg.jpg?fit=1200%2C675&ssl=1","keywords":["Adecco","Transempregos","vacantes"],"articleSection":["NOT\u00cdCIAS","TRANS"],"inLanguage":"es","potentialAction":[{"@type":"CommentAction","name":"Comment","target":["https:\/\/gay.blog.br\/es\/noticias-es\/empresa-suiza-abre-puestos-de-trabajo-para-personas-trans-en-brasil\/#respond"]}]},{"@type":"WebPage","@id":"https:\/\/gay.blog.br\/es\/noticias-es\/empresa-suiza-abre-puestos-de-trabajo-para-personas-trans-en-brasil\/","url":"https:\/\/gay.blog.br\/es\/noticias-es\/empresa-suiza-abre-puestos-de-trabajo-para-personas-trans-en-brasil\/","name":"Empresa suiza abre puestos de trabajo para personas trans en Brasil","isPartOf":{"@id":"https:\/\/gay.blog.br\/es\/#website"},"primaryImageOfPage":{"@id":"https:\/\/gay.blog.br\/es\/noticias-es\/empresa-suiza-abre-puestos-de-trabajo-para-personas-trans-en-brasil\/#primaryimage"},"image":{"@id":"https:\/\/gay.blog.br\/es\/noticias-es\/empresa-suiza-abre-puestos-de-trabajo-para-personas-trans-en-brasil\/#primaryimage"},"thumbnailUrl":"https:\/\/i0.wp.com\/gay.blog.br\/wp-content\/uploads\/2020\/11\/adecco_widelg.jpg?fit=1200%2C675&ssl=1","datePublished":"2020-11-26T21:22:56+00:00","dateModified":"2020-11-28T03:00:54+00:00","description":"El Grupo Adecco anuncia una asociaci\u00f3n con TransEmpregos, la base de datos m\u00e1s grande de CV y \u200b\u200bpuestos vacantes para personas transg\u00e9nero en Brasil.","breadcrumb":{"@id":"https:\/\/gay.blog.br\/es\/noticias-es\/empresa-suiza-abre-puestos-de-trabajo-para-personas-trans-en-brasil\/#breadcrumb"},"inLanguage":"es","potentialAction":[{"@type":"ReadAction","target":["https:\/\/gay.blog.br\/es\/noticias-es\/empresa-suiza-abre-puestos-de-trabajo-para-personas-trans-en-brasil\/"]}]},{"@type":"ImageObject","inLanguage":"es","@id":"https:\/\/gay.blog.br\/es\/noticias-es\/empresa-suiza-abre-puestos-de-trabajo-para-personas-trans-en-brasil\/#primaryimage","url":"https:\/\/i0.wp.com\/gay.blog.br\/wp-content\/uploads\/2020\/11\/adecco_widelg.jpg?fit=1200%2C675&ssl=1","contentUrl":"https:\/\/i0.wp.com\/gay.blog.br\/wp-content\/uploads\/2020\/11\/adecco_widelg.jpg?fit=1200%2C675&ssl=1","width":1200,"height":675,"caption":"Reprodu\u00e7\u00e3o"},{"@type":"BreadcrumbList","@id":"https:\/\/gay.blog.br\/es\/noticias-es\/empresa-suiza-abre-puestos-de-trabajo-para-personas-trans-en-brasil\/#breadcrumb","itemListElement":[{"@type":"ListItem","position":1,"name":"In\u00edcio","item":"https:\/\/gay.blog.br\/es\/"},{"@type":"ListItem","position":2,"name":"Empresa suiza abre puestos de trabajo para personas trans en Brasil"}]},{"@type":"WebSite","@id":"https:\/\/gay.blog.br\/es\/#website","url":"https:\/\/gay.blog.br\/es\/","name":"GAY BLOG BR @gayblogbr","description":"Not\u00edcias que empoderam e\/ou entret\u00eam s\u00e3o especialidades da casa","publisher":{"@id":"https:\/\/gay.blog.br\/es\/#organization"},"potentialAction":[{"@type":"SearchAction","target":{"@type":"EntryPoint","urlTemplate":"https:\/\/gay.blog.br\/es\/?s={search_term_string}"},"query-input":{"@type":"PropertyValueSpecification","valueRequired":true,"valueName":"search_term_string"}}],"inLanguage":"es"},{"@type":"Organization","@id":"https:\/\/gay.blog.br\/es\/#organization","name":"GAY BLOG BR","url":"https:\/\/gay.blog.br\/es\/","logo":{"@type":"ImageObject","inLanguage":"es","@id":"https:\/\/gay.blog.br\/es\/#\/schema\/logo\/image\/","url":"https:\/\/i0.wp.com\/gay.blog.br\/wp-content\/uploads\/2023\/08\/gay180px.png?fit=272%2C90&ssl=1","contentUrl":"https:\/\/i0.wp.com\/gay.blog.br\/wp-content\/uploads\/2023\/08\/gay180px.png?fit=272%2C90&ssl=1","width":272,"height":90,"caption":"GAY BLOG BR"},"image":{"@id":"https:\/\/gay.blog.br\/es\/#\/schema\/logo\/image\/"},"sameAs":["https:\/\/facebook.com\/gayblogbr","https:\/\/x.com\/gayblogbr","https:\/\/instagram.com\/gayblogbr","https:\/\/www.linkedin.com\/company\/gayblogbr\/","https:\/\/br.pinterest.com\/gayblogbr\/","https:\/\/www.youtube.com\/channel\/UCdEu3JXLOB-wvWAVUF4AIiA","https:\/\/pt.wikipedia.org\/wiki\/Gay_Blog_Br","https:\/\/www.threads.net\/@gayblogbr"]},{"@type":"Person","@id":"https:\/\/gay.blog.br\/es\/#\/schema\/person\/5e0cf06e5d5e166b6afeaefc7fc56d9d","name":"Victor Miller","image":{"@type":"ImageObject","inLanguage":"es","@id":"https:\/\/secure.gravatar.com\/avatar\/7c1fad0dcba879f76a2e6b9189cea981c8fcb9c7e6f40d5903cf16ba29cb80b5?s=96&d=mm&r=g","url":"https:\/\/secure.gravatar.com\/avatar\/7c1fad0dcba879f76a2e6b9189cea981c8fcb9c7e6f40d5903cf16ba29cb80b5?s=96&d=mm&r=g","contentUrl":"https:\/\/secure.gravatar.com\/avatar\/7c1fad0dcba879f76a2e6b9189cea981c8fcb9c7e6f40d5903cf16ba29cb80b5?s=96&d=mm&r=g","caption":"Victor Miller"},"description":"Jornalista formado pela PUC do Rio de Janeiro, dedicou sua vida a falar sobre cultura nerd\/geek. Gay desde que se entende por gente, sempre teve desejo de trabalhar com o p\u00fablico LGBT+ e cr\u00ea que a informa\u00e7\u00e3o \u00e9 a a melhor arma contra qualquer tipo de \"fobia\"","sameAs":["https:\/\/gay.blog.br\/author\/victormiller\/","https:\/\/www.facebook.com\/victormillerreal","https:\/\/instagram.com\/victormillermiranda","https:\/\/www.linkedin.com\/in\/victor-miller-266b54a7\/","https:\/\/x.com\/https:\/\/twitter.com\/victor_miller","https:\/\/www.youtube.com\/user\/planetasonic"],"url":"https:\/\/gay.blog.br\/es\/author\/victormiller\/"}]}},"jetpack_publicize_connections":[],"jetpack_featured_media_url":"https:\/\/i0.wp.com\/gay.blog.br\/wp-content\/uploads\/2020\/11\/adecco_widelg.jpg?fit=1200%2C675&ssl=1","jetpack_sharing_enabled":true,"jetpack_shortlink":"https:\/\/wp.me\/p6klkK-pMx","jetpack_likes_enabled":false,"amp_enabled":true,"_links":{"self":[{"href":"https:\/\/gay.blog.br\/es\/wp-json\/wp\/v2\/posts\/99109","targetHints":{"allow":["GET"]}}],"collection":[{"href":"https:\/\/gay.blog.br\/es\/wp-json\/wp\/v2\/posts"}],"about":[{"href":"https:\/\/gay.blog.br\/es\/wp-json\/wp\/v2\/types\/post"}],"author":[{"embeddable":true,"href":"https:\/\/gay.blog.br\/es\/wp-json\/wp\/v2\/users\/3515"}],"replies":[{"embeddable":true,"href":"https:\/\/gay.blog.br\/es\/wp-json\/wp\/v2\/comments?post=99109"}],"version-history":[{"count":0,"href":"https:\/\/gay.blog.br\/es\/wp-json\/wp\/v2\/posts\/99109\/revisions"}],"wp:featuredmedia":[{"embeddable":true,"href":"https:\/\/gay.blog.br\/es\/wp-json\/wp\/v2\/media\/99052"}],"wp:attachment":[{"href":"https:\/\/gay.blog.br\/es\/wp-json\/wp\/v2\/media?parent=99109"}],"wp:term":[{"taxonomy":"category","embeddable":true,"href":"https:\/\/gay.blog.br\/es\/wp-json\/wp\/v2\/categories?post=99109"},{"taxonomy":"post_tag","embeddable":true,"href":"https:\/\/gay.blog.br\/es\/wp-json\/wp\/v2\/tags?post=99109"}],"curies":[{"name":"wp","href":"https:\/\/api.w.org\/{rel}","templated":true}]}}