{"id":99116,"date":"2020-11-26T15:22:16","date_gmt":"2020-11-26T18:22:16","guid":{"rendered":"https:\/\/gay.blog.br\/?p=99116"},"modified":"2020-11-27T23:58:06","modified_gmt":"2020-11-28T02:58:06","slug":"senado-aprueba-mayor-sancion-por-delitos-por-prejuicio-a-la-orientacion-sexual","status":"publish","type":"post","link":"https:\/\/gay.blog.br\/es\/derechos\/senado-aprueba-mayor-sancion-por-delitos-por-prejuicio-a-la-orientacion-sexual\/","title":{"rendered":"Senado aprueba mayor sanci\u00f3n por delitos por prejuicio a la orientaci\u00f3n sexual"},"content":{"rendered":"<p style=\"text-align: justify;\">El <strong>Senado<\/strong> aprob\u00f3, seg\u00fan <a href=\"https:\/\/g1.globo.com\/politica\/noticia\/2020\/11\/25\/senado-aprova-pena-maior-para-crimes-cometidos-por-preconceito-de-cor-raca-ou-orientacao-sexual.ghtml?fbclid=IwAR2HfsjxTwKAU8SUBQPSYEI-_I9zxwP1pLgukw7LsVA0z7GvFd6Fggpo--U\">G1<\/a>, este mi\u00e9rcoles (25) un proyecto de ley que prev\u00e9 una mayor sanci\u00f3n en el caso de delitos cometidos por prejuicio de raza, color, etnia, religi\u00f3n, procedencia u <strong>orientaci\u00f3n sexual<\/strong>.<\/p>\n<p style=\"text-align: justify;\">Con la aprobaci\u00f3n, la propuesta pasa a votaci\u00f3n en la C\u00e1mara de Diputados. Sin embargo, el texto no define cu\u00e1nto tiempo puede aumentarse la pena en estos casos.<\/p>\n<p style=\"text-align: justify;\">En Brasil, la discriminaci\u00f3n y los prejuicios por motivos de raza, color, etnia, religi\u00f3n o procedencia son un delito. Adem\u00e1s, el Tribunal Supremo Federal (STF) reconoce desde 2019 los delitos de homofobia y <a href=\"https:\/\/gay.blog.br\/colunistas\/enxergamos-as-pessoas-trans-eliseu-neto\/\">transfobia<\/a>.<\/p>\n<figure id=\"attachment_98989\" aria-describedby=\"caption-attachment-98989\" style=\"width: 2560px\" class=\"wp-caption alignnone\"><a href=\"http:\/\/www.instagram.com\/gayblogbr\"><img data-recalc-dims=\"1\" loading=\"lazy\" decoding=\"async\" class=\"size-full wp-image-98989\" src=\"https:\/\/i0.wp.com\/gay.blog.br\/wp-content\/uploads\/2020\/11\/gay-pride-parades-8-scaled.jpg?resize=696%2C464&#038;ssl=1\" alt=\"\" width=\"696\" height=\"464\" srcset=\"https:\/\/i0.wp.com\/gay.blog.br\/wp-content\/uploads\/2020\/11\/gay-pride-parades-8-scaled.jpg?w=2560&amp;ssl=1 2560w, https:\/\/i0.wp.com\/gay.blog.br\/wp-content\/uploads\/2020\/11\/gay-pride-parades-8-scaled.jpg?resize=300%2C200&amp;ssl=1 300w, https:\/\/i0.wp.com\/gay.blog.br\/wp-content\/uploads\/2020\/11\/gay-pride-parades-8-scaled.jpg?resize=1024%2C683&amp;ssl=1 1024w, https:\/\/i0.wp.com\/gay.blog.br\/wp-content\/uploads\/2020\/11\/gay-pride-parades-8-scaled.jpg?resize=150%2C100&amp;ssl=1 150w, https:\/\/i0.wp.com\/gay.blog.br\/wp-content\/uploads\/2020\/11\/gay-pride-parades-8-scaled.jpg?resize=768%2C512&amp;ssl=1 768w, https:\/\/i0.wp.com\/gay.blog.br\/wp-content\/uploads\/2020\/11\/gay-pride-parades-8-scaled.jpg?resize=1536%2C1024&amp;ssl=1 1536w, https:\/\/i0.wp.com\/gay.blog.br\/wp-content\/uploads\/2020\/11\/gay-pride-parades-8-scaled.jpg?resize=2048%2C1365&amp;ssl=1 2048w, https:\/\/i0.wp.com\/gay.blog.br\/wp-content\/uploads\/2020\/11\/gay-pride-parades-8-scaled.jpg?resize=696%2C464&amp;ssl=1 696w, https:\/\/i0.wp.com\/gay.blog.br\/wp-content\/uploads\/2020\/11\/gay-pride-parades-8-scaled.jpg?resize=1392%2C928&amp;ssl=1 1392w, https:\/\/i0.wp.com\/gay.blog.br\/wp-content\/uploads\/2020\/11\/gay-pride-parades-8-scaled.jpg?resize=1068%2C712&amp;ssl=1 1068w, https:\/\/i0.wp.com\/gay.blog.br\/wp-content\/uploads\/2020\/11\/gay-pride-parades-8-scaled.jpg?resize=1920%2C1280&amp;ssl=1 1920w, https:\/\/i0.wp.com\/gay.blog.br\/wp-content\/uploads\/2020\/11\/gay-pride-parades-8-scaled.jpg?resize=630%2C420&amp;ssl=1 630w, https:\/\/i0.wp.com\/gay.blog.br\/wp-content\/uploads\/2020\/11\/gay-pride-parades-8-scaled.jpg?resize=1260%2C840&amp;ssl=1 1260w\" sizes=\"auto, (max-width: 696px) 100vw, 696px\" \/><\/a><figcaption id=\"caption-attachment-98989\" class=\"wp-caption-text\">Reproducci\u00f3n<\/figcaption><\/figure>\n<p style=\"text-align: justify;\">La votaci\u00f3n de la propuesta no formaba parte de la agenda de votaciones de la sesi\u00f3n de este mi\u00e9rcoles, pero el autor del texto, Paulo Paim (PT-RS), solicit\u00f3 que se incluya el proyecto.<\/p>\n<p style=\"text-align: justify;\">Durante la sesi\u00f3n, Paim argument\u00f3 que el Senado necesitaba \u00abdar una respuesta\u00bb al caso de la muerte de Jo\u00e3o Alberto Silveira Freitas. Negro, Jo\u00e3o Alberto muri\u00f3 tras ser golpeado por dos guardias de seguridad en una unidad del supermercado Carrefour en Porto Alegre (RS).<\/p>\n<p style=\"text-align: justify;\"><strong>C\u00f3digo penal<\/strong><\/p>\n<p style=\"text-align: justify;\">Seg\u00fan G1, las llamadas \u00abcircunstancias agravantes\u00bb son factores que aumentan la pena cuando una persona es condenada por un delito.<\/p>\n<p style=\"text-align: justify;\">El proyecto de ley aprobado por el Senado incluy\u00f3 el prejuicio por raza, color, religi\u00f3n y orientaci\u00f3n sexual en este conjunto de situaciones que \u00absiempre agravan la pena\u00bb, seg\u00fan el C\u00f3digo Penal.<\/p>\n<p style=\"text-align: justify;\">\u00abEl Estado brasile\u00f1o tiene que tomar una posici\u00f3n y el Poder Legislativo, estoy seguro, no dejar\u00e1 de actuar, como ya ha decidido, hoy, en una votaci\u00f3n simb\u00f3lica, mostrando que todos estamos en contra del racismo\u00bb, dijo Paim.<\/p>\n","protected":false},"excerpt":{"rendered":"<p>Texto aprobado por el Senado no define, sin embargo, cu\u00e1nto tiempo se puede aumentar la sanci\u00f3n en estos casos<\/p>\n","protected":false},"author":3039,"featured_media":98991,"comment_status":"open","ping_status":"open","sticky":false,"template":"","format":"standard","meta":{"googlesitekit_rrm_CAoiEBg-BXrJeACjO8p49SE4kTY:productID":"","tdm_status":"","tdm_grid_status":"","_jetpack_newsletter_access":"","_jetpack_dont_email_post_to_subs":false,"_jetpack_newsletter_tier_id":0,"_jetpack_memberships_contains_paywalled_content":false,"_jetpack_memberships_contains_paid_content":false,"footnotes":"","jetpack_publicize_message":"Senado aprueba mayor sanci\u00f3n por delitos por prejuicio a la orientaci\u00f3n sexual","jetpack_publicize_feature_enabled":true,"jetpack_social_post_already_shared":true,"jetpack_social_options":{"image_generator_settings":{"template":"highway","default_image_id":0,"font":"","enabled":false},"version":2},"_wpas_customize_per_network":false,"jetpack_post_was_ever_published":false},"categories":[589932374,589932231],"tags":[589932702,589934547,589933475],"class_list":{"0":"post-99116","1":"post","2":"type-post","3":"status-publish","4":"format-standard","5":"has-post-thumbnail","7":"category-derechos","8":"category-noticias-es","9":"tag-homofobia-es","10":"tag-senado-es","11":"tag-transfobia-es"},"yoast_head":"<!-- This site is optimized with the Yoast SEO plugin v27.5 - https:\/\/yoast.com\/product\/yoast-seo-wordpress\/ -->\n<title>Senado aprueba mayor sanci\u00f3n por delitos por prejuicio a la orientaci\u00f3n sexual<\/title>\n<meta name=\"description\" content=\"Texto aprobado en el Senado no define, sin embargo, cu\u00e1nto tiempo se puede aumentar la pena en estos casos\" \/>\n<meta name=\"robots\" content=\"index, follow, max-snippet:-1, max-image-preview:large, max-video-preview:-1\" \/>\n<link rel=\"canonical\" href=\"https:\/\/gay.blog.br\/es\/derechos\/senado-aprueba-mayor-sancion-por-delitos-por-prejuicio-a-la-orientacion-sexual\/\" \/>\n<meta property=\"og:locale\" content=\"es_ES\" \/>\n<meta property=\"og:type\" content=\"article\" \/>\n<meta property=\"og:title\" content=\"Senado aprueba mayor sanci\u00f3n por delitos por prejuicio a la orientaci\u00f3n sexual\" \/>\n<meta property=\"og:description\" content=\"Texto aprobado en el Senado no define, sin embargo, cu\u00e1nto tiempo se puede aumentar la pena en estos casos\" \/>\n<meta property=\"og:url\" content=\"https:\/\/gay.blog.br\/es\/derechos\/senado-aprueba-mayor-sancion-por-delitos-por-prejuicio-a-la-orientacion-sexual\/\" \/>\n<meta property=\"og:site_name\" content=\"GAY BLOG BR @gayblogbr\" \/>\n<meta property=\"article:publisher\" content=\"https:\/\/facebook.com\/gayblogbr\" \/>\n<meta property=\"article:published_time\" content=\"2020-11-26T18:22:16+00:00\" \/>\n<meta property=\"article:modified_time\" content=\"2020-11-28T02:58:06+00:00\" \/>\n<meta property=\"og:image\" content=\"https:\/\/i2.wp.com\/gay.blog.br\/wp-content\/uploads\/2020\/11\/gay-pride-parades-8-scaled.jpg?fit=2560%2C1706&ssl=1\" \/>\n\t<meta property=\"og:image:width\" content=\"2560\" \/>\n\t<meta property=\"og:image:height\" content=\"1706\" \/>\n\t<meta property=\"og:image:type\" content=\"image\/jpeg\" \/>\n<meta name=\"author\" content=\"Carlos Henrique Braga\" \/>\n<meta name=\"twitter:card\" content=\"summary_large_image\" \/>\n<meta name=\"twitter:creator\" content=\"@cahebraga\" \/>\n<meta name=\"twitter:site\" content=\"@gayblogbr\" \/>\n<meta name=\"twitter:label1\" content=\"Escrito por\" \/>\n\t<meta name=\"twitter:data1\" content=\"Carlos Henrique Braga\" \/>\n\t<meta name=\"twitter:label2\" content=\"Tiempo de lectura\" \/>\n\t<meta name=\"twitter:data2\" content=\"1 minuto\" \/>\n<script type=\"application\/ld+json\" class=\"yoast-schema-graph\">{\"@context\":\"https:\\\/\\\/schema.org\",\"@graph\":[{\"@type\":\"Article\",\"@id\":\"https:\\\/\\\/gay.blog.br\\\/es\\\/derechos\\\/senado-aprueba-mayor-sancion-por-delitos-por-prejuicio-a-la-orientacion-sexual\\\/#article\",\"isPartOf\":{\"@id\":\"https:\\\/\\\/gay.blog.br\\\/es\\\/derechos\\\/senado-aprueba-mayor-sancion-por-delitos-por-prejuicio-a-la-orientacion-sexual\\\/\"},\"author\":{\"name\":\"Carlos Henrique Braga\",\"@id\":\"https:\\\/\\\/gay.blog.br\\\/es\\\/#\\\/schema\\\/person\\\/cd267ffff2d56e12768a81623718b979\"},\"headline\":\"Senado aprueba mayor sanci\u00f3n por delitos por prejuicio a la orientaci\u00f3n sexual\",\"datePublished\":\"2020-11-26T18:22:16+00:00\",\"dateModified\":\"2020-11-28T02:58:06+00:00\",\"mainEntityOfPage\":{\"@id\":\"https:\\\/\\\/gay.blog.br\\\/es\\\/derechos\\\/senado-aprueba-mayor-sancion-por-delitos-por-prejuicio-a-la-orientacion-sexual\\\/\"},\"wordCount\":313,\"commentCount\":0,\"publisher\":{\"@id\":\"https:\\\/\\\/gay.blog.br\\\/es\\\/#organization\"},\"image\":{\"@id\":\"https:\\\/\\\/gay.blog.br\\\/es\\\/derechos\\\/senado-aprueba-mayor-sancion-por-delitos-por-prejuicio-a-la-orientacion-sexual\\\/#primaryimage\"},\"thumbnailUrl\":\"https:\\\/\\\/i0.wp.com\\\/gay.blog.br\\\/wp-content\\\/uploads\\\/2020\\\/11\\\/gay-pride-parades-8-scaled.jpg?fit=2560%2C1706&ssl=1\",\"keywords\":[\"homofobia\",\"senado\",\"transfobia\"],\"articleSection\":[\"DERECHOS\",\"NOT\u00cdCIAS\"],\"inLanguage\":\"es\",\"potentialAction\":[{\"@type\":\"CommentAction\",\"name\":\"Comment\",\"target\":[\"https:\\\/\\\/gay.blog.br\\\/es\\\/derechos\\\/senado-aprueba-mayor-sancion-por-delitos-por-prejuicio-a-la-orientacion-sexual\\\/#respond\"]}]},{\"@type\":\"WebPage\",\"@id\":\"https:\\\/\\\/gay.blog.br\\\/es\\\/derechos\\\/senado-aprueba-mayor-sancion-por-delitos-por-prejuicio-a-la-orientacion-sexual\\\/\",\"url\":\"https:\\\/\\\/gay.blog.br\\\/es\\\/derechos\\\/senado-aprueba-mayor-sancion-por-delitos-por-prejuicio-a-la-orientacion-sexual\\\/\",\"name\":\"Senado aprueba mayor sanci\u00f3n por delitos por prejuicio a la orientaci\u00f3n sexual\",\"isPartOf\":{\"@id\":\"https:\\\/\\\/gay.blog.br\\\/es\\\/#website\"},\"primaryImageOfPage\":{\"@id\":\"https:\\\/\\\/gay.blog.br\\\/es\\\/derechos\\\/senado-aprueba-mayor-sancion-por-delitos-por-prejuicio-a-la-orientacion-sexual\\\/#primaryimage\"},\"image\":{\"@id\":\"https:\\\/\\\/gay.blog.br\\\/es\\\/derechos\\\/senado-aprueba-mayor-sancion-por-delitos-por-prejuicio-a-la-orientacion-sexual\\\/#primaryimage\"},\"thumbnailUrl\":\"https:\\\/\\\/i0.wp.com\\\/gay.blog.br\\\/wp-content\\\/uploads\\\/2020\\\/11\\\/gay-pride-parades-8-scaled.jpg?fit=2560%2C1706&ssl=1\",\"datePublished\":\"2020-11-26T18:22:16+00:00\",\"dateModified\":\"2020-11-28T02:58:06+00:00\",\"description\":\"Texto aprobado en el Senado no define, sin embargo, cu\u00e1nto tiempo se puede aumentar la pena en estos casos\",\"breadcrumb\":{\"@id\":\"https:\\\/\\\/gay.blog.br\\\/es\\\/derechos\\\/senado-aprueba-mayor-sancion-por-delitos-por-prejuicio-a-la-orientacion-sexual\\\/#breadcrumb\"},\"inLanguage\":\"es\",\"potentialAction\":[{\"@type\":\"ReadAction\",\"target\":[\"https:\\\/\\\/gay.blog.br\\\/es\\\/derechos\\\/senado-aprueba-mayor-sancion-por-delitos-por-prejuicio-a-la-orientacion-sexual\\\/\"]}]},{\"@type\":\"ImageObject\",\"inLanguage\":\"es\",\"@id\":\"https:\\\/\\\/gay.blog.br\\\/es\\\/derechos\\\/senado-aprueba-mayor-sancion-por-delitos-por-prejuicio-a-la-orientacion-sexual\\\/#primaryimage\",\"url\":\"https:\\\/\\\/i0.wp.com\\\/gay.blog.br\\\/wp-content\\\/uploads\\\/2020\\\/11\\\/gay-pride-parades-8-scaled.jpg?fit=2560%2C1706&ssl=1\",\"contentUrl\":\"https:\\\/\\\/i0.wp.com\\\/gay.blog.br\\\/wp-content\\\/uploads\\\/2020\\\/11\\\/gay-pride-parades-8-scaled.jpg?fit=2560%2C1706&ssl=1\",\"width\":2560,\"height\":1706,\"caption\":\"LONDON, ENGLAND - JUNE 27: A couple kiss in Trafalgar Square after the annual Pride in London Parade on June 27, 2015 in London, England. Pride in London is one of the world's biggest LGBT+ celebrations as thousands of people take part in a parade and attend performances at various locations across the city. (Photo by Rob Stothard\\\/Getty Images)\"},{\"@type\":\"BreadcrumbList\",\"@id\":\"https:\\\/\\\/gay.blog.br\\\/es\\\/derechos\\\/senado-aprueba-mayor-sancion-por-delitos-por-prejuicio-a-la-orientacion-sexual\\\/#breadcrumb\",\"itemListElement\":[{\"@type\":\"ListItem\",\"position\":1,\"name\":\"In\u00edcio\",\"item\":\"https:\\\/\\\/gay.blog.br\\\/es\\\/\"},{\"@type\":\"ListItem\",\"position\":2,\"name\":\"Senado aprueba mayor sanci\u00f3n por delitos por prejuicio a la orientaci\u00f3n sexual\"}]},{\"@type\":\"WebSite\",\"@id\":\"https:\\\/\\\/gay.blog.br\\\/es\\\/#website\",\"url\":\"https:\\\/\\\/gay.blog.br\\\/es\\\/\",\"name\":\"GAY BLOG BR @gayblogbr\",\"description\":\"Not\u00edcias que empoderam e\\\/ou entret\u00eam s\u00e3o especialidades da casa\",\"publisher\":{\"@id\":\"https:\\\/\\\/gay.blog.br\\\/es\\\/#organization\"},\"potentialAction\":[{\"@type\":\"SearchAction\",\"target\":{\"@type\":\"EntryPoint\",\"urlTemplate\":\"https:\\\/\\\/gay.blog.br\\\/es\\\/?s={search_term_string}\"},\"query-input\":{\"@type\":\"PropertyValueSpecification\",\"valueRequired\":true,\"valueName\":\"search_term_string\"}}],\"inLanguage\":\"es\"},{\"@type\":\"Organization\",\"@id\":\"https:\\\/\\\/gay.blog.br\\\/es\\\/#organization\",\"name\":\"GAY BLOG BR\",\"url\":\"https:\\\/\\\/gay.blog.br\\\/es\\\/\",\"logo\":{\"@type\":\"ImageObject\",\"inLanguage\":\"es\",\"@id\":\"https:\\\/\\\/gay.blog.br\\\/es\\\/#\\\/schema\\\/logo\\\/image\\\/\",\"url\":\"https:\\\/\\\/i0.wp.com\\\/gay.blog.br\\\/wp-content\\\/uploads\\\/2023\\\/08\\\/gay180px.png?fit=272%2C90&ssl=1\",\"contentUrl\":\"https:\\\/\\\/i0.wp.com\\\/gay.blog.br\\\/wp-content\\\/uploads\\\/2023\\\/08\\\/gay180px.png?fit=272%2C90&ssl=1\",\"width\":272,\"height\":90,\"caption\":\"GAY BLOG BR\"},\"image\":{\"@id\":\"https:\\\/\\\/gay.blog.br\\\/es\\\/#\\\/schema\\\/logo\\\/image\\\/\"},\"sameAs\":[\"https:\\\/\\\/facebook.com\\\/gayblogbr\",\"https:\\\/\\\/x.com\\\/gayblogbr\",\"https:\\\/\\\/instagram.com\\\/gayblogbr\",\"https:\\\/\\\/www.linkedin.com\\\/company\\\/gayblogbr\\\/\",\"https:\\\/\\\/br.pinterest.com\\\/gayblogbr\\\/\",\"https:\\\/\\\/www.youtube.com\\\/channel\\\/UCdEu3JXLOB-wvWAVUF4AIiA\",\"https:\\\/\\\/pt.wikipedia.org\\\/wiki\\\/Gay_Blog_Br\",\"https:\\\/\\\/www.threads.net\\\/@gayblogbr\"]},{\"@type\":\"Person\",\"@id\":\"https:\\\/\\\/gay.blog.br\\\/es\\\/#\\\/schema\\\/person\\\/cd267ffff2d56e12768a81623718b979\",\"name\":\"Carlos Henrique Braga\",\"image\":{\"@type\":\"ImageObject\",\"inLanguage\":\"es\",\"@id\":\"https:\\\/\\\/secure.gravatar.com\\\/avatar\\\/5b3e587a2c2062bba657f0e46352c11e0f9fd644f822214af015b5e192d0f016?s=96&d=mm&r=g\",\"url\":\"https:\\\/\\\/secure.gravatar.com\\\/avatar\\\/5b3e587a2c2062bba657f0e46352c11e0f9fd644f822214af015b5e192d0f016?s=96&d=mm&r=g\",\"contentUrl\":\"https:\\\/\\\/secure.gravatar.com\\\/avatar\\\/5b3e587a2c2062bba657f0e46352c11e0f9fd644f822214af015b5e192d0f016?s=96&d=mm&r=g\",\"caption\":\"Carlos Henrique Braga\"},\"description\":\"Jornalista pela Universidade Federal de MS, foi rep\u00f3rter de economia e hoje, al\u00e9m de colaborar para o Gay Blog Br, \u00e9 servidor p\u00fablico em Joinville (SC). Escreveu ''A Supremacia do Abandono'', livro dispon\u00edvel em amazon.com.br.\",\"sameAs\":[\"https:\\\/\\\/x.com\\\/@cahebraga\"],\"url\":\"https:\\\/\\\/gay.blog.br\\\/es\\\/author\\\/carloshenriquebraga\\\/\"}]}<\/script>\n<!-- \/ Yoast SEO plugin. -->","yoast_head_json":{"title":"Senado aprueba mayor sanci\u00f3n por delitos por prejuicio a la orientaci\u00f3n sexual","description":"Texto aprobado en el Senado no define, sin embargo, cu\u00e1nto tiempo se puede aumentar la pena en estos casos","robots":{"index":"index","follow":"follow","max-snippet":"max-snippet:-1","max-image-preview":"max-image-preview:large","max-video-preview":"max-video-preview:-1"},"canonical":"https:\/\/gay.blog.br\/es\/derechos\/senado-aprueba-mayor-sancion-por-delitos-por-prejuicio-a-la-orientacion-sexual\/","og_locale":"es_ES","og_type":"article","og_title":"Senado aprueba mayor sanci\u00f3n por delitos por prejuicio a la orientaci\u00f3n sexual","og_description":"Texto aprobado en el Senado no define, sin embargo, cu\u00e1nto tiempo se puede aumentar la pena en estos casos","og_url":"https:\/\/gay.blog.br\/es\/derechos\/senado-aprueba-mayor-sancion-por-delitos-por-prejuicio-a-la-orientacion-sexual\/","og_site_name":"GAY BLOG BR @gayblogbr","article_publisher":"https:\/\/facebook.com\/gayblogbr","article_published_time":"2020-11-26T18:22:16+00:00","article_modified_time":"2020-11-28T02:58:06+00:00","og_image":[{"width":2560,"height":1706,"url":"https:\/\/i2.wp.com\/gay.blog.br\/wp-content\/uploads\/2020\/11\/gay-pride-parades-8-scaled.jpg?fit=2560%2C1706&ssl=1","type":"image\/jpeg"}],"author":"Carlos Henrique Braga","twitter_card":"summary_large_image","twitter_creator":"@cahebraga","twitter_site":"@gayblogbr","twitter_misc":{"Escrito por":"Carlos Henrique Braga","Tiempo de lectura":"1 minuto"},"schema":{"@context":"https:\/\/schema.org","@graph":[{"@type":"Article","@id":"https:\/\/gay.blog.br\/es\/derechos\/senado-aprueba-mayor-sancion-por-delitos-por-prejuicio-a-la-orientacion-sexual\/#article","isPartOf":{"@id":"https:\/\/gay.blog.br\/es\/derechos\/senado-aprueba-mayor-sancion-por-delitos-por-prejuicio-a-la-orientacion-sexual\/"},"author":{"name":"Carlos Henrique Braga","@id":"https:\/\/gay.blog.br\/es\/#\/schema\/person\/cd267ffff2d56e12768a81623718b979"},"headline":"Senado aprueba mayor sanci\u00f3n por delitos por prejuicio a la orientaci\u00f3n sexual","datePublished":"2020-11-26T18:22:16+00:00","dateModified":"2020-11-28T02:58:06+00:00","mainEntityOfPage":{"@id":"https:\/\/gay.blog.br\/es\/derechos\/senado-aprueba-mayor-sancion-por-delitos-por-prejuicio-a-la-orientacion-sexual\/"},"wordCount":313,"commentCount":0,"publisher":{"@id":"https:\/\/gay.blog.br\/es\/#organization"},"image":{"@id":"https:\/\/gay.blog.br\/es\/derechos\/senado-aprueba-mayor-sancion-por-delitos-por-prejuicio-a-la-orientacion-sexual\/#primaryimage"},"thumbnailUrl":"https:\/\/i0.wp.com\/gay.blog.br\/wp-content\/uploads\/2020\/11\/gay-pride-parades-8-scaled.jpg?fit=2560%2C1706&ssl=1","keywords":["homofobia","senado","transfobia"],"articleSection":["DERECHOS","NOT\u00cdCIAS"],"inLanguage":"es","potentialAction":[{"@type":"CommentAction","name":"Comment","target":["https:\/\/gay.blog.br\/es\/derechos\/senado-aprueba-mayor-sancion-por-delitos-por-prejuicio-a-la-orientacion-sexual\/#respond"]}]},{"@type":"WebPage","@id":"https:\/\/gay.blog.br\/es\/derechos\/senado-aprueba-mayor-sancion-por-delitos-por-prejuicio-a-la-orientacion-sexual\/","url":"https:\/\/gay.blog.br\/es\/derechos\/senado-aprueba-mayor-sancion-por-delitos-por-prejuicio-a-la-orientacion-sexual\/","name":"Senado aprueba mayor sanci\u00f3n por delitos por prejuicio a la orientaci\u00f3n sexual","isPartOf":{"@id":"https:\/\/gay.blog.br\/es\/#website"},"primaryImageOfPage":{"@id":"https:\/\/gay.blog.br\/es\/derechos\/senado-aprueba-mayor-sancion-por-delitos-por-prejuicio-a-la-orientacion-sexual\/#primaryimage"},"image":{"@id":"https:\/\/gay.blog.br\/es\/derechos\/senado-aprueba-mayor-sancion-por-delitos-por-prejuicio-a-la-orientacion-sexual\/#primaryimage"},"thumbnailUrl":"https:\/\/i0.wp.com\/gay.blog.br\/wp-content\/uploads\/2020\/11\/gay-pride-parades-8-scaled.jpg?fit=2560%2C1706&ssl=1","datePublished":"2020-11-26T18:22:16+00:00","dateModified":"2020-11-28T02:58:06+00:00","description":"Texto aprobado en el Senado no define, sin embargo, cu\u00e1nto tiempo se puede aumentar la pena en estos casos","breadcrumb":{"@id":"https:\/\/gay.blog.br\/es\/derechos\/senado-aprueba-mayor-sancion-por-delitos-por-prejuicio-a-la-orientacion-sexual\/#breadcrumb"},"inLanguage":"es","potentialAction":[{"@type":"ReadAction","target":["https:\/\/gay.blog.br\/es\/derechos\/senado-aprueba-mayor-sancion-por-delitos-por-prejuicio-a-la-orientacion-sexual\/"]}]},{"@type":"ImageObject","inLanguage":"es","@id":"https:\/\/gay.blog.br\/es\/derechos\/senado-aprueba-mayor-sancion-por-delitos-por-prejuicio-a-la-orientacion-sexual\/#primaryimage","url":"https:\/\/i0.wp.com\/gay.blog.br\/wp-content\/uploads\/2020\/11\/gay-pride-parades-8-scaled.jpg?fit=2560%2C1706&ssl=1","contentUrl":"https:\/\/i0.wp.com\/gay.blog.br\/wp-content\/uploads\/2020\/11\/gay-pride-parades-8-scaled.jpg?fit=2560%2C1706&ssl=1","width":2560,"height":1706,"caption":"LONDON, ENGLAND - JUNE 27: A couple kiss in Trafalgar Square after the annual Pride in London Parade on June 27, 2015 in London, England. Pride in London is one of the world's biggest LGBT+ celebrations as thousands of people take part in a parade and attend performances at various locations across the city. (Photo by Rob Stothard\/Getty Images)"},{"@type":"BreadcrumbList","@id":"https:\/\/gay.blog.br\/es\/derechos\/senado-aprueba-mayor-sancion-por-delitos-por-prejuicio-a-la-orientacion-sexual\/#breadcrumb","itemListElement":[{"@type":"ListItem","position":1,"name":"In\u00edcio","item":"https:\/\/gay.blog.br\/es\/"},{"@type":"ListItem","position":2,"name":"Senado aprueba mayor sanci\u00f3n por delitos por prejuicio a la orientaci\u00f3n sexual"}]},{"@type":"WebSite","@id":"https:\/\/gay.blog.br\/es\/#website","url":"https:\/\/gay.blog.br\/es\/","name":"GAY BLOG BR @gayblogbr","description":"Not\u00edcias que empoderam e\/ou entret\u00eam s\u00e3o especialidades da casa","publisher":{"@id":"https:\/\/gay.blog.br\/es\/#organization"},"potentialAction":[{"@type":"SearchAction","target":{"@type":"EntryPoint","urlTemplate":"https:\/\/gay.blog.br\/es\/?s={search_term_string}"},"query-input":{"@type":"PropertyValueSpecification","valueRequired":true,"valueName":"search_term_string"}}],"inLanguage":"es"},{"@type":"Organization","@id":"https:\/\/gay.blog.br\/es\/#organization","name":"GAY BLOG BR","url":"https:\/\/gay.blog.br\/es\/","logo":{"@type":"ImageObject","inLanguage":"es","@id":"https:\/\/gay.blog.br\/es\/#\/schema\/logo\/image\/","url":"https:\/\/i0.wp.com\/gay.blog.br\/wp-content\/uploads\/2023\/08\/gay180px.png?fit=272%2C90&ssl=1","contentUrl":"https:\/\/i0.wp.com\/gay.blog.br\/wp-content\/uploads\/2023\/08\/gay180px.png?fit=272%2C90&ssl=1","width":272,"height":90,"caption":"GAY BLOG BR"},"image":{"@id":"https:\/\/gay.blog.br\/es\/#\/schema\/logo\/image\/"},"sameAs":["https:\/\/facebook.com\/gayblogbr","https:\/\/x.com\/gayblogbr","https:\/\/instagram.com\/gayblogbr","https:\/\/www.linkedin.com\/company\/gayblogbr\/","https:\/\/br.pinterest.com\/gayblogbr\/","https:\/\/www.youtube.com\/channel\/UCdEu3JXLOB-wvWAVUF4AIiA","https:\/\/pt.wikipedia.org\/wiki\/Gay_Blog_Br","https:\/\/www.threads.net\/@gayblogbr"]},{"@type":"Person","@id":"https:\/\/gay.blog.br\/es\/#\/schema\/person\/cd267ffff2d56e12768a81623718b979","name":"Carlos Henrique Braga","image":{"@type":"ImageObject","inLanguage":"es","@id":"https:\/\/secure.gravatar.com\/avatar\/5b3e587a2c2062bba657f0e46352c11e0f9fd644f822214af015b5e192d0f016?s=96&d=mm&r=g","url":"https:\/\/secure.gravatar.com\/avatar\/5b3e587a2c2062bba657f0e46352c11e0f9fd644f822214af015b5e192d0f016?s=96&d=mm&r=g","contentUrl":"https:\/\/secure.gravatar.com\/avatar\/5b3e587a2c2062bba657f0e46352c11e0f9fd644f822214af015b5e192d0f016?s=96&d=mm&r=g","caption":"Carlos Henrique Braga"},"description":"Jornalista pela Universidade Federal de MS, foi rep\u00f3rter de economia e hoje, al\u00e9m de colaborar para o Gay Blog Br, \u00e9 servidor p\u00fablico em Joinville (SC). Escreveu ''A Supremacia do Abandono'', livro dispon\u00edvel em amazon.com.br.","sameAs":["https:\/\/x.com\/@cahebraga"],"url":"https:\/\/gay.blog.br\/es\/author\/carloshenriquebraga\/"}]}},"jetpack_publicize_connections":[],"jetpack_featured_media_url":"https:\/\/i0.wp.com\/gay.blog.br\/wp-content\/uploads\/2020\/11\/gay-pride-parades-8-scaled.jpg?fit=2560%2C1706&ssl=1","jetpack_sharing_enabled":true,"jetpack_shortlink":"https:\/\/wp.me\/p6klkK-pME","jetpack_likes_enabled":false,"amp_enabled":true,"_links":{"self":[{"href":"https:\/\/gay.blog.br\/es\/wp-json\/wp\/v2\/posts\/99116","targetHints":{"allow":["GET"]}}],"collection":[{"href":"https:\/\/gay.blog.br\/es\/wp-json\/wp\/v2\/posts"}],"about":[{"href":"https:\/\/gay.blog.br\/es\/wp-json\/wp\/v2\/types\/post"}],"author":[{"embeddable":true,"href":"https:\/\/gay.blog.br\/es\/wp-json\/wp\/v2\/users\/3039"}],"replies":[{"embeddable":true,"href":"https:\/\/gay.blog.br\/es\/wp-json\/wp\/v2\/comments?post=99116"}],"version-history":[{"count":0,"href":"https:\/\/gay.blog.br\/es\/wp-json\/wp\/v2\/posts\/99116\/revisions"}],"wp:featuredmedia":[{"embeddable":true,"href":"https:\/\/gay.blog.br\/es\/wp-json\/wp\/v2\/media\/98991"}],"wp:attachment":[{"href":"https:\/\/gay.blog.br\/es\/wp-json\/wp\/v2\/media?parent=99116"}],"wp:term":[{"taxonomy":"category","embeddable":true,"href":"https:\/\/gay.blog.br\/es\/wp-json\/wp\/v2\/categories?post=99116"},{"taxonomy":"post_tag","embeddable":true,"href":"https:\/\/gay.blog.br\/es\/wp-json\/wp\/v2\/tags?post=99116"}],"curies":[{"name":"wp","href":"https:\/\/api.w.org\/{rel}","templated":true}]}}